{"id":227524,"date":"2021-08-13T05:39:39","date_gmt":"2021-08-13T03:39:39","guid":{"rendered":"https:\/\/www.radiopiu.net\/wordpress\/?p=227524"},"modified":"2021-08-13T06:01:49","modified_gmt":"2021-08-13T04:01:49","slug":"una-giornata-interminabile-per-il-soccorso-alpino","status":"publish","type":"post","link":"https:\/\/www.radiopiu.net\/wordpress\/una-giornata-interminabile-per-il-soccorso-alpino\/","title":{"rendered":"UNA GIORNATA INTERMINABILE PER IL SOCCORSO ALPINO. ALTRI INTERVENTI TRA CORTINA, FALZAREGO, COMELICO E BELLUNO"},"content":{"rendered":"<p><strong><a href=\"https:\/\/www.radiopiu.net\/wordpress\/malore-per-il-gestore-del-bivacco-casera-cimonega\/salt_20210724_162331_639\/\" rel=\"attachment wp-att-223838\"><img loading=\"lazy\" decoding=\"async\" class=\"size-medium wp-image-223838 alignleft\" src=\"https:\/\/www.radiopiu.net\/wordpress\/wp-content\/uploads\/2021\/07\/salt_20210724_162331_639-300x225.jpg\" alt=\"\" width=\"300\" height=\"225\" srcset=\"https:\/\/www.radiopiu.net\/wordpress\/wp-content\/uploads\/2021\/07\/salt_20210724_162331_639-300x225.jpg 300w, https:\/\/www.radiopiu.net\/wordpress\/wp-content\/uploads\/2021\/07\/salt_20210724_162331_639-1024x768.jpg 1024w, https:\/\/www.radiopiu.net\/wordpress\/wp-content\/uploads\/2021\/07\/salt_20210724_162331_639-768x576.jpg 768w, https:\/\/www.radiopiu.net\/wordpress\/wp-content\/uploads\/2021\/07\/salt_20210724_162331_639.jpg 1280w\" sizes=\"auto, (max-width: 300px) 100vw, 300px\" \/><\/a>CORTINA <\/strong>Alle 13.30 circa l&#8217;elicottero di Treviso emergenza \u00e8 stato inviato lungo il sentiero numero 215 del Sorapis, poich\u00e9 un&#8217;escursionista di Arcade (TV), E.M., 35 anni, era caduta e si era fatta male a un ginocchio. La donna \u00e8 stata recuperata con un verricello di 15 metri e trasportata all&#8217;ospedale di Cortina.<\/p>\n<p><strong>PASSO FALZAREGO<\/strong> L&#8217;eliambulanza del Suem di Pieve di Cadore \u00e8 intervenuta sulla Ferrata della Cengia Veronesi, sulle Cime di Fanis, per una coppia di turisti milanesi di 34 anni che, da poco intrapreso il sentiero attrezzato a quota 2.850, non era pi\u00f9 in grado di progredire o tornare indietro. Imbarcati con un verricello, la donna e l&#8217;uomo sono stati accompagnati a valle.<\/p>\n<p><strong>CORTINA <\/strong>L&#8217;elicottero \u00e8 poi intervenuto sulla Cima Grande di Lavaredo dove un&#8217;alpinista, T.T., 23 anni, di Bolzano era caduta riportando un sospetto trauma alla spalla. La ragazza aveva cercato di rientrare con il compagno dalla cengia circolare, ma non era stata in grado per il dolore. Caricata a bordo dal tecnico di elisoccorso con il verricello, \u00e8 stata portata all&#8217;ospedale di Cortina.<\/p>\n<p><strong>CORTINA<\/strong>Una squadra del Soccorso alpino della Guardia di finanza\u00a0 \u00e8 salita al Rifugio Cinque Torri per una trentenne di Pederobba (TV), colta da malessere, e poi affidata all&#8217;ambulanza. Il Sagf ha poi raggiunto a piedi due turisti di Firenze, un uomo e una donna di 53 anni, incrodati sul sentiero numero 214 del Faloria e li ha aiutati a tornare in un tratto del percorso per loro pi\u00f9 agevole.<\/p>\n<p><strong>CORTINA <\/strong>\u00c8 rientrato per fortuna un allarme sotto le Tre Cime di Lavaredo. I genitori avevano infatti perso di vista la figlia diciannovenne all&#8217;altezza della Forcella Lavaredo. La ragazza \u00e8 stata poi ritrovata alla fermata della corriera.<\/p>\n<p><strong>CORTINA <\/strong>Alle 13.15 circa l&#8217;elicottero del Suem di Pieve di Cadore \u00e8 volato alla base della parete della Croda da Lago, dove un alpinista bellunese di 40 anni, che aveva riportato un probabile trauma alla caviglia mentre scalava, dopo essersi calato in doppia con il compagno e aver tentato di rientrare autonomamamente camminando per circa 200 metri, non era riuscito pi\u00f9 a muoversi per il male. L&#8217;infortunato \u00e8 stato trasportato all&#8217;ospedale di Cortina.<\/p>\n<p><strong>BELLUNO <\/strong>L&#8217;eliambulanza \u00e8 poi intervenuta al Rifugio Settimo alpini, per un escursionista, C.F., 67 anni, di Venezia, colto da malore e accompagnato per accertamenti all&#8217;ospedale di Belluno.<\/p>\n<p><strong>COMELICO SUPERIORE <\/strong>Recuperato anche un altro turista veneziano, caduto lungo il sentiero numero 125 dell&#8217;Aiarnola. L&#8217;uomo, 65 anni, veneziano, \u00e8 stato portato all&#8217;ospedale di Belluno a seguito dei sospetti traumi cranico e al ginocchio riportati nell&#8217;atto a terra.<\/p>\n","protected":false},"excerpt":{"rendered":"<p>CORTINA Alle 13.30 circa l&#8217;elicottero di Treviso emergenza \u00e8 stato inviato lungo il sentiero numero 215 del Sorapis, poich\u00e9 un&#8217;escursionista di Arcade (TV), E.M., 35 anni, era caduta e si era fatta male a un ginocchio. La donna \u00e8 stata recuperata con un verricello di 15 metri e trasportata all&#8217;ospedale di Cortina. PASSO FALZAREGO L&#8217;eliambulanza&hellip;<\/p>\n","protected":false},"author":4,"featured_media":223838,"comment_status":"closed","ping_status":"open","sticky":false,"template":"","format":"standard","meta":{"_monsterinsights_skip_tracking":false,"_monsterinsights_sitenote_active":false,"_monsterinsights_sitenote_note":"","_monsterinsights_sitenote_category":0,"footnotes":""},"categories":[51,49],"tags":[],"class_list":["post-227524","post","type-post","status-publish","format-standard","has-post-thumbnail","hentry","category-evidenza-top","category-news-18","category-51","category-49","description-off"],"img_url":"https:\/\/www.radiopiu.net\/wordpress\/wp-content\/uploads\/2021\/07\/salt_20210724_162331_639.jpg","_links":{"self":[{"href":"https:\/\/www.radiopiu.net\/wordpress\/wp-json\/wp\/v2\/posts\/227524","targetHints":{"allow":["GET"]}}],"collection":[{"href":"https:\/\/www.radiopiu.net\/wordpress\/wp-json\/wp\/v2\/posts"}],"about":[{"href":"https:\/\/www.radiopiu.net\/wordpress\/wp-json\/wp\/v2\/types\/post"}],"author":[{"embeddable":true,"href":"https:\/\/www.radiopiu.net\/wordpress\/wp-json\/wp\/v2\/users\/4"}],"replies":[{"embeddable":true,"href":"https:\/\/www.radiopiu.net\/wordpress\/wp-json\/wp\/v2\/comments?post=227524"}],"version-history":[{"count":0,"href":"https:\/\/www.radiopiu.net\/wordpress\/wp-json\/wp\/v2\/posts\/227524\/revisions"}],"wp:featuredmedia":[{"embeddable":true,"href":"https:\/\/www.radiopiu.net\/wordpress\/wp-json\/wp\/v2\/media\/223838"}],"wp:attachment":[{"href":"https:\/\/www.radiopiu.net\/wordpress\/wp-json\/wp\/v2\/media?parent=227524"}],"wp:term":[{"taxonomy":"category","embeddable":true,"href":"https:\/\/www.radiopiu.net\/wordpress\/wp-json\/wp\/v2\/categories?post=227524"},{"taxonomy":"post_tag","embeddable":true,"href":"https:\/\/www.radiopiu.net\/wordpress\/wp-json\/wp\/v2\/tags?post=227524"}],"curies":[{"name":"wp","href":"https:\/\/api.w.org\/{rel}","templated":true}]}}