{"id":227622,"date":"2021-08-13T13:10:33","date_gmt":"2021-08-13T11:10:33","guid":{"rendered":"https:\/\/www.radiopiu.net\/wordpress\/?p=227622"},"modified":"2021-08-14T05:51:52","modified_gmt":"2021-08-14T03:51:52","slug":"tra-i-fiori-di-santa-maria-maiou-ferragosto-fodom","status":"publish","type":"post","link":"https:\/\/www.radiopiu.net\/wordpress\/tra-i-fiori-di-santa-maria-maiou-ferragosto-fodom\/","title":{"rendered":"TRA I FIORI DI SANTA MARIA MAIOU, FERRAGOSTO FODOM"},"content":{"rendered":"<p><strong>di LORENZO SORATROI<\/strong><\/p>\n<p><strong><a href=\"https:\/\/www.radiopiu.net\/wordpress\/tra-i-fiori-di-santa-maria-maiou-ferragosto-fodom\/santa-maria-maiou\/\" rel=\"attachment wp-att-227623\"><img loading=\"lazy\" decoding=\"async\" class=\" wp-image-227623 alignleft\" src=\"https:\/\/www.radiopiu.net\/wordpress\/wp-content\/uploads\/2021\/08\/santa-maria-maiou-300x201.jpg\" alt=\"\" width=\"275\" height=\"184\" srcset=\"https:\/\/www.radiopiu.net\/wordpress\/wp-content\/uploads\/2021\/08\/santa-maria-maiou-300x201.jpg 300w, https:\/\/www.radiopiu.net\/wordpress\/wp-content\/uploads\/2021\/08\/santa-maria-maiou-1024x685.jpg 1024w, https:\/\/www.radiopiu.net\/wordpress\/wp-content\/uploads\/2021\/08\/santa-maria-maiou-768x514.jpg 768w, https:\/\/www.radiopiu.net\/wordpress\/wp-content\/uploads\/2021\/08\/santa-maria-maiou-1536x1028.jpg 1536w, https:\/\/www.radiopiu.net\/wordpress\/wp-content\/uploads\/2021\/08\/santa-maria-maiou-2048x1371.jpg 2048w\" sizes=\"auto, (max-width: 275px) 100vw, 275px\" \/><\/a>LIVINALLONGO<\/strong> Domenica 15 agosto a Livinallongo torna il tradizionale appuntamento con la festa ladina di S.Maria Maiou e l\u2019antico rito dei mazzi e dei cesti di fiori portati a benedire dalla donne in costume ladino.\u00a0 Stante il perdurare delle limitazioni anticovid, anche quest&#8217;anno la festa si terr\u00e0 sui prati de La Viza, sulla Montagna del Cherz. La festa, giunta alla 41\u00b0 edizione avr\u00e0 inizio alle ore 11 con la S. Messa all\u2019aperto, celebrata dal parroco don Dario Fontana ed accompagnata dal Coro S.Iaco, diretto da Denni Dorigo, durante la quale verranno benedetti i fiori. Al termine ci sar\u00e0 la consueta premiazione dei benemeriti di Fodom da parte di Comune e Union dei Ladins. Il nome di uno dei premiati \u00e8 gi\u00e0 stato svelato. Si tratta dell\u2019artista gardenese, \u00a0di origini fodome, Adolf\u00a0 Vallazza. Nato nel 1924 ad Ortisei \u00e8 figlio d\u2019arte: padre scultore in ferro e madre, figlia del pittore Josef Moroder Lusenberg. Fino al 5 settembre il Castello di Andraz propone una mostra di alcune sue sculture dal titolo \u201cRitorno a Fodom\u201d. Per questo il Comune ha voluto onorarlo con un riconoscimento della terra da dove sono partiti i suoi avi.\u00a0 La festa proseguir\u00e0 con la degustazione dei dolci tipici ladini, come le foie e i crafons, la Latteria di Livinallongo che dar\u00e0 una dimostrazione dei lavori legati alla trasformazione del latte e lo stand gastronomico della Banda da Fodom. Per accedere alla localit\u00e0 \u201cLa Viza\u201d sar\u00e0 attivo dalle 9:30 alle 15:30 un servizio di navetta gratuito che partir\u00e0 dalla zona dell\u2019ecocentro di Renaz.<\/p>\n","protected":false},"excerpt":{"rendered":"<p>di LORENZO SORATROI LIVINALLONGO Domenica 15 agosto a Livinallongo torna il tradizionale appuntamento con la festa ladina di S.Maria Maiou e l\u2019antico rito dei mazzi e dei cesti di fiori portati a benedire dalla donne in costume ladino.\u00a0 Stante il perdurare delle limitazioni anticovid, anche quest&#8217;anno la festa si terr\u00e0 sui prati de La Viza,&hellip;<\/p>\n","protected":false},"author":4,"featured_media":227623,"comment_status":"closed","ping_status":"open","sticky":false,"template":"","format":"standard","meta":{"_monsterinsights_skip_tracking":false,"_monsterinsights_sitenote_active":false,"_monsterinsights_sitenote_note":"","_monsterinsights_sitenote_category":0,"footnotes":""},"categories":[51,49],"tags":[],"class_list":["post-227622","post","type-post","status-publish","format-standard","has-post-thumbnail","hentry","category-evidenza-top","category-news-18","category-51","category-49","description-off"],"img_url":"https:\/\/www.radiopiu.net\/wordpress\/wp-content\/uploads\/2021\/08\/santa-maria-maiou-scaled.jpg","_links":{"self":[{"href":"https:\/\/www.radiopiu.net\/wordpress\/wp-json\/wp\/v2\/posts\/227622","targetHints":{"allow":["GET"]}}],"collection":[{"href":"https:\/\/www.radiopiu.net\/wordpress\/wp-json\/wp\/v2\/posts"}],"about":[{"href":"https:\/\/www.radiopiu.net\/wordpress\/wp-json\/wp\/v2\/types\/post"}],"author":[{"embeddable":true,"href":"https:\/\/www.radiopiu.net\/wordpress\/wp-json\/wp\/v2\/users\/4"}],"replies":[{"embeddable":true,"href":"https:\/\/www.radiopiu.net\/wordpress\/wp-json\/wp\/v2\/comments?post=227622"}],"version-history":[{"count":0,"href":"https:\/\/www.radiopiu.net\/wordpress\/wp-json\/wp\/v2\/posts\/227622\/revisions"}],"wp:featuredmedia":[{"embeddable":true,"href":"https:\/\/www.radiopiu.net\/wordpress\/wp-json\/wp\/v2\/media\/227623"}],"wp:attachment":[{"href":"https:\/\/www.radiopiu.net\/wordpress\/wp-json\/wp\/v2\/media?parent=227622"}],"wp:term":[{"taxonomy":"category","embeddable":true,"href":"https:\/\/www.radiopiu.net\/wordpress\/wp-json\/wp\/v2\/categories?post=227622"},{"taxonomy":"post_tag","embeddable":true,"href":"https:\/\/www.radiopiu.net\/wordpress\/wp-json\/wp\/v2\/tags?post=227622"}],"curies":[{"name":"wp","href":"https:\/\/api.w.org\/{rel}","templated":true}]}}