{"id":227636,"date":"2021-08-13T19:00:21","date_gmt":"2021-08-13T17:00:21","guid":{"rendered":"https:\/\/www.radiopiu.net\/wordpress\/?p=227636"},"modified":"2021-08-13T14:30:36","modified_gmt":"2021-08-13T12:30:36","slug":"la-gabbia-alleghese-resta-nelle-mani-di-gianni-scola","status":"publish","type":"post","link":"https:\/\/www.radiopiu.net\/wordpress\/la-gabbia-alleghese-resta-nelle-mani-di-gianni-scola\/","title":{"rendered":"LA GABBIA ALLEGHESE RESTA NELLE MANI DI GIANNI SCOLA"},"content":{"rendered":"<p><strong><a href=\"https:\/\/www.radiopiu.net\/wordpress\/?attachment_id=227637\" rel=\"attachment wp-att-227637\"><img loading=\"lazy\" decoding=\"async\" class=\"size-medium wp-image-227637 alignleft\" src=\"https:\/\/www.radiopiu.net\/wordpress\/wp-content\/uploads\/2021\/08\/GIANNI-SCOLA-300x200.jpg\" alt=\"\" width=\"300\" height=\"200\" srcset=\"https:\/\/www.radiopiu.net\/wordpress\/wp-content\/uploads\/2021\/08\/GIANNI-SCOLA-300x200.jpg 300w, https:\/\/www.radiopiu.net\/wordpress\/wp-content\/uploads\/2021\/08\/GIANNI-SCOLA-768x511.jpg 768w, https:\/\/www.radiopiu.net\/wordpress\/wp-content\/uploads\/2021\/08\/GIANNI-SCOLA.jpg 1024w\" sizes=\"auto, (max-width: 300px) 100vw, 300px\" \/><\/a>di Roberto Miana<\/strong><\/p>\n<p><strong>ALLEGHE<\/strong> Per la terza stagione consecutiva Gianni Scola ha dato piena disponibilit\u00e0 come guardiano della porta Alleghese. Il forte goalie fassano, classe 1995, si \u00e8 guadagnato stima e fiducia di tutto l\u2019ambiente biancorosso, diventando un punto fermo della squadra. La sua permanenza all&#8217;ombra del Civetta \u00e8 un tassello fondamentale nel puzzle che la dirigenza di via Lungolago sta costruendo. Gianni, esperto in montaggio e smontaggio gru, anche tra i pali ci sa fare e dal suo arrivo a difesa della gabbia delle Civette nella stagione 2019\/2020, ha portato sicurezza nel reparto arretrato della squadra Agordina. Nelle ultime due stagioni giocate con la maglia biancorossa ha collezionato 35 presenze e una percentuale di parate del 90%. Scola ci ha raccontato che \u00e8 molto contento di iniziare questa sua terza stagione ad Alleghe, anche perch\u00e9 quest\u2019anno la squadra \u00e8 al completo, dopo il rientro dei giocatori che si erano fermati la passata stagione causa Covid, e ci sono le potenzialit\u00e0 per fare davvero bene. Ci confida che aveva ricevuto offerte anche da altre societ\u00e0 ma non ha voluto mancare alla parola gi\u00e0 data al presidente dell\u2019Alleghe. Riguardo alla nuova stagione non sa nemmeno lui cosa aspettarsi perch\u00e9 ci sono squadre che si sono rinforzate parecchio e ci sar\u00e0 da divertirsi e combattere con tutte con il coltello tra i denti. Gianni, sul nuovo coach (Alessandro Fontana) dice che non lo conosce personalmente come allenatore, ma \u00e8 contento che sia un Agordino perch\u00e9 \u00e8 certo che vorr\u00e0 ottenere il massimo dalla squadra.<\/p>\n<p>&nbsp;<\/p>\n<p>&nbsp;<\/p>\n<p>&nbsp;<\/p>\n<p>*****<\/p>\n","protected":false},"excerpt":{"rendered":"<p>di Roberto Miana ALLEGHE Per la terza stagione consecutiva Gianni Scola ha dato piena disponibilit\u00e0 come guardiano della porta Alleghese. Il forte goalie fassano, classe 1995, si \u00e8 guadagnato stima e fiducia di tutto l\u2019ambiente biancorosso, diventando un punto fermo della squadra. La sua permanenza all&#8217;ombra del Civetta \u00e8 un tassello fondamentale nel puzzle che&hellip;<\/p>\n","protected":false},"author":4,"featured_media":227637,"comment_status":"closed","ping_status":"open","sticky":false,"template":"","format":"standard","meta":{"_monsterinsights_skip_tracking":false,"_monsterinsights_sitenote_active":false,"_monsterinsights_sitenote_note":"","_monsterinsights_sitenote_category":0,"footnotes":""},"categories":[49,72],"tags":[],"class_list":["post-227636","post","type-post","status-publish","format-standard","has-post-thumbnail","hentry","category-news-18","category-sport","category-49","category-72","description-off"],"img_url":"https:\/\/www.radiopiu.net\/wordpress\/wp-content\/uploads\/2021\/08\/GIANNI-SCOLA.jpg","_links":{"self":[{"href":"https:\/\/www.radiopiu.net\/wordpress\/wp-json\/wp\/v2\/posts\/227636","targetHints":{"allow":["GET"]}}],"collection":[{"href":"https:\/\/www.radiopiu.net\/wordpress\/wp-json\/wp\/v2\/posts"}],"about":[{"href":"https:\/\/www.radiopiu.net\/wordpress\/wp-json\/wp\/v2\/types\/post"}],"author":[{"embeddable":true,"href":"https:\/\/www.radiopiu.net\/wordpress\/wp-json\/wp\/v2\/users\/4"}],"replies":[{"embeddable":true,"href":"https:\/\/www.radiopiu.net\/wordpress\/wp-json\/wp\/v2\/comments?post=227636"}],"version-history":[{"count":0,"href":"https:\/\/www.radiopiu.net\/wordpress\/wp-json\/wp\/v2\/posts\/227636\/revisions"}],"wp:featuredmedia":[{"embeddable":true,"href":"https:\/\/www.radiopiu.net\/wordpress\/wp-json\/wp\/v2\/media\/227637"}],"wp:attachment":[{"href":"https:\/\/www.radiopiu.net\/wordpress\/wp-json\/wp\/v2\/media?parent=227636"}],"wp:term":[{"taxonomy":"category","embeddable":true,"href":"https:\/\/www.radiopiu.net\/wordpress\/wp-json\/wp\/v2\/categories?post=227636"},{"taxonomy":"post_tag","embeddable":true,"href":"https:\/\/www.radiopiu.net\/wordpress\/wp-json\/wp\/v2\/tags?post=227636"}],"curies":[{"name":"wp","href":"https:\/\/api.w.org\/{rel}","templated":true}]}}