{"id":227729,"date":"2021-08-14T11:03:42","date_gmt":"2021-08-14T09:03:42","guid":{"rendered":"https:\/\/www.radiopiu.net\/wordpress\/?p=227729"},"modified":"2021-08-14T15:20:05","modified_gmt":"2021-08-14T13:20:05","slug":"gli-incendi-boschivi-in-veneto-il-punto-dal-1985-ad-oggi","status":"publish","type":"post","link":"https:\/\/www.radiopiu.net\/wordpress\/gli-incendi-boschivi-in-veneto-il-punto-dal-1985-ad-oggi\/","title":{"rendered":"GLI INCENDI BOSCHIVI IN VENETO. IL PUNTO DAL 1985 AD OGGI"},"content":{"rendered":"<p><strong><a href=\"https:\/\/www.radiopiu.net\/wordpress\/gli-incendi-boschivi-in-veneto-il-punto-dal-1985-ad-oggi\/bde76c5a-a27b-4e6f-ac59-c54d08df6d87\/\" rel=\"attachment wp-att-227730\"><img loading=\"lazy\" decoding=\"async\" class=\"size-medium wp-image-227730 alignleft\" src=\"https:\/\/www.radiopiu.net\/wordpress\/wp-content\/uploads\/2021\/08\/bde76c5a-a27b-4e6f-ac59-c54d08df6d87-300x157.jpg\" alt=\"\" width=\"300\" height=\"157\" srcset=\"https:\/\/www.radiopiu.net\/wordpress\/wp-content\/uploads\/2021\/08\/bde76c5a-a27b-4e6f-ac59-c54d08df6d87-300x157.jpg 300w, https:\/\/www.radiopiu.net\/wordpress\/wp-content\/uploads\/2021\/08\/bde76c5a-a27b-4e6f-ac59-c54d08df6d87-1024x535.jpg 1024w, https:\/\/www.radiopiu.net\/wordpress\/wp-content\/uploads\/2021\/08\/bde76c5a-a27b-4e6f-ac59-c54d08df6d87-768x401.jpg 768w, https:\/\/www.radiopiu.net\/wordpress\/wp-content\/uploads\/2021\/08\/bde76c5a-a27b-4e6f-ac59-c54d08df6d87.jpg 1237w\" sizes=\"auto, (max-width: 300px) 100vw, 300px\" \/><\/a>VENEZIA <\/strong>Dal 2000 gli incendi boschivi, in base alla legge 353\/2000 sono diventati di competenza delle Regioni.\u00a0 La Regione Veneto si \u00e8 organizzata nella gestione degli incendi boschvi, sia in termini di prevenzione che di lotta attiva, con le sue strutture. Di incendi boschivi si occupa la Protezione Civile regionale che coordina gli interventi una volta ricevuta la segnalazione da un numero di emergenza (solitamente il 115) o direttamente dal singolo cittadino. Oltre alla direzione Protezione Civile \u00e8 interessata all&#8217;attivit\u00e0 di prevenzione e di spegnimento anche la Direzione Servizi Forestali da cui dipendono i DOS (direttori delle operazioni di spegnimento) che gestiscono le attivit\u00e0 operative in campo coordinando tutte le squadre a terra e i velivoli. La Regione pu\u00f2 contare su circa 1000 volontari di protezione civile altamente specializzati nella lotta agli incendi boschivi facenti parti di varie organizzazioni di Antincendio Boschivo dotate di mezzi e attrezzature adeguate a questa tipologia di interventi. Oltre al fondamentale apporto dei volontari la Regione pu\u00f2 contare su circa 550 operatori forestali. Inoltre la Regione del Veneto \u00e8 dotata di un elicottero in pronta partenza e di ulteriori velivoli ad ala mobile attivabili in breve tempo. I dati degli ultimi anni evidenziano un trend in decremento degli incendi boschivi sia in termini di numero che, ancor di pi\u00f9, in termini di superficie bruciata. Ci\u00f2 a sottolineare l&#8217;efficacia delle azioni di prevenzione e, ancor pi\u00f9, l&#8217;efficacia degli interventi di spegnimento. Dal 1985 ad oggi, in Veneto si sono registrati circa 2900 incendi per oltre 20.000 ettari bruciati, con una media nei 35 anni di 7 ettari per incendio. Scorporando i dati tra prima che la competenza passasse alla Regione e dopo tale data si evidenzia che la media nel numero di incendi tra il 1985 e il 2000 era di circa 120 incendi\/anno, mentre la media dal 2001 al 2019 si \u00e8 drasticamente ridotta a meno di 50 incendi\/anno (-58%)<\/p>\n<p><img loading=\"lazy\" decoding=\"async\" class=\" wp-image-227731 alignright\" src=\"https:\/\/www.radiopiu.net\/wordpress\/wp-content\/uploads\/2021\/08\/ea80bdce-d320-41e5-b6a0-1c24c07f3132-300x203.jpg\" alt=\"\" width=\"316\" height=\"214\" srcset=\"https:\/\/www.radiopiu.net\/wordpress\/wp-content\/uploads\/2021\/08\/ea80bdce-d320-41e5-b6a0-1c24c07f3132-300x203.jpg 300w, https:\/\/www.radiopiu.net\/wordpress\/wp-content\/uploads\/2021\/08\/ea80bdce-d320-41e5-b6a0-1c24c07f3132-1024x694.jpg 1024w, https:\/\/www.radiopiu.net\/wordpress\/wp-content\/uploads\/2021\/08\/ea80bdce-d320-41e5-b6a0-1c24c07f3132-768x520.jpg 768w, https:\/\/www.radiopiu.net\/wordpress\/wp-content\/uploads\/2021\/08\/ea80bdce-d320-41e5-b6a0-1c24c07f3132.jpg 1227w\" sizes=\"auto, (max-width: 316px) 100vw, 316px\" \/>Ancor meglio sul fronte dell&#8217;estensione degli incendi. Dal 1985 al 2000, l&#8217;estensione media era di circa 980 ettari\/anno, mentre dopo il 2000 si \u00e8 ridotta a circa 235 ettari\/anno (-76%) Ci\u00f2, come detto, evidenzia una maggior efficacia nella lotta agli incendi boschivi che si traduce in quasi dimezzamento dell&#8217;estensione media di incendio (da 8 a 4,7 ettari), confermando la maggior efficacia e tempestivit\u00e0 degli interventi Si evidenzia che circa il 40% degli incendi boschivi risultano essere dolosi. In questo momento stanno operando in Sicilia, nella zona delle Madonie varie organzzazioni venete di volontariato antincendio boschivo sotto il coordinamento dei funzionari regionali dei servizi forestali e della protezione civile. (per altro con grandi attestazioni di stima da parte della cittadinanza e degli amministratori locali). Tutto ci\u00f2 per quanto riguarda la Regione Veneto.<\/p>\n<p>&nbsp;<\/p>\n<p><strong>GIANPAOLO BOTTACIN, ASSESSORE DEL VENETO<\/strong><\/p>\n<div style=\"width: 640px;\" class=\"wp-video\"><video class=\"wp-video-shortcode\" id=\"video-227729-1\" width=\"640\" height=\"352\" preload=\"metadata\" controls=\"controls\"><source type=\"video\/mp4\" src=\"https:\/\/www.radiopiu.net\/wordpress\/wp-content\/uploads\/2021\/08\/BOTTACIN-INCENDI-VENETO.mp4?_=1\" \/><a href=\"https:\/\/www.radiopiu.net\/wordpress\/wp-content\/uploads\/2021\/08\/BOTTACIN-INCENDI-VENETO.mp4\">https:\/\/www.radiopiu.net\/wordpress\/wp-content\/uploads\/2021\/08\/BOTTACIN-INCENDI-VENETO.mp4<\/a><\/video><\/div>\n<p>&nbsp;<\/p>\n<p>*****<\/p>\n","protected":false},"excerpt":{"rendered":"<p>VENEZIA Dal 2000 gli incendi boschivi, in base alla legge 353\/2000 sono diventati di competenza delle Regioni.\u00a0 La Regione Veneto si \u00e8 organizzata nella gestione degli incendi boschvi, sia in termini di prevenzione che di lotta attiva, con le sue strutture. Di incendi boschivi si occupa la Protezione Civile regionale che coordina gli interventi una&hellip;<\/p>\n","protected":false},"author":4,"featured_media":65188,"comment_status":"closed","ping_status":"open","sticky":false,"template":"","format":"standard","meta":{"_monsterinsights_skip_tracking":false,"_monsterinsights_sitenote_active":false,"_monsterinsights_sitenote_note":"","_monsterinsights_sitenote_category":0,"footnotes":""},"categories":[49],"tags":[],"class_list":["post-227729","post","type-post","status-publish","format-standard","has-post-thumbnail","hentry","category-news-18","category-49","description-off"],"img_url":"https:\/\/www.radiopiu.net\/wordpress\/wp-content\/uploads\/2018\/10\/INCENDIO-FIAMME.jpg","_links":{"self":[{"href":"https:\/\/www.radiopiu.net\/wordpress\/wp-json\/wp\/v2\/posts\/227729","targetHints":{"allow":["GET"]}}],"collection":[{"href":"https:\/\/www.radiopiu.net\/wordpress\/wp-json\/wp\/v2\/posts"}],"about":[{"href":"https:\/\/www.radiopiu.net\/wordpress\/wp-json\/wp\/v2\/types\/post"}],"author":[{"embeddable":true,"href":"https:\/\/www.radiopiu.net\/wordpress\/wp-json\/wp\/v2\/users\/4"}],"replies":[{"embeddable":true,"href":"https:\/\/www.radiopiu.net\/wordpress\/wp-json\/wp\/v2\/comments?post=227729"}],"version-history":[{"count":0,"href":"https:\/\/www.radiopiu.net\/wordpress\/wp-json\/wp\/v2\/posts\/227729\/revisions"}],"wp:featuredmedia":[{"embeddable":true,"href":"https:\/\/www.radiopiu.net\/wordpress\/wp-json\/wp\/v2\/media\/65188"}],"wp:attachment":[{"href":"https:\/\/www.radiopiu.net\/wordpress\/wp-json\/wp\/v2\/media?parent=227729"}],"wp:term":[{"taxonomy":"category","embeddable":true,"href":"https:\/\/www.radiopiu.net\/wordpress\/wp-json\/wp\/v2\/categories?post=227729"},{"taxonomy":"post_tag","embeddable":true,"href":"https:\/\/www.radiopiu.net\/wordpress\/wp-json\/wp\/v2\/tags?post=227729"}],"curies":[{"name":"wp","href":"https:\/\/api.w.org\/{rel}","templated":true}]}}