{"id":227753,"date":"2021-08-14T15:58:28","date_gmt":"2021-08-14T13:58:28","guid":{"rendered":"https:\/\/www.radiopiu.net\/wordpress\/?p=227753"},"modified":"2021-08-14T15:58:28","modified_gmt":"2021-08-14T13:58:28","slug":"soccorso-un-ciclista-ad-arabba-intervento-anche-sul-vazzoler-per-una-ragazza","status":"publish","type":"post","link":"https:\/\/www.radiopiu.net\/wordpress\/soccorso-un-ciclista-ad-arabba-intervento-anche-sul-vazzoler-per-una-ragazza\/","title":{"rendered":"SOCCORSO UN CICLISTA AD ARABBA. INTERVENTO ANCHE SUL VAZZOLER PER UNA RAGAZZA"},"content":{"rendered":"<p><strong><a href=\"https:\/\/www.radiopiu.net\/wordpress\/ritrovati-uno-zaino-e-un-bastone-da-funghi-apperteneti\/salt_20201005_175730_488_resized\/\" rel=\"attachment wp-att-164432\"><img loading=\"lazy\" decoding=\"async\" class=\"size-medium wp-image-164432 alignleft\" src=\"https:\/\/www.radiopiu.net\/wordpress\/wp-content\/uploads\/2020\/10\/salt_20201005_175730_488_resized-300x225.jpg\" alt=\"\" width=\"300\" height=\"225\" srcset=\"https:\/\/www.radiopiu.net\/wordpress\/wp-content\/uploads\/2020\/10\/salt_20201005_175730_488_resized-300x225.jpg 300w, https:\/\/www.radiopiu.net\/wordpress\/wp-content\/uploads\/2020\/10\/salt_20201005_175730_488_resized-1024x768.jpg 1024w, https:\/\/www.radiopiu.net\/wordpress\/wp-content\/uploads\/2020\/10\/salt_20201005_175730_488_resized-768x576.jpg 768w, https:\/\/www.radiopiu.net\/wordpress\/wp-content\/uploads\/2020\/10\/salt_20201005_175730_488_resized-640x480.jpg 640w, https:\/\/www.radiopiu.net\/wordpress\/wp-content\/uploads\/2020\/10\/salt_20201005_175730_488_resized.jpg 1182w\" sizes=\"auto, (max-width: 300px) 100vw, 300px\" \/><\/a>LIVINALLONGO <\/strong>Alle 11 il Soccorso alpino di Livinallongo \u00e8 stato allertato per un giovane ciclista tedesco caduto dalla propria mountain bike, mentre con un amico stava scendendo lungo la pista Burz, sopra Arabba. Il ventenne \u00e8 stato raggiunto da una squadra in jeep che lo ha medicato per un taglio sotto il ginocchio e, dopo averlo caricato a bordo, lo ha accompagnato fino all&#8217;ospedale di Corvara.<\/p>\n<p><strong>TAIBON <\/strong>Verso le 12.20 una squadra del Soccorso alpino di Agordo \u00e8 salita al Rifugio Vazzoler dove era arrivata un&#8217;escursionista di Bassano del Grappa (VI), che non poteva pi\u00f9 proseguire per un forte dolore al ginocchio. La ragazza di 25 anni, che aveva passato la notte al Rifugio Tissi con un&#8217;amica, sarebbe dovuta scendere dal Lago Coldai verso i Piani di Pezz\u00e8, ma dato il male alla gamba aveva optato per il percorso pi\u00f9 pianeggiante verso il Vazzoler, senza poter per\u00f2 pi\u00f9 avanzare una volta giunta l\u00ec. I soccorritori la hanno quindi riaccompagnata fino ad Alleghe assieme all&#8217;amica e si sono allontanate autonomamente.<\/p>\n","protected":false},"excerpt":{"rendered":"<p>LIVINALLONGO Alle 11 il Soccorso alpino di Livinallongo \u00e8 stato allertato per un giovane ciclista tedesco caduto dalla propria mountain bike, mentre con un amico stava scendendo lungo la pista Burz, sopra Arabba. Il ventenne \u00e8 stato raggiunto da una squadra in jeep che lo ha medicato per un taglio sotto il ginocchio e, dopo&hellip;<\/p>\n","protected":false},"author":4,"featured_media":164432,"comment_status":"closed","ping_status":"open","sticky":false,"template":"","format":"standard","meta":{"_monsterinsights_skip_tracking":false,"_monsterinsights_sitenote_active":false,"_monsterinsights_sitenote_note":"","_monsterinsights_sitenote_category":0,"footnotes":""},"categories":[51,49],"tags":[],"class_list":["post-227753","post","type-post","status-publish","format-standard","has-post-thumbnail","hentry","category-evidenza-top","category-news-18","category-51","category-49","description-off"],"img_url":"https:\/\/www.radiopiu.net\/wordpress\/wp-content\/uploads\/2020\/10\/salt_20201005_175730_488_resized.jpg","_links":{"self":[{"href":"https:\/\/www.radiopiu.net\/wordpress\/wp-json\/wp\/v2\/posts\/227753","targetHints":{"allow":["GET"]}}],"collection":[{"href":"https:\/\/www.radiopiu.net\/wordpress\/wp-json\/wp\/v2\/posts"}],"about":[{"href":"https:\/\/www.radiopiu.net\/wordpress\/wp-json\/wp\/v2\/types\/post"}],"author":[{"embeddable":true,"href":"https:\/\/www.radiopiu.net\/wordpress\/wp-json\/wp\/v2\/users\/4"}],"replies":[{"embeddable":true,"href":"https:\/\/www.radiopiu.net\/wordpress\/wp-json\/wp\/v2\/comments?post=227753"}],"version-history":[{"count":0,"href":"https:\/\/www.radiopiu.net\/wordpress\/wp-json\/wp\/v2\/posts\/227753\/revisions"}],"wp:featuredmedia":[{"embeddable":true,"href":"https:\/\/www.radiopiu.net\/wordpress\/wp-json\/wp\/v2\/media\/164432"}],"wp:attachment":[{"href":"https:\/\/www.radiopiu.net\/wordpress\/wp-json\/wp\/v2\/media?parent=227753"}],"wp:term":[{"taxonomy":"category","embeddable":true,"href":"https:\/\/www.radiopiu.net\/wordpress\/wp-json\/wp\/v2\/categories?post=227753"},{"taxonomy":"post_tag","embeddable":true,"href":"https:\/\/www.radiopiu.net\/wordpress\/wp-json\/wp\/v2\/tags?post=227753"}],"curies":[{"name":"wp","href":"https:\/\/api.w.org\/{rel}","templated":true}]}}