{"id":227770,"date":"2021-08-14T18:59:57","date_gmt":"2021-08-14T16:59:57","guid":{"rendered":"https:\/\/www.radiopiu.net\/wordpress\/?p=227770"},"modified":"2021-08-14T18:59:57","modified_gmt":"2021-08-14T16:59:57","slug":"da-san-vito-a-vallada-passando-per-comelico-e-rocca-pietore-anche-oggi-una-giornata-di-lavoro-per-il-soccorso-alpino","status":"publish","type":"post","link":"https:\/\/www.radiopiu.net\/wordpress\/da-san-vito-a-vallada-passando-per-comelico-e-rocca-pietore-anche-oggi-una-giornata-di-lavoro-per-il-soccorso-alpino\/","title":{"rendered":"DA SAN VITO A VALLADA, PASSANDO PER COMELICO E ROCCA PIETORE. ANCHE OGGI UNA GIORNATA DI LAVORO PER IL SOCCORSO ALPINO"},"content":{"rendered":"<p><strong><a href=\"https:\/\/www.radiopiu.net\/wordpress\/mattinata-impegnativa-per-il-soccorso-alpino-4-interventi-tra-longarone-livinallongo-e-cortina\/fb9dd0e0-d5e5-489c-a831-6502938db7ce\/\" rel=\"attachment wp-att-222520\"><img loading=\"lazy\" decoding=\"async\" class=\"size-medium wp-image-222520 alignleft\" src=\"https:\/\/www.radiopiu.net\/wordpress\/wp-content\/uploads\/2021\/07\/fb9dd0e0-d5e5-489c-a831-6502938db7ce-300x225.jpg\" alt=\"\" width=\"300\" height=\"225\" srcset=\"https:\/\/www.radiopiu.net\/wordpress\/wp-content\/uploads\/2021\/07\/fb9dd0e0-d5e5-489c-a831-6502938db7ce-300x225.jpg 300w, https:\/\/www.radiopiu.net\/wordpress\/wp-content\/uploads\/2021\/07\/fb9dd0e0-d5e5-489c-a831-6502938db7ce-1024x768.jpg 1024w, https:\/\/www.radiopiu.net\/wordpress\/wp-content\/uploads\/2021\/07\/fb9dd0e0-d5e5-489c-a831-6502938db7ce-768x576.jpg 768w, https:\/\/www.radiopiu.net\/wordpress\/wp-content\/uploads\/2021\/07\/fb9dd0e0-d5e5-489c-a831-6502938db7ce.jpg 1080w\" sizes=\"auto, (max-width: 300px) 100vw, 300px\" \/><\/a>SAN VITO DI CADORE <\/strong>Alle 14.20 circa il Soccorso alpino di San Vito di Cadore \u00e8 stato allertato per un anziano ruzzolato nel bosco in localit\u00e0 Pradelles, sotto Cima la Sentinella. F.O., 82 anni, di San Vito di Cadore (BL), che lamentava dolori al bacino e si trovava con la persona che aveva dato d&#8217;allarme, \u00e8 stato raggiunto da una squadra. Stabilizzato e imbarellato, l&#8217;infortunato \u00e8 stato trasportato alla jeep e da l\u00ec all&#8217;ambulanza in attesa all&#8217;altezza del Rifugio Senes.<\/p>\n<p><strong>COMELICO <\/strong>Su richiesta del gestore, la Centrale operativa del Suem ha inviato il Pelikan al Rifugio Berti, dove si era presentata una donna trentina di 49 anni, con un probabile trauma alla spalla. L&#8217;escursionista \u00e8 stata accompagnata all&#8217;ospedale di San Candido.<\/p>\n<p><strong>ROCCA PIETORE <\/strong>I soccorritori della Val Pettorina hanno invece dato indicazioni telefoniche a un escursionista trevigiano, A.D., 46 anni, di Asolo, che aveva smarrito la traccia scendendo da Forcella delle Fontane verso Malga Valbona in in giro ad anello e non trovava pi\u00f9 i segnali. Capito dove poteva trovarsi, il Soccorso alpino ha reindirizzato l&#8217;uomo, facendolo tornare sul percorso corretto.<\/p>\n<p><strong>VALLADA <\/strong>Il Soccorso alpino della Val Biois \u00e8 infine intervenuto sotto Punta Palazza, a Vallada Agordina, dove un escursionista di Venezia, R.R., 33 anni, si era fatto male a una caviglia, aveva cercato di scendere, ma non era stato pi\u00f9 in grado di proseguire. Un soccorritore lo ha raggiunto a piedi a 1.950 metri di quota per verificare le sue condizioni, seguito dal tecnico di elisoccorso calato con un verricello di 20 metri dall&#8217;elicottero del Suem di Pieve di Cadore, dopo aver sbarcato l&#8217;equipe medica a valle. Infortunato e soccorritore sono stati recuperati e trasportati al campo base.<\/p>\n<p>&nbsp;<\/p>\n<p>&nbsp;<\/p>\n<p>&nbsp;<\/p>\n<p>*****<\/p>\n","protected":false},"excerpt":{"rendered":"<p>SAN VITO DI CADORE Alle 14.20 circa il Soccorso alpino di San Vito di Cadore \u00e8 stato allertato per un anziano ruzzolato nel bosco in localit\u00e0 Pradelles, sotto Cima la Sentinella. F.O., 82 anni, di San Vito di Cadore (BL), che lamentava dolori al bacino e si trovava con la persona che aveva dato d&#8217;allarme,&hellip;<\/p>\n","protected":false},"author":4,"featured_media":222520,"comment_status":"closed","ping_status":"open","sticky":false,"template":"","format":"standard","meta":{"_monsterinsights_skip_tracking":false,"_monsterinsights_sitenote_active":false,"_monsterinsights_sitenote_note":"","_monsterinsights_sitenote_category":0,"footnotes":""},"categories":[49],"tags":[],"class_list":["post-227770","post","type-post","status-publish","format-standard","has-post-thumbnail","hentry","category-news-18","category-49","description-off"],"img_url":"https:\/\/www.radiopiu.net\/wordpress\/wp-content\/uploads\/2021\/07\/fb9dd0e0-d5e5-489c-a831-6502938db7ce.jpg","_links":{"self":[{"href":"https:\/\/www.radiopiu.net\/wordpress\/wp-json\/wp\/v2\/posts\/227770","targetHints":{"allow":["GET"]}}],"collection":[{"href":"https:\/\/www.radiopiu.net\/wordpress\/wp-json\/wp\/v2\/posts"}],"about":[{"href":"https:\/\/www.radiopiu.net\/wordpress\/wp-json\/wp\/v2\/types\/post"}],"author":[{"embeddable":true,"href":"https:\/\/www.radiopiu.net\/wordpress\/wp-json\/wp\/v2\/users\/4"}],"replies":[{"embeddable":true,"href":"https:\/\/www.radiopiu.net\/wordpress\/wp-json\/wp\/v2\/comments?post=227770"}],"version-history":[{"count":0,"href":"https:\/\/www.radiopiu.net\/wordpress\/wp-json\/wp\/v2\/posts\/227770\/revisions"}],"wp:featuredmedia":[{"embeddable":true,"href":"https:\/\/www.radiopiu.net\/wordpress\/wp-json\/wp\/v2\/media\/222520"}],"wp:attachment":[{"href":"https:\/\/www.radiopiu.net\/wordpress\/wp-json\/wp\/v2\/media?parent=227770"}],"wp:term":[{"taxonomy":"category","embeddable":true,"href":"https:\/\/www.radiopiu.net\/wordpress\/wp-json\/wp\/v2\/categories?post=227770"},{"taxonomy":"post_tag","embeddable":true,"href":"https:\/\/www.radiopiu.net\/wordpress\/wp-json\/wp\/v2\/tags?post=227770"}],"curies":[{"name":"wp","href":"https:\/\/api.w.org\/{rel}","templated":true}]}}