{"id":227789,"date":"2021-08-16T05:42:29","date_gmt":"2021-08-16T03:42:29","guid":{"rendered":"https:\/\/www.radiopiu.net\/wordpress\/?p=227789"},"modified":"2021-08-16T09:30:06","modified_gmt":"2021-08-16T07:30:06","slug":"taibonciclabile","status":"publish","type":"post","link":"https:\/\/www.radiopiu.net\/wordpress\/taibonciclabile\/","title":{"rendered":"A TAIBON LA CICLABILE TRICOLORE TRA BUCHE E ASFALTO RAFFAZZONATO"},"content":{"rendered":"<p><strong><a href=\"https:\/\/www.radiopiu.net\/wordpress\/a-taibon-la-ciclabile-tricolore-ma-alla-sovrintendenza-piace-solo-alleghe-caprile\/02cb9a72-469b-4212-9388-aa0caf2c84c2\/\" rel=\"attachment wp-att-227794\"><img loading=\"lazy\" decoding=\"async\" class=\"size-medium wp-image-227794 alignleft\" src=\"https:\/\/www.radiopiu.net\/wordpress\/wp-content\/uploads\/2021\/08\/02cb9a72-469b-4212-9388-aa0caf2c84c2-300x169.jpg\" alt=\"\" width=\"300\" height=\"169\" srcset=\"https:\/\/www.radiopiu.net\/wordpress\/wp-content\/uploads\/2021\/08\/02cb9a72-469b-4212-9388-aa0caf2c84c2-300x169.jpg 300w, https:\/\/www.radiopiu.net\/wordpress\/wp-content\/uploads\/2021\/08\/02cb9a72-469b-4212-9388-aa0caf2c84c2-1024x576.jpg 1024w, https:\/\/www.radiopiu.net\/wordpress\/wp-content\/uploads\/2021\/08\/02cb9a72-469b-4212-9388-aa0caf2c84c2-768x432.jpg 768w, https:\/\/www.radiopiu.net\/wordpress\/wp-content\/uploads\/2021\/08\/02cb9a72-469b-4212-9388-aa0caf2c84c2-1536x864.jpg 1536w, https:\/\/www.radiopiu.net\/wordpress\/wp-content\/uploads\/2021\/08\/02cb9a72-469b-4212-9388-aa0caf2c84c2.jpg 1920w\" sizes=\"auto, (max-width: 300px) 100vw, 300px\" \/><\/a>ALLEGHE <\/strong>Evidentemente quelli della Sovrintendenza conoscono bene Alleghe con il suo lago, i suoi luoghi di villeggiatura, gli alberghi, i ristoranti, la bellezza del Monte Civetta e il verde risparmiato da Vaia.\u00a0 Altrettanto evidentemente le stesse persone hanno un concetto non corretto di sviluppo turistico che fin dagli anni Cinquanta ha interessato anche altri<\/p>\n<p>paesi oltre ad Alleghe, vallate e conche. Ad esempio Taibon con il suo Agner, la Val Corpassa, la Valle di San Lucano con le sue Pale, Agordo con il Broi, Palazzo Manzoni, l&#8217;Agner visto dalla piazza e molto altro.<\/p>\n<p><strong>come spiegare i due pesi e le due misure?<\/strong><\/p>\n<p><strong>ALLEGHE<\/strong> Una pista ciclabile meravigliosa, tirata come il biliardo fino a quella telefonata del sindaco Siro De Biasio &#8220;<em>Stanno grattando la ciclabile, perch\u00e9 l&#8217;asfalto \u00e8 troppo scuro, non si inserisce nell&#8217;ambiente e ci costa 30 mila euro&#8221;.<\/em> Solo Siro a proposito ha protestato, per tutti gli altri era una cosa normale.<\/p>\n<p><strong>TAIBON<\/strong> La ciclabile tricolore, grigia (il suo colore naturale), nera (i rattoppi fatti alla bell&#8217;e meglio dopo gli scavi, il bianco delle buche che non sono mai state coperte. Perch\u00e9 in questo caso quelli della Sovrintendenza, tornando a Venezia dalla localit\u00e0 turistica alleghese non si sono accorti del vestito d&#8217;arlecchino indossato dalla ciclabile di Taibon? Perch\u00e9 alla ditta che ha sventrato la ciclabile da Nogarola a Listolade non \u00e8 stato imposto di ripristinare\u00a0 il tracciato di prima senza quei &#8220;tacconi&#8221; peraltro a scalini e pure pericolosi?<\/p>\n<p><strong><a href=\"https:\/\/www.radiopiu.net\/wordpress\/a-taibon-la-ciclabile-tricolore-ma-alla-sovrintendenza-piace-solo-alleghe-caprile\/b89b1e6a-625d-40e7-8a0f-57345486df49\/\" rel=\"attachment wp-att-227796\"><img loading=\"lazy\" decoding=\"async\" class=\"size-medium wp-image-227796 alignleft\" src=\"https:\/\/www.radiopiu.net\/wordpress\/wp-content\/uploads\/2021\/08\/b89b1e6a-625d-40e7-8a0f-57345486df49-300x169.jpg\" alt=\"\" width=\"300\" height=\"169\" srcset=\"https:\/\/www.radiopiu.net\/wordpress\/wp-content\/uploads\/2021\/08\/b89b1e6a-625d-40e7-8a0f-57345486df49-300x169.jpg 300w, https:\/\/www.radiopiu.net\/wordpress\/wp-content\/uploads\/2021\/08\/b89b1e6a-625d-40e7-8a0f-57345486df49-1024x576.jpg 1024w, https:\/\/www.radiopiu.net\/wordpress\/wp-content\/uploads\/2021\/08\/b89b1e6a-625d-40e7-8a0f-57345486df49-768x432.jpg 768w, https:\/\/www.radiopiu.net\/wordpress\/wp-content\/uploads\/2021\/08\/b89b1e6a-625d-40e7-8a0f-57345486df49-1536x864.jpg 1536w, https:\/\/www.radiopiu.net\/wordpress\/wp-content\/uploads\/2021\/08\/b89b1e6a-625d-40e7-8a0f-57345486df49.jpg 1920w\" sizes=\"auto, (max-width: 300px) 100vw, 300px\" \/><\/a>CENCENIGHE<\/strong> E poi ci sono quelli della sicurezza, evidentemente non vanno in bicicletta altrimenti scendendo dalla ciclabile di Canale d&#8217;Agordo e immettendosi nella vecchia 346 del San Pellegrino accanto ala galleria delle Anime avrebbero notato che una condotta di plastica \u00e8 una minaccia, a bordo strada da qualche anno, anzi non proprio a bordo strada, il tubo del diametro di almeno 5 centimetri \u00e8 sulla strada e il malaugurato ciclista che ci finisce dentro con la ruota anteriore male che\u00a0 vada si schianta sulla roccia a destra, oppure finisce direttamente a mollo nel torrente Biois, ma molto pi\u00f9 sotto.<\/p>\n","protected":false},"excerpt":{"rendered":"<p>ALLEGHE Evidentemente quelli della Sovrintendenza conoscono bene Alleghe con il suo lago, i suoi luoghi di villeggiatura, gli alberghi, i ristoranti, la bellezza del Monte Civetta e il verde risparmiato da Vaia.\u00a0 Altrettanto evidentemente le stesse persone hanno un concetto non corretto di sviluppo turistico che fin dagli anni Cinquanta ha interessato anche altri paesi&hellip;<\/p>\n","protected":false},"author":4,"featured_media":227794,"comment_status":"closed","ping_status":"open","sticky":false,"template":"","format":"standard","meta":{"_monsterinsights_skip_tracking":false,"_monsterinsights_sitenote_active":false,"_monsterinsights_sitenote_note":"","_monsterinsights_sitenote_category":0,"footnotes":""},"categories":[104,49],"tags":[],"class_list":["post-227789","post","type-post","status-publish","format-standard","has-post-thumbnail","hentry","category-evidenza_3","category-news-18","category-104","category-49","description-off"],"img_url":"https:\/\/www.radiopiu.net\/wordpress\/wp-content\/uploads\/2021\/08\/02cb9a72-469b-4212-9388-aa0caf2c84c2.jpg","_links":{"self":[{"href":"https:\/\/www.radiopiu.net\/wordpress\/wp-json\/wp\/v2\/posts\/227789","targetHints":{"allow":["GET"]}}],"collection":[{"href":"https:\/\/www.radiopiu.net\/wordpress\/wp-json\/wp\/v2\/posts"}],"about":[{"href":"https:\/\/www.radiopiu.net\/wordpress\/wp-json\/wp\/v2\/types\/post"}],"author":[{"embeddable":true,"href":"https:\/\/www.radiopiu.net\/wordpress\/wp-json\/wp\/v2\/users\/4"}],"replies":[{"embeddable":true,"href":"https:\/\/www.radiopiu.net\/wordpress\/wp-json\/wp\/v2\/comments?post=227789"}],"version-history":[{"count":0,"href":"https:\/\/www.radiopiu.net\/wordpress\/wp-json\/wp\/v2\/posts\/227789\/revisions"}],"wp:featuredmedia":[{"embeddable":true,"href":"https:\/\/www.radiopiu.net\/wordpress\/wp-json\/wp\/v2\/media\/227794"}],"wp:attachment":[{"href":"https:\/\/www.radiopiu.net\/wordpress\/wp-json\/wp\/v2\/media?parent=227789"}],"wp:term":[{"taxonomy":"category","embeddable":true,"href":"https:\/\/www.radiopiu.net\/wordpress\/wp-json\/wp\/v2\/categories?post=227789"},{"taxonomy":"post_tag","embeddable":true,"href":"https:\/\/www.radiopiu.net\/wordpress\/wp-json\/wp\/v2\/tags?post=227789"}],"curies":[{"name":"wp","href":"https:\/\/api.w.org\/{rel}","templated":true}]}}