{"id":227835,"date":"2021-08-17T05:39:39","date_gmt":"2021-08-17T03:39:39","guid":{"rendered":"https:\/\/www.radiopiu.net\/wordpress\/?p=227835"},"modified":"2021-08-17T10:02:49","modified_gmt":"2021-08-17T08:02:49","slug":"giornale-radiopiu-17-agosto-2021-direttore-mirko-mezzacasa","status":"publish","type":"post","link":"https:\/\/www.radiopiu.net\/wordpress\/giornale-radiopiu-17-agosto-2021-direttore-mirko-mezzacasa\/","title":{"rendered":"GIORNALE RADIOPIU 17 AGOSTO 2021 DIRETTORE MIRKO MEZZACASA"},"content":{"rendered":"<div class=\"wpb-content-wrapper\"><blockquote>\n<h3>COMPRIAMO UNA MACCHINA ATTREZZATA PER RICCARDO<\/h3>\n<\/blockquote>\n<p><strong><a href=\"https:\/\/www.radiopiu.net\/wordpress\/compriamo-una-macchina-attrezzata-per-riccardo\/1626340291137881-img-20210714-wa0025\/\" rel=\"attachment wp-att-224370\"><img loading=\"lazy\" decoding=\"async\" class=\"size-medium wp-image-224370 alignleft\" src=\"https:\/\/www.radiopiu.net\/wordpress\/wp-content\/uploads\/2021\/07\/1626340291137881-IMG-20210714-WA0025-169x300.jpg\" sizes=\"auto, (max-width: 169px) 100vw, 169px\" srcset=\"https:\/\/www.radiopiu.net\/wordpress\/wp-content\/uploads\/2021\/07\/1626340291137881-IMG-20210714-WA0025-169x300.jpg 169w, https:\/\/www.radiopiu.net\/wordpress\/wp-content\/uploads\/2021\/07\/1626340291137881-IMG-20210714-WA0025-576x1024.jpg 576w, https:\/\/www.radiopiu.net\/wordpress\/wp-content\/uploads\/2021\/07\/1626340291137881-IMG-20210714-WA0025-768x1365.jpg 768w, https:\/\/www.radiopiu.net\/wordpress\/wp-content\/uploads\/2021\/07\/1626340291137881-IMG-20210714-WA0025.jpg 800w\" alt=\"\" width=\"169\" height=\"300\" \/><\/a>SOSPIROLO<\/strong>\u00a0Radio Pi\u00f9 appoggia l\u2019iniziativa di\u00a0 Agostino Tegner il pap\u00e0 di Riccardo, poche parole le sue ma piene di significato<em>\u00a0\u201cIo e mia moglie stiamo invecchiando e non riusciamo pi\u00f9\u00a0<img loading=\"lazy\" decoding=\"async\" class=\"alignright\" src=\"https:\/\/www.radiopiu.net\/wordpress\/wp-content\/uploads\/2021\/07\/1626451699105964-locandina-riccardo.jpg\" width=\"297\" height=\"167\" \/>a trasportare come si deve il nostro ragazzo, che necessita di una macchina attrezzata con un piano ribassato con pedana\u201d.<\/em><\/p>\n<p>Per questo ha avuto inizio la raccolta fondi che si prefigge lo scopo di raccogliere 35.000 euro entro fine agosto. Ad oggi sono stati versati i primi <span style=\"color: #ff0000;\"><strong>10.335<\/strong><\/span> euro, per farlo \u00e8 semplice <strong><a href=\"https:\/\/www.eppela.com\/it\/projects\/31001-compriamo-una-macchina-attrezzata-per-riccardo\">clicca qui\u00a0<\/a><\/strong><\/p>\n<blockquote><p><em>Riccardo \u00e8 un simpatico ragazzino di 15 anni che vive sulle montagne di Sospirolo. Sempre sorridente e circondato dall\u2019affetto dei suoi cari, Riccardo \u00e8 per\u00f2 costretto a stare sulla sedia a rotelle a causa della distrofia muscolare di Duchenne, di cui \u00e8 affetto dalla nascita.\u00a0 I genitori, dopo anni di sacrifici, hanno deciso di acquistare un\u2019auto munita di pedana per poter trasportare il figlio in modo pi\u00f9 comodo, pratico e sicuro, soprattutto adesso che sta crescendo e il peso \u2013 per i due genitori che stanno diventando anziani \u2013 si fa sempre pi\u00f9 sentire.\u00a0<\/em><\/p><\/blockquote>\n<p>&nbsp;<\/p>\n<hr \/>\n<p>&nbsp;<\/p>\n<div>\n<div class=\"pybr56ya dati1w0a hv4rvrfc n851cfcs btwxx1t3 j83agx80 ll8tlv6m\">\n<div class=\"buofh1pr\">\n<div class=\"j83agx80 cbu4d94t ew0dbk1b irj2b8pg\">\n<div class=\"qzhwtbm6 knvmm38d\">\n<p id=\"jsc_c_dk\" class=\"gmql0nx0 l94mrbxd p1ri9a11 lzcic4wl aahdfvyu hzawbc8m\" dir=\"auto\"><strong><a class=\"oajrlxb2 g5ia77u1 qu0x051f esr5mh6w e9989ue4 r7d6kgcz rq0escxv nhd2j8a9 nc684nl6 p7hjln8o kvgmc6g5 cxmmr5t8 oygrvhab hcukyx3x jb3vyjys rz4wbd8a qt6c0cv9 a8nywdso i1ao9s8h esuyzwwr f1sip0of lzcic4wl oo9gr5id gpro0wi8 lrazzd5p\" tabindex=\"0\" role=\"link\" href=\"https:\/\/www.facebook.com\/AllegheHockey\/?__cft__[0]=AZWu6fCRJFvoEeYy86peWObcgYhUnvePiRtXVYnnv2kh_ZVemADWGQE05a-sFjWSOoFvlJRgdcWFcxyMG0ElHFVLm_0EONTCwJ7HnVLsE2dlGdiW3H7AZaXgIxL6YyQIANSRkFSb9-M2iU7oJXl0x0-hg0PlhKBiEI41tpLglhX-0IxsH7ANTpKxlQU5Z25KLrI&amp;__tn__=kC%2CP-R\"><span class=\"nc684nl6\">Alleghe Hockey<\/span><\/a> <\/strong>Grazie <a class=\"oajrlxb2 g5ia77u1 qu0x051f esr5mh6w e9989ue4 r7d6kgcz rq0escxv nhd2j8a9 nc684nl6 p7hjln8o kvgmc6g5 cxmmr5t8 oygrvhab hcukyx3x jb3vyjys rz4wbd8a qt6c0cv9 a8nywdso i1ao9s8h esuyzwwr f1sip0of lzcic4wl q66pz984 gpro0wi8 b1v8xokw\" style=\"font-size: 14px; font-weight: normal;\" tabindex=\"0\" role=\"link\" href=\"https:\/\/www.facebook.com\/groups\/430646790376460\/user\/100004923553398\/?__cft__[0]=AZWu6fCRJFvoEeYy86peWObcgYhUnvePiRtXVYnnv2kh_ZVemADWGQE05a-sFjWSOoFvlJRgdcWFcxyMG0ElHFVLm_0EONTCwJ7HnVLsE2dlGdiW3H7AZaXgIxL6YyQIANSRkFSb9-M2iU7oJXl0x0-hg0PlhKBiEI41tpLglhX-0IxsH7ANTpKxlQU5Z25KLrI&amp;__tn__=-]K-R\"><span class=\"nc684nl6\">Tonino Zampieri<\/span><\/a><span style=\"font-size: 14px; font-weight: normal;\"> per tutto quello che hai fatto per noi, ci mancherai. Tutti noi di Alleghe Hockey ci stringiamo attorno alla famiglia<\/span><\/p>\n<\/div>\n<\/div>\n<\/div>\n<\/div>\n<\/div>\n<p><a href=\"https:\/\/www.radiopiu.net\/wordpress\/giornale-radiopiu-17-agosto-2021-direttore-mirko-mezzacasa\/237227207_4747530015261926_4596857696064519731_n\/\" rel=\"attachment wp-att-228056\"><img loading=\"lazy\" decoding=\"async\" class=\"alignnone wp-image-228056\" src=\"https:\/\/www.radiopiu.net\/wordpress\/wp-content\/uploads\/2021\/08\/237227207_4747530015261926_4596857696064519731_n-300x300.jpg\" alt=\"\" width=\"190\" height=\"190\" srcset=\"https:\/\/www.radiopiu.net\/wordpress\/wp-content\/uploads\/2021\/08\/237227207_4747530015261926_4596857696064519731_n-300x300.jpg 300w, https:\/\/www.radiopiu.net\/wordpress\/wp-content\/uploads\/2021\/08\/237227207_4747530015261926_4596857696064519731_n-150x150.jpg 150w, https:\/\/www.radiopiu.net\/wordpress\/wp-content\/uploads\/2021\/08\/237227207_4747530015261926_4596857696064519731_n.jpg 526w\" sizes=\"auto, (max-width: 190px) 100vw, 190px\" \/><\/a><\/p>\n<p>&nbsp;<\/p>\n<p>&nbsp;<\/p>\n<hr \/>\n<p>&nbsp;<\/p>\n<blockquote>\n<h3>LA GALLERIA COMELICO RIAPRE IN ORARIO NOTTURNO<\/h3>\n<\/blockquote>\n<p><strong>VENEZIA\u00a0<\/strong>Per limitare i disagi durante le settimane di maggior esodo, Anas ha programmato la sospensione temporanea dei lavori di manutenzione della galleria \u201cComelico\u201d, posta tra il km 81 e il km 85 della strada statale 52 \u201cCarnica\u201d. La galleria sar\u00e0 pertanto transitabile anche in orario notturno. Dalle ore 21 di luned\u00ec 23 agosto sar\u00e0 nuovamente istituito il divieto di transito in orario notturno, con deviazione su viabilit\u00e0 secondaria, fino alle 6 di mattina del giorno successivo. Fino alla fine del mese di agosto la chiusura, il sabato e la domenica, sar\u00e0 attiva dalle ore 22:30 anzich\u00e9 dalle ore 21:00 per creare minor impatto alla circolazione stradale.<\/p>\n<p>&nbsp;<\/p>\n<hr \/>\n<p>&nbsp;<\/p>\n<p><a href=\"https:\/\/www.radiopiu.net\/wordpress\/giornale-radiopiu-17-agosto-2021-direttore-mirko-mezzacasa\/fccd91a2-2aa1-4ac5-a793-332e80251094\/\" rel=\"attachment wp-att-228057\"><img loading=\"lazy\" decoding=\"async\" class=\"wp-image-228057 alignleft\" src=\"https:\/\/www.radiopiu.net\/wordpress\/wp-content\/uploads\/2021\/08\/fccd91a2-2aa1-4ac5-a793-332e80251094-224x300.jpg\" alt=\"\" width=\"129\" height=\"173\" srcset=\"https:\/\/www.radiopiu.net\/wordpress\/wp-content\/uploads\/2021\/08\/fccd91a2-2aa1-4ac5-a793-332e80251094-224x300.jpg 224w, https:\/\/www.radiopiu.net\/wordpress\/wp-content\/uploads\/2021\/08\/fccd91a2-2aa1-4ac5-a793-332e80251094-764x1024.jpg 764w, https:\/\/www.radiopiu.net\/wordpress\/wp-content\/uploads\/2021\/08\/fccd91a2-2aa1-4ac5-a793-332e80251094-768x1029.jpg 768w, https:\/\/www.radiopiu.net\/wordpress\/wp-content\/uploads\/2021\/08\/fccd91a2-2aa1-4ac5-a793-332e80251094.jpg 955w\" sizes=\"auto, (max-width: 129px) 100vw, 129px\" \/><\/a><strong>LA CURIOSITA&#8217; DI FERRAGOSTO\u00a0<\/strong><\/p>\n<p>Per un guasto (subito intercettato e risolto dagli uomini dell&#8217;Anas) la galleria di Caralte domenica improvvisamente \u00e8 stata chiusa in entrambi i sensi come segnalato dalla chat telegram VIABILITA&#8217; PROVINCIA BELLUNO (foto). Si \u00e8 pensato al peggio, invece si trattava &#8220;solo&#8221; di un guasto tecnico con un messaggio errato inviato al display<\/p>\n<p>&nbsp;<\/p>\n<p>&nbsp;<\/p>\n<p>&nbsp;<\/p>\n<hr \/>\n<p>&nbsp;<\/p>\n<blockquote>\n<h3>\u00a0I CANTIERI SULLE STRADE DELLA PROVINCIA<\/h3>\n<\/blockquote>\n<p><strong>SR 48 DELLE DOLOMITI\u00a0<\/strong>dal 23 agosto al 31 ottobre, esclusi sabato e domenica, senso unico alternato regolato da semaforo per posa cavidotto<\/p>\n<p><strong>SR 203<\/strong> <strong>AGORDINA<\/strong> in localit\u00e0 La Stanga senso unico alternato regolato da semaforo dal 23 agosto al 3 settembre, esclusi sabato e domenica, perlavori di recupero tubazione e cavo non in servizio<\/p>\n<p><strong>SP 347 PASSO CEREDA E DURAN\u00a0<\/strong>in comune di Gosaldo dal 23 agosto al 30 settembre senso unico alternato regolato da semaforo per posa cavidotto<\/p>\n<p><strong>SP 346 PASSO SAN PELLEGRINO<\/strong> in localit\u00e0 La Mora di Canale D&#8217;Agordo senso unico alternato regolato da semaforo dal 23 agosto al 15 ottobre per messa in sicurezza della strada<\/p>\n<p><strong>SP 251 VAL DI ZOLDO E CELLINA<\/strong> senso unico alternato regolato da semaforo in comune di Colle Santa Lucia dal 23 agosto al 1 ottobre per messa in sicurezza piano viabile<\/p>\n<p><strong>SP3 VALLE IMPERINA\u00a0<\/strong>dal 23 agosto al 10 settembre, esclusi sabato e domenica, senso unico alternato a Rivamonte per interramento linea elettrica<\/p>\n<p>&nbsp;<\/p>\n<p>&nbsp;<\/p>\n<hr \/>\n<p>&nbsp;<\/p>\n<blockquote>\n<h3>INTERRUZIONI ENEL<\/h3>\n<\/blockquote>\n<p><strong>LIVINALLONGO DEL COL DI LANA<\/strong> gioved\u00ec dalle 9 alle 11 nelle vie Corte, Lasta, Federa, e Sief<\/p>\n<p>&nbsp;<\/p>\n<p>&nbsp;<\/p>\n<hr \/>\n<p>&nbsp;<\/p>\n<blockquote>\n<h3>DUE VERONESI E TRE CADORINI NELL&#8217;AUTO FINITA CONTRO IL MURO A VALLE<\/h3>\n<\/blockquote>\n<p><strong><a href=\"https:\/\/www.radiopiu.net\/wordpress\/227922-2aaa\/84e2c4c9-41c3-40a8-b0f9-2f9d09d05796\/\" rel=\"attachment wp-att-227925\"><img loading=\"lazy\" decoding=\"async\" class=\"size-medium wp-image-227925 alignleft\" src=\"https:\/\/www.radiopiu.net\/wordpress\/wp-content\/uploads\/2021\/08\/84e2c4c9-41c3-40a8-b0f9-2f9d09d05796-300x225.jpg\" alt=\"\" width=\"300\" height=\"225\" srcset=\"https:\/\/www.radiopiu.net\/wordpress\/wp-content\/uploads\/2021\/08\/84e2c4c9-41c3-40a8-b0f9-2f9d09d05796-300x225.jpg 300w, https:\/\/www.radiopiu.net\/wordpress\/wp-content\/uploads\/2021\/08\/84e2c4c9-41c3-40a8-b0f9-2f9d09d05796-1024x768.jpg 1024w, https:\/\/www.radiopiu.net\/wordpress\/wp-content\/uploads\/2021\/08\/84e2c4c9-41c3-40a8-b0f9-2f9d09d05796-768x576.jpg 768w, https:\/\/www.radiopiu.net\/wordpress\/wp-content\/uploads\/2021\/08\/84e2c4c9-41c3-40a8-b0f9-2f9d09d05796.jpg 1280w\" sizes=\"auto, (max-width: 300px) 100vw, 300px\" \/><\/a>VALLE DI CADORE<\/strong> Sera di ferragosto col botto, alle 22.40 lungo la SS 52. Uscita autonoma di un&#8217;auto finita contro il muro di\u00a0 un&#8217;abitazione: 5 feriti. Al posto di guida\u00a0 un veronese di 27 anni, passeggera\u00a0 una ragazza 20 anni di Valle di Cadore, sulla stessa auto\u00a0 un secondo veronese di 27 anni,\u00a0 l&#8217;amica 24enne di San Vito Di Cadore e un giovane\u00a0 27 anni di Pieve di Cadore. I pompieri\u00a0 hanno messo in sicurezza la vettura ed utilizzando cesoie, martinetti e divaricatori idraulici estratto Quattro dei\u00a0 5 occupanti\u00a0 rimasti incastrati all&#8217;interno dell&#8217;auto. Tutti i feriti sono stati presi in cura dal personale sanitario del SUEM,\u00a0 stabilizzati e poi trasferiti\u00a0 in ospedale a Pieve di Cadore e Belluno con pi\u00f9 ambulanze, uno di loro F.D.L.\u00a0 27enne di Pieve di Cadore \u00e8 stato\u00a0 elitrasportato con l&#8217;elicottero adibito al volo notturno all&#8217;ospedale di Trento. Le operazioni di soccorso dei vigili del fuoco sono terminate dopo la mezzanotte.<\/p>\n<p><strong>DI BARBARA PAOLAZZI, RADIO CLUB 103<\/strong><\/p>\n<audio class=\"wp-audio-shortcode\" id=\"audio-227835-1\" preload=\"none\" style=\"width: 100%;\" controls=\"controls\"><source type=\"audio\/mpeg\" src=\"https:\/\/www.radiopiu.net\/wordpress\/wp-content\/uploads\/2021\/08\/PAOLAZZI-INCIDENTE.mp3?_=1\" \/><a href=\"https:\/\/www.radiopiu.net\/wordpress\/wp-content\/uploads\/2021\/08\/PAOLAZZI-INCIDENTE.mp3\">https:\/\/www.radiopiu.net\/wordpress\/wp-content\/uploads\/2021\/08\/PAOLAZZI-INCIDENTE.mp3<\/a><\/audio>\n<p>&nbsp;<\/p>\n<hr \/>\n<p>&nbsp;<\/p>\n<blockquote>\n<h3>BIMBA DI 12 ANNI RICOVERATA PER COVID, UN CASO SOSPETTO AL RIFUGIO AURONZO CHE CHIUDE PER 24 ORE. DIMINUISCONO I POSITIVI IN PROVINCIA. GIOVEDI VACCINAZIONI A QUERO E AGORDO.<\/h3>\n<p>&nbsp;<\/p><\/blockquote>\n<p><strong>BELLUNO<\/strong> Puntuale come ogni inizio settimana arriva il punto della Ulss 1 Dolomiti sulla situazione epidemiologica Covid-19 in provincia di Belluno.<\/p>\n<p>&nbsp;<\/p>\n<p><strong>RICOVERI <\/strong>Sono attualmente ricoverati al San Martino di Belluno 7 pazienti covid positivi, di cui solo uno vaccinato (risultato positivo prima dei 14 giorni dalla somministrazione della dose di vaccino). Dei 7 pazienti covid positivi ricoverati, 1 \u00e8 in terapia intensiva (cinquantenne). In area non critica sono ricoverati : 4 pazienti (di 55,63,64 e 85 anni) in Pneumologia con quadro severo, di cui 2 trattati con ossigenoterapia e 3 pazienti (di 12, 45 e 89 anni) in Malattie infettive. <strong>Nel pomeriggio di ieri, infatti, \u00e8 stata ricoverata anche una bambina di 12 anni.<\/strong> Nel weekend due persone sono state trattate con gli anticorpi monoclonali, senza necessit\u00e0 di ricovero. \u00ab<em>I dati relativi ai ricoveri<\/em>\u00bb commenta il direttore generale Maria Grazia Carraro, \u00ab<em>attestano che il covid determina ancora una casistica clinicamente rilevante, e potenzialmente letale. Questa casistica \u00e8 nella quasi totalit\u00e0 riferita a soggetti non vaccinati, attestando anche localmente che la vaccinazione anti covid a tutt\u2019oggi \u00e8 l\u2019unico strumento scientificamente valido per evitare le forme gravi e mortali di questa malattia ancora purtroppo presente nel nostro territorio e nel mondo<\/em>\u00bb.<\/p>\n<p>&nbsp;<\/p>\n<p>Il grafico sotto riportato rappresenta la curva epidemica relativa allo sviluppo pandemico nel nostro territorio.<\/p>\n<p><a href=\"https:\/\/www.radiopiu.net\/wordpress\/covid-19-il-punto-dellulss-1-dolomiti-su-la-situazione-epidemiologica-in-agordino-si-registrano-casi-solo-ad-alleghe-sette-i-pazienti-ricoverati-a-belluno\/11111-3\/\" rel=\"attachment wp-att-228017\"><img loading=\"lazy\" decoding=\"async\" class=\"aligncenter wp-image-228017 size-full\" src=\"https:\/\/www.radiopiu.net\/wordpress\/wp-content\/uploads\/2021\/08\/11111.jpg\" alt=\"\" width=\"966\" height=\"418\" srcset=\"https:\/\/www.radiopiu.net\/wordpress\/wp-content\/uploads\/2021\/08\/11111.jpg 966w, https:\/\/www.radiopiu.net\/wordpress\/wp-content\/uploads\/2021\/08\/11111-300x130.jpg 300w, https:\/\/www.radiopiu.net\/wordpress\/wp-content\/uploads\/2021\/08\/11111-768x332.jpg 768w\" sizes=\"auto, (max-width: 966px) 100vw, 966px\" \/><\/a><\/p>\n<p>&nbsp;<\/p>\n<p>Nelle ultime tre- quattro settimane la ripresa di alcuni focolai epidemici ha determinato un modesto ma significativo movimento verso l\u2019alto della curva dei contagi. <strong><u>Incidenza settimanale per comune <\/u><\/strong>I casi rilevati nell\u2019ultima settimana sono 69, con un conseguente tasso di incidenza settimanale di 35 casi su 100 mila abitanti, significativamente inferiore\u00a0 all&#8217;incidenza nazionale (75 su 100 mila abitanti). La mappa sottostante rappresenta l\u2019incidenza settimanale per singolo comune. Si ricorda che nei piccoli comuni, anche una piccola casistica determina un\u2019incidenza (casi\/abitanti) significativa, alla luce del piccolo denominatore di popolazione. La casistica illustrata nella mappa deriva dalle code di alcuni focolai epidemici contrastati con grande impegno mediante contact tracing, isolamento dei positivi e quarantena dei contatti. Tali focolai sono stati generati da momenti di aggregazione (feste etc), con successiva estensione ai contatti familiari e amicali.<a href=\"https:\/\/www.radiopiu.net\/wordpress\/covid-19-il-punto-dellulss-1-dolomiti-su-la-situazione-epidemiologica-in-agordino-si-registrano-casi-solo-ad-alleghe-sette-i-pazienti-ricoverati-a-belluno\/2222-3\/\" rel=\"attachment wp-att-228018\"><img loading=\"lazy\" decoding=\"async\" class=\"wp-image-228018 alignleft\" src=\"https:\/\/www.radiopiu.net\/wordpress\/wp-content\/uploads\/2021\/08\/2222-1.jpg\" alt=\"\" width=\"202\" height=\"208\" srcset=\"https:\/\/www.radiopiu.net\/wordpress\/wp-content\/uploads\/2021\/08\/2222-1.jpg 966w, https:\/\/www.radiopiu.net\/wordpress\/wp-content\/uploads\/2021\/08\/2222-1-291x300.jpg 291w, https:\/\/www.radiopiu.net\/wordpress\/wp-content\/uploads\/2021\/08\/2222-1-768x792.jpg 768w\" sizes=\"auto, (max-width: 202px) 100vw, 202px\" \/><\/a><\/p>\n<p>&nbsp;<\/p>\n<p><strong><u>Tamponi <\/u><\/strong>A ieri mattina alle ore 8.00, dall\u2019inizio dell\u2019epidemia, sono stati effettuati: 309 mila tamponi molecolari, 225 mila tamponi antigenici. Si ricorda che dalla scorsa settimana sono attive nuove modalit\u00e0 di erogazione dei tamponi nei drive in aziendali di Belluno San Gervasio, Feltre Anz\u00f9, Agordo e Tai. Sono effettuati senza oneri a carico del cittadino test antigenici per indicazioni cliniche, contact tracing , accessi in\/operatori di strutture sanitarie e Strutture residenziali e semiresidenziali socio-sanitarie territoriali, area della disabilit\u00e0, Servizi ricreativi ed educativi rivolti ai minori, Popolazioni target di particolare interesse epidemiologico Sono effettuati con ONERI A CARICO DEL CITTADINO test antigenici per viaggi all\u2019estero, motivi personali , esigenze di lavoro, altro. COSTI: \u20ac 8,00 test antigenico a minori di et\u00e0 compresa tra i 12 e i 17 anni (nei casi sopra descritti), \u20ac 15,00 test antigenico a persone con 18 e pi\u00f9 anni (nei casi sopra descritti), \u20ac 22,00 test antigenici rapidi per persone non assistite dal Servizio Sanitario Nazionale (stranieri). Sono sempre gratuiti i test antigenici rapidi richiesti dai soggetti esclusi per et\u00e0 dalla campagna di vaccinazione (allo stato attuale &lt;12 anni) o esenti sulla base di certificazione medica rilasciata dall\u2019Azienda ULSS territorialmente competente. Per l\u2019accesso ai punti tamponi aziendali NON \u00e8 necessaria la prenotazione.\u00a0 Il pagamento pu\u00f2 essere effettuato sul posto tramite Pos.<\/p>\n<p>&nbsp;<\/p>\n<p>&nbsp;<\/p>\n<p>&nbsp;<\/p>\n<hr \/>\n<p>&nbsp;<\/p>\n<blockquote>\n<h3>ALLE MINACCE LA RISPOSTA DEL &#8220;NEGOZIATORE&#8221;, EVITATO IL PEGGIO<\/h3>\n<\/blockquote>\n<p><strong>PONTE NELLE ALPI<\/strong>\u00a0 \u00a0Il maresciallo negoziatore del Nucleo Investigativo di Belluno, ovvero lo specialista nelle situazioni con soggetti disagiati-pericolosi\u00a0 \u00e8 riuscito a convincere dopo 15 minuti un 52enne, paziente psichiatrico, a non fare seguito alle sue minacce suicida, a fargli posare la pistola scacciacani e soprattutto farsi ricoverare e soccorrere dai sanitari. A chiamare i Carabinieri \u00e8 stato lo stesso uomo lamentando forti dolori alla testa derivanti da una caduta accidentale in casa.\u00a0 Una volta sul posto medici e infermieri si sono trovati davanti il 52enne pistola in mano. I Carabinieri dell&#8217;Alpago e del Norm di Belluno hanno provveduto a mettere in sicurezza l&#8217;area per permettere al negoziatore\u00a0 di intervenire propio nei momenti in sui si\u00a0 udiva un colpo d&#8217;arma provenire dall&#8217;interno. In casa sequestrata\u00a0 la pistola scacciacani,\u00a0 alcuni colpi a salve, alcool e psicofarmaci.<\/p>\n\n\t\t\t<style type='text\/css'>\n\t\t\t\t#gallery-1 {\n\t\t\t\t\tmargin: auto;\n\t\t\t\t}\n\t\t\t\t#gallery-1 .gallery-item {\n\t\t\t\t\tfloat: left;\n\t\t\t\t\tmargin-top: 10px;\n\t\t\t\t\ttext-align: center;\n\t\t\t\t\twidth: 50%;\n\t\t\t\t}\n\t\t\t\t#gallery-1 img {\n\t\t\t\t\tborder: 2px solid #cfcfcf;\n\t\t\t\t}\n\t\t\t\t#gallery-1 .gallery-caption {\n\t\t\t\t\tmargin-left: 0;\n\t\t\t\t}\n\t\t\t\t\/* see gallery_shortcode() in wp-includes\/media.php *\/\n\t\t\t<\/style>\n\t\t<div id='gallery-1' class='dt-gallery-container gallery galleryid-227835 gallery-columns-2 gallery-size-thumbnail'><dl class='gallery-item'>\n\t\t\t\t<dt class='gallery-icon portrait'>\n\t\t\t\t\t<a class=\"rollover rollover-zoom dt-pswp-item\" title=\"ea007653-c75d-49fe-8760-7b88c4ab9085\" data-dt-img-description=\"\" data-large_image_width=\"450\" data-large_image_height=\"800\"href='https:\/\/www.radiopiu.net\/wordpress\/wp-content\/uploads\/2021\/08\/ea007653-c75d-49fe-8760-7b88c4ab9085.jpg'><img loading=\"lazy\" decoding=\"async\" width=\"150\" height=\"150\" src=\"https:\/\/www.radiopiu.net\/wordpress\/wp-content\/uploads\/2021\/08\/ea007653-c75d-49fe-8760-7b88c4ab9085-150x150.jpg\" class=\"attachment-thumbnail size-thumbnail\" alt=\"\" \/><\/a>\n\t\t\t\t<\/dt><\/dl><dl class='gallery-item'>\n\t\t\t\t<dt class='gallery-icon portrait'>\n\t\t\t\t\t<a class=\"rollover rollover-zoom dt-pswp-item\" title=\"a0db1b80-f14e-48c3-8cec-7ce09bb92938\" data-dt-img-description=\"\" data-large_image_width=\"450\" data-large_image_height=\"800\"href='https:\/\/www.radiopiu.net\/wordpress\/wp-content\/uploads\/2021\/08\/a0db1b80-f14e-48c3-8cec-7ce09bb92938.jpg'><img loading=\"lazy\" decoding=\"async\" width=\"150\" height=\"150\" src=\"https:\/\/www.radiopiu.net\/wordpress\/wp-content\/uploads\/2021\/08\/a0db1b80-f14e-48c3-8cec-7ce09bb92938-150x150.jpg\" class=\"attachment-thumbnail size-thumbnail\" alt=\"\" \/><\/a>\n\t\t\t\t<\/dt><\/dl><br style=\"clear: both\" \/>\n\t\t\t<\/div>\n\n<p>&nbsp;<\/p>\n<hr \/>\n<p>&nbsp;<\/p>\n<blockquote>\n<h3>COSPARGE L&#8217;AUTO DI BENZINA E DA SEGUITO A MINACCE, FONDAMENTALE L&#8217;INTERVENTO DEL &#8220;NEGOZIATORE&#8221;<\/h3>\n<\/blockquote>\n<p><em><img loading=\"lazy\" decoding=\"async\" class=\"alignleft\" src=\"https:\/\/www.radiopiu.net\/wordpress\/wp-content\/uploads\/2021\/08\/7666843e-7fdf-4064-91a3-f02aa06a0cf7.jpg\" width=\"130\" height=\"174\" \/>Nessuno si \u00e8 fatto male&#8230;<\/em><\/p>\n<p><strong>SANTA GIUSTINA<\/strong> Un quarantenne ha seminato il panico dopo un diverbio in famiglia arrivando a cospargere la propria vettura di benzina, pronto per incendiarla brandendo un coltello da macellaio. Il padre ha provato a dissuaderlo ma l&#8217;uomo si \u00e8 chiuso in bagno dando seguito ad uteriori minacce. Per questo l&#8217;intervento del Negoziatore dei Carabinieri del Nucleo di Belluno con i Carabinieri di Santa Giustina e il Norm di Feltre. Pomeriggio impegnativo, dalle 13, tre ore e mezza di dialogo, alla fine l&#8217;uomo \u00e8 stato convinto a farsi ricoverare con un&#8217;unica richiesta: uscire di casa dalla finestra del bagno mediante una scala.<\/p>\n<p>&nbsp;<\/p>\n<p>&nbsp;<\/p>\n<hr \/>\n<p>&nbsp;<\/p>\n<blockquote>\n<h3>SCONTRO ALL&#8217;ALBA A LE CAMPE, INVESTIMENTO IN CENTRO<\/h3>\n<p><strong>AGORDO<\/strong>\u00a0 Ieri mattina\u00a0 alle 6\u00a0 lungo la 203 agordina a Le Campe sono entrate in collisione una Volkswagen T-Roc e una Fiat Punto per cause in corso di accertamento da parte dei Carabinieri. Danni alle auto e solo spavento nei conducenti. I due coinvolti hanno riportato ferite lievi e sono stati trasportati solamente per precauzione e accertamenti all&#8217;ospedale di Agordo.<\/p><\/blockquote>\n<p><strong>Sempre nella prima mattinata di ieri, ad Agordo, l&#8217;ambulanza del pronto soccorso \u00e8 stata chiamata in centro\u00a0 per un investimento. Il pedone non ha accusato gravi conseguenze. \u00c8 stato comunque visitato in ospedale<\/strong><\/p>\n<p>&nbsp;<\/p>\n<p>&nbsp;<\/p>\n<hr \/>\n<blockquote>\n<h3>INFORTUNIO AL GINOCCHIO SOPRA IL RIFUGIO AVERAU<\/h3>\n<\/blockquote>\n<p><strong><a href=\"https:\/\/www.radiopiu.net\/wordpress\/il-soccorso-alpino-ritorna-al-vazzoler\/th-172\/\" rel=\"attachment wp-att-225856\"><img loading=\"lazy\" decoding=\"async\" class=\"size-full wp-image-225856 alignleft\" src=\"https:\/\/www.radiopiu.net\/wordpress\/wp-content\/uploads\/2021\/08\/th.jpg\" alt=\"\" width=\"222\" height=\"167\" \/><\/a> <\/strong><\/p>\n<p><strong>\u00a0<\/strong><\/p>\n<p><strong>CORTINA<\/strong> Ieri attorno alle 10 una squadra del Soccorso alpino di Cortina ha raggiunto in jeep un escursionista di Udine, U.C., 48 anni, che, 50 metri sopra il Rifugio Averau, si era fatto male a un ginocchio e non era pi\u00f9 in grado di camminare. I soccorritori hanno poi accompagnato l&#8217;uomo fino al Codivilla.<\/p>\n<p>&nbsp;<\/p>\n<p>&nbsp;<\/p>\n<p>&nbsp;<\/p>\n<hr \/>\n<p>&nbsp;<\/p>\n<blockquote>\n<h3>SOCCORSA UNA TREDICENNE VERSO IL RIFUGIO SETTIMO ALPINI<\/h3>\n<\/blockquote>\n<p><strong><a href=\"https:\/\/www.radiopiu.net\/wordpress\/precipita-dalla-ferrata-e-muore\/soccorso-alpino-2019\/\" rel=\"attachment wp-att-96479\"><img loading=\"lazy\" decoding=\"async\" class=\" wp-image-96479 alignleft\" src=\"https:\/\/www.radiopiu.net\/wordpress\/wp-content\/uploads\/2019\/08\/SOCCORSO-ALPINO-2019-300x225.jpg\" alt=\"\" width=\"232\" height=\"174\" srcset=\"https:\/\/www.radiopiu.net\/wordpress\/wp-content\/uploads\/2019\/08\/SOCCORSO-ALPINO-2019-300x225.jpg 300w, https:\/\/www.radiopiu.net\/wordpress\/wp-content\/uploads\/2019\/08\/SOCCORSO-ALPINO-2019-768x576.jpg 768w, https:\/\/www.radiopiu.net\/wordpress\/wp-content\/uploads\/2019\/08\/SOCCORSO-ALPINO-2019-1024x768.jpg 1024w, https:\/\/www.radiopiu.net\/wordpress\/wp-content\/uploads\/2019\/08\/SOCCORSO-ALPINO-2019.jpg 1600w\" sizes=\"auto, (max-width: 232px) 100vw, 232px\" \/><\/a> <\/strong><\/p>\n<p><strong>\u00a0<\/strong><\/p>\n<p><strong>BELLUNO<\/strong> Attorno alle 13.30 l&#8217;elicottero del Suem di Pieve di Cadore \u00e8 decollato in direzione del Rifugio Settimo alpini, sotto alla Schiara, per una giovane escursionista che si era fatta male. Atterrati in piazzola, personale medico e tecnico di elisoccorso hanno raggiunto la tredicenne di Alano di Piave (BL), che si trovava con i familiari e aveva riportato un sospetto trauma alla caviglia. La ragazza \u00e8 stata trasportata all&#8217;ospedale di Belluno.<\/p>\n<p>&nbsp;<\/p>\n<p>&nbsp;<\/p>\n<p>&nbsp;<\/p>\n<hr \/>\n<p>&nbsp;<\/p>\n<blockquote>\n<h3>FURTI A SELVA DI CADORE: PER SILVIA CESTARO IL CONTROLLO DI VICINATO E&#8217; SERVITO<\/h3>\n<\/blockquote>\n<p><strong><a href=\"https:\/\/www.radiopiu.net\/wordpress\/sport-e-contributi-lappello-dellassessore-regionale-silvia-cestaro\/cestaro-8\/\" rel=\"attachment wp-att-214182\"><img loading=\"lazy\" decoding=\"async\" class=\" wp-image-214182 alignleft\" src=\"https:\/\/www.radiopiu.net\/wordpress\/wp-content\/uploads\/2021\/06\/Cestaro-300x296.jpeg\" alt=\"\" width=\"146\" height=\"144\" srcset=\"https:\/\/www.radiopiu.net\/wordpress\/wp-content\/uploads\/2021\/06\/Cestaro-300x296.jpeg 300w, https:\/\/www.radiopiu.net\/wordpress\/wp-content\/uploads\/2021\/06\/Cestaro-768x757.jpeg 768w, https:\/\/www.radiopiu.net\/wordpress\/wp-content\/uploads\/2021\/06\/Cestaro.jpeg 1022w\" sizes=\"auto, (max-width: 146px) 100vw, 146px\" \/><\/a>SELVA DI CADORE<\/strong><\/p>\n<p>di Gianni Santomaso<\/p>\n<audio class=\"wp-audio-shortcode\" id=\"audio-227835-2\" preload=\"none\" style=\"width: 100%;\" controls=\"controls\"><source type=\"audio\/mpeg\" src=\"https:\/\/www.radiopiu.net\/wordpress\/wp-content\/uploads\/2021\/08\/GIANNI-FURTI-SELVA.mp3?_=2\" \/><a href=\"https:\/\/www.radiopiu.net\/wordpress\/wp-content\/uploads\/2021\/08\/GIANNI-FURTI-SELVA.mp3\">https:\/\/www.radiopiu.net\/wordpress\/wp-content\/uploads\/2021\/08\/GIANNI-FURTI-SELVA.mp3<\/a><\/audio>\n<p>&nbsp;<\/p>\n<hr \/>\n<p>&nbsp;<\/p>\n<blockquote>\n<h2>ACC L&#8217;OK DI BRUXELLES AL PIANO ITALIANO<\/h2>\n<\/blockquote>\n<p><strong>BORGO VALBELLUNA<\/strong> La Commissione europea ha approvato l&#8217;investimento da 450 milioni di euro a sostegno delle grandi imprese in difficolt\u00e0 finanziarie temporanee a causa della pandemia di Coronavirus. Punto importante per le sorti di Acc che contava su questo prestito per poter risollevare la propria produzione oggi ridotta per mancanza di liquidit\u00e0. Rester\u00e0 da capire se i decreti direttoriali che saranno emanati nelle prossime settimane dagli uffici ministeriali prevederanno la possibilit\u00e0 anche per Acc di accedervi.<\/p>\n<p>&nbsp;<\/p>\n<p>&nbsp;<\/p>\n<hr \/>\n<p>&nbsp;<\/p>\n<blockquote class=\"wp-embedded-content\" data-secret=\"FOOL54kPiX\"><p><a href=\"https:\/\/www.radiopiu.net\/wordpress\/aggiornamentoago16\/\">CORONAVIRUS: AGGIORNAMENTO NAZIONALE 16 AGOSTO  2021<\/a><\/p><\/blockquote>\n<p><iframe loading=\"lazy\" class=\"wp-embedded-content\" sandbox=\"allow-scripts\" security=\"restricted\" style=\"position: absolute; clip: rect(1px, 1px, 1px, 1px);\" title=\"&#8220;CORONAVIRUS: AGGIORNAMENTO NAZIONALE 16 AGOSTO  2021&#8221; &#8212; Radio Pi\u00f9\" src=\"https:\/\/www.radiopiu.net\/wordpress\/aggiornamentoago16\/embed\/#?secret=FOOL54kPiX\" data-secret=\"FOOL54kPiX\" width=\"600\" height=\"338\" frameborder=\"0\" marginwidth=\"0\" marginheight=\"0\" scrolling=\"no\"><\/iframe><\/p>\n<p>&nbsp;<\/p>\n<blockquote class=\"wp-embedded-content\" data-secret=\"fHjSomgOJS\"><p><a href=\"https:\/\/www.radiopiu.net\/wordpress\/nelle-ultime-24-ore-si-registrano-291-nuove-positivita-nessun-decesso-ma-aumentano-i-ricoveri-in-ospedale\/\">NELLE ULTIME 24 ORE SI REGISTRANO 291 NUOVE POSITIVITA&#8217;, NESSUN DECESSO MA AUMENTANO I RICOVERI IN OSPEDALE<\/a><\/p><\/blockquote>\n<p><iframe loading=\"lazy\" class=\"wp-embedded-content\" sandbox=\"allow-scripts\" security=\"restricted\" style=\"position: absolute; clip: rect(1px, 1px, 1px, 1px);\" title=\"&#8220;NELLE ULTIME 24 ORE SI REGISTRANO 291 NUOVE POSITIVITA&#8217;, NESSUN DECESSO MA AUMENTANO I RICOVERI IN OSPEDALE&#8221; &#8212; Radio Pi\u00f9\" src=\"https:\/\/www.radiopiu.net\/wordpress\/nelle-ultime-24-ore-si-registrano-291-nuove-positivita-nessun-decesso-ma-aumentano-i-ricoveri-in-ospedale\/embed\/#?secret=fHjSomgOJS\" data-secret=\"fHjSomgOJS\" width=\"600\" height=\"338\" frameborder=\"0\" marginwidth=\"0\" marginheight=\"0\" scrolling=\"no\"><\/iframe><\/p>\n<p>&nbsp;<\/p>\n<h3>I GRAFICI DI TIZIANO DE COL<\/h3>\n\n\t\t\t<style type='text\/css'>\n\t\t\t\t#gallery-2 {\n\t\t\t\t\tmargin: auto;\n\t\t\t\t}\n\t\t\t\t#gallery-2 .gallery-item {\n\t\t\t\t\tfloat: left;\n\t\t\t\t\tmargin-top: 10px;\n\t\t\t\t\ttext-align: center;\n\t\t\t\t\twidth: 20%;\n\t\t\t\t}\n\t\t\t\t#gallery-2 img {\n\t\t\t\t\tborder: 2px solid #cfcfcf;\n\t\t\t\t}\n\t\t\t\t#gallery-2 .gallery-caption {\n\t\t\t\t\tmargin-left: 0;\n\t\t\t\t}\n\t\t\t\t\/* see gallery_shortcode() in wp-includes\/media.php *\/\n\t\t\t<\/style>\n\t\t<div id='gallery-2' class='dt-gallery-container gallery galleryid-227835 gallery-columns-5 gallery-size-thumbnail'><dl class='gallery-item'>\n\t\t\t\t<dt class='gallery-icon landscape'>\n\t\t\t\t\t<a class=\"rollover rollover-zoom dt-pswp-item\" title=\"5338e73c-a067-4f12-a27b-0305be830e44\" data-dt-img-description=\"\" data-large_image_width=\"583\" data-large_image_height=\"355\"href='https:\/\/www.radiopiu.net\/wordpress\/wp-content\/uploads\/2021\/08\/5338e73c-a067-4f12-a27b-0305be830e44.jpg'><img loading=\"lazy\" decoding=\"async\" width=\"150\" height=\"150\" src=\"https:\/\/www.radiopiu.net\/wordpress\/wp-content\/uploads\/2021\/08\/5338e73c-a067-4f12-a27b-0305be830e44-150x150.jpg\" class=\"attachment-thumbnail size-thumbnail\" alt=\"\" \/><\/a>\n\t\t\t\t<\/dt><\/dl><dl class='gallery-item'>\n\t\t\t\t<dt class='gallery-icon landscape'>\n\t\t\t\t\t<a class=\"rollover rollover-zoom dt-pswp-item\" title=\"5df6bb54-c0e9-462c-bbfe-48f26634f04b\" data-dt-img-description=\"\" data-large_image_width=\"600\" data-large_image_height=\"360\"href='https:\/\/www.radiopiu.net\/wordpress\/wp-content\/uploads\/2021\/08\/5df6bb54-c0e9-462c-bbfe-48f26634f04b.jpg'><img loading=\"lazy\" decoding=\"async\" width=\"150\" height=\"150\" src=\"https:\/\/www.radiopiu.net\/wordpress\/wp-content\/uploads\/2021\/08\/5df6bb54-c0e9-462c-bbfe-48f26634f04b-150x150.jpg\" class=\"attachment-thumbnail size-thumbnail\" alt=\"\" \/><\/a>\n\t\t\t\t<\/dt><\/dl><dl class='gallery-item'>\n\t\t\t\t<dt class='gallery-icon landscape'>\n\t\t\t\t\t<a class=\"rollover rollover-zoom dt-pswp-item\" title=\"f2871f66-ad6e-4cd4-bf61-210f3bbbc8e3\" data-dt-img-description=\"\" data-large_image_width=\"602\" data-large_image_height=\"359\"href='https:\/\/www.radiopiu.net\/wordpress\/wp-content\/uploads\/2021\/08\/f2871f66-ad6e-4cd4-bf61-210f3bbbc8e3.jpg'><img loading=\"lazy\" decoding=\"async\" width=\"150\" height=\"150\" src=\"https:\/\/www.radiopiu.net\/wordpress\/wp-content\/uploads\/2021\/08\/f2871f66-ad6e-4cd4-bf61-210f3bbbc8e3-150x150.jpg\" class=\"attachment-thumbnail size-thumbnail\" alt=\"\" \/><\/a>\n\t\t\t\t<\/dt><\/dl><dl class='gallery-item'>\n\t\t\t\t<dt class='gallery-icon landscape'>\n\t\t\t\t\t<a class=\"rollover rollover-zoom dt-pswp-item\" title=\"c5f73750-5842-4e84-a819-934b5bae0871\" data-dt-img-description=\"\" data-large_image_width=\"608\" data-large_image_height=\"352\"href='https:\/\/www.radiopiu.net\/wordpress\/wp-content\/uploads\/2021\/08\/c5f73750-5842-4e84-a819-934b5bae0871.jpg'><img loading=\"lazy\" decoding=\"async\" width=\"150\" height=\"150\" src=\"https:\/\/www.radiopiu.net\/wordpress\/wp-content\/uploads\/2021\/08\/c5f73750-5842-4e84-a819-934b5bae0871-150x150.jpg\" class=\"attachment-thumbnail size-thumbnail\" alt=\"\" \/><\/a>\n\t\t\t\t<\/dt><\/dl><dl class='gallery-item'>\n\t\t\t\t<dt class='gallery-icon landscape'>\n\t\t\t\t\t<a class=\"rollover rollover-zoom dt-pswp-item\" title=\"19a9e01a-ed8f-4de6-998f-749febb4c3bf\" data-dt-img-description=\"\" data-large_image_width=\"610\" data-large_image_height=\"356\"href='https:\/\/www.radiopiu.net\/wordpress\/wp-content\/uploads\/2021\/08\/19a9e01a-ed8f-4de6-998f-749febb4c3bf.jpg'><img loading=\"lazy\" decoding=\"async\" width=\"150\" height=\"150\" src=\"https:\/\/www.radiopiu.net\/wordpress\/wp-content\/uploads\/2021\/08\/19a9e01a-ed8f-4de6-998f-749febb4c3bf-150x150.jpg\" class=\"attachment-thumbnail size-thumbnail\" alt=\"\" \/><\/a>\n\t\t\t\t<\/dt><\/dl><br style=\"clear: both\" \/>\n\t\t\t<\/div>\n\n<p>&nbsp;<\/p>\n<hr \/>\n<p>&nbsp;<\/p>\n<blockquote>\n<h3>MANOVRA PROGETTO FAMIGLIA, SUPPORTO AI NUCLEI FAMIGLIARI<\/h3>\n<\/blockquote>\n<p><strong><img loading=\"lazy\" decoding=\"async\" class=\"alignleft\" src=\"https:\/\/www.radiopiu.net\/wordpress\/wp-content\/uploads\/2020\/05\/images-1.jpg\" width=\"218\" height=\"145\" \/>SOSPIROLO\u00a0<\/strong><\/p>\n<p>AUDIO<\/p>\n<p><strong>DI DAMIANO TORMEN\u00a0<\/strong><\/p>\n<audio class=\"wp-audio-shortcode\" id=\"audio-227835-3\" preload=\"none\" style=\"width: 100%;\" controls=\"controls\"><source type=\"audio\/mpeg\" src=\"https:\/\/www.radiopiu.net\/wordpress\/wp-content\/uploads\/2021\/08\/damiano-sosspirolo.mp3?_=3\" \/><a href=\"https:\/\/www.radiopiu.net\/wordpress\/wp-content\/uploads\/2021\/08\/damiano-sosspirolo.mp3\">https:\/\/www.radiopiu.net\/wordpress\/wp-content\/uploads\/2021\/08\/damiano-sosspirolo.mp3<\/a><\/audio>\n<p>&nbsp;<\/p>\n<hr \/>\n<blockquote>\n<h2><\/h2>\n<h2>LEGGI LA CONFERENZA STAMPA DEL PRESIDENTE ZAIA<\/h2>\n<p><em>Dal 13 agosto 1.832 ragazzi sono venuti a vaccinarsi utilizzando l&#8217;accesso diretto.\u00a0 Dai 12 ai 25 anni, i giovani possono presentarsi in qualsiasi centro vaccinale del Veneto ogni giorno, senza alcuna prenotazione.<\/em><\/p><\/blockquote>\n<p>446mila positivi almeno 420 mila sono stati curati in casa. Oggi +11 pazienti in area non critica e +2 in terapia intensiva: questo ci dice che nonostante tutto il virus c&#8217;\u00e8 e i ricoveri ci sono.<strong> L&#8217;idrossiclorochina<\/strong> nel protocollo del Veneto che detta le linee guida \u00e8 prevista, ovviamente dipende dal medico curante il suo uso o meno.<strong> Il 76% dei ricoverati non si \u00e8 vaccinato<\/strong> o ha avuto solo una dose, il 64% non si \u00e8 proprio vaccinato e questo ci dice che il vaccino (copertura dichiarata 84%) funziona, crescendo con l&#8217;et\u00e0 cala pero&#8217; la risposta anticorpale .Non si possono curare tutti a casa il\u00a0 5% di pazienti hanno bisogno dell&#8217;ospedale e 500 persone ricoverate in terapia intensiva Covid significa paralizzare la Sanit\u00e0 del Veneto. Dal 13 di agosto ad oggi abbiamo avuto 1832 ragazzi 12-25 anni su 13772 vaccini. l 13 agosto ho letto un articolo sul Financial TImes che parla dell&#8217;esperienza israeliana: dice che in Israele a marzo hanno tolto le mascherine e c&#8217;\u00e8 stata un recrudescenza del virus, distanziamento e mascherina hanno invece qui evitato il peggio. <strong>VACCINATI<\/strong> 99% sopra il ottant&#8217;anni,\u00a0 70-79 anni\u00a0 92%, 60-69 anni 87%\u00a0 50-59 anni 79%\u00a0 40-49anni 70% 30-39 anni\u00a0 66%\u00a0 20-29 anni 71%\u00a0 12-19 anni 55% media regionale 77,2% di cittadini veneti con una o due dosi. <strong>ECONOMIA<\/strong> boom dei fatturati che supera l&#8217;estate 2019, soprattutto al mare,\u00a0 i tedeschi hanno programmato la vacanza in auto da noi\u00a0 sta ripartendo anche il fronte delle assunzioni. C&#8217;\u00e8 sempre l&#8217;incertezza del futuro per le varianti e la tanti voci che si sentono. <strong>IL RICORDO DI GINO STRADA<\/strong> Una morte improvvisa, l&#8217;ho incontrato a Marghera, era molto provato. Mi aveva parlato del progetto, un ambulatorio per gli emarginati e dissi subito di si.\u00a0 Piaccia o non piaccia \u00e8 un uomo che ha lasciato un segno nella storia. Bisogna avere rispetto della morte, i social non legittimano chiunque a scrivere tutto quello che gli passa per la testa, bisogna avere sempre rispetto, sempre. Sembra non esserci pi\u00f9 connessione tra il cervello e il dito che scrive. <strong>AFGHATNISTA E CORRIDOI UMANITARI<\/strong> ho sentito stamani il ministro Di Maio, ci stiamo interessando anche della signora afghana bloccata. Mi ha detto che stanno facendo corridoi umanitari censendo le persone nei casi di ricongiungimenti familiari. Venti anni di guerra \u00e8 questo l&#8217;esito. Vedo che il capo dei talebani ragiona da capo di Stato, vogliamo riconoscere questo Stato? Direi decisamente no. Abbiamo sprecato 500milioni all&#8217;anno, per fare che? Per portare a casa nulla.\u00a0 &#8220;il mondo si \u00e8 dimenticato di noi&#8221;, \u00e8 drammatico il video della ragazza.<\/p>\n<blockquote>\n<h3>ASSESSORE MANUELA LANZARIN, SANITARI NON VACCINATI<\/h3>\n<\/blockquote>\n<p>17mila 500 sanitari non ancora vaccinati (erano 17mila 700 la settimana scorsa), tra pubbblici e provati accreditati, farmacisti e coloro che lavorano nelle Rsa. 4.816 tra medici e personale degli ospedali (erano 4900 la settimana scorsa). Le Ulls continuano a procedere con le valutazioni, accertamenti e procedure standard legate all&#8217;articolo 44 della legge che prevede l&#8217;obbligo vaccinale. Siamo sulle 100 persone sospese, la Ulss 6 ha sospeso anche alcuni medici di famiglia. Ma la sospensione \u00e8 l&#8217;extrema ratio.<\/p>\n<p><a href=\"https:\/\/www.facebook.com\/zaiaufficiale\/videos\/520790725859631\">https:\/\/www.facebook.com\/zaiaufficiale\/videos\/520790725859631<\/a><\/p>\n<p>&nbsp;<\/p>\n<hr \/>\n<p>&nbsp;<\/p>\n<blockquote>\n<h3>TURISMO ESTIVO IN CRESCITA, BUONE PROSPETTIVE PER LE IMPRESE ARTIGIANE<\/h3>\n<\/blockquote>\n<p><strong><a href=\"https:\/\/www.radiopiu.net\/wordpress\/la-presidente-di-confartigianato-claudia-scarzanella-parla-delle-sfide-territoriali-per-lanno-che-verra\/claudia-scarzanella-confartigianato\/\" rel=\"attachment wp-att-182277\"><img loading=\"lazy\" decoding=\"async\" class=\" wp-image-182277 alignleft\" src=\"https:\/\/www.radiopiu.net\/wordpress\/wp-content\/uploads\/2020\/12\/CLAUDIA-SCARZANELLA-CONFARTIGIANATO-300x236.png\" alt=\"\" width=\"187\" height=\"147\" srcset=\"https:\/\/www.radiopiu.net\/wordpress\/wp-content\/uploads\/2020\/12\/CLAUDIA-SCARZANELLA-CONFARTIGIANATO-300x236.png 300w, https:\/\/www.radiopiu.net\/wordpress\/wp-content\/uploads\/2020\/12\/CLAUDIA-SCARZANELLA-CONFARTIGIANATO-1024x804.png 1024w, https:\/\/www.radiopiu.net\/wordpress\/wp-content\/uploads\/2020\/12\/CLAUDIA-SCARZANELLA-CONFARTIGIANATO-768x603.png 768w, https:\/\/www.radiopiu.net\/wordpress\/wp-content\/uploads\/2020\/12\/CLAUDIA-SCARZANELLA-CONFARTIGIANATO.png 1042w\" sizes=\"auto, (max-width: 187px) 100vw, 187px\" \/><\/a>BELLUNO<\/strong> \u00ab<em>I turisti che vengono in questo periodo nella nostra provincia, quasi sempre entrano in contatto con il mondo dell\u2019artigianato. O per la ricettivit\u00e0, spesso affidata a piccole medie imprese. O per i prodotti artistici e gastronomici che diventano souvenir. O ancora per i sapori del territorio, preparati nei bar e ne ristoranti<\/em>\u00bb. \u00c8 il commento della presidente di Confartigianato Belluno, Claudia Scarzanella, alle buone indicazioni arrivate nelle ultime settimane dal settore del turismo. I dati a livello nazionale infatti parlano di un italiano su due in vacanza nello Stivale. E le sensazioni tra le localit\u00e0 bellunesi pi\u00f9 vocate alle vacanze confermano i numeri.<\/p>\n<p>&nbsp;<\/p>\n<p>&nbsp;<\/p>\n<hr \/>\n<p>&nbsp;<\/p>\n<blockquote>\n<h3>SCUOLA EDILE DI SEDICO E COMUNE DI COLLE SANTA LUCIA ASSIEME PER SISTEMARE I MURETTI A SECCO DEI SENTIERI<\/h3>\n<\/blockquote>\n<p><strong><a href=\"https:\/\/www.radiopiu.net\/wordpress\/scuola-edile-di-sedico-e-comune-di-colle-santa-lucia-assieme-per-sistemare-i-muretti-a-secco-dei-sentieri\/muro-a-secco\/\" rel=\"attachment wp-att-228038\"><img loading=\"lazy\" decoding=\"async\" class=\" wp-image-228038 alignleft\" src=\"https:\/\/www.radiopiu.net\/wordpress\/wp-content\/uploads\/2021\/08\/MURO-A-SECCO-300x207.jpg\" alt=\"\" width=\"164\" height=\"113\" srcset=\"https:\/\/www.radiopiu.net\/wordpress\/wp-content\/uploads\/2021\/08\/MURO-A-SECCO-300x207.jpg 300w, https:\/\/www.radiopiu.net\/wordpress\/wp-content\/uploads\/2021\/08\/MURO-A-SECCO-1024x708.jpg 1024w, https:\/\/www.radiopiu.net\/wordpress\/wp-content\/uploads\/2021\/08\/MURO-A-SECCO-768x531.jpg 768w, https:\/\/www.radiopiu.net\/wordpress\/wp-content\/uploads\/2021\/08\/MURO-A-SECCO-1536x1062.jpg 1536w, https:\/\/www.radiopiu.net\/wordpress\/wp-content\/uploads\/2021\/08\/MURO-A-SECCO.jpg 1920w\" sizes=\"auto, (max-width: 164px) 100vw, 164px\" \/><\/a>COLLE SANTA LUCIA<\/strong><\/p>\n<p>di Gianni Santomaso<\/p>\n<audio class=\"wp-audio-shortcode\" id=\"audio-227835-4\" preload=\"none\" style=\"width: 100%;\" controls=\"controls\"><source type=\"audio\/mpeg\" src=\"https:\/\/www.radiopiu.net\/wordpress\/wp-content\/uploads\/2021\/08\/GIANNI-SCUOLA-EDILE.mp3?_=4\" \/><a href=\"https:\/\/www.radiopiu.net\/wordpress\/wp-content\/uploads\/2021\/08\/GIANNI-SCUOLA-EDILE.mp3\">https:\/\/www.radiopiu.net\/wordpress\/wp-content\/uploads\/2021\/08\/GIANNI-SCUOLA-EDILE.mp3<\/a><\/audio>\n<p>&nbsp;<\/p>\n<hr \/>\n<p>&nbsp;<\/p>\n<blockquote>\n<h3>&#8220;VENTI DI GUERRA, VENTI DI TEMPESTA&#8221;<\/h3>\n<\/blockquote>\n<p><strong><a href=\"https:\/\/www.radiopiu.net\/wordpress\/giornale-radiopiu-17-agosto-2021-direttore-mirko-mezzacasa\/vaia-21-agosto\/\" rel=\"attachment wp-att-227997\"><img loading=\"lazy\" decoding=\"async\" class=\"size-medium wp-image-227997 alignleft\" src=\"https:\/\/www.radiopiu.net\/wordpress\/wp-content\/uploads\/2021\/08\/VAIA-21-AGOSTO-212x300.jpg\" alt=\"\" width=\"212\" height=\"300\" srcset=\"https:\/\/www.radiopiu.net\/wordpress\/wp-content\/uploads\/2021\/08\/VAIA-21-AGOSTO-212x300.jpg 212w, https:\/\/www.radiopiu.net\/wordpress\/wp-content\/uploads\/2021\/08\/VAIA-21-AGOSTO-724x1024.jpg 724w, https:\/\/www.radiopiu.net\/wordpress\/wp-content\/uploads\/2021\/08\/VAIA-21-AGOSTO-768x1086.jpg 768w, https:\/\/www.radiopiu.net\/wordpress\/wp-content\/uploads\/2021\/08\/VAIA-21-AGOSTO-1087x1536.jpg 1087w, https:\/\/www.radiopiu.net\/wordpress\/wp-content\/uploads\/2021\/08\/VAIA-21-AGOSTO.jpg 1240w\" sizes=\"auto, (max-width: 212px) 100vw, 212px\" \/><\/a>VAL DI ZOLDO<\/strong> Sabato 21 agosto in Val Pramper, Val di Zoldo, alle ore 11, partira\u0300 l\u2019itinerario \u201cVenti di guerra, venti di tempesta\u201d: un\u2019iniziativa finanziata nell&#8217;ambito dell&#8217;Accordo tra Presidenza del Consiglio dei Ministri e Regione del Veneto per la valorizzazione dei territori colpiti dall&#8217;Evento Vaia in memoria della Grande Guerra, eventi catastrofici che hanno cambiato i connotati del paesaggio alpino. Nell\u2019ottobre del 2019 l\u2019associazione Mont de Vie, che promuove la cultura della montagna abitata, aveva organizzato un primo itinerario in Pian de Palui, con quattro artisti che si erano ispirati agli schianti di Vaia realizzando disegni, sculture e installazioni, il tutto accompagnato da un commento musicale. Seguiva uno spettacolo teatrale sulla follia della guerra, incentrato su Caporetto. Quest\u2019anno il progetto e\u0300 proseguito con una serie di laboratori didattici nelle scuole di Zoldo e si chiude con l\u2019evento del 21 agosto, in cui i creativi Sara Casal, Pompeo De Pellegrin, Merino Mattiuzzi e Fabio Santin ripropongono le loro opere, introducendo \u201cAlbero gentilmente modificato\u201d dell\u2019artista trevigiano Piero Casarin. Il gruppo teatrale di Zoldo, coordinato da Paola Brolati, presentera\u0300 la pie\u0300ce \u201cFurono sempre le donne a portare\u201d, dedicato alle portatrici carniche e a tutte le donne che hanno portato pesi sulle spalle, mentre il commento musicale sara\u0300 a cura di Charly Gamba. Pian de Palui si puo\u0300 raggiungere a piedi in un\u2019ora da Pralongo, oppure con navetta gratuita alle ore 10 e 10.30. Per informazioni e prenotazioni (necessarie per la navetta): Associazione Mont de Vie 3482932772.<\/p>\n<p>&nbsp;<\/p>\n<p>&nbsp;<\/p>\n<hr \/>\n<p>&nbsp;<\/p>\n<blockquote>\n<h3><strong>I delitti di Alleghe alla radio con l&#8217;attore Roberto Faoro. oggi l&#8217;ultima puntata ma si possono riascoltare tutte in podcast sul sito di radio piu<\/strong><\/h3>\n<p><a href=\"https:\/\/www.radiopiu.net\/wordpress\/giornale-radiopiu-28-giugno-2021-direttore-mirko-mezzacasa\/d387af2d-5fd5-45f0-aac2-6b610c874311\/\" rel=\"attachment wp-att-218517\"><img loading=\"lazy\" decoding=\"async\" class=\"size-medium wp-image-218517 alignleft\" src=\"https:\/\/www.radiopiu.net\/wordpress\/wp-content\/uploads\/2021\/06\/d387af2d-5fd5-45f0-aac2-6b610c874311-300x225.jpg\" alt=\"\" width=\"300\" height=\"225\" srcset=\"https:\/\/www.radiopiu.net\/wordpress\/wp-content\/uploads\/2021\/06\/d387af2d-5fd5-45f0-aac2-6b610c874311-300x225.jpg 300w, https:\/\/www.radiopiu.net\/wordpress\/wp-content\/uploads\/2021\/06\/d387af2d-5fd5-45f0-aac2-6b610c874311-1024x768.jpg 1024w, https:\/\/www.radiopiu.net\/wordpress\/wp-content\/uploads\/2021\/06\/d387af2d-5fd5-45f0-aac2-6b610c874311-768x576.jpg 768w, https:\/\/www.radiopiu.net\/wordpress\/wp-content\/uploads\/2021\/06\/d387af2d-5fd5-45f0-aac2-6b610c874311-1536x1152.jpg 1536w, https:\/\/www.radiopiu.net\/wordpress\/wp-content\/uploads\/2021\/06\/d387af2d-5fd5-45f0-aac2-6b610c874311.jpg 1600w\" sizes=\"auto, (max-width: 300px) 100vw, 300px\" \/><\/a>Il mistero avvolge la\u00a0<strong>Provincia di Belluno<\/strong>!\u00a0<strong>Alleghe<\/strong>\u00a0\u00e8 una rinomata localit\u00e0 turistica baciata da un&#8217;incantevole cornice naturale, immersa sulle\u00a0<strong>Dolomiti Bellunesi<\/strong>.<\/p><\/blockquote>\n<p>Questo piccolo paese montano \u00e8 stato teatro di un&#8217;oscura vicenda delittuosa, che racchiude in s\u00e8 i meccanismi tipici e le dinamiche pi\u00f9 inquietanti della\u00a0<strong>cronaca nera<\/strong>. Una lunga sequenza di morti distribuite su un arco temporale lungo ben tredici anni, archiviate dalla\u00a0<strong>magistratura italiana<\/strong>\u00a0nelle maniere pi\u00f9 fantasiose che, grazie alla curiosit\u00e0, lungimiranza e intraprendenza di\u00a0<strong>Sergio Saviane<\/strong>\u00a0prima e di un abile carabiniere poi, \u00e8 stata portata faticosamente alla luce.\u00a0Questi casi, a piena ragione, sono tuttora etichettati come\u00a0<strong>&#8220;I Misteri di Alleghe&#8221;<\/strong>.<\/p>\n<p>Per la prima volta nella storia del libro I Misteri di Alleghe grazie a <strong><em>Radio Pi\u00f9 e Mirko Mezzacasa e alla voce di Roberto Faoro <\/em><\/strong>la voce di Saviane raggiunge Alleghe, entra nelle case, libera, senza ostacoli dove a distanza di oltre 50 anni non \u00e8 ancora possibile portare lo spettacolo teatrale. In questo modo diamo il diritto di scegliere alla popolazione, di ascoltare liberi. Questa \u00e8 la meraviglia della Radio, un bene prezioso per la collettivit\u00e0 a tutto campo, dalla cultura all\u2019informazione.<\/p>\n<p>Un atto d\u2019amore nei confronti del grande giornalista e di questo incredibile libro, di questa incredibile storia, unica al mondo e non solo per la cronaca nera ma soprattutto per il coraggio dimostrato da tanti protagonisti senza i quali Saviane non avrebbe potuto raccontare nulla. \u00a0Le musiche sono di Antonio Fiabane, al pianoforte Mambrini.<\/p>\n<p>Ascolta i podcast delle puntate, cliccando sul seguente link:<\/p>\n<p><a href=\"http:\/\/www.radiopiu.net\/wordpress\/i-misteri-di-alleghe-di-sergio-saviane-alla-radio-con-lattore-roberto-faoro-il-podcast\/\">www.radiopiu.net\/wordpress\/i-misteri-di-alleghe-di-sergio-saviane-alla-radio-con-lattore-roberto-faoro-il-podcast\/<\/a><\/p>\n<p><strong>\u00a0<\/strong><\/p>\n<p>&nbsp;<\/p>\n<p>&nbsp;<\/p>\n<p>&nbsp;<\/p>\n<hr \/>\n<p>&nbsp;<\/p>\n<blockquote>\n<h3>SUL BROI DI AGORDO IL CINEMA ALL&#8217;APERTO<\/h3>\n<\/blockquote>\n<p><strong><a href=\"https:\/\/www.radiopiu.net\/wordpress\/giornale-radiopiu-10-agosto-2021-direttore-mirko-mezzacasa\/photo_2021-08-09_12-19-00\/\" rel=\"attachment wp-att-226842\"><img loading=\"lazy\" decoding=\"async\" class=\"size-medium wp-image-226842 alignleft\" src=\"https:\/\/www.radiopiu.net\/wordpress\/wp-content\/uploads\/2021\/08\/photo_2021-08-09_12-19-00-300x169.jpg\" alt=\"\" width=\"300\" height=\"169\" srcset=\"https:\/\/www.radiopiu.net\/wordpress\/wp-content\/uploads\/2021\/08\/photo_2021-08-09_12-19-00-300x169.jpg 300w, https:\/\/www.radiopiu.net\/wordpress\/wp-content\/uploads\/2021\/08\/photo_2021-08-09_12-19-00-1024x576.jpg 1024w, https:\/\/www.radiopiu.net\/wordpress\/wp-content\/uploads\/2021\/08\/photo_2021-08-09_12-19-00-768x432.jpg 768w, https:\/\/www.radiopiu.net\/wordpress\/wp-content\/uploads\/2021\/08\/photo_2021-08-09_12-19-00.jpg 1280w\" sizes=\"auto, (max-width: 300px) 100vw, 300px\" \/><\/a>AGORDO<\/strong> Ad Agosto, Agordo ospiter\u00e0 una rassegna cinematografica inedita nel giardino \u201cBroi\u201d, in pieno centro. Per sei serate sar\u00e0 possibile godersi grandi titoli cinematografici in una cornice unica al centro della conca agordina. L\u2019evento, organizzato dal Comune di Agordo, grazie al fondamentale contributo della casa di produzione \u201cFiFilm productions\u201d di Caterina Francavilla, dell\u2019impresa edile \u201cConedil\u201d e dalla ditta \u201cCase Trasporti\u201d, ha l\u2019obiettivo di animare l\u2019estate agordina con una proposta innovativa per il territorio, riproponendo il format avviato la scorsa estate con le proiezioni nel giardino di Villa Crotta-De\u2019 Manzoni. Tutte le proiezioni inizieranno alle ore 21 e saranno ad ingresso gratuito, previa prenotazione obbligatoria fino ad esaurimento posti. Le prenotazioni si possono effettuare attraverso il sito <a href=\"http:\/\/agordo.eventbrite.com\">http:\/\/agordo.eventbrite.com<\/a> oppure rivolgendosi all\u2019Ufficio Turistico di Agordo in via XXVII Aprile, tramite mail all\u2019indirizzo ufficioturistico@agordo.net, oppure telefonando allo 0437 62105 o al 388 495 5756. In caso di maltempo, le proiezioni verranno rinviate al giorno successivo. In conformit\u00e0 con le disposizioni anti-contagio, l\u2019ingresso sar\u00e0 subordinato all\u2019esibizione del Green Pass certificante vaccinazione, guarigione da Covid-19 o l&#8217;esito negativo di un tampone (sono esenti i bambini fino ai 12 anni), al controllo della temperatura e all\u2019utilizzo della mascherina in situazioni di assembramento come all\u2019entrata o all\u2019uscita. Gli appuntamenti della rassegna saranno i seguenti: oggi: Il diritto di contare, di Theodore Melfi; Gioved\u00ec 19 Agosto: Coco; Sabato 21 Agosto: Cena con delitto, di Rian Johnson; Marted\u00ec 24 Agosto: Monuments Men, di George Clooney; Gioved\u00ec 26 Agosto: La famosa invasione degli Orsi in Sicilia, di Lorenzo Mattotti; Sabato 28 Agosto: Vita di Pi, di Ang Lee<\/p>\n<p><strong>Di Gianni Santomaso<\/strong><\/p>\n<audio class=\"wp-audio-shortcode\" id=\"audio-227835-5\" preload=\"none\" style=\"width: 100%;\" controls=\"controls\"><source type=\"audio\/mpeg\" src=\"https:\/\/www.radiopiu.net\/wordpress\/wp-content\/uploads\/2021\/08\/GIANNI-CINEMA-BROI.mp3?_=5\" \/><a href=\"https:\/\/www.radiopiu.net\/wordpress\/wp-content\/uploads\/2021\/08\/GIANNI-CINEMA-BROI.mp3\">https:\/\/www.radiopiu.net\/wordpress\/wp-content\/uploads\/2021\/08\/GIANNI-CINEMA-BROI.mp3<\/a><\/audio>\n<p>&nbsp;<\/p>\n<div style=\"width: 640px;\" class=\"wp-video\"><video class=\"wp-video-shortcode\" id=\"video-227835-1\" width=\"640\" height=\"352\" preload=\"metadata\" controls=\"controls\"><source type=\"video\/mp4\" src=\"https:\/\/www.radiopiu.net\/wordpress\/wp-content\/uploads\/2021\/08\/video-cinema.mp4?_=1\" \/><a href=\"https:\/\/www.radiopiu.net\/wordpress\/wp-content\/uploads\/2021\/08\/video-cinema.mp4\">https:\/\/www.radiopiu.net\/wordpress\/wp-content\/uploads\/2021\/08\/video-cinema.mp4<\/a><\/video><\/div>\n<p>&nbsp;<\/p>\n<p>&nbsp;<\/p>\n<hr \/>\n<p>&nbsp;<\/p>\n<blockquote>\n<h3>I NOS CROT, LE ESCURSIONI DEL GAMP DOLOMITI<\/h3>\n<\/blockquote>\n<p><strong><a href=\"https:\/\/www.radiopiu.net\/wordpress\/giornale-radiopiu-10-agosto-2021-direttore-mirko-mezzacasa\/immagine-2021-08-09-122428\/\" rel=\"attachment wp-att-226844\"><img loading=\"lazy\" decoding=\"async\" class=\"wp-image-226844 alignleft\" src=\"https:\/\/www.radiopiu.net\/wordpress\/wp-content\/uploads\/2021\/08\/Immagine-2021-08-09-122428-228x300.png\" alt=\"\" width=\"143\" height=\"189\" srcset=\"https:\/\/www.radiopiu.net\/wordpress\/wp-content\/uploads\/2021\/08\/Immagine-2021-08-09-122428-228x300.png 228w, https:\/\/www.radiopiu.net\/wordpress\/wp-content\/uploads\/2021\/08\/Immagine-2021-08-09-122428.png 663w\" sizes=\"auto, (max-width: 143px) 100vw, 143px\" \/><\/a> <\/strong><\/p>\n<p><strong>\u00a0<\/strong><\/p>\n<p><strong>AGORDO <\/strong>I NOS CROT \u00e8 il nome della serie di escursioni geoturistiche che anche quest&#8217;anno il GAMP DOLOMITI (Gruppo Agordino Mineralogico Paleontologico) vuole riproporre! Delle geoescursioni dal titolo tutto agordino (=i nostri sassi) che vogliono raccontarvi scorci e curiosit\u00e0 geologiche di questo magnifico territorio! ISCRIZIONI APERTE all&#8217;Ufficio Turistico di Agordo o contattando il numero 3884955756 Queste le escursioni: Gioved\u00ec 19 agosto Cascate di Val de Gares, Luned\u00ec 23 agosto Valle di San Lucano, Gioved\u00ec 26 agosto Frassen\u00e9-Rifugio Scarpa<\/p>\n<p>&nbsp;<\/p>\n<p><strong>DI GIANNI SANTOMASO<\/strong><\/p>\n<audio class=\"wp-audio-shortcode\" id=\"audio-227835-6\" preload=\"none\" style=\"width: 100%;\" controls=\"controls\"><source type=\"audio\/mpeg\" src=\"https:\/\/www.radiopiu.net\/wordpress\/wp-content\/uploads\/2021\/08\/GIANNI-I-NOS-CROT.mp3?_=6\" \/><a href=\"https:\/\/www.radiopiu.net\/wordpress\/wp-content\/uploads\/2021\/08\/GIANNI-I-NOS-CROT.mp3\">https:\/\/www.radiopiu.net\/wordpress\/wp-content\/uploads\/2021\/08\/GIANNI-I-NOS-CROT.mp3<\/a><\/audio>\n<p>&nbsp;<\/p>\n<p>&nbsp;<\/p>\n<hr \/>\n<p>&nbsp;<\/p>\n<blockquote>\n<h3 align=\"CENTER\"><b>ESTATE 2021: ED ECCO DI NUOVO I MERCATINI\u00a0<\/b><b>DELL\u2019ANTIQUARIATO, DEL COLLEZIONISMO, DELL\u2019 USATO \u00a0<\/b><\/h3>\n<\/blockquote>\n<p align=\"JUSTIFY\"><a href=\"https:\/\/www.radiopiu.net\/wordpress\/giornale-radiopiu-23-luglio-2021-direttore-mirko-mezzacasa\/mercatino-caprile\/\" rel=\"attachment wp-att-223533\"><img loading=\"lazy\" decoding=\"async\" class=\" wp-image-223533 alignleft\" src=\"https:\/\/www.radiopiu.net\/wordpress\/wp-content\/uploads\/2021\/07\/Mercatino-Caprile-200x300.jpg\" sizes=\"auto, (max-width: 175px) 100vw, 175px\" srcset=\"https:\/\/www.radiopiu.net\/wordpress\/wp-content\/uploads\/2021\/07\/Mercatino-Caprile-200x300.jpg 200w, https:\/\/www.radiopiu.net\/wordpress\/wp-content\/uploads\/2021\/07\/Mercatino-Caprile-683x1024.jpg 683w, https:\/\/www.radiopiu.net\/wordpress\/wp-content\/uploads\/2021\/07\/Mercatino-Caprile-768x1152.jpg 768w, https:\/\/www.radiopiu.net\/wordpress\/wp-content\/uploads\/2021\/07\/Mercatino-Caprile-1024x1536.jpg 1024w, https:\/\/www.radiopiu.net\/wordpress\/wp-content\/uploads\/2021\/07\/Mercatino-Caprile-1366x2048.jpg 1366w, https:\/\/www.radiopiu.net\/wordpress\/wp-content\/uploads\/2021\/07\/Mercatino-Caprile-scaled.jpg 1707w\" alt=\"\" width=\"108\" height=\"162\" \/><\/a>Il gruppo trevigiano degli \u201cAmici dell\u2019Antiquariato\u201d in collaborazione con il coordinatore locale Giorgio Fontanive e Ad Agordo Pro Loco organizza gli appuntamenti per gli appassionati delle cose antiche come accade dal 2011. Gli operatori dell\u2019organizzazione saranno attorno al Br\u00f3i e nella caratteristica Contrada S.Marco a Caprile. Questi i prossimi appuntamenti:\u00a0<b>Caprile<\/b>\u00a0 sabato 21 agosto. Partecipano all\u2019iniziativa commercianti preparati e selezionati in vari settori di operativit\u00e0: oggettistica d\u2019epoca, mobili, arte e collezionismo cartaceo, libri, medaglistica, piccolo antiquariato, arte, vetreria artistica, ecc. Informazioni sull\u2019effettuazione degli incontri e orari all\u2019Ufficio Turistico di Agordo (0437-62105); all\u2019Ufficio Turistico di Alleghe (0437-523333); al riferimento organizzativo\u00a0 348.8278042; alla mail <a href=\"mailto:giorgiofontanive@virgilio.it\">giorgiofontanive@virgilio.it<\/a>.<\/p>\n<div class=\"mkdf-post-text\">\n<div class=\"mkdf-post-text-inner\">\n<div class=\"mkdf-post-text-main\">\n<p>&nbsp;<\/p>\n<p>&nbsp;<\/p>\n<hr \/>\n<p>&nbsp;<\/p>\n<blockquote>\n<h3>GLI EVENTI ESTIVI DI ARABBA FODOM TURISMO<\/h3>\n<\/blockquote>\n<a href=\"https:\/\/www.radiopiu.net\/wordpress\/wp-content\/uploads\/2021\/08\/Attivita\u0300-Eventi-Agosto-2.pdf\" class=\"pdfemb-viewer\" style=\"\" data-width=\"max\" data-height=\"max\" data-toolbar=\"top\" data-toolbar-fixed=\"on\">Attivita\u0300 &amp; Eventi Agosto 2<\/a>\n<p>&nbsp;<\/p>\n<hr \/>\n<p>&nbsp;<\/p>\n<h3 class=\"entry-title mkdf-post-title\">Primo concerto in Valle di Gares con i Pink Size Il grande spettacolo ai piedi delle Dolomiti<\/h3>\n<p><a href=\"https:\/\/www.radiopiu.net\/wordpress\/giornale-radiopiu-01-agosto-2021-direttore-mirko-mezzacasa\/11705683_10207451188865973_7894969160591772771_o-e1624806851469\/\" rel=\"attachment wp-att-225349\"><img loading=\"lazy\" decoding=\"async\" class=\"wp-image-225349 alignleft\" src=\"https:\/\/www.radiopiu.net\/wordpress\/wp-content\/uploads\/2021\/08\/11705683_10207451188865973_7894969160591772771_o-e1624806851469.jpg\" sizes=\"auto, (max-width: 256px) 100vw, 256px\" srcset=\"https:\/\/www.radiopiu.net\/wordpress\/wp-content\/uploads\/2021\/08\/11705683_10207451188865973_7894969160591772771_o-e1624806851469.jpg 1000w, https:\/\/www.radiopiu.net\/wordpress\/wp-content\/uploads\/2021\/08\/11705683_10207451188865973_7894969160591772771_o-e1624806851469-300x194.jpg 300w, https:\/\/www.radiopiu.net\/wordpress\/wp-content\/uploads\/2021\/08\/11705683_10207451188865973_7894969160591772771_o-e1624806851469-768x495.jpg 768w\" alt=\"\" width=\"256\" height=\"165\" \/><\/a><\/p>\n<div class=\"vc_row wpb_row vc_row-fluid vc_custom_1520853310750\">\n<div class=\"wpb_column vc_column_container vc_col-sm-12\">\n<div class=\"vc_column-inner\">\n<div class=\"wpb_wrapper\">\n<div class=\"wpb_text_column wpb_content_element \">\n<div class=\"wpb_wrapper\">\n<p><strong>Domenica 22 agosto 2021 alle ore 17.00<\/strong>\u00a0Canale d\u2019Agordo ospiter\u00e0 il 1\u00b0 concerto in Valle di Gar\u00e9s.\u00a0<strong>La location \u00e8 spettacolare e suggestiva<\/strong>, immersa nel verde, circondata delle Pale di San Martino e dalle cascate delle Comelle. In localit\u00e0 Pian de Giare, in fondo alla Valle di Gar\u00e8s, su di un grande prato, circondati dalle maestose Dolomiti, andr\u00e0 in scena uno spettacolo indimenticabile con l\u2019esibizione dei\u00a0<strong>Pink Size, Tribute band dei Pink Floyd.\u00a0<\/strong>Dal 2005 la band propone con grande passione le sonorit\u00e0 tipiche del Pink Floyd a 360 gradi. La scaletta abbraccia tutta la discografia, dalla psichedelia di Astronomy Domine ed Echoes, passando per l\u2019evoluzione degli anni \u201970 (Atom Heart Mother, Dark Side of the Moon, Wish You Were Here, Animals e The Wall), fino al loro ultimo album in studio. L\u2019evento, organizzato, dalla Pro Loco in collaborazione con le altre associazioni di volontariato locale, era previsto gi\u00e0 lo scorso anno, ma a causa della pandemia non ci sono state le condizioni per realizzarlo. Nonostante il Coronavirus abbia messo in crisi il turismo e quindi anche l\u2019attivit\u00e0 della Pro Loco, l\u2019Associazione stavolta \u00e8 determinata a procedere con l\u2019iniziativa. Per maggiori informazioni sulle modalit\u00e0 di partecipazione al concerto \u00e8 possibile rivolgersi all\u2019ufficio Pro Loco di Canale d\u2019Agordo e.mail: info@prolococanale.it tel. 0437 1948001. In base all&#8217;attuale normativa per il contenimento del Covid-19 l\u2019accesso al concerto \u00e8 consentito <b>SOLAMENTE <\/b>a coloro che esibiscono il <b>GREEN PASS. <\/b>E\u2019, inoltre, obbligatorio l\u2019uso della mascherina, il mantenimento delle distanze minime di sicurezza, nonch\u00e9 il pieno rispetto dei posti assegnati dallo staff organizzativo pro loco.<\/p>\n<\/div>\n<\/div>\n<\/div>\n<\/div>\n<\/div>\n<\/div>\n<p>&nbsp;<\/p>\n<p>&nbsp;<\/p>\n<hr \/>\n<p>&nbsp;<\/p>\n<blockquote>\n<h3>CUGNISCION NOSTE VIJINANZE<\/h3>\n<\/blockquote>\n<p><strong>COLLE SANTA LUCIA<\/strong> Istitut Ladin Cesa De Jan assieme al comune di Livinallongo del Col Di Lana organizzano delle gite alla scoperta delle vicinie di Fodom. Si inizia gioved\u00ec 19 agosto con Ornella, il 26 tocca a Larzonei, Corte e Contrin il 2 settembre e Pieve e Salesei il 9 settembre. Il costo delle visite \u00e8 di 15 euro per gli adulti e 7 per i bambini (pranzo non compreso). Si consiglia un abbigliamento da trekking. Info e prenotazioni al 3343346680<\/p>\n<p>&nbsp;<\/p>\n<p>&nbsp;<\/p>\n<hr \/>\n<p>&nbsp;<\/p>\n<blockquote>\n<h3>LA MOSTRA DI RENZO MIOLA A CANALE D\u2019AGORDO<\/h3>\n<\/blockquote>\n<p><strong>CANALE D\u2019AGORDO<\/strong>\u00a0Dal 12 al 31 agosto, presso la Casa delle Regole di Canale D\u2019Agordo, \u00e8 visitabile la mostra di pittura paesaggistica di Renzo Miola. La mostra seguira\u00e0 i seguenti orari: 10:30 \u2013 12:30, 16:30 \u2013 18:30 e 20 \u2013 22. L\u2019inaugurazione gioved\u00ec 12 agosto alle 17.<\/p>\n<p>&nbsp;<\/p>\n<p>&nbsp;<\/p>\n<hr \/>\n<p>&nbsp;<\/p>\n<blockquote>\n<h3>IL MUSEO ETNOGRAFICO DI TAIBON AGORDINO FINO AL 28 AGOSTO<\/h3>\n<\/blockquote>\n<p><strong>TAIBON<\/strong>\u00a0Sono aperte le porte del Museo Etnografico di Taibon Agordino \u201cCasa della Maria del Pacifico\u201d. Visitabile tutti i giorni dalle 10 alle 12 e dalle 16 alle 18 escluso il luned\u00ec mattina. Il Museo si trova vicino al municipio si Taibon in Via Pietro Nenni. Accesso con obbligo di mascherina e igienizzazione delle mani. Per informazioni 340 1495978<\/p>\n<p>&nbsp;<\/p>\n<p>&nbsp;<\/p>\n<hr \/>\n<p>&nbsp;<\/p>\n<blockquote>\n<h3>\u201cEN GIRO PER TOCOI\u201d A SAN TOMASO<\/h3>\n<\/blockquote>\n<p><strong>SAN TOMASO<\/strong> A Tocol di San Tomaso \u00e8 in programma \u201cEn Giro Per Tocoi\u201d, riproduzioni artistiche tra architetture di montagna. Organizza la Pro Loco di San Tomaso.<\/p>\n<p>&nbsp;<\/p>\n<p>&nbsp;<\/p>\n<hr \/>\n<p>&nbsp;<\/p>\n<blockquote>\n<h3>ARMONIE 2021, 3 APPUNTAMENTI A FINE AGOSTO<\/h3>\n<\/blockquote>\n<p><strong>BELLUNO\u00a0<\/strong>Triplo appuntamento per la rassegna \u201cArmonie 2021\u201d. Due concerti sono in programma il 21 agosto quando alle 17, presso il teatro Al Mut verr\u00e0 presentato \u201cCarmen\u201d e la sera alle 21 \u201cFinalmente insieme\u2026canto e musica\u201d in Piazza Duomo. Il 29 agosto alle 16 l\u2019ultimo appuntamento con \u201cCanti e poesie di fine estate\u201d a Bolzano Bellunese. Concerti all\u2019aperto su prenotazione ed esibizione di green pass.<\/p>\n<p>&nbsp;<\/p>\n<hr \/>\n<p>&nbsp;<\/p>\n<blockquote>\n<h3>OGGI MERACTINO E FUOCHI D&#8217;ARTIFICIO CON ROMANTICAVIOLA<\/h3>\n<\/blockquote>\n<p><strong>FALCADE\u00a0<\/strong>Oggi dalle 10 alle 22 in via Lungo Tegosa a Caviola ci sar\u00e0 il mercatino dell&#8217;artigianato locale, prodotti tipici e hobbistica. Alle 22:30 i fuochi d&#8217;artificio.<\/p>\n<p>&nbsp;<\/p>\n<p>&nbsp;<\/p>\n<hr \/>\n<p>&nbsp;<\/p>\n<blockquote>\n<h3>SMILE MUSIC BAND A FALCADE<\/h3>\n<\/blockquote>\n<p><strong>FALCADE<\/strong> Sabato a partire dalle 15:30, sotto al tendone sulla piana di Falcade, si esibiranno i 5 ragazzi della Smile Music Band. Organizza la Pro Loco di Caviola.<\/p>\n<p>&nbsp;<\/p>\n<hr \/>\n<p>&nbsp;<\/p>\n<blockquote>\n<h3>I 130 ANNI DEL CAI BELLUNO CON 3 APPUNTAMENTI DEL CORO<\/h3>\n<\/blockquote>\n<p><strong>BELLUNO<\/strong> Saranno 3 gli appuntamenti in programma nei prossimi giorni con il coro Cai di Belluno per celebrare i 130 anni dalla fondazione della sezione di Belluno. Il 29 agosto l&#8217;appuntamento \u00e8 al Rifugio Tissi con la Santa Messa cantata. Il 5 settembre il coro Cai sar\u00e0 al Rifugio Bianchet per una esibizione mentre l&#8217;11 settembre al Rifugio Settimo Alpini per la messa in ricordo dei caduti della montagna.<\/p>\n<p>&nbsp;<\/p>\n<p>&nbsp;<\/p>\n<hr \/>\n<p>&nbsp;<\/p>\n<blockquote>\n<h3>\u201cRISCOPRIRE PATRIMONI NASCOSTI\u201d CON LE MANIFESTAZIONI PRO LOCO<\/h3>\n<\/blockquote>\n<p><strong>DI RENATO BONA<\/strong><\/p>\n<p>&nbsp;<\/p>\n<p>Agordino, Cadore, Massiccio del Grappa orientale, Pedemontana Val Belluna, Sinistra Piave, Val Cismon, Zoldo, Ponte nelle Alpi-Longarone-Alpago. Sono gli otto Consorzi di associazioni Pro loco della Provincia di Belluno aderenti all\u2019Unpli (Unione nazionale Pro loco d\u2019Italia) che, grazie anche al contributo della Regione Veneto hanno dato alle stampe la pubblicazione intitolata \u201cRiscoprire patrimoni nascosti. Attraverso le manifestazioni delle Pro loco bellunesi\u201d. Ci limitiamo, per ovvie ragioni di spazio, a proporre gli eventi d\u2019estate annunciati dalle singole realt\u00e0 dando per scontato che alcuni si siano gi\u00e0 verificati o magari \u201csaltati\u201d e che possano comunque servire come pro-memoria per altre occasioni\u2026 Consorzio Pro loco dell\u2019Agordino: \u201cSan Lugan\u201d festa popolare nell\u2019omonima valle, legata alla vicende del santo di cui porta il nome e che vi ha vissuto da eremita nel V secolo. Miniere del Fursil: proposte visite guidate alle antiche realt\u00e0 in posizione strategica di confine. Sagra di sant\u2019Antonio caratterizzata dai famosi gnocchi e dalla distribuzione dei cordoni benedetti; \u201cSognando California\u201d: passeggiata da Gosaldo alle frazioni distrutte dall\u2019alluvione dl 1966; \u201cMusica inte le vile\u201d rassegna musicale e corale nelle frazioni di San Tomaso; San Simon: possibilit\u00e0 di visite alla chiesa monumentale di Vallada, detta la \u201cCappella Sistina delle Dolomiti\u201d; Festa dell\u2019orzo, sagra improntata sulla valorizzazione del territorio con riscoperta delle coltivazioni di orzo, patata e segale, di nuovo a San Tomaso. Consorzio Pro loco del Cadore: \u201cTornon a fei la manfrina\u201d, rievocazione della danza storica di Borca di Cadore, con lavoratorio di ballo; \u201cViaggio nel passato\u201d, sfilate in costume e rievocazioni di scene di vita quotidiana dell\u2019ottocento cadorino nella pittoresca borgata Costa di Valle di Cadore; \u201cLorenzago aperta\u201d: arti varie, esposizioni permanenti, eventi e concerti, corsi e laboratori nelle piazzette e nelle antiche dimore di Lorenzago; \u201cPieve in Palio\u201d; competizioni a squadre tra le frazioni attraverso giochi di antica tradizione, stand gastronomici e intrattenimento musicale; \u201cPalio di san Martino\u201d: rievocazione storica del Palio tra i borghi di Vigo, Laggio, Pelos, Lorenzago e Lozzo; intrattenimenti per il pubblico e mostra-mercato; \u201cC\u2019era una volta&#8230; Viss\u00e0\u201d festa in costume cadorino nell\u2019antica borgata a Tai con assaggi di antichi piatti cucinati secondo tradizione, giochi, gara di tiro alla fune; \u201cFesta dei murales viventi\u201d; personaggi in costume rappresentano i murales che raccontano la storia e le tradizioni del suggestivo Borgo di Cibiana; esposizione-mercato dell\u2019artigianato locale, mostre fotografiche, animazione per bambini, musica. Consorzio Massiccio del Grappa orientale: \u201cVoci, suoni, emozioni dal massiccio del Grappa\u201d: domenica in montagna in luoghi differenti con eventi culturali e visite guidate ai luoghi naturalistici e storici del versante est del Grappa; \u201cLa sagra dei s\u2019cios\u201d, antica festa della lumaca con piatti tipici dell\u2019antico \u201cpiatto dei poveri\u201d. Consorzio Pro loco pedemontane Val Belluna: \u201cFesta del miele in Val Cansoi\u201d con apicoltori locali che danno vita ad una mostra-mercato; \u201cMusica nei cortivi!\u201d: i borghi della Destra Piave si riempiono di note e voci di qualit\u00e0;Festa campestre al Pr\u00e0 de \u00f2a Melia nel nuovo centro ricreativo nei pressi di Gron di Sospirolo, con possibilit\u00e0 di degustare piatti tipici bellunesi, ballare e divertirsi, assistere ad eventi sportivi e a serate di cultura; \u201cConoscere il territorio\u201d: visite guidate alla scoperta delle bellezze della Destra Piave; \u201cPom &amp; Per a Moldoi di Sospiroi\u201d: frutti e prodotti agricoli ma anche convegni ed esposizione di artigianato nella straordinaria cornice storica di Villa Sandi Zasso; Festa in riva al lago tradizionale: spazi culturali, sportivi, musicali e gastronomici valorizzando il laghetto di Busche: Festa della patata: grosso evento di promozione, vendita e degustazione delle varie proposte culinarie con al centro la patata De.C.O di Cesiomaggiore. Consorzio Pro loco Sinistra Piave: Sagra della Madonna del Carmine con 10 giorni di celebrazioni patronali ed eventi gastronomici, spettacoli musicali dal vivo, giochi frazionali, a Lentiai; \u201dCampan\u00f2t, festa S. Giovanni\u201d ricordando il patrono della frazione, a Castion di Belluno; \u201cLimana Magnalonga Valmorel\u201d, passeggiata enogastronomica tra malghe e sentieri, valorizzando i prodotti tipici locali; Festa di Melere alla scoperta in quel di Trichiana di innumerevoli percorsi naturalistici che caratterizzano il circondario; padrona indiscussa delle serate la cucina tradizionale bellunese; Fetsa di Limana, una decina di giorni per gustare i piatti tipici locali, spettacoli, danze e divertimento per tutti; Festa della Madonna del Piave (statua nella chiesa di Caorera a Vas): Festa del mais per la promozione della polenta di mais sponcio, prodotto della cultura contadina bellunese che la fa da padrone nel men\u00f9; rievocazione di antichi mestieri da parte di artigiani. Consorzio Val Cismon: Festa dell\u2019orzo promossa da Birra Castello, in collaborazione con il locale della Birreria Pedavena, la Pro loco. Slow Food e Comune. Consorzio Zoldo: \u201cGelatiamo\u201d ovvero: l\u2019arte del gelato tra Pelmo e Civetta; La manifestazione, itinerante, ha lo scopo di valorizzare il gelato ma anche alcuni \u201cgioielli\u201d poco conosciuti come le chiese della vallata; \u201cFornesighe in musica\u201d festival di musica classica nel caratteristico borgo che per due giorni si anima di suonatori che con concerti e laboratori intrattengono i numerosi visitatori a cura del \u201cPiodech Zoldan\u201d con la Pro loco di Forno: \u201cSettimana verde per i bambini\u201d: iniziative per scoprire, a piedi o a cavallo, angoli suggestivi e ricchi di storia. Consorzio Ponte nelle Alpi-Longarone-Alpago. \u201cIl gelato in festa\u201d con Longarone che diventa \u201cuna gelateria a cielo aperto!\u201d con produzione e degustazione di ogni tipo di gelato e ghiotti intrattenimenti nelle piazze; \u201cCortivi aperti\u201d: percorso enogastronomico e culturale tra gli scorci di Tignes d\u2019Alpago, con piccoli eventi culturali ed artistici in ogni cortile; \u201cFiera dei osei\u201d nella bella cornice del villaggio Sant\u2019Anna di Tambre, con gara canora con uccelli ed espositori da tutto il Veneto; infine: \u201cPaesi aperti\u201d: evento che coinvolge tutte le frazioni di Ponte nelle Alpi, volto alla riscoperta dei valori della cultura, della tradizione e del patrimonio del territorio pontalpino.<\/p>\n<p>&nbsp;<\/p>\n\n\t\t\t<style type='text\/css'>\n\t\t\t\t#gallery-3 {\n\t\t\t\t\tmargin: auto;\n\t\t\t\t}\n\t\t\t\t#gallery-3 .gallery-item {\n\t\t\t\t\tfloat: left;\n\t\t\t\t\tmargin-top: 10px;\n\t\t\t\t\ttext-align: center;\n\t\t\t\t\twidth: 20%;\n\t\t\t\t}\n\t\t\t\t#gallery-3 img {\n\t\t\t\t\tborder: 2px solid #cfcfcf;\n\t\t\t\t}\n\t\t\t\t#gallery-3 .gallery-caption {\n\t\t\t\t\tmargin-left: 0;\n\t\t\t\t}\n\t\t\t\t\/* see gallery_shortcode() in wp-includes\/media.php *\/\n\t\t\t<\/style>\n\t\t<div id='gallery-3' class='dt-gallery-container gallery galleryid-227835 gallery-columns-5 gallery-size-thumbnail'><dl class='gallery-item'>\n\t\t\t\t<dt class='gallery-icon portrait'>\n\t\t\t\t\t<a class=\"rollover rollover-zoom dt-pswp-item\" title=\"236918607_155226793406639_3243417873244566269_n\" data-dt-img-description=\"\" data-large_image_width=\"150\" data-large_image_height=\"206\"href='https:\/\/www.radiopiu.net\/wordpress\/wp-content\/uploads\/2021\/08\/236918607_155226793406639_3243417873244566269_n.jpg'><img loading=\"lazy\" decoding=\"async\" width=\"150\" height=\"150\" src=\"https:\/\/www.radiopiu.net\/wordpress\/wp-content\/uploads\/2021\/08\/236918607_155226793406639_3243417873244566269_n-150x150.jpg\" class=\"attachment-thumbnail size-thumbnail\" alt=\"\" \/><\/a>\n\t\t\t\t<\/dt><\/dl><dl class='gallery-item'>\n\t\t\t\t<dt class='gallery-icon landscape'>\n\t\t\t\t\t<a class=\"rollover rollover-zoom dt-pswp-item\" title=\"237340002_1062269537913747_120990875132481281_n\" data-dt-img-description=\"\" data-large_image_width=\"291\" data-large_image_height=\"206\"href='https:\/\/www.radiopiu.net\/wordpress\/wp-content\/uploads\/2021\/08\/237340002_1062269537913747_120990875132481281_n.jpg'><img loading=\"lazy\" decoding=\"async\" width=\"150\" height=\"150\" src=\"https:\/\/www.radiopiu.net\/wordpress\/wp-content\/uploads\/2021\/08\/237340002_1062269537913747_120990875132481281_n-150x150.jpg\" class=\"attachment-thumbnail size-thumbnail\" alt=\"\" \/><\/a>\n\t\t\t\t<\/dt><\/dl><dl class='gallery-item'>\n\t\t\t\t<dt class='gallery-icon landscape'>\n\t\t\t\t\t<a class=\"rollover rollover-zoom dt-pswp-item\" title=\"236523436_161382392740417_2866375928404655276_n\" data-dt-img-description=\"\" data-large_image_width=\"262\" data-large_image_height=\"206\"href='https:\/\/www.radiopiu.net\/wordpress\/wp-content\/uploads\/2021\/08\/236523436_161382392740417_2866375928404655276_n.jpg'><img loading=\"lazy\" decoding=\"async\" width=\"150\" height=\"150\" src=\"https:\/\/www.radiopiu.net\/wordpress\/wp-content\/uploads\/2021\/08\/236523436_161382392740417_2866375928404655276_n-150x150.jpg\" class=\"attachment-thumbnail size-thumbnail\" alt=\"\" \/><\/a>\n\t\t\t\t<\/dt><\/dl><dl class='gallery-item'>\n\t\t\t\t<dt class='gallery-icon landscape'>\n\t\t\t\t\t<a class=\"rollover rollover-zoom dt-pswp-item\" title=\"236472748_1594931230858872_4308823193328406154_n\" data-dt-img-description=\"\" data-large_image_width=\"290\" data-large_image_height=\"206\"href='https:\/\/www.radiopiu.net\/wordpress\/wp-content\/uploads\/2021\/08\/236472748_1594931230858872_4308823193328406154_n.jpg'><img loading=\"lazy\" decoding=\"async\" width=\"150\" height=\"150\" src=\"https:\/\/www.radiopiu.net\/wordpress\/wp-content\/uploads\/2021\/08\/236472748_1594931230858872_4308823193328406154_n-150x150.jpg\" class=\"attachment-thumbnail size-thumbnail\" alt=\"\" \/><\/a>\n\t\t\t\t<\/dt><\/dl><dl class='gallery-item'>\n\t\t\t\t<dt class='gallery-icon landscape'>\n\t\t\t\t\t<a class=\"rollover rollover-zoom dt-pswp-item\" title=\"238126433_195332022652590_3452613769371087005_n\" data-dt-img-description=\"\" data-large_image_width=\"280\" data-large_image_height=\"202\"href='https:\/\/www.radiopiu.net\/wordpress\/wp-content\/uploads\/2021\/08\/238126433_195332022652590_3452613769371087005_n.jpg'><img loading=\"lazy\" decoding=\"async\" width=\"150\" height=\"150\" src=\"https:\/\/www.radiopiu.net\/wordpress\/wp-content\/uploads\/2021\/08\/238126433_195332022652590_3452613769371087005_n-150x150.jpg\" class=\"attachment-thumbnail size-thumbnail\" alt=\"\" \/><\/a>\n\t\t\t\t<\/dt><\/dl><br style=\"clear: both\" \/><dl class='gallery-item'>\n\t\t\t\t<dt class='gallery-icon landscape'>\n\t\t\t\t\t<a class=\"rollover rollover-zoom dt-pswp-item\" title=\"238645417_255095349779814_2593024106259200331_n\" data-dt-img-description=\"\" data-large_image_width=\"257\" data-large_image_height=\"206\"href='https:\/\/www.radiopiu.net\/wordpress\/wp-content\/uploads\/2021\/08\/238645417_255095349779814_2593024106259200331_n.jpg'><img loading=\"lazy\" decoding=\"async\" width=\"150\" height=\"150\" src=\"https:\/\/www.radiopiu.net\/wordpress\/wp-content\/uploads\/2021\/08\/238645417_255095349779814_2593024106259200331_n-150x150.jpg\" class=\"attachment-thumbnail size-thumbnail\" alt=\"\" \/><\/a>\n\t\t\t\t<\/dt><\/dl><dl class='gallery-item'>\n\t\t\t\t<dt class='gallery-icon landscape'>\n\t\t\t\t\t<a class=\"rollover rollover-zoom dt-pswp-item\" title=\"237124924_903609767173049_8109580686246000324_n\" data-dt-img-description=\"\" data-large_image_width=\"260\" data-large_image_height=\"206\"href='https:\/\/www.radiopiu.net\/wordpress\/wp-content\/uploads\/2021\/08\/237124924_903609767173049_8109580686246000324_n.jpg'><img loading=\"lazy\" decoding=\"async\" width=\"150\" height=\"150\" src=\"https:\/\/www.radiopiu.net\/wordpress\/wp-content\/uploads\/2021\/08\/237124924_903609767173049_8109580686246000324_n-150x150.jpg\" class=\"attachment-thumbnail size-thumbnail\" alt=\"\" \/><\/a>\n\t\t\t\t<\/dt><\/dl><dl class='gallery-item'>\n\t\t\t\t<dt class='gallery-icon landscape'>\n\t\t\t\t\t<a class=\"rollover rollover-zoom dt-pswp-item\" title=\"236634054_266984428265389_7315495402642326007_n\" data-dt-img-description=\"\" data-large_image_width=\"280\" data-large_image_height=\"201\"href='https:\/\/www.radiopiu.net\/wordpress\/wp-content\/uploads\/2021\/08\/236634054_266984428265389_7315495402642326007_n.jpg'><img loading=\"lazy\" decoding=\"async\" width=\"150\" height=\"150\" src=\"https:\/\/www.radiopiu.net\/wordpress\/wp-content\/uploads\/2021\/08\/236634054_266984428265389_7315495402642326007_n-150x150.jpg\" class=\"attachment-thumbnail size-thumbnail\" alt=\"\" \/><\/a>\n\t\t\t\t<\/dt><\/dl><dl class='gallery-item'>\n\t\t\t\t<dt class='gallery-icon landscape'>\n\t\t\t\t\t<a class=\"rollover rollover-zoom dt-pswp-item\" title=\"238242665_420557949380773_3568651604722486830_n\" data-dt-img-description=\"\" data-large_image_width=\"252\" data-large_image_height=\"206\"href='https:\/\/www.radiopiu.net\/wordpress\/wp-content\/uploads\/2021\/08\/238242665_420557949380773_3568651604722486830_n.jpg'><img loading=\"lazy\" decoding=\"async\" width=\"150\" height=\"150\" src=\"https:\/\/www.radiopiu.net\/wordpress\/wp-content\/uploads\/2021\/08\/238242665_420557949380773_3568651604722486830_n-150x150.jpg\" class=\"attachment-thumbnail size-thumbnail\" alt=\"\" \/><\/a>\n\t\t\t\t<\/dt><\/dl>\n\t\t\t\t<br style='clear: both' \/>\n\t\t\t<\/div>\n\n<p>NELLE FOTO (riproduzioni dal libretto \u201cRiscoprire patrimoni nascosti\u201d): la copertina della pubblicazione; festa dell\u2019orzo a San Tomaso Agordino; festa dei \u201cMurales viventi\u201d a Cibiana di Cadore; sagra dei \u201cs\u2019cios\u201d a Quero; tradizionale anche la festa in riva al lago di Busche; \u201cMagnalonga\u201d di Valmorel tra malghe e sentieri; Festa dell\u2019orzo a Pedavena; \u201cGelatiamo\u201d ovvero: l\u2019arte del gelato tra Pelmo e Civetta; \u201cCortivi aperti\u201d percorso enogastronomico e culturale a Tignes in Alpago.<\/p>\n<p>&nbsp;<\/p>\n<hr \/>\n<p>&nbsp;<\/p>\n<h1><span style=\"color: #ff0000;\">IERI ALLA RADIO<\/span><\/h1>\n<h2><strong><a class=\"dt-pswp-item\" href=\"https:\/\/www.radiopiu.net\/wordpress\/wp-content\/uploads\/2021\/07\/museo-etnografico-taibon.jpg\" data-dt-img-description=\"\" data-large_image_width=\"612\" data-large_image_height=\"525\"><img loading=\"lazy\" decoding=\"async\" class=\"size-thumbnail wp-image-223397 alignleft\" src=\"https:\/\/www.radiopiu.net\/wordpress\/wp-content\/uploads\/2021\/07\/museo-etnografico-taibon-150x150.jpg\" alt=\"\" width=\"150\" height=\"150\" \/><\/a><\/strong><span style=\"color: #800080;\">LA PROPOSTA DA TAIBON, IL MUSEO ETNOGRAFICO<\/span><\/h2>\n<p><strong>TAIBON<\/strong>\u00a0 Nella ex casa della Maria del Pacifico&#8230;<\/p>\n<p>OSPITE FIORANGELA BELTRAME CONSIGLIERE COMUNALE<\/p>\n<p><strong>AUDIO<\/strong><\/p>\n<audio class=\"wp-audio-shortcode\" id=\"audio-227835-7\" preload=\"none\" style=\"width: 100%;\" controls=\"controls\"><source type=\"audio\/mpeg\" src=\"https:\/\/www.radiopiu.net\/wordpress\/wp-content\/uploads\/2021\/08\/museo-etnografico-16-agosto.mp3?_=7\" \/><a href=\"https:\/\/www.radiopiu.net\/wordpress\/wp-content\/uploads\/2021\/08\/museo-etnografico-16-agosto.mp3\">https:\/\/www.radiopiu.net\/wordpress\/wp-content\/uploads\/2021\/08\/museo-etnografico-16-agosto.mp3<\/a><\/audio>\n<p>&nbsp;<\/p>\n<hr \/>\n<p>&nbsp;<\/p>\n<h3><strong>\u201cI MISTERI DI ALLEGHE DI SERGIO SAVIANE\u201d ALLA RADIO CON L\u2019ATTORE ROBERTO FAORO . . . OGNI GIORNO DAL LUNEDI AL VENERDI ALLE 15.30\u00a0\u00a0<\/strong><\/h3>\n<p><em><a href=\"https:\/\/www.radiopiu.net\/wordpress\/i-misteri-di-alleghe-alla-radio\/th-156\/\" rel=\"attachment wp-att-221036\"><img loading=\"lazy\" decoding=\"async\" class=\"wp-image-221036 alignleft\" src=\"https:\/\/www.radiopiu.net\/wordpress\/wp-content\/uploads\/2021\/07\/th-6.jpg\" alt=\"\" width=\"119\" height=\"147\" \/><\/a>\u201cPiacere, sono Roberto Faoro poliedrico attore, drammaturgo e regista italiano\u201d.<\/em><\/p>\n<p>Esperienza, professionalit\u00e0 e passione per il mondo dell\u2019arte e della recitazione sono le tre parole chiave che fanno di Roberto Faoro un attore, drammaturgo, regista e formatore molto conosciuto e apprezzato nel territorio delle Dolomiti Bellunesi, ma anche a livello nazionale.<\/p>\n<p><strong>PUNTATA 26\u00a0 DEL 16 AGOSTO 2021<\/strong><\/p>\n<audio class=\"wp-audio-shortcode\" id=\"audio-227835-8\" preload=\"none\" style=\"width: 100%;\" controls=\"controls\"><source type=\"audio\/mpeg\" src=\"https:\/\/www.radiopiu.net\/wordpress\/wp-content\/uploads\/2021\/08\/A_26.mp3?_=8\" \/><a href=\"https:\/\/www.radiopiu.net\/wordpress\/wp-content\/uploads\/2021\/08\/A_26.mp3\">https:\/\/www.radiopiu.net\/wordpress\/wp-content\/uploads\/2021\/08\/A_26.mp3<\/a><\/audio>\n<p>&nbsp;<\/p>\n<p>&nbsp;<\/p>\n<blockquote class=\"wp-embedded-content\" data-secret=\"rcF5hGEr2W\"><p><a href=\"https:\/\/www.radiopiu.net\/wordpress\/i-misteri-di-alleghe-di-sergio-saviane-alla-radio-con-lattore-roberto-faoro-il-podcast\/\">&#8220;I MISTERI DI ALLEGHE DI SERGIO SAVIANE&#8221; ALLA RADIO CON L&#8217;ATTORE ROBERTO FAORO &#8211; IL PODCAST<\/a><\/p><\/blockquote>\n<p><iframe loading=\"lazy\" class=\"wp-embedded-content\" sandbox=\"allow-scripts\" security=\"restricted\" style=\"position: absolute; clip: rect(1px, 1px, 1px, 1px);\" title=\"&#8220;&#8220;I MISTERI DI ALLEGHE DI SERGIO SAVIANE&#8221; ALLA RADIO CON L&#8217;ATTORE ROBERTO FAORO &#8211; IL PODCAST&#8221; &#8212; Radio Pi\u00f9\" src=\"https:\/\/www.radiopiu.net\/wordpress\/i-misteri-di-alleghe-di-sergio-saviane-alla-radio-con-lattore-roberto-faoro-il-podcast\/embed\/#?secret=rcF5hGEr2W\" data-secret=\"rcF5hGEr2W\" width=\"600\" height=\"338\" frameborder=\"0\" marginwidth=\"0\" marginheight=\"0\" scrolling=\"no\"><\/iframe><\/p>\n<h2><\/h2>\n<hr \/>\n<p>&nbsp;<\/p>\n<h2><span style=\"color: #ff6600;\">I PROFESSIONISTI DEL POLIAMBULATORIO AGORDINO RISPONDONO<\/span><\/h2>\n<blockquote class=\"wp-embedded-content\" data-secret=\"VgYyL8dOxN\"><p><a href=\"https:\/\/www.radiopiu.net\/wordpress\/i-professionisti-del-poliambulatorio-agordino-rispondono\/\">I PROFESSIONISTI DEL POLIAMBULATORIO AGORDINO RISPONDONO<\/a><\/p><\/blockquote>\n<p><iframe loading=\"lazy\" class=\"wp-embedded-content\" sandbox=\"allow-scripts\" security=\"restricted\" style=\"position: absolute; clip: rect(1px, 1px, 1px, 1px);\" title=\"&#8220;I PROFESSIONISTI DEL POLIAMBULATORIO AGORDINO RISPONDONO&#8221; &#8212; Radio Pi\u00f9\" src=\"https:\/\/www.radiopiu.net\/wordpress\/i-professionisti-del-poliambulatorio-agordino-rispondono\/embed\/#?secret=VgYyL8dOxN\" data-secret=\"VgYyL8dOxN\" width=\"600\" height=\"338\" frameborder=\"0\" marginwidth=\"0\" marginheight=\"0\" scrolling=\"no\"><\/iframe><\/p>\n<p>&nbsp;<\/p>\n<hr \/>\n<p>&nbsp;<\/p>\n<blockquote class=\"wp-embedded-content\" data-secret=\"o5NrptIbm8\"><p><a href=\"https:\/\/www.radiopiu.net\/wordpress\/plastic-free-per-un-mondo-senza-plastica\/\">PLASTIC FREE per un mondo senza plastica<\/a><\/p><\/blockquote>\n<p><iframe loading=\"lazy\" class=\"wp-embedded-content\" sandbox=\"allow-scripts\" security=\"restricted\" style=\"position: absolute; clip: rect(1px, 1px, 1px, 1px);\" title=\"&#8220;PLASTIC FREE per un mondo senza plastica&#8221; &#8212; Radio Pi\u00f9\" src=\"https:\/\/www.radiopiu.net\/wordpress\/plastic-free-per-un-mondo-senza-plastica\/embed\/#?secret=o5NrptIbm8\" data-secret=\"o5NrptIbm8\" width=\"600\" height=\"338\" frameborder=\"0\" marginwidth=\"0\" marginheight=\"0\" scrolling=\"no\"><\/iframe><\/p>\n<p>&nbsp;<\/p>\n<hr \/>\n<p>&nbsp;<\/p>\n<blockquote class=\"wp-embedded-content\" data-secret=\"ebl0c9gypo\"><p><a href=\"https:\/\/www.radiopiu.net\/wordpress\/da-ieri-alla-radio-in-palinsesto-loris-e-maurizio-con-la-grande-musica\/\">IL BLUES ALLA RADIO &#8230; COME NON L&#8217;AVETE MAI SENTITO PRIMA<\/a><\/p><\/blockquote>\n<p><iframe loading=\"lazy\" class=\"wp-embedded-content\" sandbox=\"allow-scripts\" security=\"restricted\" style=\"position: absolute; clip: rect(1px, 1px, 1px, 1px);\" title=\"&#8220;IL BLUES ALLA RADIO &#8230; COME NON L&#8217;AVETE MAI SENTITO PRIMA&#8221; &#8212; Radio Pi\u00f9\" src=\"https:\/\/www.radiopiu.net\/wordpress\/da-ieri-alla-radio-in-palinsesto-loris-e-maurizio-con-la-grande-musica\/embed\/#?secret=ebl0c9gypo\" data-secret=\"ebl0c9gypo\" width=\"600\" height=\"338\" frameborder=\"0\" marginwidth=\"0\" marginheight=\"0\" scrolling=\"no\"><\/iframe><\/p>\n<p>&nbsp;<\/p>\n<hr \/>\n<p>&nbsp;<\/p>\n<div>\n<div class=\"mkdf-post-text\">\n<div class=\"mkdf-post-text-inner\">\n<div class=\"mkdf-post-text-main\">\n<div class=\"mkdf-post-text\">\n<div class=\"mkdf-post-text-inner\">\n<div class=\"mkdf-post-text-main\">\n<div class=\"mkdf-post-text\">\n<div class=\"mkdf-post-text-inner\">\n<div class=\"mkdf-post-text-main\">\n<div class=\"page-title-head hgroup\">\n<div class=\"page-title-head hgroup\">\n<div class=\"page-title-breadcrumbs\">\n<div class=\"mkdf-post-text\">\n<div class=\"mkdf-post-text-inner\">\n<div class=\"mkdf-post-text-main\">\n<div class=\"mkdf-post-text\">\n<div class=\"mkdf-post-text-inner\">\n<div class=\"mkdf-post-text-main\">\n<div class=\"page-title-head hgroup\">\n<div class=\"page-title-head hgroup\">\n<div class=\"mkdf-post-text\">\n<div class=\"mkdf-post-text-inner\">\n<div class=\"mkdf-post-text-main\">\n<div class=\"mkdf-post-text\">\n<div class=\"mkdf-post-text-inner\">\n<div class=\"mkdf-post-text-main\">\n<div class=\"page-title-head hgroup\">\n<div class=\"page-title-head hgroup\">\n<div class=\"page-title-head hgroup\">\n<div class=\"page-title-head hgroup\">\n<div class=\"b654a4as d2edcug0\">\n<div class=\"page-title-head hgroup\">\n<div class=\"page-title-head hgroup\">\n<div class=\"mkdf-post-text\">\n<div class=\"mkdf-post-text-inner\">\n<div class=\"mkdf-post-text-main\">\n<div class=\"mkdf-post-text\">\n<div class=\"mkdf-post-text-inner\">\n<div class=\"mkdf-post-text-main\">\n<div class=\"mkdf-post-text\">\n<div class=\"mkdf-post-text-inner\">\n<div class=\"mkdf-post-text-main\">\n<div class=\"page-title-head hgroup\">\n<div class=\"page-title-head hgroup\">\n<div class=\"mkdf-post-text\">\n<div class=\"mkdf-post-text-inner\">\n<div class=\"mkdf-post-text-main\">\n<div class=\"mkdf-post-text\">\n<div class=\"mkdf-post-text-inner\">\n<div class=\"mkdf-post-text-main\">\n<div class=\"page-title-head hgroup\">\n<div class=\"page-title-head hgroup\">\n<div class=\"page-title-head hgroup\">\n<div class=\"page-title-head hgroup\">\n<div class=\"b654a4as d2edcug0\">\n<div class=\"page-title-head hgroup\">\n<div class=\"page-title-head hgroup\">\n<div class=\"page-title-head hgroup\">\n<div class=\"page-title-head hgroup\">\n<div class=\"b654a4as d2edcug0\">\n<div>\n<div class=\"mkdf-post-text\">\n<div class=\"mkdf-post-text-inner\">\n<div class=\"mkdf-post-text-main\">\n<div class=\"mkdf-post-text\">\n<div class=\"mkdf-post-text-inner\">\n<div class=\"mkdf-post-text-main\">\n<div class=\"mkdf-post-text\">\n<div class=\"mkdf-post-text-inner\">\n<div class=\"mkdf-post-text-main\">\n<div class=\"page-title-head hgroup\">\n<div class=\"page-title-head hgroup\">\n<div class=\"page-title-breadcrumbs\">\n<div class=\"mkdf-post-text\">\n<div class=\"mkdf-post-text-inner\">\n<div class=\"mkdf-post-text-main\">\n<div class=\"mkdf-post-text\">\n<div class=\"mkdf-post-text-inner\">\n<div class=\"mkdf-post-text-main\">\n<div class=\"page-title-head hgroup\">\n<div class=\"page-title-head hgroup\">\n<div class=\"mkdf-post-text\">\n<div class=\"mkdf-post-text-inner\">\n<div class=\"mkdf-post-text-main\">\n<h2><strong><span style=\"color: #ff0000;\">QUINDICINALE APPUNTAMENTO ALLA RADIO<\/span><\/strong><\/h2>\n<blockquote>\n<h3><a style=\"font-size: 14px; font-weight: normal;\" href=\"https:\/\/www.radiopiu.net\/wordpress\/giornale-radiopiu-06-febbraio-2019-direttore-mirko-mezzacasa\/logo_spi-cgil-800x445\/\" rel=\"attachment wp-att-75538\"><img loading=\"lazy\" decoding=\"async\" class=\"wp-image-75538 alignleft\" src=\"https:\/\/www.radiopiu.net\/wordpress\/wp-content\/uploads\/2019\/02\/Logo_Spi-CGIL-800x445-300x167.jpg\" alt=\"\" width=\"210\" height=\"117\" srcset=\"https:\/\/www.radiopiu.net\/wordpress\/wp-content\/uploads\/2019\/02\/Logo_Spi-CGIL-800x445-300x167.jpg 300w, https:\/\/www.radiopiu.net\/wordpress\/wp-content\/uploads\/2019\/02\/Logo_Spi-CGIL-800x445-768x427.jpg 768w, https:\/\/www.radiopiu.net\/wordpress\/wp-content\/uploads\/2019\/02\/Logo_Spi-CGIL-800x445.jpg 800w\" sizes=\"auto, (max-width: 210px) 100vw, 210px\" \/><\/a><\/h3>\n<\/blockquote>\n<blockquote>\n<h3>ALLA RADIO, APPUNTAMENTO QUINDICINALE CON SPI-CGIL BELLUNO, IN STUDIO MARIA RITA GENTILIN<\/h3>\n<\/blockquote>\n<p><strong>di Claudio Fontanive\u00a0<\/strong><\/p>\n<p><span style=\"color: #ff0000;\"><strong>PUNTATA DEL\u00a0 22 luglio 2021<br \/>\n<\/strong><\/span><\/p>\n<audio class=\"wp-audio-shortcode\" id=\"audio-227835-9\" preload=\"none\" style=\"width: 100%;\" controls=\"controls\"><source type=\"audio\/mpeg\" src=\"https:\/\/www.radiopiu.net\/wordpress\/wp-content\/uploads\/2021\/07\/spi-cgil-22-luglio.mp3?_=9\" \/><a href=\"https:\/\/www.radiopiu.net\/wordpress\/wp-content\/uploads\/2021\/07\/spi-cgil-22-luglio.mp3\">https:\/\/www.radiopiu.net\/wordpress\/wp-content\/uploads\/2021\/07\/spi-cgil-22-luglio.mp3<\/a><\/audio>\n<p><span style=\"color: #ff0000;\"><strong>\u00a0 \u00a0<\/strong><\/span><\/p>\n<p>&nbsp;<\/p>\n<hr \/>\n<p>&nbsp;<\/p>\n<div class=\"mkdf-post-text\">\n<div class=\"mkdf-post-text-inner\">\n<div class=\"mkdf-post-text-main\">\n<div class=\"page-title-head hgroup\">\n<div class=\"page-title-head hgroup\">\n<div class=\"page-title-head hgroup\">\n<div class=\"page-title-head hgroup\">\n<div class=\"b654a4as d2edcug0\">\n<blockquote>\n<blockquote>\n<h2><a href=\"https:\/\/www.radiopiu.net\/wordpress\/speciale-solidarieta-veneto\/solidarieta-veneto-3\/\" rel=\"attachment wp-att-134366\"><img loading=\"lazy\" decoding=\"async\" class=\"wp-image-134366 alignleft\" src=\"https:\/\/www.radiopiu.net\/wordpress\/wp-content\/uploads\/2020\/05\/solidariet\u00e0-veneto-300x210.jpg\" alt=\"\" width=\"102\" height=\"71\" srcset=\"https:\/\/www.radiopiu.net\/wordpress\/wp-content\/uploads\/2020\/05\/solidariet\u00e0-veneto-300x210.jpg 300w, https:\/\/www.radiopiu.net\/wordpress\/wp-content\/uploads\/2020\/05\/solidariet\u00e0-veneto-1024x717.jpg 1024w, https:\/\/www.radiopiu.net\/wordpress\/wp-content\/uploads\/2020\/05\/solidariet\u00e0-veneto-768x538.jpg 768w, https:\/\/www.radiopiu.net\/wordpress\/wp-content\/uploads\/2020\/05\/solidariet\u00e0-veneto.jpg 1373w\" sizes=\"auto, (max-width: 102px) 100vw, 102px\" \/><\/a>SOLIDARIETA&#8217; VENETO FONDO PENSIONE, IN ONDA IL PRIMO VENERDI DEL MESE ALLE 10.30 E ALLE 19.00 QUINTA STAGIONE<\/h2>\n<\/blockquote>\n<h2><strong><span style=\"color: #ff0000;\">AUDIO LUGLIO\u00a0 AGOSTO 2021<\/span><\/strong><\/h2>\n<\/blockquote>\n<audio class=\"wp-audio-shortcode\" id=\"audio-227835-10\" preload=\"none\" style=\"width: 100%;\" controls=\"controls\"><source type=\"audio\/mpeg\" src=\"https:\/\/www.radiopiu.net\/wordpress\/wp-content\/uploads\/2021\/07\/solidarieta-veneto-luglio-agosto.mp3-2021.mp3?_=10\" \/><a href=\"https:\/\/www.radiopiu.net\/wordpress\/wp-content\/uploads\/2021\/07\/solidarieta-veneto-luglio-agosto.mp3-2021.mp3\">https:\/\/www.radiopiu.net\/wordpress\/wp-content\/uploads\/2021\/07\/solidarieta-veneto-luglio-agosto.mp3-2021.mp3<\/a><\/audio>\n<p>&nbsp;<\/p>\n<h2>LA RACCOLTA COMPLETA<\/h2>\n<blockquote class=\"wp-embedded-content\" data-secret=\"9vhKaltTDj\"><p><a href=\"https:\/\/www.radiopiu.net\/wordpress\/solidarieta-veneto\/\">Solidariet\u00e0 Veneto<\/a><\/p><\/blockquote>\n<p><iframe loading=\"lazy\" class=\"wp-embedded-content\" sandbox=\"allow-scripts\" security=\"restricted\" style=\"position: absolute; clip: rect(1px, 1px, 1px, 1px);\" title=\"&#8220;Solidariet\u00e0 Veneto&#8221; &#8212; Radio Pi\u00f9\" src=\"https:\/\/www.radiopiu.net\/wordpress\/solidarieta-veneto\/embed\/#?secret=9vhKaltTDj\" data-secret=\"9vhKaltTDj\" width=\"600\" height=\"338\" frameborder=\"0\" marginwidth=\"0\" marginheight=\"0\" scrolling=\"no\"><\/iframe><\/p>\n<blockquote>\n<h2><\/h2>\n<\/blockquote>\n<p>&nbsp;<\/p>\n<p>&nbsp;<\/p>\n<hr \/>\n<p>&nbsp;<\/p>\n<div>\n<div class=\"b654a4as d2edcug0\">\n<div class=\"rq0escxv hkbzh7o3 jwdofwj8 n8tt0mok r8blr3vg hyh9befq\">\n<p><a class=\"dt-pswp-item\" href=\"https:\/\/www.radiopiu.net\/wordpress\/wp-content\/uploads\/2020\/10\/pp.jpg\" data-dt-img-description=\"\" data-large_image_width=\"640\" data-large_image_height=\"640\"><img loading=\"lazy\" decoding=\"async\" class=\"wp-image-163678 alignleft\" src=\"https:\/\/www.radiopiu.net\/wordpress\/wp-content\/uploads\/2020\/10\/pp-300x300.jpg\" alt=\"\" width=\"106\" height=\"106\" srcset=\"https:\/\/www.radiopiu.net\/wordpress\/wp-content\/uploads\/2020\/10\/pp-300x300.jpg 300w, https:\/\/www.radiopiu.net\/wordpress\/wp-content\/uploads\/2020\/10\/pp-150x150.jpg 150w, https:\/\/www.radiopiu.net\/wordpress\/wp-content\/uploads\/2020\/10\/pp-125x125.jpg 125w, https:\/\/www.radiopiu.net\/wordpress\/wp-content\/uploads\/2020\/10\/pp-200x200.jpg 200w, https:\/\/www.radiopiu.net\/wordpress\/wp-content\/uploads\/2020\/10\/pp-80x80.jpg 80w, https:\/\/www.radiopiu.net\/wordpress\/wp-content\/uploads\/2020\/10\/pp-480x480.jpg 480w, https:\/\/www.radiopiu.net\/wordpress\/wp-content\/uploads\/2020\/10\/pp.jpg 640w\" sizes=\"auto, (max-width: 106px) 100vw, 106px\" \/><\/a><\/p>\n<\/div>\n<\/div>\n<\/div>\n<div>\n<div class=\"page-title-head hgroup\">\n<div class=\"page-title-head hgroup\">\n<div class=\"b654a4as d2edcug0\">\n<div class=\"j83agx80 btwxx1t3 lhclo0ds hop8lmos nkwizq5d scwd0bx6 roh60bw9\">\n<div class=\"rq0escxv hkbzh7o3 jwdofwj8 n8tt0mok r8blr3vg hyh9befq\">\n<div class=\"do00u71z l9j0dhe7 k4urcfbm\">\n<h2><span style=\"color: #000080;\">DON CESARE, IL PENSIERO DEL GIORNO. ALLA RADIO ALLE 7 DEL MATTINO E ALLE 19.30 DELLA SERA.\u00a0\u00a0<\/span><\/h2>\n<\/div>\n<\/div>\n<\/div>\n<div><\/div>\n<div><\/div>\n<div>\n<audio class=\"wp-audio-shortcode\" id=\"audio-227835-11\" preload=\"none\" style=\"width: 100%;\" controls=\"controls\"><source type=\"audio\/mpeg\" src=\"https:\/\/www.radiopiu.net\/wordpress\/wp-content\/uploads\/2021\/08\/cesare-9.mp3?_=11\" \/><a href=\"https:\/\/www.radiopiu.net\/wordpress\/wp-content\/uploads\/2021\/08\/cesare-9.mp3\">https:\/\/www.radiopiu.net\/wordpress\/wp-content\/uploads\/2021\/08\/cesare-9.mp3<\/a><\/audio>\n<\/div>\n<\/div>\n<\/div>\n<div class=\"page-title-head hgroup\">\n<p>&nbsp;<\/p>\n<hr \/>\n<p class=\"b654a4as d2edcug0\"><span style=\"color: #ff6600;\"> \u00a0<\/span><\/p>\n<h2>GIROVAGANDO ALLA RADIO, PUNTATA 12<\/h2>\n<p><strong><a href=\"https:\/\/www.radiopiu.net\/wordpress\/girovagando-alla-radio-puntata-12\/95940461-e5ea-4383-bbbc-47da17421cd1\/\" rel=\"attachment wp-att-227759\"><img loading=\"lazy\" decoding=\"async\" class=\"size-medium wp-image-227759 alignleft\" src=\"https:\/\/www.radiopiu.net\/wordpress\/wp-content\/uploads\/2021\/08\/95940461-e5ea-4383-bbbc-47da17421cd1-300x225.jpg\" alt=\"\" width=\"300\" height=\"225\" srcset=\"https:\/\/www.radiopiu.net\/wordpress\/wp-content\/uploads\/2021\/08\/95940461-e5ea-4383-bbbc-47da17421cd1-300x225.jpg 300w, https:\/\/www.radiopiu.net\/wordpress\/wp-content\/uploads\/2021\/08\/95940461-e5ea-4383-bbbc-47da17421cd1-1024x768.jpg 1024w, https:\/\/www.radiopiu.net\/wordpress\/wp-content\/uploads\/2021\/08\/95940461-e5ea-4383-bbbc-47da17421cd1-768x576.jpg 768w, https:\/\/www.radiopiu.net\/wordpress\/wp-content\/uploads\/2021\/08\/95940461-e5ea-4383-bbbc-47da17421cd1-1536x1152.jpg 1536w, https:\/\/www.radiopiu.net\/wordpress\/wp-content\/uploads\/2021\/08\/95940461-e5ea-4383-bbbc-47da17421cd1.jpg 1600w\" sizes=\"auto, (max-width: 300px) 100vw, 300px\" \/><\/a>Collaborazione Thomas Soppera<\/strong><\/p>\n<p>&nbsp;<\/p>\n<p><strong>PUNTATA DEL 16 AGOSTO 2021<\/strong><\/p>\n<audio class=\"wp-audio-shortcode\" id=\"audio-227835-12\" preload=\"none\" style=\"width: 100%;\" controls=\"controls\"><source type=\"audio\/mpeg\" src=\"https:\/\/www.radiopiu.net\/wordpress\/wp-content\/uploads\/2021\/08\/GIROVAGANDO-12.mp3?_=12\" \/><a href=\"https:\/\/www.radiopiu.net\/wordpress\/wp-content\/uploads\/2021\/08\/GIROVAGANDO-12.mp3\">https:\/\/www.radiopiu.net\/wordpress\/wp-content\/uploads\/2021\/08\/GIROVAGANDO-12.mp3<\/a><\/audio>\n<p>&nbsp;<\/p>\n<h2><span style=\"color: #ff0000;\">LA RACCOLTA COMPLETA\u00a0<\/span><\/h2>\n<blockquote class=\"wp-embedded-content\" data-secret=\"WVRfRN6C3n\"><p><a href=\"https:\/\/www.radiopiu.net\/wordpress\/girovagando-in-e-bike-tra-le-dolomiti\/\">GIROVAGANDO IN E BIKE TRA LE DOLOMITI<\/a><\/p><\/blockquote>\n<p><iframe loading=\"lazy\" class=\"wp-embedded-content\" sandbox=\"allow-scripts\" security=\"restricted\" style=\"position: absolute; clip: rect(1px, 1px, 1px, 1px);\" title=\"&#8220;GIROVAGANDO IN E BIKE TRA LE DOLOMITI&#8221; &#8212; Radio Pi\u00f9\" src=\"https:\/\/www.radiopiu.net\/wordpress\/girovagando-in-e-bike-tra-le-dolomiti\/embed\/#?secret=WVRfRN6C3n\" data-secret=\"WVRfRN6C3n\" width=\"600\" height=\"338\" frameborder=\"0\" marginwidth=\"0\" marginheight=\"0\" scrolling=\"no\"><\/iframe><\/p>\n<p>\u200b<\/p>\n<p>\u200b<\/p>\n<hr \/>\n<\/div>\n<\/div>\n<\/div>\n<\/div>\n<\/div>\n<\/div>\n<\/div>\n<\/div>\n<\/div>\n<\/div>\n<\/div>\n<\/div>\n<\/div>\n<\/div>\n<\/div>\n<\/div>\n<\/div>\n<\/div>\n<\/div>\n<\/div>\n<\/div>\n<\/div>\n<\/div>\n<div class=\"mkdf-post-text\">\n<div class=\"mkdf-post-text-inner\">\n<div class=\"mkdf-post-text-main\">\n<div class=\"mkdf-post-text\">\n<div class=\"mkdf-post-text-inner\">\n<div class=\"mkdf-post-text-main\">\n<div>\n<div class=\"page-title-head hgroup\">\n<div class=\"page-title-head hgroup\">\n<div class=\"page-title-head hgroup\">\n<div class=\"page-title-head hgroup\">\n<div class=\"b654a4as d2edcug0\">\n<div class=\"page-title-head hgroup\">\n<div class=\"page-title-head hgroup\">\n<p>&nbsp;<\/p>\n<\/div>\n<\/div>\n<\/div>\n<\/div>\n<\/div>\n<\/div>\n<\/div>\n<\/div>\n<\/div>\n<\/div>\n<\/div>\n<\/div>\n<\/div>\n<\/div>\n<\/div>\n<\/div>\n<\/div>\n<\/div>\n<\/div>\n<\/div>\n<\/div>\n<\/div>\n<\/div>\n<\/div>\n<\/div>\n<\/div>\n<blockquote>\n<h3><\/h3>\n<h3>COLLAGE&#8230; DI LORIS SCUSSEL dal lunedi al venerdi alle 16 e alle 23 su RADIO PIU<\/h3>\n<\/blockquote>\n<div>\n<p><img loading=\"lazy\" decoding=\"async\" class=\"alignleft\" src=\"https:\/\/www.radiopiu.net\/wordpress\/wp-content\/uploads\/2021\/05\/Schermata-2021-05-23-alle-11.50.11.png\" width=\"186\" height=\"131\" \/><\/p>\n<div>\n<p>Il programma \u00e8 andato in onda da dicembre 2013 fino a luglio 2019, comprese le repliche, in due serie per 350 puntate complessive con 1.890 brani trasmessi. L\u2019obiettivo del programma: riproporre agli ascoltatori pi\u00f9 grandicelli le canzoni che ascoltavano nel passato e nello stesso tempo farle conoscere anche ai pi\u00f9 giovani.<\/p>\n<\/div>\n<\/div>\n<div>\n<p><b>\u00a0\u00a0<\/b><\/p>\n<p><strong>PUNTATA 411 DEL 16 AGOSTO 2021<\/strong><\/p>\n<audio class=\"wp-audio-shortcode\" id=\"audio-227835-13\" preload=\"none\" style=\"width: 100%;\" controls=\"controls\"><source type=\"audio\/mpeg\" src=\"https:\/\/www.radiopiu.net\/wordpress\/wp-content\/uploads\/2021\/08\/Collage-411.mp3?_=13\" \/><a href=\"https:\/\/www.radiopiu.net\/wordpress\/wp-content\/uploads\/2021\/08\/Collage-411.mp3\">https:\/\/www.radiopiu.net\/wordpress\/wp-content\/uploads\/2021\/08\/Collage-411.mp3<\/a><\/audio>\n<p>&nbsp;<\/p>\n<p>&nbsp;<\/p>\n<\/div>\n<\/div>\n<\/div>\n<\/div>\n<\/div>\n<\/div>\n<\/div>\n<\/div>\n<\/div>\n<\/div>\n<\/div>\n<\/div>\n<\/div>\n<\/div>\n<\/div>\n<\/div>\n<\/div>\n<\/div>\n<\/div>\n<\/div>\n<\/div>\n<\/div>\n<\/div>\n<\/div>\n<\/div>\n<\/div>\n<\/div>\n<\/div>\n<\/div>\n<\/div>\n<\/div>\n<\/div>\n<\/div>\n<\/div>\n<\/div>\n<\/div>\n<\/div>\n<\/div>\n<\/div>\n<\/div>\n<\/div>\n<\/div>\n<\/div>\n<\/div>\n<\/div>\n<\/div>\n<\/div>\n<\/div>\n<\/div>\n<\/div>\n<\/div>\n<\/div>\n<\/div>\n<\/div>\n<\/div>\n<\/div>\n<\/div>\n<\/div>\n<\/div>\n<\/div>\n<\/div>\n<\/div>\n<div>\n<hr \/>\n<p>&nbsp;<\/p>\n<div>\n<div class=\"b654a4as d2edcug0\">\n<div class=\"rq0escxv hkbzh7o3 jwdofwj8 n8tt0mok r8blr3vg hyh9befq\">\n<div class=\"b654a4as d2edcug0\">\n<div class=\"b654a4as d2edcug0\">\n<div>\n<div class=\"b654a4as d2edcug0\">\n<div class=\"rq0escxv hkbzh7o3 jwdofwj8 n8tt0mok r8blr3vg hyh9befq\">\n<div class=\"b654a4as d2edcug0\">\n<h2><\/h2>\n<div class=\"b654a4as d2edcug0\">\n<h2><span style=\"color: #008000;\">ERBE E PIANTE CURATIVE&#8230;IL\u00a0 PROGRAMMA DI PAOLA LANCIATO\u00a0\u00a0<\/span><\/h2>\n<blockquote class=\"wp-embedded-content\" data-secret=\"89NOROlcob\"><p><a href=\"https:\/\/www.radiopiu.net\/wordpress\/erbavoglio\/\">L&#8217;ERBA VOGLIO DEL GIARDINO DEL RE&#8230; Erbe, fiori e Piante di e con Paola Lanciato<\/a><\/p><\/blockquote>\n<p><iframe loading=\"lazy\" class=\"wp-embedded-content\" sandbox=\"allow-scripts\" security=\"restricted\" style=\"position: absolute; clip: rect(1px, 1px, 1px, 1px);\" title=\"&#8220;L&#8217;ERBA VOGLIO DEL GIARDINO DEL RE&#8230; Erbe, fiori e Piante di e con Paola Lanciato&#8221; &#8212; Radio Pi\u00f9\" src=\"https:\/\/www.radiopiu.net\/wordpress\/erbavoglio\/embed\/#?secret=89NOROlcob\" data-secret=\"89NOROlcob\" width=\"600\" height=\"338\" frameborder=\"0\" marginwidth=\"0\" marginheight=\"0\" scrolling=\"no\"><\/iframe><\/p>\n<\/div>\n<p>&nbsp;<\/p>\n<\/div>\n<\/div>\n<\/div>\n<\/div>\n<p>&nbsp;<\/p>\n<\/div>\n<\/div>\n<\/div>\n<\/div>\n<\/div>\n<p>&nbsp;<\/p>\n<hr \/>\n<p>&nbsp;<\/p>\n<div>\n<h2><span style=\"color: #ff0000;\"><strong>IN VIVO VERSO 2020-21 ESTATE, RIASCOLTIAMOLI&#8230; DAL CASSETTO DEI RICORDI DI RADIO PIU&#8217;&#8230; LE PRIME\u00a0 SEI STAGIONI\u00a0 \u00a0<\/strong><\/span><\/h2>\n<h3><em>riascoltiamole A MIO PADRE DI ANNA LAURA<\/em><\/h3>\n<p>AUDIO<\/p>\n<audio class=\"wp-audio-shortcode\" id=\"audio-227835-14\" preload=\"none\" style=\"width: 100%;\" controls=\"controls\"><source type=\"audio\/mpeg\" src=\"https:\/\/www.radiopiu.net\/wordpress\/wp-content\/uploads\/2021\/08\/ANNA-LAURA-6-A-MIO-PADRE.mp3?_=14\" \/><a href=\"https:\/\/www.radiopiu.net\/wordpress\/wp-content\/uploads\/2021\/08\/ANNA-LAURA-6-A-MIO-PADRE.mp3\">https:\/\/www.radiopiu.net\/wordpress\/wp-content\/uploads\/2021\/08\/ANNA-LAURA-6-A-MIO-PADRE.mp3<\/a><\/audio>\n<p>&nbsp;<\/p>\n<div class=\"page-title-head hgroup\">\n<div class=\"page-title-head hgroup\">\n<div class=\"page-title-head hgroup\">\n<div class=\"page-title-head hgroup\">\n<div class=\"page-title-head hgroup\">\n<div class=\"page-title-head hgroup\">\n<blockquote><p><strong>LA RACCOLTA COMPLETA\u00a0<\/strong><\/p><\/blockquote>\n<blockquote class=\"wp-embedded-content\" data-secret=\"KHiTOuAw4p\"><p><a href=\"https:\/\/www.radiopiu.net\/wordpress\/in-vivo-verso\/\">In Vivo Verso<\/a><\/p><\/blockquote>\n<p><iframe loading=\"lazy\" class=\"wp-embedded-content\" sandbox=\"allow-scripts\" security=\"restricted\" style=\"position: absolute; clip: rect(1px, 1px, 1px, 1px);\" title=\"&#8220;In Vivo Verso&#8221; &#8212; Radio Pi\u00f9\" src=\"https:\/\/www.radiopiu.net\/wordpress\/in-vivo-verso\/embed\/#?secret=KHiTOuAw4p\" data-secret=\"KHiTOuAw4p\" width=\"600\" height=\"338\" frameborder=\"0\" marginwidth=\"0\" marginheight=\"0\" scrolling=\"no\"><\/iframe><\/p>\n<\/div>\n<\/div>\n<\/div>\n<\/div>\n<\/div>\n<\/div>\n<p>&nbsp;<\/p>\n<hr \/>\n<\/div>\n<blockquote>\n<blockquote>\n<h2><\/h2>\n<\/blockquote>\n<\/blockquote>\n<div>\n<div class=\"b654a4as d2edcug0\">\n<div class=\"rq0escxv hkbzh7o3 jwdofwj8 n8tt0mok r8blr3vg hyh9befq\">\n<blockquote>\n<h2><span style=\"color: #ff0000;\"><em>ZAINO ALLA RADIO&#8230;ESTATE DI PAOLA LANCIATO\u00a0<\/em><\/span><\/h2>\n<p><strong>LA RACCOLTA COMPLETA\u00a0<\/strong><\/p><\/blockquote>\n<blockquote class=\"wp-embedded-content\" data-secret=\"EDQI7C21S7\"><p><a href=\"https:\/\/www.radiopiu.net\/wordpress\/zaino-femminile-lanciato\/\">Zaino da viaggio al femminile<\/a><\/p><\/blockquote>\n<p><iframe loading=\"lazy\" class=\"wp-embedded-content\" sandbox=\"allow-scripts\" security=\"restricted\" style=\"position: absolute; clip: rect(1px, 1px, 1px, 1px);\" title=\"&#8220;Zaino da viaggio al femminile&#8221; &#8212; Radio Pi\u00f9\" src=\"https:\/\/www.radiopiu.net\/wordpress\/zaino-femminile-lanciato\/embed\/#?secret=EDQI7C21S7\" data-secret=\"EDQI7C21S7\" width=\"600\" height=\"338\" frameborder=\"0\" marginwidth=\"0\" marginheight=\"0\" scrolling=\"no\"><\/iframe><\/p>\n<p>&nbsp;<\/p>\n<\/div>\n<\/div>\n<\/div>\n<hr \/>\n<div>\n<div class=\"page-title-head hgroup\">\n<div class=\"page-title-head hgroup\">\n<div class=\"page-title-head hgroup\">\n<div class=\"page-title-head hgroup\">\n<div class=\"b654a4as d2edcug0\">\n<div class=\"page-title-head hgroup\">\n<div class=\"page-title-head hgroup\">\n<div class=\"page-title-head hgroup\">\n<div class=\"page-title-head hgroup\">\n<div class=\"b654a4as d2edcug0\">\n<div>\n<p>&nbsp;<\/p>\n<blockquote>\n<h3>LA RASSEGNA STAMPA DA L&#8217;AMICO DEL POPOLO, DAL DELTA DEL PO ROBERTA MARCOLONGO<\/h3>\n<\/blockquote>\n<h3 class=\"kvgmc6g5 cxmmr5t8 oygrvhab hcukyx3x c1et5uql\"><span style=\"color: #0000ff;\"><a href=\"https:\/\/www.radiopiu.net\/wordpress\/la-rassegna-stampa-da-lamico-del-popolo-dal-delta-del-po-roberta-marcolongo\/e5418f0b-a75b-4afb-b3d2-8d97d6a76353\/\" rel=\"attachment wp-att-227850\"><img loading=\"lazy\" decoding=\"async\" class=\"size-medium wp-image-227850 alignleft\" src=\"https:\/\/www.radiopiu.net\/wordpress\/wp-content\/uploads\/2021\/08\/e5418f0b-a75b-4afb-b3d2-8d97d6a76353-300x169.jpg\" alt=\"\" width=\"300\" height=\"169\" srcset=\"https:\/\/www.radiopiu.net\/wordpress\/wp-content\/uploads\/2021\/08\/e5418f0b-a75b-4afb-b3d2-8d97d6a76353-300x169.jpg 300w, https:\/\/www.radiopiu.net\/wordpress\/wp-content\/uploads\/2021\/08\/e5418f0b-a75b-4afb-b3d2-8d97d6a76353-1024x577.jpg 1024w, https:\/\/www.radiopiu.net\/wordpress\/wp-content\/uploads\/2021\/08\/e5418f0b-a75b-4afb-b3d2-8d97d6a76353-768x433.jpg 768w, https:\/\/www.radiopiu.net\/wordpress\/wp-content\/uploads\/2021\/08\/e5418f0b-a75b-4afb-b3d2-8d97d6a76353-1536x866.jpg 1536w, https:\/\/www.radiopiu.net\/wordpress\/wp-content\/uploads\/2021\/08\/e5418f0b-a75b-4afb-b3d2-8d97d6a76353.jpg 2048w\" sizes=\"auto, (max-width: 300px) 100vw, 300px\" \/><\/a>INFORMAZIONE il canale su TELEGRAM informazione di prima mano e in tempo reale. iscriviti ed aiutaci a farlo conoscere\u00a0 \u00a0\u00a0<\/span><\/h3>\n<p><strong>OSPITE ROBERTA MARCOLONGO<\/strong><\/p>\n<audio class=\"wp-audio-shortcode\" id=\"audio-227835-15\" preload=\"none\" style=\"width: 100%;\" controls=\"controls\"><source type=\"audio\/mpeg\" src=\"https:\/\/www.radiopiu.net\/wordpress\/wp-content\/uploads\/2021\/08\/RASSEGNA-GIANNI-1.mp3?_=15\" \/><a href=\"https:\/\/www.radiopiu.net\/wordpress\/wp-content\/uploads\/2021\/08\/RASSEGNA-GIANNI-1.mp3\">https:\/\/www.radiopiu.net\/wordpress\/wp-content\/uploads\/2021\/08\/RASSEGNA-GIANNI-1.mp3<\/a><\/audio>\n<p>&nbsp;<\/p>\n<blockquote class=\"wp-embedded-content\" data-secret=\"ye37wQXNWU\"><p><a href=\"https:\/\/www.radiopiu.net\/wordpress\/rassegna-stampa-di-gianni-santomaso\/\">Rassegna stampa da l&#8217;amico del popolo &#8211; di Gianni Santomaso<\/a><\/p><\/blockquote>\n<p><iframe loading=\"lazy\" class=\"wp-embedded-content\" sandbox=\"allow-scripts\" security=\"restricted\" style=\"position: absolute; clip: rect(1px, 1px, 1px, 1px);\" title=\"&#8220;Rassegna stampa da l&#8217;amico del popolo &#8211; di Gianni Santomaso&#8221; &#8212; Radio Pi\u00f9\" src=\"https:\/\/www.radiopiu.net\/wordpress\/rassegna-stampa-di-gianni-santomaso\/embed\/#?secret=ye37wQXNWU\" data-secret=\"ye37wQXNWU\" width=\"600\" height=\"338\" frameborder=\"0\" marginwidth=\"0\" marginheight=\"0\" scrolling=\"no\"><\/iframe><\/p>\n<p>&nbsp;<\/p>\n<hr \/>\n<p>&nbsp;<\/p>\n<p><strong>LA RACCOLTA COMPLETA<\/strong><\/p>\n<\/div>\n<div dir=\"auto\">\n<blockquote class=\"wp-embedded-content\" data-secret=\"RdIVctncJ3\"><p><a href=\"https:\/\/www.radiopiu.net\/wordpress\/saluteesocieta\/\">Salute e Societ\u00e0<\/a><\/p><\/blockquote>\n<p><iframe loading=\"lazy\" class=\"wp-embedded-content\" sandbox=\"allow-scripts\" security=\"restricted\" style=\"position: absolute; clip: rect(1px, 1px, 1px, 1px);\" title=\"&#8220;Salute e Societ\u00e0&#8221; &#8212; Radio Pi\u00f9\" src=\"https:\/\/www.radiopiu.net\/wordpress\/saluteesocieta\/embed\/#?secret=RdIVctncJ3\" data-secret=\"RdIVctncJ3\" width=\"600\" height=\"338\" frameborder=\"0\" marginwidth=\"0\" marginheight=\"0\" scrolling=\"no\"><\/iframe><\/p>\n<\/div>\n<div dir=\"auto\">\n<h1><\/h1>\n<\/div>\n<div>\n<div class=\"page-title-head hgroup\">\n<div class=\"page-title-head hgroup\">\n<div class=\"page-title-head hgroup\">\n<div>\n<div class=\"b654a4as d2edcug0\">\n<div class=\"rq0escxv hkbzh7o3 jwdofwj8 n8tt0mok r8blr3vg hyh9befq\">\n<hr \/>\n<\/div>\n<\/div>\n<\/div>\n<div>\n<div class=\"page-title-head hgroup\">\n<div class=\"page-title-head hgroup\">\n<div class=\"b654a4as d2edcug0\">\n<p>&nbsp;<\/p>\n<blockquote>\n<h3><img loading=\"lazy\" decoding=\"async\" class=\"alignleft\" src=\"https:\/\/www.radiopiu.net\/wordpress\/wp-content\/uploads\/2021\/06\/fresh-flower-leaves-saffron-white-background-place-your-text-use-saffron-spice-cooking-cosmetology_347372-394.jpeg\" width=\"141\" height=\"94\" \/>L&#8217;ALMANACCO LADINO CON L&#8217;ISTITUT CESA DE JAN QUINDICINALE APPUNTAMENTO. LA DOMENICA ALLE 9 IL LUNEDI ALLE 8.35 IL MARTEDI ALLE 12.35 IL MERCOLEDI ALLE 18.35. SECONDA STAGIONE.<\/h3>\n<\/blockquote>\n<p><strong>\u00a0\u00a0<\/strong><\/p>\n<p>PUNTATA 64 DEL 16 AGOSTO 2021<\/p>\n<audio class=\"wp-audio-shortcode\" id=\"audio-227835-16\" preload=\"none\" style=\"width: 100%;\" controls=\"controls\"><source type=\"audio\/mpeg\" src=\"https:\/\/www.radiopiu.net\/wordpress\/wp-content\/uploads\/2021\/08\/64\u00b0Almanach-Ladin-fodom.mp3?_=16\" \/><a href=\"https:\/\/www.radiopiu.net\/wordpress\/wp-content\/uploads\/2021\/08\/64\u00b0Almanach-Ladin-fodom.mp3\">https:\/\/www.radiopiu.net\/wordpress\/wp-content\/uploads\/2021\/08\/64\u00b0Almanach-Ladin-fodom.mp3<\/a><\/audio>\n<p><strong>\u00a0<\/strong><strong>\u00a0RACCOLTA COMPLETA\u00a0<\/strong><\/p>\n<blockquote class=\"wp-embedded-content\" data-secret=\"YISQT83jga\"><p><a href=\"https:\/\/www.radiopiu.net\/wordpress\/almanacco-ladino\/\">Almanacco Ladino<\/a><\/p><\/blockquote>\n<p><iframe loading=\"lazy\" class=\"wp-embedded-content\" sandbox=\"allow-scripts\" security=\"restricted\" style=\"position: absolute; clip: rect(1px, 1px, 1px, 1px);\" title=\"&#8220;Almanacco Ladino&#8221; &#8212; Radio Pi\u00f9\" src=\"https:\/\/www.radiopiu.net\/wordpress\/almanacco-ladino\/embed\/#?secret=YISQT83jga\" data-secret=\"YISQT83jga\" width=\"600\" height=\"338\" frameborder=\"0\" marginwidth=\"0\" marginheight=\"0\" scrolling=\"no\"><\/iframe><\/p>\n<\/div>\n<div>\n<p>&nbsp;<\/p>\n<hr \/>\n<h2><span style=\"color: #808000;\">DUE MINUTI UN LIBRO\u00a0 TUTTI I GIORNI ALLA RADIO ALLE 9.30 E ALLE 18. QUINTA STAGIONE\u00a0<\/span><\/h2>\n<blockquote class=\"wp-embedded-content\" data-secret=\"93ph22xi9r\"><p><a href=\"https:\/\/www.radiopiu.net\/wordpress\/mozart-deve-morire\/\">MOZART DEVE MORIRE<\/a><\/p><\/blockquote>\n<p><iframe loading=\"lazy\" class=\"wp-embedded-content\" sandbox=\"allow-scripts\" security=\"restricted\" style=\"position: absolute; clip: rect(1px, 1px, 1px, 1px);\" title=\"&#8220;MOZART DEVE MORIRE&#8221; &#8212; Radio Pi\u00f9\" src=\"https:\/\/www.radiopiu.net\/wordpress\/mozart-deve-morire\/embed\/#?secret=93ph22xi9r\" data-secret=\"93ph22xi9r\" width=\"600\" height=\"338\" frameborder=\"0\" marginwidth=\"0\" marginheight=\"0\" scrolling=\"no\"><\/iframe><\/p>\n<p><strong>LA RACCOLTA COMPLETA\u00a0\u00a0<\/strong><\/p>\n<\/div>\n<div>\n<blockquote class=\"wp-embedded-content\" data-secret=\"88cQOuDkPI\"><p><a href=\"https:\/\/www.radiopiu.net\/wordpress\/due-minuti-un-libro\/\">Due minuti un libro<\/a><\/p><\/blockquote>\n<p><iframe loading=\"lazy\" class=\"wp-embedded-content\" sandbox=\"allow-scripts\" security=\"restricted\" style=\"position: absolute; clip: rect(1px, 1px, 1px, 1px);\" title=\"&#8220;Due minuti un libro&#8221; &#8212; Radio Pi\u00f9\" src=\"https:\/\/www.radiopiu.net\/wordpress\/due-minuti-un-libro\/embed\/#?secret=88cQOuDkPI\" data-secret=\"88cQOuDkPI\" width=\"600\" height=\"338\" frameborder=\"0\" marginwidth=\"0\" marginheight=\"0\" scrolling=\"no\"><\/iframe><\/p>\n<p>&nbsp;<\/p>\n<hr \/>\n<p>\u200b<\/p>\n<div>\n<h2><span style=\"color: #33cccc;\">I RACCONTI DI PAOLO SOPPELSA il lunedi alle 9.30 e 18.30<\/span><\/h2>\n<p><strong>NEL MONDO DEL PELSA<\/strong><\/p>\n<p><em><strong>AUDIO<\/strong><\/em><\/p>\n<audio class=\"wp-audio-shortcode\" id=\"audio-227835-17\" preload=\"none\" style=\"width: 100%;\" controls=\"controls\"><source type=\"audio\/mpeg\" src=\"https:\/\/www.radiopiu.net\/wordpress\/wp-content\/uploads\/2021\/08\/PAOLO-SOPPELSA-NEL-MONDO-DEL-PELSA.mp3?_=17\" \/><a href=\"https:\/\/www.radiopiu.net\/wordpress\/wp-content\/uploads\/2021\/08\/PAOLO-SOPPELSA-NEL-MONDO-DEL-PELSA.mp3\">https:\/\/www.radiopiu.net\/wordpress\/wp-content\/uploads\/2021\/08\/PAOLO-SOPPELSA-NEL-MONDO-DEL-PELSA.mp3<\/a><\/audio>\n<p>&nbsp;<\/p>\n<p><a href=\"https:\/\/www.radiopiu.net\/wordpress\/i-racconti-di-paolo-soppelsa-ottantottesima-puntata\/2630b02b-329a-4bca-b808-cf1bce4a5a9d\/\" rel=\"attachment wp-att-227763\"><img loading=\"lazy\" decoding=\"async\" class=\"size-medium wp-image-227763 alignleft\" src=\"https:\/\/www.radiopiu.net\/wordpress\/wp-content\/uploads\/2021\/08\/2630b02b-329a-4bca-b808-cf1bce4a5a9d-300x225.jpg\" alt=\"\" width=\"300\" height=\"225\" srcset=\"https:\/\/www.radiopiu.net\/wordpress\/wp-content\/uploads\/2021\/08\/2630b02b-329a-4bca-b808-cf1bce4a5a9d-300x225.jpg 300w, https:\/\/www.radiopiu.net\/wordpress\/wp-content\/uploads\/2021\/08\/2630b02b-329a-4bca-b808-cf1bce4a5a9d-1024x768.jpg 1024w, https:\/\/www.radiopiu.net\/wordpress\/wp-content\/uploads\/2021\/08\/2630b02b-329a-4bca-b808-cf1bce4a5a9d-768x576.jpg 768w, https:\/\/www.radiopiu.net\/wordpress\/wp-content\/uploads\/2021\/08\/2630b02b-329a-4bca-b808-cf1bce4a5a9d-1536x1152.jpg 1536w, https:\/\/www.radiopiu.net\/wordpress\/wp-content\/uploads\/2021\/08\/2630b02b-329a-4bca-b808-cf1bce4a5a9d.jpg 1600w\" sizes=\"auto, (max-width: 300px) 100vw, 300px\" \/><\/a>Un mondo appartato, semi-nascosto nella maestosit\u00e0 dei boschi del Pelsa. Un mondo di piccoli orti &#8220;coltivai a fasoi&#8221; e di &#8220;pile de legne&#8221; perfettamente a piombo. Ampi panorami che si aprono sulla Val del Biois e cantare gentile dell&#8217;acqua della &#8220;brenta&#8221;. Bricol \u00e8 frazione tenacemente aggrappata ai ripidi pendii dell&#8217;alta e severa montagna: un piccolo borgo formato da una casa e un tabi\u00e0, mantenuto in vita da altrettanto tenaci persone. Tutto \u00e8 curato nei dintorni della grande e antica abitazione; l&#8217;erba \u00e8 falciata e gli orti perfettamente recintati. Anche la bella strada forestale che sale dai Bastiegn \u00e8 ben tenuta: in parte cementata, permette di raggiungere con maggiore agio e sicurezza questo piccolo villaggio nascosto e silenzioso. Sono importanti le strade che permettono di raggiungere questi luoghi splendidi e complicati: quando mancano le strade, le frazioni prima si spopolano e poi cadono in rovina. C&#8217;\u00e8 ancora vita quass\u00f9 dove giungono nitidi i potenti rintocchi della Conciliare: ci sono i fiori alle finestre che raccontano di vite aggrappate alle proprie radici ed alla propria montagna. C&#8217;\u00e8 la cura dei prati e la manutenzione dei tetti: i sacchi di cemento posati in ordine accanto alla fontana raccontano un &#8220;work in progress&#8221; perenne e silenzioso. Donne e uomini che ancor oggi mantengono in vita quel mondo di ieri. E mi vengono in mente gli occhi azzurri di quell&#8217;uomo dalla voce pacata che incontrai non al Bricol, bens\u00ec dall&#8217;altra parte della valle. E poco importa dove ci siamo incontrati: quass\u00f9 la storia di questi borghi \u00e8 sempre uguale e spesso \u00e8 narrata da persone che portano lo stesso cognome. Aveva appena spento il decespugliatore quel giorno. Mi avvicinai e ci presentammo. Parlammo per una ventina di minuti di questi luoghi che con fatica ancora vivono. Mentre ascoltavo pensavo ai mille discorsi sentiti in questi anni, alle tante parole spese e alle molte pagine lette in materia di &#8220;abbandono della montagna&#8221;. L&#8217;uomo dagli occhi azzurri parlava e nel mentre osservava il suo lavoro appena terminato. Faceva caldo e l&#8217;erba gi\u00e0 iniziava a seccare quando mi guard\u00f2 e mi disse che &#8220;&#8230;l\u00e8 bel vede &#8216;n cin de net qua d&#8217;intorn\u2026&#8221;. In quel momento pensai che in queste semplici parole c&#8217;era tutta la verit\u00e0. Era costato fatica e pure qualche soldo quel lavoro eseguito a regola d&#8217;arte, e non c&#8217;era stato alcun ritorno economico. Non aveva rifoccilato il suo conto in banca, ma il suo cuore e la sua anima gioivano in silenzio ammirando il luogo dov&#8217;era nato e cresciuto tirato a lucido come quando era bambino.<br \/>\nDa Bricol si riescono a scorgere quelle frazioni ormai preda dall&#8217;avanzare del bosco che anno dopo anno ruba spazio ai prati: Pradesora, Malos e Cioit. Borghi che sono storie, &#8220;mur de sas e salesai&#8221; che parlano. Poi mi alzo dallo scalino in pietra dove sono seduto e mi preparo a continuare la mia passeggiata all&#8217;ombra dell&#8217;incombente parete del Pelsa. Prima di incamminarmi saluto con affetto il semplice lampione &#8220;vintage&#8221;: \u00e8 &#8220;la stella del Pelsa&#8221;, che di notte brilla indicando la rotta a notturni naviganti montani. Pure a Colaz, un tempo, era presente un&#8217;identica stella: ma purtroppo \u00e8 spenta da anni. Osservo il fantasma del &#8220;Campanil dele Moneghe&#8221; aldil\u00e0 della valle e poi mi inoltro lungo la &#8220;strada da trator&#8221; che si snoda lungo &#8220;la costa&#8221;. \u00c8 bosco &#8220;de fagher e de lares&#8221;, era mondo di carbonai che un tempo, in questi luoghi, producevano carbone di legna. &#8220;El troi de le ial&#8221; racconta &#8220;de poiat che fumea anca par doi setimane&#8221; e di uomini che vivevano all&#8217;addiaccio durante i giorni necessari alla produzione del prezioso carbone. Era lavoro duro, che necessitava di abilit\u00e0 e pazienza. Erano fatiche e sacrifici e &#8220;polenta e formai&#8221;. Le &#8220;ial&#8221;, ovvero quegli spiazzi dove venivano allestiti i &#8220;poiat&#8221;, raccontano quelle vite che oggi sono vecchi ricordi. Un mondo appartato a 1097 metri di quota, silente eppur vivo, dove il sole arriva tardi al mattino e dove rivive la storia dell&#8217;antico lavoro dei carbonai &#8220;de Zenzenighe&#8221;&#8230; Magiche Dolomiti!!<\/p>\n<p>&nbsp;<\/p>\n<blockquote class=\"wp-embedded-content\" data-secret=\"64baLF6uYI\"><p><a href=\"https:\/\/www.radiopiu.net\/wordpress\/i-racconti-di-paolo-soppelsa\/\">I racconti di Paolo Soppelsa<\/a><\/p><\/blockquote>\n<p><iframe loading=\"lazy\" class=\"wp-embedded-content\" sandbox=\"allow-scripts\" security=\"restricted\" style=\"position: absolute; clip: rect(1px, 1px, 1px, 1px);\" title=\"&#8220;I racconti di Paolo Soppelsa&#8221; &#8212; Radio Pi\u00f9\" src=\"https:\/\/www.radiopiu.net\/wordpress\/i-racconti-di-paolo-soppelsa\/embed\/#?secret=64baLF6uYI\" data-secret=\"64baLF6uYI\" width=\"600\" height=\"338\" frameborder=\"0\" marginwidth=\"0\" marginheight=\"0\" scrolling=\"no\"><\/iframe><\/p>\n<p>&nbsp;<\/p>\n<\/div>\n<\/div>\n<hr \/>\n<p>&nbsp;<\/p>\n<div class=\"mkdf-post-text\">\n<div class=\"mkdf-post-text-inner\">\n<div class=\"mkdf-post-text-main\">\n<div class=\"mkdf-post-text\">\n<div class=\"mkdf-post-text-inner\">\n<div class=\"mkdf-post-text-main\">\n<div class=\"mkdf-post-text\">\n<div class=\"mkdf-post-text-inner\">\n<div class=\"mkdf-post-text-main\">\n<div class=\"page-title-head hgroup\">\n<div class=\"page-title-head hgroup\">\n<div class=\"mkdf-post-text\">\n<div class=\"mkdf-post-text-inner\">\n<div class=\"mkdf-post-text-main\">\n<div class=\"mkdf-post-text\">\n<div class=\"mkdf-post-text-inner\">\n<div class=\"mkdf-post-text-main\">\n<div>\n<div class=\"page-title-head hgroup\">\n<div class=\"page-title-head hgroup\">\n<div class=\"page-title-head hgroup\">\n<div class=\"page-title-head hgroup\">\n<div class=\"b654a4as d2edcug0\">\n<div class=\"page-title-head hgroup\">\n<div class=\"page-title-head hgroup\">\n<div class=\"page-title-head hgroup\">\n<div class=\"page-title-head hgroup\">\n<div class=\"b654a4as d2edcug0\">\n<div>\n<div>\n<div>\n<div>\n<div class=\"page-title-head hgroup\">\n<div class=\"page-title-head hgroup\">\n<div class=\"page-title-head hgroup\">\n<div class=\"page-title-head hgroup\">\n<div class=\"b654a4as d2edcug0\">\n<div class=\"page-title-head hgroup\">\n<div class=\"page-title-head hgroup\">\n<div class=\"page-title-head hgroup\">\n<div class=\"page-title-head hgroup\">\n<div class=\"b654a4as d2edcug0\">\n<div>\n<div class=\"page-title-head hgroup\">\n<div class=\"page-title-head hgroup\">\n<div class=\"page-title-head hgroup\">\n<div>\n<div class=\"page-title-head hgroup\">\n<div class=\"page-title-head hgroup\">\n<div class=\"page-title-head hgroup\">\n<p>&nbsp;<\/p>\n<p><a href=\"https:\/\/www.radiopiu.net\/wordpress\/giornale-radiopiu-26-settembre-2018-direttore-mirko-mezzacasa\/viabilita-2\/\" rel=\"attachment wp-att-61954\"><img loading=\"lazy\" decoding=\"async\" class=\"wp-image-61954 size-full aligncenter\" src=\"https:\/\/www.radiopiu.net\/wordpress\/wp-content\/uploads\/2018\/09\/viabilita.jpeg\" alt=\"\" width=\"800\" height=\"100\" srcset=\"https:\/\/www.radiopiu.net\/wordpress\/wp-content\/uploads\/2018\/09\/viabilita.jpeg 800w, https:\/\/www.radiopiu.net\/wordpress\/wp-content\/uploads\/2018\/09\/viabilita-300x38.jpeg 300w, https:\/\/www.radiopiu.net\/wordpress\/wp-content\/uploads\/2018\/09\/viabilita-768x96.jpeg 768w\" sizes=\"auto, (max-width: 800px) 100vw, 800px\" \/><\/a><\/p>\n<blockquote><p><a href=\"https:\/\/www.radiopiu.net\/wordpress\/giornale-radiopiu-09-agosto-2018-direttore-mirko-mezzacasa\/viabilia\/\" rel=\"attachment wp-att-57053\"><img loading=\"lazy\" decoding=\"async\" class=\" wp-image-57053 alignleft\" src=\"https:\/\/www.radiopiu.net\/wordpress\/wp-content\/uploads\/2018\/08\/VIABILIA-300x180.jpeg\" alt=\"\" width=\"220\" height=\"132\" srcset=\"https:\/\/www.radiopiu.net\/wordpress\/wp-content\/uploads\/2018\/08\/VIABILIA-300x180.jpeg 300w, https:\/\/www.radiopiu.net\/wordpress\/wp-content\/uploads\/2018\/08\/VIABILIA-768x461.jpeg 768w, https:\/\/www.radiopiu.net\/wordpress\/wp-content\/uploads\/2018\/08\/VIABILIA-1024x614.jpeg 1024w, https:\/\/www.radiopiu.net\/wordpress\/wp-content\/uploads\/2018\/08\/VIABILIA.jpeg 1280w\" sizes=\"auto, (max-width: 220px) 100vw, 220px\" \/><\/a><\/p><\/blockquote>\n<\/div>\n<\/div>\n<\/div>\n<\/div>\n<\/div>\n<\/div>\n<\/div>\n<\/div>\n<div>\n<div>\n<div class=\"page-title-head hgroup\">\n<div class=\"page-title-head hgroup\">\n<div class=\"page-title-head hgroup\">\n<div class=\"page-title-head hgroup\">\n<div class=\"page-title-head hgroup\">\n<div class=\"page-title-head hgroup\">\n<blockquote><p>La viabilit\u00e0 con gli ultimi aggiornamenti<\/p><\/blockquote>\n<\/div>\n<\/div>\n<\/div>\n<\/div>\n<\/div>\n<\/div>\n<\/div>\n<div><\/div>\n<div><\/div>\n<div>\n<div><\/div>\n<\/div>\n<\/div>\n<\/div>\n<\/div>\n<\/div>\n<\/div>\n<\/div>\n<\/div>\n<\/div>\n<\/div>\n<\/div>\n<\/div>\n<\/div>\n<div>\n<div class=\"page-title-head hgroup\">\n<div class=\"page-title-head hgroup\">\n<div class=\"page-title-head hgroup\">\n<div class=\"page-title-head hgroup\">\n<div class=\"b654a4as d2edcug0\">\n<div>\n<div class=\"page-title-head hgroup\" style=\"text-align: left;\">\n<div class=\"page-title-head hgroup\"><\/div>\n<\/div>\n<\/div>\n<\/div>\n<\/div>\n<\/div>\n<\/div>\n<\/div>\n<\/div>\n<\/div>\n<\/div>\n<\/div>\n<div>\n<div>\n<div class=\"page-title-head hgroup\">\n<div class=\"page-title-head hgroup\">\n<div class=\"page-title-head hgroup\">\n<div class=\"page-title-head hgroup\">\n<div class=\"b654a4as d2edcug0\">\n<div class=\"page-title-head hgroup\">\n<div class=\"page-title-head hgroup\">\n<div class=\"page-title-head hgroup\">\n<div class=\"page-title-head hgroup\">\n<div class=\"b654a4as d2edcug0\">\n<div>\n<div class=\"page-title-head hgroup\">\n<div class=\"page-title-head hgroup\">\n<div class=\"page-title-head hgroup\">\n<div class=\"page-title-head hgroup\">\n<div class=\"page-title-head hgroup\">\n<div>\n<div>\n<audio class=\"wp-audio-shortcode\" id=\"audio-227835-18\" preload=\"none\" style=\"width: 100%;\" controls=\"controls\"><source type=\"audio\/mpeg\" src=\"https:\/\/www.radiopiu.net\/wordpress\/wp-content\/uploads\/2021\/08\/VIABILITA-3.mp3?_=18\" \/><a href=\"https:\/\/www.radiopiu.net\/wordpress\/wp-content\/uploads\/2021\/08\/VIABILITA-3.mp3\">https:\/\/www.radiopiu.net\/wordpress\/wp-content\/uploads\/2021\/08\/VIABILITA-3.mp3<\/a><\/audio>\n<\/div>\n<div><\/div>\n<div><\/div>\n<div><\/div>\n<\/div>\n<\/div>\n<\/div>\n<\/div>\n<\/div>\n<\/div>\n<\/div>\n<\/div>\n<\/div>\n<\/div>\n<\/div>\n<\/div>\n<\/div>\n<\/div>\n<\/div>\n<\/div>\n<\/div>\n<\/div>\n<div>\n<div>\n<div class=\"page-title-head hgroup\">\n<hr \/>\n<p>&nbsp;<\/p>\n<\/div>\n<\/div>\n<\/div>\n<\/div>\n<\/div>\n<\/div>\n<\/div>\n<\/div>\n<\/div>\n<\/div>\n<\/div>\n<\/div>\n<\/div>\n<\/div>\n<\/div>\n<div>\n<div class=\"page-title-head hgroup\">\n<div class=\"page-title-head hgroup\">\n<div>\n<div class=\"page-title-head hgroup\">\n<div class=\"page-title-head hgroup\">\n<div class=\"b654a4as d2edcug0\">\n<div>\n<div class=\"page-title-head hgroup\" style=\"text-align: left;\">\n<div class=\"page-title-head hgroup\">\n<div dir=\"auto\">\n<p><a class=\"dt-pswp-item pspw-wrap-ready\" href=\"https:\/\/i0.wp.com\/www.radiopiu.net\/wordpress\/wp-content\/uploads\/2018\/09\/WhatsApp-Image-2018-09-20-at-16.04.06.jpeg?ssl=1\" data-dt-img-description=\"\" data-large_image_width=\"800\" data-large_image_height=\"100\"><img loading=\"lazy\" decoding=\"async\" class=\"aligncenter wp-image-61378 size-full jetpack-lazy-image jetpack-lazy-image--handled\" src=\"https:\/\/i0.wp.com\/www.radiopiu.net\/wordpress\/wp-content\/uploads\/2018\/09\/WhatsApp-Image-2018-09-20-at-16.04.06.jpeg?resize=800%2C100&amp;ssl=1\" sizes=\"auto, (max-width: 800px) 100vw, 800px\" srcset=\"https:\/\/i0.wp.com\/www.radiopiu.net\/wordpress\/wp-content\/uploads\/2018\/09\/WhatsApp-Image-2018-09-20-at-16.04.06.jpeg?w=800&amp;ssl=1 800w, https:\/\/i0.wp.com\/www.radiopiu.net\/wordpress\/wp-content\/uploads\/2018\/09\/WhatsApp-Image-2018-09-20-at-16.04.06.jpeg?resize=300%2C38&amp;ssl=1 300w, https:\/\/i0.wp.com\/www.radiopiu.net\/wordpress\/wp-content\/uploads\/2018\/09\/WhatsApp-Image-2018-09-20-at-16.04.06.jpeg?resize=768%2C96&amp;ssl=1 768w\" alt=\"\" width=\"800\" height=\"100\" data-lazy-loaded=\"1\" \/><\/a><\/p>\n<\/div>\n<\/div>\n<\/div>\n<\/div>\n<\/div>\n<\/div>\n<\/div>\n<\/div>\n<\/div>\n<\/div>\n<\/div>\n<\/div>\n<\/div>\n<\/div>\n<\/div>\n<\/div>\n<\/div>\n<\/div>\n<\/div>\n<\/div>\n<\/div>\n<\/div>\n<\/div>\n<\/div>\n<\/div>\n<\/div>\n<\/div>\n<\/div>\n<p>&nbsp;<\/p>\n<p style=\"text-align: center;\"><strong>Martedi 17<\/strong><\/p>\n<p><strong>Tempo atteso: <\/strong>Netto miglioramento ovunque, ben soleggiato sulle Dolomiti con qualche cirro mattutino e modesti cumuli pomeridiani. Sulle Prealpi la mattinata sar\u00e0 altrettanto soleggiata, salvo nubi basse mattutine in Valbelluna, ma la riduzione del soleggiamento sar\u00e0 maggiore al pomeriggio per attivit\u00e0 cumuliforme, localmente moderata, per\u00f2 perlopi\u00f9 senza fenomeni. Contesto termico pi\u00f9 fresco ovunque.<br \/>\n<strong>Precipitazioni: <\/strong>Generalmente assenti (0%) o al pi\u00f9 limitate a sporadici piovaschi pomeridiani sulle Prealpi (10%).<br \/>\n<strong>Temperature: <\/strong>In generale calo, con ambiente particolarmente fresco al primo mattino. In giornata le massime perderanno 3\/5\u00b0C rispetto a luned\u00ec. Su Prealpi a 1500 m min 11\u00b0C max 16\u00b0C, a 2000 m min 8\u00b0C max 13\u00b0C. Su Dolomiti a 2000 m min 6\u00b0C max 12\u00b0C, a 3000 m min 1\u00b0C max 3\u00b0C.<br \/>\n<strong>Venti: <\/strong>Nelle valli perlopi\u00f9 deboli a regime di brezza, localmente e a tratti moderati nei settori solitamente pi\u00f9 ventilati; iniziali probabili condizioni di Foehn nelle valli orientate nord-sud. In quota deboli\/moderati da nord-ovest, anche tesi al mattino sulle cime pi\u00f9 alte, a 5-20 km\/h a 2000 m e 15-40 km\/h a 3000 m.<\/p>\n<p style=\"text-align: center;\"><strong>Mercoledi 18<\/strong><\/p>\n<p><strong>Tempo atteso: <\/strong>In prevalenza soleggiato con cielo sereno e ottima visibilit\u00e0 al mattino. Al pomeriggio il tempo rimarr\u00e0 buono e in prevalenza soleggiato con presenza di modesti cumuli a ridosso delle cime. Il contesto termico sar\u00e0 fresco all&#8217;alba, mentre ci sar\u00e0 una gradevole mitezza diurna nelle valli grazie al buon e prolungato soleggiamento, non in quota, dove l&#8217;atmosfera rimarr\u00e0 un po&#8217; fresca.<br \/>\n<strong>Precipitazioni: <\/strong>Assenti (0%).<br \/>\n<strong>Temperature: <\/strong>Pressoch\u00e9 stazionarie rispetto a marted\u00ec, eccetto calo delle minime in alta quota. Su Prealpi a 1500 m min 10\u00b0C max 16\u00b0C, a 2000 m min 7\u00b0C max 12\u00b0C. Su Dolomiti a 2000 m min 5\u00b0C max 13\u00b0C, a 3000 m min 0\u00b0C max 3\u00b0C.<br \/>\n<strong>Venti: <\/strong>Nelle valli perlopi\u00f9 deboli a regime di brezza, localmente e a tratti moderati nei settori solitamente pi\u00f9 ventilati; in quota deboli nord-occidentali, a tratti moderati sulle cime pi\u00f9 alte per rinforzi erratici, a 5-10 km\/h a 2000 m e 10-25 km\/h a 3000 m.<\/p>\n<p style=\"text-align: center;\"><strong>Giovedi 19<\/strong><\/p>\n<p>Tempo ancora in prevalenza soleggiato. il cielo sar\u00e0 sereno al mattino e poco nuvoloso al pomeriggio per modesta attivit\u00e0 cumuliforme, localmente anche moderata, ma generalmente senza fenomeni. Temperature in lieve rialzo rispetto a mercoled\u00ec. Venti deboli in quota occidentali, brezze nelle valli.<\/p>\n<p style=\"text-align: center;\"><strong>Venerdi 20<\/strong><\/p>\n<p>Persistenza del tempo ben soleggiato al mattino, mentre si avr\u00e0 una modesta riduzione del soleggiamento al pomeriggio per modesta attivit\u00e0 cumuliforme, solo localmente moderata. Temperature senza notevoli variazioni di rilievo sia in quota che nelle valli, i valori saranno di stampo estivo nelle valli. Venti deboli occidentali in quota, a regime di brezze nelle valli. Previsore: R.L.Th.<\/p>\n<p>&nbsp;<\/p>\n<div class=\"mkdf-post-text\">\n<div class=\"mkdf-post-text-inner\">\n<hr \/>\n<p>&nbsp;<\/p>\n<p>&nbsp;<\/p>\n<p>&nbsp;<\/p>\n<p>&nbsp;<\/p>\n<\/div>\n<\/div>\n<\/div>\n<\/div>\n<\/div>\n<\/div>\n<\/div>\n<\/div>\n<\/div>\n<\/div>\n<\/div>\n<\/div>\n<\/div>\n<\/div>\n<\/div>\n<\/div>\n<\/div>\n<\/div>\n<\/div>\n<\/div>\n<\/div>\n<\/div>\n<\/div>\n<\/div>\n<\/div>","protected":false},"excerpt":{"rendered":"<p>COMPRIAMO UNA MACCHINA ATTREZZATA PER RICCARDO SOSPIROLO\u00a0Radio Pi\u00f9 appoggia l\u2019iniziativa di\u00a0 Agostino Tegner il pap\u00e0 di Riccardo, poche parole le sue ma piene di significato\u00a0\u201cIo e mia moglie stiamo invecchiando e non riusciamo pi\u00f9\u00a0a trasportare come si deve il nostro ragazzo, che necessita di una macchina attrezzata con un piano ribassato con pedana\u201d. Per questo&hellip;<\/p>\n","protected":false},"author":4,"featured_media":227924,"comment_status":"closed","ping_status":"open","sticky":false,"template":"","format":"standard","meta":{"_monsterinsights_skip_tracking":false,"_monsterinsights_sitenote_active":false,"_monsterinsights_sitenote_note":"","_monsterinsights_sitenote_category":0,"footnotes":""},"categories":[1,51,86,49],"tags":[],"class_list":["post-227835","post","type-post","status-publish","format-standard","has-post-thumbnail","hentry","category-senza-categoria","category-evidenza-top","category-gr","category-news-18","category-1","category-51","category-86","category-49","description-off"],"img_url":"https:\/\/www.radiopiu.net\/wordpress\/wp-content\/uploads\/2021\/08\/dc8f1497-fa1d-480d-bfaf-5c90e169786f.jpg","_links":{"self":[{"href":"https:\/\/www.radiopiu.net\/wordpress\/wp-json\/wp\/v2\/posts\/227835","targetHints":{"allow":["GET"]}}],"collection":[{"href":"https:\/\/www.radiopiu.net\/wordpress\/wp-json\/wp\/v2\/posts"}],"about":[{"href":"https:\/\/www.radiopiu.net\/wordpress\/wp-json\/wp\/v2\/types\/post"}],"author":[{"embeddable":true,"href":"https:\/\/www.radiopiu.net\/wordpress\/wp-json\/wp\/v2\/users\/4"}],"replies":[{"embeddable":true,"href":"https:\/\/www.radiopiu.net\/wordpress\/wp-json\/wp\/v2\/comments?post=227835"}],"version-history":[{"count":0,"href":"https:\/\/www.radiopiu.net\/wordpress\/wp-json\/wp\/v2\/posts\/227835\/revisions"}],"wp:featuredmedia":[{"embeddable":true,"href":"https:\/\/www.radiopiu.net\/wordpress\/wp-json\/wp\/v2\/media\/227924"}],"wp:attachment":[{"href":"https:\/\/www.radiopiu.net\/wordpress\/wp-json\/wp\/v2\/media?parent=227835"}],"wp:term":[{"taxonomy":"category","embeddable":true,"href":"https:\/\/www.radiopiu.net\/wordpress\/wp-json\/wp\/v2\/categories?post=227835"},{"taxonomy":"post_tag","embeddable":true,"href":"https:\/\/www.radiopiu.net\/wordpress\/wp-json\/wp\/v2\/tags?post=227835"}],"curies":[{"name":"wp","href":"https:\/\/api.w.org\/{rel}","templated":true}]}}