{"id":227861,"date":"2021-08-16T05:50:12","date_gmt":"2021-08-16T03:50:12","guid":{"rendered":"https:\/\/www.radiopiu.net\/wordpress\/?p=227861"},"modified":"2021-08-16T05:50:12","modified_gmt":"2021-08-16T03:50:12","slug":"frazioni-viste-da-una-finestra-su-riva-nampor-paluch-pedandola-e-ponte-alto","status":"publish","type":"post","link":"https:\/\/www.radiopiu.net\/wordpress\/frazioni-viste-da-una-finestra-su-riva-nampor-paluch-pedandola-e-ponte-alto\/","title":{"rendered":"FRAZIONI VISTE DA \u201cUNA FINESTRA SU RIVA\u201d: NAMPOR, PALUCH, PEDANDOLA E PONTE ALTO"},"content":{"rendered":"<p><strong>di RENATO BONA<\/strong><\/p>\n<p>Nuova tappa del \u201cviaggio\u201d in quel di Rivamonte Agordino guidati dal libro \u201cUna finestra su Riva\u201d stampato dalla tipografia Castaldi di Agordo nell\u2019ottobre 2013 a cura del Club Unesco Agordino di Rivamonte presieduto da Giuliano Laveder, con il patrocinio di Ficlu, la Federazione italiana Club e Centri Unesco, membro della Federazione mondiale. E\u2019 quella che ci porta alla scoperta di Nampor, cui si riferisce la prima immagine che ha per titolo: \u201cFrazione di Nampor \u2013 anni \u201820\u201d e questa didascalia: \u201cGli ultimi abitanti sono stati i fratelli Nello, esperto nella riparazione dei rastrelli, e Bortola Del Tin (Campanara). Bortola per molti anni ha svolto il lavoro di sacrestana: dal 1925 al 1955 ha ricoperto, coadiuvata dai familiari, l\u2019incarico di sacrista, facendo suonare, sempre con puntualit\u00e0, le campane della chiesa di Rivamonte. Inoltre questa aveva anche il compito di confezionare in casa le particole e durante la guerra, per procurarsi la farina di frumento per le ostie, con la gerla in spalla, affrontava lunghi e difficili viaggi. In questa attivit\u00e0 particolare era sempre attorniata da bambini che speravano di accaparrarsi i ritagli avanzati dopo lo stampo della sfoglia\u201d. Si prosegue ed eccoci a Paluch, di cui vengono proposte quattro immagini. La prima \u00e8 un gruppo di famiglia sotto il titolo \u201cPaluch- 1922\u201d con questo testo a commento: \u201cFamiglia di Andrea Da Ronch che nel 1909 si era trasferito da Tocccol (Le Ville) a Paluch dopo aver acquistato il podere della famiglia Pinon di Agordo. Prima fina da sinistra: Maria, Giovanni Battista, la madre Maria Bemvegn\u00f9, Clelia, il padre Andrea Da Ronch e Celestina. Seconda fila da sinistra: Maddalena, Antonio, Giovanni, Bortolo, Giuseppe e Pietro\u201d. Tocca quindi a \u201cPaluch \u2013 alluvione 4 novembre 1965\u201d per dire: \u201cAllagamento della piana. L\u2019Oratorio della Santissima Trinit\u00e0 di Paluch fu costruito nel 1759 dal sacerdote Domenico Grobber di Agordo; al suo interno era presente una interessante pala d\u2019altare dedicata alla Santissima Trinit\u00e0. I lavori di restauro terminarono nel 1995\u201d. Tocca quindi alla foto di \u201cPaluch e dintorni &#8211; anni \u201850\u201d di cui si pu\u00f2 leggere: \u201cGruppo di bambini di Paluch\u201d e si ricorda per la cronaca che \u201cGli abitanti nel 1944 erano in totale 6\u201d. La quarta immaginosi riferisce ancora a \u201cPaluch \u2013 alluvione 4 novembre 1966\u201d con un fatto di cronaca: \u201cAl tornante di Paluch il ponte si intas\u00f2 provocando l\u2019allagamento della strada prima e, a seguire, della piana, per poi dirigere la sua forza travolgente verso Ponte Alto\u201d. Altra frazione, altre immagini. Tocca a Pedandola con: \u201cPiazzetta vecchia di Pedandola \u2013 prima met\u00e0 anni \u201820\u201d. Nella foto sdcattata dal N\u00e9: in piedi da sinistra: Arcangela Mattarel (nata nel 1901), Giovanna (Gian\u00e9ta) Rosson, Maria Mattarel, Maria Botter (Mari\u00f2to), Novella Angoletta, Maria Angoletta, Maria Pedandola (\u00d2pe) e Angelina Pedandola. Sedute da sinistra: Arcangela Botter, Marietta Rosson, Marietta Pedandola (G\u00e8a) e Angelina Angoletta\u201d. Proseguiamo con \u201cCacciatori \u2013 anni \u201950)e spiegazione: prima fila da sinistra: Sergio Cont, Michele Dall\u2019Acqua (Bened\u00e9t), e Gioacchino Angoletta (Chin). Seconda fila da sinistra: non identificato e Giovanni Pasquali (maestro Sar\u00e9t). Per la cronaca: si dice che l\u2019ultimo lupo sia stato ucciso a Rivamonte nel 1850, mentre l\u2019ultimo orso nel 1809\u201d. Altro gruppo: \u201cFino al 1920 gli abitanti di Pedandola erano 72 e molti erano giovani; negli anni \u201950 i residenti si erano dimezzati, passando a 34, e nel 2010 si contano solo 6 abitanti (tre famiglie)\u201d. E veniamo a \u201cPedandola \u2013 anni \u201840\u201d che ci mostra \u201cFranco Angoletta co la mamma Celeste Schena\u201d. Per la cronaca: \u201cLe famiglie che a met\u00e0 degli anni \u201940 vivevano a Pedandola erano 10\u201d. Siamo cos\u00ec giunti a Ponte Alto con la prima immagine dedicata che sotto il titolo: \u201cPonte Alto, festa di Santa Barbara \u2013 anni \u201840\u201d ci spiega che \u201cLa manifestazione tenuta nel 1942 prevedeva una ricca scaletta di appuntamenti: nella mattinata una messa solenne all\u2019altare della Santa nella chiesa di Agordo alla presenza delle autorit\u00e0, delle maestranze della miniera e degli allievi dell\u2019Istituto tecnico minerario; a seguire un corteo per deporre una corona commemorativa al monumento dei caduti e in chiusura della mattinata la consegna dei premi \u2018Fedeli della Miniera\u2019 ai minatori pi\u00f9 meritevoli. Mentre nel pomeriggio la Montecatini offriva ai minatori, ai loro familiari e agli studenti dell\u2019istituto minerario la proiezione gratuita di due filmati presso il cinema di Agordo\u201d. Segue: \u201cPonte Alto \u2013 panorama\u201d con dicitura: \u201cLa frazione di Ponte Alto nel 1934 contava 710 abitanti; di tale frazione facevano parte anche i villaggi di: Lonie, Santel, Saret, Roste, Zep, Solai, Conedera e Miniere\u201d. Tocca quindi a \u201cVeduta invernale di Ponte Alto \u2013 anni \u201850\u201d di cui si ricorda: \u201cNell\u2019inverno del 1934 il podest\u00e0 ordin\u00f2 a tutte le famiglie di partecipare al \u2018piodego\u2019 per lo sgombero della neve lungo la strada Ponte Alto-Franche e per chi non fosse intervenuto sarebbe stata applicata una multa\u201d. Ed eccoci a: \u201cPonte Alto con veduta sulle pale di San cui due (Stanga e Peron) facoltative. Il treno ha interrotto le sue corse nel 1955dopo trenta anni di attivit\u00e0\u201d. E finiamo con: \u201cPonte Alto e Ponte Basso ancora con la struttura in legno ad inizi \u2018900\u201d.<\/p>\n\n\t\t\t<style type='text\/css'>\n\t\t\t\t#gallery-1 {\n\t\t\t\t\tmargin: auto;\n\t\t\t\t}\n\t\t\t\t#gallery-1 .gallery-item {\n\t\t\t\t\tfloat: left;\n\t\t\t\t\tmargin-top: 10px;\n\t\t\t\t\ttext-align: center;\n\t\t\t\t\twidth: 14%;\n\t\t\t\t}\n\t\t\t\t#gallery-1 img {\n\t\t\t\t\tborder: 2px solid #cfcfcf;\n\t\t\t\t}\n\t\t\t\t#gallery-1 .gallery-caption {\n\t\t\t\t\tmargin-left: 0;\n\t\t\t\t}\n\t\t\t\t\/* see gallery_shortcode() in wp-includes\/media.php *\/\n\t\t\t<\/style>\n\t\t<div id='gallery-1' class='dt-gallery-container gallery galleryid-227861 gallery-columns-7 gallery-size-thumbnail'><dl class='gallery-item'>\n\t\t\t\t<dt class='gallery-icon landscape'>\n\t\t\t\t\t<a class=\"rollover\" href='https:\/\/www.radiopiu.net\/wordpress\/frazioni-viste-da-una-finestra-su-riva-nampor-paluch-pedandola-e-ponte-alto\/233414753_917028165825955_59919335277556194_n\/'><img loading=\"lazy\" decoding=\"async\" width=\"150\" height=\"150\" src=\"https:\/\/www.radiopiu.net\/wordpress\/wp-content\/uploads\/2021\/08\/233414753_917028165825955_59919335277556194_n-150x150.jpg\" class=\"attachment-thumbnail size-thumbnail\" alt=\"\" \/><\/a>\n\t\t\t\t<\/dt><\/dl><dl class='gallery-item'>\n\t\t\t\t<dt class='gallery-icon landscape'>\n\t\t\t\t\t<a class=\"rollover\" href='https:\/\/www.radiopiu.net\/wordpress\/frazioni-viste-da-una-finestra-su-riva-nampor-paluch-pedandola-e-ponte-alto\/235886757_559222042092534_3743458688738946278_n\/'><img loading=\"lazy\" decoding=\"async\" width=\"150\" height=\"150\" src=\"https:\/\/www.radiopiu.net\/wordpress\/wp-content\/uploads\/2021\/08\/235886757_559222042092534_3743458688738946278_n-150x150.jpg\" class=\"attachment-thumbnail size-thumbnail\" alt=\"\" \/><\/a>\n\t\t\t\t<\/dt><\/dl><dl class='gallery-item'>\n\t\t\t\t<dt class='gallery-icon landscape'>\n\t\t\t\t\t<a class=\"rollover\" href='https:\/\/www.radiopiu.net\/wordpress\/frazioni-viste-da-una-finestra-su-riva-nampor-paluch-pedandola-e-ponte-alto\/234025264_526258755294775_7620181667610219202_n\/'><img loading=\"lazy\" decoding=\"async\" width=\"150\" height=\"150\" src=\"https:\/\/www.radiopiu.net\/wordpress\/wp-content\/uploads\/2021\/08\/234025264_526258755294775_7620181667610219202_n-150x150.jpg\" class=\"attachment-thumbnail size-thumbnail\" alt=\"\" \/><\/a>\n\t\t\t\t<\/dt><\/dl><dl class='gallery-item'>\n\t\t\t\t<dt class='gallery-icon landscape'>\n\t\t\t\t\t<a class=\"rollover\" href='https:\/\/www.radiopiu.net\/wordpress\/frazioni-viste-da-una-finestra-su-riva-nampor-paluch-pedandola-e-ponte-alto\/234798297_343352340771257_1980520796151149676_n\/'><img loading=\"lazy\" decoding=\"async\" width=\"150\" height=\"150\" src=\"https:\/\/www.radiopiu.net\/wordpress\/wp-content\/uploads\/2021\/08\/234798297_343352340771257_1980520796151149676_n-150x150.jpg\" class=\"attachment-thumbnail size-thumbnail\" alt=\"\" \/><\/a>\n\t\t\t\t<\/dt><\/dl><dl class='gallery-item'>\n\t\t\t\t<dt class='gallery-icon landscape'>\n\t\t\t\t\t<a class=\"rollover\" href='https:\/\/www.radiopiu.net\/wordpress\/frazioni-viste-da-una-finestra-su-riva-nampor-paluch-pedandola-e-ponte-alto\/233640280_203935375037384_865131116162484719_n\/'><img loading=\"lazy\" decoding=\"async\" width=\"150\" height=\"150\" src=\"https:\/\/www.radiopiu.net\/wordpress\/wp-content\/uploads\/2021\/08\/233640280_203935375037384_865131116162484719_n-150x150.jpg\" class=\"attachment-thumbnail size-thumbnail\" alt=\"\" \/><\/a>\n\t\t\t\t<\/dt><\/dl><dl class='gallery-item'>\n\t\t\t\t<dt class='gallery-icon portrait'>\n\t\t\t\t\t<a class=\"rollover\" href='https:\/\/www.radiopiu.net\/wordpress\/frazioni-viste-da-una-finestra-su-riva-nampor-paluch-pedandola-e-ponte-alto\/237003470_339527774551017_7518238725347292071_n\/'><img loading=\"lazy\" decoding=\"async\" width=\"150\" height=\"150\" src=\"https:\/\/www.radiopiu.net\/wordpress\/wp-content\/uploads\/2021\/08\/237003470_339527774551017_7518238725347292071_n-150x150.jpg\" class=\"attachment-thumbnail size-thumbnail\" alt=\"\" \/><\/a>\n\t\t\t\t<\/dt><\/dl><dl class='gallery-item'>\n\t\t\t\t<dt class='gallery-icon portrait'>\n\t\t\t\t\t<a class=\"rollover\" href='https:\/\/www.radiopiu.net\/wordpress\/frazioni-viste-da-una-finestra-su-riva-nampor-paluch-pedandola-e-ponte-alto\/234836191_516409376322469_8749431049071850403_n\/'><img loading=\"lazy\" decoding=\"async\" width=\"150\" height=\"150\" src=\"https:\/\/www.radiopiu.net\/wordpress\/wp-content\/uploads\/2021\/08\/234836191_516409376322469_8749431049071850403_n-150x150.jpg\" class=\"attachment-thumbnail size-thumbnail\" alt=\"\" \/><\/a>\n\t\t\t\t<\/dt><\/dl><br style=\"clear: both\" \/><dl class='gallery-item'>\n\t\t\t\t<dt class='gallery-icon landscape'>\n\t\t\t\t\t<a class=\"rollover\" href='https:\/\/www.radiopiu.net\/wordpress\/frazioni-viste-da-una-finestra-su-riva-nampor-paluch-pedandola-e-ponte-alto\/235867820_1223649804724268_6503939664646267021_n\/'><img loading=\"lazy\" decoding=\"async\" width=\"150\" height=\"150\" src=\"https:\/\/www.radiopiu.net\/wordpress\/wp-content\/uploads\/2021\/08\/235867820_1223649804724268_6503939664646267021_n-150x150.jpg\" class=\"attachment-thumbnail size-thumbnail\" alt=\"\" \/><\/a>\n\t\t\t\t<\/dt><\/dl><dl class='gallery-item'>\n\t\t\t\t<dt class='gallery-icon landscape'>\n\t\t\t\t\t<a class=\"rollover\" href='https:\/\/www.radiopiu.net\/wordpress\/frazioni-viste-da-una-finestra-su-riva-nampor-paluch-pedandola-e-ponte-alto\/234718379_959798191470416_8047874017226048114_n\/'><img loading=\"lazy\" decoding=\"async\" width=\"150\" height=\"150\" src=\"https:\/\/www.radiopiu.net\/wordpress\/wp-content\/uploads\/2021\/08\/234718379_959798191470416_8047874017226048114_n-150x150.jpg\" class=\"attachment-thumbnail size-thumbnail\" alt=\"\" \/><\/a>\n\t\t\t\t<\/dt><\/dl><dl class='gallery-item'>\n\t\t\t\t<dt class='gallery-icon landscape'>\n\t\t\t\t\t<a class=\"rollover\" href='https:\/\/www.radiopiu.net\/wordpress\/frazioni-viste-da-una-finestra-su-riva-nampor-paluch-pedandola-e-ponte-alto\/233625252_228816449145142_3854149004795638511_n\/'><img loading=\"lazy\" decoding=\"async\" width=\"150\" height=\"150\" src=\"https:\/\/www.radiopiu.net\/wordpress\/wp-content\/uploads\/2021\/08\/233625252_228816449145142_3854149004795638511_n-150x150.jpg\" class=\"attachment-thumbnail size-thumbnail\" alt=\"\" \/><\/a>\n\t\t\t\t<\/dt><\/dl><dl class='gallery-item'>\n\t\t\t\t<dt class='gallery-icon portrait'>\n\t\t\t\t\t<a class=\"rollover\" href='https:\/\/www.radiopiu.net\/wordpress\/frazioni-viste-da-una-finestra-su-riva-nampor-paluch-pedandola-e-ponte-alto\/233791024_1213244389191426_4250927489583282210_n\/'><img loading=\"lazy\" decoding=\"async\" width=\"150\" height=\"150\" src=\"https:\/\/www.radiopiu.net\/wordpress\/wp-content\/uploads\/2021\/08\/233791024_1213244389191426_4250927489583282210_n-150x150.jpg\" class=\"attachment-thumbnail size-thumbnail\" alt=\"\" \/><\/a>\n\t\t\t\t<\/dt><\/dl><dl class='gallery-item'>\n\t\t\t\t<dt class='gallery-icon landscape'>\n\t\t\t\t\t<a class=\"rollover\" href='https:\/\/www.radiopiu.net\/wordpress\/frazioni-viste-da-una-finestra-su-riva-nampor-paluch-pedandola-e-ponte-alto\/233109662_540915123782747_6124373911526675281_n\/'><img loading=\"lazy\" decoding=\"async\" width=\"150\" height=\"150\" src=\"https:\/\/www.radiopiu.net\/wordpress\/wp-content\/uploads\/2021\/08\/233109662_540915123782747_6124373911526675281_n-150x150.jpg\" class=\"attachment-thumbnail size-thumbnail\" alt=\"\" \/><\/a>\n\t\t\t\t<\/dt><\/dl><dl class='gallery-item'>\n\t\t\t\t<dt class='gallery-icon landscape'>\n\t\t\t\t\t<a class=\"rollover\" href='https:\/\/www.radiopiu.net\/wordpress\/frazioni-viste-da-una-finestra-su-riva-nampor-paluch-pedandola-e-ponte-alto\/236545513_602422984084006_9086559745384986039_n\/'><img loading=\"lazy\" decoding=\"async\" width=\"150\" height=\"150\" src=\"https:\/\/www.radiopiu.net\/wordpress\/wp-content\/uploads\/2021\/08\/236545513_602422984084006_9086559745384986039_n-150x150.jpg\" class=\"attachment-thumbnail size-thumbnail\" alt=\"\" \/><\/a>\n\t\t\t\t<\/dt><\/dl><dl class='gallery-item'>\n\t\t\t\t<dt class='gallery-icon landscape'>\n\t\t\t\t\t<a class=\"rollover\" href='https:\/\/www.radiopiu.net\/wordpress\/frazioni-viste-da-una-finestra-su-riva-nampor-paluch-pedandola-e-ponte-alto\/234743477_1218118222346366_7418187562266204257_n\/'><img loading=\"lazy\" decoding=\"async\" width=\"150\" height=\"150\" src=\"https:\/\/www.radiopiu.net\/wordpress\/wp-content\/uploads\/2021\/08\/234743477_1218118222346366_7418187562266204257_n-150x150.jpg\" class=\"attachment-thumbnail size-thumbnail\" alt=\"\" \/><\/a>\n\t\t\t\t<\/dt><\/dl><br style=\"clear: both\" \/>\n\t\t\t<\/div>\n\n<p>&nbsp;<\/p>\n","protected":false},"excerpt":{"rendered":"<p>di RENATO BONA Nuova tappa del \u201cviaggio\u201d in quel di Rivamonte Agordino guidati dal libro \u201cUna finestra su Riva\u201d stampato dalla tipografia Castaldi di Agordo nell\u2019ottobre 2013 a cura del Club Unesco Agordino di Rivamonte presieduto da Giuliano Laveder, con il patrocinio di Ficlu, la Federazione italiana Club e Centri Unesco, membro della Federazione mondiale.&hellip;<\/p>\n","protected":false},"author":4,"featured_media":227865,"comment_status":"closed","ping_status":"open","sticky":false,"template":"","format":"standard","meta":{"_monsterinsights_skip_tracking":false,"_monsterinsights_sitenote_active":false,"_monsterinsights_sitenote_note":"","_monsterinsights_sitenote_category":0,"footnotes":""},"categories":[104,49],"tags":[],"class_list":["post-227861","post","type-post","status-publish","format-standard","has-post-thumbnail","hentry","category-evidenza_3","category-news-18","category-104","category-49","description-off"],"img_url":"https:\/\/www.radiopiu.net\/wordpress\/wp-content\/uploads\/2021\/08\/234025264_526258755294775_7620181667610219202_n.jpg","_links":{"self":[{"href":"https:\/\/www.radiopiu.net\/wordpress\/wp-json\/wp\/v2\/posts\/227861","targetHints":{"allow":["GET"]}}],"collection":[{"href":"https:\/\/www.radiopiu.net\/wordpress\/wp-json\/wp\/v2\/posts"}],"about":[{"href":"https:\/\/www.radiopiu.net\/wordpress\/wp-json\/wp\/v2\/types\/post"}],"author":[{"embeddable":true,"href":"https:\/\/www.radiopiu.net\/wordpress\/wp-json\/wp\/v2\/users\/4"}],"replies":[{"embeddable":true,"href":"https:\/\/www.radiopiu.net\/wordpress\/wp-json\/wp\/v2\/comments?post=227861"}],"version-history":[{"count":0,"href":"https:\/\/www.radiopiu.net\/wordpress\/wp-json\/wp\/v2\/posts\/227861\/revisions"}],"wp:featuredmedia":[{"embeddable":true,"href":"https:\/\/www.radiopiu.net\/wordpress\/wp-json\/wp\/v2\/media\/227865"}],"wp:attachment":[{"href":"https:\/\/www.radiopiu.net\/wordpress\/wp-json\/wp\/v2\/media?parent=227861"}],"wp:term":[{"taxonomy":"category","embeddable":true,"href":"https:\/\/www.radiopiu.net\/wordpress\/wp-json\/wp\/v2\/categories?post=227861"},{"taxonomy":"post_tag","embeddable":true,"href":"https:\/\/www.radiopiu.net\/wordpress\/wp-json\/wp\/v2\/tags?post=227861"}],"curies":[{"name":"wp","href":"https:\/\/api.w.org\/{rel}","templated":true}]}}