{"id":227930,"date":"2021-08-16T10:29:21","date_gmt":"2021-08-16T08:29:21","guid":{"rendered":"https:\/\/www.radiopiu.net\/wordpress\/?p=227930"},"modified":"2021-08-16T10:29:22","modified_gmt":"2021-08-16T08:29:22","slug":"meteo-da-oggi-a-domani-fase-di-instabilita-con-possibili-rovesci-e-temporali-in-particolare-su-trevigiano-e-bellunese-stato-di-attenzione-sui-bacini-del-veneto","status":"publish","type":"post","link":"https:\/\/www.radiopiu.net\/wordpress\/meteo-da-oggi-a-domani-fase-di-instabilita-con-possibili-rovesci-e-temporali-in-particolare-su-trevigiano-e-bellunese-stato-di-attenzione-sui-bacini-del-veneto\/","title":{"rendered":"METEO. DA OGGI A DOMANI FASE DI INSTABILITA\u2019 CON POSSIBILI ROVESCI E TEMPORALI IN PARTICOLARE SU TREVIGIANO E BELLUNESE. STATO DI ATTENZIONE SUI BACINI DEL VENETO"},"content":{"rendered":"<p><strong>VENEZIA <\/strong>Le previsioni meteorologiche del Veneto segnalano per la giornata di oggi, luned\u00ec 16 agosto, una fase di instabilit\u00e0 pi\u00f9 marcata, con alcuni rovesci e temporali a partire dalla tarda mattinata sulle zone montane e dal pomeriggio su pedemontana e pianura. I fenomeni saranno pi\u00f9 probabili e frequenti sul Bellunese e sul Trevigiano. Saranno pi\u00f9 locali altrove, con minor probabilit\u00e0 verso sud. Saranno possibili, inoltre, temporali localmente intensi con consistenti rovesci, grandinate e forti raffiche di vento. L\u2019esaurimento dei fenomeni si prevede tra fine serata di luned\u00ec e le primissime ore di marted\u00ec. Considerati i fenomeni meteorologici previsti la situazione idrogeologica attesa \u00e8 riferita allo scenario per temporali forti. Il possibile verificarsi di rovesci o temporali localmente anche intensi, potrebbe creare disagi al sistema fognario e lungo la rete idrografica minore. \u00c8 segnalata inoltre, la possibilit\u00e0 d&#8217;innesco di fenomeni franosi superficiali sui versanti e la possibilit\u00e0 di innesco di colate rapide specie nelle zone di allertamento di Alto Piave (BL), Piave Pedemontano (BL-TV), Alto Brenta-Bacchiglione-Alpone (VI &#8211; BL &#8211; TV \u2013VR) e Adige-Garda e Monti Lessini (VR). Il Centro Funzionale Decentrato della Protezione Civile della Regione del Veneto ha emesso un avviso di criticit\u00e0 idrogeologica \u2013 con validit\u00e0 dalle 10.00 di oggi alle 03.00 di domani, marted\u00ec 17 agosto &#8211; dichiarando lo stato di Attenzione (allerta gialla) per la rete idraulica secondaria di tutti i bacini del territorio regionale.<\/p>\n<p><a href=\"https:\/\/www.radiopiu.net\/wordpress\/meteo-da-oggi-a-domani-fase-di-instabilita-con-possibili-rovesci-e-temporali-in-particolare-su-trevigiano-e-bellunese-stato-di-attenzione-sui-bacini-del-veneto\/schermata-2021-08-16-alle-10-27-57\/\" rel=\"attachment wp-att-227932\"><img loading=\"lazy\" decoding=\"async\" class=\"alignnone wp-image-227932 size-large\" src=\"https:\/\/www.radiopiu.net\/wordpress\/wp-content\/uploads\/2021\/08\/Schermata-2021-08-16-alle-10.27.57-1024x336.png\" alt=\"\" width=\"1024\" height=\"336\" srcset=\"https:\/\/www.radiopiu.net\/wordpress\/wp-content\/uploads\/2021\/08\/Schermata-2021-08-16-alle-10.27.57-1024x336.png 1024w, https:\/\/www.radiopiu.net\/wordpress\/wp-content\/uploads\/2021\/08\/Schermata-2021-08-16-alle-10.27.57-300x98.png 300w, https:\/\/www.radiopiu.net\/wordpress\/wp-content\/uploads\/2021\/08\/Schermata-2021-08-16-alle-10.27.57-768x252.png 768w, https:\/\/www.radiopiu.net\/wordpress\/wp-content\/uploads\/2021\/08\/Schermata-2021-08-16-alle-10.27.57.png 1292w\" sizes=\"auto, (max-width: 1024px) 100vw, 1024px\" \/><\/a><\/p>\n<p>&nbsp;<\/p>\n<p>&nbsp;<\/p>\n<p>&nbsp;<\/p>\n<p>*****<\/p>\n","protected":false},"excerpt":{"rendered":"<p>VENEZIA Le previsioni meteorologiche del Veneto segnalano per la giornata di oggi, luned\u00ec 16 agosto, una fase di instabilit\u00e0 pi\u00f9 marcata, con alcuni rovesci e temporali a partire dalla tarda mattinata sulle zone montane e dal pomeriggio su pedemontana e pianura. I fenomeni saranno pi\u00f9 probabili e frequenti sul Bellunese e sul Trevigiano. Saranno pi\u00f9&hellip;<\/p>\n","protected":false},"author":4,"featured_media":65370,"comment_status":"closed","ping_status":"open","sticky":false,"template":"","format":"standard","meta":{"_monsterinsights_skip_tracking":false,"_monsterinsights_sitenote_active":false,"_monsterinsights_sitenote_note":"","_monsterinsights_sitenote_category":0,"footnotes":""},"categories":[49],"tags":[],"class_list":["post-227930","post","type-post","status-publish","format-standard","has-post-thumbnail","hentry","category-news-18","category-49","description-off"],"img_url":"https:\/\/www.radiopiu.net\/wordpress\/wp-content\/uploads\/2018\/10\/pioggia.jpg","_links":{"self":[{"href":"https:\/\/www.radiopiu.net\/wordpress\/wp-json\/wp\/v2\/posts\/227930","targetHints":{"allow":["GET"]}}],"collection":[{"href":"https:\/\/www.radiopiu.net\/wordpress\/wp-json\/wp\/v2\/posts"}],"about":[{"href":"https:\/\/www.radiopiu.net\/wordpress\/wp-json\/wp\/v2\/types\/post"}],"author":[{"embeddable":true,"href":"https:\/\/www.radiopiu.net\/wordpress\/wp-json\/wp\/v2\/users\/4"}],"replies":[{"embeddable":true,"href":"https:\/\/www.radiopiu.net\/wordpress\/wp-json\/wp\/v2\/comments?post=227930"}],"version-history":[{"count":0,"href":"https:\/\/www.radiopiu.net\/wordpress\/wp-json\/wp\/v2\/posts\/227930\/revisions"}],"wp:featuredmedia":[{"embeddable":true,"href":"https:\/\/www.radiopiu.net\/wordpress\/wp-json\/wp\/v2\/media\/65370"}],"wp:attachment":[{"href":"https:\/\/www.radiopiu.net\/wordpress\/wp-json\/wp\/v2\/media?parent=227930"}],"wp:term":[{"taxonomy":"category","embeddable":true,"href":"https:\/\/www.radiopiu.net\/wordpress\/wp-json\/wp\/v2\/categories?post=227930"},{"taxonomy":"post_tag","embeddable":true,"href":"https:\/\/www.radiopiu.net\/wordpress\/wp-json\/wp\/v2\/tags?post=227930"}],"curies":[{"name":"wp","href":"https:\/\/api.w.org\/{rel}","templated":true}]}}