{"id":228045,"date":"2021-08-18T05:54:22","date_gmt":"2021-08-18T03:54:22","guid":{"rendered":"https:\/\/www.radiopiu.net\/wordpress\/?p=228045"},"modified":"2021-08-18T07:16:26","modified_gmt":"2021-08-18T05:16:26","slug":"giornale-radiopiu-18-agosto-2021-direttore-mirko-mezzacasa","status":"publish","type":"post","link":"https:\/\/www.radiopiu.net\/wordpress\/giornale-radiopiu-18-agosto-2021-direttore-mirko-mezzacasa\/","title":{"rendered":"GIORNALE RADIOPIU 18 AGOSTO 2021 DIRETTORE MIRKO MEZZACASA"},"content":{"rendered":"<div class=\"wpb-content-wrapper\"><blockquote>\n<h3>COMPRIAMO UNA MACCHINA ATTREZZATA PER RICCARDO<\/h3>\n<\/blockquote>\n<p><strong><a href=\"https:\/\/www.radiopiu.net\/wordpress\/compriamo-una-macchina-attrezzata-per-riccardo\/1626340291137881-img-20210714-wa0025\/\" rel=\"attachment wp-att-224370\"><img loading=\"lazy\" decoding=\"async\" class=\"size-medium wp-image-224370 alignleft\" src=\"https:\/\/www.radiopiu.net\/wordpress\/wp-content\/uploads\/2021\/07\/1626340291137881-IMG-20210714-WA0025-169x300.jpg\" sizes=\"auto, (max-width: 169px) 100vw, 169px\" srcset=\"https:\/\/www.radiopiu.net\/wordpress\/wp-content\/uploads\/2021\/07\/1626340291137881-IMG-20210714-WA0025-169x300.jpg 169w, https:\/\/www.radiopiu.net\/wordpress\/wp-content\/uploads\/2021\/07\/1626340291137881-IMG-20210714-WA0025-576x1024.jpg 576w, https:\/\/www.radiopiu.net\/wordpress\/wp-content\/uploads\/2021\/07\/1626340291137881-IMG-20210714-WA0025-768x1365.jpg 768w, https:\/\/www.radiopiu.net\/wordpress\/wp-content\/uploads\/2021\/07\/1626340291137881-IMG-20210714-WA0025.jpg 800w\" alt=\"\" width=\"169\" height=\"300\" \/><\/a>SOSPIROLO<\/strong>\u00a0Radio Pi\u00f9 appoggia l\u2019iniziativa di\u00a0 Agostino Tegner il pap\u00e0 di Riccardo, poche parole le sue ma piene di significato<em>\u00a0\u201cIo e mia moglie stiamo invecchiando e non riusciamo pi\u00f9\u00a0<img loading=\"lazy\" decoding=\"async\" class=\"alignright\" src=\"https:\/\/www.radiopiu.net\/wordpress\/wp-content\/uploads\/2021\/07\/1626451699105964-locandina-riccardo.jpg\" width=\"297\" height=\"167\" \/>a trasportare come si deve il nostro ragazzo, che necessita di una macchina attrezzata con un piano ribassato con pedana\u201d.<\/em><\/p>\n<p>Per questo ha avuto inizio la raccolta fondi che si prefigge lo scopo di raccogliere 35.000 euro entro fine agosto. Ad oggi sono stati versati i primi\u00a0<span style=\"color: #ff0000;\"><strong>10585<\/strong>\u00a0<\/span>euro, per farlo \u00e8 semplice\u00a0<strong><a href=\"https:\/\/www.eppela.com\/it\/projects\/31001-compriamo-una-macchina-attrezzata-per-riccardo\">clicca qui\u00a0<\/a><\/strong><\/p>\n<blockquote><p><em>Riccardo \u00e8 un simpatico ragazzino di 15 anni che vive sulle montagne di Sospirolo. Sempre sorridente e circondato dall\u2019affetto dei suoi cari, Riccardo \u00e8 per\u00f2 costretto a stare sulla sedia a rotelle a causa della distrofia muscolare di Duchenne, di cui \u00e8 affetto dalla nascita.\u00a0 I genitori, dopo anni di sacrifici, hanno deciso di acquistare un\u2019auto munita di pedana per poter trasportare il figlio in modo pi\u00f9 comodo, pratico e sicuro, soprattutto adesso che sta crescendo e il peso \u2013 per i due genitori che stanno diventando anziani \u2013 si fa sempre pi\u00f9 sentire.\u00a0<\/em><\/p><\/blockquote>\n<p>&nbsp;<\/p>\n<hr \/>\n<p>&nbsp;<\/p>\n<h3>DALLA PROLOCO DI CAVIOLA&#8230;.IL GRAZIE AI VOLONTARI<\/h3>\n<p>Oggi abbiamo avuto l&#8217;onore di accogliere durante il mercatino i gruppi di soccorso della Valle del Biois (Croce Verde, Soccorso Alpino, Vigili del Fuoco volontari e Gruppo Protezione Civile Caviola) che si sono fatti conoscere a turisti e non che passavano in Lungo Tegosa a Caviola. Un grazie di cuore a tutti i volontari che regalano parte del loro tempo per la sicurezza delle nostre valli e vegliano sulle vacanze dei nostri turisti.<\/p>\n\n\t\t\t<style type='text\/css'>\n\t\t\t\t#gallery-1 {\n\t\t\t\t\tmargin: auto;\n\t\t\t\t}\n\t\t\t\t#gallery-1 .gallery-item {\n\t\t\t\t\tfloat: left;\n\t\t\t\t\tmargin-top: 10px;\n\t\t\t\t\ttext-align: center;\n\t\t\t\t\twidth: 16%;\n\t\t\t\t}\n\t\t\t\t#gallery-1 img {\n\t\t\t\t\tborder: 2px solid #cfcfcf;\n\t\t\t\t}\n\t\t\t\t#gallery-1 .gallery-caption {\n\t\t\t\t\tmargin-left: 0;\n\t\t\t\t}\n\t\t\t\t\/* see gallery_shortcode() in wp-includes\/media.php *\/\n\t\t\t<\/style>\n\t\t<div id='gallery-1' class='dt-gallery-container gallery galleryid-228045 gallery-columns-6 gallery-size-thumbnail'><dl class='gallery-item'>\n\t\t\t\t<dt class='gallery-icon landscape'>\n\t\t\t\t\t<a class=\"rollover rollover-zoom dt-pswp-item\" title=\"238569830_4380149535362341_2313014288676201545_n\" data-dt-img-description=\"\" data-large_image_width=\"900\" data-large_image_height=\"600\"href='https:\/\/www.radiopiu.net\/wordpress\/wp-content\/uploads\/2021\/08\/238569830_4380149535362341_2313014288676201545_n.jpg'><img loading=\"lazy\" decoding=\"async\" width=\"150\" height=\"150\" src=\"https:\/\/www.radiopiu.net\/wordpress\/wp-content\/uploads\/2021\/08\/238569830_4380149535362341_2313014288676201545_n-150x150.jpg\" class=\"attachment-thumbnail size-thumbnail\" alt=\"\" \/><\/a>\n\t\t\t\t<\/dt><\/dl><dl class='gallery-item'>\n\t\t\t\t<dt class='gallery-icon landscape'>\n\t\t\t\t\t<a class=\"rollover rollover-zoom dt-pswp-item\" title=\"238959873_4380148498695778_6351202868523783609_n\" data-dt-img-description=\"\" data-large_image_width=\"900\" data-large_image_height=\"600\"href='https:\/\/www.radiopiu.net\/wordpress\/wp-content\/uploads\/2021\/08\/238959873_4380148498695778_6351202868523783609_n.jpg'><img loading=\"lazy\" decoding=\"async\" width=\"150\" height=\"150\" src=\"https:\/\/www.radiopiu.net\/wordpress\/wp-content\/uploads\/2021\/08\/238959873_4380148498695778_6351202868523783609_n-150x150.jpg\" class=\"attachment-thumbnail size-thumbnail\" alt=\"\" \/><\/a>\n\t\t\t\t<\/dt><\/dl><dl class='gallery-item'>\n\t\t\t\t<dt class='gallery-icon landscape'>\n\t\t\t\t\t<a class=\"rollover rollover-zoom dt-pswp-item\" title=\"238808284_4380153028695325_1608184096144336243_n\" data-dt-img-description=\"\" data-large_image_width=\"1728\" data-large_image_height=\"1152\"href='https:\/\/www.radiopiu.net\/wordpress\/wp-content\/uploads\/2021\/08\/238808284_4380153028695325_1608184096144336243_n.jpg'><img loading=\"lazy\" decoding=\"async\" width=\"150\" height=\"150\" src=\"https:\/\/www.radiopiu.net\/wordpress\/wp-content\/uploads\/2021\/08\/238808284_4380153028695325_1608184096144336243_n-150x150.jpg\" class=\"attachment-thumbnail size-thumbnail\" alt=\"\" \/><\/a>\n\t\t\t\t<\/dt><\/dl><dl class='gallery-item'>\n\t\t\t\t<dt class='gallery-icon landscape'>\n\t\t\t\t\t<a class=\"rollover rollover-zoom dt-pswp-item\" title=\"236937780_4380154902028471_1262339224474302965_n\" data-dt-img-description=\"\" data-large_image_width=\"1728\" data-large_image_height=\"1152\"href='https:\/\/www.radiopiu.net\/wordpress\/wp-content\/uploads\/2021\/08\/236937780_4380154902028471_1262339224474302965_n.jpg'><img loading=\"lazy\" decoding=\"async\" width=\"150\" height=\"150\" src=\"https:\/\/www.radiopiu.net\/wordpress\/wp-content\/uploads\/2021\/08\/236937780_4380154902028471_1262339224474302965_n-150x150.jpg\" class=\"attachment-thumbnail size-thumbnail\" alt=\"\" \/><\/a>\n\t\t\t\t<\/dt><\/dl><dl class='gallery-item'>\n\t\t\t\t<dt class='gallery-icon landscape'>\n\t\t\t\t\t<a class=\"rollover rollover-zoom dt-pswp-item\" title=\"238295139_4380150522028909_2415958797793279311_n\" data-dt-img-description=\"\" data-large_image_width=\"1728\" data-large_image_height=\"1152\"href='https:\/\/www.radiopiu.net\/wordpress\/wp-content\/uploads\/2021\/08\/238295139_4380150522028909_2415958797793279311_n.jpg'><img loading=\"lazy\" decoding=\"async\" width=\"150\" height=\"150\" src=\"https:\/\/www.radiopiu.net\/wordpress\/wp-content\/uploads\/2021\/08\/238295139_4380150522028909_2415958797793279311_n-150x150.jpg\" class=\"attachment-thumbnail size-thumbnail\" alt=\"\" \/><\/a>\n\t\t\t\t<\/dt><\/dl><dl class='gallery-item'>\n\t\t\t\t<dt class='gallery-icon landscape'>\n\t\t\t\t\t<a class=\"rollover rollover-zoom dt-pswp-item\" title=\"238418849_4380147565362538_2239533690112182091_n\" data-dt-img-description=\"\" data-large_image_width=\"900\" data-large_image_height=\"600\"href='https:\/\/www.radiopiu.net\/wordpress\/wp-content\/uploads\/2021\/08\/238418849_4380147565362538_2239533690112182091_n.jpg'><img loading=\"lazy\" decoding=\"async\" width=\"150\" height=\"150\" src=\"https:\/\/www.radiopiu.net\/wordpress\/wp-content\/uploads\/2021\/08\/238418849_4380147565362538_2239533690112182091_n-150x150.jpg\" class=\"attachment-thumbnail size-thumbnail\" alt=\"\" \/><\/a>\n\t\t\t\t<\/dt><\/dl><br style=\"clear: both\" \/><dl class='gallery-item'>\n\t\t\t\t<dt class='gallery-icon landscape'>\n\t\t\t\t\t<a class=\"rollover rollover-zoom dt-pswp-item\" title=\"237303503_4380150958695532_2101404005982385544_n\" data-dt-img-description=\"\" data-large_image_width=\"1728\" data-large_image_height=\"1152\"href='https:\/\/www.radiopiu.net\/wordpress\/wp-content\/uploads\/2021\/08\/237303503_4380150958695532_2101404005982385544_n.jpg'><img loading=\"lazy\" decoding=\"async\" width=\"150\" height=\"150\" src=\"https:\/\/www.radiopiu.net\/wordpress\/wp-content\/uploads\/2021\/08\/237303503_4380150958695532_2101404005982385544_n-150x150.jpg\" class=\"attachment-thumbnail size-thumbnail\" alt=\"\" \/><\/a>\n\t\t\t\t<\/dt><\/dl><dl class='gallery-item'>\n\t\t\t\t<dt class='gallery-icon landscape'>\n\t\t\t\t\t<a class=\"rollover rollover-zoom dt-pswp-item\" title=\"238613082_4380154408695187_8602994124036056701_n\" data-dt-img-description=\"\" data-large_image_width=\"1728\" data-large_image_height=\"1152\"href='https:\/\/www.radiopiu.net\/wordpress\/wp-content\/uploads\/2021\/08\/238613082_4380154408695187_8602994124036056701_n.jpg'><img loading=\"lazy\" decoding=\"async\" width=\"150\" height=\"150\" src=\"https:\/\/www.radiopiu.net\/wordpress\/wp-content\/uploads\/2021\/08\/238613082_4380154408695187_8602994124036056701_n-150x150.jpg\" class=\"attachment-thumbnail size-thumbnail\" alt=\"\" \/><\/a>\n\t\t\t\t<\/dt><\/dl><dl class='gallery-item'>\n\t\t\t\t<dt class='gallery-icon landscape'>\n\t\t\t\t\t<a class=\"rollover rollover-zoom dt-pswp-item\" title=\"239115861_4380154058695222_3868725351176788605_n\" data-dt-img-description=\"\" data-large_image_width=\"1728\" data-large_image_height=\"1152\"href='https:\/\/www.radiopiu.net\/wordpress\/wp-content\/uploads\/2021\/08\/239115861_4380154058695222_3868725351176788605_n.jpg'><img loading=\"lazy\" decoding=\"async\" width=\"150\" height=\"150\" src=\"https:\/\/www.radiopiu.net\/wordpress\/wp-content\/uploads\/2021\/08\/239115861_4380154058695222_3868725351176788605_n-150x150.jpg\" class=\"attachment-thumbnail size-thumbnail\" alt=\"\" \/><\/a>\n\t\t\t\t<\/dt><\/dl><dl class='gallery-item'>\n\t\t\t\t<dt class='gallery-icon landscape'>\n\t\t\t\t\t<a class=\"rollover rollover-zoom dt-pswp-item\" title=\"239083199_4380151495362145_5379010910317702384_n\" data-dt-img-description=\"\" data-large_image_width=\"1728\" data-large_image_height=\"1152\"href='https:\/\/www.radiopiu.net\/wordpress\/wp-content\/uploads\/2021\/08\/239083199_4380151495362145_5379010910317702384_n.jpg'><img loading=\"lazy\" decoding=\"async\" width=\"150\" height=\"150\" src=\"https:\/\/www.radiopiu.net\/wordpress\/wp-content\/uploads\/2021\/08\/239083199_4380151495362145_5379010910317702384_n-150x150.jpg\" class=\"attachment-thumbnail size-thumbnail\" alt=\"\" \/><\/a>\n\t\t\t\t<\/dt><\/dl><dl class='gallery-item'>\n\t\t\t\t<dt class='gallery-icon landscape'>\n\t\t\t\t\t<a class=\"rollover rollover-zoom dt-pswp-item\" title=\"238599401_4380147455362549_2586114736963948815_n\" data-dt-img-description=\"\" data-large_image_width=\"900\" data-large_image_height=\"600\"href='https:\/\/www.radiopiu.net\/wordpress\/wp-content\/uploads\/2021\/08\/238599401_4380147455362549_2586114736963948815_n.jpg'><img loading=\"lazy\" decoding=\"async\" width=\"150\" height=\"150\" src=\"https:\/\/www.radiopiu.net\/wordpress\/wp-content\/uploads\/2021\/08\/238599401_4380147455362549_2586114736963948815_n-150x150.jpg\" class=\"attachment-thumbnail size-thumbnail\" alt=\"\" \/><\/a>\n\t\t\t\t<\/dt><\/dl>\n\t\t\t\t<br style='clear: both' \/>\n\t\t\t<\/div>\n\n<p>&nbsp;<\/p>\n<hr \/>\n<p>&nbsp;<\/p>\n<blockquote>\n<h3>LA GALLERIA COMELICO RIAPRE IN ORARIO NOTTURNO<\/h3>\n<\/blockquote>\n<p><strong>VENEZIA\u00a0<\/strong>Per limitare i disagi durante le settimane di maggior esodo, Anas ha programmato la sospensione temporanea dei lavori di manutenzione della galleria \u201cComelico\u201d, posta tra il km 81 e il km 85 della strada statale 52 \u201cCarnica\u201d. La galleria sar\u00e0 pertanto transitabile anche in orario notturno. Dalle ore 21 di luned\u00ec 23 agosto sar\u00e0 nuovamente istituito il divieto di transito in orario notturno, con deviazione su viabilit\u00e0 secondaria, fino alle 6 di mattina del giorno successivo. Fino alla fine del mese di agosto la chiusura, il sabato e la domenica, sar\u00e0 attiva dalle ore 22:30 anzich\u00e9 dalle ore 21:00 per creare minor impatto alla circolazione stradale.<\/p>\n<p>&nbsp;<\/p>\n<p>&nbsp;<\/p>\n<hr \/>\n<p>&nbsp;<\/p>\n<blockquote>\n<h3>CON LA FINE DELLE VACANZE ESTIVE INIZIANO I CANTIERI SULLE STRADE DELLA PROVINCIA<\/h3>\n<\/blockquote>\n<p><strong>SR 48 DELLE DOLOMITI\u00a0<\/strong>dal 23 agosto al 31 ottobre, esclusi sabato e domenica, senso unico alternato regolato da semaforo per posa cavidotto<\/p>\n<p><strong>SR 203<\/strong> <strong>AGORDINA<\/strong> in localit\u00e0 La Stanga senso unico alternato regolato da semaforo dal 23 agosto al 3 settembre, esclusi sabato e domenica, perlavori di recupero tubazione e cavo non in servizio<\/p>\n<p><strong>SP 347 PASSO CEREDA E DURAN\u00a0<\/strong>in comune di Gosaldo dal 23 agosto al 30 settembre senso unico alternato regolato da semaforo per posa cavidotto<\/p>\n<p><strong>SP 346 PASSO SAN PELLEGRINO<\/strong> in localit\u00e0 La Mora di Canale D&#8217;Agordo senso unico alternato regolato da semaforo dal 23 agosto al 15 ottobre per messa in sicurezza della strada<\/p>\n<p><strong>SP 251 VAL DI ZOLDO E CELLINA<\/strong> senso unico alternato regolato da semaforo in comune di Colle Santa Lucia dal 23 agosto al 1 ottobre per messa in sicurezza piano viabile<\/p>\n<p><strong>SP3 VALLE IMPERINA\u00a0<\/strong>dal 23 agosto al 10 settembre, esclusi sabato e domenica, senso unico alternato a Rivamonte per interramento linea elettrica<\/p>\n<p>&nbsp;<\/p>\n<p>&nbsp;<\/p>\n<hr \/>\n<p>&nbsp;<\/p>\n<blockquote>\n<h3>INTERRUZIONI ENEL<\/h3>\n<\/blockquote>\n<p><strong>LIVINALLONGO DEL COL DI LANA<\/strong> domani dalle 9 alle 11 nelle vie Corte, Lasta, Federa, e Sief<\/p>\n<p>&nbsp;<\/p>\n<p>&nbsp;<\/p>\n<hr \/>\n<p>&nbsp;<\/p>\n<blockquote>\n<h3><img loading=\"lazy\" decoding=\"async\" class=\"alignleft\" src=\"https:\/\/www.radiopiu.net\/wordpress\/wp-content\/uploads\/2020\/03\/download-44.jpg\" width=\"131\" height=\"87\" \/>IL TREMOLIO IN ALPAGO, IERI NEL POMERIGGIO<\/h3>\n<\/blockquote>\n<p><strong>ALPAGO<\/strong> Dopo la serie di scosse tra Ponte nelle Alpi e il Feltrino di alcuni giorni fa la terra torna a tremare pur in maniera molto lieve. A Tambre d&#8217;Alpago ieri pomeriggio scossa di terremoto di 1,4 gradi della scala Richeter. Epicento a Tambre.<\/p>\n<p>&nbsp;<\/p>\n<hr \/>\n<blockquote>\n<h3><\/h3>\n<h3>STRAPPO MUSCOLARE SULLA FERRATA SUL SASS DE STRIA<\/h3>\n<\/blockquote>\n<p><strong><a href=\"https:\/\/www.radiopiu.net\/wordpress\/mattinata-impegnativa-per-il-soccorso-alpino-4-interventi-tra-longarone-livinallongo-e-cortina\/fb9dd0e0-d5e5-489c-a831-6502938db7ce\/\" rel=\"attachment wp-att-222520\"><img loading=\"lazy\" decoding=\"async\" class=\" wp-image-222520 alignleft\" src=\"https:\/\/www.radiopiu.net\/wordpress\/wp-content\/uploads\/2021\/07\/fb9dd0e0-d5e5-489c-a831-6502938db7ce-300x225.jpg\" alt=\"\" width=\"209\" height=\"157\" srcset=\"https:\/\/www.radiopiu.net\/wordpress\/wp-content\/uploads\/2021\/07\/fb9dd0e0-d5e5-489c-a831-6502938db7ce-300x225.jpg 300w, https:\/\/www.radiopiu.net\/wordpress\/wp-content\/uploads\/2021\/07\/fb9dd0e0-d5e5-489c-a831-6502938db7ce-1024x768.jpg 1024w, https:\/\/www.radiopiu.net\/wordpress\/wp-content\/uploads\/2021\/07\/fb9dd0e0-d5e5-489c-a831-6502938db7ce-768x576.jpg 768w, https:\/\/www.radiopiu.net\/wordpress\/wp-content\/uploads\/2021\/07\/fb9dd0e0-d5e5-489c-a831-6502938db7ce.jpg 1080w\" sizes=\"auto, (max-width: 209px) 100vw, 209px\" \/><\/a> <\/strong><\/p>\n<p><strong>\u00a0<\/strong><\/p>\n<p><strong>CORTINA<\/strong> Ieri poco prima di mezzogiorno la Centrale del 118 \u00e8 stata allertata per un escursionista, bloccato da un probabile strappo muscolare alla coscia a pochi metri dall&#8217;uscita della Ferrata Fusetti, sul Sass de Stria. L&#8217;elicottero del Suem di Pieve di Cadore ha raggiunto il luogo dell&#8217;infortunio e recuperato A.B., 76 anni, di Milano, per trasportarlo all&#8217;ospedale di Cortina.<\/p>\n<p>&nbsp;<\/p>\n<p>&nbsp;<\/p>\n<p>&nbsp;<\/p>\n<hr \/>\n<p>&nbsp;<\/p>\n<blockquote>\n<h3>RUZZOLA PER TRENTA METRI SUL GHIAIONE<\/h3>\n<\/blockquote>\n<p><strong><a href=\"https:\/\/www.radiopiu.net\/wordpress\/torna-la-festa-del-volontariato-cadorino-sabato-1-settembre\/soccorsoalpino\/\" rel=\"attachment wp-att-59164\"><img loading=\"lazy\" decoding=\"async\" class=\" wp-image-59164 alignleft\" src=\"https:\/\/www.radiopiu.net\/wordpress\/wp-content\/uploads\/2018\/08\/soccorsoalpino-300x300.jpg\" alt=\"\" width=\"188\" height=\"188\" srcset=\"https:\/\/www.radiopiu.net\/wordpress\/wp-content\/uploads\/2018\/08\/soccorsoalpino-300x300.jpg 300w, https:\/\/www.radiopiu.net\/wordpress\/wp-content\/uploads\/2018\/08\/soccorsoalpino-150x150.jpg 150w, https:\/\/www.radiopiu.net\/wordpress\/wp-content\/uploads\/2018\/08\/soccorsoalpino-768x768.jpg 768w, https:\/\/www.radiopiu.net\/wordpress\/wp-content\/uploads\/2018\/08\/soccorsoalpino-1024x1024.jpg 1024w, https:\/\/www.radiopiu.net\/wordpress\/wp-content\/uploads\/2018\/08\/soccorsoalpino.jpg 1200w\" sizes=\"auto, (max-width: 188px) 100vw, 188px\" \/><\/a> <\/strong><\/p>\n<p><strong>\u00a0<\/strong><\/p>\n<p><strong>BORCA DI CADORE<\/strong> Ieri alle 11.30 circa l&#8217;elicottero del Suem di Pieve di Cadore \u00e8 volato verso la Forcella Val d&#8217;Arcia, sul Pelmo, dove un escursionista, che si trovava con la famiglia, era ruzzolato una trentina di metri nel ghiaione. L&#8217;uomo, che fortunatamente non aveva riportato gravi conseguenze, \u00e8 stato assistito dall&#8217;equipe medica e dal tecnico di elisoccorso, sbarcati con un verricello di 20 metri, per essere recuperato e trasportato all&#8217;ospedale di Belluno. I soccorritori hanno imbarcato anche la figlia, scossa dell&#8217;accaduto.<\/p>\n<p>&nbsp;<\/p>\n<p>&nbsp;<\/p>\n<p>&nbsp;<\/p>\n<hr \/>\n<p>&nbsp;<\/p>\n<blockquote>\n<h3>FUNGAIOLO SI FA MALE NEL BOSCO VICINO FUSINE<\/h3>\n<\/blockquote>\n<p><strong><a href=\"https:\/\/www.radiopiu.net\/wordpress\/il-soccorso-alpino-ritorna-al-vazzoler\/th-172\/\" rel=\"attachment wp-att-225856\"><img loading=\"lazy\" decoding=\"async\" class=\"size-full wp-image-225856 alignleft\" src=\"https:\/\/www.radiopiu.net\/wordpress\/wp-content\/uploads\/2021\/08\/th.jpg\" alt=\"\" width=\"222\" height=\"167\" \/><\/a>VAL DI ZOLDO<\/strong> Alle 15.30 circa la Centrale del Suem ha allertato il Soccorso alpino della Val di Zoldo, per un fungaiolo fattosi male nei pressi del cimitero di Fusine. Inizialmente sembrava che L&#8217;uomo, M.P., 55 anni, di Spinea (VE), si trovasse vicino alla strada, in realt\u00e0 la squadra ha lasciato il mezzo sulla strada che porta a Cercen\u00e0 per poi proseguire a piedi 500 metri sul sentiero e risalire i 30 metri di scarpata dove il cercatore di funghi, che si trovava con moglie e figlia, si era procurato un probabile trauma al piede. Prestate le prime cure, i cinque soccorritori hanno allestito gli ancoraggi per la discesa nel bosco, avvenuta con barella portantina. La barella \u00e8 stata poi trasportata fino oltre il ponte sul torrente Ma\u00e8, per essere affidata all&#8217;ambulanza, che non poteva attraversarlo.<\/p>\n<p>&nbsp;<\/p>\n<hr \/>\n<p>&nbsp;<\/p>\n<blockquote>\n<h3><a href=\"https:\/\/www.radiopiu.net\/wordpress\/dal-morso-della-vipera-al-reparto-di-rianimazione-al-san-martino\/rattlesnake-653642_960_720-2\/\" rel=\"attachment wp-att-155775\"><img loading=\"lazy\" decoding=\"async\" class=\" wp-image-155775 alignleft\" src=\"https:\/\/www.radiopiu.net\/wordpress\/wp-content\/uploads\/2020\/08\/rattlesnake-653642_960_720-300x200.jpg\" alt=\"\" width=\"182\" height=\"121\" srcset=\"https:\/\/www.radiopiu.net\/wordpress\/wp-content\/uploads\/2020\/08\/rattlesnake-653642_960_720-300x200.jpg 300w, https:\/\/www.radiopiu.net\/wordpress\/wp-content\/uploads\/2020\/08\/rattlesnake-653642_960_720-768x511.jpg 768w, https:\/\/www.radiopiu.net\/wordpress\/wp-content\/uploads\/2020\/08\/rattlesnake-653642_960_720.jpg 960w\" sizes=\"auto, (max-width: 182px) 100vw, 182px\" \/><\/a>MONDO ANIMALE, DALLE VIPERE AL PRANZO DEL LUPO<\/h3>\n<p>REDAZIONE\u00a0 Per la terza volta in due giorni le vipere si sono presentate all&#8217;uscio di casa, \u00e8 successo a Borca di Cadore.\u00a0 E&#8217; andata peggio a Villabruna di Feltre, vittime del lupo nove oche e a una capretta, tutte tenute in un recinto elettrificato. Gli animali\u00a0 del\u00a0 falegname Denis Canzian non hanno avuto scampo. La settimana scorsa il lupo ha lasciato il segno anche a Pian d&#8217;Avena, colpendo in un recinto di propriet\u00e0 dell&#8217;allevatore Thomas Fantinel, non lontano dalla spianata dell&#8217;area pic-nic<\/p><\/blockquote>\n<hr \/>\n<p>&nbsp;<\/p>\n<blockquote>\n<h3>I CASINISTI DELLA GRIGLIATA BLOCCATI DAI CARABINIERI<\/h3>\n<p>SEDICO I vicini hanno telefonato al 112 perch\u00e9 disturbati dagli schiamazzi e dalla musica. Era gioved\u00ec e, secondo una prima ricostruzione, almeno una trentina di persone si era data appuntamento nel cortile di un&#8217;azienda. Ci sarebbe stata anche una colluttazione, con uno dei vicini che avrebbe rimediato un colpo al naso da medicare al Pronto soccorso dell&#8217;ospedale San Martino.\u00a0 I carabinieri sono arrivati con due pattuglie e hanno interrotto il banchetto e raccolto una denuncia per lesioni.<\/p><\/blockquote>\n<p>&nbsp;<\/p>\n<p>&nbsp;<\/p>\n<hr \/>\n<p>&nbsp;<\/p>\n<blockquote>\n<h3 class=\"p1\"><span class=\"s1\">PI\u00d9 SICUREZZA AL CENTRO ANTIVIOLENZA DI BELLUNO DONNA DI PONTE NELLE ALPI: LA PROVINCIA INSTALLA UN NUOVO IMPIANTO DI VIDEOSORVEGLIANZA<\/span><\/h3>\n<\/blockquote>\n<p><strong><a href=\"https:\/\/www.radiopiu.net\/wordpress\/giornale-radiopiu-18-agosto-2021-direttore-mirko-mezzacasa\/videocamera\/\" rel=\"attachment wp-att-228125\"><img loading=\"lazy\" decoding=\"async\" class=\"size-medium wp-image-228125 alignleft\" src=\"https:\/\/www.radiopiu.net\/wordpress\/wp-content\/uploads\/2021\/08\/VIDEOCAMERA-300x199.jpg\" alt=\"\" width=\"300\" height=\"199\" srcset=\"https:\/\/www.radiopiu.net\/wordpress\/wp-content\/uploads\/2021\/08\/VIDEOCAMERA-300x199.jpg 300w, https:\/\/www.radiopiu.net\/wordpress\/wp-content\/uploads\/2021\/08\/VIDEOCAMERA-1024x678.jpg 1024w, https:\/\/www.radiopiu.net\/wordpress\/wp-content\/uploads\/2021\/08\/VIDEOCAMERA-768x508.jpg 768w, https:\/\/www.radiopiu.net\/wordpress\/wp-content\/uploads\/2021\/08\/VIDEOCAMERA-1536x1017.jpg 1536w, https:\/\/www.radiopiu.net\/wordpress\/wp-content\/uploads\/2021\/08\/VIDEOCAMERA.jpg 1920w\" sizes=\"auto, (max-width: 300px) 100vw, 300px\" \/><\/a>BELLUNO <\/strong><span class=\"s1\">La Provincia di Belluno installer\u00e0 un nuovo impianto di videosorveglianza alla casa rifugio di Belluno Donna, a Ponte nelle Alpi. Una misura decisa dall\u2019amministrazione a seguito di un brutto episodio, registratosi qualche settimana fa. A fine giugno, infatti, si era verificata un\u2019intrusione, con danni ingenti alla struttura.\u00a0 <\/span><span class=\"s1\">\u00ab<em>La presidente di Belluno Donna, Anna Cubattoli, ci ha segnalato che uno sconosciuto \u00e8 entrato nella sede del Centro Antiviolenza, in uno stabile di propriet\u00e0 della Provincia, passando dalla terrazza del primo piano\u00bb spiegano i consiglieri provinciali Dario Scopel e Paolo Vendramini, che questa mattina hanno incontrato Cubattoli insieme al presidente Roberto Padrin. \u00ab\u00c8 stato rotto il vetro di una portafinestra. Poi lo sconosciuto, una volta entrato nella struttura, ha spaccato tutto quello che poteva: ha divelto due estintori, ha scardinato una porta. Ed \u00e8 scappato solo quando si \u00e8 trovato davanti un\u2019operatrice<\/em>\u00bb. <\/span><span class=\"s1\">Il fatto \u00e8 stato denunciato ai carabinieri ed \u00e8 oggetto di indagine. Pare si sia trattato di un atto di vandalismo, non legato al Centro Antiviolenza. \u00ab<em>In ogni caso, un episodio spiacevole che richiede attenzione &#8211; sottolineano i consiglieri Scopel e Vendramini -. La necessit\u00e0 di prevenire atti simili ci ha messo subito al lavoro<\/em>\u00bb. <\/span><span class=\"s1\">La Provincia ha preparato un progetto per l\u2019installazione di un nuovo sistema di videosorveglianza. Telecamere che serviranno monitorare tutte le aree attorno allo stabile. \u00ab<em>Abbiamo previsto una spesa da 3.300 euro, che consideriamo un investimento a favore di un\u2019associazione del territorio, attiva da anni al fianco delle donne vittime di violenza &#8211; spiegano i due consiglieri provinciali -. Le attivit\u00e0 di Belluno Donna meritano attenzione e l\u2019amministrazione provinciale volentieri continuer\u00e0 a dare una mano<\/em>\u00bb. \u00a0<\/span><\/p>\n<p>&nbsp;<\/p>\n<p>&nbsp;<\/p>\n<hr \/>\n<blockquote>\n<h3><\/h3>\n<h3>ANCORA NESSUNA LISTA PRESENTATA IN VISTA DELLE ELEZIONI COMUNALI DI SELVA DI CADORE<\/h3>\n<\/blockquote>\n<p><strong><a href=\"https:\/\/www.radiopiu.net\/wordpress\/giornale-radiopiu-04-maggio-direttore-mirko-mezzacasa\/selva-di-cadore\/\" rel=\"attachment wp-att-47474\"><img loading=\"lazy\" decoding=\"async\" class=\"size-medium wp-image-47474 alignleft\" src=\"https:\/\/www.radiopiu.net\/wordpress\/wp-content\/uploads\/2018\/05\/SELVA-DI-CADORE-300x120.jpg\" alt=\"\" width=\"300\" height=\"120\" srcset=\"https:\/\/www.radiopiu.net\/wordpress\/wp-content\/uploads\/2018\/05\/SELVA-DI-CADORE-300x120.jpg 300w, https:\/\/www.radiopiu.net\/wordpress\/wp-content\/uploads\/2018\/05\/SELVA-DI-CADORE.jpg 354w\" sizes=\"auto, (max-width: 300px) 100vw, 300px\" \/><\/a>SELVA DI CADORE<\/strong><\/p>\n<p>di Gianni Santomaso<\/p>\n<audio class=\"wp-audio-shortcode\" id=\"audio-228045-1\" preload=\"none\" style=\"width: 100%;\" controls=\"controls\"><source type=\"audio\/mpeg\" src=\"https:\/\/www.radiopiu.net\/wordpress\/wp-content\/uploads\/2021\/08\/GIANNI-ELEZIONI-SELVA.mp3?_=1\" \/><a href=\"https:\/\/www.radiopiu.net\/wordpress\/wp-content\/uploads\/2021\/08\/GIANNI-ELEZIONI-SELVA.mp3\">https:\/\/www.radiopiu.net\/wordpress\/wp-content\/uploads\/2021\/08\/GIANNI-ELEZIONI-SELVA.mp3<\/a><\/audio>\n<p>&nbsp;<\/p>\n<hr \/>\n<p>&nbsp;<\/p>\n<blockquote>\n<h3>BILANCIO DEL VENETO 2022-2024. ZAIA, \u201cAPPROVIAMO UNA MANOVRA PROIETTATA VERSO LA SANITA\u2019 E L\u2019EUROPA. NEI 18 MESI DI COVID ABBIAMO CONTINUATO A LAVORARE PER CITTADINI E IMPRESE VENETE\u201d<\/h3>\n<\/blockquote>\n<p><strong><a href=\"https:\/\/www.radiopiu.net\/wordpress\/giornale-radiopiu-18-agosto-2021-direttore-mirko-mezzacasa\/zaia-palazzo-balbi\/\" rel=\"attachment wp-att-228130\"><img loading=\"lazy\" decoding=\"async\" class=\"size-medium wp-image-228130 alignleft\" src=\"https:\/\/www.radiopiu.net\/wordpress\/wp-content\/uploads\/2021\/08\/ZAIA-PALAZZO-BALBI-300x225.jpeg\" alt=\"\" width=\"300\" height=\"225\" srcset=\"https:\/\/www.radiopiu.net\/wordpress\/wp-content\/uploads\/2021\/08\/ZAIA-PALAZZO-BALBI-300x225.jpeg 300w, https:\/\/www.radiopiu.net\/wordpress\/wp-content\/uploads\/2021\/08\/ZAIA-PALAZZO-BALBI-1024x768.jpeg 1024w, https:\/\/www.radiopiu.net\/wordpress\/wp-content\/uploads\/2021\/08\/ZAIA-PALAZZO-BALBI-768x576.jpeg 768w, https:\/\/www.radiopiu.net\/wordpress\/wp-content\/uploads\/2021\/08\/ZAIA-PALAZZO-BALBI-1536x1152.jpeg 1536w, https:\/\/www.radiopiu.net\/wordpress\/wp-content\/uploads\/2021\/08\/ZAIA-PALAZZO-BALBI.jpeg 2048w\" sizes=\"auto, (max-width: 300px) 100vw, 300px\" \/><\/a>VENEZIA <\/strong>\u201c<em>In meno di due mesi dalla parifica del rendiconto 2020, oggi, in pieno agosto, abbiamo approvato il bilancio di previsione per il prossimo triennio, in largo anticipo rispetto alle previsioni normative. Vale 16 miliardi. Le voci di bilancio tengono conto dell\u2019impatto dei fondi legati al PNRR e, inevitabilmente, le scelte economico-finanziarie sono e saranno concentrate verso la ripartenza, per dare ai cittadini e alle imprese venete le risposte necessarie senza incertezze o rallentamenti burocratici. Questo lo ritengo sinonimo di efficienza e efficacia dell\u2019azione amministrativa, il segreto per riuscire a movimentare, quasi in tempo reale, ingenti risorse finanziarie a favore dei Veneti<\/em>\u201d. Lo dice il Presidente della Regione del Veneto, Luca Zaia, al termine della Giunta regionale nel punto stampa a Palazzo Balbi, durante il quale sono state presentate le voci della proposta di Legge di Bilancio 2022-2024. \u201c<em>In poche parole abbiamo raccolto la sfida della programmazione comunitaria incrementando di 10 milioni di euro il cofinanziamento regionale che, quindi, passa dai 65 milioni annui degli ultimi 5 anni a 75 milioni per il prossimo triennio \u2013 specifica Zaia -. Confermiamo l\u2019importante investimento di 85 milioni da destinare agli impianti sportivi, protagonisti delle prossime Olimpiadi invernali di Milano-Cortina 2026, cos\u00ec come sul fronte delle infrastrutture viarie abbiamo previsto oltre 23,8 milioni annui fino al 2023, oltre ad aver riconfermato le risorse per la sicurezza dei viadotti (5 milioni di euro)<\/em>\u201d. La manovra varata introduce un importante contributo regionale straordinario, in conto capitale, di 300 milioni di euro a favore dell\u2019Azienda Ospedaliera di Padova per la realizzazione del nuovo Polo della Salute. \u201c<em>Un occhio di riguardo anche per il mondo dell\u2019istruzione, garantendo i 31milioni di euro, per ciascun anno dell\u2019intero triennio 2022-2024, a favore delle scuole paritarie \u2013 continua il Presidente -. Un\u2019attenzione dedicata in particolare al mondo delle universit\u00e0, che vede fin dal bilancio di previsione l\u2019iscrizione dello stanziamento di 6,5 milioni di euro per le borse di studio, congiuntamente al rafforzamento del finanziamento a favore degli ESU, nella misura di 2 milioni. Una dimostrazione tangibilmente dell\u2019impegno dell&#8217;amministrazione gi\u00e0 a decorrere dal primo di gennaio, senza ricorrere a manovre di assestamento in corso di esercizio. Il principio vale anche per la formazione professionale, alla quale destiniamo 29 milioni di euro, un ambito che oggi rappresenta un intermediario importante per il mondo del lavoro in termini di occupazionali<\/em>\u201d. \u201c<em>Infine, \u00e8 stato incrementato il sostegno finanziario a supporto dell\u2019azione degli enti strumentali regionali: \u00e8 stato aumentato da 8 a 10 milioni di euro il finanziamento regionale agli Esu \u2013 conclude Zaia -, ma \u00e8 doveroso sottolineare il sostegno a supporto di Veneto Strade, cos\u00ec come le risorse stanziate per Veneto Agricoltura (700mila euro). Si avviano anche le Fondazioni per Venezia Capitale mondiale della Sostenibilit\u00e0 e per Cortina in vista degli eventi sportivi legati alle Olimpiadi del 2026<\/em>\u201d<\/p>\n<p>&nbsp;<\/p>\n<p>&nbsp;<\/p>\n<hr \/>\n<p>&nbsp;<\/p>\n<blockquote>\n<h3>FIOM BELLUNO &#8211; ACC: DOPO L&#8217;APPROVAZIONE DELLA COMMISSIONE EUROPEA AGLI AIUTI, CHIEDIAMO NUOVAMENTE URGENTE TAVOLO AL MISE<\/h3>\n<\/blockquote>\n<p><strong><a href=\"https:\/\/www.radiopiu.net\/wordpress\/fiom-belluno-acc-dopo-lapprovazione-della-commissione-europea-agli-aiuti-chiediamo-nuovamente-urgente-tavolo-al-mise\/img_20210420_105519\/\" rel=\"attachment wp-att-228097\"><img loading=\"lazy\" decoding=\"async\" class=\"size-medium wp-image-228097 alignleft\" src=\"https:\/\/www.radiopiu.net\/wordpress\/wp-content\/uploads\/2021\/08\/IMG_20210420_105519-300x225.jpg\" alt=\"\" width=\"300\" height=\"225\" srcset=\"https:\/\/www.radiopiu.net\/wordpress\/wp-content\/uploads\/2021\/08\/IMG_20210420_105519-300x225.jpg 300w, https:\/\/www.radiopiu.net\/wordpress\/wp-content\/uploads\/2021\/08\/IMG_20210420_105519-1024x768.jpg 1024w, https:\/\/www.radiopiu.net\/wordpress\/wp-content\/uploads\/2021\/08\/IMG_20210420_105519-768x576.jpg 768w, https:\/\/www.radiopiu.net\/wordpress\/wp-content\/uploads\/2021\/08\/IMG_20210420_105519-1536x1152.jpg 1536w, https:\/\/www.radiopiu.net\/wordpress\/wp-content\/uploads\/2021\/08\/IMG_20210420_105519-2048x1536.jpg 2048w\" sizes=\"auto, (max-width: 300px) 100vw, 300px\" \/><\/a>BELLUNO<\/strong> La Fiom Cgil di Belluno saluta con favore l&#8217;approvazione da parte della commissione europea del regime di aiuti finanziari previsti dall&#8217;art.37 DL sostegni e del relativo DM attuativo. In linea con i nuovi orientamenti comunitari in regime di aiuti di stato, la rapida approvazione in merito alla richiesta del governo Italiano (e di molti altri stati membri) testimonia il cambio di paradigma non pi\u00f9 legato a vincoli di bilancio e vecchie regole di austerit\u00e0 economica, ma attento all&#8217;aiuto e al sostegno delle economie continentali colpite dalla crisi post pandemica. Resta per noi incomprensibile come questo nuovo e migliore orientamento non sia ancora patrimonio dell&#8217;antitrust europeo che da oltre un anno nega ad Acc di accedere agli aiuti di stato previsti dalla Prodi-bis. 3 mesi per il s\u00ec all&#8217;art.37, oltre un anno di chiarimenti per la Prodi! Qualcuno avvisi la DG Com del cambio di approccio comunitario, forse da un po&#8217; non escono dalle loro stanze, permeate da vecchi e stantii vincoli burocratici! Per Acc resta ora fondamentale la rapida adozione del decreto direttoriale da parte del direttore per gli incentivi alle imprese del Mise, che definisca lo schema delle istanze per l&#8217;accesso al fondo di sostegno nonch\u00e9 alle modalit\u00e0 e termini per la sua presentazione. Per poi attendere la convenzione per la gestione del fondo, da parte di Invitalia, e, per ultima, l&#8217;approvazione dell&#8217;istanza che Acc presenter\u00e0 in coerenza con le indicazioni del decreto direttoriale. Serve ancora uno sforzo di tutti noi per salvare la nostra Acc e serve, lo ribadiamo ancora una volta, una convocazione del tavolo ministeriale al fine di condividere e definire tempi e modi per una rapida e positiva conclusione della vertenza, per le lavoratrici e i lavoratori di Acc e per la nostra comunit\u00e0!<\/p>\n<p>&nbsp;<\/p>\n<p>&nbsp;<\/p>\n<hr \/>\n<p>&nbsp;<\/p>\n<blockquote>\n<h3 class=\"p1\"><span class=\"s1\">ACC, D&#8217;INC\u00c0: &#8220;LA RISPOSTA DELL&#8217;EUROPA SEGNALE IMPORTANTE, IL LAVORO DEL GOVERNO PROSEGUE&#8221;<\/span><\/h3>\n<\/blockquote>\n<p class=\"p1\"><span class=\"s1\"><strong><a href=\"https:\/\/www.radiopiu.net\/wordpress\/giornale-radiopiu-13-febbraio-2021-direttore-mirko-mezzacasa\/dinca-5\/\" rel=\"attachment wp-att-190918\"><img loading=\"lazy\" decoding=\"async\" class=\"size-medium wp-image-190918 alignleft\" src=\"https:\/\/www.radiopiu.net\/wordpress\/wp-content\/uploads\/2021\/02\/dinca-300x300.jpg\" alt=\"\" width=\"300\" height=\"300\" srcset=\"https:\/\/www.radiopiu.net\/wordpress\/wp-content\/uploads\/2021\/02\/dinca-300x300.jpg 300w, https:\/\/www.radiopiu.net\/wordpress\/wp-content\/uploads\/2021\/02\/dinca-1024x1024.jpg 1024w, https:\/\/www.radiopiu.net\/wordpress\/wp-content\/uploads\/2021\/02\/dinca-150x150.jpg 150w, https:\/\/www.radiopiu.net\/wordpress\/wp-content\/uploads\/2021\/02\/dinca-768x767.jpg 768w, https:\/\/www.radiopiu.net\/wordpress\/wp-content\/uploads\/2021\/02\/dinca.jpg 1080w\" sizes=\"auto, (max-width: 300px) 100vw, 300px\" \/><\/a>ROMA <\/strong>&#8220;<em>Il parere favorevole della Commissione Europea sugli interventi statali a favore delle grandi aziende, comprese quelle in amministrazione straordinaria \u00e8 un segnale molto positivo per il futuro dell&#8217;Acc di Borgo Valbelluna. Il percorso sull&#8217;articolo 37 voluto dal Governo, all&#8217;interno del decreto Sostegni, trova cos\u00ec un esito favorevole in sede europea dopo essere stato gi\u00e0 valutato in modo positivo nei precedenti passaggi al Mise, Mef e alla Corte dei Conti. Adesso siamo in attesa del decreto ministeriale che regoler\u00e0 le modalit\u00e0 di erogazione del prestito tramite le domande che saranno presentate dalle aziende<\/em>&#8220;. <\/span><span class=\"s1\">Lo dichiara Federico D&#8217;Inc\u00e0, Ministro per i Rapporti con il Parlamento commentando la risposta della Commissione europea sul decreto attuativo dell&#8217;articolo 37 per sostenere le aziende in difficolt\u00e0. <\/span><span class=\"s2\">&#8220;<em>Come riferito in occasione dell&#8217;ultimo consiglio socio &#8211; istituzionale, ho chiesto un tavolo tecnico, possibilmente all&#8217;inizio di settembre, al Ministero dello Sviluppo economico in modo che i tecnici ministeriali possano confrontarsi con i sindacati sulla vicenda dello stabilimento di Borgo Valbelluna &#8211; prosegue D&#8217;Inc\u00e0, che aggiunge -: con la risposta positiva in sede europea ci sar\u00e0 un continuo raccordo tra il Ministero e l&#8217;amministratore straordinario Maurizio Castro: dobbiamo lavorare tutti in modo unito per raggiungere la salvezza del sito di Mel e per garantire piena occupazione ai dipendenti che in questi mesi hanno seguito con attenzione e sacrificio i diversi passaggi per la propria azienda. Un obiettivo che si potr\u00e0 raggiungere con un cammino compatto: il Governo ha sempre mantenuto alta la guardia su Acc e continuer\u00e0 a fare la propria parte<\/em>&#8220;.<\/span><\/p>\n<p>&nbsp;<\/p>\n<hr \/>\n<p>&nbsp;<\/p>\n<blockquote>\n<h3>LA STRADA PER IL CASTELLO DI ZUMELLE<\/h3>\n<\/blockquote>\n<p><strong><a href=\"https:\/\/www.radiopiu.net\/wordpress\/giornale-radiopiu-22-ottobre-2019-direttore-mirko-mezzacasa\/castello_di_zumelle\/\" rel=\"attachment wp-att-103307\"><img loading=\"lazy\" decoding=\"async\" class=\"wp-image-103307 alignleft\" src=\"https:\/\/www.radiopiu.net\/wordpress\/wp-content\/uploads\/2019\/10\/Castello_di_Zumelle-300x195.jpg\" alt=\"\" width=\"162\" height=\"105\" srcset=\"https:\/\/www.radiopiu.net\/wordpress\/wp-content\/uploads\/2019\/10\/Castello_di_Zumelle-300x195.jpg 300w, https:\/\/www.radiopiu.net\/wordpress\/wp-content\/uploads\/2019\/10\/Castello_di_Zumelle-768x499.jpg 768w, https:\/\/www.radiopiu.net\/wordpress\/wp-content\/uploads\/2019\/10\/Castello_di_Zumelle-1024x665.jpg 1024w, https:\/\/www.radiopiu.net\/wordpress\/wp-content\/uploads\/2019\/10\/Castello_di_Zumelle.jpg 1109w\" sizes=\"auto, (max-width: 162px) 100vw, 162px\" \/><\/a>BORGO VALBELLUNA<\/strong><\/p>\n<p><strong>di DAMIANO TORMEN\u00a0<\/strong><\/p>\n<audio class=\"wp-audio-shortcode\" id=\"audio-228045-2\" preload=\"none\" style=\"width: 100%;\" controls=\"controls\"><source type=\"audio\/mpeg\" src=\"https:\/\/www.radiopiu.net\/wordpress\/wp-content\/uploads\/2021\/08\/damiano-zumelle.mp3?_=2\" \/><a href=\"https:\/\/www.radiopiu.net\/wordpress\/wp-content\/uploads\/2021\/08\/damiano-zumelle.mp3\">https:\/\/www.radiopiu.net\/wordpress\/wp-content\/uploads\/2021\/08\/damiano-zumelle.mp3<\/a><\/audio>\n<p>&nbsp;<\/p>\n<p>&nbsp;<\/p>\n<hr \/>\n<p>&nbsp;<\/p>\n<blockquote class=\"wp-embedded-content\" data-secret=\"7QXD92IF9p\"><p><a href=\"https:\/\/www.radiopiu.net\/wordpress\/aggiornamentoago17\/\">CORONAVIRUS: AGGIORNAMENTO NAZIONALE 17 AGOSTO  2021<\/a><\/p><\/blockquote>\n<p><iframe loading=\"lazy\" class=\"wp-embedded-content\" sandbox=\"allow-scripts\" security=\"restricted\" style=\"position: absolute; clip: rect(1px, 1px, 1px, 1px);\" title=\"&#8220;CORONAVIRUS: AGGIORNAMENTO NAZIONALE 17 AGOSTO  2021&#8221; &#8212; Radio Pi\u00f9\" src=\"https:\/\/www.radiopiu.net\/wordpress\/aggiornamentoago17\/embed\/#?secret=7QXD92IF9p\" data-secret=\"7QXD92IF9p\" width=\"600\" height=\"338\" frameborder=\"0\" marginwidth=\"0\" marginheight=\"0\" scrolling=\"no\"><\/iframe><\/p>\n<p>&nbsp;<\/p>\n<blockquote class=\"wp-embedded-content\" data-secret=\"wiLszEnWUg\"><p><a href=\"https:\/\/www.radiopiu.net\/wordpress\/aumentano-i-ricoveri-in-veneto-tre-decessi-e-422-nuove-positivita-nelle-ultime-24-ore\/\">AUMENTANO I RICOVERI IN VENETO. TRE DECESSI E 422 NUOVE POSITIVITA&#8217; NELLE ULTIME 24 ORE<\/a><\/p><\/blockquote>\n<p><iframe loading=\"lazy\" class=\"wp-embedded-content\" sandbox=\"allow-scripts\" security=\"restricted\" style=\"position: absolute; clip: rect(1px, 1px, 1px, 1px);\" title=\"&#8220;AUMENTANO I RICOVERI IN VENETO. TRE DECESSI E 422 NUOVE POSITIVITA&#8217; NELLE ULTIME 24 ORE&#8221; &#8212; Radio Pi\u00f9\" src=\"https:\/\/www.radiopiu.net\/wordpress\/aumentano-i-ricoveri-in-veneto-tre-decessi-e-422-nuove-positivita-nelle-ultime-24-ore\/embed\/#?secret=wiLszEnWUg\" data-secret=\"wiLszEnWUg\" width=\"600\" height=\"338\" frameborder=\"0\" marginwidth=\"0\" marginheight=\"0\" scrolling=\"no\"><\/iframe><\/p>\n<p>&nbsp;<\/p>\n<h3>I GRAFICI DI TIZIANO DE COL<\/h3>\n\n\t\t\t<style type='text\/css'>\n\t\t\t\t#gallery-2 {\n\t\t\t\t\tmargin: auto;\n\t\t\t\t}\n\t\t\t\t#gallery-2 .gallery-item {\n\t\t\t\t\tfloat: left;\n\t\t\t\t\tmargin-top: 10px;\n\t\t\t\t\ttext-align: center;\n\t\t\t\t\twidth: 20%;\n\t\t\t\t}\n\t\t\t\t#gallery-2 img {\n\t\t\t\t\tborder: 2px solid #cfcfcf;\n\t\t\t\t}\n\t\t\t\t#gallery-2 .gallery-caption {\n\t\t\t\t\tmargin-left: 0;\n\t\t\t\t}\n\t\t\t\t\/* see gallery_shortcode() in wp-includes\/media.php *\/\n\t\t\t<\/style>\n\t\t<div id='gallery-2' class='dt-gallery-container gallery galleryid-228045 gallery-columns-5 gallery-size-medium'><dl class='gallery-item'>\n\t\t\t\t<dt class='gallery-icon landscape'>\n\t\t\t\t\t<a class=\"rollover rollover-zoom dt-pswp-item\" title=\"4591daa2-fc61-4491-9efb-857149865246\" data-dt-img-description=\"\" data-large_image_width=\"582\" data-large_image_height=\"349\"href='https:\/\/www.radiopiu.net\/wordpress\/wp-content\/uploads\/2021\/08\/4591daa2-fc61-4491-9efb-857149865246.jpg'><img loading=\"lazy\" decoding=\"async\" width=\"300\" height=\"180\" src=\"https:\/\/www.radiopiu.net\/wordpress\/wp-content\/uploads\/2021\/08\/4591daa2-fc61-4491-9efb-857149865246-300x180.jpg\" class=\"attachment-medium size-medium\" alt=\"\" srcset=\"https:\/\/www.radiopiu.net\/wordpress\/wp-content\/uploads\/2021\/08\/4591daa2-fc61-4491-9efb-857149865246-300x180.jpg 300w, https:\/\/www.radiopiu.net\/wordpress\/wp-content\/uploads\/2021\/08\/4591daa2-fc61-4491-9efb-857149865246.jpg 582w\" sizes=\"auto, (max-width: 300px) 100vw, 300px\" \/><\/a>\n\t\t\t\t<\/dt><\/dl><dl class='gallery-item'>\n\t\t\t\t<dt class='gallery-icon landscape'>\n\t\t\t\t\t<a class=\"rollover rollover-zoom dt-pswp-item\" title=\"b0f43b63-83dc-4f8f-8a40-98e915287f4b\" data-dt-img-description=\"\" data-large_image_width=\"614\" data-large_image_height=\"353\"href='https:\/\/www.radiopiu.net\/wordpress\/wp-content\/uploads\/2021\/08\/b0f43b63-83dc-4f8f-8a40-98e915287f4b.jpg'><img loading=\"lazy\" decoding=\"async\" width=\"300\" height=\"172\" src=\"https:\/\/www.radiopiu.net\/wordpress\/wp-content\/uploads\/2021\/08\/b0f43b63-83dc-4f8f-8a40-98e915287f4b-300x172.jpg\" class=\"attachment-medium size-medium\" alt=\"\" srcset=\"https:\/\/www.radiopiu.net\/wordpress\/wp-content\/uploads\/2021\/08\/b0f43b63-83dc-4f8f-8a40-98e915287f4b-300x172.jpg 300w, https:\/\/www.radiopiu.net\/wordpress\/wp-content\/uploads\/2021\/08\/b0f43b63-83dc-4f8f-8a40-98e915287f4b.jpg 614w\" sizes=\"auto, (max-width: 300px) 100vw, 300px\" \/><\/a>\n\t\t\t\t<\/dt><\/dl><dl class='gallery-item'>\n\t\t\t\t<dt class='gallery-icon landscape'>\n\t\t\t\t\t<a class=\"rollover rollover-zoom dt-pswp-item\" title=\"15d2038d-93b8-4a43-a6ce-cfd4214fa01b\" data-dt-img-description=\"\" data-large_image_width=\"608\" data-large_image_height=\"355\"href='https:\/\/www.radiopiu.net\/wordpress\/wp-content\/uploads\/2021\/08\/15d2038d-93b8-4a43-a6ce-cfd4214fa01b.jpg'><img loading=\"lazy\" decoding=\"async\" width=\"300\" height=\"175\" src=\"https:\/\/www.radiopiu.net\/wordpress\/wp-content\/uploads\/2021\/08\/15d2038d-93b8-4a43-a6ce-cfd4214fa01b-300x175.jpg\" class=\"attachment-medium size-medium\" alt=\"\" srcset=\"https:\/\/www.radiopiu.net\/wordpress\/wp-content\/uploads\/2021\/08\/15d2038d-93b8-4a43-a6ce-cfd4214fa01b-300x175.jpg 300w, https:\/\/www.radiopiu.net\/wordpress\/wp-content\/uploads\/2021\/08\/15d2038d-93b8-4a43-a6ce-cfd4214fa01b.jpg 608w\" sizes=\"auto, (max-width: 300px) 100vw, 300px\" \/><\/a>\n\t\t\t\t<\/dt><\/dl><dl class='gallery-item'>\n\t\t\t\t<dt class='gallery-icon landscape'>\n\t\t\t\t\t<a class=\"rollover rollover-zoom dt-pswp-item\" title=\"29dffc09-5b35-421f-b95d-9c9465b4336d\" data-dt-img-description=\"\" data-large_image_width=\"602\" data-large_image_height=\"362\"href='https:\/\/www.radiopiu.net\/wordpress\/wp-content\/uploads\/2021\/08\/29dffc09-5b35-421f-b95d-9c9465b4336d.jpg'><img loading=\"lazy\" decoding=\"async\" width=\"300\" height=\"180\" src=\"https:\/\/www.radiopiu.net\/wordpress\/wp-content\/uploads\/2021\/08\/29dffc09-5b35-421f-b95d-9c9465b4336d-300x180.jpg\" class=\"attachment-medium size-medium\" alt=\"\" srcset=\"https:\/\/www.radiopiu.net\/wordpress\/wp-content\/uploads\/2021\/08\/29dffc09-5b35-421f-b95d-9c9465b4336d-300x180.jpg 300w, https:\/\/www.radiopiu.net\/wordpress\/wp-content\/uploads\/2021\/08\/29dffc09-5b35-421f-b95d-9c9465b4336d.jpg 602w\" sizes=\"auto, (max-width: 300px) 100vw, 300px\" \/><\/a>\n\t\t\t\t<\/dt><\/dl><dl class='gallery-item'>\n\t\t\t\t<dt class='gallery-icon landscape'>\n\t\t\t\t\t<a class=\"rollover rollover-zoom dt-pswp-item\" title=\"fd2536fe-af90-4303-8eb9-82b417fe6608\" data-dt-img-description=\"\" data-large_image_width=\"598\" data-large_image_height=\"344\"href='https:\/\/www.radiopiu.net\/wordpress\/wp-content\/uploads\/2021\/08\/fd2536fe-af90-4303-8eb9-82b417fe6608.jpg'><img loading=\"lazy\" decoding=\"async\" width=\"300\" height=\"173\" src=\"https:\/\/www.radiopiu.net\/wordpress\/wp-content\/uploads\/2021\/08\/fd2536fe-af90-4303-8eb9-82b417fe6608-300x173.jpg\" class=\"attachment-medium size-medium\" alt=\"\" srcset=\"https:\/\/www.radiopiu.net\/wordpress\/wp-content\/uploads\/2021\/08\/fd2536fe-af90-4303-8eb9-82b417fe6608-300x173.jpg 300w, https:\/\/www.radiopiu.net\/wordpress\/wp-content\/uploads\/2021\/08\/fd2536fe-af90-4303-8eb9-82b417fe6608.jpg 598w\" sizes=\"auto, (max-width: 300px) 100vw, 300px\" \/><\/a>\n\t\t\t\t<\/dt><\/dl><br style=\"clear: both\" \/>\n\t\t\t<\/div>\n\n<p>&nbsp;<\/p>\n<hr \/>\n<p>&nbsp;<\/p>\n<blockquote>\n<h3>LA CAMPAGNA VACCINALE IN PROVINCIA DI BELLUNO<\/h3>\n<\/blockquote>\n<p><strong>BELLUNO <\/strong>Ad oggi, le dosi somministrate in Ulss Dolomiti sono circa 250 mila. Il 75,4% ( pari a 137.471 persone ) della popolazione vaccinabile in Ulss Dolomiti, ha eseguito almeno una dose di vaccino anti covid. Il 66,8% della popolazione vaccinabile ha ricevuto il ciclo completo di vaccinazione (media regionale 64,3%). Le persone gi\u00e0 prenotate per la vaccianzione sono circa 1.100<\/p>\n<p>&nbsp;<\/p>\n<p>&nbsp;<\/p>\n<hr \/>\n<p>&nbsp;<\/p>\n<blockquote>\n<h3>CHIRURGIA VASCOLARE DELL\u2019ULSS DOLOMITI: GI\u00c0 ESEGUITI 4 INTERVENTI PER ANEURISMA DELL&#8217;AORTA ADDOMINALE<\/h3>\n<\/blockquote>\n<p><strong><a href=\"https:\/\/www.radiopiu.net\/wordpress\/chirurgia-vascolare-dellulss-dolomiti-gia-eseguiti-4-interventi-per-aneurisma-dellaorta-addominale\/collaboratori-intervento-di-ch-vascolare-in-sala-op-a-bl\/\" rel=\"attachment wp-att-228179\"><img loading=\"lazy\" decoding=\"async\" class=\"size-medium wp-image-228179 alignleft\" src=\"https:\/\/www.radiopiu.net\/wordpress\/wp-content\/uploads\/2021\/08\/collaboratori-intervento-di-ch-vascolare-in-sala-op-a-BL-300x225.jpg\" alt=\"\" width=\"300\" height=\"225\" srcset=\"https:\/\/www.radiopiu.net\/wordpress\/wp-content\/uploads\/2021\/08\/collaboratori-intervento-di-ch-vascolare-in-sala-op-a-BL-300x225.jpg 300w, https:\/\/www.radiopiu.net\/wordpress\/wp-content\/uploads\/2021\/08\/collaboratori-intervento-di-ch-vascolare-in-sala-op-a-BL.jpg 640w\" sizes=\"auto, (max-width: 300px) 100vw, 300px\" \/><\/a>BELLUNO <\/strong>E\u2019 partita, all\u2019ospedale di Belluno, la chirurgia vascolare, alta specialit\u00e0 prima non presente in provincia. In due settimane, la neonata Chirurgia Vascolare dell\u2019Ulss Dolomiti ha portato a termine con successo, tra il resto degli interventi, 4 interventi per aneurisma dell&#8217;aorta addominale con endoprotesi aortica (EVAR), una tecnica percutanea miniinvasiva che rappresenta una novit\u00e0 per il nostro territorio. Attraverso questa procedura, l\u2019aneurisma dell\u2019aorta viene trattato attraverso un accesso percutaneo a livello del femore e, tramite dei cateteri, vengono inseriti in aorta dei rinforzi. \u00ab<em>Questa tecnica mininvasiva consente di poter curare anche pazienti ad alto rischio, con comorbilit\u00e0<\/em>\u00bb spiega il direttore della Chirurgia Vascolare Alessandro Irsara, \u00ab<em>i vantaggi per i pazienti sono numerosi: non hanno dolore, si riducono le possibilit\u00e0 di complicanze e la ripresa \u00e8 pi\u00f9 rapida. Si evita al paziente il ricovero in Terapia Intensiva. La dimissione e il ritorno alla quotidianit\u00e0 avvongono a pochi giorni dall\u2019intervento anche per i pazienti pi\u00f9 fragili, in pi\u00f9, si riducono i rischi collegati alle ferite<\/em>\u00bb. L&#8217;esecuzione di tale metodica prevede l&#8217;utilizzo di apparecchiature complesse di ultima generazione ed uno sforzo organizzativo non indifferente.<a href=\"https:\/\/www.radiopiu.net\/wordpress\/chirurgia-vascolare-dellulss-dolomiti-gia-eseguiti-4-interventi-per-aneurisma-dellaorta-addominale\/dr-irsara\/\" rel=\"attachment wp-att-228180\"><img loading=\"lazy\" decoding=\"async\" class=\" wp-image-228180 alignright\" src=\"https:\/\/www.radiopiu.net\/wordpress\/wp-content\/uploads\/2021\/08\/dr-Irsara-300x225.jpg\" alt=\"\" width=\"280\" height=\"210\" srcset=\"https:\/\/www.radiopiu.net\/wordpress\/wp-content\/uploads\/2021\/08\/dr-Irsara-300x225.jpg 300w, https:\/\/www.radiopiu.net\/wordpress\/wp-content\/uploads\/2021\/08\/dr-Irsara-rotated.jpg 640w\" sizes=\"auto, (max-width: 280px) 100vw, 280px\" \/><\/a> La chirurgia vascolare \u00e8 attiva in Ulss Dolomiti dallo scorso marzo: il primo periodo \u00e8 stato dedicato all\u2019organizzazione degli spazi, all\u2019acquisto dei materiali e delle strumentazioni specifiche e alla formazione dell\u2019equipe. \u00ab<em>Siamo partiti da zero e con la collaborazione di tutti in questi ultimi mesi sono state acquisite le strumentazioni, i materiali, l&#8217;organizzazione della sala operatoria e una prima formazione del personale. E&#8217; un ottimo inizio di un percorso che ci porter\u00e0 alla realizzazione di un&#8217;attivit\u00e0 di chirurgia vascolare di alto livello. Abbiamo il vantaggio di avere un\u2019\u00e8quipe multidisciplinare (con chirurghi vascolari e angiologi) che si fa carico del paziente a tutto tondo, dalla diagnosi, alla parte internistica di gestione farmacologica, al trattamento chirugico, anche con tecniche mininvasive, al follow up<\/em>\u00bb conclude Irsara.<\/p>\n<p>&nbsp;<\/p>\n<p>&nbsp;<\/p>\n<hr \/>\n<p>&nbsp;<\/p>\n<blockquote>\n<h3>IL MALTEMPO NON HA RISPARMIATO IL NEVEGAL<\/h3>\n<\/blockquote>\n<p><strong>BELLUNO<\/strong> Il maltempo delle ultime ore non ha risparmiato il Nevegal dove si \u00e8 abbattuto con intensit\u00e0 un temporale che ha creato non pochi problemi alla viabilit\u00e0.<\/p>\n<p><strong>BIAGIO GIANNONE, ASSESSORE\u00a0 ALLE MANUTENZIONI E LAVORI PUBBLICI DI BELLUNO<\/strong><\/p>\n<audio class=\"wp-audio-shortcode\" id=\"audio-228045-3\" preload=\"none\" style=\"width: 100%;\" controls=\"controls\"><source type=\"audio\/mpeg\" src=\"https:\/\/www.radiopiu.net\/wordpress\/wp-content\/uploads\/2021\/08\/BIAGIO-GIANNONE-MALTEMPO-NEVEGAL.mp3?_=3\" \/><a href=\"https:\/\/www.radiopiu.net\/wordpress\/wp-content\/uploads\/2021\/08\/BIAGIO-GIANNONE-MALTEMPO-NEVEGAL.mp3\">https:\/\/www.radiopiu.net\/wordpress\/wp-content\/uploads\/2021\/08\/BIAGIO-GIANNONE-MALTEMPO-NEVEGAL.mp3<\/a><\/audio>\n<p>&nbsp;<\/p>\n\n\t\t\t<style type='text\/css'>\n\t\t\t\t#gallery-3 {\n\t\t\t\t\tmargin: auto;\n\t\t\t\t}\n\t\t\t\t#gallery-3 .gallery-item {\n\t\t\t\t\tfloat: left;\n\t\t\t\t\tmargin-top: 10px;\n\t\t\t\t\ttext-align: center;\n\t\t\t\t\twidth: 25%;\n\t\t\t\t}\n\t\t\t\t#gallery-3 img {\n\t\t\t\t\tborder: 2px solid #cfcfcf;\n\t\t\t\t}\n\t\t\t\t#gallery-3 .gallery-caption {\n\t\t\t\t\tmargin-left: 0;\n\t\t\t\t}\n\t\t\t\t\/* see gallery_shortcode() in wp-includes\/media.php *\/\n\t\t\t<\/style>\n\t\t<div id='gallery-3' class='dt-gallery-container gallery galleryid-228045 gallery-columns-4 gallery-size-thumbnail'><dl class='gallery-item'>\n\t\t\t\t<dt class='gallery-icon portrait'>\n\t\t\t\t\t<a class=\"rollover rollover-zoom dt-pswp-item\" title=\"8c3811ad-c9ad-4293-9729-a9fa61eccc8d\" data-dt-img-description=\"\" data-large_image_width=\"1200\" data-large_image_height=\"1599\"href='https:\/\/www.radiopiu.net\/wordpress\/wp-content\/uploads\/2021\/08\/8c3811ad-c9ad-4293-9729-a9fa61eccc8d.jpg'><img loading=\"lazy\" decoding=\"async\" width=\"150\" height=\"150\" src=\"https:\/\/www.radiopiu.net\/wordpress\/wp-content\/uploads\/2021\/08\/8c3811ad-c9ad-4293-9729-a9fa61eccc8d-150x150.jpg\" class=\"attachment-thumbnail size-thumbnail\" alt=\"\" \/><\/a>\n\t\t\t\t<\/dt><\/dl><dl class='gallery-item'>\n\t\t\t\t<dt class='gallery-icon portrait'>\n\t\t\t\t\t<a class=\"rollover rollover-zoom dt-pswp-item\" title=\"ffd39c15-e3f3-429d-a82a-cdc105984056\" data-dt-img-description=\"\" data-large_image_width=\"1200\" data-large_image_height=\"1599\"href='https:\/\/www.radiopiu.net\/wordpress\/wp-content\/uploads\/2021\/08\/ffd39c15-e3f3-429d-a82a-cdc105984056.jpg'><img loading=\"lazy\" decoding=\"async\" width=\"150\" height=\"150\" src=\"https:\/\/www.radiopiu.net\/wordpress\/wp-content\/uploads\/2021\/08\/ffd39c15-e3f3-429d-a82a-cdc105984056-150x150.jpg\" class=\"attachment-thumbnail size-thumbnail\" alt=\"\" \/><\/a>\n\t\t\t\t<\/dt><\/dl><dl class='gallery-item'>\n\t\t\t\t<dt class='gallery-icon portrait'>\n\t\t\t\t\t<a class=\"rollover rollover-zoom dt-pswp-item\" title=\"965fc785-0d63-495d-bd78-0479471fdf54\" data-dt-img-description=\"\" data-large_image_width=\"1200\" data-large_image_height=\"1599\"href='https:\/\/www.radiopiu.net\/wordpress\/wp-content\/uploads\/2021\/08\/965fc785-0d63-495d-bd78-0479471fdf54.jpg'><img loading=\"lazy\" decoding=\"async\" width=\"150\" height=\"150\" src=\"https:\/\/www.radiopiu.net\/wordpress\/wp-content\/uploads\/2021\/08\/965fc785-0d63-495d-bd78-0479471fdf54-150x150.jpg\" class=\"attachment-thumbnail size-thumbnail\" alt=\"\" \/><\/a>\n\t\t\t\t<\/dt><\/dl><dl class='gallery-item'>\n\t\t\t\t<dt class='gallery-icon portrait'>\n\t\t\t\t\t<a class=\"rollover rollover-zoom dt-pswp-item\" title=\"232d1084-a6a3-4652-885c-ff4acace4170\" data-dt-img-description=\"\" data-large_image_width=\"1200\" data-large_image_height=\"1599\"href='https:\/\/www.radiopiu.net\/wordpress\/wp-content\/uploads\/2021\/08\/232d1084-a6a3-4652-885c-ff4acace4170.jpg'><img loading=\"lazy\" decoding=\"async\" width=\"150\" height=\"150\" src=\"https:\/\/www.radiopiu.net\/wordpress\/wp-content\/uploads\/2021\/08\/232d1084-a6a3-4652-885c-ff4acace4170-150x150.jpg\" class=\"attachment-thumbnail size-thumbnail\" alt=\"\" \/><\/a>\n\t\t\t\t<\/dt><\/dl><br style=\"clear: both\" \/><dl class='gallery-item'>\n\t\t\t\t<dt class='gallery-icon portrait'>\n\t\t\t\t\t<a class=\"rollover rollover-zoom dt-pswp-item\" title=\"b5d06c4f-12ee-4c94-9dd8-eaeb28f8b7ec\" data-dt-img-description=\"\" data-large_image_width=\"900\" data-large_image_height=\"1600\"href='https:\/\/www.radiopiu.net\/wordpress\/wp-content\/uploads\/2021\/08\/b5d06c4f-12ee-4c94-9dd8-eaeb28f8b7ec.jpg'><img loading=\"lazy\" decoding=\"async\" width=\"150\" height=\"150\" src=\"https:\/\/www.radiopiu.net\/wordpress\/wp-content\/uploads\/2021\/08\/b5d06c4f-12ee-4c94-9dd8-eaeb28f8b7ec-150x150.jpg\" class=\"attachment-thumbnail size-thumbnail\" alt=\"\" \/><\/a>\n\t\t\t\t<\/dt><\/dl><dl class='gallery-item'>\n\t\t\t\t<dt class='gallery-icon landscape'>\n\t\t\t\t\t<a class=\"rollover rollover-zoom dt-pswp-item\" title=\"a6e3dcb6-3359-4dd7-9621-4045ada0841d\" data-dt-img-description=\"\" data-large_image_width=\"1600\" data-large_image_height=\"1200\"href='https:\/\/www.radiopiu.net\/wordpress\/wp-content\/uploads\/2021\/08\/a6e3dcb6-3359-4dd7-9621-4045ada0841d.jpg'><img loading=\"lazy\" decoding=\"async\" width=\"150\" height=\"150\" src=\"https:\/\/www.radiopiu.net\/wordpress\/wp-content\/uploads\/2021\/08\/a6e3dcb6-3359-4dd7-9621-4045ada0841d-150x150.jpg\" class=\"attachment-thumbnail size-thumbnail\" alt=\"\" \/><\/a>\n\t\t\t\t<\/dt><\/dl><dl class='gallery-item'>\n\t\t\t\t<dt class='gallery-icon landscape'>\n\t\t\t\t\t<a class=\"rollover rollover-zoom dt-pswp-item\" title=\"06adb4ad-4afe-4214-9918-e632c7d38cad\" data-dt-img-description=\"\" data-large_image_width=\"1600\" data-large_image_height=\"1200\"href='https:\/\/www.radiopiu.net\/wordpress\/wp-content\/uploads\/2021\/08\/06adb4ad-4afe-4214-9918-e632c7d38cad.jpg'><img loading=\"lazy\" decoding=\"async\" width=\"150\" height=\"150\" src=\"https:\/\/www.radiopiu.net\/wordpress\/wp-content\/uploads\/2021\/08\/06adb4ad-4afe-4214-9918-e632c7d38cad-150x150.jpg\" class=\"attachment-thumbnail size-thumbnail\" alt=\"\" \/><\/a>\n\t\t\t\t<\/dt><\/dl><dl class='gallery-item'>\n\t\t\t\t<dt class='gallery-icon landscape'>\n\t\t\t\t\t<a class=\"rollover rollover-zoom dt-pswp-item\" title=\"b2bddeb0-c957-4fa9-8e16-0f65059541d5\" data-dt-img-description=\"\" data-large_image_width=\"1600\" data-large_image_height=\"1200\"href='https:\/\/www.radiopiu.net\/wordpress\/wp-content\/uploads\/2021\/08\/b2bddeb0-c957-4fa9-8e16-0f65059541d5.jpg'><img loading=\"lazy\" decoding=\"async\" width=\"150\" height=\"150\" src=\"https:\/\/www.radiopiu.net\/wordpress\/wp-content\/uploads\/2021\/08\/b2bddeb0-c957-4fa9-8e16-0f65059541d5-150x150.jpg\" class=\"attachment-thumbnail size-thumbnail\" alt=\"\" \/><\/a>\n\t\t\t\t<\/dt><\/dl><br style=\"clear: both\" \/><dl class='gallery-item'>\n\t\t\t\t<dt class='gallery-icon portrait'>\n\t\t\t\t\t<a class=\"rollover rollover-zoom dt-pswp-item\" title=\"54d5a6c0-46b0-45ad-bd3f-d769d2724add\" data-dt-img-description=\"\" data-large_image_width=\"900\" data-large_image_height=\"1600\"href='https:\/\/www.radiopiu.net\/wordpress\/wp-content\/uploads\/2021\/08\/54d5a6c0-46b0-45ad-bd3f-d769d2724add.jpg'><img loading=\"lazy\" decoding=\"async\" width=\"150\" height=\"150\" src=\"https:\/\/www.radiopiu.net\/wordpress\/wp-content\/uploads\/2021\/08\/54d5a6c0-46b0-45ad-bd3f-d769d2724add-150x150.jpg\" class=\"attachment-thumbnail size-thumbnail\" alt=\"\" \/><\/a>\n\t\t\t\t<\/dt><\/dl><dl class='gallery-item'>\n\t\t\t\t<dt class='gallery-icon landscape'>\n\t\t\t\t\t<a class=\"rollover rollover-zoom dt-pswp-item\" title=\"205fc7f1-bef0-4c75-bf67-be96f8be2eb2\" data-dt-img-description=\"\" data-large_image_width=\"1600\" data-large_image_height=\"1200\"href='https:\/\/www.radiopiu.net\/wordpress\/wp-content\/uploads\/2021\/08\/205fc7f1-bef0-4c75-bf67-be96f8be2eb2.jpg'><img loading=\"lazy\" decoding=\"async\" width=\"150\" height=\"150\" src=\"https:\/\/www.radiopiu.net\/wordpress\/wp-content\/uploads\/2021\/08\/205fc7f1-bef0-4c75-bf67-be96f8be2eb2-150x150.jpg\" class=\"attachment-thumbnail size-thumbnail\" alt=\"\" \/><\/a>\n\t\t\t\t<\/dt><\/dl><dl class='gallery-item'>\n\t\t\t\t<dt class='gallery-icon landscape'>\n\t\t\t\t\t<a class=\"rollover rollover-zoom dt-pswp-item\" title=\"20aa417d-c92a-4709-8193-61f92ba98d99\" data-dt-img-description=\"\" data-large_image_width=\"1600\" data-large_image_height=\"1200\"href='https:\/\/www.radiopiu.net\/wordpress\/wp-content\/uploads\/2021\/08\/20aa417d-c92a-4709-8193-61f92ba98d99.jpg'><img loading=\"lazy\" decoding=\"async\" width=\"150\" height=\"150\" src=\"https:\/\/www.radiopiu.net\/wordpress\/wp-content\/uploads\/2021\/08\/20aa417d-c92a-4709-8193-61f92ba98d99-150x150.jpg\" class=\"attachment-thumbnail size-thumbnail\" alt=\"\" \/><\/a>\n\t\t\t\t<\/dt><\/dl><dl class='gallery-item'>\n\t\t\t\t<dt class='gallery-icon portrait'>\n\t\t\t\t\t<a class=\"rollover rollover-zoom dt-pswp-item\" title=\"136e4690-793b-4541-8c1b-93c2dfeb689b\" data-dt-img-description=\"\" data-large_image_width=\"900\" data-large_image_height=\"1600\"href='https:\/\/www.radiopiu.net\/wordpress\/wp-content\/uploads\/2021\/08\/136e4690-793b-4541-8c1b-93c2dfeb689b.jpg'><img loading=\"lazy\" decoding=\"async\" width=\"150\" height=\"150\" src=\"https:\/\/www.radiopiu.net\/wordpress\/wp-content\/uploads\/2021\/08\/136e4690-793b-4541-8c1b-93c2dfeb689b-150x150.jpg\" class=\"attachment-thumbnail size-thumbnail\" alt=\"\" \/><\/a>\n\t\t\t\t<\/dt><\/dl><br style=\"clear: both\" \/>\n\t\t\t<\/div>\n\n<p>&nbsp;<\/p>\n<hr \/>\n<p>&nbsp;<\/p>\n<blockquote>\n<h3>ANCORA DANNI DA MALTEMPO IN VIA PIANDELMONTE. BELLUNO ALPINA: \u201cORA FATE ARRIVARE RISORSE\u201d<\/h3>\n<\/blockquote>\n<p><strong>BELLUNO <\/strong>Nuova bomba d&#8217;acqua e nuovi disagi nelle terre alte: questa volta nuovi danni in Via Piandelmonte, dove pioggia, vento e grandine hanno eroso il fondo stradale e isolato temporaneamente un paio di abitazioni. Gi\u00e0 in mattinata gli operai del comune di Belluno sono intervenuti per sistemare il danno e l&#8217;associazione Belluno Alpina torna a denunciare l&#8217;assenza di fondi destinati alla viabilit\u00e0 \u201cminore\u201d della montagna: \u201c<em>Non servono grandi progetti o idee particolari, servono risorse che consentono di fare la manutenzione delle reti stradali principali, secondarie e sentieristiche per garantire i collegamenti tra le frazioni alte. Oltre a Via Piandelmonte, anche la strada per Valdart \u00e8 pesantemente danneggiata dall&#8217;acqua<\/em>\u201d, sottolinea il presidente Gimmy Dal Farra. \u201c<em>L&#8217;esempio \u00e8 quanto successo questa notte: i tecnici comunali che ringraziamo sono intervenuti velocemente e hanno risolto il problema, questo vuol dire che il personale sa dove e come lavorare. Tocca al governo e ai\u00a0 nostri parlamentari dare agli enti come la regione, la provincia e i comuni quei soldi necessari per risolvere in maniera definitiva queste questioni: senza fondi, ad ogni pioggia avremo strade e sentieri portati via dall&#8217;acqua, e con questi temporali sempre pi\u00f9 forti sar\u00e0 sempre pi\u00f9 difficile riuscire a farli tornare come prima. Serve cura per il territorio, per ripulire corsi d&#8217;acqua e tombotti o per pulire i prati: servono non progetti, ma risorse subito, da destinare agli enti e a chi vive e conosce il territorio e quindi lo pu\u00f2 curare direttamente, come residenti, agricoltori, allevatori e semplici hobbisti<\/em>\u201d.<\/p>\n\n\t\t\t<style type='text\/css'>\n\t\t\t\t#gallery-4 {\n\t\t\t\t\tmargin: auto;\n\t\t\t\t}\n\t\t\t\t#gallery-4 .gallery-item {\n\t\t\t\t\tfloat: left;\n\t\t\t\t\tmargin-top: 10px;\n\t\t\t\t\ttext-align: center;\n\t\t\t\t\twidth: 50%;\n\t\t\t\t}\n\t\t\t\t#gallery-4 img {\n\t\t\t\t\tborder: 2px solid #cfcfcf;\n\t\t\t\t}\n\t\t\t\t#gallery-4 .gallery-caption {\n\t\t\t\t\tmargin-left: 0;\n\t\t\t\t}\n\t\t\t\t\/* see gallery_shortcode() in wp-includes\/media.php *\/\n\t\t\t<\/style>\n\t\t<div id='gallery-4' class='dt-gallery-container gallery galleryid-228045 gallery-columns-2 gallery-size-medium'><dl class='gallery-item'>\n\t\t\t\t<dt class='gallery-icon portrait'>\n\t\t\t\t\t<a class=\"rollover rollover-zoom dt-pswp-item\" title=\"WhatsApp Image 2021-08-17 at 11.14.45\" data-dt-img-description=\"\" data-large_image_width=\"1536\" data-large_image_height=\"2048\"href='https:\/\/www.radiopiu.net\/wordpress\/wp-content\/uploads\/2021\/08\/WhatsApp-Image-2021-08-17-at-11.14.45.jpeg'><img loading=\"lazy\" decoding=\"async\" width=\"225\" height=\"300\" src=\"https:\/\/www.radiopiu.net\/wordpress\/wp-content\/uploads\/2021\/08\/WhatsApp-Image-2021-08-17-at-11.14.45-225x300.jpeg\" class=\"attachment-medium size-medium\" alt=\"\" srcset=\"https:\/\/www.radiopiu.net\/wordpress\/wp-content\/uploads\/2021\/08\/WhatsApp-Image-2021-08-17-at-11.14.45-225x300.jpeg 225w, https:\/\/www.radiopiu.net\/wordpress\/wp-content\/uploads\/2021\/08\/WhatsApp-Image-2021-08-17-at-11.14.45-768x1024.jpeg 768w, https:\/\/www.radiopiu.net\/wordpress\/wp-content\/uploads\/2021\/08\/WhatsApp-Image-2021-08-17-at-11.14.45-1152x1536.jpeg 1152w, https:\/\/www.radiopiu.net\/wordpress\/wp-content\/uploads\/2021\/08\/WhatsApp-Image-2021-08-17-at-11.14.45.jpeg 1536w\" sizes=\"auto, (max-width: 225px) 100vw, 225px\" \/><\/a>\n\t\t\t\t<\/dt><\/dl><dl class='gallery-item'>\n\t\t\t\t<dt class='gallery-icon landscape'>\n\t\t\t\t\t<a class=\"rollover rollover-zoom dt-pswp-item\" title=\"WhatsApp Image 2021-08-17 at 11.14.44\" data-dt-img-description=\"\" data-large_image_width=\"1600\" data-large_image_height=\"1200\"href='https:\/\/www.radiopiu.net\/wordpress\/wp-content\/uploads\/2021\/08\/WhatsApp-Image-2021-08-17-at-11.14.44.jpeg'><img loading=\"lazy\" decoding=\"async\" width=\"300\" height=\"225\" src=\"https:\/\/www.radiopiu.net\/wordpress\/wp-content\/uploads\/2021\/08\/WhatsApp-Image-2021-08-17-at-11.14.44-300x225.jpeg\" class=\"attachment-medium size-medium\" alt=\"\" srcset=\"https:\/\/www.radiopiu.net\/wordpress\/wp-content\/uploads\/2021\/08\/WhatsApp-Image-2021-08-17-at-11.14.44-300x225.jpeg 300w, https:\/\/www.radiopiu.net\/wordpress\/wp-content\/uploads\/2021\/08\/WhatsApp-Image-2021-08-17-at-11.14.44-1024x768.jpeg 1024w, https:\/\/www.radiopiu.net\/wordpress\/wp-content\/uploads\/2021\/08\/WhatsApp-Image-2021-08-17-at-11.14.44-768x576.jpeg 768w, https:\/\/www.radiopiu.net\/wordpress\/wp-content\/uploads\/2021\/08\/WhatsApp-Image-2021-08-17-at-11.14.44-1536x1152.jpeg 1536w, https:\/\/www.radiopiu.net\/wordpress\/wp-content\/uploads\/2021\/08\/WhatsApp-Image-2021-08-17-at-11.14.44.jpeg 1600w\" sizes=\"auto, (max-width: 300px) 100vw, 300px\" \/><\/a>\n\t\t\t\t<\/dt><\/dl><br style=\"clear: both\" \/>\n\t\t\t<\/div>\n\n<p>&nbsp;<\/p>\n<hr \/>\n<p>&nbsp;<\/p>\n<blockquote>\n<h3 class=\"p1\"><span class=\"s1\">AL VIA LE PRIME EROGAZIONI DELLE RISORSE DEL FONDO WELFARE DEDICATE ALLA PANDEMIA<\/span><\/h3>\n<\/blockquote>\n<p class=\"p1\"><span class=\"s1\"><strong><a href=\"https:\/\/www.radiopiu.net\/wordpress\/presentati-i-nuovi-assessoride-biasi-al-personale-demilia-al-turismo\/francesca-de-biasi-3\/\" rel=\"attachment wp-att-88925\"><img loading=\"lazy\" decoding=\"async\" class=\"size-medium wp-image-88925 alignleft\" src=\"https:\/\/www.radiopiu.net\/wordpress\/wp-content\/uploads\/2019\/06\/Francesca-De-Biasi-200x300.jpg\" alt=\"\" width=\"200\" height=\"300\" srcset=\"https:\/\/www.radiopiu.net\/wordpress\/wp-content\/uploads\/2019\/06\/Francesca-De-Biasi-200x300.jpg 200w, https:\/\/www.radiopiu.net\/wordpress\/wp-content\/uploads\/2019\/06\/Francesca-De-Biasi-768x1152.jpg 768w, https:\/\/www.radiopiu.net\/wordpress\/wp-content\/uploads\/2019\/06\/Francesca-De-Biasi-683x1024.jpg 683w\" sizes=\"auto, (max-width: 200px) 100vw, 200px\" \/><\/a>BELLUNO<\/strong> Si \u00e8 chiuso nei giorni scorsi il primo bando di presentazione delle domande di #aiutiamociBelluno, iniziativa del Fondo Welfare e Identit\u00e0 Territoriale, in collaborazione con il Comitato d\u2019Intesa, relativo all\u2019ambito di Belluno. Nel frattempo, si \u00e8 aperto anche un secondo bando, relativo all\u2019ambito di Feltre. Il progetto era cominciato nei mesi scorsi, con la raccolta di fondi per le emergenze sociali derivanti dalla pandemia. \u00ab<em>Grazie alla generosit\u00e0 dei bellunesi abbiamo raccolto 44mila euro &#8211; spiega la presidente del Fondo Welfare, Francesca De Biasi -. Una cifra importante che servir\u00e0 a sostenere lavoratori e famiglie colpiti dal Covid. Per molti, infatti, oltre al virus la pandemia ha significato un drastico calo del reddito, con rischio di marginalizzazione economica e sociale.<\/em><\/span><span class=\"s1\">\u00a0<\/span><\/p>\n<p>&nbsp;<\/p>\n<p>&nbsp;<\/p>\n<p>&nbsp;<\/p>\n<p>&nbsp;<\/p>\n<p>&nbsp;<\/p>\n<p>&nbsp;<\/p>\n<hr \/>\n<p>&nbsp;<\/p>\n<blockquote>\n<h3 class=\"p1\">OSTACOLI AL VOLO, A 12 ANNI DALLA TRAGEDIA DI RIO GERE \u00c8 GIUNTO IL MOMENTO DI COMPIERE UNO SCATTO DECISIVO. SCOPEL: \u201cISTITUZIONI UNITE A TUTTI I LIVELLI PER DOTARE GLI ELICOTTERI DELLE TECNOLOGIE D\u2019AVANGUARDIA PER LA SICUREZZA!\u201d<\/h3>\n<\/blockquote>\n<p class=\"p1\"><strong><a href=\"https:\/\/www.radiopiu.net\/wordpress\/belluno-la-citta-del-nulla-di-fatto-da-tiziano-alla-pallavolo\/972ec435-fa04-49e8-bf1e-048263cab367\/\" rel=\"attachment wp-att-226219\"><img loading=\"lazy\" decoding=\"async\" class=\"size-medium wp-image-226219 alignleft\" src=\"https:\/\/www.radiopiu.net\/wordpress\/wp-content\/uploads\/2021\/08\/972ec435-fa04-49e8-bf1e-048263cab367-300x200.jpg\" alt=\"\" width=\"300\" height=\"200\" srcset=\"https:\/\/www.radiopiu.net\/wordpress\/wp-content\/uploads\/2021\/08\/972ec435-fa04-49e8-bf1e-048263cab367-300x200.jpg 300w, https:\/\/www.radiopiu.net\/wordpress\/wp-content\/uploads\/2021\/08\/972ec435-fa04-49e8-bf1e-048263cab367-768x513.jpg 768w, https:\/\/www.radiopiu.net\/wordpress\/wp-content\/uploads\/2021\/08\/972ec435-fa04-49e8-bf1e-048263cab367.jpg 1024w\" sizes=\"auto, (max-width: 300px) 100vw, 300px\" \/><\/a>BELLUNO <\/strong>Mentre si approssima il dodicesimo anniversario della tragedia di Rio Gere, a Cortina, che &#8211; come tutti ricordiamo &#8211; cost\u00f2 la vita a quattro soccorritori bellunesi, torna prepotentemente d\u2019attualit\u00e0 il dibattito sui sistemi per migliorare la sicurezza del volo, con particolare riferimento proprio agli equipaggi di soccorso, ma non solo. Un tema tutt\u2019altro che marginale per la montagna bellunese, per la sua fruizione alpinistica e turistica e soprattutto per la necessit\u00e0 di garantire a chi opera in volo, talvolta anche in situazioni meteorologiche precarie, i massimi standard di sicurezza possibili, tenendo conto che soltanto a servizio dei rifugi alpini si stimano presenti sulle nostre cime circa 50 chilometri di teleferiche; senza contare, naturalmente, gli impianti a fune e le linee elettriche. E\u2019 di questi giorni la notizia che si sta sperimentando con successo una particolare vernice catarifrangente che potrebbe andare ad aggiungersi (o a sostituirsi) ai cartellini di segnalazione dei cavi, ma non basta. \u201c<em>Dobbiamo fare assolutamente uno scatto in avanti in direzione delle soluzioni di avanguardia che la moderna tecnologia aerea \u00e8 in grado di fornirci<\/em>\u201d, sottolinea il coordinatore bellunese di Forza Italia Dario Scopel, che fa proprio l\u2019appello lanciato da Roberto De Felip &#8211; cugino di una delle vittime di \u201cFalco\u201d a Rio Gere -, che con toni perentori ha richiamato in queste ore i responsabili istituzionali e del territorio a fare la propria parte in questa lunga battaglia. L\u2019oggetto del contendere, per cos\u00ec dire, \u00e8 l\u2019installazione a bordo degli elicotteri civili utilizzati per il soccorso aereo (particolarmente pericoloso proprio in montagna) del sistema ad infrarossi denominato Loam.<\/p>\n<p>&nbsp;<\/p>\n<p>&nbsp;<\/p>\n<hr \/>\n<p>&nbsp;<\/p>\n<blockquote>\n<h3>20 AGOSTO 1944 &#8211; VALLE DEL BIOIS, IL 77\u00b0 ANNIVERSARIO<\/h3>\n<\/blockquote>\n<p><span style=\"color: #ff0000;\">DAI NOTIZIARI DEL 7 AGOSTO, L&#8217;ANTICIPAZIONE.<\/span><\/p>\n<blockquote>\n\t\t\t<style type='text\/css'>\n\t\t\t\t#gallery-5 {\n\t\t\t\t\tmargin: auto;\n\t\t\t\t}\n\t\t\t\t#gallery-5 .gallery-item {\n\t\t\t\t\tfloat: left;\n\t\t\t\t\tmargin-top: 10px;\n\t\t\t\t\ttext-align: center;\n\t\t\t\t\twidth: 25%;\n\t\t\t\t}\n\t\t\t\t#gallery-5 img {\n\t\t\t\t\tborder: 2px solid #cfcfcf;\n\t\t\t\t}\n\t\t\t\t#gallery-5 .gallery-caption {\n\t\t\t\t\tmargin-left: 0;\n\t\t\t\t}\n\t\t\t\t\/* see gallery_shortcode() in wp-includes\/media.php *\/\n\t\t\t<\/style>\n\t\t<div id='gallery-5' class='dt-gallery-container gallery galleryid-228045 gallery-columns-4 gallery-size-thumbnail'><dl class='gallery-item'>\n\t\t\t\t<dt class='gallery-icon landscape'>\n\t\t\t\t\t<a class=\"rollover rollover-zoom dt-pswp-item\" title=\"CAVIOLA ECCIDIO\" data-dt-img-description=\"\" data-large_image_width=\"300\" data-large_image_height=\"168\"href='https:\/\/www.radiopiu.net\/wordpress\/wp-content\/uploads\/2021\/08\/download-11-300x168-1.jpg'><img loading=\"lazy\" decoding=\"async\" width=\"150\" height=\"150\" src=\"https:\/\/www.radiopiu.net\/wordpress\/wp-content\/uploads\/2021\/08\/download-11-300x168-1-150x150.jpg\" class=\"attachment-thumbnail size-thumbnail\" alt=\"\" \/><\/a>\n\t\t\t\t<\/dt><\/dl><dl class='gallery-item'>\n\t\t\t\t<dt class='gallery-icon landscape'>\n\t\t\t\t\t<a class=\"rollover rollover-zoom dt-pswp-item\" title=\"CAVIOLA ECCIDIO\" data-dt-img-description=\"\" data-large_image_width=\"300\" data-large_image_height=\"168\"href='https:\/\/www.radiopiu.net\/wordpress\/wp-content\/uploads\/2021\/08\/images-1.jpg'><img loading=\"lazy\" decoding=\"async\" width=\"150\" height=\"150\" src=\"https:\/\/www.radiopiu.net\/wordpress\/wp-content\/uploads\/2021\/08\/images-1-150x150.jpg\" class=\"attachment-thumbnail size-thumbnail\" alt=\"\" \/><\/a>\n\t\t\t\t<\/dt><\/dl><dl class='gallery-item'>\n\t\t\t\t<dt class='gallery-icon landscape'>\n\t\t\t\t\t<a class=\"rollover rollover-zoom dt-pswp-item\" title=\"CAVIOLA ECCIDIO\" data-dt-img-description=\"\" data-large_image_width=\"300\" data-large_image_height=\"169\"href='https:\/\/www.radiopiu.net\/wordpress\/wp-content\/uploads\/2021\/08\/image-3-300x169-1.jpg'><img loading=\"lazy\" decoding=\"async\" width=\"150\" height=\"150\" src=\"https:\/\/www.radiopiu.net\/wordpress\/wp-content\/uploads\/2021\/08\/image-3-300x169-1-150x150.jpg\" class=\"attachment-thumbnail size-thumbnail\" alt=\"\" \/><\/a>\n\t\t\t\t<\/dt><\/dl><dl class='gallery-item'>\n\t\t\t\t<dt class='gallery-icon landscape'>\n\t\t\t\t\t<a class=\"rollover rollover-zoom dt-pswp-item\" title=\"CAVIOLA ECCIDIO\" data-dt-img-description=\"\" data-large_image_width=\"300\" data-large_image_height=\"256\"href='https:\/\/www.radiopiu.net\/wordpress\/wp-content\/uploads\/2021\/08\/image-3-1-300x256-1.jpg'><img loading=\"lazy\" decoding=\"async\" width=\"150\" height=\"150\" src=\"https:\/\/www.radiopiu.net\/wordpress\/wp-content\/uploads\/2021\/08\/image-3-1-300x256-1-150x150.jpg\" class=\"attachment-thumbnail size-thumbnail\" alt=\"\" \/><\/a>\n\t\t\t\t<\/dt><\/dl><br style=\"clear: both\" \/>\n\t\t\t<\/div>\n<\/blockquote>\n<p>di GIANNI SANTOMASO<\/p>\n<audio class=\"wp-audio-shortcode\" id=\"audio-228045-4\" preload=\"none\" style=\"width: 100%;\" controls=\"controls\"><source type=\"audio\/mpeg\" src=\"https:\/\/www.radiopiu.net\/wordpress\/wp-content\/uploads\/2021\/08\/GIANNI22-gosto-44.mp3?_=4\" \/><a href=\"https:\/\/www.radiopiu.net\/wordpress\/wp-content\/uploads\/2021\/08\/GIANNI22-gosto-44.mp3\">https:\/\/www.radiopiu.net\/wordpress\/wp-content\/uploads\/2021\/08\/GIANNI22-gosto-44.mp3<\/a><\/audio>\n<p>&nbsp;<\/p>\n<p><strong>FALCADE, CANALE, VALLADA <\/strong>Triplo appuntamento in Valle del Biois per il 77\u00b0 Anniversario del 20 agosto 1944. Alle 15 la Santa Messa nella chiesa di Gares, il saluto del sindaco Flavio Colcergnan e la deposizione della corona al monumento ai caduti nel cimitero di Canale D&#8217;Agordo. Alle 16:20 il saluto del sindaco di Vallada Fabio Lucchetta e la deposizione della corona presso il cippo in ricordo del Sen. Attilio Tissi in localit\u00e0 San Simon. Alle 17 alzabandiera in piazza Pertini di Caviola, la deposizione di un mazzo di fiori al monumento, corteo e deposizione della corona presso la lapide in piazza 20 agosto a Caviola, il saluto del Sindaco Michele Costa, la deposizione della corona al cippo dei fucilati sulla piana di Falcade e del mazzo di fiori al al Monumento del Generale Tilman a Molino.<\/p>\n<p>&nbsp;<\/p>\n<p>&nbsp;<\/p>\n<hr \/>\n<p>&nbsp;<\/p>\n<blockquote>\n<h3>EX SCUOLA \u201cLUZZO\u201d: VIA LIBERA ALL&#8217;AVVISO PUBBLICO PER L&#8217;ASSEGNAZIONE DEI LOCALI ALLE ASSOCIAZIONI FELTRINE<\/h3>\n<\/blockquote>\n<p><strong><a href=\"https:\/\/www.radiopiu.net\/wordpress\/giornale-radiopiu-18-agosto-2021-direttore-mirko-mezzacasa\/ex-scuola-luzzo-2\/\" rel=\"attachment wp-att-228127\"><img loading=\"lazy\" decoding=\"async\" class=\"size-medium wp-image-228127 alignleft\" src=\"https:\/\/www.radiopiu.net\/wordpress\/wp-content\/uploads\/2021\/08\/Ex-scuola-Luzzo-300x169.jpg\" alt=\"\" width=\"300\" height=\"169\" srcset=\"https:\/\/www.radiopiu.net\/wordpress\/wp-content\/uploads\/2021\/08\/Ex-scuola-Luzzo-300x169.jpg 300w, https:\/\/www.radiopiu.net\/wordpress\/wp-content\/uploads\/2021\/08\/Ex-scuola-Luzzo-1024x576.jpg 1024w, https:\/\/www.radiopiu.net\/wordpress\/wp-content\/uploads\/2021\/08\/Ex-scuola-Luzzo-768x432.jpg 768w, https:\/\/www.radiopiu.net\/wordpress\/wp-content\/uploads\/2021\/08\/Ex-scuola-Luzzo-1536x864.jpg 1536w, https:\/\/www.radiopiu.net\/wordpress\/wp-content\/uploads\/2021\/08\/Ex-scuola-Luzzo-2048x1152.jpg 2048w\" sizes=\"auto, (max-width: 300px) 100vw, 300px\" \/><\/a>FELTRE <\/strong>La giunta comunale di Feltre ha dato il via libera, nella sua ultima seduta, all&#8217;avviso pubblico per l&#8217;assegnazione dei locali della ex scuola media \u201cLuzzo\u201d alle associazioni feltrine che ne faranno richiesta per collocarvi la propria sede associativa. L&#8217;immobile, come si ricorder\u00e0, \u00e8 stato oggetto nei mesi scorsi di un importante intervento di manutenzione straordinaria e di messa in sicurezza, con particolare riferimento alla copertura, gravemente danneggiata in occasione della tempesta Vaia. La manifestazione di interesse dovr\u00e0 essere presentata all&#8217;Ufficio Protocollo del Comune di Feltre entro e non oltre le ore 12.00 del giorno 15.09.2021, in busta chiusa consegnata a mano o mediante servizio postale. Ogni informazione tecnica e sulla procedura, pu\u00f2 essere richiesta all&#8217;Ufficio Patrimonio (arch. De Boni Laura tel. 0439\/885225; mail: l.deboni@comune.feltre.bl.it) e all&#8217;Ufficio Contratti (Paola Coldebella tel.0439\/885226 mail: contratti@comune.feltre.bl.it).<\/p>\n<p><strong>MANUEL SACCHET, PRESIDENTE DEL CONSIGLIO COMUNALE<\/strong><\/p>\n<audio class=\"wp-audio-shortcode\" id=\"audio-228045-5\" preload=\"none\" style=\"width: 100%;\" controls=\"controls\"><source type=\"audio\/mpeg\" src=\"https:\/\/www.radiopiu.net\/wordpress\/wp-content\/uploads\/2021\/08\/Audio-Sacchet-su-ex-Luzzo.mp3?_=5\" \/><a href=\"https:\/\/www.radiopiu.net\/wordpress\/wp-content\/uploads\/2021\/08\/Audio-Sacchet-su-ex-Luzzo.mp3\">https:\/\/www.radiopiu.net\/wordpress\/wp-content\/uploads\/2021\/08\/Audio-Sacchet-su-ex-Luzzo.mp3<\/a><\/audio>\n<p>&nbsp;<\/p>\n<hr \/>\n<p>&nbsp;<\/p>\n<blockquote>\n<h3>IL RECORD DELLA CATENA DI LEGNO PIU&#8217; LUNGA DEL MONDO E&#8217; ANCORA IMBATTUTO<\/h3>\n<\/blockquote>\n<p><strong><a href=\"https:\/\/www.radiopiu.net\/wordpress\/il-record-della-catena-di-legno-piu-lunga-del-mondo-e-ancora-imbattuto\/675ec97c-64a8-4e80-a30c-e3eea1d39269\/\" rel=\"attachment wp-att-228197\"><img loading=\"lazy\" decoding=\"async\" class=\" wp-image-228197 alignleft\" src=\"https:\/\/www.radiopiu.net\/wordpress\/wp-content\/uploads\/2021\/08\/675ec97c-64a8-4e80-a30c-e3eea1d39269-225x300.jpg\" alt=\"\" width=\"135\" height=\"180\" srcset=\"https:\/\/www.radiopiu.net\/wordpress\/wp-content\/uploads\/2021\/08\/675ec97c-64a8-4e80-a30c-e3eea1d39269-225x300.jpg 225w, https:\/\/www.radiopiu.net\/wordpress\/wp-content\/uploads\/2021\/08\/675ec97c-64a8-4e80-a30c-e3eea1d39269-768x1024.jpg 768w, https:\/\/www.radiopiu.net\/wordpress\/wp-content\/uploads\/2021\/08\/675ec97c-64a8-4e80-a30c-e3eea1d39269-1152x1536.jpg 1152w, https:\/\/www.radiopiu.net\/wordpress\/wp-content\/uploads\/2021\/08\/675ec97c-64a8-4e80-a30c-e3eea1d39269.jpg 1200w\" sizes=\"auto, (max-width: 135px) 100vw, 135px\" \/><\/a>GOSALDO<\/strong><\/p>\n<p>di Gianni Santomaso<\/p>\n<audio class=\"wp-audio-shortcode\" id=\"audio-228045-6\" preload=\"none\" style=\"width: 100%;\" controls=\"controls\"><source type=\"audio\/mpeg\" src=\"https:\/\/www.radiopiu.net\/wordpress\/wp-content\/uploads\/2021\/08\/GIANNI-BRESSAN-CATENA.mp3?_=6\" \/><a href=\"https:\/\/www.radiopiu.net\/wordpress\/wp-content\/uploads\/2021\/08\/GIANNI-BRESSAN-CATENA.mp3\">https:\/\/www.radiopiu.net\/wordpress\/wp-content\/uploads\/2021\/08\/GIANNI-BRESSAN-CATENA.mp3<\/a><\/audio>\n<p>&nbsp;<\/p>\n<hr \/>\n<p>&nbsp;<\/p>\n<blockquote>\n<h3>DOMENICA L&#8217;ADUNANZA DELLA SEZIONE AGORDINA DEL CAI<\/h3>\n<\/blockquote>\n<p><strong><a href=\"https:\/\/www.radiopiu.net\/wordpress\/adunanza-cai-a-la-marol\/cai-3\/\" rel=\"attachment wp-att-174710\"><img loading=\"lazy\" decoding=\"async\" class=\" wp-image-174710 alignleft\" src=\"https:\/\/www.radiopiu.net\/wordpress\/wp-content\/uploads\/2020\/11\/cai.jpeg\" alt=\"\" width=\"137\" height=\"137\" srcset=\"https:\/\/www.radiopiu.net\/wordpress\/wp-content\/uploads\/2020\/11\/cai.jpeg 225w, https:\/\/www.radiopiu.net\/wordpress\/wp-content\/uploads\/2020\/11\/cai-150x150.jpeg 150w\" sizes=\"auto, (max-width: 137px) 100vw, 137px\" \/><\/a>AGORDO<\/strong><\/p>\n<p>di Gianni Santomaso<\/p>\n<audio class=\"wp-audio-shortcode\" id=\"audio-228045-7\" preload=\"none\" style=\"width: 100%;\" controls=\"controls\"><source type=\"audio\/mpeg\" src=\"https:\/\/www.radiopiu.net\/wordpress\/wp-content\/uploads\/2021\/08\/GIANNI-ADUNANZA-CAI.mp3?_=7\" \/><a href=\"https:\/\/www.radiopiu.net\/wordpress\/wp-content\/uploads\/2021\/08\/GIANNI-ADUNANZA-CAI.mp3\">https:\/\/www.radiopiu.net\/wordpress\/wp-content\/uploads\/2021\/08\/GIANNI-ADUNANZA-CAI.mp3<\/a><\/audio>\n<p>&nbsp;<\/p>\n<hr \/>\n<p>&nbsp;<\/p>\n<blockquote>\n<h3>STASERA CON L&#8217;ISTITUT CULTURAL LADIN CESA DE JAN SUL REFERENDUM COSTITUZIONALE 2007<\/h3>\n<\/blockquote>\n<p><strong><a href=\"https:\/\/www.radiopiu.net\/wordpress\/?attachment_id=78197\" rel=\"attachment wp-att-78197\"><img loading=\"lazy\" decoding=\"async\" class=\" wp-image-78197 alignleft\" src=\"https:\/\/www.radiopiu.net\/wordpress\/wp-content\/uploads\/2019\/03\/icona-cesadejan-300x300.jpg\" alt=\"\" width=\"93\" height=\"93\" srcset=\"https:\/\/www.radiopiu.net\/wordpress\/wp-content\/uploads\/2019\/03\/icona-cesadejan-300x300.jpg 300w, https:\/\/www.radiopiu.net\/wordpress\/wp-content\/uploads\/2019\/03\/icona-cesadejan-150x150.jpg 150w, https:\/\/www.radiopiu.net\/wordpress\/wp-content\/uploads\/2019\/03\/icona-cesadejan.jpg 500w\" sizes=\"auto, (max-width: 93px) 100vw, 93px\" \/><\/a>COLLE SANTA LUCIA<\/strong> Appuntamento culturale questa sera alle ore 18:00 in piazza a Colle Santa Lucia. Denni Dorigo e Giulia Tasser dialogano sul tema trattato nell&#8217;ultimo quaderno edito dall&#8217;Istitut Cultural Ladin Cesa de Jan: il Referendum Costituzionale del 2007.<\/p>\n<p><strong>DENNI DORIGO, DIRETTORE DELL&#8217;ISTITUT CULTURAL LADIN CESA DE JAN<\/strong><\/p>\n<audio class=\"wp-audio-shortcode\" id=\"audio-228045-8\" preload=\"none\" style=\"width: 100%;\" controls=\"controls\"><source type=\"audio\/mpeg\" src=\"https:\/\/www.radiopiu.net\/wordpress\/wp-content\/uploads\/2021\/08\/DENNI-DORIGO-INCONTRO-COLLE.mp3?_=8\" \/><a href=\"https:\/\/www.radiopiu.net\/wordpress\/wp-content\/uploads\/2021\/08\/DENNI-DORIGO-INCONTRO-COLLE.mp3\">https:\/\/www.radiopiu.net\/wordpress\/wp-content\/uploads\/2021\/08\/DENNI-DORIGO-INCONTRO-COLLE.mp3<\/a><\/audio>\n<p>&nbsp;<\/p>\n<hr \/>\n<p>&nbsp;<\/p>\n<blockquote>\n<h3>ASSICURARE UN&#8217;AUTO IN VENETO COSTA MENO<\/h3>\n<\/blockquote>\n<p><a href=\"https:\/\/www.radiopiu.net\/wordpress\/giornale-radiopiu-18-agosto-2021-direttore-mirko-mezzacasa\/closeup-euro-money-with-car-key\/\" rel=\"attachment wp-att-228088\"><img loading=\"lazy\" decoding=\"async\" class=\"wp-image-228088 size-medium alignleft\" src=\"https:\/\/www.radiopiu.net\/wordpress\/wp-content\/uploads\/2021\/08\/Oss.-Rc-Auto-2_lr-300x200.jpg\" alt=\"\" width=\"300\" height=\"200\" srcset=\"https:\/\/www.radiopiu.net\/wordpress\/wp-content\/uploads\/2021\/08\/Oss.-Rc-Auto-2_lr-300x200.jpg 300w, https:\/\/www.radiopiu.net\/wordpress\/wp-content\/uploads\/2021\/08\/Oss.-Rc-Auto-2_lr.jpg 548w\" sizes=\"auto, (max-width: 300px) 100vw, 300px\" \/><\/a><strong>MILANO <\/strong>\u00c8 un\u2019immagine positiva quella emersa, per il Veneto, dall\u2019Osservatorio Rc Auto di Facile.it\u00a0che a luglio non ha registrato un aumento dei premi medi Rc Auto come invece \u00e8 successo in molte aree di Italia; oggi per assicurare un veicolo a quattro ruote in regione occorrono, in media, 361,94 euro, vale a dire il 15,2% in meno rispetto ad un anno fa e addirittura leggermente inferiore rispetto a quanto rilevato a giugno (-1,2%). Il dato emerge dall\u2019analisi di un campione di oltre 710.000 preventivi e relative quotazioni effettuati in Veneto e raccolti da Facile.it nel corso dell\u2019ultimo anno. Confrontando il costo medio Rc Auto di luglio 2021 con quello di luglio 2020 emerge un dato interessante: il calo dei prezzi \u00e8 stato registrato, seppur in misura differente, in tutto il Veneto, con una diminuzione a doppia cifra in ogni area, ad eccezione di Belluno che, comunque, ha segnato un -9,99%. La provincia veneta che ha visto scendere in misura maggiore il prezzo dell\u2019Rc Auto \u00e8 stata quella di Treviso dove, lo scorso mese, il premio medio era pari a 359,83 euro, in calo del 16,24% negli ultimi dodici mesi. Seguono nella graduatoria regionale la provincia di Padova, dove a luglio 2021 la diminuzione \u00e8 stata del 15,85% su base annua, con un premio medio stabilizzatosi a 354,87 euro, e quella di Verona, dove il calo annuale \u00e8 stato del 15,41%, con un premio medio fermo a 365,60 euro. Diminuzioni inferiori alla media regionale per le province di Venezia, dove lo scorso mese il prezzo \u00e8 sceso del 14,59% rispetto a luglio 2020, stabilizzandosi a 383,20 euro, il pi\u00f9 alto registrato in Veneto, e Vicenza (352,97 euro, -13,72%). Chiudono la classifica regionale la provincia di Rovigo (355,90 euro, -12,15%) e quella di Belluno, area dove il premio medio \u00e8 diminuito \u201csolo\u201d del 9,99%; gli automobilisti bellunesi possono per\u00f2 consolarsi con il premio medio pi\u00f9 basso del Veneto (323,96 euro).<\/p>\n<p><a href=\"https:\/\/www.radiopiu.net\/wordpress\/giornale-radiopiu-18-agosto-2021-direttore-mirko-mezzacasa\/schermata-2021-08-17-alle-10-39-32\/\" rel=\"attachment wp-att-228089\"><img loading=\"lazy\" decoding=\"async\" class=\"aligncenter wp-image-228089 size-full\" src=\"https:\/\/www.radiopiu.net\/wordpress\/wp-content\/uploads\/2021\/08\/Schermata-2021-08-17-alle-10.39.32.png\" alt=\"\" width=\"870\" height=\"508\" srcset=\"https:\/\/www.radiopiu.net\/wordpress\/wp-content\/uploads\/2021\/08\/Schermata-2021-08-17-alle-10.39.32.png 870w, https:\/\/www.radiopiu.net\/wordpress\/wp-content\/uploads\/2021\/08\/Schermata-2021-08-17-alle-10.39.32-300x175.png 300w, https:\/\/www.radiopiu.net\/wordpress\/wp-content\/uploads\/2021\/08\/Schermata-2021-08-17-alle-10.39.32-768x448.png 768w\" sizes=\"auto, (max-width: 870px) 100vw, 870px\" \/><\/a><\/p>\n<p>&nbsp;<\/p>\n<hr \/>\n<p>&nbsp;<\/p>\n<blockquote>\n<h3>DUE SETTIMANE DI LABORATORIO PER BAMBINI A PADERNO<\/h3>\n<\/blockquote>\n<p><strong><a href=\"https:\/\/www.radiopiu.net\/wordpress\/giornale-radiopiu-18-agosto-2021-direttore-mirko-mezzacasa\/social_restate-a-san-gregorio23agosto-3settembre-2-1536x1536\/\" rel=\"attachment wp-att-228084\"><img loading=\"lazy\" decoding=\"async\" class=\"size-medium wp-image-228084 alignleft\" src=\"https:\/\/www.radiopiu.net\/wordpress\/wp-content\/uploads\/2021\/08\/Social_Restate-a-San-gregorio23agosto-3settembre-2-1536x1536-1-300x300.jpg\" alt=\"\" width=\"300\" height=\"300\" srcset=\"https:\/\/www.radiopiu.net\/wordpress\/wp-content\/uploads\/2021\/08\/Social_Restate-a-San-gregorio23agosto-3settembre-2-1536x1536-1-300x300.jpg 300w, https:\/\/www.radiopiu.net\/wordpress\/wp-content\/uploads\/2021\/08\/Social_Restate-a-San-gregorio23agosto-3settembre-2-1536x1536-1-1024x1024.jpg 1024w, https:\/\/www.radiopiu.net\/wordpress\/wp-content\/uploads\/2021\/08\/Social_Restate-a-San-gregorio23agosto-3settembre-2-1536x1536-1-150x150.jpg 150w, https:\/\/www.radiopiu.net\/wordpress\/wp-content\/uploads\/2021\/08\/Social_Restate-a-San-gregorio23agosto-3settembre-2-1536x1536-1-768x768.jpg 768w, https:\/\/www.radiopiu.net\/wordpress\/wp-content\/uploads\/2021\/08\/Social_Restate-a-San-gregorio23agosto-3settembre-2-1536x1536-1.jpg 1536w\" sizes=\"auto, (max-width: 300px) 100vw, 300px\" \/><\/a>SAN GREGORIO NELLE ALPI <\/strong>Nell\u2019ambito della rassegna estiva \u201cR-estate a San Gregorio!\u201d, organizzata da Dolomiti Hub per il Comune di San Gregorio nelle Alpi, in collaborazione con Consulta Giovani, il Gruppo Sportivo Paderno e l\u2019Unione Sportiva San Gregorio, da luned\u00ec prossimo 23 agosto a venerd\u00ec 3 settembre la sala polifunzionale di Paderno ospiter\u00e0 un laboratorio d\u2019arte espressiva per bambini dai 6 ai 16 anni, con priorit\u00e0 a quelli tra i 6 e i 10 anni. Tenuto dall\u2019attore Alberto Fornasati, avr\u00e0 luogo ogni giorno dalle 15.00 alle 17.00 ad eccezione di sabato 28 e domenica 29 agosto, con l\u2019obiettivo di generare situazioni di gratificazione e di emozione positiva attraverso il teatro. Durante il laboratorio i bambini e i ragazzi si confronteranno sul piano dell\u2019espressione e della comunicazione, scoprendo per tappe le regole e i meccanismi del teatro e soprattutto le dinamiche del gruppo. La partecipazione \u00e8 gratuita ma con iscrizione obbligatoria sul <a href=\"https:\/\/dolomitihub.it\/teatrando-insieme\/\">sito di Dolomiti Hub<\/a>. Nelle giornate di laboratorio infine verranno usati gli spunti che usciranno dai \u201cgiovani attori\u201d come base per la creazione di una breve restituzione al pubblico prevista per sabato 4 settembre alle 18. I bambini insieme creeranno, insieme impareranno, insieme andranno in scena.<\/p>\n<p>&nbsp;<\/p>\n<p>&nbsp;<\/p>\n<hr \/>\n<p>&nbsp;<\/p>\n<blockquote>\n<h3>PROROGA DELLA CHIUSURA DELL&#8217;ECOCENTRO DI RIVAMONTE<\/h3>\n<\/blockquote>\n<p><strong><a href=\"https:\/\/www.radiopiu.net\/wordpress\/maltempo-possibili-problemi-alla-raccolta-dei-rifiuti-e-chiusura-di-sportelli-ed-ecocentri-al-pomeriggio\/logo-valpe-verticale\/\" rel=\"attachment wp-att-65542\"><img loading=\"lazy\" decoding=\"async\" class=\"wp-image-65542 alignleft\" src=\"https:\/\/www.radiopiu.net\/wordpress\/wp-content\/uploads\/2018\/10\/logo-valpe-verticale-300x298.jpg\" alt=\"\" width=\"99\" height=\"98\" srcset=\"https:\/\/www.radiopiu.net\/wordpress\/wp-content\/uploads\/2018\/10\/logo-valpe-verticale-300x298.jpg 300w, https:\/\/www.radiopiu.net\/wordpress\/wp-content\/uploads\/2018\/10\/logo-valpe-verticale-150x150.jpg 150w, https:\/\/www.radiopiu.net\/wordpress\/wp-content\/uploads\/2018\/10\/logo-valpe-verticale.jpg 370w\" sizes=\"auto, (max-width: 99px) 100vw, 99px\" \/><\/a>RIVAMONTE <\/strong>Per consentire l\u2019ultimazione dei\u00a0lavori di manutenzione straordinaria\u00a0in corso presso l\u2019Ecocentro di Rivamonte Agordino, si \u00e8 resa necessaria una\u00a0proroga della chiusura della struttura\u00a0fino al 28 agosto 2021. Durante il periodo di chiusura i cittadini potranno accedere a qualsiasi Ecocentro del territorio dell\u2019Unione Montana Agordina, verificando sedi e orari di apertura sul manuale informativo consegnato oppure\u00a0<a title=\"apri il link\" href=\"https:\/\/valpeambiente.it\/p\/gestione-rifiuti\/ecocentro\" target=\"_blank\" rel=\"noopener\">cliccando qui<\/a>. L\u2019Ecocentro di Rivamonte Agordino\u00a0sar\u00e0 nuovamente accessibile ai cittadini da sabato 4 settembre.<\/p>\n<p>&nbsp;<\/p>\n<p>&nbsp;<\/p>\n<hr \/>\n<p>&nbsp;<\/p>\n<p align=\"JUSTIFY\"><span style=\"color: #0073aa;\"><span style=\"background-color: #d5d5d5;\">\u00a0<\/span><\/span><\/p>\n<blockquote>\n<h3 align=\"JUSTIFY\">FERRAGOSTO IN PISCINA, DAL 13 SETTEMBRE VIA ALL&#8217;ATTIVITA&#8217;<\/h3>\n<p><a href=\"https:\/\/www.radiopiu.net\/wordpress\/omaggio-ferragostano-in-piscina\/24a2a670-aa82-4130-a575-4de0de29674e\/\" rel=\"attachment wp-att-227706\"><img loading=\"lazy\" decoding=\"async\" class=\" wp-image-227706 alignleft\" src=\"https:\/\/www.radiopiu.net\/wordpress\/wp-content\/uploads\/2021\/08\/24a2a670-aa82-4130-a575-4de0de29674e-300x200.jpg\" alt=\"\" width=\"228\" height=\"152\" srcset=\"https:\/\/www.radiopiu.net\/wordpress\/wp-content\/uploads\/2021\/08\/24a2a670-aa82-4130-a575-4de0de29674e-300x200.jpg 300w, https:\/\/www.radiopiu.net\/wordpress\/wp-content\/uploads\/2021\/08\/24a2a670-aa82-4130-a575-4de0de29674e-1024x684.jpg 1024w, https:\/\/www.radiopiu.net\/wordpress\/wp-content\/uploads\/2021\/08\/24a2a670-aa82-4130-a575-4de0de29674e-768x513.jpg 768w, https:\/\/www.radiopiu.net\/wordpress\/wp-content\/uploads\/2021\/08\/24a2a670-aa82-4130-a575-4de0de29674e-1536x1026.jpg 1536w, https:\/\/www.radiopiu.net\/wordpress\/wp-content\/uploads\/2021\/08\/24a2a670-aa82-4130-a575-4de0de29674e.jpg 2048w\" sizes=\"auto, (max-width: 228px) 100vw, 228px\" \/><\/a>AGORDO\u00a0 <span style=\"color: #000000;\"><span style=\"font-family: Helvetica Neue, serif;\"><span style=\"font-size: small;\"><span style=\"font-family: Arial, serif;\"><span style=\"font-size: medium;\">Domenica 15 agosto Attivamente Agordino SSD ha offerto a valligiani e turisti un pomeriggio gratuito presso la Piscina Comprensoriale di Agordo. Una bella affluenza segnata da un meteo non troppo clemente, ma che ha potuto provare le tante possibilit\u00e0 offerte dalla struttura: un giardino esterno con solarium, vasca idromassaggio e un chiosco, giochi per bambini e attrezzi in acqua (tapis roulant, idrobike e molto altro). <\/span><\/span><\/span><\/span><\/span><span style=\"font-size: medium; font-family: Arial, serif; color: #000000;\">Una giornata alternativa dedicata ai tanti utenti che sostengono costantemente la Societ\u00e0 frequentando le attivit\u00e0 di corsi, acquafitness e nuoto libero. <\/span><span style=\"color: #000000;\"><span style=\"font-family: Helvetica Neue, serif;\"><span style=\"font-size: small;\"><span style=\"font-family: Arial, serif;\"><span style=\"font-size: medium;\">Si ricorda che la piscina sar\u00e0 aperta fino al 28 agosto e poi chiuder\u00e0 dal 29 agosto al 5 settembre (compresi) per manutenzione ordinaria. <\/span><\/span><\/span><\/span><\/span><span style=\"color: #000000;\"><span style=\"font-family: Helvetica Neue, serif;\"><span style=\"font-size: small;\"><span style=\"font-family: Arial, serif;\"><span style=\"font-size: medium;\">Durante la settimana dal 6 al 12 settembre sar\u00e0 attivo nuovamente il nuoto libero e dal 13 settembre ripartiranno tutte le attivit\u00e0. <\/span><\/span><\/span><\/span><\/span><span style=\"font-size: medium; font-family: Arial, serif; color: #000000;\">Per informazioni sui corsi potete contattare la segreteria allo 0437\/62406 o scrivere un\u2019email a <\/span><a style=\"font-size: medium; font-family: Arial, serif;\" href=\"mailto:piscina.agordo@attivamenteagordino.it\">piscina.agordo@attivamenteagordino.it<\/a><span style=\"font-size: medium; font-family: Arial, serif; color: #000000;\">.<\/span><\/p><\/blockquote>\n<p>&nbsp;<\/p>\n<hr \/>\n<p>&nbsp;<\/p>\n<blockquote>\n<h3>VENERDI&#8217; AL NOF FILO&#8217; LA PRESENTAZIONE DEL LIBRO &#8220;LA CAMPANA DI MARBACH&#8221;<\/h3>\n<\/blockquote>\n<p><strong><a href=\"https:\/\/www.radiopiu.net\/wordpress\/venerdi-al-nof-filo-la-presentazione-del-libro-la-campana-di-marbach\/copertina-libro-r-martinoni\/\" rel=\"attachment wp-att-228108\"><img loading=\"lazy\" decoding=\"async\" class=\"size-medium wp-image-228108 alignleft\" src=\"https:\/\/www.radiopiu.net\/wordpress\/wp-content\/uploads\/2021\/08\/copertina-libro-R.Martinoni-194x300.jpg\" alt=\"\" width=\"194\" height=\"300\" srcset=\"https:\/\/www.radiopiu.net\/wordpress\/wp-content\/uploads\/2021\/08\/copertina-libro-R.Martinoni-194x300.jpg 194w, https:\/\/www.radiopiu.net\/wordpress\/wp-content\/uploads\/2021\/08\/copertina-libro-R.Martinoni.jpg 364w\" sizes=\"auto, (max-width: 194px) 100vw, 194px\" \/><\/a>di Luisa Manfroi<\/strong><\/p>\n<p><strong>CENCENIGHE <\/strong>\u00c8 dello scorso ottobre la pubblicazione del libro di Renato Martinoni \u201cLa campana di Marbach &#8211; Antonio Ligabue. Romanzo dell\u2019artista da giovane\u201d edito da Guanda. Un libro nel quale l\u2019autore si sofferma sulla giovinezza di Ligabue trascorsa nella Svizzera tedesca prima di partire forzatamente per la campagna emiliana. Un racconto che non dimentica le origini agordine dell\u2019artista, quelle della madre e con molta probabilit\u00e0 \u00a0anche quelle del padre biologico, rimasto ignoto. Un romanzo che Dacia Maraini ha definito \u201camaro e struggente, in bilico tra la biografia e la fiaba lirica\u201d nel quale Renato Martinoni mette in risalto gli anni dell\u2019infanzia e della giovinezza del grande pittore, quelli elvetici, riservando ampio spazio ai luoghi della famiglia materna, alla loro storia, all\u2019emigrazione, alle tragedie e alla magia delle valli e delle montagne dolomitiche. Per Cencenighe era doveroso invitare l\u2019autore\u00a0 ad illustrare il suo ultimo lavoro visto che \u00e8 il comune di nascita della madre di Ligabue, Maria Elisabetta Costa. Martinoni sar\u00e0 infatti presente al Nof Fil\u00f2 venerd\u00ec 20 agosto alle ore 20.30 per spiegare il libro e illustrarne \u00a0il contenuto scoprendo le curiosit\u00e0 del dietro le quinte. Professore emerito di letteratura italiana all\u2019Universit\u00e0 di San Gallo, studioso, filologo e scrittore, ha gi\u00e0 avuto modo\u00a0 di approfondire la figura e la personalit\u00e0 di Antonio Ligabue attraverso l\u2019indagine documentale rivolta \u00a0particolarmente\u00a0 agli anni della giovinezza trascorsa in Svizzera, dove era nato nel 1899 e in cui visse fino a vent\u2019anni, quando fu espulso per essere mandato a Gualtieri, comune del padre adottivo Bonfiglio Laccabue. Una ricerca sortita nella pubblicazione \u201cAntonio Ligabue. Gli anni della formazione\u201d che ha preceduto quest\u2019ultimo lavoro il cui titolo, \u201cLa campana di Marbach\u201d, fa proprio riferimento al ricordo del suono delle campane sentite durante l\u2019infanzia in terra elvetica e \u00a0rimasti sempre presenti, insieme ad altri, nella mente complessa del \u201cMat\u201d, del \u201cTodesch\u201d, epiteti con i quali lungo il Po si era soliti indicare Ligabue. L\u2019artista non ha mai avuto modo di conoscere i luoghi di origine di sua madre Maria Elisabetta, ma lo fa Martinoni che in tre capitoli del romanzo evoca\u00a0 ambienti e situazioni all\u2019origine della partenza della Costa per la Svizzera, legata probabilmente al fatto di aspettare un figlio concepito senza avere la garanzia del supporto di un padre dopo la nascita, \u201cen fiol de contrabando\u201d\u00a0 come si sarebbe detto in paese e\u00a0 per questo oggetto di pregiudizi. L\u2019appuntamento con la grande narrativa d\u2019autore al Nof Fil\u00f2 di Cencenighe \u00e8 organizzato dal Comune,\u00a0 Biblioteca e Pro Loco.<\/p>\n<p><strong>di Gianni Santomaso<\/strong><\/p>\n<audio class=\"wp-audio-shortcode\" id=\"audio-228045-9\" preload=\"none\" style=\"width: 100%;\" controls=\"controls\"><source type=\"audio\/mpeg\" src=\"https:\/\/www.radiopiu.net\/wordpress\/wp-content\/uploads\/2021\/08\/GIANNI-LIBRO-NOF-FILO.mp3?_=9\" \/><a href=\"https:\/\/www.radiopiu.net\/wordpress\/wp-content\/uploads\/2021\/08\/GIANNI-LIBRO-NOF-FILO.mp3\">https:\/\/www.radiopiu.net\/wordpress\/wp-content\/uploads\/2021\/08\/GIANNI-LIBRO-NOF-FILO.mp3<\/a><\/audio>\n<p>&nbsp;<\/p>\n<p>&nbsp;<\/p>\n<hr \/>\n<p>&nbsp;<\/p>\n<blockquote>\n<h2>BENE LA PRIMA&#8230; IL CINEMA SUL BROI<\/h2>\n<p>AGORDO Sucesso di partecipazione all&#8217;iniziativa del Comune di Agordo d Fifilm di Caterina Francavilla su idea di Davide Conedera e Andrea Colaiacono. Per il secondo anno torna il cinema all&#8217;aperto, cambia la location, da Villa de Manzoni al prato verde di piazza Libert\u00e0.\u00a0 La presentazione.<\/p>\n<p><a href=\"https:\/\/www.facebook.com\/mirko.mezzacasa\/videos\/171821301717330\">https:\/\/www.facebook.com\/mirko.mezzacasa\/videos\/171821301717330<\/a><\/p>\n<p>&nbsp;<\/p>\n<h1><span style=\"color: #ff0000;\">IERI ALLA RADIO\u00a0<\/span><\/h1>\n<h2><strong><a href=\"https:\/\/www.radiopiu.net\/wordpress\/il-cinema-allaperto-sul-broi-di-agordo\/photo1628503980\/\" rel=\"attachment wp-att-228092\"><img loading=\"lazy\" decoding=\"async\" class=\"size-medium wp-image-228092 alignleft\" src=\"https:\/\/www.radiopiu.net\/wordpress\/wp-content\/uploads\/2021\/08\/photo1628503980-300x169.jpeg\" alt=\"\" width=\"300\" height=\"169\" srcset=\"https:\/\/www.radiopiu.net\/wordpress\/wp-content\/uploads\/2021\/08\/photo1628503980-300x169.jpeg 300w, https:\/\/www.radiopiu.net\/wordpress\/wp-content\/uploads\/2021\/08\/photo1628503980-1024x576.jpeg 1024w, https:\/\/www.radiopiu.net\/wordpress\/wp-content\/uploads\/2021\/08\/photo1628503980-768x432.jpeg 768w, https:\/\/www.radiopiu.net\/wordpress\/wp-content\/uploads\/2021\/08\/photo1628503980.jpeg 1280w\" sizes=\"auto, (max-width: 300px) 100vw, 300px\" \/><\/a><\/strong><span style=\"color: #339966;\">IL CINEMA ALL&#8217;APERTO SUL BROI DI AGORDO<\/span><\/h2>\n<p><strong>di Claudio Fontanive<\/strong><\/p>\n<p>Ospiti: Davide Conedera e Andrea Colaiacomo<\/p>\n<audio class=\"wp-audio-shortcode\" id=\"audio-228045-10\" preload=\"none\" style=\"width: 100%;\" controls=\"controls\"><source type=\"audio\/mpeg\" src=\"https:\/\/www.radiopiu.net\/wordpress\/wp-content\/uploads\/2021\/08\/andrea-davide-17-agosto.mp3?_=10\" \/><a href=\"https:\/\/www.radiopiu.net\/wordpress\/wp-content\/uploads\/2021\/08\/andrea-davide-17-agosto.mp3\">https:\/\/www.radiopiu.net\/wordpress\/wp-content\/uploads\/2021\/08\/andrea-davide-17-agosto.mp3<\/a><\/audio>\n<p>&nbsp;<\/p><\/blockquote>\n<p>&nbsp;<\/p>\n<hr \/>\n<p>&nbsp;<\/p>\n<blockquote>\n<h3>SUL BROI DI AGORDO IL CINEMA ALL&#8217;APERTO<\/h3>\n<\/blockquote>\n<p><strong><a href=\"https:\/\/www.radiopiu.net\/wordpress\/giornale-radiopiu-10-agosto-2021-direttore-mirko-mezzacasa\/photo_2021-08-09_12-19-00\/\" rel=\"attachment wp-att-226842\"><img loading=\"lazy\" decoding=\"async\" class=\"size-medium wp-image-226842 alignleft\" src=\"https:\/\/www.radiopiu.net\/wordpress\/wp-content\/uploads\/2021\/08\/photo_2021-08-09_12-19-00-300x169.jpg\" alt=\"\" width=\"300\" height=\"169\" srcset=\"https:\/\/www.radiopiu.net\/wordpress\/wp-content\/uploads\/2021\/08\/photo_2021-08-09_12-19-00-300x169.jpg 300w, https:\/\/www.radiopiu.net\/wordpress\/wp-content\/uploads\/2021\/08\/photo_2021-08-09_12-19-00-1024x576.jpg 1024w, https:\/\/www.radiopiu.net\/wordpress\/wp-content\/uploads\/2021\/08\/photo_2021-08-09_12-19-00-768x432.jpg 768w, https:\/\/www.radiopiu.net\/wordpress\/wp-content\/uploads\/2021\/08\/photo_2021-08-09_12-19-00.jpg 1280w\" sizes=\"auto, (max-width: 300px) 100vw, 300px\" \/><\/a>AGORDO<\/strong> Ad Agosto, Agordo ospiter\u00e0 una rassegna cinematografica inedita nel giardino \u201cBroi\u201d, in pieno centro. Per sei serate sar\u00e0 possibile godersi grandi titoli cinematografici in una cornice unica al centro della conca agordina. L\u2019evento, organizzato dal Comune di Agordo, grazie al fondamentale contributo della casa di produzione \u201cFiFilm productions\u201d di Caterina Francavilla, dell\u2019impresa edile \u201cConedil\u201d e dalla ditta \u201cCase Trasporti\u201d, ha l\u2019obiettivo di animare l\u2019estate agordina con una proposta innovativa per il territorio, riproponendo il format avviato la scorsa estate con le proiezioni nel giardino di Villa Crotta-De\u2019 Manzoni. Tutte le proiezioni inizieranno alle ore 21 e saranno ad ingresso gratuito, previa prenotazione obbligatoria fino ad esaurimento posti. Le prenotazioni si possono effettuare attraverso il sito <a href=\"http:\/\/agordo.eventbrite.com\">http:\/\/agordo.eventbrite.com<\/a> oppure rivolgendosi all\u2019Ufficio Turistico di Agordo in via XXVII Aprile, tramite mail all\u2019indirizzo ufficioturistico@agordo.net, oppure telefonando allo 0437 62105 o al 388 495 5756. In caso di maltempo, le proiezioni verranno rinviate al giorno successivo. In conformit\u00e0 con le disposizioni anti-contagio, l\u2019ingresso sar\u00e0 subordinato all\u2019esibizione del Green Pass certificante vaccinazione, guarigione da Covid-19 o l&#8217;esito negativo di un tampone (sono esenti i bambini fino ai 12 anni), al controllo della temperatura e all\u2019utilizzo della mascherina in situazioni di assembramento come all\u2019entrata o all\u2019uscita. Gli appuntamenti della rassegna saranno i seguenti: domani: Coco; Sabato 21 Agosto: Cena con delitto, di Rian Johnson; Marted\u00ec 24 Agosto: Monuments Men, di George Clooney; Gioved\u00ec 26 Agosto: La famosa invasione degli Orsi in Sicilia, di Lorenzo Mattotti; Sabato 28 Agosto: Vita di Pi, di Ang Lee<\/p>\n<p><strong>Di Gianni Santomaso<\/strong><\/p>\n<audio class=\"wp-audio-shortcode\" id=\"audio-228045-11\" preload=\"none\" style=\"width: 100%;\" controls=\"controls\"><source type=\"audio\/mpeg\" src=\"https:\/\/www.radiopiu.net\/wordpress\/wp-content\/uploads\/2021\/08\/GIANNI-CINEMA-BROI.mp3?_=11\" \/><a href=\"https:\/\/www.radiopiu.net\/wordpress\/wp-content\/uploads\/2021\/08\/GIANNI-CINEMA-BROI.mp3\">https:\/\/www.radiopiu.net\/wordpress\/wp-content\/uploads\/2021\/08\/GIANNI-CINEMA-BROI.mp3<\/a><\/audio>\n<p>&nbsp;<\/p>\n<div style=\"width: 640px;\" class=\"wp-video\"><video class=\"wp-video-shortcode\" id=\"video-228045-1\" width=\"640\" height=\"352\" preload=\"metadata\" controls=\"controls\"><source type=\"video\/mp4\" src=\"https:\/\/www.radiopiu.net\/wordpress\/wp-content\/uploads\/2021\/08\/video-cinema.mp4?_=1\" \/><a href=\"https:\/\/www.radiopiu.net\/wordpress\/wp-content\/uploads\/2021\/08\/video-cinema.mp4\">https:\/\/www.radiopiu.net\/wordpress\/wp-content\/uploads\/2021\/08\/video-cinema.mp4<\/a><\/video><\/div>\n<p>&nbsp;<\/p>\n<p>&nbsp;<\/p>\n<hr \/>\n<p>&nbsp;<\/p>\n<blockquote>\n<h3>I NOS CROT, LE ESCURSIONI DEL GAMP DOLOMITI<\/h3>\n<\/blockquote>\n<p><strong><a href=\"https:\/\/www.radiopiu.net\/wordpress\/giornale-radiopiu-10-agosto-2021-direttore-mirko-mezzacasa\/immagine-2021-08-09-122428\/\" rel=\"attachment wp-att-226844\"><img loading=\"lazy\" decoding=\"async\" class=\"wp-image-226844 alignleft\" src=\"https:\/\/www.radiopiu.net\/wordpress\/wp-content\/uploads\/2021\/08\/Immagine-2021-08-09-122428-228x300.png\" alt=\"\" width=\"143\" height=\"189\" srcset=\"https:\/\/www.radiopiu.net\/wordpress\/wp-content\/uploads\/2021\/08\/Immagine-2021-08-09-122428-228x300.png 228w, https:\/\/www.radiopiu.net\/wordpress\/wp-content\/uploads\/2021\/08\/Immagine-2021-08-09-122428.png 663w\" sizes=\"auto, (max-width: 143px) 100vw, 143px\" \/><\/a> <\/strong><\/p>\n<p><strong>\u00a0<\/strong><\/p>\n<p><strong>AGORDO <\/strong>I NOS CROT \u00e8 il nome della serie di escursioni geoturistiche che anche quest&#8217;anno il GAMP DOLOMITI (Gruppo Agordino Mineralogico Paleontologico) vuole riproporre! Delle geoescursioni dal titolo tutto agordino (=i nostri sassi) che vogliono raccontarvi scorci e curiosit\u00e0 geologiche di questo magnifico territorio! ISCRIZIONI APERTE all&#8217;Ufficio Turistico di Agordo o contattando il numero 3884955756 Queste le escursioni: domani Cascate di Val de Gares, Luned\u00ec 23 agosto Valle di San Lucano, Gioved\u00ec 26 agosto Frassen\u00e9-Rifugio Scarpa<\/p>\n<p>&nbsp;<\/p>\n<p><strong>DI GIANNI SANTOMASO<\/strong><\/p>\n<audio class=\"wp-audio-shortcode\" id=\"audio-228045-12\" preload=\"none\" style=\"width: 100%;\" controls=\"controls\"><source type=\"audio\/mpeg\" src=\"https:\/\/www.radiopiu.net\/wordpress\/wp-content\/uploads\/2021\/08\/GIANNI-I-NOS-CROT.mp3?_=12\" \/><a href=\"https:\/\/www.radiopiu.net\/wordpress\/wp-content\/uploads\/2021\/08\/GIANNI-I-NOS-CROT.mp3\">https:\/\/www.radiopiu.net\/wordpress\/wp-content\/uploads\/2021\/08\/GIANNI-I-NOS-CROT.mp3<\/a><\/audio>\n<p>&nbsp;<\/p>\n<p>&nbsp;<\/p>\n<hr \/>\n<p>&nbsp;<\/p>\n<blockquote>\n<h3>NELLA CHIESA DI TISER IN PROGRAMMA UN CONCERTO ORGANISTICO<\/h3>\n<\/blockquote>\n<p><strong><a href=\"https:\/\/www.radiopiu.net\/wordpress\/la-chiesa-di-tiser-riapre-ai-fedeli\/chiesa-di-tiser\/\" rel=\"attachment wp-att-224027\"><img loading=\"lazy\" decoding=\"async\" class=\" wp-image-224027 alignleft\" src=\"https:\/\/www.radiopiu.net\/wordpress\/wp-content\/uploads\/2021\/07\/Chiesa-di-Tiser-300x200.jpg\" alt=\"\" width=\"182\" height=\"121\" srcset=\"https:\/\/www.radiopiu.net\/wordpress\/wp-content\/uploads\/2021\/07\/Chiesa-di-Tiser-300x200.jpg 300w, https:\/\/www.radiopiu.net\/wordpress\/wp-content\/uploads\/2021\/07\/Chiesa-di-Tiser-768x512.jpg 768w, https:\/\/www.radiopiu.net\/wordpress\/wp-content\/uploads\/2021\/07\/Chiesa-di-Tiser.jpg 800w\" sizes=\"auto, (max-width: 182px) 100vw, 182px\" \/><\/a>GOSALDO<\/strong><\/p>\n<p>di Gianni Santomaso<\/p>\n<audio class=\"wp-audio-shortcode\" id=\"audio-228045-13\" preload=\"none\" style=\"width: 100%;\" controls=\"controls\"><source type=\"audio\/mpeg\" src=\"https:\/\/www.radiopiu.net\/wordpress\/wp-content\/uploads\/2021\/08\/GIANNI-CONCERTO-TISER.mp3?_=13\" \/><a href=\"https:\/\/www.radiopiu.net\/wordpress\/wp-content\/uploads\/2021\/08\/GIANNI-CONCERTO-TISER.mp3\">https:\/\/www.radiopiu.net\/wordpress\/wp-content\/uploads\/2021\/08\/GIANNI-CONCERTO-TISER.mp3<\/a><\/audio>\n<p>&nbsp;<\/p>\n<hr \/>\n<p>&nbsp;<\/p>\n<blockquote>\n<h3 align=\"CENTER\"><b>ESTATE 2021: ED ECCO DI NUOVO I MERCATINI\u00a0<\/b><b>DELL\u2019ANTIQUARIATO, DEL COLLEZIONISMO, DELL\u2019 USATO \u00a0<\/b><\/h3>\n<\/blockquote>\n<p align=\"JUSTIFY\"><a href=\"https:\/\/www.radiopiu.net\/wordpress\/giornale-radiopiu-23-luglio-2021-direttore-mirko-mezzacasa\/mercatino-caprile\/\" rel=\"attachment wp-att-223533\"><img loading=\"lazy\" decoding=\"async\" class=\" wp-image-223533 alignleft\" src=\"https:\/\/www.radiopiu.net\/wordpress\/wp-content\/uploads\/2021\/07\/Mercatino-Caprile-200x300.jpg\" sizes=\"auto, (max-width: 175px) 100vw, 175px\" srcset=\"https:\/\/www.radiopiu.net\/wordpress\/wp-content\/uploads\/2021\/07\/Mercatino-Caprile-200x300.jpg 200w, https:\/\/www.radiopiu.net\/wordpress\/wp-content\/uploads\/2021\/07\/Mercatino-Caprile-683x1024.jpg 683w, https:\/\/www.radiopiu.net\/wordpress\/wp-content\/uploads\/2021\/07\/Mercatino-Caprile-768x1152.jpg 768w, https:\/\/www.radiopiu.net\/wordpress\/wp-content\/uploads\/2021\/07\/Mercatino-Caprile-1024x1536.jpg 1024w, https:\/\/www.radiopiu.net\/wordpress\/wp-content\/uploads\/2021\/07\/Mercatino-Caprile-1366x2048.jpg 1366w, https:\/\/www.radiopiu.net\/wordpress\/wp-content\/uploads\/2021\/07\/Mercatino-Caprile-scaled.jpg 1707w\" alt=\"\" width=\"108\" height=\"162\" \/><\/a>Il gruppo trevigiano degli \u201cAmici dell\u2019Antiquariato\u201d in collaborazione con il coordinatore locale Giorgio Fontanive e Ad Agordo Pro Loco organizza gli appuntamenti per gli appassionati delle cose antiche come accade dal 2011. Gli operatori dell\u2019organizzazione saranno attorno al Br\u00f3i e nella caratteristica Contrada S.Marco a Caprile. Questi i prossimi appuntamenti:\u00a0<b>Caprile<\/b>\u00a0 sabato 21 agosto. Partecipano all\u2019iniziativa commercianti preparati e selezionati in vari settori di operativit\u00e0: oggettistica d\u2019epoca, mobili, arte e collezionismo cartaceo, libri, medaglistica, piccolo antiquariato, arte, vetreria artistica, ecc. Informazioni sull\u2019effettuazione degli incontri e orari all\u2019Ufficio Turistico di Agordo (0437-62105); all\u2019Ufficio Turistico di Alleghe (0437-523333); al riferimento organizzativo\u00a0 348.8278042; alla mail <a href=\"mailto:giorgiofontanive@virgilio.it\">giorgiofontanive@virgilio.it<\/a>.<\/p>\n<div class=\"mkdf-post-text\">\n<div class=\"mkdf-post-text-inner\">\n<div class=\"mkdf-post-text-main\">\n<p>&nbsp;<\/p>\n<p>&nbsp;<\/p>\n<hr \/>\n<p>&nbsp;<\/p>\n<blockquote>\n<h3>GLI EVENTI ESTIVI DI ARABBA FODOM TURISMO<\/h3>\n<\/blockquote>\n<a href=\"https:\/\/www.radiopiu.net\/wordpress\/wp-content\/uploads\/2021\/08\/Attivita\u0300-Eventi-Agosto-2.pdf\" class=\"pdfemb-viewer\" style=\"\" data-width=\"max\" data-height=\"max\" data-toolbar=\"top\" data-toolbar-fixed=\"on\">Attivita\u0300 &amp; Eventi Agosto 2<\/a>\n<p>&nbsp;<\/p>\n<hr \/>\n<p>&nbsp;<\/p>\n<h3 class=\"entry-title mkdf-post-title\">Primo concerto in Valle di Gares con i Pink Size Il grande spettacolo ai piedi delle Dolomiti<\/h3>\n<p><a href=\"https:\/\/www.radiopiu.net\/wordpress\/giornale-radiopiu-01-agosto-2021-direttore-mirko-mezzacasa\/11705683_10207451188865973_7894969160591772771_o-e1624806851469\/\" rel=\"attachment wp-att-225349\"><img loading=\"lazy\" decoding=\"async\" class=\"wp-image-225349 alignleft\" src=\"https:\/\/www.radiopiu.net\/wordpress\/wp-content\/uploads\/2021\/08\/11705683_10207451188865973_7894969160591772771_o-e1624806851469.jpg\" sizes=\"auto, (max-width: 256px) 100vw, 256px\" srcset=\"https:\/\/www.radiopiu.net\/wordpress\/wp-content\/uploads\/2021\/08\/11705683_10207451188865973_7894969160591772771_o-e1624806851469.jpg 1000w, https:\/\/www.radiopiu.net\/wordpress\/wp-content\/uploads\/2021\/08\/11705683_10207451188865973_7894969160591772771_o-e1624806851469-300x194.jpg 300w, https:\/\/www.radiopiu.net\/wordpress\/wp-content\/uploads\/2021\/08\/11705683_10207451188865973_7894969160591772771_o-e1624806851469-768x495.jpg 768w\" alt=\"\" width=\"256\" height=\"165\" \/><\/a><\/p>\n<div class=\"vc_row wpb_row vc_row-fluid vc_custom_1520853310750\">\n<div class=\"wpb_column vc_column_container vc_col-sm-12\">\n<div class=\"vc_column-inner\">\n<div class=\"wpb_wrapper\">\n<div class=\"wpb_text_column wpb_content_element \">\n<div class=\"wpb_wrapper\">\n<p><strong>Domenica 22 agosto 2021 alle ore 17.00<\/strong>\u00a0Canale d\u2019Agordo ospiter\u00e0 il 1\u00b0 concerto in Valle di Gar\u00e9s.\u00a0<strong>La location \u00e8 spettacolare e suggestiva<\/strong>, immersa nel verde, circondata delle Pale di San Martino e dalle cascate delle Comelle. In localit\u00e0 Pian de Giare, in fondo alla Valle di Gar\u00e8s, su di un grande prato, circondati dalle maestose Dolomiti, andr\u00e0 in scena uno spettacolo indimenticabile con l\u2019esibizione dei\u00a0<strong>Pink Size, Tribute band dei Pink Floyd.\u00a0<\/strong>Dal 2005 la band propone con grande passione le sonorit\u00e0 tipiche del Pink Floyd a 360 gradi. La scaletta abbraccia tutta la discografia, dalla psichedelia di Astronomy Domine ed Echoes, passando per l\u2019evoluzione degli anni \u201970 (Atom Heart Mother, Dark Side of the Moon, Wish You Were Here, Animals e The Wall), fino al loro ultimo album in studio. L\u2019evento, organizzato, dalla Pro Loco in collaborazione con le altre associazioni di volontariato locale, era previsto gi\u00e0 lo scorso anno, ma a causa della pandemia non ci sono state le condizioni per realizzarlo. Nonostante il Coronavirus abbia messo in crisi il turismo e quindi anche l\u2019attivit\u00e0 della Pro Loco, l\u2019Associazione stavolta \u00e8 determinata a procedere con l\u2019iniziativa. Per maggiori informazioni sulle modalit\u00e0 di partecipazione al concerto \u00e8 possibile rivolgersi all\u2019ufficio Pro Loco di Canale d\u2019Agordo e.mail: info@prolococanale.it tel. 0437 1948001. In base all&#8217;attuale normativa per il contenimento del Covid-19 l\u2019accesso al concerto \u00e8 consentito <b>SOLAMENTE <\/b>a coloro che esibiscono il <b>GREEN PASS. <\/b>E\u2019, inoltre, obbligatorio l\u2019uso della mascherina, il mantenimento delle distanze minime di sicurezza, nonch\u00e9 il pieno rispetto dei posti assegnati dallo staff organizzativo pro loco.<\/p>\n<\/div>\n<\/div>\n<\/div>\n<\/div>\n<\/div>\n<\/div>\n<p>&nbsp;<\/p>\n<p>&nbsp;<\/p>\n<hr \/>\n<p>&nbsp;<\/p>\n<blockquote>\n<h3>CUGNISCION NOSTE VIJINANZE<\/h3>\n<\/blockquote>\n<p><strong>COLLE SANTA LUCIA<\/strong> Istitut Ladin Cesa De Jan assieme al comune di Livinallongo del Col Di Lana organizzano delle gite alla scoperta delle vicinie di Fodom. Si inizia domani con Ornella, il 26 tocca a Larzonei, Corte e Contrin il 2 settembre e Pieve e Salesei il 9 settembre. Il costo delle visite \u00e8 di 15 euro per gli adulti e 7 per i bambini (pranzo non compreso). Si consiglia un abbigliamento da trekking. Info e prenotazioni al 3343346680<\/p>\n<p>&nbsp;<\/p>\n<p>&nbsp;<\/p>\n<hr \/>\n<p>&nbsp;<\/p>\n<blockquote>\n<h3>LA MOSTRA DI RENZO MIOLA A CANALE D\u2019AGORDO<\/h3>\n<\/blockquote>\n<p><strong>CANALE D\u2019AGORDO<\/strong>\u00a0Dal 12 al 31 agosto, presso la Casa delle Regole di Canale D\u2019Agordo, \u00e8 visitabile la mostra di pittura paesaggistica di Renzo Miola. La mostra seguira\u00e0 i seguenti orari: 10:30 \u2013 12:30, 16:30 \u2013 18:30 e 20 \u2013 22. L\u2019inaugurazione gioved\u00ec 12 agosto alle 17.<\/p>\n<p>&nbsp;<\/p>\n<p>&nbsp;<\/p>\n<hr \/>\n<p>&nbsp;<\/p>\n<blockquote>\n<h3>IL MUSEO ETNOGRAFICO DI TAIBON AGORDINO FINO AL 28 AGOSTO<\/h3>\n<\/blockquote>\n<p><strong>TAIBON<\/strong>\u00a0Sono aperte le porte del Museo Etnografico di Taibon Agordino \u201cCasa della Maria del Pacifico\u201d. Visitabile tutti i giorni dalle 10 alle 12 e dalle 16 alle 18 escluso il luned\u00ec mattina. Il Museo si trova vicino al municipio si Taibon in Via Pietro Nenni. Accesso con obbligo di mascherina e igienizzazione delle mani. Per informazioni 340 1495978<\/p>\n<p>&nbsp;<\/p>\n<p>&nbsp;<\/p>\n<hr \/>\n<p>&nbsp;<\/p>\n<blockquote>\n<h3>\u201cEN GIRO PER TOCOI\u201d A SAN TOMASO<\/h3>\n<\/blockquote>\n<p><strong>SAN TOMASO<\/strong> A Tocol di San Tomaso \u00e8 in programma \u201cEn Giro Per Tocoi\u201d, riproduzioni artistiche tra architetture di montagna. Organizza la Pro Loco di San Tomaso.<\/p>\n<p>&nbsp;<\/p>\n<p>&nbsp;<\/p>\n<hr \/>\n<p>&nbsp;<\/p>\n<blockquote>\n<h3>ARMONIE 2021, 3 APPUNTAMENTI A FINE AGOSTO<\/h3>\n<\/blockquote>\n<p><strong>BELLUNO\u00a0<\/strong>Triplo appuntamento per la rassegna \u201cArmonie 2021\u201d. Due concerti sono in programma il 21 agosto quando alle 17, presso il teatro Al Mut verr\u00e0 presentato \u201cCarmen\u201d e la sera alle 21 \u201cFinalmente insieme\u2026canto e musica\u201d in Piazza Duomo. Il 29 agosto alle 16 l\u2019ultimo appuntamento con \u201cCanti e poesie di fine estate\u201d a Bolzano Bellunese. Concerti all\u2019aperto su prenotazione ed esibizione di green pass.<\/p>\n<p>&nbsp;<\/p>\n<p>&nbsp;<\/p>\n<hr \/>\n<p>&nbsp;<\/p>\n<blockquote>\n<h3>SMILE MUSIC BAND A FALCADE<\/h3>\n<\/blockquote>\n<p><strong>FALCADE<\/strong> Sabato a partire dalle 15:30, sotto al tendone sulla piana di Falcade, si esibiranno i 5 ragazzi della Smile Music Band. Organizza la Pro Loco di Caviola.<\/p>\n<p>&nbsp;<\/p>\n<hr \/>\n<p>&nbsp;<\/p>\n<blockquote>\n<h3>I 130 ANNI DEL CAI BELLUNO CON 3 APPUNTAMENTI DEL CORO<\/h3>\n<\/blockquote>\n<p><strong>BELLUNO<\/strong> Saranno 3 gli appuntamenti in programma nei prossimi giorni con il coro Cai di Belluno per celebrare i 130 anni dalla fondazione della sezione di Belluno. Il 29 agosto l&#8217;appuntamento \u00e8 al Rifugio Tissi con la Santa Messa cantata. Il 5 settembre il coro Cai sar\u00e0 al Rifugio Bianchet per una esibizione mentre l&#8217;11 settembre al Rifugio Settimo Alpini per la messa in ricordo dei caduti della montagna.<\/p>\n<p>&nbsp;<\/p>\n<p>&nbsp;<\/p>\n<hr \/>\n<p>&nbsp;<\/p>\n<blockquote>\n<h3>TORNA LA MUSICA SUL PALCO VAIA DI SANTO STEFANO<\/h3>\n<\/blockquote>\n<p><strong><a href=\"https:\/\/www.radiopiu.net\/wordpress\/giornale-radiopiu-18-agosto-2021-direttore-mirko-mezzacasa\/casarmonica-palco-vaia-1\/\" rel=\"attachment wp-att-228086\"><img loading=\"lazy\" decoding=\"async\" class=\" wp-image-228086 alignleft\" src=\"https:\/\/www.radiopiu.net\/wordpress\/wp-content\/uploads\/2021\/08\/CASArmonica-Palco-Vaia-1-300x200.jpg\" alt=\"\" width=\"248\" height=\"165\" srcset=\"https:\/\/www.radiopiu.net\/wordpress\/wp-content\/uploads\/2021\/08\/CASArmonica-Palco-Vaia-1-300x200.jpg 300w, https:\/\/www.radiopiu.net\/wordpress\/wp-content\/uploads\/2021\/08\/CASArmonica-Palco-Vaia-1-1024x683.jpg 1024w, https:\/\/www.radiopiu.net\/wordpress\/wp-content\/uploads\/2021\/08\/CASArmonica-Palco-Vaia-1-768x512.jpg 768w, https:\/\/www.radiopiu.net\/wordpress\/wp-content\/uploads\/2021\/08\/CASArmonica-Palco-Vaia-1-1536x1024.jpg 1536w, https:\/\/www.radiopiu.net\/wordpress\/wp-content\/uploads\/2021\/08\/CASArmonica-Palco-Vaia-1-2048x1365.jpg 2048w\" sizes=\"auto, (max-width: 248px) 100vw, 248px\" \/><\/a>SANTO STEFANO DI CADORE\u00a0 <\/strong>A due settimane dalla sua inaugurazione ufficiale, torna la musica sul Palco Vaia in Val Visdende, nel territorio di Santo Stefano di Cadore. Il Trio Jazz Borzacchiello-Carnovale-Fioravanti sar\u00e0 infatti protagonista delle \u201cRipercussioni armoniche\u201d che animeranno Casarmonica e Pi\u00e8 della Costa sabato 21 con inizio alle ore 17.30. Il concerto di sabato sar\u00e0 quindi il primo evento ufficiale sul Palco Vaia e vedr\u00e0 impegnati Borzacchiello alla batteria, Carnovale al contrabbasso e Fioravanti al piano; in caso di pioggia, i musicisti suoneranno dall&#8217;interno della casera. In questo caso, visti gli spazi ridotti e la necessit\u00e0 di mantenere il distanziamento interpersonale, \u00e8 consigliato portare mantelline od ombrelli.<\/p>\n<p>&nbsp;<\/p>\n<hr \/>\n<p>&nbsp;<\/p>\n<blockquote>\n<h3>\u201cNEL SACRIFICIO DEI PROPRI FIGLI VI \u00c8 LA GRANDEZZA DELL\u2019ITALIA\u201d<\/h3>\n<\/blockquote>\n<p><strong>di\u00a0 RENATO BONA<\/strong><\/p>\n<p>Secondo e ultimo elenco di decorati con medaglia d\u2019argento al valor militare dell\u2019Alpago e Ponte nelle Alpi ricordati nel libro di De Nale Secondo e ultimo elenco di quanti, in Alpago e Ponte nelle Alpi si sono meritati la medaglia d\u2019argento al valor militare dato che \u201cOnorarono la loro terra nell\u2019amor di patria\u201d. E\u2019 inserito nel terzo capitolo, che comprende anche i Cavalieri di Vittorio Veneto, del libro del maestro Mario De Nale, intitolato \u201cPersonaggi illustri dell\u2019Alpago e Ponte nelle Alpi\u201d edito nell\u2019agosto 1978 per il centenario di Placido Fabris con la bellunese tipografia Piave, ad iniziativa del Centro sociale di educazione permanente di Tambre e dell\u2019Associazione emigranti bellunesi, col contributo della Cassa di Risparmio. Comune di Pieve d\u2019Alpago: Francesco Pellegrinotti, nato il 18 agosto 1915 a Pieve. Motivazione: \u201cCaporale di sanit\u00e0 facente parte di un\u2019aliquota della 303. Sezione di sanit\u00e0 alpina attaccata da forze corazzate avversarie, partecipava di sua iniziativa all\u2019assalto contro un carro armato avversario seguito da fanteria, contribuendo dopo violenta mischia a corpo a corpo ad eliminare completamente gli avversari ed assaltando quindi, con altri pochi animosi, il mezzo corazzato avversario con lancio di bombe a mano, da distanza molto ravvicinata, riusciva ad incendiarlo. Durante la furiosa mischia si distingueva per calma, decisione, sprezzo del pericolo, coraggio personale ed era di incitamento con l\u2019esempio e la parola a quanti gli erano vicini\u201d. Posto Jali, Russia, 17 gennaio 1943. Ferruccio Tonon, alpino nato a Erto Casso l\u20198 gennaio 1912 e morto a Jesolo il 9 settembre 1972: \u201cComandante di squadra fucilieri incaricato di annullare pericolosa infiltrazione nemica e di ristabilire il collegamento fra due reparti, fortemente impegnati, con impeto ed estrema decisione trascinava i suoi uomini all\u2019attacco del nemico, lo scardinava dalle sue posizioni e lo ributtava sulle posizioni di partenza. Veniva a sua volta contrattaccato, ma resisteva tenacemente in posto e, con i pochi uomini rimasti, si lanciava per la seconda volta al contrattacco ributtando definitivamente il nemico. Esempio di valoroso combattente\u201d. Quota 176 di Selinji Yar \u2013 Fronte russo, 13 gennaio 1843. Comune di Ponte nelle Alpi: Fiori Cesa, soldato del 6. Reggimento Alpini, battaglione Verona, nato a Belluno il 6 settembre 1897: \u201cSoldato ardito e di alto spirito combattivo disimpegn\u00f2 con audacia il compito di esploratore di compagnia, contribuendo alla cattura di prigionieri e materiali, Nell\u2019attacco di una posizione nemica munita di mitragliatrici si lanciava su essa con bombe a mano concorrendo efficacemente a vincere la resistenza\u201d. Piave \u2013 Villa Nova. M. Orsere (Treviso), 27-28.29 ottobre 1918. Gino Levis, alpino della compagnia alfieri arditi, nato a Ponte nelle Alpi il 10 dicembre 1920: \u201cPorta arma tiratore in una squadra mitragliatrici, durante un intenso tiro dell\u2019artiglieria nemica, veniva colpito a morte. Ai compagni che si avvicinavano per soccorrerlo, gridava di non preoccuparsi di lui e di interessarsi solo a far funzionare l\u2019arma che egli aveva in consegna, Moriva con nome della Patria sulle labbra\u201d. Vallone del Glacier (Francia), 25 giugno 1940. Luigi Prest, caporale maggiore degli alpini, nato a Losego di Ponte nelle Alpi il 23 marzo 1914: \u201cCapo squadra mitraglieri, gi\u00e0 distintosi in precedenti fatti d\u2019arme, ferito da schegge di bomba in un momento critico del combattimento, incurante del dolore, riprendeva il suo posto concorrendo al mantenimento della posizione, In successivo combattimento, incurante della reazione avversaria, continuava da solo efficacemente il mitragliamento del nemico, ostacolando nell\u2019azione e resisteva fino a che non sopraggiungevano i rinforzi\u201d, Ivanoswka \u2013 Russia 24 dicembre 1942. Vincenzo De Pra, aiutante di battaglione alpino, nato a Ponte nelle Alpi il 26 maggio 1891: \u201cSotto l\u2019intenso fuoco della difesa, alla testa di 7 uomini, si slanciava con mirabile ardire nelle forti trincee ed impegnavasi, rimanendo egli stesso ferito\u201d. Col del Cuch (Monte Grappa), 26 ottobre 1916. Luciano Groposo, sergente maggiore degli alpini, nato a Ponte nelle Alpi il 12 aprile 1923: \u201cDurante un attacco nemico, venuto a mancare il proprio caposquadra lo sostituiva e portava coraggiosamente gli uomini al contrattacco incitandoli con l\u2019esempio. Ferito ad una gamba, noncurante del dolore continuava nell\u2019azione mantenendo fino all\u2019esaurimento il comando della squadra\u201d. Vendrecia, 13 febbraio 1941. Francesco Faneo, soldato di fanteria nato a Ponte nelle Alpi il 5 dicembre 1883: \u201cIn un accanito corpo a corpo con l\u2019avversario superiore di numero diede mirabile prova di slancio arditamente e sprezzo del pericolo, lottando strenuamente\u201d. Catturato dal nemico \u2013 Monfenera 23 giugno 1918. Carlo Pierobon, sergente degli alpini, nato a Ponte nelle Alpi il 26 agosto 1891: \u201cAddetto ad una sezione di mitragliatrici, pi\u00f9 volte si slanciava con altri reparti al contrattacco di forze nemiche numericamente superiori. Audacissimo ed intrepido, recavasi insieme con un sergente a catturare una mitragliatrice avversaria. Ferito, rimaneva saldo al proprio posto di combattimento ricusando di entrare in luogo di cura\u201d. Monte Val Bulla, 26 giugno-2 luglio 1918. Angelo Bernard, partigiano, nato a Ponte nelle Alpi l\u20198 maggio 1918: \u201cComandante di una compagnia di partigiani conduceva valorosamente il suo reparto all\u2019attacco di due presidi nemici e, dopo furiosa lotta a colpi di bombe a mano li costringeva alla resa. Bella figura di audace partigiano continuatore delle virt\u00f9 militari della sua gente\u201d. Puos d\u2019Alpago, 11 aprile 1945. Luigi Pierobon, nato a Ponte nelle Alpi il 2 luglio 1915 e morto all\u2019aeroporto di Catania il 5 luglio 1940 in seguito a ferite per bombardamento terrestre: \u201cPilota di caccia abile e ardito\u2026 partecipava a numerose azioni belliche, distinguendosi per audacia ed aggressivit\u00e0. Impegnato in due accaniti scontri con la caccia nemica, si batteva coraggiosamente a rientrava alla base ferito e con l\u2019apparecchio ripetutamente colpito\u201d. Comune di Tambre: Antonio Bortoluzzi, sergente maggiore dl 7. Reggimento alpini, nato a Tambre il 24 agosto 1890: \u201cComandante di una sezione pistole mitragliatrici, in ogni occasione distinguevasi per slancio e coraggio. Su di una posizione recentemente conquistata, sotto il violento concentramento di tiro dell\u2019artiglieria avversaria, esponendosi dove pi\u00f9 grave era il pericolo, raccoglieva e riordinava i suoi soldati, col mirabile esempio della sua serena fermezza congiunto al fervore della sua parola, li rincuorava ed incitava alla resistenza finch\u00e9 venne colpito a morte\u201d. Monte Valderoa (Monte Grappa), 27 ottobre 1918. Giovanni Bona, fu Giovanni e di Bortoluzzi Rita, nato a Tambre il 3 luglio 1918, paracadutista del 1. Squadrone di ricognizione \u201cFolgore\u201d: \u201cParacadutista lanciato in territorio fortemente presidiato dal nemico, gi\u00e0 in allarme, disceso isolato dal resto della sua squadra, si difendeva a lungo dall\u2019azione di una pattuglia di rastrellamento infliggendo gravi perdite. Allontanatosi dalla zona e riunitosi a due altri paracadutisti compiva atti di sabotaggio su strade e linee telegrafiche, Catturato mentre attaccava una colonna nemica in ritirata e rinchiuso in una casa con tre sentinelle, sfruttando il momento propizio ne abbatteva una e con le armi del nemico costringeva alla resa gli altri due tedeschi che consegnava poi al reparto alleato che giungeva poco dopo sul posto\u201d. Sud Ferrara, 20-21 aprile 1945. Antonio Bona, nato a Tambre il 4 giugno 1888, maresciallo degli alpini, emigrato a Cismon il 6 febbraio 1926. \u201cDecorato perch\u00e9 comandante di plotone in due attacchi contro forti trinceramenti nemici, diede prova di mirabile valore giungendo primo sulle posizioni avversarie. Ferito gravemente al petto continuava a combattere\u201d. Baches-Bach, 14-17 agosto 1915. Luigi De March, fu Antonio e di De Demo Teresa, nato a Borsoi di Tambre il 17 giugno 1917, caporale del 7. Reggimento Alpini: \u201cCaporale tiratore, sconvolta la postazione per lo scoppio di una granata, spostava il fucile mitragliatore allo scoperto, fatto segno a violento fuoco, dirigeva il tiro contro elementi nemici incalzanti, irridendo alle loro basse insolenze. Esaurite le munizioni e colpito in pieno da una bomba a mano, cadeva abbracciato alla propria arma, che aveva difeso fino all\u2019ultimo\u201d. M. Bregianit (fronte greco) 24 dicembre 1940. Nel libro, De Nale ricordava che il comandante del 7. Alpini, colonnello A. Frati invi\u00f2 una lettera di cordoglio alla famiglia del caduto scrivendo fra l\u2019altro. \u201cIl vostro caro Luigi \u00e8 deceduto da prode soldato sul campo dell\u2019onore, da vero e bravo alpino al servizio del Re e della Patria. Alla sua memoria tutto il reggimento si inchina riverente e grato. Vi sia di conforto il pensiero che la memoria del vostro caro scomparso, vive e vivr\u00e0 nei cuori degli alpini del 7. e che l\u2019Italia trova, nel sacrificio dei suoi figli, la propria grandezza\u2026\u201d.<\/p>\n<p>&nbsp;<\/p>\n\n\t\t\t<style type='text\/css'>\n\t\t\t\t#gallery-6 {\n\t\t\t\t\tmargin: auto;\n\t\t\t\t}\n\t\t\t\t#gallery-6 .gallery-item {\n\t\t\t\t\tfloat: left;\n\t\t\t\t\tmargin-top: 10px;\n\t\t\t\t\ttext-align: center;\n\t\t\t\t\twidth: 20%;\n\t\t\t\t}\n\t\t\t\t#gallery-6 img {\n\t\t\t\t\tborder: 2px solid #cfcfcf;\n\t\t\t\t}\n\t\t\t\t#gallery-6 .gallery-caption {\n\t\t\t\t\tmargin-left: 0;\n\t\t\t\t}\n\t\t\t\t\/* see gallery_shortcode() in wp-includes\/media.php *\/\n\t\t\t<\/style>\n\t\t<div id='gallery-6' class='dt-gallery-container gallery galleryid-228045 gallery-columns-5 gallery-size-thumbnail'><dl class='gallery-item'>\n\t\t\t\t<dt class='gallery-icon landscape'>\n\t\t\t\t\t<a class=\"rollover rollover-zoom dt-pswp-item\" title=\"235317014_317671266709258_5263088367296504152_n\" data-dt-img-description=\"\" data-large_image_width=\"320\" data-large_image_height=\"205\"href='https:\/\/www.radiopiu.net\/wordpress\/wp-content\/uploads\/2021\/08\/235317014_317671266709258_5263088367296504152_n.jpg'><img loading=\"lazy\" decoding=\"async\" width=\"150\" height=\"150\" src=\"https:\/\/www.radiopiu.net\/wordpress\/wp-content\/uploads\/2021\/08\/235317014_317671266709258_5263088367296504152_n-150x150.jpg\" class=\"attachment-thumbnail size-thumbnail\" alt=\"\" \/><\/a>\n\t\t\t\t<\/dt><\/dl><dl class='gallery-item'>\n\t\t\t\t<dt class='gallery-icon landscape'>\n\t\t\t\t\t<a class=\"rollover rollover-zoom dt-pswp-item\" title=\"236118504_1248706072225749_410075625579006691_n\" data-dt-img-description=\"\" data-large_image_width=\"294\" data-large_image_height=\"171\"href='https:\/\/www.radiopiu.net\/wordpress\/wp-content\/uploads\/2021\/08\/236118504_1248706072225749_410075625579006691_n.jpg'><img loading=\"lazy\" decoding=\"async\" width=\"150\" height=\"150\" src=\"https:\/\/www.radiopiu.net\/wordpress\/wp-content\/uploads\/2021\/08\/236118504_1248706072225749_410075625579006691_n-150x150.jpg\" class=\"attachment-thumbnail size-thumbnail\" alt=\"\" \/><\/a>\n\t\t\t\t<\/dt><\/dl><dl class='gallery-item'>\n\t\t\t\t<dt class='gallery-icon landscape'>\n\t\t\t\t\t<a class=\"rollover rollover-zoom dt-pswp-item\" title=\"236206070_338021171376534_3938850236390504491_n\" data-dt-img-description=\"\" data-large_image_width=\"258\" data-large_image_height=\"196\"href='https:\/\/www.radiopiu.net\/wordpress\/wp-content\/uploads\/2021\/08\/236206070_338021171376534_3938850236390504491_n.jpg'><img loading=\"lazy\" decoding=\"async\" width=\"150\" height=\"150\" src=\"https:\/\/www.radiopiu.net\/wordpress\/wp-content\/uploads\/2021\/08\/236206070_338021171376534_3938850236390504491_n-150x150.jpg\" class=\"attachment-thumbnail size-thumbnail\" alt=\"\" \/><\/a>\n\t\t\t\t<\/dt><\/dl><dl class='gallery-item'>\n\t\t\t\t<dt class='gallery-icon landscape'>\n\t\t\t\t\t<a class=\"rollover rollover-zoom dt-pswp-item\" title=\"234370218_3027535124230244_4131322844072708196_n\" data-dt-img-description=\"\" data-large_image_width=\"320\" data-large_image_height=\"204\"href='https:\/\/www.radiopiu.net\/wordpress\/wp-content\/uploads\/2021\/08\/234370218_3027535124230244_4131322844072708196_n.jpg'><img loading=\"lazy\" decoding=\"async\" width=\"150\" height=\"150\" src=\"https:\/\/www.radiopiu.net\/wordpress\/wp-content\/uploads\/2021\/08\/234370218_3027535124230244_4131322844072708196_n-150x150.jpg\" class=\"attachment-thumbnail size-thumbnail\" alt=\"\" \/><\/a>\n\t\t\t\t<\/dt><\/dl><dl class='gallery-item'>\n\t\t\t\t<dt class='gallery-icon landscape'>\n\t\t\t\t\t<a class=\"rollover rollover-zoom dt-pswp-item\" title=\"236544770_395290882216081_5183407984275964065_n\" data-dt-img-description=\"\" data-large_image_width=\"259\" data-large_image_height=\"194\"href='https:\/\/www.radiopiu.net\/wordpress\/wp-content\/uploads\/2021\/08\/236544770_395290882216081_5183407984275964065_n.jpg'><img loading=\"lazy\" decoding=\"async\" width=\"150\" height=\"150\" src=\"https:\/\/www.radiopiu.net\/wordpress\/wp-content\/uploads\/2021\/08\/236544770_395290882216081_5183407984275964065_n-150x150.jpg\" class=\"attachment-thumbnail size-thumbnail\" alt=\"\" \/><\/a>\n\t\t\t\t<\/dt><\/dl><br style=\"clear: both\" \/>\n\t\t\t<\/div>\n\n<p>NELLE FOTO (Google, Wikipedia, Montegrappa.org, letteredon-wordpress): soldati italiani a Col del Cuch; visione del Monfenera; Posto Jali in Russia; il francese Vallone des glaciers; Vendrecia, altra zona di combattimenti.<\/p>\n<p>&nbsp;<\/p>\n<hr \/>\n<p>&nbsp;<\/p>\n<blockquote class=\"wp-embedded-content\" data-secret=\"kF74tpsxHi\"><p><a href=\"https:\/\/www.radiopiu.net\/wordpress\/i-misteri-di-alleghe-di-sergio-saviane-alla-radio-con-lattore-roberto-faoro-il-podcast\/\">&#8220;I MISTERI DI ALLEGHE DI SERGIO SAVIANE&#8221; ALLA RADIO CON L&#8217;ATTORE ROBERTO FAORO &#8211; IL PODCAST<\/a><\/p><\/blockquote>\n<p><iframe loading=\"lazy\" class=\"wp-embedded-content\" sandbox=\"allow-scripts\" security=\"restricted\" style=\"position: absolute; clip: rect(1px, 1px, 1px, 1px);\" title=\"&#8220;&#8220;I MISTERI DI ALLEGHE DI SERGIO SAVIANE&#8221; ALLA RADIO CON L&#8217;ATTORE ROBERTO FAORO &#8211; IL PODCAST&#8221; &#8212; Radio Pi\u00f9\" src=\"https:\/\/www.radiopiu.net\/wordpress\/i-misteri-di-alleghe-di-sergio-saviane-alla-radio-con-lattore-roberto-faoro-il-podcast\/embed\/#?secret=kF74tpsxHi\" data-secret=\"kF74tpsxHi\" width=\"600\" height=\"338\" frameborder=\"0\" marginwidth=\"0\" marginheight=\"0\" scrolling=\"no\"><\/iframe><\/p>\n<h2><\/h2>\n<hr \/>\n<p>&nbsp;<\/p>\n<h2><span style=\"color: #ff6600;\">I PROFESSIONISTI DEL POLIAMBULATORIO AGORDINO RISPONDONO<\/span><\/h2>\n<blockquote class=\"wp-embedded-content\" data-secret=\"AswGyHEY81\"><p><a href=\"https:\/\/www.radiopiu.net\/wordpress\/i-professionisti-del-poliambulatorio-agordino-rispondono\/\">I PROFESSIONISTI DEL POLIAMBULATORIO AGORDINO RISPONDONO<\/a><\/p><\/blockquote>\n<p><iframe loading=\"lazy\" class=\"wp-embedded-content\" sandbox=\"allow-scripts\" security=\"restricted\" style=\"position: absolute; clip: rect(1px, 1px, 1px, 1px);\" title=\"&#8220;I PROFESSIONISTI DEL POLIAMBULATORIO AGORDINO RISPONDONO&#8221; &#8212; Radio Pi\u00f9\" src=\"https:\/\/www.radiopiu.net\/wordpress\/i-professionisti-del-poliambulatorio-agordino-rispondono\/embed\/#?secret=AswGyHEY81\" data-secret=\"AswGyHEY81\" width=\"600\" height=\"338\" frameborder=\"0\" marginwidth=\"0\" marginheight=\"0\" scrolling=\"no\"><\/iframe><\/p>\n<p>&nbsp;<\/p>\n<hr \/>\n<p>&nbsp;<\/p>\n<blockquote class=\"wp-embedded-content\" data-secret=\"SdJkwr6rgK\"><p><a href=\"https:\/\/www.radiopiu.net\/wordpress\/plastic-free-per-un-mondo-senza-plastica\/\">PLASTIC FREE per un mondo senza plastica<\/a><\/p><\/blockquote>\n<p><iframe loading=\"lazy\" class=\"wp-embedded-content\" sandbox=\"allow-scripts\" security=\"restricted\" style=\"position: absolute; clip: rect(1px, 1px, 1px, 1px);\" title=\"&#8220;PLASTIC FREE per un mondo senza plastica&#8221; &#8212; Radio Pi\u00f9\" src=\"https:\/\/www.radiopiu.net\/wordpress\/plastic-free-per-un-mondo-senza-plastica\/embed\/#?secret=SdJkwr6rgK\" data-secret=\"SdJkwr6rgK\" width=\"600\" height=\"338\" frameborder=\"0\" marginwidth=\"0\" marginheight=\"0\" scrolling=\"no\"><\/iframe><\/p>\n<p>&nbsp;<\/p>\n<hr \/>\n<p>&nbsp;<\/p>\n<blockquote class=\"wp-embedded-content\" data-secret=\"GMuHlICGRA\"><p><a href=\"https:\/\/www.radiopiu.net\/wordpress\/da-ieri-alla-radio-in-palinsesto-loris-e-maurizio-con-la-grande-musica\/\">IL BLUES ALLA RADIO &#8230; COME NON L&#8217;AVETE MAI SENTITO PRIMA<\/a><\/p><\/blockquote>\n<p><iframe loading=\"lazy\" class=\"wp-embedded-content\" sandbox=\"allow-scripts\" security=\"restricted\" style=\"position: absolute; clip: rect(1px, 1px, 1px, 1px);\" title=\"&#8220;IL BLUES ALLA RADIO &#8230; COME NON L&#8217;AVETE MAI SENTITO PRIMA&#8221; &#8212; Radio Pi\u00f9\" src=\"https:\/\/www.radiopiu.net\/wordpress\/da-ieri-alla-radio-in-palinsesto-loris-e-maurizio-con-la-grande-musica\/embed\/#?secret=GMuHlICGRA\" data-secret=\"GMuHlICGRA\" width=\"600\" height=\"338\" frameborder=\"0\" marginwidth=\"0\" marginheight=\"0\" scrolling=\"no\"><\/iframe><\/p>\n<p>&nbsp;<\/p>\n<hr \/>\n<p>&nbsp;<\/p>\n<div>\n<div class=\"mkdf-post-text\">\n<div class=\"mkdf-post-text-inner\">\n<div class=\"mkdf-post-text-main\">\n<div class=\"mkdf-post-text\">\n<div class=\"mkdf-post-text-inner\">\n<div class=\"mkdf-post-text-main\">\n<div class=\"mkdf-post-text\">\n<div class=\"mkdf-post-text-inner\">\n<div class=\"mkdf-post-text-main\">\n<div class=\"page-title-head hgroup\">\n<div class=\"page-title-head hgroup\">\n<div class=\"page-title-breadcrumbs\">\n<div class=\"mkdf-post-text\">\n<div class=\"mkdf-post-text-inner\">\n<div class=\"mkdf-post-text-main\">\n<div class=\"mkdf-post-text\">\n<div class=\"mkdf-post-text-inner\">\n<div class=\"mkdf-post-text-main\">\n<div class=\"page-title-head hgroup\">\n<div class=\"page-title-head hgroup\">\n<div class=\"mkdf-post-text\">\n<div class=\"mkdf-post-text-inner\">\n<div class=\"mkdf-post-text-main\">\n<div class=\"mkdf-post-text\">\n<div class=\"mkdf-post-text-inner\">\n<div class=\"mkdf-post-text-main\">\n<div class=\"page-title-head hgroup\">\n<div class=\"page-title-head hgroup\">\n<div class=\"page-title-head hgroup\">\n<div class=\"page-title-head hgroup\">\n<div class=\"b654a4as d2edcug0\">\n<div class=\"page-title-head hgroup\">\n<div class=\"page-title-head hgroup\">\n<div class=\"mkdf-post-text\">\n<div class=\"mkdf-post-text-inner\">\n<div class=\"mkdf-post-text-main\">\n<div class=\"mkdf-post-text\">\n<div class=\"mkdf-post-text-inner\">\n<div class=\"mkdf-post-text-main\">\n<div class=\"mkdf-post-text\">\n<div class=\"mkdf-post-text-inner\">\n<div class=\"mkdf-post-text-main\">\n<div class=\"page-title-head hgroup\">\n<div class=\"page-title-head hgroup\">\n<div class=\"mkdf-post-text\">\n<div class=\"mkdf-post-text-inner\">\n<div class=\"mkdf-post-text-main\">\n<div class=\"mkdf-post-text\">\n<div class=\"mkdf-post-text-inner\">\n<div class=\"mkdf-post-text-main\">\n<div class=\"page-title-head hgroup\">\n<div class=\"page-title-head hgroup\">\n<div class=\"page-title-head hgroup\">\n<div class=\"page-title-head hgroup\">\n<div class=\"b654a4as d2edcug0\">\n<div class=\"page-title-head hgroup\">\n<div class=\"page-title-head hgroup\">\n<div class=\"page-title-head hgroup\">\n<div class=\"page-title-head hgroup\">\n<div class=\"b654a4as d2edcug0\">\n<div>\n<div class=\"mkdf-post-text\">\n<div class=\"mkdf-post-text-inner\">\n<div class=\"mkdf-post-text-main\">\n<div class=\"mkdf-post-text\">\n<div class=\"mkdf-post-text-inner\">\n<div class=\"mkdf-post-text-main\">\n<div class=\"mkdf-post-text\">\n<div class=\"mkdf-post-text-inner\">\n<div class=\"mkdf-post-text-main\">\n<div class=\"page-title-head hgroup\">\n<div class=\"page-title-head hgroup\">\n<div class=\"page-title-breadcrumbs\">\n<div class=\"mkdf-post-text\">\n<div class=\"mkdf-post-text-inner\">\n<div class=\"mkdf-post-text-main\">\n<div class=\"mkdf-post-text\">\n<div class=\"mkdf-post-text-inner\">\n<div class=\"mkdf-post-text-main\">\n<div class=\"page-title-head hgroup\">\n<div class=\"page-title-head hgroup\">\n<div class=\"mkdf-post-text\">\n<div class=\"mkdf-post-text-inner\">\n<div class=\"mkdf-post-text-main\">\n<h2><strong><span style=\"color: #ff0000;\">QUINDICINALE APPUNTAMENTO ALLA RADIO<\/span><\/strong><\/h2>\n<blockquote>\n<h3><a style=\"font-size: 14px; font-weight: normal;\" href=\"https:\/\/www.radiopiu.net\/wordpress\/giornale-radiopiu-06-febbraio-2019-direttore-mirko-mezzacasa\/logo_spi-cgil-800x445\/\" rel=\"attachment wp-att-75538\"><img loading=\"lazy\" decoding=\"async\" class=\"wp-image-75538 alignleft\" src=\"https:\/\/www.radiopiu.net\/wordpress\/wp-content\/uploads\/2019\/02\/Logo_Spi-CGIL-800x445-300x167.jpg\" alt=\"\" width=\"210\" height=\"117\" srcset=\"https:\/\/www.radiopiu.net\/wordpress\/wp-content\/uploads\/2019\/02\/Logo_Spi-CGIL-800x445-300x167.jpg 300w, https:\/\/www.radiopiu.net\/wordpress\/wp-content\/uploads\/2019\/02\/Logo_Spi-CGIL-800x445-768x427.jpg 768w, https:\/\/www.radiopiu.net\/wordpress\/wp-content\/uploads\/2019\/02\/Logo_Spi-CGIL-800x445.jpg 800w\" sizes=\"auto, (max-width: 210px) 100vw, 210px\" \/><\/a><\/h3>\n<\/blockquote>\n<blockquote>\n<h3>ALLA RADIO, APPUNTAMENTO QUINDICINALE CON SPI-CGIL BELLUNO, IN STUDIO MARIA RITA GENTILIN<\/h3>\n<\/blockquote>\n<p><strong>di Claudio Fontanive\u00a0<\/strong><\/p>\n<p><span style=\"color: #ff0000;\"><strong>PUNTATA DEL\u00a0 22 luglio 2021<br \/>\n<\/strong><\/span><\/p>\n<audio class=\"wp-audio-shortcode\" id=\"audio-228045-14\" preload=\"none\" style=\"width: 100%;\" controls=\"controls\"><source type=\"audio\/mpeg\" src=\"https:\/\/www.radiopiu.net\/wordpress\/wp-content\/uploads\/2021\/07\/spi-cgil-22-luglio.mp3?_=14\" \/><a href=\"https:\/\/www.radiopiu.net\/wordpress\/wp-content\/uploads\/2021\/07\/spi-cgil-22-luglio.mp3\">https:\/\/www.radiopiu.net\/wordpress\/wp-content\/uploads\/2021\/07\/spi-cgil-22-luglio.mp3<\/a><\/audio>\n<p><span style=\"color: #ff0000;\"><strong>\u00a0 \u00a0<\/strong><\/span><\/p>\n<p>&nbsp;<\/p>\n<hr \/>\n<p>&nbsp;<\/p>\n<div class=\"mkdf-post-text\">\n<div class=\"mkdf-post-text-inner\">\n<div class=\"mkdf-post-text-main\">\n<div class=\"page-title-head hgroup\">\n<div class=\"page-title-head hgroup\">\n<div class=\"page-title-head hgroup\">\n<div class=\"page-title-head hgroup\">\n<div class=\"b654a4as d2edcug0\">\n<blockquote>\n<blockquote>\n<h2><a href=\"https:\/\/www.radiopiu.net\/wordpress\/speciale-solidarieta-veneto\/solidarieta-veneto-3\/\" rel=\"attachment wp-att-134366\"><img loading=\"lazy\" decoding=\"async\" class=\"wp-image-134366 alignleft\" src=\"https:\/\/www.radiopiu.net\/wordpress\/wp-content\/uploads\/2020\/05\/solidariet\u00e0-veneto-300x210.jpg\" alt=\"\" width=\"102\" height=\"71\" srcset=\"https:\/\/www.radiopiu.net\/wordpress\/wp-content\/uploads\/2020\/05\/solidariet\u00e0-veneto-300x210.jpg 300w, https:\/\/www.radiopiu.net\/wordpress\/wp-content\/uploads\/2020\/05\/solidariet\u00e0-veneto-1024x717.jpg 1024w, https:\/\/www.radiopiu.net\/wordpress\/wp-content\/uploads\/2020\/05\/solidariet\u00e0-veneto-768x538.jpg 768w, https:\/\/www.radiopiu.net\/wordpress\/wp-content\/uploads\/2020\/05\/solidariet\u00e0-veneto.jpg 1373w\" sizes=\"auto, (max-width: 102px) 100vw, 102px\" \/><\/a>SOLIDARIETA&#8217; VENETO FONDO PENSIONE, IN ONDA IL PRIMO VENERDI DEL MESE ALLE 10.30 E ALLE 19.00 QUINTA STAGIONE<\/h2>\n<\/blockquote>\n<h2><strong><span style=\"color: #ff0000;\">AUDIO LUGLIO\u00a0 AGOSTO 2021<\/span><\/strong><\/h2>\n<\/blockquote>\n<audio class=\"wp-audio-shortcode\" id=\"audio-228045-15\" preload=\"none\" style=\"width: 100%;\" controls=\"controls\"><source type=\"audio\/mpeg\" src=\"https:\/\/www.radiopiu.net\/wordpress\/wp-content\/uploads\/2021\/07\/solidarieta-veneto-luglio-agosto.mp3-2021.mp3?_=15\" \/><a href=\"https:\/\/www.radiopiu.net\/wordpress\/wp-content\/uploads\/2021\/07\/solidarieta-veneto-luglio-agosto.mp3-2021.mp3\">https:\/\/www.radiopiu.net\/wordpress\/wp-content\/uploads\/2021\/07\/solidarieta-veneto-luglio-agosto.mp3-2021.mp3<\/a><\/audio>\n<p>&nbsp;<\/p>\n<h2>LA RACCOLTA COMPLETA<\/h2>\n<blockquote class=\"wp-embedded-content\" data-secret=\"wBLjUgOMti\"><p><a href=\"https:\/\/www.radiopiu.net\/wordpress\/solidarieta-veneto\/\">Solidariet\u00e0 Veneto<\/a><\/p><\/blockquote>\n<p><iframe loading=\"lazy\" class=\"wp-embedded-content\" sandbox=\"allow-scripts\" security=\"restricted\" style=\"position: absolute; clip: rect(1px, 1px, 1px, 1px);\" title=\"&#8220;Solidariet\u00e0 Veneto&#8221; &#8212; Radio Pi\u00f9\" src=\"https:\/\/www.radiopiu.net\/wordpress\/solidarieta-veneto\/embed\/#?secret=wBLjUgOMti\" data-secret=\"wBLjUgOMti\" width=\"600\" height=\"338\" frameborder=\"0\" marginwidth=\"0\" marginheight=\"0\" scrolling=\"no\"><\/iframe><\/p>\n<blockquote>\n<h2><\/h2>\n<\/blockquote>\n<p>&nbsp;<\/p>\n<p>&nbsp;<\/p>\n<hr \/>\n<p>&nbsp;<\/p>\n<div>\n<div class=\"b654a4as d2edcug0\">\n<div class=\"rq0escxv hkbzh7o3 jwdofwj8 n8tt0mok r8blr3vg hyh9befq\">\n<p><a class=\"dt-pswp-item\" href=\"https:\/\/www.radiopiu.net\/wordpress\/wp-content\/uploads\/2020\/10\/pp.jpg\" data-dt-img-description=\"\" data-large_image_width=\"640\" data-large_image_height=\"640\"><img loading=\"lazy\" decoding=\"async\" class=\"wp-image-163678 alignleft\" src=\"https:\/\/www.radiopiu.net\/wordpress\/wp-content\/uploads\/2020\/10\/pp-300x300.jpg\" alt=\"\" width=\"106\" height=\"106\" srcset=\"https:\/\/www.radiopiu.net\/wordpress\/wp-content\/uploads\/2020\/10\/pp-300x300.jpg 300w, https:\/\/www.radiopiu.net\/wordpress\/wp-content\/uploads\/2020\/10\/pp-150x150.jpg 150w, https:\/\/www.radiopiu.net\/wordpress\/wp-content\/uploads\/2020\/10\/pp-125x125.jpg 125w, https:\/\/www.radiopiu.net\/wordpress\/wp-content\/uploads\/2020\/10\/pp-200x200.jpg 200w, https:\/\/www.radiopiu.net\/wordpress\/wp-content\/uploads\/2020\/10\/pp-80x80.jpg 80w, https:\/\/www.radiopiu.net\/wordpress\/wp-content\/uploads\/2020\/10\/pp-480x480.jpg 480w, https:\/\/www.radiopiu.net\/wordpress\/wp-content\/uploads\/2020\/10\/pp.jpg 640w\" sizes=\"auto, (max-width: 106px) 100vw, 106px\" \/><\/a><\/p>\n<\/div>\n<\/div>\n<\/div>\n<div>\n<div class=\"page-title-head hgroup\">\n<div class=\"page-title-head hgroup\">\n<div class=\"b654a4as d2edcug0\">\n<div class=\"j83agx80 btwxx1t3 lhclo0ds hop8lmos nkwizq5d scwd0bx6 roh60bw9\">\n<div class=\"rq0escxv hkbzh7o3 jwdofwj8 n8tt0mok r8blr3vg hyh9befq\">\n<div class=\"do00u71z l9j0dhe7 k4urcfbm\">\n<h2><span style=\"color: #000080;\">DON CESARE, IL PENSIERO DEL GIORNO. ALLA RADIO ALLE 7 DEL MATTINO E ALLE 19.30 DELLA SERA.\u00a0\u00a0<\/span><\/h2>\n<\/div>\n<\/div>\n<\/div>\n<div><\/div>\n<div><\/div>\n<div>\n<audio class=\"wp-audio-shortcode\" id=\"audio-228045-16\" preload=\"none\" style=\"width: 100%;\" controls=\"controls\"><source type=\"audio\/mpeg\" src=\"https:\/\/www.radiopiu.net\/wordpress\/wp-content\/uploads\/2021\/08\/cesare-10.mp3?_=16\" \/><a href=\"https:\/\/www.radiopiu.net\/wordpress\/wp-content\/uploads\/2021\/08\/cesare-10.mp3\">https:\/\/www.radiopiu.net\/wordpress\/wp-content\/uploads\/2021\/08\/cesare-10.mp3<\/a><\/audio>\n<\/div>\n<\/div>\n<\/div>\n<div class=\"page-title-head hgroup\">\n<p>&nbsp;<\/p>\n<hr \/>\n<p class=\"b654a4as d2edcug0\"><span style=\"color: #ff6600;\"> \u00a0<\/span><\/p>\n<h2>GIROVAGANDO ALLA RADIO, PUNTATA 12<\/h2>\n<p><strong><a href=\"https:\/\/www.radiopiu.net\/wordpress\/girovagando-alla-radio-puntata-12\/95940461-e5ea-4383-bbbc-47da17421cd1\/\" rel=\"attachment wp-att-227759\"><img loading=\"lazy\" decoding=\"async\" class=\"size-medium wp-image-227759 alignleft\" src=\"https:\/\/www.radiopiu.net\/wordpress\/wp-content\/uploads\/2021\/08\/95940461-e5ea-4383-bbbc-47da17421cd1-300x225.jpg\" alt=\"\" width=\"300\" height=\"225\" srcset=\"https:\/\/www.radiopiu.net\/wordpress\/wp-content\/uploads\/2021\/08\/95940461-e5ea-4383-bbbc-47da17421cd1-300x225.jpg 300w, https:\/\/www.radiopiu.net\/wordpress\/wp-content\/uploads\/2021\/08\/95940461-e5ea-4383-bbbc-47da17421cd1-1024x768.jpg 1024w, https:\/\/www.radiopiu.net\/wordpress\/wp-content\/uploads\/2021\/08\/95940461-e5ea-4383-bbbc-47da17421cd1-768x576.jpg 768w, https:\/\/www.radiopiu.net\/wordpress\/wp-content\/uploads\/2021\/08\/95940461-e5ea-4383-bbbc-47da17421cd1-1536x1152.jpg 1536w, https:\/\/www.radiopiu.net\/wordpress\/wp-content\/uploads\/2021\/08\/95940461-e5ea-4383-bbbc-47da17421cd1.jpg 1600w\" sizes=\"auto, (max-width: 300px) 100vw, 300px\" \/><\/a>Collaborazione Thomas Soppera<\/strong><\/p>\n<p>&nbsp;<\/p>\n<p><strong>PUNTATA DEL 16 AGOSTO 2021<\/strong><\/p>\n<audio class=\"wp-audio-shortcode\" id=\"audio-228045-17\" preload=\"none\" style=\"width: 100%;\" controls=\"controls\"><source type=\"audio\/mpeg\" src=\"https:\/\/www.radiopiu.net\/wordpress\/wp-content\/uploads\/2021\/08\/GIROVAGANDO-12.mp3?_=17\" \/><a href=\"https:\/\/www.radiopiu.net\/wordpress\/wp-content\/uploads\/2021\/08\/GIROVAGANDO-12.mp3\">https:\/\/www.radiopiu.net\/wordpress\/wp-content\/uploads\/2021\/08\/GIROVAGANDO-12.mp3<\/a><\/audio>\n<p>&nbsp;<\/p>\n<h2><span style=\"color: #ff0000;\">LA RACCOLTA COMPLETA\u00a0<\/span><\/h2>\n<blockquote class=\"wp-embedded-content\" data-secret=\"G2eEDLmKbY\"><p><a href=\"https:\/\/www.radiopiu.net\/wordpress\/girovagando-in-e-bike-tra-le-dolomiti\/\">GIROVAGANDO IN E BIKE TRA LE DOLOMITI<\/a><\/p><\/blockquote>\n<p><iframe loading=\"lazy\" class=\"wp-embedded-content\" sandbox=\"allow-scripts\" security=\"restricted\" style=\"position: absolute; clip: rect(1px, 1px, 1px, 1px);\" title=\"&#8220;GIROVAGANDO IN E BIKE TRA LE DOLOMITI&#8221; &#8212; Radio Pi\u00f9\" src=\"https:\/\/www.radiopiu.net\/wordpress\/girovagando-in-e-bike-tra-le-dolomiti\/embed\/#?secret=G2eEDLmKbY\" data-secret=\"G2eEDLmKbY\" width=\"600\" height=\"338\" frameborder=\"0\" marginwidth=\"0\" marginheight=\"0\" scrolling=\"no\"><\/iframe><\/p>\n<p>\u200b<\/p>\n<p>\u200b<\/p>\n<hr \/>\n<\/div>\n<\/div>\n<\/div>\n<\/div>\n<\/div>\n<\/div>\n<\/div>\n<\/div>\n<\/div>\n<\/div>\n<\/div>\n<\/div>\n<\/div>\n<\/div>\n<\/div>\n<\/div>\n<\/div>\n<\/div>\n<\/div>\n<\/div>\n<\/div>\n<\/div>\n<\/div>\n<div class=\"mkdf-post-text\">\n<div class=\"mkdf-post-text-inner\">\n<div class=\"mkdf-post-text-main\">\n<div class=\"mkdf-post-text\">\n<div class=\"mkdf-post-text-inner\">\n<div class=\"mkdf-post-text-main\">\n<div>\n<div class=\"page-title-head hgroup\">\n<div class=\"page-title-head hgroup\">\n<div class=\"page-title-head hgroup\">\n<div class=\"page-title-head hgroup\">\n<div class=\"b654a4as d2edcug0\">\n<div class=\"page-title-head hgroup\">\n<div class=\"page-title-head hgroup\">\n<p>&nbsp;<\/p>\n<\/div>\n<\/div>\n<\/div>\n<\/div>\n<\/div>\n<\/div>\n<\/div>\n<\/div>\n<\/div>\n<\/div>\n<\/div>\n<\/div>\n<\/div>\n<\/div>\n<\/div>\n<\/div>\n<\/div>\n<\/div>\n<\/div>\n<\/div>\n<\/div>\n<\/div>\n<\/div>\n<\/div>\n<\/div>\n<\/div>\n<blockquote>\n<h3><\/h3>\n<h3>COLLAGE&#8230; DI LORIS SCUSSEL dal lunedi al venerdi alle 16 e alle 23 su RADIO PIU<\/h3>\n<\/blockquote>\n<div>\n<p><img loading=\"lazy\" decoding=\"async\" class=\"alignleft\" src=\"https:\/\/www.radiopiu.net\/wordpress\/wp-content\/uploads\/2021\/05\/Schermata-2021-05-23-alle-11.50.11.png\" width=\"186\" height=\"131\" \/><\/p>\n<div>\n<p>Il programma \u00e8 andato in onda da dicembre 2013 fino a luglio 2019, comprese le repliche, in due serie per 350 puntate complessive con 1.890 brani trasmessi. L\u2019obiettivo del programma: riproporre agli ascoltatori pi\u00f9 grandicelli le canzoni che ascoltavano nel passato e nello stesso tempo farle conoscere anche ai pi\u00f9 giovani.<\/p>\n<\/div>\n<\/div>\n<div>\n<p><b>\u00a0\u00a0<\/b><\/p>\n<p><strong>PUNTATA 412 DEL 17 AGOSTO 2021<\/strong><\/p>\n<audio class=\"wp-audio-shortcode\" id=\"audio-228045-18\" preload=\"none\" style=\"width: 100%;\" controls=\"controls\"><source type=\"audio\/mpeg\" src=\"https:\/\/www.radiopiu.net\/wordpress\/wp-content\/uploads\/2021\/08\/Collage-412.mp3?_=18\" \/><a href=\"https:\/\/www.radiopiu.net\/wordpress\/wp-content\/uploads\/2021\/08\/Collage-412.mp3\">https:\/\/www.radiopiu.net\/wordpress\/wp-content\/uploads\/2021\/08\/Collage-412.mp3<\/a><\/audio>\n<p>&nbsp;<\/p>\n<\/div>\n<\/div>\n<\/div>\n<\/div>\n<\/div>\n<\/div>\n<\/div>\n<\/div>\n<\/div>\n<\/div>\n<\/div>\n<\/div>\n<\/div>\n<\/div>\n<\/div>\n<\/div>\n<\/div>\n<\/div>\n<\/div>\n<\/div>\n<\/div>\n<\/div>\n<\/div>\n<\/div>\n<\/div>\n<\/div>\n<\/div>\n<\/div>\n<\/div>\n<\/div>\n<\/div>\n<\/div>\n<\/div>\n<\/div>\n<\/div>\n<\/div>\n<\/div>\n<\/div>\n<\/div>\n<\/div>\n<\/div>\n<\/div>\n<\/div>\n<\/div>\n<\/div>\n<\/div>\n<\/div>\n<\/div>\n<\/div>\n<\/div>\n<\/div>\n<\/div>\n<\/div>\n<\/div>\n<\/div>\n<\/div>\n<\/div>\n<\/div>\n<\/div>\n<\/div>\n<\/div>\n<\/div>\n<div>\n<hr \/>\n<p>&nbsp;<\/p>\n<div>\n<div class=\"b654a4as d2edcug0\">\n<div class=\"rq0escxv hkbzh7o3 jwdofwj8 n8tt0mok r8blr3vg hyh9befq\">\n<div class=\"b654a4as d2edcug0\">\n<div class=\"b654a4as d2edcug0\">\n<div>\n<div class=\"b654a4as d2edcug0\">\n<div class=\"rq0escxv hkbzh7o3 jwdofwj8 n8tt0mok r8blr3vg hyh9befq\">\n<div class=\"b654a4as d2edcug0\">\n<h2><\/h2>\n<div class=\"b654a4as d2edcug0\">\n<h2><span style=\"color: #008000;\">ERBE E PIANTE CURATIVE&#8230;IL\u00a0 PROGRAMMA DI PAOLA LANCIATO\u00a0\u00a0<\/span><\/h2>\n<blockquote class=\"wp-embedded-content\" data-secret=\"TLN9gDT53n\"><p><a href=\"https:\/\/www.radiopiu.net\/wordpress\/erbavoglio\/\">L&#8217;ERBA VOGLIO DEL GIARDINO DEL RE&#8230; Erbe, fiori e Piante di e con Paola Lanciato<\/a><\/p><\/blockquote>\n<p><iframe loading=\"lazy\" class=\"wp-embedded-content\" sandbox=\"allow-scripts\" security=\"restricted\" style=\"position: absolute; clip: rect(1px, 1px, 1px, 1px);\" title=\"&#8220;L&#8217;ERBA VOGLIO DEL GIARDINO DEL RE&#8230; Erbe, fiori e Piante di e con Paola Lanciato&#8221; &#8212; Radio Pi\u00f9\" src=\"https:\/\/www.radiopiu.net\/wordpress\/erbavoglio\/embed\/#?secret=TLN9gDT53n\" data-secret=\"TLN9gDT53n\" width=\"600\" height=\"338\" frameborder=\"0\" marginwidth=\"0\" marginheight=\"0\" scrolling=\"no\"><\/iframe><\/p>\n<\/div>\n<p>&nbsp;<\/p>\n<\/div>\n<\/div>\n<\/div>\n<\/div>\n<p>&nbsp;<\/p>\n<\/div>\n<\/div>\n<\/div>\n<\/div>\n<\/div>\n<p>&nbsp;<\/p>\n<hr \/>\n<p>&nbsp;<\/p>\n<div>\n<h2><span style=\"color: #ff0000;\"><strong>IN VIVO VERSO 2020-21 ESTATE, RIASCOLTIAMOLI&#8230; DAL CASSETTO DEI RICORDI DI RADIO PIU&#8217;&#8230; LE PRIME\u00a0 SEI STAGIONI\u00a0 \u00a0<\/strong><\/span><\/h2>\n<h3><em>riascoltiamole MUTE PAROLE di BRUNO DELL&#8217;AGNOLA<\/em><\/h3>\n<p>AUDIO<\/p>\n<audio class=\"wp-audio-shortcode\" id=\"audio-228045-19\" preload=\"none\" style=\"width: 100%;\" controls=\"controls\"><source type=\"audio\/mpeg\" src=\"https:\/\/www.radiopiu.net\/wordpress\/wp-content\/uploads\/2021\/08\/BRUNO-DELLAGNOLA-3-MUTE-PAROLE.mp3?_=19\" \/><a href=\"https:\/\/www.radiopiu.net\/wordpress\/wp-content\/uploads\/2021\/08\/BRUNO-DELLAGNOLA-3-MUTE-PAROLE.mp3\">https:\/\/www.radiopiu.net\/wordpress\/wp-content\/uploads\/2021\/08\/BRUNO-DELLAGNOLA-3-MUTE-PAROLE.mp3<\/a><\/audio>\n<p>&nbsp;<\/p>\n<p>&nbsp;<\/p>\n<div class=\"page-title-head hgroup\">\n<div class=\"page-title-head hgroup\">\n<div class=\"page-title-head hgroup\">\n<div class=\"page-title-head hgroup\">\n<div class=\"page-title-head hgroup\">\n<div class=\"page-title-head hgroup\">\n<blockquote><p><strong>LA RACCOLTA COMPLETA\u00a0<\/strong><\/p><\/blockquote>\n<blockquote class=\"wp-embedded-content\" data-secret=\"BQHOftiIAL\"><p><a href=\"https:\/\/www.radiopiu.net\/wordpress\/in-vivo-verso\/\">In Vivo Verso<\/a><\/p><\/blockquote>\n<p><iframe loading=\"lazy\" class=\"wp-embedded-content\" sandbox=\"allow-scripts\" security=\"restricted\" style=\"position: absolute; clip: rect(1px, 1px, 1px, 1px);\" title=\"&#8220;In Vivo Verso&#8221; &#8212; Radio Pi\u00f9\" src=\"https:\/\/www.radiopiu.net\/wordpress\/in-vivo-verso\/embed\/#?secret=BQHOftiIAL\" data-secret=\"BQHOftiIAL\" width=\"600\" height=\"338\" frameborder=\"0\" marginwidth=\"0\" marginheight=\"0\" scrolling=\"no\"><\/iframe><\/p>\n<\/div>\n<\/div>\n<\/div>\n<\/div>\n<\/div>\n<\/div>\n<p>&nbsp;<\/p>\n<hr \/>\n<\/div>\n<blockquote>\n<blockquote>\n<h2><\/h2>\n<\/blockquote>\n<\/blockquote>\n<div>\n<div class=\"b654a4as d2edcug0\">\n<div class=\"rq0escxv hkbzh7o3 jwdofwj8 n8tt0mok r8blr3vg hyh9befq\">\n<blockquote>\n<h2><span style=\"color: #ff0000;\"><em>ZAINO ALLA RADIO&#8230;ESTATE DI PAOLA LANCIATO\u00a0<\/em><\/span><\/h2>\n<p><strong>LA RACCOLTA COMPLETA\u00a0<\/strong><\/p><\/blockquote>\n<blockquote class=\"wp-embedded-content\" data-secret=\"JSgtq6FyuS\"><p><a href=\"https:\/\/www.radiopiu.net\/wordpress\/zaino-femminile-lanciato\/\">Zaino da viaggio al femminile<\/a><\/p><\/blockquote>\n<p><iframe loading=\"lazy\" class=\"wp-embedded-content\" sandbox=\"allow-scripts\" security=\"restricted\" style=\"position: absolute; clip: rect(1px, 1px, 1px, 1px);\" title=\"&#8220;Zaino da viaggio al femminile&#8221; &#8212; Radio Pi\u00f9\" src=\"https:\/\/www.radiopiu.net\/wordpress\/zaino-femminile-lanciato\/embed\/#?secret=JSgtq6FyuS\" data-secret=\"JSgtq6FyuS\" width=\"600\" height=\"338\" frameborder=\"0\" marginwidth=\"0\" marginheight=\"0\" scrolling=\"no\"><\/iframe><\/p>\n<p>&nbsp;<\/p>\n<\/div>\n<\/div>\n<\/div>\n<hr \/>\n<div><\/div>\n<div>\n<div class=\"page-title-head hgroup\">\n<div class=\"page-title-head hgroup\">\n<div class=\"page-title-head hgroup\">\n<div class=\"page-title-head hgroup\">\n<div class=\"page-title-head hgroup\">\n<div>\n<div class=\"b654a4as d2edcug0\">\u00a0 \u00a0 \u00a0<strong style=\"color: #800080;\">LA RASSEGNA STAMPA DA L&#8217;AMICO DEL POPOLO\u00a0<\/strong><\/div>\n<\/div>\n<\/div>\n<\/div>\n<\/div>\n<\/div>\n<\/div>\n<\/div>\n<div>\n<div class=\"page-title-head hgroup\">\n<div class=\"page-title-head hgroup\">\n<div class=\"page-title-head hgroup\">\n<div class=\"page-title-head hgroup\">\n<div class=\"b654a4as d2edcug0\">\n<div class=\"page-title-head hgroup\">\n<div class=\"page-title-head hgroup\">\n<div class=\"page-title-head hgroup\">\n<div class=\"page-title-head hgroup\">\n<div class=\"b654a4as d2edcug0\">\n<div>\n<h3 class=\"kvgmc6g5 cxmmr5t8 oygrvhab hcukyx3x c1et5uql\"><span style=\"color: #0000ff;\"> INFORMAZIONE il canale su TELEGRAM informazione di prima mano e in tempo reale. iscriviti ed aiutaci a farlo conoscere\u00a0\u00a0<\/span><\/h3>\n<h3 class=\"kvgmc6g5 cxmmr5t8 oygrvhab hcukyx3x c1et5uql\"><span style=\"color: #0000ff;\"><a href=\"https:\/\/www.radiopiu.net\/wordpress\/la-rassegna-stampa-da-lamico-del-popolo-dal-delta-del-po-roberta-marcolongo\/e5418f0b-a75b-4afb-b3d2-8d97d6a76353\/\" rel=\"attachment wp-att-227850\"><img loading=\"lazy\" decoding=\"async\" class=\"size-medium wp-image-227850 alignleft\" src=\"https:\/\/www.radiopiu.net\/wordpress\/wp-content\/uploads\/2021\/08\/e5418f0b-a75b-4afb-b3d2-8d97d6a76353-300x169.jpg\" alt=\"\" width=\"300\" height=\"169\" srcset=\"https:\/\/www.radiopiu.net\/wordpress\/wp-content\/uploads\/2021\/08\/e5418f0b-a75b-4afb-b3d2-8d97d6a76353-300x169.jpg 300w, https:\/\/www.radiopiu.net\/wordpress\/wp-content\/uploads\/2021\/08\/e5418f0b-a75b-4afb-b3d2-8d97d6a76353-1024x577.jpg 1024w, https:\/\/www.radiopiu.net\/wordpress\/wp-content\/uploads\/2021\/08\/e5418f0b-a75b-4afb-b3d2-8d97d6a76353-768x433.jpg 768w, https:\/\/www.radiopiu.net\/wordpress\/wp-content\/uploads\/2021\/08\/e5418f0b-a75b-4afb-b3d2-8d97d6a76353-1536x866.jpg 1536w, https:\/\/www.radiopiu.net\/wordpress\/wp-content\/uploads\/2021\/08\/e5418f0b-a75b-4afb-b3d2-8d97d6a76353.jpg 2048w\" sizes=\"auto, (max-width: 300px) 100vw, 300px\" \/><\/a> \u00a0<\/span><\/h3>\n<p><strong>OSPITE ROBERTA MARCOLONGO<\/strong><\/p>\n<audio class=\"wp-audio-shortcode\" id=\"audio-228045-20\" preload=\"none\" style=\"width: 100%;\" controls=\"controls\"><source type=\"audio\/mpeg\" src=\"https:\/\/www.radiopiu.net\/wordpress\/wp-content\/uploads\/2021\/08\/RASSEGNA-GIANNI-1.mp3?_=20\" \/><a href=\"https:\/\/www.radiopiu.net\/wordpress\/wp-content\/uploads\/2021\/08\/RASSEGNA-GIANNI-1.mp3\">https:\/\/www.radiopiu.net\/wordpress\/wp-content\/uploads\/2021\/08\/RASSEGNA-GIANNI-1.mp3<\/a><\/audio>\n<p>&nbsp;<\/p>\n<blockquote class=\"wp-embedded-content\" data-secret=\"1qNyNI1Jst\"><p><a href=\"https:\/\/www.radiopiu.net\/wordpress\/rassegna-stampa-di-gianni-santomaso\/\">Rassegna stampa da l&#8217;amico del popolo &#8211; di Gianni Santomaso<\/a><\/p><\/blockquote>\n<p><iframe loading=\"lazy\" class=\"wp-embedded-content\" sandbox=\"allow-scripts\" security=\"restricted\" style=\"position: absolute; clip: rect(1px, 1px, 1px, 1px);\" title=\"&#8220;Rassegna stampa da l&#8217;amico del popolo &#8211; di Gianni Santomaso&#8221; &#8212; Radio Pi\u00f9\" src=\"https:\/\/www.radiopiu.net\/wordpress\/rassegna-stampa-di-gianni-santomaso\/embed\/#?secret=1qNyNI1Jst\" data-secret=\"1qNyNI1Jst\" width=\"600\" height=\"338\" frameborder=\"0\" marginwidth=\"0\" marginheight=\"0\" scrolling=\"no\"><\/iframe><\/p>\n<p>&nbsp;<\/p>\n<hr \/>\n<p>&nbsp;<\/p>\n<h2><span style=\"color: #3366ff;\">SALUTE E SOCIETA&#8217;<\/span><\/h2>\n<p><strong><a href=\"https:\/\/www.radiopiu.net\/wordpress\/giornale-radiopiu-10-agosto-2021-direttore-mirko-mezzacasa\/aaaa-8\/\" rel=\"attachment wp-att-226808\"><img loading=\"lazy\" decoding=\"async\" class=\"size-medium wp-image-226808 alignleft\" src=\"https:\/\/www.radiopiu.net\/wordpress\/wp-content\/uploads\/2021\/08\/aaaa-300x169.png\" alt=\"\" width=\"300\" height=\"169\" srcset=\"https:\/\/www.radiopiu.net\/wordpress\/wp-content\/uploads\/2021\/08\/aaaa-300x169.png 300w, https:\/\/www.radiopiu.net\/wordpress\/wp-content\/uploads\/2021\/08\/aaaa-1024x576.png 1024w, https:\/\/www.radiopiu.net\/wordpress\/wp-content\/uploads\/2021\/08\/aaaa-768x432.png 768w, https:\/\/www.radiopiu.net\/wordpress\/wp-content\/uploads\/2021\/08\/aaaa.png 1280w\" sizes=\"auto, (max-width: 300px) 100vw, 300px\" \/><\/a>PUNTATA DEL 09 AGOSTO 2021<\/strong><\/p>\n<p>Numerose evidenze dimostrano come una aderenza ottimale alla terapia contro il colesterolo sia strettamente associata ad una riduzione del rischio di eventi cardiovascolari nei pazienti in prevenzione primaria e secondaria. Antonella Pitrelli ne ha parlato con Claudio Picariello, Unit\u00e0 di Terapia Intensiva Coronarica, Ospedale di Rovigo, Emanuela Omodeo Sal\u00e9, Divisione di Farmacia, IEO Istituto Europeo di Oncologia<\/p>\n<audio class=\"wp-audio-shortcode\" id=\"audio-228045-21\" preload=\"none\" style=\"width: 100%;\" controls=\"controls\"><source type=\"audio\/mpeg\" src=\"https:\/\/www.radiopiu.net\/wordpress\/wp-content\/uploads\/2021\/08\/SALUTE-1.mp3?_=21\" \/><a href=\"https:\/\/www.radiopiu.net\/wordpress\/wp-content\/uploads\/2021\/08\/SALUTE-1.mp3\">https:\/\/www.radiopiu.net\/wordpress\/wp-content\/uploads\/2021\/08\/SALUTE-1.mp3<\/a><\/audio>\n<p>&nbsp;<\/p>\n<p><strong>LA RACCOLTA COMPLETA<\/strong><\/p>\n<\/div>\n<div dir=\"auto\">\n<blockquote class=\"wp-embedded-content\" data-secret=\"6XeRPsXl8q\"><p><a href=\"https:\/\/www.radiopiu.net\/wordpress\/saluteesocieta\/\">Salute e Societ\u00e0<\/a><\/p><\/blockquote>\n<p><iframe loading=\"lazy\" class=\"wp-embedded-content\" sandbox=\"allow-scripts\" security=\"restricted\" style=\"position: absolute; clip: rect(1px, 1px, 1px, 1px);\" title=\"&#8220;Salute e Societ\u00e0&#8221; &#8212; Radio Pi\u00f9\" src=\"https:\/\/www.radiopiu.net\/wordpress\/saluteesocieta\/embed\/#?secret=6XeRPsXl8q\" data-secret=\"6XeRPsXl8q\" width=\"600\" height=\"338\" frameborder=\"0\" marginwidth=\"0\" marginheight=\"0\" scrolling=\"no\"><\/iframe><\/p>\n<\/div>\n<div dir=\"auto\">\n<h1><\/h1>\n<\/div>\n<div>\n<div class=\"page-title-head hgroup\">\n<div class=\"page-title-head hgroup\">\n<div class=\"page-title-head hgroup\">\n<div>\n<div class=\"b654a4as d2edcug0\">\n<div class=\"rq0escxv hkbzh7o3 jwdofwj8 n8tt0mok r8blr3vg hyh9befq\">\n<hr \/>\n<\/div>\n<\/div>\n<\/div>\n<div>\n<div class=\"page-title-head hgroup\">\n<div class=\"page-title-head hgroup\">\n<div class=\"b654a4as d2edcug0\">\n<p>&nbsp;<\/p>\n<blockquote>\n<h3><img loading=\"lazy\" decoding=\"async\" class=\"alignleft\" src=\"https:\/\/www.radiopiu.net\/wordpress\/wp-content\/uploads\/2021\/06\/fresh-flower-leaves-saffron-white-background-place-your-text-use-saffron-spice-cooking-cosmetology_347372-394.jpeg\" width=\"141\" height=\"94\" \/>L&#8217;ALMANACCO LADINO CON L&#8217;ISTITUT CESA DE JAN QUINDICINALE APPUNTAMENTO. LA DOMENICA ALLE 9 IL LUNEDI ALLE 8.35 IL MARTEDI ALLE 12.35 IL MERCOLEDI ALLE 18.35. SECONDA STAGIONE.<\/h3>\n<\/blockquote>\n<p><strong>\u00a0\u00a0<\/strong><\/p>\n<p>PUNTATA 64 DEL 17 AGOSTO 2021<\/p>\n<audio class=\"wp-audio-shortcode\" id=\"audio-228045-22\" preload=\"none\" style=\"width: 100%;\" controls=\"controls\"><source type=\"audio\/mpeg\" src=\"https:\/\/www.radiopiu.net\/wordpress\/wp-content\/uploads\/2021\/08\/64\u00b0Almanach-Ladin-fodom.mp3?_=22\" \/><a href=\"https:\/\/www.radiopiu.net\/wordpress\/wp-content\/uploads\/2021\/08\/64\u00b0Almanach-Ladin-fodom.mp3\">https:\/\/www.radiopiu.net\/wordpress\/wp-content\/uploads\/2021\/08\/64\u00b0Almanach-Ladin-fodom.mp3<\/a><\/audio>\n<p><strong>\u00a0<\/strong><strong>\u00a0RACCOLTA COMPLETA\u00a0<\/strong><\/p>\n<blockquote class=\"wp-embedded-content\" data-secret=\"Am745s065O\"><p><a href=\"https:\/\/www.radiopiu.net\/wordpress\/almanacco-ladino\/\">Almanacco Ladino<\/a><\/p><\/blockquote>\n<p><iframe loading=\"lazy\" class=\"wp-embedded-content\" sandbox=\"allow-scripts\" security=\"restricted\" style=\"position: absolute; clip: rect(1px, 1px, 1px, 1px);\" title=\"&#8220;Almanacco Ladino&#8221; &#8212; Radio Pi\u00f9\" src=\"https:\/\/www.radiopiu.net\/wordpress\/almanacco-ladino\/embed\/#?secret=Am745s065O\" data-secret=\"Am745s065O\" width=\"600\" height=\"338\" frameborder=\"0\" marginwidth=\"0\" marginheight=\"0\" scrolling=\"no\"><\/iframe><\/p>\n<\/div>\n<div>\n<p>&nbsp;<\/p>\n<hr \/>\n<h2><span style=\"color: #808000;\">DUE MINUTI UN LIBRO\u00a0 TUTTI I GIORNI ALLA RADIO ALLE 9.30 E ALLE 18. QUINTA STAGIONE\u00a0<\/span><\/h2>\n<p>&nbsp;<\/p>\n<p><strong>LA RACCOLTA COMPLETA\u00a0\u00a0<\/strong><\/p>\n<\/div>\n<div>\n<blockquote class=\"wp-embedded-content\" data-secret=\"YNj7mTQex2\"><p><a href=\"https:\/\/www.radiopiu.net\/wordpress\/due-minuti-un-libro\/\">Due minuti un libro<\/a><\/p><\/blockquote>\n<p><iframe loading=\"lazy\" class=\"wp-embedded-content\" sandbox=\"allow-scripts\" security=\"restricted\" style=\"position: absolute; clip: rect(1px, 1px, 1px, 1px);\" title=\"&#8220;Due minuti un libro&#8221; &#8212; Radio Pi\u00f9\" src=\"https:\/\/www.radiopiu.net\/wordpress\/due-minuti-un-libro\/embed\/#?secret=YNj7mTQex2\" data-secret=\"YNj7mTQex2\" width=\"600\" height=\"338\" frameborder=\"0\" marginwidth=\"0\" marginheight=\"0\" scrolling=\"no\"><\/iframe><\/p>\n<p>&nbsp;<\/p>\n<hr \/>\n<p>\u200b<\/p>\n<div>\n<h2><span style=\"color: #33cccc;\">I RACCONTI DI PAOLO SOPPELSA il lunedi alle 9.30 e 18.30<\/span><\/h2>\n<p>&nbsp;<\/p>\n<p>&nbsp;<\/p>\n<blockquote class=\"wp-embedded-content\" data-secret=\"9Or5pvTTio\"><p><a href=\"https:\/\/www.radiopiu.net\/wordpress\/i-racconti-di-paolo-soppelsa\/\">I racconti di Paolo Soppelsa<\/a><\/p><\/blockquote>\n<p><iframe loading=\"lazy\" class=\"wp-embedded-content\" sandbox=\"allow-scripts\" security=\"restricted\" style=\"position: absolute; clip: rect(1px, 1px, 1px, 1px);\" title=\"&#8220;I racconti di Paolo Soppelsa&#8221; &#8212; Radio Pi\u00f9\" src=\"https:\/\/www.radiopiu.net\/wordpress\/i-racconti-di-paolo-soppelsa\/embed\/#?secret=9Or5pvTTio\" data-secret=\"9Or5pvTTio\" width=\"600\" height=\"338\" frameborder=\"0\" marginwidth=\"0\" marginheight=\"0\" scrolling=\"no\"><\/iframe><\/p>\n<p>&nbsp;<\/p>\n<\/div>\n<\/div>\n<hr \/>\n<p>&nbsp;<\/p>\n<div class=\"mkdf-post-text\">\n<div class=\"mkdf-post-text-inner\">\n<div class=\"mkdf-post-text-main\">\n<div class=\"mkdf-post-text\">\n<div class=\"mkdf-post-text-inner\">\n<div class=\"mkdf-post-text-main\">\n<div class=\"mkdf-post-text\">\n<div class=\"mkdf-post-text-inner\">\n<div class=\"mkdf-post-text-main\">\n<div class=\"page-title-head hgroup\">\n<div class=\"page-title-head hgroup\">\n<div class=\"mkdf-post-text\">\n<div class=\"mkdf-post-text-inner\">\n<div class=\"mkdf-post-text-main\">\n<div class=\"mkdf-post-text\">\n<div class=\"mkdf-post-text-inner\">\n<div class=\"mkdf-post-text-main\">\n<div>\n<div class=\"page-title-head hgroup\">\n<div class=\"page-title-head hgroup\">\n<div class=\"page-title-head hgroup\">\n<div class=\"page-title-head hgroup\">\n<div class=\"b654a4as d2edcug0\">\n<div class=\"page-title-head hgroup\">\n<div class=\"page-title-head hgroup\">\n<div class=\"page-title-head hgroup\">\n<div class=\"page-title-head hgroup\">\n<div class=\"b654a4as d2edcug0\">\n<div>\n<div>\n<div>\n<div>\n<div class=\"page-title-head hgroup\">\n<div class=\"page-title-head hgroup\">\n<div class=\"page-title-head hgroup\">\n<div class=\"page-title-head hgroup\">\n<div class=\"b654a4as d2edcug0\">\n<div class=\"page-title-head hgroup\">\n<div class=\"page-title-head hgroup\">\n<div class=\"page-title-head hgroup\">\n<div class=\"page-title-head hgroup\">\n<div class=\"b654a4as d2edcug0\">\n<div>\n<div class=\"page-title-head hgroup\">\n<div class=\"page-title-head hgroup\">\n<div class=\"page-title-head hgroup\">\n<div>\n<div class=\"page-title-head hgroup\">\n<div class=\"page-title-head hgroup\">\n<div class=\"page-title-head hgroup\">\n<p>&nbsp;<\/p>\n<p><a href=\"https:\/\/www.radiopiu.net\/wordpress\/giornale-radiopiu-26-settembre-2018-direttore-mirko-mezzacasa\/viabilita-2\/\" rel=\"attachment wp-att-61954\"><img loading=\"lazy\" decoding=\"async\" class=\"wp-image-61954 size-full aligncenter\" src=\"https:\/\/www.radiopiu.net\/wordpress\/wp-content\/uploads\/2018\/09\/viabilita.jpeg\" alt=\"\" width=\"800\" height=\"100\" srcset=\"https:\/\/www.radiopiu.net\/wordpress\/wp-content\/uploads\/2018\/09\/viabilita.jpeg 800w, https:\/\/www.radiopiu.net\/wordpress\/wp-content\/uploads\/2018\/09\/viabilita-300x38.jpeg 300w, https:\/\/www.radiopiu.net\/wordpress\/wp-content\/uploads\/2018\/09\/viabilita-768x96.jpeg 768w\" sizes=\"auto, (max-width: 800px) 100vw, 800px\" \/><\/a><\/p>\n<blockquote><p><a href=\"https:\/\/www.radiopiu.net\/wordpress\/giornale-radiopiu-09-agosto-2018-direttore-mirko-mezzacasa\/viabilia\/\" rel=\"attachment wp-att-57053\"><img loading=\"lazy\" decoding=\"async\" class=\" wp-image-57053 alignleft\" src=\"https:\/\/www.radiopiu.net\/wordpress\/wp-content\/uploads\/2018\/08\/VIABILIA-300x180.jpeg\" alt=\"\" width=\"220\" height=\"132\" srcset=\"https:\/\/www.radiopiu.net\/wordpress\/wp-content\/uploads\/2018\/08\/VIABILIA-300x180.jpeg 300w, https:\/\/www.radiopiu.net\/wordpress\/wp-content\/uploads\/2018\/08\/VIABILIA-768x461.jpeg 768w, https:\/\/www.radiopiu.net\/wordpress\/wp-content\/uploads\/2018\/08\/VIABILIA-1024x614.jpeg 1024w, https:\/\/www.radiopiu.net\/wordpress\/wp-content\/uploads\/2018\/08\/VIABILIA.jpeg 1280w\" sizes=\"auto, (max-width: 220px) 100vw, 220px\" \/><\/a><\/p><\/blockquote>\n<\/div>\n<\/div>\n<\/div>\n<\/div>\n<\/div>\n<\/div>\n<\/div>\n<\/div>\n<div>\n<div>\n<div class=\"page-title-head hgroup\">\n<div class=\"page-title-head hgroup\">\n<div class=\"page-title-head hgroup\">\n<div class=\"page-title-head hgroup\">\n<div class=\"page-title-head hgroup\">\n<div class=\"page-title-head hgroup\">\n<blockquote><p>La viabilit\u00e0 con gli ultimi aggiornamenti<\/p><\/blockquote>\n<\/div>\n<\/div>\n<\/div>\n<\/div>\n<\/div>\n<\/div>\n<\/div>\n<div><\/div>\n<div><\/div>\n<div>\n<div><\/div>\n<\/div>\n<\/div>\n<\/div>\n<\/div>\n<\/div>\n<\/div>\n<\/div>\n<\/div>\n<\/div>\n<\/div>\n<\/div>\n<\/div>\n<\/div>\n<div>\n<div class=\"page-title-head hgroup\">\n<div class=\"page-title-head hgroup\">\n<div class=\"page-title-head hgroup\">\n<div class=\"page-title-head hgroup\">\n<div class=\"b654a4as d2edcug0\">\n<div>\n<div class=\"page-title-head hgroup\" style=\"text-align: left;\">\n<div class=\"page-title-head hgroup\"><\/div>\n<\/div>\n<\/div>\n<\/div>\n<\/div>\n<\/div>\n<\/div>\n<\/div>\n<\/div>\n<\/div>\n<\/div>\n<\/div>\n<div>\n<div>\n<div class=\"page-title-head hgroup\">\n<div class=\"page-title-head hgroup\">\n<div class=\"page-title-head hgroup\">\n<div class=\"page-title-head hgroup\">\n<div class=\"b654a4as d2edcug0\">\n<div class=\"page-title-head hgroup\">\n<div class=\"page-title-head hgroup\">\n<div class=\"page-title-head hgroup\">\n<div class=\"page-title-head hgroup\">\n<div class=\"b654a4as d2edcug0\">\n<div>\n<div class=\"page-title-head hgroup\">\n<div class=\"page-title-head hgroup\">\n<div class=\"page-title-head hgroup\">\n<div class=\"page-title-head hgroup\">\n<div class=\"page-title-head hgroup\">\n<div>\n<div>\n<audio class=\"wp-audio-shortcode\" id=\"audio-228045-23\" preload=\"none\" style=\"width: 100%;\" controls=\"controls\"><source type=\"audio\/mpeg\" src=\"https:\/\/www.radiopiu.net\/wordpress\/wp-content\/uploads\/2021\/08\/VIABILITA-4.mp3?_=23\" \/><a href=\"https:\/\/www.radiopiu.net\/wordpress\/wp-content\/uploads\/2021\/08\/VIABILITA-4.mp3\">https:\/\/www.radiopiu.net\/wordpress\/wp-content\/uploads\/2021\/08\/VIABILITA-4.mp3<\/a><\/audio>\n<\/div>\n<div><\/div>\n<\/div>\n<\/div>\n<\/div>\n<\/div>\n<\/div>\n<\/div>\n<\/div>\n<\/div>\n<\/div>\n<\/div>\n<\/div>\n<\/div>\n<\/div>\n<\/div>\n<\/div>\n<\/div>\n<\/div>\n<\/div>\n<div>\n<div>\n<div class=\"page-title-head hgroup\">\n<hr \/>\n<p>&nbsp;<\/p>\n<\/div>\n<\/div>\n<\/div>\n<\/div>\n<\/div>\n<\/div>\n<\/div>\n<\/div>\n<\/div>\n<\/div>\n<\/div>\n<\/div>\n<\/div>\n<\/div>\n<\/div>\n<div>\n<div class=\"page-title-head hgroup\">\n<div class=\"page-title-head hgroup\">\n<div>\n<div class=\"page-title-head hgroup\">\n<div class=\"page-title-head hgroup\">\n<div class=\"b654a4as d2edcug0\">\n<div>\n<div class=\"page-title-head hgroup\" style=\"text-align: left;\">\n<div class=\"page-title-head hgroup\">\n<div dir=\"auto\">\n<p><a class=\"dt-pswp-item pspw-wrap-ready\" href=\"https:\/\/i0.wp.com\/www.radiopiu.net\/wordpress\/wp-content\/uploads\/2018\/09\/WhatsApp-Image-2018-09-20-at-16.04.06.jpeg?ssl=1\" data-dt-img-description=\"\" data-large_image_width=\"800\" data-large_image_height=\"100\"><img loading=\"lazy\" decoding=\"async\" class=\"aligncenter wp-image-61378 size-full jetpack-lazy-image jetpack-lazy-image--handled\" src=\"https:\/\/i0.wp.com\/www.radiopiu.net\/wordpress\/wp-content\/uploads\/2018\/09\/WhatsApp-Image-2018-09-20-at-16.04.06.jpeg?resize=800%2C100&amp;ssl=1\" sizes=\"auto, (max-width: 800px) 100vw, 800px\" srcset=\"https:\/\/i0.wp.com\/www.radiopiu.net\/wordpress\/wp-content\/uploads\/2018\/09\/WhatsApp-Image-2018-09-20-at-16.04.06.jpeg?w=800&amp;ssl=1 800w, https:\/\/i0.wp.com\/www.radiopiu.net\/wordpress\/wp-content\/uploads\/2018\/09\/WhatsApp-Image-2018-09-20-at-16.04.06.jpeg?resize=300%2C38&amp;ssl=1 300w, https:\/\/i0.wp.com\/www.radiopiu.net\/wordpress\/wp-content\/uploads\/2018\/09\/WhatsApp-Image-2018-09-20-at-16.04.06.jpeg?resize=768%2C96&amp;ssl=1 768w\" alt=\"\" width=\"800\" height=\"100\" data-lazy-loaded=\"1\" \/><\/a><\/p>\n<\/div>\n<\/div>\n<\/div>\n<\/div>\n<\/div>\n<\/div>\n<\/div>\n<\/div>\n<\/div>\n<\/div>\n<\/div>\n<\/div>\n<\/div>\n<\/div>\n<\/div>\n<\/div>\n<\/div>\n<\/div>\n<\/div>\n<\/div>\n<\/div>\n<\/div>\n<\/div>\n<\/div>\n<\/div>\n<\/div>\n<\/div>\n<\/div>\n<p>&nbsp;<\/p>\n<p><center><b>Mercoledi 18<\/b><\/center><b>Tempo atteso: <\/b>Nottetempo eventuale breve fase piovosa con cielo temporaneamente nuvoloso su alcuni settori dolomitici. Dal primo mattino rasserenamenti e tempo in prevalenza soleggiato con cielo sereno e ottima visibilit\u00e0 ovunque. Al pomeriggio il tempo rimarr\u00e0 buono e in prevalenza soleggiato, in quanto la presenza dei cumuli a ridosso delle cime rimarr\u00e0 assai modesta. Il contesto termico sar\u00e0 fresco all&#8217;alba, mentre ci sar\u00e0 una gradevole mitezza diurna nelle valli grazie al buon e prolungato soleggiamento, situazione diversa in quota per scorrimento di aria ancora fresca.<br \/>\n<b>Precipitazioni: <\/b>Nella notte probabilit\u00e0 di qualche piovasco, specie sulle Dolomiti (20\/30%). In giornata precipitazioni assenti (0%). Gli apporti notturni saranno sparsi e modesti (0-2 mm).<br \/>\n<b>Temperature: <\/b>Minime in calo in quota (la notte scorsa -2\u00b0C in Marmolada, la prossima si scender\u00e0 a -3\u00b0C) e in aumento nelle valli; massime in leggera diminuzione in quota e stazionarie nelle valli. Su Prealpi a 1500 m min 10\u00b0C max 15\u00b0C, a 2000 m min 7\u00b0C max 11\u00b0C. Su Dolomiti a 2000 m min 5\u00b0C max 12\u00b0C, a 3000 m min -1\u00b0C max 2\u00b0C.<br \/>\n<b>Venti: <\/b>Nelle valli perlopi\u00f9 deboli a regime di brezza, localmente e a tratti moderati nei settori solitamente pi\u00f9 ventilati; in quota deboli nord-occidentali, a tratti moderati sulle cime pi\u00f9 alte per rinforzi erratici, a 5-10 km\/h a 2000 m e 10-25 km\/h a 3000 m.<\/p>\n<hr \/>\n<p><center><b>Giovedi 19<\/b><\/center><b>Tempo atteso: <\/b>Tempo ancora in prevalenza soleggiato con cielo sereno al mattino e poco nuvoloso al pomeriggio per modesta attivit\u00e0 cumuliforme, localmente anche moderata, ma senza fenomeni, eccetto qualche goccia in serata. Il contesto termico diurno beneficer\u00e0 del buon soleggiamento e dell&#8217;avvezione pomeridiana di aria pi\u00f9 calda in quota.<br \/>\n<b>Precipitazioni: <\/b>Assenti (0%), salvo isolati piovaschi serali sulle Dolomiti settentrionali (10\/20%).<br \/>\n<b>Temperature: <\/b>In generale lieve rialzo, eccetto stazionariet\u00e0 delle minime nei fondovalle. Sono previste punte di 27\/29\u00b0C nei fondovalle prealpini e di 23\/26\u00b0C a 1000\/1200 m. Su Prealpi a 1500 m min 11\u00b0C max 17\u00b0C, a 2000 m min 8\u00b0C max 14\u00b0C. Su Dolomiti a 2000 m min 6\u00b0C max 15\u00b0C, a 3000 m min 2\u00b0C max 5\u00b0C.<br \/>\n<b>Venti: <\/b>Nelle valli perlopi\u00f9 deboli a regime di brezza, localmente e a tratti moderati nei settori solitamente pi\u00f9 ventilati; in quota deboli\/moderati occidentali al mattino, da nord-ovest al pomeriggio, a 5-10 km\/h a 2000 m e 15-20 km\/h a 3000 m.<\/p>\n<hr \/>\n<p><center><b>Venerdi 20<\/b><\/center>Tempo ben soleggiato al mattino, mentre si avr\u00e0 una maggiore attivit\u00e0 cumuliforme al pomeriggio associato a qualche fenomeno convettivo sulle Dolomiti, sporadicamente gi\u00e0 al pomeriggio e sopratutto alla sera, con rovesci e temporali sparsi, specie sulle zone confinanti con il Trentino e l&#8217;Alto Adige. Temperature senza notevoli variazioni di rilievo sia in quota che nelle valli. Venti deboli da sud-ovest in quota; a regime di brezze nelle valli, con eventuali rinforzi in caso di temporale.<\/p>\n<hr \/>\n<p><center><b>Sabato 21<\/b><\/center>Stupenda giornata tardo-estiva con sole prevalente, cielo perlopi\u00f9 sereno, visibilit\u00e0 ottima. La presenza di aria secca limiter\u00e0 l&#8217;attivit\u00e0 cumuliforme delle ore pi\u00f9 calde. Temperature in generale lieve rialzo. Venti a regime di brezza nelle valli e deboli\/moderati da nord nord-ovest in quota. Previsore: R.L.Th.<\/p>\n<p>&nbsp;<\/p>\n<div class=\"mkdf-post-text\">\n<div class=\"mkdf-post-text-inner\">\n<hr \/>\n<p>&nbsp;<\/p>\n<p><img loading=\"lazy\" decoding=\"async\" class=\"wp-image-60761 size-full aligncenter\" src=\"https:\/\/www.radiopiu.net\/wordpress\/wp-content\/uploads\/2018\/09\/sport.jpg\" alt=\"\" width=\"800\" height=\"100\" srcset=\"https:\/\/www.radiopiu.net\/wordpress\/wp-content\/uploads\/2018\/09\/sport.jpg 800w, https:\/\/www.radiopiu.net\/wordpress\/wp-content\/uploads\/2018\/09\/sport-300x38.jpg 300w, https:\/\/www.radiopiu.net\/wordpress\/wp-content\/uploads\/2018\/09\/sport-768x96.jpg 768w\" sizes=\"auto, (max-width: 800px) 100vw, 800px\" \/><\/p>\n<p>&nbsp;<\/p>\n<blockquote>\n<h3>ALESSANDRO GRAZIANI ALLA DA ROLD LOGISTIC BELLUNO<\/h3>\n<\/blockquote>\n<p><strong><a href=\"https:\/\/www.radiopiu.net\/wordpress\/giornale-radiopiu-18-agosto-2021-direttore-mirko-mezzacasa\/alessandro_graziani_10\/\" rel=\"attachment wp-att-228080\"><img loading=\"lazy\" decoding=\"async\" class=\"size-medium wp-image-228080 alignleft\" src=\"https:\/\/www.radiopiu.net\/wordpress\/wp-content\/uploads\/2021\/08\/Alessandro_Graziani_10-300x278.jpg\" alt=\"\" width=\"300\" height=\"278\" srcset=\"https:\/\/www.radiopiu.net\/wordpress\/wp-content\/uploads\/2021\/08\/Alessandro_Graziani_10-300x278.jpg 300w, https:\/\/www.radiopiu.net\/wordpress\/wp-content\/uploads\/2021\/08\/Alessandro_Graziani_10-1024x948.jpg 1024w, https:\/\/www.radiopiu.net\/wordpress\/wp-content\/uploads\/2021\/08\/Alessandro_Graziani_10-768x711.jpg 768w, https:\/\/www.radiopiu.net\/wordpress\/wp-content\/uploads\/2021\/08\/Alessandro_Graziani_10.jpg 1177w\" sizes=\"auto, (max-width: 300px) 100vw, 300px\" \/><\/a>BELLUNO <\/strong>\u00c8 un vero e proprio influencer del volley. Basti pensare che, su Instagram, lo seguono in 130mila: un fiume di follower. Cura il proprio fisico in maniera certosina, \u00e8 diventato un volto noto anche del piccolo schermo ed \u00e8 legato sentimentalmente a un\u2019atleta reduce dalle Olimpiadi di Tokyo: Letizia Paternoster, sopraffina interprete del ciclismo su pista e pilastro della Nazionale azzurra.\u00a0A livello pallavolistico, invece, si appresta ad affrontare la terza stagione in A3 della sua carriera, dopo le esperienze a Sabaudia e a Portomaggiore. Il riferimento \u00e8 ad Alessandro Graziani, uno dei colpi del mercato estivo, targato Da Rold Logistics Belluno: \u00ab<em>La societ\u00e0 ha dimostrato fin da subito di credere in me &#8211; spiega lo schiacciatore originario di Genova &#8211; tanto da avermi cercato quando la squadra era ancora impegnata nei playoff di serie B. Poi non \u00e8 arrivata la promozione sul campo, ma il desiderio e la determinazione di salire in A mi hanno conquistato. Volevo un club che avesse ambizione. E qui l\u2019ho trovato<\/em>\u00bb.\u00a0l 29enne martello \u00e8 pronto per la nuova avventura all\u2019ombra delle Dolomiti: \u00ab<em>L\u2019ultima stagione non \u00e8 stata esaltante e, per questo, non vedo l\u2019ora di mettermi a disposizione del gruppo e di coach Diego Poletto. Il progetto \u00e8 importante: io e la Pallavolo Belluno vogliamo crescere insieme<\/em>\u00bb.<\/p>\n<\/div>\n<\/div>\n<\/div>\n<\/div>\n<\/div>\n<\/div>\n<\/div>\n<\/div>\n<\/div>\n<\/div>\n<\/div>\n<\/div>\n<\/div>\n<\/div>\n<\/div>\n<\/div>\n<\/div>\n<\/div>\n<\/div>\n<\/div>\n<\/div>\n<p>&nbsp;<\/p>\n<\/div>\n<\/div>\n<\/div>\n<audio class=\"wp-audio-shortcode\" id=\"audio-228045-24\" preload=\"none\" style=\"width: 100%;\" controls=\"controls\"><source type=\"audio\/mpeg\" src=\"https:\/\/www.radiopiu.net\/wordpress\/wp-content\/uploads\/2021\/08\/A_27.mp3?_=24\" \/><a href=\"https:\/\/www.radiopiu.net\/wordpress\/wp-content\/uploads\/2021\/08\/A_27.mp3\">https:\/\/www.radiopiu.net\/wordpress\/wp-content\/uploads\/2021\/08\/A_27.mp3<\/a><\/audio>\n<\/div>","protected":false},"excerpt":{"rendered":"<p>COMPRIAMO UNA MACCHINA ATTREZZATA PER RICCARDO SOSPIROLO\u00a0Radio Pi\u00f9 appoggia l\u2019iniziativa di\u00a0 Agostino Tegner il pap\u00e0 di Riccardo, poche parole le sue ma piene di significato\u00a0\u201cIo e mia moglie stiamo invecchiando e non riusciamo pi\u00f9\u00a0a trasportare come si deve il nostro ragazzo, che necessita di una macchina attrezzata con un piano ribassato con pedana\u201d. Per questo&hellip;<\/p>\n","protected":false},"author":4,"featured_media":228152,"comment_status":"closed","ping_status":"open","sticky":false,"template":"","format":"standard","meta":{"_monsterinsights_skip_tracking":false,"_monsterinsights_sitenote_active":false,"_monsterinsights_sitenote_note":"","_monsterinsights_sitenote_category":0,"footnotes":""},"categories":[1,51,86,49],"tags":[],"class_list":["post-228045","post","type-post","status-publish","format-standard","has-post-thumbnail","hentry","category-senza-categoria","category-evidenza-top","category-gr","category-news-18","category-1","category-51","category-86","category-49","description-off"],"img_url":"https:\/\/www.radiopiu.net\/wordpress\/wp-content\/uploads\/2021\/08\/8c3811ad-c9ad-4293-9729-a9fa61eccc8d.jpg","_links":{"self":[{"href":"https:\/\/www.radiopiu.net\/wordpress\/wp-json\/wp\/v2\/posts\/228045","targetHints":{"allow":["GET"]}}],"collection":[{"href":"https:\/\/www.radiopiu.net\/wordpress\/wp-json\/wp\/v2\/posts"}],"about":[{"href":"https:\/\/www.radiopiu.net\/wordpress\/wp-json\/wp\/v2\/types\/post"}],"author":[{"embeddable":true,"href":"https:\/\/www.radiopiu.net\/wordpress\/wp-json\/wp\/v2\/users\/4"}],"replies":[{"embeddable":true,"href":"https:\/\/www.radiopiu.net\/wordpress\/wp-json\/wp\/v2\/comments?post=228045"}],"version-history":[{"count":0,"href":"https:\/\/www.radiopiu.net\/wordpress\/wp-json\/wp\/v2\/posts\/228045\/revisions"}],"wp:featuredmedia":[{"embeddable":true,"href":"https:\/\/www.radiopiu.net\/wordpress\/wp-json\/wp\/v2\/media\/228152"}],"wp:attachment":[{"href":"https:\/\/www.radiopiu.net\/wordpress\/wp-json\/wp\/v2\/media?parent=228045"}],"wp:term":[{"taxonomy":"category","embeddable":true,"href":"https:\/\/www.radiopiu.net\/wordpress\/wp-json\/wp\/v2\/categories?post=228045"},{"taxonomy":"post_tag","embeddable":true,"href":"https:\/\/www.radiopiu.net\/wordpress\/wp-json\/wp\/v2\/tags?post=228045"}],"curies":[{"name":"wp","href":"https:\/\/api.w.org\/{rel}","templated":true}]}}