{"id":228107,"date":"2021-08-17T23:59:10","date_gmt":"2021-08-17T21:59:10","guid":{"rendered":"https:\/\/www.radiopiu.net\/wordpress\/?p=228107"},"modified":"2021-08-18T06:05:28","modified_gmt":"2021-08-18T04:05:28","slug":"venerdi-al-nof-filo-la-presentazione-del-libro-la-campana-di-marbach","status":"publish","type":"post","link":"https:\/\/www.radiopiu.net\/wordpress\/venerdi-al-nof-filo-la-presentazione-del-libro-la-campana-di-marbach\/","title":{"rendered":"VENERDI&#8217; AL NOF FILO&#8217; LA PRESENTAZIONE DEL LIBRO &#8220;LA CAMPANA DI MARBACH&#8221;"},"content":{"rendered":"<p><strong><a href=\"https:\/\/www.radiopiu.net\/wordpress\/venerdi-al-nof-filo-la-presentazione-del-libro-la-campana-di-marbach\/copertina-libro-r-martinoni\/\" rel=\"attachment wp-att-228108\"><img loading=\"lazy\" decoding=\"async\" class=\"size-medium wp-image-228108 alignleft\" src=\"https:\/\/www.radiopiu.net\/wordpress\/wp-content\/uploads\/2021\/08\/copertina-libro-R.Martinoni-194x300.jpg\" alt=\"\" width=\"194\" height=\"300\" srcset=\"https:\/\/www.radiopiu.net\/wordpress\/wp-content\/uploads\/2021\/08\/copertina-libro-R.Martinoni-194x300.jpg 194w, https:\/\/www.radiopiu.net\/wordpress\/wp-content\/uploads\/2021\/08\/copertina-libro-R.Martinoni.jpg 364w\" sizes=\"auto, (max-width: 194px) 100vw, 194px\" \/><\/a>di Luisa Manfroi<\/strong><\/p>\n<p><strong>CENCENIGHE <\/strong>\u00c8 dello scorso ottobre la pubblicazione del libro di Renato Martinoni \u201cLa campana di Marbach &#8211; Antonio Ligabue. Romanzo dell\u2019artista da giovane\u201d edito da Guanda. Un libro nel quale l\u2019autore si sofferma sulla giovinezza di Ligabue trascorsa nella Svizzera tedesca prima di partire forzatamente per la campagna emiliana. Un racconto che non dimentica le origini agordine dell\u2019artista, quelle della madre e con molta probabilit\u00e0 \u00a0anche quelle del padre biologico, rimasto ignoto. Un romanzo che Dacia Maraini ha definito \u201camaro e struggente, in bilico tra la biografia e la fiaba lirica\u201d nel quale Renato Martinoni mette in risalto gli anni dell\u2019infanzia e della giovinezza del grande pittore, quelli elvetici, riservando ampio spazio ai luoghi della famiglia materna, alla loro storia, all\u2019emigrazione, alle tragedie e alla magia delle valli e delle montagne dolomitiche. Per Cencenighe era doveroso invitare l\u2019autore\u00a0 ad illustrare il suo ultimo lavoro visto che \u00e8 il comune di nascita della madre di Ligabue, Maria Elisabetta Costa. Martinoni sar\u00e0 infatti presente al Nof Fil\u00f2 venerd\u00ec 20 agosto alle ore 20.30 per spiegare il libro e illustrarne \u00a0il contenuto scoprendo le curiosit\u00e0 del dietro le quinte. Professore emerito di letteratura italiana all\u2019Universit\u00e0 di San Gallo, studioso, filologo e scrittore, ha gi\u00e0 avuto modo\u00a0 di approfondire la figura e la personalit\u00e0 di Antonio Ligabue attraverso l\u2019indagine documentale rivolta \u00a0particolarmente\u00a0 agli anni della giovinezza trascorsa in Svizzera, dove era nato nel 1899 e in cui visse fino a vent\u2019anni, quando fu espulso per essere mandato a Gualtieri, comune del padre adottivo Bonfiglio Laccabue. Una ricerca sortita nella pubblicazione \u201cAntonio Ligabue. Gli anni della formazione\u201d che ha preceduto quest\u2019ultimo lavoro il cui titolo, \u201cLa campana di Marbach\u201d, fa proprio riferimento al ricordo del suono delle campane sentite durante l\u2019infanzia in terra elvetica e \u00a0rimasti sempre presenti, insieme ad altri, nella mente complessa del \u201cMat\u201d, del \u201cTodesch\u201d, epiteti con i quali lungo il Po si era soliti indicare Ligabue. L\u2019artista non ha mai avuto modo di conoscere i luoghi di origine di sua madre Maria Elisabetta, ma lo fa Martinoni che in tre capitoli del romanzo evoca\u00a0 ambienti e situazioni all\u2019origine della partenza della Costa per la Svizzera, legata probabilmente al fatto di aspettare un figlio concepito senza avere la garanzia del supporto di un padre dopo la nascita, \u201cen fiol de contrabando\u201d\u00a0 come si sarebbe detto in paese e\u00a0 per questo oggetto di pregiudizi. L\u2019appuntamento con la grande narrativa d\u2019autore al Nof Fil\u00f2 di Cencenighe \u00e8 organizzato dal Comune,\u00a0 Biblioteca e Pro Loco.<\/p>\n<p>&nbsp;<\/p>\n<p>&nbsp;<\/p>\n<p>&nbsp;<\/p>\n<p>*****<\/p>\n","protected":false},"excerpt":{"rendered":"<p>di Luisa Manfroi CENCENIGHE \u00c8 dello scorso ottobre la pubblicazione del libro di Renato Martinoni \u201cLa campana di Marbach &#8211; Antonio Ligabue. Romanzo dell\u2019artista da giovane\u201d edito da Guanda. Un libro nel quale l\u2019autore si sofferma sulla giovinezza di Ligabue trascorsa nella Svizzera tedesca prima di partire forzatamente per la campagna emiliana. Un racconto che&hellip;<\/p>\n","protected":false},"author":4,"featured_media":228108,"comment_status":"closed","ping_status":"open","sticky":false,"template":"","format":"standard","meta":{"_monsterinsights_skip_tracking":false,"_monsterinsights_sitenote_active":false,"_monsterinsights_sitenote_note":"","_monsterinsights_sitenote_category":0,"footnotes":""},"categories":[104,49],"tags":[],"class_list":["post-228107","post","type-post","status-publish","format-standard","has-post-thumbnail","hentry","category-evidenza_3","category-news-18","category-104","category-49","description-off"],"img_url":"https:\/\/www.radiopiu.net\/wordpress\/wp-content\/uploads\/2021\/08\/copertina-libro-R.Martinoni.jpg","_links":{"self":[{"href":"https:\/\/www.radiopiu.net\/wordpress\/wp-json\/wp\/v2\/posts\/228107","targetHints":{"allow":["GET"]}}],"collection":[{"href":"https:\/\/www.radiopiu.net\/wordpress\/wp-json\/wp\/v2\/posts"}],"about":[{"href":"https:\/\/www.radiopiu.net\/wordpress\/wp-json\/wp\/v2\/types\/post"}],"author":[{"embeddable":true,"href":"https:\/\/www.radiopiu.net\/wordpress\/wp-json\/wp\/v2\/users\/4"}],"replies":[{"embeddable":true,"href":"https:\/\/www.radiopiu.net\/wordpress\/wp-json\/wp\/v2\/comments?post=228107"}],"version-history":[{"count":0,"href":"https:\/\/www.radiopiu.net\/wordpress\/wp-json\/wp\/v2\/posts\/228107\/revisions"}],"wp:featuredmedia":[{"embeddable":true,"href":"https:\/\/www.radiopiu.net\/wordpress\/wp-json\/wp\/v2\/media\/228108"}],"wp:attachment":[{"href":"https:\/\/www.radiopiu.net\/wordpress\/wp-json\/wp\/v2\/media?parent=228107"}],"wp:term":[{"taxonomy":"category","embeddable":true,"href":"https:\/\/www.radiopiu.net\/wordpress\/wp-json\/wp\/v2\/categories?post=228107"},{"taxonomy":"post_tag","embeddable":true,"href":"https:\/\/www.radiopiu.net\/wordpress\/wp-json\/wp\/v2\/tags?post=228107"}],"curies":[{"name":"wp","href":"https:\/\/api.w.org\/{rel}","templated":true}]}}