{"id":228169,"date":"2021-08-17T16:34:28","date_gmt":"2021-08-17T14:34:28","guid":{"rendered":"https:\/\/www.radiopiu.net\/wordpress\/?p=228169"},"modified":"2021-08-18T06:05:44","modified_gmt":"2021-08-18T04:05:44","slug":"ancora-danni-da-maltempo-in-via-piandelmonte-belluno-alpina-ora-fate-arrivare-risorse","status":"publish","type":"post","link":"https:\/\/www.radiopiu.net\/wordpress\/ancora-danni-da-maltempo-in-via-piandelmonte-belluno-alpina-ora-fate-arrivare-risorse\/","title":{"rendered":"ANCORA DANNI DA MALTEMPO IN VIA PIANDELMONTE. BELLUNO ALPINA: \u201cORA FATE ARRIVARE RISORSE\u201d"},"content":{"rendered":"<p><strong>BELLUNO <\/strong>Nuova bomba d&#8217;acqua e nuovi disagi nelle terre alte: questa notte nuovi danni in Via Piandelmonte,dove pioggia,vento e grandine hanno eroso il fondo stradale e isolato temporaneamente un paio di abitazioni. Gi\u00e0 in mattinata gli operai del comune di Belluno sono intervenuti per sistemare il danno e l&#8217;associazione Belluno Alpina torna a denunciare l&#8217;assenza di fondi destinati alla viabilit\u00e0 \u201cminore\u201d della montagna: \u201c<em>Non servono grandi progetti o idee particolari, servono risorse che consentono di fare la manutenzione delle reti stradali principali, secondarie e sentieristiche per garantire i collegamenti tra le frazioni alte. Oltre a Via Piandelmonte, anche la strada per Valdart \u00e8 pesantemente danneggiata dall&#8217;acqua<\/em>\u201d, sottolinea il presidente Gimmy Dal Farra. \u201c<em>L&#8217;esempio \u00e8 quanto successo questa notte: i tecnici comunali che ringraziamo sono intervenuti velocemente e hanno risolto il problema, questo vuol dire che il personale sa dove e come lavorare. Tocca al governo e ai\u00a0 nostri parlamentari dare agli enti come la regione, la provincia e i comuni quei soldi necessari per risolvere in maniera definitiva queste questioni: senza fondi, ad ogni pioggia avremo strade e sentieri portati via dall&#8217;acqua, e con questi temporali sempre pi\u00f9 forti sar\u00e0 sempre pi\u00f9 difficile riuscire a farli tornare come prima. Serve cura per il territorio, per ripulire corsi d&#8217;acqua e tombotti o per pulire i prati: servono non progetti, ma risorse subito, da destinare agli enti e a chi vive e conosce il territorio e quindi lo pu\u00f2 curare direttamente, come residenti, agricoltori, allevatori e semplici hobbisti<\/em>\u201d.<\/p>\n\n\t\t\t<style type='text\/css'>\n\t\t\t\t#gallery-1 {\n\t\t\t\t\tmargin: auto;\n\t\t\t\t}\n\t\t\t\t#gallery-1 .gallery-item {\n\t\t\t\t\tfloat: left;\n\t\t\t\t\tmargin-top: 10px;\n\t\t\t\t\ttext-align: center;\n\t\t\t\t\twidth: 50%;\n\t\t\t\t}\n\t\t\t\t#gallery-1 img {\n\t\t\t\t\tborder: 2px solid #cfcfcf;\n\t\t\t\t}\n\t\t\t\t#gallery-1 .gallery-caption {\n\t\t\t\t\tmargin-left: 0;\n\t\t\t\t}\n\t\t\t\t\/* see gallery_shortcode() in wp-includes\/media.php *\/\n\t\t\t<\/style>\n\t\t<div id='gallery-1' class='dt-gallery-container gallery galleryid-228169 gallery-columns-2 gallery-size-medium'><dl class='gallery-item'>\n\t\t\t\t<dt class='gallery-icon portrait'>\n\t\t\t\t\t<a class=\"rollover rollover-zoom dt-pswp-item\" title=\"WhatsApp Image 2021-08-17 at 11.14.45\" data-dt-img-description=\"\" data-large_image_width=\"1536\" data-large_image_height=\"2048\"href='https:\/\/www.radiopiu.net\/wordpress\/wp-content\/uploads\/2021\/08\/WhatsApp-Image-2021-08-17-at-11.14.45.jpeg'><img loading=\"lazy\" decoding=\"async\" width=\"225\" height=\"300\" src=\"https:\/\/www.radiopiu.net\/wordpress\/wp-content\/uploads\/2021\/08\/WhatsApp-Image-2021-08-17-at-11.14.45-225x300.jpeg\" class=\"attachment-medium size-medium\" alt=\"\" srcset=\"https:\/\/www.radiopiu.net\/wordpress\/wp-content\/uploads\/2021\/08\/WhatsApp-Image-2021-08-17-at-11.14.45-225x300.jpeg 225w, https:\/\/www.radiopiu.net\/wordpress\/wp-content\/uploads\/2021\/08\/WhatsApp-Image-2021-08-17-at-11.14.45-768x1024.jpeg 768w, https:\/\/www.radiopiu.net\/wordpress\/wp-content\/uploads\/2021\/08\/WhatsApp-Image-2021-08-17-at-11.14.45-1152x1536.jpeg 1152w, https:\/\/www.radiopiu.net\/wordpress\/wp-content\/uploads\/2021\/08\/WhatsApp-Image-2021-08-17-at-11.14.45.jpeg 1536w\" sizes=\"auto, (max-width: 225px) 100vw, 225px\" \/><\/a>\n\t\t\t\t<\/dt><\/dl><dl class='gallery-item'>\n\t\t\t\t<dt class='gallery-icon landscape'>\n\t\t\t\t\t<a class=\"rollover rollover-zoom dt-pswp-item\" title=\"WhatsApp Image 2021-08-17 at 11.14.44\" data-dt-img-description=\"\" data-large_image_width=\"1600\" data-large_image_height=\"1200\"href='https:\/\/www.radiopiu.net\/wordpress\/wp-content\/uploads\/2021\/08\/WhatsApp-Image-2021-08-17-at-11.14.44.jpeg'><img loading=\"lazy\" decoding=\"async\" width=\"300\" height=\"225\" src=\"https:\/\/www.radiopiu.net\/wordpress\/wp-content\/uploads\/2021\/08\/WhatsApp-Image-2021-08-17-at-11.14.44-300x225.jpeg\" class=\"attachment-medium size-medium\" alt=\"\" srcset=\"https:\/\/www.radiopiu.net\/wordpress\/wp-content\/uploads\/2021\/08\/WhatsApp-Image-2021-08-17-at-11.14.44-300x225.jpeg 300w, https:\/\/www.radiopiu.net\/wordpress\/wp-content\/uploads\/2021\/08\/WhatsApp-Image-2021-08-17-at-11.14.44-1024x768.jpeg 1024w, https:\/\/www.radiopiu.net\/wordpress\/wp-content\/uploads\/2021\/08\/WhatsApp-Image-2021-08-17-at-11.14.44-768x576.jpeg 768w, https:\/\/www.radiopiu.net\/wordpress\/wp-content\/uploads\/2021\/08\/WhatsApp-Image-2021-08-17-at-11.14.44-1536x1152.jpeg 1536w, https:\/\/www.radiopiu.net\/wordpress\/wp-content\/uploads\/2021\/08\/WhatsApp-Image-2021-08-17-at-11.14.44.jpeg 1600w\" sizes=\"auto, (max-width: 300px) 100vw, 300px\" \/><\/a>\n\t\t\t\t<\/dt><\/dl><br style=\"clear: both\" \/>\n\t\t\t<\/div>\n\n<p>&nbsp;<\/p>\n<p>&nbsp;<\/p>\n<p>*****<\/p>\n","protected":false},"excerpt":{"rendered":"<p>BELLUNO Nuova bomba d&#8217;acqua e nuovi disagi nelle terre alte: questa notte nuovi danni in Via Piandelmonte,dove pioggia,vento e grandine hanno eroso il fondo stradale e isolato temporaneamente un paio di abitazioni. Gi\u00e0 in mattinata gli operai del comune di Belluno sono intervenuti per sistemare il danno e l&#8217;associazione Belluno Alpina torna a denunciare l&#8217;assenza&hellip;<\/p>\n","protected":false},"author":4,"featured_media":228170,"comment_status":"closed","ping_status":"open","sticky":false,"template":"","format":"standard","meta":{"_monsterinsights_skip_tracking":false,"_monsterinsights_sitenote_active":false,"_monsterinsights_sitenote_note":"","_monsterinsights_sitenote_category":0,"footnotes":""},"categories":[51,49],"tags":[],"class_list":["post-228169","post","type-post","status-publish","format-standard","has-post-thumbnail","hentry","category-evidenza-top","category-news-18","category-51","category-49","description-off"],"img_url":"https:\/\/www.radiopiu.net\/wordpress\/wp-content\/uploads\/2021\/08\/WhatsApp-Image-2021-08-17-at-11.14.45.jpeg","_links":{"self":[{"href":"https:\/\/www.radiopiu.net\/wordpress\/wp-json\/wp\/v2\/posts\/228169","targetHints":{"allow":["GET"]}}],"collection":[{"href":"https:\/\/www.radiopiu.net\/wordpress\/wp-json\/wp\/v2\/posts"}],"about":[{"href":"https:\/\/www.radiopiu.net\/wordpress\/wp-json\/wp\/v2\/types\/post"}],"author":[{"embeddable":true,"href":"https:\/\/www.radiopiu.net\/wordpress\/wp-json\/wp\/v2\/users\/4"}],"replies":[{"embeddable":true,"href":"https:\/\/www.radiopiu.net\/wordpress\/wp-json\/wp\/v2\/comments?post=228169"}],"version-history":[{"count":0,"href":"https:\/\/www.radiopiu.net\/wordpress\/wp-json\/wp\/v2\/posts\/228169\/revisions"}],"wp:featuredmedia":[{"embeddable":true,"href":"https:\/\/www.radiopiu.net\/wordpress\/wp-json\/wp\/v2\/media\/228170"}],"wp:attachment":[{"href":"https:\/\/www.radiopiu.net\/wordpress\/wp-json\/wp\/v2\/media?parent=228169"}],"wp:term":[{"taxonomy":"category","embeddable":true,"href":"https:\/\/www.radiopiu.net\/wordpress\/wp-json\/wp\/v2\/categories?post=228169"},{"taxonomy":"post_tag","embeddable":true,"href":"https:\/\/www.radiopiu.net\/wordpress\/wp-json\/wp\/v2\/tags?post=228169"}],"curies":[{"name":"wp","href":"https:\/\/api.w.org\/{rel}","templated":true}]}}