{"id":228203,"date":"2021-08-19T05:45:08","date_gmt":"2021-08-19T03:45:08","guid":{"rendered":"https:\/\/www.radiopiu.net\/wordpress\/?p=228203"},"modified":"2021-08-19T10:03:22","modified_gmt":"2021-08-19T08:03:22","slug":"giornale-radiopiu-19-agosto-2021-direttore-mirko-mezzacasa","status":"publish","type":"post","link":"https:\/\/www.radiopiu.net\/wordpress\/giornale-radiopiu-19-agosto-2021-direttore-mirko-mezzacasa\/","title":{"rendered":"GIORNALE RADIOPIU 19 AGOSTO 2021 DIRETTORE MIRKO MEZZACASA"},"content":{"rendered":"<div class=\"wpb-content-wrapper\"><blockquote>\n<h3>COMPRIAMO UNA MACCHINA ATTREZZATA PER RICCARDO<\/h3>\n<\/blockquote>\n<p><strong><a href=\"https:\/\/www.radiopiu.net\/wordpress\/compriamo-una-macchina-attrezzata-per-riccardo\/1626340291137881-img-20210714-wa0025\/\" rel=\"attachment wp-att-224370\"><img loading=\"lazy\" decoding=\"async\" class=\"size-medium wp-image-224370 alignleft\" src=\"https:\/\/www.radiopiu.net\/wordpress\/wp-content\/uploads\/2021\/07\/1626340291137881-IMG-20210714-WA0025-169x300.jpg\" sizes=\"auto, (max-width: 169px) 100vw, 169px\" srcset=\"https:\/\/www.radiopiu.net\/wordpress\/wp-content\/uploads\/2021\/07\/1626340291137881-IMG-20210714-WA0025-169x300.jpg 169w, https:\/\/www.radiopiu.net\/wordpress\/wp-content\/uploads\/2021\/07\/1626340291137881-IMG-20210714-WA0025-576x1024.jpg 576w, https:\/\/www.radiopiu.net\/wordpress\/wp-content\/uploads\/2021\/07\/1626340291137881-IMG-20210714-WA0025-768x1365.jpg 768w, https:\/\/www.radiopiu.net\/wordpress\/wp-content\/uploads\/2021\/07\/1626340291137881-IMG-20210714-WA0025.jpg 800w\" alt=\"\" width=\"169\" height=\"300\" \/><\/a>SOSPIROLO<\/strong>\u00a0Radio Pi\u00f9 appoggia l\u2019iniziativa di\u00a0 Agostino Tegner il pap\u00e0 di Riccardo, poche parole le sue ma piene di significato<em>\u00a0\u201cIo e mia moglie stiamo invecchiando e non riusciamo pi\u00f9\u00a0<img loading=\"lazy\" decoding=\"async\" class=\"alignright\" src=\"https:\/\/www.radiopiu.net\/wordpress\/wp-content\/uploads\/2021\/07\/1626451699105964-locandina-riccardo.jpg\" width=\"297\" height=\"167\" \/>a trasportare come si deve il nostro ragazzo, che necessita di una macchina attrezzata con un piano ribassato con pedana\u201d.<\/em><\/p>\n<p>Per questo ha avuto inizio la raccolta fondi che si prefigge lo scopo di raccogliere 35.000 euro entro fine agosto. Ad oggi sono stati versati i primi\u00a0<span style=\"color: #ff0000;\"><strong>10.775<\/strong>\u00a0<\/span>euro, per farlo \u00e8 semplice\u00a0<strong><a href=\"https:\/\/www.eppela.com\/it\/projects\/31001-compriamo-una-macchina-attrezzata-per-riccardo\">clicca qui\u00a0<\/a><\/strong><\/p>\n<blockquote><p><em>Riccardo \u00e8 un simpatico ragazzino di 15 anni che vive sulle montagne di Sospirolo. Sempre sorridente e circondato dall\u2019affetto dei suoi cari, Riccardo \u00e8 per\u00f2 costretto a stare sulla sedia a rotelle a causa della distrofia muscolare di Duchenne, di cui \u00e8 affetto dalla nascita.\u00a0 I genitori, dopo anni di sacrifici, hanno deciso di acquistare un\u2019auto munita di pedana per poter trasportare il figlio in modo pi\u00f9 comodo, pratico e sicuro, soprattutto adesso che sta crescendo e il peso \u2013 per i due genitori che stanno diventando anziani \u2013 si fa sempre pi\u00f9 sentire.\u00a0<\/em><\/p><\/blockquote>\n<h3 style=\"text-align: left;\"><\/h3>\n<hr \/>\n<p>&nbsp;<\/p>\n<p><strong>IL COL DI LANA TRENTINO &#8230;. PAROLE CROCIATE,\u00a0 4 IN GEOGRAFIA<\/strong><\/p>\n<p>&nbsp;<\/p>\n<p><a href=\"https:\/\/www.radiopiu.net\/wordpress\/giornale-radiopiu-19-agosto-2021-direttore-mirko-mezzacasa\/7470b593-5fb1-43c3-a161-92d3946fcd9d\/\" rel=\"attachment wp-att-228387\"><img loading=\"lazy\" decoding=\"async\" class=\"alignnone size-medium wp-image-228387\" src=\"https:\/\/www.radiopiu.net\/wordpress\/wp-content\/uploads\/2021\/08\/7470b593-5fb1-43c3-a161-92d3946fcd9d-300x225.jpg\" alt=\"\" width=\"300\" height=\"225\" srcset=\"https:\/\/www.radiopiu.net\/wordpress\/wp-content\/uploads\/2021\/08\/7470b593-5fb1-43c3-a161-92d3946fcd9d-300x225.jpg 300w, https:\/\/www.radiopiu.net\/wordpress\/wp-content\/uploads\/2021\/08\/7470b593-5fb1-43c3-a161-92d3946fcd9d-1024x768.jpg 1024w, https:\/\/www.radiopiu.net\/wordpress\/wp-content\/uploads\/2021\/08\/7470b593-5fb1-43c3-a161-92d3946fcd9d-768x576.jpg 768w, https:\/\/www.radiopiu.net\/wordpress\/wp-content\/uploads\/2021\/08\/7470b593-5fb1-43c3-a161-92d3946fcd9d-1536x1152.jpg 1536w, https:\/\/www.radiopiu.net\/wordpress\/wp-content\/uploads\/2021\/08\/7470b593-5fb1-43c3-a161-92d3946fcd9d.jpg 1600w\" sizes=\"auto, (max-width: 300px) 100vw, 300px\" \/><\/a><\/p>\n<p>&nbsp;<\/p>\n<p>&nbsp;<\/p>\n<p>&nbsp;<\/p>\n<blockquote><p><strong><img loading=\"lazy\" decoding=\"async\" class=\"alignleft\" src=\"https:\/\/www.radiopiu.net\/wordpress\/wp-content\/uploads\/2018\/08\/ACQUA.jpeg\" width=\"204\" height=\"122\" \/>Gestione Servizi Pubblici informa che a LIVINALLONGO nelle localit\u00e0 AL FAURO, CREPAZ, RENAZ, RUAZ, PEZZEI, S.GIOVANNI e FOSSAL, l&#8217;acqua erogata dall&#8217;acquedotto non \u00e8 potabile e pu\u00f2 essere usata per scopi alimentari SOLO PREVIA bollitura. GSP ha, comunque, gi\u00e0 adottato le necessarie misure per la disinfezione dell&#8217;acqua presente nei serbatoi e nella rete idrica con l&#8217;aggiunta di cloro. Ulteriori informazioni saranno fornite nei prossimi giorni. Per maggiori informazioni \u00e8 possibile contattare il Servizio Clienti al numero 800 306 999 o +39 0445 230521 (da estero) .\u00a0<\/strong><\/p><\/blockquote>\n<p>&nbsp;<\/p>\n<p>&nbsp;<\/p>\n<p>&nbsp;<\/p>\n<hr \/>\n<p>&nbsp;<\/p>\n<blockquote>\n<h3>LA GALLERIA COMELICO RIAPRE IN ORARIO NOTTURNO<\/h3>\n<\/blockquote>\n<p><strong>VENEZIA\u00a0<\/strong>Per limitare i disagi durante le settimane di maggior esodo, Anas ha programmato la sospensione temporanea dei lavori di manutenzione della galleria \u201cComelico\u201d, posta tra il km 81 e il km 85 della strada statale 52 \u201cCarnica\u201d. La galleria sar\u00e0 pertanto transitabile anche in orario notturno. Dalle ore 21 di luned\u00ec 23 agosto sar\u00e0 nuovamente istituito il divieto di transito in orario notturno, con deviazione su viabilit\u00e0 secondaria, fino alle 6 di mattina del giorno successivo. Fino alla fine del mese di agosto la chiusura, il sabato e la domenica, sar\u00e0 attiva dalle ore 22:30 anzich\u00e9 dalle ore 21:00 per creare minor impatto alla circolazione stradale.<\/p>\n<p>&nbsp;<\/p>\n<p>&nbsp;<\/p>\n<hr \/>\n<p>&nbsp;<\/p>\n<blockquote>\n<h3>CON LA FINE DELLE VACANZE ESTIVE INIZIANO I CANTIERI SULLE STRADE DELLA PROVINCIA<\/h3>\n<\/blockquote>\n<p><strong>SR 48 DELLE DOLOMITI\u00a0<\/strong>dal 23 agosto al 31 ottobre, esclusi sabato e domenica, senso unico alternato regolato da semaforo per posa cavidotto<\/p>\n<p><strong>SR 203<\/strong> <strong>AGORDINA<\/strong> in localit\u00e0 La Stanga senso unico alternato regolato da semaforo dal 23 agosto al 3 settembre, esclusi sabato e domenica, perlavori di recupero tubazione e cavo non in servizio<\/p>\n<p><strong>SP 347 PASSO CEREDA E DURAN\u00a0<\/strong>in comune di Gosaldo dal 23 agosto al 30 settembre senso unico alternato regolato da semaforo per posa cavidotto<\/p>\n<p><strong>SP 346 PASSO SAN PELLEGRINO<\/strong> in localit\u00e0 La Mora di Canale D&#8217;Agordo senso unico alternato regolato da semaforo dal 23 agosto al 15 ottobre per messa in sicurezza della strada<\/p>\n<p><strong>SP 251 VAL DI ZOLDO E CELLINA<\/strong> senso unico alternato regolato da semaforo in comune di Colle Santa Lucia dal 23 agosto al 1 ottobre per messa in sicurezza piano viabile<\/p>\n<p><strong>SP3 VALLE IMPERINA\u00a0<\/strong>dal 23 agosto al 10 settembre, esclusi sabato e domenica, senso unico alternato a Rivamonte per interramento linea elettrica<\/p>\n<p><strong>SP 19 DI LAMON<\/strong> dal 23 al 27 agosto interdizione totale al traffico nell&#8217;abitato di Lamon per sostituzione condotta idrica<\/p>\n<p>&nbsp;<\/p>\n<hr \/>\n<p>&nbsp;<\/p>\n<blockquote>\n<h3>INTERRUZIONI ENEL<\/h3>\n<\/blockquote>\n<p><strong>LIVINALLONGO DEL COL DI LANA<\/strong> oggi dalle 9 alle 11 nelle vie Corte, Lasta, Federa, e Sief<\/p>\n<p><strong>ROCCA PIETORE<\/strong> luned\u00ec dalle 8 alle 12 a Saviner di Calloneghe<\/p>\n<p>&nbsp;<\/p>\n<hr \/>\n<p>&nbsp;<\/p>\n<blockquote>\n<h3><a href=\"https:\/\/www.radiopiu.net\/wordpress\/giornale-radiopiu-19-agosto-2021-direttore-mirko-mezzacasa\/e0a3f8d6-89cd-469f-8f87-342b87ae8167\/\" rel=\"attachment wp-att-228379\"><img loading=\"lazy\" decoding=\"async\" class=\"size-medium wp-image-228379 alignleft\" src=\"https:\/\/www.radiopiu.net\/wordpress\/wp-content\/uploads\/2021\/08\/e0a3f8d6-89cd-469f-8f87-342b87ae8167-300x135.jpg\" alt=\"\" width=\"300\" height=\"135\" srcset=\"https:\/\/www.radiopiu.net\/wordpress\/wp-content\/uploads\/2021\/08\/e0a3f8d6-89cd-469f-8f87-342b87ae8167-300x135.jpg 300w, https:\/\/www.radiopiu.net\/wordpress\/wp-content\/uploads\/2021\/08\/e0a3f8d6-89cd-469f-8f87-342b87ae8167-1024x461.jpg 1024w, https:\/\/www.radiopiu.net\/wordpress\/wp-content\/uploads\/2021\/08\/e0a3f8d6-89cd-469f-8f87-342b87ae8167-768x346.jpg 768w, https:\/\/www.radiopiu.net\/wordpress\/wp-content\/uploads\/2021\/08\/e0a3f8d6-89cd-469f-8f87-342b87ae8167-1536x691.jpg 1536w, https:\/\/www.radiopiu.net\/wordpress\/wp-content\/uploads\/2021\/08\/e0a3f8d6-89cd-469f-8f87-342b87ae8167.jpg 1600w\" sizes=\"auto, (max-width: 300px) 100vw, 300px\" \/><\/a>INCIDENTE PER QUATTRO, 51 BLOCCATA<\/h3>\n<p><strong>LONGARONE<\/strong>\u00a0 \u00a0Quattro auto coinvolte nel sinistro lungo la statale 51 di Alemagna\u00a0 alla rotonda di Fa\u00e8.\u00a0 Danni ai mezzi e un ferito lieve trasportato al San Martino di Belluno. Altre due persone medicate sul posto. Lo schianto alle 18. Gli occupanti delle auto non sono rimasti incastrati e sono usciti autonomamente, seppure contusi. Sul posto, oltre ai sanitari, una squadra di vigili del fuoco del comando provinciale e una dei vigili volontari di Longarone.<\/p><\/blockquote>\n<p>&nbsp;<\/p>\n<hr \/>\n<blockquote>\n<h3><\/h3>\n<h3>DUE AMICI SI PERDONO IN CANSIGLIO, RECUPERATI DAL SOCCORSO ALPINO<\/h3>\n<\/blockquote>\n<p><strong><a href=\"https:\/\/www.radiopiu.net\/wordpress\/ritrovati-uno-zaino-e-un-bastone-da-funghi-apperteneti\/salt_20201005_175730_488_resized\/\" rel=\"attachment wp-att-164432\"><img loading=\"lazy\" decoding=\"async\" class=\" wp-image-164432 alignleft\" src=\"https:\/\/www.radiopiu.net\/wordpress\/wp-content\/uploads\/2020\/10\/salt_20201005_175730_488_resized-300x225.jpg\" alt=\"\" width=\"221\" height=\"166\" srcset=\"https:\/\/www.radiopiu.net\/wordpress\/wp-content\/uploads\/2020\/10\/salt_20201005_175730_488_resized-300x225.jpg 300w, https:\/\/www.radiopiu.net\/wordpress\/wp-content\/uploads\/2020\/10\/salt_20201005_175730_488_resized-1024x768.jpg 1024w, https:\/\/www.radiopiu.net\/wordpress\/wp-content\/uploads\/2020\/10\/salt_20201005_175730_488_resized-768x576.jpg 768w, https:\/\/www.radiopiu.net\/wordpress\/wp-content\/uploads\/2020\/10\/salt_20201005_175730_488_resized-640x480.jpg 640w, https:\/\/www.radiopiu.net\/wordpress\/wp-content\/uploads\/2020\/10\/salt_20201005_175730_488_resized.jpg 1182w\" sizes=\"auto, (max-width: 221px) 100vw, 221px\" \/><\/a>ALPAGO<\/strong> Marted\u00ec sera attorno alle 21 il Soccorso alpino dell&#8217;Alpago \u00e8 stato attivato per due amici che si erano persi in Cansiglio. Dopo essere saliti al Rifugio Vittorio Veneto dal Villaggio di Vallorch in Pian Cansiglio, al momento di rientrare i due amici di Santa Giustina, non trovando pi\u00f9 la direzione corretta, si erano anche persi di vista tra loro, dividendosi, finch\u00e9 uno aveva lanciato l&#8217;allarme. Grazie all&#8217;applicazione di geolocalizzazione in dotazione al Soccorso alpino, uno \u00e8 stato presto individuato sulla Strada del Taffarel, raggiunto e riaccompagnato a Pian Cansiglio, dove \u00e8 arrivato anche il secondo, dopo aver incrociato sul suo cammino a Campon una coppia che lo ha portato. L&#8217;intervento si \u00e8 concluso passate le 22.<\/p>\n<p>&nbsp;<\/p>\n<p>&nbsp;<\/p>\n<hr \/>\n<p>&nbsp;<\/p>\n<blockquote>\n<h3>INTERVENTO CONGIUNTO TRA SOCCORSO ALPINO E GUARDIA DI FINANZA PER AIUTARE UNA FAMIGLIA IN DIFFICOLTA&#8217;<\/h3>\n<\/blockquote>\n<p><strong><a href=\"https:\/\/www.radiopiu.net\/wordpress\/torna-la-festa-del-volontariato-cadorino-sabato-1-settembre\/soccorsoalpino\/\" rel=\"attachment wp-att-59164\"><img loading=\"lazy\" decoding=\"async\" class=\" wp-image-59164 alignleft\" src=\"https:\/\/www.radiopiu.net\/wordpress\/wp-content\/uploads\/2018\/08\/soccorsoalpino-300x300.jpg\" alt=\"\" width=\"152\" height=\"152\" srcset=\"https:\/\/www.radiopiu.net\/wordpress\/wp-content\/uploads\/2018\/08\/soccorsoalpino-300x300.jpg 300w, https:\/\/www.radiopiu.net\/wordpress\/wp-content\/uploads\/2018\/08\/soccorsoalpino-150x150.jpg 150w, https:\/\/www.radiopiu.net\/wordpress\/wp-content\/uploads\/2018\/08\/soccorsoalpino-768x768.jpg 768w, https:\/\/www.radiopiu.net\/wordpress\/wp-content\/uploads\/2018\/08\/soccorsoalpino-1024x1024.jpg 1024w, https:\/\/www.radiopiu.net\/wordpress\/wp-content\/uploads\/2018\/08\/soccorsoalpino.jpg 1200w\" sizes=\"auto, (max-width: 152px) 100vw, 152px\" \/><\/a>FORNI DI SOPRA (UD)\u00a0<\/strong>Marted\u00ec sera il Soccorso alpino del Centro Cadore, con tre soccorritori, \u00e8 intervenuto in supporto alla Stazione di Forni di Sopra, con altri tre tecnici, allertata dalla Sores alle 22.30 a seguito della richiesta da parte di una famiglia di italiani residenti a Londra, con due bambine di 8 e 11 anni, che si trovava in difficolt\u00e0 e al buio su un tratto attrezzato del sentiero Cai 348 che scende dal Val\u00f2 dei Cadorini nei monti di Tor (Dolomiti Friulane). La famiglia in vacanza in Cadore, aveva intrapreso il lungo sentiero attrezzato &#8220;Olivato&#8221; che dal Passo della Mauria sale al bivacco Vaccari e poi alla Forca del Cridola a quota 2500 metri. Al ritorno si sono attardati e sono stati colti dal buio e dalla stanchezza e cos\u00ec, in corrispondenza del tratto attrezzato, si sono fermati e hanno chiesto aiuto al Nue112. I soccorritori hanno rintracciato i dispersi verso le 23.30, stavano tutti bene anche se le bambine erano molto spaventate e infreddolite. La famiglia \u00e8 stata assicurata con le corde nei tratti pi\u00f9 impervi e riaccompagnata a Passo della Mauria a quota 1300. Hanno collaborato alle ricerche anche due tecnici della Guardia di Finanza di Tolmezzo. L&#8217;intervento si \u00e8 concluso all&#8217;una di notte.<\/p>\n<p>&nbsp;<\/p>\n<p>&nbsp;<\/p>\n<hr \/>\n<p>&nbsp;<\/p>\n<blockquote>\n<h3>SOCCORSI DUE ROCCIATORI BLOCCATI CON LE CORDE INCASTRATE NELLA ROCCIA<\/h3>\n<\/blockquote>\n<p><strong><a href=\"https:\/\/www.radiopiu.net\/wordpress\/soccorsi-due-rocciatori-bloccati-con-le-corde-incastrate-nella-roccia\/salt_20210818_175718_500\/\" rel=\"attachment wp-att-228334\"><img loading=\"lazy\" decoding=\"async\" class=\" wp-image-228334 alignleft\" src=\"https:\/\/www.radiopiu.net\/wordpress\/wp-content\/uploads\/2021\/08\/salt_20210818_175718_500-225x300.jpg\" alt=\"\" width=\"107\" height=\"143\" srcset=\"https:\/\/www.radiopiu.net\/wordpress\/wp-content\/uploads\/2021\/08\/salt_20210818_175718_500-225x300.jpg 225w, https:\/\/www.radiopiu.net\/wordpress\/wp-content\/uploads\/2021\/08\/salt_20210818_175718_500-768x1024.jpg 768w, https:\/\/www.radiopiu.net\/wordpress\/wp-content\/uploads\/2021\/08\/salt_20210818_175718_500-1152x1536.jpg 1152w, https:\/\/www.radiopiu.net\/wordpress\/wp-content\/uploads\/2021\/08\/salt_20210818_175718_500-1536x2048.jpg 1536w, https:\/\/www.radiopiu.net\/wordpress\/wp-content\/uploads\/2021\/08\/salt_20210818_175718_500.jpg 1773w\" sizes=\"auto, (max-width: 107px) 100vw, 107px\" \/><\/a>CORTINA<\/strong> Attorno alle 16 l&#8217;elicottero del Suem di Pieve di Cadore \u00e8 volato sul Piccolo Lagazuoi, per due alpinisti in difficolt\u00e0. Dopo aver scalato la Via Pera Forada ed essere arrivati all&#8217;ottavo tiro, due rocciatori di Merano (BZ), di 40 e 35 anni, hanno deciso di scendere in doppia, ma arrivati all&#8217;altezza del secondo tiro le corde si sono incastrate nella roccia e loro sono rimasti bloccati. Arrivati sulla verticale, il tecnico di elisoccorso \u00e8 stato calato con un verricello di 45 metri poco sopra, \u00e8 sceso e ha liberato le corde, per poi provvedere a recuperare in due rotazioni i due alpinisti, trasportati di seguito al Passo Valparola.<\/p>\n<p>&nbsp;<\/p>\n<p>&nbsp;<\/p>\n<hr \/>\n<p>&nbsp;<\/p>\n<blockquote>\n<h3>TRAUMA ALLA CAVIGLIA PER UNA DONNA TRA IL RIFUGIO SCOIATTOLI E AVERAU<\/h3>\n<\/blockquote>\n<p><strong><a href=\"https:\/\/www.radiopiu.net\/wordpress\/il-soccorso-alpino-ritorna-al-vazzoler\/th-172\/\" rel=\"attachment wp-att-225856\"><img loading=\"lazy\" decoding=\"async\" class=\"size-full wp-image-225856 alignleft\" src=\"https:\/\/www.radiopiu.net\/wordpress\/wp-content\/uploads\/2021\/08\/th.jpg\" alt=\"\" width=\"222\" height=\"167\" \/><\/a> <\/strong><\/p>\n<p><strong>\u00a0<\/strong><strong>CORTINA<\/strong> Alle 15.15 circa il Soccorso alpino di\u00a0 Cortina \u00e8 stato allertato per un&#8217;escursionista che, mentre con la figlia piccola, percorreva la strada tra il Rifugio Scoiattoli e il Rifugio Averau, messo male il piede si era fatta male alla caviglia e non era pi\u00f9 in grado di proseguire. Una squadra ha raggiunto in jeep la donna, 46 anni, di Bologna e la ha accompagnata a valle.<\/p>\n<p>&nbsp;<\/p>\n<p>&nbsp;<\/p>\n<p>&nbsp;<\/p>\n<hr \/>\n<p>&nbsp;<\/p>\n<blockquote>\n<h3><a href=\"https:\/\/www.radiopiu.net\/wordpress\/giornale-radiopiu-19-agosto-2021-direttore-mirko-mezzacasa\/235283605_572416214119322_5739972821852252876_n\/\" rel=\"attachment wp-att-228381\"><img loading=\"lazy\" decoding=\"async\" class=\"size-medium wp-image-228381 alignleft\" src=\"https:\/\/www.radiopiu.net\/wordpress\/wp-content\/uploads\/2021\/08\/235283605_572416214119322_5739972821852252876_n-169x300.png\" alt=\"\" width=\"169\" height=\"300\" srcset=\"https:\/\/www.radiopiu.net\/wordpress\/wp-content\/uploads\/2021\/08\/235283605_572416214119322_5739972821852252876_n-169x300.png 169w, https:\/\/www.radiopiu.net\/wordpress\/wp-content\/uploads\/2021\/08\/235283605_572416214119322_5739972821852252876_n.png 280w\" sizes=\"auto, (max-width: 169px) 100vw, 169px\" \/><\/a>I LADRI NEL FELTRINO, NOTTI IN BIANCO PER I CITTADINI, FURTI E PAURA<\/h3>\n<\/blockquote>\n<p><strong>ARSIE&#8217;<\/strong> Da una settimana\u00a0 la banda dei furti impegna carabinieri e cittadini che si organizzano con il controllo di vicinato visti i precedenti e gli scarsi risultati ottenuti. I ladri sono stati visti e inseguiti addirittura sui tetti anche la notte tra marted\u00ec e mercoled\u00ec.\u00a0 Dopo essere entrati anche nell&#8217;asilo di Rivai hanno messo tutto a soqquadro, ma non hanno rubato nulla. Il caso Arsi\u00e8 ieri \u00e8 finito sul tavolo della prefettura, nel comitato per l&#8217;ordine e la sicurezza.\u00a0 Proseguono invece le ronde dei cittadini. Le istruzioni\u00a0 sono state date ieri pomeriggio, in piazza a Mellame dal sindaco, Luca Strappazzon e dai Carabinieri.<\/p>\n<p>&nbsp;<\/p>\n<p>&nbsp;<\/p>\n<p>&nbsp;<\/p>\n<hr \/>\n<p>&nbsp;<\/p>\n<blockquote>\n<h3>RICHIESTE DANNI, ENTRO IL 27<\/h3>\n<p><a href=\"https:\/\/www.radiopiu.net\/wordpress\/ancora-danni-da-maltempo-in-via-piandelmonte-belluno-alpina-ora-fate-arrivare-risorse\/whatsapp-image-2021-08-17-at-11-14-44\/\" rel=\"attachment wp-att-228171\"><img loading=\"lazy\" decoding=\"async\" class=\"wp-image-228171 alignleft\" src=\"https:\/\/www.radiopiu.net\/wordpress\/wp-content\/uploads\/2021\/08\/WhatsApp-Image-2021-08-17-at-11.14.44-300x225.jpeg\" alt=\"\" width=\"159\" height=\"119\" srcset=\"https:\/\/www.radiopiu.net\/wordpress\/wp-content\/uploads\/2021\/08\/WhatsApp-Image-2021-08-17-at-11.14.44-300x225.jpeg 300w, https:\/\/www.radiopiu.net\/wordpress\/wp-content\/uploads\/2021\/08\/WhatsApp-Image-2021-08-17-at-11.14.44-1024x768.jpeg 1024w, https:\/\/www.radiopiu.net\/wordpress\/wp-content\/uploads\/2021\/08\/WhatsApp-Image-2021-08-17-at-11.14.44-768x576.jpeg 768w, https:\/\/www.radiopiu.net\/wordpress\/wp-content\/uploads\/2021\/08\/WhatsApp-Image-2021-08-17-at-11.14.44-1536x1152.jpeg 1536w, https:\/\/www.radiopiu.net\/wordpress\/wp-content\/uploads\/2021\/08\/WhatsApp-Image-2021-08-17-at-11.14.44.jpeg 1600w\" sizes=\"auto, (max-width: 159px) 100vw, 159px\" \/><\/a><strong>BELLUNO<\/strong> C&#8217;\u00e8 tempo fino al 27 agosto per segnalare i danni subiti a seguito del maltempo tra il 31 luglio e il 2 agosto. I privati e le attivit\u00e0 economiche possono inviare una dichiarazione utilizzando i moduli scaricabili dal sito www.regione.veneto.it\/web\/protezione-civile\/archivio-emergenze-anno-2021, oppure da quello del Comune (www.comune.belluno.it, sezione &#8220;Bandi di gara e avvisi&#8221;).I moduli, con copia di un documento di identit\u00e0, dovranno essere consegnati entro le 12 del 27 agosto a mano all&#8217;ufficio Protocollo in piazza Duomo 1, dal luned\u00ec al venerd\u00ec dalle 9 alle 12, gioved\u00ec anche 15-17, o via pec a belluno.bl@cert.ip-veneto.net<\/p><\/blockquote>\n<p>&nbsp;<\/p>\n<hr \/>\n<p>&nbsp;<\/p>\n<blockquote>\n<h2><a href=\"https:\/\/www.radiopiu.net\/wordpress\/8e4cb94c-a1ab-47d4-abfa-bdd930f07a29\/\"><img loading=\"lazy\" decoding=\"async\" class=\"wp-image-222521 alignleft\" src=\"https:\/\/www.radiopiu.net\/wordpress\/wp-content\/uploads\/2021\/07\/8e4cb94c-a1ab-47d4-abfa-bdd930f07a29-300x300.jpg\" alt=\"\" width=\"164\" height=\"164\" srcset=\"https:\/\/www.radiopiu.net\/wordpress\/wp-content\/uploads\/2021\/07\/8e4cb94c-a1ab-47d4-abfa-bdd930f07a29-300x300.jpg 300w, https:\/\/www.radiopiu.net\/wordpress\/wp-content\/uploads\/2021\/07\/8e4cb94c-a1ab-47d4-abfa-bdd930f07a29-150x150.jpg 150w, https:\/\/www.radiopiu.net\/wordpress\/wp-content\/uploads\/2021\/07\/8e4cb94c-a1ab-47d4-abfa-bdd930f07a29.jpg 756w\" sizes=\"auto, (max-width: 164px) 100vw, 164px\" \/><\/a>IL &#8220;DRAGO&#8221; SALVA LA MUCCA DA MORTE CERTA<\/h2>\n<p><strong>FELTRE<\/strong>\u00a0 Brutti momenti per \u00a0la mucca dell&#8217;Azienda agricola Villabruna. L&#8217;animale, prossimo al parto, si \u00e8 allontanato dalla stalla inoltrandosi nel vicino bosco\u00a0 finendo in una buca.\u00a0 I pompieri hanno chiesto l&#8217;ausilio dell&#8217;elicottero &#8220;drago&#8221;, prontamente inviato dal Nucleo dei vigili del fuoco di Bologna. La mucca \u00e8 stata\u00a0 sedata dai veterinari, imbragata,\u00a0 sollevata e recuperata<\/p><\/blockquote>\n<p>&nbsp;<\/p>\n<hr \/>\n<p>&nbsp;<\/p>\n<blockquote>\n<h3>SOPRALLUOGO A GOSALDO DELLA PROVINCIA<\/h3>\n<\/blockquote>\n<p><strong>di Gianni Santomaso<\/strong><\/p>\n<audio class=\"wp-audio-shortcode\" id=\"audio-228203-1\" preload=\"none\" style=\"width: 100%;\" controls=\"controls\"><source type=\"audio\/mpeg\" src=\"https:\/\/www.radiopiu.net\/wordpress\/wp-content\/uploads\/2021\/08\/GIANNI-SOPRALLUOGO-GOSALDO.mp3?_=1\" \/><a href=\"https:\/\/www.radiopiu.net\/wordpress\/wp-content\/uploads\/2021\/08\/GIANNI-SOPRALLUOGO-GOSALDO.mp3\">https:\/\/www.radiopiu.net\/wordpress\/wp-content\/uploads\/2021\/08\/GIANNI-SOPRALLUOGO-GOSALDO.mp3<\/a><\/audio>\n<p>&nbsp;<\/p>\n<p><strong><a href=\"https:\/\/www.radiopiu.net\/wordpress\/sopralluogo-a-gosaldo-della-provincia\/photo-2021-08-18-14-56-06-1\/\" rel=\"attachment wp-att-228310\"><img loading=\"lazy\" decoding=\"async\" class=\"size-medium wp-image-228310 alignleft\" src=\"https:\/\/www.radiopiu.net\/wordpress\/wp-content\/uploads\/2021\/08\/PHOTO-2021-08-18-14-56-06-1-300x225.jpg\" alt=\"\" width=\"300\" height=\"225\" srcset=\"https:\/\/www.radiopiu.net\/wordpress\/wp-content\/uploads\/2021\/08\/PHOTO-2021-08-18-14-56-06-1-300x225.jpg 300w, https:\/\/www.radiopiu.net\/wordpress\/wp-content\/uploads\/2021\/08\/PHOTO-2021-08-18-14-56-06-1-1024x768.jpg 1024w, https:\/\/www.radiopiu.net\/wordpress\/wp-content\/uploads\/2021\/08\/PHOTO-2021-08-18-14-56-06-1-768x576.jpg 768w, https:\/\/www.radiopiu.net\/wordpress\/wp-content\/uploads\/2021\/08\/PHOTO-2021-08-18-14-56-06-1.jpg 1280w\" sizes=\"auto, (max-width: 300px) 100vw, 300px\" \/><\/a>BELLUNO <\/strong><span class=\"s1\">Sopralluogo a Gosaldo, nelle zone colpite dal maltempo di dicembre 2020. Questa mattina il presidente della Provincia e il consigliere delegato alla difesa del suolo, Massimo Bortoluzzi, sono stati in visita dal sindaco Stefano Da Zanche e hanno visionato i danni ancora ben visibili, che si sommano alle conseguenze di Vaia.\u00a0 <\/span><span class=\"s1\">\u00ab<em>Nel nostro Comune, da Vaia in avanti ogni evento meteo un po\u2019 pi\u00f9 forte del normale ha provocato danni<\/em>\u00bb le parole del sindaco Da Zanche, accompagnato dalla vicesindaca Florinda Cialdella e dall\u2019assessore ai lavori pubblici Gian Vittorio Marcon. \u00ab<em>Le difficolt\u00e0 di un paese di montagna sono acuite da tanti problemi che abbiamo la necessit\u00e0 di risolvere. Per questo ringrazio la Provincia per l\u2019attenzione che sta riservando al nostro territorio<\/em>\u00bb. <\/span><span class=\"s1\">In particolare, il sopralluogo ha messo sotto la lente la viabilit\u00e0, che a Gosaldo significa oltre 60 chilometri di strade tra provinciali, comunali e secondarie. In localit\u00e0 Corde Mole la Sp3 sta cedendo in un tratto, a causa di una frana storica; la stessa strada provinciale ha necessit\u00e0 di ripulire gli alvei dei rii minori in prossimit\u00e0 dei ponti, che altrimenti rischiano di fare tappo al prossimo evento meteo. A Ren invece i due ponti crollati a dicembre sono stati sostituiti da una pista provvisoria che ha bisogno di essere resa stabile, per consentire ai residenti di raggiungere le loro abitazioni in sicurezza (oggi invece l\u2019accesso non \u00e8 possibile se non per piccoli mezzi). Infine, la localit\u00e0 di Laveder presenta ancora una linea elettrica a terra. <\/span><span class=\"s1\">\u00ab<em>A Gosaldo il maltempo di dicembre ha fatto danni equiparabili a quelli di Vaia, come mi ha spiegato il sindaco &#8211; commenta il presidente Padrin -. Ho voluto vedere di persona gli effetti del meteo e le segnalazioni del Comune di Gosaldo, perch\u00e9 intervenire in queste zone significa garantire la permanenza delle persone in montagna ed evitare che i danni si ripercuotano a valle. Dobbiamo passare da una politica che guarda alla montagna come terra periferica a una visione delle terre alte nuova. Non bisogna guardare ai numeri e superare le cosiddette zone \u201ca fallimento di mercato\u201d. In questo senso la viabilit\u00e0 \u00e8 vitale, non \u00e8 un problema ma una risorsa fondamentale per chi vive in montagna. Ed \u00e8 per questo che stiamo lavorando con Veneto Strade per intervenire con attenzione in tutte le situazioni di disagio<\/em>\u00bb.<\/span><\/p>\n<div style=\"width: 848px;\" class=\"wp-video\"><video class=\"wp-video-shortcode\" id=\"video-228203-1\" width=\"848\" height=\"480\" preload=\"metadata\" controls=\"controls\"><source type=\"video\/mp4\" src=\"https:\/\/www.radiopiu.net\/wordpress\/wp-content\/uploads\/2021\/08\/PROVINCIA-A-GOSALDO.mp4?_=1\" \/><a href=\"https:\/\/www.radiopiu.net\/wordpress\/wp-content\/uploads\/2021\/08\/PROVINCIA-A-GOSALDO.mp4\">https:\/\/www.radiopiu.net\/wordpress\/wp-content\/uploads\/2021\/08\/PROVINCIA-A-GOSALDO.mp4<\/a><\/video><\/div>\n<p>&nbsp;<\/p>\n\n\t\t\t<style type='text\/css'>\n\t\t\t\t#gallery-1 {\n\t\t\t\t\tmargin: auto;\n\t\t\t\t}\n\t\t\t\t#gallery-1 .gallery-item {\n\t\t\t\t\tfloat: left;\n\t\t\t\t\tmargin-top: 10px;\n\t\t\t\t\ttext-align: center;\n\t\t\t\t\twidth: 25%;\n\t\t\t\t}\n\t\t\t\t#gallery-1 img {\n\t\t\t\t\tborder: 2px solid #cfcfcf;\n\t\t\t\t}\n\t\t\t\t#gallery-1 .gallery-caption {\n\t\t\t\t\tmargin-left: 0;\n\t\t\t\t}\n\t\t\t\t\/* see gallery_shortcode() in wp-includes\/media.php *\/\n\t\t\t<\/style>\n\t\t<div id='gallery-1' class='dt-gallery-container gallery galleryid-228203 gallery-columns-4 gallery-size-medium'><dl class='gallery-item'>\n\t\t\t\t<dt class='gallery-icon landscape'>\n\t\t\t\t\t<a class=\"rollover rollover-zoom dt-pswp-item\" title=\"PHOTO-2021-08-18-14-56-02-1\" data-dt-img-description=\"\" data-large_image_width=\"1280\" data-large_image_height=\"960\"href='https:\/\/www.radiopiu.net\/wordpress\/wp-content\/uploads\/2021\/08\/PHOTO-2021-08-18-14-56-02-1.jpg'><img loading=\"lazy\" decoding=\"async\" width=\"300\" height=\"225\" src=\"https:\/\/www.radiopiu.net\/wordpress\/wp-content\/uploads\/2021\/08\/PHOTO-2021-08-18-14-56-02-1-300x225.jpg\" class=\"attachment-medium size-medium\" alt=\"\" srcset=\"https:\/\/www.radiopiu.net\/wordpress\/wp-content\/uploads\/2021\/08\/PHOTO-2021-08-18-14-56-02-1-300x225.jpg 300w, https:\/\/www.radiopiu.net\/wordpress\/wp-content\/uploads\/2021\/08\/PHOTO-2021-08-18-14-56-02-1-1024x768.jpg 1024w, https:\/\/www.radiopiu.net\/wordpress\/wp-content\/uploads\/2021\/08\/PHOTO-2021-08-18-14-56-02-1-768x576.jpg 768w, https:\/\/www.radiopiu.net\/wordpress\/wp-content\/uploads\/2021\/08\/PHOTO-2021-08-18-14-56-02-1.jpg 1280w\" sizes=\"auto, (max-width: 300px) 100vw, 300px\" \/><\/a>\n\t\t\t\t<\/dt><\/dl><dl class='gallery-item'>\n\t\t\t\t<dt class='gallery-icon landscape'>\n\t\t\t\t\t<a class=\"rollover rollover-zoom dt-pswp-item\" title=\"PHOTO-2021-08-18-14-56-02\" data-dt-img-description=\"\" data-large_image_width=\"1280\" data-large_image_height=\"960\"href='https:\/\/www.radiopiu.net\/wordpress\/wp-content\/uploads\/2021\/08\/PHOTO-2021-08-18-14-56-02.jpg'><img loading=\"lazy\" decoding=\"async\" width=\"300\" height=\"225\" src=\"https:\/\/www.radiopiu.net\/wordpress\/wp-content\/uploads\/2021\/08\/PHOTO-2021-08-18-14-56-02-300x225.jpg\" class=\"attachment-medium size-medium\" alt=\"\" srcset=\"https:\/\/www.radiopiu.net\/wordpress\/wp-content\/uploads\/2021\/08\/PHOTO-2021-08-18-14-56-02-300x225.jpg 300w, https:\/\/www.radiopiu.net\/wordpress\/wp-content\/uploads\/2021\/08\/PHOTO-2021-08-18-14-56-02-1024x768.jpg 1024w, https:\/\/www.radiopiu.net\/wordpress\/wp-content\/uploads\/2021\/08\/PHOTO-2021-08-18-14-56-02-768x576.jpg 768w, https:\/\/www.radiopiu.net\/wordpress\/wp-content\/uploads\/2021\/08\/PHOTO-2021-08-18-14-56-02.jpg 1280w\" sizes=\"auto, (max-width: 300px) 100vw, 300px\" \/><\/a>\n\t\t\t\t<\/dt><\/dl><dl class='gallery-item'>\n\t\t\t\t<dt class='gallery-icon landscape'>\n\t\t\t\t\t<a class=\"rollover rollover-zoom dt-pswp-item\" title=\"PHOTO-2021-08-18-14-56-03\" data-dt-img-description=\"\" data-large_image_width=\"1280\" data-large_image_height=\"960\"href='https:\/\/www.radiopiu.net\/wordpress\/wp-content\/uploads\/2021\/08\/PHOTO-2021-08-18-14-56-03.jpg'><img loading=\"lazy\" decoding=\"async\" width=\"300\" height=\"225\" src=\"https:\/\/www.radiopiu.net\/wordpress\/wp-content\/uploads\/2021\/08\/PHOTO-2021-08-18-14-56-03-300x225.jpg\" class=\"attachment-medium size-medium\" alt=\"\" srcset=\"https:\/\/www.radiopiu.net\/wordpress\/wp-content\/uploads\/2021\/08\/PHOTO-2021-08-18-14-56-03-300x225.jpg 300w, https:\/\/www.radiopiu.net\/wordpress\/wp-content\/uploads\/2021\/08\/PHOTO-2021-08-18-14-56-03-1024x768.jpg 1024w, https:\/\/www.radiopiu.net\/wordpress\/wp-content\/uploads\/2021\/08\/PHOTO-2021-08-18-14-56-03-768x576.jpg 768w, https:\/\/www.radiopiu.net\/wordpress\/wp-content\/uploads\/2021\/08\/PHOTO-2021-08-18-14-56-03.jpg 1280w\" sizes=\"auto, (max-width: 300px) 100vw, 300px\" \/><\/a>\n\t\t\t\t<\/dt><\/dl><dl class='gallery-item'>\n\t\t\t\t<dt class='gallery-icon landscape'>\n\t\t\t\t\t<a class=\"rollover rollover-zoom dt-pswp-item\" title=\"PHOTO-2021-08-18-14-56-05\" data-dt-img-description=\"\" data-large_image_width=\"1280\" data-large_image_height=\"960\"href='https:\/\/www.radiopiu.net\/wordpress\/wp-content\/uploads\/2021\/08\/PHOTO-2021-08-18-14-56-05.jpg'><img loading=\"lazy\" decoding=\"async\" width=\"300\" height=\"225\" src=\"https:\/\/www.radiopiu.net\/wordpress\/wp-content\/uploads\/2021\/08\/PHOTO-2021-08-18-14-56-05-300x225.jpg\" class=\"attachment-medium size-medium\" alt=\"\" srcset=\"https:\/\/www.radiopiu.net\/wordpress\/wp-content\/uploads\/2021\/08\/PHOTO-2021-08-18-14-56-05-300x225.jpg 300w, https:\/\/www.radiopiu.net\/wordpress\/wp-content\/uploads\/2021\/08\/PHOTO-2021-08-18-14-56-05-1024x768.jpg 1024w, https:\/\/www.radiopiu.net\/wordpress\/wp-content\/uploads\/2021\/08\/PHOTO-2021-08-18-14-56-05-768x576.jpg 768w, https:\/\/www.radiopiu.net\/wordpress\/wp-content\/uploads\/2021\/08\/PHOTO-2021-08-18-14-56-05.jpg 1280w\" sizes=\"auto, (max-width: 300px) 100vw, 300px\" \/><\/a>\n\t\t\t\t<\/dt><\/dl><br style=\"clear: both\" \/><dl class='gallery-item'>\n\t\t\t\t<dt class='gallery-icon landscape'>\n\t\t\t\t\t<a class=\"rollover rollover-zoom dt-pswp-item\" title=\"PHOTO-2021-08-18-14-56-06\" data-dt-img-description=\"\" data-large_image_width=\"1280\" data-large_image_height=\"960\"href='https:\/\/www.radiopiu.net\/wordpress\/wp-content\/uploads\/2021\/08\/PHOTO-2021-08-18-14-56-06.jpg'><img loading=\"lazy\" decoding=\"async\" width=\"300\" height=\"225\" src=\"https:\/\/www.radiopiu.net\/wordpress\/wp-content\/uploads\/2021\/08\/PHOTO-2021-08-18-14-56-06-300x225.jpg\" class=\"attachment-medium size-medium\" alt=\"\" srcset=\"https:\/\/www.radiopiu.net\/wordpress\/wp-content\/uploads\/2021\/08\/PHOTO-2021-08-18-14-56-06-300x225.jpg 300w, https:\/\/www.radiopiu.net\/wordpress\/wp-content\/uploads\/2021\/08\/PHOTO-2021-08-18-14-56-06-1024x768.jpg 1024w, https:\/\/www.radiopiu.net\/wordpress\/wp-content\/uploads\/2021\/08\/PHOTO-2021-08-18-14-56-06-768x576.jpg 768w, https:\/\/www.radiopiu.net\/wordpress\/wp-content\/uploads\/2021\/08\/PHOTO-2021-08-18-14-56-06.jpg 1280w\" sizes=\"auto, (max-width: 300px) 100vw, 300px\" \/><\/a>\n\t\t\t\t<\/dt><\/dl><dl class='gallery-item'>\n\t\t\t\t<dt class='gallery-icon landscape'>\n\t\t\t\t\t<a class=\"rollover rollover-zoom dt-pswp-item\" title=\"PHOTO-2021-08-18-14-56-07\" data-dt-img-description=\"\" data-large_image_width=\"1280\" data-large_image_height=\"960\"href='https:\/\/www.radiopiu.net\/wordpress\/wp-content\/uploads\/2021\/08\/PHOTO-2021-08-18-14-56-07.jpg'><img loading=\"lazy\" decoding=\"async\" width=\"300\" height=\"225\" src=\"https:\/\/www.radiopiu.net\/wordpress\/wp-content\/uploads\/2021\/08\/PHOTO-2021-08-18-14-56-07-300x225.jpg\" class=\"attachment-medium size-medium\" alt=\"\" srcset=\"https:\/\/www.radiopiu.net\/wordpress\/wp-content\/uploads\/2021\/08\/PHOTO-2021-08-18-14-56-07-300x225.jpg 300w, https:\/\/www.radiopiu.net\/wordpress\/wp-content\/uploads\/2021\/08\/PHOTO-2021-08-18-14-56-07-1024x768.jpg 1024w, https:\/\/www.radiopiu.net\/wordpress\/wp-content\/uploads\/2021\/08\/PHOTO-2021-08-18-14-56-07-768x576.jpg 768w, https:\/\/www.radiopiu.net\/wordpress\/wp-content\/uploads\/2021\/08\/PHOTO-2021-08-18-14-56-07.jpg 1280w\" sizes=\"auto, (max-width: 300px) 100vw, 300px\" \/><\/a>\n\t\t\t\t<\/dt><\/dl><dl class='gallery-item'>\n\t\t\t\t<dt class='gallery-icon landscape'>\n\t\t\t\t\t<a class=\"rollover rollover-zoom dt-pswp-item\" title=\"PHOTO-2021-08-18-14-56-04\" data-dt-img-description=\"\" data-large_image_width=\"1280\" data-large_image_height=\"960\"href='https:\/\/www.radiopiu.net\/wordpress\/wp-content\/uploads\/2021\/08\/PHOTO-2021-08-18-14-56-04.jpg'><img loading=\"lazy\" decoding=\"async\" width=\"300\" height=\"225\" src=\"https:\/\/www.radiopiu.net\/wordpress\/wp-content\/uploads\/2021\/08\/PHOTO-2021-08-18-14-56-04-300x225.jpg\" class=\"attachment-medium size-medium\" alt=\"\" srcset=\"https:\/\/www.radiopiu.net\/wordpress\/wp-content\/uploads\/2021\/08\/PHOTO-2021-08-18-14-56-04-300x225.jpg 300w, https:\/\/www.radiopiu.net\/wordpress\/wp-content\/uploads\/2021\/08\/PHOTO-2021-08-18-14-56-04-1024x768.jpg 1024w, https:\/\/www.radiopiu.net\/wordpress\/wp-content\/uploads\/2021\/08\/PHOTO-2021-08-18-14-56-04-768x576.jpg 768w, https:\/\/www.radiopiu.net\/wordpress\/wp-content\/uploads\/2021\/08\/PHOTO-2021-08-18-14-56-04.jpg 1280w\" sizes=\"auto, (max-width: 300px) 100vw, 300px\" \/><\/a>\n\t\t\t\t<\/dt><\/dl><dl class='gallery-item'>\n\t\t\t\t<dt class='gallery-icon landscape'>\n\t\t\t\t\t<a class=\"rollover rollover-zoom dt-pswp-item\" title=\"PHOTO-2021-08-18-14-56-05-1\" data-dt-img-description=\"\" data-large_image_width=\"1280\" data-large_image_height=\"960\"href='https:\/\/www.radiopiu.net\/wordpress\/wp-content\/uploads\/2021\/08\/PHOTO-2021-08-18-14-56-05-1.jpg'><img loading=\"lazy\" decoding=\"async\" width=\"300\" height=\"225\" src=\"https:\/\/www.radiopiu.net\/wordpress\/wp-content\/uploads\/2021\/08\/PHOTO-2021-08-18-14-56-05-1-300x225.jpg\" class=\"attachment-medium size-medium\" alt=\"\" srcset=\"https:\/\/www.radiopiu.net\/wordpress\/wp-content\/uploads\/2021\/08\/PHOTO-2021-08-18-14-56-05-1-300x225.jpg 300w, https:\/\/www.radiopiu.net\/wordpress\/wp-content\/uploads\/2021\/08\/PHOTO-2021-08-18-14-56-05-1-1024x768.jpg 1024w, https:\/\/www.radiopiu.net\/wordpress\/wp-content\/uploads\/2021\/08\/PHOTO-2021-08-18-14-56-05-1-768x576.jpg 768w, https:\/\/www.radiopiu.net\/wordpress\/wp-content\/uploads\/2021\/08\/PHOTO-2021-08-18-14-56-05-1.jpg 1280w\" sizes=\"auto, (max-width: 300px) 100vw, 300px\" \/><\/a>\n\t\t\t\t<\/dt><\/dl><br style=\"clear: both\" \/>\n\t\t\t<\/div>\n\n<p>&nbsp;<\/p>\n<hr \/>\n<p>&nbsp;<\/p>\n<blockquote>\n<h3>DOPO L&#8217;APPELLO DI SILVIA CESTARO, ARRIVA IL PRIMO CANDIDATO SINDACO A SELVA DI CADORE<\/h3>\n<\/blockquote>\n<p><strong><a href=\"https:\/\/www.radiopiu.net\/wordpress\/elezioni-comunali-2019-laffluenza-alle-23\/elezioni-comunali\/\" rel=\"attachment wp-att-86550\"><img loading=\"lazy\" decoding=\"async\" class=\" wp-image-86550 alignleft\" src=\"https:\/\/www.radiopiu.net\/wordpress\/wp-content\/uploads\/2019\/05\/ELEZIONI-COMUNALI-300x195.jpg\" alt=\"\" width=\"202\" height=\"131\" srcset=\"https:\/\/www.radiopiu.net\/wordpress\/wp-content\/uploads\/2019\/05\/ELEZIONI-COMUNALI-300x195.jpg 300w, https:\/\/www.radiopiu.net\/wordpress\/wp-content\/uploads\/2019\/05\/ELEZIONI-COMUNALI.jpg 751w\" sizes=\"auto, (max-width: 202px) 100vw, 202px\" \/><\/a>SELVA DI CADORE<\/strong><\/p>\n<p>di Gianni Santomaso<\/p>\n<audio class=\"wp-audio-shortcode\" id=\"audio-228203-2\" preload=\"none\" style=\"width: 100%;\" controls=\"controls\"><source type=\"audio\/mpeg\" src=\"https:\/\/www.radiopiu.net\/wordpress\/wp-content\/uploads\/2021\/08\/GIANNI-CANDIDATO-SINDACO-SELVA.mp3?_=2\" \/><a href=\"https:\/\/www.radiopiu.net\/wordpress\/wp-content\/uploads\/2021\/08\/GIANNI-CANDIDATO-SINDACO-SELVA.mp3\">https:\/\/www.radiopiu.net\/wordpress\/wp-content\/uploads\/2021\/08\/GIANNI-CANDIDATO-SINDACO-SELVA.mp3<\/a><\/audio>\n<p>&nbsp;<\/p>\n<hr \/>\n<p>&nbsp;<\/p>\n<blockquote>\n<h3>IL VIA LIBERA PER LA ROTATORIA DA 300 MILA EURO<\/h3>\n<\/blockquote>\n<p><a href=\"https:\/\/www.radiopiu.net\/wordpress\/giornale-radiopiu-19-agosto-2021-direttore-mirko-mezzacasa\/puos-2\/\" rel=\"attachment wp-att-228371\"><img loading=\"lazy\" decoding=\"async\" class=\"wp-image-228371 alignleft\" src=\"https:\/\/www.radiopiu.net\/wordpress\/wp-content\/uploads\/2021\/08\/puos.jpg\" alt=\"\" width=\"163\" height=\"122\" \/><\/a><\/p>\n<p>&nbsp;<\/p>\n<p><strong>PUOS &#8216;ALPAGO<\/strong><\/p>\n<p><strong>di\u00a0 DAMIANO TORMEN\u00a0<\/strong><\/p>\n<audio class=\"wp-audio-shortcode\" id=\"audio-228203-3\" preload=\"none\" style=\"width: 100%;\" controls=\"controls\"><source type=\"audio\/mpeg\" src=\"https:\/\/www.radiopiu.net\/wordpress\/wp-content\/uploads\/2021\/08\/damiano-puos.mp3?_=3\" \/><a href=\"https:\/\/www.radiopiu.net\/wordpress\/wp-content\/uploads\/2021\/08\/damiano-puos.mp3\">https:\/\/www.radiopiu.net\/wordpress\/wp-content\/uploads\/2021\/08\/damiano-puos.mp3<\/a><\/audio>\n<p>&nbsp;<\/p>\n<hr \/>\n<p>&nbsp;<\/p>\n<p>&nbsp;<\/p>\n<p>&nbsp;<\/p>\n<blockquote>\n<h3 style=\"text-align: left;\">LA SEGGIOVIA DI FRASSENE&#8217; E&#8217; AI TITOLI DI CODA<\/h3>\n<p>oggi sul Corrirere delle Alpi<br \/>\n<a href=\"https:\/\/www.radiopiu.net\/wordpress\/giornale-radiopiu-19-agosto-2021-direttore-mirko-mezzacasa\/th-174\/\" rel=\"attachment wp-att-228380\"><img loading=\"lazy\" decoding=\"async\" class=\" wp-image-228380 alignleft\" src=\"https:\/\/www.radiopiu.net\/wordpress\/wp-content\/uploads\/2021\/08\/th-2-300x168.jpg\" alt=\"\" width=\"252\" height=\"141\" srcset=\"https:\/\/www.radiopiu.net\/wordpress\/wp-content\/uploads\/2021\/08\/th-2-300x168.jpg 300w, https:\/\/www.radiopiu.net\/wordpress\/wp-content\/uploads\/2021\/08\/th-2.jpg 310w\" sizes=\"auto, (max-width: 252px) 100vw, 252px\" \/><\/a><br \/>\n<strong>VOLTAGO<\/strong> Le chiamano &#8220;Strobs&#8221;, ovvero strutture obsolete. Sono una cinquantina sulle Dolomiti bellunesi. Rimuoverle o rigenerarle? Ecco il dilemma, attualmente allo studio della Fondazione Dolomiti Unesco. In Comune di Voltago, da circa una decina d&#8217;anni \u00e8 inattiva la seggiovia di Frassen\u00e9. \u00abLa propriet\u00e0\u00bb, fa sapere l&#8217;ex sindaco Bruno Zanvit, \u00abha deciso finalmente di abbatterla, di bonificare l&#8217;intera zona. E il cantiere inizier\u00e0 a settembre\u00bb. Si tratta dell&#8217;impianto che un tempo saliva al rifugio Scarpa-Gurekian e a malga Losch<\/p><\/blockquote>\n<p>&nbsp;<\/p>\n<p>&nbsp;<\/p>\n<hr \/>\n<p>&nbsp;<\/p>\n<blockquote class=\"wp-embedded-content\" data-secret=\"cgizXQCB5i\"><p><a href=\"https:\/\/www.radiopiu.net\/wordpress\/aggiornamentoago18\/\">CORONAVIRUS: AGGIORNAMENTO NAZIONALE 18 AGOSTO  2021<\/a><\/p><\/blockquote>\n<p><iframe loading=\"lazy\" class=\"wp-embedded-content\" sandbox=\"allow-scripts\" security=\"restricted\" style=\"position: absolute; clip: rect(1px, 1px, 1px, 1px);\" title=\"&#8220;CORONAVIRUS: AGGIORNAMENTO NAZIONALE 18 AGOSTO  2021&#8221; &#8212; Radio Pi\u00f9\" src=\"https:\/\/www.radiopiu.net\/wordpress\/aggiornamentoago18\/embed\/#?secret=cgizXQCB5i\" data-secret=\"cgizXQCB5i\" width=\"600\" height=\"338\" frameborder=\"0\" marginwidth=\"0\" marginheight=\"0\" scrolling=\"no\"><\/iframe><\/p>\n<p>&nbsp;<\/p>\n<blockquote class=\"wp-embedded-content\" data-secret=\"ky0gnQN93h\"><p><a href=\"https:\/\/www.radiopiu.net\/wordpress\/quasi-700-nuovi-positivi-in-veneto-nelle-ultime-24-ore-aumentano-i-ricoveri-due-decessi\/\">QUASI 700 NUOVI POSITIVI IN VENETO NELLE ULTIME 24 ORE. AUMENTANO I RICOVERI, DUE DECESSI<\/a><\/p><\/blockquote>\n<p><iframe loading=\"lazy\" class=\"wp-embedded-content\" sandbox=\"allow-scripts\" security=\"restricted\" style=\"position: absolute; clip: rect(1px, 1px, 1px, 1px);\" title=\"&#8220;QUASI 700 NUOVI POSITIVI IN VENETO NELLE ULTIME 24 ORE. AUMENTANO I RICOVERI, DUE DECESSI&#8221; &#8212; Radio Pi\u00f9\" src=\"https:\/\/www.radiopiu.net\/wordpress\/quasi-700-nuovi-positivi-in-veneto-nelle-ultime-24-ore-aumentano-i-ricoveri-due-decessi\/embed\/#?secret=ky0gnQN93h\" data-secret=\"ky0gnQN93h\" width=\"600\" height=\"338\" frameborder=\"0\" marginwidth=\"0\" marginheight=\"0\" scrolling=\"no\"><\/iframe><\/p>\n<p>&nbsp;<\/p>\n<h3>I GRAFICI DI TIZIANO DE COL<\/h3>\n\n\t\t\t<style type='text\/css'>\n\t\t\t\t#gallery-2 {\n\t\t\t\t\tmargin: auto;\n\t\t\t\t}\n\t\t\t\t#gallery-2 .gallery-item {\n\t\t\t\t\tfloat: left;\n\t\t\t\t\tmargin-top: 10px;\n\t\t\t\t\ttext-align: center;\n\t\t\t\t\twidth: 20%;\n\t\t\t\t}\n\t\t\t\t#gallery-2 img {\n\t\t\t\t\tborder: 2px solid #cfcfcf;\n\t\t\t\t}\n\t\t\t\t#gallery-2 .gallery-caption {\n\t\t\t\t\tmargin-left: 0;\n\t\t\t\t}\n\t\t\t\t\/* see gallery_shortcode() in wp-includes\/media.php *\/\n\t\t\t<\/style>\n\t\t<div id='gallery-2' class='dt-gallery-container gallery galleryid-228203 gallery-columns-5 gallery-size-thumbnail'><dl class='gallery-item'>\n\t\t\t\t<dt class='gallery-icon landscape'>\n\t\t\t\t\t<a class=\"rollover rollover-zoom dt-pswp-item\" title=\"0f7d73ff-3cab-4464-9e96-154104d4cbd5\" data-dt-img-description=\"\" data-large_image_width=\"585\" data-large_image_height=\"351\"href='https:\/\/www.radiopiu.net\/wordpress\/wp-content\/uploads\/2021\/08\/0f7d73ff-3cab-4464-9e96-154104d4cbd5.jpg'><img loading=\"lazy\" decoding=\"async\" width=\"150\" height=\"150\" src=\"https:\/\/www.radiopiu.net\/wordpress\/wp-content\/uploads\/2021\/08\/0f7d73ff-3cab-4464-9e96-154104d4cbd5-150x150.jpg\" class=\"attachment-thumbnail size-thumbnail\" alt=\"\" \/><\/a>\n\t\t\t\t<\/dt><\/dl><dl class='gallery-item'>\n\t\t\t\t<dt class='gallery-icon landscape'>\n\t\t\t\t\t<a class=\"rollover rollover-zoom dt-pswp-item\" title=\"fe8e9479-2bdb-4297-b6e3-34b5e954e87d\" data-dt-img-description=\"\" data-large_image_width=\"598\" data-large_image_height=\"344\"href='https:\/\/www.radiopiu.net\/wordpress\/wp-content\/uploads\/2021\/08\/fe8e9479-2bdb-4297-b6e3-34b5e954e87d.jpg'><img loading=\"lazy\" decoding=\"async\" width=\"150\" height=\"150\" src=\"https:\/\/www.radiopiu.net\/wordpress\/wp-content\/uploads\/2021\/08\/fe8e9479-2bdb-4297-b6e3-34b5e954e87d-150x150.jpg\" class=\"attachment-thumbnail size-thumbnail\" alt=\"\" \/><\/a>\n\t\t\t\t<\/dt><\/dl><dl class='gallery-item'>\n\t\t\t\t<dt class='gallery-icon landscape'>\n\t\t\t\t\t<a class=\"rollover rollover-zoom dt-pswp-item\" title=\"7888f9c8-d0d6-437c-8992-43b6bdd56983\" data-dt-img-description=\"\" data-large_image_width=\"596\" data-large_image_height=\"356\"href='https:\/\/www.radiopiu.net\/wordpress\/wp-content\/uploads\/2021\/08\/7888f9c8-d0d6-437c-8992-43b6bdd56983.jpg'><img loading=\"lazy\" decoding=\"async\" width=\"150\" height=\"150\" src=\"https:\/\/www.radiopiu.net\/wordpress\/wp-content\/uploads\/2021\/08\/7888f9c8-d0d6-437c-8992-43b6bdd56983-150x150.jpg\" class=\"attachment-thumbnail size-thumbnail\" alt=\"\" \/><\/a>\n\t\t\t\t<\/dt><\/dl><dl class='gallery-item'>\n\t\t\t\t<dt class='gallery-icon landscape'>\n\t\t\t\t\t<a class=\"rollover rollover-zoom dt-pswp-item\" title=\"a289ec64-cc8e-499d-8141-faa78f62356f\" data-dt-img-description=\"\" data-large_image_width=\"606\" data-large_image_height=\"350\"href='https:\/\/www.radiopiu.net\/wordpress\/wp-content\/uploads\/2021\/08\/a289ec64-cc8e-499d-8141-faa78f62356f.jpg'><img loading=\"lazy\" decoding=\"async\" width=\"150\" height=\"150\" src=\"https:\/\/www.radiopiu.net\/wordpress\/wp-content\/uploads\/2021\/08\/a289ec64-cc8e-499d-8141-faa78f62356f-150x150.jpg\" class=\"attachment-thumbnail size-thumbnail\" alt=\"\" \/><\/a>\n\t\t\t\t<\/dt><\/dl><dl class='gallery-item'>\n\t\t\t\t<dt class='gallery-icon landscape'>\n\t\t\t\t\t<a class=\"rollover rollover-zoom dt-pswp-item\" title=\"3a6a8b33-b173-478a-9834-cea592bfc970\" data-dt-img-description=\"\" data-large_image_width=\"602\" data-large_image_height=\"350\"href='https:\/\/www.radiopiu.net\/wordpress\/wp-content\/uploads\/2021\/08\/3a6a8b33-b173-478a-9834-cea592bfc970.jpg'><img loading=\"lazy\" decoding=\"async\" width=\"150\" height=\"150\" src=\"https:\/\/www.radiopiu.net\/wordpress\/wp-content\/uploads\/2021\/08\/3a6a8b33-b173-478a-9834-cea592bfc970-150x150.jpg\" class=\"attachment-thumbnail size-thumbnail\" alt=\"\" \/><\/a>\n\t\t\t\t<\/dt><\/dl><br style=\"clear: both\" \/>\n\t\t\t<\/div>\n\n<p>&nbsp;<\/p>\n<hr \/>\n<p>&nbsp;<\/p>\n<blockquote>\n<h3>OGGI GIORNATA DI VACCINAZIONI AD AGORDO E QUERO VAS<\/h3>\n<\/blockquote>\n<p><strong><a href=\"https:\/\/www.radiopiu.net\/wordpress\/giornale-radiopiu-10-agosto-2021-direttore-mirko-mezzacasa\/vaccini-sotto-le-stelle\/\" rel=\"attachment wp-att-226938\"><img loading=\"lazy\" decoding=\"async\" class=\"size-medium wp-image-226938 alignleft\" src=\"https:\/\/www.radiopiu.net\/wordpress\/wp-content\/uploads\/2021\/08\/VACCINI-SOTTO-LE-STELLE-300x115.png\" alt=\"\" width=\"300\" height=\"115\" srcset=\"https:\/\/www.radiopiu.net\/wordpress\/wp-content\/uploads\/2021\/08\/VACCINI-SOTTO-LE-STELLE-300x115.png 300w, https:\/\/www.radiopiu.net\/wordpress\/wp-content\/uploads\/2021\/08\/VACCINI-SOTTO-LE-STELLE-1024x392.png 1024w, https:\/\/www.radiopiu.net\/wordpress\/wp-content\/uploads\/2021\/08\/VACCINI-SOTTO-LE-STELLE-768x294.png 768w, https:\/\/www.radiopiu.net\/wordpress\/wp-content\/uploads\/2021\/08\/VACCINI-SOTTO-LE-STELLE.png 1082w\" sizes=\"auto, (max-width: 300px) 100vw, 300px\" \/><\/a>BELLUNO <\/strong>Continuano gli appuntamenti delle vaccinazioni anti covid in orario serale con accesso libero per tutta la popolazione vaccinabile. Oggi dalle 19 alle 21 si svolger\u00e0 una seduta vaccinale ad accesso libero negli impianti sportivi di Quero Vas in Via Spaloa, organizzata dal Distretto di Feltre in collaborazione con l\u2019amministrazione comunale. Si ricorda di portare con s\u00e9 la tessera sanitaria. Vista la presenza nel basso feltrino di una comunit\u00e0 cinese, l\u2019infografica sull\u2019importanza della vaccinaizone \u00e8 stata fatta tardurre da un mediatore culturale per arrivare con l\u2019informazione anche a questa fascia di popolazione . Inoltre, sempre oggi \u00e8 stata organizzata anche la vaccinazione degli sportivi al drive in vaccinale di\u00a0 Agordo grazie alla collaborazione del Comune di Agordo e delle societ\u00e0 sportive dell\u2019Agordino.<\/p>\n<p>&nbsp;<\/p>\n<p>&nbsp;<\/p>\n<hr \/>\n<p>&nbsp;<\/p>\n<blockquote>\n<h3>APPROVATA SERIE DI INVESTIMENTI NELLE AZIENDE SANITARIE E OSPEDALIERE VENETE PER OLTRE 77 MILIONI DI EURO<\/h3>\n<\/blockquote>\n<p><strong><a href=\"https:\/\/www.radiopiu.net\/wordpress\/conferenza-sui-servizi-sanitari-il-commento-di-jacopo-massaro\/sanita-2\/\" rel=\"attachment wp-att-51292\"><img loading=\"lazy\" decoding=\"async\" class=\"size-medium wp-image-51292 alignleft\" src=\"https:\/\/www.radiopiu.net\/wordpress\/wp-content\/uploads\/2018\/06\/sanita-300x188.jpg\" alt=\"\" width=\"300\" height=\"188\" srcset=\"https:\/\/www.radiopiu.net\/wordpress\/wp-content\/uploads\/2018\/06\/sanita-300x188.jpg 300w, https:\/\/www.radiopiu.net\/wordpress\/wp-content\/uploads\/2018\/06\/sanita-768x482.jpg 768w, https:\/\/www.radiopiu.net\/wordpress\/wp-content\/uploads\/2018\/06\/sanita-1024x642.jpg 1024w, https:\/\/www.radiopiu.net\/wordpress\/wp-content\/uploads\/2018\/06\/sanita.jpg 1280w\" sizes=\"auto, (max-width: 300px) 100vw, 300px\" \/><\/a>VENEZIA <\/strong>La Giunta Regionale del Veneto, su proposta dell\u2019assessore alla Sanit\u00e0 ed ai Servizi Sociali, Manuela Lanzarin, ha approvato una delibera che apre la via ad una vasta operazione di investimenti in alcune aziende sanitarie della Regione. L\u2019operazione, del valore di oltre 77.500.000 euro, \u00e8 mirata all\u2019acquisto o al rinnovo di dotazioni tecnologiche, all\u2019acquisizione di servizi e alla ristrutturazione o realizzazione di immobili. Gli investimenti ed i progetti su cui la Crite ha espresso parere propedeutico all\u2019approvazione da parte della Giunta. In Ulss 1 Dolomiti: autorizzazione per la predisposizione di una gara aperta telematica per la fornitura di sistemi diagnostici, locazione di apparecchiature, oltre alla manutenzione delle stesse apparecchiature e lavori di adeguamento locali per Laboratori Analisi dell\u2019Ospedale di Belluno (\u20ac 26.144.000); Acquisto tecnologia per allestimento della UOC Chirurgia Vascolare dell\u2019Ospedale di Belluno, 14 ecotomografi ed altre apparecchiature (\u20ac 1.194.380). I finanziamenti assegnati dalla Giunta con la stessa delibera, per un totale di 18.196.395,30 euro: per\u00a0 Ulss 1 Dolomiti (Tot.\u00a0 \u20ac 1.084.580): Acquisto tecnologia per allestimento UOC Chirurgia Vascolare dell\u2019Ospedale di Belluno ed Ecografi.<\/p>\n<p><strong>IL COMMENTO DEL DIRETTORE GENERALE DELLA ULSS 1 DOLOMITI MARIA GRAZIA CARRARO<\/strong><\/p>\n<p>\u00ab<em>Queste autorizzazioni CRITE permettono alle strutture ospedaliere di rinnovare il parco tecnologico, aggiornandolo agli ultimi standard qualitativi e di rispondere alle nuove esigenze. Il potenziamento dei laboratori analisi di Belluno e Feltre e della Chirurgia vascolare consentiranno un miglioramento della qualit\u00e0 dei servizi<\/em> \u00bb, commenta il Direttore Generale Maria Grazia Carraro, \u00ab<em>ringrazio la Giunta per il finanziamento autorizzato che dimostra l\u2019attenzione verso questa Azienda<\/em>\u00bb.<\/p>\n<p>&nbsp;<\/p>\n<hr \/>\n<p>&nbsp;<\/p>\n<blockquote>\n<h3>GIUNTA APPROVA PROROGA E RIFINANZIAMENTO DELL\u2019ASSEGNO PER IL LAVORO<\/h3>\n<\/blockquote>\n<p><strong><a href=\"https:\/\/www.radiopiu.net\/wordpress\/giornale-radiopiu-09-marzo-2021-direttore-mirko-mezzacasa\/elena-donazzan\/\" rel=\"attachment wp-att-195881\"><img loading=\"lazy\" decoding=\"async\" class=\" wp-image-195881 alignleft\" src=\"https:\/\/www.radiopiu.net\/wordpress\/wp-content\/uploads\/2021\/03\/ELENA-DONAZZAN-300x272.png\" alt=\"\" width=\"156\" height=\"141\" srcset=\"https:\/\/www.radiopiu.net\/wordpress\/wp-content\/uploads\/2021\/03\/ELENA-DONAZZAN-300x272.png 300w, https:\/\/www.radiopiu.net\/wordpress\/wp-content\/uploads\/2021\/03\/ELENA-DONAZZAN-1024x927.png 1024w, https:\/\/www.radiopiu.net\/wordpress\/wp-content\/uploads\/2021\/03\/ELENA-DONAZZAN-768x695.png 768w, https:\/\/www.radiopiu.net\/wordpress\/wp-content\/uploads\/2021\/03\/ELENA-DONAZZAN.png 1266w\" sizes=\"auto, (max-width: 156px) 100vw, 156px\" \/><\/a>VENEZIA <\/strong>\u201c<em>Formazione dedicata, specifica per quel preciso posto di lavoro: a questo serve l\u2019assegno per il lavoro. Ma devono esserci due condizioni per farlo funzionare: la disponibilit\u00e0 del disoccupato a rimettersi in gioco e l\u2019apertura mentale dell\u2019azienda ad accogliere questo potenziale nuovo lavoratore, anche se non \u00e8 esattamente come lo immaginavano, a partire dall\u2019et\u00e0<\/em>\u201d. Cos\u00ec l\u2019Assessore regionale al lavoro Elena Donazzan annuncia l\u2019approvazione in Giunta della delibera che definisce la rimodulazione, la proroga e il rifinanziamento della sperimentazione dell&#8217;Assegno per il Lavoro per la ricollocazione di lavoratori disoccupati. Una delibera che proroga al 28 febbraio 2022 la misura, per la quale la Regione del Veneto prevede un ulteriore finanziamento di euro 8.200.000,00, a valere sulle risorse di cui al Piano Sviluppo e Coesione. Cifra che si aggiunge ai 52 milioni di euro del FSE e ai 20 milioni di euro di FSC in precedenza gi\u00e0 stanziati per la misura. Il provvedimento di Giunta prevede anche di modificare parzialmente i destinatari della misura. Si precisa infatti che l\u2019Assegno per il lavoro per l\u2019accesso servizi di assistenza alla collocazione\/ricollocazione al lavoro erogati dai soggetti accreditati per il lavoro, pu\u00f2\u0300 essere richiesto da lavoratori di et\u00e0\u0300 superiore ai 30 anni, disoccupati da almeno 120 giorni beneficiari e non di prestazioni di sostegno al reddito.<\/p>\n<p>&nbsp;<\/p>\n<p>&nbsp;<\/p>\n<hr \/>\n<p>&nbsp;<\/p>\n<blockquote>\n<h3>OGNI PASSO CONTA:\u00a0 ATTIVIT\u00c0 MOTORIA GRATUITA<\/h3>\n<\/blockquote>\n<p><strong>BELLUNO <\/strong>&#8220;Per la salute&#8230;OGNI PASSO CONTA&#8221; : organizzate in varie Comuni attivit\u00e0 motorie gratuite\u00a0 per \u00a0incentivare la ripresa dell\u2019attivit\u00e0 fisica dopo il lungo periodo di sedentariet\u00e0 causato dalla situazione emergenziale. L\u2019Ulss Dolomiti ha aderito all\u2019iniziativa promossa dalla Regione Veneto in collaborazione con la UISP Veneto (Unione Italiana Sport per Tutti) per promuovere percorsi di attivit\u00e0 motoriagratuita\u00a0 in varie localit\u00e0 negli spazi messi a disposizione delle Amministrazioni Comunali. Sono stati attivati percorsi di attivit\u00e0 motoria di vario tipo come ginnastica dolce, fit and walk, fitness dolce, cammino, Tai chi e discipline orientali, Sport Indisciplinati \u00a0aperte a tutte le et\u00e0. Tutte le attivit\u00e0 sono svolte all\u2019aperto, una o pi\u00f9 volte alla settimana, seguendo le indicazioni di prevenzione legate all\u2019emergenza COVID e gestite da un istruttore qualificato che segue i partecipanti. Sono gratuite (sono necessari solo l\u2019iscrizione alla UISP di 5 euro per la copertuna assicurativa e il certificato medico per alcune attivit\u00e0 fisiche pi\u00f9 impegnative). Le attivit\u00e0 sono attualmente proposte nei comuni di: Auronzo, Belluno, Seren del Grappa, Sovramonte, Feltre, Lamon, Fonzaso. Sono in corso I contatti per l\u2019adesione di ulteriori comuni e per l\u2019organizzazione di altre attivit\u00e0 rivolte ai pi\u00f9 giovani come il parcour o lo skate. Per informazioni e iscrizioni contattare UISP al 351 6520442<\/p>\n<a href=\"https:\/\/www.radiopiu.net\/wordpress\/wp-content\/uploads\/2021\/08\/Tabella-Belluno.pdf\" class=\"pdfemb-viewer\" style=\"\" data-width=\"max\" data-height=\"max\" data-toolbar=\"top\" data-toolbar-fixed=\"on\">Tabella Belluno<\/a>\n<p>&nbsp;<\/p>\n<hr \/>\n<p>&nbsp;<\/p>\n<blockquote>\n<h3>LA CONSEGNA DELLE TARGHE AI VOLONTARI DELLA VALLE DEL BIOIS<\/h3>\n<\/blockquote>\n<p><a href=\"https:\/\/www.radiopiu.net\/wordpress\/la-consegna-delle-targhe-ai-volontari-della-valle-del-biois\/olympus-digital-camera-251\/\" rel=\"attachment wp-att-228343\"><img loading=\"lazy\" decoding=\"async\" class=\"wp-image-228343 alignleft\" src=\"https:\/\/www.radiopiu.net\/wordpress\/wp-content\/uploads\/2021\/08\/P8170180-300x200.jpg\" alt=\"\" width=\"170\" height=\"113\" srcset=\"https:\/\/www.radiopiu.net\/wordpress\/wp-content\/uploads\/2021\/08\/P8170180-300x200.jpg 300w, https:\/\/www.radiopiu.net\/wordpress\/wp-content\/uploads\/2021\/08\/P8170180-1024x682.jpg 1024w, https:\/\/www.radiopiu.net\/wordpress\/wp-content\/uploads\/2021\/08\/P8170180-768x512.jpg 768w, https:\/\/www.radiopiu.net\/wordpress\/wp-content\/uploads\/2021\/08\/P8170180.jpg 1280w\" sizes=\"auto, (max-width: 170px) 100vw, 170px\" \/><\/a><strong>FALCADE<\/strong><\/p>\n<p>di Gianni Santomaso<\/p>\n<audio class=\"wp-audio-shortcode\" id=\"audio-228203-4\" preload=\"none\" style=\"width: 100%;\" controls=\"controls\"><source type=\"audio\/mpeg\" src=\"https:\/\/www.radiopiu.net\/wordpress\/wp-content\/uploads\/2021\/08\/GIANNI-CAVIOLA-TARGHE-VOLONTARI.mp3?_=4\" \/><a href=\"https:\/\/www.radiopiu.net\/wordpress\/wp-content\/uploads\/2021\/08\/GIANNI-CAVIOLA-TARGHE-VOLONTARI.mp3\">https:\/\/www.radiopiu.net\/wordpress\/wp-content\/uploads\/2021\/08\/GIANNI-CAVIOLA-TARGHE-VOLONTARI.mp3<\/a><\/audio>\n<p>&nbsp;<\/p>\n<h3>DALLA PROLOCO DI CAVIOLA&#8230;.IL GRAZIE AI VOLONTARI<\/h3>\n<blockquote><p><em>Oggi abbiamo avuto l&#8217;onore di accogliere durante il mercatino i gruppi di soccorso della Valle del Biois (Croce Verde, Soccorso Alpino, Vigili del Fuoco volontari e Gruppo Protezione Civile Caviola) che si sono fatti conoscere a turisti e non che passavano in Lungo Tegosa a Caviola. Un grazie di cuore a tutti i volontari che regalano parte del loro tempo per la sicurezza delle nostre valli e vegliano sulle vacanze dei nostri turisti.<\/em><\/p><\/blockquote>\n\n\t\t\t<style type='text\/css'>\n\t\t\t\t#gallery-3 {\n\t\t\t\t\tmargin: auto;\n\t\t\t\t}\n\t\t\t\t#gallery-3 .gallery-item {\n\t\t\t\t\tfloat: left;\n\t\t\t\t\tmargin-top: 10px;\n\t\t\t\t\ttext-align: center;\n\t\t\t\t\twidth: 16%;\n\t\t\t\t}\n\t\t\t\t#gallery-3 img {\n\t\t\t\t\tborder: 2px solid #cfcfcf;\n\t\t\t\t}\n\t\t\t\t#gallery-3 .gallery-caption {\n\t\t\t\t\tmargin-left: 0;\n\t\t\t\t}\n\t\t\t\t\/* see gallery_shortcode() in wp-includes\/media.php *\/\n\t\t\t<\/style>\n\t\t<div id='gallery-3' class='dt-gallery-container gallery galleryid-228203 gallery-columns-6 gallery-size-thumbnail'><dl class='gallery-item'>\n\t\t\t\t<dt class='gallery-icon landscape'>\n\t\t\t\t\t<a class=\"rollover rollover-zoom dt-pswp-item\" title=\"238569830_4380149535362341_2313014288676201545_n\" data-dt-img-description=\"\" data-large_image_width=\"900\" data-large_image_height=\"600\"href='https:\/\/www.radiopiu.net\/wordpress\/wp-content\/uploads\/2021\/08\/238569830_4380149535362341_2313014288676201545_n.jpg'><img loading=\"lazy\" decoding=\"async\" width=\"150\" height=\"150\" src=\"https:\/\/www.radiopiu.net\/wordpress\/wp-content\/uploads\/2021\/08\/238569830_4380149535362341_2313014288676201545_n-150x150.jpg\" class=\"attachment-thumbnail size-thumbnail\" alt=\"\" \/><\/a>\n\t\t\t\t<\/dt><\/dl><dl class='gallery-item'>\n\t\t\t\t<dt class='gallery-icon landscape'>\n\t\t\t\t\t<a class=\"rollover rollover-zoom dt-pswp-item\" title=\"238959873_4380148498695778_6351202868523783609_n\" data-dt-img-description=\"\" data-large_image_width=\"900\" data-large_image_height=\"600\"href='https:\/\/www.radiopiu.net\/wordpress\/wp-content\/uploads\/2021\/08\/238959873_4380148498695778_6351202868523783609_n.jpg'><img loading=\"lazy\" decoding=\"async\" width=\"150\" height=\"150\" src=\"https:\/\/www.radiopiu.net\/wordpress\/wp-content\/uploads\/2021\/08\/238959873_4380148498695778_6351202868523783609_n-150x150.jpg\" class=\"attachment-thumbnail size-thumbnail\" alt=\"\" \/><\/a>\n\t\t\t\t<\/dt><\/dl><dl class='gallery-item'>\n\t\t\t\t<dt class='gallery-icon landscape'>\n\t\t\t\t\t<a class=\"rollover rollover-zoom dt-pswp-item\" title=\"238808284_4380153028695325_1608184096144336243_n\" data-dt-img-description=\"\" data-large_image_width=\"1728\" data-large_image_height=\"1152\"href='https:\/\/www.radiopiu.net\/wordpress\/wp-content\/uploads\/2021\/08\/238808284_4380153028695325_1608184096144336243_n.jpg'><img loading=\"lazy\" decoding=\"async\" width=\"150\" height=\"150\" src=\"https:\/\/www.radiopiu.net\/wordpress\/wp-content\/uploads\/2021\/08\/238808284_4380153028695325_1608184096144336243_n-150x150.jpg\" class=\"attachment-thumbnail size-thumbnail\" alt=\"\" \/><\/a>\n\t\t\t\t<\/dt><\/dl><dl class='gallery-item'>\n\t\t\t\t<dt class='gallery-icon landscape'>\n\t\t\t\t\t<a class=\"rollover rollover-zoom dt-pswp-item\" title=\"236937780_4380154902028471_1262339224474302965_n\" data-dt-img-description=\"\" data-large_image_width=\"1728\" data-large_image_height=\"1152\"href='https:\/\/www.radiopiu.net\/wordpress\/wp-content\/uploads\/2021\/08\/236937780_4380154902028471_1262339224474302965_n.jpg'><img loading=\"lazy\" decoding=\"async\" width=\"150\" height=\"150\" src=\"https:\/\/www.radiopiu.net\/wordpress\/wp-content\/uploads\/2021\/08\/236937780_4380154902028471_1262339224474302965_n-150x150.jpg\" class=\"attachment-thumbnail size-thumbnail\" alt=\"\" \/><\/a>\n\t\t\t\t<\/dt><\/dl><dl class='gallery-item'>\n\t\t\t\t<dt class='gallery-icon landscape'>\n\t\t\t\t\t<a class=\"rollover rollover-zoom dt-pswp-item\" title=\"238295139_4380150522028909_2415958797793279311_n\" data-dt-img-description=\"\" data-large_image_width=\"1728\" data-large_image_height=\"1152\"href='https:\/\/www.radiopiu.net\/wordpress\/wp-content\/uploads\/2021\/08\/238295139_4380150522028909_2415958797793279311_n.jpg'><img loading=\"lazy\" decoding=\"async\" width=\"150\" height=\"150\" src=\"https:\/\/www.radiopiu.net\/wordpress\/wp-content\/uploads\/2021\/08\/238295139_4380150522028909_2415958797793279311_n-150x150.jpg\" class=\"attachment-thumbnail size-thumbnail\" alt=\"\" \/><\/a>\n\t\t\t\t<\/dt><\/dl><dl class='gallery-item'>\n\t\t\t\t<dt class='gallery-icon landscape'>\n\t\t\t\t\t<a class=\"rollover rollover-zoom dt-pswp-item\" title=\"238418849_4380147565362538_2239533690112182091_n\" data-dt-img-description=\"\" data-large_image_width=\"900\" data-large_image_height=\"600\"href='https:\/\/www.radiopiu.net\/wordpress\/wp-content\/uploads\/2021\/08\/238418849_4380147565362538_2239533690112182091_n.jpg'><img loading=\"lazy\" decoding=\"async\" width=\"150\" height=\"150\" src=\"https:\/\/www.radiopiu.net\/wordpress\/wp-content\/uploads\/2021\/08\/238418849_4380147565362538_2239533690112182091_n-150x150.jpg\" class=\"attachment-thumbnail size-thumbnail\" alt=\"\" \/><\/a>\n\t\t\t\t<\/dt><\/dl><br style=\"clear: both\" \/><dl class='gallery-item'>\n\t\t\t\t<dt class='gallery-icon landscape'>\n\t\t\t\t\t<a class=\"rollover rollover-zoom dt-pswp-item\" title=\"237303503_4380150958695532_2101404005982385544_n\" data-dt-img-description=\"\" data-large_image_width=\"1728\" data-large_image_height=\"1152\"href='https:\/\/www.radiopiu.net\/wordpress\/wp-content\/uploads\/2021\/08\/237303503_4380150958695532_2101404005982385544_n.jpg'><img loading=\"lazy\" decoding=\"async\" width=\"150\" height=\"150\" src=\"https:\/\/www.radiopiu.net\/wordpress\/wp-content\/uploads\/2021\/08\/237303503_4380150958695532_2101404005982385544_n-150x150.jpg\" class=\"attachment-thumbnail size-thumbnail\" alt=\"\" \/><\/a>\n\t\t\t\t<\/dt><\/dl><dl class='gallery-item'>\n\t\t\t\t<dt class='gallery-icon landscape'>\n\t\t\t\t\t<a class=\"rollover rollover-zoom dt-pswp-item\" title=\"238613082_4380154408695187_8602994124036056701_n\" data-dt-img-description=\"\" data-large_image_width=\"1728\" data-large_image_height=\"1152\"href='https:\/\/www.radiopiu.net\/wordpress\/wp-content\/uploads\/2021\/08\/238613082_4380154408695187_8602994124036056701_n.jpg'><img loading=\"lazy\" decoding=\"async\" width=\"150\" height=\"150\" src=\"https:\/\/www.radiopiu.net\/wordpress\/wp-content\/uploads\/2021\/08\/238613082_4380154408695187_8602994124036056701_n-150x150.jpg\" class=\"attachment-thumbnail size-thumbnail\" alt=\"\" \/><\/a>\n\t\t\t\t<\/dt><\/dl><dl class='gallery-item'>\n\t\t\t\t<dt class='gallery-icon landscape'>\n\t\t\t\t\t<a class=\"rollover rollover-zoom dt-pswp-item\" title=\"239115861_4380154058695222_3868725351176788605_n\" data-dt-img-description=\"\" data-large_image_width=\"1728\" data-large_image_height=\"1152\"href='https:\/\/www.radiopiu.net\/wordpress\/wp-content\/uploads\/2021\/08\/239115861_4380154058695222_3868725351176788605_n.jpg'><img loading=\"lazy\" decoding=\"async\" width=\"150\" height=\"150\" src=\"https:\/\/www.radiopiu.net\/wordpress\/wp-content\/uploads\/2021\/08\/239115861_4380154058695222_3868725351176788605_n-150x150.jpg\" class=\"attachment-thumbnail size-thumbnail\" alt=\"\" \/><\/a>\n\t\t\t\t<\/dt><\/dl><dl class='gallery-item'>\n\t\t\t\t<dt class='gallery-icon landscape'>\n\t\t\t\t\t<a class=\"rollover rollover-zoom dt-pswp-item\" title=\"239083199_4380151495362145_5379010910317702384_n\" data-dt-img-description=\"\" data-large_image_width=\"1728\" data-large_image_height=\"1152\"href='https:\/\/www.radiopiu.net\/wordpress\/wp-content\/uploads\/2021\/08\/239083199_4380151495362145_5379010910317702384_n.jpg'><img loading=\"lazy\" decoding=\"async\" width=\"150\" height=\"150\" src=\"https:\/\/www.radiopiu.net\/wordpress\/wp-content\/uploads\/2021\/08\/239083199_4380151495362145_5379010910317702384_n-150x150.jpg\" class=\"attachment-thumbnail size-thumbnail\" alt=\"\" \/><\/a>\n\t\t\t\t<\/dt><\/dl><dl class='gallery-item'>\n\t\t\t\t<dt class='gallery-icon landscape'>\n\t\t\t\t\t<a class=\"rollover rollover-zoom dt-pswp-item\" title=\"238599401_4380147455362549_2586114736963948815_n\" data-dt-img-description=\"\" data-large_image_width=\"900\" data-large_image_height=\"600\"href='https:\/\/www.radiopiu.net\/wordpress\/wp-content\/uploads\/2021\/08\/238599401_4380147455362549_2586114736963948815_n.jpg'><img loading=\"lazy\" decoding=\"async\" width=\"150\" height=\"150\" src=\"https:\/\/www.radiopiu.net\/wordpress\/wp-content\/uploads\/2021\/08\/238599401_4380147455362549_2586114736963948815_n-150x150.jpg\" class=\"attachment-thumbnail size-thumbnail\" alt=\"\" \/><\/a>\n\t\t\t\t<\/dt><\/dl>\n\t\t\t\t<br style='clear: both' \/>\n\t\t\t<\/div>\n\n<p>&nbsp;<\/p>\n<hr \/>\n<p>&nbsp;<\/p>\n<blockquote>\n<h3>MAESTRI DI SCI, A 5 MESI DAL DECRETO, RISTORI ANCORA AL PALO. SCOPEL: &#8220;A RISCHIO PROFESSIONALITA&#8217; IMPORTANTI PER IL FUTURO DELLA NOSTRA MONTAGNA&#8221;<\/h3>\n<\/blockquote>\n<p><strong><a href=\"https:\/\/www.radiopiu.net\/wordpress\/scuola-e-sport\/sci\/\" rel=\"attachment wp-att-192986\"><img loading=\"lazy\" decoding=\"async\" class=\" wp-image-192986 alignleft\" src=\"https:\/\/www.radiopiu.net\/wordpress\/wp-content\/uploads\/2021\/02\/sci-300x200.jpg\" alt=\"\" width=\"135\" height=\"90\" srcset=\"https:\/\/www.radiopiu.net\/wordpress\/wp-content\/uploads\/2021\/02\/sci-300x200.jpg 300w, https:\/\/www.radiopiu.net\/wordpress\/wp-content\/uploads\/2021\/02\/sci.jpg 626w\" sizes=\"auto, (max-width: 135px) 100vw, 135px\" \/><\/a>BELLUNO <\/strong>\u201c<em>Si fa presto a parlare di sviluppo sportivo e turistico della montagna. Se alle affermazioni di principio non seguono atti concreti e tempestivi il tutto rischia di tradursi in una bolla di sapone o, peggio ancora, in un boomerang<\/em>\u201d. Con queste parole il coordinatore provinciale di Forza Italia richiama l&#8217;attenzione su quanto sta accadendo in merito ai ristori previsti per i maestri di sci a seguito del blocco totale dell&#8217;attivit\u00e0 per l&#8217;emergenza sanitaria.<\/p>\n<p><strong>DARIO SCOPEL, COORDINATORE PROVINCIALE DI FORZA ITALIA<\/strong><\/p>\n<audio class=\"wp-audio-shortcode\" id=\"audio-228203-5\" preload=\"none\" style=\"width: 100%;\" controls=\"controls\"><source type=\"audio\/mpeg\" src=\"https:\/\/www.radiopiu.net\/wordpress\/wp-content\/uploads\/2021\/08\/SCOPEL-MAESTRI-SCI.mp3?_=5\" \/><a href=\"https:\/\/www.radiopiu.net\/wordpress\/wp-content\/uploads\/2021\/08\/SCOPEL-MAESTRI-SCI.mp3\">https:\/\/www.radiopiu.net\/wordpress\/wp-content\/uploads\/2021\/08\/SCOPEL-MAESTRI-SCI.mp3<\/a><\/audio>\n<p>&nbsp;<\/p>\n<hr \/>\n<p>&nbsp;<\/p>\n<blockquote>\n<h3>I BANDI PER L&#8217;ACCOGLIENZA DEI MIGRANTI SONO ANDATI A VUOTO<\/h3>\n<\/blockquote>\n<p><strong><a href=\"https:\/\/www.radiopiu.net\/wordpress\/giornale-radiopiu-21-marzo-2021-direttore-mirko-mezzacasa\/lega-salvini\/\" rel=\"attachment wp-att-198269\"><img loading=\"lazy\" decoding=\"async\" class=\"wp-image-198269 alignleft\" src=\"https:\/\/www.radiopiu.net\/wordpress\/wp-content\/uploads\/2021\/03\/LEGA-SALVINI.png\" alt=\"\" width=\"104\" height=\"104\" srcset=\"https:\/\/www.radiopiu.net\/wordpress\/wp-content\/uploads\/2021\/03\/LEGA-SALVINI.png 262w, https:\/\/www.radiopiu.net\/wordpress\/wp-content\/uploads\/2021\/03\/LEGA-SALVINI-150x150.png 150w\" sizes=\"auto, (max-width: 104px) 100vw, 104px\" \/><\/a>BELLUNO<\/strong> \u201cFinalmente \u00e8 finito il business della gestione migranti\u201d, il deputato della Lega Mirco Badole commenta cos\u00ec lo scarso appeal che sembrano ormai avere i bandi della Prefettura per la gestione dell&#8217;accoglienza ai richiedenti asilo. Dopo anni in cui le candidature ai bandi contavano sempre almeno 4 \u2013 5 cooperative, l&#8217;ultimo emanato da Palazzo dei Rettori \u00e8 andato deserto per quanto riguarda l&#8217;accoglienza nei centri collettivi e ha avuto una sola risposta quello per l&#8217;accoglienza in piccole unit\u00e0 abitative.<\/p>\n<p><strong>IL DEPUTATO DELLA LEGA NORD MIRCO BADOLE<\/strong><\/p>\n<audio class=\"wp-audio-shortcode\" id=\"audio-228203-6\" preload=\"none\" style=\"width: 100%;\" controls=\"controls\"><source type=\"audio\/mpeg\" src=\"https:\/\/www.radiopiu.net\/wordpress\/wp-content\/uploads\/2021\/08\/Migranti-Badole.mp3?_=6\" \/><a href=\"https:\/\/www.radiopiu.net\/wordpress\/wp-content\/uploads\/2021\/08\/Migranti-Badole.mp3\">https:\/\/www.radiopiu.net\/wordpress\/wp-content\/uploads\/2021\/08\/Migranti-Badole.mp3<\/a><\/audio>\n<p>&nbsp;<\/p>\n<hr \/>\n<p>&nbsp;<\/p>\n<blockquote>\n<h3 class=\"p1\"><span class=\"s1\">MICRO-PROGETTI SPARSI SU TUTTO IL TERRITORIO: LA SINERGIA COMUNE-VOLONTARIATO D\u00c0 RISULTATI IMPORTANTI<\/span><\/h3>\n<\/blockquote>\n<p class=\"p1\"><span class=\"s1\"><strong><a href=\"https:\/\/www.radiopiu.net\/wordpress\/giornale-radiopiu-19-agosto-2021-direttore-mirko-mezzacasa\/micro_progetti_ponte_nelle_alpi\/\" rel=\"attachment wp-att-228271\"><img loading=\"lazy\" decoding=\"async\" class=\"size-medium wp-image-228271 alignleft\" src=\"https:\/\/www.radiopiu.net\/wordpress\/wp-content\/uploads\/2021\/08\/Micro_progetti_Ponte_nelle_Alpi-300x225.jpg\" alt=\"\" width=\"300\" height=\"225\" srcset=\"https:\/\/www.radiopiu.net\/wordpress\/wp-content\/uploads\/2021\/08\/Micro_progetti_Ponte_nelle_Alpi-300x225.jpg 300w, https:\/\/www.radiopiu.net\/wordpress\/wp-content\/uploads\/2021\/08\/Micro_progetti_Ponte_nelle_Alpi.jpg 740w\" sizes=\"auto, (max-width: 300px) 100vw, 300px\" \/><\/a>PONTE NELLE ALPI <\/strong>Dai Coi de Pera all\u2019Oltrerai, passando per Ponte nelle Alpi e Polpet: il volontariato abbraccia l\u2019intero territorio pontalpino. E lo fa attraverso una serie di interventi di manutenzione: piccoli, ma dal grande significato.\u00a0 <\/span><span class=\"s1\">Hanno preso forma, infatti, una serie di micro-progetti condotti dai volontari. Come a Pian di Vedoia. E, precisamente, nella zona di Pian delle Forche, dove nelle ultime settimane \u00e8 stato ripristinato il percorso pedonale, oltre a una panchina. Tre, invece, le panchine sistemate a Polpet, lungo la strada romana. Senza considerare i lavori di pulizia all\u2019anfiteatro Sanidor, alla chiesetta e al mulino.\u00a0\u00a0<\/span><span class=\"s1\">In questo senso, il Comune di Ponte nelle Alpi ha deciso di alimentare la sfera volontaristica attraverso un fondo di 5mila euro: tali risorse sono rivolte a coloro che portano a termine gli interventi nelle frazioni. \u00ab<em>Va sottolineata l\u2019assoluta disponibilit\u00e0 da parte dei cittadini e delle cittadine che decidono di dedicare il loro tempo libero al bene pubblico &#8211; argomenta l\u2019assessore al Patrimonio, Andrea Pontello -. Con questi micro-progetti, ognuno \u201cadotta\u201d una parte del territorio e, in termini di tutela, se ne fa carico attraverso un\u2019opera di manutenzione ben pi\u00f9 mirata e frequente rispetto a quella abituale: dalla siepe al parchetto, fino alla strada, il lavoro non manca. Come non manca la buona volont\u00e0 dei volontari, ai quali va la nostra profonda gratitudine. E lo stesso vale per i Comitati frazionali: quello di Ponte, per esempio, si occupa di tutta l\u2019area del parco \u201cEx Casa Rossa &#8211; Alessandro Mares\u201d<\/em>\u00bb. <\/span><span class=\"s1\">A proposito dei volontari, \u00e8 nato un apposito registro con il quale l\u2019amministrazione comunale riconosce e tutela delle figure ormai imprescindibili per la collettivit\u00e0: \u00ab<em>\u00c8 bene specificare che possono essere presentati altri micro-progetti &#8211; conclude Pontello -. Gli stessi saranno poi valutati dall\u2019ufficio tecnico ed eventualmente coperti dal fondo messo a disposizione dal Comune<\/em>\u00bb.\u00a0\u00a0<\/span><\/p>\n<p>&nbsp;<\/p>\n<p>&nbsp;<\/p>\n<hr \/>\n<p>&nbsp;<\/p>\n<div class=\"page\" title=\"Page 1\">\n<div class=\"layoutArea\">\n<div class=\"column\">\n<blockquote>\n<h3>AVVIO RICOGNIZIONE PER UNA PRIMA STIMA DEI DANNI AL PATRIMONIO EDILIZIO E AI BENI MOBILI DI PRIVATI CITTADINI E ATTIVITA&#8217; ECONOMICHE O PRODUTTIVE DOPO IL MALTEMPO DI FINE LUGLIO<\/h3>\n<\/blockquote>\n<p><strong><a href=\"https:\/\/www.radiopiu.net\/wordpress\/grandinate-vento-e-allagamenti-in-veneto-zaia-avvia-lo-stato-di-crisi-e-lo-stato-di-calamita-per-le-attivita-agricole\/grandine\/\" rel=\"attachment wp-att-220871\"><img loading=\"lazy\" decoding=\"async\" class=\"size-medium wp-image-220871 alignleft\" src=\"https:\/\/www.radiopiu.net\/wordpress\/wp-content\/uploads\/2021\/07\/GRANDINE-300x225.jpg\" alt=\"\" width=\"300\" height=\"225\" srcset=\"https:\/\/www.radiopiu.net\/wordpress\/wp-content\/uploads\/2021\/07\/GRANDINE-300x225.jpg 300w, https:\/\/www.radiopiu.net\/wordpress\/wp-content\/uploads\/2021\/07\/GRANDINE-1024x768.jpg 1024w, https:\/\/www.radiopiu.net\/wordpress\/wp-content\/uploads\/2021\/07\/GRANDINE-768x576.jpg 768w, https:\/\/www.radiopiu.net\/wordpress\/wp-content\/uploads\/2021\/07\/GRANDINE-1536x1152.jpg 1536w, https:\/\/www.radiopiu.net\/wordpress\/wp-content\/uploads\/2021\/07\/GRANDINE.jpg 1920w\" sizes=\"auto, (max-width: 300px) 100vw, 300px\" \/><\/a>FELTRE<\/strong> Il comune di Feltre ha pubblicato un avviso di ricognizione per una prima stima dei danni creati dal maltempo tra il 31 luglio e il 2 agosto scorsi dove rientra appunto il comune di Feltre. I privati cittadini, le imprese, i titolari di attivita\u0300 economiche\/produttive, ricadenti nel territorio comunale di Feltre, che abbiano subito danneggiamenti durante le eccezionali avversita\u0300 atmosferiche verificatesi nei giorni dal 31 luglio al 2 agosto 2021 , possono segnalare la quantificazione dei danni esclusivamente tramite la compilazione della scheda B (per i privati cittadini) e della scheda C (per le attivita\u0300 economiche e produttive) allegate al presente avviso pubblico. I moduli, regolarmente compilati e sottoscritti, dovranno essere consegnati entro le ore 12.00 di venerdi\u0300 27 agosto 2021 presso l&#8217;Ufficio protocollo del Comune di Feltre &#8211; Piazzetta delle Biade, 1 Feltre; oppure spediti in formato elettronico tramite posta elettronica certificata all&#8217;indirizzo comune.feltre.bl@pecveneto.it, specificando nell&#8217;oggetto: \u201cRichiesta immediato sostegno per eventi meteo del 31 luglio \u2013 2 agosto 2021\u201d.<\/p>\n<p>&nbsp;<\/p>\n<p>&nbsp;<\/p>\n<hr \/>\n<p>&nbsp;<\/p>\n<\/div>\n<\/div>\n<\/div>\n<blockquote>\n<h3>20 AGOSTO 1944 &#8211; VALLE DEL BIOIS, IL 77\u00b0 ANNIVERSARIO<\/h3>\n<\/blockquote>\n<p><span style=\"color: #ff0000;\">DAI NOTIZIARI DEL 7 AGOSTO, L&#8217;ANTICIPAZIONE.<\/span><\/p>\n<blockquote>\n\t\t\t<style type='text\/css'>\n\t\t\t\t#gallery-4 {\n\t\t\t\t\tmargin: auto;\n\t\t\t\t}\n\t\t\t\t#gallery-4 .gallery-item {\n\t\t\t\t\tfloat: left;\n\t\t\t\t\tmargin-top: 10px;\n\t\t\t\t\ttext-align: center;\n\t\t\t\t\twidth: 25%;\n\t\t\t\t}\n\t\t\t\t#gallery-4 img {\n\t\t\t\t\tborder: 2px solid #cfcfcf;\n\t\t\t\t}\n\t\t\t\t#gallery-4 .gallery-caption {\n\t\t\t\t\tmargin-left: 0;\n\t\t\t\t}\n\t\t\t\t\/* see gallery_shortcode() in wp-includes\/media.php *\/\n\t\t\t<\/style>\n\t\t<div id='gallery-4' class='dt-gallery-container gallery galleryid-228203 gallery-columns-4 gallery-size-thumbnail'><dl class='gallery-item'>\n\t\t\t\t<dt class='gallery-icon landscape'>\n\t\t\t\t\t<a class=\"rollover rollover-zoom dt-pswp-item\" title=\"CAVIOLA ECCIDIO\" data-dt-img-description=\"\" data-large_image_width=\"300\" data-large_image_height=\"168\"href='https:\/\/www.radiopiu.net\/wordpress\/wp-content\/uploads\/2021\/08\/download-11-300x168-1.jpg'><img loading=\"lazy\" decoding=\"async\" width=\"150\" height=\"150\" src=\"https:\/\/www.radiopiu.net\/wordpress\/wp-content\/uploads\/2021\/08\/download-11-300x168-1-150x150.jpg\" class=\"attachment-thumbnail size-thumbnail\" alt=\"\" \/><\/a>\n\t\t\t\t<\/dt><\/dl><dl class='gallery-item'>\n\t\t\t\t<dt class='gallery-icon landscape'>\n\t\t\t\t\t<a class=\"rollover rollover-zoom dt-pswp-item\" title=\"CAVIOLA ECCIDIO\" data-dt-img-description=\"\" data-large_image_width=\"300\" data-large_image_height=\"168\"href='https:\/\/www.radiopiu.net\/wordpress\/wp-content\/uploads\/2021\/08\/images-1.jpg'><img loading=\"lazy\" decoding=\"async\" width=\"150\" height=\"150\" src=\"https:\/\/www.radiopiu.net\/wordpress\/wp-content\/uploads\/2021\/08\/images-1-150x150.jpg\" class=\"attachment-thumbnail size-thumbnail\" alt=\"\" \/><\/a>\n\t\t\t\t<\/dt><\/dl><dl class='gallery-item'>\n\t\t\t\t<dt class='gallery-icon landscape'>\n\t\t\t\t\t<a class=\"rollover rollover-zoom dt-pswp-item\" title=\"CAVIOLA ECCIDIO\" data-dt-img-description=\"\" data-large_image_width=\"300\" data-large_image_height=\"169\"href='https:\/\/www.radiopiu.net\/wordpress\/wp-content\/uploads\/2021\/08\/image-3-300x169-1.jpg'><img loading=\"lazy\" decoding=\"async\" width=\"150\" height=\"150\" src=\"https:\/\/www.radiopiu.net\/wordpress\/wp-content\/uploads\/2021\/08\/image-3-300x169-1-150x150.jpg\" class=\"attachment-thumbnail size-thumbnail\" alt=\"\" \/><\/a>\n\t\t\t\t<\/dt><\/dl><dl class='gallery-item'>\n\t\t\t\t<dt class='gallery-icon landscape'>\n\t\t\t\t\t<a class=\"rollover rollover-zoom dt-pswp-item\" title=\"CAVIOLA ECCIDIO\" data-dt-img-description=\"\" data-large_image_width=\"300\" data-large_image_height=\"256\"href='https:\/\/www.radiopiu.net\/wordpress\/wp-content\/uploads\/2021\/08\/image-3-1-300x256-1.jpg'><img loading=\"lazy\" decoding=\"async\" width=\"150\" height=\"150\" src=\"https:\/\/www.radiopiu.net\/wordpress\/wp-content\/uploads\/2021\/08\/image-3-1-300x256-1-150x150.jpg\" class=\"attachment-thumbnail size-thumbnail\" alt=\"\" \/><\/a>\n\t\t\t\t<\/dt><\/dl><br style=\"clear: both\" \/>\n\t\t\t<\/div>\n<\/blockquote>\n<p><strong>di GIANNI SANTOMASO<\/strong><\/p>\n<audio class=\"wp-audio-shortcode\" id=\"audio-228203-7\" preload=\"none\" style=\"width: 100%;\" controls=\"controls\"><source type=\"audio\/mpeg\" src=\"https:\/\/www.radiopiu.net\/wordpress\/wp-content\/uploads\/2021\/08\/GIANNI22-gosto-44.mp3?_=7\" \/><a href=\"https:\/\/www.radiopiu.net\/wordpress\/wp-content\/uploads\/2021\/08\/GIANNI22-gosto-44.mp3\">https:\/\/www.radiopiu.net\/wordpress\/wp-content\/uploads\/2021\/08\/GIANNI22-gosto-44.mp3<\/a><\/audio>\n<p>&nbsp;<\/p>\n<p><strong>FALCADE, CANALE, VALLADA <\/strong>Triplo appuntamento in Valle del Biois per il 77\u00b0 Anniversario del 20 agosto 1944. Alle 15 la Santa Messa nella chiesa di Gares, il saluto del sindaco Flavio Colcergnan e la deposizione della corona al monumento ai caduti nel cimitero di Canale D&#8217;Agordo. Alle 16:20 il saluto del sindaco di Vallada Fabio Lucchetta e la deposizione della corona presso il cippo in ricordo del Sen. Attilio Tissi in localit\u00e0 San Simon. Alle 17 alzabandiera in piazza Pertini di Caviola, la deposizione di un mazzo di fiori al monumento, corteo e deposizione della corona presso la lapide in piazza 20 agosto a Caviola, il saluto del Sindaco Michele Costa, la deposizione della corona al cippo dei fucilati sulla piana di Falcade e del mazzo di fiori al al Monumento del Generale Tilman a Molino.<\/p>\n<p>&nbsp;<\/p>\n<hr \/>\n<p>&nbsp;<\/p>\n<p><strong>LA STORIA SIAMO NOI, ASSOCIAZIONE PALUE<\/strong><\/p>\n<p><img loading=\"lazy\" decoding=\"async\" class=\"i09qtzwb n7fi1qx3 datstx6m pmk7jnqg j9ispegn kr520xx4 k4urcfbm bixrwtb6 alignleft\" src=\"https:\/\/scontent-mxp1-1.xx.fbcdn.net\/v\/t1.6435-9\/s600x600\/230666918_4930630860287138_6687780250415611582_n.jpg?_nc_cat=103&amp;ccb=1-5&amp;_nc_sid=825194&amp;_nc_ohc=6PzDLfz3mrUAX-WNUSS&amp;_nc_ht=scontent-mxp1-1.xx&amp;oh=ce60105800b522f02e1e331fc119970f&amp;oe=6142573C\" alt=\"Potrebbe essere un'immagine raffigurante libro e il seguente testo &quot;Maria Luisa Daniele Toffanin La casa in mezzo al prato in Boscoverde di Rocca Pietore VALENTINA EDITRICE&quot;\" width=\"129\" height=\"153\" \/><strong>ROCCA PIETORE<\/strong> Presso il Borgo Antico di Palue, l\u2019Associazione Palue,\u00a0 domani alle\u00a0 17\u00a0 momento di poesia intorno al libro \u201cLa casa in mezzo al prato \u201c di Maria Luisa Daniele Toffanin. L\u2019autrice declamer\u00e0 le sue poesie!<\/p>\n<p>&nbsp;<\/p>\n<p>&nbsp;<\/p>\n<p>&nbsp;<\/p>\n<p>&nbsp;<\/p>\n<p>&nbsp;<\/p>\n<hr \/>\n<p>&nbsp;<\/p>\n<p><a href=\"https:\/\/www.radiopiu.net\/wordpress\/giornale-radiopiu-19-agosto-2021-direttore-mirko-mezzacasa\/9d2548ac-b7ff-4ee0-9c6f-a31b5909d74e\/\" rel=\"attachment wp-att-228385\"><img loading=\"lazy\" decoding=\"async\" class=\"wp-image-228385 alignleft\" src=\"https:\/\/www.radiopiu.net\/wordpress\/wp-content\/uploads\/2021\/08\/9d2548ac-b7ff-4ee0-9c6f-a31b5909d74e-181x300.jpg\" alt=\"\" width=\"108\" height=\"179\" srcset=\"https:\/\/www.radiopiu.net\/wordpress\/wp-content\/uploads\/2021\/08\/9d2548ac-b7ff-4ee0-9c6f-a31b5909d74e-181x300.jpg 181w, https:\/\/www.radiopiu.net\/wordpress\/wp-content\/uploads\/2021\/08\/9d2548ac-b7ff-4ee0-9c6f-a31b5909d74e-618x1024.jpg 618w, https:\/\/www.radiopiu.net\/wordpress\/wp-content\/uploads\/2021\/08\/9d2548ac-b7ff-4ee0-9c6f-a31b5909d74e-768x1273.jpg 768w, https:\/\/www.radiopiu.net\/wordpress\/wp-content\/uploads\/2021\/08\/9d2548ac-b7ff-4ee0-9c6f-a31b5909d74e-926x1536.jpg 926w, https:\/\/www.radiopiu.net\/wordpress\/wp-content\/uploads\/2021\/08\/9d2548ac-b7ff-4ee0-9c6f-a31b5909d74e.jpg 965w\" sizes=\"auto, (max-width: 108px) 100vw, 108px\" \/><\/a><strong>DUGONE?\u00a0 IL TORNEO DI CENCENIGHE a 5<\/strong><\/p>\n<p><strong>CENCENIGHE<\/strong> Torneo di Green Volley, domenica 22 agosto al campo sportivo &#8220;La Bombonera&#8221;, iscrizioni fino al 20 agosto. Necessaria l&#8217;autocertificazione covid.<\/p>\n<p>info: dugone.torneogreenvolley@gmail.com<\/p>\n<p>&nbsp;<\/p>\n<p>&nbsp;<\/p>\n<p>&nbsp;<\/p>\n<hr \/>\n<p>&nbsp;<\/p>\n<blockquote>\n<h3>LA MOSTRA DI DUNIO PICCOLIN AL NOF FILO&#8217; DI CENCENIGHE PROLUNGATA FINO AL 22 AGOSTO<\/h3>\n<\/blockquote>\n<p><strong>CENCENIGHE\u00a0<\/strong>La mostra di Dunio Piccolin al Nof Fil\u00f2 di Cencenighe \u00e8 stata prolungata da venerd\u00ec 20 agosto a domenica 22 agosto 2021. &#8220;Voci di sottofondo&#8221; \u00e8 il titolo della mostra di oltre cento opere dell&#8217;artista Dunio Piccolin, voci dedicate sopratutto alle storie passate di luoghi e personaggi, alle leggende, ma anche una serie recente in riferimento ad episodi contemporanei relativi alla Valle del Bi\u00f3is. Dopo la buona affluenza al giorno dell&#8217;inaugurazione, limitata dalle ristrettezze della pandemia, molti sono i visitatori, locali e villeggianti, incuriositi dall&#8217;attivit\u00e0 pittorica da &#8220;cavalletto&#8221; del pittore falcadino, gi\u00e0 conosciuto sopratutto per i murales, gli affreschi sulle case o o i graffiti in Agordino.<br \/>\nUna bella soddisfazione per Dunio che ha avuto modo di esporre, nella grande sala del Nof Fil\u00f2, e raccontare ad un pubblico molto interessato della sua terra, seppur circoscritta, ma ricca di storia, cultura e tradizioni; insomma un&#8217;altra faccia della medaglia dei magnifici nostri luoghi che non sia solo essenzialmente turistica.<\/p>\n<p><strong>LE FOTO DELL&#8217;INAUGURAZIONE DELLA MOSTRA<\/strong><\/p>\n\n\t\t\t<style type='text\/css'>\n\t\t\t\t#gallery-5 {\n\t\t\t\t\tmargin: auto;\n\t\t\t\t}\n\t\t\t\t#gallery-5 .gallery-item {\n\t\t\t\t\tfloat: left;\n\t\t\t\t\tmargin-top: 10px;\n\t\t\t\t\ttext-align: center;\n\t\t\t\t\twidth: 33%;\n\t\t\t\t}\n\t\t\t\t#gallery-5 img {\n\t\t\t\t\tborder: 2px solid #cfcfcf;\n\t\t\t\t}\n\t\t\t\t#gallery-5 .gallery-caption {\n\t\t\t\t\tmargin-left: 0;\n\t\t\t\t}\n\t\t\t\t\/* see gallery_shortcode() in wp-includes\/media.php *\/\n\t\t\t<\/style>\n\t\t<div id='gallery-5' class='dt-gallery-container gallery galleryid-228203 gallery-columns-3 gallery-size-thumbnail'><dl class='gallery-item'>\n\t\t\t\t<dt class='gallery-icon landscape'>\n\t\t\t\t\t<a class=\"rollover rollover-zoom dt-pswp-item\" title=\"1a2781ba-6d51-4406-afdd-a4a1f2d15077\" data-dt-img-description=\"\" data-large_image_width=\"1494\" data-large_image_height=\"1134\"href='https:\/\/www.radiopiu.net\/wordpress\/wp-content\/uploads\/2021\/08\/1a2781ba-6d51-4406-afdd-a4a1f2d15077.jpg'><img loading=\"lazy\" decoding=\"async\" width=\"150\" height=\"150\" src=\"https:\/\/www.radiopiu.net\/wordpress\/wp-content\/uploads\/2021\/08\/1a2781ba-6d51-4406-afdd-a4a1f2d15077-150x150.jpg\" class=\"attachment-thumbnail size-thumbnail\" alt=\"\" \/><\/a>\n\t\t\t\t<\/dt><\/dl><dl class='gallery-item'>\n\t\t\t\t<dt class='gallery-icon landscape'>\n\t\t\t\t\t<a class=\"rollover rollover-zoom dt-pswp-item\" title=\"af76d1a2-ad8d-4f68-97d6-f60ba401e35f\" data-dt-img-description=\"\" data-large_image_width=\"720\" data-large_image_height=\"718\"href='https:\/\/www.radiopiu.net\/wordpress\/wp-content\/uploads\/2021\/08\/af76d1a2-ad8d-4f68-97d6-f60ba401e35f.jpg'><img loading=\"lazy\" decoding=\"async\" width=\"150\" height=\"150\" src=\"https:\/\/www.radiopiu.net\/wordpress\/wp-content\/uploads\/2021\/08\/af76d1a2-ad8d-4f68-97d6-f60ba401e35f-150x150.jpg\" class=\"attachment-thumbnail size-thumbnail\" alt=\"\" srcset=\"https:\/\/www.radiopiu.net\/wordpress\/wp-content\/uploads\/2021\/08\/af76d1a2-ad8d-4f68-97d6-f60ba401e35f-150x150.jpg 150w, https:\/\/www.radiopiu.net\/wordpress\/wp-content\/uploads\/2021\/08\/af76d1a2-ad8d-4f68-97d6-f60ba401e35f-300x300.jpg 300w, https:\/\/www.radiopiu.net\/wordpress\/wp-content\/uploads\/2021\/08\/af76d1a2-ad8d-4f68-97d6-f60ba401e35f.jpg 720w\" sizes=\"auto, (max-width: 150px) 100vw, 150px\" \/><\/a>\n\t\t\t\t<\/dt><\/dl><dl class='gallery-item'>\n\t\t\t\t<dt class='gallery-icon portrait'>\n\t\t\t\t\t<a class=\"rollover rollover-zoom dt-pswp-item\" title=\"d016d972-fc72-4274-8b16-d8ec3701249e\" data-dt-img-description=\"\" data-large_image_width=\"1232\" data-large_image_height=\"1836\"href='https:\/\/www.radiopiu.net\/wordpress\/wp-content\/uploads\/2021\/08\/d016d972-fc72-4274-8b16-d8ec3701249e.jpg'><img loading=\"lazy\" decoding=\"async\" width=\"150\" height=\"150\" src=\"https:\/\/www.radiopiu.net\/wordpress\/wp-content\/uploads\/2021\/08\/d016d972-fc72-4274-8b16-d8ec3701249e-150x150.jpg\" class=\"attachment-thumbnail size-thumbnail\" alt=\"\" \/><\/a>\n\t\t\t\t<\/dt><\/dl><br style=\"clear: both\" \/><dl class='gallery-item'>\n\t\t\t\t<dt class='gallery-icon landscape'>\n\t\t\t\t\t<a class=\"rollover rollover-zoom dt-pswp-item\" title=\"e9bd81f1-3a53-45f6-8812-3ec1494cc153\" data-dt-img-description=\"\" data-large_image_width=\"2048\" data-large_image_height=\"1872\"href='https:\/\/www.radiopiu.net\/wordpress\/wp-content\/uploads\/2021\/08\/e9bd81f1-3a53-45f6-8812-3ec1494cc153.jpg'><img loading=\"lazy\" decoding=\"async\" width=\"150\" height=\"150\" src=\"https:\/\/www.radiopiu.net\/wordpress\/wp-content\/uploads\/2021\/08\/e9bd81f1-3a53-45f6-8812-3ec1494cc153-150x150.jpg\" class=\"attachment-thumbnail size-thumbnail\" alt=\"\" \/><\/a>\n\t\t\t\t<\/dt><\/dl><dl class='gallery-item'>\n\t\t\t\t<dt class='gallery-icon landscape'>\n\t\t\t\t\t<a class=\"rollover rollover-zoom dt-pswp-item\" title=\"c9f762b6-ddb1-43c4-bc6c-1446a4513779\" data-dt-img-description=\"\" data-large_image_width=\"720\" data-large_image_height=\"456\"href='https:\/\/www.radiopiu.net\/wordpress\/wp-content\/uploads\/2021\/08\/c9f762b6-ddb1-43c4-bc6c-1446a4513779.jpg'><img loading=\"lazy\" decoding=\"async\" width=\"150\" height=\"150\" src=\"https:\/\/www.radiopiu.net\/wordpress\/wp-content\/uploads\/2021\/08\/c9f762b6-ddb1-43c4-bc6c-1446a4513779-150x150.jpg\" class=\"attachment-thumbnail size-thumbnail\" alt=\"\" \/><\/a>\n\t\t\t\t<\/dt><\/dl><dl class='gallery-item'>\n\t\t\t\t<dt class='gallery-icon landscape'>\n\t\t\t\t\t<a class=\"rollover rollover-zoom dt-pswp-item\" title=\"b438ca5e-44a9-4e99-b2ba-ece9dc14019a\" data-dt-img-description=\"\" data-large_image_width=\"720\" data-large_image_height=\"479\"href='https:\/\/www.radiopiu.net\/wordpress\/wp-content\/uploads\/2021\/08\/b438ca5e-44a9-4e99-b2ba-ece9dc14019a.jpg'><img loading=\"lazy\" decoding=\"async\" width=\"150\" height=\"150\" src=\"https:\/\/www.radiopiu.net\/wordpress\/wp-content\/uploads\/2021\/08\/b438ca5e-44a9-4e99-b2ba-ece9dc14019a-150x150.jpg\" class=\"attachment-thumbnail size-thumbnail\" alt=\"\" \/><\/a>\n\t\t\t\t<\/dt><\/dl><br style=\"clear: both\" \/>\n\t\t\t<\/div>\n\n<p>&nbsp;<\/p>\n<p><strong>\u00a0<\/strong><\/p>\n<hr \/>\n<p>&nbsp;<\/p>\n<blockquote>\n<h3>SUL BROI DI AGORDO IL CINEMA ALL&#8217;APERTO<\/h3>\n<\/blockquote>\n<p><strong><a href=\"https:\/\/www.radiopiu.net\/wordpress\/giornale-radiopiu-10-agosto-2021-direttore-mirko-mezzacasa\/photo_2021-08-09_12-19-00\/\" rel=\"attachment wp-att-226842\"><img loading=\"lazy\" decoding=\"async\" class=\"size-medium wp-image-226842 alignleft\" src=\"https:\/\/www.radiopiu.net\/wordpress\/wp-content\/uploads\/2021\/08\/photo_2021-08-09_12-19-00-300x169.jpg\" alt=\"\" width=\"300\" height=\"169\" srcset=\"https:\/\/www.radiopiu.net\/wordpress\/wp-content\/uploads\/2021\/08\/photo_2021-08-09_12-19-00-300x169.jpg 300w, https:\/\/www.radiopiu.net\/wordpress\/wp-content\/uploads\/2021\/08\/photo_2021-08-09_12-19-00-1024x576.jpg 1024w, https:\/\/www.radiopiu.net\/wordpress\/wp-content\/uploads\/2021\/08\/photo_2021-08-09_12-19-00-768x432.jpg 768w, https:\/\/www.radiopiu.net\/wordpress\/wp-content\/uploads\/2021\/08\/photo_2021-08-09_12-19-00.jpg 1280w\" sizes=\"auto, (max-width: 300px) 100vw, 300px\" \/><\/a>AGORDO<\/strong> Ad Agosto, Agordo ospiter\u00e0 una rassegna cinematografica inedita nel giardino \u201cBroi\u201d, in pieno centro. Per sei serate sar\u00e0 possibile godersi grandi titoli cinematografici in una cornice unica al centro della conca agordina. L\u2019evento, organizzato dal Comune di Agordo, grazie al fondamentale contributo della casa di produzione \u201cFiFilm productions\u201d di Caterina Francavilla, dell\u2019impresa edile \u201cConedil\u201d e dalla ditta \u201cCase Trasporti\u201d, ha l\u2019obiettivo di animare l\u2019estate agordina con una proposta innovativa per il territorio, riproponendo il format avviato la scorsa estate con le proiezioni nel giardino di Villa Crotta-De\u2019 Manzoni. Tutte le proiezioni inizieranno alle ore 21 e saranno ad ingresso gratuito, previa prenotazione obbligatoria fino ad esaurimento posti. Le prenotazioni si possono effettuare attraverso il sito <a href=\"http:\/\/agordo.eventbrite.com\">http:\/\/agordo.eventbrite.com<\/a> oppure rivolgendosi all\u2019Ufficio Turistico di Agordo in via XXVII Aprile, tramite mail all\u2019indirizzo ufficioturistico@agordo.net, oppure telefonando allo 0437 62105 o al 388 495 5756. In caso di maltempo, le proiezioni verranno rinviate al giorno successivo. In conformit\u00e0 con le disposizioni anti-contagio, l\u2019ingresso sar\u00e0 subordinato all\u2019esibizione del Green Pass certificante vaccinazione, guarigione da Covid-19 o l&#8217;esito negativo di un tampone (sono esenti i bambini fino ai 12 anni), al controllo della temperatura e all\u2019utilizzo della mascherina in situazioni di assembramento come all\u2019entrata o all\u2019uscita. Gli appuntamenti della rassegna saranno i seguenti: oggi: Coco; Sabato 21 Agosto: Cena con delitto, di Rian Johnson; Marted\u00ec 24 Agosto: Monuments Men, di George Clooney; Gioved\u00ec 26 Agosto: La famosa invasione degli Orsi in Sicilia, di Lorenzo Mattotti; Sabato 28 Agosto: Vita di Pi, di Ang Lee<\/p>\n<p>&nbsp;<\/p>\n<p>&nbsp;<\/p>\n<hr \/>\n<p>&nbsp;<\/p>\n<blockquote>\n<h3>I NOS CROT, LE ESCURSIONI DEL GAMP DOLOMITI<\/h3>\n<\/blockquote>\n<p><strong><a href=\"https:\/\/www.radiopiu.net\/wordpress\/giornale-radiopiu-10-agosto-2021-direttore-mirko-mezzacasa\/immagine-2021-08-09-122428\/\" rel=\"attachment wp-att-226844\"><img loading=\"lazy\" decoding=\"async\" class=\"wp-image-226844 alignleft\" src=\"https:\/\/www.radiopiu.net\/wordpress\/wp-content\/uploads\/2021\/08\/Immagine-2021-08-09-122428-228x300.png\" alt=\"\" width=\"143\" height=\"189\" srcset=\"https:\/\/www.radiopiu.net\/wordpress\/wp-content\/uploads\/2021\/08\/Immagine-2021-08-09-122428-228x300.png 228w, https:\/\/www.radiopiu.net\/wordpress\/wp-content\/uploads\/2021\/08\/Immagine-2021-08-09-122428.png 663w\" sizes=\"auto, (max-width: 143px) 100vw, 143px\" \/><\/a> <\/strong><\/p>\n<p><strong>\u00a0<\/strong><\/p>\n<p><strong>AGORDO <\/strong>I NOS CROT \u00e8 il nome della serie di escursioni geoturistiche che anche quest&#8217;anno il GAMP DOLOMITI (Gruppo Agordino Mineralogico Paleontologico) vuole riproporre! Delle geoescursioni dal titolo tutto agordino (=i nostri sassi) che vogliono raccontarvi scorci e curiosit\u00e0 geologiche di questo magnifico territorio! ISCRIZIONI APERTE all&#8217;Ufficio Turistico di Agordo o contattando il numero 3884955756 Queste le escursioni: oggi Cascate di Val de Gares, Luned\u00ec 23 agosto Valle di San Lucano, Gioved\u00ec 26 agosto Frassen\u00e9-Rifugio Scarpa<\/p>\n<p>&nbsp;<\/p>\n<p>&nbsp;<\/p>\n<p>&nbsp;<\/p>\n<hr \/>\n<p>&nbsp;<\/p>\n<blockquote>\n<h3 align=\"CENTER\"><b>ESTATE 2021: ED ECCO DI NUOVO I MERCATINI\u00a0<\/b><b>DELL\u2019ANTIQUARIATO, DEL COLLEZIONISMO, DELL\u2019 USATO \u00a0<\/b><\/h3>\n<\/blockquote>\n<p align=\"JUSTIFY\"><a href=\"https:\/\/www.radiopiu.net\/wordpress\/giornale-radiopiu-23-luglio-2021-direttore-mirko-mezzacasa\/mercatino-caprile\/\" rel=\"attachment wp-att-223533\"><img loading=\"lazy\" decoding=\"async\" class=\" wp-image-223533 alignleft\" src=\"https:\/\/www.radiopiu.net\/wordpress\/wp-content\/uploads\/2021\/07\/Mercatino-Caprile-200x300.jpg\" sizes=\"auto, (max-width: 175px) 100vw, 175px\" srcset=\"https:\/\/www.radiopiu.net\/wordpress\/wp-content\/uploads\/2021\/07\/Mercatino-Caprile-200x300.jpg 200w, https:\/\/www.radiopiu.net\/wordpress\/wp-content\/uploads\/2021\/07\/Mercatino-Caprile-683x1024.jpg 683w, https:\/\/www.radiopiu.net\/wordpress\/wp-content\/uploads\/2021\/07\/Mercatino-Caprile-768x1152.jpg 768w, https:\/\/www.radiopiu.net\/wordpress\/wp-content\/uploads\/2021\/07\/Mercatino-Caprile-1024x1536.jpg 1024w, https:\/\/www.radiopiu.net\/wordpress\/wp-content\/uploads\/2021\/07\/Mercatino-Caprile-1366x2048.jpg 1366w, https:\/\/www.radiopiu.net\/wordpress\/wp-content\/uploads\/2021\/07\/Mercatino-Caprile-scaled.jpg 1707w\" alt=\"\" width=\"108\" height=\"162\" \/><\/a>Il gruppo trevigiano degli \u201cAmici dell\u2019Antiquariato\u201d in collaborazione con il coordinatore locale Giorgio Fontanive e Ad Agordo Pro Loco organizza gli appuntamenti per gli appassionati delle cose antiche come accade dal 2011. Gli operatori dell\u2019organizzazione saranno attorno al Br\u00f3i e nella caratteristica Contrada S.Marco a Caprile. Questi i prossimi appuntamenti:\u00a0<b>Caprile<\/b>\u00a0 sabato 21 agosto. Partecipano all\u2019iniziativa commercianti preparati e selezionati in vari settori di operativit\u00e0: oggettistica d\u2019epoca, mobili, arte e collezionismo cartaceo, libri, medaglistica, piccolo antiquariato, arte, vetreria artistica, ecc. Informazioni sull\u2019effettuazione degli incontri e orari all\u2019Ufficio Turistico di Agordo (0437-62105); all\u2019Ufficio Turistico di Alleghe (0437-523333); al riferimento organizzativo\u00a0 348.8278042; alla mail <a href=\"mailto:giorgiofontanive@virgilio.it\">giorgiofontanive@virgilio.it<\/a>.<\/p>\n<div class=\"mkdf-post-text\">\n<div class=\"mkdf-post-text-inner\">\n<div class=\"mkdf-post-text-main\">\n<p>&nbsp;<\/p>\n<p>&nbsp;<\/p>\n<hr \/>\n<p>&nbsp;<\/p>\n<blockquote>\n<h3>GLI EVENTI ESTIVI DI ARABBA FODOM TURISMO<\/h3>\n<\/blockquote>\n<a href=\"https:\/\/www.radiopiu.net\/wordpress\/wp-content\/uploads\/2021\/08\/Attivita\u0300-Eventi-Agosto-2.pdf\" class=\"pdfemb-viewer\" style=\"\" data-width=\"max\" data-height=\"max\" data-toolbar=\"top\" data-toolbar-fixed=\"on\">Attivita\u0300 &amp; Eventi Agosto 2<\/a>\n<p>&nbsp;<\/p>\n<hr \/>\n<p>&nbsp;<\/p>\n<h3 class=\"entry-title mkdf-post-title\">Primo concerto in Valle di Gares con i Pink Size Il grande spettacolo ai piedi delle Dolomiti<\/h3>\n<p><a href=\"https:\/\/www.radiopiu.net\/wordpress\/giornale-radiopiu-01-agosto-2021-direttore-mirko-mezzacasa\/11705683_10207451188865973_7894969160591772771_o-e1624806851469\/\" rel=\"attachment wp-att-225349\"><img loading=\"lazy\" decoding=\"async\" class=\"wp-image-225349 alignleft\" src=\"https:\/\/www.radiopiu.net\/wordpress\/wp-content\/uploads\/2021\/08\/11705683_10207451188865973_7894969160591772771_o-e1624806851469.jpg\" sizes=\"auto, (max-width: 256px) 100vw, 256px\" srcset=\"https:\/\/www.radiopiu.net\/wordpress\/wp-content\/uploads\/2021\/08\/11705683_10207451188865973_7894969160591772771_o-e1624806851469.jpg 1000w, https:\/\/www.radiopiu.net\/wordpress\/wp-content\/uploads\/2021\/08\/11705683_10207451188865973_7894969160591772771_o-e1624806851469-300x194.jpg 300w, https:\/\/www.radiopiu.net\/wordpress\/wp-content\/uploads\/2021\/08\/11705683_10207451188865973_7894969160591772771_o-e1624806851469-768x495.jpg 768w\" alt=\"\" width=\"256\" height=\"165\" \/><\/a><\/p>\n<div class=\"vc_row wpb_row vc_row-fluid vc_custom_1520853310750\">\n<div class=\"wpb_column vc_column_container vc_col-sm-12\">\n<div class=\"vc_column-inner\">\n<div class=\"wpb_wrapper\">\n<div class=\"wpb_text_column wpb_content_element \">\n<div class=\"wpb_wrapper\">\n<p><strong>Domenica 22 agosto 2021 alle ore 17.00<\/strong>\u00a0Canale d\u2019Agordo ospiter\u00e0 il 1\u00b0 concerto in Valle di Gar\u00e9s.\u00a0<strong>La location \u00e8 spettacolare e suggestiva<\/strong>, immersa nel verde, circondata delle Pale di San Martino e dalle cascate delle Comelle. In localit\u00e0 Pian de Giare, in fondo alla Valle di Gar\u00e8s, su di un grande prato, circondati dalle maestose Dolomiti, andr\u00e0 in scena uno spettacolo indimenticabile con l\u2019esibizione dei\u00a0<strong>Pink Size, Tribute band dei Pink Floyd.\u00a0<\/strong>Dal 2005 la band propone con grande passione le sonorit\u00e0 tipiche del Pink Floyd a 360 gradi. La scaletta abbraccia tutta la discografia, dalla psichedelia di Astronomy Domine ed Echoes, passando per l\u2019evoluzione degli anni \u201970 (Atom Heart Mother, Dark Side of the Moon, Wish You Were Here, Animals e The Wall), fino al loro ultimo album in studio. L\u2019evento, organizzato, dalla Pro Loco in collaborazione con le altre associazioni di volontariato locale, era previsto gi\u00e0 lo scorso anno, ma a causa della pandemia non ci sono state le condizioni per realizzarlo. Nonostante il Coronavirus abbia messo in crisi il turismo e quindi anche l\u2019attivit\u00e0 della Pro Loco, l\u2019Associazione stavolta \u00e8 determinata a procedere con l\u2019iniziativa. Per maggiori informazioni sulle modalit\u00e0 di partecipazione al concerto \u00e8 possibile rivolgersi all\u2019ufficio Pro Loco di Canale d\u2019Agordo e.mail: info@prolococanale.it tel. 0437 1948001. In base all&#8217;attuale normativa per il contenimento del Covid-19 l\u2019accesso al concerto \u00e8 consentito <b>SOLAMENTE <\/b>a coloro che esibiscono il <b>GREEN PASS. <\/b>E\u2019, inoltre, obbligatorio l\u2019uso della mascherina, il mantenimento delle distanze minime di sicurezza, nonch\u00e9 il pieno rispetto dei posti assegnati dallo staff organizzativo pro loco.<\/p>\n<\/div>\n<\/div>\n<\/div>\n<\/div>\n<\/div>\n<\/div>\n<p>&nbsp;<\/p>\n<p>&nbsp;<\/p>\n<hr \/>\n<p>&nbsp;<\/p>\n<blockquote>\n<h3>A CANALE DUE EVENTI IN PIAZZA PAPA LUCIANI<\/h3>\n<\/blockquote>\n<p><strong>CANALE D&#8217;AGORDO<\/strong> domani dalle 20:30 in piazza Papa Luciani serata di musica live con i Velvet Radio Live. Domenica dalle 8 alle 18, sempre in piazza a Canale D&#8217;Agordo il mercatino dell&#8217;artigianato e hobbistica.<\/p>\n<p>&nbsp;<\/p>\n<p>&nbsp;<\/p>\n<hr \/>\n<p>&nbsp;<\/p>\n<blockquote>\n<h3>CUGNISCION NOSTE VIJINANZE<\/h3>\n<\/blockquote>\n<p><strong>COLLE SANTA LUCIA<\/strong> Istitut Ladin Cesa De Jan assieme al comune di Livinallongo del Col Di Lana organizzano delle gite alla scoperta delle vicinie di Fodom. Si inizia oggi con Ornella, il 26 tocca a Larzonei, Corte e Contrin il 2 settembre e Pieve e Salesei il 9 settembre. Il costo delle visite \u00e8 di 15 euro per gli adulti e 7 per i bambini (pranzo non compreso). Si consiglia un abbigliamento da trekking. Info e prenotazioni al 3343346680<\/p>\n<p>&nbsp;<\/p>\n<p>&nbsp;<\/p>\n<hr \/>\n<p>&nbsp;<\/p>\n<blockquote>\n<h3>LA MOSTRA DI RENZO MIOLA A CANALE D\u2019AGORDO<\/h3>\n<\/blockquote>\n<p><strong>CANALE D\u2019AGORDO<\/strong>\u00a0Dal 12 al 31 agosto, presso la Casa delle Regole di Canale D\u2019Agordo, \u00e8 visitabile la mostra di pittura paesaggistica di Renzo Miola. La mostra seguira\u00e0 i seguenti orari: 10:30 \u2013 12:30, 16:30 \u2013 18:30 e 20 \u2013 22. L\u2019inaugurazione gioved\u00ec 12 agosto alle 17.<\/p>\n<p>&nbsp;<\/p>\n<p>&nbsp;<\/p>\n<hr \/>\n<p>&nbsp;<\/p>\n<blockquote>\n<h3>IL MUSEO ETNOGRAFICO DI TAIBON AGORDINO FINO AL 28 AGOSTO<\/h3>\n<\/blockquote>\n<p><strong>TAIBON<\/strong>\u00a0Sono aperte le porte del Museo Etnografico di Taibon Agordino \u201cCasa della Maria del Pacifico\u201d. Visitabile tutti i giorni dalle 10 alle 12 e dalle 16 alle 18 escluso il luned\u00ec mattina. Il Museo si trova vicino al municipio si Taibon in Via Pietro Nenni. Accesso con obbligo di mascherina e igienizzazione delle mani. Per informazioni 340 1495978<\/p>\n<p>&nbsp;<\/p>\n<p>&nbsp;<\/p>\n<hr \/>\n<p>&nbsp;<\/p>\n<blockquote>\n<h3>\u201cEN GIRO PER TOCOI\u201d A SAN TOMASO<\/h3>\n<\/blockquote>\n<p><strong>SAN TOMASO<\/strong> A Tocol di San Tomaso \u00e8 in programma \u201cEn Giro Per Tocoi\u201d, riproduzioni artistiche tra architetture di montagna. Organizza la Pro Loco di San Tomaso.<\/p>\n<p>&nbsp;<\/p>\n<p>&nbsp;<\/p>\n<hr \/>\n<p>&nbsp;<\/p>\n<blockquote>\n<h3>ARMONIE 2021, 3 APPUNTAMENTI A FINE AGOSTO<\/h3>\n<\/blockquote>\n<p><strong>BELLUNO\u00a0<\/strong>Triplo appuntamento per la rassegna \u201cArmonie 2021\u201d. Due concerti sono in programma il 21 agosto quando alle 17, presso il teatro Al Mut verr\u00e0 presentato \u201cCarmen\u201d e la sera alle 21 \u201cFinalmente insieme\u2026canto e musica\u201d in Piazza Duomo. Il 29 agosto alle 16 l\u2019ultimo appuntamento con \u201cCanti e poesie di fine estate\u201d a Bolzano Bellunese. Concerti all\u2019aperto su prenotazione ed esibizione di green pass.<\/p>\n<p>&nbsp;<\/p>\n<p>&nbsp;<\/p>\n<hr \/>\n<p>&nbsp;<\/p>\n<blockquote>\n<h3>SMILE MUSIC BAND A FALCADE<\/h3>\n<\/blockquote>\n<p><strong>FALCADE<\/strong> Sabato a partire dalle 15:30, sotto al tendone sulla piana di Falcade, si esibiranno i 5 ragazzi della Smile Music Band. Organizza la Pro Loco di Caviola.<\/p>\n<p>&nbsp;<\/p>\n<p><iframe loading=\"lazy\" title=\"The final countdown (Europe) - Smile cover\" width=\"1200\" height=\"675\" src=\"https:\/\/www.youtube.com\/embed\/bfX7stbqpeM?feature=oembed\" frameborder=\"0\" allow=\"accelerometer; autoplay; clipboard-write; encrypted-media; gyroscope; picture-in-picture\" allowfullscreen><\/iframe><\/p>\n<hr \/>\n<p>&nbsp;<\/p>\n<blockquote>\n<h3>I 130 ANNI DEL CAI BELLUNO CON 3 APPUNTAMENTI DEL CORO<\/h3>\n<\/blockquote>\n<p><strong>BELLUNO<\/strong> Saranno 3 gli appuntamenti in programma nei prossimi giorni con il coro Cai di Belluno per celebrare i 130 anni dalla fondazione della sezione di Belluno. Il 29 agosto l&#8217;appuntamento \u00e8 al Rifugio Tissi con la Santa Messa cantata. Il 5 settembre il coro Cai sar\u00e0 al Rifugio Bianchet per una esibizione mentre l&#8217;11 settembre al Rifugio Settimo Alpini per la messa in ricordo dei caduti della montagna.<\/p>\n<p>&nbsp;<\/p>\n<p>&nbsp;<\/p>\n<hr \/>\n<p>&nbsp;<\/p>\n<blockquote>\n<h3>CONVERSAZIONE SU DANTE CON ANTONIA ARSLAN<\/h3>\n<\/blockquote>\n<p><strong>SANTA GIUSTINA<\/strong> Per il settecentenario dantesco l\u2019Assessorato alla Cultura del Comune di Santa Giustina ha scelto la scrittrice Antonia Arslan, cittadina onoraria e ormai ospite fissa degli eventi estivi organizzati dal Comune. Anche per l\u2019incontro di venerd\u00ec prossimo la Arslan ha scelto un passaggio non scontato della Divina Commedia.\u00a0 Lo scopo sar\u00e0 come sempre quello di presentare la scrittura con un taglio critico, ma anche curioso e perch\u00e9 no, divertito, al pubblico che sar\u00e0 presente a Villa Bonsembiante di Colvago a Santa Giustina venerd\u00ec prossimo 20 agosto, con inizio alle 20.45. Causa misure Covid \u00e8 necessaria la prenotazione e il pubblico dovr\u00e0 esibire il Green pass, presentandosi all\u2019ingresso dalle ore 20.15. Prenotazione obbligatoria compilando il form disponibile sulla pagina Facebook o il sito del Comune di Santa Giustina <a href=\"https:\/\/www.comune.santagiustina.bl.it\/Vivere-Santa-Giustina\/Avvisi-e-news\/CONVERSAZIONE-SU-DANTE-CON-ANTONIA-ARSLAN-VENERDI-20-AGOSTO\">https:\/\/www.comune.santagiustina.bl.it\/Vivere-Santa-Giustina\/Avvisi-e-news\/CONVERSAZIONE-SU-DANTE-CON-ANTONIA-ARSLAN-VENERDI-20-AGOSTO <\/a>In caso di maltempo l\u2019incontro si svolger\u00e0 nella sala parrocchiale di piazza Maggiore a Santa Giustina.<\/p>\n<p>&nbsp;<\/p>\n<p>&nbsp;<\/p>\n<hr \/>\n<p>&nbsp;<\/p>\n<blockquote>\n<h3>TORNANO GLI APPUNTAMENTI CON LA BIBLIOTECA DI LIMANA<\/h3>\n<\/blockquote>\n<p><strong>LIMANA <\/strong><span class=\"s1\">Riprendono gli appuntamenti della rassegna culturale Ritrovarsi in Sinistra Piave organizzati dal Comune di Limana. <\/span><span class=\"s1\">Prossimo incontro venerd\u00ec alle 18.00 presso l&#8217;area Pro Loco (fronte scuole elementari) con la presentazione del libro &#8220;1896 Limana e la sua Banca&#8221;. <\/span><span class=\"s1\">Un libro scritto da Vito Tormen che verr\u00e0 presentato da Dino Bridda.Ingresso gratuito con prenotazione obbligatoria al link <a href=\"https:\/\/forms.gle\/hGwNeoCURQ3oBLd67?fbclid=IwAR10SB_7hp6IiajkioFs6IFG1dQ3vaHw8VDdBSKXehPuu7HjwG1WgHyVeQ8\">https:\/\/forms.gle\/hGwNeoCURQ3oBLd67<\/a> <\/span><span class=\"s1\">Ingresso con Green pass o tampone negativo eseguito 48 ore prima<\/span><\/p>\n<p>&nbsp;<\/p>\n<p>&nbsp;<\/p>\n<hr \/>\n<p>&nbsp;<\/p>\n<blockquote>\n<h3>TORNA LA MUSICA SUL PALCO VAIA DI SANTO STEFANO<\/h3>\n<\/blockquote>\n<p><strong><a href=\"https:\/\/www.radiopiu.net\/wordpress\/giornale-radiopiu-18-agosto-2021-direttore-mirko-mezzacasa\/casarmonica-palco-vaia-1\/\" rel=\"attachment wp-att-228086\"><img loading=\"lazy\" decoding=\"async\" class=\" wp-image-228086 alignleft\" src=\"https:\/\/www.radiopiu.net\/wordpress\/wp-content\/uploads\/2021\/08\/CASArmonica-Palco-Vaia-1-300x200.jpg\" alt=\"\" width=\"248\" height=\"165\" srcset=\"https:\/\/www.radiopiu.net\/wordpress\/wp-content\/uploads\/2021\/08\/CASArmonica-Palco-Vaia-1-300x200.jpg 300w, https:\/\/www.radiopiu.net\/wordpress\/wp-content\/uploads\/2021\/08\/CASArmonica-Palco-Vaia-1-1024x683.jpg 1024w, https:\/\/www.radiopiu.net\/wordpress\/wp-content\/uploads\/2021\/08\/CASArmonica-Palco-Vaia-1-768x512.jpg 768w, https:\/\/www.radiopiu.net\/wordpress\/wp-content\/uploads\/2021\/08\/CASArmonica-Palco-Vaia-1-1536x1024.jpg 1536w, https:\/\/www.radiopiu.net\/wordpress\/wp-content\/uploads\/2021\/08\/CASArmonica-Palco-Vaia-1-2048x1365.jpg 2048w\" sizes=\"auto, (max-width: 248px) 100vw, 248px\" \/><\/a>SANTO STEFANO DI CADORE\u00a0 <\/strong>A due settimane dalla sua inaugurazione ufficiale, torna la musica sul Palco Vaia in Val Visdende, nel territorio di Santo Stefano di Cadore. Il Trio Jazz Borzacchiello-Carnovale-Fioravanti sar\u00e0 infatti protagonista delle \u201cRipercussioni armoniche\u201d che animeranno Casarmonica e Pi\u00e8 della Costa sabato 21 con inizio alle ore 17.30. Il concerto di sabato sar\u00e0 quindi il primo evento ufficiale sul Palco Vaia e vedr\u00e0 impegnati Borzacchiello alla batteria, Carnovale al contrabbasso e Fioravanti al piano; in caso di pioggia, i musicisti suoneranno dall&#8217;interno della casera. In questo caso, visti gli spazi ridotti e la necessit\u00e0 di mantenere il distanziamento interpersonale, \u00e8 consigliato portare mantelline od ombrelli.<\/p>\n<p>&nbsp;<\/p>\n<p>&nbsp;<\/p>\n<hr \/>\n<p>&nbsp;<\/p>\n<h1><span style=\"color: #ff0000;\">IERI ALLA RADIO\u00a0<\/span><\/h1>\n<h2><strong><a href=\"https:\/\/www.radiopiu.net\/wordpress\/laperitivo-con-musica-a-punta-rocca\/terrazza-punta-rocca\/\" rel=\"attachment wp-att-228320\"><img loading=\"lazy\" decoding=\"async\" class=\" wp-image-228320 alignleft\" src=\"https:\/\/www.radiopiu.net\/wordpress\/wp-content\/uploads\/2021\/08\/TERRAZZA-PUNTA-ROCCA-300x225.jpeg\" alt=\"\" width=\"177\" height=\"133\" srcset=\"https:\/\/www.radiopiu.net\/wordpress\/wp-content\/uploads\/2021\/08\/TERRAZZA-PUNTA-ROCCA-300x225.jpeg 300w, https:\/\/www.radiopiu.net\/wordpress\/wp-content\/uploads\/2021\/08\/TERRAZZA-PUNTA-ROCCA-1024x768.jpeg 1024w, https:\/\/www.radiopiu.net\/wordpress\/wp-content\/uploads\/2021\/08\/TERRAZZA-PUNTA-ROCCA-768x576.jpeg 768w, https:\/\/www.radiopiu.net\/wordpress\/wp-content\/uploads\/2021\/08\/TERRAZZA-PUNTA-ROCCA-1536x1152.jpeg 1536w, https:\/\/www.radiopiu.net\/wordpress\/wp-content\/uploads\/2021\/08\/TERRAZZA-PUNTA-ROCCA-2048x1536.jpeg 2048w\" sizes=\"auto, (max-width: 177px) 100vw, 177px\" \/><\/a><\/strong><span style=\"color: #3366ff;\">L&#8217;APERITIVO CON MUSICA A PUNTA ROCCA<\/span><\/h2>\n<p><strong>di Claudio Fontanive<\/strong><\/p>\n<p>Ospite: Giuliana Boschieri<\/p>\n<audio class=\"wp-audio-shortcode\" id=\"audio-228203-8\" preload=\"none\" style=\"width: 100%;\" controls=\"controls\"><source type=\"audio\/mpeg\" src=\"https:\/\/www.radiopiu.net\/wordpress\/wp-content\/uploads\/2021\/08\/giuliana-boscheri-18-agosto.mp3?_=8\" \/><a href=\"https:\/\/www.radiopiu.net\/wordpress\/wp-content\/uploads\/2021\/08\/giuliana-boscheri-18-agosto.mp3\">https:\/\/www.radiopiu.net\/wordpress\/wp-content\/uploads\/2021\/08\/giuliana-boscheri-18-agosto.mp3<\/a><\/audio>\n<p>&nbsp;<\/p>\n<hr \/>\n<p>&nbsp;<\/p>\n<p>&nbsp;<\/p>\n<p>&nbsp;<\/p>\n<div>\n<div class=\"b654a4as d2edcug0\">\n<div class=\"rq0escxv hkbzh7o3 jwdofwj8 n8tt0mok r8blr3vg hyh9befq\">\n<p><a class=\"dt-pswp-item\" href=\"https:\/\/www.radiopiu.net\/wordpress\/wp-content\/uploads\/2020\/10\/pp.jpg\" data-dt-img-description=\"\" data-large_image_width=\"640\" data-large_image_height=\"640\"><img loading=\"lazy\" decoding=\"async\" class=\"wp-image-163678 alignleft\" src=\"https:\/\/www.radiopiu.net\/wordpress\/wp-content\/uploads\/2020\/10\/pp-300x300.jpg\" alt=\"\" width=\"106\" height=\"106\" srcset=\"https:\/\/www.radiopiu.net\/wordpress\/wp-content\/uploads\/2020\/10\/pp-300x300.jpg 300w, https:\/\/www.radiopiu.net\/wordpress\/wp-content\/uploads\/2020\/10\/pp-150x150.jpg 150w, https:\/\/www.radiopiu.net\/wordpress\/wp-content\/uploads\/2020\/10\/pp-125x125.jpg 125w, https:\/\/www.radiopiu.net\/wordpress\/wp-content\/uploads\/2020\/10\/pp-200x200.jpg 200w, https:\/\/www.radiopiu.net\/wordpress\/wp-content\/uploads\/2020\/10\/pp-80x80.jpg 80w, https:\/\/www.radiopiu.net\/wordpress\/wp-content\/uploads\/2020\/10\/pp-480x480.jpg 480w, https:\/\/www.radiopiu.net\/wordpress\/wp-content\/uploads\/2020\/10\/pp.jpg 640w\" sizes=\"auto, (max-width: 106px) 100vw, 106px\" \/><\/a><\/p>\n<\/div>\n<\/div>\n<\/div>\n<div>\n<div class=\"page-title-head hgroup\">\n<div class=\"page-title-head hgroup\">\n<div class=\"b654a4as d2edcug0\">\n<div class=\"j83agx80 btwxx1t3 lhclo0ds hop8lmos nkwizq5d scwd0bx6 roh60bw9\">\n<div class=\"rq0escxv hkbzh7o3 jwdofwj8 n8tt0mok r8blr3vg hyh9befq\">\n<div class=\"do00u71z l9j0dhe7 k4urcfbm\">\n<h2><span style=\"color: #000080;\">DON CESARE, IL PENSIERO DEL GIORNO. ALLA RADIO ALLE 7 DEL MATTINO E ALLE 19.30 DELLA SERA.\u00a0\u00a0<\/span><\/h2>\n<\/div>\n<\/div>\n<\/div>\n<div><\/div>\n<div><\/div>\n<div>\n<audio class=\"wp-audio-shortcode\" id=\"audio-228203-9\" preload=\"none\" style=\"width: 100%;\" controls=\"controls\"><source type=\"audio\/mpeg\" src=\"https:\/\/www.radiopiu.net\/wordpress\/wp-content\/uploads\/2021\/08\/cesare-11.mp3?_=9\" \/><a href=\"https:\/\/www.radiopiu.net\/wordpress\/wp-content\/uploads\/2021\/08\/cesare-11.mp3\">https:\/\/www.radiopiu.net\/wordpress\/wp-content\/uploads\/2021\/08\/cesare-11.mp3<\/a><\/audio>\n<\/div>\n<\/div>\n<\/div>\n<div class=\"page-title-head hgroup\">\n<p>&nbsp;<\/p>\n<\/div>\n<\/div>\n<\/div>\n<p>&nbsp;<\/p>\n<p>&nbsp;<\/p>\n<p>&nbsp;<\/p>\n<hr \/>\n<p>&nbsp;<\/p>\n<blockquote>\n<h3>CENTO ANNI A BELLUNO DI FRANCO SIRENA CON NOTIZIE E CURIOSIT\u00c0 DAL XX SECOLO<\/h3>\n<\/blockquote>\n<p><strong>di RENATO BONA<\/strong><\/p>\n<p>Vent\u2019anni fa, per la serie \u201cQuaderni\u201d, l\u2019Istituto bellunese di ricerche sociali e culturali diretto dal prof. don Sergio Sacco stampava con la tipografia Piave il libro di Franco Sirena: \u201cCento anni a Belluno. Notizie e curiosit\u00e0 dal XX secolo\u201d che, fra l\u2019altro, proponeva una bella serie di foto d\u2019archivio concesse da: Archivio storico del Comune di Belluno, Arrigoni Gabriele, Asilo Adelaide Cairoli, Azienda di promozione turistica di Belluno, Club Alpino Italiano, De Francesco Vincenzo, De Liberali Cesare, De Pellegrin Paolo, Fontana Giuliano, Foto Eddy, Foto Zanfron, Guerra Aldo, Il Gazzettino, L\u2019Amico del Popolo, Libreria Alessandro Tarantola, Odorizzi Flora, Secco Gianni, Sirena Luigi, Veronese Ezio. Il volume &#8211; precisava nella presentazione il presidente dell\u2019Ibrsc, Sergio Sacco &#8211; \u201c\u00e8 stato pensato per commemorare la fine del secondo millennio e l\u2019inizio del terzo. Infatti pareva non decoroso per un Istituto ch si occupa di ricerche storiche e culturali, lasciar passare sotto silenzio un avvenimento cos\u00ec caratteristico\u201d. Tuttavia, \u201cripercorrere tutta la storia dei nostri paesi sarebbe stato molto gravoso oltre che parzialmente inutile dato che altri lo hanno gi\u00e0 fatto; ma ricordare gli ultimi cent\u2019anni \u00e8 sembrata una cosa relativamente nuova e originale\u2026 Ne \u00e8 nata cos\u00ec un\u2019opera sui generis, che presenta la citt\u00e0 la quale, per lo pi\u00f9, vive una sua esistenza specifica, al riparo da grandi sovvertimenti e da grandi mutazioni\u2026\u201d. Ed allora cominciamo a proporla, evidentemente in sintesi e con pi\u00f9 servizi, questa storia messa insieme con pregevole impegno dall\u2019amico Franco Sirena. Per l\u2019anno 1990 il titolo \u00e8 dedicato a \u201cIl Rifugio Budden\u201d, opera del capomastro Luigi Croce, inaugurato dalla sezione Cai il 23 settembre sul Col Visentin. \u201cIl primo censimento del secolo\u201d si merita il titolo per il 1901. Da un prospetto stilato il 31 maggio emergeva che nell\u2019ambito delle varie parrocchie (San Biagio, Castion, San Pietro in Campo, Tisoi, San Fermo, Libano, Assunta, Cusighe, Bolzano, Salce, Orzes) era presente una popolazione di complessive 18 mila 649 persone. Tocca a \u201cLa fognatura cittadina\u201d in cui per l\u2019anno 1902, si ricorda che nella seduta dell\u201911 aprile al Consiglio comunale viene presentata una relazione della giunta sugli studi di massima per la fognatura del centro cittadino: Piazza Campitello, via Loreto, via Garibaldi, ed approvato il regolamento per l\u2019espurgo inodore dei pozzi neri. Il 19 settembre viene nominato sindaco Tommaso Miari Fulcis ma due consiglieri presentano ricorso e dunque viene eletto Feliciano Vinanti. Per il 1903 si ricorda in particolare nel capitolo \u201cGli zattieri\u201d l\u2019iniziativa di quelli di Borgo Piave che producono una domanda al Comune per la demolizione dei resti dell\u2019ultima pila del ponte distrutto dalla piena del Piave nel 1882, pregiudizievole per la fluitazione delle zattere. Il 29 agosto il re Vittorio Emanuele III visita Belluno in occasione delle manovre militari del III e IV Corpo d\u2019armata. Dedicato a \u201cLa chiesa di Santo Stefano\u201d il titolo per il 1904 dato che si pu\u00f2 leggere che il 31 dicembre mons. Francesco Cherubin, vescovo della diocesi di Belluno e Feltre, istituisce la parrocchia di Santo Stefano e San Biagio con trasferimento della sede dalla chiesetta di San Biagio in Campestrino a quella di Santo Stefano. Si da quindi conto di una serie di interventi in varie epoche per restauri. Eccoci al 1905 con la \u201cRegia Scuola Industriale\u201d a meritarsi il titolo: istituita il 26 marzo, su impulso del cav. Domenico Antonio Fabris in rappresentanza di un gruppo di cittadini; si affianca alla Scuola comunale Tommaso Catullo, al Liceo Tiziano Vecellio e alla Scuola Normale. Primo preside, ricorda Sirena, fu il prof. ing. Guglielmo Sartori che guid\u00f2 l\u2019istituto fino al 1936. \u201cLe Regie Poste Centrali\u201d danno il titolo all\u2019anno 1906. Detto che \u201cI servizi postali gi\u00e0 all\u2019inizio del secolo avevano subito un notevole incremento e pertanto risultava del tutto insufficiente la sede delle Poste di Belluno, ubicata allora in Piazza Castello al civico n. 6\u201d l\u2019autore del libro ricorda che l\u2019Amministrazione comunale ne previde lo spostamento con la costruzione ex novo di un palazzo. L\u2019area prescelta fu quella del palazzo del conte Alessandro Miari, tra Piazza Campitello e via Cipro. Di tutto questo ci resta solo un progetto di massima, perch\u00e9 lo scoppio della Grande Guerra blocc\u00f2 ogni cosa. Bisogner\u00e0 aspettare il 1933 per l\u2019affidamento dell\u2019incarico progettuale per la costruzione dell\u2019attuale palazzo delle Poste, con demolizione del fabbricato delle Carceri, del vecchio castello e di alcune abitazioni circostanti. Anno 1907. Sotto il titolo \u201cCastion comune autonomo\u201d \u00e8 scritto: \u201c\u2026 Ha fatto scalpore la voce discussa in Consiglio comunale il 30 luglio sul progetto di un nuovo comune. Infatti il Consiglio \u00e8 stato chiamato ad esprimersi sulla domanda prodotta dai castionesi a costituirsi in comune autonomo\u201d. A conclusione di un acceso dibattito, il civico consesso espresse parere negativo. Fra le altre, tre notizie: affrontato il problema del consolidamento della frana sulla strada della Riva di Pallolt a Tisoi, con spesa di 2.000 lire; 30 luglio: finanziato il progetto del nuovo ponte sull\u2019Ardo con costo stimato in 25 mila lire, un quarto a carico dello Stato. Inizi\u00f2 la sua attivit\u00e0 l\u2019architetto Riccardo Alfar\u00e8 \u201cche lasci\u00f2 una impronta originale in tante costruzioni cittadine; garage di via Caffi, cinema Italia, palazzo Coletti, albergo Ponte della Vittoria\u201d. Argomento principale del 1908? \u201cImpianto del gas\u201d che da il titolo al capitolo. Detto che dieci commercianti del centro chiedevano la revoca dell\u2019obbligo di chiusura settimanale della domenica \u201cperch\u00e9 la gente della campagna (13.000 abitanti) approfittava del giorno di riposo per approvvigionarsi in centro, esistendo nei villaggi solo osterie\u201d e di quella dei parrucchieri che chiedevano il giorno di riposo il luned\u00ec in luogo della domenica, Franco Sirena si sofferma sul \u201cpagamento al sig. Vittorio Calzavara di \u00a3 1.100 per lo studio effettuato di una officina di produzione del gas a Belluno\u201d. Il 18 maggio venne deliberata la spesa di \u00a3 3.850 per l\u2019installazione del termosifone in Municipio. E siamo al 1909. Sotto il titolo \u201cL\u2019Amico del Popolo\u201d viene ricordato che \u201cA Belluno, il 3 gennaio 1909 esce il primo numero del settimanale \u2018L\u2019Amico del Popolo\u2019 giornaletto cattolico settimanale. L\u2019annuncio era stato dato da mons. Giuseppe Foschiani al \u201cVenerabile clero delle due diocesi unite di Belluno e di Feltre\u201d. Per i primi mesi assunse la direzione don Felice Capello (si tratta dell\u2019agordino Felice Maria Cappello che nacque a Caviola l\u20198 ottobre 1879 e mor\u00ec a Roma il 25 marzo 1962; cattedratico alla Gregoriana e canonista di grande fama anche a livello internazionale. La libera enciclopedia Wikipedia ricorda fra l\u2019altro come sia stato \u201cfedele al confessionale tanto da meritarsi gli appellativi di confessore di Roma e di gesuita della misericordia\u201d. Dal 2014 Cappello \u00e8 \u201cServo di Dio\u201d \u2013 ndr.). Si tratta di due soli fogli stampati su tre colonne, ha \u201clo scopo di divulgare e rafforzare l\u2019idea religiosa e combattere la stampa avversa, specialmente \u2018L\u2019Avvenire\u2019 e poi \u2018L\u2019Unione Socialista\u2019 di Agordo. L\u2019abbonamento annuale costa 2 lire per l\u2019Italia e 4 per l\u2019estero e la tipografia \u00e8 quella di Luigi Longana nel 1909 e di Pietro Fracchia nel 1910. Nel 1913 il settimanale \u00e8 stampato dalla Unione Tipografica Editrice Bellunese. Dal 29 settembre 1945 la stampa \u00e8 della Tipografia Vescovile che diverr\u00e0 Tipografia Piave e stamper\u00e0 il settimanale con tale nuova denominazione dal numero 6 del 6 febbraio. La tiratura raggiungeva, forse, le tremila copie \u201ce non era poca cosa, perch\u00e9 ai problemi relativi alla redazione si aggiungevano quelli di carattere economico, anche se tutti i collaboratori prestavano la loro opera gratuitamente. Concludiamo questo primo servizio su \u201cCento anni a Belluno\u201d col capitolo intitolato: \u201cLa merenda del colmo\u201d (in relazione della ratifica, fra varie polemiche, della spesa sostenuta per la \u2018merenda del colmo\u2019 dei fabbricati rurali. Per i quali furono spese 50 lire per ogni fabbricato, quindi per un totale di spesa di 550 lire). Vi si tratta soprattutto dei problemi dei trasporti e dei collegamenti con la provincia, in primo luogo con quello relativo alla collocazione della nuova Stazione ferroviaria, con la proposta di ubicarla a San Gervasio e di sfruttare l\u2019ex convento delle Benedettine per il Manicomio, allora ospitato a Ponte nelle Alpi\u201d. Il 2 febbraio iniziarono i collegamenti automobilistici con il Cadore con due nuovissimi automezzi che effettuavano corse giornaliere alle 9 e alle 15. Il 28 luglio il presidente per la Ferrovia delle Alpi Dolomitiche avanz\u00f2 la richiesta di contributo per la nuova tratta ferroviaria e il Consiglio deliber\u00f2 di concorrere con \u00a3 50.000 alla spesa per l\u2019Elettrovia Agordina, come da progetto dell\u2019ing. Mario Baudracco. Molto altro ci sarebbe stato da ricordare per questi primi dieci anni, e ancor di pi\u00f9 ce ne sar\u00e0 nei servizi che seguiranno sempre estrapolando dalla certosina annotazione di persone, eventi e luoghi fatta da Franco Sirena, che non si fermer\u00e0 a questo ottimo lavoro!<\/p>\n\n\t\t\t<style type='text\/css'>\n\t\t\t\t#gallery-6 {\n\t\t\t\t\tmargin: auto;\n\t\t\t\t}\n\t\t\t\t#gallery-6 .gallery-item {\n\t\t\t\t\tfloat: left;\n\t\t\t\t\tmargin-top: 10px;\n\t\t\t\t\ttext-align: center;\n\t\t\t\t\twidth: 16%;\n\t\t\t\t}\n\t\t\t\t#gallery-6 img {\n\t\t\t\t\tborder: 2px solid #cfcfcf;\n\t\t\t\t}\n\t\t\t\t#gallery-6 .gallery-caption {\n\t\t\t\t\tmargin-left: 0;\n\t\t\t\t}\n\t\t\t\t\/* see gallery_shortcode() in wp-includes\/media.php *\/\n\t\t\t<\/style>\n\t\t<div id='gallery-6' class='dt-gallery-container gallery galleryid-228203 gallery-columns-6 gallery-size-thumbnail'><dl class='gallery-item'>\n\t\t\t\t<dt class='gallery-icon landscape'>\n\t\t\t\t\t<a class=\"rollover rollover-zoom dt-pswp-item\" title=\"235949099_537547327471324_8832394213560198446_n\" data-dt-img-description=\"\" data-large_image_width=\"206\" data-large_image_height=\"200\"href='https:\/\/www.radiopiu.net\/wordpress\/wp-content\/uploads\/2021\/08\/235949099_537547327471324_8832394213560198446_n.jpg'><img loading=\"lazy\" decoding=\"async\" width=\"150\" height=\"150\" src=\"https:\/\/www.radiopiu.net\/wordpress\/wp-content\/uploads\/2021\/08\/235949099_537547327471324_8832394213560198446_n-150x150.jpg\" class=\"attachment-thumbnail size-thumbnail\" alt=\"\" \/><\/a>\n\t\t\t\t<\/dt><\/dl><dl class='gallery-item'>\n\t\t\t\t<dt class='gallery-icon landscape'>\n\t\t\t\t\t<a class=\"rollover rollover-zoom dt-pswp-item\" title=\"236462992_371396521226769_9122466472319604085_n\" data-dt-img-description=\"\" data-large_image_width=\"275\" data-large_image_height=\"206\"href='https:\/\/www.radiopiu.net\/wordpress\/wp-content\/uploads\/2021\/08\/236462992_371396521226769_9122466472319604085_n.jpg'><img loading=\"lazy\" decoding=\"async\" width=\"150\" height=\"150\" src=\"https:\/\/www.radiopiu.net\/wordpress\/wp-content\/uploads\/2021\/08\/236462992_371396521226769_9122466472319604085_n-150x150.jpg\" class=\"attachment-thumbnail size-thumbnail\" alt=\"\" \/><\/a>\n\t\t\t\t<\/dt><\/dl><dl class='gallery-item'>\n\t\t\t\t<dt class='gallery-icon landscape'>\n\t\t\t\t\t<a class=\"rollover rollover-zoom dt-pswp-item\" title=\"236051906_192678252782506_4367527226091246960_n\" data-dt-img-description=\"\" data-large_image_width=\"320\" data-large_image_height=\"201\"href='https:\/\/www.radiopiu.net\/wordpress\/wp-content\/uploads\/2021\/08\/236051906_192678252782506_4367527226091246960_n.jpg'><img loading=\"lazy\" decoding=\"async\" width=\"150\" height=\"150\" src=\"https:\/\/www.radiopiu.net\/wordpress\/wp-content\/uploads\/2021\/08\/236051906_192678252782506_4367527226091246960_n-150x150.jpg\" class=\"attachment-thumbnail size-thumbnail\" alt=\"\" \/><\/a>\n\t\t\t\t<\/dt><\/dl><dl class='gallery-item'>\n\t\t\t\t<dt class='gallery-icon landscape'>\n\t\t\t\t\t<a class=\"rollover rollover-zoom dt-pswp-item\" title=\"235361558_1452646471776626_4301764284414995599_n\" data-dt-img-description=\"\" data-large_image_width=\"228\" data-large_image_height=\"206\"href='https:\/\/www.radiopiu.net\/wordpress\/wp-content\/uploads\/2021\/08\/235361558_1452646471776626_4301764284414995599_n.jpg'><img loading=\"lazy\" decoding=\"async\" width=\"150\" height=\"150\" src=\"https:\/\/www.radiopiu.net\/wordpress\/wp-content\/uploads\/2021\/08\/235361558_1452646471776626_4301764284414995599_n-150x150.jpg\" class=\"attachment-thumbnail size-thumbnail\" alt=\"\" \/><\/a>\n\t\t\t\t<\/dt><\/dl><dl class='gallery-item'>\n\t\t\t\t<dt class='gallery-icon landscape'>\n\t\t\t\t\t<a class=\"rollover rollover-zoom dt-pswp-item\" title=\"235433525_330231465474315_3795651957329974453_n\" data-dt-img-description=\"\" data-large_image_width=\"344\" data-large_image_height=\"206\"href='https:\/\/www.radiopiu.net\/wordpress\/wp-content\/uploads\/2021\/08\/235433525_330231465474315_3795651957329974453_n.jpg'><img loading=\"lazy\" decoding=\"async\" width=\"150\" height=\"150\" src=\"https:\/\/www.radiopiu.net\/wordpress\/wp-content\/uploads\/2021\/08\/235433525_330231465474315_3795651957329974453_n-150x150.jpg\" class=\"attachment-thumbnail size-thumbnail\" alt=\"\" \/><\/a>\n\t\t\t\t<\/dt><\/dl><dl class='gallery-item'>\n\t\t\t\t<dt class='gallery-icon landscape'>\n\t\t\t\t\t<a class=\"rollover rollover-zoom dt-pswp-item\" title=\"236528881_1205353236646236_7107399776618042685_n\" data-dt-img-description=\"\" data-large_image_width=\"315\" data-large_image_height=\"206\"href='https:\/\/www.radiopiu.net\/wordpress\/wp-content\/uploads\/2021\/08\/236528881_1205353236646236_7107399776618042685_n.jpg'><img loading=\"lazy\" decoding=\"async\" width=\"150\" height=\"150\" src=\"https:\/\/www.radiopiu.net\/wordpress\/wp-content\/uploads\/2021\/08\/236528881_1205353236646236_7107399776618042685_n-150x150.jpg\" class=\"attachment-thumbnail size-thumbnail\" alt=\"\" \/><\/a>\n\t\t\t\t<\/dt><\/dl><br style=\"clear: both\" \/><dl class='gallery-item'>\n\t\t\t\t<dt class='gallery-icon landscape'>\n\t\t\t\t\t<a class=\"rollover rollover-zoom dt-pswp-item\" title=\"237362580_4937313122949887_4982560262839430796_n\" data-dt-img-description=\"\" data-large_image_width=\"320\" data-large_image_height=\"203\"href='https:\/\/www.radiopiu.net\/wordpress\/wp-content\/uploads\/2021\/08\/237362580_4937313122949887_4982560262839430796_n.jpg'><img loading=\"lazy\" decoding=\"async\" width=\"150\" height=\"150\" src=\"https:\/\/www.radiopiu.net\/wordpress\/wp-content\/uploads\/2021\/08\/237362580_4937313122949887_4982560262839430796_n-150x150.jpg\" class=\"attachment-thumbnail size-thumbnail\" alt=\"\" \/><\/a>\n\t\t\t\t<\/dt><\/dl><dl class='gallery-item'>\n\t\t\t\t<dt class='gallery-icon landscape'>\n\t\t\t\t\t<a class=\"rollover rollover-zoom dt-pswp-item\" title=\"239111812_3000898273484489_903799946874291914_n\" data-dt-img-description=\"\" data-large_image_width=\"370\" data-large_image_height=\"205\"href='https:\/\/www.radiopiu.net\/wordpress\/wp-content\/uploads\/2021\/08\/239111812_3000898273484489_903799946874291914_n.jpg'><img loading=\"lazy\" decoding=\"async\" width=\"150\" height=\"150\" src=\"https:\/\/www.radiopiu.net\/wordpress\/wp-content\/uploads\/2021\/08\/239111812_3000898273484489_903799946874291914_n-150x150.jpg\" class=\"attachment-thumbnail size-thumbnail\" alt=\"\" \/><\/a>\n\t\t\t\t<\/dt><\/dl><dl class='gallery-item'>\n\t\t\t\t<dt class='gallery-icon landscape'>\n\t\t\t\t\t<a class=\"rollover rollover-zoom dt-pswp-item\" title=\"235195291_244933617358464_4360387808281248132_n\" data-dt-img-description=\"\" data-large_image_width=\"225\" data-large_image_height=\"206\"href='https:\/\/www.radiopiu.net\/wordpress\/wp-content\/uploads\/2021\/08\/235195291_244933617358464_4360387808281248132_n.jpg'><img loading=\"lazy\" decoding=\"async\" width=\"150\" height=\"150\" src=\"https:\/\/www.radiopiu.net\/wordpress\/wp-content\/uploads\/2021\/08\/235195291_244933617358464_4360387808281248132_n-150x150.jpg\" class=\"attachment-thumbnail size-thumbnail\" alt=\"\" \/><\/a>\n\t\t\t\t<\/dt><\/dl><dl class='gallery-item'>\n\t\t\t\t<dt class='gallery-icon landscape'>\n\t\t\t\t\t<a class=\"rollover rollover-zoom dt-pswp-item\" title=\"235736752_284347730164934_6494275128896913027_n\" data-dt-img-description=\"\" data-large_image_width=\"262\" data-large_image_height=\"206\"href='https:\/\/www.radiopiu.net\/wordpress\/wp-content\/uploads\/2021\/08\/235736752_284347730164934_6494275128896913027_n.jpg'><img loading=\"lazy\" decoding=\"async\" width=\"150\" height=\"150\" src=\"https:\/\/www.radiopiu.net\/wordpress\/wp-content\/uploads\/2021\/08\/235736752_284347730164934_6494275128896913027_n-150x150.jpg\" class=\"attachment-thumbnail size-thumbnail\" alt=\"\" \/><\/a>\n\t\t\t\t<\/dt><\/dl><dl class='gallery-item'>\n\t\t\t\t<dt class='gallery-icon landscape'>\n\t\t\t\t\t<a class=\"rollover rollover-zoom dt-pswp-item\" title=\"236498009_689498739118073_1835958479921879487_n\" data-dt-img-description=\"\" data-large_image_width=\"228\" data-large_image_height=\"205\"href='https:\/\/www.radiopiu.net\/wordpress\/wp-content\/uploads\/2021\/08\/236498009_689498739118073_1835958479921879487_n.jpg'><img loading=\"lazy\" decoding=\"async\" width=\"150\" height=\"150\" src=\"https:\/\/www.radiopiu.net\/wordpress\/wp-content\/uploads\/2021\/08\/236498009_689498739118073_1835958479921879487_n-150x150.jpg\" class=\"attachment-thumbnail size-thumbnail\" alt=\"\" \/><\/a>\n\t\t\t\t<\/dt><\/dl><dl class='gallery-item'>\n\t\t\t\t<dt class='gallery-icon landscape'>\n\t\t\t\t\t<a class=\"rollover rollover-zoom dt-pswp-item\" title=\"236118731_200485882103075_8851073753547789089_n\" data-dt-img-description=\"\" data-large_image_width=\"320\" data-large_image_height=\"206\"href='https:\/\/www.radiopiu.net\/wordpress\/wp-content\/uploads\/2021\/08\/236118731_200485882103075_8851073753547789089_n.jpg'><img loading=\"lazy\" decoding=\"async\" width=\"150\" height=\"150\" src=\"https:\/\/www.radiopiu.net\/wordpress\/wp-content\/uploads\/2021\/08\/236118731_200485882103075_8851073753547789089_n-150x150.jpg\" class=\"attachment-thumbnail size-thumbnail\" alt=\"\" \/><\/a>\n\t\t\t\t<\/dt><\/dl><br style=\"clear: both\" \/>\n\t\t\t<\/div>\n\n<p>NELLE FOTO (riproduzioni da\u201dCento anni a Belluno\u201d): la copertina del libro di Franco Sirena; il rifugio Riccardo Budden, inaugurato il 23 settembre 1900; parco pubblico all\u2019epoca noto come Parco dei Gesuiti; il sarcofago di Flavio Ostilio davanti alla chiesa di Santo Stefano; via Simon da Cusighe ad inizio secolo; la nuova sistemazione del sarcofago; la fonderia dell\u2019istituto tecnico industriale Gerolamo Segato; Piazza Castello e sulla destra la sede di Poste e Telegrafi; lavori di sistemazione della frana di Pallolt a Tisoi; il progetto dell\u2019Officina del gas a Borgo Piave; uno dei primi numeri de \u201cL\u2019Amico del Popolo\u201d; Gruppo di bambini del Cairoli in maschera ad inizio secolo.<\/p>\n<p>&nbsp;<\/p>\n<p>&nbsp;<\/p>\n<hr \/>\n<p>&nbsp;<\/p>\n<blockquote class=\"wp-embedded-content\" data-secret=\"FoV5yDtCkd\"><p><a href=\"https:\/\/www.radiopiu.net\/wordpress\/i-misteri-di-alleghe-di-sergio-saviane-alla-radio-con-lattore-roberto-faoro-il-podcast\/\">&#8220;I MISTERI DI ALLEGHE DI SERGIO SAVIANE&#8221; ALLA RADIO CON L&#8217;ATTORE ROBERTO FAORO &#8211; IL PODCAST<\/a><\/p><\/blockquote>\n<p><iframe loading=\"lazy\" class=\"wp-embedded-content\" sandbox=\"allow-scripts\" security=\"restricted\" style=\"position: absolute; clip: rect(1px, 1px, 1px, 1px);\" title=\"&#8220;&#8220;I MISTERI DI ALLEGHE DI SERGIO SAVIANE&#8221; ALLA RADIO CON L&#8217;ATTORE ROBERTO FAORO &#8211; IL PODCAST&#8221; &#8212; Radio Pi\u00f9\" src=\"https:\/\/www.radiopiu.net\/wordpress\/i-misteri-di-alleghe-di-sergio-saviane-alla-radio-con-lattore-roberto-faoro-il-podcast\/embed\/#?secret=FoV5yDtCkd\" data-secret=\"FoV5yDtCkd\" width=\"600\" height=\"338\" frameborder=\"0\" marginwidth=\"0\" marginheight=\"0\" scrolling=\"no\"><\/iframe><\/p>\n<h2><\/h2>\n<hr \/>\n<p>&nbsp;<\/p>\n<h2><span style=\"color: #ff6600;\">I PROFESSIONISTI DEL POLIAMBULATORIO AGORDINO RISPONDONO<\/span><\/h2>\n<blockquote class=\"wp-embedded-content\" data-secret=\"91Jh3AOFTB\"><p><a href=\"https:\/\/www.radiopiu.net\/wordpress\/i-professionisti-del-poliambulatorio-agordino-rispondono\/\">I PROFESSIONISTI DEL POLIAMBULATORIO AGORDINO RISPONDONO<\/a><\/p><\/blockquote>\n<p><iframe loading=\"lazy\" class=\"wp-embedded-content\" sandbox=\"allow-scripts\" security=\"restricted\" style=\"position: absolute; clip: rect(1px, 1px, 1px, 1px);\" title=\"&#8220;I PROFESSIONISTI DEL POLIAMBULATORIO AGORDINO RISPONDONO&#8221; &#8212; Radio Pi\u00f9\" src=\"https:\/\/www.radiopiu.net\/wordpress\/i-professionisti-del-poliambulatorio-agordino-rispondono\/embed\/#?secret=91Jh3AOFTB\" data-secret=\"91Jh3AOFTB\" width=\"600\" height=\"338\" frameborder=\"0\" marginwidth=\"0\" marginheight=\"0\" scrolling=\"no\"><\/iframe><\/p>\n<p>&nbsp;<\/p>\n<hr \/>\n<p>&nbsp;<\/p>\n<blockquote class=\"wp-embedded-content\" data-secret=\"2PE2iZNCDH\"><p><a href=\"https:\/\/www.radiopiu.net\/wordpress\/plastic-free-per-un-mondo-senza-plastica\/\">PLASTIC FREE per un mondo senza plastica<\/a><\/p><\/blockquote>\n<p><iframe loading=\"lazy\" class=\"wp-embedded-content\" sandbox=\"allow-scripts\" security=\"restricted\" style=\"position: absolute; clip: rect(1px, 1px, 1px, 1px);\" title=\"&#8220;PLASTIC FREE per un mondo senza plastica&#8221; &#8212; Radio Pi\u00f9\" src=\"https:\/\/www.radiopiu.net\/wordpress\/plastic-free-per-un-mondo-senza-plastica\/embed\/#?secret=2PE2iZNCDH\" data-secret=\"2PE2iZNCDH\" width=\"600\" height=\"338\" frameborder=\"0\" marginwidth=\"0\" marginheight=\"0\" scrolling=\"no\"><\/iframe><\/p>\n<p>&nbsp;<\/p>\n<hr \/>\n<p>&nbsp;<\/p>\n<blockquote class=\"wp-embedded-content\" data-secret=\"O3yFlRvud0\"><p><a href=\"https:\/\/www.radiopiu.net\/wordpress\/da-ieri-alla-radio-in-palinsesto-loris-e-maurizio-con-la-grande-musica\/\">IL BLUES ALLA RADIO &#8230; COME NON L&#8217;AVETE MAI SENTITO PRIMA<\/a><\/p><\/blockquote>\n<p><iframe loading=\"lazy\" class=\"wp-embedded-content\" sandbox=\"allow-scripts\" security=\"restricted\" style=\"position: absolute; clip: rect(1px, 1px, 1px, 1px);\" title=\"&#8220;IL BLUES ALLA RADIO &#8230; COME NON L&#8217;AVETE MAI SENTITO PRIMA&#8221; &#8212; Radio Pi\u00f9\" src=\"https:\/\/www.radiopiu.net\/wordpress\/da-ieri-alla-radio-in-palinsesto-loris-e-maurizio-con-la-grande-musica\/embed\/#?secret=O3yFlRvud0\" data-secret=\"O3yFlRvud0\" width=\"600\" height=\"338\" frameborder=\"0\" marginwidth=\"0\" marginheight=\"0\" scrolling=\"no\"><\/iframe><\/p>\n<p>&nbsp;<\/p>\n<hr \/>\n<p>&nbsp;<\/p>\n<div>\n<div class=\"mkdf-post-text\">\n<div class=\"mkdf-post-text-inner\">\n<div class=\"mkdf-post-text-main\">\n<div class=\"mkdf-post-text\">\n<div class=\"mkdf-post-text-inner\">\n<div class=\"mkdf-post-text-main\">\n<div class=\"mkdf-post-text\">\n<div class=\"mkdf-post-text-inner\">\n<div class=\"mkdf-post-text-main\">\n<div class=\"page-title-head hgroup\">\n<div class=\"page-title-head hgroup\">\n<div class=\"page-title-breadcrumbs\">\n<div class=\"mkdf-post-text\">\n<div class=\"mkdf-post-text-inner\">\n<div class=\"mkdf-post-text-main\">\n<div class=\"mkdf-post-text\">\n<div class=\"mkdf-post-text-inner\">\n<div class=\"mkdf-post-text-main\">\n<div class=\"page-title-head hgroup\">\n<div class=\"page-title-head hgroup\">\n<div class=\"mkdf-post-text\">\n<div class=\"mkdf-post-text-inner\">\n<div class=\"mkdf-post-text-main\">\n<div class=\"mkdf-post-text\">\n<div class=\"mkdf-post-text-inner\">\n<div class=\"mkdf-post-text-main\">\n<div class=\"page-title-head hgroup\">\n<div class=\"page-title-head hgroup\">\n<div class=\"page-title-head hgroup\">\n<div class=\"page-title-head hgroup\">\n<div class=\"b654a4as d2edcug0\">\n<div class=\"page-title-head hgroup\">\n<div class=\"page-title-head hgroup\">\n<div class=\"mkdf-post-text\">\n<div class=\"mkdf-post-text-inner\">\n<div class=\"mkdf-post-text-main\">\n<div class=\"mkdf-post-text\">\n<div class=\"mkdf-post-text-inner\">\n<div class=\"mkdf-post-text-main\">\n<div class=\"mkdf-post-text\">\n<div class=\"mkdf-post-text-inner\">\n<div class=\"mkdf-post-text-main\">\n<div class=\"page-title-head hgroup\">\n<div class=\"page-title-head hgroup\">\n<div class=\"mkdf-post-text\">\n<div class=\"mkdf-post-text-inner\">\n<div class=\"mkdf-post-text-main\">\n<div class=\"mkdf-post-text\">\n<div class=\"mkdf-post-text-inner\">\n<div class=\"mkdf-post-text-main\">\n<div class=\"page-title-head hgroup\">\n<div class=\"page-title-head hgroup\">\n<div class=\"page-title-head hgroup\">\n<div class=\"page-title-head hgroup\">\n<div class=\"b654a4as d2edcug0\">\n<div class=\"page-title-head hgroup\">\n<div class=\"page-title-head hgroup\">\n<div class=\"page-title-head hgroup\">\n<div class=\"page-title-head hgroup\">\n<div class=\"b654a4as d2edcug0\">\n<div>\n<div class=\"mkdf-post-text\">\n<div class=\"mkdf-post-text-inner\">\n<div class=\"mkdf-post-text-main\">\n<div class=\"mkdf-post-text\">\n<div class=\"mkdf-post-text-inner\">\n<div class=\"mkdf-post-text-main\">\n<div class=\"mkdf-post-text\">\n<div class=\"mkdf-post-text-inner\">\n<div class=\"mkdf-post-text-main\">\n<div class=\"page-title-head hgroup\">\n<div class=\"page-title-head hgroup\">\n<div class=\"page-title-breadcrumbs\">\n<div class=\"mkdf-post-text\">\n<div class=\"mkdf-post-text-inner\">\n<div class=\"mkdf-post-text-main\">\n<div class=\"mkdf-post-text\">\n<div class=\"mkdf-post-text-inner\">\n<div class=\"mkdf-post-text-main\">\n<div class=\"page-title-head hgroup\">\n<div class=\"page-title-head hgroup\">\n<div class=\"mkdf-post-text\">\n<div class=\"mkdf-post-text-inner\">\n<div class=\"mkdf-post-text-main\">\n<h2><strong><span style=\"color: #ff0000;\">QUINDICINALE APPUNTAMENTO ALLA RADIO<\/span><\/strong><\/h2>\n<blockquote>\n<h3><a style=\"font-size: 14px; font-weight: normal;\" href=\"https:\/\/www.radiopiu.net\/wordpress\/giornale-radiopiu-06-febbraio-2019-direttore-mirko-mezzacasa\/logo_spi-cgil-800x445\/\" rel=\"attachment wp-att-75538\"><img loading=\"lazy\" decoding=\"async\" class=\"wp-image-75538 alignleft\" src=\"https:\/\/www.radiopiu.net\/wordpress\/wp-content\/uploads\/2019\/02\/Logo_Spi-CGIL-800x445-300x167.jpg\" alt=\"\" width=\"210\" height=\"117\" srcset=\"https:\/\/www.radiopiu.net\/wordpress\/wp-content\/uploads\/2019\/02\/Logo_Spi-CGIL-800x445-300x167.jpg 300w, https:\/\/www.radiopiu.net\/wordpress\/wp-content\/uploads\/2019\/02\/Logo_Spi-CGIL-800x445-768x427.jpg 768w, https:\/\/www.radiopiu.net\/wordpress\/wp-content\/uploads\/2019\/02\/Logo_Spi-CGIL-800x445.jpg 800w\" sizes=\"auto, (max-width: 210px) 100vw, 210px\" \/><\/a><\/h3>\n<\/blockquote>\n<blockquote>\n<h3>ALLA RADIO, APPUNTAMENTO QUINDICINALE CON SPI-CGIL BELLUNO, IN STUDIO MARIA RITA GENTILIN<\/h3>\n<\/blockquote>\n<p><strong>di Claudio Fontanive\u00a0<\/strong><\/p>\n<p><span style=\"color: #ff0000;\"><strong>PUNTATA DEL\u00a0 22 luglio 2021<br \/>\n<\/strong><\/span><\/p>\n<audio class=\"wp-audio-shortcode\" id=\"audio-228203-10\" preload=\"none\" style=\"width: 100%;\" controls=\"controls\"><source type=\"audio\/mpeg\" src=\"https:\/\/www.radiopiu.net\/wordpress\/wp-content\/uploads\/2021\/07\/spi-cgil-22-luglio.mp3?_=10\" \/><a href=\"https:\/\/www.radiopiu.net\/wordpress\/wp-content\/uploads\/2021\/07\/spi-cgil-22-luglio.mp3\">https:\/\/www.radiopiu.net\/wordpress\/wp-content\/uploads\/2021\/07\/spi-cgil-22-luglio.mp3<\/a><\/audio>\n<p><span style=\"color: #ff0000;\"><strong>\u00a0 \u00a0<\/strong><\/span><\/p>\n<p>&nbsp;<\/p>\n<hr \/>\n<p>&nbsp;<\/p>\n<div class=\"mkdf-post-text\">\n<div class=\"mkdf-post-text-inner\">\n<div class=\"mkdf-post-text-main\">\n<div class=\"page-title-head hgroup\">\n<div class=\"page-title-head hgroup\">\n<div class=\"page-title-head hgroup\">\n<div class=\"page-title-head hgroup\">\n<div class=\"b654a4as d2edcug0\">\n<blockquote>\n<blockquote>\n<h2><a href=\"https:\/\/www.radiopiu.net\/wordpress\/speciale-solidarieta-veneto\/solidarieta-veneto-3\/\" rel=\"attachment wp-att-134366\"><img loading=\"lazy\" decoding=\"async\" class=\"wp-image-134366 alignleft\" src=\"https:\/\/www.radiopiu.net\/wordpress\/wp-content\/uploads\/2020\/05\/solidariet\u00e0-veneto-300x210.jpg\" alt=\"\" width=\"102\" height=\"71\" srcset=\"https:\/\/www.radiopiu.net\/wordpress\/wp-content\/uploads\/2020\/05\/solidariet\u00e0-veneto-300x210.jpg 300w, https:\/\/www.radiopiu.net\/wordpress\/wp-content\/uploads\/2020\/05\/solidariet\u00e0-veneto-1024x717.jpg 1024w, https:\/\/www.radiopiu.net\/wordpress\/wp-content\/uploads\/2020\/05\/solidariet\u00e0-veneto-768x538.jpg 768w, https:\/\/www.radiopiu.net\/wordpress\/wp-content\/uploads\/2020\/05\/solidariet\u00e0-veneto.jpg 1373w\" sizes=\"auto, (max-width: 102px) 100vw, 102px\" \/><\/a>SOLIDARIETA&#8217; VENETO FONDO PENSIONE, IN ONDA IL PRIMO VENERDI DEL MESE ALLE 10.30 E ALLE 19.00 QUINTA STAGIONE<\/h2>\n<\/blockquote>\n<h2><strong><span style=\"color: #ff0000;\">AUDIO LUGLIO\u00a0 AGOSTO 2021<\/span><\/strong><\/h2>\n<\/blockquote>\n<audio class=\"wp-audio-shortcode\" id=\"audio-228203-11\" preload=\"none\" style=\"width: 100%;\" controls=\"controls\"><source type=\"audio\/mpeg\" src=\"https:\/\/www.radiopiu.net\/wordpress\/wp-content\/uploads\/2021\/07\/solidarieta-veneto-luglio-agosto.mp3-2021.mp3?_=11\" \/><a href=\"https:\/\/www.radiopiu.net\/wordpress\/wp-content\/uploads\/2021\/07\/solidarieta-veneto-luglio-agosto.mp3-2021.mp3\">https:\/\/www.radiopiu.net\/wordpress\/wp-content\/uploads\/2021\/07\/solidarieta-veneto-luglio-agosto.mp3-2021.mp3<\/a><\/audio>\n<p>&nbsp;<\/p>\n<h2>LA RACCOLTA COMPLETA<\/h2>\n<blockquote class=\"wp-embedded-content\" data-secret=\"VcnnB3U4ku\"><p><a href=\"https:\/\/www.radiopiu.net\/wordpress\/solidarieta-veneto\/\">Solidariet\u00e0 Veneto<\/a><\/p><\/blockquote>\n<p><iframe loading=\"lazy\" class=\"wp-embedded-content\" sandbox=\"allow-scripts\" security=\"restricted\" style=\"position: absolute; clip: rect(1px, 1px, 1px, 1px);\" title=\"&#8220;Solidariet\u00e0 Veneto&#8221; &#8212; Radio Pi\u00f9\" src=\"https:\/\/www.radiopiu.net\/wordpress\/solidarieta-veneto\/embed\/#?secret=VcnnB3U4ku\" data-secret=\"VcnnB3U4ku\" width=\"600\" height=\"338\" frameborder=\"0\" marginwidth=\"0\" marginheight=\"0\" scrolling=\"no\"><\/iframe><\/p>\n<blockquote>\n<h2><\/h2>\n<\/blockquote>\n<p>&nbsp;<\/p>\n<div>\n<div class=\"page-title-head hgroup\">\n<div class=\"page-title-head hgroup\">\n<hr \/>\n<p class=\"b654a4as d2edcug0\"><span style=\"color: #ff6600;\"> \u00a0<\/span><\/p>\n<h2>GIROVAGANDO ALLA RADIO, PUNTATA 12<\/h2>\n<p><strong><a href=\"https:\/\/www.radiopiu.net\/wordpress\/girovagando-alla-radio-puntata-12\/95940461-e5ea-4383-bbbc-47da17421cd1\/\" rel=\"attachment wp-att-227759\"><img loading=\"lazy\" decoding=\"async\" class=\"size-medium wp-image-227759 alignleft\" src=\"https:\/\/www.radiopiu.net\/wordpress\/wp-content\/uploads\/2021\/08\/95940461-e5ea-4383-bbbc-47da17421cd1-300x225.jpg\" alt=\"\" width=\"300\" height=\"225\" srcset=\"https:\/\/www.radiopiu.net\/wordpress\/wp-content\/uploads\/2021\/08\/95940461-e5ea-4383-bbbc-47da17421cd1-300x225.jpg 300w, https:\/\/www.radiopiu.net\/wordpress\/wp-content\/uploads\/2021\/08\/95940461-e5ea-4383-bbbc-47da17421cd1-1024x768.jpg 1024w, https:\/\/www.radiopiu.net\/wordpress\/wp-content\/uploads\/2021\/08\/95940461-e5ea-4383-bbbc-47da17421cd1-768x576.jpg 768w, https:\/\/www.radiopiu.net\/wordpress\/wp-content\/uploads\/2021\/08\/95940461-e5ea-4383-bbbc-47da17421cd1-1536x1152.jpg 1536w, https:\/\/www.radiopiu.net\/wordpress\/wp-content\/uploads\/2021\/08\/95940461-e5ea-4383-bbbc-47da17421cd1.jpg 1600w\" sizes=\"auto, (max-width: 300px) 100vw, 300px\" \/><\/a>Collaborazione Thomas Soppera<\/strong><\/p>\n<p>&nbsp;<\/p>\n<p><strong>PUNTATA DEL 16 AGOSTO 2021<\/strong><\/p>\n<audio class=\"wp-audio-shortcode\" id=\"audio-228203-12\" preload=\"none\" style=\"width: 100%;\" controls=\"controls\"><source type=\"audio\/mpeg\" src=\"https:\/\/www.radiopiu.net\/wordpress\/wp-content\/uploads\/2021\/08\/GIROVAGANDO-12.mp3?_=12\" \/><a href=\"https:\/\/www.radiopiu.net\/wordpress\/wp-content\/uploads\/2021\/08\/GIROVAGANDO-12.mp3\">https:\/\/www.radiopiu.net\/wordpress\/wp-content\/uploads\/2021\/08\/GIROVAGANDO-12.mp3<\/a><\/audio>\n<p>&nbsp;<\/p>\n<h2><span style=\"color: #ff0000;\">LA RACCOLTA COMPLETA\u00a0<\/span><\/h2>\n<blockquote class=\"wp-embedded-content\" data-secret=\"AA7VsFE53Q\"><p><a href=\"https:\/\/www.radiopiu.net\/wordpress\/girovagando-in-e-bike-tra-le-dolomiti\/\">GIROVAGANDO IN E BIKE TRA LE DOLOMITI<\/a><\/p><\/blockquote>\n<p><iframe loading=\"lazy\" class=\"wp-embedded-content\" sandbox=\"allow-scripts\" security=\"restricted\" style=\"position: absolute; clip: rect(1px, 1px, 1px, 1px);\" title=\"&#8220;GIROVAGANDO IN E BIKE TRA LE DOLOMITI&#8221; &#8212; Radio Pi\u00f9\" src=\"https:\/\/www.radiopiu.net\/wordpress\/girovagando-in-e-bike-tra-le-dolomiti\/embed\/#?secret=AA7VsFE53Q\" data-secret=\"AA7VsFE53Q\" width=\"600\" height=\"338\" frameborder=\"0\" marginwidth=\"0\" marginheight=\"0\" scrolling=\"no\"><\/iframe><\/p>\n<p>\u200b<\/p>\n<p>\u200b<\/p>\n<hr \/>\n<\/div>\n<\/div>\n<\/div>\n<\/div>\n<\/div>\n<\/div>\n<\/div>\n<\/div>\n<\/div>\n<\/div>\n<\/div>\n<\/div>\n<\/div>\n<\/div>\n<\/div>\n<\/div>\n<\/div>\n<\/div>\n<\/div>\n<\/div>\n<\/div>\n<\/div>\n<\/div>\n<div class=\"mkdf-post-text\">\n<div class=\"mkdf-post-text-inner\">\n<div class=\"mkdf-post-text-main\">\n<div class=\"mkdf-post-text\">\n<div class=\"mkdf-post-text-inner\">\n<div class=\"mkdf-post-text-main\">\n<div>\n<div class=\"page-title-head hgroup\">\n<div class=\"page-title-head hgroup\">\n<div class=\"page-title-head hgroup\">\n<div class=\"page-title-head hgroup\">\n<div class=\"b654a4as d2edcug0\">\n<div class=\"page-title-head hgroup\">\n<div class=\"page-title-head hgroup\">\n<p>&nbsp;<\/p>\n<\/div>\n<\/div>\n<\/div>\n<\/div>\n<\/div>\n<\/div>\n<\/div>\n<\/div>\n<\/div>\n<\/div>\n<\/div>\n<\/div>\n<\/div>\n<\/div>\n<\/div>\n<\/div>\n<\/div>\n<\/div>\n<\/div>\n<\/div>\n<\/div>\n<\/div>\n<\/div>\n<\/div>\n<\/div>\n<\/div>\n<blockquote>\n<h3><\/h3>\n<h3>COLLAGE&#8230; DI LORIS SCUSSEL dal lunedi al venerdi alle 16 e alle 23 su RADIO PIU<\/h3>\n<\/blockquote>\n<div>\n<p><img loading=\"lazy\" decoding=\"async\" class=\"alignleft\" src=\"https:\/\/www.radiopiu.net\/wordpress\/wp-content\/uploads\/2021\/05\/Schermata-2021-05-23-alle-11.50.11.png\" width=\"186\" height=\"131\" \/><\/p>\n<div>\n<p>Il programma \u00e8 andato in onda da dicembre 2013 fino a luglio 2019, comprese le repliche, in due serie per 350 puntate complessive con 1.890 brani trasmessi. L\u2019obiettivo del programma: riproporre agli ascoltatori pi\u00f9 grandicelli le canzoni che ascoltavano nel passato e nello stesso tempo farle conoscere anche ai pi\u00f9 giovani.<\/p>\n<\/div>\n<\/div>\n<div>\n<p><b>\u00a0\u00a0<\/b><\/p>\n<p><strong>PUNTATA 413 DEL 18 AGOSTO 2021<\/strong><\/p>\n<audio class=\"wp-audio-shortcode\" id=\"audio-228203-13\" preload=\"none\" style=\"width: 100%;\" controls=\"controls\"><source type=\"audio\/mpeg\" src=\"https:\/\/www.radiopiu.net\/wordpress\/wp-content\/uploads\/2021\/08\/Collage-413.mp3?_=13\" \/><a href=\"https:\/\/www.radiopiu.net\/wordpress\/wp-content\/uploads\/2021\/08\/Collage-413.mp3\">https:\/\/www.radiopiu.net\/wordpress\/wp-content\/uploads\/2021\/08\/Collage-413.mp3<\/a><\/audio>\n<p>&nbsp;<\/p>\n<\/div>\n<\/div>\n<\/div>\n<\/div>\n<\/div>\n<\/div>\n<\/div>\n<\/div>\n<\/div>\n<\/div>\n<\/div>\n<\/div>\n<\/div>\n<\/div>\n<\/div>\n<\/div>\n<\/div>\n<\/div>\n<\/div>\n<\/div>\n<\/div>\n<\/div>\n<\/div>\n<\/div>\n<\/div>\n<\/div>\n<\/div>\n<\/div>\n<\/div>\n<\/div>\n<\/div>\n<\/div>\n<\/div>\n<\/div>\n<\/div>\n<\/div>\n<\/div>\n<\/div>\n<\/div>\n<\/div>\n<\/div>\n<\/div>\n<\/div>\n<\/div>\n<\/div>\n<\/div>\n<\/div>\n<\/div>\n<\/div>\n<\/div>\n<\/div>\n<\/div>\n<\/div>\n<\/div>\n<\/div>\n<\/div>\n<\/div>\n<\/div>\n<\/div>\n<\/div>\n<\/div>\n<\/div>\n<div>\n<hr \/>\n<p>&nbsp;<\/p>\n<div>\n<div class=\"b654a4as d2edcug0\">\n<div class=\"rq0escxv hkbzh7o3 jwdofwj8 n8tt0mok r8blr3vg hyh9befq\">\n<div class=\"b654a4as d2edcug0\">\n<div class=\"b654a4as d2edcug0\">\n<div>\n<div class=\"b654a4as d2edcug0\">\n<div class=\"rq0escxv hkbzh7o3 jwdofwj8 n8tt0mok r8blr3vg hyh9befq\">\n<div class=\"b654a4as d2edcug0\">\n<h2><\/h2>\n<div class=\"b654a4as d2edcug0\">\n<h2><span style=\"color: #008000;\">ERBE E PIANTE CURATIVE&#8230;IL\u00a0 PROGRAMMA DI PAOLA LANCIATO\u00a0\u00a0<\/span><\/h2>\n<blockquote class=\"wp-embedded-content\" data-secret=\"Hgs0tlNBLk\"><p><a href=\"https:\/\/www.radiopiu.net\/wordpress\/erbavoglio\/\">L&#8217;ERBA VOGLIO DEL GIARDINO DEL RE&#8230; Erbe, fiori e Piante di e con Paola Lanciato<\/a><\/p><\/blockquote>\n<p><iframe loading=\"lazy\" class=\"wp-embedded-content\" sandbox=\"allow-scripts\" security=\"restricted\" style=\"position: absolute; clip: rect(1px, 1px, 1px, 1px);\" title=\"&#8220;L&#8217;ERBA VOGLIO DEL GIARDINO DEL RE&#8230; Erbe, fiori e Piante di e con Paola Lanciato&#8221; &#8212; Radio Pi\u00f9\" src=\"https:\/\/www.radiopiu.net\/wordpress\/erbavoglio\/embed\/#?secret=Hgs0tlNBLk\" data-secret=\"Hgs0tlNBLk\" width=\"600\" height=\"338\" frameborder=\"0\" marginwidth=\"0\" marginheight=\"0\" scrolling=\"no\"><\/iframe><\/p>\n<\/div>\n<p>&nbsp;<\/p>\n<\/div>\n<\/div>\n<\/div>\n<\/div>\n<p>&nbsp;<\/p>\n<\/div>\n<\/div>\n<\/div>\n<\/div>\n<\/div>\n<p>&nbsp;<\/p>\n<hr \/>\n<p>&nbsp;<\/p>\n<div>\n<h2><span style=\"color: #ff0000;\"><strong>IN VIVO VERSO 2020-21 ESTATE, RIASCOLTIAMOLI&#8230; DAL CASSETTO DEI RICORDI DI RADIO PIU&#8217;&#8230; LE PRIME\u00a0 SEI STAGIONI\u00a0 \u00a0<\/strong><\/span><\/h2>\n<h3><em>riascoltiamole COME CANTI di EMY FRANCESCHINI<\/em><\/h3>\n<p><strong>AUDIO<\/strong><\/p>\n<audio class=\"wp-audio-shortcode\" id=\"audio-228203-14\" preload=\"none\" style=\"width: 100%;\" controls=\"controls\"><source type=\"audio\/mpeg\" src=\"https:\/\/www.radiopiu.net\/wordpress\/wp-content\/uploads\/2021\/08\/EMI-FRANCESCHINI-7-COME-CANTI.mp3?_=14\" \/><a href=\"https:\/\/www.radiopiu.net\/wordpress\/wp-content\/uploads\/2021\/08\/EMI-FRANCESCHINI-7-COME-CANTI.mp3\">https:\/\/www.radiopiu.net\/wordpress\/wp-content\/uploads\/2021\/08\/EMI-FRANCESCHINI-7-COME-CANTI.mp3<\/a><\/audio>\n<p>&nbsp;<\/p>\n<p>&nbsp;<\/p>\n<div class=\"page-title-head hgroup\">\n<div class=\"page-title-head hgroup\">\n<div class=\"page-title-head hgroup\">\n<div class=\"page-title-head hgroup\">\n<div class=\"page-title-head hgroup\">\n<div class=\"page-title-head hgroup\">\n<blockquote><p><strong>LA RACCOLTA COMPLETA\u00a0<\/strong><\/p><\/blockquote>\n<blockquote class=\"wp-embedded-content\" data-secret=\"qcEwrwSPxW\"><p><a href=\"https:\/\/www.radiopiu.net\/wordpress\/in-vivo-verso\/\">In Vivo Verso<\/a><\/p><\/blockquote>\n<p><iframe loading=\"lazy\" class=\"wp-embedded-content\" sandbox=\"allow-scripts\" security=\"restricted\" style=\"position: absolute; clip: rect(1px, 1px, 1px, 1px);\" title=\"&#8220;In Vivo Verso&#8221; &#8212; Radio Pi\u00f9\" src=\"https:\/\/www.radiopiu.net\/wordpress\/in-vivo-verso\/embed\/#?secret=qcEwrwSPxW\" data-secret=\"qcEwrwSPxW\" width=\"600\" height=\"338\" frameborder=\"0\" marginwidth=\"0\" marginheight=\"0\" scrolling=\"no\"><\/iframe><\/p>\n<\/div>\n<\/div>\n<\/div>\n<\/div>\n<\/div>\n<\/div>\n<p>&nbsp;<\/p>\n<hr \/>\n<\/div>\n<blockquote>\n<blockquote>\n<h2><\/h2>\n<\/blockquote>\n<\/blockquote>\n<div>\n<div class=\"b654a4as d2edcug0\">\n<div class=\"rq0escxv hkbzh7o3 jwdofwj8 n8tt0mok r8blr3vg hyh9befq\">\n<blockquote>\n<h2><span style=\"color: #ff0000;\"><em>ZAINO ALLA RADIO&#8230;ESTATE DI PAOLA LANCIATO\u00a0<\/em><\/span><\/h2>\n<p><strong>LA RACCOLTA COMPLETA\u00a0<\/strong><\/p><\/blockquote>\n<blockquote class=\"wp-embedded-content\" data-secret=\"5m0PPLbAYe\"><p><a href=\"https:\/\/www.radiopiu.net\/wordpress\/zaino-femminile-lanciato\/\">Zaino da viaggio al femminile<\/a><\/p><\/blockquote>\n<p><iframe loading=\"lazy\" class=\"wp-embedded-content\" sandbox=\"allow-scripts\" security=\"restricted\" style=\"position: absolute; clip: rect(1px, 1px, 1px, 1px);\" title=\"&#8220;Zaino da viaggio al femminile&#8221; &#8212; Radio Pi\u00f9\" src=\"https:\/\/www.radiopiu.net\/wordpress\/zaino-femminile-lanciato\/embed\/#?secret=5m0PPLbAYe\" data-secret=\"5m0PPLbAYe\" width=\"600\" height=\"338\" frameborder=\"0\" marginwidth=\"0\" marginheight=\"0\" scrolling=\"no\"><\/iframe><\/p>\n<p>&nbsp;<\/p>\n<\/div>\n<\/div>\n<\/div>\n<hr \/>\n<div><\/div>\n<div>\n<div class=\"page-title-head hgroup\">\n<div class=\"page-title-head hgroup\">\n<div class=\"page-title-head hgroup\">\n<div class=\"page-title-head hgroup\">\n<div class=\"page-title-head hgroup\">\n<div>\n<div class=\"b654a4as d2edcug0\">\u00a0 \u00a0 \u00a0<strong style=\"color: #800080;\">LA RASSEGNA STAMPA DA L&#8217;AMICO DEL POPOLO\u00a0<\/strong><\/div>\n<\/div>\n<\/div>\n<\/div>\n<\/div>\n<\/div>\n<\/div>\n<\/div>\n<div>\n<div class=\"page-title-head hgroup\">\n<div class=\"page-title-head hgroup\">\n<div class=\"page-title-head hgroup\">\n<div class=\"page-title-head hgroup\">\n<div class=\"b654a4as d2edcug0\">\n<div class=\"page-title-head hgroup\">\n<div class=\"page-title-head hgroup\">\n<div class=\"page-title-head hgroup\">\n<div class=\"page-title-head hgroup\">\n<div class=\"b654a4as d2edcug0\">\n<div>\n<h3 class=\"kvgmc6g5 cxmmr5t8 oygrvhab hcukyx3x c1et5uql\"><span style=\"color: #0000ff;\"> INFORMAZIONE il canale su TELEGRAM informazione di prima mano e in tempo reale. iscriviti ed aiutaci a farlo conoscere\u00a0\u00a0<\/span><\/h3>\n<h3 class=\"kvgmc6g5 cxmmr5t8 oygrvhab hcukyx3x c1et5uql\"><span style=\"color: #0000ff;\"><a href=\"https:\/\/www.radiopiu.net\/wordpress\/la-rassegna-stampa-da-lamico-del-popolo-dal-delta-del-po-roberta-marcolongo\/e5418f0b-a75b-4afb-b3d2-8d97d6a76353\/\" rel=\"attachment wp-att-227850\"><img loading=\"lazy\" decoding=\"async\" class=\"size-medium wp-image-227850 alignleft\" src=\"https:\/\/www.radiopiu.net\/wordpress\/wp-content\/uploads\/2021\/08\/e5418f0b-a75b-4afb-b3d2-8d97d6a76353-300x169.jpg\" alt=\"\" width=\"300\" height=\"169\" srcset=\"https:\/\/www.radiopiu.net\/wordpress\/wp-content\/uploads\/2021\/08\/e5418f0b-a75b-4afb-b3d2-8d97d6a76353-300x169.jpg 300w, https:\/\/www.radiopiu.net\/wordpress\/wp-content\/uploads\/2021\/08\/e5418f0b-a75b-4afb-b3d2-8d97d6a76353-1024x577.jpg 1024w, https:\/\/www.radiopiu.net\/wordpress\/wp-content\/uploads\/2021\/08\/e5418f0b-a75b-4afb-b3d2-8d97d6a76353-768x433.jpg 768w, https:\/\/www.radiopiu.net\/wordpress\/wp-content\/uploads\/2021\/08\/e5418f0b-a75b-4afb-b3d2-8d97d6a76353-1536x866.jpg 1536w, https:\/\/www.radiopiu.net\/wordpress\/wp-content\/uploads\/2021\/08\/e5418f0b-a75b-4afb-b3d2-8d97d6a76353.jpg 2048w\" sizes=\"auto, (max-width: 300px) 100vw, 300px\" \/><\/a>\u00a0 \u00a0<\/span><\/h3>\n<p><strong>OSPITE ROBERTA MARCOLONGO<\/strong><\/p>\n<audio class=\"wp-audio-shortcode\" id=\"audio-228203-15\" preload=\"none\" style=\"width: 100%;\" controls=\"controls\"><source type=\"audio\/mpeg\" src=\"https:\/\/www.radiopiu.net\/wordpress\/wp-content\/uploads\/2021\/08\/RASSEGNA-GIANNI-1.mp3?_=15\" \/><a href=\"https:\/\/www.radiopiu.net\/wordpress\/wp-content\/uploads\/2021\/08\/RASSEGNA-GIANNI-1.mp3\">https:\/\/www.radiopiu.net\/wordpress\/wp-content\/uploads\/2021\/08\/RASSEGNA-GIANNI-1.mp3<\/a><\/audio>\n<p>&nbsp;<\/p>\n<blockquote class=\"wp-embedded-content\" data-secret=\"XSdnMoiMAG\"><p><a href=\"https:\/\/www.radiopiu.net\/wordpress\/rassegna-stampa-di-gianni-santomaso\/\">Rassegna stampa da l&#8217;amico del popolo &#8211; di Gianni Santomaso<\/a><\/p><\/blockquote>\n<p><iframe loading=\"lazy\" class=\"wp-embedded-content\" sandbox=\"allow-scripts\" security=\"restricted\" style=\"position: absolute; clip: rect(1px, 1px, 1px, 1px);\" title=\"&#8220;Rassegna stampa da l&#8217;amico del popolo &#8211; di Gianni Santomaso&#8221; &#8212; Radio Pi\u00f9\" src=\"https:\/\/www.radiopiu.net\/wordpress\/rassegna-stampa-di-gianni-santomaso\/embed\/#?secret=XSdnMoiMAG\" data-secret=\"XSdnMoiMAG\" width=\"600\" height=\"338\" frameborder=\"0\" marginwidth=\"0\" marginheight=\"0\" scrolling=\"no\"><\/iframe><\/p>\n<p>&nbsp;<\/p>\n<hr \/>\n<p>&nbsp;<\/p>\n<h2><span style=\"color: #3366ff;\">SALUTE E SOCIETA&#8217;<\/span><\/h2>\n<p><strong><a href=\"https:\/\/www.radiopiu.net\/wordpress\/giornale-radiopiu-10-agosto-2021-direttore-mirko-mezzacasa\/aaaa-8\/\" rel=\"attachment wp-att-226808\"><img loading=\"lazy\" decoding=\"async\" class=\"size-medium wp-image-226808 alignleft\" src=\"https:\/\/www.radiopiu.net\/wordpress\/wp-content\/uploads\/2021\/08\/aaaa-300x169.png\" alt=\"\" width=\"300\" height=\"169\" srcset=\"https:\/\/www.radiopiu.net\/wordpress\/wp-content\/uploads\/2021\/08\/aaaa-300x169.png 300w, https:\/\/www.radiopiu.net\/wordpress\/wp-content\/uploads\/2021\/08\/aaaa-1024x576.png 1024w, https:\/\/www.radiopiu.net\/wordpress\/wp-content\/uploads\/2021\/08\/aaaa-768x432.png 768w, https:\/\/www.radiopiu.net\/wordpress\/wp-content\/uploads\/2021\/08\/aaaa.png 1280w\" sizes=\"auto, (max-width: 300px) 100vw, 300px\" \/><\/a>PUNTATA DEL 09 AGOSTO 2021<\/strong><\/p>\n<p>Numerose evidenze dimostrano come una aderenza ottimale alla terapia contro il colesterolo sia strettamente associata ad una riduzione del rischio di eventi cardiovascolari nei pazienti in prevenzione primaria e secondaria. Antonella Pitrelli ne ha parlato con Claudio Picariello, Unit\u00e0 di Terapia Intensiva Coronarica, Ospedale di Rovigo, Emanuela Omodeo Sal\u00e9, Divisione di Farmacia, IEO Istituto Europeo di Oncologia<\/p>\n<audio class=\"wp-audio-shortcode\" id=\"audio-228203-16\" preload=\"none\" style=\"width: 100%;\" controls=\"controls\"><source type=\"audio\/mpeg\" src=\"https:\/\/www.radiopiu.net\/wordpress\/wp-content\/uploads\/2021\/08\/SALUTE-1.mp3?_=16\" \/><a href=\"https:\/\/www.radiopiu.net\/wordpress\/wp-content\/uploads\/2021\/08\/SALUTE-1.mp3\">https:\/\/www.radiopiu.net\/wordpress\/wp-content\/uploads\/2021\/08\/SALUTE-1.mp3<\/a><\/audio>\n<p>&nbsp;<\/p>\n<p><strong>LA RACCOLTA COMPLETA<\/strong><\/p>\n<\/div>\n<div dir=\"auto\">\n<blockquote class=\"wp-embedded-content\" data-secret=\"t2jtqjaDtz\"><p><a href=\"https:\/\/www.radiopiu.net\/wordpress\/saluteesocieta\/\">Salute e Societ\u00e0<\/a><\/p><\/blockquote>\n<p><iframe loading=\"lazy\" class=\"wp-embedded-content\" sandbox=\"allow-scripts\" security=\"restricted\" style=\"position: absolute; clip: rect(1px, 1px, 1px, 1px);\" title=\"&#8220;Salute e Societ\u00e0&#8221; &#8212; Radio Pi\u00f9\" src=\"https:\/\/www.radiopiu.net\/wordpress\/saluteesocieta\/embed\/#?secret=t2jtqjaDtz\" data-secret=\"t2jtqjaDtz\" width=\"600\" height=\"338\" frameborder=\"0\" marginwidth=\"0\" marginheight=\"0\" scrolling=\"no\"><\/iframe><\/p>\n<\/div>\n<div dir=\"auto\">\n<h1><\/h1>\n<\/div>\n<div>\n<div class=\"page-title-head hgroup\">\n<div class=\"page-title-head hgroup\">\n<div class=\"page-title-head hgroup\">\n<div>\n<div class=\"b654a4as d2edcug0\">\n<div class=\"rq0escxv hkbzh7o3 jwdofwj8 n8tt0mok r8blr3vg hyh9befq\">\n<hr \/>\n<\/div>\n<\/div>\n<\/div>\n<div>\n<div class=\"page-title-head hgroup\">\n<div class=\"page-title-head hgroup\">\n<div class=\"b654a4as d2edcug0\">\n<p>&nbsp;<\/p>\n<blockquote>\n<h3><img loading=\"lazy\" decoding=\"async\" class=\"alignleft\" src=\"https:\/\/www.radiopiu.net\/wordpress\/wp-content\/uploads\/2021\/06\/fresh-flower-leaves-saffron-white-background-place-your-text-use-saffron-spice-cooking-cosmetology_347372-394.jpeg\" width=\"141\" height=\"94\" \/>L&#8217;ALMANACCO LADINO CON L&#8217;ISTITUT CESA DE JAN QUINDICINALE APPUNTAMENTO. LA DOMENICA ALLE 9 IL LUNEDI ALLE 8.35 IL MARTEDI ALLE 12.35 IL MERCOLEDI ALLE 18.35. SECONDA STAGIONE.<\/h3>\n<\/blockquote>\n<p><strong>\u00a0\u00a0<\/strong><\/p>\n<p>PUNTATA DEL 16 AGOSTO<\/p>\n<audio class=\"wp-audio-shortcode\" id=\"audio-228203-17\" preload=\"none\" style=\"width: 100%;\" controls=\"controls\"><source type=\"audio\/mpeg\" src=\"https:\/\/www.radiopiu.net\/wordpress\/wp-content\/uploads\/2021\/08\/64\u00b0Almanach-Ladin-fodom.mp3?_=17\" \/><a href=\"https:\/\/www.radiopiu.net\/wordpress\/wp-content\/uploads\/2021\/08\/64\u00b0Almanach-Ladin-fodom.mp3\">https:\/\/www.radiopiu.net\/wordpress\/wp-content\/uploads\/2021\/08\/64\u00b0Almanach-Ladin-fodom.mp3<\/a><\/audio>\n<p><strong>\u00a0<\/strong><strong>\u00a0RACCOLTA COMPLETA\u00a0<\/strong><\/p>\n<blockquote class=\"wp-embedded-content\" data-secret=\"WtUovPPly7\"><p><a href=\"https:\/\/www.radiopiu.net\/wordpress\/almanacco-ladino\/\">Almanacco Ladino<\/a><\/p><\/blockquote>\n<p><iframe loading=\"lazy\" class=\"wp-embedded-content\" sandbox=\"allow-scripts\" security=\"restricted\" style=\"position: absolute; clip: rect(1px, 1px, 1px, 1px);\" title=\"&#8220;Almanacco Ladino&#8221; &#8212; Radio Pi\u00f9\" src=\"https:\/\/www.radiopiu.net\/wordpress\/almanacco-ladino\/embed\/#?secret=WtUovPPly7\" data-secret=\"WtUovPPly7\" width=\"600\" height=\"338\" frameborder=\"0\" marginwidth=\"0\" marginheight=\"0\" scrolling=\"no\"><\/iframe><\/p>\n<\/div>\n<div>\n<p>&nbsp;<\/p>\n<hr \/>\n<h2><span style=\"color: #808000;\">DUE MINUTI UN LIBRO\u00a0 TUTTI I GIORNI ALLA RADIO ALLE 9.30 E ALLE 18. QUINTA STAGIONE\u00a0<\/span><\/h2>\n<blockquote class=\"wp-embedded-content\" data-secret=\"XUpzgMhbhQ\"><p><a href=\"https:\/\/www.radiopiu.net\/wordpress\/vivi-lattimo\/\">Vivi l\u00b4attimo<\/a><\/p><\/blockquote>\n<p><iframe loading=\"lazy\" class=\"wp-embedded-content\" sandbox=\"allow-scripts\" security=\"restricted\" style=\"position: absolute; clip: rect(1px, 1px, 1px, 1px);\" title=\"&#8220;Vivi l\u00b4attimo&#8221; &#8212; Radio Pi\u00f9\" src=\"https:\/\/www.radiopiu.net\/wordpress\/vivi-lattimo\/embed\/#?secret=XUpzgMhbhQ\" data-secret=\"XUpzgMhbhQ\" width=\"600\" height=\"338\" frameborder=\"0\" marginwidth=\"0\" marginheight=\"0\" scrolling=\"no\"><\/iframe><\/p>\n<p><strong>LA RACCOLTA COMPLETA\u00a0\u00a0<\/strong><\/p>\n<\/div>\n<div>\n<blockquote class=\"wp-embedded-content\" data-secret=\"Q179UErP1U\"><p><a href=\"https:\/\/www.radiopiu.net\/wordpress\/due-minuti-un-libro\/\">Due minuti un libro<\/a><\/p><\/blockquote>\n<p><iframe loading=\"lazy\" class=\"wp-embedded-content\" sandbox=\"allow-scripts\" security=\"restricted\" style=\"position: absolute; clip: rect(1px, 1px, 1px, 1px);\" title=\"&#8220;Due minuti un libro&#8221; &#8212; Radio Pi\u00f9\" src=\"https:\/\/www.radiopiu.net\/wordpress\/due-minuti-un-libro\/embed\/#?secret=Q179UErP1U\" data-secret=\"Q179UErP1U\" width=\"600\" height=\"338\" frameborder=\"0\" marginwidth=\"0\" marginheight=\"0\" scrolling=\"no\"><\/iframe><\/p>\n<p>&nbsp;<\/p>\n<hr \/>\n<p>\u200b<\/p>\n<div>\n<h2><span style=\"color: #33cccc;\">I RACCONTI DI PAOLO SOPPELSA il lunedi alle 9.30 e 18.30<\/span><\/h2>\n<p>&nbsp;<\/p>\n<p>&nbsp;<\/p>\n<blockquote class=\"wp-embedded-content\" data-secret=\"PHWeN20ZKU\"><p><a href=\"https:\/\/www.radiopiu.net\/wordpress\/i-racconti-di-paolo-soppelsa\/\">I racconti di Paolo Soppelsa<\/a><\/p><\/blockquote>\n<p><iframe loading=\"lazy\" class=\"wp-embedded-content\" sandbox=\"allow-scripts\" security=\"restricted\" style=\"position: absolute; clip: rect(1px, 1px, 1px, 1px);\" title=\"&#8220;I racconti di Paolo Soppelsa&#8221; &#8212; Radio Pi\u00f9\" src=\"https:\/\/www.radiopiu.net\/wordpress\/i-racconti-di-paolo-soppelsa\/embed\/#?secret=PHWeN20ZKU\" data-secret=\"PHWeN20ZKU\" width=\"600\" height=\"338\" frameborder=\"0\" marginwidth=\"0\" marginheight=\"0\" scrolling=\"no\"><\/iframe><\/p>\n<p>&nbsp;<\/p>\n<\/div>\n<\/div>\n<hr \/>\n<p>&nbsp;<\/p>\n<div class=\"mkdf-post-text\">\n<div class=\"mkdf-post-text-inner\">\n<div class=\"mkdf-post-text-main\">\n<div class=\"mkdf-post-text\">\n<div class=\"mkdf-post-text-inner\">\n<div class=\"mkdf-post-text-main\">\n<div class=\"mkdf-post-text\">\n<div class=\"mkdf-post-text-inner\">\n<div class=\"mkdf-post-text-main\">\n<div class=\"page-title-head hgroup\">\n<div class=\"page-title-head hgroup\">\n<div class=\"mkdf-post-text\">\n<div class=\"mkdf-post-text-inner\">\n<div class=\"mkdf-post-text-main\">\n<div class=\"mkdf-post-text\">\n<div class=\"mkdf-post-text-inner\">\n<div class=\"mkdf-post-text-main\">\n<div>\n<div class=\"page-title-head hgroup\">\n<div class=\"page-title-head hgroup\">\n<div class=\"page-title-head hgroup\">\n<div class=\"page-title-head hgroup\">\n<div class=\"b654a4as d2edcug0\">\n<div class=\"page-title-head hgroup\">\n<div class=\"page-title-head hgroup\">\n<div class=\"page-title-head hgroup\">\n<div class=\"page-title-head hgroup\">\n<div class=\"b654a4as d2edcug0\">\n<div>\n<div>\n<div>\n<div>\n<div class=\"page-title-head hgroup\">\n<div class=\"page-title-head hgroup\">\n<div class=\"page-title-head hgroup\">\n<div class=\"page-title-head hgroup\">\n<div class=\"b654a4as d2edcug0\">\n<div class=\"page-title-head hgroup\">\n<div class=\"page-title-head hgroup\">\n<div class=\"page-title-head hgroup\">\n<div class=\"page-title-head hgroup\">\n<div class=\"b654a4as d2edcug0\">\n<div>\n<div class=\"page-title-head hgroup\">\n<div class=\"page-title-head hgroup\">\n<div class=\"page-title-head hgroup\">\n<div>\n<div class=\"page-title-head hgroup\">\n<div class=\"page-title-head hgroup\">\n<div class=\"page-title-head hgroup\">\n<p>&nbsp;<\/p>\n<p><a href=\"https:\/\/www.radiopiu.net\/wordpress\/giornale-radiopiu-26-settembre-2018-direttore-mirko-mezzacasa\/viabilita-2\/\" rel=\"attachment wp-att-61954\"><img loading=\"lazy\" decoding=\"async\" class=\"wp-image-61954 size-full aligncenter\" src=\"https:\/\/www.radiopiu.net\/wordpress\/wp-content\/uploads\/2018\/09\/viabilita.jpeg\" alt=\"\" width=\"800\" height=\"100\" srcset=\"https:\/\/www.radiopiu.net\/wordpress\/wp-content\/uploads\/2018\/09\/viabilita.jpeg 800w, https:\/\/www.radiopiu.net\/wordpress\/wp-content\/uploads\/2018\/09\/viabilita-300x38.jpeg 300w, https:\/\/www.radiopiu.net\/wordpress\/wp-content\/uploads\/2018\/09\/viabilita-768x96.jpeg 768w\" sizes=\"auto, (max-width: 800px) 100vw, 800px\" \/><\/a><\/p>\n<blockquote><p><a href=\"https:\/\/www.radiopiu.net\/wordpress\/giornale-radiopiu-09-agosto-2018-direttore-mirko-mezzacasa\/viabilia\/\" rel=\"attachment wp-att-57053\"><img loading=\"lazy\" decoding=\"async\" class=\" wp-image-57053 alignleft\" src=\"https:\/\/www.radiopiu.net\/wordpress\/wp-content\/uploads\/2018\/08\/VIABILIA-300x180.jpeg\" alt=\"\" width=\"220\" height=\"132\" srcset=\"https:\/\/www.radiopiu.net\/wordpress\/wp-content\/uploads\/2018\/08\/VIABILIA-300x180.jpeg 300w, https:\/\/www.radiopiu.net\/wordpress\/wp-content\/uploads\/2018\/08\/VIABILIA-768x461.jpeg 768w, https:\/\/www.radiopiu.net\/wordpress\/wp-content\/uploads\/2018\/08\/VIABILIA-1024x614.jpeg 1024w, https:\/\/www.radiopiu.net\/wordpress\/wp-content\/uploads\/2018\/08\/VIABILIA.jpeg 1280w\" sizes=\"auto, (max-width: 220px) 100vw, 220px\" \/><\/a><\/p><\/blockquote>\n<\/div>\n<\/div>\n<\/div>\n<\/div>\n<\/div>\n<\/div>\n<\/div>\n<\/div>\n<div>\n<div>\n<div class=\"page-title-head hgroup\">\n<div class=\"page-title-head hgroup\">\n<div class=\"page-title-head hgroup\">\n<div class=\"page-title-head hgroup\">\n<div class=\"page-title-head hgroup\">\n<div class=\"page-title-head hgroup\">\n<blockquote><p>La viabilit\u00e0 con gli ultimi aggiornamenti<\/p><\/blockquote>\n<\/div>\n<\/div>\n<\/div>\n<\/div>\n<\/div>\n<\/div>\n<\/div>\n<div><\/div>\n<div><\/div>\n<div>\n<div><\/div>\n<\/div>\n<\/div>\n<\/div>\n<\/div>\n<\/div>\n<\/div>\n<\/div>\n<\/div>\n<\/div>\n<\/div>\n<\/div>\n<\/div>\n<\/div>\n<div>\n<div class=\"page-title-head hgroup\">\n<div class=\"page-title-head hgroup\">\n<div class=\"page-title-head hgroup\">\n<div class=\"page-title-head hgroup\">\n<div class=\"b654a4as d2edcug0\">\n<div>\n<div class=\"page-title-head hgroup\" style=\"text-align: left;\">\n<div class=\"page-title-head hgroup\"><\/div>\n<\/div>\n<\/div>\n<\/div>\n<\/div>\n<\/div>\n<\/div>\n<\/div>\n<\/div>\n<\/div>\n<\/div>\n<\/div>\n<div>\n<div>\n<div class=\"page-title-head hgroup\">\n<div class=\"page-title-head hgroup\">\n<div class=\"page-title-head hgroup\">\n<div class=\"page-title-head hgroup\">\n<div class=\"b654a4as d2edcug0\">\n<div class=\"page-title-head hgroup\">\n<div class=\"page-title-head hgroup\">\n<div class=\"page-title-head hgroup\">\n<div class=\"page-title-head hgroup\">\n<div class=\"b654a4as d2edcug0\">\n<div>\n<div class=\"page-title-head hgroup\">\n<div class=\"page-title-head hgroup\">\n<div class=\"page-title-head hgroup\">\n<div class=\"page-title-head hgroup\">\n<div class=\"page-title-head hgroup\">\n<div>\n<div>\n<audio class=\"wp-audio-shortcode\" id=\"audio-228203-18\" preload=\"none\" style=\"width: 100%;\" controls=\"controls\"><source type=\"audio\/mpeg\" src=\"https:\/\/www.radiopiu.net\/wordpress\/wp-content\/uploads\/2021\/08\/VIABILITA-5.mp3?_=18\" \/><a href=\"https:\/\/www.radiopiu.net\/wordpress\/wp-content\/uploads\/2021\/08\/VIABILITA-5.mp3\">https:\/\/www.radiopiu.net\/wordpress\/wp-content\/uploads\/2021\/08\/VIABILITA-5.mp3<\/a><\/audio>\n<\/div>\n<div><\/div>\n<div><\/div>\n<\/div>\n<\/div>\n<\/div>\n<\/div>\n<\/div>\n<\/div>\n<\/div>\n<\/div>\n<\/div>\n<\/div>\n<\/div>\n<\/div>\n<\/div>\n<\/div>\n<\/div>\n<\/div>\n<\/div>\n<\/div>\n<div>\n<div>\n<div class=\"page-title-head hgroup\">\n<hr \/>\n<p>&nbsp;<\/p>\n<\/div>\n<\/div>\n<\/div>\n<\/div>\n<\/div>\n<\/div>\n<\/div>\n<\/div>\n<\/div>\n<\/div>\n<\/div>\n<\/div>\n<\/div>\n<\/div>\n<\/div>\n<div>\n<div class=\"page-title-head hgroup\">\n<div class=\"page-title-head hgroup\">\n<div>\n<div class=\"page-title-head hgroup\">\n<div class=\"page-title-head hgroup\">\n<div class=\"b654a4as d2edcug0\">\n<div>\n<div class=\"page-title-head hgroup\" style=\"text-align: left;\">\n<div class=\"page-title-head hgroup\">\n<div dir=\"auto\">\n<p><a class=\"dt-pswp-item pspw-wrap-ready\" href=\"https:\/\/i0.wp.com\/www.radiopiu.net\/wordpress\/wp-content\/uploads\/2018\/09\/WhatsApp-Image-2018-09-20-at-16.04.06.jpeg?ssl=1\" data-dt-img-description=\"\" data-large_image_width=\"800\" data-large_image_height=\"100\"><img loading=\"lazy\" decoding=\"async\" class=\"aligncenter wp-image-61378 size-full jetpack-lazy-image jetpack-lazy-image--handled\" src=\"https:\/\/i0.wp.com\/www.radiopiu.net\/wordpress\/wp-content\/uploads\/2018\/09\/WhatsApp-Image-2018-09-20-at-16.04.06.jpeg?resize=800%2C100&amp;ssl=1\" sizes=\"auto, (max-width: 800px) 100vw, 800px\" srcset=\"https:\/\/i0.wp.com\/www.radiopiu.net\/wordpress\/wp-content\/uploads\/2018\/09\/WhatsApp-Image-2018-09-20-at-16.04.06.jpeg?w=800&amp;ssl=1 800w, https:\/\/i0.wp.com\/www.radiopiu.net\/wordpress\/wp-content\/uploads\/2018\/09\/WhatsApp-Image-2018-09-20-at-16.04.06.jpeg?resize=300%2C38&amp;ssl=1 300w, https:\/\/i0.wp.com\/www.radiopiu.net\/wordpress\/wp-content\/uploads\/2018\/09\/WhatsApp-Image-2018-09-20-at-16.04.06.jpeg?resize=768%2C96&amp;ssl=1 768w\" alt=\"\" width=\"800\" height=\"100\" data-lazy-loaded=\"1\" \/><\/a><\/p>\n<\/div>\n<\/div>\n<\/div>\n<\/div>\n<\/div>\n<\/div>\n<\/div>\n<\/div>\n<\/div>\n<\/div>\n<\/div>\n<\/div>\n<\/div>\n<\/div>\n<\/div>\n<\/div>\n<\/div>\n<\/div>\n<\/div>\n<\/div>\n<\/div>\n<\/div>\n<\/div>\n<\/div>\n<\/div>\n<\/div>\n<\/div>\n<\/div>\n<p>&nbsp;<\/p>\n<p><center><b>Giovedi 19<\/b><\/center><b>Tempo atteso: <\/b>Tempo ben soleggiato con cielo sereno al mattino e poco nuvoloso al pomeriggio per modesta attivit\u00e0 cumuliforme, localmente moderata, senza dar luogo a fenomeni convettivi. Il contesto termico diurno beneficer\u00e0 del buon soleggiamento e dell&#8217;avvezione pomeridiana di aria pi\u00f9 calda in quota.<br \/>\n<b>Precipitazioni: <\/b>Assenti (0%).<br \/>\n<b>Temperature: <\/b>In generale lieve rialzo, eccetto stazionariet\u00e0 delle minime nei fondovalle. Sono previste punte di 27\/29\u00b0C nei fondovalle prealpini e di 23\/26\u00b0C a 1000\/1200 m. Su Prealpi a 1500 m min 11\u00b0C max 17\u00b0C, a 2000 m min 8\u00b0C max 14\u00b0C. Su Dolomiti a 2000 m min 7\u00b0C max 15\u00b0C, a 3000 m min 2\u00b0C max 5\u00b0C.<br \/>\n<b>Venti: <\/b>Nelle valli perlopi\u00f9 deboli a regime di brezza, localmente e a tratti moderati nei settori solitamente pi\u00f9 ventilati; in quota deboli\/moderati occidentali al mattino e da nord-ovest al pomeriggio, a 5-10 km\/h a 2000 m e 15-20 km\/h a 3000 m.<\/p>\n<hr \/>\n<p><center><b>Venerdi 20<\/b><\/center><b>Tempo atteso: <\/b>Tempo ben soleggiato al mattino, nonostante i nascenti cumuli a ridosso delle cime, mentre si avr\u00e0 una riduzione del soleggiamento un po&#8217; pi\u00f9 marcata al pomeriggio rispetto a gioved\u00ec per irregolare attivit\u00e0 cumuliforme, localmente intensa, specie sulle Dolomiti, dove l&#8217;insidia di qualche fenomeno convettivo aumenter\u00e0 leggermente. Alla sera ritorno dei rasserenamenti sulle Dolomiti. Contesto termico sempre estivo nelle valli pi\u00f9 assolate.<br \/>\n<b>Precipitazioni: <\/b>Fino al primo pomeriggio assenti (0%). In seguito probabilit\u00e0 di qualche isolato rovescio o temporale sulle Dolomiti (30\/40%), specie tra met\u00e0 e tardo pomeriggio e a ridosso del Trentino e dell&#8217;Alto Adige. Sulle Prealpi il rischio rimarr\u00e0 quasi del tutto assente (0-10%).<br \/>\n<b>Temperature: <\/b>Minime in aumento a tutte le quote; massime in aumento nei fondovalle e in leggera flessione in quota e nelle valli interessate dall&#8217;instabilit\u00e0 pomeridiana. Sono previste punte di 28\/30\u00b0C nei fondovalle prealpini e di 22\/25\u00b0C a 1000\/1200 m. Su Prealpi a 1500 m min 12\u00b0C max 16\u00b0C, a 2000 m min 9\u00b0C max 13\u00b0C. Su Dolomiti a 2000 m min 8\u00b0C max 14\u00b0C, a 3000 m min 3\u00b0C max 4\u00b0C.<br \/>\n<b>Venti: <\/b>Nelle valli perlopi\u00f9 deboli a regime di brezza, localmente e a tratti moderati nei settori solitamente pi\u00f9 ventilati, non esclusi eventuali rinforzi in caso di temporale; in quota deboli da sud-ovest, a 5-10 km\/h a 2000 m e 10-15 km\/h a 3000 m.<\/p>\n<hr \/>\n<p><center><b>Sabato 21<\/b><\/center>Stupenda giornata tardo-estiva con sole prevalente, cielo perlopi\u00f9 sereno e visibilit\u00e0 ottima. La presenza di aria secca limiter\u00e0 l&#8217;attivit\u00e0 cumuliforme delle ore pi\u00f9 calde. Temperature in generale lieve rialzo. Venti a regime di brezza nelle valli e deboli da nord nord-ovest in quota.<\/p>\n<hr \/>\n<p><center><b>Domenica 22<\/b><\/center>Altra stupenda giornata tardo-estiva con prevalenza di sole, cielo perlopi\u00f9 sereno e visibilit\u00e0 ottima. La presenza di aria secca limiter\u00e0 ancora l&#8217;attivit\u00e0 cumuliforme pomeridiana. Temperature in ulteriore lieve rialzo. Venti a regime di brezza nelle valli e deboli da nord nord-ovest in quota. Previsore: R.L.Th.<\/p>\n<p>&nbsp;<\/p>\n<div class=\"mkdf-post-text\">\n<div class=\"mkdf-post-text-inner\">\n<hr \/>\n<p>&nbsp;<\/p>\n<p><img loading=\"lazy\" decoding=\"async\" class=\"wp-image-60761 size-full aligncenter\" src=\"https:\/\/www.radiopiu.net\/wordpress\/wp-content\/uploads\/2018\/09\/sport.jpg\" alt=\"\" width=\"800\" height=\"100\" srcset=\"https:\/\/www.radiopiu.net\/wordpress\/wp-content\/uploads\/2018\/09\/sport.jpg 800w, https:\/\/www.radiopiu.net\/wordpress\/wp-content\/uploads\/2018\/09\/sport-300x38.jpg 300w, https:\/\/www.radiopiu.net\/wordpress\/wp-content\/uploads\/2018\/09\/sport-768x96.jpg 768w\" sizes=\"auto, (max-width: 800px) 100vw, 800px\" \/><\/p>\n<p>&nbsp;<\/p>\n<blockquote>\n<h3 class=\"p1\"><span class=\"s1\">OLTRE CENTO ATLETI, DI VENETO E FRIULI, A SFIDARSI IN PISTA A VALLESELLA PER IL MEETING INTERREGIONALE CSI DI ATLETICA<\/span><\/h3>\n<\/blockquote>\n<p class=\"p1\"><span class=\"s1\"><strong>BELLUNO<\/strong> Sono stati oltre cento, provenienti da Veneto e Friuli Venezia Giulia, i partecipanti alla gara interregionale di atletica leggera che si \u00e8 svolta nella serata di marted\u00ec 17 agosto sulla pista di Vallesella. Una buona partecipazione per l&#8217;evento organizzato dall&#8217;Associazione sportiva Vodo e che era valido per la qualificazione al Gran premio nazionale di atletica del Centro sportivo italiano che si svolger\u00e0 a inizio settembre in Toscana, a Grosseto.\u00a0<\/span><span class=\"s1\">Di scena la velocit\u00e0, il getto del peso e il mezzofondo. Diverse le vittorie bellunesi. Di seguito il dettaglio. <\/span><span class=\"s1\">Vittorie bellunesi: Alessia Mondin (Astra Quero, 60 metri categoria Ragazze); Angelica Pais Becher (Atleticadore Giocallena, 80 metri Cadette); Daniel Tom\u00e8 (Astra Quero, 80 metri Cadetti); Irene Da Pra (Atleticadore\u00a0Giocallena, 100 metri Allieve); Cristina Olivotto (Atleticadore Giocallena, 100 metri Juniores); Lara Marengon (Atleticadore Giocallena, 100 metri Seniores); Matteo Cesco (Astra Quero, 100 metri e peso Adulti A); Laura Mazzoleni Ferracini (Castionese, 1500 assoluti); Osvaldo Zanella (Marciatori Calalzo, 1500 assoluti), Chiara Da Pr\u00e0 (Atleticadore Giocallena, peso Cadette); Naike Bergamo (Atleticadore Giocallena, peso Allieve); Barbara Da Ros (Atleticadore Giocallena, peso Adulte B); Cristina Olivotto (Atleticadore Giocallena, peso Juniores), Hoda Belkarroumia (Astra Quero, peso Seniores), Biagio Bogno (Astra Quero, peso Cadetti).\u00a0<\/span><\/p>\n\n\t\t\t<style type='text\/css'>\n\t\t\t\t#gallery-7 {\n\t\t\t\t\tmargin: auto;\n\t\t\t\t}\n\t\t\t\t#gallery-7 .gallery-item {\n\t\t\t\t\tfloat: left;\n\t\t\t\t\tmargin-top: 10px;\n\t\t\t\t\ttext-align: center;\n\t\t\t\t\twidth: 50%;\n\t\t\t\t}\n\t\t\t\t#gallery-7 img {\n\t\t\t\t\tborder: 2px solid #cfcfcf;\n\t\t\t\t}\n\t\t\t\t#gallery-7 .gallery-caption {\n\t\t\t\t\tmargin-left: 0;\n\t\t\t\t}\n\t\t\t\t\/* see gallery_shortcode() in wp-includes\/media.php *\/\n\t\t\t<\/style>\n\t\t<div id='gallery-7' class='dt-gallery-container gallery galleryid-228203 gallery-columns-2 gallery-size-medium'><dl class='gallery-item'>\n\t\t\t\t<dt class='gallery-icon landscape'>\n\t\t\t\t\t<a class=\"rollover rollover-zoom dt-pswp-item\" title=\"as vodo - vallesella 17 agosto 2021\" data-dt-img-description=\"\" data-large_image_width=\"1001\" data-large_image_height=\"667\"href='https:\/\/www.radiopiu.net\/wordpress\/wp-content\/uploads\/2021\/08\/as-vodo-vallesella-17-agosto-2021.jpg'><img loading=\"lazy\" decoding=\"async\" width=\"300\" height=\"200\" src=\"https:\/\/www.radiopiu.net\/wordpress\/wp-content\/uploads\/2021\/08\/as-vodo-vallesella-17-agosto-2021-300x200.jpg\" class=\"attachment-medium size-medium\" alt=\"\" srcset=\"https:\/\/www.radiopiu.net\/wordpress\/wp-content\/uploads\/2021\/08\/as-vodo-vallesella-17-agosto-2021-300x200.jpg 300w, https:\/\/www.radiopiu.net\/wordpress\/wp-content\/uploads\/2021\/08\/as-vodo-vallesella-17-agosto-2021-768x512.jpg 768w, https:\/\/www.radiopiu.net\/wordpress\/wp-content\/uploads\/2021\/08\/as-vodo-vallesella-17-agosto-2021.jpg 1001w\" sizes=\"auto, (max-width: 300px) 100vw, 300px\" \/><\/a>\n\t\t\t\t<\/dt><\/dl><dl class='gallery-item'>\n\t\t\t\t<dt class='gallery-icon landscape'>\n\t\t\t\t\t<a class=\"rollover rollover-zoom dt-pswp-item\" title=\"partenza 1500 uomini prima 2. serie\" data-dt-img-description=\"\" data-large_image_width=\"1001\" data-large_image_height=\"667\"href='https:\/\/www.radiopiu.net\/wordpress\/wp-content\/uploads\/2021\/08\/partenza-1500-uomini-prima-2.-serie.jpg'><img loading=\"lazy\" decoding=\"async\" width=\"300\" height=\"200\" src=\"https:\/\/www.radiopiu.net\/wordpress\/wp-content\/uploads\/2021\/08\/partenza-1500-uomini-prima-2.-serie-300x200.jpg\" class=\"attachment-medium size-medium\" alt=\"\" srcset=\"https:\/\/www.radiopiu.net\/wordpress\/wp-content\/uploads\/2021\/08\/partenza-1500-uomini-prima-2.-serie-300x200.jpg 300w, https:\/\/www.radiopiu.net\/wordpress\/wp-content\/uploads\/2021\/08\/partenza-1500-uomini-prima-2.-serie-768x512.jpg 768w, https:\/\/www.radiopiu.net\/wordpress\/wp-content\/uploads\/2021\/08\/partenza-1500-uomini-prima-2.-serie.jpg 1001w\" sizes=\"auto, (max-width: 300px) 100vw, 300px\" \/><\/a>\n\t\t\t\t<\/dt><\/dl><br style=\"clear: both\" \/>\n\t\t\t<\/div>\n\n<p>&nbsp;<\/p>\n<p>&nbsp;<\/p>\n<hr \/>\n<p>&nbsp;<\/p>\n<blockquote>\n<h3 class=\"p1\"><span class=\"s1\">UN FUTURO DI ACCESSIBILIT\u00c0 PER I SENTIERI DELLA VAL DI ZOLDO<\/span><\/h3>\n<\/blockquote>\n<p class=\"p1\"><span class=\"s1\"><strong><a href=\"https:\/\/www.radiopiu.net\/wordpress\/giornale-radiopiu-19-agosto-2021-direttore-mirko-mezzacasa\/val-di-zoldo-17-agosto-2021-da-sx-corrado-de-rocco-davide-giozet-moreno-pesce-andrea-cicini-roberto-padrin\/\" rel=\"attachment wp-att-228278\"><img loading=\"lazy\" decoding=\"async\" class=\"size-medium wp-image-228278 alignleft\" src=\"https:\/\/www.radiopiu.net\/wordpress\/wp-content\/uploads\/2021\/08\/val-di-zoldo-17-agosto-2021-da-sx-corrado-de-rocco-davide-giozet-moreno-pesce-andrea-cicini-roberto-padrin-225x300.jpg\" alt=\"\" width=\"225\" height=\"300\" srcset=\"https:\/\/www.radiopiu.net\/wordpress\/wp-content\/uploads\/2021\/08\/val-di-zoldo-17-agosto-2021-da-sx-corrado-de-rocco-davide-giozet-moreno-pesce-andrea-cicini-roberto-padrin-225x300.jpg 225w, https:\/\/www.radiopiu.net\/wordpress\/wp-content\/uploads\/2021\/08\/val-di-zoldo-17-agosto-2021-da-sx-corrado-de-rocco-davide-giozet-moreno-pesce-andrea-cicini-roberto-padrin-768x1024.jpg 768w, https:\/\/www.radiopiu.net\/wordpress\/wp-content\/uploads\/2021\/08\/val-di-zoldo-17-agosto-2021-da-sx-corrado-de-rocco-davide-giozet-moreno-pesce-andrea-cicini-roberto-padrin.jpg 975w\" sizes=\"auto, (max-width: 225px) 100vw, 225px\" \/><\/a>VAL DI ZOLDO <\/strong>Il traguardo si chiama accessibilit\u00e0. \u00c8 quello che vogliono tagliare \u2013 magari gi\u00e0 nel 2022? \u2013 gli organizzatori di Dolomiti Extreme Trail, l\u2019evento di trailrunning che da una decina di anni apre l\u2019estate sportiva e turistica della Val di Zoldo, sulle Dolomiti Bellunesi (lo scorso giugno, furono oltre mille i partecipanti, da oltre trenta paesi). <\/span><span class=\"s1\">Lo staff organizzativo di Dxt, insieme al Gruppo Matches, agenzia di comunicazione che cura l\u2019organizzazione di eventi internazionali, vuole far s\u00ec che i sentieri della valle siano un\u2019occasione di sport anche per le persone con disabilit\u00e0 e per questo da mesi stanno lavorando a un progetto di inclusione: realizzare tre percorsi che possano divenire percorribili anche da persone disabili, a piedi o in carrozzina. Una della tappe per arrivare al traguardo \u00e8 stata compiuta marted\u00ec, 17 agosto. Si tratta del sopralluogo effettuato nelle localit\u00e0\u00a0 di Palafavera, Pratoront e Val Pramper, insieme a due atleti paralimpici, Moreno Pesce, paralimpico amputato della gamba sinistra che, grazie a una protesi in fibra di carbonio e titanio, \u00a0scala le montagne, e Davide Giozet, un passato di atleta di handybike e ora capitano della nazionale azzurra di rugby in carrozzina.\u00a0<\/span><span class=\"s1\">Con loro, Corrado De Rocco, coordinatore insieme a Paolo Franchi di Dxt, Andrea Cicini, fondatore e amministratore di Gruppo Matches, e Roberto Padrin, presidente dell\u2019Amministrazione provinciale di Belluno.<\/span><\/p>\n<p>&nbsp;<\/p>\n<p>&nbsp;<\/p>\n<hr \/>\n<p>&nbsp;<\/p>\n<blockquote>\n<h3>DOMANI LA PRIMA AMICHEVOLE DELL&#8217;ALLEGHE HOCKEY<\/h3>\n<\/blockquote>\n<p><strong><a href=\"https:\/\/www.radiopiu.net\/wordpress\/venerdi-20-agosto-la-prima-amichevole-dellalleghe-hockey\/venerdi-20-agosto-2021-ore-2100\/\" rel=\"attachment wp-att-227521\"><img loading=\"lazy\" decoding=\"async\" class=\" wp-image-227521 alignleft\" src=\"https:\/\/www.radiopiu.net\/wordpress\/wp-content\/uploads\/2021\/08\/Venerdi%CC%80-20-agosto-2021-ore-2100-212x300.jpg\" sizes=\"auto, (max-width: 195px) 100vw, 195px\" srcset=\"https:\/\/www.radiopiu.net\/wordpress\/wp-content\/uploads\/2021\/08\/Venerdi\u0300-20-agosto-2021-ore-2100-212x300.jpg 212w, https:\/\/www.radiopiu.net\/wordpress\/wp-content\/uploads\/2021\/08\/Venerdi\u0300-20-agosto-2021-ore-2100-724x1024.jpg 724w, https:\/\/www.radiopiu.net\/wordpress\/wp-content\/uploads\/2021\/08\/Venerdi\u0300-20-agosto-2021-ore-2100-768x1086.jpg 768w, https:\/\/www.radiopiu.net\/wordpress\/wp-content\/uploads\/2021\/08\/Venerdi\u0300-20-agosto-2021-ore-2100-1086x1536.jpg 1086w, https:\/\/www.radiopiu.net\/wordpress\/wp-content\/uploads\/2021\/08\/Venerdi\u0300-20-agosto-2021-ore-2100-1448x2048.jpg 1448w, https:\/\/www.radiopiu.net\/wordpress\/wp-content\/uploads\/2021\/08\/Venerdi\u0300-20-agosto-2021-ore-2100-scaled.jpg 1810w\" alt=\"\" width=\"195\" height=\"276\" \/><\/a><\/strong><\/p>\n<p><strong>\u00a0<\/strong><\/p>\n<p><strong>\u00a0<\/strong><\/p>\n<p><strong>\u00a0<\/strong><\/p>\n<p><strong>ALLEGHE<\/strong> Dopo la preparazione a secco e quella sul ghiaccio, l\u2019Alleghe Hockey \u00e8 pronto per il primo test pre stagionale. Domani allo stadio Alvise De Toni di Alleghe le civette giocheranno la prima amichevole. In riva al lago arriva il Fassa Falcons. Ingaggio alle 21. Si ricorda che secondo le disposizioni governative il pubblico potr\u00e0 accedere allo stadio esibendo il Green Pass.<\/p>\n<p>&nbsp;<\/p>\n<p>&nbsp;<\/p>\n<p>&nbsp;<\/p>\n<p>&nbsp;<\/p>\n<p>&nbsp;<\/p>\n<p>&nbsp;<\/p>\n<\/div>\n<\/div>\n<\/div>\n<\/div>\n<\/div>\n<\/div>\n<\/div>\n<\/div>\n<\/div>\n<\/div>\n<\/div>\n<\/div>\n<\/div>\n<\/div>\n<\/div>\n<\/div>\n<\/div>\n<\/div>\n<\/div>\n<\/div>\n<\/div>\n<\/div>\n<\/div>\n<\/div>\n<\/div>","protected":false},"excerpt":{"rendered":"<p>COMPRIAMO UNA MACCHINA ATTREZZATA PER RICCARDO SOSPIROLO\u00a0Radio Pi\u00f9 appoggia l\u2019iniziativa di\u00a0 Agostino Tegner il pap\u00e0 di Riccardo, poche parole le sue ma piene di significato\u00a0\u201cIo e mia moglie stiamo invecchiando e non riusciamo pi\u00f9\u00a0a trasportare come si deve il nostro ragazzo, che necessita di una macchina attrezzata con un piano ribassato con pedana\u201d. Per questo&hellip;<\/p>\n","protected":false},"author":4,"featured_media":228379,"comment_status":"closed","ping_status":"open","sticky":false,"template":"","format":"standard","meta":{"_monsterinsights_skip_tracking":false,"_monsterinsights_sitenote_active":false,"_monsterinsights_sitenote_note":"","_monsterinsights_sitenote_category":0,"footnotes":""},"categories":[1,51,86,49],"tags":[],"class_list":["post-228203","post","type-post","status-publish","format-standard","has-post-thumbnail","hentry","category-senza-categoria","category-evidenza-top","category-gr","category-news-18","category-1","category-51","category-86","category-49","description-off"],"img_url":"https:\/\/www.radiopiu.net\/wordpress\/wp-content\/uploads\/2021\/08\/e0a3f8d6-89cd-469f-8f87-342b87ae8167.jpg","_links":{"self":[{"href":"https:\/\/www.radiopiu.net\/wordpress\/wp-json\/wp\/v2\/posts\/228203","targetHints":{"allow":["GET"]}}],"collection":[{"href":"https:\/\/www.radiopiu.net\/wordpress\/wp-json\/wp\/v2\/posts"}],"about":[{"href":"https:\/\/www.radiopiu.net\/wordpress\/wp-json\/wp\/v2\/types\/post"}],"author":[{"embeddable":true,"href":"https:\/\/www.radiopiu.net\/wordpress\/wp-json\/wp\/v2\/users\/4"}],"replies":[{"embeddable":true,"href":"https:\/\/www.radiopiu.net\/wordpress\/wp-json\/wp\/v2\/comments?post=228203"}],"version-history":[{"count":0,"href":"https:\/\/www.radiopiu.net\/wordpress\/wp-json\/wp\/v2\/posts\/228203\/revisions"}],"wp:featuredmedia":[{"embeddable":true,"href":"https:\/\/www.radiopiu.net\/wordpress\/wp-json\/wp\/v2\/media\/228379"}],"wp:attachment":[{"href":"https:\/\/www.radiopiu.net\/wordpress\/wp-json\/wp\/v2\/media?parent=228203"}],"wp:term":[{"taxonomy":"category","embeddable":true,"href":"https:\/\/www.radiopiu.net\/wordpress\/wp-json\/wp\/v2\/categories?post=228203"},{"taxonomy":"post_tag","embeddable":true,"href":"https:\/\/www.radiopiu.net\/wordpress\/wp-json\/wp\/v2\/tags?post=228203"}],"curies":[{"name":"wp","href":"https:\/\/api.w.org\/{rel}","templated":true}]}}