{"id":228327,"date":"2021-08-19T05:35:06","date_gmt":"2021-08-19T03:35:06","guid":{"rendered":"https:\/\/www.radiopiu.net\/wordpress\/?p=228327"},"modified":"2021-08-19T06:06:42","modified_gmt":"2021-08-19T04:06:42","slug":"maestri-di-sci-a-5-mesi-dal-decreto-ristori-ancora-al-palo-scopel-a-rischio-professionalita-importanti-per-il-futuro-della-nostra-montagna","status":"publish","type":"post","link":"https:\/\/www.radiopiu.net\/wordpress\/maestri-di-sci-a-5-mesi-dal-decreto-ristori-ancora-al-palo-scopel-a-rischio-professionalita-importanti-per-il-futuro-della-nostra-montagna\/","title":{"rendered":"MAESTRI DI SCI, A 5 MESI DAL DECRETO, RISTORI ANCORA AL PALO. SCOPEL: &#8220;A RISCHIO PROFESSIONALITA&#8217; IMPORTANTI PER IL FUTURO DELLA NOSTRA MONTAGNA&#8221;"},"content":{"rendered":"<p><strong>ALLA RADIO<\/strong><\/p>\n<audio class=\"wp-audio-shortcode\" id=\"audio-228327-1\" preload=\"none\" style=\"width: 100%;\" controls=\"controls\"><source type=\"audio\/mpeg\" src=\"https:\/\/www.radiopiu.net\/wordpress\/wp-content\/uploads\/2021\/08\/SCOPEL-MAESTRI-SCI.mp3?_=1\" \/><a href=\"https:\/\/www.radiopiu.net\/wordpress\/wp-content\/uploads\/2021\/08\/SCOPEL-MAESTRI-SCI.mp3\">https:\/\/www.radiopiu.net\/wordpress\/wp-content\/uploads\/2021\/08\/SCOPEL-MAESTRI-SCI.mp3<\/a><\/audio>\n<p>&nbsp;<\/p>\n<p><strong><a href=\"https:\/\/www.radiopiu.net\/wordpress\/scuola-e-sport\/sci\/\" rel=\"attachment wp-att-192986\"><img loading=\"lazy\" decoding=\"async\" class=\"size-medium wp-image-192986 alignleft\" src=\"https:\/\/www.radiopiu.net\/wordpress\/wp-content\/uploads\/2021\/02\/sci-300x200.jpg\" alt=\"\" width=\"300\" height=\"200\" srcset=\"https:\/\/www.radiopiu.net\/wordpress\/wp-content\/uploads\/2021\/02\/sci-300x200.jpg 300w, https:\/\/www.radiopiu.net\/wordpress\/wp-content\/uploads\/2021\/02\/sci.jpg 626w\" sizes=\"auto, (max-width: 300px) 100vw, 300px\" \/><\/a>BELLUNO <\/strong>\u201c<em>Si fa presto a parlare di sviluppo sportivo e turistico della montagna. Se alle affermazioni di principio non seguono atti concreti e tempestivi il tutto rischia di tradursi in una bolla di sapone o, peggio ancora, in un boomerang<\/em>\u201d. Con queste parole il coordinatore provinciale di Forza Italia richiama l&#8217;attenzione su quanto sta accadendo in merito ai ristori previsti per i maestri di sci a seguito del blocco totale dell&#8217;attivit\u00e0 per l&#8217;emergenza sanitaria. \u201c<em>Sulle nostre piste, come in quelle di tutta Italia, non si scia di fatto da 18 mesi (ovvero da quando \u00e8 scoppiata la pandemia da Covid-19) e tra le categorie pi\u00f9 penalizzate sul piano economico vi \u00e8, senza dubbio, quella dei maestri di sci che in estate non possono recuperare quanto perso durante la stagione invernale, sottolinea Scopel. Ebbene, aggiunge il coordinatore azzurro, il presidente del Collegio nazionale dei Maestri di sci, il valdostano Beppe Cuc, denuncia in queste ore come il decreto ristori di marzo sia tutt&#8217;ora rimasto sulla carta. Dopo le firme del Ministro al Turismo Garavaglia e di quello dell&#8217;Economia e delle Finanze Franco, manca infatti ancora il \u201cvia libero\u201d della Ragioneria della Corte dei Conti, con la relativa delibera di impegno finanziario<\/em>.\u201d Uno stallo inaccettabile, la cui gravit\u00e0 \u00e8 stata sottolineata anche dall&#8217;UNCEM, l&#8217;Unione Nazionale Comuni Comunit\u00e0 ed Enti Montani. \u201c<em>Non \u00e8 possibile che in una situazione di emergenza come quella che stiamo vivendo i tempi delle decisioni, e della burocrazia, romane si dilatino in questo modo<\/em>\u201d, prosegue Scopel, che poi sottolinea come tutto questo mal si accompagni alla sfida-madre che la montagna bellunese e pi\u00f9 in generale tutto l&#8217;arco alpino hanno davanti a loro. \u201c<em>Alle porte del quadriennio olimpico che porter\u00e0 a Cortina-Milano 2026 tutto il sistema turistico e sportivo nazionale devono dare un&#8217;immagine di compattezza ed efficienza che siano sinonimo della qualit\u00e0 dell&#8217;offerta che siamo in grado di proporre. Sarebbe a dir poco paradossale trovarci con un settore strategico come quello dei maestri di sci (che costituiscono uno dei pi\u00f9 importanti \u201cbiglietti da visita\u201d dei nostri comprensori) in difficolt\u00e0, o addirittura con importanti defezioni, proprio alla vigilia di un appuntamento storico per la promozione dell&#8217;economia di montagna. <\/em><em>Mi auguro che, anche grazie all&#8217;interessamento dei ministri bellunesi in seno al governo e dei nostri parlamentari, si riesca a sbloccare al pi\u00f9 presto questa situazione che rischia di penalizzare non poco l&#8217;intero comparto della neve, gi\u00e0 duramente provato da un anno e mezzo di chiusura pressoch\u00e9 totale<\/em>\u201d, conclude Scopel.<\/p>\n","protected":false},"excerpt":{"rendered":"<p>ALLA RADIO &nbsp; BELLUNO \u201cSi fa presto a parlare di sviluppo sportivo e turistico della montagna. Se alle affermazioni di principio non seguono atti concreti e tempestivi il tutto rischia di tradursi in una bolla di sapone o, peggio ancora, in un boomerang\u201d. Con queste parole il coordinatore provinciale di Forza Italia richiama l&#8217;attenzione su&hellip;<\/p>\n","protected":false},"author":4,"featured_media":192986,"comment_status":"closed","ping_status":"open","sticky":false,"template":"","format":"standard","meta":{"_monsterinsights_skip_tracking":false,"_monsterinsights_sitenote_active":false,"_monsterinsights_sitenote_note":"","_monsterinsights_sitenote_category":0,"footnotes":""},"categories":[51,49],"tags":[],"class_list":["post-228327","post","type-post","status-publish","format-standard","has-post-thumbnail","hentry","category-evidenza-top","category-news-18","category-51","category-49","description-off"],"img_url":"https:\/\/www.radiopiu.net\/wordpress\/wp-content\/uploads\/2021\/02\/sci.jpg","_links":{"self":[{"href":"https:\/\/www.radiopiu.net\/wordpress\/wp-json\/wp\/v2\/posts\/228327","targetHints":{"allow":["GET"]}}],"collection":[{"href":"https:\/\/www.radiopiu.net\/wordpress\/wp-json\/wp\/v2\/posts"}],"about":[{"href":"https:\/\/www.radiopiu.net\/wordpress\/wp-json\/wp\/v2\/types\/post"}],"author":[{"embeddable":true,"href":"https:\/\/www.radiopiu.net\/wordpress\/wp-json\/wp\/v2\/users\/4"}],"replies":[{"embeddable":true,"href":"https:\/\/www.radiopiu.net\/wordpress\/wp-json\/wp\/v2\/comments?post=228327"}],"version-history":[{"count":0,"href":"https:\/\/www.radiopiu.net\/wordpress\/wp-json\/wp\/v2\/posts\/228327\/revisions"}],"wp:featuredmedia":[{"embeddable":true,"href":"https:\/\/www.radiopiu.net\/wordpress\/wp-json\/wp\/v2\/media\/192986"}],"wp:attachment":[{"href":"https:\/\/www.radiopiu.net\/wordpress\/wp-json\/wp\/v2\/media?parent=228327"}],"wp:term":[{"taxonomy":"category","embeddable":true,"href":"https:\/\/www.radiopiu.net\/wordpress\/wp-json\/wp\/v2\/categories?post=228327"},{"taxonomy":"post_tag","embeddable":true,"href":"https:\/\/www.radiopiu.net\/wordpress\/wp-json\/wp\/v2\/tags?post=228327"}],"curies":[{"name":"wp","href":"https:\/\/api.w.org\/{rel}","templated":true}]}}