{"id":228349,"date":"2021-08-20T05:40:22","date_gmt":"2021-08-20T03:40:22","guid":{"rendered":"https:\/\/www.radiopiu.net\/wordpress\/?p=228349"},"modified":"2021-08-20T10:28:14","modified_gmt":"2021-08-20T08:28:14","slug":"giornale-radiopiu-20-agosto-2021-direttore-mirko-mezzacasa","status":"publish","type":"post","link":"https:\/\/www.radiopiu.net\/wordpress\/giornale-radiopiu-20-agosto-2021-direttore-mirko-mezzacasa\/","title":{"rendered":"GIORNALE RADIOPIU 20 AGOSTO 2021 DIRETTORE MIRKO MEZZACASA"},"content":{"rendered":"<div class=\"wpb-content-wrapper\"><blockquote>\n<h3>COMPRIAMO UNA MACCHINA ATTREZZATA PER RICCARDO<\/h3>\n<\/blockquote>\n<p><strong><a href=\"https:\/\/www.radiopiu.net\/wordpress\/compriamo-una-macchina-attrezzata-per-riccardo\/1626340291137881-img-20210714-wa0025\/\" rel=\"attachment wp-att-224370\"><img loading=\"lazy\" decoding=\"async\" class=\"size-medium wp-image-224370 alignleft\" src=\"https:\/\/www.radiopiu.net\/wordpress\/wp-content\/uploads\/2021\/07\/1626340291137881-IMG-20210714-WA0025-169x300.jpg\" sizes=\"auto, (max-width: 169px) 100vw, 169px\" srcset=\"https:\/\/www.radiopiu.net\/wordpress\/wp-content\/uploads\/2021\/07\/1626340291137881-IMG-20210714-WA0025-169x300.jpg 169w, https:\/\/www.radiopiu.net\/wordpress\/wp-content\/uploads\/2021\/07\/1626340291137881-IMG-20210714-WA0025-576x1024.jpg 576w, https:\/\/www.radiopiu.net\/wordpress\/wp-content\/uploads\/2021\/07\/1626340291137881-IMG-20210714-WA0025-768x1365.jpg 768w, https:\/\/www.radiopiu.net\/wordpress\/wp-content\/uploads\/2021\/07\/1626340291137881-IMG-20210714-WA0025.jpg 800w\" alt=\"\" width=\"169\" height=\"300\" \/><\/a>SOSPIROLO<\/strong>\u00a0Radio Pi\u00f9 appoggia l\u2019iniziativa di\u00a0 Agostino Tegner il pap\u00e0 di Riccardo, poche parole le sue ma piene di significato<em>\u00a0\u201cIo e mia moglie stiamo invecchiando e non riusciamo pi\u00f9\u00a0<img loading=\"lazy\" decoding=\"async\" class=\"alignright\" src=\"https:\/\/www.radiopiu.net\/wordpress\/wp-content\/uploads\/2021\/07\/1626451699105964-locandina-riccardo.jpg\" width=\"297\" height=\"167\" \/>a trasportare come si deve il nostro ragazzo, che necessita di una macchina attrezzata con un piano ribassato con pedana\u201d.<\/em><\/p>\n<p>Per questo ha avuto inizio la raccolta fondi che si prefigge lo scopo di raccogliere 35.000 euro entro fine agosto. Ad oggi sono stati versati i primi\u00a0<strong>11.335<\/strong>\u00a0euro, per farlo \u00e8 semplice\u00a0<strong><a href=\"https:\/\/www.eppela.com\/it\/projects\/31001-compriamo-una-macchina-attrezzata-per-riccardo\">clicca qui\u00a0<\/a><\/strong><\/p>\n<blockquote><p><em>Riccardo \u00e8 un simpatico ragazzino di 15 anni che vive sulle montagne di Sospirolo. Sempre sorridente e circondato dall\u2019affetto dei suoi cari, Riccardo \u00e8 per\u00f2 costretto a stare sulla sedia a rotelle a causa della distrofia muscolare di Duchenne, di cui \u00e8 affetto dalla nascita.\u00a0 I genitori, dopo anni di sacrifici, hanno deciso di acquistare un\u2019auto munita di pedana per poter trasportare il figlio in modo pi\u00f9 comodo, pratico e sicuro, soprattutto adesso che sta crescendo e il peso \u2013 per i due genitori che stanno diventando anziani \u2013 si fa sempre pi\u00f9 sentire.\u00a0<\/em><\/p><\/blockquote>\n<p>&nbsp;<\/p>\n<hr \/>\n<p>&nbsp;<\/p>\n<blockquote>\n<h3>RITROVATO ANZIANO SCOMPARSO DA IERI<\/h3>\n<div dir=\"auto\"><\/div>\n<div dir=\"auto\"><strong>AURONZO<\/strong> \u00c8 stato ritrovato e sta bene, l&#8217;uomo di 81 anni di San Vito di Cadore (BL), che ieri nel pomeriggio si era incamminato nei boschi sopra il Ristorante Mughetto sulla via Val d&#8217;Ansiei ad Auronzo di Cadore, senza pi\u00f9 rientrare. Scattato l&#8217;allarme verso le 18.40 le squadre del Soccorso alpino di Auronzo, Centro Cadore, Val Comelico, assieme al Sagf, ai Vigili del fuoco e ai Carabinieri avevano iniziato le ricerche, supportati dall&#8217;arrivo delle unit\u00e0 cinofile da ricerca di superficie e molecolari e del Centro mobile di coordinamento del Soccorso alpino e speleologico Veneto. Nella notte ha anche a lungo sorvolato l&#8217;area il drone con termocamera dei Vigili del fuoco. Questa mattina alle sei nuove forze erano state allertate per partecipare alla ricerca quando, fortunatamente l&#8217;anziano \u00e8 stato rintracciato a un chilometro di distanza dal punto dove era stato visto l&#8217;ultima volta. Stava bene, anche se aveva riportato qualche escoriazione dopo essere probabilmente caduto. In via precauzionale \u00e8 stato affidato all&#8217;ambulanza che lo ha trasportao all&#8217;ospedale per le verifiche del caso. Erano presenti una quarantina di persone.<\/div>\n<\/blockquote>\n<p>&nbsp;<\/p>\n<p>&nbsp;<\/p>\n<hr \/>\n<p>&nbsp;<\/p>\n<p>&nbsp;<\/p>\n<p><img loading=\"lazy\" decoding=\"async\" class=\"alignleft\" src=\"https:\/\/www.radiopiu.net\/wordpress\/wp-content\/uploads\/2018\/08\/ACQUA.jpeg\" width=\"204\" height=\"122\" \/>Gestione Servizi Pubblici informa che a LIVINALLONGO nelle localit\u00e0 AL FAURO, CREPAZ, RENAZ, RUAZ, PEZZEI, S.GIOVANNI e FOSSAL, l&#8217;acqua erogata dall&#8217;acquedotto non \u00e8 potabile e pu\u00f2 essere usata per scopi alimentari SOLO PREVIA bollitura.<\/p>\n<p>&nbsp;<\/p>\n<p>&nbsp;<\/p>\n<hr \/>\n<p>&nbsp;<\/p>\n<blockquote>\n<h3>LA GALLERIA COMELICO RIAPRE IN ORARIO NOTTURNO<\/h3>\n<\/blockquote>\n<p><strong>VENEZIA\u00a0<\/strong>Per limitare i disagi durante le settimane di maggior esodo, Anas ha programmato la sospensione temporanea dei lavori di manutenzione della galleria \u201cComelico\u201d, posta tra il km 81 e il km 85 della strada statale 52 \u201cCarnica\u201d. La galleria sar\u00e0 pertanto transitabile anche in orario notturno. Dalle ore 21 di luned\u00ec 23 agosto sar\u00e0 nuovamente istituito il divieto di transito in orario notturno, con deviazione su viabilit\u00e0 secondaria, fino alle 6 di mattina del giorno successivo. Fino alla fine del mese di agosto la chiusura, il sabato e la domenica, sar\u00e0 attiva dalle ore 22:30 anzich\u00e9 dalle ore 21:00 per creare minor impatto alla circolazione stradale.<\/p>\n<p>&nbsp;<\/p>\n<p>&nbsp;<\/p>\n<hr \/>\n<p>&nbsp;<\/p>\n<blockquote>\n<h3>CON LA FINE DELLE VACANZE ESTIVE INIZIANO I CANTIERI SULLE STRADE DELLA PROVINCIA<\/h3>\n<\/blockquote>\n<p><strong>SR 48 DELLE DOLOMITI\u00a0<\/strong>dal 23 agosto al 31 ottobre, esclusi sabato e domenica, senso unico alternato regolato da semaforo per posa cavidotto<\/p>\n<p><strong>SR 203<\/strong> <strong>AGORDINA<\/strong> in localit\u00e0 La Stanga senso unico alternato regolato da semaforo dal 23 agosto al 3 settembre, esclusi sabato e domenica, perlavori di recupero tubazione e cavo non in servizio<\/p>\n<p><strong>SP 347 PASSO CEREDA E DURAN\u00a0<\/strong>in comune di Gosaldo dal 23 agosto al 30 settembre senso unico alternato regolato da semaforo per posa cavidotto<\/p>\n<p><strong>SP 346 PASSO SAN PELLEGRINO<\/strong> in localit\u00e0 La Mora di Canale D&#8217;Agordo senso unico alternato regolato da semaforo dal 23 agosto al 15 ottobre per messa in sicurezza della strada<\/p>\n<p><strong>SP 251 VAL DI ZOLDO E CELLINA<\/strong> senso unico alternato regolato da semaforo in comune di Colle Santa Lucia dal 23 agosto al 1 ottobre per messa in sicurezza piano viabile<\/p>\n<p><strong>SP3 VALLE IMPERINA\u00a0<\/strong>dal 23 agosto al 10 settembre, esclusi sabato e domenica, senso unico alternato a Rivamonte per interramento linea elettrica<\/p>\n<p><strong>SP 19 DI LAMON<\/strong> dal 23 al 27 agosto interdizione totale al traffico nell&#8217;abitato di Lamon per sostituzione condotta idrica<\/p>\n<p>&nbsp;<\/p>\n<hr \/>\n<p>&nbsp;<\/p>\n<blockquote>\n<h3>INTERRUZIONI ENEL<\/h3>\n<\/blockquote>\n<p><strong>ROCCA PIETORE<\/strong> luned\u00ec dalle 8 alle 12 a Saviner di Calloneghe<\/p>\n<p>&nbsp;<\/p>\n<p>&nbsp;<\/p>\n<hr \/>\n<p>&nbsp;<\/p>\n<blockquote>\n<h3>20 AGOSTO 1944 &#8211; VALLE DEL BIOIS, IL 77\u00b0 ANNIVERSARIO<\/h3>\n<\/blockquote>\n<blockquote>\n\t\t\t<style type='text\/css'>\n\t\t\t\t#gallery-1 {\n\t\t\t\t\tmargin: auto;\n\t\t\t\t}\n\t\t\t\t#gallery-1 .gallery-item {\n\t\t\t\t\tfloat: left;\n\t\t\t\t\tmargin-top: 10px;\n\t\t\t\t\ttext-align: center;\n\t\t\t\t\twidth: 25%;\n\t\t\t\t}\n\t\t\t\t#gallery-1 img {\n\t\t\t\t\tborder: 2px solid #cfcfcf;\n\t\t\t\t}\n\t\t\t\t#gallery-1 .gallery-caption {\n\t\t\t\t\tmargin-left: 0;\n\t\t\t\t}\n\t\t\t\t\/* see gallery_shortcode() in wp-includes\/media.php *\/\n\t\t\t<\/style>\n\t\t<div id='gallery-1' class='dt-gallery-container gallery galleryid-228349 gallery-columns-4 gallery-size-thumbnail'><dl class='gallery-item'>\n\t\t\t\t<dt class='gallery-icon landscape'>\n\t\t\t\t\t<a class=\"rollover rollover-zoom dt-pswp-item\" title=\"CAVIOLA ECCIDIO\" data-dt-img-description=\"\" data-large_image_width=\"300\" data-large_image_height=\"168\"href='https:\/\/www.radiopiu.net\/wordpress\/wp-content\/uploads\/2021\/08\/download-11-300x168-1.jpg'><img loading=\"lazy\" decoding=\"async\" width=\"150\" height=\"150\" src=\"https:\/\/www.radiopiu.net\/wordpress\/wp-content\/uploads\/2021\/08\/download-11-300x168-1-150x150.jpg\" class=\"attachment-thumbnail size-thumbnail\" alt=\"\" \/><\/a>\n\t\t\t\t<\/dt><\/dl><dl class='gallery-item'>\n\t\t\t\t<dt class='gallery-icon landscape'>\n\t\t\t\t\t<a class=\"rollover rollover-zoom dt-pswp-item\" title=\"CAVIOLA ECCIDIO\" data-dt-img-description=\"\" data-large_image_width=\"300\" data-large_image_height=\"168\"href='https:\/\/www.radiopiu.net\/wordpress\/wp-content\/uploads\/2021\/08\/images-1.jpg'><img loading=\"lazy\" decoding=\"async\" width=\"150\" height=\"150\" src=\"https:\/\/www.radiopiu.net\/wordpress\/wp-content\/uploads\/2021\/08\/images-1-150x150.jpg\" class=\"attachment-thumbnail size-thumbnail\" alt=\"\" \/><\/a>\n\t\t\t\t<\/dt><\/dl><dl class='gallery-item'>\n\t\t\t\t<dt class='gallery-icon landscape'>\n\t\t\t\t\t<a class=\"rollover rollover-zoom dt-pswp-item\" title=\"CAVIOLA ECCIDIO\" data-dt-img-description=\"\" data-large_image_width=\"300\" data-large_image_height=\"169\"href='https:\/\/www.radiopiu.net\/wordpress\/wp-content\/uploads\/2021\/08\/image-3-300x169-1.jpg'><img loading=\"lazy\" decoding=\"async\" width=\"150\" height=\"150\" src=\"https:\/\/www.radiopiu.net\/wordpress\/wp-content\/uploads\/2021\/08\/image-3-300x169-1-150x150.jpg\" class=\"attachment-thumbnail size-thumbnail\" alt=\"\" \/><\/a>\n\t\t\t\t<\/dt><\/dl><dl class='gallery-item'>\n\t\t\t\t<dt class='gallery-icon landscape'>\n\t\t\t\t\t<a class=\"rollover rollover-zoom dt-pswp-item\" title=\"CAVIOLA ECCIDIO\" data-dt-img-description=\"\" data-large_image_width=\"300\" data-large_image_height=\"256\"href='https:\/\/www.radiopiu.net\/wordpress\/wp-content\/uploads\/2021\/08\/image-3-1-300x256-1.jpg'><img loading=\"lazy\" decoding=\"async\" width=\"150\" height=\"150\" src=\"https:\/\/www.radiopiu.net\/wordpress\/wp-content\/uploads\/2021\/08\/image-3-1-300x256-1-150x150.jpg\" class=\"attachment-thumbnail size-thumbnail\" alt=\"\" \/><\/a>\n\t\t\t\t<\/dt><\/dl><br style=\"clear: both\" \/>\n\t\t\t<\/div>\n<\/blockquote>\n<p><strong>FALCADE, CANALE, VALLADA <\/strong>Triplo appuntamento in Valle del Biois per il 77\u00b0 Anniversario del 20 agosto 1944. Alle 15 la Santa Messa nella chiesa di Gares, il saluto del sindaco Flavio Colcergnan e la deposizione della corona al monumento ai caduti nel cimitero di Canale D&#8217;Agordo. Alle 16:20 il saluto del sindaco di Vallada Fabio Lucchetta e la deposizione della corona presso il cippo in ricordo del Sen. Attilio Tissi in localit\u00e0 San Simon. Alle 17 alzabandiera in piazza Pertini di Caviola, la deposizione di un mazzo di fiori al monumento, corteo e deposizione della corona presso la lapide in piazza 20 agosto a Caviola, il saluto del Sindaco Michele Costa, la deposizione della corona al cippo dei fucilati sulla piana di Falcade e del mazzo di fiori al\u00a0 Monumento del Generale Tilman a Molino.<\/p>\n<p>&nbsp;<\/p>\n<p>&nbsp;<\/p>\n<hr \/>\n<p>&nbsp;<\/p>\n<blockquote>\n<h3>RECUPERATA UN&#8217;ESCURSIONISTA AL RIFUGIO BIELLA<\/h3>\n<\/blockquote>\n<p><strong><a href=\"https:\/\/www.radiopiu.net\/wordpress\/torna-la-festa-del-volontariato-cadorino-sabato-1-settembre\/soccorsoalpino\/\" rel=\"attachment wp-att-59164\"><img loading=\"lazy\" decoding=\"async\" class=\" wp-image-59164 alignleft\" src=\"https:\/\/www.radiopiu.net\/wordpress\/wp-content\/uploads\/2018\/08\/soccorsoalpino-300x300.jpg\" alt=\"\" width=\"89\" height=\"89\" srcset=\"https:\/\/www.radiopiu.net\/wordpress\/wp-content\/uploads\/2018\/08\/soccorsoalpino-300x300.jpg 300w, https:\/\/www.radiopiu.net\/wordpress\/wp-content\/uploads\/2018\/08\/soccorsoalpino-150x150.jpg 150w, https:\/\/www.radiopiu.net\/wordpress\/wp-content\/uploads\/2018\/08\/soccorsoalpino-768x768.jpg 768w, https:\/\/www.radiopiu.net\/wordpress\/wp-content\/uploads\/2018\/08\/soccorsoalpino-1024x1024.jpg 1024w, https:\/\/www.radiopiu.net\/wordpress\/wp-content\/uploads\/2018\/08\/soccorsoalpino.jpg 1200w\" sizes=\"auto, (max-width: 89px) 100vw, 89px\" \/><\/a>CORTINA<\/strong> Alle 14.15 circa, una squadra del Soccorso alpino di Cortina \u00e8 salita con il fuoristrada al Rifugio Biella, per un&#8217;escursionista israeliana di 24 anni con problemi a camminare. La ragazza lamentava infatti un dolore al ginocchio, che le inpediva di proseguire il tragitto verso il Lago di Braies dove aveva la macchina. I soccorritori l&#8217;hanno quindi accompagnata al Codivilla per gli approfondimenti del caso.<\/p>\n<p>&nbsp;<\/p>\n<p>&nbsp;<\/p>\n<hr \/>\n<p>&nbsp;<\/p>\n<blockquote>\n<h3>INTERVENTO AL MULAZ PER UNA CADUTA SULL&#8217;ALTA VIA NUMERO 2<\/h3>\n<\/blockquote>\n<p><strong><a href=\"https:\/\/www.radiopiu.net\/wordpress\/giornale-radiopiu-19-agosto-2021-direttore-mirko-mezzacasa\/salt-2\/\" rel=\"attachment wp-att-228368\"><img loading=\"lazy\" decoding=\"async\" class=\" wp-image-228368 alignleft\" src=\"https:\/\/www.radiopiu.net\/wordpress\/wp-content\/uploads\/2021\/08\/salt-2-300x225.jpg\" alt=\"\" width=\"171\" height=\"128\" srcset=\"https:\/\/www.radiopiu.net\/wordpress\/wp-content\/uploads\/2021\/08\/salt-2-300x225.jpg 300w, https:\/\/www.radiopiu.net\/wordpress\/wp-content\/uploads\/2021\/08\/salt-2-1024x768.jpg 1024w, https:\/\/www.radiopiu.net\/wordpress\/wp-content\/uploads\/2021\/08\/salt-2-768x576.jpg 768w, https:\/\/www.radiopiu.net\/wordpress\/wp-content\/uploads\/2021\/08\/salt-2.jpg 1080w\" sizes=\"auto, (max-width: 171px) 100vw, 171px\" \/><\/a>FALCADE<\/strong> Alle 15.40 circa l&#8217;elicottero del Suem di Pieve di Cadore \u00e8 volato verso il Mulaz, poich\u00e9 mentre stava percorrendo l&#8217;Alta via numero 2 con altri 5 amici, un escursionista bolognese di 31 anni, era caduto riportando una probabile lussazione della spalla. l&#8217;infortunato, una volta che la Centrale \u00e8 risalita alle coordinate della sua posizione, \u00e8 stato raggiunto lungo il sentiero, che dal Passo del Fochet di Focobon porta al Rifugio Volpi di Misurata al Mulaz, da medico e tecnico di elisoccorso sbarcati con un verricello di 20 metri. Prestategli le prime cure, il ragazzo \u00e8 stato issato a bordo e trasportato all&#8217;ospedale di Belluno.<\/p>\n<p>&nbsp;<\/p>\n<p>&nbsp;<\/p>\n<hr \/>\n<p>&nbsp;<\/p>\n<blockquote>\n<h3>TAMPONAMENTI E RUZZOLONI SULL&#8217;ASFALTO NELLA GIORNATA &#8220;NERA&#8221; PER LE STRADE BELLUNESI, CODE OVUNQUE. IERI MATTINA, COSI&#8217; DA UNA SETTIMANA, TUTTI A PASSO D&#8217;UOMO DA AGORDO (TANGENZIALE) A CENCENIGHE CENTRO. FORTI RALLENTAMENTI PER INCIDENTI A SANTA GIUSTINA, SOPRATTUTTO TRA CADOLA E PIAN DI VEDOIA, 40 MINUTI PER POCHI CHILOMETRI.<\/h3>\n<p><strong><a class=\"dt-pswp-item\" href=\"https:\/\/www.radiopiu.net\/wordpress\/wp-content\/uploads\/2021\/08\/c06126e3-c267-4c90-a92c-b5a64f650f6c-300x224-1.jpg\" data-dt-img-description=\"\" data-large_image_width=\"300\" data-large_image_height=\"224\"><img loading=\"lazy\" decoding=\"async\" class=\"size-thumbnail wp-image-228610 alignleft\" src=\"https:\/\/www.radiopiu.net\/wordpress\/wp-content\/uploads\/2021\/08\/c06126e3-c267-4c90-a92c-b5a64f650f6c-300x224-1-150x150.jpg\" alt=\"\" width=\"150\" height=\"150\" \/><\/a>TAIBON<\/strong> Una 39enne bellunese M.R. ferita non in modo grave ad una gamba nell&#8217;incidente di ieri all&#8217;una lungo la regionale 203 agordina. Una motociclista procedeva verso la galleria di Listolade (da Taibon) quando dopo la leggera curva a destra non \u00e8 riuscita ad evitare l&#8217;impatto con l&#8217;auto che la precedeva in case di manovra, a bordo una famiglia friulana di Udine in vacanze nell&#8217;Agordino. La moto \u00e8 finita per terra travolgendo la ragazza, l&#8217;auto ha terminato la manovra di svolta a destra, verso il ristorante agrituristico, senza un pezzo di paraurti. Sul posto il pronto Soccorso e vigili del fuoco di Agordo, i Carabinieri di Cencenighe per i rilievi. Tamponamento tra moto anche a<strong> Selva di Cadore<\/strong> con un motociclista veneziano costretto a ricorrere alle cure del Pronto Soccorso di Agordo. Incidente\u00a0 tra una moto Yamaha condotta da un catanese 32 anni tamponato da una moto Suzuki condotta da un veneziano di 23 anni. I carabinieri hanno collegato la frenata del primo motociclista a un rallentamento del traffico, forse causato\u00a0 dall&#8217;autovelox. Ieri altri incidenti a Sedico tra due auto e a Santa Giustina sulla strada statale 50, all&#8217;altezza di Santa Giustina anche in questo caso coinvolto un motociclista che se l&#8217;\u00e8 cavata con ferite lievi.<\/p><\/blockquote>\n\n\t\t\t<style type='text\/css'>\n\t\t\t\t#gallery-2 {\n\t\t\t\t\tmargin: auto;\n\t\t\t\t}\n\t\t\t\t#gallery-2 .gallery-item {\n\t\t\t\t\tfloat: left;\n\t\t\t\t\tmargin-top: 10px;\n\t\t\t\t\ttext-align: center;\n\t\t\t\t\twidth: 25%;\n\t\t\t\t}\n\t\t\t\t#gallery-2 img {\n\t\t\t\t\tborder: 2px solid #cfcfcf;\n\t\t\t\t}\n\t\t\t\t#gallery-2 .gallery-caption {\n\t\t\t\t\tmargin-left: 0;\n\t\t\t\t}\n\t\t\t\t\/* see gallery_shortcode() in wp-includes\/media.php *\/\n\t\t\t<\/style>\n\t\t<div id='gallery-2' class='dt-gallery-container gallery galleryid-228349 gallery-columns-4 gallery-size-thumbnail'><dl class='gallery-item'>\n\t\t\t\t<dt class='gallery-icon landscape'>\n\t\t\t\t\t<a class=\"rollover rollover-zoom dt-pswp-item\" title=\"ba40546c-8882-4200-a954-a14788acb958\" data-dt-img-description=\"\" data-large_image_width=\"2000\" data-large_image_height=\"1496\"href='https:\/\/www.radiopiu.net\/wordpress\/wp-content\/uploads\/2021\/08\/ba40546c-8882-4200-a954-a14788acb958.jpg'><img loading=\"lazy\" decoding=\"async\" width=\"150\" height=\"150\" src=\"https:\/\/www.radiopiu.net\/wordpress\/wp-content\/uploads\/2021\/08\/ba40546c-8882-4200-a954-a14788acb958-150x150.jpg\" class=\"attachment-thumbnail size-thumbnail\" alt=\"\" \/><\/a>\n\t\t\t\t<\/dt><\/dl><dl class='gallery-item'>\n\t\t\t\t<dt class='gallery-icon landscape'>\n\t\t\t\t\t<a class=\"rollover rollover-zoom dt-pswp-item\" title=\"3b3b5e87-b2bd-4a43-a110-e83114885c02\" data-dt-img-description=\"\" data-large_image_width=\"2000\" data-large_image_height=\"1496\"href='https:\/\/www.radiopiu.net\/wordpress\/wp-content\/uploads\/2021\/08\/3b3b5e87-b2bd-4a43-a110-e83114885c02.jpg'><img loading=\"lazy\" decoding=\"async\" width=\"150\" height=\"150\" src=\"https:\/\/www.radiopiu.net\/wordpress\/wp-content\/uploads\/2021\/08\/3b3b5e87-b2bd-4a43-a110-e83114885c02-150x150.jpg\" class=\"attachment-thumbnail size-thumbnail\" alt=\"\" \/><\/a>\n\t\t\t\t<\/dt><\/dl><dl class='gallery-item'>\n\t\t\t\t<dt class='gallery-icon landscape'>\n\t\t\t\t\t<a class=\"rollover rollover-zoom dt-pswp-item\" title=\"720e3f6c-edfe-4ac6-af4e-ee64692f20b6\" data-dt-img-description=\"\" data-large_image_width=\"2000\" data-large_image_height=\"1496\"href='https:\/\/www.radiopiu.net\/wordpress\/wp-content\/uploads\/2021\/08\/720e3f6c-edfe-4ac6-af4e-ee64692f20b6.jpg'><img loading=\"lazy\" decoding=\"async\" width=\"150\" height=\"150\" src=\"https:\/\/www.radiopiu.net\/wordpress\/wp-content\/uploads\/2021\/08\/720e3f6c-edfe-4ac6-af4e-ee64692f20b6-150x150.jpg\" class=\"attachment-thumbnail size-thumbnail\" alt=\"\" \/><\/a>\n\t\t\t\t<\/dt><\/dl><dl class='gallery-item'>\n\t\t\t\t<dt class='gallery-icon landscape'>\n\t\t\t\t\t<a class=\"rollover rollover-zoom dt-pswp-item\" title=\"8b98d5eb-a69f-47d7-a7f7-ba91463ee335\" data-dt-img-description=\"\" data-large_image_width=\"2000\" data-large_image_height=\"1496\"href='https:\/\/www.radiopiu.net\/wordpress\/wp-content\/uploads\/2021\/08\/8b98d5eb-a69f-47d7-a7f7-ba91463ee335.jpg'><img loading=\"lazy\" decoding=\"async\" width=\"150\" height=\"150\" src=\"https:\/\/www.radiopiu.net\/wordpress\/wp-content\/uploads\/2021\/08\/8b98d5eb-a69f-47d7-a7f7-ba91463ee335-150x150.jpg\" class=\"attachment-thumbnail size-thumbnail\" alt=\"\" \/><\/a>\n\t\t\t\t<\/dt><\/dl><br style=\"clear: both\" \/>\n\t\t\t<\/div>\n\n<hr \/>\n<p>&nbsp;<\/p>\n<blockquote>\n<h3>PRIMA NOTTE SENZA FURTI NEL FELTRINO, I GIORNI DIFFICILI DI RIVAI<\/h3>\n<p><strong>ARSIE&#8217; <\/strong>Non capitava da un po&#8217;, un&#8217;intera notte senza furti, tentativi di scasso, paura. Ma prima di arrivare a questo ci sono state cinque notti consecutive di baraonda, con furti nelle abitazioni, avvistamenti di persone sospette, inseguimenti, notti in bianco dei cittadini che si sono prestati a stare in strada per controllare la situazione, chiamate al 112 e interventi dei carabinieri, sembra che l&#8217;allarme furti sia rientrato.\u00a0 Le forze ordine continuano ad essere presenti e continuano i volontari a farsi passeggiate in paese, pronti a segnalare al 112 eventuali sospetti.<\/p><\/blockquote>\n<p>&nbsp;<\/p>\n<p>&nbsp;<\/p>\n<hr \/>\n<blockquote>\n<h3><\/h3>\n<h3>BAITA DISTRUTTA IN CADORE,\u00a0 IMPEGNATIVO INTERVENTO PER I VIGILI DEL FUOCO<\/h3>\n<\/blockquote>\n<div class=\"col-md-9\">\n<div><strong>SANTO STEFANO DI CADORE<\/strong> Iniziato all&#8217;alba di ieri e terminato nel primo pomeriggio l&#8217;intervento dei Vigili del fuoco a Santo Stefano di Cadore per l&#8217;incendio di una baita. Le tre squadre intervenute hanno contenuto le fiamme alla solo struttura in legno, evitando il coinvolgimento di un vicino bosco.<\/div>\n<\/div>\n<div><\/div>\n<div><\/div>\n<div>\n<div style=\"width: 1200px;\" class=\"wp-video\"><video class=\"wp-video-shortcode\" id=\"video-228349-1\" width=\"1200\" height=\"675\" preload=\"metadata\" controls=\"controls\"><source type=\"video\/mp4\" src=\"https:\/\/www.radiopiu.net\/wordpress\/wp-content\/uploads\/2021\/08\/ae985aa_02.mp4?_=1\" \/><a href=\"https:\/\/www.radiopiu.net\/wordpress\/wp-content\/uploads\/2021\/08\/ae985aa_02.mp4\">https:\/\/www.radiopiu.net\/wordpress\/wp-content\/uploads\/2021\/08\/ae985aa_02.mp4<\/a><\/video><\/div>\n<p>&nbsp;<\/p>\n<p>&nbsp;<\/p>\n<hr \/>\n<p>&nbsp;<\/p>\n<blockquote>\n<h3>IL POCO RISPETTO DELLA NUOVA GENERAZIONE PER IL PATRIMONIO COMUNE<\/h3>\n<p>di Mirko Mezzacasa<\/p><\/blockquote>\n<p><strong>TAIBON<\/strong> Una volta a scuola si studiava \u201c<em>educazione ci<\/em>vica\u201d, che dava i primi rudimenti di civismo ai bambini della scuola dell\u2019obbligo. Si imparava i\u00a0 genitori ripetevano pi\u00f9 volte la lezione, a volte anche con una man rovescia se necessario. Chiss\u00e0 se si insegna ancora, l&#8217;educazione civica non il man rovescio. Viene il dubbio che se \u00e8 ancora materia di studio,\u00a0 venga impartita in modo non corretto e convincente. Il dubbio sorge passeggiando sul tappeto in sintetico del campo sportivo del paese in gestione del Gruppo Sportivo: mozziconi di sigarette, scatole\u00a0 di biscotti vuote, contenitori di oggetti legati al sesso,\u00a0 pezzi di plastica informe e sacchettini, a volte bottiglie e lattine vuote\u00a0 l\u00ec gettate con incuria e disprezzo. Qualche volta addirittura a mezzo metro dal contenitore delle immondizie apposito. Triste constatarlo perch\u00e9 quel campo desiderato dalle generazioni che non lo hanno mai avuto, \u00e8 stato fortemente voluto dagli amministratori e da chi si prodiga nel volontariato sportivo. Impegni importanti anche a livello finanziario, oggi il campo in sintetico c&#8217;\u00e8. Ed \u00e8 aperto a tutti, lo ha deciso il Gruppo Sportivo di Taibon eccetto nei raduni, nelle partite, negli allenamenti delle squadre dell&#8217;Agordina Calcio o del Gruppo Sportivo o per altri eventi particolari. Ma \u00e8 sempre aperto. I giovani ringraziano travolgendo le reti di recinzione dietro la porta, nell&#8217;angolo pi\u00f9 nascosto dove nessuno vede e abbandona rifiuti ovunque. I mini vandali agiscono con determinazione e vigliaccamente perch\u00e9 sanno che le telecamere che danno sul sintetico sono di vecchia generazione, che non permettono una visione totale e un riconoscimento facciale che possa risultare utile. Il Gruppo Sportivo di Taibon da tempo ha sollevato il problema all&#8217;amministrazione comunale che di telecamere ne ha messe un po&#8217; ovunque in paese, quelle pi\u00f9 datate dovranno per\u00f2 essere sistematicamente sostituite come nel caso del &#8220;grande fratello&#8221; che guarda il campo sportivo principale, qui l&#8217;occhio \u00e8 vigile e le immagini nitide, il campo \u00e8 in perfetto ordine e non ci sono segni di vandalismi.<\/p>\n\n\t\t\t<style type='text\/css'>\n\t\t\t\t#gallery-3 {\n\t\t\t\t\tmargin: auto;\n\t\t\t\t}\n\t\t\t\t#gallery-3 .gallery-item {\n\t\t\t\t\tfloat: left;\n\t\t\t\t\tmargin-top: 10px;\n\t\t\t\t\ttext-align: center;\n\t\t\t\t\twidth: 20%;\n\t\t\t\t}\n\t\t\t\t#gallery-3 img {\n\t\t\t\t\tborder: 2px solid #cfcfcf;\n\t\t\t\t}\n\t\t\t\t#gallery-3 .gallery-caption {\n\t\t\t\t\tmargin-left: 0;\n\t\t\t\t}\n\t\t\t\t\/* see gallery_shortcode() in wp-includes\/media.php *\/\n\t\t\t<\/style>\n\t\t<div id='gallery-3' class='dt-gallery-container gallery galleryid-228349 gallery-columns-5 gallery-size-thumbnail'><dl class='gallery-item'>\n\t\t\t\t<dt class='gallery-icon landscape'>\n\t\t\t\t\t<a class=\"rollover rollover-zoom dt-pswp-item\" title=\"4601d779-c86b-4829-aaa2-8a105483cbb5\" data-dt-img-description=\"\" data-large_image_width=\"1920\" data-large_image_height=\"1080\"href='https:\/\/www.radiopiu.net\/wordpress\/wp-content\/uploads\/2021\/08\/4601d779-c86b-4829-aaa2-8a105483cbb5-1.jpg'><img loading=\"lazy\" decoding=\"async\" width=\"150\" height=\"150\" src=\"https:\/\/www.radiopiu.net\/wordpress\/wp-content\/uploads\/2021\/08\/4601d779-c86b-4829-aaa2-8a105483cbb5-1-150x150.jpg\" class=\"attachment-thumbnail size-thumbnail\" alt=\"\" \/><\/a>\n\t\t\t\t<\/dt><\/dl><dl class='gallery-item'>\n\t\t\t\t<dt class='gallery-icon landscape'>\n\t\t\t\t\t<a class=\"rollover rollover-zoom dt-pswp-item\" title=\"ad8a8b97-6e0d-40fc-8a8a-7fef54957934\" data-dt-img-description=\"\" data-large_image_width=\"1920\" data-large_image_height=\"1080\"href='https:\/\/www.radiopiu.net\/wordpress\/wp-content\/uploads\/2021\/08\/ad8a8b97-6e0d-40fc-8a8a-7fef54957934.jpg'><img loading=\"lazy\" decoding=\"async\" width=\"150\" height=\"150\" src=\"https:\/\/www.radiopiu.net\/wordpress\/wp-content\/uploads\/2021\/08\/ad8a8b97-6e0d-40fc-8a8a-7fef54957934-150x150.jpg\" class=\"attachment-thumbnail size-thumbnail\" alt=\"\" \/><\/a>\n\t\t\t\t<\/dt><\/dl><dl class='gallery-item'>\n\t\t\t\t<dt class='gallery-icon landscape'>\n\t\t\t\t\t<a class=\"rollover rollover-zoom dt-pswp-item\" title=\"53caba52-fab8-463b-a66e-34a150966430\" data-dt-img-description=\"\" data-large_image_width=\"1920\" data-large_image_height=\"1080\"href='https:\/\/www.radiopiu.net\/wordpress\/wp-content\/uploads\/2021\/08\/53caba52-fab8-463b-a66e-34a150966430.jpg'><img loading=\"lazy\" decoding=\"async\" width=\"150\" height=\"150\" src=\"https:\/\/www.radiopiu.net\/wordpress\/wp-content\/uploads\/2021\/08\/53caba52-fab8-463b-a66e-34a150966430-150x150.jpg\" class=\"attachment-thumbnail size-thumbnail\" alt=\"\" \/><\/a>\n\t\t\t\t<\/dt><\/dl><dl class='gallery-item'>\n\t\t\t\t<dt class='gallery-icon landscape'>\n\t\t\t\t\t<a class=\"rollover rollover-zoom dt-pswp-item\" title=\"b856a854-d29c-4e8e-b84e-226c615d97d6\" data-dt-img-description=\"\" data-large_image_width=\"1920\" data-large_image_height=\"1080\"href='https:\/\/www.radiopiu.net\/wordpress\/wp-content\/uploads\/2021\/08\/b856a854-d29c-4e8e-b84e-226c615d97d6-1.jpg'><img loading=\"lazy\" decoding=\"async\" width=\"150\" height=\"150\" src=\"https:\/\/www.radiopiu.net\/wordpress\/wp-content\/uploads\/2021\/08\/b856a854-d29c-4e8e-b84e-226c615d97d6-1-150x150.jpg\" class=\"attachment-thumbnail size-thumbnail\" alt=\"\" \/><\/a>\n\t\t\t\t<\/dt><\/dl><dl class='gallery-item'>\n\t\t\t\t<dt class='gallery-icon landscape'>\n\t\t\t\t\t<a class=\"rollover rollover-zoom dt-pswp-item\" title=\"4cde9e37-d9d9-4152-acaf-c52c48c82ef1\" data-dt-img-description=\"\" data-large_image_width=\"1920\" data-large_image_height=\"1080\"href='https:\/\/www.radiopiu.net\/wordpress\/wp-content\/uploads\/2021\/08\/4cde9e37-d9d9-4152-acaf-c52c48c82ef1.jpg'><img loading=\"lazy\" decoding=\"async\" width=\"150\" height=\"150\" src=\"https:\/\/www.radiopiu.net\/wordpress\/wp-content\/uploads\/2021\/08\/4cde9e37-d9d9-4152-acaf-c52c48c82ef1-150x150.jpg\" class=\"attachment-thumbnail size-thumbnail\" alt=\"\" \/><\/a>\n\t\t\t\t<\/dt><\/dl><br style=\"clear: both\" \/><dl class='gallery-item'>\n\t\t\t\t<dt class='gallery-icon landscape'>\n\t\t\t\t\t<a class=\"rollover rollover-zoom dt-pswp-item\" title=\"d29742ce-d63c-4067-9356-f92668d9a1f2\" data-dt-img-description=\"\" data-large_image_width=\"1920\" data-large_image_height=\"1080\"href='https:\/\/www.radiopiu.net\/wordpress\/wp-content\/uploads\/2021\/08\/d29742ce-d63c-4067-9356-f92668d9a1f2.jpg'><img loading=\"lazy\" decoding=\"async\" width=\"150\" height=\"150\" src=\"https:\/\/www.radiopiu.net\/wordpress\/wp-content\/uploads\/2021\/08\/d29742ce-d63c-4067-9356-f92668d9a1f2-150x150.jpg\" class=\"attachment-thumbnail size-thumbnail\" alt=\"\" \/><\/a>\n\t\t\t\t<\/dt><\/dl><dl class='gallery-item'>\n\t\t\t\t<dt class='gallery-icon portrait'>\n\t\t\t\t\t<a class=\"rollover rollover-zoom dt-pswp-item\" title=\"e8da7cce-d5ae-46f7-9cb3-214bcc5dfc9d\" data-dt-img-description=\"\" data-large_image_width=\"1080\" data-large_image_height=\"1920\"href='https:\/\/www.radiopiu.net\/wordpress\/wp-content\/uploads\/2021\/08\/e8da7cce-d5ae-46f7-9cb3-214bcc5dfc9d.jpg'><img loading=\"lazy\" decoding=\"async\" width=\"150\" height=\"150\" src=\"https:\/\/www.radiopiu.net\/wordpress\/wp-content\/uploads\/2021\/08\/e8da7cce-d5ae-46f7-9cb3-214bcc5dfc9d-150x150.jpg\" class=\"attachment-thumbnail size-thumbnail\" alt=\"\" \/><\/a>\n\t\t\t\t<\/dt><\/dl><dl class='gallery-item'>\n\t\t\t\t<dt class='gallery-icon portrait'>\n\t\t\t\t\t<a class=\"rollover rollover-zoom dt-pswp-item\" title=\"eb35bed3-bb89-4f53-80cb-16c694acc606\" data-dt-img-description=\"\" data-large_image_width=\"1080\" data-large_image_height=\"1920\"href='https:\/\/www.radiopiu.net\/wordpress\/wp-content\/uploads\/2021\/08\/eb35bed3-bb89-4f53-80cb-16c694acc606.jpg'><img loading=\"lazy\" decoding=\"async\" width=\"150\" height=\"150\" src=\"https:\/\/www.radiopiu.net\/wordpress\/wp-content\/uploads\/2021\/08\/eb35bed3-bb89-4f53-80cb-16c694acc606-150x150.jpg\" class=\"attachment-thumbnail size-thumbnail\" alt=\"\" \/><\/a>\n\t\t\t\t<\/dt><\/dl><dl class='gallery-item'>\n\t\t\t\t<dt class='gallery-icon landscape'>\n\t\t\t\t\t<a class=\"rollover rollover-zoom dt-pswp-item\" title=\"519a8268-288f-4900-91ed-af1843bb7c92\" data-dt-img-description=\"\" data-large_image_width=\"1920\" data-large_image_height=\"1080\"href='https:\/\/www.radiopiu.net\/wordpress\/wp-content\/uploads\/2021\/08\/519a8268-288f-4900-91ed-af1843bb7c92.jpg'><img loading=\"lazy\" decoding=\"async\" width=\"150\" height=\"150\" src=\"https:\/\/www.radiopiu.net\/wordpress\/wp-content\/uploads\/2021\/08\/519a8268-288f-4900-91ed-af1843bb7c92-150x150.jpg\" class=\"attachment-thumbnail size-thumbnail\" alt=\"\" \/><\/a>\n\t\t\t\t<\/dt><\/dl><dl class='gallery-item'>\n\t\t\t\t<dt class='gallery-icon landscape'>\n\t\t\t\t\t<a class=\"rollover rollover-zoom dt-pswp-item\" title=\"394d6eaf-b7cb-4aba-912d-6923e33c182b\" data-dt-img-description=\"\" data-large_image_width=\"1920\" data-large_image_height=\"1080\"href='https:\/\/www.radiopiu.net\/wordpress\/wp-content\/uploads\/2021\/08\/394d6eaf-b7cb-4aba-912d-6923e33c182b.jpg'><img loading=\"lazy\" decoding=\"async\" width=\"150\" height=\"150\" src=\"https:\/\/www.radiopiu.net\/wordpress\/wp-content\/uploads\/2021\/08\/394d6eaf-b7cb-4aba-912d-6923e33c182b-150x150.jpg\" class=\"attachment-thumbnail size-thumbnail\" alt=\"\" \/><\/a>\n\t\t\t\t<\/dt><\/dl><br style=\"clear: both\" \/>\n\t\t\t<\/div>\n\n<p>dal Corriere delle Alpi<\/p>\n<p><strong>di Gianni Santomaso<\/strong><\/p>\n<audio class=\"wp-audio-shortcode\" id=\"audio-228349-1\" preload=\"none\" style=\"width: 100%;\" controls=\"controls\"><source type=\"audio\/mpeg\" src=\"https:\/\/www.radiopiu.net\/wordpress\/wp-content\/uploads\/2021\/08\/GIANNI-CAMPO-SINTETICO-TAIBON.mp3?_=1\" \/><a href=\"https:\/\/www.radiopiu.net\/wordpress\/wp-content\/uploads\/2021\/08\/GIANNI-CAMPO-SINTETICO-TAIBON.mp3\">https:\/\/www.radiopiu.net\/wordpress\/wp-content\/uploads\/2021\/08\/GIANNI-CAMPO-SINTETICO-TAIBON.mp3<\/a><\/audio>\n<\/div>\n<div class=\"col-md-9\">\n<div><\/div>\n<\/div>\n<hr \/>\n<p>&nbsp;<\/p>\n<blockquote>\n<h3>DILLO A RADIO PIU&#8217;&#8230;.SELVA DI CADORE L&#8217;ESEMPIO DELLA SCONFITTA DELLA MONTAGNA<\/h3>\n<\/blockquote>\n<p><strong><a href=\"https:\/\/www.radiopiu.net\/wordpress\/dillo-a-radio-piu-selva-di-cadore-lesempio-della-sconfitta-della-montagna\/speech-2759550_960_720\/\" rel=\"attachment wp-att-228554\"><img loading=\"lazy\" decoding=\"async\" class=\"size-medium wp-image-228554 alignright\" src=\"https:\/\/www.radiopiu.net\/wordpress\/wp-content\/uploads\/2021\/08\/speech-2759550_960_720-300x212.png\" alt=\"\" width=\"300\" height=\"212\" srcset=\"https:\/\/www.radiopiu.net\/wordpress\/wp-content\/uploads\/2021\/08\/speech-2759550_960_720-300x212.png 300w, https:\/\/www.radiopiu.net\/wordpress\/wp-content\/uploads\/2021\/08\/speech-2759550_960_720-768x542.png 768w, https:\/\/www.radiopiu.net\/wordpress\/wp-content\/uploads\/2021\/08\/speech-2759550_960_720.png 960w\" sizes=\"auto, (max-width: 300px) 100vw, 300px\" \/><\/a>Cara Radio Pi\u00f9&#8230;. La riflessione di Claudio Pra<\/strong><\/p>\n<blockquote><p>\u00a0 \u00a0 \u00a0 \u00a0 \u00a0 \u00a0 \u00a0 \u00a0 \u00a0 \u00a0 \u00a0 \u00a0 \u00a0 \u00a0 \u00a0 \u00a0 \u00a0 \u00a0 \u00a0 \u00a0 \u00a0 \u00a0 \u00a0 <em>\u00a0 \u00a0 &#8220;La notizia della candidatura a sindaco, a Selva di Cadore, di un imprenditore di S. Don\u00e0 di Piave gestore di un hotel, che annuncia una lista composta da alcuni locali e proprietari di seconde case, fa riflettere. Al di l\u00e0 del fatto che le intenzioni possano essere le migliori, c&#8217;\u00e8 da augurarsi che gli abitanti di Selva tirino fuori l&#8217;orgoglio e compongano a loro volta una lista. Delegare l&#8217;amministrazione del loro Comune a gente comunque venuta da fuori sarebbe l&#8217;ennesima sconfitta della montagna.\u00a0<\/em><\/p><\/blockquote>\n<p><strong>Cara Radio Pi\u00f9&#8230;La riflessione di Tiziano De Col<\/strong><\/p>\n<blockquote><p><em>\u00a0 \u00a0 \u00a0 \u00a0 \u00a0 \u00a0 \u00a0 \u00a0 \u00a0 \u00a0 \u00a0 \u00a0 \u00a0 \u00a0 \u00a0 \u00a0 \u00a0 \u00a0 \u00a0 \u00a0 \u00a0 \u00a0 \u00a0 \u00a0 \u00a0 \u00a0 \u00a0 \u00a0 \u00a0 \u00a0&#8220;A lezione dai &#8220;foresti&#8221;\u00a0 con un plauso a loro che si mettono in gioco, ma\u00a0 tutto questo \u00e8 triste. \u00a0Contenti i &#8220;locali&#8221;\u00a0 probabilmente, soprattutto coloro che hanno messo alla berlina chi non la pensava nello stesso modo e gli esempi di sindaci che hanno gettato la spugna non mancano&#8221;.\u00a0\u00a0<\/em><\/p><\/blockquote>\n<p><strong>OGGI ALLA RADIO DI GIANNI SANTOMASO, IL CANDIDATO\u00a0<\/strong><\/p>\n<audio class=\"wp-audio-shortcode\" id=\"audio-228349-2\" preload=\"none\" style=\"width: 100%;\" controls=\"controls\"><source type=\"audio\/mpeg\" src=\"https:\/\/www.radiopiu.net\/wordpress\/wp-content\/uploads\/2021\/08\/GIANNI-CANDIDATO-SINDACO-SELVA.mp3?_=2\" \/><a href=\"https:\/\/www.radiopiu.net\/wordpress\/wp-content\/uploads\/2021\/08\/GIANNI-CANDIDATO-SINDACO-SELVA.mp3\">https:\/\/www.radiopiu.net\/wordpress\/wp-content\/uploads\/2021\/08\/GIANNI-CANDIDATO-SINDACO-SELVA.mp3<\/a><\/audio>\n<p><strong>\u00a0<\/strong><\/p>\n<p><strong>IERI ALLA RADIO DI GIANNI SAN TOMASO, L&#8217;EX CANDIDATA<\/strong><\/p>\n<audio class=\"wp-audio-shortcode\" id=\"audio-228349-3\" preload=\"none\" style=\"width: 100%;\" controls=\"controls\"><source type=\"audio\/mpeg\" src=\"https:\/\/www.radiopiu.net\/wordpress\/wp-content\/uploads\/2021\/08\/GIANNI-ELEZIONI-SELVA.mp3?_=3\" \/><a href=\"https:\/\/www.radiopiu.net\/wordpress\/wp-content\/uploads\/2021\/08\/GIANNI-ELEZIONI-SELVA.mp3\">https:\/\/www.radiopiu.net\/wordpress\/wp-content\/uploads\/2021\/08\/GIANNI-ELEZIONI-SELVA.mp3<\/a><\/audio>\n<p>&nbsp;<\/p>\n<hr \/>\n<p>&nbsp;<\/p>\n<blockquote>\n<h3>LA PROTESTA DI UNA VILLEGGIANTE: &#8220;L&#8217;AUTISTA DELLA DOLOMITIBUS NON MI HA AIUTATO A SALIRE SUL MEZZO&#8221;<\/h3>\n<\/blockquote>\n<p><strong><a href=\"https:\/\/www.radiopiu.net\/wordpress\/giornale-radiopiu-18-giugno-2020-direttore-mirko-mezzacasa\/4b299438-d3cd-4953-bb41-b739ff3291f9\/\" rel=\"attachment wp-att-144900\"><img loading=\"lazy\" decoding=\"async\" class=\" wp-image-144900 alignleft\" src=\"https:\/\/www.radiopiu.net\/wordpress\/wp-content\/uploads\/2020\/06\/4b299438-d3cd-4953-bb41-b739ff3291f9-300x225.jpg\" alt=\"\" width=\"209\" height=\"157\" srcset=\"https:\/\/www.radiopiu.net\/wordpress\/wp-content\/uploads\/2020\/06\/4b299438-d3cd-4953-bb41-b739ff3291f9-300x225.jpg 300w, https:\/\/www.radiopiu.net\/wordpress\/wp-content\/uploads\/2020\/06\/4b299438-d3cd-4953-bb41-b739ff3291f9-1024x768.jpg 1024w, https:\/\/www.radiopiu.net\/wordpress\/wp-content\/uploads\/2020\/06\/4b299438-d3cd-4953-bb41-b739ff3291f9-768x576.jpg 768w, https:\/\/www.radiopiu.net\/wordpress\/wp-content\/uploads\/2020\/06\/4b299438-d3cd-4953-bb41-b739ff3291f9-1536x1152.jpg 1536w, https:\/\/www.radiopiu.net\/wordpress\/wp-content\/uploads\/2020\/06\/4b299438-d3cd-4953-bb41-b739ff3291f9.jpg 2048w\" sizes=\"auto, (max-width: 209px) 100vw, 209px\" \/><\/a>VALLE DEL BIOIS<\/strong><\/p>\n<p>Di Gianni Santomaso<\/p>\n<audio class=\"wp-audio-shortcode\" id=\"audio-228349-4\" preload=\"none\" style=\"width: 100%;\" controls=\"controls\"><source type=\"audio\/mpeg\" src=\"https:\/\/www.radiopiu.net\/wordpress\/wp-content\/uploads\/2021\/08\/GIANNI-DOLOMITIBUS-PROTESTA.mp3?_=4\" \/><a href=\"https:\/\/www.radiopiu.net\/wordpress\/wp-content\/uploads\/2021\/08\/GIANNI-DOLOMITIBUS-PROTESTA.mp3\">https:\/\/www.radiopiu.net\/wordpress\/wp-content\/uploads\/2021\/08\/GIANNI-DOLOMITIBUS-PROTESTA.mp3<\/a><\/audio>\n<p>&nbsp;<\/p>\n<hr \/>\n<p>&nbsp;<\/p>\n<blockquote>\n<h3>BANDO ACCOGLIENZA, CI SAREBBE UNA COOPERATIVA SOCIALE CHE HA RISPOSTO<\/h3>\n<\/blockquote>\n<p><strong><a href=\"https:\/\/www.radiopiu.net\/wordpress\/bando-accoglienza-ci-sarebbe-una-cooperativa-sociale-che-ha-risposto\/refugee-991232__340\/\" rel=\"attachment wp-att-228589\"><img loading=\"lazy\" decoding=\"async\" class=\"size-medium wp-image-228589 alignleft\" src=\"https:\/\/www.radiopiu.net\/wordpress\/wp-content\/uploads\/2021\/08\/refugee-991232__340-300x121.webp\" alt=\"\" width=\"300\" height=\"121\" srcset=\"https:\/\/www.radiopiu.net\/wordpress\/wp-content\/uploads\/2021\/08\/refugee-991232__340-300x121.webp 300w, https:\/\/www.radiopiu.net\/wordpress\/wp-content\/uploads\/2021\/08\/refugee-991232__340-768x310.webp 768w, https:\/\/www.radiopiu.net\/wordpress\/wp-content\/uploads\/2021\/08\/refugee-991232__340.webp 841w\" sizes=\"auto, (max-width: 300px) 100vw, 300px\" \/><\/a>BELLUNO<\/strong>\u00a0 Un recente bando della Prefettura di Belluno sembra andato deserto. In realt\u00e0, approfondendo la questione, c\u2019\u00e8 una cooperativa sociale che ha risposto. Quindi, probabilmente il servizio proseguir\u00e0 in capo alla citata Coop. &#8220;Colpisce l\u2019esultanza del deputato bellunese Mirco Badole, il quale commenta la scarso interesse per gli appalti di questo tipo, chiosando <em>Finalmente \u00e8 finito il business della gestione degli immigrati &#8211;<\/em> dice dalla CGIL FP Andrea Fiocco &#8211;\u00a0 Sar\u00e0 anche vero che c\u2019\u00e8 poco appeal per bandi di questo tipo, e che ora le cooperative sociali stanno allargando pi\u00f9 su altri temi i loro orizzonti, ma dire che il business \u00e8 finito rivela una visione politica piuttosto limitata e viziata da chiari interessi di consenso&#8221;.<\/p>\n<p><strong>ALLA RADIO, ANDREA FIOCCO\u00a0<\/strong><\/p>\n<audio class=\"wp-audio-shortcode\" id=\"audio-228349-5\" preload=\"none\" style=\"width: 100%;\" controls=\"controls\"><source type=\"audio\/mpeg\" src=\"https:\/\/www.radiopiu.net\/wordpress\/wp-content\/uploads\/2021\/08\/Bando-immigrati-deserto-CGIL.mp3?_=5\" \/><a href=\"https:\/\/www.radiopiu.net\/wordpress\/wp-content\/uploads\/2021\/08\/Bando-immigrati-deserto-CGIL.mp3\">https:\/\/www.radiopiu.net\/wordpress\/wp-content\/uploads\/2021\/08\/Bando-immigrati-deserto-CGIL.mp3<\/a><\/audio>\n<p>&nbsp;<\/p>\n<p><strong>IERI ALLA RADIO IL DEPUTATO MIRCO BADOLE\u00a0<\/strong><\/p>\n<audio class=\"wp-audio-shortcode\" id=\"audio-228349-6\" preload=\"none\" style=\"width: 100%;\" controls=\"controls\"><source type=\"audio\/mpeg\" src=\"https:\/\/www.radiopiu.net\/wordpress\/wp-content\/uploads\/2021\/08\/Migranti-Badole.mp3?_=6\" \/><a href=\"https:\/\/www.radiopiu.net\/wordpress\/wp-content\/uploads\/2021\/08\/Migranti-Badole.mp3\">https:\/\/www.radiopiu.net\/wordpress\/wp-content\/uploads\/2021\/08\/Migranti-Badole.mp3<\/a><\/audio>\n<p>&nbsp;<\/p>\n<p>&nbsp;<\/p>\n<p>&nbsp;<\/p>\n<hr \/>\n<p>&nbsp;<\/p>\n<blockquote class=\"wp-embedded-content\" data-secret=\"5uVoFwVpQY\"><p><a href=\"https:\/\/www.radiopiu.net\/wordpress\/aggiornamentoago19\/\">CORONAVIRUS: AGGIORNAMENTO NAZIONALE 19 AGOSTO  2021<\/a><\/p><\/blockquote>\n<p><iframe loading=\"lazy\" class=\"wp-embedded-content\" sandbox=\"allow-scripts\" security=\"restricted\" style=\"position: absolute; clip: rect(1px, 1px, 1px, 1px);\" title=\"&#8220;CORONAVIRUS: AGGIORNAMENTO NAZIONALE 19 AGOSTO  2021&#8221; &#8212; Radio Pi\u00f9\" src=\"https:\/\/www.radiopiu.net\/wordpress\/aggiornamentoago19\/embed\/#?secret=5uVoFwVpQY\" data-secret=\"5uVoFwVpQY\" width=\"600\" height=\"338\" frameborder=\"0\" marginwidth=\"0\" marginheight=\"0\" scrolling=\"no\"><\/iframe><\/p>\n<p>&nbsp;<\/p>\n<blockquote class=\"wp-embedded-content\" data-secret=\"F8YPAXeFgg\"><p><a href=\"https:\/\/www.radiopiu.net\/wordpress\/nuovooggia1\/\">SUPERATI I 22MILA CASI A BELLUNO, IN VENETO 588 POSITIVI, UN DECESSO<\/a><\/p><\/blockquote>\n<p><iframe loading=\"lazy\" class=\"wp-embedded-content\" sandbox=\"allow-scripts\" security=\"restricted\" style=\"position: absolute; clip: rect(1px, 1px, 1px, 1px);\" title=\"&#8220;SUPERATI I 22MILA CASI A BELLUNO, IN VENETO 588 POSITIVI, UN DECESSO&#8221; &#8212; Radio Pi\u00f9\" src=\"https:\/\/www.radiopiu.net\/wordpress\/nuovooggia1\/embed\/#?secret=F8YPAXeFgg\" data-secret=\"F8YPAXeFgg\" width=\"600\" height=\"338\" frameborder=\"0\" marginwidth=\"0\" marginheight=\"0\" scrolling=\"no\"><\/iframe><\/p>\n<p>&nbsp;<\/p>\n<blockquote>\n<h3>I GRAFICI DI TIZIANO DE COL<\/h3>\n<\/blockquote>\n\n\t\t\t<style type='text\/css'>\n\t\t\t\t#gallery-4 {\n\t\t\t\t\tmargin: auto;\n\t\t\t\t}\n\t\t\t\t#gallery-4 .gallery-item {\n\t\t\t\t\tfloat: left;\n\t\t\t\t\tmargin-top: 10px;\n\t\t\t\t\ttext-align: center;\n\t\t\t\t\twidth: 20%;\n\t\t\t\t}\n\t\t\t\t#gallery-4 img {\n\t\t\t\t\tborder: 2px solid #cfcfcf;\n\t\t\t\t}\n\t\t\t\t#gallery-4 .gallery-caption {\n\t\t\t\t\tmargin-left: 0;\n\t\t\t\t}\n\t\t\t\t\/* see gallery_shortcode() in wp-includes\/media.php *\/\n\t\t\t<\/style>\n\t\t<div id='gallery-4' class='dt-gallery-container gallery galleryid-228349 gallery-columns-5 gallery-size-thumbnail'><dl class='gallery-item'>\n\t\t\t\t<dt class='gallery-icon landscape'>\n\t\t\t\t\t<a class=\"rollover rollover-zoom dt-pswp-item\" title=\"9a20e383-e09f-4115-8bf4-1c000acd204b\" data-dt-img-description=\"\" data-large_image_width=\"587\" data-large_image_height=\"356\"href='https:\/\/www.radiopiu.net\/wordpress\/wp-content\/uploads\/2021\/08\/9a20e383-e09f-4115-8bf4-1c000acd204b.jpg'><img loading=\"lazy\" decoding=\"async\" width=\"150\" height=\"150\" src=\"https:\/\/www.radiopiu.net\/wordpress\/wp-content\/uploads\/2021\/08\/9a20e383-e09f-4115-8bf4-1c000acd204b-150x150.jpg\" class=\"attachment-thumbnail size-thumbnail\" alt=\"\" \/><\/a>\n\t\t\t\t<\/dt><\/dl><dl class='gallery-item'>\n\t\t\t\t<dt class='gallery-icon landscape'>\n\t\t\t\t\t<a class=\"rollover rollover-zoom dt-pswp-item\" title=\"8c692ac0-5ef4-435b-bfbc-e9f855e8572f\" data-dt-img-description=\"\" data-large_image_width=\"602\" data-large_image_height=\"349\"href='https:\/\/www.radiopiu.net\/wordpress\/wp-content\/uploads\/2021\/08\/8c692ac0-5ef4-435b-bfbc-e9f855e8572f.jpg'><img loading=\"lazy\" decoding=\"async\" width=\"150\" height=\"150\" src=\"https:\/\/www.radiopiu.net\/wordpress\/wp-content\/uploads\/2021\/08\/8c692ac0-5ef4-435b-bfbc-e9f855e8572f-150x150.jpg\" class=\"attachment-thumbnail size-thumbnail\" alt=\"\" \/><\/a>\n\t\t\t\t<\/dt><\/dl><dl class='gallery-item'>\n\t\t\t\t<dt class='gallery-icon landscape'>\n\t\t\t\t\t<a class=\"rollover rollover-zoom dt-pswp-item\" title=\"61b677ff-d2b6-47f9-8cd3-793dfed147d0\" data-dt-img-description=\"\" data-large_image_width=\"600\" data-large_image_height=\"346\"href='https:\/\/www.radiopiu.net\/wordpress\/wp-content\/uploads\/2021\/08\/61b677ff-d2b6-47f9-8cd3-793dfed147d0.jpg'><img loading=\"lazy\" decoding=\"async\" width=\"150\" height=\"150\" src=\"https:\/\/www.radiopiu.net\/wordpress\/wp-content\/uploads\/2021\/08\/61b677ff-d2b6-47f9-8cd3-793dfed147d0-150x150.jpg\" class=\"attachment-thumbnail size-thumbnail\" alt=\"\" \/><\/a>\n\t\t\t\t<\/dt><\/dl><dl class='gallery-item'>\n\t\t\t\t<dt class='gallery-icon landscape'>\n\t\t\t\t\t<a class=\"rollover rollover-zoom dt-pswp-item\" title=\"1d03a1ce-ca35-42c1-a7bd-d6e5126ad382\" data-dt-img-description=\"\" data-large_image_width=\"610\" data-large_image_height=\"350\"href='https:\/\/www.radiopiu.net\/wordpress\/wp-content\/uploads\/2021\/08\/1d03a1ce-ca35-42c1-a7bd-d6e5126ad382.jpg'><img loading=\"lazy\" decoding=\"async\" width=\"150\" height=\"150\" src=\"https:\/\/www.radiopiu.net\/wordpress\/wp-content\/uploads\/2021\/08\/1d03a1ce-ca35-42c1-a7bd-d6e5126ad382-150x150.jpg\" class=\"attachment-thumbnail size-thumbnail\" alt=\"\" \/><\/a>\n\t\t\t\t<\/dt><\/dl><dl class='gallery-item'>\n\t\t\t\t<dt class='gallery-icon landscape'>\n\t\t\t\t\t<a class=\"rollover rollover-zoom dt-pswp-item\" title=\"4686a9df-6aaf-418e-bb5d-53adac2fa9cd\" data-dt-img-description=\"\" data-large_image_width=\"608\" data-large_image_height=\"354\"href='https:\/\/www.radiopiu.net\/wordpress\/wp-content\/uploads\/2021\/08\/4686a9df-6aaf-418e-bb5d-53adac2fa9cd.jpg'><img loading=\"lazy\" decoding=\"async\" width=\"150\" height=\"150\" src=\"https:\/\/www.radiopiu.net\/wordpress\/wp-content\/uploads\/2021\/08\/4686a9df-6aaf-418e-bb5d-53adac2fa9cd-150x150.jpg\" class=\"attachment-thumbnail size-thumbnail\" alt=\"\" \/><\/a>\n\t\t\t\t<\/dt><\/dl><br style=\"clear: both\" \/>\n\t\t\t<\/div>\n\n<p>&nbsp;<\/p>\n<hr \/>\n<p>&nbsp;<\/p>\n<blockquote>\n<h3>VACCINI SU MISURA PER RAGGIUNGERE I PUNTI PIU&#8217; ISOLATI DEL TERRITORIO. LA CONFERENZA DELL&#8217;ULSS 1 DOLOMITI<\/h3>\n<\/blockquote>\n<p><strong><a href=\"https:\/\/www.radiopiu.net\/wordpress\/giornale-radiopiu-20-agosto-2021-direttore-mirko-mezzacasa\/d396b8a4-d62c-4a25-bf2e-01e21ec5791b\/\" rel=\"attachment wp-att-228515\"><img loading=\"lazy\" decoding=\"async\" class=\"size-medium wp-image-228515 alignleft\" src=\"https:\/\/www.radiopiu.net\/wordpress\/wp-content\/uploads\/2021\/08\/d396b8a4-d62c-4a25-bf2e-01e21ec5791b-300x138.jpg\" alt=\"\" width=\"300\" height=\"138\" srcset=\"https:\/\/www.radiopiu.net\/wordpress\/wp-content\/uploads\/2021\/08\/d396b8a4-d62c-4a25-bf2e-01e21ec5791b-300x138.jpg 300w, https:\/\/www.radiopiu.net\/wordpress\/wp-content\/uploads\/2021\/08\/d396b8a4-d62c-4a25-bf2e-01e21ec5791b-1024x472.jpg 1024w, https:\/\/www.radiopiu.net\/wordpress\/wp-content\/uploads\/2021\/08\/d396b8a4-d62c-4a25-bf2e-01e21ec5791b-768x354.jpg 768w, https:\/\/www.radiopiu.net\/wordpress\/wp-content\/uploads\/2021\/08\/d396b8a4-d62c-4a25-bf2e-01e21ec5791b-1536x708.jpg 1536w, https:\/\/www.radiopiu.net\/wordpress\/wp-content\/uploads\/2021\/08\/d396b8a4-d62c-4a25-bf2e-01e21ec5791b.jpg 1600w\" sizes=\"auto, (max-width: 300px) 100vw, 300px\" \/><\/a>BELLUNO<\/strong><\/p>\n<p>di Moreno Gioli<\/p>\n<audio class=\"wp-audio-shortcode\" id=\"audio-228349-7\" preload=\"none\" style=\"width: 100%;\" controls=\"controls\"><source type=\"audio\/mpeg\" src=\"https:\/\/www.radiopiu.net\/wordpress\/wp-content\/uploads\/2021\/08\/GIOLI-CONFERENZA-ULSS-1.mp3?_=7\" \/><a href=\"https:\/\/www.radiopiu.net\/wordpress\/wp-content\/uploads\/2021\/08\/GIOLI-CONFERENZA-ULSS-1.mp3\">https:\/\/www.radiopiu.net\/wordpress\/wp-content\/uploads\/2021\/08\/GIOLI-CONFERENZA-ULSS-1.mp3<\/a><\/audio>\n<p>&nbsp;<\/p>\n<p><strong>IL DIRETTORE GENERALE DELLA ULSS 1 DOLOMITI MARIA GRAZIA CARRARO<\/strong><\/p>\n<audio class=\"wp-audio-shortcode\" id=\"audio-228349-8\" preload=\"none\" style=\"width: 100%;\" controls=\"controls\"><source type=\"audio\/mpeg\" src=\"https:\/\/www.radiopiu.net\/wordpress\/wp-content\/uploads\/2021\/08\/CARRARO-OGGI-E-UN-ANNO-FA.mp3?_=8\" \/><a href=\"https:\/\/www.radiopiu.net\/wordpress\/wp-content\/uploads\/2021\/08\/CARRARO-OGGI-E-UN-ANNO-FA.mp3\">https:\/\/www.radiopiu.net\/wordpress\/wp-content\/uploads\/2021\/08\/CARRARO-OGGI-E-UN-ANNO-FA.mp3<\/a><\/audio>\n<p>&nbsp;<\/p>\n<p><strong>SANDRO CINQUETTI, SERVIZIO IGIENE E SANITA&#8217; PUBBLICA<\/strong><\/p>\n<audio class=\"wp-audio-shortcode\" id=\"audio-228349-9\" preload=\"none\" style=\"width: 100%;\" controls=\"controls\"><source type=\"audio\/mpeg\" src=\"https:\/\/www.radiopiu.net\/wordpress\/wp-content\/uploads\/2021\/08\/CINQUETTI-E-LE-INIZIATIVE-VACCINALI.mp3?_=9\" \/><a href=\"https:\/\/www.radiopiu.net\/wordpress\/wp-content\/uploads\/2021\/08\/CINQUETTI-E-LE-INIZIATIVE-VACCINALI.mp3\">https:\/\/www.radiopiu.net\/wordpress\/wp-content\/uploads\/2021\/08\/CINQUETTI-E-LE-INIZIATIVE-VACCINALI.mp3<\/a><\/audio>\n<p>&nbsp;<\/p>\n<p><strong>GIANPAOLO RISDONNE, PEDIATRA<\/strong><\/p>\n<audio class=\"wp-audio-shortcode\" id=\"audio-228349-10\" preload=\"none\" style=\"width: 100%;\" controls=\"controls\"><source type=\"audio\/mpeg\" src=\"https:\/\/www.radiopiu.net\/wordpress\/wp-content\/uploads\/2021\/08\/IL-PEDIATRA-RISDONNE.mp3?_=10\" \/><a href=\"https:\/\/www.radiopiu.net\/wordpress\/wp-content\/uploads\/2021\/08\/IL-PEDIATRA-RISDONNE.mp3\">https:\/\/www.radiopiu.net\/wordpress\/wp-content\/uploads\/2021\/08\/IL-PEDIATRA-RISDONNE.mp3<\/a><\/audio>\n<p>&nbsp;<\/p>\n<hr \/>\n<p>&nbsp;<\/p>\n<blockquote>\n<h3>FEDERMECCANICA E MENSE AZIENDALI. FIOM &#8220;UN SERVIZIO SENZA DISCRIMINAZIONI&#8221;<\/h3>\n<\/blockquote>\n<p><strong><a href=\"https:\/\/www.radiopiu.net\/wordpress\/giornale-radiopiu-20-agosto-2021-direttore-mirko-mezzacasa\/spaghetti-2931846__480\/\" rel=\"attachment wp-att-228507\"><img loading=\"lazy\" decoding=\"async\" class=\" wp-image-228507 alignleft\" src=\"https:\/\/www.radiopiu.net\/wordpress\/wp-content\/uploads\/2021\/08\/spaghetti-2931846__480-300x169.webp\" alt=\"\" width=\"254\" height=\"143\" srcset=\"https:\/\/www.radiopiu.net\/wordpress\/wp-content\/uploads\/2021\/08\/spaghetti-2931846__480-300x169.webp 300w, https:\/\/www.radiopiu.net\/wordpress\/wp-content\/uploads\/2021\/08\/spaghetti-2931846__480-768x432.webp 768w, https:\/\/www.radiopiu.net\/wordpress\/wp-content\/uploads\/2021\/08\/spaghetti-2931846__480.webp 853w\" sizes=\"auto, (max-width: 254px) 100vw, 254px\" \/><\/a>BELLUNO<\/strong>Federmeccanica si \u00e8 espressa sul tema green pass e mense aziendali per tramite del suo presidente Federico Visentin: obbligo in tutti gli ambienti di lavoro,\u00a0 \u00a0nessun obbligo di vaccinazione ma tamponi a carico dei lavoratori. O piace questa minestra o si salta la finestra, ma si pu\u00f2 anche cadere in piedi. Ad esempio assicura la Fiom Cgil con Stefano Bona,\u00a0 in provincia di Belluno sono in corso contatti con le aziende metalmeccaniche per individuare soluzioni che garantiscano a tutti il diritto alla mensa<em>. &#8220;Se posso recarmi al lavoro &#8211; dice Bona &#8211;\u00a0 ho anche il diritto di godere dei servizi connessi senza discriminazioni, siamo fautori di una ampia e completa copertura vaccinale per tutta la popolazione, nell&#8217;interesse collettivo, non di parte come quello di Federmeccanica, noi che abbiamo anche scioperato per avere i protocolli quando qualcuno non voleva chiudere le aziende o riaprirle senza garanzia di sicurezza. Le polemiche di questi giorni che investono la Cgil e il suo segretario nazionale oltre all&#8217;essere del tutto strumentali, tralasciano volutamente le responsabilit\u00e0 di un governo che non \u00e8 in grado di decidere&#8221;\u00a0\u00a0<\/em><\/p>\n<p>&nbsp;<\/p>\n<hr \/>\n<p><strong>\u00a0 \u00a0<\/strong><\/p>\n<blockquote>\n<h3>CENTRO STORICO E VIABILITA&#8217;: ATTI, SOLLECITAZIONI, PROTESTE E PRESE DI POSIZIONE<strong style=\"font-size: 14px;\">\u00a0<\/strong><\/h3>\n<\/blockquote>\n<p><strong><a href=\"https:\/\/www.radiopiu.net\/wordpress\/castello-illuminato-nel-segno-della-prevenzione-del-tumore-al-seno\/castello\/\" rel=\"attachment wp-att-167850\"><img loading=\"lazy\" decoding=\"async\" class=\"wp-image-167850 alignleft\" src=\"https:\/\/www.radiopiu.net\/wordpress\/wp-content\/uploads\/2020\/10\/Castello-300x187.jpg\" alt=\"\" width=\"186\" height=\"116\" srcset=\"https:\/\/www.radiopiu.net\/wordpress\/wp-content\/uploads\/2020\/10\/Castello-300x187.jpg 300w, https:\/\/www.radiopiu.net\/wordpress\/wp-content\/uploads\/2020\/10\/Castello-1024x639.jpg 1024w, https:\/\/www.radiopiu.net\/wordpress\/wp-content\/uploads\/2020\/10\/Castello-768x479.jpg 768w, https:\/\/www.radiopiu.net\/wordpress\/wp-content\/uploads\/2020\/10\/Castello-1536x958.jpg 1536w, https:\/\/www.radiopiu.net\/wordpress\/wp-content\/uploads\/2020\/10\/Castello.jpg 1892w\" sizes=\"auto, (max-width: 186px) 100vw, 186px\" \/><\/a>FELTRE\u00a0<\/strong> Prendendo spunto dalle lettere di una cinquantina di residenti nel centro storico, inviate al sindaco Paolo Perenzin, i consiglieri di opposizione Ennio Trento e Franco De Bortoli lamentano la scarsa trasparenza con cui l\u2019amministrazione avrebbe proceduto all\u2019istituzione della zona a traffico limitato. <em>&#8220;Innanzitutto -dicono i consiglieri &#8211; rileviamo come questa amministrazione che si vanta di essere partecipativa ed inclusiva poi <\/em><em>nei fatti spesse volte faccia cadere i suoi atti senza coinvolgere alcuno se non dopo sollecitazioni e proteste.\u00a0 <\/em>Secondo i consiglieri comunali\u00a0 con la delibera la Giunta sconfina dalle proprie prerogative che giustificherebbe la preoccupazione dei cittadini che\u00a0hanno chiesto all\u2019Amministrazione maggiori approfondimenti.<em> &#8220;In fondo &#8211; concludono Trento e De Bortoli &#8211;\u00a0 sono cittadini che hanno creduto nel centro storico decidendo di viverlo tutto l\u2019anno e non solo durante le manifestazioni, dimostrando in tutti questi anni grande collaborazione e comprensione, mettendo spesso a disposizione le proprie case per mostre e spesso sopportando percorsi ad ostacoli per raggiungere le loro abitazioni. Da parte nostra vi sar\u00e0 dunque la massima attenzione sul tema, sollecitando nelle sedi opportune che il piano urbano del traffico modificato su questo punto in maniera sostanziale venga ricondotto ad un confronto nelle sedi opportune con la possibilit\u00e0 per i cittadini, come detto in precedenza, di poter esprimere la proprie osservazioni&#8221;.\u00a0<\/em><\/p>\n<p>&nbsp;<\/p>\n<hr \/>\n<p>&nbsp;<\/p>\n<blockquote>\n<h3>SOPRALLUOGO SULLA CICLABILE, PROVINCIA AL LAVORO<\/h3>\n<p><strong>PONTE NELLE ALPI<\/strong>\u00a0 La Provincia \u00e8 stata in sopralluogo, nei giorni scorsi, lungo la ciclabile Cadola-Ponte nelle Alpi, che corre parallela alla ferrovia. In molti punti, infatti, le reti di protezione dell\u2019infrastruttura sono state abbattute da cervi e caprioli o almeno cos\u00ec pare, saranno gli agenti di Polizia a confermarlo o meno. Nel caso in cui le evidenze scientifiche confermassero che la causa delle reti ammalorate o divelte sono i passaggi dei cervi, la Provincia lavorer\u00e0 per la creazione di uno o pi\u00f9 attraversamenti faunistici, in collaborazione con Rfi dato che la ciclabile \u00e8 contigua alla ferrovia. <em>\u00abSi tratta di un\u2019operazione fondamentale sia per l\u2019incolumit\u00e0 di ciclisti e pedoni, sia per la sicurezza del traffico ferroviario, oltre che per gli animali selvatici\u00bb spiega il consigliere delegato Franco De Bon<\/em><\/p><\/blockquote>\n<p>Audio<\/p>\n<audio class=\"wp-audio-shortcode\" id=\"audio-228349-11\" preload=\"none\" style=\"width: 100%;\" controls=\"controls\"><source type=\"audio\/mpeg\" src=\"https:\/\/www.radiopiu.net\/wordpress\/wp-content\/uploads\/2021\/08\/franco-de-bon.mp3?_=11\" \/><a href=\"https:\/\/www.radiopiu.net\/wordpress\/wp-content\/uploads\/2021\/08\/franco-de-bon.mp3\">https:\/\/www.radiopiu.net\/wordpress\/wp-content\/uploads\/2021\/08\/franco-de-bon.mp3<\/a><\/audio>\n\n\t\t\t<style type='text\/css'>\n\t\t\t\t#gallery-5 {\n\t\t\t\t\tmargin: auto;\n\t\t\t\t}\n\t\t\t\t#gallery-5 .gallery-item {\n\t\t\t\t\tfloat: left;\n\t\t\t\t\tmargin-top: 10px;\n\t\t\t\t\ttext-align: center;\n\t\t\t\t\twidth: 50%;\n\t\t\t\t}\n\t\t\t\t#gallery-5 img {\n\t\t\t\t\tborder: 2px solid #cfcfcf;\n\t\t\t\t}\n\t\t\t\t#gallery-5 .gallery-caption {\n\t\t\t\t\tmargin-left: 0;\n\t\t\t\t}\n\t\t\t\t\/* see gallery_shortcode() in wp-includes\/media.php *\/\n\t\t\t<\/style>\n\t\t<div id='gallery-5' class='dt-gallery-container gallery galleryid-228349 gallery-columns-2 gallery-size-medium'><dl class='gallery-item'>\n\t\t\t\t<dt class='gallery-icon landscape'>\n\t\t\t\t\t<a class=\"rollover rollover-zoom dt-pswp-item\" title=\"PHOTO-2021-08-18-11-53-40\" data-dt-img-description=\"\" data-large_image_width=\"1024\" data-large_image_height=\"768\"href='https:\/\/www.radiopiu.net\/wordpress\/wp-content\/uploads\/2021\/08\/PHOTO-2021-08-18-11-53-40.jpg'><img loading=\"lazy\" decoding=\"async\" width=\"300\" height=\"225\" src=\"https:\/\/www.radiopiu.net\/wordpress\/wp-content\/uploads\/2021\/08\/PHOTO-2021-08-18-11-53-40-300x225.jpg\" class=\"attachment-medium size-medium\" alt=\"\" srcset=\"https:\/\/www.radiopiu.net\/wordpress\/wp-content\/uploads\/2021\/08\/PHOTO-2021-08-18-11-53-40-300x225.jpg 300w, https:\/\/www.radiopiu.net\/wordpress\/wp-content\/uploads\/2021\/08\/PHOTO-2021-08-18-11-53-40-768x576.jpg 768w, https:\/\/www.radiopiu.net\/wordpress\/wp-content\/uploads\/2021\/08\/PHOTO-2021-08-18-11-53-40.jpg 1024w\" sizes=\"auto, (max-width: 300px) 100vw, 300px\" \/><\/a>\n\t\t\t\t<\/dt><\/dl><dl class='gallery-item'>\n\t\t\t\t<dt class='gallery-icon landscape'>\n\t\t\t\t\t<a class=\"rollover rollover-zoom dt-pswp-item\" title=\"PHOTO-2021-08-18-11-54-19\" data-dt-img-description=\"\" data-large_image_width=\"1024\" data-large_image_height=\"768\"href='https:\/\/www.radiopiu.net\/wordpress\/wp-content\/uploads\/2021\/08\/PHOTO-2021-08-18-11-54-19.jpg'><img loading=\"lazy\" decoding=\"async\" width=\"300\" height=\"225\" src=\"https:\/\/www.radiopiu.net\/wordpress\/wp-content\/uploads\/2021\/08\/PHOTO-2021-08-18-11-54-19-300x225.jpg\" class=\"attachment-medium size-medium\" alt=\"\" srcset=\"https:\/\/www.radiopiu.net\/wordpress\/wp-content\/uploads\/2021\/08\/PHOTO-2021-08-18-11-54-19-300x225.jpg 300w, https:\/\/www.radiopiu.net\/wordpress\/wp-content\/uploads\/2021\/08\/PHOTO-2021-08-18-11-54-19-768x576.jpg 768w, https:\/\/www.radiopiu.net\/wordpress\/wp-content\/uploads\/2021\/08\/PHOTO-2021-08-18-11-54-19.jpg 1024w\" sizes=\"auto, (max-width: 300px) 100vw, 300px\" \/><\/a>\n\t\t\t\t<\/dt><\/dl><br style=\"clear: both\" \/>\n\t\t\t<\/div>\n\n<p>&nbsp;<\/p>\n<p><strong>DILLO A RADIO PIU&#8217;..<\/strong>&#8230; <em>E gli utenti della 203 Agordina non meritano l&#8217;incolumit\u00e0? Perch\u00e9 questa parte della provincia resta sempre un passo dietro agli altri? Non bastano i numerosi investimenti di animali con i relativi danni agli automezzi per far capire il problema a chi di dovere?\u00a0<\/em><\/p>\n<p>&nbsp;<\/p>\n<p>&nbsp;<\/p>\n<hr \/>\n<p>&nbsp;<\/p>\n<p>&nbsp;<\/p>\n<blockquote>\n<h3>UNA STAZIONE CHE MERITA DI ESSERE RIQUALIFICATA<\/h3>\n<\/blockquote>\n<p><strong>PONTE NELLE ALPI<\/strong> <em>\u00abLa stazione per l\u2019Alpago \u00e8 il punto di arrivo al lago di Santa Croce per i turisti che utilizzano il treno. \u00c8 fondamentale riqualificarla e renderla un luogo accogliente\u00bb.<\/em> Lo afferma il consigliere provinciale delegato all\u2019urbanistica e sindaco di Ponte nelle Alpi Paolo Vendramini, che nei giorni scorsi \u00e8 stato in sopralluogo proprio alla stazione \u201cPer l\u2019Alpago\u201d (ricadente geograficamente alla Secca, nel territorio comunale pontalpino). La struttura oggi \u00e8 fortemente degradata. I muri perimetrali sono ricoperti di graffiti e scarabocchi. Le porte sono chiuse e non esiste un presidio, eccezion fatta per la biglietteria automatica, che spesso risulta inattiva. Inoltre, ci sono erbacce alte e materiali depositati ovunque.\u00a0 <em>\u00abAbbiamo ricevuto diverse segnalazioni da parte di turisti e utenti: tutti denunciano il grave stato di degrado in versa la stazione &#8211; sottolinea il consigliere delegato -. Per questo, abbiamo voluto renderci conto della situazione e abbiamo gi\u00e0 preso contatti con i responsabili regionali delle ferrovie e di Rfi, con la richiesta di manutenzioni straordinarie e ordinarie. A breve apriremo un tavolo con i gestori della rete ferroviaria, d\u2019accordo anche con l\u2019amministrazione comunale di Alpago, perch\u00e9 \u00e8 necessario intervenire: la stazione \u00e8 un biglietto da visita per i turisti diretti al lago e per l\u2019intera provincia&#8221;.\u00a0<\/em><\/p>\n<p>&nbsp;<\/p>\n\n\t\t\t<style type='text\/css'>\n\t\t\t\t#gallery-6 {\n\t\t\t\t\tmargin: auto;\n\t\t\t\t}\n\t\t\t\t#gallery-6 .gallery-item {\n\t\t\t\t\tfloat: left;\n\t\t\t\t\tmargin-top: 10px;\n\t\t\t\t\ttext-align: center;\n\t\t\t\t\twidth: 50%;\n\t\t\t\t}\n\t\t\t\t#gallery-6 img {\n\t\t\t\t\tborder: 2px solid #cfcfcf;\n\t\t\t\t}\n\t\t\t\t#gallery-6 .gallery-caption {\n\t\t\t\t\tmargin-left: 0;\n\t\t\t\t}\n\t\t\t\t\/* see gallery_shortcode() in wp-includes\/media.php *\/\n\t\t\t<\/style>\n\t\t<div id='gallery-6' class='dt-gallery-container gallery galleryid-228349 gallery-columns-2 gallery-size-medium'><dl class='gallery-item'>\n\t\t\t\t<dt class='gallery-icon landscape'>\n\t\t\t\t\t<a class=\"rollover rollover-zoom dt-pswp-item\" title=\"PHOTO-2021-08-18-11-53-40-2\" data-dt-img-description=\"\" data-large_image_width=\"1024\" data-large_image_height=\"768\"href='https:\/\/www.radiopiu.net\/wordpress\/wp-content\/uploads\/2021\/08\/PHOTO-2021-08-18-11-53-40-2.jpg'><img loading=\"lazy\" decoding=\"async\" width=\"300\" height=\"225\" src=\"https:\/\/www.radiopiu.net\/wordpress\/wp-content\/uploads\/2021\/08\/PHOTO-2021-08-18-11-53-40-2-300x225.jpg\" class=\"attachment-medium size-medium\" alt=\"\" srcset=\"https:\/\/www.radiopiu.net\/wordpress\/wp-content\/uploads\/2021\/08\/PHOTO-2021-08-18-11-53-40-2-300x225.jpg 300w, https:\/\/www.radiopiu.net\/wordpress\/wp-content\/uploads\/2021\/08\/PHOTO-2021-08-18-11-53-40-2-768x576.jpg 768w, https:\/\/www.radiopiu.net\/wordpress\/wp-content\/uploads\/2021\/08\/PHOTO-2021-08-18-11-53-40-2.jpg 1024w\" sizes=\"auto, (max-width: 300px) 100vw, 300px\" \/><\/a>\n\t\t\t\t<\/dt><\/dl><dl class='gallery-item'>\n\t\t\t\t<dt class='gallery-icon portrait'>\n\t\t\t\t\t<a class=\"rollover rollover-zoom dt-pswp-item\" title=\"PHOTO-2021-08-18-11-53-40-1\" data-dt-img-description=\"\" data-large_image_width=\"768\" data-large_image_height=\"1024\"href='https:\/\/www.radiopiu.net\/wordpress\/wp-content\/uploads\/2021\/08\/PHOTO-2021-08-18-11-53-40-1.jpg'><img loading=\"lazy\" decoding=\"async\" width=\"225\" height=\"300\" src=\"https:\/\/www.radiopiu.net\/wordpress\/wp-content\/uploads\/2021\/08\/PHOTO-2021-08-18-11-53-40-1-225x300.jpg\" class=\"attachment-medium size-medium\" alt=\"\" srcset=\"https:\/\/www.radiopiu.net\/wordpress\/wp-content\/uploads\/2021\/08\/PHOTO-2021-08-18-11-53-40-1-225x300.jpg 225w, https:\/\/www.radiopiu.net\/wordpress\/wp-content\/uploads\/2021\/08\/PHOTO-2021-08-18-11-53-40-1.jpg 768w\" sizes=\"auto, (max-width: 225px) 100vw, 225px\" \/><\/a>\n\t\t\t\t<\/dt><\/dl><br style=\"clear: both\" \/>\n\t\t\t<\/div>\n\n<p>\u200b<\/p>\n<hr \/>\n<p>&nbsp;<\/p>\n<blockquote>\n<h3>BIM GSP, I CANTIERI A SELVA, SAN TOMASO E ROCCA PIETORE<\/h3>\n<\/blockquote>\n<p><strong>BELLUNO<\/strong> Si concluderanno a giorni i lavori di messa in sicurezza della vasca imhoff di Salator, a servizio dell\u2019omonimo abitato e della frazione di Villa in comune di Selva di Cadore. Bim Gsp, coadiuvata dall\u2019impresa F.lli Trentini S.r.l. di Corteno Golgi (BS), con un investimento di 300mila euro ha provveduto a ripristinare completamente la funzionalit\u00e0 dell\u2019impianto depurativo, compromesso dalla furia della tempesta Vaia dell\u2019autunno 2018.<\/p>\n\n\t\t\t<style type='text\/css'>\n\t\t\t\t#gallery-7 {\n\t\t\t\t\tmargin: auto;\n\t\t\t\t}\n\t\t\t\t#gallery-7 .gallery-item {\n\t\t\t\t\tfloat: left;\n\t\t\t\t\tmargin-top: 10px;\n\t\t\t\t\ttext-align: center;\n\t\t\t\t\twidth: 33%;\n\t\t\t\t}\n\t\t\t\t#gallery-7 img {\n\t\t\t\t\tborder: 2px solid #cfcfcf;\n\t\t\t\t}\n\t\t\t\t#gallery-7 .gallery-caption {\n\t\t\t\t\tmargin-left: 0;\n\t\t\t\t}\n\t\t\t\t\/* see gallery_shortcode() in wp-includes\/media.php *\/\n\t\t\t<\/style>\n\t\t<div id='gallery-7' class='dt-gallery-container gallery galleryid-228349 gallery-columns-3 gallery-size-thumbnail'><dl class='gallery-item'>\n\t\t\t\t<dt class='gallery-icon landscape'>\n\t\t\t\t\t<a class=\"rollover rollover-zoom dt-pswp-item\" title=\"Salator_posa delle prolunghe prefabbricate per pozzetto_1-1\" data-dt-img-description=\"\" data-large_image_width=\"1181\" data-large_image_height=\"756\"href='https:\/\/www.radiopiu.net\/wordpress\/wp-content\/uploads\/2021\/08\/Salator_posa-delle-prolunghe-prefabbricate-per-pozzetto_1-1.jpg'><img loading=\"lazy\" decoding=\"async\" width=\"150\" height=\"150\" src=\"https:\/\/www.radiopiu.net\/wordpress\/wp-content\/uploads\/2021\/08\/Salator_posa-delle-prolunghe-prefabbricate-per-pozzetto_1-1-150x150.jpg\" class=\"attachment-thumbnail size-thumbnail\" alt=\"\" \/><\/a>\n\t\t\t\t<\/dt><\/dl><dl class='gallery-item'>\n\t\t\t\t<dt class='gallery-icon portrait'>\n\t\t\t\t\t<a class=\"rollover rollover-zoom dt-pswp-item\" title=\"Salator_posa delle prolunghe prefabbricate per pozzetto_3\" data-dt-img-description=\"\" data-large_image_width=\"787\" data-large_image_height=\"1103\"href='https:\/\/www.radiopiu.net\/wordpress\/wp-content\/uploads\/2021\/08\/Salator_posa-delle-prolunghe-prefabbricate-per-pozzetto_3.jpg'><img loading=\"lazy\" decoding=\"async\" width=\"150\" height=\"150\" src=\"https:\/\/www.radiopiu.net\/wordpress\/wp-content\/uploads\/2021\/08\/Salator_posa-delle-prolunghe-prefabbricate-per-pozzetto_3-150x150.jpg\" class=\"attachment-thumbnail size-thumbnail\" alt=\"\" \/><\/a>\n\t\t\t\t<\/dt><\/dl><dl class='gallery-item'>\n\t\t\t\t<dt class='gallery-icon landscape'>\n\t\t\t\t\t<a class=\"rollover rollover-zoom dt-pswp-item\" title=\"Salator_posa delle prolunghe prefabbricate per pozzetto_2\" data-dt-img-description=\"\" data-large_image_width=\"1181\" data-large_image_height=\"886\"href='https:\/\/www.radiopiu.net\/wordpress\/wp-content\/uploads\/2021\/08\/Salator_posa-delle-prolunghe-prefabbricate-per-pozzetto_2.jpg'><img loading=\"lazy\" decoding=\"async\" width=\"150\" height=\"150\" src=\"https:\/\/www.radiopiu.net\/wordpress\/wp-content\/uploads\/2021\/08\/Salator_posa-delle-prolunghe-prefabbricate-per-pozzetto_2-150x150.jpg\" class=\"attachment-thumbnail size-thumbnail\" alt=\"\" \/><\/a>\n\t\t\t\t<\/dt><\/dl><br style=\"clear: both\" \/>\n\t\t\t<\/div>\n\n<p><a href=\"https:\/\/www.radiopiu.net\/wordpress\/bim-gsp-i-cantieri-a-selva-san-tomaso-e-rocca-pietore\/soraru_canale-di-regimazione-delle-acque\/\" rel=\"attachment wp-att-228435\"><img loading=\"lazy\" decoding=\"async\" class=\"wp-image-228435 alignleft\" src=\"https:\/\/www.radiopiu.net\/wordpress\/wp-content\/uploads\/2021\/08\/Soraru_canale-di-regimazione-delle-acque-300x288.jpg\" alt=\"\" width=\"129\" height=\"124\" srcset=\"https:\/\/www.radiopiu.net\/wordpress\/wp-content\/uploads\/2021\/08\/Soraru_canale-di-regimazione-delle-acque-300x288.jpg 300w, https:\/\/www.radiopiu.net\/wordpress\/wp-content\/uploads\/2021\/08\/Soraru_canale-di-regimazione-delle-acque-768x738.jpg 768w, https:\/\/www.radiopiu.net\/wordpress\/wp-content\/uploads\/2021\/08\/Soraru_canale-di-regimazione-delle-acque.jpg 984w\" sizes=\"auto, (max-width: 129px) 100vw, 129px\" \/><\/a>In corso di ultimazione anche il cantiere all\u2019impianto di trattamento di Sorar\u00f9 a Rocca Pietore: qui Bim Gsp, con l\u2019impresa Luchetta Francesco di Falcade e un investimento da 92 mila euro, ha ripristinato la funzionalit\u00e0, adeguato e messo in sicurezza il manufatto esistente, posato ex-novo la condotta di scarico fognario in uscita dalla vasca, creato una completa regimazione delle acque <a href=\"https:\/\/www.radiopiu.net\/wordpress\/bim-gsp-i-cantieri-a-selva-san-tomaso-e-rocca-pietore\/sot-colaru-posa-della-nuova-imhoff-2\/\" rel=\"attachment wp-att-228436\"><img loading=\"lazy\" decoding=\"async\" class=\" wp-image-228436 alignright\" src=\"https:\/\/www.radiopiu.net\/wordpress\/wp-content\/uploads\/2021\/08\/Sot-Colaru-posa-della-nuova-imhoff-2-300x225.jpg\" alt=\"\" width=\"175\" height=\"131\" srcset=\"https:\/\/www.radiopiu.net\/wordpress\/wp-content\/uploads\/2021\/08\/Sot-Colaru-posa-della-nuova-imhoff-2-300x225.jpg 300w, https:\/\/www.radiopiu.net\/wordpress\/wp-content\/uploads\/2021\/08\/Sot-Colaru-posa-della-nuova-imhoff-2-1024x768.jpg 1024w, https:\/\/www.radiopiu.net\/wordpress\/wp-content\/uploads\/2021\/08\/Sot-Colaru-posa-della-nuova-imhoff-2-768x576.jpg 768w, https:\/\/www.radiopiu.net\/wordpress\/wp-content\/uploads\/2021\/08\/Sot-Colaru-posa-della-nuova-imhoff-2.jpg 1181w\" sizes=\"auto, (max-width: 175px) 100vw, 175px\" \/><\/a>provenienti dal versante di monte per proteggere il depuratore dalle infiltrazioni e allagamenti.<\/p>\n<p>Ultimati, invece, a San Tomaso Agordino, i lavori per il ripristino della funzionalit\u00e0 della Imhoff a servizio dell\u2019abitato di Sot Colar\u00f9, divelta dalla piena del torrente Cordevole nei giorni della calamit\u00e0 Vaia. Nuovi, nel complesso, la vasca posata in loco, la porzione di collettore fognario per il convogliamento dei reflui e la condotta di scarico per la restituzione in ambiente delle acque depurate. 66mila euro l\u2019importo complessivo delle opere eseguite dall\u2019impresa Selva Scavi<\/p>\n<p>di Selva di Cadore.<\/p>\n<blockquote><p><em><a href=\"https:\/\/www.radiopiu.net\/wordpress\/giornale-radiopiu-26-maggio-2021-direttore-mirko-mezzacasa\/dav-229\/\" rel=\"attachment wp-att-211992\"><img loading=\"lazy\" decoding=\"async\" class=\"wp-image-211992 alignleft\" src=\"https:\/\/www.radiopiu.net\/wordpress\/wp-content\/uploads\/2021\/05\/BimGsp_Attilio_Sommavilla_1-227x300.jpg\" alt=\"\" width=\"75\" height=\"99\" srcset=\"https:\/\/www.radiopiu.net\/wordpress\/wp-content\/uploads\/2021\/05\/BimGsp_Attilio_Sommavilla_1-227x300.jpg 227w, https:\/\/www.radiopiu.net\/wordpress\/wp-content\/uploads\/2021\/05\/BimGsp_Attilio_Sommavilla_1-775x1024.jpg 775w, https:\/\/www.radiopiu.net\/wordpress\/wp-content\/uploads\/2021\/05\/BimGsp_Attilio_Sommavilla_1-768x1015.jpg 768w, https:\/\/www.radiopiu.net\/wordpress\/wp-content\/uploads\/2021\/05\/BimGsp_Attilio_Sommavilla_1.jpg 1134w\" sizes=\"auto, (max-width: 75px) 100vw, 75px\" \/><\/a>\u201cQuesti interventi \u2013 spiega Attilio Sommavilla, presidente di Bim Gsp \u2013 sono stati realizzati con fondi del Commissario delegato all\u2019emergenza: 2,1 milioni di euro il finanziamento complessivamente ricevuto e 14, in totale, i cantieri attivati nel 2020 in Agordino, in buona parte conclusi. Confidiamo venga accolta anche la richiesta di finanziamento da 15 milioni di euro presentata per il 2021, perch\u00e9, a quasi tre anni dalla calamit\u00e0, c\u2019\u00e8 ancora molto da fare\u201d.<\/em><\/p><\/blockquote>\n<p>&nbsp;<\/p>\n<p><strong>dal Corriere delle Alpi\u00a0<\/strong><\/p>\n<p><strong>di Gianni Santomaso<\/strong><\/p>\n<audio class=\"wp-audio-shortcode\" id=\"audio-228349-12\" preload=\"none\" style=\"width: 100%;\" controls=\"controls\"><source type=\"audio\/mpeg\" src=\"https:\/\/www.radiopiu.net\/wordpress\/wp-content\/uploads\/2021\/08\/GIANNI-BIM-GSP-CANTIERI.mp3?_=12\" \/><a href=\"https:\/\/www.radiopiu.net\/wordpress\/wp-content\/uploads\/2021\/08\/GIANNI-BIM-GSP-CANTIERI.mp3\">https:\/\/www.radiopiu.net\/wordpress\/wp-content\/uploads\/2021\/08\/GIANNI-BIM-GSP-CANTIERI.mp3<\/a><\/audio>\n<p>&nbsp;<\/p>\n<hr \/>\n<blockquote>\n<h3><\/h3>\n<h3>INTERVENTI A RIZZIOS, DE CARLO &#8220;ATTENZIONE PER LA BORGATA&#8221;<\/h3>\n<\/blockquote>\n<p><strong>CALALZO<\/strong> Raffica di interventi, conclusi e prossimi alla realizzazione, a Rizzios di<br \/>\nCalalzo di Cadore. Si \u00e8 concluso uno dei lavori pi\u00f9 importanti, la sistemazione della strada che collega Rizzios a Grea. Altre opere realizzate sono la sistemazione del sito valanghivo \u2013 oltre 95mila euro di intervento &#8211; e il consolidamento del fronte franoso a sud della borgata <em>\u201cEntro fine mese\u201d anticipa il sindaco Luca De Carlo completeremo anche la sostituzione e la posa delle ringhiere stradali danneggiate. L\u2019autunno sar\u00e0 poi la stagione delle asfaltature&#8221;.<\/em><\/p>\n\n\t\t\t<style type='text\/css'>\n\t\t\t\t#gallery-8 {\n\t\t\t\t\tmargin: auto;\n\t\t\t\t}\n\t\t\t\t#gallery-8 .gallery-item {\n\t\t\t\t\tfloat: left;\n\t\t\t\t\tmargin-top: 10px;\n\t\t\t\t\ttext-align: center;\n\t\t\t\t\twidth: 50%;\n\t\t\t\t}\n\t\t\t\t#gallery-8 img {\n\t\t\t\t\tborder: 2px solid #cfcfcf;\n\t\t\t\t}\n\t\t\t\t#gallery-8 .gallery-caption {\n\t\t\t\t\tmargin-left: 0;\n\t\t\t\t}\n\t\t\t\t\/* see gallery_shortcode() in wp-includes\/media.php *\/\n\t\t\t<\/style>\n\t\t<div id='gallery-8' class='dt-gallery-container gallery galleryid-228349 gallery-columns-2 gallery-size-thumbnail'><dl class='gallery-item'>\n\t\t\t\t<dt class='gallery-icon landscape'>\n\t\t\t\t\t<a class=\"rollover rollover-zoom dt-pswp-item\" title=\"image0\" data-dt-img-description=\"\" data-large_image_width=\"640\" data-large_image_height=\"360\"href='https:\/\/www.radiopiu.net\/wordpress\/wp-content\/uploads\/2021\/08\/image0.jpeg'><img loading=\"lazy\" decoding=\"async\" width=\"150\" height=\"150\" src=\"https:\/\/www.radiopiu.net\/wordpress\/wp-content\/uploads\/2021\/08\/image0-150x150.jpeg\" class=\"attachment-thumbnail size-thumbnail\" alt=\"\" \/><\/a>\n\t\t\t\t<\/dt><\/dl><dl class='gallery-item'>\n\t\t\t\t<dt class='gallery-icon landscape'>\n\t\t\t\t\t<a class=\"rollover rollover-zoom dt-pswp-item\" title=\"image1\" data-dt-img-description=\"\" data-large_image_width=\"640\" data-large_image_height=\"426\"href='https:\/\/www.radiopiu.net\/wordpress\/wp-content\/uploads\/2021\/08\/image1.jpeg'><img loading=\"lazy\" decoding=\"async\" width=\"150\" height=\"150\" src=\"https:\/\/www.radiopiu.net\/wordpress\/wp-content\/uploads\/2021\/08\/image1-150x150.jpeg\" class=\"attachment-thumbnail size-thumbnail\" alt=\"\" \/><\/a>\n\t\t\t\t<\/dt><\/dl><br style=\"clear: both\" \/>\n\t\t\t<\/div>\n\n<p><strong>\u00a0\u00a0<\/strong><\/p>\n<hr \/>\n<p>&nbsp;<\/p>\n<blockquote>\n<h3>DILLO A RADIO PIU&#8230; QUANDO IL VIGILE HA PIENAMENTE RAGIONE.<\/h3>\n<\/blockquote>\n<p><strong>di Rodolfo Pellegrinon <img loading=\"lazy\" decoding=\"async\" class=\"alignleft\" src=\"https:\/\/cdn.pixabay.com\/photo\/2017\/01\/31\/19\/36\/cop-2026739__340.png\" alt=\"Cop, Glasses, Law, Man, Police, Retro\" width=\"257\" height=\"218\" \/><\/strong><\/p>\n<blockquote><p><em><strong>FALCADE<\/strong> La disavventura di un mio amico avvenuta ieri in quel di Treviso. Era fermo ad un semaforo e nell\u2019attesa di ripartire ha pensato di inviare un audio su WhatsApp ad un conoscente. Il vigile presente lo ha fatto accostare e gli ha redatto un verbale di infrazione. Il mio amico si \u00e8 rivolto a me per studiare la possibilit\u00e0 di presentare ricorso. Tempo perso, caro amico, il vigile aveva pienamente ragione. L\u2019uso del telefonino alla guida \u00e8 sanzionabile infatti anche se si \u00e8 fermi al semaforo. L\u2019articolo 173, comma 2, del Codice della Strada, vieta al conducente di far uso durante la marcia. La Cassazione in merito ha precisato che il divieto di utilizzare i dispositivi elettronici permane anche durante l\u2019interruzione di marcia del veicolo dovuta ad esigenze di circolazione ( e il semaforo \u00e8 una di queste). Scatta dunque la sanzione nei confronti del conducente che utilizza il telefonino, anche solo per inviare un audio, nonostante sia fermo al semaforo. Caro amico mio, non c\u2019\u00e8 niente da fare non ti posso aiutare, devi solo pagare il verbale e, fare pi\u00f9 attenzione la prossima volta.<\/em><\/p><\/blockquote>\n<p>&nbsp;<\/p>\n<hr \/>\n<p>&nbsp;<\/p>\n<blockquote>\n<h3>QUESTA SERA ALLE 20.30 AL NOF FILO&#8217; DI CENCENIGHE, LA GRANDE NARRATIVA D&#8217;AUTORE<\/h3>\n<\/blockquote>\n<p><strong><a href=\"https:\/\/www.radiopiu.net\/wordpress\/giornale-radiopiu-20-agosto-2021-direttore-mirko-mezzacasa\/locandina-12\/\" rel=\"attachment wp-att-228413\"><img loading=\"lazy\" decoding=\"async\" class=\"wp-image-228413 alignleft\" src=\"https:\/\/www.radiopiu.net\/wordpress\/wp-content\/uploads\/2021\/08\/locandina-1-212x300.jpg\" alt=\"\" width=\"138\" height=\"195\" srcset=\"https:\/\/www.radiopiu.net\/wordpress\/wp-content\/uploads\/2021\/08\/locandina-1-212x300.jpg 212w, https:\/\/www.radiopiu.net\/wordpress\/wp-content\/uploads\/2021\/08\/locandina-1-724x1024.jpg 724w, https:\/\/www.radiopiu.net\/wordpress\/wp-content\/uploads\/2021\/08\/locandina-1-768x1086.jpg 768w, https:\/\/www.radiopiu.net\/wordpress\/wp-content\/uploads\/2021\/08\/locandina-1-1086x1536.jpg 1086w, https:\/\/www.radiopiu.net\/wordpress\/wp-content\/uploads\/2021\/08\/locandina-1.jpg 1414w\" sizes=\"auto, (max-width: 138px) 100vw, 138px\" \/><\/a> RENATO MARTINONI &#8220;LA CAMPANA DI MARBACH&#8221; Antonio Ligabue, Romanzo dell&#8217;artista da giovane<br \/>\n<\/strong><\/p>\n<p><strong>LUISA MANFROI\u00a0\u00a0<\/strong><\/p>\n<audio class=\"wp-audio-shortcode\" id=\"audio-228349-13\" preload=\"none\" style=\"width: 100%;\" controls=\"controls\"><source type=\"audio\/mpeg\" src=\"https:\/\/www.radiopiu.net\/wordpress\/wp-content\/uploads\/2021\/08\/RV5U1BB.mp3?_=13\" \/><a href=\"https:\/\/www.radiopiu.net\/wordpress\/wp-content\/uploads\/2021\/08\/RV5U1BB.mp3\">https:\/\/www.radiopiu.net\/wordpress\/wp-content\/uploads\/2021\/08\/RV5U1BB.mp3<\/a><\/audio>\n<p>&nbsp;<\/p>\n<p>&nbsp;<\/p>\n<p>&nbsp;<\/p>\n<hr \/>\n<p>&nbsp;<\/p>\n<p><strong>LA STORIA SIAMO NOI, ASSOCIAZIONE PALUE<\/strong><\/p>\n<p><img loading=\"lazy\" decoding=\"async\" class=\"i09qtzwb n7fi1qx3 datstx6m pmk7jnqg j9ispegn kr520xx4 k4urcfbm bixrwtb6 alignleft\" src=\"https:\/\/scontent-mxp1-1.xx.fbcdn.net\/v\/t1.6435-9\/s600x600\/230666918_4930630860287138_6687780250415611582_n.jpg?_nc_cat=103&amp;ccb=1-5&amp;_nc_sid=825194&amp;_nc_ohc=6PzDLfz3mrUAX-WNUSS&amp;_nc_ht=scontent-mxp1-1.xx&amp;oh=ce60105800b522f02e1e331fc119970f&amp;oe=6142573C\" alt=\"Potrebbe essere un'immagine raffigurante libro e il seguente testo &quot;Maria Luisa Daniele Toffanin La casa in mezzo al prato in Boscoverde di Rocca Pietore VALENTINA EDITRICE&quot;\" width=\"129\" height=\"153\" \/>Presso il Borgo Antico di Palue, l\u2019Associazione Palue,\u00a0 OGGI\u00a0 alle\u00a0 17\u00a0 momento di poesia intorno al libro \u201cLa casa in mezzo al prato \u201c di Maria Luisa Daniele Toffanin. L\u2019autrice declamer\u00e0 le sue poesie!<\/p>\n<p>&nbsp;<\/p>\n<p>&nbsp;<\/p>\n<p>&nbsp;<\/p>\n<p>&nbsp;<\/p>\n<p>&nbsp;<\/p>\n<hr \/>\n<p>&nbsp;<\/p>\n<p><a href=\"https:\/\/www.radiopiu.net\/wordpress\/giornale-radiopiu-19-agosto-2021-direttore-mirko-mezzacasa\/9d2548ac-b7ff-4ee0-9c6f-a31b5909d74e\/\" rel=\"attachment wp-att-228385\"><img loading=\"lazy\" decoding=\"async\" class=\"wp-image-228385 alignleft\" src=\"https:\/\/www.radiopiu.net\/wordpress\/wp-content\/uploads\/2021\/08\/9d2548ac-b7ff-4ee0-9c6f-a31b5909d74e-181x300.jpg\" alt=\"\" width=\"108\" height=\"179\" srcset=\"https:\/\/www.radiopiu.net\/wordpress\/wp-content\/uploads\/2021\/08\/9d2548ac-b7ff-4ee0-9c6f-a31b5909d74e-181x300.jpg 181w, https:\/\/www.radiopiu.net\/wordpress\/wp-content\/uploads\/2021\/08\/9d2548ac-b7ff-4ee0-9c6f-a31b5909d74e-618x1024.jpg 618w, https:\/\/www.radiopiu.net\/wordpress\/wp-content\/uploads\/2021\/08\/9d2548ac-b7ff-4ee0-9c6f-a31b5909d74e-768x1273.jpg 768w, https:\/\/www.radiopiu.net\/wordpress\/wp-content\/uploads\/2021\/08\/9d2548ac-b7ff-4ee0-9c6f-a31b5909d74e-926x1536.jpg 926w, https:\/\/www.radiopiu.net\/wordpress\/wp-content\/uploads\/2021\/08\/9d2548ac-b7ff-4ee0-9c6f-a31b5909d74e.jpg 965w\" sizes=\"auto, (max-width: 108px) 100vw, 108px\" \/><\/a><strong>DUGONE?\u00a0 IL TORNEO DI CENCENIGHE a 5<\/strong><\/p>\n<p>Torneo di Green Volley, domenica 22 agosto al campo sportivo &#8220;La Bombonera&#8221;, iscrizioni fino al 20 agosto. Necessaria l&#8217;autocertificazione covid.<\/p>\n<p>info: dugone.torneogreenvolley@gmail.com<\/p>\n<p>&nbsp;<\/p>\n<p>&nbsp;<\/p>\n<p>&nbsp;<\/p>\n<p><strong>\u00a0\u00a0<\/strong><\/p>\n<hr \/>\n<p><strong>\u00a0<\/strong><\/p>\n<blockquote>\n<p style=\"text-align: left;\" align=\"CENTER\"><span style=\"color: #000000;\"><span style=\"font-family: Arial, serif;\"><b>L\u2019EDIZIONE DELLA MOSTRA MERCATO DELLE ATTIVITA\u2019 AGRICOLE, ARTIGIANALI E COMMERCIALI NON SI FARA\u2019<\/b><\/span><\/span><\/p>\n<\/blockquote>\n<p align=\"JUSTIFY\"><span style=\"font-family: Times New Roman, serif;\"><span style=\"font-size: medium;\"><strong><a href=\"https:\/\/www.radiopiu.net\/wordpress\/giornale-radiopiu-15-marzo-2018-direttore-mirko-mezzacasa\/220px-municipio_santa_giustina\/\" rel=\"attachment wp-att-44829\"><img loading=\"lazy\" decoding=\"async\" class=\" wp-image-44829 alignleft\" src=\"https:\/\/www.radiopiu.net\/wordpress\/wp-content\/uploads\/2018\/03\/220px-Municipio_Santa_Giustina.jpg\" alt=\"\" width=\"139\" height=\"104\" \/><\/a>SANTA GIUSTINA<\/strong> L\u2019Amministrazione Comunale non dar\u00e0 seguito all\u2019organizzazione della Mostra Mercato del primo fine settimana di ottobre. <\/span><\/span><span style=\"font-size: medium; font-family: 'Times New Roman', serif;\">La decisione \u00e8 stata presa dopo un\u2019attenta valutazione degli aspetti organizzativi alla luce della situazione Covid che appare in continua evoluzione: l\u2019evento fieristico richiede un importante investimento in termini di personale tecnico, amministrativo, operativo gi\u00e0 al limite, senza sottovalutare anche l\u2019aspetto finanziario. <\/span><span style=\"font-family: Times New Roman, serif;\"><span style=\"font-size: medium;\">C\u2019\u00e8 infatti il rischio di dover annullare tutto all\u2019ultimo momento (peraltro cosa gi\u00e0 avvenuta nel 2020 causa allarme meteo) nel caso di peggioramento della pandemia o di dover applicare ulteriori limitazioni e regole per operatori economici e visitatori, condizionando pesantemente il successo della manifestazione che \u00e8 legato anche alla proposta di tanti eventi collaterali, cui concorrono privati cittadini ed associazioni del territorio.<\/span><\/span><\/p>\n<p><strong>\u00a0<\/strong><\/p>\n<p><strong>\u00a0<\/strong><\/p>\n<hr \/>\n<p>&nbsp;<\/p>\n<blockquote>\n<h3>SUL BROI DI AGORDO IL CINEMA ALL&#8217;APERTO<\/h3>\n<\/blockquote>\n<p><strong><a href=\"https:\/\/www.radiopiu.net\/wordpress\/giornale-radiopiu-10-agosto-2021-direttore-mirko-mezzacasa\/photo_2021-08-09_12-19-00\/\" rel=\"attachment wp-att-226842\"><img loading=\"lazy\" decoding=\"async\" class=\"size-medium wp-image-226842 alignleft\" src=\"https:\/\/www.radiopiu.net\/wordpress\/wp-content\/uploads\/2021\/08\/photo_2021-08-09_12-19-00-300x169.jpg\" alt=\"\" width=\"300\" height=\"169\" srcset=\"https:\/\/www.radiopiu.net\/wordpress\/wp-content\/uploads\/2021\/08\/photo_2021-08-09_12-19-00-300x169.jpg 300w, https:\/\/www.radiopiu.net\/wordpress\/wp-content\/uploads\/2021\/08\/photo_2021-08-09_12-19-00-1024x576.jpg 1024w, https:\/\/www.radiopiu.net\/wordpress\/wp-content\/uploads\/2021\/08\/photo_2021-08-09_12-19-00-768x432.jpg 768w, https:\/\/www.radiopiu.net\/wordpress\/wp-content\/uploads\/2021\/08\/photo_2021-08-09_12-19-00.jpg 1280w\" sizes=\"auto, (max-width: 300px) 100vw, 300px\" \/><\/a>AGORDO<\/strong> Ad Agosto, Agordo ospiter\u00e0 una rassegna cinematografica inedita nel giardino \u201cBroi\u201d, in pieno centro. Per sei serate sar\u00e0 possibile godersi grandi titoli cinematografici in una cornice unica al centro della conca agordina. L\u2019evento, organizzato dal Comune di Agordo, grazie al fondamentale contributo della casa di produzione \u201cFiFilm productions\u201d di Caterina Francavilla, dell\u2019impresa edile \u201cConedil\u201d e dalla ditta \u201cCase Trasporti\u201d, ha l\u2019obiettivo di animare l\u2019estate agordina con una proposta innovativa per il territorio, riproponendo il format avviato la scorsa estate con le proiezioni nel giardino di Villa Crotta-De\u2019 Manzoni. Tutte le proiezioni inizieranno alle ore 21 e saranno ad ingresso gratuito, previa prenotazione obbligatoria fino ad esaurimento posti. Le prenotazioni si possono effettuare attraverso il sito <a href=\"http:\/\/agordo.eventbrite.com\">http:\/\/agordo.eventbrite.com<\/a> oppure rivolgendosi all\u2019Ufficio Turistico di Agordo in via XXVII Aprile, tramite mail all\u2019indirizzo ufficioturistico@agordo.net, oppure telefonando allo 0437 62105 o al 388 495 5756. In caso di maltempo, le proiezioni verranno rinviate al giorno successivo. In conformit\u00e0 con le disposizioni anti-contagio, l\u2019ingresso sar\u00e0 subordinato all\u2019esibizione del Green Pass certificante vaccinazione, guarigione da Covid-19 o l&#8217;esito negativo di un tampone (sono esenti i bambini fino ai 12 anni), al controllo della temperatura e all\u2019utilizzo della mascherina in situazioni di assembramento come all\u2019entrata o all\u2019uscita. Gli appuntamenti della rassegna saranno i seguenti: domani: Cena con delitto, di Rian Johnson; Marted\u00ec 24 Agosto: Monuments Men, di George Clooney; Gioved\u00ec 26 Agosto: La famosa invasione degli Orsi in Sicilia, di Lorenzo Mattotti; Sabato 28 Agosto: Vita di Pi, di Ang Lee<\/p>\n<p>&nbsp;<\/p>\n<p align=\"JUSTIFY\"><em><span style=\"font-family: Times New Roman, serif;\"><span style=\"font-size: medium;\">L\u2019assessorato al Turismo del Comune di Agordo organizza gioved\u00ec 26 agosto 2021 alle ore 17.30 presso la sala Don Ferdinando Tamis un\u2019incontro dal titolo \u201cDino Buzzati, le montagne e gli orsi\u201d dedicato al grande scrittore, giornalista ed artista del panorama culturale del Novecento. <\/span><\/span><span style=\"font-size: medium; font-family: 'Times New Roman', serif;\">Questo evento \u00e8 stato programmato in preparazione alla proiezione serale che si terr\u00e0 sul Broi di Agordo del film di animazione \u201cLa famosa invasione degli orsi in Sicilia\u201d tratto dall\u2019omonimo romanzo. <\/span><span style=\"font-family: Times New Roman, serif;\"><span style=\"font-size: medium;\">All\u2019evento pomeridiano saranno presenti le pronipoti di Dino Buzzati: Valentina Morassutti fondatrice dell\u2019Associazione Culturale Villa Buzzati San Pellegrino &#8211; il granaio e Antonella Morassutti attrice, insegnante di teatro e lettura espressiva, direttrice artistica dell\u2019Associazione.<\/span><\/span><span style=\"font-family: Times New Roman, serif;\"><span style=\"font-size: medium;\">\u00a0L<\/span><\/span><span style=\"font-family: Times, serif;\"><span style=\"font-size: small;\"><span style=\"font-family: Times New Roman, serif;\"><span style=\"font-size: medium;\">\u2019evento \u00e8 stato realizzato con la collaborazione del Circolo Culturale Agordino e della libreria Quattrocchi di Agordo che sar\u00e0 a disposizione con alcune edizioni del libro.<\/span><\/span><\/span><\/span><\/em><\/p>\n<p>&nbsp;<\/p>\n<hr \/>\n<p>&nbsp;<\/p>\n<p>&nbsp;<\/p>\n<blockquote>\n<h3>VILLE INTORNO ALLA CITT\u00c0 DI BELLUNO DAI LUOGHI DI BUZZATI AL CASTIONESE<\/h3>\n<\/blockquote>\n<div class=\"l60d2q6s d1544ag0 sj5x9vvc tw6a2znq l9j0dhe7 ni8dbmo4 stjgntxs e72ty7fz qlfml3jp inkptoze qttc61fc jm1wdb64 qv66sw1b ljqsnud1 odn2s2vf tkr6xdv7\" role=\"none\">\n<div class=\"rq0escxv l9j0dhe7 du4w35lb __fb-light-mode\" role=\"none\">\n<div dir=\"auto\" role=\"none\"><strong>di\u00a0 RENATO BONA\u00a0<\/strong><\/div>\n<div dir=\"auto\" role=\"none\"><\/div>\n<div class=\"pbevjfx6 n3t5jt4f\" dir=\"auto\" role=\"none\">Cammina, cammina, leggi, leggi, eccoci a riferire del nono itinerario (su dieci) relativo a \u201cLe ville nel paesaggio prealpino della Provincia di Belluno\u201d, libro realizzato a cura di Paolo Conte, con testi di Simonetta Chiovaro, edito nel 1997 dall\u2019Amministrazione provinciale bellunese con la Edizioni Charta Milano, referenze fotografiche di Mauro De Santi (altre immagini sono di Stefano Renier, Venezia; Cristiano Velo e Luigi Dalla Giustina, Feltre; Luciano Solero, Sappada, e del Ministero della Difesa). E\u2019 quello intitolato: \u201cIntorno alla citt\u00e0 di Belluno: dai luoghi di Dino Buzzati al Castionese\u201d, che propone: a San Pellegrino villa Buzzati; all\u2019Anconetta villa Doglioni; a Piai villa Coraulo; a Vallina di Castion villa Berettini; a Modolo villa Miari Fulcis, quindi le ville del Viale di Pedecastello; a Cadola di Ponte nelle Alpi villa Cesa e a Pieve d\u2019Alpago villa Fal\u00ecn. La Chiovaro apre la sua descrizione ricordando che oggi Belluno, \u00e8 tagliata in due settori dalla strada statale e spiega: \u201ca meridione rimane il nucleo storico mentre a settentrione si estendono antichi quartieri attualmente molto modificati ed ampliati a causa della forte espansione edilizia\u201d; aggiunge quindi che la citt\u00e0 ha un secondo limite territoriale, questo di tipo naturale, vale a dire il Piave che la divide dalla zona del Castionese ma col quale \u00e8 rimasta sempre in stretto contatto \u201cgrazie al sistema di ponti costruiti nei secoli\u201d. Prima di passare alle singole tappe con riferimenti alle ville, precisa che \u201cl\u2019itinerario propone una interessante deviazione verso l\u2019Alpago e pi\u00f9 in particolare a Pieve d\u2019Alpago dove si conserva ancora l\u2019unica villa \u2018veneta\u2019 di questa parte orientale della provincia\u201d. L\u2019itinerario prende il via nei pressi dell\u2019abitato di Visome \u201cin un punto riconoscibile senza alcuna difficolt\u00e0 per la presenza ai margini della strada, sulla destra, di una singolare piccola chiesa di colore rosso acceso. E\u2019 la cappella di San Pellegrino diventata il simbolo della zona nonch\u00e9 della villa alla quale appartiene\u201d. Si tratta di VILLA BUZZATI, XIX secolo, che \u201crappresenta il pi\u00f9 significativo esempio nella zona di residenza di campagna di un tipo \u2018romantico\u2019 con caratteristiche ormai completamente svincolate da quelle tradizionali delle ville venete\u201d. E\u2019 probabile che all\u2019epoca della costruzione della chiesa, nel Cinquecento, proprietaria della villa fosse la famiglia Sacello; l\u2019aspetto attuale e ben noto deriva dalle profonde trasformazioni e dalle aggiunte avvenute ad opera della famiglia Buzzati. Meta successiva, la localit\u00e0 Anconetta per raggiungere VILLA DOGLIONI, XVIII secolo, di modeste dimensioni ma molto ben proporzionata. Il portone d\u2019accesso \u00e8 molto lineare; \u201cl\u2019unico elemento decorativo \u00e8 costituito dai due occhi ovali ritagliati in una lastra massiccia di pietra posta in linea con l\u2019architettura della porta. Al primo piano, la bifora all\u2019interno di un\u2019ampia cornice in pietra. Un timpano triangolare e i due camini laterali concludono la composizione. Verso ovest si addossa al corpo della villa un edificio pi\u00f9 basso aggiunto nell\u2019Ottocento\u201d. Proseguendo all\u2019Anconetta fino ad un trivio si prende la strada al centro cio\u00e8 la Via Cor\u00e0ulo ai Piai per arrivare a una tipica residenza padronale del Seicento: VILLA COR\u00c0ULO, di fine XVII secolo edificata su un terreno che \u201cebbe origine da una frana che anticamente provoc\u00f2 la caduta di una grande massa detritica su una specie di altopiano a terrazzamenti\u201d. Dei due ingressi, il principale, di rappresentanza, \u00e8 costituito da un alto muro con al centro il cancello tra due robusti pilastri con i caratteristici vasi. Nella corte vi \u00e8 un pozzo in pietra in cui sono incisi lo stemma della famiglia Cor\u00e0ulo e la data 1691. Al corpo principale della villa ne \u00e8 addossato uno rustico, formando una struttura ad \u201cL\u201d. A questo punto la Chiovaro sottolinea che dai Piai \u00e8 necessario riprendere via Anconetta e, camminando in salita verso Cavessago, compare il complesso di VILLA BERETTINI, XVIII, secolo, con ingresso caratterizzato da un bellissimo corridoio di carpini innestati. E spiega che: \u201cLa facciata che si intravede alla fine del viale alberato \u00e8 quella rivolta ad est che \u00e8 stata parzialmente trasformata nella prima met\u00e0 del Novecento, perch\u00e9 la villa aveva subito notevoli danni durante la prima guerra mondiale\u201d. Da segnalare, infine, le robuste cornici in pietra che riquadrano le finestre probabilmente originarie. Lasciata Cavessago si procede verso la parrocchiale di Castion, si attraversa il paese e si giunge a Modolo dove \u00e8 possibile ammirare VILLA MIARI-FULCIS, XVII-XVIII secolo, che ha ingresso laterale. L\u2019edificio principale \u00e8 completato da un\u2019ala perpendicolare, pi\u00f9 bassa, che forma con esso una \u201cL\u201d. L\u2019autrice del testo sottolinea che \u201cGli elementi architettonici che compongono l\u2019ingresso della villa costituiscono uno dei pi\u00f9 significativi esempi di gusto barocco\u2026 intendendo riferirsi col termine a particolari soluzioni per estrosit\u00e0 d\u2019invenzione e per movimento plastico, piuttosto infrequenti nella valle\u201d. Continuando la passeggiata si va fino a Pedecastello dove una stradina porta alla chiesetta di Sant\u2019Anna dove alla base della collina si trova la VILLA DE BERTOLDI-CATANI, XIX secolo, edificio ricostruito nell\u2019Ottocento sui resti di una precedente costruzione distrutta da un incendio. La villa \u00e8 singolare soprattutto per la posizione: orientata ad ovest e sul nord di un poggio gode di una splendida vista sulla citt\u00e0 di Belluno. Si riprende il cammino ed ecco, in mezzo al verde, la VILLA DE BERTOLDI, XVII secolo; \u201cal posto della trifora centrale compare una grande monofora inquadrata da una cornice in pietra e completata da un poggiolo a filo parete con i balaustrini in pietra\u201d. Completala la visita nel Castionese ci si sposta in un\u2019altra zona meritevole di interesse: la conca alpagota, ma prima, tappa a Cadola di Ponte nelle Alpi per la VILLA CAPPELLARI, praticamente soffocata dalla nuova zona artigianale, costruita per la famiglia Cesa: una villa piuttosto piccola ma molto ricercata in ogni particolare. Conclusione di itinerario, come detto, a Pieve d\u2019Alpago per VILLA FAL\u00ccN, XVII-XVIII secolo, che si presenta come inglobata nel centro abitato e quindi priva della necessaria apertura verso la campagna. L\u2019edificio \u00e8 a due piani: quello terreno abbastanza rialzato tanto che al di sotto \u00e8 stato ricavato lo scantinato. L\u2019accesso \u201cavviene attraverso un imponente scalone a due rampe che poggia su un muro a bugne rustiche e presenta una ricca balaustra in pietra scolpita, impreziosita da eleganti vasi pure di pietra tornita\u201d.<\/div>\n<\/div>\n<\/div>\n<div dir=\"auto\" role=\"none\">\n\n\t\t\t<style type='text\/css'>\n\t\t\t\t#gallery-9 {\n\t\t\t\t\tmargin: auto;\n\t\t\t\t}\n\t\t\t\t#gallery-9 .gallery-item {\n\t\t\t\t\tfloat: left;\n\t\t\t\t\tmargin-top: 10px;\n\t\t\t\t\ttext-align: center;\n\t\t\t\t\twidth: 14%;\n\t\t\t\t}\n\t\t\t\t#gallery-9 img {\n\t\t\t\t\tborder: 2px solid #cfcfcf;\n\t\t\t\t}\n\t\t\t\t#gallery-9 .gallery-caption {\n\t\t\t\t\tmargin-left: 0;\n\t\t\t\t}\n\t\t\t\t\/* see gallery_shortcode() in wp-includes\/media.php *\/\n\t\t\t<\/style>\n\t\t<div id='gallery-9' class='dt-gallery-container gallery galleryid-228349 gallery-columns-7 gallery-size-thumbnail'><dl class='gallery-item'>\n\t\t\t\t<dt class='gallery-icon landscape'>\n\t\t\t\t\t<a class=\"rollover rollover-zoom dt-pswp-item\" title=\"239373970_567864451293560_3882664493271639520_n\" data-dt-img-description=\"\" data-large_image_width=\"417\" data-large_image_height=\"205\"href='https:\/\/www.radiopiu.net\/wordpress\/wp-content\/uploads\/2021\/08\/239373970_567864451293560_3882664493271639520_n.jpg'><img loading=\"lazy\" decoding=\"async\" width=\"150\" height=\"150\" src=\"https:\/\/www.radiopiu.net\/wordpress\/wp-content\/uploads\/2021\/08\/239373970_567864451293560_3882664493271639520_n-150x150.jpg\" class=\"attachment-thumbnail size-thumbnail\" alt=\"\" \/><\/a>\n\t\t\t\t<\/dt><\/dl><dl class='gallery-item'>\n\t\t\t\t<dt class='gallery-icon landscape'>\n\t\t\t\t\t<a class=\"rollover rollover-zoom dt-pswp-item\" title=\"235265584_186869406714448_592605654096411408_n\" data-dt-img-description=\"\" data-large_image_width=\"296\" data-large_image_height=\"206\"href='https:\/\/www.radiopiu.net\/wordpress\/wp-content\/uploads\/2021\/08\/235265584_186869406714448_592605654096411408_n.jpg'><img loading=\"lazy\" decoding=\"async\" width=\"150\" height=\"150\" src=\"https:\/\/www.radiopiu.net\/wordpress\/wp-content\/uploads\/2021\/08\/235265584_186869406714448_592605654096411408_n-150x150.jpg\" class=\"attachment-thumbnail size-thumbnail\" alt=\"\" \/><\/a>\n\t\t\t\t<\/dt><\/dl><dl class='gallery-item'>\n\t\t\t\t<dt class='gallery-icon landscape'>\n\t\t\t\t\t<a class=\"rollover rollover-zoom dt-pswp-item\" title=\"239441762_686391548957165_2291966244257854508_n\" data-dt-img-description=\"\" data-large_image_width=\"296\" data-large_image_height=\"202\"href='https:\/\/www.radiopiu.net\/wordpress\/wp-content\/uploads\/2021\/08\/239441762_686391548957165_2291966244257854508_n.jpg'><img loading=\"lazy\" decoding=\"async\" width=\"150\" height=\"150\" src=\"https:\/\/www.radiopiu.net\/wordpress\/wp-content\/uploads\/2021\/08\/239441762_686391548957165_2291966244257854508_n-150x150.jpg\" class=\"attachment-thumbnail size-thumbnail\" alt=\"\" \/><\/a>\n\t\t\t\t<\/dt><\/dl><dl class='gallery-item'>\n\t\t\t\t<dt class='gallery-icon landscape'>\n\t\t\t\t\t<a class=\"rollover rollover-zoom dt-pswp-item\" title=\"238257141_1164819427330674_2348051556731043813_n\" data-dt-img-description=\"\" data-large_image_width=\"228\" data-large_image_height=\"199\"href='https:\/\/www.radiopiu.net\/wordpress\/wp-content\/uploads\/2021\/08\/238257141_1164819427330674_2348051556731043813_n.jpg'><img loading=\"lazy\" decoding=\"async\" width=\"150\" height=\"150\" src=\"https:\/\/www.radiopiu.net\/wordpress\/wp-content\/uploads\/2021\/08\/238257141_1164819427330674_2348051556731043813_n-150x150.jpg\" class=\"attachment-thumbnail size-thumbnail\" alt=\"\" \/><\/a>\n\t\t\t\t<\/dt><\/dl><dl class='gallery-item'>\n\t\t\t\t<dt class='gallery-icon landscape'>\n\t\t\t\t\t<a class=\"rollover rollover-zoom dt-pswp-item\" title=\"237648795_316454196942553_8435025461696238449_n\" data-dt-img-description=\"\" data-large_image_width=\"277\" data-large_image_height=\"206\"href='https:\/\/www.radiopiu.net\/wordpress\/wp-content\/uploads\/2021\/08\/237648795_316454196942553_8435025461696238449_n.jpg'><img loading=\"lazy\" decoding=\"async\" width=\"150\" height=\"150\" src=\"https:\/\/www.radiopiu.net\/wordpress\/wp-content\/uploads\/2021\/08\/237648795_316454196942553_8435025461696238449_n-150x150.jpg\" class=\"attachment-thumbnail size-thumbnail\" alt=\"\" \/><\/a>\n\t\t\t\t<\/dt><\/dl><dl class='gallery-item'>\n\t\t\t\t<dt class='gallery-icon landscape'>\n\t\t\t\t\t<a class=\"rollover rollover-zoom dt-pswp-item\" title=\"235392407_265848428414284_7158183139894285854_n\" data-dt-img-description=\"\" data-large_image_width=\"296\" data-large_image_height=\"200\"href='https:\/\/www.radiopiu.net\/wordpress\/wp-content\/uploads\/2021\/08\/235392407_265848428414284_7158183139894285854_n.jpg'><img loading=\"lazy\" decoding=\"async\" width=\"150\" height=\"150\" src=\"https:\/\/www.radiopiu.net\/wordpress\/wp-content\/uploads\/2021\/08\/235392407_265848428414284_7158183139894285854_n-150x150.jpg\" class=\"attachment-thumbnail size-thumbnail\" alt=\"\" \/><\/a>\n\t\t\t\t<\/dt><\/dl><dl class='gallery-item'>\n\t\t\t\t<dt class='gallery-icon landscape'>\n\t\t\t\t\t<a class=\"rollover rollover-zoom dt-pswp-item\" title=\"238976305_531740598061470_9040456037818885652_n\" data-dt-img-description=\"\" data-large_image_width=\"350\" data-large_image_height=\"204\"href='https:\/\/www.radiopiu.net\/wordpress\/wp-content\/uploads\/2021\/08\/238976305_531740598061470_9040456037818885652_n.jpg'><img loading=\"lazy\" decoding=\"async\" width=\"150\" height=\"150\" src=\"https:\/\/www.radiopiu.net\/wordpress\/wp-content\/uploads\/2021\/08\/238976305_531740598061470_9040456037818885652_n-150x150.jpg\" class=\"attachment-thumbnail size-thumbnail\" alt=\"\" \/><\/a>\n\t\t\t\t<\/dt><\/dl><br style=\"clear: both\" \/><dl class='gallery-item'>\n\t\t\t\t<dt class='gallery-icon landscape'>\n\t\t\t\t\t<a class=\"rollover rollover-zoom dt-pswp-item\" title=\"239270377_528093541605938_477252641435042020_n\" data-dt-img-description=\"\" data-large_image_width=\"417\" data-large_image_height=\"202\"href='https:\/\/www.radiopiu.net\/wordpress\/wp-content\/uploads\/2021\/08\/239270377_528093541605938_477252641435042020_n.jpg'><img loading=\"lazy\" decoding=\"async\" width=\"150\" height=\"150\" src=\"https:\/\/www.radiopiu.net\/wordpress\/wp-content\/uploads\/2021\/08\/239270377_528093541605938_477252641435042020_n-150x150.jpg\" class=\"attachment-thumbnail size-thumbnail\" alt=\"\" \/><\/a>\n\t\t\t\t<\/dt><\/dl><dl class='gallery-item'>\n\t\t\t\t<dt class='gallery-icon landscape'>\n\t\t\t\t\t<a class=\"rollover rollover-zoom dt-pswp-item\" title=\"238763491_381383643590527_1142699710095055586_n\" data-dt-img-description=\"\" data-large_image_width=\"260\" data-large_image_height=\"206\"href='https:\/\/www.radiopiu.net\/wordpress\/wp-content\/uploads\/2021\/08\/238763491_381383643590527_1142699710095055586_n.jpg'><img loading=\"lazy\" decoding=\"async\" width=\"150\" height=\"150\" src=\"https:\/\/www.radiopiu.net\/wordpress\/wp-content\/uploads\/2021\/08\/238763491_381383643590527_1142699710095055586_n-150x150.jpg\" class=\"attachment-thumbnail size-thumbnail\" alt=\"\" \/><\/a>\n\t\t\t\t<\/dt><\/dl><dl class='gallery-item'>\n\t\t\t\t<dt class='gallery-icon landscape'>\n\t\t\t\t\t<a class=\"rollover rollover-zoom dt-pswp-item\" title=\"235588083_214082844066680_3315836009138541960_n\" data-dt-img-description=\"\" data-large_image_width=\"384\" data-large_image_height=\"206\"href='https:\/\/www.radiopiu.net\/wordpress\/wp-content\/uploads\/2021\/08\/235588083_214082844066680_3315836009138541960_n.jpg'><img loading=\"lazy\" decoding=\"async\" width=\"150\" height=\"150\" src=\"https:\/\/www.radiopiu.net\/wordpress\/wp-content\/uploads\/2021\/08\/235588083_214082844066680_3315836009138541960_n-150x150.jpg\" class=\"attachment-thumbnail size-thumbnail\" alt=\"\" \/><\/a>\n\t\t\t\t<\/dt><\/dl><dl class='gallery-item'>\n\t\t\t\t<dt class='gallery-icon landscape'>\n\t\t\t\t\t<a class=\"rollover rollover-zoom dt-pswp-item\" title=\"239066987_861675831448946_209995839710424741_n\" data-dt-img-description=\"\" data-large_image_width=\"296\" data-large_image_height=\"206\"href='https:\/\/www.radiopiu.net\/wordpress\/wp-content\/uploads\/2021\/08\/239066987_861675831448946_209995839710424741_n.jpg'><img loading=\"lazy\" decoding=\"async\" width=\"150\" height=\"150\" src=\"https:\/\/www.radiopiu.net\/wordpress\/wp-content\/uploads\/2021\/08\/239066987_861675831448946_209995839710424741_n-150x150.jpg\" class=\"attachment-thumbnail size-thumbnail\" alt=\"\" \/><\/a>\n\t\t\t\t<\/dt><\/dl><dl class='gallery-item'>\n\t\t\t\t<dt class='gallery-icon landscape'>\n\t\t\t\t\t<a class=\"rollover rollover-zoom dt-pswp-item\" title=\"238827569_1829289780613214_7707789168899339525_n\" data-dt-img-description=\"\" data-large_image_width=\"296\" data-large_image_height=\"201\"href='https:\/\/www.radiopiu.net\/wordpress\/wp-content\/uploads\/2021\/08\/238827569_1829289780613214_7707789168899339525_n.jpg'><img loading=\"lazy\" decoding=\"async\" width=\"150\" height=\"150\" src=\"https:\/\/www.radiopiu.net\/wordpress\/wp-content\/uploads\/2021\/08\/238827569_1829289780613214_7707789168899339525_n-150x150.jpg\" class=\"attachment-thumbnail size-thumbnail\" alt=\"\" \/><\/a>\n\t\t\t\t<\/dt><\/dl><dl class='gallery-item'>\n\t\t\t\t<dt class='gallery-icon landscape'>\n\t\t\t\t\t<a class=\"rollover rollover-zoom dt-pswp-item\" title=\"235333799_534870277721673_8165709985928358848_n\" data-dt-img-description=\"\" data-large_image_width=\"261\" data-large_image_height=\"202\"href='https:\/\/www.radiopiu.net\/wordpress\/wp-content\/uploads\/2021\/08\/235333799_534870277721673_8165709985928358848_n.jpg'><img loading=\"lazy\" decoding=\"async\" width=\"150\" height=\"150\" src=\"https:\/\/www.radiopiu.net\/wordpress\/wp-content\/uploads\/2021\/08\/235333799_534870277721673_8165709985928358848_n-150x150.jpg\" class=\"attachment-thumbnail size-thumbnail\" alt=\"\" \/><\/a>\n\t\t\t\t<\/dt><\/dl><dl class='gallery-item'>\n\t\t\t\t<dt class='gallery-icon landscape'>\n\t\t\t\t\t<a class=\"rollover rollover-zoom dt-pswp-item\" title=\"235764212_970206660496259_1148986743282857354_n\" data-dt-img-description=\"\" data-large_image_width=\"256\" data-large_image_height=\"206\"href='https:\/\/www.radiopiu.net\/wordpress\/wp-content\/uploads\/2021\/08\/235764212_970206660496259_1148986743282857354_n.jpg'><img loading=\"lazy\" decoding=\"async\" width=\"150\" height=\"150\" src=\"https:\/\/www.radiopiu.net\/wordpress\/wp-content\/uploads\/2021\/08\/235764212_970206660496259_1148986743282857354_n-150x150.jpg\" class=\"attachment-thumbnail size-thumbnail\" alt=\"\" \/><\/a>\n\t\t\t\t<\/dt><\/dl><br style=\"clear: both\" \/>\n\t\t\t<\/div>\n\n<\/div>\n<div class=\"l60d2q6s d1544ag0 sj5x9vvc tw6a2znq l9j0dhe7 ni8dbmo4 stjgntxs e72ty7fz qlfml3jp inkptoze qttc61fc jm1wdb64 qv66sw1b ljqsnud1 odn2s2vf tkr6xdv7\" role=\"none\">\n<div class=\"rq0escxv l9j0dhe7 du4w35lb __fb-light-mode\" role=\"none\">\n<div class=\"pbevjfx6 n3t5jt4f\" dir=\"auto\" role=\"none\">NELLE FOTO (riproduzioni dal libro \u201cLe ville nel paesaggio prealpino della Provincia di Belluno\u201d): veduta del complesso di villa Buzzati; il corpo principale; l\u2019ala est, di stile neogotico; villa Doglioni; scorcio della facciata principale e del parco-giardino di villa Cor\u00e0ulo; veduta del complesso; scorcio della facciata di villa Berettini; veduta parziale del complesso di villa Miari-Fulcis; l\u2019ala di servizio; ambienti interni della stessa villa; la facciata della villa De Bertoldi-Catani; il lungo prospetto verso nord di villa De Bertoldi; imponente sfondo naturale per villa Cesa; villa Fal\u00ecn: la facciata principale, oggi.<\/div>\n<\/div>\n<\/div>\n<p>&nbsp;<\/p>\n<p>&nbsp;<\/p>\n<hr \/>\n<p>&nbsp;<\/p>\n<blockquote>\n<h3>I NOS CROT, LE ESCURSIONI DEL GAMP DOLOMITI<\/h3>\n<\/blockquote>\n<p><strong><a href=\"https:\/\/www.radiopiu.net\/wordpress\/giornale-radiopiu-10-agosto-2021-direttore-mirko-mezzacasa\/immagine-2021-08-09-122428\/\" rel=\"attachment wp-att-226844\"><img loading=\"lazy\" decoding=\"async\" class=\"wp-image-226844 alignleft\" src=\"https:\/\/www.radiopiu.net\/wordpress\/wp-content\/uploads\/2021\/08\/Immagine-2021-08-09-122428-228x300.png\" alt=\"\" width=\"143\" height=\"189\" srcset=\"https:\/\/www.radiopiu.net\/wordpress\/wp-content\/uploads\/2021\/08\/Immagine-2021-08-09-122428-228x300.png 228w, https:\/\/www.radiopiu.net\/wordpress\/wp-content\/uploads\/2021\/08\/Immagine-2021-08-09-122428.png 663w\" sizes=\"auto, (max-width: 143px) 100vw, 143px\" \/><\/a> <\/strong><\/p>\n<p><strong>\u00a0<\/strong><\/p>\n<p><strong>AGORDO <\/strong>I NOS CROT \u00e8 il nome della serie di escursioni geoturistiche che anche quest&#8217;anno il GAMP DOLOMITI (Gruppo Agordino Mineralogico Paleontologico) vuole riproporre! Delle geoescursioni dal titolo tutto agordino (=i nostri sassi) che vogliono raccontarvi scorci e curiosit\u00e0 geologiche di questo magnifico territorio! ISCRIZIONI APERTE all&#8217;Ufficio Turistico di Agordo o contattando il numero 3884955756 Queste le escursioni: Luned\u00ec 23 agosto Valle di San Lucano, Gioved\u00ec 26 agosto Frassen\u00e9-Rifugio Scarpa<\/p>\n<p>&nbsp;<\/p>\n<p>&nbsp;<\/p>\n<p>&nbsp;<\/p>\n<hr \/>\n<p>&nbsp;<\/p>\n<blockquote>\n<h3 align=\"CENTER\"><b>ESTATE 2021: ED ECCO DI NUOVO I MERCATINI\u00a0<\/b><b>DELL\u2019ANTIQUARIATO, DEL COLLEZIONISMO, DELL\u2019 USATO \u00a0<\/b><\/h3>\n<\/blockquote>\n<p align=\"JUSTIFY\"><a href=\"https:\/\/www.radiopiu.net\/wordpress\/giornale-radiopiu-23-luglio-2021-direttore-mirko-mezzacasa\/mercatino-caprile\/\" rel=\"attachment wp-att-223533\"><img loading=\"lazy\" decoding=\"async\" class=\" wp-image-223533 alignleft\" src=\"https:\/\/www.radiopiu.net\/wordpress\/wp-content\/uploads\/2021\/07\/Mercatino-Caprile-200x300.jpg\" sizes=\"auto, (max-width: 175px) 100vw, 175px\" srcset=\"https:\/\/www.radiopiu.net\/wordpress\/wp-content\/uploads\/2021\/07\/Mercatino-Caprile-200x300.jpg 200w, https:\/\/www.radiopiu.net\/wordpress\/wp-content\/uploads\/2021\/07\/Mercatino-Caprile-683x1024.jpg 683w, https:\/\/www.radiopiu.net\/wordpress\/wp-content\/uploads\/2021\/07\/Mercatino-Caprile-768x1152.jpg 768w, https:\/\/www.radiopiu.net\/wordpress\/wp-content\/uploads\/2021\/07\/Mercatino-Caprile-1024x1536.jpg 1024w, https:\/\/www.radiopiu.net\/wordpress\/wp-content\/uploads\/2021\/07\/Mercatino-Caprile-1366x2048.jpg 1366w, https:\/\/www.radiopiu.net\/wordpress\/wp-content\/uploads\/2021\/07\/Mercatino-Caprile-scaled.jpg 1707w\" alt=\"\" width=\"108\" height=\"162\" \/><\/a>Il gruppo trevigiano degli \u201cAmici dell\u2019Antiquariato\u201d in collaborazione con il coordinatore locale Giorgio Fontanive e Ad Agordo Pro Loco organizza gli appuntamenti per gli appassionati delle cose antiche come accade dal 2011. Gli operatori dell\u2019organizzazione saranno attorno al Br\u00f3i e nella caratteristica Contrada S.Marco a Caprile. Questi i prossimi appuntamenti:\u00a0<b>Caprile<\/b>\u00a0 domani. Partecipano all\u2019iniziativa commercianti preparati e selezionati in vari settori di operativit\u00e0: oggettistica d\u2019epoca, mobili, arte e collezionismo cartaceo, libri, medaglistica, piccolo antiquariato, arte, vetreria artistica, ecc. Informazioni sull\u2019effettuazione degli incontri e orari all\u2019Ufficio Turistico di Agordo (0437-62105); all\u2019Ufficio Turistico di Alleghe (0437-523333); al riferimento organizzativo\u00a0 348.8278042; alla mail <a href=\"mailto:giorgiofontanive@virgilio.it\">giorgiofontanive@virgilio.it<\/a>.<\/p>\n<div class=\"mkdf-post-text\">\n<div class=\"mkdf-post-text-inner\">\n<div class=\"mkdf-post-text-main\">\n<p>&nbsp;<\/p>\n<hr \/>\n<p>&nbsp;<\/p>\n<blockquote>\n<h3>ECOSFIDE A CASA GUARNIERI CON L&#8217;AUTORE<\/h3>\n<\/blockquote>\n<p><strong>FELTRE<\/strong> L&#8217;associazione culturale Paolo Rizzi presenta Un Libro in Villa. Venerdi alle 17 nel giardino Casa Guarnieri-Villa San Giuseppe sar\u00e0 presentato il libro Ecosfide, venti storie di scelte alternative nel rispetto della natura. Sar\u00e0 presente l&#8217;autore Vittorio Pierobon. Presentazione Carlo Balestra, coordinamento Antonio Ganz. Interverranno l&#8217;assessore Alessandro Dal Bianco, Enzo Guarnieri di Villa San Giuseppe e Piergiorgio Baroldi Presidente dell&#8217;associazione culturale Paolo Rizzi.<\/p>\n<p>&nbsp;<\/p>\n<hr \/>\n<p>&nbsp;<\/p>\n<p>&nbsp;<\/p>\n<blockquote>\n<h3>PAROLE, MUSICA E SCULTURA: MARIO RIGONI STERN IN VETTA AL COL MARGHERITA<\/h3>\n<\/blockquote>\n<p><a href=\"https:\/\/www.radiopiu.net\/wordpress\/giornale-radiopiu-20-agosto-2021-direttore-mirko-mezzacasa\/il-sergente-nella-neve_murer_lr\/\" rel=\"attachment wp-att-228445\"><img loading=\"lazy\" decoding=\"async\" class=\" wp-image-228445 alignleft\" src=\"https:\/\/www.radiopiu.net\/wordpress\/wp-content\/uploads\/2021\/08\/Il-Sergente-nella-neve_MURER_lr-300x240.jpg\" alt=\"\" width=\"199\" height=\"159\" srcset=\"https:\/\/www.radiopiu.net\/wordpress\/wp-content\/uploads\/2021\/08\/Il-Sergente-nella-neve_MURER_lr-300x240.jpg 300w, https:\/\/www.radiopiu.net\/wordpress\/wp-content\/uploads\/2021\/08\/Il-Sergente-nella-neve_MURER_lr-1024x818.jpg 1024w, https:\/\/www.radiopiu.net\/wordpress\/wp-content\/uploads\/2021\/08\/Il-Sergente-nella-neve_MURER_lr-768x614.jpg 768w, https:\/\/www.radiopiu.net\/wordpress\/wp-content\/uploads\/2021\/08\/Il-Sergente-nella-neve_MURER_lr-1536x1228.jpg 1536w, https:\/\/www.radiopiu.net\/wordpress\/wp-content\/uploads\/2021\/08\/Il-Sergente-nella-neve_MURER_lr.jpg 1619w\" sizes=\"auto, (max-width: 199px) 100vw, 199px\" \/><\/a><strong>SAN PELLEGRINO<\/strong> Mercoled\u00ec 25 agosto, alle ore 11, sul Col Margherita va in scena &#8220;Ghe rivarem a baita?&#8221;, omaggio a Mario Rigoni Stern per ricordare il centenario della sua nascita.\u00a0 Alla lettura e commento dei brani dello scrittore a cura di Sara Luchetta, ricercatrice di Ca\u2019 Foscari, si accompagneranno le note del violinista agordino Ivan Zasso. Musica e parole consentiranno di esplorare le opere di colui che Primo Levi defin\u00ec &#8220;uno dei pi\u00f9 grandi scrittori italiani&#8221;. Un viaggio nel racconto della Seconda Guerra Mondiale e del trauma della ritirata di Russia. \u00abEsploreremo il modo in cui la narrazione del conflitto abbraccia anche temi come l&#8217;amicizia, l&#8217;amore e la natura\u00bb, spiega Sara Luchetta. Tra i brani in scaletta ve ne sono alcuni tratti da Il Sergente nella neve, autobiografia della ritirata di Russia che unir\u00e0 lettura e scultura grazie alla presenza dell\u2019omonima opera di Augusto Murer. Un bronzo che \u00e8 esso stesso un omaggio allo scrittore di Asiago da parte di Murer, suo storico amico. &#8220;Ghe rivarem a baita?&#8221; con le opere di Augusto Murer e i testi di Mario Rigoni Stern \u00e8 anche il nome dell\u2019esposizione en plein air visitabile sul Col Margherita fino al 12 settembre. La galleria, con ingresso gratuito accedendo al rifugio InAlto, comprende i ritratti dello scrittore dipinti su antiche porte in legno, opere di Franco Murer.<\/p>\n<p>&nbsp;<\/p>\n<hr \/>\n<p>&nbsp;<\/p>\n<blockquote>\n<h3>GLI EVENTI ESTIVI DI ARABBA FODOM TURISMO<\/h3>\n<\/blockquote>\n<a href=\"https:\/\/www.radiopiu.net\/wordpress\/wp-content\/uploads\/2021\/08\/Attivita\u0300-Eventi-Agosto-2.pdf\" class=\"pdfemb-viewer\" style=\"\" data-width=\"max\" data-height=\"max\" data-toolbar=\"top\" data-toolbar-fixed=\"on\">Attivita\u0300 &amp; Eventi Agosto 2<\/a>\n<p>&nbsp;<\/p>\n<hr \/>\n<p>&nbsp;<\/p>\n<h3 class=\"entry-title mkdf-post-title\">Primo concerto in Valle di Gares con i Pink Size Il grande spettacolo ai piedi delle Dolomiti<\/h3>\n<p><a href=\"https:\/\/www.radiopiu.net\/wordpress\/giornale-radiopiu-01-agosto-2021-direttore-mirko-mezzacasa\/11705683_10207451188865973_7894969160591772771_o-e1624806851469\/\" rel=\"attachment wp-att-225349\"><img loading=\"lazy\" decoding=\"async\" class=\"wp-image-225349 alignleft\" src=\"https:\/\/www.radiopiu.net\/wordpress\/wp-content\/uploads\/2021\/08\/11705683_10207451188865973_7894969160591772771_o-e1624806851469.jpg\" sizes=\"auto, (max-width: 256px) 100vw, 256px\" srcset=\"https:\/\/www.radiopiu.net\/wordpress\/wp-content\/uploads\/2021\/08\/11705683_10207451188865973_7894969160591772771_o-e1624806851469.jpg 1000w, https:\/\/www.radiopiu.net\/wordpress\/wp-content\/uploads\/2021\/08\/11705683_10207451188865973_7894969160591772771_o-e1624806851469-300x194.jpg 300w, https:\/\/www.radiopiu.net\/wordpress\/wp-content\/uploads\/2021\/08\/11705683_10207451188865973_7894969160591772771_o-e1624806851469-768x495.jpg 768w\" alt=\"\" width=\"256\" height=\"165\" \/><\/a><\/p>\n<div class=\"vc_row wpb_row vc_row-fluid vc_custom_1520853310750\">\n<div class=\"wpb_column vc_column_container vc_col-sm-12\">\n<div class=\"vc_column-inner\">\n<div class=\"wpb_wrapper\">\n<div class=\"wpb_text_column wpb_content_element \">\n<div class=\"wpb_wrapper\">\n<p><strong>Domenica 22 agosto 2021 alle ore 17.00<\/strong>\u00a0Canale d\u2019Agordo ospiter\u00e0 il 1\u00b0 concerto in Valle di Gar\u00e9s.\u00a0<strong>La location \u00e8 spettacolare e suggestiva<\/strong>, immersa nel verde, circondata delle Pale di San Martino e dalle cascate delle Comelle. In localit\u00e0 Pian de Giare, in fondo alla Valle di Gar\u00e8s, su di un grande prato, circondati dalle maestose Dolomiti, andr\u00e0 in scena uno spettacolo indimenticabile con l\u2019esibizione dei\u00a0<strong>Pink Size, Tribute band dei Pink Floyd.\u00a0<\/strong>Dal 2005 la band propone con grande passione le sonorit\u00e0 tipiche del Pink Floyd a 360 gradi. La scaletta abbraccia tutta la discografia, dalla psichedelia di Astronomy Domine ed Echoes, passando per l\u2019evoluzione degli anni \u201970 (Atom Heart Mother, Dark Side of the Moon, Wish You Were Here, Animals e The Wall), fino al loro ultimo album in studio. L\u2019evento, organizzato, dalla Pro Loco in collaborazione con le altre associazioni di volontariato locale, era previsto gi\u00e0 lo scorso anno, ma a causa della pandemia non ci sono state le condizioni per realizzarlo. Nonostante il Coronavirus abbia messo in crisi il turismo e quindi anche l\u2019attivit\u00e0 della Pro Loco, l\u2019Associazione stavolta \u00e8 determinata a procedere con l\u2019iniziativa. Per maggiori informazioni sulle modalit\u00e0 di partecipazione al concerto \u00e8 possibile rivolgersi all\u2019ufficio Pro Loco di Canale d\u2019Agordo e.mail: info@prolococanale.it tel. 0437 1948001. In base all&#8217;attuale normativa per il contenimento del Covid-19 l\u2019accesso al concerto \u00e8 consentito <b>SOLAMENTE <\/b>a coloro che esibiscono il <b>GREEN PASS. <\/b>E\u2019, inoltre, obbligatorio l\u2019uso della mascherina, il mantenimento delle distanze minime di sicurezza, nonch\u00e9 il pieno rispetto dei posti assegnati dallo staff organizzativo pro loco.<\/p>\n<\/div>\n<\/div>\n<\/div>\n<\/div>\n<\/div>\n<\/div>\n<p>&nbsp;<\/p>\n<p>&nbsp;<\/p>\n<hr \/>\n<p>&nbsp;<\/p>\n<blockquote>\n<h3>A CANALE DUE EVENTI IN PIAZZA PAPA LUCIANI<\/h3>\n<\/blockquote>\n<p><strong>CANALE D&#8217;AGORDO<\/strong> Stasera dalle 20:30 in piazza Papa Luciani serata di musica live con i Velvet Radio Live. Domenica dalle 8 alle 18, sempre in piazza a Canale D&#8217;Agordo il mercatino dell&#8217;artigianato e hobbistica.<\/p>\n<p>&nbsp;<\/p>\n<p>&nbsp;<\/p>\n<hr \/>\n<p>&nbsp;<\/p>\n<blockquote>\n<h3>CUGNISCION NOSTE VIJINANZE<\/h3>\n<\/blockquote>\n<p><strong>COLLE SANTA LUCIA<\/strong> Istitut Ladin Cesa De Jan assieme al comune di Livinallongo del Col Di Lana organizzano delle gite alla scoperta delle vicinie di Fodom. I prossimi appuntamenti: il 26 tocca a Larzonei, Corte e Contrin il 2 settembre e Pieve e Salesei il 9 settembre. Il costo delle visite \u00e8 di 15 euro per gli adulti e 7 per i bambini (pranzo non compreso). Si consiglia un abbigliamento da trekking. Info e prenotazioni al 3343346680<\/p>\n<p>&nbsp;<\/p>\n<p>&nbsp;<\/p>\n<hr \/>\n<p>&nbsp;<\/p>\n<blockquote>\n<h3>LA MOSTRA DI RENZO MIOLA A CANALE D\u2019AGORDO<\/h3>\n<\/blockquote>\n<p><strong>CANALE D\u2019AGORDO<\/strong>\u00a0Dal 12 al 31 agosto, presso la Casa delle Regole di Canale D\u2019Agordo, \u00e8 visitabile la mostra di pittura paesaggistica di Renzo Miola. La mostra seguira\u00e0 i seguenti orari: 10:30 \u2013 12:30, 16:30 \u2013 18:30 e 20 \u2013 22. L\u2019inaugurazione gioved\u00ec 12 agosto alle 17.<\/p>\n<p>&nbsp;<\/p>\n<p>&nbsp;<\/p>\n<hr \/>\n<p>&nbsp;<\/p>\n<blockquote>\n<h3>IL MUSEO ETNOGRAFICO DI TAIBON AGORDINO FINO AL 28 AGOSTO<\/h3>\n<\/blockquote>\n<p><strong>TAIBON<\/strong>\u00a0Sono aperte le porte del Museo Etnografico di Taibon Agordino \u201cCasa della Maria del Pacifico\u201d. Visitabile tutti i giorni dalle 10 alle 12 e dalle 16 alle 18 escluso il luned\u00ec mattina. Il Museo si trova vicino al municipio si Taibon in Via Pietro Nenni. Accesso con obbligo di mascherina e igienizzazione delle mani. Per informazioni 340 1495978<\/p>\n<p>&nbsp;<\/p>\n<p>&nbsp;<\/p>\n<hr \/>\n<p>&nbsp;<\/p>\n<blockquote>\n<h3>ARMONIE 2021, 3 APPUNTAMENTI A FINE AGOSTO<\/h3>\n<\/blockquote>\n<p><strong>BELLUNO\u00a0<\/strong>Triplo appuntamento per la rassegna \u201cArmonie 2021\u201d. Due concerti sono in programma il domani quando alle 17, presso il teatro Al Mut verr\u00e0 presentato \u201cCarmen\u201d e la sera alle 21 \u201cFinalmente insieme\u2026canto e musica\u201d in Piazza Duomo. Il 29 agosto alle 16 l\u2019ultimo appuntamento con \u201cCanti e poesie di fine estate\u201d a Bolzano Bellunese. Concerti all\u2019aperto su prenotazione ed esibizione di green pass.<\/p>\n<p>&nbsp;<\/p>\n<p>&nbsp;<\/p>\n<hr \/>\n<p>&nbsp;<\/p>\n<blockquote>\n<h3>SMILE MUSIC BAND A FALCADE<\/h3>\n<\/blockquote>\n<p><strong>FALCADE<\/strong> Domani a partire dalle 15:30, sotto al tendone sulla piana di Falcade, si esibiranno i 5 ragazzi della Smile Music Band. Organizza la Pro Loco di Caviola.<\/p>\n<p>&nbsp;<\/p>\n<hr \/>\n<p>&nbsp;<\/p>\n<blockquote>\n<h3>I 130 ANNI DEL CAI BELLUNO CON 3 APPUNTAMENTI DEL CORO<\/h3>\n<\/blockquote>\n<p><strong>BELLUNO<\/strong> Saranno 3 gli appuntamenti in programma nei prossimi giorni con il coro Cai di Belluno per celebrare i 130 anni dalla fondazione della sezione di Belluno. Il 29 agosto l&#8217;appuntamento \u00e8 al Rifugio Tissi con la Santa Messa cantata. Il 5 settembre il coro Cai sar\u00e0 al Rifugio Bianchet per una esibizione mentre l&#8217;11 settembre al Rifugio Settimo Alpini per la messa in ricordo dei caduti della montagna.<\/p>\n<p>&nbsp;<\/p>\n<p>&nbsp;<\/p>\n<hr \/>\n<p>&nbsp;<\/p>\n<blockquote>\n<h3>CONVERSAZIONE SU DANTE CON ANTONIA ARSLAN<\/h3>\n<\/blockquote>\n<p><strong>SANTA GIUSTINA<\/strong> Per il settecentenario dantesco l\u2019Assessorato alla Cultura del Comune di Santa Giustina ha scelto la scrittrice Antonia Arslan, cittadina onoraria e ormai ospite fissa degli eventi estivi organizzati dal Comune. Anche per l\u2019incontro di venerd\u00ec prossimo la Arslan ha scelto un passaggio non scontato della Divina Commedia.\u00a0 Lo scopo sar\u00e0 come sempre quello di presentare la scrittura con un taglio critico, ma anche curioso e perch\u00e9 no, divertito, al pubblico che sar\u00e0 presente a Villa Bonsembiante di Colvago a Santa Giustina stasera, con inizio alle 20.45. Causa misure Covid \u00e8 necessaria la prenotazione e il pubblico dovr\u00e0 esibire il Green pass, presentandosi all\u2019ingresso dalle ore 20.15. Prenotazione obbligatoria compilando il form disponibile sulla pagina Facebook o il sito del Comune di Santa Giustina <a href=\"https:\/\/www.comune.santagiustina.bl.it\/Vivere-Santa-Giustina\/Avvisi-e-news\/CONVERSAZIONE-SU-DANTE-CON-ANTONIA-ARSLAN-VENERDI-20-AGOSTO\">https:\/\/www.comune.santagiustina.bl.it\/Vivere-Santa-Giustina\/Avvisi-e-news\/CONVERSAZIONE-SU-DANTE-CON-ANTONIA-ARSLAN-VENERDI-20-AGOSTO <\/a>In caso di maltempo l\u2019incontro si svolger\u00e0 nella sala parrocchiale di piazza Maggiore a Santa Giustina.<\/p>\n<p>&nbsp;<\/p>\n<p>&nbsp;<\/p>\n<hr \/>\n<p>&nbsp;<\/p>\n<blockquote>\n<h3>TORNANO GLI APPUNTAMENTI CON LA BIBLIOTECA DI LIMANA<\/h3>\n<\/blockquote>\n<p><strong>LIMANA <\/strong><span class=\"s1\">Riprendono gli appuntamenti della rassegna culturale Ritrovarsi in Sinistra Piave organizzati dal Comune di Limana. <\/span><span class=\"s1\">Prossimo incontro oggi alle 18.00 presso l&#8217;area Pro Loco (fronte scuole elementari) con la presentazione del libro &#8220;1896 Limana e la sua Banca&#8221;. <\/span><span class=\"s1\">Un libro scritto da Vito Tormen che verr\u00e0 presentato da Dino Bridda.Ingresso gratuito con prenotazione obbligatoria al link <a href=\"https:\/\/forms.gle\/hGwNeoCURQ3oBLd67?fbclid=IwAR10SB_7hp6IiajkioFs6IFG1dQ3vaHw8VDdBSKXehPuu7HjwG1WgHyVeQ8\">https:\/\/forms.gle\/hGwNeoCURQ3oBLd67<\/a> <\/span><span class=\"s1\">Ingresso con Green pass o tampone negativo eseguito 48 ore prima<\/span><\/p>\n<p>&nbsp;<\/p>\n<hr \/>\n<p>&nbsp;<\/p>\n<blockquote>\n<h3>FESTA DEL PESCE A CUSIGHE IL 27, 28, 29 AGOSTO<\/h3>\n<\/blockquote>\n<p><strong>BELLUNO<\/strong> \u00a027, 28 e 29 agosto: Ritorna a Cusighe la tradizionale Festa del Pesce, organizzata dall\u2019Associazione Insieme si pu\u00f2. Come di consueto tutto il ricavato della manifestazione, giunta alla trentasettesima edizione, sar\u00e0 destinato ai progetti di solidariet\u00e0 promossi da Insieme si pu\u00f2. Ci sar\u00e0 la novit\u00e0 di un capannone pi\u00f9 grande al campo sportivo di Cusighe, dove accogliere al meglio le persone, e una collaborazione con il Gruppo Stand Up di Insieme si pu\u00f2. Il programma su \u00a0www.365giorni.org oppure seguire i canali social dell\u2019Associazione.<\/p>\n<p>&nbsp;<\/p>\n<hr \/>\n<p>&nbsp;<\/p>\n<h3><span style=\"color: #ff0000;\">IERI ALLA RADIO\u00a0<\/span><\/h3>\n<h2><strong><a href=\"https:\/\/www.radiopiu.net\/wordpress\/giornale-radiopiu-14-febbraio-2021-direttore-mirko-mezzacasa\/renzo-minella-10\/\" rel=\"attachment wp-att-191135\"><img loading=\"lazy\" decoding=\"async\" class=\"size-medium wp-image-191135 alignleft\" src=\"https:\/\/www.radiopiu.net\/wordpress\/wp-content\/uploads\/2021\/02\/RENZO-MINELLA-300x200.jpg\" alt=\"\" width=\"300\" height=\"200\" srcset=\"https:\/\/www.radiopiu.net\/wordpress\/wp-content\/uploads\/2021\/02\/RENZO-MINELLA-300x200.jpg 300w, https:\/\/www.radiopiu.net\/wordpress\/wp-content\/uploads\/2021\/02\/RENZO-MINELLA-768x512.jpg 768w, https:\/\/www.radiopiu.net\/wordpress\/wp-content\/uploads\/2021\/02\/RENZO-MINELLA.jpg 1024w\" sizes=\"auto, (max-width: 300px) 100vw, 300px\" \/><\/a><\/strong><span style=\"color: #993300;\">L&#8217;ARRIVO DELL&#8217;UMANA REYER A FALCADE<\/span><\/h2>\n<p><strong>di Claudio Fontanive<\/strong><\/p>\n<p>OSPITE: Renzo Minella, responsabile marketing Ski Area San Pellegrino<\/p>\n<audio class=\"wp-audio-shortcode\" id=\"audio-228349-14\" preload=\"none\" style=\"width: 100%;\" controls=\"controls\"><source type=\"audio\/mpeg\" src=\"https:\/\/www.radiopiu.net\/wordpress\/wp-content\/uploads\/2021\/08\/renzo-minella-19-agosto.mp3?_=14\" \/><a href=\"https:\/\/www.radiopiu.net\/wordpress\/wp-content\/uploads\/2021\/08\/renzo-minella-19-agosto.mp3\">https:\/\/www.radiopiu.net\/wordpress\/wp-content\/uploads\/2021\/08\/renzo-minella-19-agosto.mp3<\/a><\/audio>\n<p>&nbsp;<\/p>\n<p>&nbsp;<\/p>\n<hr \/>\n<p>&nbsp;<\/p>\n<p>&nbsp;<\/p>\n<blockquote class=\"wp-embedded-content\" data-secret=\"cnxs1tbx23\"><p><a href=\"https:\/\/www.radiopiu.net\/wordpress\/i-misteri-di-alleghe-di-sergio-saviane-alla-radio-con-lattore-roberto-faoro-il-podcast\/\">&#8220;I MISTERI DI ALLEGHE DI SERGIO SAVIANE&#8221; ALLA RADIO CON L&#8217;ATTORE ROBERTO FAORO &#8211; IL PODCAST<\/a><\/p><\/blockquote>\n<p><iframe loading=\"lazy\" class=\"wp-embedded-content\" sandbox=\"allow-scripts\" security=\"restricted\" style=\"position: absolute; clip: rect(1px, 1px, 1px, 1px);\" title=\"&#8220;&#8220;I MISTERI DI ALLEGHE DI SERGIO SAVIANE&#8221; ALLA RADIO CON L&#8217;ATTORE ROBERTO FAORO &#8211; IL PODCAST&#8221; &#8212; Radio Pi\u00f9\" src=\"https:\/\/www.radiopiu.net\/wordpress\/i-misteri-di-alleghe-di-sergio-saviane-alla-radio-con-lattore-roberto-faoro-il-podcast\/embed\/#?secret=cnxs1tbx23\" data-secret=\"cnxs1tbx23\" width=\"600\" height=\"338\" frameborder=\"0\" marginwidth=\"0\" marginheight=\"0\" scrolling=\"no\"><\/iframe><\/p>\n<h2><\/h2>\n<hr \/>\n<p>&nbsp;<\/p>\n<h2><span style=\"color: #ff6600;\">I PROFESSIONISTI DEL POLIAMBULATORIO AGORDINO RISPONDONO<\/span><\/h2>\n<blockquote class=\"wp-embedded-content\" data-secret=\"bkMS5b3oIi\"><p><a href=\"https:\/\/www.radiopiu.net\/wordpress\/i-professionisti-del-poliambulatorio-agordino-rispondono\/\">I PROFESSIONISTI DEL POLIAMBULATORIO AGORDINO RISPONDONO<\/a><\/p><\/blockquote>\n<p><iframe loading=\"lazy\" class=\"wp-embedded-content\" sandbox=\"allow-scripts\" security=\"restricted\" style=\"position: absolute; clip: rect(1px, 1px, 1px, 1px);\" title=\"&#8220;I PROFESSIONISTI DEL POLIAMBULATORIO AGORDINO RISPONDONO&#8221; &#8212; Radio Pi\u00f9\" src=\"https:\/\/www.radiopiu.net\/wordpress\/i-professionisti-del-poliambulatorio-agordino-rispondono\/embed\/#?secret=bkMS5b3oIi\" data-secret=\"bkMS5b3oIi\" width=\"600\" height=\"338\" frameborder=\"0\" marginwidth=\"0\" marginheight=\"0\" scrolling=\"no\"><\/iframe><\/p>\n<p>&nbsp;<\/p>\n<hr \/>\n<p>&nbsp;<\/p>\n<blockquote class=\"wp-embedded-content\" data-secret=\"ZD6fbjGnIG\"><p><a href=\"https:\/\/www.radiopiu.net\/wordpress\/plastic-free-per-un-mondo-senza-plastica\/\">PLASTIC FREE per un mondo senza plastica<\/a><\/p><\/blockquote>\n<p><iframe loading=\"lazy\" class=\"wp-embedded-content\" sandbox=\"allow-scripts\" security=\"restricted\" style=\"position: absolute; clip: rect(1px, 1px, 1px, 1px);\" title=\"&#8220;PLASTIC FREE per un mondo senza plastica&#8221; &#8212; Radio Pi\u00f9\" src=\"https:\/\/www.radiopiu.net\/wordpress\/plastic-free-per-un-mondo-senza-plastica\/embed\/#?secret=ZD6fbjGnIG\" data-secret=\"ZD6fbjGnIG\" width=\"600\" height=\"338\" frameborder=\"0\" marginwidth=\"0\" marginheight=\"0\" scrolling=\"no\"><\/iframe><\/p>\n<p>&nbsp;<\/p>\n<hr \/>\n<p>&nbsp;<\/p>\n<blockquote class=\"wp-embedded-content\" data-secret=\"vxvUFhfhHY\"><p><a href=\"https:\/\/www.radiopiu.net\/wordpress\/da-ieri-alla-radio-in-palinsesto-loris-e-maurizio-con-la-grande-musica\/\">IL BLUES ALLA RADIO &#8230; COME NON L&#8217;AVETE MAI SENTITO PRIMA<\/a><\/p><\/blockquote>\n<p><iframe loading=\"lazy\" class=\"wp-embedded-content\" sandbox=\"allow-scripts\" security=\"restricted\" style=\"position: absolute; clip: rect(1px, 1px, 1px, 1px);\" title=\"&#8220;IL BLUES ALLA RADIO &#8230; COME NON L&#8217;AVETE MAI SENTITO PRIMA&#8221; &#8212; Radio Pi\u00f9\" src=\"https:\/\/www.radiopiu.net\/wordpress\/da-ieri-alla-radio-in-palinsesto-loris-e-maurizio-con-la-grande-musica\/embed\/#?secret=vxvUFhfhHY\" data-secret=\"vxvUFhfhHY\" width=\"600\" height=\"338\" frameborder=\"0\" marginwidth=\"0\" marginheight=\"0\" scrolling=\"no\"><\/iframe><\/p>\n<p>&nbsp;<\/p>\n<hr \/>\n<p>&nbsp;<\/p>\n<div>\n<div class=\"mkdf-post-text\">\n<div class=\"mkdf-post-text-inner\">\n<div class=\"mkdf-post-text-main\">\n<div class=\"mkdf-post-text\">\n<div class=\"mkdf-post-text-inner\">\n<div class=\"mkdf-post-text-main\">\n<div class=\"mkdf-post-text\">\n<div class=\"mkdf-post-text-inner\">\n<div class=\"mkdf-post-text-main\">\n<div class=\"page-title-head hgroup\">\n<div class=\"page-title-head hgroup\">\n<div class=\"page-title-breadcrumbs\">\n<div class=\"mkdf-post-text\">\n<div class=\"mkdf-post-text-inner\">\n<div class=\"mkdf-post-text-main\">\n<div class=\"mkdf-post-text\">\n<div class=\"mkdf-post-text-inner\">\n<div class=\"mkdf-post-text-main\">\n<div class=\"page-title-head hgroup\">\n<div class=\"page-title-head hgroup\">\n<div class=\"mkdf-post-text\">\n<div class=\"mkdf-post-text-inner\">\n<div class=\"mkdf-post-text-main\">\n<div class=\"mkdf-post-text\">\n<div class=\"mkdf-post-text-inner\">\n<div class=\"mkdf-post-text-main\">\n<div class=\"page-title-head hgroup\">\n<div class=\"page-title-head hgroup\">\n<div class=\"page-title-head hgroup\">\n<div class=\"page-title-head hgroup\">\n<div class=\"b654a4as d2edcug0\">\n<div class=\"page-title-head hgroup\">\n<div class=\"page-title-head hgroup\">\n<div class=\"mkdf-post-text\">\n<div class=\"mkdf-post-text-inner\">\n<div class=\"mkdf-post-text-main\">\n<div class=\"mkdf-post-text\">\n<div class=\"mkdf-post-text-inner\">\n<div class=\"mkdf-post-text-main\">\n<div class=\"mkdf-post-text\">\n<div class=\"mkdf-post-text-inner\">\n<div class=\"mkdf-post-text-main\">\n<div class=\"page-title-head hgroup\">\n<div class=\"page-title-head hgroup\">\n<div class=\"mkdf-post-text\">\n<div class=\"mkdf-post-text-inner\">\n<div class=\"mkdf-post-text-main\">\n<div class=\"mkdf-post-text\">\n<div class=\"mkdf-post-text-inner\">\n<div class=\"mkdf-post-text-main\">\n<div class=\"page-title-head hgroup\">\n<div class=\"page-title-head hgroup\">\n<div class=\"page-title-head hgroup\">\n<div class=\"page-title-head hgroup\">\n<div class=\"b654a4as d2edcug0\">\n<div class=\"page-title-head hgroup\">\n<div class=\"page-title-head hgroup\">\n<div class=\"page-title-head hgroup\">\n<div class=\"page-title-head hgroup\">\n<div class=\"b654a4as d2edcug0\">\n<div>\n<div class=\"mkdf-post-text\">\n<div class=\"mkdf-post-text-inner\">\n<div class=\"mkdf-post-text-main\">\n<div class=\"mkdf-post-text\">\n<div class=\"mkdf-post-text-inner\">\n<div class=\"mkdf-post-text-main\">\n<div class=\"mkdf-post-text\">\n<div class=\"mkdf-post-text-inner\">\n<div class=\"mkdf-post-text-main\">\n<div class=\"page-title-head hgroup\">\n<div class=\"page-title-head hgroup\">\n<div class=\"page-title-breadcrumbs\">\n<div class=\"mkdf-post-text\">\n<div class=\"mkdf-post-text-inner\">\n<div class=\"mkdf-post-text-main\">\n<div class=\"mkdf-post-text\">\n<div class=\"mkdf-post-text-inner\">\n<div class=\"mkdf-post-text-main\">\n<div class=\"page-title-head hgroup\">\n<div class=\"page-title-head hgroup\">\n<div class=\"mkdf-post-text\">\n<div class=\"mkdf-post-text-inner\">\n<div class=\"mkdf-post-text-main\">\n<h2><strong><span style=\"color: #ff0000;\">QUINDICINALE APPUNTAMENTO ALLA RADIO<\/span><\/strong><\/h2>\n<blockquote>\n<h3><a style=\"font-size: 14px; font-weight: normal;\" href=\"https:\/\/www.radiopiu.net\/wordpress\/giornale-radiopiu-06-febbraio-2019-direttore-mirko-mezzacasa\/logo_spi-cgil-800x445\/\" rel=\"attachment wp-att-75538\"><img loading=\"lazy\" decoding=\"async\" class=\"wp-image-75538 alignleft\" src=\"https:\/\/www.radiopiu.net\/wordpress\/wp-content\/uploads\/2019\/02\/Logo_Spi-CGIL-800x445-300x167.jpg\" alt=\"\" width=\"210\" height=\"117\" srcset=\"https:\/\/www.radiopiu.net\/wordpress\/wp-content\/uploads\/2019\/02\/Logo_Spi-CGIL-800x445-300x167.jpg 300w, https:\/\/www.radiopiu.net\/wordpress\/wp-content\/uploads\/2019\/02\/Logo_Spi-CGIL-800x445-768x427.jpg 768w, https:\/\/www.radiopiu.net\/wordpress\/wp-content\/uploads\/2019\/02\/Logo_Spi-CGIL-800x445.jpg 800w\" sizes=\"auto, (max-width: 210px) 100vw, 210px\" \/><\/a><\/h3>\n<\/blockquote>\n<blockquote>\n<h3>ALLA RADIO, APPUNTAMENTO QUINDICINALE CON SPI-CGIL BELLUNO, IN STUDIO MARIA RITA GENTILIN<\/h3>\n<\/blockquote>\n<p><strong>di Claudio Fontanive\u00a0<\/strong><\/p>\n<p><span style=\"color: #ff0000;\"><strong>PUNTATA DEL\u00a0 22 luglio 2021<br \/>\n<\/strong><\/span><\/p>\n<audio class=\"wp-audio-shortcode\" id=\"audio-228349-15\" preload=\"none\" style=\"width: 100%;\" controls=\"controls\"><source type=\"audio\/mpeg\" src=\"https:\/\/www.radiopiu.net\/wordpress\/wp-content\/uploads\/2021\/07\/spi-cgil-22-luglio.mp3?_=15\" \/><a href=\"https:\/\/www.radiopiu.net\/wordpress\/wp-content\/uploads\/2021\/07\/spi-cgil-22-luglio.mp3\">https:\/\/www.radiopiu.net\/wordpress\/wp-content\/uploads\/2021\/07\/spi-cgil-22-luglio.mp3<\/a><\/audio>\n<p><span style=\"color: #ff0000;\"><strong>\u00a0 \u00a0<\/strong><\/span><\/p>\n<p>&nbsp;<\/p>\n<hr \/>\n<p>&nbsp;<\/p>\n<div class=\"mkdf-post-text\">\n<div class=\"mkdf-post-text-inner\">\n<div class=\"mkdf-post-text-main\">\n<div class=\"page-title-head hgroup\">\n<div class=\"page-title-head hgroup\">\n<div class=\"page-title-head hgroup\">\n<div class=\"page-title-head hgroup\">\n<div class=\"b654a4as d2edcug0\">\n<blockquote>\n<blockquote>\n<h2><a href=\"https:\/\/www.radiopiu.net\/wordpress\/speciale-solidarieta-veneto\/solidarieta-veneto-3\/\" rel=\"attachment wp-att-134366\"><img loading=\"lazy\" decoding=\"async\" class=\"wp-image-134366 alignleft\" src=\"https:\/\/www.radiopiu.net\/wordpress\/wp-content\/uploads\/2020\/05\/solidariet\u00e0-veneto-300x210.jpg\" alt=\"\" width=\"102\" height=\"71\" srcset=\"https:\/\/www.radiopiu.net\/wordpress\/wp-content\/uploads\/2020\/05\/solidariet\u00e0-veneto-300x210.jpg 300w, https:\/\/www.radiopiu.net\/wordpress\/wp-content\/uploads\/2020\/05\/solidariet\u00e0-veneto-1024x717.jpg 1024w, https:\/\/www.radiopiu.net\/wordpress\/wp-content\/uploads\/2020\/05\/solidariet\u00e0-veneto-768x538.jpg 768w, https:\/\/www.radiopiu.net\/wordpress\/wp-content\/uploads\/2020\/05\/solidariet\u00e0-veneto.jpg 1373w\" sizes=\"auto, (max-width: 102px) 100vw, 102px\" \/><\/a>SOLIDARIETA&#8217; VENETO FONDO PENSIONE, IN ONDA IL PRIMO VENERDI DEL MESE ALLE 10.30 E ALLE 19.00 QUINTA STAGIONE<\/h2>\n<\/blockquote>\n<h2><strong><span style=\"color: #ff0000;\">AUDIO LUGLIO\u00a0 AGOSTO 2021<\/span><\/strong><\/h2>\n<\/blockquote>\n<audio class=\"wp-audio-shortcode\" id=\"audio-228349-16\" preload=\"none\" style=\"width: 100%;\" controls=\"controls\"><source type=\"audio\/mpeg\" src=\"https:\/\/www.radiopiu.net\/wordpress\/wp-content\/uploads\/2021\/07\/solidarieta-veneto-luglio-agosto.mp3-2021.mp3?_=16\" \/><a href=\"https:\/\/www.radiopiu.net\/wordpress\/wp-content\/uploads\/2021\/07\/solidarieta-veneto-luglio-agosto.mp3-2021.mp3\">https:\/\/www.radiopiu.net\/wordpress\/wp-content\/uploads\/2021\/07\/solidarieta-veneto-luglio-agosto.mp3-2021.mp3<\/a><\/audio>\n<p>&nbsp;<\/p>\n<h2>LA RACCOLTA COMPLETA<\/h2>\n<blockquote class=\"wp-embedded-content\" data-secret=\"grw329y7w3\"><p><a href=\"https:\/\/www.radiopiu.net\/wordpress\/solidarieta-veneto\/\">Solidariet\u00e0 Veneto<\/a><\/p><\/blockquote>\n<p><iframe loading=\"lazy\" class=\"wp-embedded-content\" sandbox=\"allow-scripts\" security=\"restricted\" style=\"position: absolute; clip: rect(1px, 1px, 1px, 1px);\" title=\"&#8220;Solidariet\u00e0 Veneto&#8221; &#8212; Radio Pi\u00f9\" src=\"https:\/\/www.radiopiu.net\/wordpress\/solidarieta-veneto\/embed\/#?secret=grw329y7w3\" data-secret=\"grw329y7w3\" width=\"600\" height=\"338\" frameborder=\"0\" marginwidth=\"0\" marginheight=\"0\" scrolling=\"no\"><\/iframe><\/p>\n<blockquote>\n<h2><\/h2>\n<\/blockquote>\n<p>&nbsp;<\/p>\n<p>&nbsp;<\/p>\n<hr \/>\n<p>&nbsp;<\/p>\n<div>\n<div class=\"b654a4as d2edcug0\">\n<div class=\"rq0escxv hkbzh7o3 jwdofwj8 n8tt0mok r8blr3vg hyh9befq\">\n<p><a class=\"dt-pswp-item\" href=\"https:\/\/www.radiopiu.net\/wordpress\/wp-content\/uploads\/2020\/10\/pp.jpg\" data-dt-img-description=\"\" data-large_image_width=\"640\" data-large_image_height=\"640\"><img loading=\"lazy\" decoding=\"async\" class=\"wp-image-163678 alignleft\" src=\"https:\/\/www.radiopiu.net\/wordpress\/wp-content\/uploads\/2020\/10\/pp-300x300.jpg\" alt=\"\" width=\"106\" height=\"106\" srcset=\"https:\/\/www.radiopiu.net\/wordpress\/wp-content\/uploads\/2020\/10\/pp-300x300.jpg 300w, https:\/\/www.radiopiu.net\/wordpress\/wp-content\/uploads\/2020\/10\/pp-150x150.jpg 150w, https:\/\/www.radiopiu.net\/wordpress\/wp-content\/uploads\/2020\/10\/pp-125x125.jpg 125w, https:\/\/www.radiopiu.net\/wordpress\/wp-content\/uploads\/2020\/10\/pp-200x200.jpg 200w, https:\/\/www.radiopiu.net\/wordpress\/wp-content\/uploads\/2020\/10\/pp-80x80.jpg 80w, https:\/\/www.radiopiu.net\/wordpress\/wp-content\/uploads\/2020\/10\/pp-480x480.jpg 480w, https:\/\/www.radiopiu.net\/wordpress\/wp-content\/uploads\/2020\/10\/pp.jpg 640w\" sizes=\"auto, (max-width: 106px) 100vw, 106px\" \/><\/a><\/p>\n<\/div>\n<\/div>\n<\/div>\n<div>\n<div class=\"page-title-head hgroup\">\n<div class=\"page-title-head hgroup\">\n<div class=\"b654a4as d2edcug0\">\n<div class=\"j83agx80 btwxx1t3 lhclo0ds hop8lmos nkwizq5d scwd0bx6 roh60bw9\">\n<div class=\"rq0escxv hkbzh7o3 jwdofwj8 n8tt0mok r8blr3vg hyh9befq\">\n<div class=\"do00u71z l9j0dhe7 k4urcfbm\">\n<h2><span style=\"color: #000080;\">DON CESARE, IL PENSIERO DEL GIORNO. ALLA RADIO ALLE 7 DEL MATTINO E ALLE 19.30 DELLA SERA.\u00a0\u00a0<\/span><\/h2>\n<\/div>\n<\/div>\n<\/div>\n<div><\/div>\n<div><\/div>\n<div><\/div>\n<\/div>\n<\/div>\n<div class=\"page-title-head hgroup\">\n<audio class=\"wp-audio-shortcode\" id=\"audio-228349-17\" preload=\"none\" style=\"width: 100%;\" controls=\"controls\"><source type=\"audio\/mpeg\" src=\"https:\/\/www.radiopiu.net\/wordpress\/wp-content\/uploads\/2021\/08\/cesare-12.mp3?_=17\" \/><a href=\"https:\/\/www.radiopiu.net\/wordpress\/wp-content\/uploads\/2021\/08\/cesare-12.mp3\">https:\/\/www.radiopiu.net\/wordpress\/wp-content\/uploads\/2021\/08\/cesare-12.mp3<\/a><\/audio>\n<hr \/>\n<p class=\"b654a4as d2edcug0\"><span style=\"color: #ff6600;\"> \u00a0<\/span><\/p>\n<blockquote class=\"wp-embedded-content\" data-secret=\"UOuQ52nmSG\"><p><a href=\"https:\/\/www.radiopiu.net\/wordpress\/girovagando-in-e-bike-tra-le-dolomiti\/\">GIROVAGANDO IN E BIKE TRA LE DOLOMITI<\/a><\/p><\/blockquote>\n<p><iframe loading=\"lazy\" class=\"wp-embedded-content\" sandbox=\"allow-scripts\" security=\"restricted\" style=\"position: absolute; clip: rect(1px, 1px, 1px, 1px);\" title=\"&#8220;GIROVAGANDO IN E BIKE TRA LE DOLOMITI&#8221; &#8212; Radio Pi\u00f9\" src=\"https:\/\/www.radiopiu.net\/wordpress\/girovagando-in-e-bike-tra-le-dolomiti\/embed\/#?secret=UOuQ52nmSG\" data-secret=\"UOuQ52nmSG\" width=\"600\" height=\"338\" frameborder=\"0\" marginwidth=\"0\" marginheight=\"0\" scrolling=\"no\"><\/iframe><\/p>\n<p>\u200b<\/p>\n<p>\u200b<\/p>\n<hr \/>\n<\/div>\n<\/div>\n<\/div>\n<\/div>\n<\/div>\n<\/div>\n<\/div>\n<\/div>\n<\/div>\n<\/div>\n<\/div>\n<\/div>\n<\/div>\n<\/div>\n<\/div>\n<\/div>\n<\/div>\n<\/div>\n<\/div>\n<\/div>\n<\/div>\n<\/div>\n<\/div>\n<div class=\"mkdf-post-text\">\n<div class=\"mkdf-post-text-inner\">\n<div class=\"mkdf-post-text-main\">\n<div class=\"mkdf-post-text\">\n<div class=\"mkdf-post-text-inner\">\n<div class=\"mkdf-post-text-main\">\n<div>\n<div class=\"page-title-head hgroup\">\n<div class=\"page-title-head hgroup\">\n<div class=\"page-title-head hgroup\">\n<div class=\"page-title-head hgroup\">\n<div class=\"b654a4as d2edcug0\">\n<div class=\"page-title-head hgroup\">\n<div class=\"page-title-head hgroup\">\n<p>&nbsp;<\/p>\n<\/div>\n<\/div>\n<\/div>\n<\/div>\n<\/div>\n<\/div>\n<\/div>\n<\/div>\n<\/div>\n<\/div>\n<\/div>\n<\/div>\n<\/div>\n<\/div>\n<\/div>\n<\/div>\n<\/div>\n<\/div>\n<\/div>\n<\/div>\n<\/div>\n<\/div>\n<\/div>\n<\/div>\n<\/div>\n<\/div>\n<blockquote>\n<h3><\/h3>\n<h3>COLLAGE&#8230; DI LORIS SCUSSEL dal lunedi al venerdi alle 16 e alle 23 su RADIO PIU<\/h3>\n<\/blockquote>\n<div>\n<p><img loading=\"lazy\" decoding=\"async\" class=\"alignleft\" src=\"https:\/\/www.radiopiu.net\/wordpress\/wp-content\/uploads\/2021\/05\/Schermata-2021-05-23-alle-11.50.11.png\" width=\"186\" height=\"131\" \/><\/p>\n<div>\n<p>Il programma \u00e8 andato in onda da dicembre 2013 fino a luglio 2019, comprese le repliche, in due serie per 350 puntate complessive con 1.890 brani trasmessi. L\u2019obiettivo del programma: riproporre agli ascoltatori pi\u00f9 grandicelli le canzoni che ascoltavano nel passato e nello stesso tempo farle conoscere anche ai pi\u00f9 giovani.<\/p>\n<\/div>\n<\/div>\n<div>\n<p><b>\u00a0\u00a0<\/b><\/p>\n<p><strong>PUNTATA 414 DEL 19 AGOSTO 2021<\/strong><\/p>\n<audio class=\"wp-audio-shortcode\" id=\"audio-228349-18\" preload=\"none\" style=\"width: 100%;\" controls=\"controls\"><source type=\"audio\/mpeg\" src=\"https:\/\/www.radiopiu.net\/wordpress\/wp-content\/uploads\/2021\/08\/Collage-414.mp3?_=18\" \/><a href=\"https:\/\/www.radiopiu.net\/wordpress\/wp-content\/uploads\/2021\/08\/Collage-414.mp3\">https:\/\/www.radiopiu.net\/wordpress\/wp-content\/uploads\/2021\/08\/Collage-414.mp3<\/a><\/audio>\n<p>&nbsp;<\/p>\n<\/div>\n<\/div>\n<\/div>\n<\/div>\n<\/div>\n<\/div>\n<\/div>\n<\/div>\n<\/div>\n<\/div>\n<\/div>\n<\/div>\n<\/div>\n<\/div>\n<\/div>\n<\/div>\n<\/div>\n<\/div>\n<\/div>\n<\/div>\n<\/div>\n<\/div>\n<\/div>\n<\/div>\n<\/div>\n<\/div>\n<\/div>\n<\/div>\n<\/div>\n<\/div>\n<\/div>\n<\/div>\n<\/div>\n<\/div>\n<\/div>\n<\/div>\n<\/div>\n<\/div>\n<\/div>\n<\/div>\n<\/div>\n<\/div>\n<\/div>\n<\/div>\n<\/div>\n<\/div>\n<\/div>\n<\/div>\n<\/div>\n<\/div>\n<\/div>\n<\/div>\n<\/div>\n<\/div>\n<\/div>\n<\/div>\n<\/div>\n<\/div>\n<\/div>\n<\/div>\n<\/div>\n<\/div>\n<div>\n<hr \/>\n<p>&nbsp;<\/p>\n<div>\n<div class=\"b654a4as d2edcug0\">\n<div class=\"rq0escxv hkbzh7o3 jwdofwj8 n8tt0mok r8blr3vg hyh9befq\">\n<div class=\"b654a4as d2edcug0\">\n<div class=\"b654a4as d2edcug0\">\n<div>\n<div class=\"b654a4as d2edcug0\">\n<div class=\"rq0escxv hkbzh7o3 jwdofwj8 n8tt0mok r8blr3vg hyh9befq\">\n<div class=\"b654a4as d2edcug0\">\n<h2><\/h2>\n<div class=\"b654a4as d2edcug0\">\n<h2><span style=\"color: #008000;\">ERBE E PIANTE CURATIVE&#8230;IL\u00a0 PROGRAMMA DI PAOLA LANCIATO\u00a0\u00a0<\/span><\/h2>\n<blockquote class=\"wp-embedded-content\" data-secret=\"OvduqLKFAy\"><p><a href=\"https:\/\/www.radiopiu.net\/wordpress\/erbavoglio\/\">L&#8217;ERBA VOGLIO DEL GIARDINO DEL RE&#8230; Erbe, fiori e Piante di e con Paola Lanciato<\/a><\/p><\/blockquote>\n<p><iframe loading=\"lazy\" class=\"wp-embedded-content\" sandbox=\"allow-scripts\" security=\"restricted\" style=\"position: absolute; clip: rect(1px, 1px, 1px, 1px);\" title=\"&#8220;L&#8217;ERBA VOGLIO DEL GIARDINO DEL RE&#8230; Erbe, fiori e Piante di e con Paola Lanciato&#8221; &#8212; Radio Pi\u00f9\" src=\"https:\/\/www.radiopiu.net\/wordpress\/erbavoglio\/embed\/#?secret=OvduqLKFAy\" data-secret=\"OvduqLKFAy\" width=\"600\" height=\"338\" frameborder=\"0\" marginwidth=\"0\" marginheight=\"0\" scrolling=\"no\"><\/iframe><\/p>\n<\/div>\n<p>&nbsp;<\/p>\n<\/div>\n<\/div>\n<\/div>\n<\/div>\n<p>&nbsp;<\/p>\n<\/div>\n<\/div>\n<\/div>\n<\/div>\n<\/div>\n<p>&nbsp;<\/p>\n<hr \/>\n<p>&nbsp;<\/p>\n<div>\n<h2><span style=\"color: #ff0000;\"><strong>IN VIVO VERSO 2020-21 ESTATE, RIASCOLTIAMOLI&#8230; DAL CASSETTO DEI RICORDI DI RADIO PIU&#8217;&#8230; LE PRIME\u00a0 SEI STAGIONI\u00a0 \u00a0<\/strong><\/span><\/h2>\n<h3>riascoltiamole PAROLE di PAOLA DEL ZENERO<\/h3>\n<p><strong>AUDIO<\/strong><\/p>\n<audio class=\"wp-audio-shortcode\" id=\"audio-228349-19\" preload=\"none\" style=\"width: 100%;\" controls=\"controls\"><source type=\"audio\/mpeg\" src=\"https:\/\/www.radiopiu.net\/wordpress\/wp-content\/uploads\/2021\/08\/PAOLA-DEL-ZENERO3-PAROLE.mp3?_=19\" \/><a href=\"https:\/\/www.radiopiu.net\/wordpress\/wp-content\/uploads\/2021\/08\/PAOLA-DEL-ZENERO3-PAROLE.mp3\">https:\/\/www.radiopiu.net\/wordpress\/wp-content\/uploads\/2021\/08\/PAOLA-DEL-ZENERO3-PAROLE.mp3<\/a><\/audio>\n<div class=\"page-title-head hgroup\">\n<div class=\"page-title-head hgroup\">\n<div class=\"page-title-head hgroup\">\n<div class=\"page-title-head hgroup\">\n<div class=\"page-title-head hgroup\">\n<div class=\"page-title-head hgroup\">\n<blockquote><p><strong>LA RACCOLTA COMPLETA\u00a0<\/strong><\/p><\/blockquote>\n<blockquote class=\"wp-embedded-content\" data-secret=\"9aEN95w4yf\"><p><a href=\"https:\/\/www.radiopiu.net\/wordpress\/in-vivo-verso\/\">In Vivo Verso<\/a><\/p><\/blockquote>\n<p><iframe loading=\"lazy\" class=\"wp-embedded-content\" sandbox=\"allow-scripts\" security=\"restricted\" style=\"position: absolute; clip: rect(1px, 1px, 1px, 1px);\" title=\"&#8220;In Vivo Verso&#8221; &#8212; Radio Pi\u00f9\" src=\"https:\/\/www.radiopiu.net\/wordpress\/in-vivo-verso\/embed\/#?secret=9aEN95w4yf\" data-secret=\"9aEN95w4yf\" width=\"600\" height=\"338\" frameborder=\"0\" marginwidth=\"0\" marginheight=\"0\" scrolling=\"no\"><\/iframe><\/p>\n<\/div>\n<\/div>\n<\/div>\n<\/div>\n<\/div>\n<\/div>\n<p>&nbsp;<\/p>\n<hr \/>\n<\/div>\n<blockquote>\n<blockquote>\n<h2><\/h2>\n<\/blockquote>\n<\/blockquote>\n<div>\n<div class=\"b654a4as d2edcug0\">\n<div class=\"rq0escxv hkbzh7o3 jwdofwj8 n8tt0mok r8blr3vg hyh9befq\">\n<blockquote>\n<h2><span style=\"color: #ff0000;\"><em>ZAINO ALLA RADIO&#8230;ESTATE DI PAOLA LANCIATO\u00a0<\/em><\/span><\/h2>\n<p><strong>LA RACCOLTA COMPLETA\u00a0<\/strong><\/p><\/blockquote>\n<blockquote class=\"wp-embedded-content\" data-secret=\"iUzi65hbmi\"><p><a href=\"https:\/\/www.radiopiu.net\/wordpress\/zaino-femminile-lanciato\/\">Zaino da viaggio al femminile<\/a><\/p><\/blockquote>\n<p><iframe loading=\"lazy\" class=\"wp-embedded-content\" sandbox=\"allow-scripts\" security=\"restricted\" style=\"position: absolute; clip: rect(1px, 1px, 1px, 1px);\" title=\"&#8220;Zaino da viaggio al femminile&#8221; &#8212; Radio Pi\u00f9\" src=\"https:\/\/www.radiopiu.net\/wordpress\/zaino-femminile-lanciato\/embed\/#?secret=iUzi65hbmi\" data-secret=\"iUzi65hbmi\" width=\"600\" height=\"338\" frameborder=\"0\" marginwidth=\"0\" marginheight=\"0\" scrolling=\"no\"><\/iframe><\/p>\n<p>&nbsp;<\/p>\n<\/div>\n<\/div>\n<\/div>\n<hr \/>\n<div><\/div>\n<div>\n<div class=\"page-title-head hgroup\">\n<div class=\"page-title-head hgroup\">\n<div class=\"page-title-head hgroup\">\n<div class=\"page-title-head hgroup\">\n<div class=\"page-title-head hgroup\">\n<div>\n<div class=\"b654a4as d2edcug0\">\u00a0 \u00a0 \u00a0<strong style=\"color: #800080;\">LA RASSEGNA STAMPA DA L&#8217;AMICO DEL POPOLO\u00a0<\/strong><\/div>\n<\/div>\n<\/div>\n<\/div>\n<\/div>\n<\/div>\n<\/div>\n<\/div>\n<div>\n<div class=\"page-title-head hgroup\">\n<div class=\"page-title-head hgroup\">\n<div class=\"page-title-head hgroup\">\n<div class=\"page-title-head hgroup\">\n<div class=\"b654a4as d2edcug0\">\n<div class=\"page-title-head hgroup\">\n<div class=\"page-title-head hgroup\">\n<div class=\"page-title-head hgroup\">\n<div class=\"page-title-head hgroup\">\n<div class=\"b654a4as d2edcug0\">\n<div>\n<h3 class=\"kvgmc6g5 cxmmr5t8 oygrvhab hcukyx3x c1et5uql\"><span style=\"color: #0000ff;\"> INFORMAZIONE il canale su TELEGRAM informazione di prima mano e in tempo reale. iscriviti ed aiutaci a farlo conoscere\u00a0\u00a0<\/span><\/h3>\n<h3 class=\"kvgmc6g5 cxmmr5t8 oygrvhab hcukyx3x c1et5uql\"><span style=\"color: #0000ff;\"><a href=\"https:\/\/www.radiopiu.net\/wordpress\/la-rassegna-stampa-da-lamico-del-popolo-dal-delta-del-po-roberta-marcolongo\/e5418f0b-a75b-4afb-b3d2-8d97d6a76353\/\" rel=\"attachment wp-att-227850\"><img loading=\"lazy\" decoding=\"async\" class=\"size-medium wp-image-227850 alignleft\" src=\"https:\/\/www.radiopiu.net\/wordpress\/wp-content\/uploads\/2021\/08\/e5418f0b-a75b-4afb-b3d2-8d97d6a76353-300x169.jpg\" alt=\"\" width=\"300\" height=\"169\" srcset=\"https:\/\/www.radiopiu.net\/wordpress\/wp-content\/uploads\/2021\/08\/e5418f0b-a75b-4afb-b3d2-8d97d6a76353-300x169.jpg 300w, https:\/\/www.radiopiu.net\/wordpress\/wp-content\/uploads\/2021\/08\/e5418f0b-a75b-4afb-b3d2-8d97d6a76353-1024x577.jpg 1024w, https:\/\/www.radiopiu.net\/wordpress\/wp-content\/uploads\/2021\/08\/e5418f0b-a75b-4afb-b3d2-8d97d6a76353-768x433.jpg 768w, https:\/\/www.radiopiu.net\/wordpress\/wp-content\/uploads\/2021\/08\/e5418f0b-a75b-4afb-b3d2-8d97d6a76353-1536x866.jpg 1536w, https:\/\/www.radiopiu.net\/wordpress\/wp-content\/uploads\/2021\/08\/e5418f0b-a75b-4afb-b3d2-8d97d6a76353.jpg 2048w\" sizes=\"auto, (max-width: 300px) 100vw, 300px\" \/><\/a>\u00a0 \u00a0<\/span><\/h3>\n<p><strong>OSPITE ROBERTA MARCOLONGO<\/strong><\/p>\n<audio class=\"wp-audio-shortcode\" id=\"audio-228349-20\" preload=\"none\" style=\"width: 100%;\" controls=\"controls\"><source type=\"audio\/mpeg\" src=\"https:\/\/www.radiopiu.net\/wordpress\/wp-content\/uploads\/2021\/08\/RASSEGNA-GIANNI-1.mp3?_=20\" \/><a href=\"https:\/\/www.radiopiu.net\/wordpress\/wp-content\/uploads\/2021\/08\/RASSEGNA-GIANNI-1.mp3\">https:\/\/www.radiopiu.net\/wordpress\/wp-content\/uploads\/2021\/08\/RASSEGNA-GIANNI-1.mp3<\/a><\/audio>\n<p>&nbsp;<\/p>\n<blockquote class=\"wp-embedded-content\" data-secret=\"23eeK0Y77e\"><p><a href=\"https:\/\/www.radiopiu.net\/wordpress\/rassegna-stampa-di-gianni-santomaso\/\">Rassegna stampa da l&#8217;amico del popolo &#8211; di Gianni Santomaso<\/a><\/p><\/blockquote>\n<p><iframe loading=\"lazy\" class=\"wp-embedded-content\" sandbox=\"allow-scripts\" security=\"restricted\" style=\"position: absolute; clip: rect(1px, 1px, 1px, 1px);\" title=\"&#8220;Rassegna stampa da l&#8217;amico del popolo &#8211; di Gianni Santomaso&#8221; &#8212; Radio Pi\u00f9\" src=\"https:\/\/www.radiopiu.net\/wordpress\/rassegna-stampa-di-gianni-santomaso\/embed\/#?secret=23eeK0Y77e\" data-secret=\"23eeK0Y77e\" width=\"600\" height=\"338\" frameborder=\"0\" marginwidth=\"0\" marginheight=\"0\" scrolling=\"no\"><\/iframe><\/p>\n<p>&nbsp;<\/p>\n<hr \/>\n<p>&nbsp;<\/p>\n<p>&nbsp;<\/p>\n<\/div>\n<div dir=\"auto\">\n<blockquote class=\"wp-embedded-content\" data-secret=\"GMSI82rpPZ\"><p><a href=\"https:\/\/www.radiopiu.net\/wordpress\/saluteesocieta\/\">Salute e Societ\u00e0<\/a><\/p><\/blockquote>\n<p><iframe loading=\"lazy\" class=\"wp-embedded-content\" sandbox=\"allow-scripts\" security=\"restricted\" style=\"position: absolute; clip: rect(1px, 1px, 1px, 1px);\" title=\"&#8220;Salute e Societ\u00e0&#8221; &#8212; Radio Pi\u00f9\" src=\"https:\/\/www.radiopiu.net\/wordpress\/saluteesocieta\/embed\/#?secret=GMSI82rpPZ\" data-secret=\"GMSI82rpPZ\" width=\"600\" height=\"338\" frameborder=\"0\" marginwidth=\"0\" marginheight=\"0\" scrolling=\"no\"><\/iframe><\/p>\n<\/div>\n<div dir=\"auto\">\n<h1><\/h1>\n<\/div>\n<div>\n<div class=\"page-title-head hgroup\">\n<div class=\"page-title-head hgroup\">\n<div class=\"page-title-head hgroup\">\n<div>\n<div class=\"b654a4as d2edcug0\">\n<div class=\"rq0escxv hkbzh7o3 jwdofwj8 n8tt0mok r8blr3vg hyh9befq\">\n<hr \/>\n<\/div>\n<\/div>\n<\/div>\n<div>\n<div class=\"page-title-head hgroup\">\n<div class=\"page-title-head hgroup\">\n<div class=\"b654a4as d2edcug0\">\n<p>&nbsp;<\/p>\n<blockquote>\n<h3><img loading=\"lazy\" decoding=\"async\" class=\"alignleft\" src=\"https:\/\/www.radiopiu.net\/wordpress\/wp-content\/uploads\/2021\/06\/fresh-flower-leaves-saffron-white-background-place-your-text-use-saffron-spice-cooking-cosmetology_347372-394.jpeg\" width=\"141\" height=\"94\" \/>L&#8217;ALMANACCO LADINO CON L&#8217;ISTITUT CESA DE JAN QUINDICINALE APPUNTAMENTO. LA DOMENICA ALLE 9 IL LUNEDI ALLE 8.35 IL MARTEDI ALLE 12.35 IL MERCOLEDI ALLE 18.35. SECONDA STAGIONE.<strong style=\"font-size: 14px;\">\u00a0<\/strong><\/h3>\n<\/blockquote>\n<p>&nbsp;<\/p>\n<p>PUNTATA DEL 16 AGOSTO<\/p>\n<audio class=\"wp-audio-shortcode\" id=\"audio-228349-21\" preload=\"none\" style=\"width: 100%;\" controls=\"controls\"><source type=\"audio\/mpeg\" src=\"https:\/\/www.radiopiu.net\/wordpress\/wp-content\/uploads\/2021\/08\/64\u00b0Almanach-Ladin-fodom.mp3?_=21\" \/><a href=\"https:\/\/www.radiopiu.net\/wordpress\/wp-content\/uploads\/2021\/08\/64\u00b0Almanach-Ladin-fodom.mp3\">https:\/\/www.radiopiu.net\/wordpress\/wp-content\/uploads\/2021\/08\/64\u00b0Almanach-Ladin-fodom.mp3<\/a><\/audio>\n<p><strong>\u00a0<\/strong><strong>\u00a0RACCOLTA COMPLETA\u00a0<\/strong><\/p>\n<blockquote class=\"wp-embedded-content\" data-secret=\"BngQ5QfUyc\"><p><a href=\"https:\/\/www.radiopiu.net\/wordpress\/almanacco-ladino\/\">Almanacco Ladino<\/a><\/p><\/blockquote>\n<p><iframe loading=\"lazy\" class=\"wp-embedded-content\" sandbox=\"allow-scripts\" security=\"restricted\" style=\"position: absolute; clip: rect(1px, 1px, 1px, 1px);\" title=\"&#8220;Almanacco Ladino&#8221; &#8212; Radio Pi\u00f9\" src=\"https:\/\/www.radiopiu.net\/wordpress\/almanacco-ladino\/embed\/#?secret=BngQ5QfUyc\" data-secret=\"BngQ5QfUyc\" width=\"600\" height=\"338\" frameborder=\"0\" marginwidth=\"0\" marginheight=\"0\" scrolling=\"no\"><\/iframe><\/p>\n<\/div>\n<div>\n<p>&nbsp;<\/p>\n<hr \/>\n<h2><span style=\"color: #808000;\">DUE MINUTI UN LIBRO\u00a0 TUTTI I GIORNI ALLA RADIO ALLE 9.30 E ALLE 18. QUINTA STAGIONE\u00a0<\/span><\/h2>\n<blockquote class=\"wp-embedded-content\" data-secret=\"36WufeJT0C\"><p><a href=\"https:\/\/www.radiopiu.net\/wordpress\/e-fu-un-attimo-2\/\">E fu un attimo\u2026<\/a><\/p><\/blockquote>\n<p><iframe loading=\"lazy\" class=\"wp-embedded-content\" sandbox=\"allow-scripts\" security=\"restricted\" style=\"position: absolute; clip: rect(1px, 1px, 1px, 1px);\" title=\"&#8220;E fu un attimo\u2026&#8221; &#8212; Radio Pi\u00f9\" src=\"https:\/\/www.radiopiu.net\/wordpress\/e-fu-un-attimo-2\/embed\/#?secret=36WufeJT0C\" data-secret=\"36WufeJT0C\" width=\"600\" height=\"338\" frameborder=\"0\" marginwidth=\"0\" marginheight=\"0\" scrolling=\"no\"><\/iframe><\/p>\n<p><strong>LA RACCOLTA COMPLETA\u00a0\u00a0<\/strong><\/p>\n<\/div>\n<div>\n<blockquote class=\"wp-embedded-content\" data-secret=\"aQq5gGh5Sw\"><p><a href=\"https:\/\/www.radiopiu.net\/wordpress\/due-minuti-un-libro\/\">Due minuti un libro<\/a><\/p><\/blockquote>\n<p><iframe loading=\"lazy\" class=\"wp-embedded-content\" sandbox=\"allow-scripts\" security=\"restricted\" style=\"position: absolute; clip: rect(1px, 1px, 1px, 1px);\" title=\"&#8220;Due minuti un libro&#8221; &#8212; Radio Pi\u00f9\" src=\"https:\/\/www.radiopiu.net\/wordpress\/due-minuti-un-libro\/embed\/#?secret=aQq5gGh5Sw\" data-secret=\"aQq5gGh5Sw\" width=\"600\" height=\"338\" frameborder=\"0\" marginwidth=\"0\" marginheight=\"0\" scrolling=\"no\"><\/iframe><\/p>\n<p>&nbsp;<\/p>\n<hr \/>\n<p>\u200b<\/p>\n<div>\n<h2><span style=\"color: #33cccc;\">I RACCONTI DI PAOLO SOPPELSA il lunedi alle 9.30 e 18.30<\/span><\/h2>\n<p>&nbsp;<\/p>\n<p>&nbsp;<\/p>\n<blockquote class=\"wp-embedded-content\" data-secret=\"HEUcnNBNNR\"><p><a href=\"https:\/\/www.radiopiu.net\/wordpress\/i-racconti-di-paolo-soppelsa\/\">I racconti di Paolo Soppelsa<\/a><\/p><\/blockquote>\n<p><iframe loading=\"lazy\" class=\"wp-embedded-content\" sandbox=\"allow-scripts\" security=\"restricted\" style=\"position: absolute; clip: rect(1px, 1px, 1px, 1px);\" title=\"&#8220;I racconti di Paolo Soppelsa&#8221; &#8212; Radio Pi\u00f9\" src=\"https:\/\/www.radiopiu.net\/wordpress\/i-racconti-di-paolo-soppelsa\/embed\/#?secret=HEUcnNBNNR\" data-secret=\"HEUcnNBNNR\" width=\"600\" height=\"338\" frameborder=\"0\" marginwidth=\"0\" marginheight=\"0\" scrolling=\"no\"><\/iframe><\/p>\n<p>&nbsp;<\/p>\n<\/div>\n<\/div>\n<hr \/>\n<p>&nbsp;<\/p>\n<div class=\"mkdf-post-text\">\n<div class=\"mkdf-post-text-inner\">\n<div class=\"mkdf-post-text-main\">\n<div class=\"mkdf-post-text\">\n<div class=\"mkdf-post-text-inner\">\n<div class=\"mkdf-post-text-main\">\n<div class=\"mkdf-post-text\">\n<div class=\"mkdf-post-text-inner\">\n<div class=\"mkdf-post-text-main\">\n<div class=\"page-title-head hgroup\">\n<div class=\"page-title-head hgroup\">\n<div class=\"mkdf-post-text\">\n<div class=\"mkdf-post-text-inner\">\n<div class=\"mkdf-post-text-main\">\n<div class=\"mkdf-post-text\">\n<div class=\"mkdf-post-text-inner\">\n<div class=\"mkdf-post-text-main\">\n<div>\n<div class=\"page-title-head hgroup\">\n<div class=\"page-title-head hgroup\">\n<div class=\"page-title-head hgroup\">\n<div class=\"page-title-head hgroup\">\n<div class=\"b654a4as d2edcug0\">\n<div class=\"page-title-head hgroup\">\n<div class=\"page-title-head hgroup\">\n<div class=\"page-title-head hgroup\">\n<div class=\"page-title-head hgroup\">\n<div class=\"b654a4as d2edcug0\">\n<div>\n<div>\n<div>\n<div>\n<div class=\"page-title-head hgroup\">\n<div class=\"page-title-head hgroup\">\n<div class=\"page-title-head hgroup\">\n<div class=\"page-title-head hgroup\">\n<div class=\"b654a4as d2edcug0\">\n<div class=\"page-title-head hgroup\">\n<div class=\"page-title-head hgroup\">\n<div class=\"page-title-head hgroup\">\n<div class=\"page-title-head hgroup\">\n<div class=\"b654a4as d2edcug0\">\n<div>\n<div class=\"page-title-head hgroup\">\n<div class=\"page-title-head hgroup\">\n<div class=\"page-title-head hgroup\">\n<div>\n<div class=\"page-title-head hgroup\">\n<div class=\"page-title-head hgroup\">\n<div class=\"page-title-head hgroup\">\n<p>&nbsp;<\/p>\n<p><a href=\"https:\/\/www.radiopiu.net\/wordpress\/giornale-radiopiu-26-settembre-2018-direttore-mirko-mezzacasa\/viabilita-2\/\" rel=\"attachment wp-att-61954\"><img loading=\"lazy\" decoding=\"async\" class=\"wp-image-61954 size-full aligncenter\" src=\"https:\/\/www.radiopiu.net\/wordpress\/wp-content\/uploads\/2018\/09\/viabilita.jpeg\" alt=\"\" width=\"800\" height=\"100\" srcset=\"https:\/\/www.radiopiu.net\/wordpress\/wp-content\/uploads\/2018\/09\/viabilita.jpeg 800w, https:\/\/www.radiopiu.net\/wordpress\/wp-content\/uploads\/2018\/09\/viabilita-300x38.jpeg 300w, https:\/\/www.radiopiu.net\/wordpress\/wp-content\/uploads\/2018\/09\/viabilita-768x96.jpeg 768w\" sizes=\"auto, (max-width: 800px) 100vw, 800px\" \/><\/a><\/p>\n<blockquote><p><a href=\"https:\/\/www.radiopiu.net\/wordpress\/giornale-radiopiu-09-agosto-2018-direttore-mirko-mezzacasa\/viabilia\/\" rel=\"attachment wp-att-57053\"><img loading=\"lazy\" decoding=\"async\" class=\" wp-image-57053 alignleft\" src=\"https:\/\/www.radiopiu.net\/wordpress\/wp-content\/uploads\/2018\/08\/VIABILIA-300x180.jpeg\" alt=\"\" width=\"220\" height=\"132\" srcset=\"https:\/\/www.radiopiu.net\/wordpress\/wp-content\/uploads\/2018\/08\/VIABILIA-300x180.jpeg 300w, https:\/\/www.radiopiu.net\/wordpress\/wp-content\/uploads\/2018\/08\/VIABILIA-768x461.jpeg 768w, https:\/\/www.radiopiu.net\/wordpress\/wp-content\/uploads\/2018\/08\/VIABILIA-1024x614.jpeg 1024w, https:\/\/www.radiopiu.net\/wordpress\/wp-content\/uploads\/2018\/08\/VIABILIA.jpeg 1280w\" sizes=\"auto, (max-width: 220px) 100vw, 220px\" \/><\/a><\/p><\/blockquote>\n<\/div>\n<\/div>\n<\/div>\n<\/div>\n<\/div>\n<\/div>\n<\/div>\n<\/div>\n<div>\n<div>\n<div class=\"page-title-head hgroup\">\n<div class=\"page-title-head hgroup\">\n<div class=\"page-title-head hgroup\">\n<div class=\"page-title-head hgroup\">\n<div class=\"page-title-head hgroup\">\n<div class=\"page-title-head hgroup\">\n<blockquote><p>La viabilit\u00e0 con gli ultimi aggiornamenti<\/p><\/blockquote>\n<\/div>\n<\/div>\n<\/div>\n<\/div>\n<\/div>\n<\/div>\n<\/div>\n<div><\/div>\n<div><\/div>\n<div>\n<div><\/div>\n<\/div>\n<\/div>\n<\/div>\n<\/div>\n<\/div>\n<\/div>\n<\/div>\n<\/div>\n<\/div>\n<\/div>\n<\/div>\n<\/div>\n<\/div>\n<div>\n<div class=\"page-title-head hgroup\">\n<div class=\"page-title-head hgroup\">\n<div class=\"page-title-head hgroup\">\n<div class=\"page-title-head hgroup\">\n<div class=\"b654a4as d2edcug0\">\n<div>\n<div class=\"page-title-head hgroup\" style=\"text-align: left;\">\n<div class=\"page-title-head hgroup\"><\/div>\n<\/div>\n<\/div>\n<\/div>\n<\/div>\n<\/div>\n<\/div>\n<\/div>\n<\/div>\n<\/div>\n<\/div>\n<\/div>\n<div>\n<div>\n<div class=\"page-title-head hgroup\">\n<div class=\"page-title-head hgroup\">\n<div class=\"page-title-head hgroup\">\n<div class=\"page-title-head hgroup\">\n<div class=\"b654a4as d2edcug0\">\n<div class=\"page-title-head hgroup\">\n<div class=\"page-title-head hgroup\">\n<div class=\"page-title-head hgroup\">\n<div class=\"page-title-head hgroup\">\n<div class=\"b654a4as d2edcug0\">\n<div>\n<div class=\"page-title-head hgroup\">\n<div class=\"page-title-head hgroup\">\n<div class=\"page-title-head hgroup\">\n<div class=\"page-title-head hgroup\">\n<div class=\"page-title-head hgroup\">\n<div>\n<div>\n<audio class=\"wp-audio-shortcode\" id=\"audio-228349-22\" preload=\"none\" style=\"width: 100%;\" controls=\"controls\"><source type=\"audio\/mpeg\" src=\"https:\/\/www.radiopiu.net\/wordpress\/wp-content\/uploads\/2021\/08\/VIABILITA-3.mp3?_=22\" \/><a href=\"https:\/\/www.radiopiu.net\/wordpress\/wp-content\/uploads\/2021\/08\/VIABILITA-3.mp3\">https:\/\/www.radiopiu.net\/wordpress\/wp-content\/uploads\/2021\/08\/VIABILITA-3.mp3<\/a><\/audio>\n<\/div>\n<div><\/div>\n<div><\/div>\n<div><\/div>\n<\/div>\n<\/div>\n<\/div>\n<\/div>\n<\/div>\n<\/div>\n<\/div>\n<\/div>\n<\/div>\n<\/div>\n<\/div>\n<\/div>\n<\/div>\n<\/div>\n<\/div>\n<\/div>\n<\/div>\n<\/div>\n<div>\n<div>\n<div class=\"page-title-head hgroup\">\n<hr \/>\n<p>&nbsp;<\/p>\n<\/div>\n<\/div>\n<\/div>\n<\/div>\n<\/div>\n<\/div>\n<\/div>\n<\/div>\n<\/div>\n<\/div>\n<\/div>\n<\/div>\n<\/div>\n<\/div>\n<\/div>\n<div>\n<div class=\"page-title-head hgroup\">\n<div class=\"page-title-head hgroup\">\n<div>\n<div class=\"page-title-head hgroup\">\n<div class=\"page-title-head hgroup\">\n<div class=\"b654a4as d2edcug0\">\n<div>\n<div class=\"page-title-head hgroup\" style=\"text-align: left;\">\n<div class=\"page-title-head hgroup\">\n<div dir=\"auto\">\n<p><a class=\"dt-pswp-item pspw-wrap-ready\" href=\"https:\/\/i0.wp.com\/www.radiopiu.net\/wordpress\/wp-content\/uploads\/2018\/09\/WhatsApp-Image-2018-09-20-at-16.04.06.jpeg?ssl=1\" data-dt-img-description=\"\" data-large_image_width=\"800\" data-large_image_height=\"100\"><img loading=\"lazy\" decoding=\"async\" class=\"aligncenter wp-image-61378 size-full jetpack-lazy-image jetpack-lazy-image--handled\" src=\"https:\/\/i0.wp.com\/www.radiopiu.net\/wordpress\/wp-content\/uploads\/2018\/09\/WhatsApp-Image-2018-09-20-at-16.04.06.jpeg?resize=800%2C100&amp;ssl=1\" sizes=\"auto, (max-width: 800px) 100vw, 800px\" srcset=\"https:\/\/i0.wp.com\/www.radiopiu.net\/wordpress\/wp-content\/uploads\/2018\/09\/WhatsApp-Image-2018-09-20-at-16.04.06.jpeg?w=800&amp;ssl=1 800w, https:\/\/i0.wp.com\/www.radiopiu.net\/wordpress\/wp-content\/uploads\/2018\/09\/WhatsApp-Image-2018-09-20-at-16.04.06.jpeg?resize=300%2C38&amp;ssl=1 300w, https:\/\/i0.wp.com\/www.radiopiu.net\/wordpress\/wp-content\/uploads\/2018\/09\/WhatsApp-Image-2018-09-20-at-16.04.06.jpeg?resize=768%2C96&amp;ssl=1 768w\" alt=\"\" width=\"800\" height=\"100\" data-lazy-loaded=\"1\" \/><\/a><\/p>\n<\/div>\n<\/div>\n<\/div>\n<\/div>\n<\/div>\n<\/div>\n<\/div>\n<\/div>\n<\/div>\n<\/div>\n<\/div>\n<\/div>\n<\/div>\n<\/div>\n<\/div>\n<\/div>\n<\/div>\n<\/div>\n<\/div>\n<\/div>\n<\/div>\n<\/div>\n<\/div>\n<\/div>\n<\/div>\n<\/div>\n<\/div>\n<\/div>\n<p>&nbsp;<\/p>\n<p><center><b>Venerdi 20<\/b><\/center><b>Tempo atteso: <\/b>Al mattino tempo ben soleggiato, salvo la formazione di qualche cumulo a ridosso delle vette, mentre si avr\u00e0 una riduzione del soleggiamento pi\u00f9 marcata nel pomeriggio rispetto a gioved\u00ec per irregolare attivit\u00e0 cumuliforme, localmente intensa, specie sulle Dolomiti, dove saranno possibili locali fenomeni. Dalla sera rasserenamenti.<br \/>\n<b>Precipitazioni: <\/b>Fino al primo pomeriggio assenti (0%). In seguito, probabilit\u00e0 medio-bassa (25-50%) di qualche isolato rovescio o temporale o piovasco, specie sulle Dolomiti a ridosso del Trentino e dell&#8217;Alto Adige, meno probabili sulle zone prealpine, soprattutto di quelle veronesi.<br \/>\n<b>Temperature: <\/b>Senza notevoli variazioni, salvo una leggera diminuzione delle massime in quota e nelle valli interessate dall&#8217;instabilit\u00e0 pomeridiana. Su Prealpi a 1500 m min 11\u00b0C, max 16\u00b0C, a 2000 m min 8\u00b0C max 14\u00b0C. Su Dolomiti a 2000 m min 8\u00b0C, max 13\u00b0C, a 3000 m min 0\u00b0C, max 6\u00b0C.<br \/>\n<b>Venti: <\/b>Nelle valli perlopi\u00f9 deboli a regime di brezza, localmente a tratti moderati nei settori solitamente pi\u00f9 ventilati; non escluso qualche rinforzo in caso di temporale; in quota deboli dai quadranti occidentali, a 5-10 km\/h a 2000 m, a 10-15 km\/h a 3000 m.<\/p>\n<hr \/>\n<p><center><b>Sabato 21<\/b><\/center><b>Tempo atteso: <\/b>Giornata stabile e ben soleggiata specie al mattino con cielo generalmente sereno soprattutto in quota, salvo qualche temporanea nube bassa in alcune valli fino all&#8217;alba. Lieve attivit\u00e0 cumuliforme nelle ore pi\u00f9 calde con nubi perlopi\u00f9 concentrate in prossimit\u00e0 delle vette.<br \/>\n<b>Precipitazioni: <\/b>Assenti (0%).<br \/>\n<b>Temperature: <\/b>Minime in lieve calo, massime in aumento su valori tipicamente estivi su valori superiori alla norma. Su Prealpi a 1500 m min 10\u00b0C max 18\u00b0C, a 2000 m min 7\u00b0C max 15\u00b0C. Su Dolomiti a 2000 m min 7\u00b0C max 16\u00b0C, a 3000 m min 2\u00b0C max 7\u00b0C.<br \/>\n<b>Venti: <\/b>Nelle valli perlopi\u00f9 deboli a regime di brezza, localmente e a tratti moderati nei settori solitamente pi\u00f9 ventilati; in quota deboli o moderati da nord-ovest, a 5-10 km\/h a 2000 m, a 10-15 km\/h a 3000 m.<\/p>\n<hr \/>\n<p><center><b>Domenica 22<\/b><\/center>Altra mattinata tardo-estiva ben soleggiata, con prevalenza di sole. Nel pomeriggio tempo pi\u00f9 variabile e pi\u00f9 nuvolosa rispetto ai giorni p recedenti; intensificazione della nuvolosit\u00e0 moderata per moderata attivit\u00e0 cumuliforme con possibili fenomeni da locali a sparsi, specie sulle Dolomiti. Temperature in ulteriore lieve o contenuto rialzo. Venti a regime di brezza nelle valli, deboli da nord, nord-ovest in quota.<\/p>\n<hr \/>\n<p><center><b>Lunedi 23<\/b><\/center>Giornata all&#8217;insegna del tempo instabile, con probabili precipitazioni gi\u00e0 dal mattino da sparse a diffuse, frequenti e intermittenti a carattere di rovescio o temporale. Temperature minime in aumento, massime in calo su valori prossimi alla norma o di qualche grado al di sotto. Venti in quota moderati\/tesi dai quadranti occidentali. Previsore: M.Padoan<\/p>\n<p>&nbsp;<\/p>\n<div class=\"mkdf-post-text\">\n<div class=\"mkdf-post-text-inner\">\n<hr \/>\n<p>&nbsp;<\/p>\n<p><img loading=\"lazy\" decoding=\"async\" class=\"wp-image-60761 size-full aligncenter\" src=\"https:\/\/www.radiopiu.net\/wordpress\/wp-content\/uploads\/2018\/09\/sport.jpg\" alt=\"\" width=\"800\" height=\"100\" srcset=\"https:\/\/www.radiopiu.net\/wordpress\/wp-content\/uploads\/2018\/09\/sport.jpg 800w, https:\/\/www.radiopiu.net\/wordpress\/wp-content\/uploads\/2018\/09\/sport-300x38.jpg 300w, https:\/\/www.radiopiu.net\/wordpress\/wp-content\/uploads\/2018\/09\/sport-768x96.jpg 768w\" sizes=\"auto, (max-width: 800px) 100vw, 800px\" \/><\/p>\n<p>&nbsp;<\/p>\n<blockquote>\n<h3>OGGI LA PRIMA AMICHEVOLE DELL&#8217;ALLEGHE HOCKEY<\/h3>\n<\/blockquote>\n<p><strong><a href=\"https:\/\/www.radiopiu.net\/wordpress\/venerdi-20-agosto-la-prima-amichevole-dellalleghe-hockey\/venerdi-20-agosto-2021-ore-2100\/\" rel=\"attachment wp-att-227521\"><img loading=\"lazy\" decoding=\"async\" class=\" wp-image-227521 alignleft\" src=\"https:\/\/www.radiopiu.net\/wordpress\/wp-content\/uploads\/2021\/08\/Venerdi%CC%80-20-agosto-2021-ore-2100-212x300.jpg\" sizes=\"auto, (max-width: 195px) 100vw, 195px\" srcset=\"https:\/\/www.radiopiu.net\/wordpress\/wp-content\/uploads\/2021\/08\/Venerdi\u0300-20-agosto-2021-ore-2100-212x300.jpg 212w, https:\/\/www.radiopiu.net\/wordpress\/wp-content\/uploads\/2021\/08\/Venerdi\u0300-20-agosto-2021-ore-2100-724x1024.jpg 724w, https:\/\/www.radiopiu.net\/wordpress\/wp-content\/uploads\/2021\/08\/Venerdi\u0300-20-agosto-2021-ore-2100-768x1086.jpg 768w, https:\/\/www.radiopiu.net\/wordpress\/wp-content\/uploads\/2021\/08\/Venerdi\u0300-20-agosto-2021-ore-2100-1086x1536.jpg 1086w, https:\/\/www.radiopiu.net\/wordpress\/wp-content\/uploads\/2021\/08\/Venerdi\u0300-20-agosto-2021-ore-2100-1448x2048.jpg 1448w, https:\/\/www.radiopiu.net\/wordpress\/wp-content\/uploads\/2021\/08\/Venerdi\u0300-20-agosto-2021-ore-2100-scaled.jpg 1810w\" alt=\"\" width=\"195\" height=\"276\" \/><\/a><\/strong><\/p>\n<p><strong>\u00a0<\/strong><\/p>\n<p><strong>\u00a0<\/strong><\/p>\n<p><strong>\u00a0<\/strong><\/p>\n<p><strong>ALLEGHE<\/strong> Dopo la preparazione a secco e quella sul ghiaccio, l\u2019Alleghe Hockey \u00e8 pronto per il primo test pre stagionale. Stasera allo stadio Alvise De Toni di Alleghe le civette giocheranno la prima amichevole. In riva al lago arriva il Fassa Falcons. Ingaggio alle 21. Si ricorda che secondo le disposizioni governative il pubblico potr\u00e0 accedere allo stadio esibendo il Green Pass.<\/p>\n<p>&nbsp;<\/p>\n<p>&nbsp;<\/p>\n<p>&nbsp;<\/p>\n<p>&nbsp;<\/p>\n<hr \/>\n<p>&nbsp;<\/p>\n<p>&nbsp;<\/p>\n<table class=\"main\" border=\"0\" width=\"600\" cellspacing=\"0\" cellpadding=\"0\">\n<tbody>\n<tr>\n<td class=\"meldung-full-headline2\" align=\"left\" valign=\"top\">\n<blockquote>\n<h3>Continua a pieno regime la preseason | News mercato<\/h3>\n<\/blockquote>\n<\/td>\n<\/tr>\n<tr>\n<td class=\"meldung-full-subheadline2\" align=\"left\" valign=\"top\"><\/td>\n<\/tr>\n<tr>\n<td class=\"meldung-full-short\" align=\"left\" valign=\"top\"><a href=\"https:\/\/www.radiopiu.net\/wordpress\/giornale-radiopiu-20-agosto-2021-direttore-mirko-mezzacasa\/1200-2\/\" rel=\"attachment wp-att-228598\"><img loading=\"lazy\" decoding=\"async\" class=\"wp-image-228598 alignleft\" src=\"https:\/\/www.radiopiu.net\/wordpress\/wp-content\/uploads\/2021\/08\/1200-300x169.png\" alt=\"\" width=\"211\" height=\"119\" srcset=\"https:\/\/www.radiopiu.net\/wordpress\/wp-content\/uploads\/2021\/08\/1200-300x169.png 300w, https:\/\/www.radiopiu.net\/wordpress\/wp-content\/uploads\/2021\/08\/1200.png 600w\" sizes=\"auto, (max-width: 211px) 100vw, 211px\" \/><\/a>La preseason della Alps Hockey League procede con gran ritmo. Un totale di 16 partite sono previste per i prossimi quattro giorni e molte squadre giocheranno due volte. Negli incontri gi\u00e0 disputati durante la settimana in corso, le formazioni di casa hanno prevalso. Oltre alle attivit\u00e0 di preseason, i club della AHL hanno anche annunciato ulteriori movimenti nei rispettivi roster.<\/td>\n<\/tr>\n<\/tbody>\n<\/table>\n<p>&nbsp;<\/p>\n<\/div>\n<\/div>\n<\/div>\n<\/div>\n<\/div>\n<\/div>\n<\/div>\n<\/div>\n<\/div>\n<\/div>\n<\/div>\n<\/div>\n<\/div>\n<\/div>\n<\/div>\n<\/div>\n<\/div>\n<\/div>\n<\/div>\n<\/div>\n<\/div>\n<\/div>\n<\/div>\n<\/div>\n<\/div>","protected":false},"excerpt":{"rendered":"<p>COMPRIAMO UNA MACCHINA ATTREZZATA PER RICCARDO SOSPIROLO\u00a0Radio Pi\u00f9 appoggia l\u2019iniziativa di\u00a0 Agostino Tegner il pap\u00e0 di Riccardo, poche parole le sue ma piene di significato\u00a0\u201cIo e mia moglie stiamo invecchiando e non riusciamo pi\u00f9\u00a0a trasportare come si deve il nostro ragazzo, che necessita di una macchina attrezzata con un piano ribassato con pedana\u201d. Per questo&hellip;<\/p>\n","protected":false},"author":4,"featured_media":228610,"comment_status":"closed","ping_status":"open","sticky":false,"template":"","format":"standard","meta":{"_monsterinsights_skip_tracking":false,"_monsterinsights_sitenote_active":false,"_monsterinsights_sitenote_note":"","_monsterinsights_sitenote_category":0,"footnotes":""},"categories":[1,51,86,49],"tags":[],"class_list":["post-228349","post","type-post","status-publish","format-standard","has-post-thumbnail","hentry","category-senza-categoria","category-evidenza-top","category-gr","category-news-18","category-1","category-51","category-86","category-49","description-off"],"img_url":"https:\/\/www.radiopiu.net\/wordpress\/wp-content\/uploads\/2021\/08\/c06126e3-c267-4c90-a92c-b5a64f650f6c-300x224-1.jpg","_links":{"self":[{"href":"https:\/\/www.radiopiu.net\/wordpress\/wp-json\/wp\/v2\/posts\/228349","targetHints":{"allow":["GET"]}}],"collection":[{"href":"https:\/\/www.radiopiu.net\/wordpress\/wp-json\/wp\/v2\/posts"}],"about":[{"href":"https:\/\/www.radiopiu.net\/wordpress\/wp-json\/wp\/v2\/types\/post"}],"author":[{"embeddable":true,"href":"https:\/\/www.radiopiu.net\/wordpress\/wp-json\/wp\/v2\/users\/4"}],"replies":[{"embeddable":true,"href":"https:\/\/www.radiopiu.net\/wordpress\/wp-json\/wp\/v2\/comments?post=228349"}],"version-history":[{"count":0,"href":"https:\/\/www.radiopiu.net\/wordpress\/wp-json\/wp\/v2\/posts\/228349\/revisions"}],"wp:featuredmedia":[{"embeddable":true,"href":"https:\/\/www.radiopiu.net\/wordpress\/wp-json\/wp\/v2\/media\/228610"}],"wp:attachment":[{"href":"https:\/\/www.radiopiu.net\/wordpress\/wp-json\/wp\/v2\/media?parent=228349"}],"wp:term":[{"taxonomy":"category","embeddable":true,"href":"https:\/\/www.radiopiu.net\/wordpress\/wp-json\/wp\/v2\/categories?post=228349"},{"taxonomy":"post_tag","embeddable":true,"href":"https:\/\/www.radiopiu.net\/wordpress\/wp-json\/wp\/v2\/tags?post=228349"}],"curies":[{"name":"wp","href":"https:\/\/api.w.org\/{rel}","templated":true}]}}