{"id":228355,"date":"2021-08-19T00:14:17","date_gmt":"2021-08-18T22:14:17","guid":{"rendered":"https:\/\/www.radiopiu.net\/wordpress\/?p=228355"},"modified":"2021-08-19T06:04:46","modified_gmt":"2021-08-19T04:04:46","slug":"la-mostra-di-dunio-piccolin-al-nof-filo-di-cencenighe-prolungata-fino-al-22-agosto","status":"publish","type":"post","link":"https:\/\/www.radiopiu.net\/wordpress\/la-mostra-di-dunio-piccolin-al-nof-filo-di-cencenighe-prolungata-fino-al-22-agosto\/","title":{"rendered":"LA MOSTRA DI DUNIO PICCOLIN AL NOF FILO&#8217; DI CENCENIGHE PROLUNGATA FINO AL 22 AGOSTO"},"content":{"rendered":"<p><strong>CENCENIGHE\u00a0<\/strong>La mostra di Dunio Piccolin al Nof Fil\u00f2 di Cencenighe \u00e8 stata prolungata da venerd\u00ec 20 agosto a domenica 22 agosto 2021. &#8220;Voci di sottofondo&#8221; \u00e8 il titolo della mostra di oltre cento opere dell&#8217;artista Dunio Piccolin, voci dedicate sopratutto alle storie passate di luoghi e personaggi, alle leggende, ma anche una serie recente in riferimento ad episodi contemporanei relativi alla Valle del Bi\u00f3is. Dopo la buona affluenza al giorno dell&#8217;inaugurazione, limitata dalle ristrettezze della pandemia, molti sono i visitatori, locali e villeggianti, incuriositi dall&#8217;attivit\u00e0 pittorica da &#8220;cavalletto&#8221; del pittore falcadino, gi\u00e0 conosciuto sopratutto per i murales, gli affreschi sulle case o o i graffiti in Agordino.<br \/>\nUna bella soddisfazione per Dunio che ha avuto modo di esporre, nella grande sala del Nof Fil\u00f2, e raccontare ad un pubblico molto interessato della sua terra, seppur circoscritta, ma ricca di storia, cultura e tradizioni; insomma un&#8217;altra faccia della medaglia dei magnifici nostri luoghi che non sia solo essenzialmente turistica.<\/p>\n<p><strong>LE FOTO DELL&#8217;INAUGURAZIONE DELLA MOSTRA<\/strong><\/p>\n\n\t\t\t<style type='text\/css'>\n\t\t\t\t#gallery-1 {\n\t\t\t\t\tmargin: auto;\n\t\t\t\t}\n\t\t\t\t#gallery-1 .gallery-item {\n\t\t\t\t\tfloat: left;\n\t\t\t\t\tmargin-top: 10px;\n\t\t\t\t\ttext-align: center;\n\t\t\t\t\twidth: 33%;\n\t\t\t\t}\n\t\t\t\t#gallery-1 img {\n\t\t\t\t\tborder: 2px solid #cfcfcf;\n\t\t\t\t}\n\t\t\t\t#gallery-1 .gallery-caption {\n\t\t\t\t\tmargin-left: 0;\n\t\t\t\t}\n\t\t\t\t\/* see gallery_shortcode() in wp-includes\/media.php *\/\n\t\t\t<\/style>\n\t\t<div id='gallery-1' class='dt-gallery-container gallery galleryid-228355 gallery-columns-3 gallery-size-thumbnail'><dl class='gallery-item'>\n\t\t\t\t<dt class='gallery-icon landscape'>\n\t\t\t\t\t<a class=\"rollover rollover-zoom dt-pswp-item\" title=\"1a2781ba-6d51-4406-afdd-a4a1f2d15077\" data-dt-img-description=\"\" data-large_image_width=\"1494\" data-large_image_height=\"1134\"href='https:\/\/www.radiopiu.net\/wordpress\/wp-content\/uploads\/2021\/08\/1a2781ba-6d51-4406-afdd-a4a1f2d15077.jpg'><img loading=\"lazy\" decoding=\"async\" width=\"150\" height=\"150\" src=\"https:\/\/www.radiopiu.net\/wordpress\/wp-content\/uploads\/2021\/08\/1a2781ba-6d51-4406-afdd-a4a1f2d15077-150x150.jpg\" class=\"attachment-thumbnail size-thumbnail\" alt=\"\" \/><\/a>\n\t\t\t\t<\/dt><\/dl><dl class='gallery-item'>\n\t\t\t\t<dt class='gallery-icon landscape'>\n\t\t\t\t\t<a class=\"rollover rollover-zoom dt-pswp-item\" title=\"af76d1a2-ad8d-4f68-97d6-f60ba401e35f\" data-dt-img-description=\"\" data-large_image_width=\"720\" data-large_image_height=\"718\"href='https:\/\/www.radiopiu.net\/wordpress\/wp-content\/uploads\/2021\/08\/af76d1a2-ad8d-4f68-97d6-f60ba401e35f.jpg'><img loading=\"lazy\" decoding=\"async\" width=\"150\" height=\"150\" src=\"https:\/\/www.radiopiu.net\/wordpress\/wp-content\/uploads\/2021\/08\/af76d1a2-ad8d-4f68-97d6-f60ba401e35f-150x150.jpg\" class=\"attachment-thumbnail size-thumbnail\" alt=\"\" srcset=\"https:\/\/www.radiopiu.net\/wordpress\/wp-content\/uploads\/2021\/08\/af76d1a2-ad8d-4f68-97d6-f60ba401e35f-150x150.jpg 150w, https:\/\/www.radiopiu.net\/wordpress\/wp-content\/uploads\/2021\/08\/af76d1a2-ad8d-4f68-97d6-f60ba401e35f-300x300.jpg 300w, https:\/\/www.radiopiu.net\/wordpress\/wp-content\/uploads\/2021\/08\/af76d1a2-ad8d-4f68-97d6-f60ba401e35f.jpg 720w\" sizes=\"auto, (max-width: 150px) 100vw, 150px\" \/><\/a>\n\t\t\t\t<\/dt><\/dl><dl class='gallery-item'>\n\t\t\t\t<dt class='gallery-icon portrait'>\n\t\t\t\t\t<a class=\"rollover rollover-zoom dt-pswp-item\" title=\"d016d972-fc72-4274-8b16-d8ec3701249e\" data-dt-img-description=\"\" data-large_image_width=\"1232\" data-large_image_height=\"1836\"href='https:\/\/www.radiopiu.net\/wordpress\/wp-content\/uploads\/2021\/08\/d016d972-fc72-4274-8b16-d8ec3701249e.jpg'><img loading=\"lazy\" decoding=\"async\" width=\"150\" height=\"150\" src=\"https:\/\/www.radiopiu.net\/wordpress\/wp-content\/uploads\/2021\/08\/d016d972-fc72-4274-8b16-d8ec3701249e-150x150.jpg\" class=\"attachment-thumbnail size-thumbnail\" alt=\"\" \/><\/a>\n\t\t\t\t<\/dt><\/dl><br style=\"clear: both\" \/><dl class='gallery-item'>\n\t\t\t\t<dt class='gallery-icon landscape'>\n\t\t\t\t\t<a class=\"rollover rollover-zoom dt-pswp-item\" title=\"e9bd81f1-3a53-45f6-8812-3ec1494cc153\" data-dt-img-description=\"\" data-large_image_width=\"2048\" data-large_image_height=\"1872\"href='https:\/\/www.radiopiu.net\/wordpress\/wp-content\/uploads\/2021\/08\/e9bd81f1-3a53-45f6-8812-3ec1494cc153.jpg'><img loading=\"lazy\" decoding=\"async\" width=\"150\" height=\"150\" src=\"https:\/\/www.radiopiu.net\/wordpress\/wp-content\/uploads\/2021\/08\/e9bd81f1-3a53-45f6-8812-3ec1494cc153-150x150.jpg\" class=\"attachment-thumbnail size-thumbnail\" alt=\"\" \/><\/a>\n\t\t\t\t<\/dt><\/dl><dl class='gallery-item'>\n\t\t\t\t<dt class='gallery-icon landscape'>\n\t\t\t\t\t<a class=\"rollover rollover-zoom dt-pswp-item\" title=\"c9f762b6-ddb1-43c4-bc6c-1446a4513779\" data-dt-img-description=\"\" data-large_image_width=\"720\" data-large_image_height=\"456\"href='https:\/\/www.radiopiu.net\/wordpress\/wp-content\/uploads\/2021\/08\/c9f762b6-ddb1-43c4-bc6c-1446a4513779.jpg'><img loading=\"lazy\" decoding=\"async\" width=\"150\" height=\"150\" src=\"https:\/\/www.radiopiu.net\/wordpress\/wp-content\/uploads\/2021\/08\/c9f762b6-ddb1-43c4-bc6c-1446a4513779-150x150.jpg\" class=\"attachment-thumbnail size-thumbnail\" alt=\"\" \/><\/a>\n\t\t\t\t<\/dt><\/dl><dl class='gallery-item'>\n\t\t\t\t<dt class='gallery-icon landscape'>\n\t\t\t\t\t<a class=\"rollover rollover-zoom dt-pswp-item\" title=\"b438ca5e-44a9-4e99-b2ba-ece9dc14019a\" data-dt-img-description=\"\" data-large_image_width=\"720\" data-large_image_height=\"479\"href='https:\/\/www.radiopiu.net\/wordpress\/wp-content\/uploads\/2021\/08\/b438ca5e-44a9-4e99-b2ba-ece9dc14019a.jpg'><img loading=\"lazy\" decoding=\"async\" width=\"150\" height=\"150\" src=\"https:\/\/www.radiopiu.net\/wordpress\/wp-content\/uploads\/2021\/08\/b438ca5e-44a9-4e99-b2ba-ece9dc14019a-150x150.jpg\" class=\"attachment-thumbnail size-thumbnail\" alt=\"\" \/><\/a>\n\t\t\t\t<\/dt><\/dl><br style=\"clear: both\" \/>\n\t\t\t<\/div>\n\n<p>&nbsp;<\/p>\n<p>&nbsp;<\/p>\n<p>&nbsp;<\/p>\n<p>*****<\/p>\n","protected":false},"excerpt":{"rendered":"<p>CENCENIGHE\u00a0La mostra di Dunio Piccolin al Nof Fil\u00f2 di Cencenighe \u00e8 stata prolungata da venerd\u00ec 20 agosto a domenica 22 agosto 2021. &#8220;Voci di sottofondo&#8221; \u00e8 il titolo della mostra di oltre cento opere dell&#8217;artista Dunio Piccolin, voci dedicate sopratutto alle storie passate di luoghi e personaggi, alle leggende, ma anche una serie recente in&hellip;<\/p>\n","protected":false},"author":4,"featured_media":228360,"comment_status":"closed","ping_status":"open","sticky":false,"template":"","format":"standard","meta":{"_monsterinsights_skip_tracking":false,"_monsterinsights_sitenote_active":false,"_monsterinsights_sitenote_note":"","_monsterinsights_sitenote_category":0,"footnotes":""},"categories":[104,49],"tags":[],"class_list":["post-228355","post","type-post","status-publish","format-standard","has-post-thumbnail","hentry","category-evidenza_3","category-news-18","category-104","category-49","description-off"],"img_url":"https:\/\/www.radiopiu.net\/wordpress\/wp-content\/uploads\/2021\/08\/c9f762b6-ddb1-43c4-bc6c-1446a4513779.jpg","_links":{"self":[{"href":"https:\/\/www.radiopiu.net\/wordpress\/wp-json\/wp\/v2\/posts\/228355","targetHints":{"allow":["GET"]}}],"collection":[{"href":"https:\/\/www.radiopiu.net\/wordpress\/wp-json\/wp\/v2\/posts"}],"about":[{"href":"https:\/\/www.radiopiu.net\/wordpress\/wp-json\/wp\/v2\/types\/post"}],"author":[{"embeddable":true,"href":"https:\/\/www.radiopiu.net\/wordpress\/wp-json\/wp\/v2\/users\/4"}],"replies":[{"embeddable":true,"href":"https:\/\/www.radiopiu.net\/wordpress\/wp-json\/wp\/v2\/comments?post=228355"}],"version-history":[{"count":0,"href":"https:\/\/www.radiopiu.net\/wordpress\/wp-json\/wp\/v2\/posts\/228355\/revisions"}],"wp:featuredmedia":[{"embeddable":true,"href":"https:\/\/www.radiopiu.net\/wordpress\/wp-json\/wp\/v2\/media\/228360"}],"wp:attachment":[{"href":"https:\/\/www.radiopiu.net\/wordpress\/wp-json\/wp\/v2\/media?parent=228355"}],"wp:term":[{"taxonomy":"category","embeddable":true,"href":"https:\/\/www.radiopiu.net\/wordpress\/wp-json\/wp\/v2\/categories?post=228355"},{"taxonomy":"post_tag","embeddable":true,"href":"https:\/\/www.radiopiu.net\/wordpress\/wp-json\/wp\/v2\/tags?post=228355"}],"curies":[{"name":"wp","href":"https:\/\/api.w.org\/{rel}","templated":true}]}}