{"id":228522,"date":"2021-08-19T15:37:52","date_gmt":"2021-08-19T13:37:52","guid":{"rendered":"https:\/\/www.radiopiu.net\/wordpress\/?p=228522"},"modified":"2021-08-19T15:37:52","modified_gmt":"2021-08-19T13:37:52","slug":"una-stazione-che-merita-di-essere-riqualificata","status":"publish","type":"post","link":"https:\/\/www.radiopiu.net\/wordpress\/una-stazione-che-merita-di-essere-riqualificata\/","title":{"rendered":"UNA STAZIONE CHE MERITA DI ESSERE RIQUALIFICATA \u00a0"},"content":{"rendered":"<blockquote>\n<h3><\/h3>\n<\/blockquote>\n<p><strong>PONTE NELLE ALPI<\/strong> <em>\u00abLa stazione per l\u2019Alpago \u00e8 il punto di arrivo al lago di Santa Croce per i turisti che utilizzano il treno. \u00c8 fondamentale riqualificarla e renderla un luogo accogliente\u00bb.<\/em> Lo afferma il consigliere provinciale delegato all\u2019urbanistica e sindaco di Ponte nelle Alpi Paolo Vendramini, che nei giorni scorsi \u00e8 stato in sopralluogo proprio alla stazione \u201cPer l\u2019Alpago\u201d (ricadente geograficamente alla Secca, nel territorio comunale pontalpino). La struttura oggi \u00e8 fortemente degradata. I muri perimetrali sono ricoperti di graffiti e scarabocchi. Le porte sono chiuse e non esiste un presidio, eccezion fatta per la biglietteria automatica, che spesso risulta inattiva. Inoltre, ci sono erbacce alte e materiali depositati ovunque.\u00a0 <em>\u00abAbbiamo ricevuto diverse segnalazioni da parte di turisti e utenti: tutti denunciano il grave stato di degrado in versa la stazione &#8211; sottolinea il consigliere delegato -. Per questo, abbiamo voluto renderci conto della situazione e abbiamo gi\u00e0 preso contatti con i responsabili regionali delle ferrovie e di Rfi, con la richiesta di manutenzioni straordinarie e ordinarie. A breve apriremo un tavolo con i gestori della rete ferroviaria, d\u2019accordo anche con l\u2019amministrazione comunale di Alpago, perch\u00e9 \u00e8 necessario intervenire: la stazione \u00e8 un biglietto da visita per i turisti diretti al lago e per l\u2019intera provincia&#8221;.\u00a0<\/em><\/p>\n<p>&nbsp;<\/p>\n\n\t\t\t<style type='text\/css'>\n\t\t\t\t#gallery-1 {\n\t\t\t\t\tmargin: auto;\n\t\t\t\t}\n\t\t\t\t#gallery-1 .gallery-item {\n\t\t\t\t\tfloat: left;\n\t\t\t\t\tmargin-top: 10px;\n\t\t\t\t\ttext-align: center;\n\t\t\t\t\twidth: 50%;\n\t\t\t\t}\n\t\t\t\t#gallery-1 img {\n\t\t\t\t\tborder: 2px solid #cfcfcf;\n\t\t\t\t}\n\t\t\t\t#gallery-1 .gallery-caption {\n\t\t\t\t\tmargin-left: 0;\n\t\t\t\t}\n\t\t\t\t\/* see gallery_shortcode() in wp-includes\/media.php *\/\n\t\t\t<\/style>\n\t\t<div id='gallery-1' class='dt-gallery-container gallery galleryid-228522 gallery-columns-2 gallery-size-medium'><dl class='gallery-item'>\n\t\t\t\t<dt class='gallery-icon landscape'>\n\t\t\t\t\t<a class=\"rollover rollover-zoom dt-pswp-item\" title=\"PHOTO-2021-08-18-11-53-40-2\" data-dt-img-description=\"\" data-large_image_width=\"1024\" data-large_image_height=\"768\"href='https:\/\/www.radiopiu.net\/wordpress\/wp-content\/uploads\/2021\/08\/PHOTO-2021-08-18-11-53-40-2.jpg'><img loading=\"lazy\" decoding=\"async\" width=\"300\" height=\"225\" src=\"https:\/\/www.radiopiu.net\/wordpress\/wp-content\/uploads\/2021\/08\/PHOTO-2021-08-18-11-53-40-2-300x225.jpg\" class=\"attachment-medium size-medium\" alt=\"\" srcset=\"https:\/\/www.radiopiu.net\/wordpress\/wp-content\/uploads\/2021\/08\/PHOTO-2021-08-18-11-53-40-2-300x225.jpg 300w, https:\/\/www.radiopiu.net\/wordpress\/wp-content\/uploads\/2021\/08\/PHOTO-2021-08-18-11-53-40-2-768x576.jpg 768w, https:\/\/www.radiopiu.net\/wordpress\/wp-content\/uploads\/2021\/08\/PHOTO-2021-08-18-11-53-40-2.jpg 1024w\" sizes=\"auto, (max-width: 300px) 100vw, 300px\" \/><\/a>\n\t\t\t\t<\/dt><\/dl><dl class='gallery-item'>\n\t\t\t\t<dt class='gallery-icon portrait'>\n\t\t\t\t\t<a class=\"rollover rollover-zoom dt-pswp-item\" title=\"PHOTO-2021-08-18-11-53-40-1\" data-dt-img-description=\"\" data-large_image_width=\"768\" data-large_image_height=\"1024\"href='https:\/\/www.radiopiu.net\/wordpress\/wp-content\/uploads\/2021\/08\/PHOTO-2021-08-18-11-53-40-1.jpg'><img loading=\"lazy\" decoding=\"async\" width=\"225\" height=\"300\" src=\"https:\/\/www.radiopiu.net\/wordpress\/wp-content\/uploads\/2021\/08\/PHOTO-2021-08-18-11-53-40-1-225x300.jpg\" class=\"attachment-medium size-medium\" alt=\"\" srcset=\"https:\/\/www.radiopiu.net\/wordpress\/wp-content\/uploads\/2021\/08\/PHOTO-2021-08-18-11-53-40-1-225x300.jpg 225w, https:\/\/www.radiopiu.net\/wordpress\/wp-content\/uploads\/2021\/08\/PHOTO-2021-08-18-11-53-40-1.jpg 768w\" sizes=\"auto, (max-width: 225px) 100vw, 225px\" \/><\/a>\n\t\t\t\t<\/dt><\/dl><br style=\"clear: both\" \/>\n\t\t\t<\/div>\n\n<p>\u200b<\/p>\n<hr \/>\n<blockquote>\n<h3><\/h3>\n<\/blockquote>\n","protected":false},"excerpt":{"rendered":"<p>PONTE NELLE ALPI \u00abLa stazione per l\u2019Alpago \u00e8 il punto di arrivo al lago di Santa Croce per i turisti che utilizzano il treno. \u00c8 fondamentale riqualificarla e renderla un luogo accogliente\u00bb. Lo afferma il consigliere provinciale delegato all\u2019urbanistica e sindaco di Ponte nelle Alpi Paolo Vendramini, che nei giorni scorsi \u00e8 stato in sopralluogo&hellip;<\/p>\n","protected":false},"author":4,"featured_media":228519,"comment_status":"closed","ping_status":"open","sticky":false,"template":"","format":"standard","meta":{"_monsterinsights_skip_tracking":false,"_monsterinsights_sitenote_active":false,"_monsterinsights_sitenote_note":"","_monsterinsights_sitenote_category":0,"footnotes":""},"categories":[49],"tags":[],"class_list":["post-228522","post","type-post","status-publish","format-standard","has-post-thumbnail","hentry","category-news-18","category-49","description-off"],"img_url":"https:\/\/www.radiopiu.net\/wordpress\/wp-content\/uploads\/2021\/08\/PHOTO-2021-08-18-11-53-40-2.jpg","_links":{"self":[{"href":"https:\/\/www.radiopiu.net\/wordpress\/wp-json\/wp\/v2\/posts\/228522","targetHints":{"allow":["GET"]}}],"collection":[{"href":"https:\/\/www.radiopiu.net\/wordpress\/wp-json\/wp\/v2\/posts"}],"about":[{"href":"https:\/\/www.radiopiu.net\/wordpress\/wp-json\/wp\/v2\/types\/post"}],"author":[{"embeddable":true,"href":"https:\/\/www.radiopiu.net\/wordpress\/wp-json\/wp\/v2\/users\/4"}],"replies":[{"embeddable":true,"href":"https:\/\/www.radiopiu.net\/wordpress\/wp-json\/wp\/v2\/comments?post=228522"}],"version-history":[{"count":0,"href":"https:\/\/www.radiopiu.net\/wordpress\/wp-json\/wp\/v2\/posts\/228522\/revisions"}],"wp:featuredmedia":[{"embeddable":true,"href":"https:\/\/www.radiopiu.net\/wordpress\/wp-json\/wp\/v2\/media\/228519"}],"wp:attachment":[{"href":"https:\/\/www.radiopiu.net\/wordpress\/wp-json\/wp\/v2\/media?parent=228522"}],"wp:term":[{"taxonomy":"category","embeddable":true,"href":"https:\/\/www.radiopiu.net\/wordpress\/wp-json\/wp\/v2\/categories?post=228522"},{"taxonomy":"post_tag","embeddable":true,"href":"https:\/\/www.radiopiu.net\/wordpress\/wp-json\/wp\/v2\/tags?post=228522"}],"curies":[{"name":"wp","href":"https:\/\/api.w.org\/{rel}","templated":true}]}}