{"id":228583,"date":"2021-08-21T06:00:04","date_gmt":"2021-08-21T04:00:04","guid":{"rendered":"https:\/\/www.radiopiu.net\/wordpress\/?p=228583"},"modified":"2021-08-21T08:00:00","modified_gmt":"2021-08-21T06:00:00","slug":"giornale-radiopiu-21-agosto-2021-direttore-mirko-mezzacasa","status":"publish","type":"post","link":"https:\/\/www.radiopiu.net\/wordpress\/giornale-radiopiu-21-agosto-2021-direttore-mirko-mezzacasa\/","title":{"rendered":"GIORNALE RADIOPIU 21 AGOSTO 2021 DIRETTORE MIRKO MEZZACASA"},"content":{"rendered":"<div class=\"wpb-content-wrapper\"><blockquote>\n<h3>COMPRIAMO UNA MACCHINA ATTREZZATA PER RICCARDO<\/h3>\n<\/blockquote>\n<p><strong><a href=\"https:\/\/www.radiopiu.net\/wordpress\/compriamo-una-macchina-attrezzata-per-riccardo\/1626340291137881-img-20210714-wa0025\/\" rel=\"attachment wp-att-224370\"><img loading=\"lazy\" decoding=\"async\" class=\"size-medium wp-image-224370 alignleft\" src=\"https:\/\/www.radiopiu.net\/wordpress\/wp-content\/uploads\/2021\/07\/1626340291137881-IMG-20210714-WA0025-169x300.jpg\" sizes=\"auto, (max-width: 169px) 100vw, 169px\" srcset=\"https:\/\/www.radiopiu.net\/wordpress\/wp-content\/uploads\/2021\/07\/1626340291137881-IMG-20210714-WA0025-169x300.jpg 169w, https:\/\/www.radiopiu.net\/wordpress\/wp-content\/uploads\/2021\/07\/1626340291137881-IMG-20210714-WA0025-576x1024.jpg 576w, https:\/\/www.radiopiu.net\/wordpress\/wp-content\/uploads\/2021\/07\/1626340291137881-IMG-20210714-WA0025-768x1365.jpg 768w, https:\/\/www.radiopiu.net\/wordpress\/wp-content\/uploads\/2021\/07\/1626340291137881-IMG-20210714-WA0025.jpg 800w\" alt=\"\" width=\"169\" height=\"300\" \/><\/a>SOSPIROLO<\/strong>\u00a0Radio Pi\u00f9 appoggia l\u2019iniziativa di\u00a0 Agostino Tegner il pap\u00e0 di Riccardo, poche parole le sue ma piene di significato<em>\u00a0\u201cIo e mia moglie stiamo invecchiando e non riusciamo pi\u00f9\u00a0<img loading=\"lazy\" decoding=\"async\" class=\"alignright\" src=\"https:\/\/www.radiopiu.net\/wordpress\/wp-content\/uploads\/2021\/07\/1626451699105964-locandina-riccardo.jpg\" width=\"297\" height=\"167\" \/>a trasportare come si deve il nostro ragazzo, che necessita di una macchina attrezzata con un piano ribassato con pedana\u201d.<\/em><\/p>\n<p>Per questo ha avuto inizio la raccolta fondi che si prefigge lo scopo di raccogliere 35.000 euro entro fine agosto. Ad oggi sono stati versati i primi\u00a0<strong>11635<\/strong>\u00a0euro, per farlo \u00e8 semplice\u00a0<strong><a href=\"https:\/\/www.eppela.com\/it\/projects\/31001-compriamo-una-macchina-attrezzata-per-riccardo\">clicca qui\u00a0<\/a><\/strong><\/p>\n<blockquote><p><em>Riccardo \u00e8 un simpatico ragazzino di 15 anni che vive sulle montagne di Sospirolo. Sempre sorridente e circondato dall\u2019affetto dei suoi cari, Riccardo \u00e8 per\u00f2 costretto a stare sulla sedia a rotelle a causa della distrofia muscolare di Duchenne, di cui \u00e8 affetto dalla nascita.\u00a0 I genitori, dopo anni di sacrifici, hanno deciso di acquistare un\u2019auto munita di pedana per poter trasportare il figlio in modo pi\u00f9 comodo, pratico e sicuro, soprattutto adesso che sta crescendo e il peso \u2013 per i due genitori che stanno diventando anziani \u2013 si fa sempre pi\u00f9 sentire.\u00a0<\/em><\/p><\/blockquote>\n<p>&nbsp;<\/p>\n<hr \/>\n<p>&nbsp;<\/p>\n<h2 style=\"text-align: center;\"><span style=\"color: #800080;\">COVID-19: LA TESTIMONIANZA DI BORTOLO MAINARDI<\/span><\/h2>\n<p><iframe loading=\"lazy\" title=\"#WpertuttiNOI - Bortolo Mainardi\" width=\"1200\" height=\"675\" src=\"https:\/\/www.youtube.com\/embed\/-966WTACybc?feature=oembed\" frameborder=\"0\" allow=\"accelerometer; autoplay; clipboard-write; encrypted-media; gyroscope; picture-in-picture\" allowfullscreen><\/iframe><\/p>\n<p>&nbsp;<\/p>\n<hr \/>\n<p>&nbsp;<\/p>\n<p>&nbsp;<\/p>\n<p><img loading=\"lazy\" decoding=\"async\" class=\"alignleft\" src=\"https:\/\/www.radiopiu.net\/wordpress\/wp-content\/uploads\/2018\/08\/ACQUA.jpeg\" width=\"204\" height=\"122\" \/>Gestione Servizi Pubblici informa che a LIVINALLONGO nelle localit\u00e0 AL FAURO, CREPAZ, RENAZ, RUAZ, PEZZEI, S.GIOVANNI e FOSSAL, l&#8217;acqua erogata dall&#8217;acquedotto non \u00e8 potabile e pu\u00f2 essere usata per scopi alimentari SOLO PREVIA bollitura.<\/p>\n<p>&nbsp;<\/p>\n<p>&nbsp;<\/p>\n<hr \/>\n<p>&nbsp;<\/p>\n<blockquote>\n<h3>LA GALLERIA COMELICO DA LUNEDI DI NUOVO CHIUSA DI NOTTE<\/h3>\n<\/blockquote>\n<p><strong>VENEZIA\u00a0<\/strong>Per limitare i disagi durante le settimane di maggior esodo, Anas ha programmato la sospensione temporanea dei lavori di manutenzione della galleria \u201cComelico\u201d. Dalle ore 21 di luned\u00ec 23 agosto sar\u00e0 nuovamente istituito il divieto di transito in orario notturno, con deviazione su viabilit\u00e0 secondaria,\u00a0 dalle\u00a0 22:30<\/p>\n<p>&nbsp;<\/p>\n<p>&nbsp;<\/p>\n<p>&nbsp;<\/p>\n<hr \/>\n<p>&nbsp;<\/p>\n<blockquote>\n<h3>INTERRUZIONI ENEL<\/h3>\n<\/blockquote>\n<p><strong>ROCCA PIETORE<\/strong> luned\u00ec dalle 8 alle 12 a Saviner di Calloneghe<\/p>\n<p>&nbsp;<\/p>\n<p>&nbsp;<\/p>\n<hr \/>\n<p>&nbsp;<\/p>\n<p>&nbsp;<\/p>\n<blockquote>\n<h3>RITROVATO ANZIANO SCOMPARSO L&#8217;ALTRO IERI<\/h3>\n<div dir=\"auto\"><\/div>\n<div dir=\"auto\"><strong>AURONZO<\/strong> \u00c8 stato ritrovato e sta bene, l&#8217;uomo di 81 anni di San Vito di Cadore (BL), che nel pomeriggio di giovedi\u00a0 si era incamminato nei boschi sopra il Ristorante Mughetto sulla via Val d&#8217;Ansiei ad Auronzo di Cadore, senza pi\u00f9 rientrare,\u00a0 l&#8217;anziano \u00e8 stato rintracciato a un chilometro di distanza dal punto dove era stato visto l&#8217;ultima volta. Stava bene, anche se aveva riportato qualche escoriazione dopo essere probabilmente caduto. In via precauzionale \u00e8 stato affidato all&#8217;ambulanza che lo ha trasportato all&#8217;ospedale per le verifiche del caso. Erano presenti una quarantina di persone.<\/div>\n<\/blockquote>\n<p>&nbsp;<\/p>\n<p>&nbsp;<\/p>\n<hr \/>\n<blockquote>\n<h3>FONZASO: CAMIONISTA PEDAVENESE PERDE LA VITA NELL&#8217;INCIDENTE CON LA MOTO<\/h3>\n<\/blockquote>\n<p><strong>FONZASO<\/strong> \u00c8 morto nonostante il grande impegno dei sanitari per rianimarlo dopo lo schianto di ieri pomeriggio in via San Rocco. Il camionista pedavenese di origine ucraina Yuriy Dvirnychuk aveva 48 anni. Lo scontro tra la sua moto, sulla quale stava rincasando dal lavoro, e una automobile. L&#8217;incidente \u00e8 avvenuto, per cause che stanno accertando i carabinieri del nucleo radiomobile di Feltre. Quando i soccorritori sono arrivati il camionista di Pedavena era in condizioni critiche. La tragedia ha scosso la comunit\u00e0 ucraina feltrina.<\/p>\n<p><a href=\"https:\/\/www.radiopiu.net\/wordpress\/fonzaso-camionista-pedavenese-perde-la-vita-nellincidente-con-la-moto\/161548791_436452420960757_2154410039143281663_n\/\" rel=\"attachment wp-att-228784\"><img loading=\"lazy\" decoding=\"async\" class=\"alignnone wp-image-228784\" src=\"https:\/\/www.radiopiu.net\/wordpress\/wp-content\/uploads\/2021\/08\/161548791_436452420960757_2154410039143281663_n-300x300.jpg\" alt=\"\" width=\"151\" height=\"151\" srcset=\"https:\/\/www.radiopiu.net\/wordpress\/wp-content\/uploads\/2021\/08\/161548791_436452420960757_2154410039143281663_n-300x300.jpg 300w, https:\/\/www.radiopiu.net\/wordpress\/wp-content\/uploads\/2021\/08\/161548791_436452420960757_2154410039143281663_n-1021x1024.jpg 1021w, https:\/\/www.radiopiu.net\/wordpress\/wp-content\/uploads\/2021\/08\/161548791_436452420960757_2154410039143281663_n-150x150.jpg 150w, https:\/\/www.radiopiu.net\/wordpress\/wp-content\/uploads\/2021\/08\/161548791_436452420960757_2154410039143281663_n-768x770.jpg 768w, https:\/\/www.radiopiu.net\/wordpress\/wp-content\/uploads\/2021\/08\/161548791_436452420960757_2154410039143281663_n-1532x1536.jpg 1532w, https:\/\/www.radiopiu.net\/wordpress\/wp-content\/uploads\/2021\/08\/161548791_436452420960757_2154410039143281663_n.jpg 2010w\" sizes=\"auto, (max-width: 151px) 100vw, 151px\" \/><\/a><\/p>\n<p>&nbsp;<\/p>\n<hr \/>\n<p>&nbsp;<\/p>\n<blockquote>\n<h3>L&#8217;ULTIMO SALUTO A IVAN, LUNEDI A FORTOGNA<\/h3>\n<p><a href=\"https:\/\/www.radiopiu.net\/wordpress\/giornale-radiopiu-21-agosto-2021-direttore-mirko-mezzacasa\/b424a522-d7c9-483c-a967-5d1590572c2f\/\" rel=\"attachment wp-att-228787\"><img loading=\"lazy\" decoding=\"async\" class=\"wp-image-228787 alignleft\" src=\"https:\/\/www.radiopiu.net\/wordpress\/wp-content\/uploads\/2021\/08\/b424a522-d7c9-483c-a967-5d1590572c2f-300x169.jpg\" alt=\"\" width=\"174\" height=\"98\" srcset=\"https:\/\/www.radiopiu.net\/wordpress\/wp-content\/uploads\/2021\/08\/b424a522-d7c9-483c-a967-5d1590572c2f-300x169.jpg 300w, https:\/\/www.radiopiu.net\/wordpress\/wp-content\/uploads\/2021\/08\/b424a522-d7c9-483c-a967-5d1590572c2f-1024x576.jpg 1024w, https:\/\/www.radiopiu.net\/wordpress\/wp-content\/uploads\/2021\/08\/b424a522-d7c9-483c-a967-5d1590572c2f-768x432.jpg 768w, https:\/\/www.radiopiu.net\/wordpress\/wp-content\/uploads\/2021\/08\/b424a522-d7c9-483c-a967-5d1590572c2f-1536x864.jpg 1536w, https:\/\/www.radiopiu.net\/wordpress\/wp-content\/uploads\/2021\/08\/b424a522-d7c9-483c-a967-5d1590572c2f.jpg 1599w\" sizes=\"auto, (max-width: 174px) 100vw, 174px\" \/><\/a><strong>LONGARONE<\/strong> Si \u00e8 spento a 53 anni Ivan Feltrin. Impegnato in prima persona nell&#8217;associazione di promozione sportiva Pro-S di Fortogna. \u00abContinua a sorridere da lass\u00f9 come sapevi fare tu\u00bb, \u00e8 stato il messaggio di cordoglio dell&#8217;associazione longaronese impegnata nel sostegno ai giovani talenti sportivi bellunesi, guidata dal presidente Giovanni Feltrin. I funerali luned\u00ec alle 15 a Fortogna. Lascia la moglie Marika, i figli Valentino e Melissa, i fratelli Giacomo e Leo.<\/p><\/blockquote>\n<p>&nbsp;<\/p>\n<hr \/>\n<p>&nbsp;<\/p>\n<blockquote>\n<h3>OGGI L&#8217;ADDIO A FIABANE<\/h3>\n<p><strong>SAN GREGORIO<\/strong> Giuliano Fiabane, 75 anni palombaro della Marina Militare \u00e8 morto in seguito ad un malore. Volto conosciuto nel feltrino, per anni ha lavorato alla &#8220;sbarra&#8221; dell&#8217;ospedale di Feltre. Lascia la moglie Gabriella, le figlie Giorgia ed Eleonora. I funerali a San Gregorio oggi alle 10.30<\/p><\/blockquote>\n<p>&nbsp;<\/p>\n<p>&nbsp;<\/p>\n<hr \/>\n<blockquote>\n<h3><\/h3>\n<h3>E&#8217; MORTO IL SENATORE PAOLO SAVIANE<\/h3>\n<\/blockquote>\n<p><strong><a href=\"https:\/\/www.radiopiu.net\/wordpress\/e-morto-il-senatore-paolo-saviane\/paolo_saviane\/\" rel=\"attachment wp-att-228679\"><img loading=\"lazy\" decoding=\"async\" class=\"size-medium wp-image-228679 alignleft\" src=\"https:\/\/www.radiopiu.net\/wordpress\/wp-content\/uploads\/2021\/08\/paolo_saviane-300x169.jpg\" alt=\"\" width=\"300\" height=\"169\" srcset=\"https:\/\/www.radiopiu.net\/wordpress\/wp-content\/uploads\/2021\/08\/paolo_saviane-300x169.jpg 300w, https:\/\/www.radiopiu.net\/wordpress\/wp-content\/uploads\/2021\/08\/paolo_saviane-1024x576.jpg 1024w, https:\/\/www.radiopiu.net\/wordpress\/wp-content\/uploads\/2021\/08\/paolo_saviane-768x432.jpg 768w, https:\/\/www.radiopiu.net\/wordpress\/wp-content\/uploads\/2021\/08\/paolo_saviane.jpg 1280w\" sizes=\"auto, (max-width: 300px) 100vw, 300px\" \/><\/a>BELLUNO<\/strong> Lutto nella politica bellunese. \u00c8 venuto a mancare oggi &#8211; dopo breve malattia &#8211; all\u2019et\u00e0 di 59 anni, il senatore Paolo Saviane. Era membro della 13\u00aa Commissione permanente (Territorio, ambiente, beni ambientali) e\u00a0 della Commissione parlamentare per l&#8217;attuazione del federalismo fiscale. Per il territorio Bellunese aveva anche ricoperto la carica di presidente del Fondo Comuni Confinanti, nonch\u00e9 segretario provinciale della Lega. Imprenditore, viveva in Alpago. \u00ab<em>Questa \u00e8 una grave perdita non solo per il territorio dell\u2019Alpago, ma di tutta la provincia di Belluno &#8211; le parole del presidente dell\u2019Associazione Bellunesi nel Mondo Oscar De Bona &#8211; era ancora giovane e avrebbe di certo contribuito allo sviluppo e alle necessit\u00e0 di tutto il Bellunese<\/em>\u00bb. Per l\u2019Abm si era dimostrato molto disponibile a seguire le problematiche portate dai gelatieri residenti all\u2019estero, che riguardavano le targhe straniere. \u00ab<em>Lo avevo incontrato un mese fa e mai avrei immaginato questa drammatica conclusione\u00bb. Sempre l\u2019Abm lo aveva invitato a partecipare alle commemorazioni del 56\u00b0 anniversario della Tragedia di Mattmark, in programma a Mas di Sedico, domenica 29 agosto. \u00abL\u2019Alpago aveva avuto una vittima in questa tragedia dell\u2019emigrazione bellunese. Di certo ricorderemo anche il senatore Saviane<\/em>\u00bb. Tutta l\u2019Associazione Bellunesi nel Mondo \u00e8 vicina ai suoi famigliari e, in particolare, alle figlie e alla nipote.<\/p>\n<p><strong>IL RICORDO DEL DEPUTATO DI FORZA ITALIA DARIO BOND<\/strong><\/p>\n<p><em>\u00abCon Paolo Saviane se ne va un politico capace, vicino al territorio. Un uomo che ha sempre avuto una grande passione per la politica e per la sua terra, che ha cercato di difendere prima da segretario di partito, poi da senatore. Lo ha mostrato anche nel breve periodo da presidente del Fondo Comuni confinanti e personalmente l\u2019ho sempre ritenuto un collega in gamba, attento alle tematiche del territorio. Un pensiero va ai suoi famigliari\u00bb.<\/em><\/p>\n<p><strong>IL MESSAGGIO DEL PRESIDENTE DELLA PROVINCIA DI BELLUNO ROBERTO PADRIN<\/strong><\/p>\n<p>\u00ab<em>Il nostro territorio perde un politico attento, un uomo appassionato<\/em>\u00bb. \u00c8 il messaggio di cordoglio del presidente della Provincia alla notizia della scomparsa di Paolo Saviane. \u00ab<em>Ricordo il suo impegno quando \u00e8 stato presidente del Comitato paritetico del Fondo Comuni confinanti: si \u00e8 messo a disposizione delle amministrazioni locali e del territorio con spirito di servizio, pur in un incarico non semplice. Recentemente ci siamo visti ad Auronzo, al ritiro della Lazio e anche in quell\u2019occasione ho potuto apprezzare la sua forte passione per la politica. L\u2019amministrazione provinciale si stringe ai suoi famigliari e ai suoi cari<\/em>\u00bb.<\/p>\n<p><strong>IL SENATORE DI FRATELLI D&#8217;ITALIA LUCA DE CARLO<\/strong><\/p>\n<p>\u201c<em>Con la morte di Paolo Saviane il Bellunese perde un politico che fino all&#8217;ultimo si \u00e8 speso per il suo territorio. Non posso negare che all&#8217;inizio i rapporti tra noi non erano certo stati buoni ma, con il mio ingresso al Senato, abbiamo iniziato a \u201cconoscerci\u201d e a discutere di politica e del nostro territorio, trovando le convergenze su questioni importanti per Belluno. Di lui ho imparato ad apprezzare la correttezza e la schiettezza, e per questo sono profondamente dispiaciuto per la sua scomparsa; nonostante la sofferenza che tutti abbiamo potuto cogliere, non ha mai fatto mancare la sua presenza e il suo contributo, legato al partito, al gruppo e al territorio bellunese, al quale ha dato tutto quello che era nelle sue possibilit\u00e0 e che ora si trova con un vuoto importante<\/em>\u201d: cos\u00ec il senatore di Fratelli d&#8217;Italia, il bellunese Luca De Carlo, ricorda il collega senatore Paolo Saviane, scomparso oggi.<\/p>\n<p><strong>IL PRESIDENTE DELLA REGIONE VENETO LUCA ZAIA<\/strong><\/p>\n<p>\u201c<em>Eravamo preoccupati per il suo stato di salute ma oggi \u00e8 arrivata una di quelle notizie che non vorresti mai ricevere. Se n\u2019\u00e8 andata una persona per bene, che aveva fatto della buona educazione e del rispetto per gli altri una costante di vita<\/em>\u201d. Cos\u00ec, il Presidente della Regione Veneto, Luca Zaia, esprime il suo profondo cordoglio per la morte del Senatore Paolo Saviane. \u201c<em>Se ne va \u2013 aggiunge Zaia \u2013 un grande interprete dei territori montani e delle loro necessit\u00e0 e peculiarit\u00e0, uno che ne portava avanti le istanze con il cuore<\/em>\u201d. \u201c<em>Una persona \u2013 conclude il Governatore \u2013 che ha avuto tutta la mia stima e che ha sempre portato valore aggiunto al territorio con la sua politica. Era giovane, aveva davanti una vita, progetti. Un grande dolore. Rivolgo le mie condoglianze alla famiglia e a tutti quelli che gli hanno voluto bene<\/em>\u201d.<\/p>\n<p><strong>IL MINISTRO PER I RAPPORTI CON IL PARLAMENTO FEDERICO D&#8217;INCA&#8217;<\/strong><\/p>\n<div dir=\"auto\">\n<p>&#8220;<em>Paolo Saviane era una persona appassionata alla vita politica e la sua prematura scomparsa \u00e8 una grande perdita per l&#8217;intera comunit\u00e0 bellunese e per il Veneto. Con Paolo ho condiviso numerosi momenti di confronto sul territorio, a cui era particolarmente legato, e il dialogo \u00e8 sempre stato leale, nonostante le nostre posizioni fossero diverse. <\/em><em>Esprimo la mia vicinanza alla sua famiglia<\/em>&#8220;. Lo dichiara in una nota Federico D\u2019Inc\u00e0, Ministro per i Rapporti con il Parlamento.<\/p>\n<p><strong>LORRAINE BERTON, PRESIDENTE DI CONFINDUSTRIA BELLUNO DOLOMITI<\/strong><\/p>\n<\/div>\n<p>\u201c<em>Abbiamo perso un uomo di grande valore, di poche parole e dalla grande umilt\u00e0, ma sempre schietto e disponibile. Mancher\u00e0 al nostro territorio e alle sue genti. Anche il mondo dell\u2019impresa bellunese \u00e8 in lutto<\/em>\u201d. Cos\u00ec Lorraine Berton, presidente di Confindustria Belluno Dolomiti, ricorda Paolo Saviane, il senatore bellunese, morto all\u2019ospedale di Padova. \u201c<em>Era un montanaro autentico, guardava alla sostanza\u201d, prosegue Berton. \u201cCon lui avevamo un dialogo sempre costruttivo: nel 2018, grazie al suo supporto con l\u2019allora ministro Erika Stefani, abbiamo avviato gli Stati Generali della Montagna. Sapeva quanto competenze e innovazione fossero la chiave per lo sviluppo della nostra montagna<\/em>\u201d. \u201c<em>Se ne va un protagonista pratico e appassionato\u201d, conclude Berton. \u201cIl mio pensiero, del Consiglio di Presidenza e dell\u2019Associazione va ai familiari e ai suoi collaboratori<\/em>\u201d.<\/p>\n<p><strong>CLAUDIA SCARZANELLA, PRESIDENTE CONFARTIGIANATO BELLUNO<\/strong><\/p>\n<p>\u00ab<em>Se ne va un politico schietto e un amministratore attento alle esigenze del Bellunese, in grado &#8211; da imprenditore &#8211; di interpretare i bisogni del territorio e delle sue aziende<\/em>. <em>Abbiamo potuto apprezzare la sua visione di territorio in questi anni, in cui la nostra associazione ha avuto modo di dialogare proficuamente con Saviane<\/em> che <em>\u00a0aveva iniziato un lavoro importante per la trasformazione della provincia in Zes, zona economica speciale, un\u2019idea che Confartigianato culla da tempo&#8221;<\/em><\/p>\n<p><strong>MASSIMO SPOSATO, PRESIDENTE APPIA BELLUNO<\/strong><\/p>\n<p><em>\u201cLa prematura scomparsa dell\u2019On. Saviane priva la nostra provincia di una persona capace, vera, con la quale il dialogo costante per ricercare le migliori risorse e azioni a tutela e per lo sviluppo del nostro territorio trovava sempre ascolto e profonda condivisione.\u00a0 Abbiamo spesso affrontato tematiche importanti per il bellunese, avevamo intrapreso una pi\u00f9 profonda condivisione sulla sua proposta di legge sulla ZES e sempre abbiamo avuto il piacere di costatarne la franchezza e la pragmaticit\u00e0, da vero imprenditore quale era&#8221;.\u00a0<\/em><\/p>\n<p>&nbsp;<\/p>\n<hr \/>\n<p>&nbsp;<\/p>\n<blockquote>\n<h3>LA LEGA DI BELLUNO RICORDA PAOLO SAVIANE<\/h3>\n<\/blockquote>\n<p><strong><a href=\"https:\/\/www.radiopiu.net\/wordpress\/la-lega-di-belluno-ricorda-paolo-saviane\/saviane-12\/\" rel=\"attachment wp-att-228730\"><img loading=\"lazy\" decoding=\"async\" class=\"size-medium wp-image-228730 alignleft\" src=\"https:\/\/www.radiopiu.net\/wordpress\/wp-content\/uploads\/2021\/08\/Saviane-300x251.jpeg\" alt=\"\" width=\"300\" height=\"251\" srcset=\"https:\/\/www.radiopiu.net\/wordpress\/wp-content\/uploads\/2021\/08\/Saviane-300x251.jpeg 300w, https:\/\/www.radiopiu.net\/wordpress\/wp-content\/uploads\/2021\/08\/Saviane-768x643.jpeg 768w, https:\/\/www.radiopiu.net\/wordpress\/wp-content\/uploads\/2021\/08\/Saviane.jpeg 960w\" sizes=\"auto, (max-width: 300px) 100vw, 300px\" \/><\/a>BELLUNO <\/strong>La Lega piange Paolo Saviane. Il senatore bellunese si \u00e8 spento questa mattina all&#8217;ospedale di Padova dove era ricoverato da qualche giorno, lasciando nel dolore la famiglia e tutto il gruppo del partito bellunese e non solo, che con lui ha condiviso decenni di militanza e di battaglie per il territorio. Saviane, classe 1962 nativo di Ponte nelle Alpi ma residente in Alpago, militava da anni nel partito. Era il 1995 quando ha corso alle comunali in Alpago come candidato sindaco ed \u00e8 stato uno dei principali fautori della costituzione della sezione Lega dell&#8217;Alpago, territorio che amava. Dal 2009 al 2015 \u00e8 stato consigliere di amministrazione all&#8217;Ater di Belluno e nel 2015 \u00e8 stato eletto segretario provinciale del partito che ha retto fino al 2018 quando \u00e8 diventato senatore. Con il salto a Roma ha portato nella Capitale la voce e i problemi della montagna, le sue necessit\u00e0, il dramma dello spopolamento e di un&#8217;economia che, se non aiutata, fatica. Da giugno 2018 a ottobre 2019, inoltre, \u00e8 stato presidente del Comitato paritetico del Fondo comuni confinanti Imprenditore nel settore del legno, era tra i soci della segheria F.lli Saviane Pompeo Srl, \u00e8 stato da sempre vicino al mondo delle piccole imprese cercando di portare al Governo quei problemi e quelle difficolt\u00e0 che appesantiscono il lavoro delle aziende nelle terre alte. Tra le sue ultime battaglie, quella per la costituzione di una Zes \u2013 Zona economica speciale nel Bellunese, strumento individuato come fondamentale per dare respiro ad una provincia difficile e per combattere lo spopolamento, ma non solo. Negli anni si era speso a fianco degli allevatori per cercare con la politica soluzioni in merito alla convivenza con il lupo e porta la sua firma la costituzione del marchio del Legno veneto, un progetto portato avanti da esperto professionista del settore. Con umilt\u00e0 e senza mai alzare i toni difendeva un&#8217;idea di sviluppo del territorio uniforme e che non lasciasse indietro nessuno, per questo sul tema dei fondi di confine era incline ad uno sviluppo strategico di area vasta.<\/p>\n<p><strong>SILVIA CESTARO<\/strong><\/p>\n<audio class=\"wp-audio-shortcode\" id=\"audio-228583-1\" preload=\"none\" style=\"width: 100%;\" controls=\"controls\"><source type=\"audio\/mpeg\" src=\"https:\/\/www.radiopiu.net\/wordpress\/wp-content\/uploads\/2021\/08\/SAVIANE-Silvia-Cestaro.mp3?_=1\" \/><a href=\"https:\/\/www.radiopiu.net\/wordpress\/wp-content\/uploads\/2021\/08\/SAVIANE-Silvia-Cestaro.mp3\">https:\/\/www.radiopiu.net\/wordpress\/wp-content\/uploads\/2021\/08\/SAVIANE-Silvia-Cestaro.mp3<\/a><\/audio>\n<p>&nbsp;<\/p>\n<p><strong>MIRCO BADOLE<\/strong><\/p>\n<audio class=\"wp-audio-shortcode\" id=\"audio-228583-2\" preload=\"none\" style=\"width: 100%;\" controls=\"controls\"><source type=\"audio\/mpeg\" src=\"https:\/\/www.radiopiu.net\/wordpress\/wp-content\/uploads\/2021\/08\/SAVIANE-Mirco-Badole.mp3?_=2\" \/><a href=\"https:\/\/www.radiopiu.net\/wordpress\/wp-content\/uploads\/2021\/08\/SAVIANE-Mirco-Badole.mp3\">https:\/\/www.radiopiu.net\/wordpress\/wp-content\/uploads\/2021\/08\/SAVIANE-Mirco-Badole.mp3<\/a><\/audio>\n<p>&nbsp;<\/p>\n<p><strong>ANDREA DE BERNARDIN<\/strong><\/p>\n<audio class=\"wp-audio-shortcode\" id=\"audio-228583-3\" preload=\"none\" style=\"width: 100%;\" controls=\"controls\"><source type=\"audio\/mpeg\" src=\"https:\/\/www.radiopiu.net\/wordpress\/wp-content\/uploads\/2021\/08\/SAVIANE-Andrea-De-Bernardin.mp3?_=3\" \/><a href=\"https:\/\/www.radiopiu.net\/wordpress\/wp-content\/uploads\/2021\/08\/SAVIANE-Andrea-De-Bernardin.mp3\">https:\/\/www.radiopiu.net\/wordpress\/wp-content\/uploads\/2021\/08\/SAVIANE-Andrea-De-Bernardin.mp3<\/a><\/audio>\n<p>&nbsp;<\/p>\n<p><strong>IL RICORDO DI PAOLO SAVIANE (2 PAGINE)<\/strong><\/p>\n<a href=\"https:\/\/www.radiopiu.net\/wordpress\/wp-content\/uploads\/2021\/08\/Saviane-Il-ricordo.pdf\" class=\"pdfemb-viewer\" style=\"\" data-width=\"max\" data-height=\"max\" data-toolbar=\"top\" data-toolbar-fixed=\"on\">Saviane \u2013 Il ricordo<\/a>\n<p>&nbsp;<\/p>\n<hr \/>\n<p>&nbsp;<\/p>\n<blockquote>\n<h3 class=\"entry-title\">TRE FERITI NELL\u2019INCIDENTE DI PERAROLO<\/h3>\n<\/blockquote>\n<p><strong><a href=\"https:\/\/www.radiopiu.net\/wordpress\/due-feriti-nellincidente-di-perarolo\/67510ae9-b667-44b3-af33-0da425a3886f\/\" rel=\"attachment wp-att-228706\"><img loading=\"lazy\" decoding=\"async\" class=\"size-medium wp-image-228706 alignleft\" src=\"https:\/\/www.radiopiu.net\/wordpress\/wp-content\/uploads\/2021\/08\/67510ae9-b667-44b3-af33-0da425a3886f-300x213.jpg\" alt=\"\" width=\"300\" height=\"213\" srcset=\"https:\/\/www.radiopiu.net\/wordpress\/wp-content\/uploads\/2021\/08\/67510ae9-b667-44b3-af33-0da425a3886f-300x213.jpg 300w, https:\/\/www.radiopiu.net\/wordpress\/wp-content\/uploads\/2021\/08\/67510ae9-b667-44b3-af33-0da425a3886f-768x545.jpg 768w, https:\/\/www.radiopiu.net\/wordpress\/wp-content\/uploads\/2021\/08\/67510ae9-b667-44b3-af33-0da425a3886f.jpg 960w\" sizes=\"auto, (max-width: 300px) 100vw, 300px\" \/><\/a> <\/strong><\/p>\n<p><strong>\u00a0<\/strong><strong>BELLUNO<\/strong>\u00a0 Tre feriti\u00a0 non gravi (anche una ragazzina di 15 anni) nell\u2019incidente\u00a0 di ieri mattina lungo la\u00a0 statale 51 Alemagna in localit\u00e0 Caralte nel comune di Perarolo per lo scontro frontale tra due auto: feriti i due conducenti, il pi\u00f9 grave di 82 anni, I pompieri arrivati da Pieve di Cadore, hanno messo in sicurezza i mezzi e collaborato con il personale sanitario del SUEM al soccorso dei due feriti. I due conducenti sono stati stabilizzati e trasferiti in ambulanza in ospedale. Sul posto le forze dell\u2019ordine per i rilievi del sinistro. Le operazioni di soccorso dei vigili del fuoco sono terminate dopo circa un\u2019ora e mezza.<\/p>\n<p>&nbsp;<\/p>\n<hr \/>\n<p>&nbsp;<\/p>\n<h3>DIRITTO IN CURVA, FERITO AD UN PIEDE<\/h3>\n<p><strong>CORTINA<\/strong> Ha perso il controllo della moto e l&#8217;anziano\u00a0 turista \u00e8 finito a terra con la sua Kawasaki, lungo la statale 51 di Alemagna. Faceva parte di una compagnia di coetanei. \u00c8 stato uno di loro a chiamare i soccorsi, facendo intervenire l&#8217;ambulanza e i vigili del fuoco del distaccamento di Cortina. Il ferito lamentava soprattutto un problema a un piede, al di l\u00e0 di alcuni traumi ed \u00e8 stato trasportato al Codivilla Putti per tutta una serie di accertamenti.<\/p>\n<p>&nbsp;<\/p>\n<hr \/>\n<p>&nbsp;<\/p>\n<blockquote>\n<h3>RECUPERATI SUL COLDAI DUE ESCURSIONISTI, UNO DI LORO SI ERA INFORTUNATO<\/h3>\n<\/blockquote>\n<p><strong><a href=\"https:\/\/www.radiopiu.net\/wordpress\/giornale-radiopiu-19-agosto-2021-direttore-mirko-mezzacasa\/salt-2\/\" rel=\"attachment wp-att-228368\"><img loading=\"lazy\" decoding=\"async\" class=\" wp-image-228368 alignleft\" src=\"https:\/\/www.radiopiu.net\/wordpress\/wp-content\/uploads\/2021\/08\/salt-2-300x225.jpg\" alt=\"\" width=\"125\" height=\"94\" srcset=\"https:\/\/www.radiopiu.net\/wordpress\/wp-content\/uploads\/2021\/08\/salt-2-300x225.jpg 300w, https:\/\/www.radiopiu.net\/wordpress\/wp-content\/uploads\/2021\/08\/salt-2-1024x768.jpg 1024w, https:\/\/www.radiopiu.net\/wordpress\/wp-content\/uploads\/2021\/08\/salt-2-768x576.jpg 768w, https:\/\/www.radiopiu.net\/wordpress\/wp-content\/uploads\/2021\/08\/salt-2.jpg 1080w\" sizes=\"auto, (max-width: 125px) 100vw, 125px\" \/><\/a>ALLEGHE<\/strong> Attorno a mezzogiorno l&#8217;elicottero del Suem di Pieve di Cadore \u00e8 decollato in direzione del Lago del Coldai, poich\u00e9 un escursionista spagnolo di 37 anni si era procurato un taglio al ginocchio e non era pi\u00f9 in grado di proseguire. Sbarcati in hovering \u00e9quipe\u00a0 medica e tecnico di elisoccorso, all&#8217;infortunato sono state prestate le prime cure. L&#8217;uomo \u00e8 stato poi recuperato con un verricello di 10 metri e trasportato all&#8217;ospedale di Agordo. Caricata a bordo anche la sua compagna.<\/p>\n<p>&nbsp;<\/p>\n<p>&nbsp;<\/p>\n<hr \/>\n<p>&nbsp;<\/p>\n<blockquote>\n<h3>SOCCORSA UN&#8217;ESCURSIONISTA A FORCELLA MOSCHESIN<\/h3>\n<\/blockquote>\n<p><strong><a href=\"https:\/\/www.radiopiu.net\/wordpress\/malore-per-il-gestore-del-bivacco-casera-cimonega\/salt_20210724_162331_639\/\" rel=\"attachment wp-att-223838\"><img loading=\"lazy\" decoding=\"async\" class=\"size-medium wp-image-223838 alignleft\" src=\"https:\/\/www.radiopiu.net\/wordpress\/wp-content\/uploads\/2021\/07\/salt_20210724_162331_639-300x225.jpg\" alt=\"\" width=\"300\" height=\"225\" srcset=\"https:\/\/www.radiopiu.net\/wordpress\/wp-content\/uploads\/2021\/07\/salt_20210724_162331_639-300x225.jpg 300w, https:\/\/www.radiopiu.net\/wordpress\/wp-content\/uploads\/2021\/07\/salt_20210724_162331_639-1024x768.jpg 1024w, https:\/\/www.radiopiu.net\/wordpress\/wp-content\/uploads\/2021\/07\/salt_20210724_162331_639-768x576.jpg 768w, https:\/\/www.radiopiu.net\/wordpress\/wp-content\/uploads\/2021\/07\/salt_20210724_162331_639.jpg 1280w\" sizes=\"auto, (max-width: 300px) 100vw, 300px\" \/><\/a>LA VALLE\u00a0<\/strong><span style=\"font-family: sans-serif;\">Poco prima delle 13 la Centrale del Suem \u00e8 stata allertata da alcune persone che, da Forcella Moschesin, La Valle Agordina, avevano sentito dei richiami, senza riuscire a indicarne la provenienza, e\u00a0pensavano si trattasse di richieste di aiuto. Dopo aver imbarcato un tecnico del Soccorso alpino di Agordo dal Rifugio Carestiato per guidare l&#8217;equipaggio lungo la sentieristica e le pareti del Castello di Moschesin, l&#8217;elicottero ha effettuato un sorvolo su tutti i sentieri, verificando anche le vie alpinistiche. In parete, una cordata di tre scalatori si stava calando con le doppie e ha subito avvertito di non avere bisogno. Non trovando persone in difficolt\u00e0, l&#8217;eliambulanza \u00e8 rientrata. Atterrato da poco in base, l&#8217;equipaggio \u00e8 salito di nuovo a bordo, quando \u00e8 stato l&#8217;escursionista stesso che aveva lanciato le grida a chiamare il 118, per la compagna, colta da spossatezza e svenimenti. I due erano all&#8217;interno del bosco, avevano visto l&#8217;elicottero, ma non pensavano fosse l\u00ec per loro. Risaliti alle coordinate del punto, l&#8217;elicottero \u00e8 volato nuovamente in direzione di Forcella Moschesin e, sopra Casera della Roa, ha individuato dove far sbarcare in hovering equipe medica e tecnico di elisoccorso, anche grazie alle indicazioni di uno dei tre alpinisti &#8211; che dopo essere scesi si erano imbattuti nella coppia &#8211; uscito dal bosco sul ghiaione per farsi vedere. I soccorritori si sono presi cura di C.M., 27 anni, di Vigodarzere (PD), visibilmente disidratata. La ragazza \u00e8 stata poi recuperata con un verricello di 20 metri e trasportata all&#8217;ospedale di Agordo.<\/span><\/p>\n<p>&nbsp;<\/p>\n<p>&nbsp;<\/p>\n<hr \/>\n<p>&nbsp;<\/p>\n<blockquote>\n<h3>NELLA SERATA ALTRI TRE INTERVENTI DEL SOCCORSO ALPINO<\/h3>\n<\/blockquote>\n<p><strong><a href=\"https:\/\/www.radiopiu.net\/wordpress\/torna-la-festa-del-volontariato-cadorino-sabato-1-settembre\/soccorsoalpino\/\" rel=\"attachment wp-att-59164\"><img loading=\"lazy\" decoding=\"async\" class=\" wp-image-59164 alignleft\" src=\"https:\/\/www.radiopiu.net\/wordpress\/wp-content\/uploads\/2018\/08\/soccorsoalpino-300x300.jpg\" alt=\"\" width=\"200\" height=\"200\" srcset=\"https:\/\/www.radiopiu.net\/wordpress\/wp-content\/uploads\/2018\/08\/soccorsoalpino-300x300.jpg 300w, https:\/\/www.radiopiu.net\/wordpress\/wp-content\/uploads\/2018\/08\/soccorsoalpino-150x150.jpg 150w, https:\/\/www.radiopiu.net\/wordpress\/wp-content\/uploads\/2018\/08\/soccorsoalpino-768x768.jpg 768w, https:\/\/www.radiopiu.net\/wordpress\/wp-content\/uploads\/2018\/08\/soccorsoalpino-1024x1024.jpg 1024w, https:\/\/www.radiopiu.net\/wordpress\/wp-content\/uploads\/2018\/08\/soccorsoalpino.jpg 1200w\" sizes=\"auto, (max-width: 200px) 100vw, 200px\" \/><\/a>TAIBON <\/strong>Attorno alle 18 la Centrale del Suem \u00e8 stata contattata da un escursionista che da Forcella dell&#8217;Orsa doveva scendere verso la Valle di San Lucano lungo il sentiero numero 767, ma trovava delle discrepanze i segnavia e lo stato dei luoghi. Poich\u00e9 non si riusciva a metterlo in contatto con il Soccorso alpino di Agordo per avere maggiori riferimenti e anche attraverso il 118 non sempre c&#8217;era comunicazione, il quarantaduenne di Limana (BL) ha deciso di tornare indietro e scendere dalla Val Canali. Alle 20.20 circa ha contattato la Centrale dicendo che aveva raggiunto il Rifugio Cant del Gal.<\/p>\n<p><strong>CESIOMAGGIORE <\/strong>Verso le 18.40 una squadra del Soccorso alpino di Feltre \u00e8 stata inviata sul sentiero 802 verso Casera Erera, Cesiomaggiore, a seguito della richiesta di un uomo, la cui moglie, E.Z., di Guastalla (RE), 52 anni, si era fatta male a una caviglia. La donna \u00e8 stata recuperata in fuoristrada e trasportata all&#8217;ospedale di Feltre.<\/p>\n<p><strong>CORTINA <\/strong>Alle 19.10 due turisti stranieri hanno chiesto aiuto perch\u00e9 non riuscivano a scendere da soli dal punto in cui si trovavano, ovvero, una volta geolocalizzati, a Forcella Faloria sopra gli impianti. Ai due \u00e8 stato consigliato di scendere fino alla seggiovia Vitelli, dove una squadra del Soccorso alpino di Cortina \u00e8 salita in jeep, li ha caricati a bordo e accompagnati fino all&#8217;albergo.<\/p>\n<p>&nbsp;<\/p>\n<p>&nbsp;<\/p>\n<hr \/>\n<p>&nbsp;<\/p>\n<blockquote>\n<h3>IN VALLE DEL BIOIS LA COMMEMORAZIONE DEL 20 AGOSTO 1944<\/h3>\n<\/blockquote>\n<p><strong><a href=\"https:\/\/www.radiopiu.net\/wordpress\/in-valle-del-biois-la-commemorazione-del-20-agosto-1944\/afc8a863-5608-4b7d-8795-0968e358809e\/\" rel=\"attachment wp-att-228762\"><img loading=\"lazy\" decoding=\"async\" class=\" wp-image-228762 alignleft\" src=\"https:\/\/www.radiopiu.net\/wordpress\/wp-content\/uploads\/2021\/08\/afc8a863-5608-4b7d-8795-0968e358809e-169x300.jpg\" alt=\"\" width=\"123\" height=\"218\" srcset=\"https:\/\/www.radiopiu.net\/wordpress\/wp-content\/uploads\/2021\/08\/afc8a863-5608-4b7d-8795-0968e358809e-169x300.jpg 169w, https:\/\/www.radiopiu.net\/wordpress\/wp-content\/uploads\/2021\/08\/afc8a863-5608-4b7d-8795-0968e358809e-577x1024.jpg 577w, https:\/\/www.radiopiu.net\/wordpress\/wp-content\/uploads\/2021\/08\/afc8a863-5608-4b7d-8795-0968e358809e-768x1364.jpg 768w, https:\/\/www.radiopiu.net\/wordpress\/wp-content\/uploads\/2021\/08\/afc8a863-5608-4b7d-8795-0968e358809e-865x1536.jpg 865w, https:\/\/www.radiopiu.net\/wordpress\/wp-content\/uploads\/2021\/08\/afc8a863-5608-4b7d-8795-0968e358809e.jpg 901w\" sizes=\"auto, (max-width: 123px) 100vw, 123px\" \/><\/a>VALLE DEL BIOIS<\/strong><\/p>\n<p>di Gianni Santomaso<\/p>\n<audio class=\"wp-audio-shortcode\" id=\"audio-228583-4\" preload=\"none\" style=\"width: 100%;\" controls=\"controls\"><source type=\"audio\/mpeg\" src=\"https:\/\/www.radiopiu.net\/wordpress\/wp-content\/uploads\/2021\/08\/GIANNI-COMMEMORAZIONE-20-AGOSTO.mp3?_=4\" \/><a href=\"https:\/\/www.radiopiu.net\/wordpress\/wp-content\/uploads\/2021\/08\/GIANNI-COMMEMORAZIONE-20-AGOSTO.mp3\">https:\/\/www.radiopiu.net\/wordpress\/wp-content\/uploads\/2021\/08\/GIANNI-COMMEMORAZIONE-20-AGOSTO.mp3<\/a><\/audio>\n<p>&nbsp;<\/p>\n<p><strong>CAVIOLA<\/strong><\/p>\n\n\t\t\t<style type='text\/css'>\n\t\t\t\t#gallery-1 {\n\t\t\t\t\tmargin: auto;\n\t\t\t\t}\n\t\t\t\t#gallery-1 .gallery-item {\n\t\t\t\t\tfloat: left;\n\t\t\t\t\tmargin-top: 10px;\n\t\t\t\t\ttext-align: center;\n\t\t\t\t\twidth: 50%;\n\t\t\t\t}\n\t\t\t\t#gallery-1 img {\n\t\t\t\t\tborder: 2px solid #cfcfcf;\n\t\t\t\t}\n\t\t\t\t#gallery-1 .gallery-caption {\n\t\t\t\t\tmargin-left: 0;\n\t\t\t\t}\n\t\t\t\t\/* see gallery_shortcode() in wp-includes\/media.php *\/\n\t\t\t<\/style>\n\t\t<div id='gallery-1' class='dt-gallery-container gallery galleryid-228583 gallery-columns-2 gallery-size-medium'><dl class='gallery-item'>\n\t\t\t\t<dt class='gallery-icon landscape'>\n\t\t\t\t\t<a class=\"rollover\" href='https:\/\/www.radiopiu.net\/wordpress\/in-valle-del-biois-la-comm\/235bd648-8da2-4d5a-ab6f-8f4c26feed0c\/'><img loading=\"lazy\" decoding=\"async\" width=\"300\" height=\"169\" src=\"https:\/\/www.radiopiu.net\/wordpress\/wp-content\/uploads\/2021\/08\/235bd648-8da2-4d5a-ab6f-8f4c26feed0c-300x169.jpg\" class=\"attachment-medium size-medium\" alt=\"\" srcset=\"https:\/\/www.radiopiu.net\/wordpress\/wp-content\/uploads\/2021\/08\/235bd648-8da2-4d5a-ab6f-8f4c26feed0c-300x169.jpg 300w, https:\/\/www.radiopiu.net\/wordpress\/wp-content\/uploads\/2021\/08\/235bd648-8da2-4d5a-ab6f-8f4c26feed0c-1024x577.jpg 1024w, https:\/\/www.radiopiu.net\/wordpress\/wp-content\/uploads\/2021\/08\/235bd648-8da2-4d5a-ab6f-8f4c26feed0c-768x432.jpg 768w, https:\/\/www.radiopiu.net\/wordpress\/wp-content\/uploads\/2021\/08\/235bd648-8da2-4d5a-ab6f-8f4c26feed0c-1536x865.jpg 1536w, https:\/\/www.radiopiu.net\/wordpress\/wp-content\/uploads\/2021\/08\/235bd648-8da2-4d5a-ab6f-8f4c26feed0c.jpg 1600w\" sizes=\"auto, (max-width: 300px) 100vw, 300px\" \/><\/a>\n\t\t\t\t<\/dt><\/dl><dl class='gallery-item'>\n\t\t\t\t<dt class='gallery-icon landscape'>\n\t\t\t\t\t<a class=\"rollover\" href='https:\/\/www.radiopiu.net\/wordpress\/in-valle-del-biois-la-comm\/ba337647-db75-46d5-be32-e3cdca250e6c\/'><img loading=\"lazy\" decoding=\"async\" width=\"300\" height=\"169\" src=\"https:\/\/www.radiopiu.net\/wordpress\/wp-content\/uploads\/2021\/08\/ba337647-db75-46d5-be32-e3cdca250e6c-300x169.jpg\" class=\"attachment-medium size-medium\" alt=\"\" srcset=\"https:\/\/www.radiopiu.net\/wordpress\/wp-content\/uploads\/2021\/08\/ba337647-db75-46d5-be32-e3cdca250e6c-300x169.jpg 300w, https:\/\/www.radiopiu.net\/wordpress\/wp-content\/uploads\/2021\/08\/ba337647-db75-46d5-be32-e3cdca250e6c-1024x577.jpg 1024w, https:\/\/www.radiopiu.net\/wordpress\/wp-content\/uploads\/2021\/08\/ba337647-db75-46d5-be32-e3cdca250e6c-768x432.jpg 768w, https:\/\/www.radiopiu.net\/wordpress\/wp-content\/uploads\/2021\/08\/ba337647-db75-46d5-be32-e3cdca250e6c-1536x865.jpg 1536w, https:\/\/www.radiopiu.net\/wordpress\/wp-content\/uploads\/2021\/08\/ba337647-db75-46d5-be32-e3cdca250e6c.jpg 1600w\" sizes=\"auto, (max-width: 300px) 100vw, 300px\" \/><\/a>\n\t\t\t\t<\/dt><\/dl><br style=\"clear: both\" \/>\n\t\t\t<\/div>\n\n<p>&nbsp;<\/p>\n<p><strong>VALLADA<\/strong><\/p>\n\n\t\t\t<style type='text\/css'>\n\t\t\t\t#gallery-2 {\n\t\t\t\t\tmargin: auto;\n\t\t\t\t}\n\t\t\t\t#gallery-2 .gallery-item {\n\t\t\t\t\tfloat: left;\n\t\t\t\t\tmargin-top: 10px;\n\t\t\t\t\ttext-align: center;\n\t\t\t\t\twidth: 50%;\n\t\t\t\t}\n\t\t\t\t#gallery-2 img {\n\t\t\t\t\tborder: 2px solid #cfcfcf;\n\t\t\t\t}\n\t\t\t\t#gallery-2 .gallery-caption {\n\t\t\t\t\tmargin-left: 0;\n\t\t\t\t}\n\t\t\t\t\/* see gallery_shortcode() in wp-includes\/media.php *\/\n\t\t\t<\/style>\n\t\t<div id='gallery-2' class='dt-gallery-container gallery galleryid-228583 gallery-columns-2 gallery-size-medium'><dl class='gallery-item'>\n\t\t\t\t<dt class='gallery-icon landscape'>\n\t\t\t\t\t<a class=\"rollover rollover-zoom dt-pswp-item\" title=\"fe46a32f-aa30-4206-8bb7-13951a2eaf87\" data-dt-img-description=\"\" data-large_image_width=\"1600\" data-large_image_height=\"901\"href='https:\/\/www.radiopiu.net\/wordpress\/wp-content\/uploads\/2021\/08\/fe46a32f-aa30-4206-8bb7-13951a2eaf87.jpg'><img loading=\"lazy\" decoding=\"async\" width=\"300\" height=\"169\" src=\"https:\/\/www.radiopiu.net\/wordpress\/wp-content\/uploads\/2021\/08\/fe46a32f-aa30-4206-8bb7-13951a2eaf87-300x169.jpg\" class=\"attachment-medium size-medium\" alt=\"\" srcset=\"https:\/\/www.radiopiu.net\/wordpress\/wp-content\/uploads\/2021\/08\/fe46a32f-aa30-4206-8bb7-13951a2eaf87-300x169.jpg 300w, https:\/\/www.radiopiu.net\/wordpress\/wp-content\/uploads\/2021\/08\/fe46a32f-aa30-4206-8bb7-13951a2eaf87-1024x577.jpg 1024w, https:\/\/www.radiopiu.net\/wordpress\/wp-content\/uploads\/2021\/08\/fe46a32f-aa30-4206-8bb7-13951a2eaf87-768x432.jpg 768w, https:\/\/www.radiopiu.net\/wordpress\/wp-content\/uploads\/2021\/08\/fe46a32f-aa30-4206-8bb7-13951a2eaf87-1536x865.jpg 1536w, https:\/\/www.radiopiu.net\/wordpress\/wp-content\/uploads\/2021\/08\/fe46a32f-aa30-4206-8bb7-13951a2eaf87.jpg 1600w\" sizes=\"auto, (max-width: 300px) 100vw, 300px\" \/><\/a>\n\t\t\t\t<\/dt><\/dl><dl class='gallery-item'>\n\t\t\t\t<dt class='gallery-icon landscape'>\n\t\t\t\t\t<a class=\"rollover rollover-zoom dt-pswp-item\" title=\"ed0a2947-ee3d-45c9-bea8-5dd8fb6307ff\" data-dt-img-description=\"\" data-large_image_width=\"1600\" data-large_image_height=\"901\"href='https:\/\/www.radiopiu.net\/wordpress\/wp-content\/uploads\/2021\/08\/ed0a2947-ee3d-45c9-bea8-5dd8fb6307ff.jpg'><img loading=\"lazy\" decoding=\"async\" width=\"300\" height=\"169\" src=\"https:\/\/www.radiopiu.net\/wordpress\/wp-content\/uploads\/2021\/08\/ed0a2947-ee3d-45c9-bea8-5dd8fb6307ff-300x169.jpg\" class=\"attachment-medium size-medium\" alt=\"\" srcset=\"https:\/\/www.radiopiu.net\/wordpress\/wp-content\/uploads\/2021\/08\/ed0a2947-ee3d-45c9-bea8-5dd8fb6307ff-300x169.jpg 300w, https:\/\/www.radiopiu.net\/wordpress\/wp-content\/uploads\/2021\/08\/ed0a2947-ee3d-45c9-bea8-5dd8fb6307ff-1024x577.jpg 1024w, https:\/\/www.radiopiu.net\/wordpress\/wp-content\/uploads\/2021\/08\/ed0a2947-ee3d-45c9-bea8-5dd8fb6307ff-768x432.jpg 768w, https:\/\/www.radiopiu.net\/wordpress\/wp-content\/uploads\/2021\/08\/ed0a2947-ee3d-45c9-bea8-5dd8fb6307ff-1536x865.jpg 1536w, https:\/\/www.radiopiu.net\/wordpress\/wp-content\/uploads\/2021\/08\/ed0a2947-ee3d-45c9-bea8-5dd8fb6307ff.jpg 1600w\" sizes=\"auto, (max-width: 300px) 100vw, 300px\" \/><\/a>\n\t\t\t\t<\/dt><\/dl><br style=\"clear: both\" \/>\n\t\t\t<\/div>\n\n<p>&nbsp;<\/p>\n<p><strong>CANALE D&#8217;AGORDO<\/strong><\/p>\n\n\t\t\t<style type='text\/css'>\n\t\t\t\t#gallery-3 {\n\t\t\t\t\tmargin: auto;\n\t\t\t\t}\n\t\t\t\t#gallery-3 .gallery-item {\n\t\t\t\t\tfloat: left;\n\t\t\t\t\tmargin-top: 10px;\n\t\t\t\t\ttext-align: center;\n\t\t\t\t\twidth: 25%;\n\t\t\t\t}\n\t\t\t\t#gallery-3 img {\n\t\t\t\t\tborder: 2px solid #cfcfcf;\n\t\t\t\t}\n\t\t\t\t#gallery-3 .gallery-caption {\n\t\t\t\t\tmargin-left: 0;\n\t\t\t\t}\n\t\t\t\t\/* see gallery_shortcode() in wp-includes\/media.php *\/\n\t\t\t<\/style>\n\t\t<div id='gallery-3' class='dt-gallery-container gallery galleryid-228583 gallery-columns-4 gallery-size-medium'><dl class='gallery-item'>\n\t\t\t\t<dt class='gallery-icon portrait'>\n\t\t\t\t\t<a class=\"rollover rollover-zoom dt-pswp-item\" title=\"36d4948c-aaee-4ff8-bdde-775a33dbd411\" data-dt-img-description=\"\" data-large_image_width=\"901\" data-large_image_height=\"1600\"href='https:\/\/www.radiopiu.net\/wordpress\/wp-content\/uploads\/2021\/08\/36d4948c-aaee-4ff8-bdde-775a33dbd411.jpg'><img loading=\"lazy\" decoding=\"async\" width=\"169\" height=\"300\" src=\"https:\/\/www.radiopiu.net\/wordpress\/wp-content\/uploads\/2021\/08\/36d4948c-aaee-4ff8-bdde-775a33dbd411-169x300.jpg\" class=\"attachment-medium size-medium\" alt=\"\" srcset=\"https:\/\/www.radiopiu.net\/wordpress\/wp-content\/uploads\/2021\/08\/36d4948c-aaee-4ff8-bdde-775a33dbd411-169x300.jpg 169w, https:\/\/www.radiopiu.net\/wordpress\/wp-content\/uploads\/2021\/08\/36d4948c-aaee-4ff8-bdde-775a33dbd411-577x1024.jpg 577w, https:\/\/www.radiopiu.net\/wordpress\/wp-content\/uploads\/2021\/08\/36d4948c-aaee-4ff8-bdde-775a33dbd411-768x1364.jpg 768w, https:\/\/www.radiopiu.net\/wordpress\/wp-content\/uploads\/2021\/08\/36d4948c-aaee-4ff8-bdde-775a33dbd411-865x1536.jpg 865w, https:\/\/www.radiopiu.net\/wordpress\/wp-content\/uploads\/2021\/08\/36d4948c-aaee-4ff8-bdde-775a33dbd411.jpg 901w\" sizes=\"auto, (max-width: 169px) 100vw, 169px\" \/><\/a>\n\t\t\t\t<\/dt><\/dl><dl class='gallery-item'>\n\t\t\t\t<dt class='gallery-icon landscape'>\n\t\t\t\t\t<a class=\"rollover rollover-zoom dt-pswp-item\" title=\"1bb41bde-e28c-4e6b-ab3a-2d726a037dea\" data-dt-img-description=\"\" data-large_image_width=\"1600\" data-large_image_height=\"901\"href='https:\/\/www.radiopiu.net\/wordpress\/wp-content\/uploads\/2021\/08\/1bb41bde-e28c-4e6b-ab3a-2d726a037dea.jpg'><img loading=\"lazy\" decoding=\"async\" width=\"300\" height=\"169\" src=\"https:\/\/www.radiopiu.net\/wordpress\/wp-content\/uploads\/2021\/08\/1bb41bde-e28c-4e6b-ab3a-2d726a037dea-300x169.jpg\" class=\"attachment-medium size-medium\" alt=\"\" srcset=\"https:\/\/www.radiopiu.net\/wordpress\/wp-content\/uploads\/2021\/08\/1bb41bde-e28c-4e6b-ab3a-2d726a037dea-300x169.jpg 300w, https:\/\/www.radiopiu.net\/wordpress\/wp-content\/uploads\/2021\/08\/1bb41bde-e28c-4e6b-ab3a-2d726a037dea-1024x577.jpg 1024w, https:\/\/www.radiopiu.net\/wordpress\/wp-content\/uploads\/2021\/08\/1bb41bde-e28c-4e6b-ab3a-2d726a037dea-768x432.jpg 768w, https:\/\/www.radiopiu.net\/wordpress\/wp-content\/uploads\/2021\/08\/1bb41bde-e28c-4e6b-ab3a-2d726a037dea-1536x865.jpg 1536w, https:\/\/www.radiopiu.net\/wordpress\/wp-content\/uploads\/2021\/08\/1bb41bde-e28c-4e6b-ab3a-2d726a037dea.jpg 1600w\" sizes=\"auto, (max-width: 300px) 100vw, 300px\" \/><\/a>\n\t\t\t\t<\/dt><\/dl><dl class='gallery-item'>\n\t\t\t\t<dt class='gallery-icon portrait'>\n\t\t\t\t\t<a class=\"rollover rollover-zoom dt-pswp-item\" title=\"cdf4af30-e9e1-419e-96e3-5cc3a4a16274\" data-dt-img-description=\"\" data-large_image_width=\"901\" data-large_image_height=\"1600\"href='https:\/\/www.radiopiu.net\/wordpress\/wp-content\/uploads\/2021\/08\/cdf4af30-e9e1-419e-96e3-5cc3a4a16274.jpg'><img loading=\"lazy\" decoding=\"async\" width=\"169\" height=\"300\" src=\"https:\/\/www.radiopiu.net\/wordpress\/wp-content\/uploads\/2021\/08\/cdf4af30-e9e1-419e-96e3-5cc3a4a16274-169x300.jpg\" class=\"attachment-medium size-medium\" alt=\"\" srcset=\"https:\/\/www.radiopiu.net\/wordpress\/wp-content\/uploads\/2021\/08\/cdf4af30-e9e1-419e-96e3-5cc3a4a16274-169x300.jpg 169w, https:\/\/www.radiopiu.net\/wordpress\/wp-content\/uploads\/2021\/08\/cdf4af30-e9e1-419e-96e3-5cc3a4a16274-577x1024.jpg 577w, https:\/\/www.radiopiu.net\/wordpress\/wp-content\/uploads\/2021\/08\/cdf4af30-e9e1-419e-96e3-5cc3a4a16274-768x1364.jpg 768w, https:\/\/www.radiopiu.net\/wordpress\/wp-content\/uploads\/2021\/08\/cdf4af30-e9e1-419e-96e3-5cc3a4a16274-865x1536.jpg 865w, https:\/\/www.radiopiu.net\/wordpress\/wp-content\/uploads\/2021\/08\/cdf4af30-e9e1-419e-96e3-5cc3a4a16274.jpg 901w\" sizes=\"auto, (max-width: 169px) 100vw, 169px\" \/><\/a>\n\t\t\t\t<\/dt><\/dl><dl class='gallery-item'>\n\t\t\t\t<dt class='gallery-icon landscape'>\n\t\t\t\t\t<a class=\"rollover rollover-zoom dt-pswp-item\" title=\"5bc6683b-98a8-4d61-b9c0-5485adafdb13\" data-dt-img-description=\"\" data-large_image_width=\"1600\" data-large_image_height=\"901\"href='https:\/\/www.radiopiu.net\/wordpress\/wp-content\/uploads\/2021\/08\/5bc6683b-98a8-4d61-b9c0-5485adafdb13.jpg'><img loading=\"lazy\" decoding=\"async\" width=\"300\" height=\"169\" src=\"https:\/\/www.radiopiu.net\/wordpress\/wp-content\/uploads\/2021\/08\/5bc6683b-98a8-4d61-b9c0-5485adafdb13-300x169.jpg\" class=\"attachment-medium size-medium\" alt=\"\" srcset=\"https:\/\/www.radiopiu.net\/wordpress\/wp-content\/uploads\/2021\/08\/5bc6683b-98a8-4d61-b9c0-5485adafdb13-300x169.jpg 300w, https:\/\/www.radiopiu.net\/wordpress\/wp-content\/uploads\/2021\/08\/5bc6683b-98a8-4d61-b9c0-5485adafdb13-1024x577.jpg 1024w, https:\/\/www.radiopiu.net\/wordpress\/wp-content\/uploads\/2021\/08\/5bc6683b-98a8-4d61-b9c0-5485adafdb13-768x432.jpg 768w, https:\/\/www.radiopiu.net\/wordpress\/wp-content\/uploads\/2021\/08\/5bc6683b-98a8-4d61-b9c0-5485adafdb13-1536x865.jpg 1536w, https:\/\/www.radiopiu.net\/wordpress\/wp-content\/uploads\/2021\/08\/5bc6683b-98a8-4d61-b9c0-5485adafdb13.jpg 1600w\" sizes=\"auto, (max-width: 300px) 100vw, 300px\" \/><\/a>\n\t\t\t\t<\/dt><\/dl><br style=\"clear: both\" \/>\n\t\t\t<\/div>\n\n<p>&nbsp;<\/p>\n<p><strong>FALCADE<\/strong><\/p>\n\n\t\t\t<style type='text\/css'>\n\t\t\t\t#gallery-4 {\n\t\t\t\t\tmargin: auto;\n\t\t\t\t}\n\t\t\t\t#gallery-4 .gallery-item {\n\t\t\t\t\tfloat: left;\n\t\t\t\t\tmargin-top: 10px;\n\t\t\t\t\ttext-align: center;\n\t\t\t\t\twidth: 25%;\n\t\t\t\t}\n\t\t\t\t#gallery-4 img {\n\t\t\t\t\tborder: 2px solid #cfcfcf;\n\t\t\t\t}\n\t\t\t\t#gallery-4 .gallery-caption {\n\t\t\t\t\tmargin-left: 0;\n\t\t\t\t}\n\t\t\t\t\/* see gallery_shortcode() in wp-includes\/media.php *\/\n\t\t\t<\/style>\n\t\t<div id='gallery-4' class='dt-gallery-container gallery galleryid-228583 gallery-columns-4 gallery-size-medium'><dl class='gallery-item'>\n\t\t\t\t<dt class='gallery-icon landscape'>\n\t\t\t\t\t<a class=\"rollover rollover-zoom dt-pswp-item\" title=\"a18945ab-6a83-46b4-a438-060896a35cd6\" data-dt-img-description=\"\" data-large_image_width=\"1600\" data-large_image_height=\"901\"href='https:\/\/www.radiopiu.net\/wordpress\/wp-content\/uploads\/2021\/08\/a18945ab-6a83-46b4-a438-060896a35cd6.jpg'><img loading=\"lazy\" decoding=\"async\" width=\"300\" height=\"169\" src=\"https:\/\/www.radiopiu.net\/wordpress\/wp-content\/uploads\/2021\/08\/a18945ab-6a83-46b4-a438-060896a35cd6-300x169.jpg\" class=\"attachment-medium size-medium\" alt=\"\" srcset=\"https:\/\/www.radiopiu.net\/wordpress\/wp-content\/uploads\/2021\/08\/a18945ab-6a83-46b4-a438-060896a35cd6-300x169.jpg 300w, https:\/\/www.radiopiu.net\/wordpress\/wp-content\/uploads\/2021\/08\/a18945ab-6a83-46b4-a438-060896a35cd6-1024x577.jpg 1024w, https:\/\/www.radiopiu.net\/wordpress\/wp-content\/uploads\/2021\/08\/a18945ab-6a83-46b4-a438-060896a35cd6-768x432.jpg 768w, https:\/\/www.radiopiu.net\/wordpress\/wp-content\/uploads\/2021\/08\/a18945ab-6a83-46b4-a438-060896a35cd6-1536x865.jpg 1536w, https:\/\/www.radiopiu.net\/wordpress\/wp-content\/uploads\/2021\/08\/a18945ab-6a83-46b4-a438-060896a35cd6.jpg 1600w\" sizes=\"auto, (max-width: 300px) 100vw, 300px\" \/><\/a>\n\t\t\t\t<\/dt><\/dl><dl class='gallery-item'>\n\t\t\t\t<dt class='gallery-icon landscape'>\n\t\t\t\t\t<a class=\"rollover rollover-zoom dt-pswp-item\" title=\"382983d9-94ac-43b4-9a0d-3fe0c4bde810\" data-dt-img-description=\"\" data-large_image_width=\"1600\" data-large_image_height=\"901\"href='https:\/\/www.radiopiu.net\/wordpress\/wp-content\/uploads\/2021\/08\/382983d9-94ac-43b4-9a0d-3fe0c4bde810.jpg'><img loading=\"lazy\" decoding=\"async\" width=\"300\" height=\"169\" src=\"https:\/\/www.radiopiu.net\/wordpress\/wp-content\/uploads\/2021\/08\/382983d9-94ac-43b4-9a0d-3fe0c4bde810-300x169.jpg\" class=\"attachment-medium size-medium\" alt=\"\" srcset=\"https:\/\/www.radiopiu.net\/wordpress\/wp-content\/uploads\/2021\/08\/382983d9-94ac-43b4-9a0d-3fe0c4bde810-300x169.jpg 300w, https:\/\/www.radiopiu.net\/wordpress\/wp-content\/uploads\/2021\/08\/382983d9-94ac-43b4-9a0d-3fe0c4bde810-1024x577.jpg 1024w, https:\/\/www.radiopiu.net\/wordpress\/wp-content\/uploads\/2021\/08\/382983d9-94ac-43b4-9a0d-3fe0c4bde810-768x432.jpg 768w, https:\/\/www.radiopiu.net\/wordpress\/wp-content\/uploads\/2021\/08\/382983d9-94ac-43b4-9a0d-3fe0c4bde810-1536x865.jpg 1536w, https:\/\/www.radiopiu.net\/wordpress\/wp-content\/uploads\/2021\/08\/382983d9-94ac-43b4-9a0d-3fe0c4bde810.jpg 1600w\" sizes=\"auto, (max-width: 300px) 100vw, 300px\" \/><\/a>\n\t\t\t\t<\/dt><\/dl><dl class='gallery-item'>\n\t\t\t\t<dt class='gallery-icon landscape'>\n\t\t\t\t\t<a class=\"rollover rollover-zoom dt-pswp-item\" title=\"6b53f6b7-5653-438a-8dac-1689cc9ca8fc\" data-dt-img-description=\"\" data-large_image_width=\"1600\" data-large_image_height=\"901\"href='https:\/\/www.radiopiu.net\/wordpress\/wp-content\/uploads\/2021\/08\/6b53f6b7-5653-438a-8dac-1689cc9ca8fc.jpg'><img loading=\"lazy\" decoding=\"async\" width=\"300\" height=\"169\" src=\"https:\/\/www.radiopiu.net\/wordpress\/wp-content\/uploads\/2021\/08\/6b53f6b7-5653-438a-8dac-1689cc9ca8fc-300x169.jpg\" class=\"attachment-medium size-medium\" alt=\"\" srcset=\"https:\/\/www.radiopiu.net\/wordpress\/wp-content\/uploads\/2021\/08\/6b53f6b7-5653-438a-8dac-1689cc9ca8fc-300x169.jpg 300w, https:\/\/www.radiopiu.net\/wordpress\/wp-content\/uploads\/2021\/08\/6b53f6b7-5653-438a-8dac-1689cc9ca8fc-1024x577.jpg 1024w, https:\/\/www.radiopiu.net\/wordpress\/wp-content\/uploads\/2021\/08\/6b53f6b7-5653-438a-8dac-1689cc9ca8fc-768x432.jpg 768w, https:\/\/www.radiopiu.net\/wordpress\/wp-content\/uploads\/2021\/08\/6b53f6b7-5653-438a-8dac-1689cc9ca8fc-1536x865.jpg 1536w, https:\/\/www.radiopiu.net\/wordpress\/wp-content\/uploads\/2021\/08\/6b53f6b7-5653-438a-8dac-1689cc9ca8fc.jpg 1600w\" sizes=\"auto, (max-width: 300px) 100vw, 300px\" \/><\/a>\n\t\t\t\t<\/dt><\/dl><dl class='gallery-item'>\n\t\t\t\t<dt class='gallery-icon landscape'>\n\t\t\t\t\t<a class=\"rollover rollover-zoom dt-pswp-item\" title=\"3f6097cf-5f5d-4371-89d4-11c389e26185\" data-dt-img-description=\"\" data-large_image_width=\"1600\" data-large_image_height=\"901\"href='https:\/\/www.radiopiu.net\/wordpress\/wp-content\/uploads\/2021\/08\/3f6097cf-5f5d-4371-89d4-11c389e26185.jpg'><img loading=\"lazy\" decoding=\"async\" width=\"300\" height=\"169\" src=\"https:\/\/www.radiopiu.net\/wordpress\/wp-content\/uploads\/2021\/08\/3f6097cf-5f5d-4371-89d4-11c389e26185-300x169.jpg\" class=\"attachment-medium size-medium\" alt=\"\" srcset=\"https:\/\/www.radiopiu.net\/wordpress\/wp-content\/uploads\/2021\/08\/3f6097cf-5f5d-4371-89d4-11c389e26185-300x169.jpg 300w, https:\/\/www.radiopiu.net\/wordpress\/wp-content\/uploads\/2021\/08\/3f6097cf-5f5d-4371-89d4-11c389e26185-1024x577.jpg 1024w, https:\/\/www.radiopiu.net\/wordpress\/wp-content\/uploads\/2021\/08\/3f6097cf-5f5d-4371-89d4-11c389e26185-768x432.jpg 768w, https:\/\/www.radiopiu.net\/wordpress\/wp-content\/uploads\/2021\/08\/3f6097cf-5f5d-4371-89d4-11c389e26185-1536x865.jpg 1536w, https:\/\/www.radiopiu.net\/wordpress\/wp-content\/uploads\/2021\/08\/3f6097cf-5f5d-4371-89d4-11c389e26185.jpg 1600w\" sizes=\"auto, (max-width: 300px) 100vw, 300px\" \/><\/a>\n\t\t\t\t<\/dt><\/dl><br style=\"clear: both\" \/>\n\t\t\t<\/div>\n\n<hr \/>\n<p>&nbsp;<\/p>\n<blockquote>\n<h3>ULSS 1 DOLOMITI: SOSPESI ALTRI QUATTRO OPERATORI NON VACCINATI<\/h3>\n<\/blockquote>\n<p><strong><a href=\"https:\/\/www.radiopiu.net\/wordpress\/monoclonali-pronti-per-la-somministrazione-in-ulss-1-dolomiti\/ulss-1-2\/\" rel=\"attachment wp-att-198838\"><img loading=\"lazy\" decoding=\"async\" class=\"size-medium wp-image-198838 alignleft\" src=\"https:\/\/www.radiopiu.net\/wordpress\/wp-content\/uploads\/2021\/03\/ULSS-1-300x158.jpg\" alt=\"\" width=\"300\" height=\"158\" srcset=\"https:\/\/www.radiopiu.net\/wordpress\/wp-content\/uploads\/2021\/03\/ULSS-1-300x158.jpg 300w, https:\/\/www.radiopiu.net\/wordpress\/wp-content\/uploads\/2021\/03\/ULSS-1-768x404.jpg 768w, https:\/\/www.radiopiu.net\/wordpress\/wp-content\/uploads\/2021\/03\/ULSS-1.jpg 776w\" sizes=\"auto, (max-width: 300px) 100vw, 300px\" \/><\/a>BELLUNO <\/strong>L\u2019Ulss 1 Dolomiti\u00a0 informa che ieri sono stati sospesi altri 4 operatori sanitari non vaccinati, in base agli atti pervenuti dall\u2019apposita Commissione del Dipartimento di Prevenzione, preposta alla valutazione le singole posizioni circa la norma sull\u2019obbligo vaccinale. La sospensione avr\u00e0 durata fino al 31 dicembre, salvo che gli operatori interessati non decidano di vaccinarsi, nel qual caso verranno riammessi in servizio. Questi lavoratori, nell&#8217;ambito del procedimento previsto e nonostante le innumerevoli azioni di dialogo intraprese, non hanno aderito alla vaccinazione. Sono in corso altri accertamenti e nei prossimi giorni potrebbero essere intrapresi ulteriori provvedimenti. La Direzione auspica che gli operatori sanitari provvedano quanto prima agli adempimenti previsti dalla legge, nell\u2019interesse proprio, dei colleghi e della collettivit\u00e0. La vaccinazione per gli operatori sanitari \u00e8 sempre disponibile in qualsiasi punto vaccinale.<\/p>\n<p>&nbsp;<\/p>\n<p>&nbsp;<\/p>\n<hr \/>\n<p>&nbsp;<\/p>\n<blockquote>\n<h3>ACCESSO ALLA MENSA PER I DIPENDENTI LUXOTTICA SOLO CON GREEN PASS<\/h3>\n<\/blockquote>\n<p><strong><a href=\"https:\/\/www.radiopiu.net\/wordpress\/giornale-radiopiu-01-agosto-2020-direttore-mirko-mezzacasa\/814ace46-a8a2-4c2d-a100-4d87aa509ef3\/\" rel=\"attachment wp-att-152483\"><img loading=\"lazy\" decoding=\"async\" class=\"size-medium wp-image-152483 alignleft\" src=\"https:\/\/www.radiopiu.net\/wordpress\/wp-content\/uploads\/2020\/07\/814ace46-a8a2-4c2d-a100-4d87aa509ef3-300x225.jpg\" alt=\"\" width=\"300\" height=\"225\" srcset=\"https:\/\/www.radiopiu.net\/wordpress\/wp-content\/uploads\/2020\/07\/814ace46-a8a2-4c2d-a100-4d87aa509ef3-300x225.jpg 300w, https:\/\/www.radiopiu.net\/wordpress\/wp-content\/uploads\/2020\/07\/814ace46-a8a2-4c2d-a100-4d87aa509ef3-1024x768.jpg 1024w, https:\/\/www.radiopiu.net\/wordpress\/wp-content\/uploads\/2020\/07\/814ace46-a8a2-4c2d-a100-4d87aa509ef3-768x576.jpg 768w, https:\/\/www.radiopiu.net\/wordpress\/wp-content\/uploads\/2020\/07\/814ace46-a8a2-4c2d-a100-4d87aa509ef3-1536x1152.jpg 1536w, https:\/\/www.radiopiu.net\/wordpress\/wp-content\/uploads\/2020\/07\/814ace46-a8a2-4c2d-a100-4d87aa509ef3.jpg 1560w\" sizes=\"auto, (max-width: 300px) 100vw, 300px\" \/><\/a>AGORDO<\/strong> Anche Luxottica si adegua alle nuove disposizioni governative e a partire da luned\u00ec 23 agosto l&#8217;accesso alla mensa aziendale sar\u00e0 consentito solo a coloro che presenteranno la certificazione verde Covid-19 (Green Pass). A partire da luned\u00ec quindi, all&#8217;ingresso della mensa, le maestranze dovranno esibire il QR Code personale per poter accedere all&#8217;area e mangiare sui tavolini. Per coloro che non sono ancora provvisti della certificazione e per dare modo a tutti di completare le procedure per ottenerla, Luxottica ha pensato ad un servizio Lunch-Box. Infatti coloro che non hanno il Green Pass potranno trovare informazioni all&#8217;ingresso degli stabilimenti dove il personale della mensa raccoglier\u00e0 anche le prenotazioni per il pranzo da ritirare e consumare all&#8217;esterno dei locali aziendali. Data la novit\u00e0 delle nuove misure, Luxottica manterr\u00e0 aperti i confronti con le parti sociali. Luxottica sostiene la campagna nazionale di vaccinazione anti-covid e continua a seguire con attenzione il quadro normativo e del dibattito pubblico per adeguare le misure di prevenzione.<\/p>\n<p>&nbsp;<\/p>\n<p>&nbsp;<\/p>\n<hr \/>\n<p>&nbsp;<\/p>\n<blockquote>\n<h3>CAVALIERI PER IL CONTROLLO DEL TERRITORIO, A BELLUNO IL CENTRO PER GLI ALLEVAMENTI<\/h3>\n<\/blockquote>\n<p align=\"justify\"><em><span style=\"font-family: Times New Roman, serif;\"><span style=\"font-size: medium;\"><a href=\"https:\/\/www.radiopiu.net\/wordpress\/cavalieri-per-i-controlli-del-territorio\/9d4c51eb-c554-4001-bcff-8d09b9a63978\/\" rel=\"attachment wp-att-228632\"><img loading=\"lazy\" decoding=\"async\" class=\"wp-image-228632 alignleft\" src=\"https:\/\/www.radiopiu.net\/wordpress\/wp-content\/uploads\/2021\/08\/9d4c51eb-c554-4001-bcff-8d09b9a63978-225x300.jpg\" alt=\"\" width=\"121\" height=\"161\" srcset=\"https:\/\/www.radiopiu.net\/wordpress\/wp-content\/uploads\/2021\/08\/9d4c51eb-c554-4001-bcff-8d09b9a63978-225x300.jpg 225w, https:\/\/www.radiopiu.net\/wordpress\/wp-content\/uploads\/2021\/08\/9d4c51eb-c554-4001-bcff-8d09b9a63978-768x1023.jpg 768w, https:\/\/www.radiopiu.net\/wordpress\/wp-content\/uploads\/2021\/08\/9d4c51eb-c554-4001-bcff-8d09b9a63978-1153x1536.jpg 1153w, https:\/\/www.radiopiu.net\/wordpress\/wp-content\/uploads\/2021\/08\/9d4c51eb-c554-4001-bcff-8d09b9a63978.jpg 1200w\" sizes=\"auto, (max-width: 121px) 100vw, 121px\" \/><\/a>Un antico e privilegiato rapporto ieri ha legato il cavallo al Corpo Forestale dello Stato,e oggi al Comando Unit\u00e0 Forestali Ambientali e Agroalimentari.<\/span><\/span><\/em><\/p>\n<p align=\"justify\"><strong>BELLUNO<\/strong>\u00a0<span style=\"font-family: Times New Roman, serif;\"><span style=\"font-size: medium;\">Dopo il prolungato periodo di limitazioni il flusso turistico ha fatto registrare un notevole incremento anche nel territorio bellunese e i Carabinieri Forestali hanno innalzato la soglia di attenzione. Tra il 12 e il 18 agosto nel territorio di Cortina d\u2019Ampezzo, agli ordinari controlli della locale Stazione Carabinieri forestale si \u00e8 aggiunto il servizio ippomontato predisposto dal Comando Carabinieri Forestale Regione Veneto che ha visto impiegati cavalieri forestali su cavalli maremmani del Reparto Carabinieri Biodiversit\u00e0 di Belluno. I controlli a cavallo hanno interessato tutta la conca ampezzana per assicurare il rispetto della legalit\u00e0 nelle <a href=\"https:\/\/www.radiopiu.net\/wordpress\/cavalieri-per-i-controlli-del-territorio\/6ce2bdcc-3dbf-4f46-a84e-ebcf09e18510\/\" rel=\"attachment wp-att-228634\"><img loading=\"lazy\" decoding=\"async\" class=\" wp-image-228634 alignright\" src=\"https:\/\/www.radiopiu.net\/wordpress\/wp-content\/uploads\/2021\/08\/6ce2bdcc-3dbf-4f46-a84e-ebcf09e18510-225x300.jpg\" alt=\"\" width=\"181\" height=\"241\" srcset=\"https:\/\/www.radiopiu.net\/wordpress\/wp-content\/uploads\/2021\/08\/6ce2bdcc-3dbf-4f46-a84e-ebcf09e18510-225x300.jpg 225w, https:\/\/www.radiopiu.net\/wordpress\/wp-content\/uploads\/2021\/08\/6ce2bdcc-3dbf-4f46-a84e-ebcf09e18510-768x1024.jpg 768w, https:\/\/www.radiopiu.net\/wordpress\/wp-content\/uploads\/2021\/08\/6ce2bdcc-3dbf-4f46-a84e-ebcf09e18510-1152x1536.jpg 1152w, https:\/\/www.radiopiu.net\/wordpress\/wp-content\/uploads\/2021\/08\/6ce2bdcc-3dbf-4f46-a84e-ebcf09e18510.jpg 1200w\" sizes=\"auto, (max-width: 181px) 100vw, 181px\" \/><\/a>aree di maggior interesse naturalistico.<\/span><\/span><\/p>\n<p align=\"justify\"><em><span style=\"font-family: Times New Roman, serif;\"><span style=\"font-size: medium;\">I compiti del servizio a cavallo dei Carabinieri forestali: sorveglianza in aree rurali e boschive talvolta di difficile accesso con i mezzi a motore,\u00a0 la conservazione della biodiversit\u00e0 genetica delle pi\u00f9 importanti razze equine italiane.\u00a0 Alcuni Reparti Biodiversit\u00e0, tra cui quello di Belluno costituiscono importanti centri di allevamento e selezione dove i puledri nascono, vengono allevati, selezionati ed addestrati con una doma tale da potere permettere l\u2019impiego nel servizio. In questi Reparti si realizza l\u2019intera filiera produttiva e di utilizzo garantendo la conservazione delle pi\u00f9 importanti e pregiate razze equine autoctone in particolare le razze maremmana e murgese particolarmente vocate al servizio ippomontato. Oggi i Centri di selezione equestre dei Reparti Biodiversit\u00e0 garantiscono l\u2019approvvigionamento di cavalli anche ad altri Reparti dell\u2019Arma come il IV Reggimento a Cavallo Carabinieri di istanza a Roma Tor di quinto e quello dei Corazzieri.<\/span><\/span><\/em><\/p>\n<hr \/>\n<p>&nbsp;<\/p>\n<blockquote>\n<h3>IL SEGNALE TELEFONICO ANCHE IN VALMOREL<\/h3>\n<h3><a href=\"https:\/\/www.radiopiu.net\/wordpress\/giornale-radiopiu-21-agosto-2021-direttore-mirko-mezzacasa\/th-175\/\" rel=\"attachment wp-att-228780\"><img loading=\"lazy\" decoding=\"async\" class=\"wp-image-228780 alignleft\" src=\"https:\/\/www.radiopiu.net\/wordpress\/wp-content\/uploads\/2021\/08\/th-3-300x131.jpg\" alt=\"\" width=\"211\" height=\"92\" srcset=\"https:\/\/www.radiopiu.net\/wordpress\/wp-content\/uploads\/2021\/08\/th-3-300x131.jpg 300w, https:\/\/www.radiopiu.net\/wordpress\/wp-content\/uploads\/2021\/08\/th-3.jpg 459w\" sizes=\"auto, (max-width: 211px) 100vw, 211px\" \/><\/a>LIMANA<\/h3>\n<p>DI DAMIANO TORMEN<\/p><\/blockquote>\n<audio class=\"wp-audio-shortcode\" id=\"audio-228583-5\" preload=\"none\" style=\"width: 100%;\" controls=\"controls\"><source type=\"audio\/mpeg\" src=\"https:\/\/www.radiopiu.net\/wordpress\/wp-content\/uploads\/2021\/08\/damiano-vamorel.mp3?_=5\" \/><a href=\"https:\/\/www.radiopiu.net\/wordpress\/wp-content\/uploads\/2021\/08\/damiano-vamorel.mp3\">https:\/\/www.radiopiu.net\/wordpress\/wp-content\/uploads\/2021\/08\/damiano-vamorel.mp3<\/a><\/audio>\n<p>&nbsp;<\/p>\n<p>&nbsp;<\/p>\n<hr \/>\n<p>&nbsp;<\/p>\n<p>&nbsp;<\/p>\n<blockquote class=\"wp-embedded-content\" data-secret=\"YXgrQiznvP\"><p><a href=\"https:\/\/www.radiopiu.net\/wordpress\/aggiornamentoago20\/\">CORONAVIRUS: AGGIORNAMENTO NAZIONALE 20 AGOSTO  2021<\/a><\/p><\/blockquote>\n<p><iframe loading=\"lazy\" class=\"wp-embedded-content\" sandbox=\"allow-scripts\" security=\"restricted\" style=\"position: absolute; clip: rect(1px, 1px, 1px, 1px);\" title=\"&#8220;CORONAVIRUS: AGGIORNAMENTO NAZIONALE 20 AGOSTO  2021&#8221; &#8212; Radio Pi\u00f9\" src=\"https:\/\/www.radiopiu.net\/wordpress\/aggiornamentoago20\/embed\/#?secret=YXgrQiznvP\" data-secret=\"YXgrQiznvP\" width=\"600\" height=\"338\" frameborder=\"0\" marginwidth=\"0\" marginheight=\"0\" scrolling=\"no\"><\/iframe><\/p>\n<p>&nbsp;<\/p>\n<blockquote class=\"wp-embedded-content\" data-secret=\"auGh7lW6Gi\"><p><a href=\"https:\/\/www.radiopiu.net\/wordpress\/aumentano-i-ricoveri-negli-ospedali-del-veneto-decedute-3-persone-505-nuovi-positivi-in-24-ore\/\">AUMENTANO I RICOVERI NEGLI OSPEDALI DEL VENETO. DECEDUTE 3 PERSONE, 505 NUOVI POSITIVI IN 24 ORE<\/a><\/p><\/blockquote>\n<p><iframe loading=\"lazy\" class=\"wp-embedded-content\" sandbox=\"allow-scripts\" security=\"restricted\" style=\"position: absolute; clip: rect(1px, 1px, 1px, 1px);\" title=\"&#8220;AUMENTANO I RICOVERI NEGLI OSPEDALI DEL VENETO. DECEDUTE 3 PERSONE, 505 NUOVI POSITIVI IN 24 ORE&#8221; &#8212; Radio Pi\u00f9\" src=\"https:\/\/www.radiopiu.net\/wordpress\/aumentano-i-ricoveri-negli-ospedali-del-veneto-decedute-3-persone-505-nuovi-positivi-in-24-ore\/embed\/#?secret=auGh7lW6Gi\" data-secret=\"auGh7lW6Gi\" width=\"600\" height=\"338\" frameborder=\"0\" marginwidth=\"0\" marginheight=\"0\" scrolling=\"no\"><\/iframe><\/p>\n<p>&nbsp;<\/p>\n<h3>I GRAFICI DI TIZIANO DE COL<\/h3>\n\n\t\t\t<style type='text\/css'>\n\t\t\t\t#gallery-5 {\n\t\t\t\t\tmargin: auto;\n\t\t\t\t}\n\t\t\t\t#gallery-5 .gallery-item {\n\t\t\t\t\tfloat: left;\n\t\t\t\t\tmargin-top: 10px;\n\t\t\t\t\ttext-align: center;\n\t\t\t\t\twidth: 20%;\n\t\t\t\t}\n\t\t\t\t#gallery-5 img {\n\t\t\t\t\tborder: 2px solid #cfcfcf;\n\t\t\t\t}\n\t\t\t\t#gallery-5 .gallery-caption {\n\t\t\t\t\tmargin-left: 0;\n\t\t\t\t}\n\t\t\t\t\/* see gallery_shortcode() in wp-includes\/media.php *\/\n\t\t\t<\/style>\n\t\t<div id='gallery-5' class='dt-gallery-container gallery galleryid-228583 gallery-columns-5 gallery-size-thumbnail'><dl class='gallery-item'>\n\t\t\t\t<dt class='gallery-icon landscape'>\n\t\t\t\t\t<a class=\"rollover rollover-zoom dt-pswp-item\" title=\"b32ab9b6-bcbb-4c06-b27c-97d5aab45f35\" data-dt-img-description=\"\" data-large_image_width=\"583\" data-large_image_height=\"352\"href='https:\/\/www.radiopiu.net\/wordpress\/wp-content\/uploads\/2021\/08\/b32ab9b6-bcbb-4c06-b27c-97d5aab45f35.jpg'><img loading=\"lazy\" decoding=\"async\" width=\"150\" height=\"150\" src=\"https:\/\/www.radiopiu.net\/wordpress\/wp-content\/uploads\/2021\/08\/b32ab9b6-bcbb-4c06-b27c-97d5aab45f35-150x150.jpg\" class=\"attachment-thumbnail size-thumbnail\" alt=\"\" \/><\/a>\n\t\t\t\t<\/dt><\/dl><dl class='gallery-item'>\n\t\t\t\t<dt class='gallery-icon landscape'>\n\t\t\t\t\t<a class=\"rollover rollover-zoom dt-pswp-item\" title=\"13cbdd44-628a-4ba3-b293-3a737fbeeaec\" data-dt-img-description=\"\" data-large_image_width=\"590\" data-large_image_height=\"354\"href='https:\/\/www.radiopiu.net\/wordpress\/wp-content\/uploads\/2021\/08\/13cbdd44-628a-4ba3-b293-3a737fbeeaec.jpg'><img loading=\"lazy\" decoding=\"async\" width=\"150\" height=\"150\" src=\"https:\/\/www.radiopiu.net\/wordpress\/wp-content\/uploads\/2021\/08\/13cbdd44-628a-4ba3-b293-3a737fbeeaec-150x150.jpg\" class=\"attachment-thumbnail size-thumbnail\" alt=\"\" \/><\/a>\n\t\t\t\t<\/dt><\/dl><dl class='gallery-item'>\n\t\t\t\t<dt class='gallery-icon landscape'>\n\t\t\t\t\t<a class=\"rollover rollover-zoom dt-pswp-item\" title=\"ed281912-8441-4589-8bcc-b53c5f53a931\" data-dt-img-description=\"\" data-large_image_width=\"596\" data-large_image_height=\"353\"href='https:\/\/www.radiopiu.net\/wordpress\/wp-content\/uploads\/2021\/08\/ed281912-8441-4589-8bcc-b53c5f53a931.jpg'><img loading=\"lazy\" decoding=\"async\" width=\"150\" height=\"150\" src=\"https:\/\/www.radiopiu.net\/wordpress\/wp-content\/uploads\/2021\/08\/ed281912-8441-4589-8bcc-b53c5f53a931-150x150.jpg\" class=\"attachment-thumbnail size-thumbnail\" alt=\"\" \/><\/a>\n\t\t\t\t<\/dt><\/dl><dl class='gallery-item'>\n\t\t\t\t<dt class='gallery-icon landscape'>\n\t\t\t\t\t<a class=\"rollover rollover-zoom dt-pswp-item\" title=\"6daa4b61-41a7-4e66-9372-7f40b074748b\" data-dt-img-description=\"\" data-large_image_width=\"606\" data-large_image_height=\"349\"href='https:\/\/www.radiopiu.net\/wordpress\/wp-content\/uploads\/2021\/08\/6daa4b61-41a7-4e66-9372-7f40b074748b.jpg'><img loading=\"lazy\" decoding=\"async\" width=\"150\" height=\"150\" src=\"https:\/\/www.radiopiu.net\/wordpress\/wp-content\/uploads\/2021\/08\/6daa4b61-41a7-4e66-9372-7f40b074748b-150x150.jpg\" class=\"attachment-thumbnail size-thumbnail\" alt=\"\" \/><\/a>\n\t\t\t\t<\/dt><\/dl><dl class='gallery-item'>\n\t\t\t\t<dt class='gallery-icon landscape'>\n\t\t\t\t\t<a class=\"rollover rollover-zoom dt-pswp-item\" title=\"23804715-8dc9-4bad-a084-c21e7793dbdd\" data-dt-img-description=\"\" data-large_image_width=\"608\" data-large_image_height=\"355\"href='https:\/\/www.radiopiu.net\/wordpress\/wp-content\/uploads\/2021\/08\/23804715-8dc9-4bad-a084-c21e7793dbdd.jpg'><img loading=\"lazy\" decoding=\"async\" width=\"150\" height=\"150\" src=\"https:\/\/www.radiopiu.net\/wordpress\/wp-content\/uploads\/2021\/08\/23804715-8dc9-4bad-a084-c21e7793dbdd-150x150.jpg\" class=\"attachment-thumbnail size-thumbnail\" alt=\"\" \/><\/a>\n\t\t\t\t<\/dt><\/dl><br style=\"clear: both\" \/>\n\t\t\t<\/div>\n\n<p>&nbsp;<\/p>\n<hr \/>\n<p>&nbsp;<\/p>\n<blockquote>\n<h2>LEGGI LA CONFERENZA STAMPA DEL PRESIDENTE ZAIA<\/h2>\n<p><em>VENETO DA ZONA BIANCA, SE NON CAMBIAVANO I PARAMETRI ERA ARANCIONE Con gli altri governatori non ci sentiamo da alcune settimane, non tutti sono operativi come noi. Sicilia e Sardegna preoccupano speriamo riescano a controllare i contagi.<\/em><\/p><\/blockquote>\n<p>Tutti i medici possono decidere in coscienza con quali medicine curare i pazienti, non lo pu\u00f2 certo scegliere la politica. <strong>OSPEDALIZZAZIONE\u00a0 NON COME IN PASSATO<\/strong> Punto nave sull&#8217;infezione: la curva delle terapie parte dal picco del primo di giugno e risale dicendoci che l&#8217;infezione \u00e8 in corso. I nostri parametri sono da zona bianca, RT 0,98 incidenza 80 casi su 100 mila abitanti, coefficienti occupazione terapia intensiva 4% area non critica 3%. I dati ci dicono che il virus non ospedalizza come in precedenza, \u00e8 sicuramente bassa ospedalizzazione come previsto. <strong>ZONA BIANCA<\/strong> Se oggi avessimo i parametri di giugno saremo in zona gialla,\u00a0 se non arancione, per questo abbiamo chiesto il cambio dei parametri.\u00a0 In terapia intensiva 80% di non vaccinati e in area non critica 68.5%. Dal 12 al 18 agosto i nuovi casi sono stati 1078 e di questi il 26%\u00a0 erano vaccinati. <strong>OLTRE IL 76% DEI VENETI E&#8217;<\/strong> <strong>VACCINATO<\/strong> 60-69 anni 87%,\u00a0 50-59 anni 79%, 40-49 anni 71%, 30-39 anni 66%, 20-29 anni 72% 12-19 anni 56%. <strong>SCUOLA<\/strong> c&#8217;\u00e8 giusta preoccupazione per il numero di persone che si muover\u00e0, ma siamo preparati. Stiamo predisponendo un bando di gara per l&#8217;acquisto dei tamponi molecolari. I rapidi sono molto pi\u00f9 diffusi a 2020 non li avevamo per frenare la pandemia. <strong>BILANCIO<\/strong> Rispetto a un anno fa i numeri sono superiori, grazie al vaccino l&#8217;8 agosto erano 7 pazienti in intensiva, oggi 44, ma le categorie a rischio sono vaccinate e la pandemia fa meno paura. Puntiamo a vaccinare entro ottobre l&#8217;80% dei veneti. Il contagio passa attraverso le relazioni social e il virus va a colpire i non vaccinati, il virus rimbalza sui vaccinati e negli altri si insedia come la pallina nel flipper.<\/p>\n<p><strong><a href=\"https:\/\/www.radiopiu.net\/wordpress\/giornale-radiopiu-21-agosto-2021-direttore-mirko-mezzacasa\/eda2d465-507c-49e9-8484-5f62cc789325\/\" rel=\"attachment wp-att-228682\"><img loading=\"lazy\" decoding=\"async\" class=\"aligncenter wp-image-228682 size-large\" src=\"https:\/\/www.radiopiu.net\/wordpress\/wp-content\/uploads\/2021\/08\/eda2d465-507c-49e9-8484-5f62cc789325-1024x769.jpg\" alt=\"\" width=\"1024\" height=\"769\" srcset=\"https:\/\/www.radiopiu.net\/wordpress\/wp-content\/uploads\/2021\/08\/eda2d465-507c-49e9-8484-5f62cc789325-1024x769.jpg 1024w, https:\/\/www.radiopiu.net\/wordpress\/wp-content\/uploads\/2021\/08\/eda2d465-507c-49e9-8484-5f62cc789325-300x225.jpg 300w, https:\/\/www.radiopiu.net\/wordpress\/wp-content\/uploads\/2021\/08\/eda2d465-507c-49e9-8484-5f62cc789325-768x577.jpg 768w, https:\/\/www.radiopiu.net\/wordpress\/wp-content\/uploads\/2021\/08\/eda2d465-507c-49e9-8484-5f62cc789325.jpg 1244w\" sizes=\"auto, (max-width: 1024px) 100vw, 1024px\" \/><\/a><\/strong><\/p>\n<p><strong>\u00a0<\/strong><\/p>\n<p><strong>L&#8217;ASSESSORE MANUELA LANZARIN<\/strong><\/p>\n<p><strong>PERSONALE SANITARO VACCINATO<\/strong> Il numero cala a 16.290 personale sanitario non vaccinato, 4819 nelle Ulss. Sospensioni 207, Oss, infermieri, medici, medici di famiglia.\u00a0 <strong>VACCINATI A SCUOLA\u00a0<\/strong>107 mila il numero del\u00a0 personale scolastico, vaccinati 92.380 pari all&#8217;85,96%,\u00a0 hanno detto &#8220;non ci vacciniamo&#8221; in 189. <strong>SOLO 200 SOSPESI SU OLTRE 4800<\/strong> E&#8217; una procedura molto articolata, servono verifiche incrociate con gli ordini. La stiamo applicando, le altre Regioni sono messe come noi. E&#8217; chiaro che le verifiche vanno effettuate, poi c&#8217;\u00e8 il discorso della privacy che ritarda.<\/p>\n<p><a href=\"https:\/\/www.facebook.com\/zaiaufficiale\/videos\/582017872968924\">https:\/\/www.facebook.com\/zaiaufficiale\/videos\/582017872968924<\/a><\/p>\n<p>&nbsp;<\/p>\n<hr \/>\n<p>&nbsp;<\/p>\n<blockquote>\n<h3>C&#8217;E&#8217; TEMPO FINO AL 31 AGOSTO PER LA PRE ISCRIZIONE A INFERMIERISTICA<\/h3>\n<\/blockquote>\n<p><strong>BELLUNO <\/strong>Sono aperte fino al 31 agosto le iscrizioni del Corsi di laurea triennale in infermieristica attivato a Feltre dall\u2019Universit\u00e0 di Padova per l\u2019anno Accademico 2021\/2022. Alla sede di Feltre del corso di laurea triennale in infermieristica sono stati assegnati 80 posti . La domanda deve essere compilata entro le ore 12.00 del 31 agosto 2021 collegandosi al sito <a href=\"https:\/\/uniweb.unipd.it\/\">https:\/\/uniweb.unipd.it <\/a>La prova di ammissione avr\u00e0 luogo marted\u00ec 14 settembre 2021 alle ore 13.00, presso l\u2019Ente Fiera di Padova. Inoltre, nella sede di Feltre sar\u00e0 attivo anche il corso di laurea in Tecniche della prevenzione nell\u2019ambiente e nei luoghi di lavoro (abilitante alla professione sanitaria di Tecnico della prevenzione nell\u2019ambiente e nei luoghi di lavoro) per un massimo di 20 immatricolati presso la sede di Padova che potranno frequenterare le attivit\u00e0 didattiche presso la sede di Feltre (BL). La suddivisione verr\u00e0 effettuata dal Corso di Laurea, di concerto con il Dipartimento competente, che raccoglier\u00e0 le preferenze degli studenti immatricolati, tenendo conto anche della graduatoria<\/p>\n<p>&nbsp;<\/p>\n<p>&nbsp;<\/p>\n<hr \/>\n<p>&nbsp;<\/p>\n<blockquote>\n<h3 class=\"p1\"><span class=\"s1\">SCUOLA IN PRESENZA, COLMELLERE: \u201cOLTRE 1.150.000 EURO A 35 ISTITUTI DI BELLUNO NEL DECRETO SOSTEGNI BIS\u201d<\/span><\/h3>\n<\/blockquote>\n<p class=\"p1\"><span class=\"s1\"><strong><a href=\"https:\/\/www.radiopiu.net\/wordpress\/giornale-radiopiu-21-agosto-2021-direttore-mirko-mezzacasa\/angela-colmellere-lega-2\/\" rel=\"attachment wp-att-228658\"><img loading=\"lazy\" decoding=\"async\" class=\" wp-image-228658 alignleft\" src=\"https:\/\/www.radiopiu.net\/wordpress\/wp-content\/uploads\/2021\/08\/Angela-colmellere-LEGA-2-200x300.jpeg\" alt=\"\" width=\"69\" height=\"104\" srcset=\"https:\/\/www.radiopiu.net\/wordpress\/wp-content\/uploads\/2021\/08\/Angela-colmellere-LEGA-2-200x300.jpeg 200w, https:\/\/www.radiopiu.net\/wordpress\/wp-content\/uploads\/2021\/08\/Angela-colmellere-LEGA-2-682x1024.jpeg 682w, https:\/\/www.radiopiu.net\/wordpress\/wp-content\/uploads\/2021\/08\/Angela-colmellere-LEGA-2-768x1153.jpeg 768w, https:\/\/www.radiopiu.net\/wordpress\/wp-content\/uploads\/2021\/08\/Angela-colmellere-LEGA-2-1023x1536.jpeg 1023w, https:\/\/www.radiopiu.net\/wordpress\/wp-content\/uploads\/2021\/08\/Angela-colmellere-LEGA-2.jpeg 1066w\" sizes=\"auto, (max-width: 69px) 100vw, 69px\" \/><\/a>ROMA<\/strong> \u2018\u2019<em>La Lega vuole fortemente il ritorno a scuola in presenza e a 35 istituti della provincia di Belluno arrivano oltre 1,1 milioni di euro (per l\u2019esattezza 1.153.073,19) per la messa in sicurezza in vista del nuovo anno scolastico<\/em>\u201d. Lo annuncia l\u2019onorevole trevigiana della Lega Angela Colmellere, peraltro da pochissimo nominata Capo del Dipartimento Scuola per il Veneto del Carroccio. <\/span><span class=\"s1\">\u201c<em>La ripartizione effettuata dal Ministero dell&#8217;Istruzione dei 350 milioni di euro stanziati nel Decreto Sostegni-bis aggiunge un nuovo, fondamentale tassello per l&#8217;anno scolastico che sta per cominciare. Dei 350 milioni stanziati, oltre 1.150.000 euro \u00e8 destinato alle scuole bellunesi, dalle primarie alle superiori. <\/em><\/span><\/p>\n<p>&nbsp;<\/p>\n<hr \/>\n<p>&nbsp;<\/p>\n<blockquote>\n<h3>AFGHANISTAN \u2013 BERTON: \u201cACCOGLIENZA SI FONDI SUL LAVORO. SERVE TASK-FORCE DI ISTITUZIONI E IMPRESE. PRONTI A FARE LA NOSTRA PARTE\u201d<\/h3>\n<\/blockquote>\n<p><strong>BELLUNO <\/strong>\u201c<em>Il dramma dell\u2019Afghanistan deve mobilitare le nostre coscienze e spingerci all\u2019azione, ma non dobbiamo muoverci solo sulla base dell\u2019emozione del momento e della giusta indignazione. Studiamo fin da ora forme concrete di accoglienza, dove il fattore lavorativo sia fondante di nuove opportunit\u00e0. La libert\u00e0 vera, cos\u00ec come un\u2019autentica integrazione, passano per l\u2019occupazione e per la valorizzazione dei talenti, a partire da quelli femminili<\/em>\u201d. A dirlo, nei giorni della grande emergenza umanitaria in Afghanistan, \u00e8 Lorraine Berton, presidente di Confindustria Belluno Dolomiti.<\/p>\n<p>&nbsp;<\/p>\n<p>&nbsp;<\/p>\n<hr \/>\n<p>&nbsp;<\/p>\n<blockquote>\n<h3 class=\"p1\"><span class=\"s1\">FORESTE, BOND: \u00abRILANCIARE LA FILIERA ORA, PER EVITARE ALTRE SPECULAZIONI SUL COSTO DEL LEGNAME\u00bb<\/span><\/h3>\n<\/blockquote>\n<p class=\"p1\"><span class=\"s1\"><strong>ROMA <\/strong>\u00ab<em>Bisogna rilanciare la filiera del legname in provincia di Belluno, ricostruendo quella rete di imprese e di segherie che esistevano fino al secolo scorso. E bisogna farlo per evitare altre speculazioni<\/em>\u00bb. Cos\u00ec in una nota il deputato Dario Bond, che raccoglie l\u2019allarme della Confartigianato Belluno e delle associazioni di categoria relativo all\u2019aumento dei prezzi delle materie prime.<\/span><\/p>\n<p>&nbsp;<\/p>\n<p>&nbsp;<\/p>\n<hr \/>\n<p>&nbsp;<\/p>\n<blockquote>\n<h3>BOSCHI IN ORDINE IN CALALZO, QUESTO L&#8217;OBIETTIVO<\/h3>\n<\/blockquote>\n<div class=\"moz-text-html\" lang=\"x-unicode\">\n<div><strong>\u00a0<\/strong><br \/>\n<strong><a href=\"https:\/\/www.radiopiu.net\/wordpress\/giornale-radiopiu-21-agosto-2021-direttore-mirko-mezzacasa\/unknown-16\/\" rel=\"attachment wp-att-228660\"><img loading=\"lazy\" decoding=\"async\" class=\"size-medium wp-image-228660 alignleft\" src=\"https:\/\/www.radiopiu.net\/wordpress\/wp-content\/uploads\/2021\/08\/Unknown-3-300x169.jpeg\" alt=\"\" width=\"300\" height=\"169\" srcset=\"https:\/\/www.radiopiu.net\/wordpress\/wp-content\/uploads\/2021\/08\/Unknown-3-300x169.jpeg 300w, https:\/\/www.radiopiu.net\/wordpress\/wp-content\/uploads\/2021\/08\/Unknown-3-1024x576.jpeg 1024w, https:\/\/www.radiopiu.net\/wordpress\/wp-content\/uploads\/2021\/08\/Unknown-3-768x432.jpeg 768w, https:\/\/www.radiopiu.net\/wordpress\/wp-content\/uploads\/2021\/08\/Unknown-3-1536x864.jpeg 1536w, https:\/\/www.radiopiu.net\/wordpress\/wp-content\/uploads\/2021\/08\/Unknown-3.jpeg 1600w\" sizes=\"auto, (max-width: 300px) 100vw, 300px\" \/><\/a>CALALZO DI CADORE<\/strong>\u00a0 Val d&#8217;Oten, Praciadelan e Tuoro: queste le aree dove il Comune di Calalzo di Cadore con i Servizi Forestali Regionali interverr\u00e0 per la pulizia e la messa in sicurezza dei boschi. Sono 5 gli ettari di bosco oggetto dell&#8217;intervento. I lavori, dal costo di poco inferiore ai 50mila euro, per De Carlo vogliono essere anche un incentivo ai privati a curare le proprie propriet\u00e0 boschive<em>: \u201cLa cura del bosco \u00e8 fondamentale non solo per l&#8217;accoglienza turistica, ma anche per la sicurezza idrogeologica e per la protezione dagli incendi &#8211; dice il sindaco di Calalzo &#8211;\u00a0 Il Comune ha voluto dare l&#8217;esempio in questo senso, e spero che tanti privati vogliano seguirci su questa strada\u201d.<\/em><\/div>\n<\/div>\n<p>&nbsp;<\/p>\n<p>&nbsp;<\/p>\n<p>&nbsp;<\/p>\n<hr \/>\n<p>&nbsp;<\/p>\n<blockquote>\n<h3>LE CAVE DI PIETRE MOLARI A SEDICO IN \u201cRICORDANDO\u201d, STORIA E IMMAGINI<\/h3>\n<\/blockquote>\n<p><strong>di\u00a0 RENATO BONA\u00a0<\/strong><\/p>\n<p><strong>BELLUNO\u00a0<\/strong> L\u2019Istituto bellunese di ricerche sociali e culturali guidato dal prof. don Sergio Sacco ha dato alle stampe (tipografia Piave) per conto del Comune di Sedico e della Biblioteca civica, era il marzio 1986, il prezioso volume (serie Quaderni) \u201cRicordando\u201d, che propone con dovizia di particolari e numerose, bellissime fotografie, la storia e appunto immagini datate e per questo ancor pi\u00f9 apprezzabili, del comune di Sedico. Artefice del capitolo\u201dAspetto economici e culturali nel tessuto sociale di Sedico\u201d Gianni De Vecchi, un autentico personaggio, si \u00e8 occupato anche di \u201cLe cave di pietre molari\u201d che erano situate parte nel comune di Sedico e parte in quello di Belluno. E la cui scoperta nelle localit\u00e0 Valdantre (le cave pi\u00f9 antiche e diroccate), Costalunga, Narda, Bez, Collungo del comune di Belluno e Conch di Lib\u00e0no in quello di Sedico \u201csi pu\u00f2 senza dubbio collocare in tempi antichissimi\u201d. In proposito De Vecchi precisava che \u201cSolo basandosi sulla lunghezza delle gallerie scavate (con sistemi manuali fino a 30-35 anni fa) possiamo datare di molti secoli l\u2019inizio di tale attivit\u00e0 estrattiva\u201d. Non manca, considerata la meticolosit\u00e0 dell\u2019autore, un riferimento storico: \u201cIn molti film storici, negli antichi castelli, si vede spesso la mola ad acqua che serviva ad affilare le armi bianche; queste mole non potevano che provenire dalle nostre cave dal momento che, in Italia, gli unici giacimenti (di questo materiale) si trovavano nel Bellunese\u201d. Ed \u00e8 vero che molto pi\u00f9 tardi vennero aperte cave negli Appennini e nelle valli vicentine del Pasubio, ma le mole estratte erano di qualit\u00e0 scadente \u201ce quindi le bellunesi furono sempre preferite\u201d. Ancora De Vecchi a rammentare che la prima cava che la tradizione ricordi fu a cielo aperto e sarebbe stata sfruttata da antichi romani saliti fin quass\u00f9 coi carri trainati da buoi a caricare le mole. Ma la pietra di buona qualit\u00e0 era solo quella del sottosuolo e giocoforza si dovettero scavare gallerie per trovare una \u201cvena\u201d ottima, dell\u2019altezza anche di 3-4 metri. Come che sia, l\u2019estrazione delle pietre molari nelle cave di Bolzano Bellunese, Tisoi e Lib\u00e0no \u00e8 stata tra le pi\u00f9 antiche \u201cindustrie\u201d bellunesi, \u201cfavorita anche dalla vicinanza con Fisterre di Belluno dove si fabbricavano rinomate lance e spade) e l\u2019arte dei \u2018mol\u00e0s\u2019 (cavatori di pietre molari con lavoro stagionale) si tramand\u00f2 per generazioni\u201d. Nel 1800 le cave davano lavoro ad un\u2019ottantina di persone. Nel 1867 erano occupati una settantina di \u201cmol\u00e0s\u201d mentre nel 1891 le cave in esercizio erano 17 e le persone occupate per 150 giornate annue erano 85, diciotto delle quali di et\u00e0 inferiore ai 15 anni. Fin verso il 1935 i \u201cmol\u00e0s\u201d erano artigiani che cavavano in proprio la pietra e vendevano il prodotto finito ai commercianti (ricordati nel 1870 Fant Alessandro e Da Rold Giuseppe e fratelli) quindi direttamente ai clienti avendo costituito una cooperativa fra produttori, con sede a Tisoi. Successivamente, 1946, la Fant Giacomo ottenne la concessione le cave ad eccezione di poche a Lib\u00e0no, sfruttate dalla societ\u00e0 \u201cArenaria\u201d che nel 1937-39 aveva alle dipendenze 120 \u201cmol\u00e0s\u201d escavatori, costruttori e tornitori. Il lavoro risultava malsano e molti contraevano la silicosi (\u201cpusiera\u201d) a causa della polvere di silicio che si formava durante la lavorazione, interamente manuale e che richiedeva notevole esperienza visto che i blocchi dovevano essere tagliati secondo il piano della \u201cvena\u201d. Descritte le varie fasi della lavorazione, spiega che con rapidi colpi venivano fatti cadere i blocchi o la lastra, 8 x 4 metri, della \u201ctajada\u201d, dello spessore tra i 22 ed i 50 centimetri, che venivano quindi tagliati nelle misure desiderate, caricati sul \u201ccar mat\u201d, un tavolato da un metro per 1,70 che scorreva su due rulli di legno per essere trainato col suo carico all\u2019aperto, grazie ad un argano che per molto tempo venne azionato manualmente! Solo negli ultimi vent\u2019anni di attivit\u00e0 \u201cgli attrezzi rudimentali fino ad allora usati vennero sostituiti quasi del tutto con demolitori ad aria compressa per lo scavo in galleria, dal filo elicoidale per il taglio delle lastre e dai torni per la finitura delle mole all\u2019esterno; ci\u00f2 comport\u00f2 la riduzione della manodopera, i costi di produzione ed il rischio di malattie professionali\u201d. La storia volge quasi al termine: De Vecchi ricorda che negli anni immediatamente successivi alla seconda guerra mondiale l\u2019attivit\u00e0 della ditta Fant Giacomo &amp; Figli conobbe una notevole espansione, occupando fino a 150 operai con ciclo di lavorazione stagionale. Le pietre molari erano prevalentemente vendute ai consorzi agrari, alle officine meccaniche, ai negozi di ferramenta, agli stabilimenti siderurgici come \u201cCogne\u201d in Val d\u2019Aosta, alle coltellerie di Maniago e sui mercati esteri: Cecoslovacchia, Svezia, Medio Oriente, Egitto, Iran Iraq. Ma\u2026 agli alti costi di produzione conseguiva la vendita delle mole naturali a prezzi di gran lunga superiori a quelli delle mole artificiali e ci\u00f2 determin\u00f2 la crisi di questa attivit\u00e0 millenaria che registr\u00f2 nel 1963 la fine definitiva delle cave \u201cpur nascondendo al loro interno ancora enormi quantit\u00e0 di materiale\u201d. La conclusione: \u201cBasterebbe trovare un metodo di estrazione e lavorazione a basso costo: le richieste di mole non mancherebbero. Le mole naturali hanno infatti pregi che quelle artificiali non possiedono. Finiscono cos\u00ec i \u2018mol\u00e0s\u2019, questa stirpe che conosceva alla perfezione l\u2019arte, affinata nei secoli, di cavare la pietra migliore per fare le mole. Ora, le cave sono adibite a fungaie\u201d. NELLE FOTO (riproduzioni dal libro: \u201cRicordando. Storie e immagini del comune di Sedico\u201d): una vecchia cava di pietre molari: si vedono i \u201cmol\u00e0s\u201d davanti agli ingressi delle gallerie di scavo e il cantiere esterno, con mole gi\u00e0 finite, altre in lavorazione e pezzi squadrati appena usciti dalle cave; anno 1930: un carico di mole del diametro di 150 centimetri, in partenza per Maniago, dove servivano alle fabbriche di coltellerie ed attrezzi agricoli; uno scorcio di Lib\u00e0no di Sedico, paese dove si estraevano mole di qualit\u00e0.<\/p>\n\n\t\t\t<style type='text\/css'>\n\t\t\t\t#gallery-6 {\n\t\t\t\t\tmargin: auto;\n\t\t\t\t}\n\t\t\t\t#gallery-6 .gallery-item {\n\t\t\t\t\tfloat: left;\n\t\t\t\t\tmargin-top: 10px;\n\t\t\t\t\ttext-align: center;\n\t\t\t\t\twidth: 33%;\n\t\t\t\t}\n\t\t\t\t#gallery-6 img {\n\t\t\t\t\tborder: 2px solid #cfcfcf;\n\t\t\t\t}\n\t\t\t\t#gallery-6 .gallery-caption {\n\t\t\t\t\tmargin-left: 0;\n\t\t\t\t}\n\t\t\t\t\/* see gallery_shortcode() in wp-includes\/media.php *\/\n\t\t\t<\/style>\n\t\t<div id='gallery-6' class='dt-gallery-container gallery galleryid-228583 gallery-columns-3 gallery-size-thumbnail'><dl class='gallery-item'>\n\t\t\t\t<dt class='gallery-icon landscape'>\n\t\t\t\t\t<a class=\"rollover rollover-zoom dt-pswp-item\" title=\"236376191_331567688765750_8176006952609733549_n\" data-dt-img-description=\"\" data-large_image_width=\"346\" data-large_image_height=\"206\"href='https:\/\/www.radiopiu.net\/wordpress\/wp-content\/uploads\/2021\/08\/236376191_331567688765750_8176006952609733549_n.jpg'><img loading=\"lazy\" decoding=\"async\" width=\"150\" height=\"150\" src=\"https:\/\/www.radiopiu.net\/wordpress\/wp-content\/uploads\/2021\/08\/236376191_331567688765750_8176006952609733549_n-150x150.jpg\" class=\"attachment-thumbnail size-thumbnail\" alt=\"\" \/><\/a>\n\t\t\t\t<\/dt><\/dl><dl class='gallery-item'>\n\t\t\t\t<dt class='gallery-icon landscape'>\n\t\t\t\t\t<a class=\"rollover rollover-zoom dt-pswp-item\" title=\"236363949_1767275403463854_2177654011088637065_n\" data-dt-img-description=\"\" data-large_image_width=\"320\" data-large_image_height=\"203\"href='https:\/\/www.radiopiu.net\/wordpress\/wp-content\/uploads\/2021\/08\/236363949_1767275403463854_2177654011088637065_n.jpg'><img loading=\"lazy\" decoding=\"async\" width=\"150\" height=\"150\" src=\"https:\/\/www.radiopiu.net\/wordpress\/wp-content\/uploads\/2021\/08\/236363949_1767275403463854_2177654011088637065_n-150x150.jpg\" class=\"attachment-thumbnail size-thumbnail\" alt=\"\" \/><\/a>\n\t\t\t\t<\/dt><\/dl><dl class='gallery-item'>\n\t\t\t\t<dt class='gallery-icon landscape'>\n\t\t\t\t\t<a class=\"rollover rollover-zoom dt-pswp-item\" title=\"237234991_1535453710119628_5081458972030802879_n\" data-dt-img-description=\"\" data-large_image_width=\"320\" data-large_image_height=\"206\"href='https:\/\/www.radiopiu.net\/wordpress\/wp-content\/uploads\/2021\/08\/237234991_1535453710119628_5081458972030802879_n.jpg'><img loading=\"lazy\" decoding=\"async\" width=\"150\" height=\"150\" src=\"https:\/\/www.radiopiu.net\/wordpress\/wp-content\/uploads\/2021\/08\/237234991_1535453710119628_5081458972030802879_n-150x150.jpg\" class=\"attachment-thumbnail size-thumbnail\" alt=\"\" \/><\/a>\n\t\t\t\t<\/dt><\/dl><br style=\"clear: both\" \/>\n\t\t\t<\/div>\n\n<p>&nbsp;<\/p>\n<hr \/>\n<p>&nbsp;<\/p>\n<blockquote>\n<h3>UN PO&#8217; PER GIOCO IL 29 AGOSTO A SANTA GIUSTINA<\/h3>\n<\/blockquote>\n<p><strong><a href=\"https:\/\/www.radiopiu.net\/wordpress\/un-po-per-gioco-il-29-agosto-a-santa-giustina\/231262211_103691038688651_1693337942980537310_n\/\" rel=\"attachment wp-att-228671\"><img loading=\"lazy\" decoding=\"async\" class=\"size-medium wp-image-228671 alignleft\" src=\"https:\/\/www.radiopiu.net\/wordpress\/wp-content\/uploads\/2021\/08\/231262211_103691038688651_1693337942980537310_n-300x210.jpg\" alt=\"\" width=\"300\" height=\"210\" srcset=\"https:\/\/www.radiopiu.net\/wordpress\/wp-content\/uploads\/2021\/08\/231262211_103691038688651_1693337942980537310_n-300x210.jpg 300w, https:\/\/www.radiopiu.net\/wordpress\/wp-content\/uploads\/2021\/08\/231262211_103691038688651_1693337942980537310_n-1024x717.jpg 1024w, https:\/\/www.radiopiu.net\/wordpress\/wp-content\/uploads\/2021\/08\/231262211_103691038688651_1693337942980537310_n-768x538.jpg 768w, https:\/\/www.radiopiu.net\/wordpress\/wp-content\/uploads\/2021\/08\/231262211_103691038688651_1693337942980537310_n.jpg 1440w\" sizes=\"auto, (max-width: 300px) 100vw, 300px\" \/><\/a> <\/strong><\/p>\n<p><strong>\u00a0<\/strong><strong>\u00a0<\/strong><strong>SANTA GIUSTINA<\/strong> Per gli appassionati di costruzioni Lego, l&#8217;appuntamento \u00e8 per domenica 29 agosto a Santa Giustina con &#8220;Un P\u00f2 Per Gioco&#8221;. Dalle 10 alle 20 alle scuole elementari con animazioni per bambini e food truck, spettacoli teatrali e area ristoro. Accesso libero e gratuito con green pass.<\/p>\n<p><strong>PER IL PROGRAMMA DELLA GIORNATA <a href=\"https:\/\/www.radiopiu.net\/wordpress\/wp-content\/uploads\/2021\/08\/234894332_110705927987162_1810376199028722105_n.jpg\">CLICCA QUI<\/a><\/strong><\/p>\n<p>&nbsp;<\/p>\n<p>&nbsp;<\/p>\n<p>&nbsp;<\/p>\n<hr \/>\n<p>&nbsp;<\/p>\n<blockquote>\n<p style=\"text-align: left;\" align=\"CENTER\"><span style=\"color: #000000;\"><span style=\"font-family: Arial, serif;\"><b>L\u2019EDIZIONE DELLA MOSTRA MERCATO DELLE ATTIVITA\u2019 AGRICOLE, ARTIGIANALI E COMMERCIALI NON SI FARA\u2019<\/b><\/span><\/span><\/p>\n<\/blockquote>\n<p align=\"JUSTIFY\"><span style=\"font-family: Times New Roman, serif;\"><span style=\"font-size: medium;\"><strong><a href=\"https:\/\/www.radiopiu.net\/wordpress\/giornale-radiopiu-15-marzo-2018-direttore-mirko-mezzacasa\/220px-municipio_santa_giustina\/\" rel=\"attachment wp-att-44829\"><img loading=\"lazy\" decoding=\"async\" class=\" wp-image-44829 alignleft\" src=\"https:\/\/www.radiopiu.net\/wordpress\/wp-content\/uploads\/2018\/03\/220px-Municipio_Santa_Giustina.jpg\" alt=\"\" width=\"139\" height=\"104\" \/><\/a>SANTA GIUSTINA<\/strong> L\u2019Amministrazione Comunale non dar\u00e0 seguito all\u2019organizzazione della Mostra Mercato del primo fine settimana di ottobre. <\/span><\/span><span style=\"font-size: medium; font-family: 'Times New Roman', serif;\">La decisione \u00e8 stata presa dopo un\u2019attenta valutazione degli aspetti organizzativi alla luce della situazione Covid<\/span><\/p>\n<p><strong>\u00a0<\/strong><\/p>\n<p>&nbsp;<\/p>\n<p>&nbsp;<\/p>\n<hr \/>\n<p><a href=\"https:\/\/www.radiopiu.net\/wordpress\/giornale-radiopiu-19-agosto-2021-direttore-mirko-mezzacasa\/9d2548ac-b7ff-4ee0-9c6f-a31b5909d74e\/\" rel=\"attachment wp-att-228385\"><img loading=\"lazy\" decoding=\"async\" class=\"wp-image-228385 alignleft\" src=\"https:\/\/www.radiopiu.net\/wordpress\/wp-content\/uploads\/2021\/08\/9d2548ac-b7ff-4ee0-9c6f-a31b5909d74e-181x300.jpg\" alt=\"\" width=\"108\" height=\"179\" srcset=\"https:\/\/www.radiopiu.net\/wordpress\/wp-content\/uploads\/2021\/08\/9d2548ac-b7ff-4ee0-9c6f-a31b5909d74e-181x300.jpg 181w, https:\/\/www.radiopiu.net\/wordpress\/wp-content\/uploads\/2021\/08\/9d2548ac-b7ff-4ee0-9c6f-a31b5909d74e-618x1024.jpg 618w, https:\/\/www.radiopiu.net\/wordpress\/wp-content\/uploads\/2021\/08\/9d2548ac-b7ff-4ee0-9c6f-a31b5909d74e-768x1273.jpg 768w, https:\/\/www.radiopiu.net\/wordpress\/wp-content\/uploads\/2021\/08\/9d2548ac-b7ff-4ee0-9c6f-a31b5909d74e-926x1536.jpg 926w, https:\/\/www.radiopiu.net\/wordpress\/wp-content\/uploads\/2021\/08\/9d2548ac-b7ff-4ee0-9c6f-a31b5909d74e.jpg 965w\" sizes=\"auto, (max-width: 108px) 100vw, 108px\" \/><\/a><\/p>\n<p><strong>\u00a0<\/strong><\/p>\n<p><strong>DUGONE?\u00a0 IL TORNEO DI CENCENIGHE a 5<\/strong><\/p>\n<p>Torneo di Green Volley, domenica 22 agosto al campo sportivo &#8220;La Bombonera&#8221;. Necessaria l&#8217;autocertificazione covid.<\/p>\n<p>info: dugone.torneogreenvolley@gmail.com<\/p>\n<p>&nbsp;<\/p>\n<p>&nbsp;<\/p>\n<p>&nbsp;<\/p>\n<hr \/>\n<p>&nbsp;<\/p>\n<blockquote>\n<h3>SUL BROI DI AGORDO IL CINEMA ALL&#8217;APERTO, OGGI &#8220;CENA CON DELITTO&#8221;<\/h3>\n<\/blockquote>\n<p><strong><a href=\"https:\/\/www.radiopiu.net\/wordpress\/giornale-radiopiu-10-agosto-2021-direttore-mirko-mezzacasa\/photo_2021-08-09_12-19-00\/\" rel=\"attachment wp-att-226842\"><img loading=\"lazy\" decoding=\"async\" class=\"size-medium wp-image-226842 alignleft\" src=\"https:\/\/www.radiopiu.net\/wordpress\/wp-content\/uploads\/2021\/08\/photo_2021-08-09_12-19-00-300x169.jpg\" alt=\"\" width=\"300\" height=\"169\" srcset=\"https:\/\/www.radiopiu.net\/wordpress\/wp-content\/uploads\/2021\/08\/photo_2021-08-09_12-19-00-300x169.jpg 300w, https:\/\/www.radiopiu.net\/wordpress\/wp-content\/uploads\/2021\/08\/photo_2021-08-09_12-19-00-1024x576.jpg 1024w, https:\/\/www.radiopiu.net\/wordpress\/wp-content\/uploads\/2021\/08\/photo_2021-08-09_12-19-00-768x432.jpg 768w, https:\/\/www.radiopiu.net\/wordpress\/wp-content\/uploads\/2021\/08\/photo_2021-08-09_12-19-00.jpg 1280w\" sizes=\"auto, (max-width: 300px) 100vw, 300px\" \/><\/a>AGORDO<\/strong> Ad Agosto, Agordo ospiter\u00e0 una rassegna cinematografica inedita nel giardino \u201cBroi\u201d, in pieno centro. Per sei serate sar\u00e0 possibile godersi grandi titoli cinematografici in una cornice unica al centro della conca agordina. L\u2019evento, organizzato dal Comune di Agordo, grazie al fondamentale contributo della casa di produzione \u201cFiFilm productions\u201d di Caterina Francavilla, dell\u2019impresa edile \u201cConedil\u201d e dalla ditta \u201cCase Trasporti\u201d, ha l\u2019obiettivo di animare l\u2019estate agordina con una proposta innovativa per il territorio, riproponendo il format avviato la scorsa estate con le proiezioni nel giardino di Villa Crotta-De\u2019 Manzoni. Tutte le proiezioni inizieranno alle ore 21 e saranno ad ingresso gratuito, previa prenotazione obbligatoria fino ad esaurimento posti. Le prenotazioni si possono effettuare attraverso il sito <a href=\"http:\/\/agordo.eventbrite.com\">http:\/\/agordo.eventbrite.com<\/a> oppure rivolgendosi all\u2019Ufficio Turistico di Agordo in via XXVII Aprile, tramite mail all\u2019indirizzo ufficioturistico@agordo.net, oppure telefonando allo 0437 62105 o al 388 495 5756. In caso di maltempo, le proiezioni verranno rinviate al giorno successivo. In conformit\u00e0 con le disposizioni anti-contagio, l\u2019ingresso sar\u00e0 subordinato all\u2019esibizione del Green Pass certificante vaccinazione, guarigione da Covid-19 o l&#8217;esito negativo di un tampone (sono esenti i bambini fino ai 12 anni), al controllo della temperatura e all\u2019utilizzo della mascherina in situazioni di assembramento come all\u2019entrata o all\u2019uscita. Gli appuntamenti della rassegna saranno i seguenti: oggi: Cena con delitto, di Rian Johnson; Marted\u00ec 24 Agosto: Monuments Men, di George Clooney; Gioved\u00ec 26 Agosto: La famosa invasione degli Orsi in Sicilia, di Lorenzo Mattotti; Sabato 28 Agosto: Vita di Pi, di Ang Lee<\/p>\n<p>&nbsp;<\/p>\n<p><em><span style=\"font-family: Times New Roman, serif;\"><span style=\"font-size: medium;\"><a href=\"https:\/\/www.radiopiu.net\/wordpress\/giornale-radiopiu-21-agosto-2021-direttore-mirko-mezzacasa\/dino_buzzati\/\" rel=\"attachment wp-att-228625\"><img loading=\"lazy\" decoding=\"async\" class=\"wp-image-228625 alignright\" src=\"https:\/\/www.radiopiu.net\/wordpress\/wp-content\/uploads\/2021\/08\/Dino_Buzzati-225x300.jpg\" alt=\"\" width=\"97\" height=\"129\" srcset=\"https:\/\/www.radiopiu.net\/wordpress\/wp-content\/uploads\/2021\/08\/Dino_Buzzati-225x300.jpg 225w, https:\/\/www.radiopiu.net\/wordpress\/wp-content\/uploads\/2021\/08\/Dino_Buzzati.jpg 250w\" sizes=\"auto, (max-width: 97px) 100vw, 97px\" \/><\/a>L\u2019assessorato al Turismo del Comune di Agordo organizza gioved\u00ec 26 agosto 2021 alle ore 17.30 presso la sala Don Ferdinando Tamis un\u2019incontro dal titolo \u201cDino Buzzati, le montagne e gli orsi\u201d dedicato al grande scrittore, giornalista ed artista del panorama culturale del Novecento. <\/span><\/span><span style=\"font-size: medium; font-family: 'Times New Roman', serif;\">Questo evento \u00e8 stato programmato in preparazione alla proiezione serale che si terr\u00e0 sul Broi di Agordo del film di animazione \u201cLa famosa invasione degli orsi in Sicilia\u201d tratto dall\u2019omonimo romanzo. <\/span><span style=\"font-family: Times New Roman, serif;\"><span style=\"font-size: medium;\">All\u2019evento pomeridiano saranno presenti le pronipoti di Dino Buzzati: Valentina Morassutti fondatrice dell\u2019Associazione Culturale Villa Buzzati San Pellegrino &#8211; il granaio e Antonella Morassutti attrice, insegnante di teatro e lettura espressiva, direttrice artistica dell\u2019Associazione.<\/span><\/span><span style=\"font-family: Times New Roman, serif;\"><span style=\"font-size: medium;\">\u00a0L<\/span><\/span><span style=\"font-family: Times, serif;\"><span style=\"font-size: small;\"><span style=\"font-family: Times New Roman, serif;\"><span style=\"font-size: medium;\">\u2019evento \u00e8 stato realizzato con la collaborazione del Circolo Culturale Agordino e della libreria Quattrocchi di Agordo che sar\u00e0 a disposizione con alcune edizioni del libro.\u00a0<\/span><\/span><\/span><\/span><\/em><\/p>\n<p>&nbsp;<\/p>\n<hr \/>\n<p>&nbsp;<\/p>\n<blockquote>\n<h3>I NOS CROT, LE ESCURSIONI DEL GAMP DOLOMITI<\/h3>\n<\/blockquote>\n<p><strong>\u00a0<\/strong><strong>AGORDO <\/strong>escursioni geoturistiche che anche quest&#8217;anno il GAMP DOLOMITI (Gruppo Agordino Mineralogico Paleontologico) vuole riproporre ISCRIZIONI APERTE all&#8217;Ufficio Turistico di Agordo o contattando il numero 3884955756 Queste le escursioni: Luned\u00ec 23 agosto Valle di San Lucano, Gioved\u00ec 26 agosto Frassen\u00e9-Rifugio Scarpa<\/p>\n<p>&nbsp;<\/p>\n<p>&nbsp;<\/p>\n<p>&nbsp;<\/p>\n<hr \/>\n<p>&nbsp;<\/p>\n<blockquote>\n<h3 align=\"CENTER\"><b>ESTATE 2021: ED ECCO DI NUOVO I MERCATINI\u00a0<\/b><b>DELL\u2019ANTIQUARIATO, DEL COLLEZIONISMO, DELL\u2019 USATO\u00a0 OGGI A CAPRILE<\/b><\/h3>\n<\/blockquote>\n<p align=\"JUSTIFY\">Il gruppo trevigiano degli \u201cAmici dell\u2019Antiquariato\u201d in collaborazione con il coordinatore locale Giorgio Fontanive e Ad Agordo Pro Loco organizza gli appuntamenti per gli appassionati delle cose antiche come accade dal 2011. Oggi l&#8217;appuntamento a Caprile<\/p>\n<div class=\"mkdf-post-text\">\n<div class=\"mkdf-post-text-inner\">\n<div class=\"mkdf-post-text-main\">\n<p>&nbsp;<\/p>\n<p>&nbsp;<\/p>\n<hr \/>\n<p>&nbsp;<\/p>\n<p>&nbsp;<\/p>\n<blockquote>\n<h3>PAROLE, MUSICA E SCULTURA: MARIO RIGONI STERN IN VETTA AL COL MARGHERITA<\/h3>\n<\/blockquote>\n<p><a href=\"https:\/\/www.radiopiu.net\/wordpress\/giornale-radiopiu-20-agosto-2021-direttore-mirko-mezzacasa\/il-sergente-nella-neve_murer_lr\/\" rel=\"attachment wp-att-228445\"><img loading=\"lazy\" decoding=\"async\" class=\" wp-image-228445 alignleft\" src=\"https:\/\/www.radiopiu.net\/wordpress\/wp-content\/uploads\/2021\/08\/Il-Sergente-nella-neve_MURER_lr-300x240.jpg\" alt=\"\" width=\"199\" height=\"159\" srcset=\"https:\/\/www.radiopiu.net\/wordpress\/wp-content\/uploads\/2021\/08\/Il-Sergente-nella-neve_MURER_lr-300x240.jpg 300w, https:\/\/www.radiopiu.net\/wordpress\/wp-content\/uploads\/2021\/08\/Il-Sergente-nella-neve_MURER_lr-1024x818.jpg 1024w, https:\/\/www.radiopiu.net\/wordpress\/wp-content\/uploads\/2021\/08\/Il-Sergente-nella-neve_MURER_lr-768x614.jpg 768w, https:\/\/www.radiopiu.net\/wordpress\/wp-content\/uploads\/2021\/08\/Il-Sergente-nella-neve_MURER_lr-1536x1228.jpg 1536w, https:\/\/www.radiopiu.net\/wordpress\/wp-content\/uploads\/2021\/08\/Il-Sergente-nella-neve_MURER_lr.jpg 1619w\" sizes=\"auto, (max-width: 199px) 100vw, 199px\" \/><\/a><strong>SAN PELLEGRINO<\/strong> Mercoled\u00ec 25 agosto, alle ore 11, sul Col Margherita va in scena &#8220;Ghe rivarem a baita?&#8221;, omaggio a Mario Rigoni Stern per ricordare il centenario della sua nascita.\u00a0 Alla lettura e commento dei brani dello scrittore a cura di Sara Luchetta, ricercatrice di Ca\u2019 Foscari, si accompagneranno le note del violinista agordino Ivan Zasso. Musica e parole consentiranno di esplorare le opere di colui che Primo Levi defin\u00ec &#8220;uno dei pi\u00f9 grandi scrittori italiani&#8221;.\u00a0 &#8220;Ghe rivarem a baita?&#8221; con le opere di Augusto Murer e i testi di Mario Rigoni Stern \u00e8 anche il nome dell\u2019esposizione en plein air visitabile sul Col Margherita fino al 12 settembre. La galleria, con ingresso gratuito accedendo al rifugio InAlto, comprende i ritratti dello scrittore dipinti su antiche porte in legno, opere di Franco Murer.<\/p>\n<p>&nbsp;<\/p>\n<hr \/>\n<p>&nbsp;<\/p>\n<blockquote>\n<h3>GLI EVENTI ESTIVI DI ARABBA FODOM TURISMO<\/h3>\n<\/blockquote>\n<a href=\"https:\/\/www.radiopiu.net\/wordpress\/wp-content\/uploads\/2021\/08\/Attivita\u0300-Eventi-Agosto-2.pdf\" class=\"pdfemb-viewer\" style=\"\" data-width=\"max\" data-height=\"max\" data-toolbar=\"top\" data-toolbar-fixed=\"on\">Attivita\u0300 &amp; Eventi Agosto 2<\/a>\n<p>&nbsp;<\/p>\n<hr \/>\n<p>&nbsp;<\/p>\n<h3 class=\"entry-title mkdf-post-title\">\u00a0Pink Size ai piedi delle Dolomiti<\/h3>\n<p><a href=\"https:\/\/www.radiopiu.net\/wordpress\/giornale-radiopiu-01-agosto-2021-direttore-mirko-mezzacasa\/11705683_10207451188865973_7894969160591772771_o-e1624806851469\/\" rel=\"attachment wp-att-225349\"><img loading=\"lazy\" decoding=\"async\" class=\"wp-image-225349 alignleft\" src=\"https:\/\/www.radiopiu.net\/wordpress\/wp-content\/uploads\/2021\/08\/11705683_10207451188865973_7894969160591772771_o-e1624806851469.jpg\" sizes=\"auto, (max-width: 256px) 100vw, 256px\" srcset=\"https:\/\/www.radiopiu.net\/wordpress\/wp-content\/uploads\/2021\/08\/11705683_10207451188865973_7894969160591772771_o-e1624806851469.jpg 1000w, https:\/\/www.radiopiu.net\/wordpress\/wp-content\/uploads\/2021\/08\/11705683_10207451188865973_7894969160591772771_o-e1624806851469-300x194.jpg 300w, https:\/\/www.radiopiu.net\/wordpress\/wp-content\/uploads\/2021\/08\/11705683_10207451188865973_7894969160591772771_o-e1624806851469-768x495.jpg 768w\" alt=\"\" width=\"256\" height=\"165\" \/><\/a><\/p>\n<div class=\"vc_row wpb_row vc_row-fluid vc_custom_1520853310750\">\n<div class=\"wpb_column vc_column_container vc_col-sm-12\">\n<div class=\"vc_column-inner\">\n<div class=\"wpb_wrapper\">\n<div class=\"wpb_text_column wpb_content_element \">\n<div class=\"wpb_wrapper\">\n<p><strong>Domani alle ore 17.00<\/strong>\u00a0Canale d\u2019Agordo ospiter\u00e0 il 1\u00b0 concerto in Valle di Gar\u00e9s.\u00a0<strong>La location \u00e8 spettacolare e suggestiva<\/strong>, immersa nel verde, circondata delle Pale di San Martino e dalle cascate delle Comelle. In localit\u00e0 Pian de Giare, in fondo alla Valle di Gar\u00e8s, su di un grande prato, circondati dalle maestose Dolomiti, andr\u00e0 in scena uno spettacolo indimenticabile con l\u2019esibizione dei\u00a0<strong>Pink Size, Tribute band dei Pink Floyd. <\/strong>L\u2019accesso al concerto \u00e8 consentito <b>SOLAMENTE <\/b>a coloro che esibiscono il <b>GREEN PASS.\u00a0<\/b><\/p>\n<\/div>\n<\/div>\n<\/div>\n<\/div>\n<\/div>\n<\/div>\n<p>&nbsp;<\/p>\n<p>&nbsp;<\/p>\n<hr \/>\n<p>&nbsp;<\/p>\n<blockquote>\n<h3>DOMANI A CANALE I MERCATINI<\/h3>\n<\/blockquote>\n<p><strong>CANALE D&#8217;AGORDO<\/strong> Domani dalle 8 alle 18, in piazza Papa Luciani a Canale D&#8217;Agordo il mercatino dell&#8217;artigianato e hobbistica.<\/p>\n<p>&nbsp;<\/p>\n<blockquote>\n<h3>E OGGI&#8230;A FALCADE<\/h3>\n<p>FALCADE Bone e Bele, il mercatino in programma oggi dalle 10 alle 20 al Parco Giochi di Falcade.<\/p><\/blockquote>\n<p>&nbsp;<\/p>\n<hr \/>\n<p>&nbsp;<\/p>\n<blockquote>\n<h3>CUGNISCION NOSTE VIJINANZE<\/h3>\n<\/blockquote>\n<p><strong>COLLE SANTA LUCIA<\/strong> Istitut Ladin Cesa De Jan assieme al comune di Livinallongo del Col Di Lana organizzano delle gite alla scoperta delle vicinie di Fodom. I prossimi appuntamenti: il 26 tocca a Larzonei, Corte e Contrin il 2 settembre e Pieve e Salesei il 9 settembre. Il costo delle visite \u00e8 di 15 euro per gli adulti e 7 per i bambini (pranzo non compreso). Si consiglia un abbigliamento da trekking. Info e prenotazioni al 3343346680<\/p>\n<p>&nbsp;<\/p>\n<p>&nbsp;<\/p>\n<hr \/>\n<p>&nbsp;<\/p>\n<blockquote>\n<h3>LA MOSTRA DI RENZO MIOLA A CANALE D\u2019AGORDO<\/h3>\n<\/blockquote>\n<p><strong>CANALE D\u2019AGORDO<\/strong>\u00a0 Fino\u00a0 al 31 agosto, presso la Casa delle Regole di Canale D\u2019Agordo, \u00e8 visitabile la mostra di pittura paesaggistica di Renzo Miola. La mostra seguira\u00e0 i seguenti orari: 10:30 \u2013 12:30, 16:30 \u2013 18:30 e 20 \u2013 22. L\u2019inaugurazione gioved\u00ec 12 agosto alle 17.<\/p>\n<p>&nbsp;<\/p>\n<p>&nbsp;<\/p>\n<hr \/>\n<p>&nbsp;<\/p>\n<blockquote>\n<h3>IL MUSEO ETNOGRAFICO DI TAIBON AGORDINO FINO AL 28 AGOSTO<\/h3>\n<\/blockquote>\n<p><strong>TAIBON<\/strong>\u00a0Sono aperte le porte del Museo Etnografico di Taibon Agordino \u201cCasa della Maria del Pacifico\u201d. Visitabile tutti i giorni dalle 10 alle 12 e dalle 16 alle 18 escluso il luned\u00ec mattina. Il Museo si trova vicino al municipio si Taibon in Via Pietro Nenni. Accesso con obbligo di mascherina e igienizzazione delle mani. Per informazioni 340 1495978<\/p>\n<p>&nbsp;<\/p>\n<p>&nbsp;<\/p>\n<hr \/>\n<p>&nbsp;<\/p>\n<blockquote>\n<h3>ARMONIE 2021, 3 APPUNTAMENTI A FINE AGOSTO<\/h3>\n<\/blockquote>\n<p><strong>BELLUNO\u00a0<\/strong>Triplo appuntamento per la rassegna \u201cArmonie 2021\u201d. Due concerti sono in programma oggi quando alle 17, presso il teatro Al Mut verr\u00e0 presentato \u201cCarmen\u201d e la sera alle 21 \u201cFinalmente insieme\u2026canto e musica\u201d in Piazza Duomo. Il 29 agosto alle 16 l\u2019ultimo appuntamento con \u201cCanti e poesie di fine estate\u201d a Bolzano Bellunese. Concerti all\u2019aperto su prenotazione ed esibizione di green pass.<\/p>\n<p>&nbsp;<\/p>\n<p>&nbsp;<\/p>\n<hr \/>\n<p>&nbsp;<\/p>\n<blockquote>\n<h3>SMILE MUSIC BAND A FALCADE<\/h3>\n<\/blockquote>\n<p><strong>FALCADE<\/strong> Oggi a partire dalle 15:30, sotto al tendone sulla piana di Falcade, si esibiranno i 5 ragazzi della Smile Music Band. Organizza la Pro Loco di Caviola.<\/p>\n<p>&nbsp;<\/p>\n<hr \/>\n<p>&nbsp;<\/p>\n<blockquote>\n<h3>I 130 ANNI DEL CAI BELLUNO CON 3 APPUNTAMENTI DEL CORO<\/h3>\n<\/blockquote>\n<p><strong>BELLUNO<\/strong> Saranno 3 gli appuntamenti in programma nei prossimi giorni con il coro Cai di Belluno per celebrare i 130 anni dalla fondazione della sezione di Belluno. Il 29 agosto l&#8217;appuntamento \u00e8 al Rifugio Tissi con la Santa Messa cantata. Il 5 settembre il coro Cai sar\u00e0 al Rifugio Bianchet per una esibizione mentre l&#8217;11 settembre al Rifugio Settimo Alpini per la messa in ricordo dei caduti della montagna.<\/p>\n<p>&nbsp;<\/p>\n<hr \/>\n<p>&nbsp;<\/p>\n<blockquote>\n<h3>FESTA DEL PESCE A CUSIGHE IL 27, 28, 29 AGOSTO<\/h3>\n<\/blockquote>\n<p><strong>BELLUNO<\/strong> \u00a027, 28 e 29 agosto: Ritorna a Cusighe la tradizionale Festa del Pesce, organizzata dall\u2019Associazione Insieme si pu\u00f2. Come di consueto tutto il ricavato della manifestazione, giunta alla trentasettesima edizione, sar\u00e0 destinato ai progetti di solidariet\u00e0 promossi da Insieme si pu\u00f2. Ci sar\u00e0 la novit\u00e0 di un capannone pi\u00f9 grande al campo sportivo di Cusighe, dove accogliere al meglio le persone, e una collaborazione con il Gruppo Stand Up di Insieme si pu\u00f2. Il programma su \u00a0www.365giorni.org oppure seguire i canali social dell\u2019Associazione.<\/p>\n<p>&nbsp;<\/p>\n<h1><span style=\"color: #ff0000;\">\u00a0\u00a0<\/span><\/h1>\n<hr \/>\n<p>&nbsp;<\/p>\n<h1><span style=\"color: #ff0000;\">IERI ALLA RADIO<\/span><\/h1>\n<h2><span style=\"color: #3366ff;\">DAL POLIAMBULATORIO\u00a0 AGORDINO, IL DOTTOR DOMENICO RIZZITELLI<\/span><\/h2>\n<p><strong>di Claudio Fontanive<\/strong><\/p>\n<audio class=\"wp-audio-shortcode\" id=\"audio-228583-6\" preload=\"none\" style=\"width: 100%;\" controls=\"controls\"><source type=\"audio\/mpeg\" src=\"https:\/\/www.radiopiu.net\/wordpress\/wp-content\/uploads\/2021\/08\/domenico-rizzitelli-20-agosto.mp3?_=6\" \/><a href=\"https:\/\/www.radiopiu.net\/wordpress\/wp-content\/uploads\/2021\/08\/domenico-rizzitelli-20-agosto.mp3\">https:\/\/www.radiopiu.net\/wordpress\/wp-content\/uploads\/2021\/08\/domenico-rizzitelli-20-agosto.mp3<\/a><\/audio>\n<p>&nbsp;<\/p>\n<h2><span style=\"color: #ff6600;\">I PROFESSIONISTI DEL POLIAMBULATORIO AGORDINO RISPONDONO\u00a0<\/span><\/h2>\n<blockquote class=\"wp-embedded-content\" data-secret=\"iFMiD9m5BE\"><p><a href=\"https:\/\/www.radiopiu.net\/wordpress\/i-professionisti-del-poliambulatorio-agordino-rispondono\/\">I PROFESSIONISTI DEL POLIAMBULATORIO AGORDINO RISPONDONO<\/a><\/p><\/blockquote>\n<p><iframe loading=\"lazy\" class=\"wp-embedded-content\" sandbox=\"allow-scripts\" security=\"restricted\" style=\"position: absolute; clip: rect(1px, 1px, 1px, 1px);\" title=\"&#8220;I PROFESSIONISTI DEL POLIAMBULATORIO AGORDINO RISPONDONO&#8221; &#8212; Radio Pi\u00f9\" src=\"https:\/\/www.radiopiu.net\/wordpress\/i-professionisti-del-poliambulatorio-agordino-rispondono\/embed\/#?secret=iFMiD9m5BE\" data-secret=\"iFMiD9m5BE\" width=\"600\" height=\"338\" frameborder=\"0\" marginwidth=\"0\" marginheight=\"0\" scrolling=\"no\"><\/iframe><\/p>\n<p>&nbsp;<\/p>\n<p>&nbsp;<\/p>\n<hr \/>\n<p>&nbsp;<\/p>\n<blockquote class=\"wp-embedded-content\" data-secret=\"KkjqJzbf48\"><p><a href=\"https:\/\/www.radiopiu.net\/wordpress\/i-misteri-di-alleghe-di-sergio-saviane-alla-radio-con-lattore-roberto-faoro-il-podcast\/\">&#8220;I MISTERI DI ALLEGHE DI SERGIO SAVIANE&#8221; ALLA RADIO CON L&#8217;ATTORE ROBERTO FAORO &#8211; IL PODCAST<\/a><\/p><\/blockquote>\n<p><iframe loading=\"lazy\" class=\"wp-embedded-content\" sandbox=\"allow-scripts\" security=\"restricted\" style=\"position: absolute; clip: rect(1px, 1px, 1px, 1px);\" title=\"&#8220;&#8220;I MISTERI DI ALLEGHE DI SERGIO SAVIANE&#8221; ALLA RADIO CON L&#8217;ATTORE ROBERTO FAORO &#8211; IL PODCAST&#8221; &#8212; Radio Pi\u00f9\" src=\"https:\/\/www.radiopiu.net\/wordpress\/i-misteri-di-alleghe-di-sergio-saviane-alla-radio-con-lattore-roberto-faoro-il-podcast\/embed\/#?secret=KkjqJzbf48\" data-secret=\"KkjqJzbf48\" width=\"600\" height=\"338\" frameborder=\"0\" marginwidth=\"0\" marginheight=\"0\" scrolling=\"no\"><\/iframe><\/p>\n<h2><\/h2>\n<p>&nbsp;<\/p>\n<blockquote class=\"wp-embedded-content\" data-secret=\"XMgqTbw1Nv\"><p><a href=\"https:\/\/www.radiopiu.net\/wordpress\/plastic-free-per-un-mondo-senza-plastica\/\">PLASTIC FREE per un mondo senza plastica<\/a><\/p><\/blockquote>\n<p><iframe loading=\"lazy\" class=\"wp-embedded-content\" sandbox=\"allow-scripts\" security=\"restricted\" style=\"position: absolute; clip: rect(1px, 1px, 1px, 1px);\" title=\"&#8220;PLASTIC FREE per un mondo senza plastica&#8221; &#8212; Radio Pi\u00f9\" src=\"https:\/\/www.radiopiu.net\/wordpress\/plastic-free-per-un-mondo-senza-plastica\/embed\/#?secret=XMgqTbw1Nv\" data-secret=\"XMgqTbw1Nv\" width=\"600\" height=\"338\" frameborder=\"0\" marginwidth=\"0\" marginheight=\"0\" scrolling=\"no\"><\/iframe><\/p>\n<p>&nbsp;<\/p>\n<hr \/>\n<p>&nbsp;<\/p>\n<blockquote class=\"wp-embedded-content\" data-secret=\"xxvxvJBp73\"><p><a href=\"https:\/\/www.radiopiu.net\/wordpress\/da-ieri-alla-radio-in-palinsesto-loris-e-maurizio-con-la-grande-musica\/\">IL BLUES ALLA RADIO &#8230; COME NON L&#8217;AVETE MAI SENTITO PRIMA<\/a><\/p><\/blockquote>\n<p><iframe loading=\"lazy\" class=\"wp-embedded-content\" sandbox=\"allow-scripts\" security=\"restricted\" style=\"position: absolute; clip: rect(1px, 1px, 1px, 1px);\" title=\"&#8220;IL BLUES ALLA RADIO &#8230; COME NON L&#8217;AVETE MAI SENTITO PRIMA&#8221; &#8212; Radio Pi\u00f9\" src=\"https:\/\/www.radiopiu.net\/wordpress\/da-ieri-alla-radio-in-palinsesto-loris-e-maurizio-con-la-grande-musica\/embed\/#?secret=xxvxvJBp73\" data-secret=\"xxvxvJBp73\" width=\"600\" height=\"338\" frameborder=\"0\" marginwidth=\"0\" marginheight=\"0\" scrolling=\"no\"><\/iframe><\/p>\n<p>&nbsp;<\/p>\n<div>\n<div class=\"mkdf-post-text\">\n<div class=\"mkdf-post-text-inner\">\n<div class=\"mkdf-post-text-main\">\n<div class=\"mkdf-post-text\">\n<div class=\"mkdf-post-text-inner\">\n<div class=\"mkdf-post-text-main\">\n<div class=\"mkdf-post-text\">\n<div class=\"mkdf-post-text-inner\">\n<div class=\"mkdf-post-text-main\">\n<div class=\"page-title-head hgroup\">\n<div class=\"page-title-head hgroup\">\n<div class=\"page-title-breadcrumbs\">\n<div class=\"mkdf-post-text\">\n<div class=\"mkdf-post-text-inner\">\n<div class=\"mkdf-post-text-main\">\n<div class=\"mkdf-post-text\">\n<div class=\"mkdf-post-text-inner\">\n<div class=\"mkdf-post-text-main\">\n<div class=\"page-title-head hgroup\">\n<div class=\"page-title-head hgroup\">\n<div class=\"mkdf-post-text\">\n<div class=\"mkdf-post-text-inner\">\n<div class=\"mkdf-post-text-main\">\n<div class=\"mkdf-post-text\">\n<div class=\"mkdf-post-text-inner\">\n<div class=\"mkdf-post-text-main\">\n<div class=\"page-title-head hgroup\">\n<div class=\"page-title-head hgroup\">\n<div class=\"page-title-head hgroup\">\n<div class=\"page-title-head hgroup\">\n<div class=\"b654a4as d2edcug0\">\n<div class=\"page-title-head hgroup\">\n<div class=\"page-title-head hgroup\">\n<div class=\"mkdf-post-text\">\n<div class=\"mkdf-post-text-inner\">\n<div class=\"mkdf-post-text-main\">\n<div class=\"mkdf-post-text\">\n<div class=\"mkdf-post-text-inner\">\n<div class=\"mkdf-post-text-main\">\n<div class=\"mkdf-post-text\">\n<div class=\"mkdf-post-text-inner\">\n<div class=\"mkdf-post-text-main\">\n<div class=\"page-title-head hgroup\">\n<div class=\"page-title-head hgroup\">\n<div class=\"mkdf-post-text\">\n<div class=\"mkdf-post-text-inner\">\n<div class=\"mkdf-post-text-main\">\n<div class=\"mkdf-post-text\">\n<div class=\"mkdf-post-text-inner\">\n<div class=\"mkdf-post-text-main\">\n<div class=\"page-title-head hgroup\">\n<div class=\"page-title-head hgroup\">\n<div class=\"page-title-head hgroup\">\n<div class=\"page-title-head hgroup\">\n<div class=\"b654a4as d2edcug0\">\n<div class=\"page-title-head hgroup\">\n<div class=\"page-title-head hgroup\">\n<div class=\"page-title-head hgroup\">\n<div class=\"page-title-head hgroup\">\n<div class=\"b654a4as d2edcug0\">\n<div>\n<div class=\"mkdf-post-text\">\n<div class=\"mkdf-post-text-inner\">\n<div class=\"mkdf-post-text-main\">\n<div class=\"mkdf-post-text\">\n<div class=\"mkdf-post-text-inner\">\n<div class=\"mkdf-post-text-main\">\n<div class=\"mkdf-post-text\">\n<div class=\"mkdf-post-text-inner\">\n<div class=\"mkdf-post-text-main\">\n<div class=\"page-title-head hgroup\">\n<div class=\"page-title-head hgroup\">\n<div class=\"page-title-breadcrumbs\">\n<div class=\"mkdf-post-text\">\n<div class=\"mkdf-post-text-inner\">\n<div class=\"mkdf-post-text-main\">\n<div class=\"mkdf-post-text\">\n<div class=\"mkdf-post-text-inner\">\n<div class=\"mkdf-post-text-main\">\n<div class=\"page-title-head hgroup\">\n<div class=\"page-title-head hgroup\">\n<div class=\"mkdf-post-text\">\n<div class=\"mkdf-post-text-inner\">\n<div class=\"mkdf-post-text-main\">\n<p>&nbsp;<\/p>\n<hr \/>\n<div class=\"mkdf-post-text\">\n<div class=\"mkdf-post-text-inner\">\n<div class=\"mkdf-post-text-main\">\n<div class=\"page-title-head hgroup\">\n<div class=\"page-title-head hgroup\">\n<div class=\"page-title-head hgroup\">\n<div class=\"page-title-head hgroup\">\n<div class=\"b654a4as d2edcug0\">\n<p>&nbsp;<\/p>\n<h2>LA RACCOLTA COMPLETA<\/h2>\n<blockquote class=\"wp-embedded-content\" data-secret=\"7pP3yOsZHb\"><p><a href=\"https:\/\/www.radiopiu.net\/wordpress\/solidarieta-veneto\/\">Solidariet\u00e0 Veneto<\/a><\/p><\/blockquote>\n<p><iframe loading=\"lazy\" class=\"wp-embedded-content\" sandbox=\"allow-scripts\" security=\"restricted\" style=\"position: absolute; clip: rect(1px, 1px, 1px, 1px);\" title=\"&#8220;Solidariet\u00e0 Veneto&#8221; &#8212; Radio Pi\u00f9\" src=\"https:\/\/www.radiopiu.net\/wordpress\/solidarieta-veneto\/embed\/#?secret=7pP3yOsZHb\" data-secret=\"7pP3yOsZHb\" width=\"600\" height=\"338\" frameborder=\"0\" marginwidth=\"0\" marginheight=\"0\" scrolling=\"no\"><\/iframe><\/p>\n<blockquote>\n<h2><\/h2>\n<\/blockquote>\n<p>&nbsp;<\/p>\n<p>&nbsp;<\/p>\n<hr \/>\n<p>&nbsp;<\/p>\n<div>\n<div class=\"b654a4as d2edcug0\">\n<div class=\"rq0escxv hkbzh7o3 jwdofwj8 n8tt0mok r8blr3vg hyh9befq\">\n<p><a class=\"dt-pswp-item\" href=\"https:\/\/www.radiopiu.net\/wordpress\/wp-content\/uploads\/2020\/10\/pp.jpg\" data-dt-img-description=\"\" data-large_image_width=\"640\" data-large_image_height=\"640\"><img loading=\"lazy\" decoding=\"async\" class=\"wp-image-163678 alignleft\" src=\"https:\/\/www.radiopiu.net\/wordpress\/wp-content\/uploads\/2020\/10\/pp-300x300.jpg\" alt=\"\" width=\"106\" height=\"106\" srcset=\"https:\/\/www.radiopiu.net\/wordpress\/wp-content\/uploads\/2020\/10\/pp-300x300.jpg 300w, https:\/\/www.radiopiu.net\/wordpress\/wp-content\/uploads\/2020\/10\/pp-150x150.jpg 150w, https:\/\/www.radiopiu.net\/wordpress\/wp-content\/uploads\/2020\/10\/pp-125x125.jpg 125w, https:\/\/www.radiopiu.net\/wordpress\/wp-content\/uploads\/2020\/10\/pp-200x200.jpg 200w, https:\/\/www.radiopiu.net\/wordpress\/wp-content\/uploads\/2020\/10\/pp-80x80.jpg 80w, https:\/\/www.radiopiu.net\/wordpress\/wp-content\/uploads\/2020\/10\/pp-480x480.jpg 480w, https:\/\/www.radiopiu.net\/wordpress\/wp-content\/uploads\/2020\/10\/pp.jpg 640w\" sizes=\"auto, (max-width: 106px) 100vw, 106px\" \/><\/a><\/p>\n<\/div>\n<\/div>\n<\/div>\n<div>\n<div class=\"page-title-head hgroup\">\n<div class=\"page-title-head hgroup\">\n<div class=\"b654a4as d2edcug0\">\n<div class=\"j83agx80 btwxx1t3 lhclo0ds hop8lmos nkwizq5d scwd0bx6 roh60bw9\">\n<div class=\"rq0escxv hkbzh7o3 jwdofwj8 n8tt0mok r8blr3vg hyh9befq\">\n<div class=\"do00u71z l9j0dhe7 k4urcfbm\">\n<h2><span style=\"color: #000080;\">DON CESARE, IL PENSIERO DEL GIORNO. ALLA RADIO ALLE 7 DEL MATTINO E ALLE 19.30 DELLA SERA.\u00a0\u00a0<\/span><\/h2>\n<\/div>\n<\/div>\n<\/div>\n<div><\/div>\n<div><\/div>\n<div>\n<audio class=\"wp-audio-shortcode\" id=\"audio-228583-7\" preload=\"none\" style=\"width: 100%;\" controls=\"controls\"><source type=\"audio\/mpeg\" src=\"https:\/\/www.radiopiu.net\/wordpress\/wp-content\/uploads\/2021\/08\/cesare-13.mp3?_=7\" \/><a href=\"https:\/\/www.radiopiu.net\/wordpress\/wp-content\/uploads\/2021\/08\/cesare-13.mp3\">https:\/\/www.radiopiu.net\/wordpress\/wp-content\/uploads\/2021\/08\/cesare-13.mp3<\/a><\/audio>\n<\/div>\n<div><\/div>\n<\/div>\n<\/div>\n<div class=\"page-title-head hgroup\">\n<p>&nbsp;<\/p>\n<hr \/>\n<p class=\"b654a4as d2edcug0\"><span style=\"color: #ff6600;\"> \u00a0<\/span><\/p>\n<blockquote class=\"wp-embedded-content\" data-secret=\"zBYuhY1ggW\"><p><a href=\"https:\/\/www.radiopiu.net\/wordpress\/girovagando-in-e-bike-tra-le-dolomiti\/\">GIROVAGANDO IN E BIKE TRA LE DOLOMITI<\/a><\/p><\/blockquote>\n<p><iframe loading=\"lazy\" class=\"wp-embedded-content\" sandbox=\"allow-scripts\" security=\"restricted\" style=\"position: absolute; clip: rect(1px, 1px, 1px, 1px);\" title=\"&#8220;GIROVAGANDO IN E BIKE TRA LE DOLOMITI&#8221; &#8212; Radio Pi\u00f9\" src=\"https:\/\/www.radiopiu.net\/wordpress\/girovagando-in-e-bike-tra-le-dolomiti\/embed\/#?secret=zBYuhY1ggW\" data-secret=\"zBYuhY1ggW\" width=\"600\" height=\"338\" frameborder=\"0\" marginwidth=\"0\" marginheight=\"0\" scrolling=\"no\"><\/iframe><\/p>\n<p>\u200b<\/p>\n<p>\u200b<\/p>\n<hr \/>\n<\/div>\n<\/div>\n<\/div>\n<\/div>\n<\/div>\n<\/div>\n<\/div>\n<\/div>\n<\/div>\n<\/div>\n<\/div>\n<\/div>\n<\/div>\n<\/div>\n<\/div>\n<\/div>\n<\/div>\n<\/div>\n<\/div>\n<\/div>\n<\/div>\n<\/div>\n<\/div>\n<div class=\"mkdf-post-text\">\n<div class=\"mkdf-post-text-inner\">\n<div class=\"mkdf-post-text-main\">\n<div class=\"mkdf-post-text\">\n<div class=\"mkdf-post-text-inner\">\n<div class=\"mkdf-post-text-main\">\n<div>\n<div class=\"page-title-head hgroup\">\n<div class=\"page-title-head hgroup\">\n<div class=\"page-title-head hgroup\">\n<div class=\"page-title-head hgroup\">\n<div class=\"b654a4as d2edcug0\">\n<div class=\"page-title-head hgroup\">\n<div class=\"page-title-head hgroup\">\n<p>&nbsp;<\/p>\n<\/div>\n<\/div>\n<\/div>\n<\/div>\n<\/div>\n<\/div>\n<\/div>\n<\/div>\n<\/div>\n<\/div>\n<\/div>\n<\/div>\n<\/div>\n<\/div>\n<\/div>\n<\/div>\n<\/div>\n<\/div>\n<\/div>\n<\/div>\n<\/div>\n<\/div>\n<\/div>\n<\/div>\n<\/div>\n<\/div>\n<blockquote>\n<h3><\/h3>\n<h3>COLLAGE&#8230; DI LORIS SCUSSEL dal lunedi al venerdi alle 16 e alle 23 su RADIO PIU<\/h3>\n<\/blockquote>\n<div>\n<p><img loading=\"lazy\" decoding=\"async\" class=\"alignleft\" src=\"https:\/\/www.radiopiu.net\/wordpress\/wp-content\/uploads\/2021\/05\/Schermata-2021-05-23-alle-11.50.11.png\" width=\"186\" height=\"131\" \/><\/p>\n<div>\n<p>Il programma \u00e8 andato in onda da dicembre 2013 fino a luglio 2019, comprese le repliche, in due serie per 350 puntate complessive con 1.890 brani trasmessi. L\u2019obiettivo del programma: riproporre agli ascoltatori pi\u00f9 grandicelli le canzoni che ascoltavano nel passato e nello stesso tempo farle conoscere anche ai pi\u00f9 giovani.<\/p>\n<\/div>\n<\/div>\n<div>\n<p><b>\u00a0\u00a0<\/b><\/p>\n<p><strong>PUNTATA 415 DEL 20 AGOSTO 2021<\/strong><\/p>\n<audio class=\"wp-audio-shortcode\" id=\"audio-228583-8\" preload=\"none\" style=\"width: 100%;\" controls=\"controls\"><source type=\"audio\/mpeg\" src=\"https:\/\/www.radiopiu.net\/wordpress\/wp-content\/uploads\/2021\/08\/Collage-415.mp3?_=8\" \/><a href=\"https:\/\/www.radiopiu.net\/wordpress\/wp-content\/uploads\/2021\/08\/Collage-415.mp3\">https:\/\/www.radiopiu.net\/wordpress\/wp-content\/uploads\/2021\/08\/Collage-415.mp3<\/a><\/audio>\n<p>&nbsp;<\/p>\n<\/div>\n<\/div>\n<\/div>\n<\/div>\n<\/div>\n<\/div>\n<\/div>\n<\/div>\n<\/div>\n<\/div>\n<\/div>\n<\/div>\n<\/div>\n<\/div>\n<\/div>\n<\/div>\n<\/div>\n<\/div>\n<\/div>\n<\/div>\n<\/div>\n<\/div>\n<\/div>\n<\/div>\n<\/div>\n<\/div>\n<\/div>\n<\/div>\n<\/div>\n<\/div>\n<\/div>\n<\/div>\n<\/div>\n<\/div>\n<\/div>\n<\/div>\n<\/div>\n<\/div>\n<\/div>\n<\/div>\n<\/div>\n<\/div>\n<\/div>\n<\/div>\n<\/div>\n<\/div>\n<\/div>\n<\/div>\n<\/div>\n<\/div>\n<\/div>\n<\/div>\n<\/div>\n<\/div>\n<\/div>\n<\/div>\n<\/div>\n<\/div>\n<\/div>\n<\/div>\n<\/div>\n<\/div>\n<div>\n<hr \/>\n<p>&nbsp;<\/p>\n<div>\n<div class=\"b654a4as d2edcug0\">\n<div class=\"rq0escxv hkbzh7o3 jwdofwj8 n8tt0mok r8blr3vg hyh9befq\">\n<div class=\"b654a4as d2edcug0\">\n<div class=\"b654a4as d2edcug0\">\n<div>\n<div class=\"b654a4as d2edcug0\">\n<div class=\"rq0escxv hkbzh7o3 jwdofwj8 n8tt0mok r8blr3vg hyh9befq\">\n<div class=\"b654a4as d2edcug0\">\n<h2><\/h2>\n<div class=\"b654a4as d2edcug0\">\n<h2><span style=\"color: #008000;\">ERBE E PIANTE CURATIVE&#8230;IL\u00a0 PROGRAMMA DI PAOLA LANCIATO\u00a0\u00a0<\/span><\/h2>\n<blockquote class=\"wp-embedded-content\" data-secret=\"yXesViHq3W\"><p><a href=\"https:\/\/www.radiopiu.net\/wordpress\/erbavoglio\/\">L&#8217;ERBA VOGLIO DEL GIARDINO DEL RE&#8230; Erbe, fiori e Piante di e con Paola Lanciato<\/a><\/p><\/blockquote>\n<p><iframe loading=\"lazy\" class=\"wp-embedded-content\" sandbox=\"allow-scripts\" security=\"restricted\" style=\"position: absolute; clip: rect(1px, 1px, 1px, 1px);\" title=\"&#8220;L&#8217;ERBA VOGLIO DEL GIARDINO DEL RE&#8230; Erbe, fiori e Piante di e con Paola Lanciato&#8221; &#8212; Radio Pi\u00f9\" src=\"https:\/\/www.radiopiu.net\/wordpress\/erbavoglio\/embed\/#?secret=yXesViHq3W\" data-secret=\"yXesViHq3W\" width=\"600\" height=\"338\" frameborder=\"0\" marginwidth=\"0\" marginheight=\"0\" scrolling=\"no\"><\/iframe><\/p>\n<\/div>\n<p>&nbsp;<\/p>\n<\/div>\n<\/div>\n<\/div>\n<\/div>\n<p>&nbsp;<\/p>\n<\/div>\n<\/div>\n<\/div>\n<\/div>\n<\/div>\n<p>&nbsp;<\/p>\n<hr \/>\n<p>&nbsp;<\/p>\n<div>\n<h2><span style=\"color: #ff0000;\"><strong>IN VIVO VERSO 2020-21 ESTATE, RIASCOLTIAMOLI&#8230; DAL CASSETTO DEI RICORDI DI RADIO PIU&#8217;&#8230; LE PRIME\u00a0 SEI STAGIONI\u00a0 \u00a0<\/strong><\/span><\/h2>\n<h3>riascoltiamole A PESCA di PIERLUIGI GATTI<\/h3>\n<p><strong>AUDIO\u00a0<\/strong><\/p>\n<audio class=\"wp-audio-shortcode\" id=\"audio-228583-9\" preload=\"none\" style=\"width: 100%;\" controls=\"controls\"><source type=\"audio\/mpeg\" src=\"https:\/\/www.radiopiu.net\/wordpress\/wp-content\/uploads\/2021\/08\/PIERLUGI-GATTI-1-A-PESCA.mp3?_=9\" \/><a href=\"https:\/\/www.radiopiu.net\/wordpress\/wp-content\/uploads\/2021\/08\/PIERLUGI-GATTI-1-A-PESCA.mp3\">https:\/\/www.radiopiu.net\/wordpress\/wp-content\/uploads\/2021\/08\/PIERLUGI-GATTI-1-A-PESCA.mp3<\/a><\/audio>\n<p>&nbsp;<\/p>\n<div class=\"page-title-head hgroup\">\n<div class=\"page-title-head hgroup\">\n<div class=\"page-title-head hgroup\">\n<div class=\"page-title-head hgroup\">\n<div class=\"page-title-head hgroup\">\n<div class=\"page-title-head hgroup\">\n<blockquote><p><strong>LA RACCOLTA COMPLETA\u00a0<\/strong><\/p><\/blockquote>\n<blockquote class=\"wp-embedded-content\" data-secret=\"PZYDOItXin\"><p><a href=\"https:\/\/www.radiopiu.net\/wordpress\/in-vivo-verso\/\">In Vivo Verso<\/a><\/p><\/blockquote>\n<p><iframe loading=\"lazy\" class=\"wp-embedded-content\" sandbox=\"allow-scripts\" security=\"restricted\" style=\"position: absolute; clip: rect(1px, 1px, 1px, 1px);\" title=\"&#8220;In Vivo Verso&#8221; &#8212; Radio Pi\u00f9\" src=\"https:\/\/www.radiopiu.net\/wordpress\/in-vivo-verso\/embed\/#?secret=PZYDOItXin\" data-secret=\"PZYDOItXin\" width=\"600\" height=\"338\" frameborder=\"0\" marginwidth=\"0\" marginheight=\"0\" scrolling=\"no\"><\/iframe><\/p>\n<\/div>\n<\/div>\n<\/div>\n<\/div>\n<\/div>\n<\/div>\n<p>&nbsp;<\/p>\n<hr \/>\n<\/div>\n<blockquote>\n<blockquote>\n<h2><\/h2>\n<\/blockquote>\n<\/blockquote>\n<div>\n<div class=\"b654a4as d2edcug0\">\n<div class=\"rq0escxv hkbzh7o3 jwdofwj8 n8tt0mok r8blr3vg hyh9befq\">\n<blockquote>\n<h2><span style=\"color: #ff0000;\"><em>ZAINO ALLA RADIO&#8230;ESTATE DI PAOLA LANCIATO\u00a0<\/em><\/span><\/h2>\n<p><strong>LA RACCOLTA COMPLETA\u00a0<\/strong><\/p><\/blockquote>\n<blockquote class=\"wp-embedded-content\" data-secret=\"1UNmPdKKZP\"><p><a href=\"https:\/\/www.radiopiu.net\/wordpress\/zaino-femminile-lanciato\/\">Zaino da viaggio al femminile<\/a><\/p><\/blockquote>\n<p><iframe loading=\"lazy\" class=\"wp-embedded-content\" sandbox=\"allow-scripts\" security=\"restricted\" style=\"position: absolute; clip: rect(1px, 1px, 1px, 1px);\" title=\"&#8220;Zaino da viaggio al femminile&#8221; &#8212; Radio Pi\u00f9\" src=\"https:\/\/www.radiopiu.net\/wordpress\/zaino-femminile-lanciato\/embed\/#?secret=1UNmPdKKZP\" data-secret=\"1UNmPdKKZP\" width=\"600\" height=\"338\" frameborder=\"0\" marginwidth=\"0\" marginheight=\"0\" scrolling=\"no\"><\/iframe><\/p>\n<p>&nbsp;<\/p>\n<\/div>\n<\/div>\n<\/div>\n<hr \/>\n<div><\/div>\n<div>\n<div class=\"page-title-head hgroup\">\n<div class=\"page-title-head hgroup\">\n<div class=\"page-title-head hgroup\">\n<div class=\"page-title-head hgroup\">\n<div class=\"page-title-head hgroup\">\n<div>\n<div class=\"b654a4as d2edcug0\">\u00a0 \u00a0 \u00a0<strong style=\"color: #800080;\">LA RASSEGNA STAMPA DA L&#8217;AMICO DEL POPOLO\u00a0<\/strong><\/div>\n<\/div>\n<\/div>\n<\/div>\n<\/div>\n<\/div>\n<\/div>\n<\/div>\n<div>\n<div class=\"page-title-head hgroup\">\n<div class=\"page-title-head hgroup\">\n<div class=\"page-title-head hgroup\">\n<div class=\"page-title-head hgroup\">\n<div class=\"b654a4as d2edcug0\">\n<div class=\"page-title-head hgroup\">\n<div class=\"page-title-head hgroup\">\n<div class=\"page-title-head hgroup\">\n<div class=\"page-title-head hgroup\">\n<div class=\"b654a4as d2edcug0\">\n<div>\n<h3 class=\"kvgmc6g5 cxmmr5t8 oygrvhab hcukyx3x c1et5uql\"><span style=\"color: #0000ff;\"> INFORMAZIONE il canale su TELEGRAM informazione di prima mano e in tempo reale. iscriviti ed aiutaci a farlo conoscere\u00a0\u00a0<\/span><\/h3>\n<h3 class=\"kvgmc6g5 cxmmr5t8 oygrvhab hcukyx3x c1et5uql\"><span style=\"color: #0000ff;\">\u00a0 \u00a0<\/span><\/h3>\n<blockquote class=\"wp-embedded-content\" data-secret=\"pGtaPlkOrI\"><p><a href=\"https:\/\/www.radiopiu.net\/wordpress\/rassegna-stampa-di-gianni-santomaso\/\">Rassegna stampa da l&#8217;amico del popolo &#8211; di Gianni Santomaso<\/a><\/p><\/blockquote>\n<p><iframe loading=\"lazy\" class=\"wp-embedded-content\" sandbox=\"allow-scripts\" security=\"restricted\" style=\"position: absolute; clip: rect(1px, 1px, 1px, 1px);\" title=\"&#8220;Rassegna stampa da l&#8217;amico del popolo &#8211; di Gianni Santomaso&#8221; &#8212; Radio Pi\u00f9\" src=\"https:\/\/www.radiopiu.net\/wordpress\/rassegna-stampa-di-gianni-santomaso\/embed\/#?secret=pGtaPlkOrI\" data-secret=\"pGtaPlkOrI\" width=\"600\" height=\"338\" frameborder=\"0\" marginwidth=\"0\" marginheight=\"0\" scrolling=\"no\"><\/iframe><\/p>\n<p>&nbsp;<\/p>\n<hr \/>\n<p>&nbsp;<\/p>\n<p>&nbsp;<\/p>\n<\/div>\n<div dir=\"auto\">\n<blockquote class=\"wp-embedded-content\" data-secret=\"s3uxPDRtLg\"><p><a href=\"https:\/\/www.radiopiu.net\/wordpress\/saluteesocieta\/\">Salute e Societ\u00e0<\/a><\/p><\/blockquote>\n<p><iframe loading=\"lazy\" class=\"wp-embedded-content\" sandbox=\"allow-scripts\" security=\"restricted\" style=\"position: absolute; clip: rect(1px, 1px, 1px, 1px);\" title=\"&#8220;Salute e Societ\u00e0&#8221; &#8212; Radio Pi\u00f9\" src=\"https:\/\/www.radiopiu.net\/wordpress\/saluteesocieta\/embed\/#?secret=s3uxPDRtLg\" data-secret=\"s3uxPDRtLg\" width=\"600\" height=\"338\" frameborder=\"0\" marginwidth=\"0\" marginheight=\"0\" scrolling=\"no\"><\/iframe><\/p>\n<\/div>\n<div dir=\"auto\">\n<h1><\/h1>\n<\/div>\n<div>\n<div class=\"page-title-head hgroup\">\n<div class=\"page-title-head hgroup\">\n<div class=\"page-title-head hgroup\">\n<div>\n<div class=\"b654a4as d2edcug0\">\n<div class=\"rq0escxv hkbzh7o3 jwdofwj8 n8tt0mok r8blr3vg hyh9befq\">\n<hr \/>\n<\/div>\n<\/div>\n<\/div>\n<div>\n<div class=\"page-title-head hgroup\">\n<div class=\"page-title-head hgroup\">\n<div class=\"b654a4as d2edcug0\">\n<p>&nbsp;<\/p>\n<blockquote>\n<h3><img loading=\"lazy\" decoding=\"async\" class=\"alignleft\" src=\"https:\/\/www.radiopiu.net\/wordpress\/wp-content\/uploads\/2021\/06\/fresh-flower-leaves-saffron-white-background-place-your-text-use-saffron-spice-cooking-cosmetology_347372-394.jpeg\" width=\"141\" height=\"94\" \/>L&#8217;ALMANACCO LADINO CON L&#8217;ISTITUT CESA DE JAN QUINDICINALE APPUNTAMENTO. LA DOMENICA ALLE 9 IL LUNEDI ALLE 8.35 IL MARTEDI ALLE 12.35 IL MERCOLEDI ALLE 18.35. SECONDA STAGIONE.<strong style=\"font-size: 14px;\">\u00a0<\/strong><\/h3>\n<\/blockquote>\n<p>&nbsp;<\/p>\n<p>PUNTATA DEL 16 AGOSTO<\/p>\n<audio class=\"wp-audio-shortcode\" id=\"audio-228583-10\" preload=\"none\" style=\"width: 100%;\" controls=\"controls\"><source type=\"audio\/mpeg\" src=\"https:\/\/www.radiopiu.net\/wordpress\/wp-content\/uploads\/2021\/08\/64\u00b0Almanach-Ladin-fodom.mp3?_=10\" \/><a href=\"https:\/\/www.radiopiu.net\/wordpress\/wp-content\/uploads\/2021\/08\/64\u00b0Almanach-Ladin-fodom.mp3\">https:\/\/www.radiopiu.net\/wordpress\/wp-content\/uploads\/2021\/08\/64\u00b0Almanach-Ladin-fodom.mp3<\/a><\/audio>\n<p><strong>\u00a0<\/strong><strong>\u00a0RACCOLTA COMPLETA\u00a0<\/strong><\/p>\n<blockquote class=\"wp-embedded-content\" data-secret=\"HGy5sezBI8\"><p><a href=\"https:\/\/www.radiopiu.net\/wordpress\/almanacco-ladino\/\">Almanacco Ladino<\/a><\/p><\/blockquote>\n<p><iframe loading=\"lazy\" class=\"wp-embedded-content\" sandbox=\"allow-scripts\" security=\"restricted\" style=\"position: absolute; clip: rect(1px, 1px, 1px, 1px);\" title=\"&#8220;Almanacco Ladino&#8221; &#8212; Radio Pi\u00f9\" src=\"https:\/\/www.radiopiu.net\/wordpress\/almanacco-ladino\/embed\/#?secret=HGy5sezBI8\" data-secret=\"HGy5sezBI8\" width=\"600\" height=\"338\" frameborder=\"0\" marginwidth=\"0\" marginheight=\"0\" scrolling=\"no\"><\/iframe><\/p>\n<\/div>\n<div>\n<p>&nbsp;<\/p>\n<hr \/>\n<h2><span style=\"color: #808000;\">DUE MINUTI UN LIBRO\u00a0 TUTTI I GIORNI ALLA RADIO ALLE 9.30 E ALLE 18. QUINTA STAGIONE\u00a0<\/span><\/h2>\n<blockquote class=\"wp-embedded-content\" data-secret=\"lEqY7OKBmz\"><p><a href=\"https:\/\/www.radiopiu.net\/wordpress\/lultimo-ospite\/\">L&#8217;ULTIMO OSPITE<\/a><\/p><\/blockquote>\n<p><iframe loading=\"lazy\" class=\"wp-embedded-content\" sandbox=\"allow-scripts\" security=\"restricted\" style=\"position: absolute; clip: rect(1px, 1px, 1px, 1px);\" title=\"&#8220;L&#8217;ULTIMO OSPITE&#8221; &#8212; Radio Pi\u00f9\" src=\"https:\/\/www.radiopiu.net\/wordpress\/lultimo-ospite\/embed\/#?secret=lEqY7OKBmz\" data-secret=\"lEqY7OKBmz\" width=\"600\" height=\"338\" frameborder=\"0\" marginwidth=\"0\" marginheight=\"0\" scrolling=\"no\"><\/iframe><\/p>\n<p><strong>LA RACCOLTA COMPLETA\u00a0\u00a0<\/strong><\/p>\n<\/div>\n<div>\n<blockquote class=\"wp-embedded-content\" data-secret=\"NoFUzOIvEt\"><p><a href=\"https:\/\/www.radiopiu.net\/wordpress\/due-minuti-un-libro\/\">Due minuti un libro<\/a><\/p><\/blockquote>\n<p><iframe loading=\"lazy\" class=\"wp-embedded-content\" sandbox=\"allow-scripts\" security=\"restricted\" style=\"position: absolute; clip: rect(1px, 1px, 1px, 1px);\" title=\"&#8220;Due minuti un libro&#8221; &#8212; Radio Pi\u00f9\" src=\"https:\/\/www.radiopiu.net\/wordpress\/due-minuti-un-libro\/embed\/#?secret=NoFUzOIvEt\" data-secret=\"NoFUzOIvEt\" width=\"600\" height=\"338\" frameborder=\"0\" marginwidth=\"0\" marginheight=\"0\" scrolling=\"no\"><\/iframe><\/p>\n<p>&nbsp;<\/p>\n<hr \/>\n<p>\u200b<\/p>\n<div>\n<h2><span style=\"color: #33cccc;\">I RACCONTI DI PAOLO SOPPELSA il lunedi alle 9.30 e 18.30<\/span><\/h2>\n<p>&nbsp;<\/p>\n<blockquote class=\"wp-embedded-content\" data-secret=\"10ag7VVzVb\"><p><a href=\"https:\/\/www.radiopiu.net\/wordpress\/i-racconti-di-paolo-soppelsa\/\">I racconti di Paolo Soppelsa<\/a><\/p><\/blockquote>\n<p><iframe loading=\"lazy\" class=\"wp-embedded-content\" sandbox=\"allow-scripts\" security=\"restricted\" style=\"position: absolute; clip: rect(1px, 1px, 1px, 1px);\" title=\"&#8220;I racconti di Paolo Soppelsa&#8221; &#8212; Radio Pi\u00f9\" src=\"https:\/\/www.radiopiu.net\/wordpress\/i-racconti-di-paolo-soppelsa\/embed\/#?secret=10ag7VVzVb\" data-secret=\"10ag7VVzVb\" width=\"600\" height=\"338\" frameborder=\"0\" marginwidth=\"0\" marginheight=\"0\" scrolling=\"no\"><\/iframe><\/p>\n<p>&nbsp;<\/p>\n<\/div>\n<\/div>\n<hr \/>\n<p>&nbsp;<\/p>\n<div class=\"mkdf-post-text\">\n<div class=\"mkdf-post-text-inner\">\n<div class=\"mkdf-post-text-main\">\n<div class=\"mkdf-post-text\">\n<div class=\"mkdf-post-text-inner\">\n<div class=\"mkdf-post-text-main\">\n<div class=\"mkdf-post-text\">\n<div class=\"mkdf-post-text-inner\">\n<div class=\"mkdf-post-text-main\">\n<div class=\"page-title-head hgroup\">\n<div class=\"page-title-head hgroup\">\n<div class=\"mkdf-post-text\">\n<div class=\"mkdf-post-text-inner\">\n<div class=\"mkdf-post-text-main\">\n<div class=\"mkdf-post-text\">\n<div class=\"mkdf-post-text-inner\">\n<div class=\"mkdf-post-text-main\">\n<div>\n<div class=\"page-title-head hgroup\">\n<div class=\"page-title-head hgroup\">\n<div class=\"page-title-head hgroup\">\n<div class=\"page-title-head hgroup\">\n<div class=\"b654a4as d2edcug0\">\n<div class=\"page-title-head hgroup\">\n<div class=\"page-title-head hgroup\">\n<div class=\"page-title-head hgroup\">\n<div class=\"page-title-head hgroup\">\n<div class=\"b654a4as d2edcug0\">\n<div>\n<div>\n<div>\n<div>\n<div class=\"page-title-head hgroup\">\n<div class=\"page-title-head hgroup\">\n<div class=\"page-title-head hgroup\">\n<div class=\"page-title-head hgroup\">\n<div class=\"b654a4as d2edcug0\">\n<div class=\"page-title-head hgroup\">\n<div class=\"page-title-head hgroup\">\n<div class=\"page-title-head hgroup\">\n<div class=\"page-title-head hgroup\">\n<div class=\"b654a4as d2edcug0\">\n<div>\n<div class=\"page-title-head hgroup\">\n<div class=\"page-title-head hgroup\">\n<div class=\"page-title-head hgroup\">\n<div>\n<div class=\"page-title-head hgroup\">\n<div class=\"page-title-head hgroup\">\n<div class=\"page-title-head hgroup\">\n<p>&nbsp;<\/p>\n<p><a href=\"https:\/\/www.radiopiu.net\/wordpress\/giornale-radiopiu-26-settembre-2018-direttore-mirko-mezzacasa\/viabilita-2\/\" rel=\"attachment wp-att-61954\"><img loading=\"lazy\" decoding=\"async\" class=\"wp-image-61954 size-full aligncenter\" src=\"https:\/\/www.radiopiu.net\/wordpress\/wp-content\/uploads\/2018\/09\/viabilita.jpeg\" alt=\"\" width=\"800\" height=\"100\" srcset=\"https:\/\/www.radiopiu.net\/wordpress\/wp-content\/uploads\/2018\/09\/viabilita.jpeg 800w, https:\/\/www.radiopiu.net\/wordpress\/wp-content\/uploads\/2018\/09\/viabilita-300x38.jpeg 300w, https:\/\/www.radiopiu.net\/wordpress\/wp-content\/uploads\/2018\/09\/viabilita-768x96.jpeg 768w\" sizes=\"auto, (max-width: 800px) 100vw, 800px\" \/><\/a><\/p>\n<blockquote><p><a href=\"https:\/\/www.radiopiu.net\/wordpress\/giornale-radiopiu-09-agosto-2018-direttore-mirko-mezzacasa\/viabilia\/\" rel=\"attachment wp-att-57053\"><img loading=\"lazy\" decoding=\"async\" class=\" wp-image-57053 alignleft\" src=\"https:\/\/www.radiopiu.net\/wordpress\/wp-content\/uploads\/2018\/08\/VIABILIA-300x180.jpeg\" alt=\"\" width=\"220\" height=\"132\" srcset=\"https:\/\/www.radiopiu.net\/wordpress\/wp-content\/uploads\/2018\/08\/VIABILIA-300x180.jpeg 300w, https:\/\/www.radiopiu.net\/wordpress\/wp-content\/uploads\/2018\/08\/VIABILIA-768x461.jpeg 768w, https:\/\/www.radiopiu.net\/wordpress\/wp-content\/uploads\/2018\/08\/VIABILIA-1024x614.jpeg 1024w, https:\/\/www.radiopiu.net\/wordpress\/wp-content\/uploads\/2018\/08\/VIABILIA.jpeg 1280w\" sizes=\"auto, (max-width: 220px) 100vw, 220px\" \/><\/a><\/p><\/blockquote>\n<\/div>\n<\/div>\n<\/div>\n<\/div>\n<\/div>\n<\/div>\n<\/div>\n<\/div>\n<div>\n<div>\n<div class=\"page-title-head hgroup\">\n<div class=\"page-title-head hgroup\">\n<div class=\"page-title-head hgroup\">\n<div class=\"page-title-head hgroup\">\n<div class=\"page-title-head hgroup\">\n<div class=\"page-title-head hgroup\">\n<blockquote><p>La viabilit\u00e0 con gli ultimi aggiornamenti<\/p><\/blockquote>\n<\/div>\n<\/div>\n<\/div>\n<\/div>\n<\/div>\n<\/div>\n<\/div>\n<div><\/div>\n<div><\/div>\n<div>\n<div><\/div>\n<\/div>\n<\/div>\n<\/div>\n<\/div>\n<\/div>\n<\/div>\n<\/div>\n<\/div>\n<\/div>\n<\/div>\n<\/div>\n<\/div>\n<\/div>\n<div>\n<div class=\"page-title-head hgroup\">\n<div class=\"page-title-head hgroup\">\n<div class=\"page-title-head hgroup\">\n<div class=\"page-title-head hgroup\">\n<div class=\"b654a4as d2edcug0\">\n<div>\n<div class=\"page-title-head hgroup\" style=\"text-align: left;\">\n<div class=\"page-title-head hgroup\"><\/div>\n<\/div>\n<\/div>\n<\/div>\n<\/div>\n<\/div>\n<\/div>\n<\/div>\n<\/div>\n<\/div>\n<\/div>\n<\/div>\n<div>\n<div>\n<div class=\"page-title-head hgroup\">\n<div class=\"page-title-head hgroup\">\n<div class=\"page-title-head hgroup\">\n<div class=\"page-title-head hgroup\">\n<div class=\"b654a4as d2edcug0\">\n<div class=\"page-title-head hgroup\">\n<div class=\"page-title-head hgroup\">\n<div class=\"page-title-head hgroup\">\n<div class=\"page-title-head hgroup\">\n<div class=\"b654a4as d2edcug0\">\n<div>\n<div class=\"page-title-head hgroup\">\n<div class=\"page-title-head hgroup\">\n<div class=\"page-title-head hgroup\">\n<div class=\"page-title-head hgroup\">\n<div class=\"page-title-head hgroup\">\n<div>\n<div>\n<audio class=\"wp-audio-shortcode\" id=\"audio-228583-11\" preload=\"none\" style=\"width: 100%;\" controls=\"controls\"><source type=\"audio\/mpeg\" src=\"https:\/\/www.radiopiu.net\/wordpress\/wp-content\/uploads\/2021\/08\/VIABILITA-3.mp3?_=11\" \/><a href=\"https:\/\/www.radiopiu.net\/wordpress\/wp-content\/uploads\/2021\/08\/VIABILITA-3.mp3\">https:\/\/www.radiopiu.net\/wordpress\/wp-content\/uploads\/2021\/08\/VIABILITA-3.mp3<\/a><\/audio>\n<\/div>\n<div><\/div>\n<div><\/div>\n<div><\/div>\n<\/div>\n<\/div>\n<\/div>\n<\/div>\n<\/div>\n<\/div>\n<\/div>\n<\/div>\n<\/div>\n<\/div>\n<\/div>\n<\/div>\n<\/div>\n<\/div>\n<\/div>\n<\/div>\n<\/div>\n<\/div>\n<div>\n<div>\n<div class=\"page-title-head hgroup\">\n<hr \/>\n<p>&nbsp;<\/p>\n<\/div>\n<\/div>\n<\/div>\n<\/div>\n<\/div>\n<\/div>\n<\/div>\n<\/div>\n<\/div>\n<\/div>\n<\/div>\n<\/div>\n<\/div>\n<\/div>\n<\/div>\n<div>\n<div class=\"page-title-head hgroup\">\n<div class=\"page-title-head hgroup\">\n<div>\n<div class=\"page-title-head hgroup\">\n<div class=\"page-title-head hgroup\">\n<div class=\"b654a4as d2edcug0\">\n<div>\n<div class=\"page-title-head hgroup\" style=\"text-align: left;\">\n<div class=\"page-title-head hgroup\">\n<div dir=\"auto\">\n<p><a class=\"dt-pswp-item pspw-wrap-ready\" href=\"https:\/\/i0.wp.com\/www.radiopiu.net\/wordpress\/wp-content\/uploads\/2018\/09\/WhatsApp-Image-2018-09-20-at-16.04.06.jpeg?ssl=1\" data-dt-img-description=\"\" data-large_image_width=\"800\" data-large_image_height=\"100\"><img loading=\"lazy\" decoding=\"async\" class=\"aligncenter wp-image-61378 size-full jetpack-lazy-image jetpack-lazy-image--handled\" src=\"https:\/\/i0.wp.com\/www.radiopiu.net\/wordpress\/wp-content\/uploads\/2018\/09\/WhatsApp-Image-2018-09-20-at-16.04.06.jpeg?resize=800%2C100&amp;ssl=1\" sizes=\"auto, (max-width: 800px) 100vw, 800px\" srcset=\"https:\/\/i0.wp.com\/www.radiopiu.net\/wordpress\/wp-content\/uploads\/2018\/09\/WhatsApp-Image-2018-09-20-at-16.04.06.jpeg?w=800&amp;ssl=1 800w, https:\/\/i0.wp.com\/www.radiopiu.net\/wordpress\/wp-content\/uploads\/2018\/09\/WhatsApp-Image-2018-09-20-at-16.04.06.jpeg?resize=300%2C38&amp;ssl=1 300w, https:\/\/i0.wp.com\/www.radiopiu.net\/wordpress\/wp-content\/uploads\/2018\/09\/WhatsApp-Image-2018-09-20-at-16.04.06.jpeg?resize=768%2C96&amp;ssl=1 768w\" alt=\"\" width=\"800\" height=\"100\" data-lazy-loaded=\"1\" \/><\/a><\/p>\n<\/div>\n<\/div>\n<\/div>\n<\/div>\n<\/div>\n<\/div>\n<\/div>\n<\/div>\n<\/div>\n<\/div>\n<\/div>\n<\/div>\n<\/div>\n<\/div>\n<\/div>\n<\/div>\n<\/div>\n<\/div>\n<\/div>\n<\/div>\n<\/div>\n<\/div>\n<\/div>\n<\/div>\n<\/div>\n<\/div>\n<\/div>\n<\/div>\n<p>&nbsp;<\/p>\n<p><center><b>Sabato 21<\/b><\/center><b>Tempo atteso: <\/b>Giornata stabile e ben soleggiata specie al mattino con cielo generalmente sereno soprattutto in quota, salvo qualche temporanea nube bassa in alcune valli fino all&#8217;alba. Lieve attivit\u00e0 cumuliforme nelle ore pi\u00f9 calde con nubi perlopi\u00f9 concentrate in prossimit\u00e0 delle vette.<br \/>\n<b>Precipitazioni: <\/b>Assenti (0%).<br \/>\n<b>Temperature: <\/b>Minime in lieve calo, massime in aumento su valori tipicamente estivi e superiori alla norma di qualche grado. Su Prealpi a 1500 m min 10\u00b0C, max 18\u00b0C; a 2000 m min 7\u00b0C, max 15\u00b0C. Su Dolomiti a 2000 m min 7\u00b0C, max 16\u00b0C; a 3000 m min 2\u00b0C, max 7\u00b0C.<br \/>\n<b>Venti: <\/b>Nelle valli perlopi\u00f9 deboli a regime di brezza, localmente, a tratti moderati nei settori solitamente pi\u00f9 ventilati; in quota in prevalenza deboli dai quadranti occidentali, a 5-10 km\/h a 2000 m, a 10-15 km\/h a 3000 m.<\/p>\n<hr \/>\n<p><center><b>Domenica 22<\/b><\/center><b>Tempo atteso: <\/b>Altra mattinata tardo-estiva abbastanza soleggiata, specie sulle Prealpi, mentre sulle Dolomiti la nuvolosit\u00e0 sar\u00e0 un po&#8217; pi\u00f9 presente, con alternanza di annuvolamenti e di parziali schiarite. Dalle ore centrali tempo pi\u00f9 variabile e pi\u00f9 nuvoloso rispetto ai giorni precedenti, con ulteriore intensificazione della nuvolosit\u00e0 nel corso del pomeriggio per l&#8217;arrivo di nuvolosit\u00e0 da nord-ovest, associata a fenomeni inizialmente locali, tendenti a divenire sparsi e poi diffusi.<br \/>\n<b>Precipitazioni: <\/b>Al mattino assenti (0%); aumento della probabilit\u00e0 nel corso del pomeriggio, fino a medio-alta (50-75%), per precipitazioni a carattere di rovescio o di temporale; dapprima interesseranno le Dolomiti, poi anche anche le Prealpi nel tardo pomeriggio\/sera.<br \/>\n<b>Temperature: <\/b>In ulteriore lieve o contenuto rialzo, di qualche grado superiori alle medie del periodo. Su Prealpi a 1500 m min 12\u00b0C, max 19\u00b0C; a 2000 m min 9\u00b0C, max 15\u00b0C. Su Dolomiti a 2000 m min 9\u00b0C, max 15\u00b0C; a 3000 m min 3\u00b0C, max 8\u00b0C.<br \/>\n<b>Venti: <\/b>Nelle valli a regime di brezza con qualche eventuale rinforzo in caso di temporale, in quota inizialmente deboli da ovest, nord-ovest, tendenti a divenire moderati anche tesi da sud-ovest da met\u00e0 giornata, a 15-30 km\/h a 2000 m, a 30-40 km\/h a 3000 m.<\/p>\n<hr \/>\n<p><center><b>Lunedi 23<\/b><\/center>Giornata all&#8217;insegna del tempo variabile a tratti instabile, con probabili precipitazioni specie dalle ore centrali a carattere di rovescio o di temporale. Temperature in diminuzione, specie le massime con le minime raggiunte a fine giornata, su valori prossimi o di qualche grado inferiori alle medie del periodo. Venti in quota moderati\/tesi dai quadranti occidentali.<\/p>\n<hr \/>\n<p><center><b>Martedi 24<\/b><\/center>Giornata caratterizzata da tempo variabile; al mattino tempo in parte soleggiato per modesti annuvolamenti irregolari in graduale intensificazione nel corso della giornata associati a possibili fenomeni pomeridiani pi\u00f9 probabili sulle Dolomiti. Schiarite in serata. Temperature in ulteriore lieve calo. Previsore: M.Padoan<\/p>\n<p>&nbsp;<\/p>\n<div class=\"mkdf-post-text\">\n<div class=\"mkdf-post-text-inner\">\n<hr \/>\n<p>&nbsp;<\/p>\n<p><img loading=\"lazy\" decoding=\"async\" class=\"wp-image-60761 size-full aligncenter\" src=\"https:\/\/www.radiopiu.net\/wordpress\/wp-content\/uploads\/2018\/09\/sport.jpg\" alt=\"\" width=\"800\" height=\"100\" srcset=\"https:\/\/www.radiopiu.net\/wordpress\/wp-content\/uploads\/2018\/09\/sport.jpg 800w, https:\/\/www.radiopiu.net\/wordpress\/wp-content\/uploads\/2018\/09\/sport-300x38.jpg 300w, https:\/\/www.radiopiu.net\/wordpress\/wp-content\/uploads\/2018\/09\/sport-768x96.jpg 768w\" sizes=\"auto, (max-width: 800px) 100vw, 800px\" \/><\/p>\n<p>&nbsp;<\/p>\n<blockquote>\n<h3>L&#8217;ALLEGHE SUPERA IL FASSA NELLA PRIMA AMICHEVOLE PRE STAGIONALE<\/h3>\n<\/blockquote>\n<p><strong><a href=\"https:\/\/www.radiopiu.net\/wordpress\/il-calendario-ufficiale-dellitalian-hockey-league\/logo-alleghe-hockey\/\" rel=\"attachment wp-att-95699\"><img loading=\"lazy\" decoding=\"async\" class=\" wp-image-95699 alignleft\" src=\"https:\/\/www.radiopiu.net\/wordpress\/wp-content\/uploads\/2019\/08\/logo-alleghe-hockey-300x281.png\" alt=\"\" width=\"149\" height=\"140\" srcset=\"https:\/\/www.radiopiu.net\/wordpress\/wp-content\/uploads\/2019\/08\/logo-alleghe-hockey-300x281.png 300w, https:\/\/www.radiopiu.net\/wordpress\/wp-content\/uploads\/2019\/08\/logo-alleghe-hockey.png 547w\" sizes=\"auto, (max-width: 149px) 100vw, 149px\" \/><\/a>ALLEGHE<\/strong> Buona la prima per le civette che allo stadio Alvise De Toni incamera la prima vittoria pre stagionale nell&#8217;amichevole con il Fassa. Un match equilibrato quello giocato davanti a quasi 350 spettatori incuriositi di vedere la nuova formazione allenata da Alessandro Fontana. Prima frazione di gioco che termina 1 a 1, secondo tempo con gli alleghesi che fanno la voce grossa calando un poker e terzo drittel a favore della squadra ospite che riesce a pareggiare i conti. A decidere la vincitrice del test pre campionato i tiri di rigore con l&#8217;unica rete segnata dalle civette a firma di Loris De Val. Ora continua la preparazione per l&#8217;Alleghe Hockey che ha a disposizione ancora 4 settimane per allenarsi al meglio prima del via al campionato IHL che inizier\u00e0 il 18 settembre.<\/p>\n<p>&nbsp;<\/p>\n<hr \/>\n<p>&nbsp;<\/p>\n<p>&nbsp;<\/p>\n<blockquote>\n<h3>IL 4 SETTEMBRE LA &#8220;VA PIAN MA RIVA&#8221; A VOLTAGO, IN MEMORIA DI ALAN SCUSSEL<\/h3>\n<\/blockquote>\n<p><strong><a href=\"https:\/\/www.radiopiu.net\/wordpress\/il-4-settembre-la-va-pian-ma-riva-a-voltago-in-memoria-di-alan-scussel\/schermata-2021-08-21-alle-00-24-41\/\" rel=\"attachment wp-att-228765\"><img loading=\"lazy\" decoding=\"async\" class=\" wp-image-228765 alignleft\" src=\"https:\/\/www.radiopiu.net\/wordpress\/wp-content\/uploads\/2021\/08\/Schermata-2021-08-21-alle-00.24.41-300x278.png\" alt=\"\" width=\"186\" height=\"172\" srcset=\"https:\/\/www.radiopiu.net\/wordpress\/wp-content\/uploads\/2021\/08\/Schermata-2021-08-21-alle-00.24.41-300x278.png 300w, https:\/\/www.radiopiu.net\/wordpress\/wp-content\/uploads\/2021\/08\/Schermata-2021-08-21-alle-00.24.41-1024x948.png 1024w, https:\/\/www.radiopiu.net\/wordpress\/wp-content\/uploads\/2021\/08\/Schermata-2021-08-21-alle-00.24.41-768x711.png 768w, https:\/\/www.radiopiu.net\/wordpress\/wp-content\/uploads\/2021\/08\/Schermata-2021-08-21-alle-00.24.41.png 1242w\" sizes=\"auto, (max-width: 186px) 100vw, 186px\" \/><\/a>VOLTAGO<\/strong><\/p>\n<p>di Gianni Santomaso<\/p>\n<audio class=\"wp-audio-shortcode\" id=\"audio-228583-12\" preload=\"none\" style=\"width: 100%;\" controls=\"controls\"><source type=\"audio\/mpeg\" src=\"https:\/\/www.radiopiu.net\/wordpress\/wp-content\/uploads\/2021\/08\/GIANNI-VA-PIAN-MA-RIVA.mp3?_=12\" \/><a href=\"https:\/\/www.radiopiu.net\/wordpress\/wp-content\/uploads\/2021\/08\/GIANNI-VA-PIAN-MA-RIVA.mp3\">https:\/\/www.radiopiu.net\/wordpress\/wp-content\/uploads\/2021\/08\/GIANNI-VA-PIAN-MA-RIVA.mp3<\/a><\/audio>\n\n\t\t\t<style type='text\/css'>\n\t\t\t\t#gallery-7 {\n\t\t\t\t\tmargin: auto;\n\t\t\t\t}\n\t\t\t\t#gallery-7 .gallery-item {\n\t\t\t\t\tfloat: left;\n\t\t\t\t\tmargin-top: 10px;\n\t\t\t\t\ttext-align: center;\n\t\t\t\t\twidth: 50%;\n\t\t\t\t}\n\t\t\t\t#gallery-7 img {\n\t\t\t\t\tborder: 2px solid #cfcfcf;\n\t\t\t\t}\n\t\t\t\t#gallery-7 .gallery-caption {\n\t\t\t\t\tmargin-left: 0;\n\t\t\t\t}\n\t\t\t\t\/* see gallery_shortcode() in wp-includes\/media.php *\/\n\t\t\t<\/style>\n\t\t<div id='gallery-7' class='dt-gallery-container gallery galleryid-228583 gallery-columns-2 gallery-size-medium'><dl class='gallery-item'>\n\t\t\t\t<dt class='gallery-icon portrait'>\n\t\t\t\t\t<a class=\"rollover rollover-zoom dt-pswp-item\" title=\"th\" data-dt-img-description=\"\" data-large_image_width=\"226\" data-large_image_height=\"300\"href='https:\/\/www.radiopiu.net\/wordpress\/wp-content\/uploads\/2021\/08\/th-4.jpg'><img loading=\"lazy\" decoding=\"async\" width=\"226\" height=\"300\" src=\"https:\/\/www.radiopiu.net\/wordpress\/wp-content\/uploads\/2021\/08\/th-4.jpg\" class=\"attachment-medium size-medium\" alt=\"\" \/><\/a>\n\t\t\t\t<\/dt><\/dl><dl class='gallery-item'>\n\t\t\t\t<dt class='gallery-icon landscape'>\n\t\t\t\t\t<a class=\"rollover rollover-zoom dt-pswp-item\" title=\"th\" data-dt-img-description=\"\" data-large_image_width=\"303\" data-large_image_height=\"171\"href='https:\/\/www.radiopiu.net\/wordpress\/wp-content\/uploads\/2021\/08\/th-5.jpg'><img loading=\"lazy\" decoding=\"async\" width=\"300\" height=\"169\" src=\"https:\/\/www.radiopiu.net\/wordpress\/wp-content\/uploads\/2021\/08\/th-5-300x169.jpg\" class=\"attachment-medium size-medium\" alt=\"\" srcset=\"https:\/\/www.radiopiu.net\/wordpress\/wp-content\/uploads\/2021\/08\/th-5-300x169.jpg 300w, https:\/\/www.radiopiu.net\/wordpress\/wp-content\/uploads\/2021\/08\/th-5.jpg 303w\" sizes=\"auto, (max-width: 300px) 100vw, 300px\" \/><\/a>\n\t\t\t\t<\/dt><\/dl><br style=\"clear: both\" \/>\n\t\t\t<\/div>\n\n<p>&nbsp;<\/p>\n<hr \/>\n<p>&nbsp;<\/p>\n<h3><\/h3>\n<h2><strong><a href=\"https:\/\/www.radiopiu.net\/wordpress\/giornale-radiopiu-14-febbraio-2021-direttore-mirko-mezzacasa\/renzo-minella-10\/\" rel=\"attachment wp-att-191135\"><img loading=\"lazy\" decoding=\"async\" class=\"size-medium wp-image-191135 alignleft\" src=\"https:\/\/www.radiopiu.net\/wordpress\/wp-content\/uploads\/2021\/02\/RENZO-MINELLA-300x200.jpg\" alt=\"\" width=\"300\" height=\"200\" srcset=\"https:\/\/www.radiopiu.net\/wordpress\/wp-content\/uploads\/2021\/02\/RENZO-MINELLA-300x200.jpg 300w, https:\/\/www.radiopiu.net\/wordpress\/wp-content\/uploads\/2021\/02\/RENZO-MINELLA-768x512.jpg 768w, https:\/\/www.radiopiu.net\/wordpress\/wp-content\/uploads\/2021\/02\/RENZO-MINELLA.jpg 1024w\" sizes=\"auto, (max-width: 300px) 100vw, 300px\" \/><\/a><\/strong><span style=\"color: #993300;\">L&#8217;ARRIVO DELL&#8217;UMANA REYER A FALCADE<\/span><\/h2>\n<p><strong>di Claudio Fontanive<\/strong><\/p>\n<p>OSPITE: Renzo Minella, responsabile marketing Ski Area San Pellegrino<\/p>\n<audio class=\"wp-audio-shortcode\" id=\"audio-228583-13\" preload=\"none\" style=\"width: 100%;\" controls=\"controls\"><source type=\"audio\/mpeg\" src=\"https:\/\/www.radiopiu.net\/wordpress\/wp-content\/uploads\/2021\/08\/renzo-minella-19-agosto.mp3?_=13\" \/><a href=\"https:\/\/www.radiopiu.net\/wordpress\/wp-content\/uploads\/2021\/08\/renzo-minella-19-agosto.mp3\">https:\/\/www.radiopiu.net\/wordpress\/wp-content\/uploads\/2021\/08\/renzo-minella-19-agosto.mp3<\/a><\/audio>\n<p>&nbsp;<\/p>\n<p>&nbsp;<\/p>\n<\/div>\n<\/div>\n<\/div>\n<\/div>\n<\/div>\n<\/div>\n<\/div>\n<\/div>\n<\/div>\n<\/div>\n<\/div>\n<\/div>\n<\/div>\n<\/div>\n<\/div>\n<\/div>\n<\/div>\n<\/div>\n<\/div>\n<\/div>\n<\/div>\n<\/div>\n<\/div>\n<\/div>\n<\/div>","protected":false},"excerpt":{"rendered":"<p>COMPRIAMO UNA MACCHINA ATTREZZATA PER RICCARDO SOSPIROLO\u00a0Radio Pi\u00f9 appoggia l\u2019iniziativa di\u00a0 Agostino Tegner il pap\u00e0 di Riccardo, poche parole le sue ma piene di significato\u00a0\u201cIo e mia moglie stiamo invecchiando e non riusciamo pi\u00f9\u00a0a trasportare come si deve il nostro ragazzo, che necessita di una macchina attrezzata con un piano ribassato con pedana\u201d. Per questo&hellip;<\/p>\n","protected":false},"author":4,"featured_media":228791,"comment_status":"closed","ping_status":"open","sticky":false,"template":"","format":"standard","meta":{"_monsterinsights_skip_tracking":false,"_monsterinsights_sitenote_active":false,"_monsterinsights_sitenote_note":"","_monsterinsights_sitenote_category":0,"footnotes":""},"categories":[1,51,86,49],"tags":[],"class_list":["post-228583","post","type-post","status-publish","format-standard","has-post-thumbnail","hentry","category-senza-categoria","category-evidenza-top","category-gr","category-news-18","category-1","category-51","category-86","category-49","description-off"],"img_url":"https:\/\/www.radiopiu.net\/wordpress\/wp-content\/uploads\/2021\/08\/087f3d8a-25fb-4b69-8a28-e5d6b45a0b58.jpg","_links":{"self":[{"href":"https:\/\/www.radiopiu.net\/wordpress\/wp-json\/wp\/v2\/posts\/228583","targetHints":{"allow":["GET"]}}],"collection":[{"href":"https:\/\/www.radiopiu.net\/wordpress\/wp-json\/wp\/v2\/posts"}],"about":[{"href":"https:\/\/www.radiopiu.net\/wordpress\/wp-json\/wp\/v2\/types\/post"}],"author":[{"embeddable":true,"href":"https:\/\/www.radiopiu.net\/wordpress\/wp-json\/wp\/v2\/users\/4"}],"replies":[{"embeddable":true,"href":"https:\/\/www.radiopiu.net\/wordpress\/wp-json\/wp\/v2\/comments?post=228583"}],"version-history":[{"count":0,"href":"https:\/\/www.radiopiu.net\/wordpress\/wp-json\/wp\/v2\/posts\/228583\/revisions"}],"wp:featuredmedia":[{"embeddable":true,"href":"https:\/\/www.radiopiu.net\/wordpress\/wp-json\/wp\/v2\/media\/228791"}],"wp:attachment":[{"href":"https:\/\/www.radiopiu.net\/wordpress\/wp-json\/wp\/v2\/media?parent=228583"}],"wp:term":[{"taxonomy":"category","embeddable":true,"href":"https:\/\/www.radiopiu.net\/wordpress\/wp-json\/wp\/v2\/categories?post=228583"},{"taxonomy":"post_tag","embeddable":true,"href":"https:\/\/www.radiopiu.net\/wordpress\/wp-json\/wp\/v2\/tags?post=228583"}],"curies":[{"name":"wp","href":"https:\/\/api.w.org\/{rel}","templated":true}]}}