{"id":228711,"date":"2021-08-21T05:30:51","date_gmt":"2021-08-21T03:30:51","guid":{"rendered":"https:\/\/www.radiopiu.net\/wordpress\/?p=228711"},"modified":"2021-08-21T06:05:33","modified_gmt":"2021-08-21T04:05:33","slug":"accesso-alla-mensa-per-i-dipendenti-luxottica-solo-con-green-pass","status":"publish","type":"post","link":"https:\/\/www.radiopiu.net\/wordpress\/accesso-alla-mensa-per-i-dipendenti-luxottica-solo-con-green-pass\/","title":{"rendered":"ACCESSO ALLA  MENSA PER I DIPENDENTI LUXOTTICA SOLO CON GREEN PASS"},"content":{"rendered":"<p><strong><a href=\"https:\/\/www.radiopiu.net\/wordpress\/giornale-radiopiu-01-agosto-2020-direttore-mirko-mezzacasa\/814ace46-a8a2-4c2d-a100-4d87aa509ef3\/\" rel=\"attachment wp-att-152483\"><img loading=\"lazy\" decoding=\"async\" class=\"size-medium wp-image-152483 alignleft\" src=\"https:\/\/www.radiopiu.net\/wordpress\/wp-content\/uploads\/2020\/07\/814ace46-a8a2-4c2d-a100-4d87aa509ef3-300x225.jpg\" alt=\"\" width=\"300\" height=\"225\" srcset=\"https:\/\/www.radiopiu.net\/wordpress\/wp-content\/uploads\/2020\/07\/814ace46-a8a2-4c2d-a100-4d87aa509ef3-300x225.jpg 300w, https:\/\/www.radiopiu.net\/wordpress\/wp-content\/uploads\/2020\/07\/814ace46-a8a2-4c2d-a100-4d87aa509ef3-1024x768.jpg 1024w, https:\/\/www.radiopiu.net\/wordpress\/wp-content\/uploads\/2020\/07\/814ace46-a8a2-4c2d-a100-4d87aa509ef3-768x576.jpg 768w, https:\/\/www.radiopiu.net\/wordpress\/wp-content\/uploads\/2020\/07\/814ace46-a8a2-4c2d-a100-4d87aa509ef3-1536x1152.jpg 1536w, https:\/\/www.radiopiu.net\/wordpress\/wp-content\/uploads\/2020\/07\/814ace46-a8a2-4c2d-a100-4d87aa509ef3.jpg 1560w\" sizes=\"auto, (max-width: 300px) 100vw, 300px\" \/><\/a>AGORDO<\/strong> Anche Luxottica si adegua alle nuove disposizioni governative e a partire da luned\u00ec 23 agosto l&#8217;accesso alla mensa aziendale sar\u00e0 consentito solo a coloro che presenteranno la certificazione verde Covid-19 (Green Pass). A partire da luned\u00ec quindi, all&#8217;ingresso della mensa, le maestranze dovranno esibire il QR Code personale per poter accedere all&#8217;area e mangiare sui tavolini. Per coloro che non sono ancora provvisti della certificazione e per dare modo a tutti di completare le procedure per ottenerla, Luxottica ha pensato ad un servizio Lunch-Box. Infatti coloro che non hanno il Green Pass potranno trovare informazioni all&#8217;ingresso degli stabilimenti dove il personale della mensa raccoglier\u00e0 anche le prenotazioni per il pranzo da ritirare e consumare all&#8217;esterno dei locali aziendali. Data la novit\u00e0 delle nuove misure, Luxottica manterr\u00e0 aperti i confronti con le parti sociali. Luxottica sostiene la campagna nazionale di vaccinazione anti-covid e continua a seguire con attenzione il quadro normativo e del dibattito pubblico per adeguare le misure di prevenzione.<\/p>\n<p>&nbsp;<\/p>\n<p>&nbsp;<\/p>\n<p>&nbsp;<\/p>\n<p>*****<\/p>\n","protected":false},"excerpt":{"rendered":"<p>AGORDO Anche Luxottica si adegua alle nuove disposizioni governative e a partire da luned\u00ec 23 agosto l&#8217;accesso alla mensa aziendale sar\u00e0 consentito solo a coloro che presenteranno la certificazione verde Covid-19 (Green Pass). A partire da luned\u00ec quindi, all&#8217;ingresso della mensa, le maestranze dovranno esibire il QR Code personale per poter accedere all&#8217;area e mangiare&hellip;<\/p>\n","protected":false},"author":4,"featured_media":124025,"comment_status":"closed","ping_status":"open","sticky":false,"template":"","format":"standard","meta":{"_monsterinsights_skip_tracking":false,"_monsterinsights_sitenote_active":false,"_monsterinsights_sitenote_note":"","_monsterinsights_sitenote_category":0,"footnotes":""},"categories":[1,104,49],"tags":[],"class_list":["post-228711","post","type-post","status-publish","format-standard","has-post-thumbnail","hentry","category-senza-categoria","category-evidenza_3","category-news-18","category-1","category-104","category-49","description-off"],"img_url":"https:\/\/www.radiopiu.net\/wordpress\/wp-content\/uploads\/2020\/03\/NOVITA-LUXOTTICA.jpg","_links":{"self":[{"href":"https:\/\/www.radiopiu.net\/wordpress\/wp-json\/wp\/v2\/posts\/228711","targetHints":{"allow":["GET"]}}],"collection":[{"href":"https:\/\/www.radiopiu.net\/wordpress\/wp-json\/wp\/v2\/posts"}],"about":[{"href":"https:\/\/www.radiopiu.net\/wordpress\/wp-json\/wp\/v2\/types\/post"}],"author":[{"embeddable":true,"href":"https:\/\/www.radiopiu.net\/wordpress\/wp-json\/wp\/v2\/users\/4"}],"replies":[{"embeddable":true,"href":"https:\/\/www.radiopiu.net\/wordpress\/wp-json\/wp\/v2\/comments?post=228711"}],"version-history":[{"count":0,"href":"https:\/\/www.radiopiu.net\/wordpress\/wp-json\/wp\/v2\/posts\/228711\/revisions"}],"wp:featuredmedia":[{"embeddable":true,"href":"https:\/\/www.radiopiu.net\/wordpress\/wp-json\/wp\/v2\/media\/124025"}],"wp:attachment":[{"href":"https:\/\/www.radiopiu.net\/wordpress\/wp-json\/wp\/v2\/media?parent=228711"}],"wp:term":[{"taxonomy":"category","embeddable":true,"href":"https:\/\/www.radiopiu.net\/wordpress\/wp-json\/wp\/v2\/categories?post=228711"},{"taxonomy":"post_tag","embeddable":true,"href":"https:\/\/www.radiopiu.net\/wordpress\/wp-json\/wp\/v2\/tags?post=228711"}],"curies":[{"name":"wp","href":"https:\/\/api.w.org\/{rel}","templated":true}]}}