{"id":228713,"date":"2021-08-21T05:54:46","date_gmt":"2021-08-21T03:54:46","guid":{"rendered":"https:\/\/www.radiopiu.net\/wordpress\/?p=228713"},"modified":"2021-08-21T06:06:01","modified_gmt":"2021-08-21T04:06:01","slug":"recuperati-sul-coldai-due-escursionisti-uno-di-loro-si-era-infortunato","status":"publish","type":"post","link":"https:\/\/www.radiopiu.net\/wordpress\/recuperati-sul-coldai-due-escursionisti-uno-di-loro-si-era-infortunato\/","title":{"rendered":"RECUPERATI SUL COLDAI DUE ESCURSIONISTI, UNO DI LORO SI ERA INFORTUNATO"},"content":{"rendered":"<p><strong><a href=\"https:\/\/www.radiopiu.net\/wordpress\/giornale-radiopiu-19-agosto-2021-direttore-mirko-mezzacasa\/salt-2\/\" rel=\"attachment wp-att-228368\"><img loading=\"lazy\" decoding=\"async\" class=\" wp-image-228368 alignleft\" src=\"https:\/\/www.radiopiu.net\/wordpress\/wp-content\/uploads\/2021\/08\/salt-2-300x225.jpg\" alt=\"\" width=\"125\" height=\"94\" srcset=\"https:\/\/www.radiopiu.net\/wordpress\/wp-content\/uploads\/2021\/08\/salt-2-300x225.jpg 300w, https:\/\/www.radiopiu.net\/wordpress\/wp-content\/uploads\/2021\/08\/salt-2-1024x768.jpg 1024w, https:\/\/www.radiopiu.net\/wordpress\/wp-content\/uploads\/2021\/08\/salt-2-768x576.jpg 768w, https:\/\/www.radiopiu.net\/wordpress\/wp-content\/uploads\/2021\/08\/salt-2.jpg 1080w\" sizes=\"auto, (max-width: 125px) 100vw, 125px\" \/><\/a>ALLEGHE<\/strong> Attorno a mezzogiorno l&#8217;elicottero del Suem di Pieve di Cadore \u00e8 decollato in direzione del Lago del Coldai, poich\u00e9 un escursionista spagnolo di 37 anni si era procurato un taglio al ginocchio e non era pi\u00f9 in grado di proseguire. Sbarcati in hovering \u00e9quipe\u00a0 medica e tecnico di elisoccorso, all&#8217;infortunato sono state prestate le prime cure. L&#8217;uomo \u00e8 stato poi recuperato con un verricello di 10 metri e trasportato all&#8217;ospedale di Agordo. Caricata a bordo anche la sua compagna.<\/p>\n<p>&nbsp;<\/p>\n<p>&nbsp;<\/p>\n<p>&nbsp;<\/p>\n<p>&nbsp;<\/p>\n<p>****<\/p>\n","protected":false},"excerpt":{"rendered":"<p>ALLEGHE Attorno a mezzogiorno l&#8217;elicottero del Suem di Pieve di Cadore \u00e8 decollato in direzione del Lago del Coldai, poich\u00e9 un escursionista spagnolo di 37 anni si era procurato un taglio al ginocchio e non era pi\u00f9 in grado di proseguire. Sbarcati in hovering \u00e9quipe\u00a0 medica e tecnico di elisoccorso, all&#8217;infortunato sono state prestate le&hellip;<\/p>\n","protected":false},"author":4,"featured_media":228368,"comment_status":"closed","ping_status":"open","sticky":false,"template":"","format":"standard","meta":{"_monsterinsights_skip_tracking":false,"_monsterinsights_sitenote_active":false,"_monsterinsights_sitenote_note":"","_monsterinsights_sitenote_category":0,"footnotes":""},"categories":[51,49],"tags":[],"class_list":["post-228713","post","type-post","status-publish","format-standard","has-post-thumbnail","hentry","category-evidenza-top","category-news-18","category-51","category-49","description-off"],"img_url":"https:\/\/www.radiopiu.net\/wordpress\/wp-content\/uploads\/2021\/08\/salt-2.jpg","_links":{"self":[{"href":"https:\/\/www.radiopiu.net\/wordpress\/wp-json\/wp\/v2\/posts\/228713","targetHints":{"allow":["GET"]}}],"collection":[{"href":"https:\/\/www.radiopiu.net\/wordpress\/wp-json\/wp\/v2\/posts"}],"about":[{"href":"https:\/\/www.radiopiu.net\/wordpress\/wp-json\/wp\/v2\/types\/post"}],"author":[{"embeddable":true,"href":"https:\/\/www.radiopiu.net\/wordpress\/wp-json\/wp\/v2\/users\/4"}],"replies":[{"embeddable":true,"href":"https:\/\/www.radiopiu.net\/wordpress\/wp-json\/wp\/v2\/comments?post=228713"}],"version-history":[{"count":0,"href":"https:\/\/www.radiopiu.net\/wordpress\/wp-json\/wp\/v2\/posts\/228713\/revisions"}],"wp:featuredmedia":[{"embeddable":true,"href":"https:\/\/www.radiopiu.net\/wordpress\/wp-json\/wp\/v2\/media\/228368"}],"wp:attachment":[{"href":"https:\/\/www.radiopiu.net\/wordpress\/wp-json\/wp\/v2\/media?parent=228713"}],"wp:term":[{"taxonomy":"category","embeddable":true,"href":"https:\/\/www.radiopiu.net\/wordpress\/wp-json\/wp\/v2\/categories?post=228713"},{"taxonomy":"post_tag","embeddable":true,"href":"https:\/\/www.radiopiu.net\/wordpress\/wp-json\/wp\/v2\/tags?post=228713"}],"curies":[{"name":"wp","href":"https:\/\/api.w.org\/{rel}","templated":true}]}}