{"id":228723,"date":"2021-08-20T17:17:19","date_gmt":"2021-08-20T15:17:19","guid":{"rendered":"https:\/\/www.radiopiu.net\/wordpress\/?p=228723"},"modified":"2021-08-20T17:17:21","modified_gmt":"2021-08-20T15:17:21","slug":"la-lega-di-belluno-ricorda-paolo-saviane","status":"publish","type":"post","link":"https:\/\/www.radiopiu.net\/wordpress\/la-lega-di-belluno-ricorda-paolo-saviane\/","title":{"rendered":"LA LEGA DI BELLUNO RICORDA PAOLO SAVIANE"},"content":{"rendered":"<p><strong><a href=\"https:\/\/www.radiopiu.net\/wordpress\/la-lega-di-belluno-ricorda-paolo-saviane\/saviane-12\/\" rel=\"attachment wp-att-228730\"><img loading=\"lazy\" decoding=\"async\" class=\"size-medium wp-image-228730 alignleft\" src=\"https:\/\/www.radiopiu.net\/wordpress\/wp-content\/uploads\/2021\/08\/Saviane-300x251.jpeg\" alt=\"\" width=\"300\" height=\"251\" srcset=\"https:\/\/www.radiopiu.net\/wordpress\/wp-content\/uploads\/2021\/08\/Saviane-300x251.jpeg 300w, https:\/\/www.radiopiu.net\/wordpress\/wp-content\/uploads\/2021\/08\/Saviane-768x643.jpeg 768w, https:\/\/www.radiopiu.net\/wordpress\/wp-content\/uploads\/2021\/08\/Saviane.jpeg 960w\" sizes=\"auto, (max-width: 300px) 100vw, 300px\" \/><\/a>BELLUNO <\/strong>La Lega piange Paolo Saviane. Il senatore bellunese si \u00e8 spento questa mattina all&#8217;ospedale di Padova dove era ricoverato da qualche giorno, lasciando nel dolore la famiglia e tutto il gruppo del partito bellunese e non solo, che con lui ha condiviso decenni di militanza e di battaglie per il territorio. Saviane, classe 1962 nativo di Ponte nelle Alpi ma residente in Alpago, militava da anni nel partito. Era il 1995 quando ha corso alle comunali in Alpago come candidato sindaco ed \u00e8 stato uno dei principali fautori della costituzione della sezione Lega dell&#8217;Alpago, territorio che amava. Dal 2009 al 2015 \u00e8 stato consigliere di amministrazione all&#8217;Ater di Belluno e nel 2015 \u00e8 stato eletto segretario provinciale del partito che ha retto fino al 2018 quando \u00e8 diventato senatore. Con il salto a Roma ha portato nella Capitale la voce e i problemi della montagna, le sue necessit\u00e0, il dramma dello spopolamento e di un&#8217;economia che, se non aiutata, fatica. Da giugno 2018 a ottobre 2019, inoltre, \u00e8 stato presidente del Comitato paritetico del Fondo comuni confinanti Imprenditore nel settore del legno, era tra i soci della segheria F.lli Saviane Pompeo Srl, \u00e8 stato da sempre vicino al mondo delle piccole imprese cercando di portare al Governo quei problemi e quelle difficolt\u00e0 che appesantiscono il lavoro delle aziende nelle terre alte. Tra le sue ultime battaglie, quella per la costituzione di una Zes \u2013 Zona economica speciale nel Bellunese, strumento individuato come fondamentale per dare respiro ad una provincia difficile e per combattere lo spopolamento, ma non solo. Negli anni si era speso a fianco degli allevatori per cercare con la politica soluzioni in merito alla convivenza con il lupo e porta la sua firma la costituzione del marchio del Legno veneto, un progetto portato avanti da esperto professionista del settore. Con umilt\u00e0 e senza mai alzare i toni difendeva un&#8217;idea di sviluppo del territorio uniforme e che non lasciasse indietro nessuno, per questo sul tema dei fondi di confine era incline ad uno sviluppo strategico di area vasta.<\/p>\n<p><strong>SILVIA CESTARO<\/strong><\/p>\n<audio class=\"wp-audio-shortcode\" id=\"audio-228723-1\" preload=\"none\" style=\"width: 100%;\" controls=\"controls\"><source type=\"audio\/mpeg\" src=\"https:\/\/www.radiopiu.net\/wordpress\/wp-content\/uploads\/2021\/08\/SAVIANE-Silvia-Cestaro.mp3?_=1\" \/><a href=\"https:\/\/www.radiopiu.net\/wordpress\/wp-content\/uploads\/2021\/08\/SAVIANE-Silvia-Cestaro.mp3\">https:\/\/www.radiopiu.net\/wordpress\/wp-content\/uploads\/2021\/08\/SAVIANE-Silvia-Cestaro.mp3<\/a><\/audio>\n<p>&nbsp;<\/p>\n<p><strong>MIRCO BADOLE<\/strong><\/p>\n<audio class=\"wp-audio-shortcode\" id=\"audio-228723-2\" preload=\"none\" style=\"width: 100%;\" controls=\"controls\"><source type=\"audio\/mpeg\" src=\"https:\/\/www.radiopiu.net\/wordpress\/wp-content\/uploads\/2021\/08\/SAVIANE-Mirco-Badole.mp3?_=2\" \/><a href=\"https:\/\/www.radiopiu.net\/wordpress\/wp-content\/uploads\/2021\/08\/SAVIANE-Mirco-Badole.mp3\">https:\/\/www.radiopiu.net\/wordpress\/wp-content\/uploads\/2021\/08\/SAVIANE-Mirco-Badole.mp3<\/a><\/audio>\n<p>&nbsp;<\/p>\n<p><strong>ANDREA DE BERNARDIN<\/strong><\/p>\n<audio class=\"wp-audio-shortcode\" id=\"audio-228723-3\" preload=\"none\" style=\"width: 100%;\" controls=\"controls\"><source type=\"audio\/mpeg\" src=\"https:\/\/www.radiopiu.net\/wordpress\/wp-content\/uploads\/2021\/08\/SAVIANE-Andrea-De-Bernardin.mp3?_=3\" \/><a href=\"https:\/\/www.radiopiu.net\/wordpress\/wp-content\/uploads\/2021\/08\/SAVIANE-Andrea-De-Bernardin.mp3\">https:\/\/www.radiopiu.net\/wordpress\/wp-content\/uploads\/2021\/08\/SAVIANE-Andrea-De-Bernardin.mp3<\/a><\/audio>\n<p>&nbsp;<\/p>\n<p><strong>IL RICORDO DI PAOLO SAVIANE (2 PAGINE)<\/strong><\/p>\n<a href=\"https:\/\/www.radiopiu.net\/wordpress\/wp-content\/uploads\/2021\/08\/Saviane-Il-ricordo.pdf\" class=\"pdfemb-viewer\" style=\"\" data-width=\"max\" data-height=\"max\" data-toolbar=\"top\" data-toolbar-fixed=\"on\">Saviane \u2013 Il ricordo<\/a>\n","protected":false},"excerpt":{"rendered":"<p>BELLUNO La Lega piange Paolo Saviane. Il senatore bellunese si \u00e8 spento questa mattina all&#8217;ospedale di Padova dove era ricoverato da qualche giorno, lasciando nel dolore la famiglia e tutto il gruppo del partito bellunese e non solo, che con lui ha condiviso decenni di militanza e di battaglie per il territorio. Saviane, classe 1962&hellip;<\/p>\n","protected":false},"author":4,"featured_media":228730,"comment_status":"closed","ping_status":"open","sticky":false,"template":"","format":"standard","meta":{"_monsterinsights_skip_tracking":false,"_monsterinsights_sitenote_active":false,"_monsterinsights_sitenote_note":"","_monsterinsights_sitenote_category":0,"footnotes":""},"categories":[1,51,49],"tags":[],"class_list":["post-228723","post","type-post","status-publish","format-standard","has-post-thumbnail","hentry","category-senza-categoria","category-evidenza-top","category-news-18","category-1","category-51","category-49","description-off"],"img_url":"https:\/\/www.radiopiu.net\/wordpress\/wp-content\/uploads\/2021\/08\/Saviane.jpeg","_links":{"self":[{"href":"https:\/\/www.radiopiu.net\/wordpress\/wp-json\/wp\/v2\/posts\/228723","targetHints":{"allow":["GET"]}}],"collection":[{"href":"https:\/\/www.radiopiu.net\/wordpress\/wp-json\/wp\/v2\/posts"}],"about":[{"href":"https:\/\/www.radiopiu.net\/wordpress\/wp-json\/wp\/v2\/types\/post"}],"author":[{"embeddable":true,"href":"https:\/\/www.radiopiu.net\/wordpress\/wp-json\/wp\/v2\/users\/4"}],"replies":[{"embeddable":true,"href":"https:\/\/www.radiopiu.net\/wordpress\/wp-json\/wp\/v2\/comments?post=228723"}],"version-history":[{"count":0,"href":"https:\/\/www.radiopiu.net\/wordpress\/wp-json\/wp\/v2\/posts\/228723\/revisions"}],"wp:featuredmedia":[{"embeddable":true,"href":"https:\/\/www.radiopiu.net\/wordpress\/wp-json\/wp\/v2\/media\/228730"}],"wp:attachment":[{"href":"https:\/\/www.radiopiu.net\/wordpress\/wp-json\/wp\/v2\/media?parent=228723"}],"wp:term":[{"taxonomy":"category","embeddable":true,"href":"https:\/\/www.radiopiu.net\/wordpress\/wp-json\/wp\/v2\/categories?post=228723"},{"taxonomy":"post_tag","embeddable":true,"href":"https:\/\/www.radiopiu.net\/wordpress\/wp-json\/wp\/v2\/tags?post=228723"}],"curies":[{"name":"wp","href":"https:\/\/api.w.org\/{rel}","templated":true}]}}