{"id":228733,"date":"2021-08-21T05:54:29","date_gmt":"2021-08-21T03:54:29","guid":{"rendered":"https:\/\/www.radiopiu.net\/wordpress\/?p=228733"},"modified":"2021-08-21T06:05:02","modified_gmt":"2021-08-21T04:05:02","slug":"soccorsa-unescursionista-a-forcella-moschesin","status":"publish","type":"post","link":"https:\/\/www.radiopiu.net\/wordpress\/soccorsa-unescursionista-a-forcella-moschesin\/","title":{"rendered":"SOCCORSA UN&#8217;ESCURSIONISTA A FORCELLA MOSCHESIN"},"content":{"rendered":"<p><strong><a href=\"https:\/\/www.radiopiu.net\/wordpress\/malore-per-il-gestore-del-bivacco-casera-cimonega\/salt_20210724_162331_639\/\" rel=\"attachment wp-att-223838\"><img loading=\"lazy\" decoding=\"async\" class=\"size-medium wp-image-223838 alignleft\" src=\"https:\/\/www.radiopiu.net\/wordpress\/wp-content\/uploads\/2021\/07\/salt_20210724_162331_639-300x225.jpg\" alt=\"\" width=\"300\" height=\"225\" srcset=\"https:\/\/www.radiopiu.net\/wordpress\/wp-content\/uploads\/2021\/07\/salt_20210724_162331_639-300x225.jpg 300w, https:\/\/www.radiopiu.net\/wordpress\/wp-content\/uploads\/2021\/07\/salt_20210724_162331_639-1024x768.jpg 1024w, https:\/\/www.radiopiu.net\/wordpress\/wp-content\/uploads\/2021\/07\/salt_20210724_162331_639-768x576.jpg 768w, https:\/\/www.radiopiu.net\/wordpress\/wp-content\/uploads\/2021\/07\/salt_20210724_162331_639.jpg 1280w\" sizes=\"auto, (max-width: 300px) 100vw, 300px\" \/><\/a>LA VALLE\u00a0<\/strong><span style=\"font-family: sans-serif;\">Poco prima delle 13 la Centrale del Suem \u00e8 stata allertata da alcune persone che, da Forcella Moschesin, La Valle Agordina, avevano sentito dei richiami, senza riuscire a indicarne la provenienza, e\u00a0pensavano si trattasse di richieste di aiuto. Dopo aver imbarcato un tecnico del Soccorso alpino di Agordo dal Rifugio Carestiato per guidare l&#8217;equipaggio lungo la sentieristica e le pareti del Castello di Moschesin, l&#8217;elicottero ha effettuato un sorvolo su tutti i sentieri, verificando anche le vie alpinistiche. In parete, una cordata di tre scalatori si stava calando con le doppie e ha subito avvertito di non avere bisogno. Non trovando persone in difficolt\u00e0, l&#8217;eliambulanza \u00e8 rientrata. Atterrato da poco in base, l&#8217;equipaggio \u00e8 salito di nuovo a bordo, quando \u00e8 stato l&#8217;escursionista stesso che aveva lanciato le grida a chiamare il 118, per la compagna, colta da spossatezza e svenimenti. I due erano all&#8217;interno del bosco, avevano visto l&#8217;elicottero, ma non pensavano fosse l\u00ec per loro. Risaliti alle coordinate del punto, l&#8217;elicottero \u00e8 volato nuovamente in direzione di Forcella Moschesin e, sopra Casera della Roa, ha individuato dove far sbarcare in hovering equipe medica e tecnico di elisoccorso, anche grazie alle indicazioni di uno dei tre alpinisti &#8211; che dopo essere scesi si erano imbattuti nella coppia &#8211; uscito dal bosco sul ghiaione per farsi vedere. I soccorritori si sono presi cura di C.M., 27 anni, di Vigodarzere (PD), visibilmente disidratata. La ragazza \u00e8 stata poi recuperata con un verricello di 20 metri e trasportata all&#8217;ospedale di Agordo.<\/span><\/p>\n<p>&nbsp;<\/p>\n<p>&nbsp;<\/p>\n<p>****<\/p>\n","protected":false},"excerpt":{"rendered":"<p>LA VALLE\u00a0Poco prima delle 13 la Centrale del Suem \u00e8 stata allertata da alcune persone che, da Forcella Moschesin, La Valle Agordina, avevano sentito dei richiami, senza riuscire a indicarne la provenienza, e\u00a0pensavano si trattasse di richieste di aiuto. Dopo aver imbarcato un tecnico del Soccorso alpino di Agordo dal Rifugio Carestiato per guidare l&#8217;equipaggio&hellip;<\/p>\n","protected":false},"author":4,"featured_media":223838,"comment_status":"closed","ping_status":"open","sticky":false,"template":"","format":"standard","meta":{"_monsterinsights_skip_tracking":false,"_monsterinsights_sitenote_active":false,"_monsterinsights_sitenote_note":"","_monsterinsights_sitenote_category":0,"footnotes":""},"categories":[51,49],"tags":[],"class_list":["post-228733","post","type-post","status-publish","format-standard","has-post-thumbnail","hentry","category-evidenza-top","category-news-18","category-51","category-49","description-off"],"img_url":"https:\/\/www.radiopiu.net\/wordpress\/wp-content\/uploads\/2021\/07\/salt_20210724_162331_639.jpg","_links":{"self":[{"href":"https:\/\/www.radiopiu.net\/wordpress\/wp-json\/wp\/v2\/posts\/228733","targetHints":{"allow":["GET"]}}],"collection":[{"href":"https:\/\/www.radiopiu.net\/wordpress\/wp-json\/wp\/v2\/posts"}],"about":[{"href":"https:\/\/www.radiopiu.net\/wordpress\/wp-json\/wp\/v2\/types\/post"}],"author":[{"embeddable":true,"href":"https:\/\/www.radiopiu.net\/wordpress\/wp-json\/wp\/v2\/users\/4"}],"replies":[{"embeddable":true,"href":"https:\/\/www.radiopiu.net\/wordpress\/wp-json\/wp\/v2\/comments?post=228733"}],"version-history":[{"count":0,"href":"https:\/\/www.radiopiu.net\/wordpress\/wp-json\/wp\/v2\/posts\/228733\/revisions"}],"wp:featuredmedia":[{"embeddable":true,"href":"https:\/\/www.radiopiu.net\/wordpress\/wp-json\/wp\/v2\/media\/223838"}],"wp:attachment":[{"href":"https:\/\/www.radiopiu.net\/wordpress\/wp-json\/wp\/v2\/media?parent=228733"}],"wp:term":[{"taxonomy":"category","embeddable":true,"href":"https:\/\/www.radiopiu.net\/wordpress\/wp-json\/wp\/v2\/categories?post=228733"},{"taxonomy":"post_tag","embeddable":true,"href":"https:\/\/www.radiopiu.net\/wordpress\/wp-json\/wp\/v2\/tags?post=228733"}],"curies":[{"name":"wp","href":"https:\/\/api.w.org\/{rel}","templated":true}]}}