{"id":228740,"date":"2021-08-22T06:59:13","date_gmt":"2021-08-22T04:59:13","guid":{"rendered":"https:\/\/www.radiopiu.net\/wordpress\/?p=228740"},"modified":"2021-08-23T05:56:05","modified_gmt":"2021-08-23T03:56:05","slug":"giornale-radiopiu-22-agosto-2021-direttore-mirko-mezzacasa","status":"publish","type":"post","link":"https:\/\/www.radiopiu.net\/wordpress\/giornale-radiopiu-22-agosto-2021-direttore-mirko-mezzacasa\/","title":{"rendered":"GIORNALE RADIOPIU 22 AGOSTO 2021 DIRETTORE MIRKO MEZZACASA"},"content":{"rendered":"<div class=\"wpb-content-wrapper\"><blockquote>\n<h3>COMPRIAMO UNA MACCHINA ATTREZZATA PER RICCARDO<\/h3>\n<\/blockquote>\n<p><strong><a href=\"https:\/\/www.radiopiu.net\/wordpress\/compriamo-una-macchina-attrezzata-per-riccardo\/1626340291137881-img-20210714-wa0025\/\" rel=\"attachment wp-att-224370\"><img loading=\"lazy\" decoding=\"async\" class=\"size-medium wp-image-224370 alignleft\" src=\"https:\/\/www.radiopiu.net\/wordpress\/wp-content\/uploads\/2021\/07\/1626340291137881-IMG-20210714-WA0025-169x300.jpg\" sizes=\"auto, (max-width: 169px) 100vw, 169px\" srcset=\"https:\/\/www.radiopiu.net\/wordpress\/wp-content\/uploads\/2021\/07\/1626340291137881-IMG-20210714-WA0025-169x300.jpg 169w, https:\/\/www.radiopiu.net\/wordpress\/wp-content\/uploads\/2021\/07\/1626340291137881-IMG-20210714-WA0025-576x1024.jpg 576w, https:\/\/www.radiopiu.net\/wordpress\/wp-content\/uploads\/2021\/07\/1626340291137881-IMG-20210714-WA0025-768x1365.jpg 768w, https:\/\/www.radiopiu.net\/wordpress\/wp-content\/uploads\/2021\/07\/1626340291137881-IMG-20210714-WA0025.jpg 800w\" alt=\"\" width=\"169\" height=\"300\" \/><\/a>SOSPIROLO<\/strong>\u00a0Radio Pi\u00f9 appoggia l\u2019iniziativa di\u00a0 Agostino Tegner il pap\u00e0 di Riccardo, poche parole le sue ma piene di significato<em>\u00a0\u201cIo e mia moglie stiamo invecchiando e non riusciamo pi\u00f9\u00a0<img loading=\"lazy\" decoding=\"async\" class=\"alignright\" src=\"https:\/\/www.radiopiu.net\/wordpress\/wp-content\/uploads\/2021\/07\/1626451699105964-locandina-riccardo.jpg\" width=\"297\" height=\"167\" \/>a trasportare come si deve il nostro ragazzo, che necessita di una macchina attrezzata con un piano ribassato con pedana\u201d.<\/em><\/p>\n<p>Per questo ha avuto inizio la raccolta fondi che si prefigge lo scopo di raccogliere 35.000 euro entro fine agosto. Ad oggi sono stati versati i primi\u00a0<strong>11675<\/strong>\u00a0euro, per farlo \u00e8 semplice\u00a0<strong><a href=\"https:\/\/www.eppela.com\/it\/projects\/31001-compriamo-una-macchina-attrezzata-per-riccardo\">clicca qui\u00a0<\/a><\/strong><\/p>\n<blockquote><p><em>Riccardo \u00e8 un simpatico ragazzino di 15 anni che vive sulle montagne di Sospirolo. Sempre sorridente e circondato dall\u2019affetto dei suoi cari, Riccardo \u00e8 per\u00f2 costretto a stare sulla sedia a rotelle a causa della distrofia muscolare di Duchenne, di cui \u00e8 affetto dalla nascita.\u00a0 I genitori, dopo anni di sacrifici, hanno deciso di acquistare un\u2019auto munita di pedana per poter trasportare il figlio in modo pi\u00f9 comodo, pratico e sicuro, soprattutto adesso che sta crescendo e il peso \u2013 per i due genitori che stanno diventando anziani \u2013 si fa sempre pi\u00f9 sentire.\u00a0<\/em><\/p><\/blockquote>\n<p>&nbsp;<\/p>\n<hr \/>\n<p>&nbsp;<\/p>\n<blockquote>\n<h3>DODICI ANNI DOPO, IL DOLORE COME ALLORA<\/h3>\n<\/blockquote>\n<p><strong><a class=\"dt-pswp-item\" href=\"http:\/\/www.radiopiu.net\/wordpress\/wp-content\/uploads\/2018\/08\/download-13.jpg\" data-dt-img-description=\"\" data-large_image_width=\"364\" data-large_image_height=\"139\"><img loading=\"lazy\" decoding=\"async\" class=\"size-medium wp-image-58457 alignleft\" src=\"http:\/\/www.radiopiu.net\/wordpress\/wp-content\/uploads\/2018\/08\/download-13-300x115.jpg\" alt=\"\" width=\"300\" height=\"115\" srcset=\"https:\/\/www.radiopiu.net\/wordpress\/wp-content\/uploads\/2018\/08\/download-13-300x115.jpg 300w, https:\/\/www.radiopiu.net\/wordpress\/wp-content\/uploads\/2018\/08\/download-13.jpg 364w\" sizes=\"auto, (max-width: 300px) 100vw, 300px\" \/><\/a><\/strong><\/p>\n<p><strong>CORTINA<\/strong> Sono trascorsi 12 anni da quel drammatico pomeriggio del 22 agosto quando Dario, Fabrizio, Marco e Stefano morirono nella tragedia dell&#8217;elicottero &#8220;Falco&#8221; a Rio Gere. I colleghi ed amici del Soccorso Alpino e del Suem li ricorderanno in una cerimonia domani alle 15 a Rio Gere.<\/p>\n<h2 class=\"itemTitle\">LA CRONACA DI QUEL TRAGICO EVENTO (DAL VOLUME FALCO&#8230; DARIO FABRIZIO MARCO STEFANO)<\/h2>\n<p><em>&#8230; A questo punto l\u2019elicottero con il denominativo \u201cFalco\u201d veniva chiamato via radio pi\u00f9 volte dalla Centrale Operativa del S.U.E.M. 118 senza ricevere risposta alcuna, parimenti lo stesso veniva fatto dal personale C.N.S.A.S. della Stazione di Cortina d\u2019Ampezzo, che si trovava a Rio Gere, con il medesimo esito. Il Delegato del C.N.S.A.S., Fabio Bristot, che si trovava per motivi diversi nel magazzino della Stazione C.N.S.A.S. di Belluno, comprendendo la situazione ed ancor prima che venissero sospese le chiamate a Falco, congiuntamente ad un Operatore del C.N.S.A.S. di Belluno (Matteo Fontana), sentite le reiterate comunicazioni radio prive di risposta, partiva immediatamente per Cortina, avvisando il Vice Delegato, Gianni Mezzomo ed il Coordinatore dei Tecnici di Elisoccorso, Sergio Albanello, di quanto si andava profilando. Lungo il percorso il Delegato transitava per la Centrale Operativa di Pieve di Cadore recuperando il Direttore del S.U.E.M. 118 Dott. Angelo Costola per effettuare assieme il viaggio verso Cortina d\u2019Ampezzo. L\u2019elicottero veniva successivamente chiamato via radio ancora per qualche decina di secondi, quindi, la Centrale Operativa del S.U.E.M. 118 di Pieve di Cadore provava ad effettuare anche dei contatti via cavo con i membri dell\u2019equipaggio con esito negativo. A questo punto il Tecnico di Centrale del Soccorso Alpino presente al S.U.E.M. 118 indirizzava le squadre del C.N.S.A.S. di Cortina, gi\u00e0 impegnate via terra, sulle zone oggetto della perlustrazione aerea, attivit\u00e0 che peraltro era gi\u00e0 in corso di effettuazione. Andava chiaramente delineandosi la tesi di un possibile caduta dell\u2019elicottero e, dopo qualche tempo di comprensibile, quanto drammatico imbarazzo, oltre che di verifica di quanto forse era tragicamente occorso, la Centrale Operativa del S.U.E.M. 118 allertava alle 15.14 il S.U.E.M. 118 di Bolzano per l\u2019immediato invio di un elicottero sul luogo dell\u2019evento. L\u2019elicottero decollava alle 15.22 dalla base di Bressanone ed arrivava sul luogo dell\u2019evento alle 15.35. Qui imbarcava Paolo Bellodis, Guida Alpina e Tecnico di elisoccorso del C.N.S.A.S., per effettuare una ricognizione puntuale sul luogo dell\u2019evento. Poi era la volta dell\u2019elicottero del S.U.E.M. di Treviso, allertato alle 15.20 e decollato alle 15.25 dalla piazzola dell\u2019Ospedale Ca\u2019 Foncello di Treviso che atterrava sul posto alle 15.42. Precedentemente, nei minuti che seguono le 15.05\/15.08, quanti si trovavano sul piazzale di Rio Gere, ovvero Luca Pislor e Ruben Moroder ed altri si rendevano conto dell\u2019avvenuto ed effettuavano invano diverse chiamate radio sia sulla frequenza del S.U.E.M. 118 sia su quella del Soccorso Alpino., tutte con esito negativo. Qualche istante dopo, Luca Pislor e Ruben Moroder, salivano in macchina assieme a Lorenzo Gaspari e raggiungevano la zona posta a valle del supposto luogo dell\u2019evento, da dove proseguivano a piedi, pervenendo ben presto ad individuare la sagoma dell\u2019elicottero caduto a\u00a0quota 1.945\u00a0 metri, riverso sul fianco sinistro. Trascorrevano pochi attimi per rendersi oggettivamente conto\u00a0 che tutti i membri dell\u2019equipaggio erano deceduti&#8230;.<\/em><\/p>\n<p>&nbsp;<\/p>\n<p>&nbsp;<\/p>\n<p>&nbsp;<\/p>\n<p>&nbsp;<\/p>\n<p>&nbsp;<\/p>\n<hr \/>\n<p>&nbsp;<\/p>\n<h2 style=\"text-align: center;\"><span style=\"color: #ff0000;\">LA GIORNATA DELL&#8217;ELICOTTERO DEL SUEM<\/span><\/h2>\n<p><a href=\"https:\/\/www.radiopiu.net\/wordpress\/giornale-radiopiu-22-agosto-2021-direttore-mirko-mezzacasa\/9d7ffe90-4214-4120-88af-576428c98139\/\" rel=\"attachment wp-att-228906\"><img loading=\"lazy\" decoding=\"async\" class=\"aligncenter wp-image-228906 size-large\" src=\"https:\/\/www.radiopiu.net\/wordpress\/wp-content\/uploads\/2021\/08\/9d7ffe90-4214-4120-88af-576428c98139-1024x721.jpg\" alt=\"\" width=\"1024\" height=\"721\" srcset=\"https:\/\/www.radiopiu.net\/wordpress\/wp-content\/uploads\/2021\/08\/9d7ffe90-4214-4120-88af-576428c98139-1024x721.jpg 1024w, https:\/\/www.radiopiu.net\/wordpress\/wp-content\/uploads\/2021\/08\/9d7ffe90-4214-4120-88af-576428c98139-300x211.jpg 300w, https:\/\/www.radiopiu.net\/wordpress\/wp-content\/uploads\/2021\/08\/9d7ffe90-4214-4120-88af-576428c98139-768x541.jpg 768w, https:\/\/www.radiopiu.net\/wordpress\/wp-content\/uploads\/2021\/08\/9d7ffe90-4214-4120-88af-576428c98139.jpg 1278w\" sizes=\"auto, (max-width: 1024px) 100vw, 1024px\" \/><\/a><\/p>\n<p>&nbsp;<\/p>\n<p>&nbsp;<\/p>\n<hr \/>\n<p>&nbsp;<\/p>\n<blockquote>\n<h3>B E N V E N U T A &#8230;.. REYER A FALCADE, IN VALLE DEL BIOIS, NELL&#8217;AGORDINO. BENTORNATA<\/h3>\n<\/blockquote>\n<h2><strong><a href=\"https:\/\/www.radiopiu.net\/wordpress\/giornale-radiopiu-14-febbraio-2021-direttore-mirko-mezzacasa\/renzo-minella-10\/\" rel=\"attachment wp-att-191135\"><img loading=\"lazy\" decoding=\"async\" class=\"size-medium wp-image-191135 alignleft\" src=\"https:\/\/www.radiopiu.net\/wordpress\/wp-content\/uploads\/2021\/02\/RENZO-MINELLA-300x200.jpg\" alt=\"\" width=\"300\" height=\"200\" srcset=\"https:\/\/www.radiopiu.net\/wordpress\/wp-content\/uploads\/2021\/02\/RENZO-MINELLA-300x200.jpg 300w, https:\/\/www.radiopiu.net\/wordpress\/wp-content\/uploads\/2021\/02\/RENZO-MINELLA-768x512.jpg 768w, https:\/\/www.radiopiu.net\/wordpress\/wp-content\/uploads\/2021\/02\/RENZO-MINELLA.jpg 1024w\" sizes=\"auto, (max-width: 300px) 100vw, 300px\" \/><\/a><\/strong><span style=\"color: #993300;\">L&#8217;ARRIVO DELL&#8217;UMANA REYER A FALCADE<\/span><\/h2>\n<p><strong>di Claudio Fontanive<\/strong><\/p>\n<p>OSPITE: Renzo Minella, responsabile marketing Ski Area San Pellegrino<\/p>\n<audio class=\"wp-audio-shortcode\" id=\"audio-228740-1\" preload=\"none\" style=\"width: 100%;\" controls=\"controls\"><source type=\"audio\/mpeg\" src=\"https:\/\/www.radiopiu.net\/wordpress\/wp-content\/uploads\/2021\/08\/renzo-minella-19-agosto.mp3?_=1\" \/><a href=\"https:\/\/www.radiopiu.net\/wordpress\/wp-content\/uploads\/2021\/08\/renzo-minella-19-agosto.mp3\">https:\/\/www.radiopiu.net\/wordpress\/wp-content\/uploads\/2021\/08\/renzo-minella-19-agosto.mp3<\/a><\/audio>\n<p>&nbsp;<\/p>\n<p>&nbsp;<\/p>\n<hr \/>\n<p>&nbsp;<\/p>\n<h2 style=\"text-align: center;\"><span style=\"color: #ff0000;\">SPOSTAMENTO VACCINI TBE<\/span><\/h2>\n<p style=\"text-align: center;\"><strong>Da luned\u00ec 23 agosto sar\u00e0 possibile spostare gli appuntamenti per il vaccino anti TBE esclusivamente scrivendo alla mail<\/strong> <a title=\"mailto:vaccinazioni.bl@aulss1.veneto.it\" href=\"mailto:vaccinazioni.bl@aulss1.veneto.it\">vaccinazioni.bl@aulss1.veneto.it<\/a><\/p>\n<p>&nbsp;<\/p>\n<p>&nbsp;<\/p>\n<hr \/>\n<p>&nbsp;<\/p>\n<p><img loading=\"lazy\" decoding=\"async\" class=\"alignleft\" src=\"https:\/\/www.radiopiu.net\/wordpress\/wp-content\/uploads\/2018\/08\/ACQUA.jpeg\" width=\"204\" height=\"122\" \/>Gestione Servizi Pubblici informa che a LIVINALLONGO nelle localit\u00e0 AL FAURO, CREPAZ, RENAZ, RUAZ, PEZZEI, S.GIOVANNI e FOSSAL, l&#8217;acqua erogata dall&#8217;acquedotto non \u00e8 potabile e pu\u00f2 essere usata per scopi alimentari SOLO PREVIA bollitura.<\/p>\n<p>&nbsp;<\/p>\n<p>&nbsp;<\/p>\n<p>&nbsp;<\/p>\n<p>&nbsp;<\/p>\n<hr \/>\n<p>&nbsp;<\/p>\n<blockquote>\n<h3>LA GALLERIA COMELICO DA LUNEDI DI NUOVO CHIUSA DI NOTTE<\/h3>\n<\/blockquote>\n<p><strong>VENEZIA\u00a0<\/strong>Per limitare i disagi durante le settimane di maggior esodo, Anas ha programmato la sospensione temporanea dei lavori di manutenzione della galleria \u201cComelico\u201d. Dalle ore 21 di luned\u00ec 23 agosto sar\u00e0 nuovamente istituito il divieto di transito in orario notturno, con deviazione su viabilit\u00e0 secondaria,\u00a0 dalle\u00a0 22:30<\/p>\n<p>&nbsp;<\/p>\n<p>&nbsp;<\/p>\n<p>&nbsp;<\/p>\n<hr \/>\n<p>&nbsp;<\/p>\n<blockquote>\n<h3>INTERRUZIONI ENEL<\/h3>\n<\/blockquote>\n<p><strong>ROCCA PIETORE<\/strong> luned\u00ec 30 agosto\u00a0 dalle 8 alle 12 a Saviner di Calloneghe<\/p>\n<p>&nbsp;<\/p>\n<p>&nbsp;<\/p>\n<hr \/>\n<p>&nbsp;<\/p>\n<blockquote>\n<h3>GIOVANE DI CESIOMAGGIORE PERDE LA VITA NELLO SCONTRO FRONTALE<\/h3>\n<\/blockquote>\n<p><strong><a href=\"https:\/\/www.radiopiu.net\/wordpress\/incidente-mortale-a-lentiai\/incidente-lentiai\/\" rel=\"attachment wp-att-228820\"><img loading=\"lazy\" decoding=\"async\" class=\"size-medium wp-image-228820 alignleft\" src=\"https:\/\/www.radiopiu.net\/wordpress\/wp-content\/uploads\/2021\/08\/Incidente-Lentiai-300x190.jpg\" alt=\"\" width=\"300\" height=\"190\" srcset=\"https:\/\/www.radiopiu.net\/wordpress\/wp-content\/uploads\/2021\/08\/Incidente-Lentiai-300x190.jpg 300w, https:\/\/www.radiopiu.net\/wordpress\/wp-content\/uploads\/2021\/08\/Incidente-Lentiai-1024x648.jpg 1024w, https:\/\/www.radiopiu.net\/wordpress\/wp-content\/uploads\/2021\/08\/Incidente-Lentiai-768x486.jpg 768w, https:\/\/www.radiopiu.net\/wordpress\/wp-content\/uploads\/2021\/08\/Incidente-Lentiai.jpg 1217w\" sizes=\"auto, (max-width: 300px) 100vw, 300px\" \/><\/a>BORGO VALBELLUNA<\/strong> I Vigili del Fuoco del Comando Provinciale di Belluno sono stati allertati alle ore 4:40 circa per un incidente stradale in localit\u00e0 Molinello al km 3 della SP 1 Bis nel comune di Borgo Valbelluna. I vigili del fuoco, provenienti dal distaccamento di Feltre, hanno provveduto ad estrarre gli occupanti in collaborazione con i sanitari presenti sul posto e a mettere in sicurezza le autovetture. Nello scontro ha perso la vita\u00a0 Ernesto Tessaro. 24 anni argentino d&#8217;origine ma residente a Cesiomaggiore.<\/p>\n<p>&nbsp;<\/p>\n<p><strong>di MORENO GIOLI\u00a0\u00a0<\/strong><\/p>\n<audio class=\"wp-audio-shortcode\" id=\"audio-228740-2\" preload=\"none\" style=\"width: 100%;\" controls=\"controls\"><source type=\"audio\/mpeg\" src=\"https:\/\/www.radiopiu.net\/wordpress\/wp-content\/uploads\/2021\/08\/morto.mp3?_=2\" \/><a href=\"https:\/\/www.radiopiu.net\/wordpress\/wp-content\/uploads\/2021\/08\/morto.mp3\">https:\/\/www.radiopiu.net\/wordpress\/wp-content\/uploads\/2021\/08\/morto.mp3<\/a><\/audio>\n<p>&nbsp;<\/p>\n<p><a href=\"https:\/\/www.radiopiu.net\/wordpress\/incidente-mortale-a-lentiai\/d953dfe1-e0d8-4fe6-b0d6-455c944d9641\/\" rel=\"attachment wp-att-228836\"><img loading=\"lazy\" decoding=\"async\" class=\"size-medium wp-image-228836 aligncenter\" src=\"https:\/\/www.radiopiu.net\/wordpress\/wp-content\/uploads\/2021\/08\/d953dfe1-e0d8-4fe6-b0d6-455c944d9641-300x300.jpg\" alt=\"\" width=\"300\" height=\"300\" srcset=\"https:\/\/www.radiopiu.net\/wordpress\/wp-content\/uploads\/2021\/08\/d953dfe1-e0d8-4fe6-b0d6-455c944d9641-300x300.jpg 300w, https:\/\/www.radiopiu.net\/wordpress\/wp-content\/uploads\/2021\/08\/d953dfe1-e0d8-4fe6-b0d6-455c944d9641-150x150.jpg 150w, https:\/\/www.radiopiu.net\/wordpress\/wp-content\/uploads\/2021\/08\/d953dfe1-e0d8-4fe6-b0d6-455c944d9641-768x769.jpg 768w, https:\/\/www.radiopiu.net\/wordpress\/wp-content\/uploads\/2021\/08\/d953dfe1-e0d8-4fe6-b0d6-455c944d9641.jpg 863w\" sizes=\"auto, (max-width: 300px) 100vw, 300px\" \/><\/a><\/p>\n<p>&nbsp;<\/p>\n<hr \/>\n<p>&nbsp;<\/p>\n<blockquote>\n<h3>ALPINISTA FELTRINO PRECIPITA SUL MONTE BIANCO<\/h3>\n<\/blockquote>\n<p><a href=\"https:\/\/www.radiopiu.net\/wordpress\/alpinista-feltrino-precipita-sul-monte-bianco\/download-1142\/\" rel=\"attachment wp-att-228832\"><img loading=\"lazy\" decoding=\"async\" class=\" wp-image-228832 alignleft\" src=\"https:\/\/www.radiopiu.net\/wordpress\/wp-content\/uploads\/2021\/08\/download-3.jpg\" alt=\"\" width=\"188\" height=\"141\" \/><\/a><strong>AOSTA\u00a0<\/strong> Giovanni Marcon 49 anni, di Feltre \u00e8\u00a0 morto\u00a0 sul versante francese del Monte Bianco, a 4.000 metri di quota.<\/p>\n<p>Era insieme ad altri compagni di cordata italiani rimasti illesi. Stavano scendendo dal Dente del Gigante, sulla cresta Rochefort, quando \u00e8 precipitato per oltre 200 metri, finendo in un canalone. A dare l&#8217;allarme \u00e8 stata una guida alpina francese.<\/p>\n<p>&nbsp;<\/p>\n<blockquote><p><strong><em>Giovanni Marcon, 49 anni, di Feltre, lavoratore dello stabilimento Luxottica 2 di Sedico, non c&#8217;era pi\u00f9 nulla da fare. La tragedia \u00e8 avvenuta ancora venerd\u00ec pomeriggio a circa 3.600 metri di quota, sulla cresta Rochefort<\/em><\/strong><\/p><\/blockquote>\n<p><a href=\"https:\/\/www.radiopiu.net\/wordpress\/giornale-radiopiu-22-agosto-2021-direttore-mirko-mezzacasa\/thyjnbfh\/\" rel=\"attachment wp-att-228936\"><img loading=\"lazy\" decoding=\"async\" class=\"alignnone size-medium wp-image-228936\" src=\"https:\/\/www.radiopiu.net\/wordpress\/wp-content\/uploads\/2021\/08\/thyjnbfh-300x138.jpg\" alt=\"\" width=\"300\" height=\"138\" srcset=\"https:\/\/www.radiopiu.net\/wordpress\/wp-content\/uploads\/2021\/08\/thyjnbfh-300x138.jpg 300w, https:\/\/www.radiopiu.net\/wordpress\/wp-content\/uploads\/2021\/08\/thyjnbfh.jpg 425w\" sizes=\"auto, (max-width: 300px) 100vw, 300px\" \/>\u00a0<\/a><\/p>\n<p>&nbsp;<\/p>\n<p>&nbsp;<\/p>\n<hr \/>\n<p>&nbsp;<\/p>\n<blockquote>\n<h3>MARMOLADA: VOLA PER 20 METRI SULLA VIA EXCALIBUR<\/h3>\n<\/blockquote>\n<p><strong>ROCCA PIETORE<\/strong> Questa mattina verso le 10.20 l&#8217;elicottero del Suem di Pieve di Cadore \u00e8 decollato in direzione della parete sud della Marmolada, per un alpinista francese , primo di cordata, volato sulla Via Excalibur. Lo scalatore si trovava sul primo tiro, era caduto e una protezione non aveva tenuto facendolo arrivare alla base della via venti metri pi\u00f9 in basso, sullo zoccolo sottostante. Il compagno aveva dato l&#8217;allarme. Sul luogo dell&#8217;incidente sono stati calati con un verricello di 20 metri equipe medica e tecnico di elisoccorso, che hanno assicurato alla roccia l&#8217;infortunato e gli hanno prestato le prime cure per probabili traumi al bacino, cranico e alla caviglia. Una volta imbarellato, l&#8217;alpinista \u00e8 stato recuperato e trasportato all&#8217;ospedale di Treviso.<\/p>\n\n\t\t\t<style type='text\/css'>\n\t\t\t\t#gallery-1 {\n\t\t\t\t\tmargin: auto;\n\t\t\t\t}\n\t\t\t\t#gallery-1 .gallery-item {\n\t\t\t\t\tfloat: left;\n\t\t\t\t\tmargin-top: 10px;\n\t\t\t\t\ttext-align: center;\n\t\t\t\t\twidth: 50%;\n\t\t\t\t}\n\t\t\t\t#gallery-1 img {\n\t\t\t\t\tborder: 2px solid #cfcfcf;\n\t\t\t\t}\n\t\t\t\t#gallery-1 .gallery-caption {\n\t\t\t\t\tmargin-left: 0;\n\t\t\t\t}\n\t\t\t\t\/* see gallery_shortcode() in wp-includes\/media.php *\/\n\t\t\t<\/style>\n\t\t<div id='gallery-1' class='dt-gallery-container gallery galleryid-228740 gallery-columns-2 gallery-size-medium'><dl class='gallery-item'>\n\t\t\t\t<dt class='gallery-icon portrait'>\n\t\t\t\t\t<a class=\"rollover rollover-zoom dt-pswp-item\" title=\"salt_20210821_150018_375\" data-dt-img-description=\"\" data-large_image_width=\"1773\" data-large_image_height=\"2364\"href='https:\/\/www.radiopiu.net\/wordpress\/wp-content\/uploads\/2021\/08\/salt_20210821_150018_375.jpg'><img loading=\"lazy\" decoding=\"async\" width=\"225\" height=\"300\" src=\"https:\/\/www.radiopiu.net\/wordpress\/wp-content\/uploads\/2021\/08\/salt_20210821_150018_375-225x300.jpg\" class=\"attachment-medium size-medium\" alt=\"\" srcset=\"https:\/\/www.radiopiu.net\/wordpress\/wp-content\/uploads\/2021\/08\/salt_20210821_150018_375-225x300.jpg 225w, https:\/\/www.radiopiu.net\/wordpress\/wp-content\/uploads\/2021\/08\/salt_20210821_150018_375-768x1024.jpg 768w, https:\/\/www.radiopiu.net\/wordpress\/wp-content\/uploads\/2021\/08\/salt_20210821_150018_375-1152x1536.jpg 1152w, https:\/\/www.radiopiu.net\/wordpress\/wp-content\/uploads\/2021\/08\/salt_20210821_150018_375-1536x2048.jpg 1536w, https:\/\/www.radiopiu.net\/wordpress\/wp-content\/uploads\/2021\/08\/salt_20210821_150018_375.jpg 1773w\" sizes=\"auto, (max-width: 225px) 100vw, 225px\" \/><\/a>\n\t\t\t\t<\/dt><\/dl><dl class='gallery-item'>\n\t\t\t\t<dt class='gallery-icon portrait'>\n\t\t\t\t\t<a class=\"rollover rollover-zoom dt-pswp-item\" title=\"salt_20210821_150044_407\" data-dt-img-description=\"\" data-large_image_width=\"1773\" data-large_image_height=\"2364\"href='https:\/\/www.radiopiu.net\/wordpress\/wp-content\/uploads\/2021\/08\/salt_20210821_150044_407.jpg'><img loading=\"lazy\" decoding=\"async\" width=\"225\" height=\"300\" src=\"https:\/\/www.radiopiu.net\/wordpress\/wp-content\/uploads\/2021\/08\/salt_20210821_150044_407-225x300.jpg\" class=\"attachment-medium size-medium\" alt=\"\" srcset=\"https:\/\/www.radiopiu.net\/wordpress\/wp-content\/uploads\/2021\/08\/salt_20210821_150044_407-225x300.jpg 225w, https:\/\/www.radiopiu.net\/wordpress\/wp-content\/uploads\/2021\/08\/salt_20210821_150044_407-768x1024.jpg 768w, https:\/\/www.radiopiu.net\/wordpress\/wp-content\/uploads\/2021\/08\/salt_20210821_150044_407-1152x1536.jpg 1152w, https:\/\/www.radiopiu.net\/wordpress\/wp-content\/uploads\/2021\/08\/salt_20210821_150044_407-1536x2048.jpg 1536w, https:\/\/www.radiopiu.net\/wordpress\/wp-content\/uploads\/2021\/08\/salt_20210821_150044_407.jpg 1773w\" sizes=\"auto, (max-width: 225px) 100vw, 225px\" \/><\/a>\n\t\t\t\t<\/dt><\/dl><br style=\"clear: both\" \/>\n\t\t\t<\/div>\n\n<p>&nbsp;<\/p>\n<p>&nbsp;<\/p>\n<hr \/>\n<p>&nbsp;<\/p>\n<blockquote>\n<h3>SOCCORSA UNA COPPIA DI OLANDESI NEL GRUPPO DEI CADINI DI MISURINA<\/h3>\n<\/blockquote>\n<p><strong><a href=\"https:\/\/www.radiopiu.net\/wordpress\/il-soccorso-alpino-ritorna-al-vazzoler\/th-172\/\" rel=\"attachment wp-att-225856\"><img loading=\"lazy\" decoding=\"async\" class=\"size-full wp-image-225856 alignleft\" src=\"https:\/\/www.radiopiu.net\/wordpress\/wp-content\/uploads\/2021\/08\/th.jpg\" alt=\"\" width=\"222\" height=\"167\" \/><\/a>AURONZO DI CADORE <\/strong>Attorno alle 12.15 la Centrale del Suem ha allertato il Soccorso alpino di Auronzo, per una coppia di escursionisti in difficolt\u00e0 lungo il sentiero numero 117, Bonacossa, nel Gruppo dei Cadini di Misurina. Una squadra del Soccorso alpino della Guardia di finanza, di presidio sulle Tre Cime di Lavaredo, si \u00e8 quindi avvicinata in jeep per poi procedere a piedi una decina di minuti. I due turisti olandesi, lui 40 anni, lei 37, si erano impauriti in un tratto pi\u00f9 esposto verso la cimetta delle Ciampedele e non erano pi\u00f9 in grado di muoversi da dove si trovavano. I soccorritori li hanno assicurati con un cordino e aiutati a proseguire fino a scendere sul sentiero sottostante verso il Rifugio Auronzo, a pochi minuti di distanza.<\/p>\n<p>&nbsp;<\/p>\n<p>&nbsp;<\/p>\n<p>&nbsp;<\/p>\n<p>&nbsp;<\/p>\n<hr \/>\n<p>&nbsp;<\/p>\n<blockquote>\n<h3>TRA CORTINA E SOVRAMONTE SONO TRE GLI INTERVENTI DEL SOCCORSO ALPINO<\/h3>\n<\/blockquote>\n<p><strong><a href=\"https:\/\/www.radiopiu.net\/wordpress\/giornale-radiopiu-19-agosto-2021-direttore-mirko-mezzacasa\/salt-3\/\" rel=\"attachment wp-att-228370\"><img loading=\"lazy\" decoding=\"async\" class=\"size-medium wp-image-228370 alignleft\" src=\"https:\/\/www.radiopiu.net\/wordpress\/wp-content\/uploads\/2021\/08\/salt-3-300x225.jpg\" alt=\"\" width=\"300\" height=\"225\" srcset=\"https:\/\/www.radiopiu.net\/wordpress\/wp-content\/uploads\/2021\/08\/salt-3-300x225.jpg 300w, https:\/\/www.radiopiu.net\/wordpress\/wp-content\/uploads\/2021\/08\/salt-3-1024x767.jpg 1024w, https:\/\/www.radiopiu.net\/wordpress\/wp-content\/uploads\/2021\/08\/salt-3-768x575.jpg 768w, https:\/\/www.radiopiu.net\/wordpress\/wp-content\/uploads\/2021\/08\/salt-3.jpg 1080w\" sizes=\"auto, (max-width: 300px) 100vw, 300px\" \/><\/a>CORTINA <\/strong>Verso mezzogiorno la Centrale del Suem \u00e8 stata allertata per un infortunio al Rifugio Son Forca. Al momento di scendere dalla funivia, una turista di Conegliano (TV), di 76 anni, aveva infatti messo male la gamba riportato la sospetta frattura del femore. Sul posto sono arrivate le squadre del Soccorso alpino di Cortina e dei Carabinieri, che hanno assistito la donna, mentre sopraggiungeva l&#8217;elicottero del Suem di Pieve di Cadore. L&#8217;infortunata \u00e8 stata trasferita nella barella dell&#8217;eliambulanza, caricata a bordo e portata all&#8217;ospedale di Belluno.<\/p>\n<p><strong>CORTINA <\/strong>Sempre a Cortina, una squadra del Soccorso alpino della Guardia di finanza ha raggiunto a piedi un escursionista in difficolt\u00e0 sotto Punta Nera. R.O., 65 anni, di Trieste, partito dal Vandelli sul sentiero 215 diretto a Forcella Faloria e ai Tondi, passata la forcelletta della Punta Nera si era abbassato rispetto al tracciato finendo sopra salti di roccia, incapace di proseguire. Raggiunto dai soccorritori, l&#8217;uomo \u00e8 stato accompagnato a valle.<\/p>\n<p><strong>SOVRAMONTE <\/strong>L&#8217;elicottero \u00e8 poi volato a Sovramonte, atterrando nei prati di Malga Monsampian, nelle cui vicinanze un escursionista era inciampato e caduto in un tratto sassoso, con conseguenti possibili traumi toracico e cranico. R.A., 72 anni, di San Vendemiano (TV), assistito dai compagni di gita, \u00e8 stato stabilizzato dal personale sanitario e imbarellato, per essere poi trasportato all&#8217;ospedale di Belluno.<\/p>\n<p>&nbsp;<\/p>\n<p>&nbsp;<\/p>\n<hr \/>\n<p>&nbsp;<\/p>\n<blockquote>\n<h3>SBAGLIANO SENTIERO E SI RITROVANO TRA GLI SCHIANTI<\/h3>\n<\/blockquote>\n<p><strong><a href=\"https:\/\/www.radiopiu.net\/wordpress\/torna-la-festa-del-volontariato-cadorino-sabato-1-settembre\/soccorsoalpino\/\" rel=\"attachment wp-att-59164\"><img loading=\"lazy\" decoding=\"async\" class=\" wp-image-59164 alignleft\" src=\"https:\/\/www.radiopiu.net\/wordpress\/wp-content\/uploads\/2018\/08\/soccorsoalpino-300x300.jpg\" alt=\"\" width=\"247\" height=\"247\" srcset=\"https:\/\/www.radiopiu.net\/wordpress\/wp-content\/uploads\/2018\/08\/soccorsoalpino-300x300.jpg 300w, https:\/\/www.radiopiu.net\/wordpress\/wp-content\/uploads\/2018\/08\/soccorsoalpino-150x150.jpg 150w, https:\/\/www.radiopiu.net\/wordpress\/wp-content\/uploads\/2018\/08\/soccorsoalpino-768x768.jpg 768w, https:\/\/www.radiopiu.net\/wordpress\/wp-content\/uploads\/2018\/08\/soccorsoalpino-1024x1024.jpg 1024w, https:\/\/www.radiopiu.net\/wordpress\/wp-content\/uploads\/2018\/08\/soccorsoalpino.jpg 1200w\" sizes=\"auto, (max-width: 247px) 100vw, 247px\" \/><\/a>VAL DI ZOLDO<\/strong> Alle 14.20 circa il Soccorso alpino della Val di Zoldo\u00a0 \u00e8 stato allertato per tre escursionisti bloccati dagli schianti di Vaia nella zona di Casera Pian Grant. I tre amici &#8211; di 71 anni di Pascantina (VR), di 60 anni di Villaverla (VI), di 62 anni, di Sandrigo (VI) &#8211; che stavano percorrendo l&#8217;Alta via numero 3, arrivati verso il Van della Serra, da cui sarebbero dovuti scendere verso il Bivacco Tovanella e Igne, non hanno trovato le tracce e hanno preso il sentiero che porta a Casera Pian Grant, da dove parte una mulattiera, attualmente ancora chiusa per la presenza degli schianti di Vaia, che arriva a Ospitale di Zoldo. gli escursionisti hanno provato una variante, ancora meno percorribile, e poi hanno chiamato il 118. Messi in contatto con il Soccorso alpino \u00e8 stato detto loro di prendere comunque la strada militare e cominciare a scendere superando le piante a terra, mentre una squadra andava loro incontro. Una volta incrociati, poco sotto la Casera, i soccorritori sono rientrati a piedi con il gruppetto.<\/p>\n<p>&nbsp;<\/p>\n<p>&nbsp;<\/p>\n<p>&nbsp;<\/p>\n<p>&nbsp;<\/p>\n<hr \/>\n<p>&nbsp;<\/p>\n<blockquote>\n<h3>ALTRI QUATTRO INTERVENTI DEL SOCCORSO ALPINO TRA CORTINA, BORGO VALBELLUNA ED AGORDINO<\/h3>\n<\/blockquote>\n<p><strong><a href=\"https:\/\/www.radiopiu.net\/wordpress\/elicottero-della-protezione-civile-triplice-addestramento-sulle-montagne-bellunesi\/img-20210424-wa0017\/\" rel=\"attachment wp-att-205595\"><img loading=\"lazy\" decoding=\"async\" class=\"size-medium wp-image-205595 alignleft\" src=\"https:\/\/www.radiopiu.net\/wordpress\/wp-content\/uploads\/2021\/04\/IMG-20210424-WA0017-300x225.jpg\" alt=\"\" width=\"300\" height=\"225\" srcset=\"https:\/\/www.radiopiu.net\/wordpress\/wp-content\/uploads\/2021\/04\/IMG-20210424-WA0017-300x225.jpg 300w, https:\/\/www.radiopiu.net\/wordpress\/wp-content\/uploads\/2021\/04\/IMG-20210424-WA0017-1024x768.jpg 1024w, https:\/\/www.radiopiu.net\/wordpress\/wp-content\/uploads\/2021\/04\/IMG-20210424-WA0017-768x576.jpg 768w, https:\/\/www.radiopiu.net\/wordpress\/wp-content\/uploads\/2021\/04\/IMG-20210424-WA0017-1536x1152.jpg 1536w, https:\/\/www.radiopiu.net\/wordpress\/wp-content\/uploads\/2021\/04\/IMG-20210424-WA0017.jpg 1600w\" sizes=\"auto, (max-width: 300px) 100vw, 300px\" \/><\/a>CORTINA <\/strong>Una squadra del Soccorso alpino di\u00a0 Cortina e della Guardia di Finanza\u00a0 \u00e8 intervenuta poco sopra il Rifugio Averau, verso il Nuvolau, per un&#8217;escursionista che si era procurata un probabile trauma alla caviglia. G.G., 30 anni, di Comacchio (FE), che si trovava con il compagno \u00e8 stata raggiunta, caricata in barella, trasportata al fuoristrada e da l\u00ec all&#8217;ospedale di Cortina.<\/p>\n<p><strong>BORGO VALBELLUNA <\/strong>Poich\u00e9 non era chiaro il punto in cui un ciclista era caduto non distante dalla Grotta Azzurra a Mel di Borgo Valbelluna, una squadra del Soccorso alpino di Belluno \u00e8 invece intervenuta per un eventuale supporto all&#8217;ambulanza. In realt\u00e0 A.V., 42 anni, di Feltre (BL), era caduto sulla strada ed \u00e8 stato trasportato all&#8217;ospedale di Feltre.<\/p>\n<p><strong>FALCADE <\/strong>Attorno alle 18 il Soccorso alpino della Val Biois \u00e8 stato inviato 100 metri sopra la Baita Flora Alpina, a Falcade, per un&#8217;escursionista di Agordo di 51 anni, che era scivolata sui sassi di una strada sterrata in discesa, sul posto casualmente gi\u00e0 un soccorritore. La donna, che si trovava con altre due persone e lamentava dolori alla caviglia, \u00e8 stata raggiunta on jeep a 1.850 metri di quota e accompagnata al parcheggio, da dove si \u00e8 allontanata autonomamente.<\/p>\n<p><strong>TAIBON <\/strong>Una squadra del Soccorso alpino di Agordo si \u00e8 infine diretta al Rifugio Vazzoler, per una donna di Venezia di 51 anni, che, partita con il marito dal Rifugio Tissi, non riusciva pi\u00f9 a camminare per il male a un ginocchio.<\/p>\n<p>&nbsp;<\/p>\n<p>&nbsp;<\/p>\n<hr \/>\n<p>&nbsp;<\/p>\n<blockquote>\n<h3>COLTIVAVA MARIJUANA NEL PRATO VICINO CASA. CINQUATTOTTENNE NEI GUAI<\/h3>\n<\/blockquote>\n<p><strong>VALLE DI CADORE<\/strong><\/p>\n<p>di Moreno Gioli<\/p>\n<audio class=\"wp-audio-shortcode\" id=\"audio-228740-3\" preload=\"none\" style=\"width: 100%;\" controls=\"controls\"><source type=\"audio\/mpeg\" src=\"https:\/\/www.radiopiu.net\/wordpress\/wp-content\/uploads\/2021\/08\/GIOLI-MARIUANA.mp3?_=3\" \/><a href=\"https:\/\/www.radiopiu.net\/wordpress\/wp-content\/uploads\/2021\/08\/GIOLI-MARIUANA.mp3\">https:\/\/www.radiopiu.net\/wordpress\/wp-content\/uploads\/2021\/08\/GIOLI-MARIUANA.mp3<\/a><\/audio>\n<p>&nbsp;<\/p>\n\n\t\t\t<style type='text\/css'>\n\t\t\t\t#gallery-2 {\n\t\t\t\t\tmargin: auto;\n\t\t\t\t}\n\t\t\t\t#gallery-2 .gallery-item {\n\t\t\t\t\tfloat: left;\n\t\t\t\t\tmargin-top: 10px;\n\t\t\t\t\ttext-align: center;\n\t\t\t\t\twidth: 50%;\n\t\t\t\t}\n\t\t\t\t#gallery-2 img {\n\t\t\t\t\tborder: 2px solid #cfcfcf;\n\t\t\t\t}\n\t\t\t\t#gallery-2 .gallery-caption {\n\t\t\t\t\tmargin-left: 0;\n\t\t\t\t}\n\t\t\t\t\/* see gallery_shortcode() in wp-includes\/media.php *\/\n\t\t\t<\/style>\n\t\t<div id='gallery-2' class='dt-gallery-container gallery galleryid-228740 gallery-columns-2 gallery-size-medium'><dl class='gallery-item'>\n\t\t\t\t<dt class='gallery-icon portrait'>\n\t\t\t\t\t<a class=\"rollover rollover-zoom dt-pswp-item\" title=\"photo1629561715\" data-dt-img-description=\"\" data-large_image_width=\"960\" data-large_image_height=\"1280\"href='https:\/\/www.radiopiu.net\/wordpress\/wp-content\/uploads\/2021\/08\/photo1629561715.jpeg'><img loading=\"lazy\" decoding=\"async\" width=\"225\" height=\"300\" src=\"https:\/\/www.radiopiu.net\/wordpress\/wp-content\/uploads\/2021\/08\/photo1629561715-225x300.jpeg\" class=\"attachment-medium size-medium\" alt=\"\" srcset=\"https:\/\/www.radiopiu.net\/wordpress\/wp-content\/uploads\/2021\/08\/photo1629561715-225x300.jpeg 225w, https:\/\/www.radiopiu.net\/wordpress\/wp-content\/uploads\/2021\/08\/photo1629561715-768x1024.jpeg 768w, https:\/\/www.radiopiu.net\/wordpress\/wp-content\/uploads\/2021\/08\/photo1629561715.jpeg 960w\" sizes=\"auto, (max-width: 225px) 100vw, 225px\" \/><\/a>\n\t\t\t\t<\/dt><\/dl><dl class='gallery-item'>\n\t\t\t\t<dt class='gallery-icon landscape'>\n\t\t\t\t\t<a class=\"rollover rollover-zoom dt-pswp-item\" title=\"photo1629561700\" data-dt-img-description=\"\" data-large_image_width=\"1024\" data-large_image_height=\"768\"href='https:\/\/www.radiopiu.net\/wordpress\/wp-content\/uploads\/2021\/08\/photo1629561700.jpeg'><img loading=\"lazy\" decoding=\"async\" width=\"300\" height=\"225\" src=\"https:\/\/www.radiopiu.net\/wordpress\/wp-content\/uploads\/2021\/08\/photo1629561700-300x225.jpeg\" class=\"attachment-medium size-medium\" alt=\"\" srcset=\"https:\/\/www.radiopiu.net\/wordpress\/wp-content\/uploads\/2021\/08\/photo1629561700-300x225.jpeg 300w, https:\/\/www.radiopiu.net\/wordpress\/wp-content\/uploads\/2021\/08\/photo1629561700-768x576.jpeg 768w, https:\/\/www.radiopiu.net\/wordpress\/wp-content\/uploads\/2021\/08\/photo1629561700.jpeg 1024w\" sizes=\"auto, (max-width: 300px) 100vw, 300px\" \/><\/a>\n\t\t\t\t<\/dt><\/dl><br style=\"clear: both\" \/>\n\t\t\t<\/div>\n\n<p>&nbsp;<\/p>\n<hr \/>\n<p>&nbsp;<\/p>\n<blockquote>\n<h3>FALCO 12 ANNI DOPO. FABIO RUFUS BRISTOT: &#8220;LA POLITICA SI RIATTIVI, LA SICUREZZA NON HA COLORE POLITICO&#8221;<\/h3>\n<\/blockquote>\n<p><strong><a href=\"https:\/\/www.radiopiu.net\/wordpress\/giornale-radiopiu-20-agosto-2018-direttore-mirko-mezzacasa\/fabio-rufus\/\" rel=\"attachment wp-att-58379\"><img loading=\"lazy\" decoding=\"async\" class=\"size-medium wp-image-58379 alignleft\" src=\"https:\/\/www.radiopiu.net\/wordpress\/wp-content\/uploads\/2018\/08\/FABIO-RUFUS-300x300.jpg\" alt=\"\" width=\"300\" height=\"300\" srcset=\"https:\/\/www.radiopiu.net\/wordpress\/wp-content\/uploads\/2018\/08\/FABIO-RUFUS-300x300.jpg 300w, https:\/\/www.radiopiu.net\/wordpress\/wp-content\/uploads\/2018\/08\/FABIO-RUFUS-150x150.jpg 150w, https:\/\/www.radiopiu.net\/wordpress\/wp-content\/uploads\/2018\/08\/FABIO-RUFUS-768x768.jpg 768w, https:\/\/www.radiopiu.net\/wordpress\/wp-content\/uploads\/2018\/08\/FABIO-RUFUS.jpg 928w\" sizes=\"auto, (max-width: 300px) 100vw, 300px\" \/><\/a>BELLUNO<\/strong> Lettera aperta di Fabio &#8220;Rufus&#8221; Bristot, Consigliere nazionale del Corpo Nazionale Soccorso Alpino e Spelologico, in occasione del dodicesimo anniversario della tragedia di Falco.<\/p>\n<blockquote><p><em>Oggi ricorre il 12esimo anniversario di \u201cFalco&#8221; (I REMS), l\u2019elicottero del 118 di Pieve di Cadore, i cui membri dell&#8217;equipaggio in servizio il 22 agosto 2009 persero la vita nello schianto del mezzo dopo che lo stesso aver urtato i cavi di una linea di media tensione nel corso di una ricognizione attivata dal 118 a seguito di una telefonata ricevuta dal 112. Ricordare diventa spesso un orpello vuoto di significato e che scolora di anno in anno se, a questo esercizio, non si associa un qualcosa di sostanziale. Nel nostro caso ricordare Dario De Felip (Pilota), Fabrizio Spaziani (medico 118 e tecnico del Soccorso Alpino), Marco Zago (tecnico aeronautico e tecnico del soccorso Alpino) e Stefano da Forno (tecnico di Soccorso Allpino) vuol dire ancora una volta parlare di ostacoli al volo. Con grande tenacia si \u00e8 riusciti a far approvare da parte della Regione Veneto, nel 2012, una specifica legge regionale che, ad oggi, deve per\u00f2 ancora tradurre in pratica tutti i principi ivi contenuti. Una buona legge senza dubbio, la cui applicazione puntuale si \u00e8 sempre scontrata con il fatto che manca in realt\u00e0 una norma di livello nazionale, norma che dopo 12 anni dalla tragedia di Falco dovrebbe essere davvero licenziata dal Parlamento non fosse altro che per rendere almeno ragione delle 55 vittime e dei 33 feriti gravi occorsi solo negli ultimi decenni, sia nel settore civile sia in quello militare e degli enti dello Stato.<\/em><br \/>\n<em>Neppure il Tavolo Tecnico istituito presso la Protezione Civile un paio d\u2019anni fa \u00e8 arrivato al dunque, cio\u00e8 non \u00e8 riuscito a modificare lo stato delle cose e a rimuovere le criticit\u00e0 esistenti. Da qui la necessit\u00e0 che la politica con grande energia e consapevolezza, senza pi\u00f9 alcun tentennamento, prenda in mano senza indugio gli attuali tre progetti di legge oggi depositati Parlamento (PDL De Menech, PDL De Carlo e PDL D\u2019Inc\u00e0\u2019), li unifichi e in modo bipartisan porti all\u2019approvazione un testo che dimostri come anche l\u2019Italia, come altri paesi europei hanno gi\u00e0 fatto, entri nella civilt\u00e0 in questo specifico settore che sia chiama sicurezza. Sicurezza a tutto tondo, non solo per gli equipaggi ma anche per gli stessi potenziali utenti. La politica, dunque, rimetta al centro la sicurezza con una propria azione legislativa e riprenda in mano con autorevolezza le fila di un percorso iniziato proprio in quel pomeriggio tragico che tutta la comunit\u00e0 della montagna ricorda e ricorder\u00e0 per sempre.<\/em><\/p>\n<p><em>Fabio Bristot &#8211; Rufus <\/em><br \/>\n<em>Consigliere nazionale del Corpo Nazionale Soccorso Alpino e Spelologico<\/em><\/p><\/blockquote>\n<p>&nbsp;<\/p>\n<p><em><strong>IL REPORT (10 PAGINE)<\/strong><\/em><\/p>\n<a href=\"https:\/\/www.radiopiu.net\/wordpress\/wp-content\/uploads\/2021\/08\/2021_08_21_OSTACOLI_AL_VOLO_BRISTOT_RUFUS_FINALE.pdf\" class=\"pdfemb-viewer\" style=\"\" data-width=\"max\" data-height=\"max\" data-toolbar=\"top\" data-toolbar-fixed=\"on\">2021_08_21_OSTACOLI_AL_VOLO_BRISTOT_RUFUS_FINALE<\/a>\n<p>&nbsp;<\/p>\n<hr \/>\n<p>&nbsp;<\/p>\n<blockquote>\n<h3>OGGI IL DODICESIMO ANNIVERSARIO DELLA TRAGEDIA DI \u201cFALCO\u201d<\/h3>\n<\/blockquote>\n<p><strong><a href=\"https:\/\/www.radiopiu.net\/wordpress\/la-protesta-delle-maestre-uno-schengen-sanitario-per-il-turismo-e-altro-dalla-conferenza-stampa-di-zaia\/zaia-40\/\" rel=\"attachment wp-att-139388\"><img loading=\"lazy\" decoding=\"async\" class=\"size-medium wp-image-139388 alignleft\" src=\"https:\/\/www.radiopiu.net\/wordpress\/wp-content\/uploads\/2020\/05\/ZAIA-1-300x225.jpg\" alt=\"\" width=\"300\" height=\"225\" srcset=\"https:\/\/www.radiopiu.net\/wordpress\/wp-content\/uploads\/2020\/05\/ZAIA-1-300x225.jpg 300w, https:\/\/www.radiopiu.net\/wordpress\/wp-content\/uploads\/2020\/05\/ZAIA-1.jpg 656w\" sizes=\"auto, (max-width: 300px) 100vw, 300px\" \/><\/a>VENEZIA &#8220;<\/strong><em>Dario, Fabrizio, Marco e Stefano sono nomi rimasti scolpiti per sempre nella roccia delle nostre Dolomiti e nel nostro cuore. Oggi ricorrono dodici anni dal loro generoso ed eroico sacrificio. Un lasso di tempo che non ha stemperato l\u2019impressione e il dolore di quella tragedia; ogni volta che le pale di un elicottero rompono il silenzio della nostra montagna, il pensiero va a loro, alla loro sconfinata generosit\u00e0 e alla loro sfortunata ultima missione<\/em>\u201d. Con queste parole, il Presidente della Regione del Veneto, alla vigilia del dodicesimo anniversario, ricorda le vittime della tragedia del 22 agosto 2009, quando morirono in un incidente i quattro componenti dell\u2019equipaggio di \u201cFalco\u201d, l\u2019elicottero del Soccorso Alpino e del Suem 118, precipitato sul Rio Gere, durante una missione nei pressi di Cortina d\u2019Ampezzo. \u201c<em>Ancora una volta \u2013 prosegue il Governatore \u2013 in questo triste anniversario ci stringiamo alle famiglie degli eroi di Falco e a quelle di tutti coloro che in servizio col Soccorso Alpino, le Forze dell\u2019Ordine, le Forze armate, il SUEM 118, la Protezione Civile, i Vigili del Fuoco, hanno perso la vita per soccorrere le persone in difficolt\u00e0. Le lacrime di queste famiglie meritano rispetto e una considerazione non soltanto di circostanza. Dal loro dolore ci giunge il monito che i primi a dover tutelare i soccorritori siamo noi con comportamenti responsabili che non richiedano ad altri di dover mettere a repentaglio la loro vita per intervenire in nostro soccorso. Troppo spesso la cronaca ci racconta di sprovveduti e incoscienti che affrontano la montagna senza attrezzature ed esperienza adeguate, magari in ciabattine. Il ricordo di questa tragedia insegni a tutti che la montagna non \u00e8 un parco giochi e con la vita non si scherza<\/em>\u201d. \u201c<em>Oggi \u00e8 il giorno del ricordo e del dolore \u2013 conclude il Presidente -. Ma \u00e8 anche l\u2019occasione per esprimere l\u2019orgoglio che questa terra prova di fronte a tutti coloro che ogni giorno senza clamore compiono un lavoro difficile e rischioso, con passione e professionalit\u00e0, ben sapendo che potrebbe essere anche fatale<\/em>\u201d.<\/p>\n<p>&nbsp;<\/p>\n<p>&nbsp;<\/p>\n<hr \/>\n<p>&nbsp;<\/p>\n<blockquote>\n<h3>UNA NUOVA STRUTTURA NEL PIAZZALE LUXOTTICA, A COSA SERVIRA&#8217;?<\/h3>\n<\/blockquote>\n<p><strong>AGORDO<\/strong> Lavori in corso in localit\u00e0 Valcozzena, \u00e8 in costruzione un nuovo capannone, a cosa servir\u00e0? Domanda frequente sui social, in molti\u00a0 si sono convijnti si tratti di una struttura al coperto per i no vax che non potranno senza green pass accedere alla mensa, sempre meglio di un assembramento sulla scala o in corridoio in caso di pioggia se cosi&#8217; fosse. Tra le tante ipotesi non manca la pi\u00f9 balzana, Scrive <span class=\"\"><span class=\"nc684nl6\"><a class=\"oajrlxb2 g5ia77u1 qu0x051f esr5mh6w e9989ue4 r7d6kgcz rq0escxv nhd2j8a9 nc684nl6 p7hjln8o kvgmc6g5 cxmmr5t8 oygrvhab hcukyx3x jb3vyjys rz4wbd8a qt6c0cv9 a8nywdso i1ao9s8h esuyzwwr f1sip0of lzcic4wl gmql0nx0 gpro0wi8\" tabindex=\"0\" role=\"link\" href=\"https:\/\/www.facebook.com\/groups\/232838103592459\/user\/1460601375\/?__cft__[0]=AZW4-GlrzPaVdl82g7m0RXzsmGPBUFfMceKQGkcyvlWTV90HrfpWVfEy3-MYoKqBQfguqZdsrQjHAJ7HcZ3vZN557F-dqRXH81yNWFcpphec4XFpS9xSoLpFgTQmN_up8Y71oHcE1bd14xCVYN3nTPFo-H4KGU14hbWWgCV6s6-31n9GxD2v3ZiEr37IkSVxvn4&amp;__tn__=R]-R\"><span class=\"pq6dq46d\"><span class=\"d2edcug0 hpfvmrgz qv66sw1b c1et5uql lr9zc1uh a8c37x1j keod5gw0 nxhoafnm aigsh9s9 d9wwppkn fe6kdd0r mau55g9w c8b282yb mdeji52x e9vueds3 j5wam9gi lrazzd5p oo9gr5id\" dir=\"auto\">Matteo Marcadent.<\/span><\/span><\/a> <\/span><\/span><em>Marted\u00ec e venerd\u00ec musica live coi Tirataie<\/em><\/p>\n<p><a href=\"https:\/\/www.radiopiu.net\/wordpress\/una-nuova-struttura-nel-piazzale-luxottica-a-cosa-servira\/c523750c-b1d8-4fe6-85ea-800d0af490ca\/\" rel=\"attachment wp-att-228897\"><img loading=\"lazy\" decoding=\"async\" class=\"alignnone size-medium wp-image-228897\" src=\"https:\/\/www.radiopiu.net\/wordpress\/wp-content\/uploads\/2021\/08\/c523750c-b1d8-4fe6-85ea-800d0af490ca-300x225.jpg\" alt=\"\" width=\"300\" height=\"225\" srcset=\"https:\/\/www.radiopiu.net\/wordpress\/wp-content\/uploads\/2021\/08\/c523750c-b1d8-4fe6-85ea-800d0af490ca-300x225.jpg 300w, https:\/\/www.radiopiu.net\/wordpress\/wp-content\/uploads\/2021\/08\/c523750c-b1d8-4fe6-85ea-800d0af490ca-1024x768.jpg 1024w, https:\/\/www.radiopiu.net\/wordpress\/wp-content\/uploads\/2021\/08\/c523750c-b1d8-4fe6-85ea-800d0af490ca-768x576.jpg 768w, https:\/\/www.radiopiu.net\/wordpress\/wp-content\/uploads\/2021\/08\/c523750c-b1d8-4fe6-85ea-800d0af490ca-1536x1152.jpg 1536w, https:\/\/www.radiopiu.net\/wordpress\/wp-content\/uploads\/2021\/08\/c523750c-b1d8-4fe6-85ea-800d0af490ca.jpg 1600w\" sizes=\"auto, (max-width: 300px) 100vw, 300px\" \/><\/a><\/p>\n<p>&nbsp;<\/p>\n<hr \/>\n<p>&nbsp;<\/p>\n<blockquote class=\"wp-embedded-content\" data-secret=\"f0JIC6nZby\"><p><a href=\"https:\/\/www.radiopiu.net\/wordpress\/aggiornamentoago21\/\">CORONAVIRUS: AGGIORNAMENTO NAZIONALE 21 AGOSTO  2021<\/a><\/p><\/blockquote>\n<p><iframe loading=\"lazy\" class=\"wp-embedded-content\" sandbox=\"allow-scripts\" security=\"restricted\" style=\"position: absolute; clip: rect(1px, 1px, 1px, 1px);\" title=\"&#8220;CORONAVIRUS: AGGIORNAMENTO NAZIONALE 21 AGOSTO  2021&#8221; &#8212; Radio Pi\u00f9\" src=\"https:\/\/www.radiopiu.net\/wordpress\/aggiornamentoago21\/embed\/#?secret=f0JIC6nZby\" data-secret=\"f0JIC6nZby\" width=\"600\" height=\"338\" frameborder=\"0\" marginwidth=\"0\" marginheight=\"0\" scrolling=\"no\"><\/iframe><\/p>\n<p>&nbsp;<\/p>\n<blockquote class=\"wp-embedded-content\" data-secret=\"z2Tmzd2krZ\"><p><a href=\"https:\/\/www.radiopiu.net\/wordpress\/registrate-744-nuove-positivita-in-veneto-nellultima-giornata-aumentano-i-ricoveri-3-decessi\/\">REGISTRATE 744 NUOVE POSITIVITA&#8217; IN VENETO NELL&#8217;ULTIMA GIORNATA. AUMENTANO I RICOVERI, 3 DECESSI<\/a><\/p><\/blockquote>\n<p><iframe loading=\"lazy\" class=\"wp-embedded-content\" sandbox=\"allow-scripts\" security=\"restricted\" style=\"position: absolute; clip: rect(1px, 1px, 1px, 1px);\" title=\"&#8220;REGISTRATE 744 NUOVE POSITIVITA&#8217; IN VENETO NELL&#8217;ULTIMA GIORNATA. AUMENTANO I RICOVERI, 3 DECESSI&#8221; &#8212; Radio Pi\u00f9\" src=\"https:\/\/www.radiopiu.net\/wordpress\/registrate-744-nuove-positivita-in-veneto-nellultima-giornata-aumentano-i-ricoveri-3-decessi\/embed\/#?secret=z2Tmzd2krZ\" data-secret=\"z2Tmzd2krZ\" width=\"600\" height=\"338\" frameborder=\"0\" marginwidth=\"0\" marginheight=\"0\" scrolling=\"no\"><\/iframe><\/p>\n<p>&nbsp;<\/p>\n<h3>I GRAFICI DI TIZIANO DE COL<\/h3>\n\n\t\t\t<style type='text\/css'>\n\t\t\t\t#gallery-3 {\n\t\t\t\t\tmargin: auto;\n\t\t\t\t}\n\t\t\t\t#gallery-3 .gallery-item {\n\t\t\t\t\tfloat: left;\n\t\t\t\t\tmargin-top: 10px;\n\t\t\t\t\ttext-align: center;\n\t\t\t\t\twidth: 20%;\n\t\t\t\t}\n\t\t\t\t#gallery-3 img {\n\t\t\t\t\tborder: 2px solid #cfcfcf;\n\t\t\t\t}\n\t\t\t\t#gallery-3 .gallery-caption {\n\t\t\t\t\tmargin-left: 0;\n\t\t\t\t}\n\t\t\t\t\/* see gallery_shortcode() in wp-includes\/media.php *\/\n\t\t\t<\/style>\n\t\t<div id='gallery-3' class='dt-gallery-container gallery galleryid-228740 gallery-columns-5 gallery-size-medium'><dl class='gallery-item'>\n\t\t\t\t<dt class='gallery-icon landscape'>\n\t\t\t\t\t<a class=\"rollover rollover-zoom dt-pswp-item\" title=\"53e395c9-61da-4bd4-9ddf-663f91a0d3d9\" data-dt-img-description=\"\" data-large_image_width=\"595\" data-large_image_height=\"361\"href='https:\/\/www.radiopiu.net\/wordpress\/wp-content\/uploads\/2021\/08\/53e395c9-61da-4bd4-9ddf-663f91a0d3d9.jpg'><img loading=\"lazy\" decoding=\"async\" width=\"300\" height=\"182\" src=\"https:\/\/www.radiopiu.net\/wordpress\/wp-content\/uploads\/2021\/08\/53e395c9-61da-4bd4-9ddf-663f91a0d3d9-300x182.jpg\" class=\"attachment-medium size-medium\" alt=\"\" srcset=\"https:\/\/www.radiopiu.net\/wordpress\/wp-content\/uploads\/2021\/08\/53e395c9-61da-4bd4-9ddf-663f91a0d3d9-300x182.jpg 300w, https:\/\/www.radiopiu.net\/wordpress\/wp-content\/uploads\/2021\/08\/53e395c9-61da-4bd4-9ddf-663f91a0d3d9.jpg 595w\" sizes=\"auto, (max-width: 300px) 100vw, 300px\" \/><\/a>\n\t\t\t\t<\/dt><\/dl><dl class='gallery-item'>\n\t\t\t\t<dt class='gallery-icon landscape'>\n\t\t\t\t\t<a class=\"rollover rollover-zoom dt-pswp-item\" title=\"45014502-c796-45b7-8c6f-265f0677d61b\" data-dt-img-description=\"\" data-large_image_width=\"600\" data-large_image_height=\"363\"href='https:\/\/www.radiopiu.net\/wordpress\/wp-content\/uploads\/2021\/08\/45014502-c796-45b7-8c6f-265f0677d61b.jpg'><img loading=\"lazy\" decoding=\"async\" width=\"300\" height=\"182\" src=\"https:\/\/www.radiopiu.net\/wordpress\/wp-content\/uploads\/2021\/08\/45014502-c796-45b7-8c6f-265f0677d61b-300x182.jpg\" class=\"attachment-medium size-medium\" alt=\"\" srcset=\"https:\/\/www.radiopiu.net\/wordpress\/wp-content\/uploads\/2021\/08\/45014502-c796-45b7-8c6f-265f0677d61b-300x182.jpg 300w, https:\/\/www.radiopiu.net\/wordpress\/wp-content\/uploads\/2021\/08\/45014502-c796-45b7-8c6f-265f0677d61b.jpg 600w\" sizes=\"auto, (max-width: 300px) 100vw, 300px\" \/><\/a>\n\t\t\t\t<\/dt><\/dl><dl class='gallery-item'>\n\t\t\t\t<dt class='gallery-icon landscape'>\n\t\t\t\t\t<a class=\"rollover rollover-zoom dt-pswp-item\" title=\"5a0a6d2a-7f14-4823-9c60-fa258f025b3f\" data-dt-img-description=\"\" data-large_image_width=\"606\" data-large_image_height=\"349\"href='https:\/\/www.radiopiu.net\/wordpress\/wp-content\/uploads\/2021\/08\/5a0a6d2a-7f14-4823-9c60-fa258f025b3f.jpg'><img loading=\"lazy\" decoding=\"async\" width=\"300\" height=\"173\" src=\"https:\/\/www.radiopiu.net\/wordpress\/wp-content\/uploads\/2021\/08\/5a0a6d2a-7f14-4823-9c60-fa258f025b3f-300x173.jpg\" class=\"attachment-medium size-medium\" alt=\"\" srcset=\"https:\/\/www.radiopiu.net\/wordpress\/wp-content\/uploads\/2021\/08\/5a0a6d2a-7f14-4823-9c60-fa258f025b3f-300x173.jpg 300w, https:\/\/www.radiopiu.net\/wordpress\/wp-content\/uploads\/2021\/08\/5a0a6d2a-7f14-4823-9c60-fa258f025b3f.jpg 606w\" sizes=\"auto, (max-width: 300px) 100vw, 300px\" \/><\/a>\n\t\t\t\t<\/dt><\/dl><dl class='gallery-item'>\n\t\t\t\t<dt class='gallery-icon landscape'>\n\t\t\t\t\t<a class=\"rollover rollover-zoom dt-pswp-item\" title=\"363bd410-d06d-4a3b-8dff-dda2f31398b7\" data-dt-img-description=\"\" data-large_image_width=\"600\" data-large_image_height=\"355\"href='https:\/\/www.radiopiu.net\/wordpress\/wp-content\/uploads\/2021\/08\/363bd410-d06d-4a3b-8dff-dda2f31398b7.jpg'><img loading=\"lazy\" decoding=\"async\" width=\"300\" height=\"178\" src=\"https:\/\/www.radiopiu.net\/wordpress\/wp-content\/uploads\/2021\/08\/363bd410-d06d-4a3b-8dff-dda2f31398b7-300x178.jpg\" class=\"attachment-medium size-medium\" alt=\"\" srcset=\"https:\/\/www.radiopiu.net\/wordpress\/wp-content\/uploads\/2021\/08\/363bd410-d06d-4a3b-8dff-dda2f31398b7-300x178.jpg 300w, https:\/\/www.radiopiu.net\/wordpress\/wp-content\/uploads\/2021\/08\/363bd410-d06d-4a3b-8dff-dda2f31398b7.jpg 600w\" sizes=\"auto, (max-width: 300px) 100vw, 300px\" \/><\/a>\n\t\t\t\t<\/dt><\/dl><dl class='gallery-item'>\n\t\t\t\t<dt class='gallery-icon landscape'>\n\t\t\t\t\t<a class=\"rollover rollover-zoom dt-pswp-item\" title=\"64d24536-b4b7-49df-88e5-dafbc2802b19\" data-dt-img-description=\"\" data-large_image_width=\"600\" data-large_image_height=\"362\"href='https:\/\/www.radiopiu.net\/wordpress\/wp-content\/uploads\/2021\/08\/64d24536-b4b7-49df-88e5-dafbc2802b19.jpg'><img loading=\"lazy\" decoding=\"async\" width=\"300\" height=\"181\" src=\"https:\/\/www.radiopiu.net\/wordpress\/wp-content\/uploads\/2021\/08\/64d24536-b4b7-49df-88e5-dafbc2802b19-300x181.jpg\" class=\"attachment-medium size-medium\" alt=\"\" srcset=\"https:\/\/www.radiopiu.net\/wordpress\/wp-content\/uploads\/2021\/08\/64d24536-b4b7-49df-88e5-dafbc2802b19-300x181.jpg 300w, https:\/\/www.radiopiu.net\/wordpress\/wp-content\/uploads\/2021\/08\/64d24536-b4b7-49df-88e5-dafbc2802b19.jpg 600w\" sizes=\"auto, (max-width: 300px) 100vw, 300px\" \/><\/a>\n\t\t\t\t<\/dt><\/dl><br style=\"clear: both\" \/>\n\t\t\t<\/div>\n\n<p>&nbsp;<\/p>\n<hr \/>\n<p>&nbsp;<\/p>\n<blockquote>\n<h3>CONTINUA LA GENEROSIT\u00c0 A FAVORE DEGLI OSPEDALI DELLA ULSS 1 DOLOMITI<\/h3>\n<\/blockquote>\n<p><strong><a href=\"https:\/\/www.radiopiu.net\/wordpress\/monoclonali-pronti-per-la-somministrazione-in-ulss-1-dolomiti\/ulss-1-2\/\" rel=\"attachment wp-att-198838\"><img loading=\"lazy\" decoding=\"async\" class=\"size-medium wp-image-198838 alignleft\" src=\"https:\/\/www.radiopiu.net\/wordpress\/wp-content\/uploads\/2021\/03\/ULSS-1-300x158.jpg\" alt=\"\" width=\"300\" height=\"158\" srcset=\"https:\/\/www.radiopiu.net\/wordpress\/wp-content\/uploads\/2021\/03\/ULSS-1-300x158.jpg 300w, https:\/\/www.radiopiu.net\/wordpress\/wp-content\/uploads\/2021\/03\/ULSS-1-768x404.jpg 768w, https:\/\/www.radiopiu.net\/wordpress\/wp-content\/uploads\/2021\/03\/ULSS-1.jpg 776w\" sizes=\"auto, (max-width: 300px) 100vw, 300px\" \/><\/a>BELLUNO <\/strong>Continuano i gesti di generosit\u00e0 di Associazioni e singoli cittadini verso l\u2019Ulss Dolomiti. L\u2019Associazione \u201cArianna \u2013 Filo della Solidariet\u00e0 per la prevenzione e la cura delle malattie dell\u2019apparato digerente\u201d ha donato un videocolonscopio alla Gastroenterologia di Feltre del valore di 30.500 euro che andr\u00e0 a potenziare ulteriorimente le dotazioni tecnologiche dell\u2019unit\u00e0 operativa. L\u2019Associazione ADMO Associaizone donatori Midollo Osseso \u2013 sezione di Belluno ha donato 3 poltrone da prelievo del valore di oltre 10 mila euro al Trasfusionale di Feltre per rendere ancor pi\u00f9 confortevoli i prelievi. Infine, un privato cittadino ha donato mille euro alle cure palliative di Belluno. L\u2019Ulss Dolomiti ringrazia per queste generose donazioni che dimostrano l\u2019attenzione del territorio alle nostre strutture e spingono a potenziare sempre di pi\u00f9 i servizi offerti, con attenzione al rinnovo continuo del parco tecnologico e al benessere delle persone assistite anche attraverso la cura degli ambienti.<\/p>\n<p>&nbsp;<\/p>\n<p>&nbsp;<\/p>\n<hr \/>\n<p>&nbsp;<\/p>\n<blockquote>\n<h3>IL COMUNE DI CANALE D&#8217;AGORDO PENSA ALLA NUOVA ILLUMINAZIONE A FREGONA<\/h3>\n<\/blockquote>\n<p><strong><a href=\"https:\/\/www.radiopiu.net\/wordpress\/giornale-radiopiu-03-giugno-2020-direttore-mirko-mezzacasa\/canale-dagordo-6\/\" rel=\"attachment wp-att-142143\"><img loading=\"lazy\" decoding=\"async\" class=\"size-medium wp-image-142143 alignleft\" src=\"https:\/\/www.radiopiu.net\/wordpress\/wp-content\/uploads\/2020\/06\/CANALE-DAGORDO-6-300x225.jpg\" alt=\"\" width=\"300\" height=\"225\" srcset=\"https:\/\/www.radiopiu.net\/wordpress\/wp-content\/uploads\/2020\/06\/CANALE-DAGORDO-6-300x225.jpg 300w, https:\/\/www.radiopiu.net\/wordpress\/wp-content\/uploads\/2020\/06\/CANALE-DAGORDO-6-768x576.jpg 768w, https:\/\/www.radiopiu.net\/wordpress\/wp-content\/uploads\/2020\/06\/CANALE-DAGORDO-6.jpg 960w\" sizes=\"auto, (max-width: 300px) 100vw, 300px\" \/><\/a>CANALE D&#8217;AGORDO<\/strong><\/p>\n<p>di Gianni Santomaso<\/p>\n<audio class=\"wp-audio-shortcode\" id=\"audio-228740-4\" preload=\"none\" style=\"width: 100%;\" controls=\"controls\"><source type=\"audio\/mpeg\" src=\"https:\/\/www.radiopiu.net\/wordpress\/wp-content\/uploads\/2021\/08\/GIANNI-ILLUMINAZIONE-FREGONA-CANALE.mp3?_=4\" \/><a href=\"https:\/\/www.radiopiu.net\/wordpress\/wp-content\/uploads\/2021\/08\/GIANNI-ILLUMINAZIONE-FREGONA-CANALE.mp3\">https:\/\/www.radiopiu.net\/wordpress\/wp-content\/uploads\/2021\/08\/GIANNI-ILLUMINAZIONE-FREGONA-CANALE.mp3<\/a><\/audio>\n<p>&nbsp;<\/p>\n<hr \/>\n<p>&nbsp;<\/p>\n<blockquote>\n<h3>AL CAPITELLO DEI TOS SI E&#8217; RICORDATO IL FURTO SACRILEGO DELLA META&#8217; DEGLI ANNI 80<\/h3>\n<\/blockquote>\n<p><strong>RIVAMONTE<\/strong><\/p>\n<p>di Gianni Santomaso<\/p>\n<audio class=\"wp-audio-shortcode\" id=\"audio-228740-5\" preload=\"none\" style=\"width: 100%;\" controls=\"controls\"><source type=\"audio\/mpeg\" src=\"https:\/\/www.radiopiu.net\/wordpress\/wp-content\/uploads\/2021\/08\/GIANNI-MESSA-TOS.mp3?_=5\" \/><a href=\"https:\/\/www.radiopiu.net\/wordpress\/wp-content\/uploads\/2021\/08\/GIANNI-MESSA-TOS.mp3\">https:\/\/www.radiopiu.net\/wordpress\/wp-content\/uploads\/2021\/08\/GIANNI-MESSA-TOS.mp3<\/a><\/audio>\n<p>&nbsp;<\/p>\n\n\t\t\t<style type='text\/css'>\n\t\t\t\t#gallery-4 {\n\t\t\t\t\tmargin: auto;\n\t\t\t\t}\n\t\t\t\t#gallery-4 .gallery-item {\n\t\t\t\t\tfloat: left;\n\t\t\t\t\tmargin-top: 10px;\n\t\t\t\t\ttext-align: center;\n\t\t\t\t\twidth: 50%;\n\t\t\t\t}\n\t\t\t\t#gallery-4 img {\n\t\t\t\t\tborder: 2px solid #cfcfcf;\n\t\t\t\t}\n\t\t\t\t#gallery-4 .gallery-caption {\n\t\t\t\t\tmargin-left: 0;\n\t\t\t\t}\n\t\t\t\t\/* see gallery_shortcode() in wp-includes\/media.php *\/\n\t\t\t<\/style>\n\t\t<div id='gallery-4' class='dt-gallery-container gallery galleryid-228740 gallery-columns-2 gallery-size-medium'><dl class='gallery-item'>\n\t\t\t\t<dt class='gallery-icon portrait'>\n\t\t\t\t\t<a class=\"rollover rollover-zoom dt-pswp-item\" title=\"IMG-20210810-WA0047\" data-dt-img-description=\"\" data-large_image_width=\"1536\" data-large_image_height=\"2048\"href='https:\/\/www.radiopiu.net\/wordpress\/wp-content\/uploads\/2021\/08\/IMG-20210810-WA0047.jpg'><img loading=\"lazy\" decoding=\"async\" width=\"225\" height=\"300\" src=\"https:\/\/www.radiopiu.net\/wordpress\/wp-content\/uploads\/2021\/08\/IMG-20210810-WA0047-225x300.jpg\" class=\"attachment-medium size-medium\" alt=\"\" srcset=\"https:\/\/www.radiopiu.net\/wordpress\/wp-content\/uploads\/2021\/08\/IMG-20210810-WA0047-225x300.jpg 225w, https:\/\/www.radiopiu.net\/wordpress\/wp-content\/uploads\/2021\/08\/IMG-20210810-WA0047-768x1024.jpg 768w, https:\/\/www.radiopiu.net\/wordpress\/wp-content\/uploads\/2021\/08\/IMG-20210810-WA0047-1152x1536.jpg 1152w, https:\/\/www.radiopiu.net\/wordpress\/wp-content\/uploads\/2021\/08\/IMG-20210810-WA0047.jpg 1536w\" sizes=\"auto, (max-width: 225px) 100vw, 225px\" \/><\/a>\n\t\t\t\t<\/dt><\/dl><dl class='gallery-item'>\n\t\t\t\t<dt class='gallery-icon landscape'>\n\t\t\t\t\t<a class=\"rollover rollover-zoom dt-pswp-item\" title=\"IMG-20210810-WA0048\" data-dt-img-description=\"\" data-large_image_width=\"2048\" data-large_image_height=\"1536\"href='https:\/\/www.radiopiu.net\/wordpress\/wp-content\/uploads\/2021\/08\/IMG-20210810-WA0048.jpg'><img loading=\"lazy\" decoding=\"async\" width=\"300\" height=\"225\" src=\"https:\/\/www.radiopiu.net\/wordpress\/wp-content\/uploads\/2021\/08\/IMG-20210810-WA0048-300x225.jpg\" class=\"attachment-medium size-medium\" alt=\"\" srcset=\"https:\/\/www.radiopiu.net\/wordpress\/wp-content\/uploads\/2021\/08\/IMG-20210810-WA0048-300x225.jpg 300w, https:\/\/www.radiopiu.net\/wordpress\/wp-content\/uploads\/2021\/08\/IMG-20210810-WA0048-1024x768.jpg 1024w, https:\/\/www.radiopiu.net\/wordpress\/wp-content\/uploads\/2021\/08\/IMG-20210810-WA0048-768x576.jpg 768w, https:\/\/www.radiopiu.net\/wordpress\/wp-content\/uploads\/2021\/08\/IMG-20210810-WA0048-1536x1152.jpg 1536w, https:\/\/www.radiopiu.net\/wordpress\/wp-content\/uploads\/2021\/08\/IMG-20210810-WA0048.jpg 2048w\" sizes=\"auto, (max-width: 300px) 100vw, 300px\" \/><\/a>\n\t\t\t\t<\/dt><\/dl><br style=\"clear: both\" \/>\n\t\t\t<\/div>\n\n<p>&nbsp;<\/p>\n<hr \/>\n<p>&nbsp;<\/p>\n<blockquote>\n<h3>TERNA FARA&#8217; PULIZIA DI RAMI ED ALBERI PRESENTI SOTTO L&#8217;ALTA TENSIONE A LA VALLE<\/h3>\n<\/blockquote>\n<p><strong><a href=\"https:\/\/www.radiopiu.net\/wordpress\/quattro-feriti-nellincidente-al-peron-203-agordina\/7f76dd04-b66f-45c1-9dcc-d90b35f93c78\/\" rel=\"attachment wp-att-215874\"><img loading=\"lazy\" decoding=\"async\" class=\"size-medium wp-image-215874 alignleft\" src=\"https:\/\/www.radiopiu.net\/wordpress\/wp-content\/uploads\/2021\/06\/7f76dd04-b66f-45c1-9dcc-d90b35f93c78-300x169.jpg\" alt=\"\" width=\"300\" height=\"169\" srcset=\"https:\/\/www.radiopiu.net\/wordpress\/wp-content\/uploads\/2021\/06\/7f76dd04-b66f-45c1-9dcc-d90b35f93c78-300x169.jpg 300w, https:\/\/www.radiopiu.net\/wordpress\/wp-content\/uploads\/2021\/06\/7f76dd04-b66f-45c1-9dcc-d90b35f93c78-1024x576.jpg 1024w, https:\/\/www.radiopiu.net\/wordpress\/wp-content\/uploads\/2021\/06\/7f76dd04-b66f-45c1-9dcc-d90b35f93c78-768x432.jpg 768w, https:\/\/www.radiopiu.net\/wordpress\/wp-content\/uploads\/2021\/06\/7f76dd04-b66f-45c1-9dcc-d90b35f93c78-1536x864.jpg 1536w, https:\/\/www.radiopiu.net\/wordpress\/wp-content\/uploads\/2021\/06\/7f76dd04-b66f-45c1-9dcc-d90b35f93c78.jpg 1920w\" sizes=\"auto, (max-width: 300px) 100vw, 300px\" \/><\/a>LA VALLE<\/strong><\/p>\n<p>di Gianni Santomaso<\/p>\n<audio class=\"wp-audio-shortcode\" id=\"audio-228740-6\" preload=\"none\" style=\"width: 100%;\" controls=\"controls\"><source type=\"audio\/mpeg\" src=\"https:\/\/www.radiopiu.net\/wordpress\/wp-content\/uploads\/2021\/08\/GIANNI-TERNA-LA-VALLE.mp3?_=6\" \/><a href=\"https:\/\/www.radiopiu.net\/wordpress\/wp-content\/uploads\/2021\/08\/GIANNI-TERNA-LA-VALLE.mp3\">https:\/\/www.radiopiu.net\/wordpress\/wp-content\/uploads\/2021\/08\/GIANNI-TERNA-LA-VALLE.mp3<\/a><\/audio>\n<p>&nbsp;<\/p>\n<hr \/>\n<p>&nbsp;<\/p>\n<blockquote>\n<h3>SCADE GIOVEDI&#8217; IL BANDO PER L&#8217;AFFIDAMENTO DEL BAR ALL&#8217;ALVISE DE TONI DI ALLEGHE<\/h3>\n<\/blockquote>\n<p><strong><a href=\"https:\/\/www.radiopiu.net\/wordpress\/novita-allo-stadio-alvise-de-toni-di-alleghe\/palaghiaccio-alleghe\/\" rel=\"attachment wp-att-139543\"><img loading=\"lazy\" decoding=\"async\" class=\"size-medium wp-image-139543 alignleft\" src=\"https:\/\/www.radiopiu.net\/wordpress\/wp-content\/uploads\/2020\/05\/PALAGHIACCIO-Alleghe-300x225.jpg\" alt=\"\" width=\"300\" height=\"225\" srcset=\"https:\/\/www.radiopiu.net\/wordpress\/wp-content\/uploads\/2020\/05\/PALAGHIACCIO-Alleghe-300x225.jpg 300w, https:\/\/www.radiopiu.net\/wordpress\/wp-content\/uploads\/2020\/05\/PALAGHIACCIO-Alleghe.jpg 640w\" sizes=\"auto, (max-width: 300px) 100vw, 300px\" \/><\/a>ALLEGHE<\/strong><\/p>\n<p>di Gianni Santomaso<\/p>\n<audio class=\"wp-audio-shortcode\" id=\"audio-228740-7\" preload=\"none\" style=\"width: 100%;\" controls=\"controls\"><source type=\"audio\/mpeg\" src=\"https:\/\/www.radiopiu.net\/wordpress\/wp-content\/uploads\/2021\/08\/GIANNI-BAR-PALAGHIACCIO-ALLEGHE.mp3?_=7\" \/><a href=\"https:\/\/www.radiopiu.net\/wordpress\/wp-content\/uploads\/2021\/08\/GIANNI-BAR-PALAGHIACCIO-ALLEGHE.mp3\">https:\/\/www.radiopiu.net\/wordpress\/wp-content\/uploads\/2021\/08\/GIANNI-BAR-PALAGHIACCIO-ALLEGHE.mp3<\/a><\/audio>\n<p>&nbsp;<\/p>\n<hr \/>\n<p>&nbsp;<\/p>\n<blockquote>\n<h3 class=\"p1\"><span class=\"s1\">TURISMO, BOND: \u00abBENE IL MESE DI AGOSTO, ORA SERVONO CERTEZZE PER FAR PARTIRE L\u2019INVERNO\u00bb<\/span><\/h3>\n<\/blockquote>\n<p class=\"p1\"><span class=\"s1\"><strong><a href=\"https:\/\/www.radiopiu.net\/wordpress\/dario-bond-e-il-bando-sul-direttore-della-fondazione-unesco\/dario-bond-12\/\" rel=\"attachment wp-att-191054\"><img loading=\"lazy\" decoding=\"async\" class=\"size-medium wp-image-191054 alignleft\" src=\"https:\/\/www.radiopiu.net\/wordpress\/wp-content\/uploads\/2021\/02\/DARIO-BOND-300x138.jpg\" alt=\"\" width=\"300\" height=\"138\" srcset=\"https:\/\/www.radiopiu.net\/wordpress\/wp-content\/uploads\/2021\/02\/DARIO-BOND-300x138.jpg 300w, https:\/\/www.radiopiu.net\/wordpress\/wp-content\/uploads\/2021\/02\/DARIO-BOND-1024x472.jpg 1024w, https:\/\/www.radiopiu.net\/wordpress\/wp-content\/uploads\/2021\/02\/DARIO-BOND-768x354.jpg 768w, https:\/\/www.radiopiu.net\/wordpress\/wp-content\/uploads\/2021\/02\/DARIO-BOND-1536x708.jpg 1536w, https:\/\/www.radiopiu.net\/wordpress\/wp-content\/uploads\/2021\/02\/DARIO-BOND.jpg 1600w\" sizes=\"auto, (max-width: 300px) 100vw, 300px\" \/><\/a>ROMA <\/strong>\u00ab<em>Il turismo montano ha retto il colpo durante l\u2019estate. Ora per\u00f2 servono certezze per preparare l\u2019inverno. Un\u2019altra stagione come quella dello scorso anno sarebbe mortale<\/em>\u00bb. \u00c8 quanto afferma il deputato Dario Bond. <\/span><span class=\"s1\">\u00ab<em>La montagna, complice anche il gran caldo della pianura, ha fatto registrare dati molto buoni, in particolare nel mese di agosto. Non \u00e8 comunque sufficiente per riequilibrare le perdite dei mesi invernali, quando la pandemia e le misure Covid hanno di fatto bloccato qualsiasi tipo di lavoro nelle localit\u00e0 sciistiche, mandando in difficolt\u00e0 imprese e famiglie. Ecco perch\u00e9 servono fin da subito certezze per il prossimo inverno. Primo per permettere a impiantisti, albergatori e imprese di preparare la stagione e adeguarsi a eventuali misure anti-Covid da adottare. Secondo per reperire quel personale stagionale che proprio lo scorso inverno si \u00e8 diretto verso altri lavori, lasciando scoperte diverse mansioni. Il governo non permetta decisioni dell\u2019ultima ora come \u00e8 stato pochi mesi fa. Perch\u00e9 pensare a un\u2019altra stagione persa significherebbe morte certa per la montagna. Tra l\u2019altro, ci sono imprese e lavoratori ancora in attesa dei ristori<\/em>\u00bb.<\/span><\/p>\n<p>&nbsp;<\/p>\n<p>&nbsp;<\/p>\n<hr \/>\n<p>&nbsp;<\/p>\n<blockquote>\n<h3>AL NOF FILO&#8217; DI CENCENIGHE RENATO MARTINONI HA PRESENTATO IL LIBRO &#8220;LA CAMPANA DI MARBACH&#8221;<\/h3>\n<\/blockquote>\n<p><strong>CENCENIGHE<\/strong> Al Nof Fil\u00f2 di Cencenighe, in concomitanza con la mostra di Dunio Piccolin, \u00e8 stato ospite lo scrittore Renato Martinoni che ha presentato il suo libro dal titolo &#8220;La Campana Di Marbach&#8221;.<\/p>\n<p><strong>IL SINDACO DI CENCENIGHE MAURO SOPPELSA<\/strong><\/p>\n<audio class=\"wp-audio-shortcode\" id=\"audio-228740-8\" preload=\"none\" style=\"width: 100%;\" controls=\"controls\"><source type=\"audio\/mpeg\" src=\"https:\/\/www.radiopiu.net\/wordpress\/wp-content\/uploads\/2021\/08\/SOPPELSA-MARTINONI.mp3?_=8\" \/><a href=\"https:\/\/www.radiopiu.net\/wordpress\/wp-content\/uploads\/2021\/08\/SOPPELSA-MARTINONI.mp3\">https:\/\/www.radiopiu.net\/wordpress\/wp-content\/uploads\/2021\/08\/SOPPELSA-MARTINONI.mp3<\/a><\/audio>\n<p>&nbsp;<\/p>\n\n\t\t\t<style type='text\/css'>\n\t\t\t\t#gallery-5 {\n\t\t\t\t\tmargin: auto;\n\t\t\t\t}\n\t\t\t\t#gallery-5 .gallery-item {\n\t\t\t\t\tfloat: left;\n\t\t\t\t\tmargin-top: 10px;\n\t\t\t\t\ttext-align: center;\n\t\t\t\t\twidth: 25%;\n\t\t\t\t}\n\t\t\t\t#gallery-5 img {\n\t\t\t\t\tborder: 2px solid #cfcfcf;\n\t\t\t\t}\n\t\t\t\t#gallery-5 .gallery-caption {\n\t\t\t\t\tmargin-left: 0;\n\t\t\t\t}\n\t\t\t\t\/* see gallery_shortcode() in wp-includes\/media.php *\/\n\t\t\t<\/style>\n\t\t<div id='gallery-5' class='dt-gallery-container gallery galleryid-228740 gallery-columns-4 gallery-size-thumbnail'><dl class='gallery-item'>\n\t\t\t\t<dt class='gallery-icon landscape'>\n\t\t\t\t\t<a class=\"rollover rollover-zoom dt-pswp-item\" title=\"6cdef076-846f-4b91-8b8a-ad8176a9bd5b\" data-dt-img-description=\"\" data-large_image_width=\"1024\" data-large_image_height=\"766\"href='https:\/\/www.radiopiu.net\/wordpress\/wp-content\/uploads\/2021\/08\/6cdef076-846f-4b91-8b8a-ad8176a9bd5b.jpg'><img loading=\"lazy\" decoding=\"async\" width=\"150\" height=\"150\" src=\"https:\/\/www.radiopiu.net\/wordpress\/wp-content\/uploads\/2021\/08\/6cdef076-846f-4b91-8b8a-ad8176a9bd5b-150x150.jpg\" class=\"attachment-thumbnail size-thumbnail\" alt=\"\" \/><\/a>\n\t\t\t\t<\/dt><\/dl><dl class='gallery-item'>\n\t\t\t\t<dt class='gallery-icon landscape'>\n\t\t\t\t\t<a class=\"rollover rollover-zoom dt-pswp-item\" title=\"bd265aad-3a96-4991-9c1a-4287c4909baf\" data-dt-img-description=\"\" data-large_image_width=\"1024\" data-large_image_height=\"766\"href='https:\/\/www.radiopiu.net\/wordpress\/wp-content\/uploads\/2021\/08\/bd265aad-3a96-4991-9c1a-4287c4909baf.jpg'><img loading=\"lazy\" decoding=\"async\" width=\"150\" height=\"150\" src=\"https:\/\/www.radiopiu.net\/wordpress\/wp-content\/uploads\/2021\/08\/bd265aad-3a96-4991-9c1a-4287c4909baf-150x150.jpg\" class=\"attachment-thumbnail size-thumbnail\" alt=\"\" \/><\/a>\n\t\t\t\t<\/dt><\/dl><dl class='gallery-item'>\n\t\t\t\t<dt class='gallery-icon landscape'>\n\t\t\t\t\t<a class=\"rollover rollover-zoom dt-pswp-item\" title=\"6ef04cb3-964d-4526-a4d0-63471687eb1d\" data-dt-img-description=\"\" data-large_image_width=\"1024\" data-large_image_height=\"768\"href='https:\/\/www.radiopiu.net\/wordpress\/wp-content\/uploads\/2021\/08\/6ef04cb3-964d-4526-a4d0-63471687eb1d.jpg'><img loading=\"lazy\" decoding=\"async\" width=\"150\" height=\"150\" src=\"https:\/\/www.radiopiu.net\/wordpress\/wp-content\/uploads\/2021\/08\/6ef04cb3-964d-4526-a4d0-63471687eb1d-150x150.jpg\" class=\"attachment-thumbnail size-thumbnail\" alt=\"\" \/><\/a>\n\t\t\t\t<\/dt><\/dl><dl class='gallery-item'>\n\t\t\t\t<dt class='gallery-icon portrait'>\n\t\t\t\t\t<a class=\"rollover rollover-zoom dt-pswp-item\" title=\"f26147ef-5295-4b4e-a9b1-8158bf07d1ff\" data-dt-img-description=\"\" data-large_image_width=\"766\" data-large_image_height=\"1024\"href='https:\/\/www.radiopiu.net\/wordpress\/wp-content\/uploads\/2021\/08\/f26147ef-5295-4b4e-a9b1-8158bf07d1ff.jpg'><img loading=\"lazy\" decoding=\"async\" width=\"150\" height=\"150\" src=\"https:\/\/www.radiopiu.net\/wordpress\/wp-content\/uploads\/2021\/08\/f26147ef-5295-4b4e-a9b1-8158bf07d1ff-150x150.jpg\" class=\"attachment-thumbnail size-thumbnail\" alt=\"\" \/><\/a>\n\t\t\t\t<\/dt><\/dl><br style=\"clear: both\" \/>\n\t\t\t<\/div>\n\n<p>&nbsp;<\/p>\n<hr \/>\n<p>&nbsp;<\/p>\n<blockquote>\n<h3>UN PO&#8217; PER GIOCO IL 29 AGOSTO A SANTA GIUSTINA<\/h3>\n<\/blockquote>\n<p><strong><a href=\"https:\/\/www.radiopiu.net\/wordpress\/un-po-per-gioco-il-29-agosto-a-santa-giustina\/231262211_103691038688651_1693337942980537310_n\/\" rel=\"attachment wp-att-228671\"><img loading=\"lazy\" decoding=\"async\" class=\"size-medium wp-image-228671 alignleft\" src=\"https:\/\/www.radiopiu.net\/wordpress\/wp-content\/uploads\/2021\/08\/231262211_103691038688651_1693337942980537310_n-300x210.jpg\" alt=\"\" width=\"300\" height=\"210\" srcset=\"https:\/\/www.radiopiu.net\/wordpress\/wp-content\/uploads\/2021\/08\/231262211_103691038688651_1693337942980537310_n-300x210.jpg 300w, https:\/\/www.radiopiu.net\/wordpress\/wp-content\/uploads\/2021\/08\/231262211_103691038688651_1693337942980537310_n-1024x717.jpg 1024w, https:\/\/www.radiopiu.net\/wordpress\/wp-content\/uploads\/2021\/08\/231262211_103691038688651_1693337942980537310_n-768x538.jpg 768w, https:\/\/www.radiopiu.net\/wordpress\/wp-content\/uploads\/2021\/08\/231262211_103691038688651_1693337942980537310_n.jpg 1440w\" sizes=\"auto, (max-width: 300px) 100vw, 300px\" \/><\/a> <\/strong><\/p>\n<p><strong>\u00a0<\/strong><\/p>\n<p><strong>\u00a0<\/strong><\/p>\n<p><strong>SANTA GIUSTINA<\/strong> Per gli appassionati di costruzioni Lego, l&#8217;appuntamento \u00e8 per domenica 29 agosto a Santa Giustina con &#8220;Un P\u00f2 Per Gioco&#8221;. Dalle 10 alle 20 alle scuole elementari con animazioni per bambini e food truck, spettacoli teatrali e area ristoro. Accesso libero e gratuito con green pass.<\/p>\n<p><strong>PER IL PROGRAMMA DELLA GIORNATA <a href=\"https:\/\/www.radiopiu.net\/wordpress\/wp-content\/uploads\/2021\/08\/234894332_110705927987162_1810376199028722105_n.jpg\">CLICCA QUI<\/a><\/strong><\/p>\n<p>&nbsp;<\/p>\n<p>&nbsp;<\/p>\n<p>&nbsp;<\/p>\n<hr \/>\n<p>&nbsp;<\/p>\n<blockquote>\n<h3>VENERDI&#8217; LA PRESENTAZIONE DEL LUNARIO DEL POI<\/h3>\n<\/blockquote>\n<p><strong>VOLTAGO<\/strong><\/p>\n<p>di Gianni Santomaso<\/p>\n<audio class=\"wp-audio-shortcode\" id=\"audio-228740-9\" preload=\"none\" style=\"width: 100%;\" controls=\"controls\"><source type=\"audio\/mpeg\" src=\"https:\/\/www.radiopiu.net\/wordpress\/wp-content\/uploads\/2021\/08\/GIANNI-LUNARIO-DEL-POI.mp3?_=9\" \/><a href=\"https:\/\/www.radiopiu.net\/wordpress\/wp-content\/uploads\/2021\/08\/GIANNI-LUNARIO-DEL-POI.mp3\">https:\/\/www.radiopiu.net\/wordpress\/wp-content\/uploads\/2021\/08\/GIANNI-LUNARIO-DEL-POI.mp3<\/a><\/audio>\n<p>&nbsp;<\/p>\n<hr \/>\n<p>&nbsp;<\/p>\n<blockquote>\n<p style=\"text-align: left;\" align=\"CENTER\"><span style=\"color: #000000;\"><span style=\"font-family: Arial, serif;\"><b>L\u2019EDIZIONE DELLA MOSTRA MERCATO DELLE ATTIVITA\u2019 AGRICOLE, ARTIGIANALI E COMMERCIALI NON SI FARA\u2019<\/b><\/span><\/span><\/p>\n<\/blockquote>\n<p align=\"JUSTIFY\"><span style=\"font-family: Times New Roman, serif;\"><span style=\"font-size: medium;\"><strong><a href=\"https:\/\/www.radiopiu.net\/wordpress\/giornale-radiopiu-15-marzo-2018-direttore-mirko-mezzacasa\/220px-municipio_santa_giustina\/\" rel=\"attachment wp-att-44829\"><img loading=\"lazy\" decoding=\"async\" class=\" wp-image-44829 alignleft\" src=\"https:\/\/www.radiopiu.net\/wordpress\/wp-content\/uploads\/2018\/03\/220px-Municipio_Santa_Giustina.jpg\" alt=\"\" width=\"139\" height=\"104\" \/><\/a>SANTA GIUSTINA<\/strong> L\u2019Amministrazione Comunale non dar\u00e0 seguito all\u2019organizzazione della Mostra Mercato del primo fine settimana di ottobre. <\/span><\/span><span style=\"font-size: medium; font-family: 'Times New Roman', serif;\">La decisione \u00e8 stata presa dopo un\u2019attenta valutazione degli aspetti organizzativi alla luce della situazione Covid<\/span><\/p>\n<p><strong>\u00a0<\/strong><\/p>\n<p>&nbsp;<\/p>\n<p>&nbsp;<\/p>\n<hr \/>\n<p><a href=\"https:\/\/www.radiopiu.net\/wordpress\/giornale-radiopiu-19-agosto-2021-direttore-mirko-mezzacasa\/9d2548ac-b7ff-4ee0-9c6f-a31b5909d74e\/\" rel=\"attachment wp-att-228385\"><img loading=\"lazy\" decoding=\"async\" class=\"wp-image-228385 alignleft\" src=\"https:\/\/www.radiopiu.net\/wordpress\/wp-content\/uploads\/2021\/08\/9d2548ac-b7ff-4ee0-9c6f-a31b5909d74e-181x300.jpg\" alt=\"\" width=\"108\" height=\"179\" srcset=\"https:\/\/www.radiopiu.net\/wordpress\/wp-content\/uploads\/2021\/08\/9d2548ac-b7ff-4ee0-9c6f-a31b5909d74e-181x300.jpg 181w, https:\/\/www.radiopiu.net\/wordpress\/wp-content\/uploads\/2021\/08\/9d2548ac-b7ff-4ee0-9c6f-a31b5909d74e-618x1024.jpg 618w, https:\/\/www.radiopiu.net\/wordpress\/wp-content\/uploads\/2021\/08\/9d2548ac-b7ff-4ee0-9c6f-a31b5909d74e-768x1273.jpg 768w, https:\/\/www.radiopiu.net\/wordpress\/wp-content\/uploads\/2021\/08\/9d2548ac-b7ff-4ee0-9c6f-a31b5909d74e-926x1536.jpg 926w, https:\/\/www.radiopiu.net\/wordpress\/wp-content\/uploads\/2021\/08\/9d2548ac-b7ff-4ee0-9c6f-a31b5909d74e.jpg 965w\" sizes=\"auto, (max-width: 108px) 100vw, 108px\" \/><\/a><\/p>\n<p><strong>\u00a0<\/strong><\/p>\n<p><strong>DUGONE?\u00a0 IL TORNEO DI CENCENIGHE a 5<\/strong><\/p>\n<p>Torneo di Green Volley, oggi al campo sportivo &#8220;La Bombonera&#8221;. Necessaria l&#8217;autocertificazione covid.<\/p>\n<p>info: dugone.torneogreenvolley@gmail.com<\/p>\n<p>&nbsp;<\/p>\n<p>&nbsp;<\/p>\n<p>&nbsp;<\/p>\n<hr \/>\n<p>&nbsp;<\/p>\n<blockquote>\n<h3>SUL BROI DI AGORDO IL CINEMA ALL&#8217;APERTO, OGGI &#8220;CENA CON DELITTO&#8221;<\/h3>\n<\/blockquote>\n<p><strong><a href=\"https:\/\/www.radiopiu.net\/wordpress\/giornale-radiopiu-10-agosto-2021-direttore-mirko-mezzacasa\/photo_2021-08-09_12-19-00\/\" rel=\"attachment wp-att-226842\"><img loading=\"lazy\" decoding=\"async\" class=\"size-medium wp-image-226842 alignleft\" src=\"https:\/\/www.radiopiu.net\/wordpress\/wp-content\/uploads\/2021\/08\/photo_2021-08-09_12-19-00-300x169.jpg\" alt=\"\" width=\"300\" height=\"169\" srcset=\"https:\/\/www.radiopiu.net\/wordpress\/wp-content\/uploads\/2021\/08\/photo_2021-08-09_12-19-00-300x169.jpg 300w, https:\/\/www.radiopiu.net\/wordpress\/wp-content\/uploads\/2021\/08\/photo_2021-08-09_12-19-00-1024x576.jpg 1024w, https:\/\/www.radiopiu.net\/wordpress\/wp-content\/uploads\/2021\/08\/photo_2021-08-09_12-19-00-768x432.jpg 768w, https:\/\/www.radiopiu.net\/wordpress\/wp-content\/uploads\/2021\/08\/photo_2021-08-09_12-19-00.jpg 1280w\" sizes=\"auto, (max-width: 300px) 100vw, 300px\" \/><\/a>AGORDO<\/strong> Ad Agosto, Agordo ospiter\u00e0 una rassegna cinematografica inedita nel giardino \u201cBroi\u201d, in pieno centro. Per sei serate sar\u00e0 possibile godersi grandi titoli cinematografici in una cornice unica al centro della conca agordina. L\u2019evento, organizzato dal Comune di Agordo, grazie al fondamentale contributo della casa di produzione \u201cFiFilm productions\u201d di Caterina Francavilla, dell\u2019impresa edile \u201cConedil\u201d e dalla ditta \u201cCase Trasporti\u201d, ha l\u2019obiettivo di animare l\u2019estate agordina con una proposta innovativa per il territorio, riproponendo il format avviato la scorsa estate con le proiezioni nel giardino di Villa Crotta-De\u2019 Manzoni. Tutte le proiezioni inizieranno alle ore 21 e saranno ad ingresso gratuito, previa prenotazione obbligatoria fino ad esaurimento posti. Le prenotazioni si possono effettuare attraverso il sito <a href=\"http:\/\/agordo.eventbrite.com\">http:\/\/agordo.eventbrite.com<\/a> oppure rivolgendosi all\u2019Ufficio Turistico di Agordo in via XXVII Aprile, tramite mail all\u2019indirizzo ufficioturistico@agordo.net, oppure telefonando allo 0437 62105 o al 388 495 5756. In caso di maltempo, le proiezioni verranno rinviate al giorno successivo. In conformit\u00e0 con le disposizioni anti-contagio, l\u2019ingresso sar\u00e0 subordinato all\u2019esibizione del Green Pass certificante vaccinazione, guarigione da Covid-19 o l&#8217;esito negativo di un tampone (sono esenti i bambini fino ai 12 anni), al controllo della temperatura e all\u2019utilizzo della mascherina in situazioni di assembramento come all\u2019entrata o all\u2019uscita. Gli appuntamenti della rassegna saranno i seguenti: oggi: Cena con delitto, di Rian Johnson; Marted\u00ec 24 Agosto: Monuments Men, di George Clooney; Gioved\u00ec 26 Agosto: La famosa invasione degli Orsi in Sicilia, di Lorenzo Mattotti; Sabato 28 Agosto: Vita di Pi, di Ang Lee<\/p>\n<p>&nbsp;<\/p>\n<p><em><span style=\"font-family: Times New Roman, serif;\"><span style=\"font-size: medium;\"><a href=\"https:\/\/www.radiopiu.net\/wordpress\/giornale-radiopiu-21-agosto-2021-direttore-mirko-mezzacasa\/dino_buzzati\/\" rel=\"attachment wp-att-228625\"><img loading=\"lazy\" decoding=\"async\" class=\"wp-image-228625 alignright\" src=\"https:\/\/www.radiopiu.net\/wordpress\/wp-content\/uploads\/2021\/08\/Dino_Buzzati-225x300.jpg\" alt=\"\" width=\"97\" height=\"129\" srcset=\"https:\/\/www.radiopiu.net\/wordpress\/wp-content\/uploads\/2021\/08\/Dino_Buzzati-225x300.jpg 225w, https:\/\/www.radiopiu.net\/wordpress\/wp-content\/uploads\/2021\/08\/Dino_Buzzati.jpg 250w\" sizes=\"auto, (max-width: 97px) 100vw, 97px\" \/><\/a>L\u2019assessorato al Turismo del Comune di Agordo organizza gioved\u00ec 26 agosto 2021 alle ore 17.30 presso la sala Don Ferdinando Tamis un\u2019incontro dal titolo \u201cDino Buzzati, le montagne e gli orsi\u201d dedicato al grande scrittore, giornalista ed artista del panorama culturale del Novecento. <\/span><\/span><span style=\"font-size: medium; font-family: 'Times New Roman', serif;\">Questo evento \u00e8 stato programmato in preparazione alla proiezione serale che si terr\u00e0 sul Broi di Agordo del film di animazione \u201cLa famosa invasione degli orsi in Sicilia\u201d tratto dall\u2019omonimo romanzo. <\/span><span style=\"font-family: Times New Roman, serif;\"><span style=\"font-size: medium;\">All\u2019evento pomeridiano saranno presenti le pronipoti di Dino Buzzati: Valentina Morassutti fondatrice dell\u2019Associazione Culturale Villa Buzzati San Pellegrino &#8211; il granaio e Antonella Morassutti attrice, insegnante di teatro e lettura espressiva, direttrice artistica dell\u2019Associazione.<\/span><\/span><span style=\"font-family: Times New Roman, serif;\"><span style=\"font-size: medium;\">\u00a0L<\/span><\/span><span style=\"font-family: Times, serif;\"><span style=\"font-size: small;\"><span style=\"font-family: Times New Roman, serif;\"><span style=\"font-size: medium;\">\u2019evento \u00e8 stato realizzato con la collaborazione del Circolo Culturale Agordino e della libreria Quattrocchi di Agordo che sar\u00e0 a disposizione con alcune edizioni del libro.\u00a0<\/span><\/span><\/span><\/span><\/em><\/p>\n<p>&nbsp;<\/p>\n<hr \/>\n<p>&nbsp;<\/p>\n<blockquote>\n<h3>I NOS CROT, LE ESCURSIONI DEL GAMP DOLOMITI<\/h3>\n<\/blockquote>\n<p><strong>\u00a0<\/strong><strong>AGORDO <\/strong>escursioni geoturistiche che anche quest&#8217;anno il GAMP DOLOMITI (Gruppo Agordino Mineralogico Paleontologico) vuole riproporre ISCRIZIONI APERTE all&#8217;Ufficio Turistico di Agordo o contattando il numero 3884955756 Queste le escursioni: domani Valle di San Lucano, Gioved\u00ec 26 agosto Frassen\u00e9-Rifugio Scarpa<\/p>\n<div class=\"mkdf-post-text\">\n<div class=\"mkdf-post-text-inner\">\n<div class=\"mkdf-post-text-main\">\n<p>&nbsp;<\/p>\n<p>&nbsp;<\/p>\n<hr \/>\n<p>&nbsp;<\/p>\n<p>&nbsp;<\/p>\n<blockquote>\n<h3>PAROLE, MUSICA E SCULTURA: MARIO RIGONI STERN IN VETTA AL COL MARGHERITA<\/h3>\n<\/blockquote>\n<p><a href=\"https:\/\/www.radiopiu.net\/wordpress\/giornale-radiopiu-20-agosto-2021-direttore-mirko-mezzacasa\/il-sergente-nella-neve_murer_lr\/\" rel=\"attachment wp-att-228445\"><img loading=\"lazy\" decoding=\"async\" class=\" wp-image-228445 alignleft\" src=\"https:\/\/www.radiopiu.net\/wordpress\/wp-content\/uploads\/2021\/08\/Il-Sergente-nella-neve_MURER_lr-300x240.jpg\" alt=\"\" width=\"199\" height=\"159\" srcset=\"https:\/\/www.radiopiu.net\/wordpress\/wp-content\/uploads\/2021\/08\/Il-Sergente-nella-neve_MURER_lr-300x240.jpg 300w, https:\/\/www.radiopiu.net\/wordpress\/wp-content\/uploads\/2021\/08\/Il-Sergente-nella-neve_MURER_lr-1024x818.jpg 1024w, https:\/\/www.radiopiu.net\/wordpress\/wp-content\/uploads\/2021\/08\/Il-Sergente-nella-neve_MURER_lr-768x614.jpg 768w, https:\/\/www.radiopiu.net\/wordpress\/wp-content\/uploads\/2021\/08\/Il-Sergente-nella-neve_MURER_lr-1536x1228.jpg 1536w, https:\/\/www.radiopiu.net\/wordpress\/wp-content\/uploads\/2021\/08\/Il-Sergente-nella-neve_MURER_lr.jpg 1619w\" sizes=\"auto, (max-width: 199px) 100vw, 199px\" \/><\/a><strong>SAN PELLEGRINO<\/strong> Mercoled\u00ec 25 agosto, alle ore 11, sul Col Margherita va in scena &#8220;Ghe rivarem a baita?&#8221;, omaggio a Mario Rigoni Stern per ricordare il centenario della sua nascita.\u00a0 Alla lettura e commento dei brani dello scrittore a cura di Sara Luchetta, ricercatrice di Ca\u2019 Foscari, si accompagneranno le note del violinista agordino Ivan Zasso. Musica e parole consentiranno di esplorare le opere di colui che Primo Levi defin\u00ec &#8220;uno dei pi\u00f9 grandi scrittori italiani&#8221;.\u00a0 &#8220;Ghe rivarem a baita?&#8221; con le opere di Augusto Murer e i testi di Mario Rigoni Stern \u00e8 anche il nome dell\u2019esposizione en plein air visitabile sul Col Margherita fino al 12 settembre. La galleria, con ingresso gratuito accedendo al rifugio InAlto, comprende i ritratti dello scrittore dipinti su antiche porte in legno, opere di Franco Murer.<\/p>\n<p>&nbsp;<\/p>\n<p>&nbsp;<\/p>\n<p>&nbsp;<\/p>\n<p>&nbsp;<\/p>\n<p>&nbsp;<\/p>\n<hr \/>\n<p>&nbsp;<\/p>\n<blockquote>\n<h3>GLI EVENTI ESTIVI DI ARABBA FODOM TURISMO<\/h3>\n<\/blockquote>\n<a href=\"https:\/\/www.radiopiu.net\/wordpress\/wp-content\/uploads\/2021\/08\/Attivita\u0300-Eventi-Agosto-2.pdf\" class=\"pdfemb-viewer\" style=\"\" data-width=\"max\" data-height=\"max\" data-toolbar=\"top\" data-toolbar-fixed=\"on\">Attivita\u0300 &amp; Eventi Agosto 2<\/a>\n<p>&nbsp;<\/p>\n<hr \/>\n<p>&nbsp;<\/p>\n<h3 class=\"entry-title mkdf-post-title\">\u00a0Pink Size ai piedi delle Dolomiti<\/h3>\n<p><a href=\"https:\/\/www.radiopiu.net\/wordpress\/giornale-radiopiu-01-agosto-2021-direttore-mirko-mezzacasa\/11705683_10207451188865973_7894969160591772771_o-e1624806851469\/\" rel=\"attachment wp-att-225349\"><img loading=\"lazy\" decoding=\"async\" class=\"wp-image-225349 alignleft\" src=\"https:\/\/www.radiopiu.net\/wordpress\/wp-content\/uploads\/2021\/08\/11705683_10207451188865973_7894969160591772771_o-e1624806851469.jpg\" sizes=\"auto, (max-width: 256px) 100vw, 256px\" srcset=\"https:\/\/www.radiopiu.net\/wordpress\/wp-content\/uploads\/2021\/08\/11705683_10207451188865973_7894969160591772771_o-e1624806851469.jpg 1000w, https:\/\/www.radiopiu.net\/wordpress\/wp-content\/uploads\/2021\/08\/11705683_10207451188865973_7894969160591772771_o-e1624806851469-300x194.jpg 300w, https:\/\/www.radiopiu.net\/wordpress\/wp-content\/uploads\/2021\/08\/11705683_10207451188865973_7894969160591772771_o-e1624806851469-768x495.jpg 768w\" alt=\"\" width=\"256\" height=\"165\" \/><\/a><\/p>\n<div class=\"vc_row wpb_row vc_row-fluid vc_custom_1520853310750\">\n<div class=\"wpb_column vc_column_container vc_col-sm-12\">\n<div class=\"vc_column-inner\">\n<div class=\"wpb_wrapper\">\n<div class=\"wpb_text_column wpb_content_element \">\n<div class=\"wpb_wrapper\">\n<p><strong>Oggi alle ore 17.00<\/strong>\u00a0Canale d\u2019Agordo ospiter\u00e0 il 1\u00b0 concerto in Valle di Gar\u00e9s.\u00a0<strong>La location \u00e8 spettacolare e suggestiva<\/strong>, immersa nel verde, circondata delle Pale di San Martino e dalle cascate delle Comelle. In localit\u00e0 Pian de Giare, in fondo alla Valle di Gar\u00e8s, su di un grande prato, circondati dalle maestose Dolomiti, andr\u00e0 in scena uno spettacolo indimenticabile con l\u2019esibizione dei\u00a0<strong>Pink Size, Tribute band dei Pink Floyd. <\/strong>L\u2019accesso al concerto \u00e8 consentito <b>SOLAMENTE <\/b>a coloro che esibiscono il <b>GREEN PASS.\u00a0<\/b><\/p>\n<\/div>\n<\/div>\n<\/div>\n<\/div>\n<\/div>\n<\/div>\n<p>&nbsp;<\/p>\n<p>&nbsp;<\/p>\n<p>&nbsp;<\/p>\n<p>&nbsp;<\/p>\n<p>&nbsp;<\/p>\n<hr \/>\n<p>&nbsp;<\/p>\n<blockquote>\n<h3>OGGI A CANALE I MERCATINI<\/h3>\n<\/blockquote>\n<p><strong>CANALE D&#8217;AGORDO<\/strong> Oggi dalle 8 alle 18, in piazza Papa Luciani a Canale D&#8217;Agordo il mercatino dell&#8217;artigianato e hobbistica.<\/p>\n<p>&nbsp;<\/p>\n<hr \/>\n<p>&nbsp;<\/p>\n<blockquote>\n<h3>CUGNISCION NOSTE VIJINANZE<\/h3>\n<\/blockquote>\n<p><strong>COLLE SANTA LUCIA<\/strong> Istitut Ladin Cesa De Jan assieme al comune di Livinallongo del Col Di Lana organizzano delle gite alla scoperta delle vicinie di Fodom. I prossimi appuntamenti: il 26 tocca a Larzonei, Corte e Contrin il 2 settembre e Pieve e Salesei il 9 settembre. Il costo delle visite \u00e8 di 15 euro per gli adulti e 7 per i bambini (pranzo non compreso). Si consiglia un abbigliamento da trekking. Info e prenotazioni al 3343346680<\/p>\n<p>&nbsp;<\/p>\n<p>&nbsp;<\/p>\n<hr \/>\n<p>&nbsp;<\/p>\n<blockquote>\n<h3>LA MOSTRA DI RENZO MIOLA A CANALE D\u2019AGORDO<\/h3>\n<\/blockquote>\n<p><strong>CANALE D\u2019AGORDO<\/strong>\u00a0 Fino\u00a0 al 31 agosto, presso la Casa delle Regole di Canale D\u2019Agordo, \u00e8 visitabile la mostra di pittura paesaggistica di Renzo Miola. La mostra seguira\u00e0 i seguenti orari: 10:30 \u2013 12:30, 16:30 \u2013 18:30 e 20 \u2013 22. L\u2019inaugurazione gioved\u00ec 12 agosto alle 17.<\/p>\n<p>&nbsp;<\/p>\n<p>&nbsp;<\/p>\n<hr \/>\n<p>&nbsp;<\/p>\n<blockquote>\n<h3>IL MUSEO ETNOGRAFICO DI TAIBON AGORDINO FINO AL 28 AGOSTO<\/h3>\n<\/blockquote>\n<p><strong>TAIBON<\/strong>\u00a0Sono aperte le porte del Museo Etnografico di Taibon Agordino \u201cCasa della Maria del Pacifico\u201d. Visitabile tutti i giorni dalle 10 alle 12 e dalle 16 alle 18 escluso il luned\u00ec mattina. Il Museo si trova vicino al municipio si Taibon in Via Pietro Nenni. Accesso con obbligo di mascherina e igienizzazione delle mani. Per informazioni 340 1495978<\/p>\n<p>&nbsp;<\/p>\n<p>&nbsp;<\/p>\n<hr \/>\n<p>&nbsp;<\/p>\n<blockquote>\n<h3>ARMONIE 2021, IL 29 AGOSTO L&#8217;ULTIMO APPUNTAMENTO<\/h3>\n<\/blockquote>\n<p><strong>BELLUNO\u00a0<\/strong>Triplo appuntamento per la rassegna \u201cArmonie 2021\u201d.\u00a0 Il 29 agosto alle 16 l\u2019ultimo appuntamento con \u201cCanti e poesie di fine estate\u201d a Bolzano Bellunese. Concerti all\u2019aperto su prenotazione ed esibizione di green pass.<\/p>\n<p>&nbsp;<\/p>\n<p>&nbsp;<\/p>\n<hr \/>\n<p>&nbsp;<\/p>\n<blockquote>\n<h3>I 130 ANNI DEL CAI BELLUNO CON 3 APPUNTAMENTI DEL CORO<\/h3>\n<\/blockquote>\n<p><strong>BELLUNO<\/strong> Saranno 3 gli appuntamenti in programma nei prossimi giorni con il coro Cai di Belluno per celebrare i 130 anni dalla fondazione della sezione di Belluno. Il 29 agosto l&#8217;appuntamento \u00e8 al Rifugio Tissi con la Santa Messa cantata. Il 5 settembre il coro Cai sar\u00e0 al Rifugio Bianchet per una esibizione mentre l&#8217;11 settembre al Rifugio Settimo Alpini per la messa in ricordo dei caduti della montagna.<\/p>\n<p>&nbsp;<\/p>\n<hr \/>\n<p>&nbsp;<\/p>\n<blockquote>\n<h3>FESTA DEL PESCE A CUSIGHE IL 27, 28, 29 AGOSTO<\/h3>\n<\/blockquote>\n<p><strong>BELLUNO<\/strong> \u00a027, 28 e 29 agosto: Ritorna a Cusighe la tradizionale Festa del Pesce, organizzata dall\u2019Associazione Insieme si pu\u00f2. Come di consueto tutto il ricavato della manifestazione, giunta alla trentasettesima edizione, sar\u00e0 destinato ai progetti di solidariet\u00e0 promossi da Insieme si pu\u00f2. Ci sar\u00e0 la novit\u00e0 di un capannone pi\u00f9 grande al campo sportivo di Cusighe, dove accogliere al meglio le persone, e una collaborazione con il Gruppo Stand Up di Insieme si pu\u00f2. Il programma su \u00a0www.365giorni.org oppure seguire i canali social dell\u2019Associazione.<\/p>\n<p>&nbsp;<\/p>\n<h1><span style=\"color: #ff0000;\">\u00a0\u00a0<\/span><\/h1>\n<p>&nbsp;<\/p>\n<hr \/>\n<p>&nbsp;<\/p>\n<h2><span style=\"color: #ff6600;\">I PROFESSIONISTI DEL POLIAMBULATORIO AGORDINO RISPONDONO\u00a0<\/span><\/h2>\n<blockquote class=\"wp-embedded-content\" data-secret=\"IBmjaqG9fV\"><p><a href=\"https:\/\/www.radiopiu.net\/wordpress\/i-professionisti-del-poliambulatorio-agordino-rispondono\/\">I PROFESSIONISTI DEL POLIAMBULATORIO AGORDINO RISPONDONO<\/a><\/p><\/blockquote>\n<p><iframe loading=\"lazy\" class=\"wp-embedded-content\" sandbox=\"allow-scripts\" security=\"restricted\" style=\"position: absolute; clip: rect(1px, 1px, 1px, 1px);\" title=\"&#8220;I PROFESSIONISTI DEL POLIAMBULATORIO AGORDINO RISPONDONO&#8221; &#8212; Radio Pi\u00f9\" src=\"https:\/\/www.radiopiu.net\/wordpress\/i-professionisti-del-poliambulatorio-agordino-rispondono\/embed\/#?secret=IBmjaqG9fV\" data-secret=\"IBmjaqG9fV\" width=\"600\" height=\"338\" frameborder=\"0\" marginwidth=\"0\" marginheight=\"0\" scrolling=\"no\"><\/iframe><\/p>\n<p>&nbsp;<\/p>\n<hr \/>\n<p>&nbsp;<\/p>\n<p>&nbsp;<\/p>\n<hr \/>\n<p>&nbsp;<\/p>\n<blockquote class=\"wp-embedded-content\" data-secret=\"gRYiu7r114\"><p><a href=\"https:\/\/www.radiopiu.net\/wordpress\/i-misteri-di-alleghe-di-sergio-saviane-alla-radio-con-lattore-roberto-faoro-il-podcast\/\">&#8220;I MISTERI DI ALLEGHE DI SERGIO SAVIANE&#8221; ALLA RADIO CON L&#8217;ATTORE ROBERTO FAORO &#8211; IL PODCAST<\/a><\/p><\/blockquote>\n<p><iframe loading=\"lazy\" class=\"wp-embedded-content\" sandbox=\"allow-scripts\" security=\"restricted\" style=\"position: absolute; clip: rect(1px, 1px, 1px, 1px);\" title=\"&#8220;&#8220;I MISTERI DI ALLEGHE DI SERGIO SAVIANE&#8221; ALLA RADIO CON L&#8217;ATTORE ROBERTO FAORO &#8211; IL PODCAST&#8221; &#8212; Radio Pi\u00f9\" src=\"https:\/\/www.radiopiu.net\/wordpress\/i-misteri-di-alleghe-di-sergio-saviane-alla-radio-con-lattore-roberto-faoro-il-podcast\/embed\/#?secret=gRYiu7r114\" data-secret=\"gRYiu7r114\" width=\"600\" height=\"338\" frameborder=\"0\" marginwidth=\"0\" marginheight=\"0\" scrolling=\"no\"><\/iframe><\/p>\n<h2><\/h2>\n<p>&nbsp;<\/p>\n<blockquote class=\"wp-embedded-content\" data-secret=\"mI8NggTQ8t\"><p><a href=\"https:\/\/www.radiopiu.net\/wordpress\/plastic-free-per-un-mondo-senza-plastica\/\">PLASTIC FREE per un mondo senza plastica<\/a><\/p><\/blockquote>\n<p><iframe loading=\"lazy\" class=\"wp-embedded-content\" sandbox=\"allow-scripts\" security=\"restricted\" style=\"position: absolute; clip: rect(1px, 1px, 1px, 1px);\" title=\"&#8220;PLASTIC FREE per un mondo senza plastica&#8221; &#8212; Radio Pi\u00f9\" src=\"https:\/\/www.radiopiu.net\/wordpress\/plastic-free-per-un-mondo-senza-plastica\/embed\/#?secret=mI8NggTQ8t\" data-secret=\"mI8NggTQ8t\" width=\"600\" height=\"338\" frameborder=\"0\" marginwidth=\"0\" marginheight=\"0\" scrolling=\"no\"><\/iframe><\/p>\n<p>&nbsp;<\/p>\n<hr \/>\n<p>&nbsp;<\/p>\n<blockquote class=\"wp-embedded-content\" data-secret=\"4JtnZZuvlj\"><p><a href=\"https:\/\/www.radiopiu.net\/wordpress\/da-ieri-alla-radio-in-palinsesto-loris-e-maurizio-con-la-grande-musica\/\">IL BLUES ALLA RADIO &#8230; COME NON L&#8217;AVETE MAI SENTITO PRIMA<\/a><\/p><\/blockquote>\n<p><iframe loading=\"lazy\" class=\"wp-embedded-content\" sandbox=\"allow-scripts\" security=\"restricted\" style=\"position: absolute; clip: rect(1px, 1px, 1px, 1px);\" title=\"&#8220;IL BLUES ALLA RADIO &#8230; COME NON L&#8217;AVETE MAI SENTITO PRIMA&#8221; &#8212; Radio Pi\u00f9\" src=\"https:\/\/www.radiopiu.net\/wordpress\/da-ieri-alla-radio-in-palinsesto-loris-e-maurizio-con-la-grande-musica\/embed\/#?secret=4JtnZZuvlj\" data-secret=\"4JtnZZuvlj\" width=\"600\" height=\"338\" frameborder=\"0\" marginwidth=\"0\" marginheight=\"0\" scrolling=\"no\"><\/iframe><\/p>\n<p>&nbsp;<\/p>\n<div>\n<div class=\"mkdf-post-text\">\n<div class=\"mkdf-post-text-inner\">\n<div class=\"mkdf-post-text-main\">\n<div class=\"mkdf-post-text\">\n<div class=\"mkdf-post-text-inner\">\n<div class=\"mkdf-post-text-main\">\n<div class=\"mkdf-post-text\">\n<div class=\"mkdf-post-text-inner\">\n<div class=\"mkdf-post-text-main\">\n<div class=\"page-title-head hgroup\">\n<div class=\"page-title-head hgroup\">\n<div class=\"page-title-breadcrumbs\">\n<div class=\"mkdf-post-text\">\n<div class=\"mkdf-post-text-inner\">\n<div class=\"mkdf-post-text-main\">\n<div class=\"mkdf-post-text\">\n<div class=\"mkdf-post-text-inner\">\n<div class=\"mkdf-post-text-main\">\n<div class=\"page-title-head hgroup\">\n<div class=\"page-title-head hgroup\">\n<div class=\"mkdf-post-text\">\n<div class=\"mkdf-post-text-inner\">\n<div class=\"mkdf-post-text-main\">\n<div class=\"mkdf-post-text\">\n<div class=\"mkdf-post-text-inner\">\n<div class=\"mkdf-post-text-main\">\n<div class=\"page-title-head hgroup\">\n<div class=\"page-title-head hgroup\">\n<div class=\"page-title-head hgroup\">\n<div class=\"page-title-head hgroup\">\n<div class=\"b654a4as d2edcug0\">\n<div class=\"page-title-head hgroup\">\n<div class=\"page-title-head hgroup\">\n<div class=\"mkdf-post-text\">\n<div class=\"mkdf-post-text-inner\">\n<div class=\"mkdf-post-text-main\">\n<div class=\"mkdf-post-text\">\n<div class=\"mkdf-post-text-inner\">\n<div class=\"mkdf-post-text-main\">\n<div class=\"mkdf-post-text\">\n<div class=\"mkdf-post-text-inner\">\n<div class=\"mkdf-post-text-main\">\n<div class=\"page-title-head hgroup\">\n<div class=\"page-title-head hgroup\">\n<div class=\"mkdf-post-text\">\n<div class=\"mkdf-post-text-inner\">\n<div class=\"mkdf-post-text-main\">\n<div class=\"mkdf-post-text\">\n<div class=\"mkdf-post-text-inner\">\n<div class=\"mkdf-post-text-main\">\n<div class=\"page-title-head hgroup\">\n<div class=\"page-title-head hgroup\">\n<div class=\"page-title-head hgroup\">\n<div class=\"page-title-head hgroup\">\n<div class=\"b654a4as d2edcug0\">\n<div class=\"page-title-head hgroup\">\n<div class=\"page-title-head hgroup\">\n<div class=\"page-title-head hgroup\">\n<div class=\"page-title-head hgroup\">\n<div class=\"b654a4as d2edcug0\">\n<div>\n<div class=\"mkdf-post-text\">\n<div class=\"mkdf-post-text-inner\">\n<div class=\"mkdf-post-text-main\">\n<div class=\"mkdf-post-text\">\n<div class=\"mkdf-post-text-inner\">\n<div class=\"mkdf-post-text-main\">\n<div class=\"mkdf-post-text\">\n<div class=\"mkdf-post-text-inner\">\n<div class=\"mkdf-post-text-main\">\n<div class=\"page-title-head hgroup\">\n<div class=\"page-title-head hgroup\">\n<div class=\"page-title-breadcrumbs\">\n<div class=\"mkdf-post-text\">\n<div class=\"mkdf-post-text-inner\">\n<div class=\"mkdf-post-text-main\">\n<div class=\"mkdf-post-text\">\n<div class=\"mkdf-post-text-inner\">\n<div class=\"mkdf-post-text-main\">\n<div class=\"page-title-head hgroup\">\n<div class=\"page-title-head hgroup\">\n<div class=\"mkdf-post-text\">\n<div class=\"mkdf-post-text-inner\">\n<div class=\"mkdf-post-text-main\">\n<p>&nbsp;<\/p>\n<hr \/>\n<div class=\"mkdf-post-text\">\n<div class=\"mkdf-post-text-inner\">\n<div class=\"mkdf-post-text-main\">\n<div class=\"page-title-head hgroup\">\n<div class=\"page-title-head hgroup\">\n<div class=\"page-title-head hgroup\">\n<div class=\"page-title-head hgroup\">\n<div class=\"b654a4as d2edcug0\">\n<p>&nbsp;<\/p>\n<h2>LA RACCOLTA COMPLETA<\/h2>\n<blockquote class=\"wp-embedded-content\" data-secret=\"hGJEAMxqUX\"><p><a href=\"https:\/\/www.radiopiu.net\/wordpress\/solidarieta-veneto\/\">Solidariet\u00e0 Veneto<\/a><\/p><\/blockquote>\n<p><iframe loading=\"lazy\" class=\"wp-embedded-content\" sandbox=\"allow-scripts\" security=\"restricted\" style=\"position: absolute; clip: rect(1px, 1px, 1px, 1px);\" title=\"&#8220;Solidariet\u00e0 Veneto&#8221; &#8212; Radio Pi\u00f9\" src=\"https:\/\/www.radiopiu.net\/wordpress\/solidarieta-veneto\/embed\/#?secret=hGJEAMxqUX\" data-secret=\"hGJEAMxqUX\" width=\"600\" height=\"338\" frameborder=\"0\" marginwidth=\"0\" marginheight=\"0\" scrolling=\"no\"><\/iframe><\/p>\n<blockquote>\n<h2><\/h2>\n<\/blockquote>\n<p>&nbsp;<\/p>\n<p>&nbsp;<\/p>\n<hr \/>\n<p>&nbsp;<\/p>\n<h2><span style=\"color: #33cccc;\"><a href=\"https:\/\/www.radiopiu.net\/wordpress\/laugurio-di-monsignor-giorgio-lise-agli-agordini\/don-giorgio-lise\/\" rel=\"attachment wp-att-177420\"><img loading=\"lazy\" decoding=\"async\" class=\"size-medium wp-image-177420 alignleft\" src=\"https:\/\/www.radiopiu.net\/wordpress\/wp-content\/uploads\/2020\/12\/DON-GIORGIO-LISE-300x169.jpg\" alt=\"\" width=\"300\" height=\"169\" srcset=\"https:\/\/www.radiopiu.net\/wordpress\/wp-content\/uploads\/2020\/12\/DON-GIORGIO-LISE-300x169.jpg 300w, https:\/\/www.radiopiu.net\/wordpress\/wp-content\/uploads\/2020\/12\/DON-GIORGIO-LISE-1024x577.jpg 1024w, https:\/\/www.radiopiu.net\/wordpress\/wp-content\/uploads\/2020\/12\/DON-GIORGIO-LISE-768x432.jpg 768w, https:\/\/www.radiopiu.net\/wordpress\/wp-content\/uploads\/2020\/12\/DON-GIORGIO-LISE-1536x865.jpg 1536w, https:\/\/www.radiopiu.net\/wordpress\/wp-content\/uploads\/2020\/12\/DON-GIORGIO-LISE.jpg 1600w\" sizes=\"auto, (max-width: 300px) 100vw, 300px\" \/><\/a>DUE MINUTI PER TE CON DON GIORGIO LISE<\/span><\/h2>\n<audio class=\"wp-audio-shortcode\" id=\"audio-228740-10\" preload=\"none\" style=\"width: 100%;\" controls=\"controls\"><source type=\"audio\/mpeg\" src=\"https:\/\/www.radiopiu.net\/wordpress\/wp-content\/uploads\/2021\/08\/DON-GIORGIO-22-AGO.mp3?_=10\" \/><a href=\"https:\/\/www.radiopiu.net\/wordpress\/wp-content\/uploads\/2021\/08\/DON-GIORGIO-22-AGO.mp3\">https:\/\/www.radiopiu.net\/wordpress\/wp-content\/uploads\/2021\/08\/DON-GIORGIO-22-AGO.mp3<\/a><\/audio>\n<p>&nbsp;<\/p>\n<hr \/>\n<p>&nbsp;<\/p>\n<div>\n<div class=\"b654a4as d2edcug0\">\n<div class=\"rq0escxv hkbzh7o3 jwdofwj8 n8tt0mok r8blr3vg hyh9befq\">\n<p><a class=\"dt-pswp-item\" href=\"https:\/\/www.radiopiu.net\/wordpress\/wp-content\/uploads\/2020\/10\/pp.jpg\" data-dt-img-description=\"\" data-large_image_width=\"640\" data-large_image_height=\"640\"><img loading=\"lazy\" decoding=\"async\" class=\"wp-image-163678 alignleft\" src=\"https:\/\/www.radiopiu.net\/wordpress\/wp-content\/uploads\/2020\/10\/pp-300x300.jpg\" alt=\"\" width=\"106\" height=\"106\" srcset=\"https:\/\/www.radiopiu.net\/wordpress\/wp-content\/uploads\/2020\/10\/pp-300x300.jpg 300w, https:\/\/www.radiopiu.net\/wordpress\/wp-content\/uploads\/2020\/10\/pp-150x150.jpg 150w, https:\/\/www.radiopiu.net\/wordpress\/wp-content\/uploads\/2020\/10\/pp-125x125.jpg 125w, https:\/\/www.radiopiu.net\/wordpress\/wp-content\/uploads\/2020\/10\/pp-200x200.jpg 200w, https:\/\/www.radiopiu.net\/wordpress\/wp-content\/uploads\/2020\/10\/pp-80x80.jpg 80w, https:\/\/www.radiopiu.net\/wordpress\/wp-content\/uploads\/2020\/10\/pp-480x480.jpg 480w, https:\/\/www.radiopiu.net\/wordpress\/wp-content\/uploads\/2020\/10\/pp.jpg 640w\" sizes=\"auto, (max-width: 106px) 100vw, 106px\" \/><\/a><\/p>\n<\/div>\n<\/div>\n<\/div>\n<div>\n<div class=\"page-title-head hgroup\">\n<div class=\"page-title-head hgroup\">\n<div class=\"b654a4as d2edcug0\">\n<div class=\"j83agx80 btwxx1t3 lhclo0ds hop8lmos nkwizq5d scwd0bx6 roh60bw9\">\n<div class=\"rq0escxv hkbzh7o3 jwdofwj8 n8tt0mok r8blr3vg hyh9befq\">\n<div class=\"do00u71z l9j0dhe7 k4urcfbm\">\n<h2><span style=\"color: #000080;\">DON CESARE, IL PENSIERO DEL GIORNO. ALLA RADIO ALLE 7 DEL MATTINO E ALLE 19.30 DELLA SERA.\u00a0\u00a0<\/span><\/h2>\n<\/div>\n<\/div>\n<\/div>\n<div><\/div>\n<div><\/div>\n<div><\/div>\n<div><\/div>\n<div>\n<audio class=\"wp-audio-shortcode\" id=\"audio-228740-11\" preload=\"none\" style=\"width: 100%;\" controls=\"controls\"><source type=\"audio\/mpeg\" src=\"https:\/\/www.radiopiu.net\/wordpress\/wp-content\/uploads\/2021\/08\/cesare-14.mp3?_=11\" \/><a href=\"https:\/\/www.radiopiu.net\/wordpress\/wp-content\/uploads\/2021\/08\/cesare-14.mp3\">https:\/\/www.radiopiu.net\/wordpress\/wp-content\/uploads\/2021\/08\/cesare-14.mp3<\/a><\/audio>\n<\/div>\n<\/div>\n<\/div>\n<div class=\"page-title-head hgroup\">\n<p>&nbsp;<\/p>\n<hr \/>\n<p class=\"b654a4as d2edcug0\"><span style=\"color: #ff6600;\"> \u00a0<\/span><\/p>\n<blockquote class=\"wp-embedded-content\" data-secret=\"yn7IfJFjk7\"><p><a href=\"https:\/\/www.radiopiu.net\/wordpress\/girovagando-in-e-bike-tra-le-dolomiti\/\">GIROVAGANDO IN E BIKE TRA LE DOLOMITI<\/a><\/p><\/blockquote>\n<p><iframe loading=\"lazy\" class=\"wp-embedded-content\" sandbox=\"allow-scripts\" security=\"restricted\" style=\"position: absolute; clip: rect(1px, 1px, 1px, 1px);\" title=\"&#8220;GIROVAGANDO IN E BIKE TRA LE DOLOMITI&#8221; &#8212; Radio Pi\u00f9\" src=\"https:\/\/www.radiopiu.net\/wordpress\/girovagando-in-e-bike-tra-le-dolomiti\/embed\/#?secret=yn7IfJFjk7\" data-secret=\"yn7IfJFjk7\" width=\"600\" height=\"338\" frameborder=\"0\" marginwidth=\"0\" marginheight=\"0\" scrolling=\"no\"><\/iframe><\/p>\n<p>\u200b<\/p>\n<p>\u200b<\/p>\n<hr \/>\n<\/div>\n<\/div>\n<\/div>\n<\/div>\n<\/div>\n<\/div>\n<\/div>\n<\/div>\n<\/div>\n<\/div>\n<\/div>\n<\/div>\n<\/div>\n<\/div>\n<\/div>\n<\/div>\n<\/div>\n<\/div>\n<\/div>\n<\/div>\n<\/div>\n<\/div>\n<\/div>\n<div class=\"mkdf-post-text\">\n<div class=\"mkdf-post-text-inner\">\n<div class=\"mkdf-post-text-main\">\n<div class=\"mkdf-post-text\">\n<div class=\"mkdf-post-text-inner\">\n<div class=\"mkdf-post-text-main\">\n<div>\n<div class=\"page-title-head hgroup\">\n<div class=\"page-title-head hgroup\">\n<div class=\"page-title-head hgroup\">\n<div class=\"page-title-head hgroup\">\n<div class=\"b654a4as d2edcug0\">\n<div class=\"page-title-head hgroup\">\n<div class=\"page-title-head hgroup\">\n<p>&nbsp;<\/p>\n<\/div>\n<\/div>\n<\/div>\n<\/div>\n<\/div>\n<\/div>\n<\/div>\n<\/div>\n<\/div>\n<\/div>\n<\/div>\n<\/div>\n<\/div>\n<\/div>\n<\/div>\n<\/div>\n<\/div>\n<\/div>\n<\/div>\n<\/div>\n<\/div>\n<\/div>\n<\/div>\n<\/div>\n<\/div>\n<\/div>\n<blockquote>\n<h3><\/h3>\n<h3>COLLAGE&#8230; DI LORIS SCUSSEL dal lunedi al venerdi alle 16 e alle 23 su RADIO PIU<\/h3>\n<\/blockquote>\n<div>\n<p><img loading=\"lazy\" decoding=\"async\" class=\"alignleft\" src=\"https:\/\/www.radiopiu.net\/wordpress\/wp-content\/uploads\/2021\/05\/Schermata-2021-05-23-alle-11.50.11.png\" width=\"186\" height=\"131\" \/><\/p>\n<div>\n<p>Il programma \u00e8 andato in onda da dicembre 2013 fino a luglio 2019, comprese le repliche, in due serie per 350 puntate complessive con 1.890 brani trasmessi. L\u2019obiettivo del programma: riproporre agli ascoltatori pi\u00f9 grandicelli le canzoni che ascoltavano nel passato e nello stesso tempo farle conoscere anche ai pi\u00f9 giovani.<\/p>\n<\/div>\n<\/div>\n<div>\n<p><b>\u00a0\u00a0<\/b><\/p>\n<p>&nbsp;<\/p>\n<p>&nbsp;<\/p>\n<p>&nbsp;<\/p>\n<\/div>\n<\/div>\n<\/div>\n<\/div>\n<\/div>\n<\/div>\n<\/div>\n<\/div>\n<\/div>\n<\/div>\n<\/div>\n<\/div>\n<\/div>\n<\/div>\n<\/div>\n<\/div>\n<\/div>\n<\/div>\n<\/div>\n<\/div>\n<\/div>\n<\/div>\n<\/div>\n<\/div>\n<\/div>\n<\/div>\n<\/div>\n<\/div>\n<\/div>\n<\/div>\n<\/div>\n<\/div>\n<\/div>\n<\/div>\n<\/div>\n<\/div>\n<\/div>\n<\/div>\n<\/div>\n<\/div>\n<\/div>\n<\/div>\n<\/div>\n<\/div>\n<\/div>\n<\/div>\n<\/div>\n<\/div>\n<\/div>\n<\/div>\n<\/div>\n<\/div>\n<\/div>\n<\/div>\n<\/div>\n<\/div>\n<\/div>\n<\/div>\n<\/div>\n<\/div>\n<\/div>\n<\/div>\n<div>\n<hr \/>\n<p>&nbsp;<\/p>\n<div>\n<div class=\"b654a4as d2edcug0\">\n<div class=\"rq0escxv hkbzh7o3 jwdofwj8 n8tt0mok r8blr3vg hyh9befq\">\n<div class=\"b654a4as d2edcug0\">\n<div class=\"b654a4as d2edcug0\">\n<div>\n<div class=\"b654a4as d2edcug0\">\n<div class=\"rq0escxv hkbzh7o3 jwdofwj8 n8tt0mok r8blr3vg hyh9befq\">\n<div class=\"b654a4as d2edcug0\">\n<h2><\/h2>\n<div class=\"b654a4as d2edcug0\">\n<h2><span style=\"color: #008000;\">ERBE E PIANTE CURATIVE&#8230;IL\u00a0 PROGRAMMA DI PAOLA LANCIATO\u00a0\u00a0<\/span><\/h2>\n<blockquote class=\"wp-embedded-content\" data-secret=\"5hmA0yOfgz\"><p><a href=\"https:\/\/www.radiopiu.net\/wordpress\/erbavoglio\/\">L&#8217;ERBA VOGLIO DEL GIARDINO DEL RE&#8230; Erbe, fiori e Piante di e con Paola Lanciato<\/a><\/p><\/blockquote>\n<p><iframe loading=\"lazy\" class=\"wp-embedded-content\" sandbox=\"allow-scripts\" security=\"restricted\" style=\"position: absolute; clip: rect(1px, 1px, 1px, 1px);\" title=\"&#8220;L&#8217;ERBA VOGLIO DEL GIARDINO DEL RE&#8230; Erbe, fiori e Piante di e con Paola Lanciato&#8221; &#8212; Radio Pi\u00f9\" src=\"https:\/\/www.radiopiu.net\/wordpress\/erbavoglio\/embed\/#?secret=5hmA0yOfgz\" data-secret=\"5hmA0yOfgz\" width=\"600\" height=\"338\" frameborder=\"0\" marginwidth=\"0\" marginheight=\"0\" scrolling=\"no\"><\/iframe><\/p>\n<\/div>\n<p>&nbsp;<\/p>\n<\/div>\n<\/div>\n<\/div>\n<\/div>\n<p>&nbsp;<\/p>\n<\/div>\n<\/div>\n<\/div>\n<\/div>\n<\/div>\n<p>&nbsp;<\/p>\n<hr \/>\n<p>&nbsp;<\/p>\n<div>\n<h2><span style=\"color: #ff0000;\"><strong>IN VIVO VERSO 2020-21 ESTATE, RIASCOLTIAMOLI&#8230; DAL CASSETTO DEI RICORDI DI RADIO PIU&#8217;&#8230; LE PRIME\u00a0 SEI STAGIONI\u00a0 \u00a0<\/strong><\/span><\/h2>\n<div class=\"page-title-head hgroup\">\n<div class=\"page-title-head hgroup\">\n<div class=\"page-title-head hgroup\">\n<div class=\"page-title-head hgroup\">\n<div class=\"page-title-head hgroup\">\n<div class=\"page-title-head hgroup\">\n<blockquote><p><strong>LA RACCOLTA COMPLETA\u00a0<\/strong><\/p><\/blockquote>\n<blockquote class=\"wp-embedded-content\" data-secret=\"cbMeb8OFv6\"><p><a href=\"https:\/\/www.radiopiu.net\/wordpress\/in-vivo-verso\/\">In Vivo Verso<\/a><\/p><\/blockquote>\n<p><iframe loading=\"lazy\" class=\"wp-embedded-content\" sandbox=\"allow-scripts\" security=\"restricted\" style=\"position: absolute; clip: rect(1px, 1px, 1px, 1px);\" title=\"&#8220;In Vivo Verso&#8221; &#8212; Radio Pi\u00f9\" src=\"https:\/\/www.radiopiu.net\/wordpress\/in-vivo-verso\/embed\/#?secret=cbMeb8OFv6\" data-secret=\"cbMeb8OFv6\" width=\"600\" height=\"338\" frameborder=\"0\" marginwidth=\"0\" marginheight=\"0\" scrolling=\"no\"><\/iframe><\/p>\n<\/div>\n<\/div>\n<\/div>\n<\/div>\n<\/div>\n<\/div>\n<p>&nbsp;<\/p>\n<hr \/>\n<\/div>\n<blockquote>\n<blockquote>\n<h2><\/h2>\n<\/blockquote>\n<\/blockquote>\n<div>\n<div class=\"b654a4as d2edcug0\">\n<div class=\"rq0escxv hkbzh7o3 jwdofwj8 n8tt0mok r8blr3vg hyh9befq\">\n<blockquote>\n<h2><span style=\"color: #ff0000;\"><em>ZAINO ALLA RADIO&#8230;ESTATE DI PAOLA LANCIATO\u00a0<\/em><\/span><\/h2>\n<p><strong>LA RACCOLTA COMPLETA\u00a0<\/strong><\/p><\/blockquote>\n<blockquote class=\"wp-embedded-content\" data-secret=\"X2Et3f5egm\"><p><a href=\"https:\/\/www.radiopiu.net\/wordpress\/zaino-femminile-lanciato\/\">Zaino da viaggio al femminile<\/a><\/p><\/blockquote>\n<p><iframe loading=\"lazy\" class=\"wp-embedded-content\" sandbox=\"allow-scripts\" security=\"restricted\" style=\"position: absolute; clip: rect(1px, 1px, 1px, 1px);\" title=\"&#8220;Zaino da viaggio al femminile&#8221; &#8212; Radio Pi\u00f9\" src=\"https:\/\/www.radiopiu.net\/wordpress\/zaino-femminile-lanciato\/embed\/#?secret=X2Et3f5egm\" data-secret=\"X2Et3f5egm\" width=\"600\" height=\"338\" frameborder=\"0\" marginwidth=\"0\" marginheight=\"0\" scrolling=\"no\"><\/iframe><\/p>\n<p>&nbsp;<\/p>\n<\/div>\n<\/div>\n<\/div>\n<hr \/>\n<div><\/div>\n<div>\n<div class=\"page-title-head hgroup\">\n<div class=\"page-title-head hgroup\">\n<div class=\"page-title-head hgroup\">\n<div class=\"page-title-head hgroup\">\n<div class=\"page-title-head hgroup\">\n<div>\n<div class=\"b654a4as d2edcug0\">\u00a0 \u00a0 \u00a0<strong style=\"color: #800080;\">LA RASSEGNA STAMPA DA L&#8217;AMICO DEL POPOLO\u00a0<\/strong><\/div>\n<\/div>\n<\/div>\n<\/div>\n<\/div>\n<\/div>\n<\/div>\n<\/div>\n<div>\n<div class=\"page-title-head hgroup\">\n<div class=\"page-title-head hgroup\">\n<div class=\"page-title-head hgroup\">\n<div class=\"page-title-head hgroup\">\n<div class=\"b654a4as d2edcug0\">\n<div class=\"page-title-head hgroup\">\n<div class=\"page-title-head hgroup\">\n<div class=\"page-title-head hgroup\">\n<div class=\"page-title-head hgroup\">\n<div class=\"b654a4as d2edcug0\">\n<div>\n<h3 class=\"kvgmc6g5 cxmmr5t8 oygrvhab hcukyx3x c1et5uql\"><span style=\"color: #0000ff;\"> INFORMAZIONE il canale su TELEGRAM informazione di prima mano e in tempo reale. iscriviti ed aiutaci a farlo conoscere\u00a0\u00a0<\/span><\/h3>\n<h3 class=\"kvgmc6g5 cxmmr5t8 oygrvhab hcukyx3x c1et5uql\"><span style=\"color: #0000ff;\"><a href=\"https:\/\/www.radiopiu.net\/wordpress\/la-rassegna-stampa-da-lamico-del-popolo-dal-delta-del-po-roberta-marcolongo\/e5418f0b-a75b-4afb-b3d2-8d97d6a76353\/\" rel=\"attachment wp-att-227850\"><img loading=\"lazy\" decoding=\"async\" class=\"size-medium wp-image-227850 alignleft\" src=\"https:\/\/www.radiopiu.net\/wordpress\/wp-content\/uploads\/2021\/08\/e5418f0b-a75b-4afb-b3d2-8d97d6a76353-300x169.jpg\" alt=\"\" width=\"300\" height=\"169\" srcset=\"https:\/\/www.radiopiu.net\/wordpress\/wp-content\/uploads\/2021\/08\/e5418f0b-a75b-4afb-b3d2-8d97d6a76353-300x169.jpg 300w, https:\/\/www.radiopiu.net\/wordpress\/wp-content\/uploads\/2021\/08\/e5418f0b-a75b-4afb-b3d2-8d97d6a76353-1024x577.jpg 1024w, https:\/\/www.radiopiu.net\/wordpress\/wp-content\/uploads\/2021\/08\/e5418f0b-a75b-4afb-b3d2-8d97d6a76353-768x433.jpg 768w, https:\/\/www.radiopiu.net\/wordpress\/wp-content\/uploads\/2021\/08\/e5418f0b-a75b-4afb-b3d2-8d97d6a76353-1536x866.jpg 1536w, https:\/\/www.radiopiu.net\/wordpress\/wp-content\/uploads\/2021\/08\/e5418f0b-a75b-4afb-b3d2-8d97d6a76353.jpg 2048w\" sizes=\"auto, (max-width: 300px) 100vw, 300px\" \/><\/a>\u00a0 \u00a0<\/span><\/h3>\n<p><strong>OSPITE ROBERTA MARCOLONGO<\/strong><\/p>\n<audio class=\"wp-audio-shortcode\" id=\"audio-228740-12\" preload=\"none\" style=\"width: 100%;\" controls=\"controls\"><source type=\"audio\/mpeg\" src=\"https:\/\/www.radiopiu.net\/wordpress\/wp-content\/uploads\/2021\/08\/RASSEGNA-GIANNI-1.mp3?_=12\" \/><a href=\"https:\/\/www.radiopiu.net\/wordpress\/wp-content\/uploads\/2021\/08\/RASSEGNA-GIANNI-1.mp3\">https:\/\/www.radiopiu.net\/wordpress\/wp-content\/uploads\/2021\/08\/RASSEGNA-GIANNI-1.mp3<\/a><\/audio>\n<p>&nbsp;<\/p>\n<blockquote class=\"wp-embedded-content\" data-secret=\"i9HvMcfegg\"><p><a href=\"https:\/\/www.radiopiu.net\/wordpress\/rassegna-stampa-di-gianni-santomaso\/\">Rassegna stampa da l&#8217;amico del popolo &#8211; di Gianni Santomaso<\/a><\/p><\/blockquote>\n<p><iframe loading=\"lazy\" class=\"wp-embedded-content\" sandbox=\"allow-scripts\" security=\"restricted\" style=\"position: absolute; clip: rect(1px, 1px, 1px, 1px);\" title=\"&#8220;Rassegna stampa da l&#8217;amico del popolo &#8211; di Gianni Santomaso&#8221; &#8212; Radio Pi\u00f9\" src=\"https:\/\/www.radiopiu.net\/wordpress\/rassegna-stampa-di-gianni-santomaso\/embed\/#?secret=i9HvMcfegg\" data-secret=\"i9HvMcfegg\" width=\"600\" height=\"338\" frameborder=\"0\" marginwidth=\"0\" marginheight=\"0\" scrolling=\"no\"><\/iframe><\/p>\n<p>&nbsp;<\/p>\n<hr \/>\n<p>&nbsp;<\/p>\n<p>&nbsp;<\/p>\n<\/div>\n<div dir=\"auto\">\n<blockquote class=\"wp-embedded-content\" data-secret=\"UtUt1bw3N1\"><p><a href=\"https:\/\/www.radiopiu.net\/wordpress\/saluteesocieta\/\">Salute e Societ\u00e0<\/a><\/p><\/blockquote>\n<p><iframe loading=\"lazy\" class=\"wp-embedded-content\" sandbox=\"allow-scripts\" security=\"restricted\" style=\"position: absolute; clip: rect(1px, 1px, 1px, 1px);\" title=\"&#8220;Salute e Societ\u00e0&#8221; &#8212; Radio Pi\u00f9\" src=\"https:\/\/www.radiopiu.net\/wordpress\/saluteesocieta\/embed\/#?secret=UtUt1bw3N1\" data-secret=\"UtUt1bw3N1\" width=\"600\" height=\"338\" frameborder=\"0\" marginwidth=\"0\" marginheight=\"0\" scrolling=\"no\"><\/iframe><\/p>\n<\/div>\n<div dir=\"auto\">\n<h1><\/h1>\n<\/div>\n<div>\n<div class=\"page-title-head hgroup\">\n<div class=\"page-title-head hgroup\">\n<div class=\"page-title-head hgroup\">\n<div>\n<div class=\"b654a4as d2edcug0\">\n<div class=\"rq0escxv hkbzh7o3 jwdofwj8 n8tt0mok r8blr3vg hyh9befq\">\n<hr \/>\n<\/div>\n<\/div>\n<\/div>\n<div>\n<div class=\"page-title-head hgroup\">\n<div class=\"page-title-head hgroup\">\n<div class=\"b654a4as d2edcug0\">\n<p>&nbsp;<\/p>\n<blockquote>\n<h3><img loading=\"lazy\" decoding=\"async\" class=\"alignleft\" src=\"https:\/\/www.radiopiu.net\/wordpress\/wp-content\/uploads\/2021\/06\/fresh-flower-leaves-saffron-white-background-place-your-text-use-saffron-spice-cooking-cosmetology_347372-394.jpeg\" width=\"141\" height=\"94\" \/>L&#8217;ALMANACCO LADINO CON L&#8217;ISTITUT CESA DE JAN QUINDICINALE APPUNTAMENTO. LA DOMENICA ALLE 9 IL LUNEDI ALLE 8.35 IL MARTEDI ALLE 12.35 IL MERCOLEDI ALLE 18.35. SECONDA STAGIONE.<strong style=\"font-size: 14px;\">\u00a0<\/strong><\/h3>\n<\/blockquote>\n<p>&nbsp;<\/p>\n<p>PUNTATA DEL 16 AGOSTO<\/p>\n<audio class=\"wp-audio-shortcode\" id=\"audio-228740-13\" preload=\"none\" style=\"width: 100%;\" controls=\"controls\"><source type=\"audio\/mpeg\" src=\"https:\/\/www.radiopiu.net\/wordpress\/wp-content\/uploads\/2021\/08\/64\u00b0Almanach-Ladin-fodom.mp3?_=13\" \/><a href=\"https:\/\/www.radiopiu.net\/wordpress\/wp-content\/uploads\/2021\/08\/64\u00b0Almanach-Ladin-fodom.mp3\">https:\/\/www.radiopiu.net\/wordpress\/wp-content\/uploads\/2021\/08\/64\u00b0Almanach-Ladin-fodom.mp3<\/a><\/audio>\n<p><strong>\u00a0<\/strong><strong>\u00a0RACCOLTA COMPLETA\u00a0<\/strong><\/p>\n<blockquote class=\"wp-embedded-content\" data-secret=\"IZIfpADDgg\"><p><a href=\"https:\/\/www.radiopiu.net\/wordpress\/almanacco-ladino\/\">Almanacco Ladino<\/a><\/p><\/blockquote>\n<p><iframe loading=\"lazy\" class=\"wp-embedded-content\" sandbox=\"allow-scripts\" security=\"restricted\" style=\"position: absolute; clip: rect(1px, 1px, 1px, 1px);\" title=\"&#8220;Almanacco Ladino&#8221; &#8212; Radio Pi\u00f9\" src=\"https:\/\/www.radiopiu.net\/wordpress\/almanacco-ladino\/embed\/#?secret=IZIfpADDgg\" data-secret=\"IZIfpADDgg\" width=\"600\" height=\"338\" frameborder=\"0\" marginwidth=\"0\" marginheight=\"0\" scrolling=\"no\"><\/iframe><\/p>\n<\/div>\n<div>\n<p>&nbsp;<\/p>\n<hr \/>\n<h2><span style=\"color: #808000;\">DUE MINUTI UN LIBRO\u00a0 TUTTI I GIORNI ALLA RADIO ALLE 9.30 E ALLE 18. QUINTA STAGIONE\u00a0<\/span><\/h2>\n<blockquote class=\"wp-embedded-content\" data-secret=\"PMcbwWdu1R\"><p><a href=\"https:\/\/www.radiopiu.net\/wordpress\/cuori-stupidi\/\">CUORI STUPIDI<\/a><\/p><\/blockquote>\n<p><iframe loading=\"lazy\" class=\"wp-embedded-content\" sandbox=\"allow-scripts\" security=\"restricted\" style=\"position: absolute; clip: rect(1px, 1px, 1px, 1px);\" title=\"&#8220;CUORI STUPIDI&#8221; &#8212; Radio Pi\u00f9\" src=\"https:\/\/www.radiopiu.net\/wordpress\/cuori-stupidi\/embed\/#?secret=PMcbwWdu1R\" data-secret=\"PMcbwWdu1R\" width=\"600\" height=\"338\" frameborder=\"0\" marginwidth=\"0\" marginheight=\"0\" scrolling=\"no\"><\/iframe><\/p>\n<p><strong>LA RACCOLTA COMPLETA\u00a0\u00a0<\/strong><\/p>\n<\/div>\n<div>\n<blockquote class=\"wp-embedded-content\" data-secret=\"ZAjF3HNOAg\"><p><a href=\"https:\/\/www.radiopiu.net\/wordpress\/due-minuti-un-libro\/\">Due minuti un libro<\/a><\/p><\/blockquote>\n<p><iframe loading=\"lazy\" class=\"wp-embedded-content\" sandbox=\"allow-scripts\" security=\"restricted\" style=\"position: absolute; clip: rect(1px, 1px, 1px, 1px);\" title=\"&#8220;Due minuti un libro&#8221; &#8212; Radio Pi\u00f9\" src=\"https:\/\/www.radiopiu.net\/wordpress\/due-minuti-un-libro\/embed\/#?secret=ZAjF3HNOAg\" data-secret=\"ZAjF3HNOAg\" width=\"600\" height=\"338\" frameborder=\"0\" marginwidth=\"0\" marginheight=\"0\" scrolling=\"no\"><\/iframe><\/p>\n<p>&nbsp;<\/p>\n<hr \/>\n<p>\u200b<\/p>\n<div>\n<h2><span style=\"color: #33cccc;\">I RACCONTI DI PAOLO SOPPELSA il lunedi alle 9.30 e 18.30<\/span><\/h2>\n<p>&nbsp;<\/p>\n<blockquote class=\"wp-embedded-content\" data-secret=\"MOWu4bzPoO\"><p><a href=\"https:\/\/www.radiopiu.net\/wordpress\/i-racconti-di-paolo-soppelsa\/\">I racconti di Paolo Soppelsa<\/a><\/p><\/blockquote>\n<p><iframe loading=\"lazy\" class=\"wp-embedded-content\" sandbox=\"allow-scripts\" security=\"restricted\" style=\"position: absolute; clip: rect(1px, 1px, 1px, 1px);\" title=\"&#8220;I racconti di Paolo Soppelsa&#8221; &#8212; Radio Pi\u00f9\" src=\"https:\/\/www.radiopiu.net\/wordpress\/i-racconti-di-paolo-soppelsa\/embed\/#?secret=MOWu4bzPoO\" data-secret=\"MOWu4bzPoO\" width=\"600\" height=\"338\" frameborder=\"0\" marginwidth=\"0\" marginheight=\"0\" scrolling=\"no\"><\/iframe><\/p>\n<p>&nbsp;<\/p>\n<\/div>\n<\/div>\n<hr \/>\n<p>&nbsp;<\/p>\n<div class=\"mkdf-post-text\">\n<div class=\"mkdf-post-text-inner\">\n<div class=\"mkdf-post-text-main\">\n<div class=\"mkdf-post-text\">\n<div class=\"mkdf-post-text-inner\">\n<div class=\"mkdf-post-text-main\">\n<div class=\"mkdf-post-text\">\n<div class=\"mkdf-post-text-inner\">\n<div class=\"mkdf-post-text-main\">\n<div class=\"page-title-head hgroup\">\n<div class=\"page-title-head hgroup\">\n<div class=\"mkdf-post-text\">\n<div class=\"mkdf-post-text-inner\">\n<div class=\"mkdf-post-text-main\">\n<div class=\"mkdf-post-text\">\n<div class=\"mkdf-post-text-inner\">\n<div class=\"mkdf-post-text-main\">\n<div>\n<div class=\"page-title-head hgroup\">\n<div class=\"page-title-head hgroup\">\n<div class=\"page-title-head hgroup\">\n<div class=\"page-title-head hgroup\">\n<div class=\"b654a4as d2edcug0\">\n<div class=\"page-title-head hgroup\">\n<div class=\"page-title-head hgroup\">\n<div class=\"page-title-head hgroup\">\n<div class=\"page-title-head hgroup\">\n<div class=\"b654a4as d2edcug0\">\n<div>\n<div>\n<div>\n<div>\n<div class=\"page-title-head hgroup\">\n<div class=\"page-title-head hgroup\">\n<div class=\"page-title-head hgroup\">\n<div class=\"page-title-head hgroup\">\n<div class=\"b654a4as d2edcug0\">\n<div class=\"page-title-head hgroup\">\n<div class=\"page-title-head hgroup\">\n<div class=\"page-title-head hgroup\">\n<div class=\"page-title-head hgroup\">\n<div class=\"b654a4as d2edcug0\">\n<div>\n<div class=\"page-title-head hgroup\">\n<div class=\"page-title-head hgroup\">\n<div class=\"page-title-head hgroup\">\n<div>\n<div class=\"page-title-head hgroup\">\n<div class=\"page-title-head hgroup\">\n<div class=\"page-title-head hgroup\">\n<p>&nbsp;<\/p>\n<p><a href=\"https:\/\/www.radiopiu.net\/wordpress\/giornale-radiopiu-26-settembre-2018-direttore-mirko-mezzacasa\/viabilita-2\/\" rel=\"attachment wp-att-61954\"><img loading=\"lazy\" decoding=\"async\" class=\"wp-image-61954 size-full aligncenter\" src=\"https:\/\/www.radiopiu.net\/wordpress\/wp-content\/uploads\/2018\/09\/viabilita.jpeg\" alt=\"\" width=\"800\" height=\"100\" srcset=\"https:\/\/www.radiopiu.net\/wordpress\/wp-content\/uploads\/2018\/09\/viabilita.jpeg 800w, https:\/\/www.radiopiu.net\/wordpress\/wp-content\/uploads\/2018\/09\/viabilita-300x38.jpeg 300w, https:\/\/www.radiopiu.net\/wordpress\/wp-content\/uploads\/2018\/09\/viabilita-768x96.jpeg 768w\" sizes=\"auto, (max-width: 800px) 100vw, 800px\" \/><\/a><\/p>\n<blockquote><p><a href=\"https:\/\/www.radiopiu.net\/wordpress\/giornale-radiopiu-09-agosto-2018-direttore-mirko-mezzacasa\/viabilia\/\" rel=\"attachment wp-att-57053\"><img loading=\"lazy\" decoding=\"async\" class=\" wp-image-57053 alignleft\" src=\"https:\/\/www.radiopiu.net\/wordpress\/wp-content\/uploads\/2018\/08\/VIABILIA-300x180.jpeg\" alt=\"\" width=\"220\" height=\"132\" srcset=\"https:\/\/www.radiopiu.net\/wordpress\/wp-content\/uploads\/2018\/08\/VIABILIA-300x180.jpeg 300w, https:\/\/www.radiopiu.net\/wordpress\/wp-content\/uploads\/2018\/08\/VIABILIA-768x461.jpeg 768w, https:\/\/www.radiopiu.net\/wordpress\/wp-content\/uploads\/2018\/08\/VIABILIA-1024x614.jpeg 1024w, https:\/\/www.radiopiu.net\/wordpress\/wp-content\/uploads\/2018\/08\/VIABILIA.jpeg 1280w\" sizes=\"auto, (max-width: 220px) 100vw, 220px\" \/><\/a><\/p><\/blockquote>\n<\/div>\n<\/div>\n<\/div>\n<\/div>\n<\/div>\n<\/div>\n<\/div>\n<\/div>\n<div>\n<div>\n<div class=\"page-title-head hgroup\">\n<div class=\"page-title-head hgroup\">\n<div class=\"page-title-head hgroup\">\n<div class=\"page-title-head hgroup\">\n<div class=\"page-title-head hgroup\">\n<div class=\"page-title-head hgroup\">\n<blockquote><p>La viabilit\u00e0 con gli ultimi aggiornamenti<\/p><\/blockquote>\n<\/div>\n<\/div>\n<\/div>\n<\/div>\n<\/div>\n<\/div>\n<\/div>\n<div><\/div>\n<div><\/div>\n<div>\n<div><\/div>\n<\/div>\n<\/div>\n<\/div>\n<\/div>\n<\/div>\n<\/div>\n<\/div>\n<\/div>\n<\/div>\n<\/div>\n<\/div>\n<\/div>\n<\/div>\n<div>\n<div class=\"page-title-head hgroup\">\n<div class=\"page-title-head hgroup\">\n<div class=\"page-title-head hgroup\">\n<div class=\"page-title-head hgroup\">\n<div class=\"b654a4as d2edcug0\">\n<div>\n<div class=\"page-title-head hgroup\" style=\"text-align: left;\">\n<div class=\"page-title-head hgroup\"><\/div>\n<\/div>\n<\/div>\n<\/div>\n<\/div>\n<\/div>\n<\/div>\n<\/div>\n<\/div>\n<\/div>\n<\/div>\n<\/div>\n<div>\n<div>\n<div class=\"page-title-head hgroup\">\n<div class=\"page-title-head hgroup\">\n<div class=\"page-title-head hgroup\">\n<div class=\"page-title-head hgroup\">\n<div class=\"b654a4as d2edcug0\">\n<div class=\"page-title-head hgroup\">\n<div class=\"page-title-head hgroup\">\n<div class=\"page-title-head hgroup\">\n<div class=\"page-title-head hgroup\">\n<div class=\"b654a4as d2edcug0\">\n<div>\n<div class=\"page-title-head hgroup\">\n<div class=\"page-title-head hgroup\">\n<div class=\"page-title-head hgroup\">\n<div class=\"page-title-head hgroup\">\n<div class=\"page-title-head hgroup\">\n<div>\n<div>\n<audio class=\"wp-audio-shortcode\" id=\"audio-228740-14\" preload=\"none\" style=\"width: 100%;\" controls=\"controls\"><source type=\"audio\/mpeg\" src=\"https:\/\/www.radiopiu.net\/wordpress\/wp-content\/uploads\/2021\/08\/VIABILITA-3.mp3?_=14\" \/><a href=\"https:\/\/www.radiopiu.net\/wordpress\/wp-content\/uploads\/2021\/08\/VIABILITA-3.mp3\">https:\/\/www.radiopiu.net\/wordpress\/wp-content\/uploads\/2021\/08\/VIABILITA-3.mp3<\/a><\/audio>\n<\/div>\n<div><\/div>\n<div><\/div>\n<div><\/div>\n<\/div>\n<\/div>\n<\/div>\n<\/div>\n<\/div>\n<\/div>\n<\/div>\n<\/div>\n<\/div>\n<\/div>\n<\/div>\n<\/div>\n<\/div>\n<\/div>\n<\/div>\n<\/div>\n<\/div>\n<\/div>\n<div>\n<div>\n<div class=\"page-title-head hgroup\">\n<hr \/>\n<p>&nbsp;<\/p>\n<\/div>\n<\/div>\n<\/div>\n<\/div>\n<\/div>\n<\/div>\n<\/div>\n<\/div>\n<\/div>\n<\/div>\n<\/div>\n<\/div>\n<\/div>\n<\/div>\n<\/div>\n<div>\n<div class=\"page-title-head hgroup\">\n<div class=\"page-title-head hgroup\">\n<div>\n<div class=\"page-title-head hgroup\">\n<div class=\"page-title-head hgroup\">\n<div class=\"b654a4as d2edcug0\">\n<div>\n<div class=\"page-title-head hgroup\" style=\"text-align: left;\">\n<div class=\"page-title-head hgroup\">\n<div dir=\"auto\">\n<p><a class=\"dt-pswp-item pspw-wrap-ready\" href=\"https:\/\/i0.wp.com\/www.radiopiu.net\/wordpress\/wp-content\/uploads\/2018\/09\/WhatsApp-Image-2018-09-20-at-16.04.06.jpeg?ssl=1\" data-dt-img-description=\"\" data-large_image_width=\"800\" data-large_image_height=\"100\"><img loading=\"lazy\" decoding=\"async\" class=\"aligncenter wp-image-61378 size-full jetpack-lazy-image jetpack-lazy-image--handled\" src=\"https:\/\/i0.wp.com\/www.radiopiu.net\/wordpress\/wp-content\/uploads\/2018\/09\/WhatsApp-Image-2018-09-20-at-16.04.06.jpeg?resize=800%2C100&amp;ssl=1\" sizes=\"auto, (max-width: 800px) 100vw, 800px\" srcset=\"https:\/\/i0.wp.com\/www.radiopiu.net\/wordpress\/wp-content\/uploads\/2018\/09\/WhatsApp-Image-2018-09-20-at-16.04.06.jpeg?w=800&amp;ssl=1 800w, https:\/\/i0.wp.com\/www.radiopiu.net\/wordpress\/wp-content\/uploads\/2018\/09\/WhatsApp-Image-2018-09-20-at-16.04.06.jpeg?resize=300%2C38&amp;ssl=1 300w, https:\/\/i0.wp.com\/www.radiopiu.net\/wordpress\/wp-content\/uploads\/2018\/09\/WhatsApp-Image-2018-09-20-at-16.04.06.jpeg?resize=768%2C96&amp;ssl=1 768w\" alt=\"\" width=\"800\" height=\"100\" data-lazy-loaded=\"1\" \/><\/a><\/p>\n<\/div>\n<\/div>\n<\/div>\n<\/div>\n<\/div>\n<\/div>\n<\/div>\n<\/div>\n<\/div>\n<\/div>\n<\/div>\n<\/div>\n<\/div>\n<\/div>\n<\/div>\n<\/div>\n<\/div>\n<\/div>\n<\/div>\n<\/div>\n<\/div>\n<\/div>\n<\/div>\n<\/div>\n<\/div>\n<\/div>\n<\/div>\n<\/div>\n<p>&nbsp;<\/p>\n<div id=\"dolomitimeteo_div_testi\">\n<p style=\"text-align: center;\"><strong>domenica 22<\/strong><\/p>\n<p style=\"text-align: center;\">Altra mattinata tardo-estiva abbastanza soleggiata, specie sulle Prealpi, mentre sulle Dolomiti la nuvolosit\u00e0 sar\u00e0 un po&#8217; pi\u00f9 presente, con alternanza di annuvolamenti e di parziali schiarite. Dalle ore centrali tempo pi\u00f9 variabile e pi\u00f9 nuvoloso rispetto ai giorni precedenti, con ulteriore intensificazione della nuvolosit\u00e0 per l&#8217;arrivo di nuvolosit\u00e0 da nord-ovest, associata a fenomeni inizialmente locali, tendenti a divenire sparsi e poi diffusi.<br \/>\n<strong>Precipitazioni.<\/strong>\u00a0Al mattino assenti (0%); aumento della probabilit\u00e0 nel corso del pomeriggio, fino a medio-alta (50-75%), per precipitazioni a carattere di rovescio o di temporale; dapprima interesseranno le Dolomiti dalle ore centrali, poi anche anche le Prealpi nel corso del pomeriggio\/sera; non si escludono locali fenomeni intensi.<br \/>\n<strong>Temperature.<\/strong>\u00a0In ulteriore lieve rialzo sulle zone prealpine, stazionarie o in lieve calo sulle Dolomiti superiori alle medie del periodo; sono previsti, valori compresi tra i 26\u00b0 e i 28\u00b0C nei fondovalle prealpini e tra i 22\u00b0 e i 25\u00b0C nelle valli e altipiani tra gli 800 e i 1200 m. Su Prealpi a 1500 m min 12\u00b0C, max 18\u00b0C; a 2000 m min 9\u00b0C, max 15\u00b0C. Su Dolomiti a 2000 m min 9\u00b0C, max 14\u00b0C; a 3000 m min 3\u00b0C, max 6\u00b0C.<br \/>\n<strong>Venti.<\/strong>\u00a0Nelle valli a regime di brezza con qualche eventuale rinforzo in caso di temporale; in quota inizialmente deboli da ovest, nord-ovest, tendenti a divenire da met\u00e0 giornata moderati anche tesi da ovest, sud-ovest, a 15-30 km\/h a 2000 m, a 20-40 km\/h a 3000 m.<\/p>\n<p style=\"text-align: center;\"><strong>luned\u00ec 23<\/strong><\/p>\n<p style=\"text-align: center;\">Nelle prime ore cielo ancora molto nuvoloso o coperto con fenomeni inizialmente ancora diffusi, poi via via sparsi e locali. Ampi schiarite nella notte, poco prima dell&#8217;alba, con cielo che tender\u00e0 a divenire sereno con ottima visibilit\u00e0 specie in quota a partire dalle Dolomiti, mentre in molte valli potrebbero stagnare temporaneamente delle nubi basse o qualche foschia, tuttavia, in rapido dissolvimento poco dopo il sorgere del sole. In seguito, per il resto della mattinata il cielo tender\u00e0 a mantenersi sereno o poco nuvoloso. Dalle ore centrali, nuova intensificazione della nuvolosit\u00e0 per una moderata attivit\u00e0 cumuliforme specie sulle zone Prealpine con eventuali fenomeni.<br \/>\n<strong>Precipitazioni.<\/strong>\u00a0Probabilit\u00e0 medio-alta (50-75%) nelle prime ore per fenomeni ancora diffusi a carattere di rovescio o di temporale; attenuazione dei fenomeni a partire dalle Dolomiti poco prima dell&#8217;alba con fenomeni generalmente assenti ovunque per il resto della mattinata. Probabilit\u00e0 medio-bassa (25-50%) di ripresa dei fenomeni temporaleschi dalle ore centrali, specie sulle zone Prealpine.<br \/>\n<strong>Temperature.<\/strong>\u00a0In diminuzione, specie le massime con le minime raggiunte a fine giornata, su valori prossimi o di qualche grado inferiori alle medie del periodo. Su Prealpi a 1500 m min 11\u00b0C, max 16\u00b0C; a 2000 m min 8\u00b0C, max 13\u00b0C. Su Dolomiti a 2000 m min 6\u00b0C, max 12\u00b0C; a 3000 m min 8\u00b0C, max 4\u00b0C.<br \/>\n<strong>Venti.<\/strong>\u00a0Nelle valli deboli o moderati a regime di brezza con qualche possibile rinforzo nelle prime ore durante i temporali; in quota in genere moderati dai quadranti settentrionali, a 10-20 km\/h a 2000 m, a 15-25 km\/h a 3000 m.<\/p>\n<p style=\"text-align: center;\"><strong>marted\u00ec 24<\/strong><\/p>\n<p style=\"text-align: center;\">Giornata caratterizzata da tempo variabile; al mattino tempo in gran parte soleggiato con modesti annuvolamenti irregolari nel corso della mattinata in intensificazione nel pomeriggio con possibili fenomeni un po&#8217; pi\u00f9 probabili sulle Dolomiti rispetto alle Prealpi. Schiarite in serata. Temperature in ulteriore lieve calo. Venti in quota in prevalenza moderati da nord, nord-est.<\/p>\n<p style=\"text-align: center;\"><strong>mercoled\u00ec 25<\/strong><\/p>\n<p style=\"text-align: center;\">Giornata all&#8217;insegna della variabilit\u00e0, con cielo irregolarmente nuvoloso con tratti soleggiati pi\u00f9 frequenti al mattino e significativi addensamenti cumuliformi soprattutto dalle ore centrali associati a possibili precipitazioni sparse anche a carattere di rovescio o di temporale. Attenuazione dei fenomeni associata a schiarite verso sera. Minime in aumento, massime in ulteriore lieve calo. Venti in quota moderati da nord, nord-ovest. Previsore: M.Padoan<\/p>\n<\/div>\n<p>&nbsp;<\/p>\n<div class=\"mkdf-post-text\">\n<div class=\"mkdf-post-text-inner\">\n<hr \/>\n<p>&nbsp;<\/p>\n<p><img loading=\"lazy\" decoding=\"async\" class=\"wp-image-60761 size-full aligncenter\" src=\"https:\/\/www.radiopiu.net\/wordpress\/wp-content\/uploads\/2018\/09\/sport.jpg\" alt=\"\" width=\"800\" height=\"100\" srcset=\"https:\/\/www.radiopiu.net\/wordpress\/wp-content\/uploads\/2018\/09\/sport.jpg 800w, https:\/\/www.radiopiu.net\/wordpress\/wp-content\/uploads\/2018\/09\/sport-300x38.jpg 300w, https:\/\/www.radiopiu.net\/wordpress\/wp-content\/uploads\/2018\/09\/sport-768x96.jpg 768w\" sizes=\"auto, (max-width: 800px) 100vw, 800px\" \/><\/p>\n<p>&nbsp;<\/p>\n<blockquote>\n<h3>NAZIONALE DI HOCKEY SU GHIACCIO. I CONVOCATI PER IL TORNEO PRE OLIMPICO DI RIGA<\/h3>\n<\/blockquote>\n<p><strong><a href=\"https:\/\/www.radiopiu.net\/wordpress\/giornale-radiopiu-22-agosto-2021-direttore-mirko-mezzacasa\/742b5aba-6cdf-e8f7-ed22-0bdf87b372c1\/\" rel=\"attachment wp-att-228854\"><img loading=\"lazy\" decoding=\"async\" class=\"size-medium wp-image-228854 alignleft\" src=\"https:\/\/www.radiopiu.net\/wordpress\/wp-content\/uploads\/2021\/08\/742b5aba-6cdf-e8f7-ed22-0bdf87b372c1-300x203.jpg\" alt=\"\" width=\"300\" height=\"203\" srcset=\"https:\/\/www.radiopiu.net\/wordpress\/wp-content\/uploads\/2021\/08\/742b5aba-6cdf-e8f7-ed22-0bdf87b372c1-300x203.jpg 300w, https:\/\/www.radiopiu.net\/wordpress\/wp-content\/uploads\/2021\/08\/742b5aba-6cdf-e8f7-ed22-0bdf87b372c1-1024x693.jpg 1024w, https:\/\/www.radiopiu.net\/wordpress\/wp-content\/uploads\/2021\/08\/742b5aba-6cdf-e8f7-ed22-0bdf87b372c1-768x520.jpg 768w, https:\/\/www.radiopiu.net\/wordpress\/wp-content\/uploads\/2021\/08\/742b5aba-6cdf-e8f7-ed22-0bdf87b372c1-1536x1040.jpg 1536w, https:\/\/www.radiopiu.net\/wordpress\/wp-content\/uploads\/2021\/08\/742b5aba-6cdf-e8f7-ed22-0bdf87b372c1.jpg 1982w\" sizes=\"auto, (max-width: 300px) 100vw, 300px\" \/><\/a>EGNA <\/strong>L\u2019operazione Riga \u00e8 iniziata. La nazionale italiana di hockey su ghiaccio \u00e8 partita con direzione Vienna, dove oggi \u00e8 in programma l\u2019ultimo test amichevole contro l\u2019Austria prima del torneo di qualificazione olimpica in programma dal 26 al 29 agosto nella capitale lettone. Gli azzurri affronteranno nell\u2019ordine i padroni di casa della Lettonia (26 agosto, ore 19.30), la Francia (27 agosto, ore 16) e l\u2019Ungheria (29 agosto, ore 13). Solamente la prima classificata del torneo strapper\u00e0 il biglietto per le Olimpiadi invernali di Pechino 2022. Rispetto alla selezione presente alla Dolomiten Cup di Egna, chiusa nei giorni scorsi al quarto posto dopo le sconfitte con Augsburg e Berlino, il roster a disposizione di coach Greg Ireland \u00e8 decisamente diverso e pu\u00f2 contare su maggiore profondit\u00e0 e qualit\u00e0. Come noto agli appassionati, infatti, i club sono obbligati a cedere alle squadre nazionali i propri giocatori solamente 7 giorni prima degli appuntamenti ufficiali, motivo per cui non tutti gli azzurri avevano potuto partecipare al lungo raduno svoltosi nelle scorse settimane in Alto Adige. Da registrare nelle ultime ore i forfait definitivi per infortunio di due elementi importanti per il roster azzurro come Anthony Bardaro e Marco Insam, entrambi alle prese con problemi di natura fisica. Di seguito l\u2019elenco dei 25 giocatori convocati: 3 portieri, 8 difensori e 14 attaccanti. <strong>Portieri<\/strong>: Andreas Bernard (Villach \u2013 AUT), Justin Fazio (Bolzano), Jake Smith (Ritten Sport). <strong>Difensori<\/strong>: Lorenzo Casetti (Asiago), Gregorio Gios, Daniel Glira (Val Pusteria), Thomas Larkin (Mannheim \u2013 GER), Stefano Marchetti (Asiago), Enrico Miglioranzi (Asiago), Peter Spornberger (Schwenninger \u2013 GER), Alex Trivellato (Bolzano). <strong>Attaccanti<\/strong>: Raphael Andergassen (Val Pusteria), Domenic Alberga (Bolzano), Ivan Deluca (Val Pusteria), Daniel Frank (Bolzano), Luca Frigo (Bolzano), Stefano Giliati, Peter Hochkofler (Salzburg \u2013 AUT), Diego Kostner (Ambr\u00ec Piotta \u2013 SUI), Simon Kostner (Ritten Sport), Marco Magnabosco (Asiago), Angelo Miceli (Bolzano), Giovanni Morini (Lugano \u2013 SUI), Alex Petan (Fehervar \u2013 HUN), Tommaso Traversa (Val Pusteria). Coaching staff: Greg Ireland (head coach), Giorgio De Bettin (assistant coach), Brad Shaw (assistant coach), Diego Scandella (video coach)<\/p>\n<p>&nbsp;<\/p>\n<p>&nbsp;<\/p>\n<hr \/>\n<p>&nbsp;<\/p>\n<blockquote>\n<h3 class=\"p1\"><span class=\"s1\">DA ROLD LOGISTICS: FRANCO DA RE \u00c8 IL NUOVO DIRETTORE GENERALE<\/span><\/h3>\n<\/blockquote>\n<p class=\"p1\"><span class=\"s1\"><strong><a href=\"https:\/\/www.radiopiu.net\/wordpress\/giornale-radiopiu-22-agosto-2021-direttore-mirko-mezzacasa\/sandro_da_rold_franco_da_re\/\" rel=\"attachment wp-att-228851\"><img loading=\"lazy\" decoding=\"async\" class=\"size-medium wp-image-228851 alignleft\" src=\"https:\/\/www.radiopiu.net\/wordpress\/wp-content\/uploads\/2021\/08\/Sandro_Da_Rold_Franco_Da_Re-256x300.jpg\" alt=\"\" width=\"256\" height=\"300\" srcset=\"https:\/\/www.radiopiu.net\/wordpress\/wp-content\/uploads\/2021\/08\/Sandro_Da_Rold_Franco_Da_Re-256x300.jpg 256w, https:\/\/www.radiopiu.net\/wordpress\/wp-content\/uploads\/2021\/08\/Sandro_Da_Rold_Franco_Da_Re-873x1024.jpg 873w, https:\/\/www.radiopiu.net\/wordpress\/wp-content\/uploads\/2021\/08\/Sandro_Da_Rold_Franco_Da_Re-768x900.jpg 768w, https:\/\/www.radiopiu.net\/wordpress\/wp-content\/uploads\/2021\/08\/Sandro_Da_Rold_Franco_Da_Re-1310x1536.jpg 1310w, https:\/\/www.radiopiu.net\/wordpress\/wp-content\/uploads\/2021\/08\/Sandro_Da_Rold_Franco_Da_Re-1747x2048.jpg 1747w\" sizes=\"auto, (max-width: 256px) 100vw, 256px\" \/><\/a>BELLUNO <\/strong>La dirigenza della Da Rold Logistics Belluno si arricchisce di una nuova figura capace di garantire esperienza, professionalit\u00e0 e un\u2019approfondita conoscenza della materia pallavolistica: \u00e8 quella di Franco Da Re, nominato direttore generale della realt\u00e0 chiamata ad affrontare il campionato di Serie A3 Credem Banca.\u00a0<\/span><span class=\"s1\">\u00abS<em>ono di Vittorio Veneto \u2013 si presenta Da Re \u2013 e, da lontano, ho potuto ammirare l\u2019epopea della Pallavolo Belluno nella massima serie. In pi\u00f9, ho avuto la fortuna di giocare con Stefano Da Rold, Giorgio De Kunovich, Massimo De Grandis: ecco, per me Belluno \u00e8 un luogo in cui c\u2019\u00e8 qualit\u00e0, oltre a una grande voglia di volley<\/em>\u00bb. Dopo un rapido colloquio con i vertici societari, a cominciare dal presidente Sandro Da Rold, la decisione \u00e8 scattata in automatico: \u00ab<em>Ma mi aspetto una stagione impegnativa. Non vedo roster \u201cscarsi\u201d nel nostro girone. A ogni modo, se in termini di grinta, entusiasmo e desiderio di lottare coach Diego Poletto riuscir\u00e0 a ripetere la scorsa annata, allora porteremo a casa quei 4, 5 punti in pi\u00f9 in classifica che potrebbero fare la differenza<\/em>\u00bb. Al di l\u00e0 della sfera tecnica, quindi, avr\u00e0 una certo peso l\u2019aspetto motivazionale: \u00ab<em>Da questo punto di vista, per\u00f2, vedo i ragazzi gi\u00e0 belli carichi. E sul lavoro di Poletto non ho alcun tipo di dubbio, n\u00e9 di perplessit\u00e0<\/em>\u00bb. <\/span><span class=\"s1\">Da Re cercher\u00e0 di dare anche un\u2019impronta personale: \u00ab<em>Il mio ruolo, come quello delle tante persone che gravitano attorno alla squadra, \u00e8 orientato a trasmettere tranquillit\u00e0 al collettivo. Gli atleti devono pensare solo alla pallavolo e a svolgere al meglio il loro compito. Che non \u00e8 una passeggiata, visto che alcuni di loro svolgeranno otto allenamenti a settimana. Oltre a questo, porteremo un certo tipo di organizzazione e di struttura per soddisfare ogni esigenza dei ragazzi<\/em>\u00bb.\u00a0Il direttore generale \u00e8 reduce da un\u2019esperienza nel femminile al Team Conegliano Volley, con cui ha ottenuto la promozione in B1 (battendo in finale playoff la Pallavolo Belluno), senza considerare il lungo percorso a San Don\u00e0: \u00ab<em>Ora la vera sfida \u2013 conclude Da Re \u2013 \u00e8 quella di cavalcare le aspettative della piazza e di riportare entusiasmo anche fuori dal campo<\/em>\u00bb. \u00a0<\/span><\/p>\n<p>&nbsp;<\/p>\n<\/div>\n<\/div>\n<\/div>\n<\/div>\n<\/div>\n<\/div>\n<\/div>\n<\/div>\n<\/div>\n<\/div>\n<\/div>\n<\/div>\n<\/div>\n<\/div>\n<\/div>\n<\/div>\n<\/div>\n<\/div>\n<\/div>\n<\/div>\n<\/div>\n<\/div>\n<\/div>\n<\/div>\n<\/div>","protected":false},"excerpt":{"rendered":"<p>COMPRIAMO UNA MACCHINA ATTREZZATA PER RICCARDO SOSPIROLO\u00a0Radio Pi\u00f9 appoggia l\u2019iniziativa di\u00a0 Agostino Tegner il pap\u00e0 di Riccardo, poche parole le sue ma piene di significato\u00a0\u201cIo e mia moglie stiamo invecchiando e non riusciamo pi\u00f9\u00a0a trasportare come si deve il nostro ragazzo, che necessita di una macchina attrezzata con un piano ribassato con pedana\u201d. Per questo&hellip;<\/p>\n","protected":false},"author":4,"featured_media":228937,"comment_status":"closed","ping_status":"open","sticky":false,"template":"","format":"standard","meta":{"_monsterinsights_skip_tracking":false,"_monsterinsights_sitenote_active":false,"_monsterinsights_sitenote_note":"","_monsterinsights_sitenote_category":0,"footnotes":""},"categories":[1,86],"tags":[],"class_list":["post-228740","post","type-post","status-publish","format-standard","has-post-thumbnail","hentry","category-senza-categoria","category-gr","category-1","category-86","description-off"],"img_url":"https:\/\/www.radiopiu.net\/wordpress\/wp-content\/uploads\/2021\/08\/safe_image-1.jpg","_links":{"self":[{"href":"https:\/\/www.radiopiu.net\/wordpress\/wp-json\/wp\/v2\/posts\/228740","targetHints":{"allow":["GET"]}}],"collection":[{"href":"https:\/\/www.radiopiu.net\/wordpress\/wp-json\/wp\/v2\/posts"}],"about":[{"href":"https:\/\/www.radiopiu.net\/wordpress\/wp-json\/wp\/v2\/types\/post"}],"author":[{"embeddable":true,"href":"https:\/\/www.radiopiu.net\/wordpress\/wp-json\/wp\/v2\/users\/4"}],"replies":[{"embeddable":true,"href":"https:\/\/www.radiopiu.net\/wordpress\/wp-json\/wp\/v2\/comments?post=228740"}],"version-history":[{"count":0,"href":"https:\/\/www.radiopiu.net\/wordpress\/wp-json\/wp\/v2\/posts\/228740\/revisions"}],"wp:featuredmedia":[{"embeddable":true,"href":"https:\/\/www.radiopiu.net\/wordpress\/wp-json\/wp\/v2\/media\/228937"}],"wp:attachment":[{"href":"https:\/\/www.radiopiu.net\/wordpress\/wp-json\/wp\/v2\/media?parent=228740"}],"wp:term":[{"taxonomy":"category","embeddable":true,"href":"https:\/\/www.radiopiu.net\/wordpress\/wp-json\/wp\/v2\/categories?post=228740"},{"taxonomy":"post_tag","embeddable":true,"href":"https:\/\/www.radiopiu.net\/wordpress\/wp-json\/wp\/v2\/tags?post=228740"}],"curies":[{"name":"wp","href":"https:\/\/api.w.org\/{rel}","templated":true}]}}