{"id":228853,"date":"2023-08-21T10:48:20","date_gmt":"2023-08-21T08:48:20","guid":{"rendered":"https:\/\/www.radiopiu.net\/wordpress\/?p=228853"},"modified":"2023-08-23T05:15:39","modified_gmt":"2023-08-23T03:15:39","slug":"il-commovente-omaggio-di-falco-1-alle-vittime-di-rio-gere-2009","status":"publish","type":"post","link":"https:\/\/www.radiopiu.net\/wordpress\/il-commovente-omaggio-di-falco-1-alle-vittime-di-rio-gere-2009\/","title":{"rendered":"IL COMMOVENTE OMAGGIO DI &#8220;FALCO 1&#8221; ALLE VITTIME DI RIO GERE 2009"},"content":{"rendered":"<p>&nbsp;<\/p>\n<blockquote>\n<h3>IL GIORNO DEL RICORDO, 14 ANNI DOPO LA TRAGEDIA DI RIO GERE<\/h3>\n<p><em>un momento di silenzio, in cui ognuno ha espresso nell&#8217;intimo i propri pensieri. <\/em><\/p><\/blockquote>\n<div class=\"articlePlainText\">\n<h3><a class=\"dt-pswp-item\" href=\"https:\/\/www.radiopiu.net\/wordpress\/wp-content\/uploads\/2023\/08\/download-13-300x115-1.jpg\" data-dt-img-description=\"\" data-large_image_width=\"300\" data-large_image_height=\"115\"><img loading=\"lazy\" decoding=\"async\" class=\"size-full wp-image-349751 alignleft\" src=\"https:\/\/www.radiopiu.net\/wordpress\/wp-content\/uploads\/2023\/08\/download-13-300x115-1.jpg\" alt=\"\" width=\"300\" height=\"115\" \/><\/a><\/h3>\n<p>Falco di oggi,\u00a0 ha sorvolato Rio Gere per rendere omaggio dall&#8217;alto al Falco bianco e rosso I-Rems precipitato con il suo equipaggio il 22 agosto del 2009. \u00c8 stato uno dei tanti momenti di commozione, ieri, nella giornata dedicata al ricordo di Dario De Felip, Fabrizio Spaziani, Marco Zago e Stefano Da Forno, scomparsi nel tragico incidente in missione di quattordici anni fa.<\/p><\/div>\n<div class=\"articlePlainText\"><\/div>\n<blockquote>\n<div class=\"articlePlainText\"><em>\u00abC&#8217;\u00e8 chi salir\u00e0 a Rio Gere, chi parteciper\u00e0 alla messa a Cortina, chi percorrer\u00e0 un sentiero, chi scaler\u00e0 una montagna, chi sar\u00e0 in vacanza con la famiglia, chi sar\u00e0 a casa, con gli amici, da solo, per ricordare che tutti noi oggi, da ogni luogo in cui ci troveremo, penseremo a voi. Dario, Fabrizio, Marco, Stefano. Sempre nei nostri cuori\u00bb. SOCCORSO ALPINO VENETO\u00a0<\/em><\/div>\n<\/blockquote>\n<div class=\"articlePlainText\"><\/div>\n<p><strong>contributi audio Barbara Paolazzi_Radio Club 103<\/strong><\/p>\n<p><strong>IL PRESIDENTE DELLA PROVINCIA ROBERTO PADRIN\u00a0\u00a0<\/strong><\/p>\n<audio class=\"wp-audio-shortcode\" id=\"audio-228853-1\" preload=\"none\" style=\"width: 100%;\" controls=\"controls\"><source type=\"audio\/mpeg\" src=\"https:\/\/www.radiopiu.net\/wordpress\/wp-content\/uploads\/2023\/08\/padrin.mp3?_=1\" \/><a href=\"https:\/\/www.radiopiu.net\/wordpress\/wp-content\/uploads\/2023\/08\/padrin.mp3\">https:\/\/www.radiopiu.net\/wordpress\/wp-content\/uploads\/2023\/08\/padrin.mp3<\/a><\/audio>\n<h3><\/h3>\n<p><strong>IL PRESIDENTE REGIONALE DEL CAI RODOLFO SELENATI<\/strong><\/p>\n<audio class=\"wp-audio-shortcode\" id=\"audio-228853-2\" preload=\"none\" style=\"width: 100%;\" controls=\"controls\"><source type=\"audio\/mpeg\" src=\"https:\/\/www.radiopiu.net\/wordpress\/wp-content\/uploads\/2023\/08\/selenati.mp3?_=2\" \/><a href=\"https:\/\/www.radiopiu.net\/wordpress\/wp-content\/uploads\/2023\/08\/selenati.mp3\">https:\/\/www.radiopiu.net\/wordpress\/wp-content\/uploads\/2023\/08\/selenati.mp3<\/a><\/audio>\n<p>&nbsp;<\/p>\n<p>&nbsp;<\/p>\n<hr \/>\n<hr \/>\n<hr \/>\n<hr \/>\n<hr \/>\n<hr \/>\n<hr \/>\n<hr \/>\n<hr \/>\n<hr \/>\n<hr \/>\n<hr \/>\n<hr \/>\n<hr \/>\n<hr \/>\n<hr \/>\n<hr \/>\n<hr \/>\n<hr \/>\n<p>&nbsp;<\/p>\n<p>&nbsp;<\/p>\n<p><strong>CORTINA<\/strong> Sono trascorsi 14 anni da quel drammatico pomeriggio del 22 agosto quando Dario, Fabrizio, Marco e Stefano morirono nella tragedia dell&#8217;elicottero &#8220;Falco&#8221; a Rio Gere. I colleghi ed amici del Soccorso Alpino e del Suem li ricorderanno in una cerimonia domani a Rio Gere.<\/p>\n<h2 class=\"itemTitle\">LA CRONACA DI QUEL TRAGICO EVENTO (DAL VOLUME FALCO&#8230; DARIO FABRIZIO MARCO STEFANO)<\/h2>\n<p><em>&#8230; A questo punto l\u2019elicottero con il denominativo \u201cFalco\u201d veniva chiamato via radio pi\u00f9 volte dalla Centrale Operativa del S.U.E.M. 118 senza ricevere risposta alcuna, parimenti lo stesso veniva fatto dal personale C.N.S.A.S. della Stazione di Cortina d\u2019Ampezzo, che si trovava a Rio Gere, con il medesimo esito. Il Delegato del C.N.S.A.S., Fabio Bristot, che si trovava per motivi diversi nel magazzino della Stazione C.N.S.A.S. di Belluno, comprendendo la situazione ed ancor prima che venissero sospese le chiamate a Falco, congiuntamente ad un Operatore del C.N.S.A.S. di Belluno (Matteo Fontana), sentite le reiterate comunicazioni radio prive di risposta, partiva immediatamente per Cortina, avvisando il Vice Delegato, Gianni Mezzomo ed il Coordinatore dei Tecnici di Elisoccorso, Sergio Albanello, di quanto si andava profilando. Lungo il percorso il Delegato transitava per la Centrale Operativa di Pieve di Cadore recuperando il Direttore del S.U.E.M. 118 Dott. Angelo Costola per effettuare assieme il viaggio verso Cortina d\u2019Ampezzo. L\u2019elicottero veniva successivamente chiamato via radio ancora per qualche decina di secondi, quindi, la Centrale Operativa del S.U.E.M. 118 di Pieve di Cadore provava ad effettuare anche dei contatti via cavo con i membri dell\u2019equipaggio con esito negativo. A questo punto il Tecnico di Centrale del Soccorso Alpino presente al S.U.E.M. 118 indirizzava le squadre del C.N.S.A.S. di Cortina, gi\u00e0 impegnate via terra, sulle zone oggetto della perlustrazione aerea, attivit\u00e0 che peraltro era gi\u00e0 in corso di effettuazione. Andava chiaramente delineandosi la tesi di un possibile caduta dell\u2019elicottero e, dopo qualche tempo di comprensibile, quanto drammatico imbarazzo, oltre che di verifica di quanto forse era tragicamente occorso, la Centrale Operativa del S.U.E.M. 118 allertava alle 15.14 il S.U.E.M. 118 di Bolzano per l\u2019immediato invio di un elicottero sul luogo dell\u2019evento. L\u2019elicottero decollava alle 15.22 dalla base di Bressanone ed arrivava sul luogo dell\u2019evento alle 15.35. Qui imbarcava Paolo Bellodis, Guida Alpina e Tecnico di elisoccorso del C.N.S.A.S., per effettuare una ricognizione puntuale sul luogo dell\u2019evento. Poi era la volta dell\u2019elicottero del S.U.E.M. di Treviso, allertato alle 15.20 e decollato alle 15.25 dalla piazzola dell\u2019Ospedale Ca\u2019 Foncello di Treviso che atterrava sul posto alle 15.42. Precedentemente, nei minuti che seguono le 15.05\/15.08, quanti si trovavano sul piazzale di Rio Gere, ovvero Luca Pislor e Ruben Moroder ed altri si rendevano conto dell\u2019avvenuto ed effettuavano invano diverse chiamate radio sia sulla frequenza del S.U.E.M. 118 sia su quella del Soccorso Alpino., tutte con esito negativo. Qualche istante dopo, Luca Pislor e Ruben Moroder, salivano in macchina assieme a Lorenzo Gaspari e raggiungevano la zona posta a valle del supposto luogo dell\u2019evento, da dove proseguivano a piedi, pervenendo ben presto ad individuare la sagoma dell\u2019elicottero caduto a\u00a0quota 1.945\u00a0 metri, riverso sul fianco sinistro. Trascorrevano pochi attimi per rendersi oggettivamente conto\u00a0 che tutti i membri dell\u2019equipaggio erano deceduti&#8230;.<\/em><\/p>\n<p>&nbsp;<\/p>\n<p><strong><a href=\"https:\/\/www.radiopiu.net\/wordpress\/la-protesta-delle-maestre-uno-schengen-sanitario-per-il-turismo-e-altro-dalla-conferenza-stampa-di-zaia\/zaia-40\/\" rel=\"attachment wp-att-139388\"><img loading=\"lazy\" decoding=\"async\" class=\" wp-image-139388 alignleft\" src=\"https:\/\/www.radiopiu.net\/wordpress\/wp-content\/uploads\/2020\/05\/ZAIA-1-300x225.jpg\" alt=\"\" width=\"85\" height=\"64\" srcset=\"https:\/\/www.radiopiu.net\/wordpress\/wp-content\/uploads\/2020\/05\/ZAIA-1-300x225.jpg 300w, https:\/\/www.radiopiu.net\/wordpress\/wp-content\/uploads\/2020\/05\/ZAIA-1.jpg 656w\" sizes=\"auto, (max-width: 85px) 100vw, 85px\" \/><\/a>VENEZIA &#8220;<\/strong><em>Dario, Fabrizio, Marco e Stefano sono nomi rimasti scolpiti per sempre nella roccia delle nostre Dolomiti e nel nostro cuore. Domani (domenica 22 agosto) ricorrono dodici anni dal loro generoso ed eroico sacrificio. Un lasso di tempo che non ha stemperato l\u2019impressione e il dolore di quella tragedia; ogni volta che le pale di un elicottero rompono il silenzio della nostra montagna, il pensiero va a loro, alla loro sconfinata generosit\u00e0 e alla loro sfortunata ultima missione<\/em>\u201d. Con queste parole, il Presidente della Regione del Veneto, alla vigilia del\u00a0 quattrodicesimo\u00a0 anniversario, ricorda le vittime della tragedia del 22 agosto 2009, quando morirono in un incidente i quattro componenti dell\u2019equipaggio di \u201cFalco\u201d, l\u2019elicottero del Soccorso Alpino e del Suem 118, precipitato sul Rio Gere, durante una missione nei pressi di Cortina d\u2019Ampezzo.<\/p>\n<p>&nbsp;<\/p>\n<p>*****<\/p>\n","protected":false},"excerpt":{"rendered":"<p>&nbsp; IL GIORNO DEL RICORDO, 14 ANNI DOPO LA TRAGEDIA DI RIO GERE un momento di silenzio, in cui ognuno ha espresso nell&#8217;intimo i propri pensieri. Falco di oggi,\u00a0 ha sorvolato Rio Gere per rendere omaggio dall&#8217;alto al Falco bianco e rosso I-Rems precipitato con il suo equipaggio il 22 agosto del 2009. \u00c8 stato&hellip;<\/p>\n","protected":false},"author":4,"featured_media":228856,"comment_status":"closed","ping_status":"closed","sticky":false,"template":"","format":"standard","meta":{"_monsterinsights_skip_tracking":false,"_monsterinsights_sitenote_active":false,"_monsterinsights_sitenote_note":"","_monsterinsights_sitenote_category":0,"footnotes":""},"categories":[51,49],"tags":[],"class_list":["post-228853","post","type-post","status-publish","format-standard","has-post-thumbnail","hentry","category-evidenza-top","category-news-18","category-51","category-49","description-off"],"img_url":"https:\/\/www.radiopiu.net\/wordpress\/wp-content\/uploads\/2021\/08\/FALCO.jpeg","_links":{"self":[{"href":"https:\/\/www.radiopiu.net\/wordpress\/wp-json\/wp\/v2\/posts\/228853","targetHints":{"allow":["GET"]}}],"collection":[{"href":"https:\/\/www.radiopiu.net\/wordpress\/wp-json\/wp\/v2\/posts"}],"about":[{"href":"https:\/\/www.radiopiu.net\/wordpress\/wp-json\/wp\/v2\/types\/post"}],"author":[{"embeddable":true,"href":"https:\/\/www.radiopiu.net\/wordpress\/wp-json\/wp\/v2\/users\/4"}],"replies":[{"embeddable":true,"href":"https:\/\/www.radiopiu.net\/wordpress\/wp-json\/wp\/v2\/comments?post=228853"}],"version-history":[{"count":0,"href":"https:\/\/www.radiopiu.net\/wordpress\/wp-json\/wp\/v2\/posts\/228853\/revisions"}],"wp:featuredmedia":[{"embeddable":true,"href":"https:\/\/www.radiopiu.net\/wordpress\/wp-json\/wp\/v2\/media\/228856"}],"wp:attachment":[{"href":"https:\/\/www.radiopiu.net\/wordpress\/wp-json\/wp\/v2\/media?parent=228853"}],"wp:term":[{"taxonomy":"category","embeddable":true,"href":"https:\/\/www.radiopiu.net\/wordpress\/wp-json\/wp\/v2\/categories?post=228853"},{"taxonomy":"post_tag","embeddable":true,"href":"https:\/\/www.radiopiu.net\/wordpress\/wp-json\/wp\/v2\/tags?post=228853"}],"curies":[{"name":"wp","href":"https:\/\/api.w.org\/{rel}","templated":true}]}}