{"id":228865,"date":"2021-08-21T16:02:23","date_gmt":"2021-08-21T14:02:23","guid":{"rendered":"https:\/\/www.radiopiu.net\/wordpress\/?p=228865"},"modified":"2021-08-21T16:02:23","modified_gmt":"2021-08-21T14:02:23","slug":"falco-12-anni-dopo-fabio-rufus-bristot-la-politica-si-riattivi-la-sicurezza-non-ha-colore-politico","status":"publish","type":"post","link":"https:\/\/www.radiopiu.net\/wordpress\/falco-12-anni-dopo-fabio-rufus-bristot-la-politica-si-riattivi-la-sicurezza-non-ha-colore-politico\/","title":{"rendered":"FALCO 12 ANNI DOPO. FABIO RUFUS BRISTOT: &#8220;LA POLITICA SI RIATTIVI, LA SICUREZZA NON HA COLORE POLITICO&#8221;"},"content":{"rendered":"<p><strong><a href=\"https:\/\/www.radiopiu.net\/wordpress\/giornale-radiopiu-20-agosto-2018-direttore-mirko-mezzacasa\/fabio-rufus\/\" rel=\"attachment wp-att-58379\"><img loading=\"lazy\" decoding=\"async\" class=\"size-medium wp-image-58379 alignleft\" src=\"https:\/\/www.radiopiu.net\/wordpress\/wp-content\/uploads\/2018\/08\/FABIO-RUFUS-300x300.jpg\" alt=\"\" width=\"300\" height=\"300\" srcset=\"https:\/\/www.radiopiu.net\/wordpress\/wp-content\/uploads\/2018\/08\/FABIO-RUFUS-300x300.jpg 300w, https:\/\/www.radiopiu.net\/wordpress\/wp-content\/uploads\/2018\/08\/FABIO-RUFUS-150x150.jpg 150w, https:\/\/www.radiopiu.net\/wordpress\/wp-content\/uploads\/2018\/08\/FABIO-RUFUS-768x768.jpg 768w, https:\/\/www.radiopiu.net\/wordpress\/wp-content\/uploads\/2018\/08\/FABIO-RUFUS.jpg 928w\" sizes=\"auto, (max-width: 300px) 100vw, 300px\" \/><\/a>BELLUNO<\/strong> Lettera aperta di Fabio &#8220;Rufus&#8221; Bristot, Consigliere nazionale del Corpo Nazionale Soccorso Alpino e Spelologico, in occasione del dodicesimo anniversario della tragedia di Falco.<\/p>\n<blockquote><p><em>Domani ricorre il 12esimo anniversario di \u201cFalco&#8221; (I REMS), l\u2019elicottero del 118 di Pieve di Cadore, i cui membri dell&#8217;equipaggio in servizio il 22 agosto 2009 persero la vita nello schianto del mezzo dopo che lo stesso aver urtato i cavi di una linea di media tensione nel corso di una ricognizione attivata dal 118 a seguito di una telefonata ricevuta dal 112. Ricordare diventa spesso un orpello vuoto di significato e che scolora di anno in anno se, a questo esercizio, non si associa un qualcosa di sostanziale. Nel nostro caso ricordare Dario De Felip (Pilota), Fabrizio Spaziani (medico 118 e tecnico del Soccorso Alpino), Marco Zago (tecnico aeronautico e tecnico del soccorso Alpino) e Stefano da Forno (tecnico di Soccorso Allpino) vuol dire ancora una volta parlare di ostacoli al volo. Con grande tenacia si \u00e8 riusciti a far approvare da parte della Regione Veneto, nel 2012, una specifica legge regionale che, ad oggi, deve per\u00f2 ancora tradurre in pratica tutti i principi ivi contenuti. Una buona legge senza dubbio, la cui applicazione puntuale si \u00e8 sempre scontrata con il fatto che manca in realt\u00e0 una norma di livello nazionale, norma che dopo 12 anni dalla tragedia di Falco dovrebbe essere davvero licenziata dal Parlamento non fosse altro che per rendere almeno ragione delle 55 vittime e dei 33 feriti gravi occorsi solo negli ultimi decenni, sia nel settore civile sia in quello militare e degli enti dello Stato.<\/em><br \/>\n<em>Neppure il Tavolo Tecnico istituito presso la Protezione Civile un paio d\u2019anni fa \u00e8 arrivato al dunque, cio\u00e8 non \u00e8 riuscito a modificare lo stato delle cose e a rimuovere le criticit\u00e0 esistenti. Da qui la necessit\u00e0 che la politica con grande energia e consapevolezza, senza pi\u00f9 alcun tentennamento, prenda in mano senza indugio gli attuali tre progetti di legge oggi depositati Parlamento (PDL De Menech, PDL De Carlo e PDL D\u2019Inc\u00e0\u2019), li unifichi e in modo bipartisan porti all\u2019approvazione un testo che dimostri come anche l\u2019Italia, come altri paesi europei hanno gi\u00e0 fatto, entri nella civilt\u00e0 in questo specifico settore che sia chiama sicurezza. Sicurezza a tutto tondo, non solo per gli equipaggi ma anche per gli stessi potenziali utenti. La politica, dunque, rimetta al centro la sicurezza con una propria azione legislativa e riprenda in mano con autorevolezza le fila di un percorso iniziato proprio in quel pomeriggio tragico che tutta la comunit\u00e0 della montagna ricorda e ricorder\u00e0 per sempre.<\/em><\/p>\n<p><em>Fabio Bristot &#8211; Rufus <\/em><br \/>\n<em>Consigliere nazionale del Corpo Nazionale Soccorso Alpino e Spelologico<\/em><\/p><\/blockquote>\n<p>&nbsp;<\/p>\n<p><em><strong>IL REPORT (10 PAGINE)<\/strong><\/em><\/p>\n<a href=\"https:\/\/www.radiopiu.net\/wordpress\/wp-content\/uploads\/2021\/08\/2021_08_21_OSTACOLI_AL_VOLO_BRISTOT_RUFUS_FINALE.pdf\" class=\"pdfemb-viewer\" style=\"\" data-width=\"max\" data-height=\"max\" data-toolbar=\"top\" data-toolbar-fixed=\"on\">2021_08_21_OSTACOLI_AL_VOLO_BRISTOT_RUFUS_FINALE<\/a>\n","protected":false},"excerpt":{"rendered":"<p>BELLUNO Lettera aperta di Fabio &#8220;Rufus&#8221; Bristot, Consigliere nazionale del Corpo Nazionale Soccorso Alpino e Spelologico, in occasione del dodicesimo anniversario della tragedia di Falco. Domani ricorre il 12esimo anniversario di \u201cFalco&#8221; (I REMS), l\u2019elicottero del 118 di Pieve di Cadore, i cui membri dell&#8217;equipaggio in servizio il 22 agosto 2009 persero la vita nello&hellip;<\/p>\n","protected":false},"author":4,"featured_media":228868,"comment_status":"closed","ping_status":"open","sticky":false,"template":"","format":"standard","meta":{"_monsterinsights_skip_tracking":false,"_monsterinsights_sitenote_active":false,"_monsterinsights_sitenote_note":"","_monsterinsights_sitenote_category":0,"footnotes":""},"categories":[49],"tags":[],"class_list":["post-228865","post","type-post","status-publish","format-standard","has-post-thumbnail","hentry","category-news-18","category-49","description-off"],"img_url":"https:\/\/www.radiopiu.net\/wordpress\/wp-content\/uploads\/2021\/08\/Schermata-2021-08-21-alle-16.01.00.png","_links":{"self":[{"href":"https:\/\/www.radiopiu.net\/wordpress\/wp-json\/wp\/v2\/posts\/228865","targetHints":{"allow":["GET"]}}],"collection":[{"href":"https:\/\/www.radiopiu.net\/wordpress\/wp-json\/wp\/v2\/posts"}],"about":[{"href":"https:\/\/www.radiopiu.net\/wordpress\/wp-json\/wp\/v2\/types\/post"}],"author":[{"embeddable":true,"href":"https:\/\/www.radiopiu.net\/wordpress\/wp-json\/wp\/v2\/users\/4"}],"replies":[{"embeddable":true,"href":"https:\/\/www.radiopiu.net\/wordpress\/wp-json\/wp\/v2\/comments?post=228865"}],"version-history":[{"count":0,"href":"https:\/\/www.radiopiu.net\/wordpress\/wp-json\/wp\/v2\/posts\/228865\/revisions"}],"wp:featuredmedia":[{"embeddable":true,"href":"https:\/\/www.radiopiu.net\/wordpress\/wp-json\/wp\/v2\/media\/228868"}],"wp:attachment":[{"href":"https:\/\/www.radiopiu.net\/wordpress\/wp-json\/wp\/v2\/media?parent=228865"}],"wp:term":[{"taxonomy":"category","embeddable":true,"href":"https:\/\/www.radiopiu.net\/wordpress\/wp-json\/wp\/v2\/categories?post=228865"},{"taxonomy":"post_tag","embeddable":true,"href":"https:\/\/www.radiopiu.net\/wordpress\/wp-json\/wp\/v2\/tags?post=228865"}],"curies":[{"name":"wp","href":"https:\/\/api.w.org\/{rel}","templated":true}]}}