{"id":228895,"date":"2021-08-21T18:32:38","date_gmt":"2021-08-21T16:32:38","guid":{"rendered":"https:\/\/www.radiopiu.net\/wordpress\/?p=228895"},"modified":"2021-08-21T18:32:39","modified_gmt":"2021-08-21T16:32:39","slug":"una-nuova-struttura-nel-piazzale-luxottica-a-cosa-servira","status":"publish","type":"post","link":"https:\/\/www.radiopiu.net\/wordpress\/una-nuova-struttura-nel-piazzale-luxottica-a-cosa-servira\/","title":{"rendered":"UNA NUOVA STRUTTURA NEL PIAZZALE LUXOTTICA, A COSA SERVIRA&#8217;?"},"content":{"rendered":"<p><strong>AGORDO<\/strong> Lavori in corso in localit\u00e0 Valcozzena, \u00e8 in costruzione un nuovo capannone, a cosa servir\u00e0? Domanda frequente sui social, in molti\u00a0 si sono convijnti si tratti di una struttura al coperto per i no vax che non potranno senza green pass accedere alla mensa, sempre meglio di un assembramento sulla scala o in corridoio in caso di pioggia se cosi&#8217; fosse. Tra le tante ipotesi non manca la pi\u00f9 balzana, Scrive <span class=\"\"><span class=\"nc684nl6\"><a class=\"oajrlxb2 g5ia77u1 qu0x051f esr5mh6w e9989ue4 r7d6kgcz rq0escxv nhd2j8a9 nc684nl6 p7hjln8o kvgmc6g5 cxmmr5t8 oygrvhab hcukyx3x jb3vyjys rz4wbd8a qt6c0cv9 a8nywdso i1ao9s8h esuyzwwr f1sip0of lzcic4wl gmql0nx0 gpro0wi8\" tabindex=\"0\" role=\"link\" href=\"https:\/\/www.facebook.com\/groups\/232838103592459\/user\/1460601375\/?__cft__[0]=AZW4-GlrzPaVdl82g7m0RXzsmGPBUFfMceKQGkcyvlWTV90HrfpWVfEy3-MYoKqBQfguqZdsrQjHAJ7HcZ3vZN557F-dqRXH81yNWFcpphec4XFpS9xSoLpFgTQmN_up8Y71oHcE1bd14xCVYN3nTPFo-H4KGU14hbWWgCV6s6-31n9GxD2v3ZiEr37IkSVxvn4&amp;__tn__=R]-R\"><span class=\"pq6dq46d\"><span class=\"d2edcug0 hpfvmrgz qv66sw1b c1et5uql lr9zc1uh a8c37x1j keod5gw0 nxhoafnm aigsh9s9 d9wwppkn fe6kdd0r mau55g9w c8b282yb mdeji52x e9vueds3 j5wam9gi lrazzd5p oo9gr5id\" dir=\"auto\">Matteo Marcadent.<\/span><\/span><\/a> <\/span><\/span><em>Marted\u00ec e venerd\u00ec musica live coi Tirataie<\/em><\/p>\n<p><a href=\"https:\/\/www.radiopiu.net\/wordpress\/una-nuova-struttura-nel-piazzale-luxottica-a-cosa-servira\/c523750c-b1d8-4fe6-85ea-800d0af490ca\/\" rel=\"attachment wp-att-228897\"><img loading=\"lazy\" decoding=\"async\" class=\"alignnone size-medium wp-image-228897\" src=\"https:\/\/www.radiopiu.net\/wordpress\/wp-content\/uploads\/2021\/08\/c523750c-b1d8-4fe6-85ea-800d0af490ca-300x225.jpg\" alt=\"\" width=\"300\" height=\"225\" srcset=\"https:\/\/www.radiopiu.net\/wordpress\/wp-content\/uploads\/2021\/08\/c523750c-b1d8-4fe6-85ea-800d0af490ca-300x225.jpg 300w, https:\/\/www.radiopiu.net\/wordpress\/wp-content\/uploads\/2021\/08\/c523750c-b1d8-4fe6-85ea-800d0af490ca-1024x768.jpg 1024w, https:\/\/www.radiopiu.net\/wordpress\/wp-content\/uploads\/2021\/08\/c523750c-b1d8-4fe6-85ea-800d0af490ca-768x576.jpg 768w, https:\/\/www.radiopiu.net\/wordpress\/wp-content\/uploads\/2021\/08\/c523750c-b1d8-4fe6-85ea-800d0af490ca-1536x1152.jpg 1536w, https:\/\/www.radiopiu.net\/wordpress\/wp-content\/uploads\/2021\/08\/c523750c-b1d8-4fe6-85ea-800d0af490ca.jpg 1600w\" sizes=\"auto, (max-width: 300px) 100vw, 300px\" \/><\/a><\/p>\n","protected":false},"excerpt":{"rendered":"<p>AGORDO Lavori in corso in localit\u00e0 Valcozzena, \u00e8 in costruzione un nuovo capannone, a cosa servir\u00e0? Domanda frequente sui social, in molti\u00a0 si sono convijnti si tratti di una struttura al coperto per i no vax che non potranno senza green pass accedere alla mensa, sempre meglio di un assembramento sulla scala o in corridoio&hellip;<\/p>\n","protected":false},"author":4,"featured_media":228897,"comment_status":"closed","ping_status":"open","sticky":false,"template":"","format":"standard","meta":{"_monsterinsights_skip_tracking":false,"_monsterinsights_sitenote_active":false,"_monsterinsights_sitenote_note":"","_monsterinsights_sitenote_category":0,"footnotes":""},"categories":[1,51,49],"tags":[],"class_list":["post-228895","post","type-post","status-publish","format-standard","has-post-thumbnail","hentry","category-senza-categoria","category-evidenza-top","category-news-18","category-1","category-51","category-49","description-off"],"img_url":"https:\/\/www.radiopiu.net\/wordpress\/wp-content\/uploads\/2021\/08\/c523750c-b1d8-4fe6-85ea-800d0af490ca.jpg","_links":{"self":[{"href":"https:\/\/www.radiopiu.net\/wordpress\/wp-json\/wp\/v2\/posts\/228895","targetHints":{"allow":["GET"]}}],"collection":[{"href":"https:\/\/www.radiopiu.net\/wordpress\/wp-json\/wp\/v2\/posts"}],"about":[{"href":"https:\/\/www.radiopiu.net\/wordpress\/wp-json\/wp\/v2\/types\/post"}],"author":[{"embeddable":true,"href":"https:\/\/www.radiopiu.net\/wordpress\/wp-json\/wp\/v2\/users\/4"}],"replies":[{"embeddable":true,"href":"https:\/\/www.radiopiu.net\/wordpress\/wp-json\/wp\/v2\/comments?post=228895"}],"version-history":[{"count":0,"href":"https:\/\/www.radiopiu.net\/wordpress\/wp-json\/wp\/v2\/posts\/228895\/revisions"}],"wp:featuredmedia":[{"embeddable":true,"href":"https:\/\/www.radiopiu.net\/wordpress\/wp-json\/wp\/v2\/media\/228897"}],"wp:attachment":[{"href":"https:\/\/www.radiopiu.net\/wordpress\/wp-json\/wp\/v2\/media?parent=228895"}],"wp:term":[{"taxonomy":"category","embeddable":true,"href":"https:\/\/www.radiopiu.net\/wordpress\/wp-json\/wp\/v2\/categories?post=228895"},{"taxonomy":"post_tag","embeddable":true,"href":"https:\/\/www.radiopiu.net\/wordpress\/wp-json\/wp\/v2\/tags?post=228895"}],"curies":[{"name":"wp","href":"https:\/\/api.w.org\/{rel}","templated":true}]}}