{"id":228910,"date":"2021-08-21T20:59:51","date_gmt":"2021-08-21T18:59:51","guid":{"rendered":"https:\/\/www.radiopiu.net\/wordpress\/?p=228910"},"modified":"2021-08-23T06:00:33","modified_gmt":"2021-08-23T04:00:33","slug":"altri-quattro-interventi-del-soccorso-alpino-tra-cortina-borgo-valbelluna-ed-agordino","status":"publish","type":"post","link":"https:\/\/www.radiopiu.net\/wordpress\/altri-quattro-interventi-del-soccorso-alpino-tra-cortina-borgo-valbelluna-ed-agordino\/","title":{"rendered":"ALTRI QUATTRO INTERVENTI DEL SOCCORSO ALPINO TRA CORTINA, BORGO VALBELLUNA ED AGORDINO"},"content":{"rendered":"<p><strong><a href=\"https:\/\/www.radiopiu.net\/wordpress\/elicottero-della-protezione-civile-triplice-addestramento-sulle-montagne-bellunesi\/img-20210424-wa0017\/\" rel=\"attachment wp-att-205595\"><img loading=\"lazy\" decoding=\"async\" class=\"size-medium wp-image-205595 alignleft\" src=\"https:\/\/www.radiopiu.net\/wordpress\/wp-content\/uploads\/2021\/04\/IMG-20210424-WA0017-300x225.jpg\" alt=\"\" width=\"300\" height=\"225\" srcset=\"https:\/\/www.radiopiu.net\/wordpress\/wp-content\/uploads\/2021\/04\/IMG-20210424-WA0017-300x225.jpg 300w, https:\/\/www.radiopiu.net\/wordpress\/wp-content\/uploads\/2021\/04\/IMG-20210424-WA0017-1024x768.jpg 1024w, https:\/\/www.radiopiu.net\/wordpress\/wp-content\/uploads\/2021\/04\/IMG-20210424-WA0017-768x576.jpg 768w, https:\/\/www.radiopiu.net\/wordpress\/wp-content\/uploads\/2021\/04\/IMG-20210424-WA0017-1536x1152.jpg 1536w, https:\/\/www.radiopiu.net\/wordpress\/wp-content\/uploads\/2021\/04\/IMG-20210424-WA0017.jpg 1600w\" sizes=\"auto, (max-width: 300px) 100vw, 300px\" \/><\/a>CORTINA <\/strong>Una squadra del Soccorso alpino di\u00a0 Cortina e della Guardia di Finanza\u00a0 \u00e8 intervenuta poco sopra il Rifugio Averau, verso il Nuvolau, per un&#8217;escursionista che si era procurata un probabile trauma alla caviglia. G.G., 30 anni, di Comacchio (FE), che si trovava con il compagno \u00e8 stata raggiunta, caricata in barella, trasportata al fuoristrada e da l\u00ec all&#8217;ospedale di Cortina.<\/p>\n<p><strong>BORGO VALBELLUNA <\/strong>Poich\u00e9 non era chiaro il punto in cui un ciclista era caduto non distante dalla Grotta Azzurra a Mel di Borgo Valbelluna, una squadra del Soccorso alpino di Belluno \u00e8 invece intervenuta per un eventuale supporto all&#8217;ambulanza. In realt\u00e0 A.V., 42 anni, di Feltre (BL), era caduto sulla strada ed \u00e8 stato trasportato all&#8217;ospedale di Feltre.<\/p>\n<p><strong>FALCADE <\/strong>Attorno alle 18 il Soccorso alpino della Val Biois \u00e8 stato inviato 100 metri sopra la Baita Flora Alpina, a Falcade, per un&#8217;escursionista di Agordo di 51 anni, che era scivolata sui sassi di una strada sterrata in discesa, sul posto casualmente gi\u00e0 un soccorritore. La donna, che si trovava con altre due persone e lamentava dolori alla caviglia, \u00e8 stata raggiunta on jeep a 1.850 metri di quota e accompagnata al parcheggio, da dove si \u00e8 allontanata autonomamente.<\/p>\n<p><strong>TAIBON <\/strong>Una squadra del Soccorso alpino di Agordo si \u00e8 infine diretta al Rifugio Vazzoler, per una donna di Venezia di 51 anni, che, partita con il marito dal Rifugio Tissi, non riusciva pi\u00f9 a camminare per il male a un ginocchio.<\/p>\n<p>&nbsp;<\/p>\n<p>&nbsp;<\/p>\n<p>&nbsp;<\/p>\n<p>&nbsp;<\/p>\n<p>*****<\/p>\n","protected":false},"excerpt":{"rendered":"<p>CORTINA Una squadra del Soccorso alpino di\u00a0 Cortina e della Guardia di Finanza\u00a0 \u00e8 intervenuta poco sopra il Rifugio Averau, verso il Nuvolau, per un&#8217;escursionista che si era procurata un probabile trauma alla caviglia. G.G., 30 anni, di Comacchio (FE), che si trovava con il compagno \u00e8 stata raggiunta, caricata in barella, trasportata al fuoristrada&hellip;<\/p>\n","protected":false},"author":4,"featured_media":205595,"comment_status":"closed","ping_status":"open","sticky":false,"template":"","format":"standard","meta":{"_monsterinsights_skip_tracking":false,"_monsterinsights_sitenote_active":false,"_monsterinsights_sitenote_note":"","_monsterinsights_sitenote_category":0,"footnotes":""},"categories":[49],"tags":[],"class_list":["post-228910","post","type-post","status-publish","format-standard","has-post-thumbnail","hentry","category-news-18","category-49","description-off"],"img_url":"https:\/\/www.radiopiu.net\/wordpress\/wp-content\/uploads\/2021\/04\/IMG-20210424-WA0017.jpg","_links":{"self":[{"href":"https:\/\/www.radiopiu.net\/wordpress\/wp-json\/wp\/v2\/posts\/228910","targetHints":{"allow":["GET"]}}],"collection":[{"href":"https:\/\/www.radiopiu.net\/wordpress\/wp-json\/wp\/v2\/posts"}],"about":[{"href":"https:\/\/www.radiopiu.net\/wordpress\/wp-json\/wp\/v2\/types\/post"}],"author":[{"embeddable":true,"href":"https:\/\/www.radiopiu.net\/wordpress\/wp-json\/wp\/v2\/users\/4"}],"replies":[{"embeddable":true,"href":"https:\/\/www.radiopiu.net\/wordpress\/wp-json\/wp\/v2\/comments?post=228910"}],"version-history":[{"count":0,"href":"https:\/\/www.radiopiu.net\/wordpress\/wp-json\/wp\/v2\/posts\/228910\/revisions"}],"wp:featuredmedia":[{"embeddable":true,"href":"https:\/\/www.radiopiu.net\/wordpress\/wp-json\/wp\/v2\/media\/205595"}],"wp:attachment":[{"href":"https:\/\/www.radiopiu.net\/wordpress\/wp-json\/wp\/v2\/media?parent=228910"}],"wp:term":[{"taxonomy":"category","embeddable":true,"href":"https:\/\/www.radiopiu.net\/wordpress\/wp-json\/wp\/v2\/categories?post=228910"},{"taxonomy":"post_tag","embeddable":true,"href":"https:\/\/www.radiopiu.net\/wordpress\/wp-json\/wp\/v2\/tags?post=228910"}],"curies":[{"name":"wp","href":"https:\/\/api.w.org\/{rel}","templated":true}]}}