{"id":228951,"date":"2021-08-22T10:50:46","date_gmt":"2021-08-22T08:50:46","guid":{"rendered":"https:\/\/www.radiopiu.net\/wordpress\/?p=228951"},"modified":"2021-08-23T05:53:56","modified_gmt":"2021-08-23T03:53:56","slug":"spostato-a-domenica-prossima-il-concerto-dei-pink-size-in-valle-di-gares","status":"publish","type":"post","link":"https:\/\/www.radiopiu.net\/wordpress\/spostato-a-domenica-prossima-il-concerto-dei-pink-size-in-valle-di-gares\/","title":{"rendered":"SPOSTATO A DOMENICA PROSSIMA IL CONCERTO DEI PINK SIZE IN VALLE DI GARES"},"content":{"rendered":"<div class=\"wpb-content-wrapper\"><p><a href=\"https:\/\/www.radiopiu.net\/wordpress\/giornale-radiopiu-01-agosto-2021-direttore-mirko-mezzacasa\/11705683_10207451188865973_7894969160591772771_o-e1624806851469\/\" rel=\"attachment wp-att-225349\"><img loading=\"lazy\" decoding=\"async\" class=\"wp-image-225349 alignleft\" src=\"https:\/\/www.radiopiu.net\/wordpress\/wp-content\/uploads\/2021\/08\/11705683_10207451188865973_7894969160591772771_o-e1624806851469.jpg\" sizes=\"auto, (max-width: 256px) 100vw, 256px\" srcset=\"https:\/\/www.radiopiu.net\/wordpress\/wp-content\/uploads\/2021\/08\/11705683_10207451188865973_7894969160591772771_o-e1624806851469.jpg 1000w, https:\/\/www.radiopiu.net\/wordpress\/wp-content\/uploads\/2021\/08\/11705683_10207451188865973_7894969160591772771_o-e1624806851469-300x194.jpg 300w, https:\/\/www.radiopiu.net\/wordpress\/wp-content\/uploads\/2021\/08\/11705683_10207451188865973_7894969160591772771_o-e1624806851469-768x495.jpg 768w\" alt=\"\" width=\"256\" height=\"165\" \/><\/a><\/p>\n<div class=\"vc_row wpb_row vc_row-fluid vc_custom_1520853310750\">\n<div class=\"wpb_column vc_column_container vc_col-sm-12\">\n<div class=\"vc_column-inner\">\n<div class=\"wpb_wrapper\">\n<div class=\"wpb_text_column wpb_content_element \">\n<div class=\"wpb_wrapper\">\n<p>Canale d\u2019Agordo ospiter\u00e0 il 1\u00b0 concerto in Valle di Gar\u00e9s. L&#8217;evento, in programma oggi, \u00e8 stato spostato a domenica prossima alle 14 viste le previsioni del tempo che danno temporali nel pomeriggio odierno. <strong>La location \u00e8 spettacolare e suggestiva<\/strong>, immersa nel verde, circondata delle Pale di San Martino e dalle cascate delle Comelle. In localit\u00e0 Pian de Giare, in fondo alla Valle di Gar\u00e8s, su di un grande prato, circondati dalle maestose Dolomiti, andr\u00e0 in scena uno spettacolo indimenticabile con l\u2019esibizione dei\u00a0<strong>Pink Size, Tribute band dei Pink Floyd. <\/strong>L\u2019accesso al concerto \u00e8 consentito <b>SOLAMENTE <\/b>a coloro che esibiscono il <b>GREEN PASS.\u00a0<\/b><\/p>\n<p>&nbsp;<\/p>\n<p>&nbsp;<\/p>\n<p>&nbsp;<\/p>\n<p>&nbsp;<\/p>\n<p>*****<\/p>\n<\/div>\n<\/div>\n<\/div>\n<\/div>\n<\/div>\n<\/div>\n<\/div>","protected":false},"excerpt":{"rendered":"<p>Canale d\u2019Agordo ospiter\u00e0 il 1\u00b0 concerto in Valle di Gar\u00e9s. L&#8217;evento, in programma oggi, \u00e8 stato spostato a domenica prossima alle 14 viste le previsioni del tempo che danno temporali nel pomeriggio odierno. La location \u00e8 spettacolare e suggestiva, immersa nel verde, circondata delle Pale di San Martino e dalle cascate delle Comelle. In localit\u00e0&hellip;<\/p>\n","protected":false},"author":4,"featured_media":225349,"comment_status":"closed","ping_status":"open","sticky":false,"template":"","format":"standard","meta":{"_monsterinsights_skip_tracking":false,"_monsterinsights_sitenote_active":false,"_monsterinsights_sitenote_note":"","_monsterinsights_sitenote_category":0,"footnotes":""},"categories":[104,49],"tags":[],"class_list":["post-228951","post","type-post","status-publish","format-standard","has-post-thumbnail","hentry","category-evidenza_3","category-news-18","category-104","category-49","description-off"],"img_url":"https:\/\/www.radiopiu.net\/wordpress\/wp-content\/uploads\/2021\/08\/11705683_10207451188865973_7894969160591772771_o-e1624806851469.jpg","_links":{"self":[{"href":"https:\/\/www.radiopiu.net\/wordpress\/wp-json\/wp\/v2\/posts\/228951","targetHints":{"allow":["GET"]}}],"collection":[{"href":"https:\/\/www.radiopiu.net\/wordpress\/wp-json\/wp\/v2\/posts"}],"about":[{"href":"https:\/\/www.radiopiu.net\/wordpress\/wp-json\/wp\/v2\/types\/post"}],"author":[{"embeddable":true,"href":"https:\/\/www.radiopiu.net\/wordpress\/wp-json\/wp\/v2\/users\/4"}],"replies":[{"embeddable":true,"href":"https:\/\/www.radiopiu.net\/wordpress\/wp-json\/wp\/v2\/comments?post=228951"}],"version-history":[{"count":0,"href":"https:\/\/www.radiopiu.net\/wordpress\/wp-json\/wp\/v2\/posts\/228951\/revisions"}],"wp:featuredmedia":[{"embeddable":true,"href":"https:\/\/www.radiopiu.net\/wordpress\/wp-json\/wp\/v2\/media\/225349"}],"wp:attachment":[{"href":"https:\/\/www.radiopiu.net\/wordpress\/wp-json\/wp\/v2\/media?parent=228951"}],"wp:term":[{"taxonomy":"category","embeddable":true,"href":"https:\/\/www.radiopiu.net\/wordpress\/wp-json\/wp\/v2\/categories?post=228951"},{"taxonomy":"post_tag","embeddable":true,"href":"https:\/\/www.radiopiu.net\/wordpress\/wp-json\/wp\/v2\/tags?post=228951"}],"curies":[{"name":"wp","href":"https:\/\/api.w.org\/{rel}","templated":true}]}}