{"id":228953,"date":"2021-08-23T05:45:03","date_gmt":"2021-08-23T03:45:03","guid":{"rendered":"https:\/\/www.radiopiu.net\/wordpress\/?p=228953"},"modified":"2021-08-23T10:39:16","modified_gmt":"2021-08-23T08:39:16","slug":"giornale-radiopiu-23-agosto-2021-direttore-mirko-mezzacasa","status":"publish","type":"post","link":"https:\/\/www.radiopiu.net\/wordpress\/giornale-radiopiu-23-agosto-2021-direttore-mirko-mezzacasa\/","title":{"rendered":"GIORNALE RADIOPIU 23 AGOSTO 2021 DIRETTORE MIRKO MEZZACASA"},"content":{"rendered":"<div class=\"wpb-content-wrapper\"><blockquote>\n<h3>COMPRIAMO UNA MACCHINA ATTREZZATA PER RICCARDO<\/h3>\n<\/blockquote>\n<p><strong><a href=\"https:\/\/www.radiopiu.net\/wordpress\/compriamo-una-macchina-attrezzata-per-riccardo\/1626340291137881-img-20210714-wa0025\/\" rel=\"attachment wp-att-224370\"><img loading=\"lazy\" decoding=\"async\" class=\"size-medium wp-image-224370 alignleft\" src=\"https:\/\/www.radiopiu.net\/wordpress\/wp-content\/uploads\/2021\/07\/1626340291137881-IMG-20210714-WA0025-169x300.jpg\" sizes=\"auto, (max-width: 169px) 100vw, 169px\" srcset=\"https:\/\/www.radiopiu.net\/wordpress\/wp-content\/uploads\/2021\/07\/1626340291137881-IMG-20210714-WA0025-169x300.jpg 169w, https:\/\/www.radiopiu.net\/wordpress\/wp-content\/uploads\/2021\/07\/1626340291137881-IMG-20210714-WA0025-576x1024.jpg 576w, https:\/\/www.radiopiu.net\/wordpress\/wp-content\/uploads\/2021\/07\/1626340291137881-IMG-20210714-WA0025-768x1365.jpg 768w, https:\/\/www.radiopiu.net\/wordpress\/wp-content\/uploads\/2021\/07\/1626340291137881-IMG-20210714-WA0025.jpg 800w\" alt=\"\" width=\"169\" height=\"300\" \/><\/a>SOSPIROLO<\/strong>\u00a0Radio Pi\u00f9 appoggia l\u2019iniziativa di\u00a0 Agostino Tegner il pap\u00e0 di Riccardo, poche parole le sue ma piene di significato<em>\u00a0\u201cIo e mia moglie stiamo invecchiando e non riusciamo pi\u00f9\u00a0<img loading=\"lazy\" decoding=\"async\" class=\"alignright\" src=\"https:\/\/www.radiopiu.net\/wordpress\/wp-content\/uploads\/2021\/07\/1626451699105964-locandina-riccardo.jpg\" width=\"297\" height=\"167\" \/>a trasportare come si deve il nostro ragazzo, che necessita di una macchina attrezzata con un piano ribassato con pedana\u201d.<\/em><\/p>\n<p>Per questo ha avuto inizio la raccolta fondi che si prefigge lo scopo di raccogliere 35.000 euro entro fine agosto. Ad oggi sono stati versati i primi <span style=\"color: #ff0000;\"><strong>11.685<\/strong><\/span>\u00a0euro, per farlo \u00e8 semplice\u00a0<strong><a href=\"https:\/\/www.eppela.com\/it\/projects\/31001-compriamo-una-macchina-attrezzata-per-riccardo\">clicca qui\u00a0<\/a><\/strong><\/p>\n<blockquote><p><em>Riccardo \u00e8 un simpatico ragazzino di 15 anni che vive sulle montagne di Sospirolo. Sempre sorridente e circondato dall\u2019affetto dei suoi cari, Riccardo \u00e8 per\u00f2 costretto a stare sulla sedia a rotelle a causa della distrofia muscolare di Duchenne, di cui \u00e8 affetto dalla nascita.\u00a0 I genitori, dopo anni di sacrifici, hanno deciso di acquistare un\u2019auto munita di pedana per poter trasportare il figlio in modo pi\u00f9 comodo, pratico e sicuro, soprattutto adesso che sta crescendo e il peso \u2013 per i due genitori che stanno diventando anziani \u2013 si fa sempre pi\u00f9 sentire.\u00a0<\/em><\/p><\/blockquote>\n<p>&nbsp;<\/p>\n<hr \/>\n<p>&nbsp;<\/p>\n<h2 style=\"text-align: center;\"><span style=\"color: #ff0000;\">IERI\u00a0 L&#8217;AGORA&#8217; DELLA MONTAGNA<\/span><\/h2>\n<p>Ospite il Segretario del Pd Enrico Letta<em> &#8220;Che il Pnrr sia la giusta occasione per ridare dignit\u00e0 a tutte le aree interne&#8221;<\/em>. A Pus di Ponte nelle Alpi l&#8217;agor\u00e0 del partito democratico per un dibattito sul futuro della provincia.<\/p>\n<p><a href=\"https:\/\/www.radiopiu.net\/wordpress\/giornale-radiopiu-23-agosto-2021-direttore-mirko-mezzacasa\/6035dd30-8cdd-4525-aa7d-e8f3319575ef\/\" rel=\"attachment wp-att-229027\"><img loading=\"lazy\" decoding=\"async\" class=\"aligncenter wp-image-229027 size-large\" src=\"https:\/\/www.radiopiu.net\/wordpress\/wp-content\/uploads\/2021\/08\/6035dd30-8cdd-4525-aa7d-e8f3319575ef-1024x768.jpg\" alt=\"\" width=\"1024\" height=\"768\" srcset=\"https:\/\/www.radiopiu.net\/wordpress\/wp-content\/uploads\/2021\/08\/6035dd30-8cdd-4525-aa7d-e8f3319575ef-1024x768.jpg 1024w, https:\/\/www.radiopiu.net\/wordpress\/wp-content\/uploads\/2021\/08\/6035dd30-8cdd-4525-aa7d-e8f3319575ef-300x225.jpg 300w, https:\/\/www.radiopiu.net\/wordpress\/wp-content\/uploads\/2021\/08\/6035dd30-8cdd-4525-aa7d-e8f3319575ef-768x576.jpg 768w, https:\/\/www.radiopiu.net\/wordpress\/wp-content\/uploads\/2021\/08\/6035dd30-8cdd-4525-aa7d-e8f3319575ef-1536x1152.jpg 1536w, https:\/\/www.radiopiu.net\/wordpress\/wp-content\/uploads\/2021\/08\/6035dd30-8cdd-4525-aa7d-e8f3319575ef.jpg 2048w\" sizes=\"auto, (max-width: 1024px) 100vw, 1024px\" \/><\/a><\/p>\n<p><em>IN FOTOGRAFIA DA SINISTRA: Maurizio Bonelli (Presidente Nazionale Collegio Maestri di sci), Renzo Minella (Presidente Regionale ANEF), Enrico Letta (Segretario Nazionale PD), Roger De Menech (Deputato del PD), Enrico Borghi (Deputato PD)<\/em><\/p>\n<p>&nbsp;<\/p>\n<hr \/>\n<p>&nbsp;<\/p>\n<blockquote>\n<h2>22 AGOSTO&#8230;. DI 12 ANNI DOPO. IL RICORDO DELLA CORALE DI LIMANA<\/h2>\n<\/blockquote>\n<p>https:\/\/www.facebook.com\/watch\/?v=544686163452212&#038;notif_id=1629693392075667&#038;notif_t=watch_follower_video&#038;ref=notif<\/p>\n<p>&nbsp;<\/p>\n<hr \/>\n<h2 style=\"text-align: center;\"><span style=\"color: #ff0000;\">SPOSTAMENTO VACCINI TBE<\/span><\/h2>\n<p style=\"text-align: center;\"><strong>Da oggi sar\u00e0 possibile spostare gli appuntamenti per il vaccino anti TBE esclusivamente scrivendo alla mail<\/strong> <a title=\"mailto:vaccinazioni.bl@aulss1.veneto.it\" href=\"mailto:vaccinazioni.bl@aulss1.veneto.it\">vaccinazioni.bl@aulss1.veneto.it<\/a><\/p>\n<p>&nbsp;<\/p>\n<p>&nbsp;<\/p>\n<hr \/>\n<p>&nbsp;<\/p>\n<p><img loading=\"lazy\" decoding=\"async\" class=\"alignleft\" src=\"https:\/\/www.radiopiu.net\/wordpress\/wp-content\/uploads\/2018\/08\/ACQUA.jpeg\" width=\"204\" height=\"122\" \/>Gestione Servizi Pubblici informa che a LIVINALLONGO nelle localit\u00e0 AL FAURO, CREPAZ, RENAZ, RUAZ, PEZZEI, S.GIOVANNI e FOSSAL, l&#8217;acqua erogata dall&#8217;acquedotto non \u00e8 potabile e pu\u00f2 essere usata per scopi alimentari SOLO PREVIA bollitura.<\/p>\n<p>&nbsp;<\/p>\n<p>&nbsp;<\/p>\n<hr \/>\n<p>&nbsp;<\/p>\n<blockquote>\n<h3>LA GALLERIA COMELICO DA OGGI DI NUOVO CHIUSA DI NOTTE<\/h3>\n<\/blockquote>\n<p><strong>VENEZIA\u00a0<\/strong>Per limitare i disagi durante le settimane di maggior esodo, Anas ha programmato la sospensione temporanea dei lavori di manutenzione della galleria \u201cComelico\u201d. Dalle ore 21 di oggi sar\u00e0 nuovamente istituito il divieto di transito in orario notturno, con deviazione su viabilit\u00e0 secondaria,\u00a0 dalle\u00a0 22:30<\/p>\n<p>&nbsp;<\/p>\n<p>&nbsp;<\/p>\n<hr \/>\n<p>&nbsp;<\/p>\n<blockquote>\n<h3>CON LA FINE DELLE VACANZE ESTIVE INIZIANO I CANTIERI SULLE STRADE DELLA PROVINCIA<\/h3>\n<\/blockquote>\n<p><strong>SR 48 DELLE DOLOMITI\u00a0<\/strong>fino al 31 ottobre, esclusi sabato e domenica, senso unico alternato regolato da semaforo per posa cavidotto<\/p>\n<p><strong>SR 203<\/strong>\u00a0<strong>AGORDINA<\/strong> in localit\u00e0 La Stanga senso unico alternato regolato da semaforo fino al al 3 settembre, esclusi sabato e domenica, perlavori di recupero tubazione e cavo non in servizio<\/p>\n<p><strong>SP 347 PASSO CEREDA E DURAN\u00a0<\/strong>in comune di Gosaldo fino al 30 settembre senso unico alternato regolato da semaforo per posa cavidotto<\/p>\n<p><strong>SP 346 PASSO SAN PELLEGRINO<\/strong> in localit\u00e0 La Mora di Canale D\u2019Agordo senso unico alternato regolato da semaforo fino al 15 ottobre per messa in sicurezza della strada<\/p>\n<p><strong>SP 251 VAL DI ZOLDO E CELLINA<\/strong> senso unico alternato regolato da semaforo in comune di Colle Santa Lucia fino al 1 ottobre per messa in sicurezza piano viabile<\/p>\n<p><strong>SP3 VALLE IMPERINA\u00a0<\/strong>fino al 10 settembre, esclusi sabato e domenica, senso unico alternato a Rivamonte per interramento linea elettrica<\/p>\n<p><strong>SP 19 DI LAMON<\/strong> fino al 27 agosto interdizione totale al traffico nell\u2019abitato di Lamon per sostituzione condotta idrica<\/p>\n<p>&nbsp;<\/p>\n<p>&nbsp;<\/p>\n<hr \/>\n<p>&nbsp;<\/p>\n<blockquote>\n<h3>INTERRUZIONI ENEL<\/h3>\n<\/blockquote>\n<p><strong>ROCCA PIETORE<\/strong> LUNEDI 30 AGOSTO\u00a0 dalle 8 alle 12 a Saviner di Calloneghe<\/p>\n<p>&nbsp;<\/p>\n<p>&nbsp;<\/p>\n<hr \/>\n<p>&nbsp;<\/p>\n<blockquote>\n<h3>SONO GRAVI LE CONDIZIONI DELL&#8217;ALPINISTA VOLATO 40 METRI SULLA VIA SORARU&#8217; IN MOIAZZA<\/h3>\n<\/blockquote>\n<p><strong><a href=\"https:\/\/www.radiopiu.net\/wordpress\/sono-gravi-le-condizioni-dellalpinista-volato-40-metri-sulla-via-sosru-in-moiazza\/salt_20210822_142553_919\/\" rel=\"attachment wp-att-228977\"><img loading=\"lazy\" decoding=\"async\" class=\" wp-image-228977 alignleft\" src=\"https:\/\/www.radiopiu.net\/wordpress\/wp-content\/uploads\/2021\/08\/salt_20210822_142553_919-225x300.jpg\" alt=\"\" width=\"137\" height=\"183\" srcset=\"https:\/\/www.radiopiu.net\/wordpress\/wp-content\/uploads\/2021\/08\/salt_20210822_142553_919-225x300.jpg 225w, https:\/\/www.radiopiu.net\/wordpress\/wp-content\/uploads\/2021\/08\/salt_20210822_142553_919-768x1024.jpg 768w, https:\/\/www.radiopiu.net\/wordpress\/wp-content\/uploads\/2021\/08\/salt_20210822_142553_919-1152x1536.jpg 1152w, https:\/\/www.radiopiu.net\/wordpress\/wp-content\/uploads\/2021\/08\/salt_20210822_142553_919-1536x2048.jpg 1536w, https:\/\/www.radiopiu.net\/wordpress\/wp-content\/uploads\/2021\/08\/salt_20210822_142553_919.jpg 1773w\" sizes=\"auto, (max-width: 137px) 100vw, 137px\" \/><\/a>AGORDO<\/strong> Sono gravi le condizioni di un alpinista volato per una quarantina di metri sulla parete della Pala del Belia, in Moiazza. C.F., 56 anni, di Garda (VR), che stava scalando da primo il settimo tiro della Via Sorar\u00f9, nella caduta ha superato il compagno di cordata fermo in sosta, che si \u00e8 calato a raggiungerlo, valutarne le condizioni e lanciare l&#8217;allarme. L&#8217;elicottero del Suem di Pieve di Cadore, individuato il punto dell&#8217;incidente, ha sbarcato con un verricello di una trentina di metri il tecnico di elisoccorso, arrivato in parete all&#8217;altezza della sosta e calatosi a sua volta dall&#8217;infortunato. Recuperato, l&#8217;alpinista \u00e8 stato spostato al Rifugio Carestiato dove gli sono state prestate le prime cure urgenti a seguito del probabile politrauma. Anche il compagno in parete \u00e8 stato portato a terra. L&#8217;elicottero \u00e8 poi volato con il ferito all&#8217;ospedale di Belluno.<\/p>\n<p>&nbsp;<\/p>\n<p>&nbsp;<\/p>\n<hr \/>\n<p>&nbsp;<\/p>\n<blockquote>\n<h3>INFORTUNIO VICINO AL RIFUGIO CAPANNA TONDI<\/h3>\n<\/blockquote>\n<p><strong><a href=\"https:\/\/www.radiopiu.net\/wordpress\/il-soccorso-alpino-ritorna-al-vazzoler\/th-172\/\" rel=\"attachment wp-att-225856\"><img loading=\"lazy\" decoding=\"async\" class=\"size-full wp-image-225856 alignleft\" src=\"https:\/\/www.radiopiu.net\/wordpress\/wp-content\/uploads\/2021\/08\/th.jpg\" alt=\"\" width=\"222\" height=\"167\" \/><\/a> <\/strong><\/p>\n<p><strong>\u00a0<\/strong><\/p>\n<p><strong>CORTINA<\/strong> Ieri passato mezzogiorno la Centrale del Suem ha allertato il Soccorso alpino di Cortina, per un&#8217;escursionista che si era fatta male nei dintorni del Rifugio Capanna Tondi sul Faloria. Una squadra \u00e8 salita in fuoristrada e ha imbarcato P.S., 56 anni, di Forte dei Marmi (LU), con un probabile trauma alla gamba, e la ha accompagnata al Codivilla.<\/p>\n<p>&nbsp;<\/p>\n<p>&nbsp;<\/p>\n<hr \/>\n<p>&nbsp;<\/p>\n<blockquote>\n<h3>IN MOTO CONTRO IL CAMPER<\/h3>\n<\/blockquote>\n<p><strong>LORENZAGO<\/strong> . F.V., 22 anni, udinese di Latisana all&#8217;altezza di un tornante, ha perso il controllo della Kawasaki ed \u00e8 finito su un caravan parcheggiato. La famiglia a bordo ha sentito un gran botto e si \u00e8 parecchio spaventata. Il motociclista \u00e8 stato portato in elicottero al San Martino con traumi di media gravit\u00e0 .<\/p>\n<p>&nbsp;<\/p>\n<blockquote>\n<h3>FRONTALE A SANTA CROCE<\/h3>\n<\/blockquote>\n<p><strong>ALPAGO<\/strong>\u00a0 Tra Santa Croce del Lago e Sella Fadalto frontale tra una moto e un&#8217;auto, nel quale ad avere la peggio \u00e8 stato il motociclista, che \u00e8 a sua volta al San Martino.<\/p>\n<p>&nbsp;<\/p>\n<blockquote>\n<h3>PARAPENDIO SUL TETTO, OLANDESE IN GRAVI CONDIZIONI<\/h3>\n<\/blockquote>\n<p><strong>ARSIE&#8217;<\/strong> E&#8217; stato portato in gravi condizioni all&#8217;ospedale di Treviso il pilota olandese S.L., 55 anni, che ha riportato una lesione polmonare. Insieme ad alcuni connazionali, era decollato dal Monte Avena ma il pilota si \u00e8 ritrovato troppo basso di quota per tentare di raggiungere il campo di atterraggio ed \u00e8 finito\u00a0 sul tetto del capannone. Un ciclista di passaggio ha chiamato il 118 attivando i soccorsi<\/p>\n<p>&nbsp;<\/p>\n<hr \/>\n<p>&nbsp;<\/p>\n<blockquote>\n<h3>TURISTI D&#8217;AGOSTO ESIGENTI E POCO ATTENTI<\/h3>\n<\/blockquote>\n<p><strong><a href=\"https:\/\/www.radiopiu.net\/wordpress\/sottoguda-diventa-borgo-dog-ditalia\/chiesa-sottoguda-consorzio-turistico-marmolada-1\/\" rel=\"attachment wp-att-222102\"><img loading=\"lazy\" decoding=\"async\" class=\"size-medium wp-image-222102 alignleft\" src=\"https:\/\/www.radiopiu.net\/wordpress\/wp-content\/uploads\/2021\/07\/Chiesa-Sottoguda-Consorzio-Turistico-Marmolada-1-300x225.jpg\" alt=\"\" width=\"300\" height=\"225\" srcset=\"https:\/\/www.radiopiu.net\/wordpress\/wp-content\/uploads\/2021\/07\/Chiesa-Sottoguda-Consorzio-Turistico-Marmolada-1-300x225.jpg 300w, https:\/\/www.radiopiu.net\/wordpress\/wp-content\/uploads\/2021\/07\/Chiesa-Sottoguda-Consorzio-Turistico-Marmolada-1-768x576.jpg 768w, https:\/\/www.radiopiu.net\/wordpress\/wp-content\/uploads\/2021\/07\/Chiesa-Sottoguda-Consorzio-Turistico-Marmolada-1.jpg 1024w\" sizes=\"auto, (max-width: 300px) 100vw, 300px\" \/><\/a>ROCCA PIETORE<\/strong>\u00a0 C&#8217;era una volta la turista bresciana le cui dichiarazioni sono oggetto della Magistratura, ma \u00e8 un&#8217;altra storia. Quella di oggi ci parla del turista agostano che protesta per il costo del parcheggio per la sosta.\u00a0 Non chiede il rimborso ma rimprovera il sindaco che tra l&#8217;altro invita il turista a tornare in uno dei borghi pi\u00f9 belli d&#8217;Italia.<\/p>\n<p><strong>LA MAIL DEL TURISTA<\/strong><\/p>\n<p>Buongiorno. In data 20 luglio 2021 mi sono recato in localit\u00e0 Sottoguda per visitare i Serrai e dopo aver\u00a0 pagato la sosta\u00a0 (allego scontrino) con mia grande sorpresa ho dovuto successivamente constatare che Serrai non erano accessibili a causa di lavori. A quel punto ho lasciato il parcheggio. Comunico quanto sopra non per richiedere un rimborso ma perch\u00e9 credo sarebbe stato pi\u00f9 corretto segnalare sulla riscuotitrice automatica l&#8217;impossibilit\u00e0 di visitare i Serrai a causa di lavori. grazie per l&#8217;attenzione, cordiali saluti.<\/p>\n<p><strong>LA RISPOSTA DEL SINDACO ANDREA DE BERNARDIN<\/strong><\/p>\n<p>Egregio signore, rispondo alla sua mail trovandola particolarmente curiosa. Ricordo innanzitutto che il parcheggio che lei ha usufruito non \u00e8 esclusivamente adibito ai soli Serrai ma e soprattutto al servizio del villaggio di Sottoguda, inserito fra l&#8217;altro nei borghi pi\u00f9 belli d&#8217;Italia. Ricordo anche per sua conoscenza che tale parcheggio risulta essere, al momento, l&#8217;unico parcheggio a pagamento del Comune di Rocca Pietore (Bandiera Arancione del Touring) che conta ben 27 villaggi dislocati fra loro e oltre 70 km\u00b2. Faccio notare invece, se non se ne fosse accorto, che ormai i parcheggi a pagamento sono consuetudine consolidata in tutte le citt\u00e0 d&#8217;Europa, anche in quelle non turistiche. Non le nascondo invece il mio dispiacere nel prendere atto che lei non abbia approfittato, rubando un po del suo tempo, di visitare il borgo, soprattutto nei suoi angoli pi\u00f9 nascosti, oppure non abbia percorso il pregevole sentiero naturalistico della faggeta di Sottoguda e abbia invece trovato il tempo per scrivere questa mail allegando uno scontrino di ben 2,50 euro. Ma siccome il mondo \u00e8 bello proprio per le molteplicit\u00e0 e diversit\u00e0 umane, io trovo invece il tempo per salutarla cordialmente, invitandola ancora a venire a trovarci, lasciando magari l&#8217;auto nel park gratuito all&#8217;entrata di Sottoguda. Ricordo infine che gli ospiti che passano da noi aiutano anche con piccole somme un territorio duramente colpito dall&#8217;uragano Vaia dell&#8217;ottobre 2018 che ha messo a dura prova sia il nostro bellissimo territorio sia, purtroppo, la nostra offerta turistica.<\/p>\n<p>&nbsp;<\/p>\n<p>&nbsp;<\/p>\n<hr \/>\n<p>&nbsp;<\/p>\n<blockquote class=\"wp-embedded-content\" data-secret=\"2VZWsN9DfF\"><p><a href=\"https:\/\/www.radiopiu.net\/wordpress\/aggiornamentoago22\/\">CORONAVIRUS: AGGIORNAMENTO NAZIONALE 22 AGOSTO  2021<\/a><\/p><\/blockquote>\n<p><iframe loading=\"lazy\" class=\"wp-embedded-content\" sandbox=\"allow-scripts\" security=\"restricted\" style=\"position: absolute; clip: rect(1px, 1px, 1px, 1px);\" title=\"&#8220;CORONAVIRUS: AGGIORNAMENTO NAZIONALE 22 AGOSTO  2021&#8221; &#8212; Radio Pi\u00f9\" src=\"https:\/\/www.radiopiu.net\/wordpress\/aggiornamentoago22\/embed\/#?secret=2VZWsN9DfF\" data-secret=\"2VZWsN9DfF\" width=\"600\" height=\"338\" frameborder=\"0\" marginwidth=\"0\" marginheight=\"0\" scrolling=\"no\"><\/iframe><\/p>\n<p>&nbsp;<\/p>\n<blockquote class=\"wp-embedded-content\" data-secret=\"AP5BRMIsVg\"><p><a href=\"https:\/\/www.radiopiu.net\/wordpress\/sono-420-i-nuovi-positivi-delle-ultime-24-ore-in-veneto-nessun-decesso-aumentano-le-terapie-intensive\/\">SONO 420 I NUOVI POSITIVI DELLE ULTIME 24 ORE IN VENETO. NESSUN DECESSO, AUMENTANO LE TERAPIE INTENSIVE<\/a><\/p><\/blockquote>\n<p><iframe loading=\"lazy\" class=\"wp-embedded-content\" sandbox=\"allow-scripts\" security=\"restricted\" style=\"position: absolute; clip: rect(1px, 1px, 1px, 1px);\" title=\"&#8220;SONO 420 I NUOVI POSITIVI DELLE ULTIME 24 ORE IN VENETO. NESSUN DECESSO, AUMENTANO LE TERAPIE INTENSIVE&#8221; &#8212; Radio Pi\u00f9\" src=\"https:\/\/www.radiopiu.net\/wordpress\/sono-420-i-nuovi-positivi-delle-ultime-24-ore-in-veneto-nessun-decesso-aumentano-le-terapie-intensive\/embed\/#?secret=AP5BRMIsVg\" data-secret=\"AP5BRMIsVg\" width=\"600\" height=\"338\" frameborder=\"0\" marginwidth=\"0\" marginheight=\"0\" scrolling=\"no\"><\/iframe><\/p>\n<p>&nbsp;<\/p>\n<h3>I GRAFICI DI TIZIANO DE COL<\/h3>\n\n\t\t\t<style type='text\/css'>\n\t\t\t\t#gallery-1 {\n\t\t\t\t\tmargin: auto;\n\t\t\t\t}\n\t\t\t\t#gallery-1 .gallery-item {\n\t\t\t\t\tfloat: left;\n\t\t\t\t\tmargin-top: 10px;\n\t\t\t\t\ttext-align: center;\n\t\t\t\t\twidth: 20%;\n\t\t\t\t}\n\t\t\t\t#gallery-1 img {\n\t\t\t\t\tborder: 2px solid #cfcfcf;\n\t\t\t\t}\n\t\t\t\t#gallery-1 .gallery-caption {\n\t\t\t\t\tmargin-left: 0;\n\t\t\t\t}\n\t\t\t\t\/* see gallery_shortcode() in wp-includes\/media.php *\/\n\t\t\t<\/style>\n\t\t<div id='gallery-1' class='dt-gallery-container gallery galleryid-228953 gallery-columns-5 gallery-size-medium'><dl class='gallery-item'>\n\t\t\t\t<dt class='gallery-icon landscape'>\n\t\t\t\t\t<a class=\"rollover rollover-zoom dt-pswp-item\" title=\"968ee876-0250-4c8e-9426-f79c113aaa65\" data-dt-img-description=\"\" data-large_image_width=\"591\" data-large_image_height=\"353\"href='https:\/\/www.radiopiu.net\/wordpress\/wp-content\/uploads\/2021\/08\/968ee876-0250-4c8e-9426-f79c113aaa65.jpg'><img loading=\"lazy\" decoding=\"async\" width=\"300\" height=\"179\" src=\"https:\/\/www.radiopiu.net\/wordpress\/wp-content\/uploads\/2021\/08\/968ee876-0250-4c8e-9426-f79c113aaa65-300x179.jpg\" class=\"attachment-medium size-medium\" alt=\"\" srcset=\"https:\/\/www.radiopiu.net\/wordpress\/wp-content\/uploads\/2021\/08\/968ee876-0250-4c8e-9426-f79c113aaa65-300x179.jpg 300w, https:\/\/www.radiopiu.net\/wordpress\/wp-content\/uploads\/2021\/08\/968ee876-0250-4c8e-9426-f79c113aaa65.jpg 591w\" sizes=\"auto, (max-width: 300px) 100vw, 300px\" \/><\/a>\n\t\t\t\t<\/dt><\/dl><dl class='gallery-item'>\n\t\t\t\t<dt class='gallery-icon landscape'>\n\t\t\t\t\t<a class=\"rollover rollover-zoom dt-pswp-item\" title=\"7be1320f-e0c2-4220-b5d4-618755164d31\" data-dt-img-description=\"\" data-large_image_width=\"610\" data-large_image_height=\"351\"href='https:\/\/www.radiopiu.net\/wordpress\/wp-content\/uploads\/2021\/08\/7be1320f-e0c2-4220-b5d4-618755164d31.jpg'><img loading=\"lazy\" decoding=\"async\" width=\"300\" height=\"173\" src=\"https:\/\/www.radiopiu.net\/wordpress\/wp-content\/uploads\/2021\/08\/7be1320f-e0c2-4220-b5d4-618755164d31-300x173.jpg\" class=\"attachment-medium size-medium\" alt=\"\" srcset=\"https:\/\/www.radiopiu.net\/wordpress\/wp-content\/uploads\/2021\/08\/7be1320f-e0c2-4220-b5d4-618755164d31-300x173.jpg 300w, https:\/\/www.radiopiu.net\/wordpress\/wp-content\/uploads\/2021\/08\/7be1320f-e0c2-4220-b5d4-618755164d31.jpg 610w\" sizes=\"auto, (max-width: 300px) 100vw, 300px\" \/><\/a>\n\t\t\t\t<\/dt><\/dl><dl class='gallery-item'>\n\t\t\t\t<dt class='gallery-icon landscape'>\n\t\t\t\t\t<a class=\"rollover rollover-zoom dt-pswp-item\" title=\"61f75f15-8ece-4fda-9935-9828635efd5c\" data-dt-img-description=\"\" data-large_image_width=\"606\" data-large_image_height=\"350\"href='https:\/\/www.radiopiu.net\/wordpress\/wp-content\/uploads\/2021\/08\/61f75f15-8ece-4fda-9935-9828635efd5c.jpg'><img loading=\"lazy\" decoding=\"async\" width=\"300\" height=\"173\" src=\"https:\/\/www.radiopiu.net\/wordpress\/wp-content\/uploads\/2021\/08\/61f75f15-8ece-4fda-9935-9828635efd5c-300x173.jpg\" class=\"attachment-medium size-medium\" alt=\"\" srcset=\"https:\/\/www.radiopiu.net\/wordpress\/wp-content\/uploads\/2021\/08\/61f75f15-8ece-4fda-9935-9828635efd5c-300x173.jpg 300w, https:\/\/www.radiopiu.net\/wordpress\/wp-content\/uploads\/2021\/08\/61f75f15-8ece-4fda-9935-9828635efd5c.jpg 606w\" sizes=\"auto, (max-width: 300px) 100vw, 300px\" \/><\/a>\n\t\t\t\t<\/dt><\/dl><dl class='gallery-item'>\n\t\t\t\t<dt class='gallery-icon landscape'>\n\t\t\t\t\t<a class=\"rollover rollover-zoom dt-pswp-item\" title=\"2b8e6932-6137-489d-a087-0ad6af493bf9\" data-dt-img-description=\"\" data-large_image_width=\"600\" data-large_image_height=\"363\"href='https:\/\/www.radiopiu.net\/wordpress\/wp-content\/uploads\/2021\/08\/2b8e6932-6137-489d-a087-0ad6af493bf9.jpg'><img loading=\"lazy\" decoding=\"async\" width=\"300\" height=\"182\" src=\"https:\/\/www.radiopiu.net\/wordpress\/wp-content\/uploads\/2021\/08\/2b8e6932-6137-489d-a087-0ad6af493bf9-300x182.jpg\" class=\"attachment-medium size-medium\" alt=\"\" srcset=\"https:\/\/www.radiopiu.net\/wordpress\/wp-content\/uploads\/2021\/08\/2b8e6932-6137-489d-a087-0ad6af493bf9-300x182.jpg 300w, https:\/\/www.radiopiu.net\/wordpress\/wp-content\/uploads\/2021\/08\/2b8e6932-6137-489d-a087-0ad6af493bf9.jpg 600w\" sizes=\"auto, (max-width: 300px) 100vw, 300px\" \/><\/a>\n\t\t\t\t<\/dt><\/dl><dl class='gallery-item'>\n\t\t\t\t<dt class='gallery-icon landscape'>\n\t\t\t\t\t<a class=\"rollover rollover-zoom dt-pswp-item\" title=\"3cc000b4-43fb-4b7e-a934-dda3bb58d145\" data-dt-img-description=\"\" data-large_image_width=\"604\" data-large_image_height=\"353\"href='https:\/\/www.radiopiu.net\/wordpress\/wp-content\/uploads\/2021\/08\/3cc000b4-43fb-4b7e-a934-dda3bb58d145.jpg'><img loading=\"lazy\" decoding=\"async\" width=\"300\" height=\"175\" src=\"https:\/\/www.radiopiu.net\/wordpress\/wp-content\/uploads\/2021\/08\/3cc000b4-43fb-4b7e-a934-dda3bb58d145-300x175.jpg\" class=\"attachment-medium size-medium\" alt=\"\" srcset=\"https:\/\/www.radiopiu.net\/wordpress\/wp-content\/uploads\/2021\/08\/3cc000b4-43fb-4b7e-a934-dda3bb58d145-300x175.jpg 300w, https:\/\/www.radiopiu.net\/wordpress\/wp-content\/uploads\/2021\/08\/3cc000b4-43fb-4b7e-a934-dda3bb58d145.jpg 604w\" sizes=\"auto, (max-width: 300px) 100vw, 300px\" \/><\/a>\n\t\t\t\t<\/dt><\/dl><br style=\"clear: both\" \/>\n\t\t\t<\/div>\n\n<p>&nbsp;<\/p>\n<hr \/>\n<p>&nbsp;<\/p>\n<blockquote>\n<h3>COLTIVAVA MARIJUANA NEL PRATO VICINO CASA. CINQUATTOTTENNE NEI GUAI<\/h3>\n<\/blockquote>\n<p><strong>VALLE DI CADORE<\/strong><\/p>\n<p>di Moreno Gioli<\/p>\n<audio class=\"wp-audio-shortcode\" id=\"audio-228953-1\" preload=\"none\" style=\"width: 100%;\" controls=\"controls\"><source type=\"audio\/mpeg\" src=\"https:\/\/www.radiopiu.net\/wordpress\/wp-content\/uploads\/2021\/08\/GIOLI-MARIUANA.mp3?_=1\" \/><a href=\"https:\/\/www.radiopiu.net\/wordpress\/wp-content\/uploads\/2021\/08\/GIOLI-MARIUANA.mp3\">https:\/\/www.radiopiu.net\/wordpress\/wp-content\/uploads\/2021\/08\/GIOLI-MARIUANA.mp3<\/a><\/audio>\n<p>&nbsp;<\/p>\n\n\t\t\t<style type='text\/css'>\n\t\t\t\t#gallery-2 {\n\t\t\t\t\tmargin: auto;\n\t\t\t\t}\n\t\t\t\t#gallery-2 .gallery-item {\n\t\t\t\t\tfloat: left;\n\t\t\t\t\tmargin-top: 10px;\n\t\t\t\t\ttext-align: center;\n\t\t\t\t\twidth: 50%;\n\t\t\t\t}\n\t\t\t\t#gallery-2 img {\n\t\t\t\t\tborder: 2px solid #cfcfcf;\n\t\t\t\t}\n\t\t\t\t#gallery-2 .gallery-caption {\n\t\t\t\t\tmargin-left: 0;\n\t\t\t\t}\n\t\t\t\t\/* see gallery_shortcode() in wp-includes\/media.php *\/\n\t\t\t<\/style>\n\t\t<div id='gallery-2' class='dt-gallery-container gallery galleryid-228953 gallery-columns-2 gallery-size-medium'><dl class='gallery-item'>\n\t\t\t\t<dt class='gallery-icon portrait'>\n\t\t\t\t\t<a class=\"rollover rollover-zoom dt-pswp-item\" title=\"photo1629561715\" data-dt-img-description=\"\" data-large_image_width=\"960\" data-large_image_height=\"1280\"href='https:\/\/www.radiopiu.net\/wordpress\/wp-content\/uploads\/2021\/08\/photo1629561715.jpeg'><img loading=\"lazy\" decoding=\"async\" width=\"225\" height=\"300\" src=\"https:\/\/www.radiopiu.net\/wordpress\/wp-content\/uploads\/2021\/08\/photo1629561715-225x300.jpeg\" class=\"attachment-medium size-medium\" alt=\"\" srcset=\"https:\/\/www.radiopiu.net\/wordpress\/wp-content\/uploads\/2021\/08\/photo1629561715-225x300.jpeg 225w, https:\/\/www.radiopiu.net\/wordpress\/wp-content\/uploads\/2021\/08\/photo1629561715-768x1024.jpeg 768w, https:\/\/www.radiopiu.net\/wordpress\/wp-content\/uploads\/2021\/08\/photo1629561715.jpeg 960w\" sizes=\"auto, (max-width: 225px) 100vw, 225px\" \/><\/a>\n\t\t\t\t<\/dt><\/dl><dl class='gallery-item'>\n\t\t\t\t<dt class='gallery-icon landscape'>\n\t\t\t\t\t<a class=\"rollover rollover-zoom dt-pswp-item\" title=\"photo1629561700\" data-dt-img-description=\"\" data-large_image_width=\"1024\" data-large_image_height=\"768\"href='https:\/\/www.radiopiu.net\/wordpress\/wp-content\/uploads\/2021\/08\/photo1629561700.jpeg'><img loading=\"lazy\" decoding=\"async\" width=\"300\" height=\"225\" src=\"https:\/\/www.radiopiu.net\/wordpress\/wp-content\/uploads\/2021\/08\/photo1629561700-300x225.jpeg\" class=\"attachment-medium size-medium\" alt=\"\" srcset=\"https:\/\/www.radiopiu.net\/wordpress\/wp-content\/uploads\/2021\/08\/photo1629561700-300x225.jpeg 300w, https:\/\/www.radiopiu.net\/wordpress\/wp-content\/uploads\/2021\/08\/photo1629561700-768x576.jpeg 768w, https:\/\/www.radiopiu.net\/wordpress\/wp-content\/uploads\/2021\/08\/photo1629561700.jpeg 1024w\" sizes=\"auto, (max-width: 300px) 100vw, 300px\" \/><\/a>\n\t\t\t\t<\/dt><\/dl><br style=\"clear: both\" \/>\n\t\t\t<\/div>\n\n<p>&nbsp;<\/p>\n<hr \/>\n<p>&nbsp;<\/p>\n<blockquote>\n<h3>CONTINUA LA GENEROSIT\u00c0 A FAVORE DEGLI OSPEDALI DELLA ULSS 1 DOLOMITI<\/h3>\n<\/blockquote>\n<p><strong><a href=\"https:\/\/www.radiopiu.net\/wordpress\/monoclonali-pronti-per-la-somministrazione-in-ulss-1-dolomiti\/ulss-1-2\/\" rel=\"attachment wp-att-198838\"><img loading=\"lazy\" decoding=\"async\" class=\"size-medium wp-image-198838 alignleft\" src=\"https:\/\/www.radiopiu.net\/wordpress\/wp-content\/uploads\/2021\/03\/ULSS-1-300x158.jpg\" alt=\"\" width=\"300\" height=\"158\" srcset=\"https:\/\/www.radiopiu.net\/wordpress\/wp-content\/uploads\/2021\/03\/ULSS-1-300x158.jpg 300w, https:\/\/www.radiopiu.net\/wordpress\/wp-content\/uploads\/2021\/03\/ULSS-1-768x404.jpg 768w, https:\/\/www.radiopiu.net\/wordpress\/wp-content\/uploads\/2021\/03\/ULSS-1.jpg 776w\" sizes=\"auto, (max-width: 300px) 100vw, 300px\" \/><\/a>BELLUNO <\/strong>Continuano i gesti di generosit\u00e0 di Associazioni e singoli cittadini verso l\u2019Ulss Dolomiti. L\u2019Associazione \u201cArianna \u2013 Filo della Solidariet\u00e0 per la prevenzione e la cura delle malattie dell\u2019apparato digerente\u201d ha donato un videocolonscopio alla Gastroenterologia di Feltre del valore di 30.500 euro che andr\u00e0 a potenziare ulteriorimente le dotazioni tecnologiche dell\u2019unit\u00e0 operativa. L\u2019Associazione ADMO Associaizone donatori Midollo Osseso \u2013 sezione di Belluno ha donato 3 poltrone da prelievo del valore di oltre 10 mila euro al Trasfusionale di Feltre per rendere ancor pi\u00f9 confortevoli i prelievi. Infine, un privato cittadino ha donato mille euro alle cure palliative di Belluno. L\u2019Ulss Dolomiti ringrazia per queste generose donazioni che dimostrano l\u2019attenzione del territorio alle nostre strutture e spingono a potenziare sempre di pi\u00f9 i servizi offerti, con attenzione al rinnovo continuo del parco tecnologico e al benessere delle persone assistite anche attraverso la cura degli ambienti.<\/p>\n<p>&nbsp;<\/p>\n<p>&nbsp;<\/p>\n<hr \/>\n<p>&nbsp;<\/p>\n<blockquote>\n<h3>IL COMUNE DI CANALE D&#8217;AGORDO PENSA ALLA NUOVA ILLUMINAZIONE A FREGONA<\/h3>\n<\/blockquote>\n<p><strong><a href=\"https:\/\/www.radiopiu.net\/wordpress\/giornale-radiopiu-03-giugno-2020-direttore-mirko-mezzacasa\/canale-dagordo-6\/\" rel=\"attachment wp-att-142143\"><img loading=\"lazy\" decoding=\"async\" class=\"size-medium wp-image-142143 alignleft\" src=\"https:\/\/www.radiopiu.net\/wordpress\/wp-content\/uploads\/2020\/06\/CANALE-DAGORDO-6-300x225.jpg\" alt=\"\" width=\"300\" height=\"225\" srcset=\"https:\/\/www.radiopiu.net\/wordpress\/wp-content\/uploads\/2020\/06\/CANALE-DAGORDO-6-300x225.jpg 300w, https:\/\/www.radiopiu.net\/wordpress\/wp-content\/uploads\/2020\/06\/CANALE-DAGORDO-6-768x576.jpg 768w, https:\/\/www.radiopiu.net\/wordpress\/wp-content\/uploads\/2020\/06\/CANALE-DAGORDO-6.jpg 960w\" sizes=\"auto, (max-width: 300px) 100vw, 300px\" \/><\/a>CANALE D&#8217;AGORDO<\/strong><\/p>\n<p>di Gianni Santomaso<\/p>\n<audio class=\"wp-audio-shortcode\" id=\"audio-228953-2\" preload=\"none\" style=\"width: 100%;\" controls=\"controls\"><source type=\"audio\/mpeg\" src=\"https:\/\/www.radiopiu.net\/wordpress\/wp-content\/uploads\/2021\/08\/GIANNI-ILLUMINAZIONE-FREGONA-CANALE.mp3?_=2\" \/><a href=\"https:\/\/www.radiopiu.net\/wordpress\/wp-content\/uploads\/2021\/08\/GIANNI-ILLUMINAZIONE-FREGONA-CANALE.mp3\">https:\/\/www.radiopiu.net\/wordpress\/wp-content\/uploads\/2021\/08\/GIANNI-ILLUMINAZIONE-FREGONA-CANALE.mp3<\/a><\/audio>\n<p>&nbsp;<\/p>\n<hr \/>\n<p>&nbsp;<\/p>\n<blockquote>\n<h3>SVELATO IL NOME DEL DONATORE DELLA CASA DI PAPA LUCIANI. E&#8217; IL CARDINALE BENIAMINO STELLA<\/h3>\n<\/blockquote>\n<p><strong><a href=\"https:\/\/www.radiopiu.net\/wordpress\/giornale-radiopiu-13-maggio-2021-direttore-mirko-mezzacasa\/casa-natale-di-papa-luciani\/\" rel=\"attachment wp-att-209269\"><img loading=\"lazy\" decoding=\"async\" class=\" wp-image-209269 alignleft\" src=\"https:\/\/www.radiopiu.net\/wordpress\/wp-content\/uploads\/2021\/05\/Casa-natale-di-papa-Luciani-300x225.jpg\" alt=\"\" width=\"148\" height=\"111\" srcset=\"https:\/\/www.radiopiu.net\/wordpress\/wp-content\/uploads\/2021\/05\/Casa-natale-di-papa-Luciani-300x225.jpg 300w, https:\/\/www.radiopiu.net\/wordpress\/wp-content\/uploads\/2021\/05\/Casa-natale-di-papa-Luciani-1024x768.jpg 1024w, https:\/\/www.radiopiu.net\/wordpress\/wp-content\/uploads\/2021\/05\/Casa-natale-di-papa-Luciani-768x576.jpg 768w, https:\/\/www.radiopiu.net\/wordpress\/wp-content\/uploads\/2021\/05\/Casa-natale-di-papa-Luciani-1536x1152.jpg 1536w, https:\/\/www.radiopiu.net\/wordpress\/wp-content\/uploads\/2021\/05\/Casa-natale-di-papa-Luciani.jpg 1600w\" sizes=\"auto, (max-width: 148px) 100vw, 148px\" \/><\/a>PIEVE DI SOLIGO<\/strong> Dopo due anni dalla donazione della Casa Natale di Papa Luciani, \u00e8 stato svelato il nome del benefattore rimasto anonimo fino ad oggi. Si tratta del Cardinale pievigino Beniamino Stella che nel 2019 ha provveduto all\u2019acquisto del bene e lo ha generosamente offerto alla diocesi vittoriese. L&#8217;annuncio \u00e8 stato dato in mattinata durante la messa in Duomo a Pieve di Soligo da Monsignor Giuseppe Nadal.<\/p>\n<p><strong>PER LEGGERE L&#8217;ARTICOLO DA QDPNEWS <a href=\"https:\/\/www.qdpnews.it\/comuni\/pieve-di-soligo\/e-il-cardinale-beniamino-stella-il-donatore-alla-diocesi-vittoriese-della-casa-di-papa-luciani-a-canale-dagordo-il-nome-era-rimasto-finora-nellanonimato\/\">CLICCA QUI<\/a><\/strong><\/p>\n<p>&nbsp;<\/p>\n<p>&nbsp;<\/p>\n<hr \/>\n<p>&nbsp;<\/p>\n<blockquote>\n<h3>AL CAPITELLO DEI TOS SI E&#8217; RICORDATO IL FURTO SACRILEGO DELLA META&#8217; DEGLI ANNI 80<\/h3>\n<\/blockquote>\n<p><strong>RIVAMONTE<\/strong><\/p>\n<p>di Gianni Santomaso<\/p>\n<audio class=\"wp-audio-shortcode\" id=\"audio-228953-3\" preload=\"none\" style=\"width: 100%;\" controls=\"controls\"><source type=\"audio\/mpeg\" src=\"https:\/\/www.radiopiu.net\/wordpress\/wp-content\/uploads\/2021\/08\/GIANNI-MESSA-TOS.mp3?_=3\" \/><a href=\"https:\/\/www.radiopiu.net\/wordpress\/wp-content\/uploads\/2021\/08\/GIANNI-MESSA-TOS.mp3\">https:\/\/www.radiopiu.net\/wordpress\/wp-content\/uploads\/2021\/08\/GIANNI-MESSA-TOS.mp3<\/a><\/audio>\n<p>&nbsp;<\/p>\n\n\t\t\t<style type='text\/css'>\n\t\t\t\t#gallery-3 {\n\t\t\t\t\tmargin: auto;\n\t\t\t\t}\n\t\t\t\t#gallery-3 .gallery-item {\n\t\t\t\t\tfloat: left;\n\t\t\t\t\tmargin-top: 10px;\n\t\t\t\t\ttext-align: center;\n\t\t\t\t\twidth: 50%;\n\t\t\t\t}\n\t\t\t\t#gallery-3 img {\n\t\t\t\t\tborder: 2px solid #cfcfcf;\n\t\t\t\t}\n\t\t\t\t#gallery-3 .gallery-caption {\n\t\t\t\t\tmargin-left: 0;\n\t\t\t\t}\n\t\t\t\t\/* see gallery_shortcode() in wp-includes\/media.php *\/\n\t\t\t<\/style>\n\t\t<div id='gallery-3' class='dt-gallery-container gallery galleryid-228953 gallery-columns-2 gallery-size-medium'><dl class='gallery-item'>\n\t\t\t\t<dt class='gallery-icon portrait'>\n\t\t\t\t\t<a class=\"rollover rollover-zoom dt-pswp-item\" title=\"IMG-20210810-WA0047\" data-dt-img-description=\"\" data-large_image_width=\"1536\" data-large_image_height=\"2048\"href='https:\/\/www.radiopiu.net\/wordpress\/wp-content\/uploads\/2021\/08\/IMG-20210810-WA0047.jpg'><img loading=\"lazy\" decoding=\"async\" width=\"225\" height=\"300\" src=\"https:\/\/www.radiopiu.net\/wordpress\/wp-content\/uploads\/2021\/08\/IMG-20210810-WA0047-225x300.jpg\" class=\"attachment-medium size-medium\" alt=\"\" srcset=\"https:\/\/www.radiopiu.net\/wordpress\/wp-content\/uploads\/2021\/08\/IMG-20210810-WA0047-225x300.jpg 225w, https:\/\/www.radiopiu.net\/wordpress\/wp-content\/uploads\/2021\/08\/IMG-20210810-WA0047-768x1024.jpg 768w, https:\/\/www.radiopiu.net\/wordpress\/wp-content\/uploads\/2021\/08\/IMG-20210810-WA0047-1152x1536.jpg 1152w, https:\/\/www.radiopiu.net\/wordpress\/wp-content\/uploads\/2021\/08\/IMG-20210810-WA0047.jpg 1536w\" sizes=\"auto, (max-width: 225px) 100vw, 225px\" \/><\/a>\n\t\t\t\t<\/dt><\/dl><dl class='gallery-item'>\n\t\t\t\t<dt class='gallery-icon landscape'>\n\t\t\t\t\t<a class=\"rollover rollover-zoom dt-pswp-item\" title=\"IMG-20210810-WA0048\" data-dt-img-description=\"\" data-large_image_width=\"2048\" data-large_image_height=\"1536\"href='https:\/\/www.radiopiu.net\/wordpress\/wp-content\/uploads\/2021\/08\/IMG-20210810-WA0048.jpg'><img loading=\"lazy\" decoding=\"async\" width=\"300\" height=\"225\" src=\"https:\/\/www.radiopiu.net\/wordpress\/wp-content\/uploads\/2021\/08\/IMG-20210810-WA0048-300x225.jpg\" class=\"attachment-medium size-medium\" alt=\"\" srcset=\"https:\/\/www.radiopiu.net\/wordpress\/wp-content\/uploads\/2021\/08\/IMG-20210810-WA0048-300x225.jpg 300w, https:\/\/www.radiopiu.net\/wordpress\/wp-content\/uploads\/2021\/08\/IMG-20210810-WA0048-1024x768.jpg 1024w, https:\/\/www.radiopiu.net\/wordpress\/wp-content\/uploads\/2021\/08\/IMG-20210810-WA0048-768x576.jpg 768w, https:\/\/www.radiopiu.net\/wordpress\/wp-content\/uploads\/2021\/08\/IMG-20210810-WA0048-1536x1152.jpg 1536w, https:\/\/www.radiopiu.net\/wordpress\/wp-content\/uploads\/2021\/08\/IMG-20210810-WA0048.jpg 2048w\" sizes=\"auto, (max-width: 300px) 100vw, 300px\" \/><\/a>\n\t\t\t\t<\/dt><\/dl><br style=\"clear: both\" \/>\n\t\t\t<\/div>\n\n<p>&nbsp;<\/p>\n<hr \/>\n<p>&nbsp;<\/p>\n<blockquote>\n<h3>TERNA FARA&#8217; PULIZIA DI RAMI ED ALBERI PRESENTI SOTTO L&#8217;ALTA TENSIONE A LA VALLE<\/h3>\n<\/blockquote>\n<p><strong><a href=\"https:\/\/www.radiopiu.net\/wordpress\/quattro-feriti-nellincidente-al-peron-203-agordina\/7f76dd04-b66f-45c1-9dcc-d90b35f93c78\/\" rel=\"attachment wp-att-215874\"><img loading=\"lazy\" decoding=\"async\" class=\"size-medium wp-image-215874 alignleft\" src=\"https:\/\/www.radiopiu.net\/wordpress\/wp-content\/uploads\/2021\/06\/7f76dd04-b66f-45c1-9dcc-d90b35f93c78-300x169.jpg\" alt=\"\" width=\"300\" height=\"169\" srcset=\"https:\/\/www.radiopiu.net\/wordpress\/wp-content\/uploads\/2021\/06\/7f76dd04-b66f-45c1-9dcc-d90b35f93c78-300x169.jpg 300w, https:\/\/www.radiopiu.net\/wordpress\/wp-content\/uploads\/2021\/06\/7f76dd04-b66f-45c1-9dcc-d90b35f93c78-1024x576.jpg 1024w, https:\/\/www.radiopiu.net\/wordpress\/wp-content\/uploads\/2021\/06\/7f76dd04-b66f-45c1-9dcc-d90b35f93c78-768x432.jpg 768w, https:\/\/www.radiopiu.net\/wordpress\/wp-content\/uploads\/2021\/06\/7f76dd04-b66f-45c1-9dcc-d90b35f93c78-1536x864.jpg 1536w, https:\/\/www.radiopiu.net\/wordpress\/wp-content\/uploads\/2021\/06\/7f76dd04-b66f-45c1-9dcc-d90b35f93c78.jpg 1920w\" sizes=\"auto, (max-width: 300px) 100vw, 300px\" \/><\/a>LA VALLE<\/strong><\/p>\n<p>di Gianni Santomaso<\/p>\n<audio class=\"wp-audio-shortcode\" id=\"audio-228953-4\" preload=\"none\" style=\"width: 100%;\" controls=\"controls\"><source type=\"audio\/mpeg\" src=\"https:\/\/www.radiopiu.net\/wordpress\/wp-content\/uploads\/2021\/08\/GIANNI-TERNA-LA-VALLE.mp3?_=4\" \/><a href=\"https:\/\/www.radiopiu.net\/wordpress\/wp-content\/uploads\/2021\/08\/GIANNI-TERNA-LA-VALLE.mp3\">https:\/\/www.radiopiu.net\/wordpress\/wp-content\/uploads\/2021\/08\/GIANNI-TERNA-LA-VALLE.mp3<\/a><\/audio>\n<p>&nbsp;<\/p>\n<hr \/>\n<p>&nbsp;<\/p>\n<blockquote>\n<h3>SCADE GIOVEDI&#8217; IL BANDO PER L&#8217;AFFIDAMENTO DEL BAR ALL&#8217;ALVISE DE TONI DI ALLEGHE<\/h3>\n<\/blockquote>\n<p><strong><a href=\"https:\/\/www.radiopiu.net\/wordpress\/novita-allo-stadio-alvise-de-toni-di-alleghe\/palaghiaccio-alleghe\/\" rel=\"attachment wp-att-139543\"><img loading=\"lazy\" decoding=\"async\" class=\"size-medium wp-image-139543 alignleft\" src=\"https:\/\/www.radiopiu.net\/wordpress\/wp-content\/uploads\/2020\/05\/PALAGHIACCIO-Alleghe-300x225.jpg\" alt=\"\" width=\"300\" height=\"225\" srcset=\"https:\/\/www.radiopiu.net\/wordpress\/wp-content\/uploads\/2020\/05\/PALAGHIACCIO-Alleghe-300x225.jpg 300w, https:\/\/www.radiopiu.net\/wordpress\/wp-content\/uploads\/2020\/05\/PALAGHIACCIO-Alleghe.jpg 640w\" sizes=\"auto, (max-width: 300px) 100vw, 300px\" \/><\/a>ALLEGHE<\/strong><\/p>\n<p>di Gianni Santomaso<\/p>\n<audio class=\"wp-audio-shortcode\" id=\"audio-228953-5\" preload=\"none\" style=\"width: 100%;\" controls=\"controls\"><source type=\"audio\/mpeg\" src=\"https:\/\/www.radiopiu.net\/wordpress\/wp-content\/uploads\/2021\/08\/GIANNI-BAR-PALAGHIACCIO-ALLEGHE.mp3?_=5\" \/><a href=\"https:\/\/www.radiopiu.net\/wordpress\/wp-content\/uploads\/2021\/08\/GIANNI-BAR-PALAGHIACCIO-ALLEGHE.mp3\">https:\/\/www.radiopiu.net\/wordpress\/wp-content\/uploads\/2021\/08\/GIANNI-BAR-PALAGHIACCIO-ALLEGHE.mp3<\/a><\/audio>\n<p>&nbsp;<\/p>\n<hr \/>\n<p>&nbsp;<\/p>\n<blockquote>\n<h3 class=\"p1\"><span class=\"s1\">TURISMO, BOND: \u00abBENE IL MESE DI AGOSTO, ORA SERVONO CERTEZZE PER FAR PARTIRE L\u2019INVERNO\u00bb<\/span><\/h3>\n<\/blockquote>\n<p class=\"p1\"><span class=\"s1\"><strong><a href=\"https:\/\/www.radiopiu.net\/wordpress\/dario-bond-e-il-bando-sul-direttore-della-fondazione-unesco\/dario-bond-12\/\" rel=\"attachment wp-att-191054\"><img loading=\"lazy\" decoding=\"async\" class=\"size-medium wp-image-191054 alignleft\" src=\"https:\/\/www.radiopiu.net\/wordpress\/wp-content\/uploads\/2021\/02\/DARIO-BOND-300x138.jpg\" alt=\"\" width=\"300\" height=\"138\" srcset=\"https:\/\/www.radiopiu.net\/wordpress\/wp-content\/uploads\/2021\/02\/DARIO-BOND-300x138.jpg 300w, https:\/\/www.radiopiu.net\/wordpress\/wp-content\/uploads\/2021\/02\/DARIO-BOND-1024x472.jpg 1024w, https:\/\/www.radiopiu.net\/wordpress\/wp-content\/uploads\/2021\/02\/DARIO-BOND-768x354.jpg 768w, https:\/\/www.radiopiu.net\/wordpress\/wp-content\/uploads\/2021\/02\/DARIO-BOND-1536x708.jpg 1536w, https:\/\/www.radiopiu.net\/wordpress\/wp-content\/uploads\/2021\/02\/DARIO-BOND.jpg 1600w\" sizes=\"auto, (max-width: 300px) 100vw, 300px\" \/><\/a>ROMA <\/strong>\u00ab<em>Il turismo montano ha retto il colpo durante l\u2019estate. Ora per\u00f2 servono certezze per preparare l\u2019inverno. Un\u2019altra stagione come quella dello scorso anno sarebbe mortale<\/em>\u00bb. \u00c8 quanto afferma il deputato Dario Bond. <\/span><span class=\"s1\">\u00ab<em>La montagna, complice anche il gran caldo della pianura, ha fatto registrare dati molto buoni, in particolare nel mese di agosto. Non \u00e8 comunque sufficiente per riequilibrare le perdite dei mesi invernali, quando la pandemia e le misure Covid hanno di fatto bloccato qualsiasi tipo di lavoro nelle localit\u00e0 sciistiche, mandando in difficolt\u00e0 imprese e famiglie. Ecco perch\u00e9 servono fin da subito certezze per il prossimo inverno. Primo per permettere a impiantisti, albergatori e imprese di preparare la stagione e adeguarsi a eventuali misure anti-Covid da adottare. Secondo per reperire quel personale stagionale che proprio lo scorso inverno si \u00e8 diretto verso altri lavori, lasciando scoperte diverse mansioni. Il governo non permetta decisioni dell\u2019ultima ora come \u00e8 stato pochi mesi fa. Perch\u00e9 pensare a un\u2019altra stagione persa significherebbe morte certa per la montagna. Tra l\u2019altro, ci sono imprese e lavoratori ancora in attesa dei ristori<\/em>\u00bb.<\/span><\/p>\n<p>&nbsp;<\/p>\n<p>&nbsp;<\/p>\n<hr \/>\n<p>&nbsp;<\/p>\n<blockquote>\n<h3>AL NOF FILO&#8217; DI CENCENIGHE RENATO MARTINONI HA PRESENTATO IL LIBRO &#8220;LA CAMPANA DI MARBACH&#8221;<\/h3>\n<\/blockquote>\n<p><strong>CENCENIGHE<\/strong> Al Nof Fil\u00f2 di Cencenighe, in concomitanza con la mostra di Dunio Piccolin, \u00e8 stato ospite lo scrittore Renato Martinoni che ha presentato il suo libro dal titolo &#8220;La Campana Di Marbach&#8221;.<\/p>\n<p><strong>IL SINDACO DI CENCENIGHE MAURO SOPPELSA<\/strong><\/p>\n<audio class=\"wp-audio-shortcode\" id=\"audio-228953-6\" preload=\"none\" style=\"width: 100%;\" controls=\"controls\"><source type=\"audio\/mpeg\" src=\"https:\/\/www.radiopiu.net\/wordpress\/wp-content\/uploads\/2021\/08\/SOPPELSA-MARTINONI.mp3?_=6\" \/><a href=\"https:\/\/www.radiopiu.net\/wordpress\/wp-content\/uploads\/2021\/08\/SOPPELSA-MARTINONI.mp3\">https:\/\/www.radiopiu.net\/wordpress\/wp-content\/uploads\/2021\/08\/SOPPELSA-MARTINONI.mp3<\/a><\/audio>\n<p>&nbsp;<\/p>\n\n\t\t\t<style type='text\/css'>\n\t\t\t\t#gallery-4 {\n\t\t\t\t\tmargin: auto;\n\t\t\t\t}\n\t\t\t\t#gallery-4 .gallery-item {\n\t\t\t\t\tfloat: left;\n\t\t\t\t\tmargin-top: 10px;\n\t\t\t\t\ttext-align: center;\n\t\t\t\t\twidth: 25%;\n\t\t\t\t}\n\t\t\t\t#gallery-4 img {\n\t\t\t\t\tborder: 2px solid #cfcfcf;\n\t\t\t\t}\n\t\t\t\t#gallery-4 .gallery-caption {\n\t\t\t\t\tmargin-left: 0;\n\t\t\t\t}\n\t\t\t\t\/* see gallery_shortcode() in wp-includes\/media.php *\/\n\t\t\t<\/style>\n\t\t<div id='gallery-4' class='dt-gallery-container gallery galleryid-228953 gallery-columns-4 gallery-size-thumbnail'><dl class='gallery-item'>\n\t\t\t\t<dt class='gallery-icon landscape'>\n\t\t\t\t\t<a class=\"rollover rollover-zoom dt-pswp-item\" title=\"6cdef076-846f-4b91-8b8a-ad8176a9bd5b\" data-dt-img-description=\"\" data-large_image_width=\"1024\" data-large_image_height=\"766\"href='https:\/\/www.radiopiu.net\/wordpress\/wp-content\/uploads\/2021\/08\/6cdef076-846f-4b91-8b8a-ad8176a9bd5b.jpg'><img loading=\"lazy\" decoding=\"async\" width=\"150\" height=\"150\" src=\"https:\/\/www.radiopiu.net\/wordpress\/wp-content\/uploads\/2021\/08\/6cdef076-846f-4b91-8b8a-ad8176a9bd5b-150x150.jpg\" class=\"attachment-thumbnail size-thumbnail\" alt=\"\" \/><\/a>\n\t\t\t\t<\/dt><\/dl><dl class='gallery-item'>\n\t\t\t\t<dt class='gallery-icon landscape'>\n\t\t\t\t\t<a class=\"rollover rollover-zoom dt-pswp-item\" title=\"bd265aad-3a96-4991-9c1a-4287c4909baf\" data-dt-img-description=\"\" data-large_image_width=\"1024\" data-large_image_height=\"766\"href='https:\/\/www.radiopiu.net\/wordpress\/wp-content\/uploads\/2021\/08\/bd265aad-3a96-4991-9c1a-4287c4909baf.jpg'><img loading=\"lazy\" decoding=\"async\" width=\"150\" height=\"150\" src=\"https:\/\/www.radiopiu.net\/wordpress\/wp-content\/uploads\/2021\/08\/bd265aad-3a96-4991-9c1a-4287c4909baf-150x150.jpg\" class=\"attachment-thumbnail size-thumbnail\" alt=\"\" \/><\/a>\n\t\t\t\t<\/dt><\/dl><dl class='gallery-item'>\n\t\t\t\t<dt class='gallery-icon landscape'>\n\t\t\t\t\t<a class=\"rollover rollover-zoom dt-pswp-item\" title=\"6ef04cb3-964d-4526-a4d0-63471687eb1d\" data-dt-img-description=\"\" data-large_image_width=\"1024\" data-large_image_height=\"768\"href='https:\/\/www.radiopiu.net\/wordpress\/wp-content\/uploads\/2021\/08\/6ef04cb3-964d-4526-a4d0-63471687eb1d.jpg'><img loading=\"lazy\" decoding=\"async\" width=\"150\" height=\"150\" src=\"https:\/\/www.radiopiu.net\/wordpress\/wp-content\/uploads\/2021\/08\/6ef04cb3-964d-4526-a4d0-63471687eb1d-150x150.jpg\" class=\"attachment-thumbnail size-thumbnail\" alt=\"\" \/><\/a>\n\t\t\t\t<\/dt><\/dl><dl class='gallery-item'>\n\t\t\t\t<dt class='gallery-icon portrait'>\n\t\t\t\t\t<a class=\"rollover rollover-zoom dt-pswp-item\" title=\"f26147ef-5295-4b4e-a9b1-8158bf07d1ff\" data-dt-img-description=\"\" data-large_image_width=\"766\" data-large_image_height=\"1024\"href='https:\/\/www.radiopiu.net\/wordpress\/wp-content\/uploads\/2021\/08\/f26147ef-5295-4b4e-a9b1-8158bf07d1ff.jpg'><img loading=\"lazy\" decoding=\"async\" width=\"150\" height=\"150\" src=\"https:\/\/www.radiopiu.net\/wordpress\/wp-content\/uploads\/2021\/08\/f26147ef-5295-4b4e-a9b1-8158bf07d1ff-150x150.jpg\" class=\"attachment-thumbnail size-thumbnail\" alt=\"\" \/><\/a>\n\t\t\t\t<\/dt><\/dl><br style=\"clear: both\" \/>\n\t\t\t<\/div>\n\n<p>&nbsp;<\/p>\n<hr \/>\n<p>&nbsp;<\/p>\n<blockquote>\n<h3>DUNIO PICCOLIN VISTO DA VICINO, oggi lo speciale sul Corriere delle Alpi, dalla mostra del Nof Filo&#8217; di Cencenighe.<\/h3>\n<\/blockquote>\n<p><strong><a href=\"https:\/\/www.radiopiu.net\/wordpress\/?attachment_id=228966\" rel=\"attachment wp-att-228966\"><img loading=\"lazy\" decoding=\"async\" class=\" wp-image-228966 alignleft\" src=\"https:\/\/www.radiopiu.net\/wordpress\/wp-content\/uploads\/2021\/08\/40354c5d-eb97-40aa-ae51-07ae76d3da64-256x300.jpg\" alt=\"\" width=\"133\" height=\"156\" srcset=\"https:\/\/www.radiopiu.net\/wordpress\/wp-content\/uploads\/2021\/08\/40354c5d-eb97-40aa-ae51-07ae76d3da64-256x300.jpg 256w, https:\/\/www.radiopiu.net\/wordpress\/wp-content\/uploads\/2021\/08\/40354c5d-eb97-40aa-ae51-07ae76d3da64-875x1024.jpg 875w, https:\/\/www.radiopiu.net\/wordpress\/wp-content\/uploads\/2021\/08\/40354c5d-eb97-40aa-ae51-07ae76d3da64-768x899.jpg 768w, https:\/\/www.radiopiu.net\/wordpress\/wp-content\/uploads\/2021\/08\/40354c5d-eb97-40aa-ae51-07ae76d3da64-1312x1536.jpg 1312w, https:\/\/www.radiopiu.net\/wordpress\/wp-content\/uploads\/2021\/08\/40354c5d-eb97-40aa-ae51-07ae76d3da64.jpg 1367w\" sizes=\"auto, (max-width: 133px) 100vw, 133px\" \/><\/a>FALCADE<\/strong><\/p>\n<p>di Gianni Santomaso<\/p>\n<p>&nbsp;<\/p>\n<p>&nbsp;<\/p>\n<p>&nbsp;<\/p>\n<p>&nbsp;<\/p>\n<p>&nbsp;<\/p>\n<hr \/>\n<p>&nbsp;<\/p>\n<blockquote>\n<h3>GARANZIE STATALI: BENEFICI SOLO A BANCHE E IMPRESE CHE AVEVANO OTTENUTO I PRESTITI PRIMA DEL COVID<\/h3>\n<\/blockquote>\n<p><a class=\"dt-pswp-item\" href=\"https:\/\/www.radiopiu.net\/wordpress\/wp-content\/uploads\/2021\/08\/Schermata-2021-08-21-alle-09.58.50.png\" data-dt-img-description=\"\" data-large_image_width=\"1262\" data-large_image_height=\"720\"><img loading=\"lazy\" decoding=\"async\" class=\"alignleft size-medium wp-image-228817\" src=\"https:\/\/www.radiopiu.net\/wordpress\/wp-content\/uploads\/2021\/08\/Schermata-2021-08-21-alle-09.58.50-300x171.png\" alt=\"\" width=\"300\" height=\"171\" srcset=\"https:\/\/www.radiopiu.net\/wordpress\/wp-content\/uploads\/2021\/08\/Schermata-2021-08-21-alle-09.58.50-300x171.png 300w, https:\/\/www.radiopiu.net\/wordpress\/wp-content\/uploads\/2021\/08\/Schermata-2021-08-21-alle-09.58.50-1024x584.png 1024w, https:\/\/www.radiopiu.net\/wordpress\/wp-content\/uploads\/2021\/08\/Schermata-2021-08-21-alle-09.58.50-768x438.png 768w, https:\/\/www.radiopiu.net\/wordpress\/wp-content\/uploads\/2021\/08\/Schermata-2021-08-21-alle-09.58.50.png 1262w\" sizes=\"auto, (max-width: 300px) 100vw, 300px\" \/><\/a>Tra il febbraio 2020, mese che ha preceduto l\u2019avvento della crisi pandemica, e il maggio 2021, lo stock complessivo dei prestiti bancari erogati alle imprese italiane per fronteggiare la crisi economica \u00e8 aumentato di 37,1 miliardi di euro (vedi Tab. 1), sebbene i prestiti garantiti messi in campo con gli interventi approvati dal secondo Governo Conte siano stati 197,6 miliardi (vedi Tab. 2). Se queste misure di sostegno alla liquidit\u00e0 delle aziende hanno comunque consentito di capovolgere il trend che dal novembre 2011 sino alla fine di febbraio 2020 era stato costantemente negativo (vedi Graf. 1), le garanzie pubbliche introdotte dall\u2019ex premier Conte e proseguite anche con l\u2019esecutivo Draghi non sono riuscite ad intaccare con successo la cronica mancanza di liquidit\u00e0 che assilla, in particolar modo, il mondo delle Pmi. A dirlo \u00e8 l\u2019Ufficio studi della CGIA.<\/p>\n<p><strong>Le garanzie pubbliche hanno sostituito quelle private gi\u00e0 in essere prima dell\u2019avvento del Covid<\/strong><br \/>\nPerch\u00e9 solo poco meno di un quinto delle garanzie messe a disposizione dallo Stato attraverso SACE e il Fondo di garanzia, che per legge coprono la quasi totalit\u00e0 degli impieghi erogati con questi strumenti, \u00e8 finito nelle tasche degli imprenditori ? In primo luogo perch\u00e9 una parte delle nuove garanzie \u00e8 andata a colmare i cali fisiologici del credito in essere e nella sostituzione dei prestiti a breve con aumenti di quelli a medio-lungo termine. In secondo poich\u00e9 il sistema bancario ha utilizzato una parte di questi miliardi anche per abbattere i propri rischi, sostituendo le garanzie private legate ai prestiti che aveva erogato prima dell\u2019avvento di queste novit\u00e0 legislative. Un modo di agire che sicuramente ha favorito le banche, che cos\u00ec facendo hanno azzerato i rischi di incorrere in crediti deteriorati, e in parte anche le imprese, almeno quelle che prima del mese di marzo del 2020 avevano delle linee di credito aperte con gli istituti. In altre parole, i quasi 200 miliardi di garanzie messi a disposizione al sistema produttivo hanno favorito il credito sostitutivo a scapito, per\u00f2, di quello aggiuntivo, avvantaggiando, in particolar modo, le imprese che avevano ottenuto i prestiti prima dell\u2019avvento della crisi. Intendiamoci, in linea di principio tutto il sistema economico ha tratto beneficio dall\u2019applicazione di questi 3 provvedimenti, a cui si deve aggiungere anche la moratoria sui crediti a famiglie e imprese introdotta sempre dal secondo Governo Conte. Tuttavia, la cronica mancanza di liquidit\u00e0 in capo alle Pmi \u00e8 stata solo in parte aggredita.<\/p>\n<p><strong>L\u2019aumento dei prestiti alle imprese si \u00e8 esaurito<\/strong><br \/>\nRisulta altrettanto interessante ve<\/p>\n<p><img loading=\"lazy\" decoding=\"async\" class=\"alignleft size-medium wp-image-228816\" src=\"https:\/\/www.radiopiu.net\/wordpress\/wp-content\/uploads\/2021\/08\/Schermata-2021-08-21-alle-09.59.08-300x172.png\" alt=\"\" width=\"300\" height=\"172\" srcset=\"https:\/\/www.radiopiu.net\/wordpress\/wp-content\/uploads\/2021\/08\/Schermata-2021-08-21-alle-09.59.08-300x172.png 300w, https:\/\/www.radiopiu.net\/wordpress\/wp-content\/uploads\/2021\/08\/Schermata-2021-08-21-alle-09.59.08-768x441.png 768w, https:\/\/www.radiopiu.net\/wordpress\/wp-content\/uploads\/2021\/08\/Schermata-2021-08-21-alle-09.59.08.png 990w\" sizes=\"auto, (max-width: 300px) 100vw, 300px\" \/><\/p>\n<p>rificare l\u2019andamento registrato negli ultimi mesi dagli impieghi bancari alle imprese. Ebbene, dopo l\u2019introduzione delle misure messe a punto dal Conte bis (marzo 2020), lo stock ha cominciato a crescere raggiungendo il picco massimo a novembre 2020, per poi iniziare una lenta discesa fino allo scorso mese di maggio quando ha raggiunto quota 748,7 miliardi di euro. In altre parole possiamo affermare che, ad oggi, l\u2019azione di sostegno alle imprese in materia di credito si \u00e8 esaurita. Rispetto alla Banca d\u2019Italia, sul fronte dei prestiti garantiti la Task Force composta da MEF, MISE-Medio Credito Centrale, ABI e SACE aggiornano con maggiore frequenza i propri dati in materia di credito alle Pmi. Attraverso \u201cGaranzia Italia\u201d, ad esempio, fino al 10 agosto scorso le domande presentate dalle grandi imprese sono state 2.898 e i volumi dei prestiti garantiti messi in campo da SACE hanno raggiunto i 27,3 miliardi di euro. Sempre alla stessa data, grazie al \u201cCura Italia\u201d e al \u201cDecreto Liquidit\u00e0\u201d, al Fondo di Garanzia per le Pmi sono invece giunte 2.298.440 domande che hanno \u201cgenerato\u201d 188,3 miliardi di finanziamenti. Questi ultimi dati includono anche i mini prestiti fino a 30 mila euro che, invece, hanno registrato 1.165.502 domande, consentendo l\u2019erogazione di 22,7 miliardi di finanziamenti.<\/p>\n<p><strong>Banche con bassa redditivit\u00e0 tagliano il credito e puntano sui servizi finanziari<\/strong><br \/>\nI dati dimostrano inequivocabilmente che con le crisi del 2008-2009 e del 2012-2013 le banche italiane hanno ridotto progressivamente il flusso di denaro verso le imprese. A difesa degli istituti di credito si deve tener conto delle forti restrizioni imposte a livello europeo dai nuovi obblighi sulle capitalizzazioni, dall\u2019aumento dei crediti deteriorati e dalla diminuzione della domanda da parte delle imprese meritevoli di liquidit\u00e0. Tuttavia, nel 2020 non sono state poche le banche che hanno registrato utili anche miliardari che imporrebbero, a queste ultime, una maggiore \u201cdisponibilit\u00e0\u201d nei confronti degli operatori economici del nostro Paese. Pi\u00f9 in generale, comunque, il vero problema dei nostri istituti di credito \u00e8 dovuto alla bassa redditivit\u00e0 che ha costretto molte banche a diversificare i ricavi. Come ? Riducendo l\u2019erogazione degli impieghi che con tassi di interesse attivi molto contenuti ha reso questo servizio meno conveniente di un tempo. Per queste ragioni molti <a class=\"dt-pswp-item\" href=\"https:\/\/www.radiopiu.net\/wordpress\/wp-content\/uploads\/2021\/08\/Schermata-2021-08-21-alle-09.59.31.png\" data-dt-img-description=\"\" data-large_image_width=\"1290\" data-large_image_height=\"950\"><img loading=\"lazy\" decoding=\"async\" class=\"alignleft wp-image-228815\" src=\"https:\/\/www.radiopiu.net\/wordpress\/wp-content\/uploads\/2021\/08\/Schermata-2021-08-21-alle-09.59.31-300x221.png\" alt=\"\" width=\"176\" height=\"130\" srcset=\"https:\/\/www.radiopiu.net\/wordpress\/wp-content\/uploads\/2021\/08\/Schermata-2021-08-21-alle-09.59.31-300x221.png 300w, https:\/\/www.radiopiu.net\/wordpress\/wp-content\/uploads\/2021\/08\/Schermata-2021-08-21-alle-09.59.31-1024x754.png 1024w, https:\/\/www.radiopiu.net\/wordpress\/wp-content\/uploads\/2021\/08\/Schermata-2021-08-21-alle-09.59.31-768x566.png 768w, https:\/\/www.radiopiu.net\/wordpress\/wp-content\/uploads\/2021\/08\/Schermata-2021-08-21-alle-09.59.31.png 1290w\" sizes=\"auto, (max-width: 176px) 100vw, 176px\" \/><\/a>istituti hanno spostato il proprio business su attivit\u00e0 meno rischiose. Vale a dire sulle prestazioni accessorie e di natura finanziaria. Altres\u00ec, non va nemmeno dimenticato che, seppur in forte diminuzione rispetto a qualche anno fa, le sofferenze bancarie hanno ancora delle dimensioni economiche rilevanti. Alla luce di ci\u00f2, molte banche\u00a0 sono state costrette dalle disposizioni europee ad aumentare gli accantonamenti e, conseguentemente, a ridurre le erogazioni di credito o a concedere i prestiti a condizioni pi\u00f9 rigide. Una situazione che ha penalizzato soprattutto le piccole imprese.<\/p>\n<p>&nbsp;<\/p>\n<p>&nbsp;<\/p>\n<p>&nbsp;<\/p>\n<hr \/>\n<p>&nbsp;<\/p>\n<blockquote>\n<h3>\u201cCURIOSANDO PER LA CITT\u00c0 DI BELLUNO\u201d<\/h3>\n<\/blockquote>\n<p><strong>di RENATO BONA<\/strong><\/p>\n<p>Alla scoperta di frammenti d\u2019arte locale del passato nelle vie Cansiglio, S. Pietro, Brustolon, Mezzaterra, S.M. dei Battuti, S. Croce, Torricelle, Porta Rugo, Zattieri, S. Lucano, Crepadoni, Rialto e nella piazza Mazzini Nel precedente servizio ci siamo molto divertiti e confidiamo sia stato cos\u00ec anche per chi ci segue, \u201cCuriosando per la citt\u00e0 di Belluno\u201d (che \u00e8 il titolo del libro che Vincenzo Caputo ha realizzato in proprio nel marzo scorso con la tipografia Sommavilla, dedicandolo alla moglie Carmela \u2013 ndr.) con frammenti d\u2019arte locale del tempo andato che l\u2019autore propone nel volume per il quale preziosa \u00e8 risultata la collaborazione dell\u2019architetto Roberto Reolon, il quale ha curato il saggio \u201cI segni del passato\u201d. In particolare ci eravamo soffermati nella piazza Duomo (Palazzo dei Rettori che ospita la Prefettura); Fontana di San Gioat\u00e0 e il Pozzo (gi\u00e0 fontana Gajarda) nella stessa piazza; ancora: Palazzo dei Vescovi ora Auditorium, Municipio (detto Palazzo Rosso), nella Piazza Castello per il Palazzo delle Poste; infine nella piazza del mercato o delle Erbe per la fontana sormontata dalla statua di san Lucano, poi il Monte di Piet\u00e0 e la Chiesa delle Grazie e per concludere, all\u2019angolo con via Valeriano la Loggia dei Ghibellini. Pochi passi e ci siamo spostati nella medievale via Cansiglio dove al civico 11 \u00e8 un\u2019insolita collocazione, sull\u2019angolo di un antico edificio, a caratterizzare il luogo, con una testa in pietra scolpita, parzialmente murata che propone un leone, presumibilmente di San Marco. Nel retro dello stabile vi \u00e8 l\u2019accesso alle ex scuderie di pertinenza dell\u2019albergo \u201cAl Sasso\u201d la cui attivit\u00e0 era cessata negli anni cinquanta dello scorso secolo (ma \u00e8 ora ripresa). Proseguendo verso sud, si giunge in via San Pietro 19 dove vi \u00e8 l\u2019entrata del Seminario Gregoriano del XV-XVI secolo. Dove una scultura poco sopra l\u2019architrave del battente d\u2019entrata (1952) riproduce lo stemma e la scritta Veritas et Gratia, del vescovo Gioacchino Muccin, \u201ccon la rappresentazione simbolica della verit\u00e0, rappresentata da una donna reggente un libro e dalla grazia raffigurata da una donna orante\u201d. Poco pi\u00f9 in la, nella via Andrea Brustolon, ecco la \u201cFontana della Motta (secolo XVI), del 1561, con due volti in pietra, caso unico nelle fontane della Citt\u00e0. Fu collocata nel 1952 dopo un precedente spostamento del 1826. Alcuni passi ed eccoci nella via Mezzaterra dove a proposito di Palazzo Piloni (XVII secolo), Caputo illustra un particolare dell\u2019architrave del portone detto \u201cil mascherone\u201d per le teste scolpite al centro che fa da basamento all\u2019elaborata scultura con lo stemma di casata\u201d. C\u2019\u00e8 poi la piazzetta di Santa Maria dei Battuti con la fontana omonima del XVI secolo (1554) demolita e qui trasportata nel 1884 dalla piazza di San Pietro. La statua di Sant\u2019Elena, realizzata da Alberto Fiabane nel 1960, \u00e8 una copia di quella acefala ora conservata nel Museo civico, posta in origine alla sommit\u00e0 della fontana di Santa Croce e successivamente su quella non pi\u00f9 esistente di Piazza Campitello\u201d. Non lontana, nella via Santa Croce, all\u2019altezza dei civici 24-26 si eleva Palazzo Nosadini o del Capitano di Giustizia (XV secolo): costruzione quattrocentesca per la quale viene proposto un particolare del capitello di una delle colonne del portico. Poco pi\u00f9 in la, nella via Torricelle, altra fontana, questa del XIX secolo: sopra il fronte esterno della nicchia, che ospita la fontana, una lastra grigia sostiene un\u2019antica statua in pietra raffigurante il Leone di san Marco, purtroppo consunto dal tempo. E siamo cos\u00ec giunti alla Porta Rugo esterna, del XVII secolo, per la quale Vincenzo Caputo ricorda: \u201cL\u2019imperatore Massimiliano d\u2019Asburgo fece il suo ingresso a Belluno attraverso la suddetta porta nel 1509. La nicchia centrale, tra i due stemmi in pietra, contiene ancora la base con le zampe del leone di San Marco, abbattuto dai rivoluzionari giacobini nel maggio del 1397. L\u2019ultimo restauro \u00e8 del 1902\u201d. Pochi metri in discesa e nella via degli Zattieri \u201cincontriamo\u201d la Fontana \u201cnova\u201d di Borgo Piave del secolo XIX: lo stemma di Belluno con 8 foglie di acanto e 7 di vite, adagiate sui tralci, scolpiti nella pietra, decorano la vecchia fontana del Borgo, datata 1855. Torniamo nella via Mezzaterra perch\u00e9 al civico 52 c\u2019\u00e8 il secolare Palazzo Butta Calice sopra il cui portale ad arco si nota \u201cun curioso mascherone sormontato da mensola\u201d. Niente male davvero la via San Lucano che \u201coffre\u201d Palazzo Reviviscar o Persico-Piloni (secoli XV-XIX). Gi\u00e0 di propriet\u00e0 Persico accoglie l\u2019Associazione fra gli industriali. Del primitivo palazzo costruito nel \u2018400, ampliato e ornato dal 1496 al 1506, resta solo la facciata dato che l\u2019edificio fu distrutto da un incendio nel 1933. Sul frontespizio del palazzo si notano alcuni bassorilievi in pietra. La fascia sopra il mezzanino contiene figure maschili e femminili che tengono in mano un ramoscello, a volte con fiori e a volte con frutti. E\u2019 la ripetizione dello stemma dei Persici che figura nella parte frontale dei plutei, presente pure nell\u2019ornamento sovrapposto all\u2019arco del portale. La fascia del piano nobile riporta i dodici segni zodiacali con figure umane simboliche. Nella stessa via, ai civici 34-36 ecco Palazzo Alpago (secolo XVII), sede dell\u2019Unione artigiani. Porta il nome della famiglia che ebbe in Andrea Alpago il membro pi\u00f9 illustre per gli studi fatti in Siria, Egitto e altre regioni orientali, dove apprese la lingua araba, quale mezzo per approfondire la conoscenza in medicina. Sulla facciata il suo busto in pietra, con il turbante all\u2019orientale. Due lapidi del 1566 e del 1605 ne descrivono le qualit\u00e0 intellettuali e umane in ossequio al suo valore e in suo onore\u201d. Ancora via San Lucano per Palazzo Piloni o della Provincia, del XVI secolo: sul portale laterale dell\u2019edificio, realizzato tra la fine del 1800 e l\u2019inizio del 1900, una grande testa in pietra, incoronata. Attraversata la Piazza del Duomo si giunge nel Vicolo Crepadoni, dove al civico 2 \u00e8 stato edificato Palazzo Crepadona o Crepadoni, del secolo XVI. Sopra il portale, imponente stemma di famiglia in pietra, sostenuto da due volute. Nella parallela via Rialto, i civici 16-20 propongono Palazzo Minerva, del secolo XVIII: eretto dopo il 1774, fu sede dell\u2019Accademia degli Anistamici (Risorti), fondata nel 1734 per la promozione degli studi storici, scientifici, letterari e, dal 1768, anche agrari. Nel tempo fu sede di varie associazioni prima del totale abbandono per decenni. Particolari relativi alle simbologie scolpite a bassorilievo: vomere, innesto, compasso, squadra, cannocchiale, mappamondo, vanga, ruota. Concludiamo con Piazza Mazzini dove vi \u00e8 l\u2019accesso al Torrione del secolo XV. L\u2019autore del libro annota: \u201cDue caratteristici mascheroni in pietra, posti sui rispettivi pilastri del cancello (secolo XX), accesso alla torre d\u2019angolo delle mura cittadine, che dalla sua antica denominazione medievale di Dollone o \u201cDojon\u201d aveva dato nome all\u2019intero complesso fortificato e alla famiglia bellunese dei Doglioni. Iniziato nel 1481 dal rettore veneziano Perazzo Malipiero, venne concluso nel 1489 da Luca Foscarini, di cui porta lo stemma a fianco del Leone di San Marco, entrambi scolpiti su pietra e murati sulla facciata dell\u2019edificio, alla sinistra dell\u2019accesso.<\/p>\n\n\t\t\t<style type='text\/css'>\n\t\t\t\t#gallery-5 {\n\t\t\t\t\tmargin: auto;\n\t\t\t\t}\n\t\t\t\t#gallery-5 .gallery-item {\n\t\t\t\t\tfloat: left;\n\t\t\t\t\tmargin-top: 10px;\n\t\t\t\t\ttext-align: center;\n\t\t\t\t\twidth: 16%;\n\t\t\t\t}\n\t\t\t\t#gallery-5 img {\n\t\t\t\t\tborder: 2px solid #cfcfcf;\n\t\t\t\t}\n\t\t\t\t#gallery-5 .gallery-caption {\n\t\t\t\t\tmargin-left: 0;\n\t\t\t\t}\n\t\t\t\t\/* see gallery_shortcode() in wp-includes\/media.php *\/\n\t\t\t<\/style>\n\t\t<div id='gallery-5' class='dt-gallery-container gallery galleryid-228953 gallery-columns-6 gallery-size-thumbnail'><dl class='gallery-item'>\n\t\t\t\t<dt class='gallery-icon portrait'>\n\t\t\t\t\t<a class=\"rollover rollover-zoom dt-pswp-item\" title=\"236523433_855580651743255_4416095514956840324_n\" data-dt-img-description=\"\" data-large_image_width=\"153\" data-large_image_height=\"260\"href='https:\/\/www.radiopiu.net\/wordpress\/wp-content\/uploads\/2021\/08\/236523433_855580651743255_4416095514956840324_n.jpg'><img loading=\"lazy\" decoding=\"async\" width=\"150\" height=\"150\" src=\"https:\/\/www.radiopiu.net\/wordpress\/wp-content\/uploads\/2021\/08\/236523433_855580651743255_4416095514956840324_n-150x150.jpg\" class=\"attachment-thumbnail size-thumbnail\" alt=\"\" \/><\/a>\n\t\t\t\t<\/dt><\/dl><dl class='gallery-item'>\n\t\t\t\t<dt class='gallery-icon landscape'>\n\t\t\t\t\t<a class=\"rollover rollover-zoom dt-pswp-item\" title=\"237948161_372665904464599_7968739225268195303_n\" data-dt-img-description=\"\" data-large_image_width=\"320\" data-large_image_height=\"206\"href='https:\/\/www.radiopiu.net\/wordpress\/wp-content\/uploads\/2021\/08\/237948161_372665904464599_7968739225268195303_n.jpg'><img loading=\"lazy\" decoding=\"async\" width=\"150\" height=\"150\" src=\"https:\/\/www.radiopiu.net\/wordpress\/wp-content\/uploads\/2021\/08\/237948161_372665904464599_7968739225268195303_n-150x150.jpg\" class=\"attachment-thumbnail size-thumbnail\" alt=\"\" \/><\/a>\n\t\t\t\t<\/dt><\/dl><dl class='gallery-item'>\n\t\t\t\t<dt class='gallery-icon landscape'>\n\t\t\t\t\t<a class=\"rollover rollover-zoom dt-pswp-item\" title=\"236954428_306584011156946_7451662621381946826_n\" data-dt-img-description=\"\" data-large_image_width=\"235\" data-large_image_height=\"201\"href='https:\/\/www.radiopiu.net\/wordpress\/wp-content\/uploads\/2021\/08\/236954428_306584011156946_7451662621381946826_n.jpg'><img loading=\"lazy\" decoding=\"async\" width=\"150\" height=\"150\" src=\"https:\/\/www.radiopiu.net\/wordpress\/wp-content\/uploads\/2021\/08\/236954428_306584011156946_7451662621381946826_n-150x150.jpg\" class=\"attachment-thumbnail size-thumbnail\" alt=\"\" \/><\/a>\n\t\t\t\t<\/dt><\/dl><dl class='gallery-item'>\n\t\t\t\t<dt class='gallery-icon landscape'>\n\t\t\t\t\t<a class=\"rollover rollover-zoom dt-pswp-item\" title=\"234486530_347306577076357_4147107408096128468_n\" data-dt-img-description=\"\" data-large_image_width=\"254\" data-large_image_height=\"206\"href='https:\/\/www.radiopiu.net\/wordpress\/wp-content\/uploads\/2021\/08\/234486530_347306577076357_4147107408096128468_n.jpg'><img loading=\"lazy\" decoding=\"async\" width=\"150\" height=\"150\" src=\"https:\/\/www.radiopiu.net\/wordpress\/wp-content\/uploads\/2021\/08\/234486530_347306577076357_4147107408096128468_n-150x150.jpg\" class=\"attachment-thumbnail size-thumbnail\" alt=\"\" \/><\/a>\n\t\t\t\t<\/dt><\/dl><dl class='gallery-item'>\n\t\t\t\t<dt class='gallery-icon landscape'>\n\t\t\t\t\t<a class=\"rollover rollover-zoom dt-pswp-item\" title=\"239551138_4153607848010342_8905277490870345740_n\" data-dt-img-description=\"\" data-large_image_width=\"339\" data-large_image_height=\"206\"href='https:\/\/www.radiopiu.net\/wordpress\/wp-content\/uploads\/2021\/08\/239551138_4153607848010342_8905277490870345740_n.jpg'><img loading=\"lazy\" decoding=\"async\" width=\"150\" height=\"150\" src=\"https:\/\/www.radiopiu.net\/wordpress\/wp-content\/uploads\/2021\/08\/239551138_4153607848010342_8905277490870345740_n-150x150.jpg\" class=\"attachment-thumbnail size-thumbnail\" alt=\"\" \/><\/a>\n\t\t\t\t<\/dt><\/dl><dl class='gallery-item'>\n\t\t\t\t<dt class='gallery-icon landscape'>\n\t\t\t\t\t<a class=\"rollover rollover-zoom dt-pswp-item\" title=\"239453452_1689716151238367_3814612099798184910_n\" data-dt-img-description=\"\" data-large_image_width=\"249\" data-large_image_height=\"206\"href='https:\/\/www.radiopiu.net\/wordpress\/wp-content\/uploads\/2021\/08\/239453452_1689716151238367_3814612099798184910_n.jpg'><img loading=\"lazy\" decoding=\"async\" width=\"150\" height=\"150\" src=\"https:\/\/www.radiopiu.net\/wordpress\/wp-content\/uploads\/2021\/08\/239453452_1689716151238367_3814612099798184910_n-150x150.jpg\" class=\"attachment-thumbnail size-thumbnail\" alt=\"\" \/><\/a>\n\t\t\t\t<\/dt><\/dl><br style=\"clear: both\" \/><dl class='gallery-item'>\n\t\t\t\t<dt class='gallery-icon landscape'>\n\t\t\t\t\t<a class=\"rollover rollover-zoom dt-pswp-item\" title=\"236954433_361588665678090_1579752598700765989_n\" data-dt-img-description=\"\" data-large_image_width=\"403\" data-large_image_height=\"199\"href='https:\/\/www.radiopiu.net\/wordpress\/wp-content\/uploads\/2021\/08\/236954433_361588665678090_1579752598700765989_n.jpg'><img loading=\"lazy\" decoding=\"async\" width=\"150\" height=\"150\" src=\"https:\/\/www.radiopiu.net\/wordpress\/wp-content\/uploads\/2021\/08\/236954433_361588665678090_1579752598700765989_n-150x150.jpg\" class=\"attachment-thumbnail size-thumbnail\" alt=\"\" \/><\/a>\n\t\t\t\t<\/dt><\/dl><dl class='gallery-item'>\n\t\t\t\t<dt class='gallery-icon landscape'>\n\t\t\t\t\t<a class=\"rollover rollover-zoom dt-pswp-item\" title=\"236435703_144455471106361_4513904912350928343_n\" data-dt-img-description=\"\" data-large_image_width=\"319\" data-large_image_height=\"206\"href='https:\/\/www.radiopiu.net\/wordpress\/wp-content\/uploads\/2021\/08\/236435703_144455471106361_4513904912350928343_n.jpg'><img loading=\"lazy\" decoding=\"async\" width=\"150\" height=\"150\" src=\"https:\/\/www.radiopiu.net\/wordpress\/wp-content\/uploads\/2021\/08\/236435703_144455471106361_4513904912350928343_n-150x150.jpg\" class=\"attachment-thumbnail size-thumbnail\" alt=\"\" \/><\/a>\n\t\t\t\t<\/dt><\/dl><dl class='gallery-item'>\n\t\t\t\t<dt class='gallery-icon portrait'>\n\t\t\t\t\t<a class=\"rollover rollover-zoom dt-pswp-item\" title=\"239435722_112044144432856_4454119816145875429_n\" data-dt-img-description=\"\" data-large_image_width=\"151\" data-large_image_height=\"206\"href='https:\/\/www.radiopiu.net\/wordpress\/wp-content\/uploads\/2021\/08\/239435722_112044144432856_4454119816145875429_n.jpg'><img loading=\"lazy\" decoding=\"async\" width=\"150\" height=\"150\" src=\"https:\/\/www.radiopiu.net\/wordpress\/wp-content\/uploads\/2021\/08\/239435722_112044144432856_4454119816145875429_n-150x150.jpg\" class=\"attachment-thumbnail size-thumbnail\" alt=\"\" \/><\/a>\n\t\t\t\t<\/dt><\/dl><dl class='gallery-item'>\n\t\t\t\t<dt class='gallery-icon portrait'>\n\t\t\t\t\t<a class=\"rollover rollover-zoom dt-pswp-item\" title=\"237482741_1023107391768155_4348464994670892144_n\" data-dt-img-description=\"\" data-large_image_width=\"168\" data-large_image_height=\"207\"href='https:\/\/www.radiopiu.net\/wordpress\/wp-content\/uploads\/2021\/08\/237482741_1023107391768155_4348464994670892144_n.jpg'><img loading=\"lazy\" decoding=\"async\" width=\"150\" height=\"150\" src=\"https:\/\/www.radiopiu.net\/wordpress\/wp-content\/uploads\/2021\/08\/237482741_1023107391768155_4348464994670892144_n-150x150.jpg\" class=\"attachment-thumbnail size-thumbnail\" alt=\"\" \/><\/a>\n\t\t\t\t<\/dt><\/dl><dl class='gallery-item'>\n\t\t\t\t<dt class='gallery-icon portrait'>\n\t\t\t\t\t<a class=\"rollover rollover-zoom dt-pswp-item\" title=\"236608242_159543856221278_8358425850690736156_n\" data-dt-img-description=\"\" data-large_image_width=\"173\" data-large_image_height=\"202\"href='https:\/\/www.radiopiu.net\/wordpress\/wp-content\/uploads\/2021\/08\/236608242_159543856221278_8358425850690736156_n.jpg'><img loading=\"lazy\" decoding=\"async\" width=\"150\" height=\"150\" src=\"https:\/\/www.radiopiu.net\/wordpress\/wp-content\/uploads\/2021\/08\/236608242_159543856221278_8358425850690736156_n-150x150.jpg\" class=\"attachment-thumbnail size-thumbnail\" alt=\"\" \/><\/a>\n\t\t\t\t<\/dt><\/dl><dl class='gallery-item'>\n\t\t\t\t<dt class='gallery-icon landscape'>\n\t\t\t\t\t<a class=\"rollover rollover-zoom dt-pswp-item\" title=\"240387328_237851821581058_869213808202829568_n\" data-dt-img-description=\"\" data-large_image_width=\"320\" data-large_image_height=\"199\"href='https:\/\/www.radiopiu.net\/wordpress\/wp-content\/uploads\/2021\/08\/240387328_237851821581058_869213808202829568_n.jpg'><img loading=\"lazy\" decoding=\"async\" width=\"150\" height=\"150\" src=\"https:\/\/www.radiopiu.net\/wordpress\/wp-content\/uploads\/2021\/08\/240387328_237851821581058_869213808202829568_n-150x150.jpg\" class=\"attachment-thumbnail size-thumbnail\" alt=\"\" \/><\/a>\n\t\t\t\t<\/dt><\/dl><br style=\"clear: both\" \/><dl class='gallery-item'>\n\t\t\t\t<dt class='gallery-icon portrait'>\n\t\t\t\t\t<a class=\"rollover rollover-zoom dt-pswp-item\" title=\"240408557_379702287077510_7895691102243382707_n\" data-dt-img-description=\"\" data-large_image_width=\"180\" data-large_image_height=\"200\"href='https:\/\/www.radiopiu.net\/wordpress\/wp-content\/uploads\/2021\/08\/240408557_379702287077510_7895691102243382707_n.jpg'><img loading=\"lazy\" decoding=\"async\" width=\"150\" height=\"150\" src=\"https:\/\/www.radiopiu.net\/wordpress\/wp-content\/uploads\/2021\/08\/240408557_379702287077510_7895691102243382707_n-150x150.jpg\" class=\"attachment-thumbnail size-thumbnail\" alt=\"\" \/><\/a>\n\t\t\t\t<\/dt><\/dl><dl class='gallery-item'>\n\t\t\t\t<dt class='gallery-icon landscape'>\n\t\t\t\t\t<a class=\"rollover rollover-zoom dt-pswp-item\" title=\"236557727_1328076180940559_6658121671910463691_n\" data-dt-img-description=\"\" data-large_image_width=\"583\" data-large_image_height=\"206\"href='https:\/\/www.radiopiu.net\/wordpress\/wp-content\/uploads\/2021\/08\/236557727_1328076180940559_6658121671910463691_n.jpg'><img loading=\"lazy\" decoding=\"async\" width=\"150\" height=\"150\" src=\"https:\/\/www.radiopiu.net\/wordpress\/wp-content\/uploads\/2021\/08\/236557727_1328076180940559_6658121671910463691_n-150x150.jpg\" class=\"attachment-thumbnail size-thumbnail\" alt=\"\" \/><\/a>\n\t\t\t\t<\/dt><\/dl><dl class='gallery-item'>\n\t\t\t\t<dt class='gallery-icon landscape'>\n\t\t\t\t\t<a class=\"rollover rollover-zoom dt-pswp-item\" title=\"236634041_4170178679745687_3092554647966512984_n\" data-dt-img-description=\"\" data-large_image_width=\"347\" data-large_image_height=\"206\"href='https:\/\/www.radiopiu.net\/wordpress\/wp-content\/uploads\/2021\/08\/236634041_4170178679745687_3092554647966512984_n.jpg'><img loading=\"lazy\" decoding=\"async\" width=\"150\" height=\"150\" src=\"https:\/\/www.radiopiu.net\/wordpress\/wp-content\/uploads\/2021\/08\/236634041_4170178679745687_3092554647966512984_n-150x150.jpg\" class=\"attachment-thumbnail size-thumbnail\" alt=\"\" \/><\/a>\n\t\t\t\t<\/dt><\/dl><dl class='gallery-item'>\n\t\t\t\t<dt class='gallery-icon landscape'>\n\t\t\t\t\t<a class=\"rollover rollover-zoom dt-pswp-item\" title=\"236916056_211937274236188_7380199821860395907_n\" data-dt-img-description=\"\" data-large_image_width=\"215\" data-large_image_height=\"206\"href='https:\/\/www.radiopiu.net\/wordpress\/wp-content\/uploads\/2021\/08\/236916056_211937274236188_7380199821860395907_n.jpg'><img loading=\"lazy\" decoding=\"async\" width=\"150\" height=\"150\" src=\"https:\/\/www.radiopiu.net\/wordpress\/wp-content\/uploads\/2021\/08\/236916056_211937274236188_7380199821860395907_n-150x150.jpg\" class=\"attachment-thumbnail size-thumbnail\" alt=\"\" \/><\/a>\n\t\t\t\t<\/dt><\/dl><dl class='gallery-item'>\n\t\t\t\t<dt class='gallery-icon landscape'>\n\t\t\t\t\t<a class=\"rollover rollover-zoom dt-pswp-item\" title=\"236599599_137441368555769_3305400258610216965_n\" data-dt-img-description=\"\" data-large_image_width=\"221\" data-large_image_height=\"206\"href='https:\/\/www.radiopiu.net\/wordpress\/wp-content\/uploads\/2021\/08\/236599599_137441368555769_3305400258610216965_n.jpg'><img loading=\"lazy\" decoding=\"async\" width=\"150\" height=\"150\" src=\"https:\/\/www.radiopiu.net\/wordpress\/wp-content\/uploads\/2021\/08\/236599599_137441368555769_3305400258610216965_n-150x150.jpg\" class=\"attachment-thumbnail size-thumbnail\" alt=\"\" \/><\/a>\n\t\t\t\t<\/dt><\/dl>\n\t\t\t\t<br style='clear: both' \/>\n\t\t\t<\/div>\n\n<p>&nbsp;<\/p>\n<p>&nbsp;<\/p>\n<hr \/>\n<p>&nbsp;<\/p>\n<blockquote>\n<h3>IL BOSCO DEI RICORDI di John Francis Della Pietra<\/h3>\n<\/blockquote>\n<p><strong>AUDIO<\/strong><\/p>\n<audio class=\"wp-audio-shortcode\" id=\"audio-228953-7\" preload=\"none\" style=\"width: 100%;\" controls=\"controls\"><source type=\"audio\/mpeg\" src=\"https:\/\/www.radiopiu.net\/wordpress\/wp-content\/uploads\/2021\/08\/JOHN-FRANCIS-IL-BOSCO-DEI-RICORDI.mp3?_=7\" \/><a href=\"https:\/\/www.radiopiu.net\/wordpress\/wp-content\/uploads\/2021\/08\/JOHN-FRANCIS-IL-BOSCO-DEI-RICORDI.mp3\">https:\/\/www.radiopiu.net\/wordpress\/wp-content\/uploads\/2021\/08\/JOHN-FRANCIS-IL-BOSCO-DEI-RICORDI.mp3<\/a><\/audio>\n<p>&nbsp;<\/p>\n<p><a href=\"https:\/\/www.radiopiu.net\/wordpress\/giornale-radiopiu-23-agosto-2021-direttore-mirko-mezzacasa\/344a7981-b478-4944-bf0e-15f1c780ed5a\/\" rel=\"attachment wp-att-229023\"><img loading=\"lazy\" decoding=\"async\" class=\"size-medium wp-image-229023 alignright\" src=\"https:\/\/www.radiopiu.net\/wordpress\/wp-content\/uploads\/2021\/08\/344a7981-b478-4944-bf0e-15f1c780ed5a-300x169.jpg\" alt=\"\" width=\"300\" height=\"169\" srcset=\"https:\/\/www.radiopiu.net\/wordpress\/wp-content\/uploads\/2021\/08\/344a7981-b478-4944-bf0e-15f1c780ed5a-300x169.jpg 300w, https:\/\/www.radiopiu.net\/wordpress\/wp-content\/uploads\/2021\/08\/344a7981-b478-4944-bf0e-15f1c780ed5a-1024x576.jpg 1024w, https:\/\/www.radiopiu.net\/wordpress\/wp-content\/uploads\/2021\/08\/344a7981-b478-4944-bf0e-15f1c780ed5a-768x432.jpg 768w, https:\/\/www.radiopiu.net\/wordpress\/wp-content\/uploads\/2021\/08\/344a7981-b478-4944-bf0e-15f1c780ed5a-1536x864.jpg 1536w, https:\/\/www.radiopiu.net\/wordpress\/wp-content\/uploads\/2021\/08\/344a7981-b478-4944-bf0e-15f1c780ed5a.jpg 1599w\" sizes=\"auto, (max-width: 300px) 100vw, 300px\" \/><\/a>Nella frescura del mattino<br \/>\nL\u00e0 sulle cime di quei larici tanto amati<br \/>\nGi\u00e0 giunge il primo luminoso raggio di sole<br \/>\nChe t&#8217;invoglia ad inoltrarti in lui<br \/>\nTi pare di rivivere un sogno d un tempo che fu<br \/>\nGl occhi si fan pi\u00f9 attenti<br \/>\nPercepiscono i particolari di segni<br \/>\nChe solo il cuore riesce a trasformare<br \/>\nNei ricordi pi\u00f9 nitidi e dolci<br \/>\nD&#8217;un passato a tratti pi\u00f9 recente a tratti pi\u00f9 lontano<br \/>\nMa li a portata di mano ancora vivo<br \/>\nNel silenzio quasi ossequioso fra gl&#8217;alberi<br \/>\nAd una ad una le cose che osservi<br \/>\nTi raccontano la loro storia<br \/>\nL\u00e0 una traccia antica<br \/>\nTi rimembra il passaggio degl&#8217;avi<br \/>\nCon la slitta carica di sassi cotti nella calchera<br \/>\nNe vedi i muri diroccati e la profonda orma del masso erratico demolito a tal scopo<br \/>\n<a href=\"https:\/\/www.radiopiu.net\/wordpress\/giornale-radiopiu-23-agosto-2021-direttore-mirko-mezzacasa\/83483d37-056e-4bf5-8c6f-c8614cbaa095\/\" rel=\"attachment wp-att-229024\"><img loading=\"lazy\" decoding=\"async\" class=\"size-medium wp-image-229024 alignright\" src=\"https:\/\/www.radiopiu.net\/wordpress\/wp-content\/uploads\/2021\/08\/83483d37-056e-4bf5-8c6f-c8614cbaa095-300x169.jpg\" alt=\"\" width=\"300\" height=\"169\" srcset=\"https:\/\/www.radiopiu.net\/wordpress\/wp-content\/uploads\/2021\/08\/83483d37-056e-4bf5-8c6f-c8614cbaa095-300x169.jpg 300w, https:\/\/www.radiopiu.net\/wordpress\/wp-content\/uploads\/2021\/08\/83483d37-056e-4bf5-8c6f-c8614cbaa095-1024x576.jpg 1024w, https:\/\/www.radiopiu.net\/wordpress\/wp-content\/uploads\/2021\/08\/83483d37-056e-4bf5-8c6f-c8614cbaa095-768x432.jpg 768w, https:\/\/www.radiopiu.net\/wordpress\/wp-content\/uploads\/2021\/08\/83483d37-056e-4bf5-8c6f-c8614cbaa095-1536x864.jpg 1536w, https:\/\/www.radiopiu.net\/wordpress\/wp-content\/uploads\/2021\/08\/83483d37-056e-4bf5-8c6f-c8614cbaa095.jpg 1599w\" sizes=\"auto, (max-width: 300px) 100vw, 300px\" \/><\/a>Cos\u00ec pensi a quella vetusta casa costruita di pietra<br \/>\nDove sei appena passato davanti<br \/>\nE comprendi che la calce \u00e8 ancora l\u00ec a tenerla assieme<br \/>\nUn leggero gorgoglio nel rif t&#8217;incuriosisce fino a risalirlo<br \/>\nPi\u00f9 in s\u00f9 la sua voce si fa chiara e limpida<br \/>\nT&#8217;avvicini e spunta fra due massi una cascatella<br \/>\nAlzando lo sguardo intravedi le pareti verticali delle vette gemelle<br \/>\nIl flebile mormorio racconta dell&#8217;immenso ghiacciaio<br \/>\nChe ha formato le sue verticalit\u00e0 gli scoscesi pendii le valli e lei<br \/>\nUltimo lascito per noi<br \/>\nL&#8217;ascolto attentamente<br \/>\nUna delicata musica che fa vibrare l&#8217;animo<br \/>\nPoi pian piano riscendo e dall&#8217;alto guardo queste piante<br \/>\nMonumenti della foresta alla natura<br \/>\nLe loro chiome appena mosse dalla brezza mandano riflessi argentei<br \/>\nLa luce ed il tepore che illuminano e sciolgono<br \/>\nLa rugiada della notte<br \/>\nM&#8217;accolgono con i rami aperti come braccia amorevoli<br \/>\nMi sento nel calore della famiglia<br \/>\nLa loro<br \/>\nIl loro grazie \u00e8 silenzioso<br \/>\nCi metto un poco per comprenderlo<br \/>\nPoi capisco vedendo il loro portamento<br \/>\nFrutto della cura di tanti che nel tempo li hanno aiutato a crescere bene<br \/>\nLaggi\u00f9 nascoste tra i giovani abeti spuntano le vestigia d&#8217;un agricoltura e pastorizia montana scomparsa<br \/>\nRetaggi d&#8217;arrivi e partenze di teleferiche<br \/>\nChe dalle ripide pale sui monti portavano in transito il fieno<br \/>\nFatto lass\u00f9 con tanti sacrifici<br \/>\nMi sembra ancora di sentir risuonare le voci<br \/>\nD&#8217;imberbi ragazzini che col loro pesante carico di carrucole<br \/>\nRisalgono faticosamente ma con gioia l&#8217;et\u00e0 china<br \/>\nM&#8217;imbatto poi in un antico avvallamento nel terreno appena visibile<br \/>\nI pensieri corrono all&#8217;ieri<br \/>\nAspetto dalla memoria la risposta ne arriva pi\u00f9 d&#8217;una<br \/>\nSono incerto<br \/>\nSar\u00e0 quel piccolo canale scavato a cielo aperto che dalla sorgente alpina convogliava l&#8217;acqua al villaggio<br \/>\nO sar\u00e0 la traccia d&#8217;un vecchio menador dove venivano avvallati i tronchi fin gi\u00f9 alla sega<br \/>\n<a href=\"https:\/\/www.radiopiu.net\/wordpress\/giornale-radiopiu-23-agosto-2021-direttore-mirko-mezzacasa\/7dc47130-df53-4962-bee8-3a4e9f070eac\/\" rel=\"attachment wp-att-229025\"><img loading=\"lazy\" decoding=\"async\" class=\"size-medium wp-image-229025 alignright\" src=\"https:\/\/www.radiopiu.net\/wordpress\/wp-content\/uploads\/2021\/08\/7dc47130-df53-4962-bee8-3a4e9f070eac-300x169.jpg\" alt=\"\" width=\"300\" height=\"169\" srcset=\"https:\/\/www.radiopiu.net\/wordpress\/wp-content\/uploads\/2021\/08\/7dc47130-df53-4962-bee8-3a4e9f070eac-300x169.jpg 300w, https:\/\/www.radiopiu.net\/wordpress\/wp-content\/uploads\/2021\/08\/7dc47130-df53-4962-bee8-3a4e9f070eac-1024x576.jpg 1024w, https:\/\/www.radiopiu.net\/wordpress\/wp-content\/uploads\/2021\/08\/7dc47130-df53-4962-bee8-3a4e9f070eac-768x432.jpg 768w, https:\/\/www.radiopiu.net\/wordpress\/wp-content\/uploads\/2021\/08\/7dc47130-df53-4962-bee8-3a4e9f070eac-1536x864.jpg 1536w, https:\/\/www.radiopiu.net\/wordpress\/wp-content\/uploads\/2021\/08\/7dc47130-df53-4962-bee8-3a4e9f070eac.jpg 1599w\" sizes=\"auto, (max-width: 300px) 100vw, 300px\" \/><\/a>Guardo in s\u00f9 nell&#8217;azzurra finestra che s&#8217;apre fra il verde<br \/>\nE gl&#8217;avi sorridendo mi suggeriscono la giusta conferma<br \/>\nUn scoiattolo dal nero pelo lucido<br \/>\nFa capolino saltellando fra le fronde come un abile equilibrista<br \/>\nL&#8217;emozione \u00e8 al massimo<br \/>\nMentre rientro alle faccende d&#8217;ogni giorno<br \/>\nPercepisco che nella pace e tranquillit\u00e0 che mi circonda<br \/>\nPotr\u00f2 sempre trovare le corrette risposte ai quesiti della vita<br \/>\nQua<br \/>\nNel bosco dei ricordi<\/p>\n<p>&nbsp;<\/p>\n<p>&nbsp;<\/p>\n<hr \/>\n<p>&nbsp;<\/p>\n<blockquote>\n<h3>UN PO&#8217; PER GIOCO IL 29 AGOSTO A SANTA GIUSTINA<\/h3>\n<\/blockquote>\n<p><strong><a href=\"https:\/\/www.radiopiu.net\/wordpress\/un-po-per-gioco-il-29-agosto-a-santa-giustina\/231262211_103691038688651_1693337942980537310_n\/\" rel=\"attachment wp-att-228671\"><img loading=\"lazy\" decoding=\"async\" class=\"size-medium wp-image-228671 alignleft\" src=\"https:\/\/www.radiopiu.net\/wordpress\/wp-content\/uploads\/2021\/08\/231262211_103691038688651_1693337942980537310_n-300x210.jpg\" alt=\"\" width=\"300\" height=\"210\" srcset=\"https:\/\/www.radiopiu.net\/wordpress\/wp-content\/uploads\/2021\/08\/231262211_103691038688651_1693337942980537310_n-300x210.jpg 300w, https:\/\/www.radiopiu.net\/wordpress\/wp-content\/uploads\/2021\/08\/231262211_103691038688651_1693337942980537310_n-1024x717.jpg 1024w, https:\/\/www.radiopiu.net\/wordpress\/wp-content\/uploads\/2021\/08\/231262211_103691038688651_1693337942980537310_n-768x538.jpg 768w, https:\/\/www.radiopiu.net\/wordpress\/wp-content\/uploads\/2021\/08\/231262211_103691038688651_1693337942980537310_n.jpg 1440w\" sizes=\"auto, (max-width: 300px) 100vw, 300px\" \/><\/a> <\/strong><\/p>\n<p><strong>\u00a0<\/strong><\/p>\n<p><strong>\u00a0<\/strong><\/p>\n<p><strong>SANTA GIUSTINA<\/strong> Per gli appassionati di costruzioni Lego, l&#8217;appuntamento \u00e8 per domenica 29 agosto a Santa Giustina con &#8220;Un P\u00f2 Per Gioco&#8221;. Dalle 10 alle 20 alle scuole elementari con animazioni per bambini e food truck, spettacoli teatrali e area ristoro. Accesso libero e gratuito con green pass.<\/p>\n<p><strong>PER IL PROGRAMMA DELLA GIORNATA <a href=\"https:\/\/www.radiopiu.net\/wordpress\/wp-content\/uploads\/2021\/08\/234894332_110705927987162_1810376199028722105_n.jpg\">CLICCA QUI<\/a><\/strong><\/p>\n<p>&nbsp;<\/p>\n<p>&nbsp;<\/p>\n<p>&nbsp;<\/p>\n<hr \/>\n<p>&nbsp;<\/p>\n<blockquote>\n<h3>VENERDI&#8217; LA PRESENTAZIONE DEL LUNARIO DEL POI<\/h3>\n<\/blockquote>\n<p><strong>VOLTAGO<\/strong><\/p>\n<p>di Gianni Santomaso<\/p>\n<audio class=\"wp-audio-shortcode\" id=\"audio-228953-8\" preload=\"none\" style=\"width: 100%;\" controls=\"controls\"><source type=\"audio\/mpeg\" src=\"https:\/\/www.radiopiu.net\/wordpress\/wp-content\/uploads\/2021\/08\/GIANNI-LUNARIO-DEL-POI.mp3?_=8\" \/><a href=\"https:\/\/www.radiopiu.net\/wordpress\/wp-content\/uploads\/2021\/08\/GIANNI-LUNARIO-DEL-POI.mp3\">https:\/\/www.radiopiu.net\/wordpress\/wp-content\/uploads\/2021\/08\/GIANNI-LUNARIO-DEL-POI.mp3<\/a><\/audio>\n<p>&nbsp;<\/p>\n<hr \/>\n<p>&nbsp;<\/p>\n<blockquote>\n<h3>SUL BROI DI AGORDO IL CINEMA ALL&#8217;APERTO, OGGI &#8220;CENA CON DELITTO&#8221;<\/h3>\n<\/blockquote>\n<p><strong><a href=\"https:\/\/www.radiopiu.net\/wordpress\/giornale-radiopiu-10-agosto-2021-direttore-mirko-mezzacasa\/photo_2021-08-09_12-19-00\/\" rel=\"attachment wp-att-226842\"><img loading=\"lazy\" decoding=\"async\" class=\"size-medium wp-image-226842 alignleft\" src=\"https:\/\/www.radiopiu.net\/wordpress\/wp-content\/uploads\/2021\/08\/photo_2021-08-09_12-19-00-300x169.jpg\" alt=\"\" width=\"300\" height=\"169\" srcset=\"https:\/\/www.radiopiu.net\/wordpress\/wp-content\/uploads\/2021\/08\/photo_2021-08-09_12-19-00-300x169.jpg 300w, https:\/\/www.radiopiu.net\/wordpress\/wp-content\/uploads\/2021\/08\/photo_2021-08-09_12-19-00-1024x576.jpg 1024w, https:\/\/www.radiopiu.net\/wordpress\/wp-content\/uploads\/2021\/08\/photo_2021-08-09_12-19-00-768x432.jpg 768w, https:\/\/www.radiopiu.net\/wordpress\/wp-content\/uploads\/2021\/08\/photo_2021-08-09_12-19-00.jpg 1280w\" sizes=\"auto, (max-width: 300px) 100vw, 300px\" \/><\/a>AGORDO<\/strong> Ad Agosto, Agordo ospiter\u00e0 una rassegna cinematografica inedita nel giardino \u201cBroi\u201d, in pieno centro. Per sei serate sar\u00e0 possibile godersi grandi titoli cinematografici in una cornice unica al centro della conca agordina. L\u2019evento, organizzato dal Comune di Agordo, grazie al fondamentale contributo della casa di produzione \u201cFiFilm productions\u201d di Caterina Francavilla.\u00a0 Domani: Monuments Men, di George Clooney; Gioved\u00ec 26 Agosto: La famosa invasione degli Orsi in Sicilia, di Lorenzo Mattotti; Sabato 28 Agosto: Vita di Pi, di Ang Lee<\/p>\n<p>&nbsp;<\/p>\n<p><em><span style=\"font-family: Times New Roman, serif;\"><span style=\"font-size: medium;\">L\u2019assessorato al Turismo del Comune di Agordo organizza gioved\u00ec 26 agosto 2021 alle ore 17.30 presso la sala Don Ferdinando Tamis un\u2019incontro dal titolo \u201cDino Buzzati, le montagne e gli orsi\u201d dedicato al grande scrittore, giornalista ed artista del panorama culturale del Novecento.<\/span><\/span><\/em><\/p>\n<p>&nbsp;<\/p>\n<hr \/>\n<p>&nbsp;<\/p>\n<blockquote>\n<h3>I NOS CROT, LE ESCURSIONI DEL GAMP DOLOMITI<\/h3>\n<\/blockquote>\n<p><strong>\u00a0<\/strong><strong>AGORDO <\/strong>escursioni geoturistiche che anche quest&#8217;anno il GAMP DOLOMITI (Gruppo Agordino Mineralogico Paleontologico) vuole riproporre ISCRIZIONI APERTE all&#8217;Ufficio Turistico di Agordo o contattando il numero 3884955756 Queste le escursioni: Gioved\u00ec 26 agosto Frassen\u00e9-Rifugio Scarpa<\/p>\n<div class=\"mkdf-post-text\">\n<div class=\"mkdf-post-text-inner\">\n<div class=\"mkdf-post-text-main\">\n<p>&nbsp;<\/p>\n<p>&nbsp;<\/p>\n<hr \/>\n<p>&nbsp;<\/p>\n<blockquote>\n<h3>COMPLESSO D&#8217;ARCHI DEL FRIULI E VENETO A CANALE D&#8217;AGORDO<\/h3>\n<\/blockquote>\n<p><strong>CANALE D&#8217;AGORDO<\/strong> <span style=\"font-family: Arial, sans-serif;\"><span style=\"font-size: small;\">Dopo il grande successo registrato lo scorso anno, torna a <\/span><\/span><span style=\"font-family: Arial, sans-serif;\"><span style=\"font-size: small;\">Canale d&#8217;Agordo<\/span><\/span><span style=\"font-family: Arial, sans-serif;\"><span style=\"font-size: small;\"> per la <\/span><\/span><span style=\"font-family: Arial, sans-serif;\"><span style=\"font-size: small;\">43\u00aa edizione dell&#8217;<\/span><\/span><span style=\"font-family: Arial, sans-serif;\"><span style=\"font-size: small;\"><i>Appuntamento estivo con papa Luciani<\/i><\/span><\/span> <span style=\"font-family: Arial, sans-serif;\"><span style=\"font-size: small;\">il <\/span><\/span><span style=\"font-family: Arial, sans-serif;\"><span style=\"font-size: small;\">C<\/span><\/span><span style=\"color: #000000;\"><span style=\"font-family: Arial, sans-serif;\"><span style=\"font-size: small;\"><span lang=\"it-IT\">omplesso d\u2019Archi del Friuli e del Veneto di Guido Freschi<\/span><\/span><\/span><\/span><span style=\"color: #000000;\"><span style=\"font-family: Arial, sans-serif;\"><span style=\"font-size: small;\"><span lang=\"it-IT\">, con la partecipazione all&#8217;organo di <\/span><\/span><\/span><\/span><span style=\"color: #000000;\"><span style=\"font-family: Arial, sans-serif;\"><span style=\"font-size: small;\"><span lang=\"it-IT\">Silvia Tessari<\/span><\/span><\/span><\/span><span style=\"color: #000000;\"><span style=\"font-family: Arial, sans-serif;\"><span style=\"font-size: small;\"><span lang=\"it-IT\">. L&#8217;atteso appuntamento \u00e8 per <\/span><\/span><\/span><\/span><span style=\"color: #000000;\"><span style=\"font-family: Arial, sans-serif;\"><span style=\"font-size: small;\"><span lang=\"it-IT\">marted\u00ec 24 agosto <\/span><\/span><\/span><\/span><span style=\"color: #000000;\"><span style=\"font-family: Arial, sans-serif;\"><span style=\"font-size: small;\"><span lang=\"it-IT\">alle <\/span><\/span><\/span><\/span><span style=\"color: #000000;\"><span style=\"font-family: Arial, sans-serif;\"><span style=\"font-size: small;\"><span lang=\"it-IT\">ore 21.00 <\/span><\/span><\/span><\/span><span style=\"color: #000000;\"><span style=\"font-family: Arial, sans-serif;\"><span style=\"font-size: small;\"><span lang=\"it-IT\">presso la <\/span><\/span><\/span><\/span><span style=\"color: #000000;\"><span style=\"font-family: Arial, sans-serif;\"><span style=\"font-size: small;\"><span lang=\"it-IT\">chiesa arcipretale di Canale d&#8217;Agordo. Per poter assistere al concerto si raccomanda la prenotazione presso la segreteria del Museo (<span style=\"color: #000080;\"><span lang=\"zxx\"><u><a href=\"mailto:info@fondazionepapaluciani.com\" target=\"_blank\" rel=\"nofollow noopener\">info@fondazionepapaluciani.com<\/a><\/u><\/span><\/span>, oppure whatsapp 377.9665237, oppure telefonando al numero 0437.1948001).<\/span><\/span><\/span><\/span><\/p>\n<p>&nbsp;<\/p>\n<p>&nbsp;<\/p>\n<hr \/>\n<p>&nbsp;<\/p>\n<blockquote>\n<h3>PAROLE, MUSICA E SCULTURA: MARIO RIGONI STERN IN VETTA AL COL MARGHERITA<\/h3>\n<\/blockquote>\n<p><a href=\"https:\/\/www.radiopiu.net\/wordpress\/giornale-radiopiu-20-agosto-2021-direttore-mirko-mezzacasa\/il-sergente-nella-neve_murer_lr\/\" rel=\"attachment wp-att-228445\"><img loading=\"lazy\" decoding=\"async\" class=\" wp-image-228445 alignleft\" src=\"https:\/\/www.radiopiu.net\/wordpress\/wp-content\/uploads\/2021\/08\/Il-Sergente-nella-neve_MURER_lr-300x240.jpg\" alt=\"\" width=\"199\" height=\"159\" srcset=\"https:\/\/www.radiopiu.net\/wordpress\/wp-content\/uploads\/2021\/08\/Il-Sergente-nella-neve_MURER_lr-300x240.jpg 300w, https:\/\/www.radiopiu.net\/wordpress\/wp-content\/uploads\/2021\/08\/Il-Sergente-nella-neve_MURER_lr-1024x818.jpg 1024w, https:\/\/www.radiopiu.net\/wordpress\/wp-content\/uploads\/2021\/08\/Il-Sergente-nella-neve_MURER_lr-768x614.jpg 768w, https:\/\/www.radiopiu.net\/wordpress\/wp-content\/uploads\/2021\/08\/Il-Sergente-nella-neve_MURER_lr-1536x1228.jpg 1536w, https:\/\/www.radiopiu.net\/wordpress\/wp-content\/uploads\/2021\/08\/Il-Sergente-nella-neve_MURER_lr.jpg 1619w\" sizes=\"auto, (max-width: 199px) 100vw, 199px\" \/><\/a><strong>SAN PELLEGRINO<\/strong> Mercoled\u00ec 25 agosto, alle ore 11, sul Col Margherita va in scena &#8220;Ghe rivarem a baita?&#8221;, omaggio a Mario Rigoni Stern per ricordare il centenario della sua nascita.\u00a0 Alla lettura e commento dei brani dello scrittore a cura di Sara Luchetta, ricercatrice di Ca\u2019 Foscari, si accompagneranno le note del violinista agordino Ivan Zasso. Musica e parole consentiranno di esplorare le opere di colui che Primo Levi defin\u00ec &#8220;uno dei pi\u00f9 grandi scrittori italiani&#8221;.\u00a0 &#8220;Ghe rivarem a baita?&#8221; con le opere di Augusto Murer e i testi di Mario Rigoni Stern \u00e8 anche il nome dell\u2019esposizione en plein air visitabile sul Col Margherita fino al 12 settembre. La galleria, con ingresso gratuito accedendo al rifugio InAlto, comprende i ritratti dello scrittore dipinti su antiche porte in legno, opere di Franco Murer.<\/p>\n<p>&nbsp;<\/p>\n<hr \/>\n<p>&nbsp;<\/p>\n<blockquote>\n<h3>GLI EVENTI ESTIVI DI ARABBA FODOM TURISMO<\/h3>\n<\/blockquote>\n<a href=\"https:\/\/www.radiopiu.net\/wordpress\/wp-content\/uploads\/2021\/08\/Attivita\u0300-Eventi-Agosto-2.pdf\" class=\"pdfemb-viewer\" style=\"\" data-width=\"max\" data-height=\"max\" data-toolbar=\"top\" data-toolbar-fixed=\"on\">Attivita\u0300 &amp; Eventi Agosto 2<\/a>\n<p>&nbsp;<\/p>\n<hr \/>\n<p>&nbsp;<\/p>\n<h3 class=\"entry-title mkdf-post-title\">\u00a0Pink Size ai piedi delle Dolomiti<\/h3>\n<p><a href=\"https:\/\/www.radiopiu.net\/wordpress\/giornale-radiopiu-01-agosto-2021-direttore-mirko-mezzacasa\/11705683_10207451188865973_7894969160591772771_o-e1624806851469\/\" rel=\"attachment wp-att-225349\"><img loading=\"lazy\" decoding=\"async\" class=\"wp-image-225349 alignleft\" src=\"https:\/\/www.radiopiu.net\/wordpress\/wp-content\/uploads\/2021\/08\/11705683_10207451188865973_7894969160591772771_o-e1624806851469.jpg\" sizes=\"auto, (max-width: 256px) 100vw, 256px\" srcset=\"https:\/\/www.radiopiu.net\/wordpress\/wp-content\/uploads\/2021\/08\/11705683_10207451188865973_7894969160591772771_o-e1624806851469.jpg 1000w, https:\/\/www.radiopiu.net\/wordpress\/wp-content\/uploads\/2021\/08\/11705683_10207451188865973_7894969160591772771_o-e1624806851469-300x194.jpg 300w, https:\/\/www.radiopiu.net\/wordpress\/wp-content\/uploads\/2021\/08\/11705683_10207451188865973_7894969160591772771_o-e1624806851469-768x495.jpg 768w\" alt=\"\" width=\"256\" height=\"165\" \/><\/a><\/p>\n<div class=\"vc_row wpb_row vc_row-fluid vc_custom_1520853310750\">\n<div class=\"wpb_column vc_column_container vc_col-sm-12\">\n<div class=\"vc_column-inner\">\n<div class=\"wpb_wrapper\">\n<div class=\"wpb_text_column wpb_content_element \">\n<div class=\"wpb_wrapper\">\n<p><strong>Domenica alle ore 14<\/strong>\u00a0Canale d\u2019Agordo ospiter\u00e0 il 1\u00b0 concerto in Valle di Gar\u00e9s.\u00a0<strong>La location \u00e8 spettacolare e suggestiva<\/strong>, immersa nel verde, circondata delle Pale di San Martino e dalle cascate delle Comelle. In localit\u00e0 Pian de Giare, in fondo alla Valle di Gar\u00e8s, su di un grande prato, circondati dalle maestose Dolomiti, andr\u00e0 in scena uno spettacolo indimenticabile con l\u2019esibizione dei\u00a0<strong>Pink Size, Tribute band dei Pink Floyd. <\/strong>L\u2019accesso al concerto \u00e8 consentito <b>SOLAMENTE <\/b>a coloro che esibiscono il <b>GREEN PASS.\u00a0<\/b><\/p>\n<\/div>\n<\/div>\n<\/div>\n<\/div>\n<\/div>\n<\/div>\n<p>&nbsp;<\/p>\n<p>&nbsp;<\/p>\n<p>&nbsp;<\/p>\n<hr \/>\n<p>&nbsp;<\/p>\n<blockquote>\n<h3>CUGNISCION NOSTE VIJINANZE<\/h3>\n<\/blockquote>\n<p><strong>COLLE SANTA LUCIA<\/strong> Istitut Ladin Cesa De Jan assieme al comune di Livinallongo del Col Di Lana organizzano delle gite alla scoperta delle vicinie di Fodom. I prossimi appuntamenti: il 26 tocca a Larzonei, Corte e Contrin il 2 settembre e Pieve e Salesei il 9 settembre. Il costo delle visite \u00e8 di 15 euro per gli adulti e 7 per i bambini (pranzo non compreso). Si consiglia un abbigliamento da trekking. Info e prenotazioni al 3343346680<\/p>\n<p>&nbsp;<\/p>\n<p>&nbsp;<\/p>\n<hr \/>\n<p>&nbsp;<\/p>\n<blockquote>\n<h3>LA MOSTRA DI RENZO MIOLA A CANALE D\u2019AGORDO<\/h3>\n<\/blockquote>\n<p><strong>CANALE D\u2019AGORDO<\/strong>\u00a0 Fino\u00a0 al 31 agosto, presso la Casa delle Regole di Canale D\u2019Agordo, \u00e8 visitabile la mostra di pittura paesaggistica di Renzo Miola. La mostra seguira\u00e0 i seguenti orari: 10:30 \u2013 12:30, 16:30 \u2013 18:30 e 20 \u2013 22. L\u2019inaugurazione gioved\u00ec 12 agosto alle 17.<\/p>\n<p>&nbsp;<\/p>\n<p>&nbsp;<\/p>\n<hr \/>\n<p>&nbsp;<\/p>\n<blockquote>\n<h3>IL MUSEO ETNOGRAFICO DI TAIBON AGORDINO FINO AL 28 AGOSTO<\/h3>\n<\/blockquote>\n<p><strong>TAIBON<\/strong>\u00a0Sono aperte le porte del Museo Etnografico di Taibon Agordino \u201cCasa della Maria del Pacifico\u201d. Visitabile tutti i giorni dalle 10 alle 12 e dalle 16 alle 18 escluso il luned\u00ec mattina. Il Museo si trova vicino al municipio si Taibon in Via Pietro Nenni. Accesso con obbligo di mascherina e igienizzazione delle mani. Per informazioni 340 1495978<\/p>\n<p>&nbsp;<\/p>\n<p>&nbsp;<\/p>\n<hr \/>\n<p>&nbsp;<\/p>\n<blockquote>\n<h3>SABATO A FALCADE IL CONCERTO DI MARCO DAL FARRA<\/h3>\n<\/blockquote>\n<p><strong>FALCADE<\/strong> \u00c8 in programma per sabato prossimo sotto il tendone sulla Piana di Falcade il concerto di Marco Dal Farra. L&#8217;evento si svolger\u00e0 nel rispetto delle normative anti Covid-19 vigenti. Organizza la Pro Loco di Caviola. Per informazioni 0437 590116 o tramite mal a proloco.caviola@libero.it<\/p>\n<p>&nbsp;<\/p>\n<p>&nbsp;<\/p>\n<hr \/>\n<p>&nbsp;<\/p>\n<blockquote>\n<h3>ARMONIE 2021, IL 29 AGOSTO L&#8217;ULTIMO APPUNTAMENTO<\/h3>\n<\/blockquote>\n<p><strong>BELLUNO\u00a0<\/strong>Per la rassegna \u201cArmonie 2021\u201d il 29 agosto alle 16 l\u2019ultimo appuntamento con \u201cCanti e poesie di fine estate\u201d a Bolzano Bellunese. Concerti all\u2019aperto su prenotazione ed esibizione di green pass.<\/p>\n<p>&nbsp;<\/p>\n<p>&nbsp;<\/p>\n<hr \/>\n<p>&nbsp;<\/p>\n<blockquote>\n<h3>I 130 ANNI DEL CAI BELLUNO CON 3 APPUNTAMENTI DEL CORO<\/h3>\n<\/blockquote>\n<p><strong>BELLUNO<\/strong> Saranno 3 gli appuntamenti in programma nei prossimi giorni con il coro Cai di Belluno per celebrare i 130 anni dalla fondazione della sezione di Belluno. Il 29 agosto l&#8217;appuntamento \u00e8 al Rifugio Tissi con la Santa Messa cantata. Il 5 settembre il coro Cai sar\u00e0 al Rifugio Bianchet per una esibizione mentre l&#8217;11 settembre al Rifugio Settimo Alpini per la messa in ricordo dei caduti della montagna.<\/p>\n<p>&nbsp;<\/p>\n<hr \/>\n<p>&nbsp;<\/p>\n<blockquote>\n<h3>FESTA DEL PESCE A CUSIGHE IL 27, 28, 29 AGOSTO<\/h3>\n<\/blockquote>\n<p><strong>BELLUNO<\/strong> \u00a027, 28 e 29 agosto: Ritorna a Cusighe la tradizionale Festa del Pesce, organizzata dall\u2019Associazione Insieme si pu\u00f2. Come di consueto tutto il ricavato della manifestazione, giunta alla trentasettesima edizione, sar\u00e0 destinato ai progetti di solidariet\u00e0 promossi da Insieme si pu\u00f2. Ci sar\u00e0 la novit\u00e0 di un capannone pi\u00f9 grande al campo sportivo di Cusighe, dove accogliere al meglio le persone, e una collaborazione con il Gruppo Stand Up di Insieme si pu\u00f2. Il programma su \u00a0www.365giorni.org oppure seguire i canali social dell\u2019Associazione.<\/p>\n<p>&nbsp;<\/p>\n<p>&nbsp;<\/p>\n<hr \/>\n<p>&nbsp;<\/p>\n<blockquote>\n<h3>TRA FELTRO E FELTRE&#8230;LA COMMEDIA DI DANTE<\/h3>\n<\/blockquote>\n<p><strong>FELTRE<\/strong> Continuano gli appuntamento per celebrare i 700 anni dalla morte di Dante a Feltre. Tra Feltro e Feltre\u00a0 il nome degli appunatemnti feltrini dedicati al sommo poeta che far\u00e0 tappa ad Anz\u00f9 di Feltre al santuario dei santi Vittore e Corona il 29 agosto alle 18 per leggere il canto gregoriano della comed\u00eca. Organizzano Libro Parlato di Feltre e Il Fondaco Per Feltre. Per accedere obbligatorio il Green Pass.<\/p>\n<p>&nbsp;<\/p>\n<p>&nbsp;<\/p>\n<hr \/>\n<p>&nbsp;<\/p>\n<h2><span style=\"color: #ff6600;\">I PROFESSIONISTI DEL POLIAMBULATORIO AGORDINO RISPONDONO\u00a0<\/span><\/h2>\n<blockquote class=\"wp-embedded-content\" data-secret=\"9lyufHMJM3\"><p><a href=\"https:\/\/www.radiopiu.net\/wordpress\/i-professionisti-del-poliambulatorio-agordino-rispondono\/\">I PROFESSIONISTI DEL POLIAMBULATORIO AGORDINO RISPONDONO<\/a><\/p><\/blockquote>\n<p><iframe loading=\"lazy\" class=\"wp-embedded-content\" sandbox=\"allow-scripts\" security=\"restricted\" style=\"position: absolute; clip: rect(1px, 1px, 1px, 1px);\" title=\"&#8220;I PROFESSIONISTI DEL POLIAMBULATORIO AGORDINO RISPONDONO&#8221; &#8212; Radio Pi\u00f9\" src=\"https:\/\/www.radiopiu.net\/wordpress\/i-professionisti-del-poliambulatorio-agordino-rispondono\/embed\/#?secret=9lyufHMJM3\" data-secret=\"9lyufHMJM3\" width=\"600\" height=\"338\" frameborder=\"0\" marginwidth=\"0\" marginheight=\"0\" scrolling=\"no\"><\/iframe><\/p>\n<p>&nbsp;<\/p>\n<p>&nbsp;<\/p>\n<hr \/>\n<p>&nbsp;<\/p>\n<blockquote class=\"wp-embedded-content\" data-secret=\"qysSnDhQNf\"><p><a href=\"https:\/\/www.radiopiu.net\/wordpress\/i-misteri-di-alleghe-di-sergio-saviane-alla-radio-con-lattore-roberto-faoro-il-podcast\/\">&#8220;I MISTERI DI ALLEGHE DI SERGIO SAVIANE&#8221; ALLA RADIO CON L&#8217;ATTORE ROBERTO FAORO &#8211; IL PODCAST<\/a><\/p><\/blockquote>\n<p><iframe loading=\"lazy\" class=\"wp-embedded-content\" sandbox=\"allow-scripts\" security=\"restricted\" style=\"position: absolute; clip: rect(1px, 1px, 1px, 1px);\" title=\"&#8220;&#8220;I MISTERI DI ALLEGHE DI SERGIO SAVIANE&#8221; ALLA RADIO CON L&#8217;ATTORE ROBERTO FAORO &#8211; IL PODCAST&#8221; &#8212; Radio Pi\u00f9\" src=\"https:\/\/www.radiopiu.net\/wordpress\/i-misteri-di-alleghe-di-sergio-saviane-alla-radio-con-lattore-roberto-faoro-il-podcast\/embed\/#?secret=qysSnDhQNf\" data-secret=\"qysSnDhQNf\" width=\"600\" height=\"338\" frameborder=\"0\" marginwidth=\"0\" marginheight=\"0\" scrolling=\"no\"><\/iframe><\/p>\n<h2><\/h2>\n<p>&nbsp;<\/p>\n<blockquote class=\"wp-embedded-content\" data-secret=\"RvNoh8lnCx\"><p><a href=\"https:\/\/www.radiopiu.net\/wordpress\/plastic-free-per-un-mondo-senza-plastica\/\">PLASTIC FREE per un mondo senza plastica<\/a><\/p><\/blockquote>\n<p><iframe loading=\"lazy\" class=\"wp-embedded-content\" sandbox=\"allow-scripts\" security=\"restricted\" style=\"position: absolute; clip: rect(1px, 1px, 1px, 1px);\" title=\"&#8220;PLASTIC FREE per un mondo senza plastica&#8221; &#8212; Radio Pi\u00f9\" src=\"https:\/\/www.radiopiu.net\/wordpress\/plastic-free-per-un-mondo-senza-plastica\/embed\/#?secret=RvNoh8lnCx\" data-secret=\"RvNoh8lnCx\" width=\"600\" height=\"338\" frameborder=\"0\" marginwidth=\"0\" marginheight=\"0\" scrolling=\"no\"><\/iframe><\/p>\n<p>&nbsp;<\/p>\n<hr \/>\n<p>&nbsp;<\/p>\n<blockquote class=\"wp-embedded-content\" data-secret=\"q4AbSS5xxM\"><p><a href=\"https:\/\/www.radiopiu.net\/wordpress\/da-ieri-alla-radio-in-palinsesto-loris-e-maurizio-con-la-grande-musica\/\">IL BLUES ALLA RADIO &#8230; COME NON L&#8217;AVETE MAI SENTITO PRIMA<\/a><\/p><\/blockquote>\n<p><iframe loading=\"lazy\" class=\"wp-embedded-content\" sandbox=\"allow-scripts\" security=\"restricted\" style=\"position: absolute; clip: rect(1px, 1px, 1px, 1px);\" title=\"&#8220;IL BLUES ALLA RADIO &#8230; COME NON L&#8217;AVETE MAI SENTITO PRIMA&#8221; &#8212; Radio Pi\u00f9\" src=\"https:\/\/www.radiopiu.net\/wordpress\/da-ieri-alla-radio-in-palinsesto-loris-e-maurizio-con-la-grande-musica\/embed\/#?secret=q4AbSS5xxM\" data-secret=\"q4AbSS5xxM\" width=\"600\" height=\"338\" frameborder=\"0\" marginwidth=\"0\" marginheight=\"0\" scrolling=\"no\"><\/iframe><\/p>\n<p>&nbsp;<\/p>\n<div>\n<div class=\"mkdf-post-text\">\n<div class=\"mkdf-post-text-inner\">\n<div class=\"mkdf-post-text-main\">\n<div class=\"mkdf-post-text\">\n<div class=\"mkdf-post-text-inner\">\n<div class=\"mkdf-post-text-main\">\n<div class=\"mkdf-post-text\">\n<div class=\"mkdf-post-text-inner\">\n<div class=\"mkdf-post-text-main\">\n<div class=\"page-title-head hgroup\">\n<div class=\"page-title-head hgroup\">\n<div class=\"page-title-breadcrumbs\">\n<div class=\"mkdf-post-text\">\n<div class=\"mkdf-post-text-inner\">\n<div class=\"mkdf-post-text-main\">\n<div class=\"mkdf-post-text\">\n<div class=\"mkdf-post-text-inner\">\n<div class=\"mkdf-post-text-main\">\n<div class=\"page-title-head hgroup\">\n<div class=\"page-title-head hgroup\">\n<div class=\"mkdf-post-text\">\n<div class=\"mkdf-post-text-inner\">\n<div class=\"mkdf-post-text-main\">\n<div class=\"mkdf-post-text\">\n<div class=\"mkdf-post-text-inner\">\n<div class=\"mkdf-post-text-main\">\n<div class=\"page-title-head hgroup\">\n<div class=\"page-title-head hgroup\">\n<div class=\"page-title-head hgroup\">\n<div class=\"page-title-head hgroup\">\n<div class=\"b654a4as d2edcug0\">\n<div class=\"page-title-head hgroup\">\n<div class=\"page-title-head hgroup\">\n<div class=\"mkdf-post-text\">\n<div class=\"mkdf-post-text-inner\">\n<div class=\"mkdf-post-text-main\">\n<div class=\"mkdf-post-text\">\n<div class=\"mkdf-post-text-inner\">\n<div class=\"mkdf-post-text-main\">\n<div class=\"mkdf-post-text\">\n<div class=\"mkdf-post-text-inner\">\n<div class=\"mkdf-post-text-main\">\n<div class=\"page-title-head hgroup\">\n<div class=\"page-title-head hgroup\">\n<div class=\"mkdf-post-text\">\n<div class=\"mkdf-post-text-inner\">\n<div class=\"mkdf-post-text-main\">\n<div class=\"mkdf-post-text\">\n<div class=\"mkdf-post-text-inner\">\n<div class=\"mkdf-post-text-main\">\n<div class=\"page-title-head hgroup\">\n<div class=\"page-title-head hgroup\">\n<div class=\"page-title-head hgroup\">\n<div class=\"page-title-head hgroup\">\n<div class=\"b654a4as d2edcug0\">\n<div class=\"page-title-head hgroup\">\n<div class=\"page-title-head hgroup\">\n<div class=\"page-title-head hgroup\">\n<div class=\"page-title-head hgroup\">\n<div class=\"b654a4as d2edcug0\">\n<div>\n<div class=\"mkdf-post-text\">\n<div class=\"mkdf-post-text-inner\">\n<div class=\"mkdf-post-text-main\">\n<div class=\"mkdf-post-text\">\n<div class=\"mkdf-post-text-inner\">\n<div class=\"mkdf-post-text-main\">\n<div class=\"mkdf-post-text\">\n<div class=\"mkdf-post-text-inner\">\n<div class=\"mkdf-post-text-main\">\n<div class=\"page-title-head hgroup\">\n<div class=\"page-title-head hgroup\">\n<div class=\"page-title-breadcrumbs\">\n<div class=\"mkdf-post-text\">\n<div class=\"mkdf-post-text-inner\">\n<div class=\"mkdf-post-text-main\">\n<div class=\"mkdf-post-text\">\n<div class=\"mkdf-post-text-inner\">\n<div class=\"mkdf-post-text-main\">\n<div class=\"page-title-head hgroup\">\n<div class=\"page-title-head hgroup\">\n<div class=\"mkdf-post-text\">\n<div class=\"mkdf-post-text-inner\">\n<div class=\"mkdf-post-text-main\">\n<p>&nbsp;<\/p>\n<hr \/>\n<div class=\"mkdf-post-text\">\n<div class=\"mkdf-post-text-inner\">\n<div class=\"mkdf-post-text-main\">\n<div class=\"page-title-head hgroup\">\n<div class=\"page-title-head hgroup\">\n<div class=\"page-title-head hgroup\">\n<div class=\"page-title-head hgroup\">\n<div class=\"b654a4as d2edcug0\">\n<p>&nbsp;<\/p>\n<h2>LA RACCOLTA COMPLETA<\/h2>\n<blockquote class=\"wp-embedded-content\" data-secret=\"9IpWDk6bld\"><p><a href=\"https:\/\/www.radiopiu.net\/wordpress\/solidarieta-veneto\/\">Solidariet\u00e0 Veneto<\/a><\/p><\/blockquote>\n<p><iframe loading=\"lazy\" class=\"wp-embedded-content\" sandbox=\"allow-scripts\" security=\"restricted\" style=\"position: absolute; clip: rect(1px, 1px, 1px, 1px);\" title=\"&#8220;Solidariet\u00e0 Veneto&#8221; &#8212; Radio Pi\u00f9\" src=\"https:\/\/www.radiopiu.net\/wordpress\/solidarieta-veneto\/embed\/#?secret=9IpWDk6bld\" data-secret=\"9IpWDk6bld\" width=\"600\" height=\"338\" frameborder=\"0\" marginwidth=\"0\" marginheight=\"0\" scrolling=\"no\"><\/iframe><\/p>\n<blockquote>\n<h2><\/h2>\n<\/blockquote>\n<p>&nbsp;<\/p>\n<hr \/>\n<p>&nbsp;<\/p>\n<div>\n<div class=\"b654a4as d2edcug0\">\n<div class=\"rq0escxv hkbzh7o3 jwdofwj8 n8tt0mok r8blr3vg hyh9befq\">\n<p><a class=\"dt-pswp-item\" href=\"https:\/\/www.radiopiu.net\/wordpress\/wp-content\/uploads\/2020\/10\/pp.jpg\" data-dt-img-description=\"\" data-large_image_width=\"640\" data-large_image_height=\"640\"><img loading=\"lazy\" decoding=\"async\" class=\"wp-image-163678 alignleft\" src=\"https:\/\/www.radiopiu.net\/wordpress\/wp-content\/uploads\/2020\/10\/pp-300x300.jpg\" alt=\"\" width=\"106\" height=\"106\" srcset=\"https:\/\/www.radiopiu.net\/wordpress\/wp-content\/uploads\/2020\/10\/pp-300x300.jpg 300w, https:\/\/www.radiopiu.net\/wordpress\/wp-content\/uploads\/2020\/10\/pp-150x150.jpg 150w, https:\/\/www.radiopiu.net\/wordpress\/wp-content\/uploads\/2020\/10\/pp-125x125.jpg 125w, https:\/\/www.radiopiu.net\/wordpress\/wp-content\/uploads\/2020\/10\/pp-200x200.jpg 200w, https:\/\/www.radiopiu.net\/wordpress\/wp-content\/uploads\/2020\/10\/pp-80x80.jpg 80w, https:\/\/www.radiopiu.net\/wordpress\/wp-content\/uploads\/2020\/10\/pp-480x480.jpg 480w, https:\/\/www.radiopiu.net\/wordpress\/wp-content\/uploads\/2020\/10\/pp.jpg 640w\" sizes=\"auto, (max-width: 106px) 100vw, 106px\" \/><\/a><\/p>\n<\/div>\n<\/div>\n<\/div>\n<div>\n<div class=\"page-title-head hgroup\">\n<div class=\"page-title-head hgroup\">\n<div class=\"b654a4as d2edcug0\">\n<div class=\"j83agx80 btwxx1t3 lhclo0ds hop8lmos nkwizq5d scwd0bx6 roh60bw9\">\n<div class=\"rq0escxv hkbzh7o3 jwdofwj8 n8tt0mok r8blr3vg hyh9befq\">\n<div class=\"do00u71z l9j0dhe7 k4urcfbm\">\n<h2><span style=\"color: #000080;\">DON CESARE, IL PENSIERO DEL GIORNO. ALLA RADIO ALLE 7 DEL MATTINO E ALLE 19.30 DELLA SERA.\u00a0\u00a0<\/span><\/h2>\n<\/div>\n<\/div>\n<\/div>\n<div><\/div>\n<div><\/div>\n<div>\n<audio class=\"wp-audio-shortcode\" id=\"audio-228953-9\" preload=\"none\" style=\"width: 100%;\" controls=\"controls\"><source type=\"audio\/mpeg\" src=\"https:\/\/www.radiopiu.net\/wordpress\/wp-content\/uploads\/2021\/08\/cesare-15.mp3?_=9\" \/><a href=\"https:\/\/www.radiopiu.net\/wordpress\/wp-content\/uploads\/2021\/08\/cesare-15.mp3\">https:\/\/www.radiopiu.net\/wordpress\/wp-content\/uploads\/2021\/08\/cesare-15.mp3<\/a><\/audio>\n<\/div>\n<\/div>\n<\/div>\n<div class=\"page-title-head hgroup\">\n<p>&nbsp;<\/p>\n<hr \/>\n<p class=\"b654a4as d2edcug0\"><span style=\"color: #ff6600;\"> \u00a0<\/span><\/p>\n<blockquote class=\"wp-embedded-content\" data-secret=\"UiZsUtOH4C\"><p><a href=\"https:\/\/www.radiopiu.net\/wordpress\/girovagando-in-e-bike-tra-le-dolomiti\/\">GIROVAGANDO IN E BIKE TRA LE DOLOMITI<\/a><\/p><\/blockquote>\n<p><iframe loading=\"lazy\" class=\"wp-embedded-content\" sandbox=\"allow-scripts\" security=\"restricted\" style=\"position: absolute; clip: rect(1px, 1px, 1px, 1px);\" title=\"&#8220;GIROVAGANDO IN E BIKE TRA LE DOLOMITI&#8221; &#8212; Radio Pi\u00f9\" src=\"https:\/\/www.radiopiu.net\/wordpress\/girovagando-in-e-bike-tra-le-dolomiti\/embed\/#?secret=UiZsUtOH4C\" data-secret=\"UiZsUtOH4C\" width=\"600\" height=\"338\" frameborder=\"0\" marginwidth=\"0\" marginheight=\"0\" scrolling=\"no\"><\/iframe><\/p>\n<p>\u200b<\/p>\n<p>\u200b<\/p>\n<hr \/>\n<\/div>\n<\/div>\n<\/div>\n<\/div>\n<\/div>\n<\/div>\n<\/div>\n<\/div>\n<\/div>\n<\/div>\n<\/div>\n<\/div>\n<\/div>\n<\/div>\n<\/div>\n<\/div>\n<\/div>\n<\/div>\n<\/div>\n<\/div>\n<\/div>\n<\/div>\n<\/div>\n<div class=\"mkdf-post-text\">\n<div class=\"mkdf-post-text-inner\">\n<div class=\"mkdf-post-text-main\">\n<div class=\"mkdf-post-text\">\n<div class=\"mkdf-post-text-inner\">\n<div class=\"mkdf-post-text-main\">\n<div>\n<div class=\"page-title-head hgroup\">\n<div class=\"page-title-head hgroup\">\n<div class=\"page-title-head hgroup\">\n<div class=\"page-title-head hgroup\">\n<div class=\"b654a4as d2edcug0\">\n<div class=\"page-title-head hgroup\">\n<div class=\"page-title-head hgroup\">\n<p>&nbsp;<\/p>\n<\/div>\n<\/div>\n<\/div>\n<\/div>\n<\/div>\n<\/div>\n<\/div>\n<\/div>\n<\/div>\n<\/div>\n<\/div>\n<\/div>\n<\/div>\n<\/div>\n<\/div>\n<\/div>\n<\/div>\n<\/div>\n<\/div>\n<\/div>\n<\/div>\n<\/div>\n<\/div>\n<\/div>\n<\/div>\n<\/div>\n<blockquote>\n<h3><\/h3>\n<h3>COLLAGE&#8230; DI LORIS SCUSSEL dal lunedi al venerdi alle 16 e alle 23 su RADIO PIU<\/h3>\n<\/blockquote>\n<div>\n<p><img loading=\"lazy\" decoding=\"async\" class=\"alignleft\" src=\"https:\/\/www.radiopiu.net\/wordpress\/wp-content\/uploads\/2021\/05\/Schermata-2021-05-23-alle-11.50.11.png\" width=\"186\" height=\"131\" \/><\/p>\n<div>\n<p>Il programma \u00e8 andato in onda da dicembre 2013 fino a luglio 2019, comprese le repliche, in due serie per 350 puntate complessive con 1.890 brani trasmessi. L\u2019obiettivo del programma: riproporre agli ascoltatori pi\u00f9 grandicelli le canzoni che ascoltavano nel passato e nello stesso tempo farle conoscere anche ai pi\u00f9 giovani.<\/p>\n<\/div>\n<\/div>\n<div>\n<p><b>\u00a0\u00a0<\/b><\/p>\n<p>&nbsp;<\/p>\n<p>&nbsp;<\/p>\n<p>&nbsp;<\/p>\n<\/div>\n<\/div>\n<\/div>\n<\/div>\n<\/div>\n<\/div>\n<\/div>\n<\/div>\n<\/div>\n<\/div>\n<\/div>\n<\/div>\n<\/div>\n<\/div>\n<\/div>\n<\/div>\n<\/div>\n<\/div>\n<\/div>\n<\/div>\n<\/div>\n<\/div>\n<\/div>\n<\/div>\n<\/div>\n<\/div>\n<\/div>\n<\/div>\n<\/div>\n<\/div>\n<\/div>\n<\/div>\n<\/div>\n<\/div>\n<\/div>\n<\/div>\n<\/div>\n<\/div>\n<\/div>\n<\/div>\n<\/div>\n<\/div>\n<\/div>\n<\/div>\n<\/div>\n<\/div>\n<\/div>\n<\/div>\n<\/div>\n<\/div>\n<\/div>\n<\/div>\n<\/div>\n<\/div>\n<\/div>\n<\/div>\n<\/div>\n<\/div>\n<\/div>\n<\/div>\n<\/div>\n<\/div>\n<div>\n<hr \/>\n<p>&nbsp;<\/p>\n<div>\n<div class=\"b654a4as d2edcug0\">\n<div class=\"rq0escxv hkbzh7o3 jwdofwj8 n8tt0mok r8blr3vg hyh9befq\">\n<div class=\"b654a4as d2edcug0\">\n<div class=\"b654a4as d2edcug0\">\n<div>\n<div class=\"b654a4as d2edcug0\">\n<div class=\"rq0escxv hkbzh7o3 jwdofwj8 n8tt0mok r8blr3vg hyh9befq\">\n<div class=\"b654a4as d2edcug0\">\n<h2><\/h2>\n<div class=\"b654a4as d2edcug0\">\n<h2><span style=\"color: #008000;\">ERBE E PIANTE CURATIVE&#8230;IL\u00a0 PROGRAMMA DI PAOLA LANCIATO\u00a0\u00a0<\/span><\/h2>\n<blockquote class=\"wp-embedded-content\" data-secret=\"SvGWc24RLZ\"><p><a href=\"https:\/\/www.radiopiu.net\/wordpress\/erbavoglio\/\">L&#8217;ERBA VOGLIO DEL GIARDINO DEL RE&#8230; Erbe, fiori e Piante di e con Paola Lanciato<\/a><\/p><\/blockquote>\n<p><iframe loading=\"lazy\" class=\"wp-embedded-content\" sandbox=\"allow-scripts\" security=\"restricted\" style=\"position: absolute; clip: rect(1px, 1px, 1px, 1px);\" title=\"&#8220;L&#8217;ERBA VOGLIO DEL GIARDINO DEL RE&#8230; Erbe, fiori e Piante di e con Paola Lanciato&#8221; &#8212; Radio Pi\u00f9\" src=\"https:\/\/www.radiopiu.net\/wordpress\/erbavoglio\/embed\/#?secret=SvGWc24RLZ\" data-secret=\"SvGWc24RLZ\" width=\"600\" height=\"338\" frameborder=\"0\" marginwidth=\"0\" marginheight=\"0\" scrolling=\"no\"><\/iframe><\/p>\n<\/div>\n<p>&nbsp;<\/p>\n<\/div>\n<\/div>\n<\/div>\n<\/div>\n<p>&nbsp;<\/p>\n<\/div>\n<\/div>\n<\/div>\n<\/div>\n<\/div>\n<p>&nbsp;<\/p>\n<hr \/>\n<p>&nbsp;<\/p>\n<div>\n<h2><span style=\"color: #ff0000;\"><strong>IN VIVO VERSO 2020-21 ESTATE, RIASCOLTIAMOLI&#8230; DAL CASSETTO DEI RICORDI DI RADIO PIU&#8217;&#8230; LE PRIME\u00a0 SEI STAGIONI\u00a0 \u00a0<\/strong><\/span><\/h2>\n<div class=\"page-title-head hgroup\">\n<div class=\"page-title-head hgroup\">\n<div class=\"page-title-head hgroup\">\n<div class=\"page-title-head hgroup\">\n<div class=\"page-title-head hgroup\">\n<div class=\"page-title-head hgroup\">\n<blockquote><p><strong>LA RACCOLTA COMPLETA\u00a0<\/strong><\/p><\/blockquote>\n<blockquote class=\"wp-embedded-content\" data-secret=\"bQ6lumUmoL\"><p><a href=\"https:\/\/www.radiopiu.net\/wordpress\/in-vivo-verso\/\">In Vivo Verso<\/a><\/p><\/blockquote>\n<p><iframe loading=\"lazy\" class=\"wp-embedded-content\" sandbox=\"allow-scripts\" security=\"restricted\" style=\"position: absolute; clip: rect(1px, 1px, 1px, 1px);\" title=\"&#8220;In Vivo Verso&#8221; &#8212; Radio Pi\u00f9\" src=\"https:\/\/www.radiopiu.net\/wordpress\/in-vivo-verso\/embed\/#?secret=bQ6lumUmoL\" data-secret=\"bQ6lumUmoL\" width=\"600\" height=\"338\" frameborder=\"0\" marginwidth=\"0\" marginheight=\"0\" scrolling=\"no\"><\/iframe><\/p>\n<\/div>\n<\/div>\n<\/div>\n<\/div>\n<\/div>\n<\/div>\n<p>&nbsp;<\/p>\n<hr \/>\n<\/div>\n<blockquote>\n<blockquote>\n<h2><\/h2>\n<\/blockquote>\n<\/blockquote>\n<div>\n<div class=\"b654a4as d2edcug0\">\n<div class=\"rq0escxv hkbzh7o3 jwdofwj8 n8tt0mok r8blr3vg hyh9befq\">\n<blockquote>\n<h2><span style=\"color: #ff0000;\"><em>ZAINO ALLA RADIO&#8230;ESTATE DI PAOLA LANCIATO\u00a0<\/em><\/span><\/h2>\n<p><strong>LA RACCOLTA COMPLETA\u00a0<\/strong><\/p><\/blockquote>\n<blockquote class=\"wp-embedded-content\" data-secret=\"STM14stLRi\"><p><a href=\"https:\/\/www.radiopiu.net\/wordpress\/zaino-femminile-lanciato\/\">Zaino da viaggio al femminile<\/a><\/p><\/blockquote>\n<p><iframe loading=\"lazy\" class=\"wp-embedded-content\" sandbox=\"allow-scripts\" security=\"restricted\" style=\"position: absolute; clip: rect(1px, 1px, 1px, 1px);\" title=\"&#8220;Zaino da viaggio al femminile&#8221; &#8212; Radio Pi\u00f9\" src=\"https:\/\/www.radiopiu.net\/wordpress\/zaino-femminile-lanciato\/embed\/#?secret=STM14stLRi\" data-secret=\"STM14stLRi\" width=\"600\" height=\"338\" frameborder=\"0\" marginwidth=\"0\" marginheight=\"0\" scrolling=\"no\"><\/iframe><\/p>\n<p>&nbsp;<\/p>\n<\/div>\n<\/div>\n<\/div>\n<hr \/>\n<div><\/div>\n<div>\n<div class=\"page-title-head hgroup\">\n<div class=\"page-title-head hgroup\">\n<div class=\"page-title-head hgroup\">\n<div class=\"page-title-head hgroup\">\n<div class=\"page-title-head hgroup\">\n<div>\n<div class=\"b654a4as d2edcug0\">\u00a0 \u00a0 \u00a0<strong style=\"color: #800080;\">LA RASSEGNA STAMPA DA L&#8217;AMICO DEL POPOLO\u00a0<\/strong><\/div>\n<\/div>\n<\/div>\n<\/div>\n<\/div>\n<\/div>\n<\/div>\n<\/div>\n<div>\n<div class=\"page-title-head hgroup\">\n<div class=\"page-title-head hgroup\">\n<div class=\"page-title-head hgroup\">\n<div class=\"page-title-head hgroup\">\n<div class=\"b654a4as d2edcug0\">\n<div class=\"page-title-head hgroup\">\n<div class=\"page-title-head hgroup\">\n<div class=\"page-title-head hgroup\">\n<div class=\"page-title-head hgroup\">\n<div class=\"b654a4as d2edcug0\">\n<div>\n<h3 class=\"kvgmc6g5 cxmmr5t8 oygrvhab hcukyx3x c1et5uql\"><span style=\"color: #0000ff;\"> INFORMAZIONE il canale su TELEGRAM informazione di prima mano e in tempo reale. iscriviti ed aiutaci a farlo conoscere\u00a0\u00a0<\/span><\/h3>\n<h3 class=\"kvgmc6g5 cxmmr5t8 oygrvhab hcukyx3x c1et5uql\"><span style=\"color: #0000ff;\">\u00a0 \u00a0<\/span><\/h3>\n<blockquote class=\"wp-embedded-content\" data-secret=\"akPKT6KPWC\"><p><a href=\"https:\/\/www.radiopiu.net\/wordpress\/rassegna-stampa-di-gianni-santomaso\/\">Rassegna stampa da l&#8217;amico del popolo &#8211; di Gianni Santomaso<\/a><\/p><\/blockquote>\n<p><iframe loading=\"lazy\" class=\"wp-embedded-content\" sandbox=\"allow-scripts\" security=\"restricted\" style=\"position: absolute; clip: rect(1px, 1px, 1px, 1px);\" title=\"&#8220;Rassegna stampa da l&#8217;amico del popolo &#8211; di Gianni Santomaso&#8221; &#8212; Radio Pi\u00f9\" src=\"https:\/\/www.radiopiu.net\/wordpress\/rassegna-stampa-di-gianni-santomaso\/embed\/#?secret=akPKT6KPWC\" data-secret=\"akPKT6KPWC\" width=\"600\" height=\"338\" frameborder=\"0\" marginwidth=\"0\" marginheight=\"0\" scrolling=\"no\"><\/iframe><\/p>\n<p>&nbsp;<\/p>\n<hr \/>\n<p>&nbsp;<\/p>\n<p>&nbsp;<\/p>\n<\/div>\n<div dir=\"auto\">\n<blockquote class=\"wp-embedded-content\" data-secret=\"6YOZujAI7v\"><p><a href=\"https:\/\/www.radiopiu.net\/wordpress\/saluteesocieta\/\">Salute e Societ\u00e0<\/a><\/p><\/blockquote>\n<p><iframe loading=\"lazy\" class=\"wp-embedded-content\" sandbox=\"allow-scripts\" security=\"restricted\" style=\"position: absolute; clip: rect(1px, 1px, 1px, 1px);\" title=\"&#8220;Salute e Societ\u00e0&#8221; &#8212; Radio Pi\u00f9\" src=\"https:\/\/www.radiopiu.net\/wordpress\/saluteesocieta\/embed\/#?secret=6YOZujAI7v\" data-secret=\"6YOZujAI7v\" width=\"600\" height=\"338\" frameborder=\"0\" marginwidth=\"0\" marginheight=\"0\" scrolling=\"no\"><\/iframe><\/p>\n<\/div>\n<div dir=\"auto\">\n<h1><\/h1>\n<\/div>\n<div>\n<div class=\"page-title-head hgroup\">\n<div class=\"page-title-head hgroup\">\n<div class=\"page-title-head hgroup\">\n<div>\n<div class=\"b654a4as d2edcug0\">\n<div class=\"rq0escxv hkbzh7o3 jwdofwj8 n8tt0mok r8blr3vg hyh9befq\">\n<hr \/>\n<\/div>\n<\/div>\n<\/div>\n<div>\n<div class=\"page-title-head hgroup\">\n<div class=\"page-title-head hgroup\">\n<div class=\"b654a4as d2edcug0\">\n<p>&nbsp;<\/p>\n<blockquote>\n<h3><img loading=\"lazy\" decoding=\"async\" class=\"alignleft\" src=\"https:\/\/www.radiopiu.net\/wordpress\/wp-content\/uploads\/2021\/06\/fresh-flower-leaves-saffron-white-background-place-your-text-use-saffron-spice-cooking-cosmetology_347372-394.jpeg\" width=\"141\" height=\"94\" \/>L&#8217;ALMANACCO LADINO CON L&#8217;ISTITUT CESA DE JAN QUINDICINALE APPUNTAMENTO. LA DOMENICA ALLE 9 IL LUNEDI ALLE 8.35 IL MARTEDI ALLE 12.35 IL MERCOLEDI ALLE 18.35. SECONDA STAGIONE.<strong style=\"font-size: 14px;\">\u00a0<\/strong><\/h3>\n<\/blockquote>\n<p>&nbsp;<\/p>\n<p>PUNTATA DEL 16 AGOSTO<\/p>\n<audio class=\"wp-audio-shortcode\" id=\"audio-228953-10\" preload=\"none\" style=\"width: 100%;\" controls=\"controls\"><source type=\"audio\/mpeg\" src=\"https:\/\/www.radiopiu.net\/wordpress\/wp-content\/uploads\/2021\/08\/64\u00b0Almanach-Ladin-fodom.mp3?_=10\" \/><a href=\"https:\/\/www.radiopiu.net\/wordpress\/wp-content\/uploads\/2021\/08\/64\u00b0Almanach-Ladin-fodom.mp3\">https:\/\/www.radiopiu.net\/wordpress\/wp-content\/uploads\/2021\/08\/64\u00b0Almanach-Ladin-fodom.mp3<\/a><\/audio>\n<p><strong>\u00a0<\/strong><strong>\u00a0RACCOLTA COMPLETA\u00a0<\/strong><\/p>\n<blockquote class=\"wp-embedded-content\" data-secret=\"i9nu0iENU2\"><p><a href=\"https:\/\/www.radiopiu.net\/wordpress\/almanacco-ladino\/\">Almanacco Ladino<\/a><\/p><\/blockquote>\n<p><iframe loading=\"lazy\" class=\"wp-embedded-content\" sandbox=\"allow-scripts\" security=\"restricted\" style=\"position: absolute; clip: rect(1px, 1px, 1px, 1px);\" title=\"&#8220;Almanacco Ladino&#8221; &#8212; Radio Pi\u00f9\" src=\"https:\/\/www.radiopiu.net\/wordpress\/almanacco-ladino\/embed\/#?secret=i9nu0iENU2\" data-secret=\"i9nu0iENU2\" width=\"600\" height=\"338\" frameborder=\"0\" marginwidth=\"0\" marginheight=\"0\" scrolling=\"no\"><\/iframe><\/p>\n<\/div>\n<div>\n<p>&nbsp;<\/p>\n<hr \/>\n<h2><span style=\"color: #808000;\">DUE MINUTI UN LIBRO\u00a0 TUTTI I GIORNI ALLA RADIO ALLE 9.30 E ALLE 18. QUINTA STAGIONE\u00a0<\/span><\/h2>\n<p><strong>LA RACCOLTA COMPLETA\u00a0\u00a0<\/strong><\/p>\n<\/div>\n<div>\n<blockquote class=\"wp-embedded-content\" data-secret=\"cZLu3XZzWa\"><p><a href=\"https:\/\/www.radiopiu.net\/wordpress\/due-minuti-un-libro\/\">Due minuti un libro<\/a><\/p><\/blockquote>\n<p><iframe loading=\"lazy\" class=\"wp-embedded-content\" sandbox=\"allow-scripts\" security=\"restricted\" style=\"position: absolute; clip: rect(1px, 1px, 1px, 1px);\" title=\"&#8220;Due minuti un libro&#8221; &#8212; Radio Pi\u00f9\" src=\"https:\/\/www.radiopiu.net\/wordpress\/due-minuti-un-libro\/embed\/#?secret=cZLu3XZzWa\" data-secret=\"cZLu3XZzWa\" width=\"600\" height=\"338\" frameborder=\"0\" marginwidth=\"0\" marginheight=\"0\" scrolling=\"no\"><\/iframe><\/p>\n<p>&nbsp;<\/p>\n<hr \/>\n<p>\u200b<\/p>\n<div>\n<h2><span style=\"color: #33cccc;\">I RACCONTI DI PAOLO SOPPELSA il lunedi alle 9.30 e 18.30<\/span><\/h2>\n<p>&nbsp;<\/p>\n<blockquote class=\"wp-embedded-content\" data-secret=\"CbQdFAqnnn\"><p><a href=\"https:\/\/www.radiopiu.net\/wordpress\/i-racconti-di-paolo-soppelsa\/\">I racconti di Paolo Soppelsa<\/a><\/p><\/blockquote>\n<p><iframe loading=\"lazy\" class=\"wp-embedded-content\" sandbox=\"allow-scripts\" security=\"restricted\" style=\"position: absolute; clip: rect(1px, 1px, 1px, 1px);\" title=\"&#8220;I racconti di Paolo Soppelsa&#8221; &#8212; Radio Pi\u00f9\" src=\"https:\/\/www.radiopiu.net\/wordpress\/i-racconti-di-paolo-soppelsa\/embed\/#?secret=CbQdFAqnnn\" data-secret=\"CbQdFAqnnn\" width=\"600\" height=\"338\" frameborder=\"0\" marginwidth=\"0\" marginheight=\"0\" scrolling=\"no\"><\/iframe><\/p>\n<p>&nbsp;<\/p>\n<\/div>\n<\/div>\n<hr \/>\n<p>&nbsp;<\/p>\n<div class=\"mkdf-post-text\">\n<div class=\"mkdf-post-text-inner\">\n<div class=\"mkdf-post-text-main\">\n<div class=\"mkdf-post-text\">\n<div class=\"mkdf-post-text-inner\">\n<div class=\"mkdf-post-text-main\">\n<div class=\"mkdf-post-text\">\n<div class=\"mkdf-post-text-inner\">\n<div class=\"mkdf-post-text-main\">\n<div class=\"page-title-head hgroup\">\n<div class=\"page-title-head hgroup\">\n<div class=\"mkdf-post-text\">\n<div class=\"mkdf-post-text-inner\">\n<div class=\"mkdf-post-text-main\">\n<div class=\"mkdf-post-text\">\n<div class=\"mkdf-post-text-inner\">\n<div class=\"mkdf-post-text-main\">\n<div>\n<div class=\"page-title-head hgroup\">\n<div class=\"page-title-head hgroup\">\n<div class=\"page-title-head hgroup\">\n<div class=\"page-title-head hgroup\">\n<div class=\"b654a4as d2edcug0\">\n<div class=\"page-title-head hgroup\">\n<div class=\"page-title-head hgroup\">\n<div class=\"page-title-head hgroup\">\n<div class=\"page-title-head hgroup\">\n<div class=\"b654a4as d2edcug0\">\n<div>\n<div>\n<div>\n<div>\n<div class=\"page-title-head hgroup\">\n<div class=\"page-title-head hgroup\">\n<div class=\"page-title-head hgroup\">\n<div class=\"page-title-head hgroup\">\n<div class=\"b654a4as d2edcug0\">\n<div class=\"page-title-head hgroup\">\n<div class=\"page-title-head hgroup\">\n<div class=\"page-title-head hgroup\">\n<div class=\"page-title-head hgroup\">\n<div class=\"b654a4as d2edcug0\">\n<div>\n<div class=\"page-title-head hgroup\">\n<div class=\"page-title-head hgroup\">\n<div class=\"page-title-head hgroup\">\n<div>\n<div class=\"page-title-head hgroup\">\n<div class=\"page-title-head hgroup\">\n<div class=\"page-title-head hgroup\">\n<p>&nbsp;<\/p>\n<p><a href=\"https:\/\/www.radiopiu.net\/wordpress\/giornale-radiopiu-26-settembre-2018-direttore-mirko-mezzacasa\/viabilita-2\/\" rel=\"attachment wp-att-61954\"><img loading=\"lazy\" decoding=\"async\" class=\"wp-image-61954 size-full aligncenter\" src=\"https:\/\/www.radiopiu.net\/wordpress\/wp-content\/uploads\/2018\/09\/viabilita.jpeg\" alt=\"\" width=\"800\" height=\"100\" srcset=\"https:\/\/www.radiopiu.net\/wordpress\/wp-content\/uploads\/2018\/09\/viabilita.jpeg 800w, https:\/\/www.radiopiu.net\/wordpress\/wp-content\/uploads\/2018\/09\/viabilita-300x38.jpeg 300w, https:\/\/www.radiopiu.net\/wordpress\/wp-content\/uploads\/2018\/09\/viabilita-768x96.jpeg 768w\" sizes=\"auto, (max-width: 800px) 100vw, 800px\" \/><\/a><\/p>\n<blockquote><p><a href=\"https:\/\/www.radiopiu.net\/wordpress\/giornale-radiopiu-09-agosto-2018-direttore-mirko-mezzacasa\/viabilia\/\" rel=\"attachment wp-att-57053\"><img loading=\"lazy\" decoding=\"async\" class=\" wp-image-57053 alignleft\" src=\"https:\/\/www.radiopiu.net\/wordpress\/wp-content\/uploads\/2018\/08\/VIABILIA-300x180.jpeg\" alt=\"\" width=\"220\" height=\"132\" srcset=\"https:\/\/www.radiopiu.net\/wordpress\/wp-content\/uploads\/2018\/08\/VIABILIA-300x180.jpeg 300w, https:\/\/www.radiopiu.net\/wordpress\/wp-content\/uploads\/2018\/08\/VIABILIA-768x461.jpeg 768w, https:\/\/www.radiopiu.net\/wordpress\/wp-content\/uploads\/2018\/08\/VIABILIA-1024x614.jpeg 1024w, https:\/\/www.radiopiu.net\/wordpress\/wp-content\/uploads\/2018\/08\/VIABILIA.jpeg 1280w\" sizes=\"auto, (max-width: 220px) 100vw, 220px\" \/><\/a><\/p><\/blockquote>\n<\/div>\n<\/div>\n<\/div>\n<\/div>\n<\/div>\n<\/div>\n<\/div>\n<\/div>\n<div>\n<div>\n<div class=\"page-title-head hgroup\">\n<div class=\"page-title-head hgroup\">\n<div class=\"page-title-head hgroup\">\n<div class=\"page-title-head hgroup\">\n<div class=\"page-title-head hgroup\">\n<div class=\"page-title-head hgroup\">\n<blockquote><p>La viabilit\u00e0 con gli ultimi aggiornamenti<\/p><\/blockquote>\n<\/div>\n<\/div>\n<\/div>\n<\/div>\n<\/div>\n<\/div>\n<\/div>\n<div><\/div>\n<div><\/div>\n<div>\n<div><\/div>\n<\/div>\n<\/div>\n<\/div>\n<\/div>\n<\/div>\n<\/div>\n<\/div>\n<\/div>\n<\/div>\n<\/div>\n<\/div>\n<\/div>\n<\/div>\n<div>\n<div class=\"page-title-head hgroup\">\n<div class=\"page-title-head hgroup\">\n<div class=\"page-title-head hgroup\">\n<div class=\"page-title-head hgroup\">\n<div class=\"b654a4as d2edcug0\">\n<div>\n<div class=\"page-title-head hgroup\" style=\"text-align: left;\">\n<div class=\"page-title-head hgroup\"><\/div>\n<\/div>\n<\/div>\n<\/div>\n<\/div>\n<\/div>\n<\/div>\n<\/div>\n<\/div>\n<\/div>\n<\/div>\n<\/div>\n<div>\n<div>\n<div class=\"page-title-head hgroup\">\n<div class=\"page-title-head hgroup\">\n<div class=\"page-title-head hgroup\">\n<div class=\"page-title-head hgroup\">\n<div class=\"b654a4as d2edcug0\">\n<div class=\"page-title-head hgroup\">\n<div class=\"page-title-head hgroup\">\n<div class=\"page-title-head hgroup\">\n<div class=\"page-title-head hgroup\">\n<div class=\"b654a4as d2edcug0\">\n<div>\n<div class=\"page-title-head hgroup\">\n<div class=\"page-title-head hgroup\">\n<div class=\"page-title-head hgroup\">\n<div class=\"page-title-head hgroup\">\n<div class=\"page-title-head hgroup\">\n<div>\n<div>\n<audio class=\"wp-audio-shortcode\" id=\"audio-228953-11\" preload=\"none\" style=\"width: 100%;\" controls=\"controls\"><source type=\"audio\/mpeg\" src=\"https:\/\/www.radiopiu.net\/wordpress\/wp-content\/uploads\/2021\/08\/VIABILITA-3.mp3?_=11\" \/><a href=\"https:\/\/www.radiopiu.net\/wordpress\/wp-content\/uploads\/2021\/08\/VIABILITA-3.mp3\">https:\/\/www.radiopiu.net\/wordpress\/wp-content\/uploads\/2021\/08\/VIABILITA-3.mp3<\/a><\/audio>\n<\/div>\n<div><\/div>\n<div><\/div>\n<div><\/div>\n<\/div>\n<\/div>\n<\/div>\n<\/div>\n<\/div>\n<\/div>\n<\/div>\n<\/div>\n<\/div>\n<\/div>\n<\/div>\n<\/div>\n<\/div>\n<\/div>\n<\/div>\n<\/div>\n<\/div>\n<\/div>\n<div>\n<div>\n<div class=\"page-title-head hgroup\">\n<hr \/>\n<p>&nbsp;<\/p>\n<\/div>\n<\/div>\n<\/div>\n<\/div>\n<\/div>\n<\/div>\n<\/div>\n<\/div>\n<\/div>\n<\/div>\n<\/div>\n<\/div>\n<\/div>\n<\/div>\n<\/div>\n<div>\n<div class=\"page-title-head hgroup\">\n<div class=\"page-title-head hgroup\">\n<div>\n<div class=\"page-title-head hgroup\">\n<div class=\"page-title-head hgroup\">\n<div class=\"b654a4as d2edcug0\">\n<div>\n<div class=\"page-title-head hgroup\" style=\"text-align: left;\">\n<div class=\"page-title-head hgroup\">\n<div dir=\"auto\">\n<p><a class=\"dt-pswp-item pspw-wrap-ready\" href=\"https:\/\/i0.wp.com\/www.radiopiu.net\/wordpress\/wp-content\/uploads\/2018\/09\/WhatsApp-Image-2018-09-20-at-16.04.06.jpeg?ssl=1\" data-dt-img-description=\"\" data-large_image_width=\"800\" data-large_image_height=\"100\"><img loading=\"lazy\" decoding=\"async\" class=\"aligncenter wp-image-61378 size-full jetpack-lazy-image jetpack-lazy-image--handled\" src=\"https:\/\/i0.wp.com\/www.radiopiu.net\/wordpress\/wp-content\/uploads\/2018\/09\/WhatsApp-Image-2018-09-20-at-16.04.06.jpeg?resize=800%2C100&amp;ssl=1\" sizes=\"auto, (max-width: 800px) 100vw, 800px\" srcset=\"https:\/\/i0.wp.com\/www.radiopiu.net\/wordpress\/wp-content\/uploads\/2018\/09\/WhatsApp-Image-2018-09-20-at-16.04.06.jpeg?w=800&amp;ssl=1 800w, https:\/\/i0.wp.com\/www.radiopiu.net\/wordpress\/wp-content\/uploads\/2018\/09\/WhatsApp-Image-2018-09-20-at-16.04.06.jpeg?resize=300%2C38&amp;ssl=1 300w, https:\/\/i0.wp.com\/www.radiopiu.net\/wordpress\/wp-content\/uploads\/2018\/09\/WhatsApp-Image-2018-09-20-at-16.04.06.jpeg?resize=768%2C96&amp;ssl=1 768w\" alt=\"\" width=\"800\" height=\"100\" data-lazy-loaded=\"1\" \/><\/a><\/p>\n<\/div>\n<\/div>\n<\/div>\n<\/div>\n<\/div>\n<\/div>\n<\/div>\n<\/div>\n<\/div>\n<\/div>\n<\/div>\n<\/div>\n<\/div>\n<\/div>\n<\/div>\n<\/div>\n<\/div>\n<\/div>\n<\/div>\n<\/div>\n<\/div>\n<\/div>\n<\/div>\n<\/div>\n<\/div>\n<\/div>\n<\/div>\n<\/div>\n<p>&nbsp;<\/p>\n<div id=\"dolomitimeteo_div_testi\"><center><b>Lunedi 23<\/b><\/center><\/p>\n<p style=\"text-align: left;\"><b>Tempo atteso: <\/b>Nelle prime ore cielo ancora molto nuvoloso o coperto con fenomeni inizialmente ancora diffusi, poi via via sparsi e locali. Ampie schiarite nella notte, poco prima dell&#8217;alba, specie sulle Dolomiti con cielo che tender\u00e0 a divenire poco nuvoloso con ottima visibilit\u00e0 specie in quota, mentre in molte valli potrebbero stagnare temporaneamente delle nubi basse, in rapido dissolvimento poco dopo il sorgere del sole; sulle Prealpi la nuvolosit\u00e0 invece sar\u00e0 pi\u00f9 persistente dove nel corso della mattinata saranno possibili altri fenomeni. Nel corso del pomeriggio, possibili ulteriori precipitazioni su tutte le zone montane per attivit\u00e0 cumuliforme. Ampie schiarite in serata<br \/>\n<b>Precipitazioni: <\/b>Probabilit\u00e0 medio-alta (50-75%) nelle prime ore per fenomeni ancora diffusi a carattere di rovescio o di temporale. Sulle Dolomiti, poco prima dell&#8217;alba, attenuazione dei fenomeni fino al resto della mattinata, con ripresa di qualche rovescio o temporale durante il pomeriggio (25-50%). Sulle Prealpi la probabilit\u00e0 rimarr\u00e0 medio-bassa (25-50%) fino al tardo pomeriggio.<br \/>\n<b>Temperature: <\/b>In diminuzione, specie le massime con le minime raggiunte a fine giornata, su valori prossimi o di qualche grado inferiori alle medie del periodo. Su Prealpi a 1500 m min 11\u00b0C, max 14\u00b0C; a 2000 m min 7\u00b0C, max 12\u00b0C. Su Dolomiti a 2000 m min 6\u00b0C, max 12\u00b0C; a 3000 m min 0\u00b0C, max 5\u00b0C.<br \/>\n<b>Venti: <\/b>Nelle valli deboli o moderati a regime di brezza con qualche possibile rinforzo nelle prime ore durante i temporali; in quota in genere moderati dai quadranti settentrionali, a 15-25 km\/h sia a 2000 m che a 3000 m.<\/p>\n<hr \/>\n<p><center><b>Martedi 24<\/b><\/center><\/p>\n<p style=\"text-align: left;\"><b>Tempo atteso: <\/b>Tempo variabile; al mattino tempo in gran parte soleggiato con modesti annuvolamenti irregolari nel corso della mattinata in intensificazione nel pomeriggio con possibili fenomeni un po&#8217; pi\u00f9 probabili sulle Dolomiti rispetto alle Prealpi. Schiarite in serata.<br \/>\n<b>Precipitazioni: <\/b>Al mattino assenti (0%). Nel pomeriggio probabilit\u00e0 medio-bassa (25-50%) di fenomeni da locali a sparsi a carattere di piovasco o rovescio o temporale. Possibile qualche spruzzata di neve, laddove ci saranno delle precipitazioni, oltre i 2700-3000 m.<br \/>\n<b>Temperature: <\/b>In ulteriore lieve o contenuto calo su valori inferiori alle medie stagionali. Su Prealpi a 1500 m min 9\u00b0C, max 14\u00b0C; a 2000 m min 5\u00b0C, max 11\u00b0C. Su Dolomiti a 2000 m min 4\u00b0C, max 12\u00b0C; a 3000 m min -1\u00b0C, max 4\u00b0C.<br \/>\n<b>Venti: <\/b>Nelle valli deboli o moderati a regime di brezza, in quota in prevalenza moderati ancora dai quadranti settentrionali, a 10-15 km\/h a 2000 m, a 15-25 km\/h a 3000 m.<\/p>\n<hr \/>\n<p><center><b>Mercoledi 25<\/b><\/center><\/p>\n<p style=\"text-align: left;\">Giornata all&#8217;insegna della variabilit\u00e0, con cielo generalmente sereno o poco nuvoloso al mattino a irregolarmente nuvoloso nel corso della giornata, specie durante le ore pi\u00f9 calde, con possibili precipitazioni sparse anche a carattere di rovescio o di temporale. Qualche nevicata sar\u00e0 possibile oltre i 2700-3000 m. Attenuazione dei fenomeni con ampie schiarite verso sera. Minime in lieve o contenuto aumento, massime in ulteriore lieve calo. Venti in quota in prevalenza moderati settentrionali.<\/p>\n<hr \/>\n<p><center><b>Giovedi 26<\/b><\/center><\/p>\n<p style=\"text-align: left;\">Mattinata ben soleggiata a tutte le quota, con graduale aumento della nuvolosit\u00e0 nel corso della giornata, specie dalle ore centrali, con possibili fenomeni sparsi e intermittenti nel corso del pomeriggio e anche verso sera. Limite delle eventuali nevicate oltre i 2600-2900 m. Temperature minime in contenuta diminuzione, massime in temporaneo aumento, ma con clima ancora piuttosto fresco rispetto alla norma. Venti in quota moderati anche tesi da nord-ovest, tendenti a ruotare da ovest dalla sera. Previsore: M.Padoan<\/p>\n<\/div>\n<p>&nbsp;<\/p>\n<div class=\"mkdf-post-text\">\n<div class=\"mkdf-post-text-inner\">\n<hr \/>\n<p>&nbsp;<\/p>\n<p><img loading=\"lazy\" decoding=\"async\" class=\"wp-image-60761 size-full aligncenter\" src=\"https:\/\/www.radiopiu.net\/wordpress\/wp-content\/uploads\/2018\/09\/sport.jpg\" alt=\"\" width=\"800\" height=\"100\" srcset=\"https:\/\/www.radiopiu.net\/wordpress\/wp-content\/uploads\/2018\/09\/sport.jpg 800w, https:\/\/www.radiopiu.net\/wordpress\/wp-content\/uploads\/2018\/09\/sport-300x38.jpg 300w, https:\/\/www.radiopiu.net\/wordpress\/wp-content\/uploads\/2018\/09\/sport-768x96.jpg 768w\" sizes=\"auto, (max-width: 800px) 100vw, 800px\" \/><\/p>\n<p>&nbsp;<\/p>\n<h2><span style=\"color: #800000;\">BENVENUTA REYER VENEZIA&#8230;L&#8217;ABBRACCIO DI FALCADE<\/span><\/h2>\n<p><strong>LA DIRETTA DI RADIO PIU<\/strong><\/p>\n<p>https:\/\/www.facebook.com\/mirko.mezzacasa\/videos\/893074174899946<\/p>\n<p>&nbsp;<\/p>\n<p><strong>LE FOTO di Claudio Ghizzo<\/strong><\/p>\n\n\t\t\t<style type='text\/css'>\n\t\t\t\t#gallery-6 {\n\t\t\t\t\tmargin: auto;\n\t\t\t\t}\n\t\t\t\t#gallery-6 .gallery-item {\n\t\t\t\t\tfloat: left;\n\t\t\t\t\tmargin-top: 10px;\n\t\t\t\t\ttext-align: center;\n\t\t\t\t\twidth: 33%;\n\t\t\t\t}\n\t\t\t\t#gallery-6 img {\n\t\t\t\t\tborder: 2px solid #cfcfcf;\n\t\t\t\t}\n\t\t\t\t#gallery-6 .gallery-caption {\n\t\t\t\t\tmargin-left: 0;\n\t\t\t\t}\n\t\t\t\t\/* see gallery_shortcode() in wp-includes\/media.php *\/\n\t\t\t<\/style>\n\t\t<div id='gallery-6' class='dt-gallery-container gallery galleryid-228953 gallery-columns-3 gallery-size-medium'><dl class='gallery-item'>\n\t\t\t\t<dt class='gallery-icon landscape'>\n\t\t\t\t\t<a class=\"rollover rollover-zoom dt-pswp-item\" title=\"6ea76954-68f4-4cda-9065-8815c2a4be61\" data-dt-img-description=\"\" data-large_image_width=\"1024\" data-large_image_height=\"683\"href='https:\/\/www.radiopiu.net\/wordpress\/wp-content\/uploads\/2021\/08\/6ea76954-68f4-4cda-9065-8815c2a4be61.jpg'><img loading=\"lazy\" decoding=\"async\" width=\"300\" height=\"200\" src=\"https:\/\/www.radiopiu.net\/wordpress\/wp-content\/uploads\/2021\/08\/6ea76954-68f4-4cda-9065-8815c2a4be61-300x200.jpg\" class=\"attachment-medium size-medium\" alt=\"\" srcset=\"https:\/\/www.radiopiu.net\/wordpress\/wp-content\/uploads\/2021\/08\/6ea76954-68f4-4cda-9065-8815c2a4be61-300x200.jpg 300w, https:\/\/www.radiopiu.net\/wordpress\/wp-content\/uploads\/2021\/08\/6ea76954-68f4-4cda-9065-8815c2a4be61-768x512.jpg 768w, https:\/\/www.radiopiu.net\/wordpress\/wp-content\/uploads\/2021\/08\/6ea76954-68f4-4cda-9065-8815c2a4be61.jpg 1024w\" sizes=\"auto, (max-width: 300px) 100vw, 300px\" \/><\/a>\n\t\t\t\t<\/dt><\/dl><dl class='gallery-item'>\n\t\t\t\t<dt class='gallery-icon landscape'>\n\t\t\t\t\t<a class=\"rollover rollover-zoom dt-pswp-item\" title=\"1e24cef9-0b3f-4fe2-8f45-ed8db1148e45\" data-dt-img-description=\"\" data-large_image_width=\"1024\" data-large_image_height=\"683\"href='https:\/\/www.radiopiu.net\/wordpress\/wp-content\/uploads\/2021\/08\/1e24cef9-0b3f-4fe2-8f45-ed8db1148e45.jpg'><img loading=\"lazy\" decoding=\"async\" width=\"300\" height=\"200\" src=\"https:\/\/www.radiopiu.net\/wordpress\/wp-content\/uploads\/2021\/08\/1e24cef9-0b3f-4fe2-8f45-ed8db1148e45-300x200.jpg\" class=\"attachment-medium size-medium\" alt=\"\" srcset=\"https:\/\/www.radiopiu.net\/wordpress\/wp-content\/uploads\/2021\/08\/1e24cef9-0b3f-4fe2-8f45-ed8db1148e45-300x200.jpg 300w, https:\/\/www.radiopiu.net\/wordpress\/wp-content\/uploads\/2021\/08\/1e24cef9-0b3f-4fe2-8f45-ed8db1148e45-768x512.jpg 768w, https:\/\/www.radiopiu.net\/wordpress\/wp-content\/uploads\/2021\/08\/1e24cef9-0b3f-4fe2-8f45-ed8db1148e45.jpg 1024w\" sizes=\"auto, (max-width: 300px) 100vw, 300px\" \/><\/a>\n\t\t\t\t<\/dt><\/dl><dl class='gallery-item'>\n\t\t\t\t<dt class='gallery-icon landscape'>\n\t\t\t\t\t<a class=\"rollover rollover-zoom dt-pswp-item\" title=\"db9631a5-890d-453b-abfd-5eb493a79cd1\" data-dt-img-description=\"\" data-large_image_width=\"1024\" data-large_image_height=\"683\"href='https:\/\/www.radiopiu.net\/wordpress\/wp-content\/uploads\/2021\/08\/db9631a5-890d-453b-abfd-5eb493a79cd1.jpg'><img loading=\"lazy\" decoding=\"async\" width=\"300\" height=\"200\" src=\"https:\/\/www.radiopiu.net\/wordpress\/wp-content\/uploads\/2021\/08\/db9631a5-890d-453b-abfd-5eb493a79cd1-300x200.jpg\" class=\"attachment-medium size-medium\" alt=\"\" srcset=\"https:\/\/www.radiopiu.net\/wordpress\/wp-content\/uploads\/2021\/08\/db9631a5-890d-453b-abfd-5eb493a79cd1-300x200.jpg 300w, https:\/\/www.radiopiu.net\/wordpress\/wp-content\/uploads\/2021\/08\/db9631a5-890d-453b-abfd-5eb493a79cd1-768x512.jpg 768w, https:\/\/www.radiopiu.net\/wordpress\/wp-content\/uploads\/2021\/08\/db9631a5-890d-453b-abfd-5eb493a79cd1.jpg 1024w\" sizes=\"auto, (max-width: 300px) 100vw, 300px\" \/><\/a>\n\t\t\t\t<\/dt><\/dl><br style=\"clear: both\" \/><dl class='gallery-item'>\n\t\t\t\t<dt class='gallery-icon landscape'>\n\t\t\t\t\t<a class=\"rollover rollover-zoom dt-pswp-item\" title=\"cee06a5f-ecff-4e4d-8f22-93c3bbea3c1f\" data-dt-img-description=\"\" data-large_image_width=\"1024\" data-large_image_height=\"683\"href='https:\/\/www.radiopiu.net\/wordpress\/wp-content\/uploads\/2021\/08\/cee06a5f-ecff-4e4d-8f22-93c3bbea3c1f.jpg'><img loading=\"lazy\" decoding=\"async\" width=\"300\" height=\"200\" src=\"https:\/\/www.radiopiu.net\/wordpress\/wp-content\/uploads\/2021\/08\/cee06a5f-ecff-4e4d-8f22-93c3bbea3c1f-300x200.jpg\" class=\"attachment-medium size-medium\" alt=\"\" srcset=\"https:\/\/www.radiopiu.net\/wordpress\/wp-content\/uploads\/2021\/08\/cee06a5f-ecff-4e4d-8f22-93c3bbea3c1f-300x200.jpg 300w, https:\/\/www.radiopiu.net\/wordpress\/wp-content\/uploads\/2021\/08\/cee06a5f-ecff-4e4d-8f22-93c3bbea3c1f-768x512.jpg 768w, https:\/\/www.radiopiu.net\/wordpress\/wp-content\/uploads\/2021\/08\/cee06a5f-ecff-4e4d-8f22-93c3bbea3c1f.jpg 1024w\" sizes=\"auto, (max-width: 300px) 100vw, 300px\" \/><\/a>\n\t\t\t\t<\/dt><\/dl><dl class='gallery-item'>\n\t\t\t\t<dt class='gallery-icon landscape'>\n\t\t\t\t\t<a class=\"rollover rollover-zoom dt-pswp-item\" title=\"d5ef97fe-6c64-4691-89fc-270bddce289c\" data-dt-img-description=\"\" data-large_image_width=\"1024\" data-large_image_height=\"683\"href='https:\/\/www.radiopiu.net\/wordpress\/wp-content\/uploads\/2021\/08\/d5ef97fe-6c64-4691-89fc-270bddce289c.jpg'><img loading=\"lazy\" decoding=\"async\" width=\"300\" height=\"200\" src=\"https:\/\/www.radiopiu.net\/wordpress\/wp-content\/uploads\/2021\/08\/d5ef97fe-6c64-4691-89fc-270bddce289c-300x200.jpg\" class=\"attachment-medium size-medium\" alt=\"\" srcset=\"https:\/\/www.radiopiu.net\/wordpress\/wp-content\/uploads\/2021\/08\/d5ef97fe-6c64-4691-89fc-270bddce289c-300x200.jpg 300w, https:\/\/www.radiopiu.net\/wordpress\/wp-content\/uploads\/2021\/08\/d5ef97fe-6c64-4691-89fc-270bddce289c-768x512.jpg 768w, https:\/\/www.radiopiu.net\/wordpress\/wp-content\/uploads\/2021\/08\/d5ef97fe-6c64-4691-89fc-270bddce289c.jpg 1024w\" sizes=\"auto, (max-width: 300px) 100vw, 300px\" \/><\/a>\n\t\t\t\t<\/dt><\/dl><dl class='gallery-item'>\n\t\t\t\t<dt class='gallery-icon landscape'>\n\t\t\t\t\t<a class=\"rollover rollover-zoom dt-pswp-item\" title=\"330cd556-9de0-4101-822c-bcfe3a4e01d2\" data-dt-img-description=\"\" data-large_image_width=\"1024\" data-large_image_height=\"683\"href='https:\/\/www.radiopiu.net\/wordpress\/wp-content\/uploads\/2021\/08\/330cd556-9de0-4101-822c-bcfe3a4e01d2.jpg'><img loading=\"lazy\" decoding=\"async\" width=\"300\" height=\"200\" src=\"https:\/\/www.radiopiu.net\/wordpress\/wp-content\/uploads\/2021\/08\/330cd556-9de0-4101-822c-bcfe3a4e01d2-300x200.jpg\" class=\"attachment-medium size-medium\" alt=\"\" srcset=\"https:\/\/www.radiopiu.net\/wordpress\/wp-content\/uploads\/2021\/08\/330cd556-9de0-4101-822c-bcfe3a4e01d2-300x200.jpg 300w, https:\/\/www.radiopiu.net\/wordpress\/wp-content\/uploads\/2021\/08\/330cd556-9de0-4101-822c-bcfe3a4e01d2-768x512.jpg 768w, https:\/\/www.radiopiu.net\/wordpress\/wp-content\/uploads\/2021\/08\/330cd556-9de0-4101-822c-bcfe3a4e01d2.jpg 1024w\" sizes=\"auto, (max-width: 300px) 100vw, 300px\" \/><\/a>\n\t\t\t\t<\/dt><\/dl><br style=\"clear: both\" \/>\n\t\t\t<\/div>\n\n<p>&nbsp;<\/p>\n<hr \/>\n<p>&nbsp;<\/p>\n<blockquote>\n<h3 class=\"articlePlainTitle\"><a href=\"https:\/\/www.radiopiu.net\/wordpress\/vai-elisa\/elisa-bortoli-studentessa-atleta\/\" rel=\"attachment wp-att-59669\"><img loading=\"lazy\" decoding=\"async\" class=\"wp-image-59669 alignleft\" src=\"https:\/\/www.radiopiu.net\/wordpress\/wp-content\/uploads\/2018\/09\/Elisa-Bortoli-Studentessa-Atleta-300x199.jpg\" alt=\"\" width=\"170\" height=\"113\" srcset=\"https:\/\/www.radiopiu.net\/wordpress\/wp-content\/uploads\/2018\/09\/Elisa-Bortoli-Studentessa-Atleta-300x199.jpg 300w, https:\/\/www.radiopiu.net\/wordpress\/wp-content\/uploads\/2018\/09\/Elisa-Bortoli-Studentessa-Atleta.jpg 462w\" sizes=\"auto, (max-width: 170px) 100vw, 170px\" \/><\/a>ELISA D&#8217;ARGENTO A CLES<\/h3>\n<\/blockquote>\n<div class=\"addthis_sharing_toolbox\" data-url=\"https:\/\/sfoglio.corrierealpi.gelocal.it\/share_article.php?article_id=9055018\" data-title=\"Manuela Bulf vola sui cinquemilaSuo il miglior tempo al &quot;Dolomiting&quot;Elisa Bortoli \u00e8 d'argentonei 200...\"><\/div>\n<div class=\"articlePlainText\">Elisa Bortoli porta a casa il secondo posto.\u00a0 Elisa il 31 agosto \u00e8 al meeting di Rovereto per i 3mila; il 6 sul miglio a Milano. A met\u00e0 settembre la finale oro dei campionati italiani societ\u00e0.<\/div>\n<div class=\"articlePlainText\">Arrivo 2 mila Meeting Melinda: 1. Nadia Battocletti (Fiamme Azzurre) 5.37.60; 2. Elisa Bortoli (Esercito) 5.50.51; 3. Elisa Palmero (Esercito) 6.05.25; 4. Michela Moretton, 6.11.17; 5. Emily Vucemillo 6.42.99.<\/div>\n<p>&nbsp;<\/p>\n<hr \/>\n<blockquote>\n<h3><\/h3>\n<h3>UN ALTRO SUCCESSO PER MANUELA BULF AL DOLOMITING<\/h3>\n<p><a href=\"https:\/\/www.radiopiu.net\/wordpress\/giornale-radiopiu-17-febbraio-2020-direttore-mirko-mezzacasa\/mel_manuela-bulf_b\/\" rel=\"attachment wp-att-117880\"><img loading=\"lazy\" decoding=\"async\" class=\" wp-image-117880 alignleft\" src=\"https:\/\/www.radiopiu.net\/wordpress\/wp-content\/uploads\/2020\/02\/Mel_Manuela-Bulf_b-225x300.jpg\" alt=\"\" width=\"91\" height=\"121\" srcset=\"https:\/\/www.radiopiu.net\/wordpress\/wp-content\/uploads\/2020\/02\/Mel_Manuela-Bulf_b-225x300.jpg 225w, https:\/\/www.radiopiu.net\/wordpress\/wp-content\/uploads\/2020\/02\/Mel_Manuela-Bulf_b.jpg 768w\" sizes=\"auto, (max-width: 91px) 100vw, 91px\" \/><\/a><strong>CALALZO\u00a0\u00a0<\/strong> Tra gli Assoluti, Marco Bonan (Rovereto) e Nikol Marsura (Pieve di Soligo) hanno primeggiato sugli 800 metri, mentre Osvaldo Zanella (Brugnera) e Manuela Bulf (Agordina) si sono imposti nei 5 km. Tra i Ragazzi, si sono affermati Davide Maccagnan (La Piave) e Arianna Dei Negri (Conegliano). Tra i Cadetti, invece, hanno festeggiato dal gradino pi\u00f9 alto del podio Cristiano Zanin e Soraya Pison (entrambi del Quantin).La giornata \u00e8 stata organizzata dal gruppo Marciatori Calalzo<\/p><\/blockquote>\n<p>Classifiche. Maschili. 800 assoluti: 1. Marco Bonan (Quercia Rovereto) 1.57.6, 2. Filippo Polesana (Ana Feltre) 1.58.4, 3. Matteo Rossa (Ana Feltre) 1.58.9. 5000 assoluti: 1. Osvaldo Zanella (Brugnera) 14.42.6, 2. Omar Zampis (Assindustria Padova) 14.52.2, 3. Peter Lanziner (Sudtirol) 15.04.3. 600 cadetti: 1. Cristiano Zanin (Quantin Alpenplus) 1.35.0, 2. Ivan Somacal (La Piave 2000) 1.37.9, 3. Massimo De Marco (Bellunoatletica) 1.38.2. 600 ragazzi: 1. Davide Maccagnan (La Piave 2000) 1.40.7, 2. Tommaso Gerardini (Quantin Alpenplus) 1.52.9, 3. Giacomo Votta (Quantin Alpenplus) 1.53.5. Femminili. 800 assolute: 1. Nikol Marsura (Pieve di Soligo) 2.13.3, 2. Arianna D&#8217;Alberto (Ana Feltre) 2.14.9, 3. Laura Mazzoleni Ferracini (Dolomiti Belluno) 2.20.0. 5000 assolute: 1. Manuela Bulf (Atletica agordina) 17.58.2, 2. Martina Festini Purlan (Brugnera) 18.10.0, 3. Marina Giotto (La Piave 2000) 18.36.8. 600 cadette: 1. Soraya Pison (Quantin Alpenplus) 1.44.1, 2. Mirta Gerardini (Quantin Alpenplus) 1.47.2, 3. Irene Zampieri (Bellunoatletica) 1.51.4. 600 ragazze: 1. Arianna Dei Negri (Silca Conegliano) 1.45.1, 2. Martina Giavi (Atleticadore) 1.52.4, 3. Alice De Pasqual (Quantin Alpenplus) 2.02.7. &#8211;N.P.\u00a9 RIPRODUZIONE RISERVATA<\/p>\n<p>&nbsp;<\/p>\n<hr \/>\n<p>&nbsp;<\/p>\n<blockquote>\n<h3><a href=\"https:\/\/www.radiopiu.net\/wordpress\/giornale-radiopiu-19-agosto-2021-direttore-mirko-mezzacasa\/9d2548ac-b7ff-4ee0-9c6f-a31b5909d74e\/\" rel=\"attachment wp-att-228385\"><img loading=\"lazy\" decoding=\"async\" class=\"wp-image-228385 alignleft\" src=\"https:\/\/www.radiopiu.net\/wordpress\/wp-content\/uploads\/2021\/08\/9d2548ac-b7ff-4ee0-9c6f-a31b5909d74e-181x300.jpg\" alt=\"\" width=\"117\" height=\"194\" srcset=\"https:\/\/www.radiopiu.net\/wordpress\/wp-content\/uploads\/2021\/08\/9d2548ac-b7ff-4ee0-9c6f-a31b5909d74e-181x300.jpg 181w, https:\/\/www.radiopiu.net\/wordpress\/wp-content\/uploads\/2021\/08\/9d2548ac-b7ff-4ee0-9c6f-a31b5909d74e-618x1024.jpg 618w, https:\/\/www.radiopiu.net\/wordpress\/wp-content\/uploads\/2021\/08\/9d2548ac-b7ff-4ee0-9c6f-a31b5909d74e-768x1273.jpg 768w, https:\/\/www.radiopiu.net\/wordpress\/wp-content\/uploads\/2021\/08\/9d2548ac-b7ff-4ee0-9c6f-a31b5909d74e-926x1536.jpg 926w, https:\/\/www.radiopiu.net\/wordpress\/wp-content\/uploads\/2021\/08\/9d2548ac-b7ff-4ee0-9c6f-a31b5909d74e.jpg 965w\" sizes=\"auto, (max-width: 117px) 100vw, 117px\" \/><\/a>DUGONE, A CENCENIGHE UN SUCCESSO DI PARTECIPAZIONE E DIVERTIMENTO<\/h3>\n<p><strong>CENCENIGHE<\/strong> \u00a0torneo di green volley\u00a0 al campo sportivo La Bombonera. Alberto Buzzatti, Daniele Dalla Vedova ed Eros De Barba si sono aggiudicati la finale del torneo senior battendo i Sempreverdi Evergreen per 21-15.\u00a0 Nel Juniores vince la squadra\u00a0 con Giorgio Basso, Teresa Tura e Simone Pelizari. La manifestazione \u00e8 stata organizzata grazie alla collaborazione e al supporto della Pro loco e del Comune di Cencenighe Agordino, assieme ai ragazzi del calcio Cence e alle atlete del Volley club Agordino Alessia Minotto e Siria Costa. Al torneo hanno preso parte una trentina di formazioni<\/p><\/blockquote>\n<p>&nbsp;<\/p>\n<p>&nbsp;<\/p>\n<hr \/>\n<blockquote>\n<h3>\u00a0NAZIONALE DI HOCKEY SU GHIACCIO. I CONVOCATI PER IL TORNEO PRE OLIMPICO DI RIGA<\/h3>\n<\/blockquote>\n<p><strong><a href=\"https:\/\/www.radiopiu.net\/wordpress\/giornale-radiopiu-22-agosto-2021-direttore-mirko-mezzacasa\/742b5aba-6cdf-e8f7-ed22-0bdf87b372c1\/\" rel=\"attachment wp-att-228854\"><img loading=\"lazy\" decoding=\"async\" class=\"size-medium wp-image-228854 alignleft\" src=\"https:\/\/www.radiopiu.net\/wordpress\/wp-content\/uploads\/2021\/08\/742b5aba-6cdf-e8f7-ed22-0bdf87b372c1-300x203.jpg\" alt=\"\" width=\"300\" height=\"203\" srcset=\"https:\/\/www.radiopiu.net\/wordpress\/wp-content\/uploads\/2021\/08\/742b5aba-6cdf-e8f7-ed22-0bdf87b372c1-300x203.jpg 300w, https:\/\/www.radiopiu.net\/wordpress\/wp-content\/uploads\/2021\/08\/742b5aba-6cdf-e8f7-ed22-0bdf87b372c1-1024x693.jpg 1024w, https:\/\/www.radiopiu.net\/wordpress\/wp-content\/uploads\/2021\/08\/742b5aba-6cdf-e8f7-ed22-0bdf87b372c1-768x520.jpg 768w, https:\/\/www.radiopiu.net\/wordpress\/wp-content\/uploads\/2021\/08\/742b5aba-6cdf-e8f7-ed22-0bdf87b372c1-1536x1040.jpg 1536w, https:\/\/www.radiopiu.net\/wordpress\/wp-content\/uploads\/2021\/08\/742b5aba-6cdf-e8f7-ed22-0bdf87b372c1.jpg 1982w\" sizes=\"auto, (max-width: 300px) 100vw, 300px\" \/><\/a>EGNA <\/strong>L\u2019operazione Riga \u00e8 iniziata. La nazionale italiana di hockey su ghiaccio \u00e8 partita con direzione Vienna, dove ieri ha giocato l\u2019ultimo test amichevole contro l\u2019Austria prima del torneo di qualificazione olimpica in programma dal 26 al 29 agosto nella capitale lettone. Gli azzurri affronteranno nell\u2019ordine i padroni di casa della Lettonia (26 agosto, ore 19.30), la Francia (27 agosto, ore 16) e l\u2019Ungheria (29 agosto, ore 13). Solamente la prima classificata del torneo strapper\u00e0 il biglietto per le Olimpiadi invernali di Pechino 2022. Rispetto alla selezione presente alla Dolomiten Cup di Egna, chiusa nei giorni scorsi al quarto posto dopo le sconfitte con Augsburg e Berlino, il roster a disposizione di coach Greg Ireland \u00e8 decisamente diverso e pu\u00f2 contare su maggiore profondit\u00e0 e qualit\u00e0. Come noto agli appassionati, infatti, i club sono obbligati a cedere alle squadre nazionali i propri giocatori solamente 7 giorni prima degli appuntamenti ufficiali, motivo per cui non tutti gli azzurri avevano potuto partecipare al lungo raduno svoltosi nelle scorse settimane in Alto Adige. Da registrare nelle ultime ore i forfait definitivi per infortunio di due elementi importanti per il roster azzurro come Anthony Bardaro e Marco Insam, entrambi alle prese con problemi di natura fisica. Di seguito l\u2019elenco dei 25 giocatori convocati: 3 portieri, 8 difensori e 14 attaccanti. <strong>Portieri<\/strong>: Andreas Bernard (Villach \u2013 AUT), Justin Fazio (Bolzano), Jake Smith (Ritten Sport). <strong>Difensori<\/strong>: Lorenzo Casetti (Asiago), Gregorio Gios, Daniel Glira (Val Pusteria), Thomas Larkin (Mannheim \u2013 GER), Stefano Marchetti (Asiago), Enrico Miglioranzi (Asiago), Peter Spornberger (Schwenninger \u2013 GER), Alex Trivellato (Bolzano). <strong>Attaccanti<\/strong>: Raphael Andergassen (Val Pusteria), Domenic Alberga (Bolzano), Ivan Deluca (Val Pusteria), Daniel Frank (Bolzano), Luca Frigo (Bolzano), Stefano Giliati, Peter Hochkofler (Salzburg \u2013 AUT), Diego Kostner (Ambr\u00ec Piotta \u2013 SUI), Simon Kostner (Ritten Sport), Marco Magnabosco (Asiago), Angelo Miceli (Bolzano), Giovanni Morini (Lugano \u2013 SUI), Alex Petan (Fehervar \u2013 HUN), Tommaso Traversa (Val Pusteria). Coaching staff: Greg Ireland (head coach), Giorgio De Bettin (assistant coach), Brad Shaw (assistant coach), Diego Scandella (video coach)<\/p>\n<p>&nbsp;<\/p>\n<hr \/>\n<p>&nbsp;<\/p>\n<p>&nbsp;<\/p>\n<table width=\"100%\">\n<tbody>\n<tr>\n<td>\n<table width=\"100%\">\n<tbody>\n<tr>\n<td>\n<table width=\"100%\">\n<tbody>\n<tr>\n<td>\n<h2>HOCKEY<\/h2>\n<h1>Nazionale, l\u2019Italia si inchina al power-play austriaco e incassa un poker<\/h1>\n<\/td>\n<\/tr>\n<\/tbody>\n<\/table>\n<\/td>\n<\/tr>\n<\/tbody>\n<\/table>\n<\/td>\n<\/tr>\n<tr>\n<td>\n<table width=\"100%\">\n<tbody>\n<tr>\n<td>\n<table width=\"100%\">\n<tbody>\n<tr>\n<td>\n<h3><a href=\"https:\/\/www.radiopiu.net\/wordpress\/?attachment_id=229046\" rel=\"attachment wp-att-229046\"><img loading=\"lazy\" decoding=\"async\" class=\" wp-image-229046 alignleft\" src=\"https:\/\/www.radiopiu.net\/wordpress\/wp-content\/uploads\/2021\/08\/29106b4a-bab1-0344-ee61-3154009a327b-300x210.jpg\" alt=\"\" width=\"190\" height=\"133\" srcset=\"https:\/\/www.radiopiu.net\/wordpress\/wp-content\/uploads\/2021\/08\/29106b4a-bab1-0344-ee61-3154009a327b-300x210.jpg 300w, https:\/\/www.radiopiu.net\/wordpress\/wp-content\/uploads\/2021\/08\/29106b4a-bab1-0344-ee61-3154009a327b-1024x715.jpg 1024w, https:\/\/www.radiopiu.net\/wordpress\/wp-content\/uploads\/2021\/08\/29106b4a-bab1-0344-ee61-3154009a327b-768x536.jpg 768w, https:\/\/www.radiopiu.net\/wordpress\/wp-content\/uploads\/2021\/08\/29106b4a-bab1-0344-ee61-3154009a327b-1536x1073.jpg 1536w, https:\/\/www.radiopiu.net\/wordpress\/wp-content\/uploads\/2021\/08\/29106b4a-bab1-0344-ee61-3154009a327b.jpg 1920w\" sizes=\"auto, (max-width: 190px) 100vw, 190px\" \/><\/a>Ultimo test per la nazionale azzurra di hockey su ghiaccio prima del torneo di qualificazione olimpica di Riga. A Vienna l&#8217;Italia si arrende 4-1 all&#8217;Austria.<\/h3>\n<\/td>\n<\/tr>\n<\/tbody>\n<\/table>\n<\/td>\n<\/tr>\n<\/tbody>\n<\/table>\n<table width=\"100%\">\n<tbody>\n<tr>\n<td>\n<table width=\"100%\">\n<tbody>\n<tr>\n<td>\n<h4>Per la serie: quando gli special team fanno la differenza. Il power-play austriaco colpisce senza piet\u00e0, quello italiano annaspa e sul ghiaccio di Vienna finisce 4-1 per i padroni di casa. Un risultato troppo ampio per quello che si \u00e8 visto in pista dove, soprattutto in situazione di 5 contro 5, gli azzurri hanno giocato meglio degli avversari per lunghi tratti del match. Per l\u2019Italia ora \u00e8 tempo di trasferirsi a Riga, dove dal 26 al 29 agosto \u00e8 in programma il torneo di qualificazione olimpica contro Lettonia, Francia e Ungheria.<\/h4>\n<\/td>\n<\/tr>\n<\/tbody>\n<\/table>\n<\/td>\n<\/tr>\n<\/tbody>\n<\/table>\n<\/td>\n<\/tr>\n<\/tbody>\n<\/table>\n<p>&nbsp;<\/p>\n<p>&nbsp;<\/p>\n<p>&nbsp;<\/p>\n<hr \/>\n<p>&nbsp;<\/p>\n<blockquote>\n<h3 class=\"p1\"><span class=\"s1\">DA ROLD LOGISTICS: FRANCO DA RE \u00c8 IL NUOVO DIRETTORE GENERALE<\/span><\/h3>\n<\/blockquote>\n<p class=\"p1\"><span class=\"s1\"><strong><a href=\"https:\/\/www.radiopiu.net\/wordpress\/giornale-radiopiu-22-agosto-2021-direttore-mirko-mezzacasa\/sandro_da_rold_franco_da_re\/\" rel=\"attachment wp-att-228851\"><img loading=\"lazy\" decoding=\"async\" class=\"size-medium wp-image-228851 alignleft\" src=\"https:\/\/www.radiopiu.net\/wordpress\/wp-content\/uploads\/2021\/08\/Sandro_Da_Rold_Franco_Da_Re-256x300.jpg\" alt=\"\" width=\"256\" height=\"300\" srcset=\"https:\/\/www.radiopiu.net\/wordpress\/wp-content\/uploads\/2021\/08\/Sandro_Da_Rold_Franco_Da_Re-256x300.jpg 256w, https:\/\/www.radiopiu.net\/wordpress\/wp-content\/uploads\/2021\/08\/Sandro_Da_Rold_Franco_Da_Re-873x1024.jpg 873w, https:\/\/www.radiopiu.net\/wordpress\/wp-content\/uploads\/2021\/08\/Sandro_Da_Rold_Franco_Da_Re-768x900.jpg 768w, https:\/\/www.radiopiu.net\/wordpress\/wp-content\/uploads\/2021\/08\/Sandro_Da_Rold_Franco_Da_Re-1310x1536.jpg 1310w, https:\/\/www.radiopiu.net\/wordpress\/wp-content\/uploads\/2021\/08\/Sandro_Da_Rold_Franco_Da_Re-1747x2048.jpg 1747w\" sizes=\"auto, (max-width: 256px) 100vw, 256px\" \/><\/a>BELLUNO <\/strong>La dirigenza della Da Rold Logistics Belluno si arricchisce di una nuova figura capace di garantire esperienza, professionalit\u00e0 e un\u2019approfondita conoscenza della materia pallavolistica: \u00e8 quella di Franco Da Re, nominato direttore generale della realt\u00e0 chiamata ad affrontare il campionato di Serie A3 Credem Banca.\u00a0<\/span><span class=\"s1\">\u00abS<em>ono di Vittorio Veneto \u2013 si presenta Da Re \u2013 e, da lontano, ho potuto ammirare l\u2019epopea della Pallavolo Belluno nella massima serie. In pi\u00f9, ho avuto la fortuna di giocare con Stefano Da Rold, Giorgio De Kunovich, Massimo De Grandis: ecco, per me Belluno \u00e8 un luogo in cui c\u2019\u00e8 qualit\u00e0, oltre a una grande voglia di volley<\/em>\u00bb. Dopo un rapido colloquio con i vertici societari, a cominciare dal presidente Sandro Da Rold, la decisione \u00e8 scattata in automatico: \u00ab<em>Ma mi aspetto una stagione impegnativa. Non vedo roster \u201cscarsi\u201d nel nostro girone. A ogni modo, se in termini di grinta, entusiasmo e desiderio di lottare coach Diego Poletto riuscir\u00e0 a ripetere la scorsa annata, allora porteremo a casa quei 4, 5 punti in pi\u00f9 in classifica che potrebbero fare la differenza<\/em>\u00bb. Al di l\u00e0 della sfera tecnica, quindi, avr\u00e0 una certo peso l\u2019aspetto motivazionale: \u00ab<em>Da questo punto di vista, per\u00f2, vedo i ragazzi gi\u00e0 belli carichi. E sul lavoro di Poletto non ho alcun tipo di dubbio, n\u00e9 di perplessit\u00e0<\/em>\u00bb. <\/span><span class=\"s1\">Da Re cercher\u00e0 di dare anche un\u2019impronta personale: \u00ab<em>Il mio ruolo, come quello delle tante persone che gravitano attorno alla squadra, \u00e8 orientato a trasmettere tranquillit\u00e0 al collettivo. Gli atleti devono pensare solo alla pallavolo e a svolgere al meglio il loro compito. Che non \u00e8 una passeggiata, visto che alcuni di loro svolgeranno otto allenamenti a settimana. Oltre a questo, porteremo un certo tipo di organizzazione e di struttura per soddisfare ogni esigenza dei ragazzi<\/em>\u00bb.\u00a0Il direttore generale \u00e8 reduce da un\u2019esperienza nel femminile al Team Conegliano Volley, con cui ha ottenuto la promozione in B1 (battendo in finale playoff la Pallavolo Belluno), senza considerare il lungo percorso a San Don\u00e0: \u00ab<em>Ora la vera sfida \u2013 conclude Da Re \u2013 \u00e8 quella di cavalcare le aspettative della piazza e di riportare entusiasmo anche fuori dal campo<\/em>\u00bb. \u00a0<\/span><\/p>\n<p>&nbsp;<\/p>\n<\/div>\n<\/div>\n<\/div>\n<\/div>\n<\/div>\n<\/div>\n<\/div>\n<\/div>\n<\/div>\n<\/div>\n<\/div>\n<\/div>\n<\/div>\n<\/div>\n<\/div>\n<\/div>\n<\/div>\n<\/div>\n<\/div>\n<\/div>\n<\/div>\n<\/div>\n<\/div>\n<\/div>\n<\/div>","protected":false},"excerpt":{"rendered":"<p>COMPRIAMO UNA MACCHINA ATTREZZATA PER RICCARDO SOSPIROLO\u00a0Radio Pi\u00f9 appoggia l\u2019iniziativa di\u00a0 Agostino Tegner il pap\u00e0 di Riccardo, poche parole le sue ma piene di significato\u00a0\u201cIo e mia moglie stiamo invecchiando e non riusciamo pi\u00f9\u00a0a trasportare come si deve il nostro ragazzo, che necessita di una macchina attrezzata con un piano ribassato con pedana\u201d. Per questo&hellip;<\/p>\n","protected":false},"author":4,"featured_media":229036,"comment_status":"closed","ping_status":"open","sticky":false,"template":"","format":"standard","meta":{"_monsterinsights_skip_tracking":false,"_monsterinsights_sitenote_active":false,"_monsterinsights_sitenote_note":"","_monsterinsights_sitenote_category":0,"footnotes":""},"categories":[1,51,86,49],"tags":[],"class_list":["post-228953","post","type-post","status-publish","format-standard","has-post-thumbnail","hentry","category-senza-categoria","category-evidenza-top","category-gr","category-news-18","category-1","category-51","category-86","category-49","description-off"],"img_url":"https:\/\/www.radiopiu.net\/wordpress\/wp-content\/uploads\/2021\/08\/d5ef97fe-6c64-4691-89fc-270bddce289c.jpg","_links":{"self":[{"href":"https:\/\/www.radiopiu.net\/wordpress\/wp-json\/wp\/v2\/posts\/228953","targetHints":{"allow":["GET"]}}],"collection":[{"href":"https:\/\/www.radiopiu.net\/wordpress\/wp-json\/wp\/v2\/posts"}],"about":[{"href":"https:\/\/www.radiopiu.net\/wordpress\/wp-json\/wp\/v2\/types\/post"}],"author":[{"embeddable":true,"href":"https:\/\/www.radiopiu.net\/wordpress\/wp-json\/wp\/v2\/users\/4"}],"replies":[{"embeddable":true,"href":"https:\/\/www.radiopiu.net\/wordpress\/wp-json\/wp\/v2\/comments?post=228953"}],"version-history":[{"count":0,"href":"https:\/\/www.radiopiu.net\/wordpress\/wp-json\/wp\/v2\/posts\/228953\/revisions"}],"wp:featuredmedia":[{"embeddable":true,"href":"https:\/\/www.radiopiu.net\/wordpress\/wp-json\/wp\/v2\/media\/229036"}],"wp:attachment":[{"href":"https:\/\/www.radiopiu.net\/wordpress\/wp-json\/wp\/v2\/media?parent=228953"}],"wp:term":[{"taxonomy":"category","embeddable":true,"href":"https:\/\/www.radiopiu.net\/wordpress\/wp-json\/wp\/v2\/categories?post=228953"},{"taxonomy":"post_tag","embeddable":true,"href":"https:\/\/www.radiopiu.net\/wordpress\/wp-json\/wp\/v2\/tags?post=228953"}],"curies":[{"name":"wp","href":"https:\/\/api.w.org\/{rel}","templated":true}]}}