{"id":229044,"date":"2021-08-24T05:49:21","date_gmt":"2021-08-24T03:49:21","guid":{"rendered":"https:\/\/www.radiopiu.net\/wordpress\/?p=229044"},"modified":"2021-08-24T09:25:30","modified_gmt":"2021-08-24T07:25:30","slug":"giornale-radiopiu-24-agosto-2021-direttore-mirko-mezzacasa","status":"publish","type":"post","link":"https:\/\/www.radiopiu.net\/wordpress\/giornale-radiopiu-24-agosto-2021-direttore-mirko-mezzacasa\/","title":{"rendered":"GIORNALE RADIOPIU 24 AGOSTO 2021 DIRETTORE MIRKO MEZZACASA"},"content":{"rendered":"<div class=\"wpb-content-wrapper\"><blockquote>\n<h3>COMPRIAMO UNA MACCHINA ATTREZZATA PER RICCARDO<\/h3>\n<\/blockquote>\n<p><strong><a href=\"https:\/\/www.radiopiu.net\/wordpress\/compriamo-una-macchina-attrezzata-per-riccardo\/1626340291137881-img-20210714-wa0025\/\" rel=\"attachment wp-att-224370\"><img loading=\"lazy\" decoding=\"async\" class=\"size-medium wp-image-224370 alignleft\" src=\"https:\/\/www.radiopiu.net\/wordpress\/wp-content\/uploads\/2021\/07\/1626340291137881-IMG-20210714-WA0025-169x300.jpg\" sizes=\"auto, (max-width: 169px) 100vw, 169px\" srcset=\"https:\/\/www.radiopiu.net\/wordpress\/wp-content\/uploads\/2021\/07\/1626340291137881-IMG-20210714-WA0025-169x300.jpg 169w, https:\/\/www.radiopiu.net\/wordpress\/wp-content\/uploads\/2021\/07\/1626340291137881-IMG-20210714-WA0025-576x1024.jpg 576w, https:\/\/www.radiopiu.net\/wordpress\/wp-content\/uploads\/2021\/07\/1626340291137881-IMG-20210714-WA0025-768x1365.jpg 768w, https:\/\/www.radiopiu.net\/wordpress\/wp-content\/uploads\/2021\/07\/1626340291137881-IMG-20210714-WA0025.jpg 800w\" alt=\"\" width=\"169\" height=\"300\" \/><\/a>SOSPIROLO<\/strong>\u00a0Radio Pi\u00f9 appoggia l\u2019iniziativa di\u00a0 Agostino Tegner il pap\u00e0 di Riccardo, poche parole le sue ma piene di significato<em>\u00a0\u201cIo e mia moglie stiamo invecchiando e non riusciamo pi\u00f9\u00a0<img loading=\"lazy\" decoding=\"async\" class=\"alignright\" src=\"https:\/\/www.radiopiu.net\/wordpress\/wp-content\/uploads\/2021\/07\/1626451699105964-locandina-riccardo.jpg\" width=\"297\" height=\"167\" \/>a trasportare come si deve il nostro ragazzo, che necessita di una macchina attrezzata con un piano ribassato con pedana\u201d.<\/em><\/p>\n<p>Per questo ha avuto inizio la raccolta fondi che si prefigge lo scopo di raccogliere 35.000 euro entro fine agosto. Ad oggi sono stati versati i primi\u00a0<strong>12.235 <\/strong>euro, per farlo \u00e8 semplice\u00a0<strong><a href=\"https:\/\/www.eppela.com\/it\/projects\/31001-compriamo-una-macchina-attrezzata-per-riccardo\">clicca qui\u00a0<\/a><\/strong><\/p>\n<blockquote><p><em>Riccardo \u00e8 un simpatico ragazzino di 15 anni che vive sulle montagne di Sospirolo. Sempre sorridente e circondato dall\u2019affetto dei suoi cari, Riccardo \u00e8 per\u00f2 costretto a stare sulla sedia a rotelle a causa della distrofia muscolare di Duchenne, di cui \u00e8 affetto dalla nascita.\u00a0 I genitori, dopo anni di sacrifici, hanno deciso di acquistare un\u2019auto munita di pedana per poter trasportare il figlio in modo pi\u00f9 comodo, pratico e sicuro, soprattutto adesso che sta crescendo e il peso \u2013 per i due genitori che stanno diventando anziani \u2013 si fa sempre pi\u00f9 sentire.\u00a0<\/em><\/p><\/blockquote>\n<p>&nbsp;<\/p>\n<p>&nbsp;<\/p>\n<hr \/>\n<p>&nbsp;<\/p>\n<blockquote>\n<h3>SENZA GREEN PASS SI MANGIA SEDUTI &#8211; SENZA TAVOLI &#8211; SOTTO AL TENDONE. PER I GESTORI DELLA MENSA UNA SICUREZZA, NON PERDERE IL &#8220;BUONO&#8221; PRANZO.<\/h3>\n<\/blockquote>\n<p><span style=\"color: #ff0000;\"><strong>IL DOCUMENTO DELLA UIL-UILTEC<\/strong><\/span><\/p>\n<p>&nbsp;<\/p>\n<p><a href=\"https:\/\/www.radiopiu.net\/wordpress\/giornale-radiopiu-24-agosto-2021-direttore-mirko-mezzacasa\/17b58b88-ae7f-4a88-b5c7-5a12e32a9ced\/\" rel=\"attachment wp-att-229276\"><img loading=\"lazy\" decoding=\"async\" class=\"alignnone wp-image-229276 size-large\" src=\"https:\/\/www.radiopiu.net\/wordpress\/wp-content\/uploads\/2021\/08\/17b58b88-ae7f-4a88-b5c7-5a12e32a9ced-1024x765.jpg\" alt=\"\" width=\"1024\" height=\"765\" srcset=\"https:\/\/www.radiopiu.net\/wordpress\/wp-content\/uploads\/2021\/08\/17b58b88-ae7f-4a88-b5c7-5a12e32a9ced-1024x765.jpg 1024w, https:\/\/www.radiopiu.net\/wordpress\/wp-content\/uploads\/2021\/08\/17b58b88-ae7f-4a88-b5c7-5a12e32a9ced-300x224.jpg 300w, https:\/\/www.radiopiu.net\/wordpress\/wp-content\/uploads\/2021\/08\/17b58b88-ae7f-4a88-b5c7-5a12e32a9ced-768x574.jpg 768w, https:\/\/www.radiopiu.net\/wordpress\/wp-content\/uploads\/2021\/08\/17b58b88-ae7f-4a88-b5c7-5a12e32a9ced-1536x1148.jpg 1536w, https:\/\/www.radiopiu.net\/wordpress\/wp-content\/uploads\/2021\/08\/17b58b88-ae7f-4a88-b5c7-5a12e32a9ced.jpg 1600w\" sizes=\"auto, (max-width: 1024px) 100vw, 1024px\" \/><\/a><\/p>\n<p>&nbsp;<\/p>\n<hr \/>\n<p>&nbsp;<\/p>\n<blockquote>\n<h3><a href=\"https:\/\/www.radiopiu.net\/wordpress\/giornale-radiopiu-24-agosto-2021-direttore-mirko-mezzacasa\/239937626_1357535941369912_2536782541148676756_n\/\" rel=\"attachment wp-att-229269\"><img loading=\"lazy\" decoding=\"async\" class=\"size-medium wp-image-229269 alignleft\" src=\"https:\/\/www.radiopiu.net\/wordpress\/wp-content\/uploads\/2021\/08\/239937626_1357535941369912_2536782541148676756_n-225x300.jpg\" alt=\"\" width=\"225\" height=\"300\" srcset=\"https:\/\/www.radiopiu.net\/wordpress\/wp-content\/uploads\/2021\/08\/239937626_1357535941369912_2536782541148676756_n-225x300.jpg 225w, https:\/\/www.radiopiu.net\/wordpress\/wp-content\/uploads\/2021\/08\/239937626_1357535941369912_2536782541148676756_n-768x1024.jpg 768w, https:\/\/www.radiopiu.net\/wordpress\/wp-content\/uploads\/2021\/08\/239937626_1357535941369912_2536782541148676756_n.jpg 843w\" sizes=\"auto, (max-width: 225px) 100vw, 225px\" \/><\/a>UNA TORTA DA NOVANTA A PUNTA PENIA<\/h3>\n<p><em>Finalmente oggi il grande Arrigo \u00e8 arrivato quass\u00f9 a festeggiare 90 anni,solo tanta tanta stima per questo grande uomo,accompagnato fin quass\u00f9 da un altro grande uomo e amante della montagna Massimiliano Ossini. <\/em>Carlo Budel<\/p><\/blockquote>\n<p>Arrigo \u00e8 salito in vetta per festeggiare il suo novantesimo compleanno. L&#8217;appassionato di montagna di Portogruaro arriva tutti gli anni. E per i suoi 90 anni in quota \u00e8 stato festeggiato da Budel e da Massimiliano Ossini<\/p>\n<p>&nbsp;<\/p>\n<p>&nbsp;<\/p>\n<p>&nbsp;<\/p>\n<p>&nbsp;<\/p>\n<p>&nbsp;<\/p>\n<p>&nbsp;<\/p>\n<hr \/>\n<p>&nbsp;<\/p>\n<p><img loading=\"lazy\" decoding=\"async\" class=\"alignleft\" src=\"https:\/\/www.radiopiu.net\/wordpress\/wp-content\/uploads\/2018\/08\/ACQUA.jpeg\" width=\"204\" height=\"122\" \/>Gestione Servizi Pubblici informa che a LIVINALLONGO nelle localit\u00e0 AL FAURO, CREPAZ, RENAZ, RUAZ, PEZZEI, S.GIOVANNI e FOSSAL, l&#8217;acqua erogata dall&#8217;acquedotto non \u00e8 potabile e pu\u00f2 essere usata per scopi alimentari SOLO PREVIA bollitura.<\/p>\n<p>&nbsp;<\/p>\n<p>&nbsp;<\/p>\n<p>&nbsp;<\/p>\n<p>&nbsp;<\/p>\n<hr \/>\n<p>&nbsp;<\/p>\n<blockquote>\n<h3>CON LA FINE DELLE VACANZE ESTIVE INIZIANO I CANTIERI SULLE STRADE DELLA PROVINCIA<\/h3>\n<\/blockquote>\n<p><strong>SR 48 DELLE DOLOMITI\u00a0<\/strong>fino al 31 ottobre, esclusi sabato e domenica, senso unico alternato regolato da semaforo per posa cavidotto<\/p>\n<p><strong>SR 203<\/strong>\u00a0<strong>AGORDINA<\/strong> in localit\u00e0 La Stanga senso unico alternato regolato da semaforo fino al al 3 settembre, esclusi sabato e domenica, perlavori di recupero tubazione e cavo non in servizio<\/p>\n<p><strong>SP 347 PASSO CEREDA E DURAN\u00a0<\/strong>in comune di Gosaldo fino al 30 settembre senso unico alternato regolato da semaforo per posa cavidotto<\/p>\n<p><strong>SP 346 PASSO SAN PELLEGRINO<\/strong> in localit\u00e0 La Mora di Canale D\u2019Agordo senso unico alternato regolato da semaforo fino al 15 ottobre per messa in sicurezza della strada<\/p>\n<p><strong>SP 251 VAL DI ZOLDO E CELLINA<\/strong> senso unico alternato regolato da semaforo in comune di Colle Santa Lucia fino al 1 ottobre per messa in sicurezza piano viabile<\/p>\n<p><strong>SP3 VALLE IMPERINA\u00a0<\/strong>fino al 10 settembre, esclusi sabato e domenica, senso unico alternato a Rivamonte per interramento linea elettrica<\/p>\n<p><strong>SP 19 DI LAMON<\/strong> fino al 27 agosto interdizione totale al traffico nell\u2019abitato di Lamon per sostituzione condotta idrica<\/p>\n<p>&nbsp;<\/p>\n<hr \/>\n<p>&nbsp;<\/p>\n<h3 style=\"text-align: center;\"><a href=\"https:\/\/www.radiopiu.net\/wordpress\/quattro-feriti-non-gravi-nellincidente-in-cadore\/dfc7267c-c242-4eec-878a-5e86ad084b16\/\" rel=\"attachment wp-att-229107\"><img loading=\"lazy\" decoding=\"async\" class=\"wp-image-229107 alignleft\" src=\"https:\/\/www.radiopiu.net\/wordpress\/wp-content\/uploads\/2021\/08\/dfc7267c-c242-4eec-878a-5e86ad084b16-300x221.jpg\" alt=\"\" width=\"179\" height=\"132\" srcset=\"https:\/\/www.radiopiu.net\/wordpress\/wp-content\/uploads\/2021\/08\/dfc7267c-c242-4eec-878a-5e86ad084b16-300x221.jpg 300w, https:\/\/www.radiopiu.net\/wordpress\/wp-content\/uploads\/2021\/08\/dfc7267c-c242-4eec-878a-5e86ad084b16-768x565.jpg 768w, https:\/\/www.radiopiu.net\/wordpress\/wp-content\/uploads\/2021\/08\/dfc7267c-c242-4eec-878a-5e86ad084b16.jpg 899w\" sizes=\"auto, (max-width: 179px) 100vw, 179px\" \/><\/a>QUATTRO FERITI NON GRAVI NELL&#8217;INCIDENTE IN CADORE<\/h3>\n<p><strong>TAI DI CADORE<\/strong>\u00a0 Incidente alla curva &#8220;il caminetto&#8221; (direzione ponte Cadore),\u00a0 bilancio \u00e8 di quattro feriti, trasportati due in codice giallo e due in codice verde, all&#8217;ospedale di Pieve di Cadore &#8211; Sul posto anche i Carabinieri per i rilievi di legge. Notevoli i danni\u00a0 alla Fiat Punto di colore grigio: tutta la fiancata del lato passeggero \u00e8 sfondata. Il conducente h che ha riportato le conseguenze pi\u00f9 pesanti \u00e8\u00a0 stato estratto dalle lamiere vigili del fuoco del distaccamento di Pieve e affidato all&#8217;ambulanza per il trasporto all&#8217;ospedale San Martino di Belluno.\u00a0 Altre due ambulanze hanno trasportato gli altri feriti al Giovanni Paolo II di Pieve.<\/p>\n<p>&nbsp;<\/p>\n<hr \/>\n<p>&nbsp;<\/p>\n<blockquote>\n<h3>RECUPERATO ALPINISTA SULLA PALA DI POPERA<\/h3>\n<\/blockquote>\n<p><strong><img loading=\"lazy\" decoding=\"async\" class=\"alignleft\" src=\"https:\/\/www.radiopiu.net\/wordpress\/wp-content\/uploads\/2021\/08\/salt-2.jpg\" width=\"155\" height=\"116\" \/>COMELICO\u00a0<\/strong> Ieri verso mezzogiorno la Centrale del Suem \u00e8 stata allertata da un&#8217;alpinista, il cui compagno era volato mentre stavano scalando la via Baumgartner alla Pala di Popera. Risaliti alle coordinate del punto in cui si trovavano i due, all&#8217;altezza del quarto tiro, \u00e8 stata attivata una squadra del Soccorso alpino della Val Comelico, per eventuale supporto all&#8217;elicottero dell&#8217;Aiut Alpin Dolomites di Bolzano in arrivo. Atterrata in un primo tempo nella piazzola del Rifugio Berti, l&#8217;eliambulanza ha poi recuperato in due rotazioni l&#8217;infortunato, T.E., 32 anni, di Terento\u00a0 (BZ) e la compagna con un verricello di 90 metri. L&#8217;alpinista, con un probabile trauma alla spalla, \u00e8 stato poi trasportato all&#8217;ospedale di Bolzano.<\/p>\n<p>&nbsp;<\/p>\n<hr \/>\n<p>&nbsp;<\/p>\n<p><strong>IL LUTTO <\/strong><\/p>\n<blockquote>\n<h3>IL SALUTO AL MARESCIALLO PODESTA&#8217;<\/h3>\n<\/blockquote>\n<p><strong>BELLUNO<\/strong> Remigio Podest\u00e0 aveva 98 anni, aveva concluso la propria carriera a Belluno con il grado di maresciallo ed era in forza al Nucleo radiomobile. Da giovane aveva combattuto durante la seconda guerra mondiale ed era stato catturato e fatto prigioniero dai tedeschi, che l&#8217;avevano deportato e internato per due anni in un lager in Germania.Viveva a Castion, dove domani, alle 16, nella chiesa arcipretale saranno celebrati i funerali. Remigio Podest\u00e0 lascia i due figli Angelo e Maurizio<\/p>\n<p>&nbsp;<\/p>\n<p>&nbsp;<\/p>\n<p>&nbsp;<\/p>\n<hr \/>\n<p>&nbsp;<\/p>\n<blockquote>\n<h3>LA SITUAZIONE EPIDEMIOLOGICA IN PROVINCIA: UN DECESSO IN ULSS 1 DOLOMITI, 71 NUOVE POSITIVITA&#8217; NEGLI ULTIMI 7 GIORNI. AD AGORDO GLI UNICI CASI DELL&#8217;AGORDINO<\/h3>\n<p>Un paziente di 63 anni \u00e8 deceduto in pneumologia all&#8217;ospedale San Martino, la curva dei contagi torna a salire, 23 i Comuni bellunesi con casi di positivit\u00e0<\/p><\/blockquote>\n<p><strong>BELLUNO<\/strong> Il punto settimanale sulla situazione epidemiologica in provincia di Belluno a cura dell&#8217;ULSS 1 Dolomiti.Il grafico sotto riportato rappresenta la curva epidemica relativa allo sviluppo pandemico nel nostro territorio.<\/p>\n<blockquote><p>Sono attualmente ricoverati al San Martino di Belluno 7 pazienti covid positivi. Dei 7 pazienti covid positivi ricoverati, 1 \u00e8 in terapia intensiva (cinquantenne). In area non critica sono ricoverati : 3 pazienti (di 31, 64 e 82 anni) in Pneumologia di cui 2 con quadro severo, 3 pazienti (di 61, 65 e 72 anni) in Malattie infettive di cui 2 con quadro severo. Nella giornata di oggi \u00e8 deceduto un paziente covid positivo pluripatologico. \u00ab<em>I dati relativi ai ricoveri<\/em>\u00bb commenta il direttore generale Maria Grazia Carraro, \u00ab<em>attestano che il covid determina ancora una casistica clinicamente rilevante. Per\u00f2 oltre il 62% dei nuovi positivi della settimana risulta non vaccinato, l\u201988% dei ricoverati \u00e8 non vaccinato. I numeri fotografo in modo asettico la realt\u00e0: in questa fase siamo di fronte all\u2019epidemia dei non vaccinati. Invito nuovamente a vaccinarsi: non \u00e8 pi\u00f9 il momento di aspettare, urge farlo ora. Nel nostro territorio ci sono ancora circa 43 mila persone da vaccinare e l\u2019autunno \u00e8 alle porte. Abbiamo bisogno di mettere al sicuro il territorio, anche per riprendere in sicurezza la scuola, salvaguardare la stagione invernale e le molte attivit\u00e0 produttive che sono state segnate lo scorso autunno inverno<\/em>\u00bb.<\/p><\/blockquote>\n<p><a href=\"https:\/\/www.radiopiu.net\/wordpress\/la-situazione-epidemiologica-in-provincia-un-decesso-in-ulss-1-dolomiti-71-nuove-positivita-negli-ultimi-7-giorni-ad-agordo-gli-unici-casi-dellagordino\/aa-4\/\" rel=\"attachment wp-att-229248\"><img loading=\"lazy\" decoding=\"async\" class=\"wp-image-229248 alignleft\" src=\"https:\/\/www.radiopiu.net\/wordpress\/wp-content\/uploads\/2021\/08\/aa.jpg\" alt=\"\" width=\"165\" height=\"78\" srcset=\"https:\/\/www.radiopiu.net\/wordpress\/wp-content\/uploads\/2021\/08\/aa.jpg 966w, https:\/\/www.radiopiu.net\/wordpress\/wp-content\/uploads\/2021\/08\/aa-300x142.jpg 300w, https:\/\/www.radiopiu.net\/wordpress\/wp-content\/uploads\/2021\/08\/aa-768x363.jpg 768w\" sizes=\"auto, (max-width: 165px) 100vw, 165px\" \/><\/a><\/p>\n<p>Si conferma il modesto, ma non trascurabile, movimento verso l\u2019alto della curva dei contagi segnalato da qualche settimana a questa parte. Ecco un confronto grafico sui nuovi positivi tra luglio\/agosto 2020 e luglio\/agosto 2021<\/p>\n<p><a href=\"https:\/\/www.radiopiu.net\/wordpress\/la-situazione-epidemiologica-in-provincia-un-decesso-in-ulss-1-dolomiti-71-nuove-positivita-negli-ultimi-7-giorni-ad-agordo-gli-unici-casi-dellagordino\/bb\/\" rel=\"attachment wp-att-229249\"><img loading=\"lazy\" decoding=\"async\" class=\"wp-image-229249 alignright\" src=\"https:\/\/www.radiopiu.net\/wordpress\/wp-content\/uploads\/2021\/08\/bb.png\" alt=\"\" width=\"225\" height=\"95\" srcset=\"https:\/\/www.radiopiu.net\/wordpress\/wp-content\/uploads\/2021\/08\/bb.png 964w, https:\/\/www.radiopiu.net\/wordpress\/wp-content\/uploads\/2021\/08\/bb-300x128.png 300w, https:\/\/www.radiopiu.net\/wordpress\/wp-content\/uploads\/2021\/08\/bb-768x328.png 768w\" sizes=\"auto, (max-width: 225px) 100vw, 225px\" \/><\/a><\/p>\n<p>&nbsp;<\/p>\n<p>I casi rilevati nell\u2019ultima settimana sono 71, con un conseguente tasso di incidenza settimanale di 36 casi su 100 mila abitanti, stabile rispetto alla settimana precedente e <strong>pari alla met\u00e0 dell&#8217;incidenza nazionale <\/strong>(74 su 100 mila abitanti). La mappa sottostante rappresenta l\u2019incidenza settimanale per singolo comune. Si ricorda che nei piccoli comuni, anche una piccola casistica determina un\u2019incidenza (casi\/abitanti) significativa, alla luce del piccolo denominatore di popolazione. La casistica illustrata nella mappa deriva dalle code di alcuni focolai epidemici contrastati con grande impegno mediante contact tracing, isolamento dei positivi e quarantena dei contatti. Tali focolai sono stati generati da momenti di aggregazione (feste etc), con successiva estensione ai contatti familiari e amicali.<\/p>\n<p><a href=\"https:\/\/www.radiopiu.net\/wordpress\/la-situazione-epidemiologica-in-provincia-un-decesso-in-ulss-1-dolomiti-71-nuove-positivita-negli-ultimi-7-giorni-ad-agordo-gli-unici-casi-dellagordino\/cc-4\/\" rel=\"attachment wp-att-229250\"><img loading=\"lazy\" decoding=\"async\" class=\"wp-image-229250 alignleft\" src=\"https:\/\/www.radiopiu.net\/wordpress\/wp-content\/uploads\/2021\/08\/cc.jpg\" alt=\"\" width=\"217\" height=\"224\" srcset=\"https:\/\/www.radiopiu.net\/wordpress\/wp-content\/uploads\/2021\/08\/cc.jpg 966w, https:\/\/www.radiopiu.net\/wordpress\/wp-content\/uploads\/2021\/08\/cc-291x300.jpg 291w, https:\/\/www.radiopiu.net\/wordpress\/wp-content\/uploads\/2021\/08\/cc-768x792.jpg 768w\" sizes=\"auto, (max-width: 217px) 100vw, 217px\" \/><\/a><\/p>\n<p>A ieri mattina alle ore 8.00, dall\u2019inizio dell\u2019epidemia, sono stati effettuati: 313 mila tamponi molecolari, 228 mila tamponi antigenici. Si ricorda che sono attive nuove modalit\u00e0 di erogazione dei tamponi nei drive in aziendali di Belluno, Feltre , Agordo e Tai. Sono effettuati senza oneri a carico del cittadino test antigenici per i<strong>ndicazioni cliniche, contact tracing<\/strong> , accessi in\/operatori di s<strong>trutture sanitarie e Strutture residenziali e semiresidenziali socio-sanitarie territoriali,area della disabilit\u00e0, Servizi ricreativi ed educativi rivolti ai minori, Popolazioni target di particolare interesse epidemiologico. <\/strong>Sono effettuati con ONERI A CARICO DEL CITTADINO test antigenici per viaggi all\u2019estero, motivi personali , esigenze di lavoro, altro. COSTI: \u20ac 8,00 test antigenico a minori di et\u00e0 compresa tra i 12 e i 17 anni (nei casi sopra descritti, \u20ac 15,00 test antigenico a persone con 18 e pi\u00f9 anni (nei casi sopra descritti), \u20ac 22,00 test antigenici rapidi per persone non assistite dal Servizio Sanitario Nazionale (stranieri). Sono sempre gratuiti i test antigenici rapidi richiesti dai soggetti esclusi per et\u00e0 dalla campagna di vaccinazione (allo stato attuale &lt;12 anni) o esenti sulla base di certificazione medica rilasciata dall\u2019Azienda ULSS territorialmente competente. Per l\u2019accesso ai punti tamponi aziendali NON \u00e8 necessaria la prenotazione. Il pagamento pu\u00f2 essere effettuato sul posto tramite Pos. <strong>ATTENZIONE: dal 1 settembre 2021 il covid point per l\u2019esecuzione di tamponi di Feltre Anz\u00f9 sar\u00e0 ricollocato all\u2019ex Marangoni (zona Peschiera \u2013 via delle INDUSTRIE) e sar\u00e0 attivo dal luned\u00ec al sabato dalle 13.30 alle 17.30. <\/strong><strong>L\u2019Ulss Dolomiti ringrazia l\u2019US San Vittore per la generosa disponibilit\u00e0 garantita in questi mesi ad Anz\u00f9. <\/strong>In settimana sono stati contattati per la somministrazione di anticorpi monoclonali 21 persone over 65. Di queste, 10 sono risultate idonee al trattamento, prontamente avviato.<\/p>\n<p>&nbsp;<\/p>\n<p>&nbsp;<\/p>\n<p>&nbsp;<\/p>\n<hr \/>\n<p>&nbsp;<\/p>\n<blockquote>\n<h3>DA ARABBA L&#8217;URLO DEL FARMACISTA &#8220;RISCHIAMO IL COLLASSO&#8221;<\/h3>\n<p><em>Disequilibrio, \u201c<span style=\"font-family: Verdana, sans-serif;\">L&#8217;azienda sanitaria chiede di erogare sempre pi\u00f9 servizi, dall&#8217;altro prende su di s\u00e9 quello che di fatto \u00e8 il nostro lavoro: l&#8217;erogazione dei farmaci&#8221;<\/span><\/em><\/p><\/blockquote>\n<p><span style=\"font-family: Verdana, sans-serif;\"><strong><img loading=\"lazy\" decoding=\"async\" class=\"alignleft\" src=\"https:\/\/www.radiopiu.net\/wordpress\/wp-content\/uploads\/2019\/04\/FARMACIA.jpg\" width=\"145\" height=\"84\" \/><\/strong><\/span><\/p>\n<p class=\"p1\"><span class=\"s1\"><b>LIVINALLONGO<\/b> da Arabba si alza il primo grido di aiuto. Il farmacista non riesce pi\u00f9 a far fronte alle numerose richieste, che si aggiungono al tradizionale servizio di dispensazione di farmaci. Il disagio \u00e8 comune a tutti i farmacisti delle zone montane del Bellunese, in questo momento, specie di quelle dove insistono grandi insediamenti alberghieri e dove dietro il bancone c&#8217;\u00e8 poco personale, a volte solo il titolare. Trovare farmacisti disposti a trasferirsi nelle Terre Alte bellunesi, d&#8217;altra parte, \u00e8 sempre stato difficile e ultimamente ancora di pi\u00f9. \u00a0<i>\u201cQuesti colleghi \u2013 spiega il presidente di Federfarma Belluno, Roberto Grubissa \u2013 si ritrovano nella necessit\u00e0 di proseguire il lavoro ben oltre l&#8217;orario di chiusura. Noi siamo a completa disposizione della comunit\u00e0, lo abbiamo sempre detto e dimostrato, ma in questo caso l&#8217;impegno richiesto va oltre le nostre possibilit\u00e0 perch\u00e9 fisicamente i colleghi non riescono a sostenere questi ritmi\u201d.<\/i> Per questo oggi ci sono farmacie che stanno valutando di sospendere il servizio dei tamponi, con conseguente rischio di danni all&#8217;economia locale che in questo momento necessita di vedersi assicurata l&#8217;attivit\u00e0. L&#8217;effettuazione dei tamponi sta mettendo sempre pi\u00f9 sotto pressione i farmacisti dei piccoli paesi di montagna. Nei piccoli paesi il farmacista ha un ruolo centrale nella comunit\u00e0, a lui si rivolgono le persone per informazioni, consigli e sostegno che vanno oltre la dispensazione del farmaco. <i>\u201cIn occasione delle grandi nevicate e di altri eventi meteo importanti \u2013 commenta il farmacista di Arabba, Paolo Da Rin -, il nostro ruolo \u00e8 ancora pi\u00f9 fondamentale. Le persone si rivolgono a noi tutti i giorni, sabati e domeniche compresi, e noi ci siamo sempre, anche quando si tratta di andare nella casa dell&#8217;anziano isolato dalla neve o dalla frana. Questo lo si fa, \u00e8 parte della nostra missione e ne siamo ben felici, ma la pressione di questo momento non \u00e8 sostenibile\u201d. Il tutto mentre avanza a grandi falcate la distribuzione diretta per conto dell&#8217;Usl dei farmaci. \u201cQuesto ci sottrae importanti risorse \u2013 osserva ancora Da Rin \u2013 ma, soprattutto, crea disagi ai cittadini in quanto li obbliga a recarsi in punti e ad orari prestabiliti per il ritiro di un farmaco che potrebbero comodamente trovare in farmacia\u201d.<\/i>\u00a0<\/span><\/p>\n<p><span style=\"font-family: Verdana, sans-serif;\"><strong>\u00a0<\/strong><\/span><\/p>\n<p>&nbsp;<\/p>\n<hr \/>\n<p>&nbsp;<\/p>\n<blockquote>\n<h3>I NUOVI RILEVAMENTI SUL GHIACCIAIO DELLA MARMOLADA<\/h3>\n<\/blockquote>\n<p><strong><a href=\"https:\/\/www.radiopiu.net\/wordpress\/i-colori-della-neve-sui-ghiacciai-delle-dolomiti-arpav\/a-marmolada-21-luglio\/\" rel=\"attachment wp-att-154817\"><img loading=\"lazy\" decoding=\"async\" class=\"size-medium wp-image-154817 alignleft\" src=\"https:\/\/www.radiopiu.net\/wordpress\/wp-content\/uploads\/2020\/08\/a-Marmolada-21-Luglio-300x169.jpg\" alt=\"\" width=\"300\" height=\"169\" srcset=\"https:\/\/www.radiopiu.net\/wordpress\/wp-content\/uploads\/2020\/08\/a-Marmolada-21-Luglio-300x169.jpg 300w, https:\/\/www.radiopiu.net\/wordpress\/wp-content\/uploads\/2020\/08\/a-Marmolada-21-Luglio.jpg 768w\" sizes=\"auto, (max-width: 300px) 100vw, 300px\" \/><\/a>ROCCA PIETORE<\/strong><\/p>\n<p>di Gianni Santomaso<\/p>\n<audio class=\"wp-audio-shortcode\" id=\"audio-229044-1\" preload=\"none\" style=\"width: 100%;\" controls=\"controls\"><source type=\"audio\/mpeg\" src=\"https:\/\/www.radiopiu.net\/wordpress\/wp-content\/uploads\/2021\/08\/GIANNI-GHIACCIAIO-MARMOLADA.mp3?_=1\" \/><a href=\"https:\/\/www.radiopiu.net\/wordpress\/wp-content\/uploads\/2021\/08\/GIANNI-GHIACCIAIO-MARMOLADA.mp3\">https:\/\/www.radiopiu.net\/wordpress\/wp-content\/uploads\/2021\/08\/GIANNI-GHIACCIAIO-MARMOLADA.mp3<\/a><\/audio>\n<p>&nbsp;<\/p>\n<hr \/>\n<p>&nbsp;<\/p>\n<blockquote>\n<h3>AFFIDATO L&#8217;INCARICO PER IL NUOVO MUNICIPIO DI COLLE SANTA LUCIA<\/h3>\n<\/blockquote>\n<p><strong><a href=\"https:\/\/www.radiopiu.net\/wordpress\/affidato-lincarico-per-il-nuovo-municipio-di-colle-santa-lucia\/colle-santa-lucia\/\" rel=\"attachment wp-att-229239\"><img loading=\"lazy\" decoding=\"async\" class=\" wp-image-229239 alignleft\" src=\"https:\/\/www.radiopiu.net\/wordpress\/wp-content\/uploads\/2021\/08\/COLLE-SANTA-LUCIA-300x225.jpg\" alt=\"\" width=\"161\" height=\"121\" srcset=\"https:\/\/www.radiopiu.net\/wordpress\/wp-content\/uploads\/2021\/08\/COLLE-SANTA-LUCIA-300x225.jpg 300w, https:\/\/www.radiopiu.net\/wordpress\/wp-content\/uploads\/2021\/08\/COLLE-SANTA-LUCIA.jpg 640w\" sizes=\"auto, (max-width: 161px) 100vw, 161px\" \/><\/a>COLLE SANTA LUCIA<\/strong><\/p>\n<p>di Gianni Santomaso<\/p>\n<audio class=\"wp-audio-shortcode\" id=\"audio-229044-2\" preload=\"none\" style=\"width: 100%;\" controls=\"controls\"><source type=\"audio\/mpeg\" src=\"https:\/\/www.radiopiu.net\/wordpress\/wp-content\/uploads\/2021\/08\/GIANNI-LAVORI-COLLE-SANTA-LUCIA.mp3?_=2\" \/><a href=\"https:\/\/www.radiopiu.net\/wordpress\/wp-content\/uploads\/2021\/08\/GIANNI-LAVORI-COLLE-SANTA-LUCIA.mp3\">https:\/\/www.radiopiu.net\/wordpress\/wp-content\/uploads\/2021\/08\/GIANNI-LAVORI-COLLE-SANTA-LUCIA.mp3<\/a><\/audio>\n<p>&nbsp;<\/p>\n<hr \/>\n<p>&nbsp;<\/p>\n<blockquote>\n<h3>MATTMARK IL PIU&#8217; GRANDE DISASTRO DELL&#8217;EPOCA MODERNA,<\/h3>\n<\/blockquote>\n<p><span style=\"color: #ff0000;\">DOMENICA LA COMMEMORAZIONE AL MAS DI SEDICO<\/span><\/p>\n<p><em>La\u00a0<b>catastrofe di Mattmark<\/b>\u00a0fu una\u00a0<a title=\"Valanga\" href=\"https:\/\/it.wikipedia.org\/wiki\/Valanga\">valanga<\/a>\u00a0che alle 17.15 di luned\u00ec 30 agosto\u00a0<a title=\"1965\" href=\"https:\/\/it.wikipedia.org\/wiki\/1965\">1965<\/a>\u00a0invest\u00ec il cantiere per la costruzione della\u00a0<a title=\"Diga di Mattmark\" href=\"https:\/\/it.wikipedia.org\/wiki\/Diga_di_Mattmark\">diga di Mattmark<\/a>, in\u00a0<a title=\"Svizzera\" href=\"https:\/\/it.wikipedia.org\/wiki\/Svizzera\">Svizzera<\/a>. I morti accertati furono 88: 56 italiani, 23 svizzeri, 4 spagnoli, 2 tedeschi, 2 austriaci e un apolide.<sup id=\"cite_ref-1\" class=\"reference\"><\/sup><\/em><\/p>\n<blockquote>\n<h3>\u00a017 BELLUNESI MORTI NELLA VAJONT IN TERRA STRANIERA<\/h3>\n<\/blockquote>\n<p><img loading=\"lazy\" decoding=\"async\" class=\"alignleft\" src=\"https:\/\/www.radiopiu.net\/wordpress\/wp-content\/uploads\/2021\/08\/mattmark-kIdH-U43110564519692HX-1224x916@Corriere-Web-Sezioni.jpg\" width=\"203\" height=\"152\" \/><strong>AUDIO\u00a0<\/strong><\/p>\n<p><strong>DI DAMIANO TORMEN\u00a0<\/strong><\/p>\n<audio class=\"wp-audio-shortcode\" id=\"audio-229044-3\" preload=\"none\" style=\"width: 100%;\" controls=\"controls\"><source type=\"audio\/mpeg\" src=\"https:\/\/www.radiopiu.net\/wordpress\/wp-content\/uploads\/2021\/08\/damiano.mp3?_=3\" \/><a href=\"https:\/\/www.radiopiu.net\/wordpress\/wp-content\/uploads\/2021\/08\/damiano.mp3\">https:\/\/www.radiopiu.net\/wordpress\/wp-content\/uploads\/2021\/08\/damiano.mp3<\/a><\/audio>\n<p>&nbsp;<\/p>\n<hr \/>\n<p>&nbsp;<\/p>\n<p><strong>BATTAGLIE PERSE CON I SOLDI DEI CONTRIBUENTI\u00a0<\/strong><\/p>\n<blockquote>\n<h3>SCALE MOBILI E CANI, PER IL COMUNE DI BELLUNO UN&#8217;ALTRA MAZZATA<\/h3>\n<p><a href=\"https:\/\/www.radiopiu.net\/wordpress\/giornale-radiopiu-24-agosto-2021-direttore-mirko-mezzacasa\/th-178\/\" rel=\"attachment wp-att-229275\"><img loading=\"lazy\" decoding=\"async\" class=\" wp-image-229275 alignleft\" src=\"https:\/\/www.radiopiu.net\/wordpress\/wp-content\/uploads\/2021\/08\/th-6.jpg\" alt=\"\" width=\"202\" height=\"202\" srcset=\"https:\/\/www.radiopiu.net\/wordpress\/wp-content\/uploads\/2021\/08\/th-6.jpg 300w, https:\/\/www.radiopiu.net\/wordpress\/wp-content\/uploads\/2021\/08\/th-6-150x150.jpg 150w\" sizes=\"auto, (max-width: 202px) 100vw, 202px\" \/><\/a><strong>BELLUNO<\/strong>\u00a0 Anche il Tribunale di Bolzano si \u00e8 espresso a favore dei ciechi e dei loro cani allineandosi alle precedenti sentenze. L&#8217;episodio risale al 9 maggio 2015 quando, nell&#8217;atto di salire la scala mobile dopo aver parcheggiato a Lambioi, i componenti del gruppo si sono visti negare la possibilit\u00e0 di raggiungere la parte alta della citt\u00e0 utilizzando l&#8217;impianto di risalita accompagnati dai loro cani.\u00a0 I non vedenti hanno denunciato un abuso lesivo della dignit\u00e0 e della libert\u00e0 personale. Il procedimento era partito da Belluno e da allora tutte le sentenze di primo grado sono state sulla stessa linea. Il Tribunale di Bolzano ha ritenuto discriminatori i procedimenti contro i non vedenti condannando il Comune di Belluno e Bellunum\u00a0 al risarcimento del danno morale e al pagamento integrale delle spese processuali.<br \/>\n<b class=\"paragrafo titoletto\"><\/b><\/p><\/blockquote>\n<p>&nbsp;<\/p>\n<p>&nbsp;<\/p>\n<hr \/>\n<blockquote>\n<h3><\/h3>\n<h3>TERAPIE INTENSIVE, ROSI &#8220;SE TUTTI FOSSERO VACCINATI CI SAREBBERO 7 PAZIENTI INTUBATI, NON 50&#8221;<\/h3>\n<\/blockquote>\n<blockquote><p><em>In Veneto\u00a0 quasi l&#8217;80% di vaccinati. E&#8217; mancata completamente una campagna di informazione sulle vaccinazioni e prolificano le fake news.\u00a0<\/em><\/p><\/blockquote>\n<p><strong>SITUAZIONE<\/strong> Non siamo messi male, tra le Regioni con i dati migliori per quanto riguarda l&#8217;epidemia, il Veneto con Lombardia ed Emilia \u00e8 catalogato a rischio basso. E&#8217; un virus strano, colpisce alcune regioni non altre mentre in giro per l&#8217;Europa sta mettendo in difficolt\u00e0 diverse realt\u00e0. La quinta ondata a Barcellona mette in evidenza un comunit\u00e0 che richiedere il copri fuoco per una gestione della pandemia. <strong>VACCINI<\/strong> Dai 12 ai 25 anni e oltre i 60 anni non serve la prenotazione per ricevere il vaccino. Tutti gli altri devono prenotarsi. <strong>TERZA DOSE<\/strong> L&#8217;Oms dice che prima di parlare di terza dose bisogna pensare ai Paesi che non ne hanno ricevuto neanche una. E&#8217; fondamentale che tutto il mondo possa avere accesso ai vaccini. <strong>SCUOLA<\/strong> L&#8217;esperienza delle scuole-sentinella del Veneto verr\u00e0 adottata a livello nazionale. Abbiamo acquistato 1 milione di test salivari per le scuole. Obiettivo scuola in presenza. <strong>ARRIVANO GLI AFGHANI<\/strong> Non siamo stati allertati, abbiamo una situazione in questo momento difficile perche&#8217; con il turismo la popolazione raddoppia. Guardiamo con attenzione a questa povera gente e al loro dramma. La ritirata degli americani non \u00e8 stata una buona cosa. <strong>DOMANI IN GIUNTA TENNIS E BOB A CORTINA<\/strong> Ho sentito l&#8217;assessore Elena Donazzan domani mi spiegher\u00e0 la storia nata dalla sua disponibilit\u00e0 ad entrare nel tennis club di Cortina. So che il tennis \u00e8 di propriet\u00e0 del Comune che non lo vuole chiudere. Cercheremo di capire in base alle progettualit\u00e0 del Bob come muoverci.<\/p>\n<blockquote>\n<h3>IL DOTTOR PAOLO ROSI e le terapie intensive. Nessun turista ricoverato in terapia intensiva.<\/h3>\n<p><em>50 persone ricoverate \u00e8 la soglia limite, oltre scatta la seconda fase dell&#8217;emergenza, \u00e8 un momento delicato. Se continua come negli ultimi 15 giorni superiamo il livello di allarme, se va come negli ultimi due giorni, restiamo al di sotto.\u00a0 Dei 52 ricoverati nelle terapie, 32 sono\u00a0 gravi, 3\u00a0 in condizioni molto critiche (due a Mestre e uno a Vicenza). E&#8217; cambiata la fascia di et\u00e0 dei ricoveri: prima il 70% aveva oltre 70 anni. Il 58% ha meno di 50 anni.\u00a0 Il 7% ha avuto le due dosi di vaccino<\/em>.<\/p><\/blockquote>\n<p>Numero dei positivi attuali: abbiamo avuto due giorni in cui le dimissioni hanno superato gli ingressi, siamo in riduzione. Siamo attorno ai 50 ricoverati in terapia intensiva (3 in condizioni critiche), limite tra fase di gestione ordinaria ed emergenziale con l&#8217;attivazione dei posti letto in attesa pronti per accogliere pazienti ovviamente con il personale da riorganizzare. E&#8217; un momento delicato, se continua come negli ultimi 15 giorni superiamo la soglia, se come negli ultimi 2 giorni rimaniamo sotto il livello di allarme.\u00a0 <strong>COSA E&#8217; CAMBIATO?\u00a0<\/strong> Le fasce di et\u00e0 nei ricoveri. Gi\u00e0 lo scorso anno il 70% aveva pi\u00f9 di 70 anni, oggi il 58% ha meno di 60 anni. Il 27% di persone sotto i 50 e 31% tra 30 e 50. Questo \u00e8 strettamente collegato alla vaccinazione. Dei 257 pazienti 18 avevano completato il ciclo vaccinale. Percentuali 78% non \u00e8 vaccinato 14% prima dose 7% entrambi le dosi. percentuali per 100mila abitanti:\u00a0 3 pazienti non vaccinati, 1,2 dopo la prima dose , 0,17 vaccinazione completa. Se oggi fossero tutti vaccinati avremo 7 pazienti oggi in terapia intensiva, non 50. <strong>DECEDUTI<\/strong> <strong>. A Verona ricoverato un 21enne in ospedale in condizioni drammatiche, rientrava da Barcellona \u00e8 stato salvato.\u00a0 <\/strong>A inizio anno il 40% moriva in terapia intensiva, oggi il dato scende a 27%, per la riduzione dell&#8217;et\u00e0 non che siano cambiate le cure, non esiste il farmaco che sconfigge il virus. Avendo ridotto l&#8217;et\u00e0 dei ricoverati si \u00e8 ridotta anche la mortalit\u00e0. I deceduti vaccinati e non vaccinati: 57 deceduti dal primo di maggio, solo 3 avevano completato il ciclo vaccinale non gli altri 54. Et\u00e0 deceduti un quarto settant&#8217;anni ma anche 6 deceduti con meno di 60 anni e 2 con meno di 50 anni <strong>NON LI VOLETE CURARE A CASA<\/strong>\u00a0 Al 118 abbiamo lottato con i pazienti perch\u00e9 rimanessero a casa per le cure, era evidente che non potevamo portali tutti in ospedale. Siamo stati la prima Regione che ha strutturato un sistema per lasciare a casa i pazienti che non avevano necessit\u00e0 di andare in ospedale. I protocolli per le\u00a0 cure domiciliari ci sono sempre stati, anche per le dimissioni dal Pronto Soccorso. \u00a0Le Cure domiciliari quindi\u00a0 non \u00e8 vero che non ci siano state. Abbiamo ricoverato quelli che avevano una saturazione per cui non riuscivano respirare a casa, sotto il 92%. <strong>FARMACI<\/strong>\u00a0 i medici possono ordinare tutti i farmaci secondo quanto prevede il prontuario farmaceutico, ma se usano i farmaci in modo diverso se ne assumono la responsabilit\u00e0.<\/p>\n<p><a href=\"https:\/\/www.facebook.com\/zaiaufficiale\/videos\/218540733442918\">https:\/\/www.facebook.com\/zaiaufficiale\/videos\/218540733442918<\/a><\/p>\n<p>&nbsp;<\/p>\n<blockquote>\n<h3 style=\"text-align: left;\">GRAFICI E\u00a0 NUMERI DELLE TERAPIE INTENSIVE 6 PAGINE<\/h3>\n<\/blockquote>\n<p>&nbsp;<\/p>\n<a href=\"https:\/\/www.radiopiu.net\/wordpress\/wp-content\/uploads\/2021\/08\/TI-22-AGOSTO-21.pdf\" class=\"pdfemb-viewer\" style=\"\" data-width=\"max\" data-height=\"max\" data-toolbar=\"top\" data-toolbar-fixed=\"on\">TI 22 AGOSTO 21<\/a>\n<p>&nbsp;<\/p>\n<hr \/>\n<p>&nbsp;<\/p>\n<blockquote class=\"wp-embedded-content\" data-secret=\"qsABnnNwz2\"><p><a href=\"https:\/\/www.radiopiu.net\/wordpress\/aggiornamentoago23\/\">CORONAVIRUS: AGGIORNAMENTO NAZIONALE 23 AGOSTO  2021<\/a><\/p><\/blockquote>\n<p><iframe loading=\"lazy\" class=\"wp-embedded-content\" sandbox=\"allow-scripts\" security=\"restricted\" style=\"position: absolute; clip: rect(1px, 1px, 1px, 1px);\" title=\"&#8220;CORONAVIRUS: AGGIORNAMENTO NAZIONALE 23 AGOSTO  2021&#8221; &#8212; Radio Pi\u00f9\" src=\"https:\/\/www.radiopiu.net\/wordpress\/aggiornamentoago23\/embed\/#?secret=qsABnnNwz2\" data-secret=\"qsABnnNwz2\" width=\"600\" height=\"338\" frameborder=\"0\" marginwidth=\"0\" marginheight=\"0\" scrolling=\"no\"><\/iframe><\/p>\n<p>&nbsp;<\/p>\n<p>&nbsp;<\/p>\n<blockquote class=\"wp-embedded-content\" data-secret=\"fqcxAd5HPH\"><p><a href=\"https:\/\/www.radiopiu.net\/wordpress\/asdiasdasdasdasasdasda\/\">52 PAZIENTI IN TERAPIA INTENSIVA, SOLO 3 VACCINATI. SCATTA DI NUOVO LA FASE D&#8217;ERMERGENZA?<\/a><\/p><\/blockquote>\n<p><iframe loading=\"lazy\" class=\"wp-embedded-content\" sandbox=\"allow-scripts\" security=\"restricted\" style=\"position: absolute; clip: rect(1px, 1px, 1px, 1px);\" title=\"&#8220;52 PAZIENTI IN TERAPIA INTENSIVA, SOLO 3 VACCINATI. SCATTA DI NUOVO LA FASE D&#8217;ERMERGENZA?&#8221; &#8212; Radio Pi\u00f9\" src=\"https:\/\/www.radiopiu.net\/wordpress\/asdiasdasdasdasasdasda\/embed\/#?secret=fqcxAd5HPH\" data-secret=\"fqcxAd5HPH\" width=\"600\" height=\"338\" frameborder=\"0\" marginwidth=\"0\" marginheight=\"0\" scrolling=\"no\"><\/iframe><\/p>\n<p>&nbsp;<\/p>\n<p>&nbsp;<\/p>\n<blockquote>\n<h3>I GRAFICI DI TIZIANO DE COL<\/h3>\n<\/blockquote>\n\n\t\t\t<style type='text\/css'>\n\t\t\t\t#gallery-1 {\n\t\t\t\t\tmargin: auto;\n\t\t\t\t}\n\t\t\t\t#gallery-1 .gallery-item {\n\t\t\t\t\tfloat: left;\n\t\t\t\t\tmargin-top: 10px;\n\t\t\t\t\ttext-align: center;\n\t\t\t\t\twidth: 20%;\n\t\t\t\t}\n\t\t\t\t#gallery-1 img {\n\t\t\t\t\tborder: 2px solid #cfcfcf;\n\t\t\t\t}\n\t\t\t\t#gallery-1 .gallery-caption {\n\t\t\t\t\tmargin-left: 0;\n\t\t\t\t}\n\t\t\t\t\/* see gallery_shortcode() in wp-includes\/media.php *\/\n\t\t\t<\/style>\n\t\t<div id='gallery-1' class='dt-gallery-container gallery galleryid-229044 gallery-columns-5 gallery-size-medium'><dl class='gallery-item'>\n\t\t\t\t<dt class='gallery-icon landscape'>\n\t\t\t\t\t<a class=\"rollover rollover-zoom dt-pswp-item\" title=\"7a918691-c52c-48ac-abc0-50d400064710\" data-dt-img-description=\"\" data-large_image_width=\"600\" data-large_image_height=\"358\"href='https:\/\/www.radiopiu.net\/wordpress\/wp-content\/uploads\/2021\/08\/7a918691-c52c-48ac-abc0-50d400064710.jpg'><img loading=\"lazy\" decoding=\"async\" width=\"300\" height=\"179\" src=\"https:\/\/www.radiopiu.net\/wordpress\/wp-content\/uploads\/2021\/08\/7a918691-c52c-48ac-abc0-50d400064710-300x179.jpg\" class=\"attachment-medium size-medium\" alt=\"\" srcset=\"https:\/\/www.radiopiu.net\/wordpress\/wp-content\/uploads\/2021\/08\/7a918691-c52c-48ac-abc0-50d400064710-300x179.jpg 300w, https:\/\/www.radiopiu.net\/wordpress\/wp-content\/uploads\/2021\/08\/7a918691-c52c-48ac-abc0-50d400064710.jpg 600w\" sizes=\"auto, (max-width: 300px) 100vw, 300px\" \/><\/a>\n\t\t\t\t<\/dt><\/dl><dl class='gallery-item'>\n\t\t\t\t<dt class='gallery-icon landscape'>\n\t\t\t\t\t<a class=\"rollover rollover-zoom dt-pswp-item\" title=\"c1f183fd-473e-4a7b-ab29-36f38d20e404\" data-dt-img-description=\"\" data-large_image_width=\"608\" data-large_image_height=\"369\"href='https:\/\/www.radiopiu.net\/wordpress\/wp-content\/uploads\/2021\/08\/c1f183fd-473e-4a7b-ab29-36f38d20e404.jpg'><img loading=\"lazy\" decoding=\"async\" width=\"300\" height=\"182\" src=\"https:\/\/www.radiopiu.net\/wordpress\/wp-content\/uploads\/2021\/08\/c1f183fd-473e-4a7b-ab29-36f38d20e404-300x182.jpg\" class=\"attachment-medium size-medium\" alt=\"\" srcset=\"https:\/\/www.radiopiu.net\/wordpress\/wp-content\/uploads\/2021\/08\/c1f183fd-473e-4a7b-ab29-36f38d20e404-300x182.jpg 300w, https:\/\/www.radiopiu.net\/wordpress\/wp-content\/uploads\/2021\/08\/c1f183fd-473e-4a7b-ab29-36f38d20e404.jpg 608w\" sizes=\"auto, (max-width: 300px) 100vw, 300px\" \/><\/a>\n\t\t\t\t<\/dt><\/dl><dl class='gallery-item'>\n\t\t\t\t<dt class='gallery-icon landscape'>\n\t\t\t\t\t<a class=\"rollover rollover-zoom dt-pswp-item\" title=\"5ebb5e5e-2bc8-411c-9d3e-bbfff561d1fd\" data-dt-img-description=\"\" data-large_image_width=\"610\" data-large_image_height=\"350\"href='https:\/\/www.radiopiu.net\/wordpress\/wp-content\/uploads\/2021\/08\/5ebb5e5e-2bc8-411c-9d3e-bbfff561d1fd.jpg'><img loading=\"lazy\" decoding=\"async\" width=\"300\" height=\"172\" src=\"https:\/\/www.radiopiu.net\/wordpress\/wp-content\/uploads\/2021\/08\/5ebb5e5e-2bc8-411c-9d3e-bbfff561d1fd-300x172.jpg\" class=\"attachment-medium size-medium\" alt=\"\" srcset=\"https:\/\/www.radiopiu.net\/wordpress\/wp-content\/uploads\/2021\/08\/5ebb5e5e-2bc8-411c-9d3e-bbfff561d1fd-300x172.jpg 300w, https:\/\/www.radiopiu.net\/wordpress\/wp-content\/uploads\/2021\/08\/5ebb5e5e-2bc8-411c-9d3e-bbfff561d1fd.jpg 610w\" sizes=\"auto, (max-width: 300px) 100vw, 300px\" \/><\/a>\n\t\t\t\t<\/dt><\/dl><dl class='gallery-item'>\n\t\t\t\t<dt class='gallery-icon landscape'>\n\t\t\t\t\t<a class=\"rollover rollover-zoom dt-pswp-item\" title=\"8a4efaa5-8d89-46c1-9d44-4d8e6a4d86b8\" data-dt-img-description=\"\" data-large_image_width=\"592\" data-large_image_height=\"351\"href='https:\/\/www.radiopiu.net\/wordpress\/wp-content\/uploads\/2021\/08\/8a4efaa5-8d89-46c1-9d44-4d8e6a4d86b8.jpg'><img loading=\"lazy\" decoding=\"async\" width=\"300\" height=\"178\" src=\"https:\/\/www.radiopiu.net\/wordpress\/wp-content\/uploads\/2021\/08\/8a4efaa5-8d89-46c1-9d44-4d8e6a4d86b8-300x178.jpg\" class=\"attachment-medium size-medium\" alt=\"\" srcset=\"https:\/\/www.radiopiu.net\/wordpress\/wp-content\/uploads\/2021\/08\/8a4efaa5-8d89-46c1-9d44-4d8e6a4d86b8-300x178.jpg 300w, https:\/\/www.radiopiu.net\/wordpress\/wp-content\/uploads\/2021\/08\/8a4efaa5-8d89-46c1-9d44-4d8e6a4d86b8.jpg 592w\" sizes=\"auto, (max-width: 300px) 100vw, 300px\" \/><\/a>\n\t\t\t\t<\/dt><\/dl><dl class='gallery-item'>\n\t\t\t\t<dt class='gallery-icon landscape'>\n\t\t\t\t\t<a class=\"rollover rollover-zoom dt-pswp-item\" title=\"9182acb9-b453-4197-81e0-28eff32e1330\" data-dt-img-description=\"\" data-large_image_width=\"598\" data-large_image_height=\"351\"href='https:\/\/www.radiopiu.net\/wordpress\/wp-content\/uploads\/2021\/08\/9182acb9-b453-4197-81e0-28eff32e1330.jpg'><img loading=\"lazy\" decoding=\"async\" width=\"300\" height=\"176\" src=\"https:\/\/www.radiopiu.net\/wordpress\/wp-content\/uploads\/2021\/08\/9182acb9-b453-4197-81e0-28eff32e1330-300x176.jpg\" class=\"attachment-medium size-medium\" alt=\"\" srcset=\"https:\/\/www.radiopiu.net\/wordpress\/wp-content\/uploads\/2021\/08\/9182acb9-b453-4197-81e0-28eff32e1330-300x176.jpg 300w, https:\/\/www.radiopiu.net\/wordpress\/wp-content\/uploads\/2021\/08\/9182acb9-b453-4197-81e0-28eff32e1330.jpg 598w\" sizes=\"auto, (max-width: 300px) 100vw, 300px\" \/><\/a>\n\t\t\t\t<\/dt><\/dl><br style=\"clear: both\" \/>\n\t\t\t<\/div>\n\n<p>&nbsp;<\/p>\n<p>&nbsp;<\/p>\n<hr \/>\n<p>&nbsp;<\/p>\n<blockquote>\n<h3>NUOVE SEDUTE VACCINALI AD ACCESSO LIBERO<\/h3>\n<\/blockquote>\n<p><strong><a href=\"https:\/\/www.radiopiu.net\/wordpress\/dillo-a-radio-piu-dal-rifugio-tissi-a-tamonich-per-il-vaccino\/vaccino-covid-3\/\" rel=\"attachment wp-att-222306\"><img loading=\"lazy\" decoding=\"async\" class=\"size-medium wp-image-222306 alignleft\" src=\"https:\/\/www.radiopiu.net\/wordpress\/wp-content\/uploads\/2021\/07\/vaccino-covid-300x199.jpg\" alt=\"\" width=\"300\" height=\"199\" srcset=\"https:\/\/www.radiopiu.net\/wordpress\/wp-content\/uploads\/2021\/07\/vaccino-covid-300x199.jpg 300w, https:\/\/www.radiopiu.net\/wordpress\/wp-content\/uploads\/2021\/07\/vaccino-covid-1024x678.jpg 1024w, https:\/\/www.radiopiu.net\/wordpress\/wp-content\/uploads\/2021\/07\/vaccino-covid-768x509.jpg 768w, https:\/\/www.radiopiu.net\/wordpress\/wp-content\/uploads\/2021\/07\/vaccino-covid-1536x1018.jpg 1536w, https:\/\/www.radiopiu.net\/wordpress\/wp-content\/uploads\/2021\/07\/vaccino-covid.jpg 1920w\" sizes=\"auto, (max-width: 300px) 100vw, 300px\" \/><\/a>BELLUNO <\/strong>Sono state organizzate nuove sedute vaccinali ad accesso libero per tutte le classi di et\u00e0 nei comuni di Seren del Grappa, Fonzaso e Pedavena in collaborazione con i medici di Medicina Generale i e Comuni stessi: COMUNE DI SEREN DEL GRAPPA, Sede: Centro Sportivo &#8211; Rasai Seren del Grappa mercoled\u00ec 25 agosto 2021 (richiamo previsto il 23\/09\/2021) dalle 15.00 alle 16.00 con accesso libero target over 12 anni per informazioni: 0439 883709. COMUNE DI FONZASO Sede: Centro Polifunzionale di Fonzaso in via Nogare&#8217; 6 venerd\u00ec 27 agosto 2021 (richiamo previsto il 24\/09\/2021) dalle 15.00 alle 16.00 con accesso libero target: over 12 anni per informazioni: 0439 883709. COMUNE DI PEDAVENA Sede: Scuola Elementare di Pedavena marted\u00ec 31 agosto 2021 (richiamo previsto il 28\/09\/2021) dalle 15.00 alle 16.00 con accesso libero target: over 12 anni per informazioni: 0439 883709. Si ricorda che per le persone tra 12 e 25 anni e gli over 60 \u00e8 previsto l\u2019accesso libero in tutti i drive in vaccinali (sedi e orari nel sito www.aulss1.veneto.it)<\/p>\n<p>&nbsp;<\/p>\n<p>&nbsp;<\/p>\n<hr \/>\n<p>&nbsp;<\/p>\n<blockquote>\n<h3>NOMINATO IL NUOVO COMITATO ETICO DELL\u2019ULSS DOLOMITI<\/h3>\n<\/blockquote>\n<p><strong><a href=\"https:\/\/www.radiopiu.net\/wordpress\/monoclonali-pronti-per-la-somministrazione-in-ulss-1-dolomiti\/ulss-1-2\/\" rel=\"attachment wp-att-198838\"><img loading=\"lazy\" decoding=\"async\" class=\"size-medium wp-image-198838 alignleft\" src=\"https:\/\/www.radiopiu.net\/wordpress\/wp-content\/uploads\/2021\/03\/ULSS-1-300x158.jpg\" alt=\"\" width=\"300\" height=\"158\" srcset=\"https:\/\/www.radiopiu.net\/wordpress\/wp-content\/uploads\/2021\/03\/ULSS-1-300x158.jpg 300w, https:\/\/www.radiopiu.net\/wordpress\/wp-content\/uploads\/2021\/03\/ULSS-1-768x404.jpg 768w, https:\/\/www.radiopiu.net\/wordpress\/wp-content\/uploads\/2021\/03\/ULSS-1.jpg 776w\" sizes=\"auto, (max-width: 300px) 100vw, 300px\" \/><\/a>BELLUNO\u00a0<\/strong>E\u2019 stato nominato il nuovo comitato etico dell\u2019Ulss Dolomiti. Il Comitato Etico per la Pratica Clinica \u00e8 nominato dal Direttore Generale dell\u2019Azienda per un periodo di tre anni I componenti \u2013 interni ed esterni \u2013 sono stati scelti sulla base della specifica competenza, esperienza professionale e formazione in materia bioetica. Nella prima seduta, il Comitato elegge il Presidente e il Vice Presidente, uno dei quali deve essere scelto tra i componenti esterni; Il Comitato svolge le seguenti attivit\u00e0: a) analisi etica di casi clinici; b) sviluppo di raccomandazioni e indirizzi di carattere etico; c) formazione in materia bioetica e sensibilizzazione della cittadinanza; d) contributo sul tema della allocazione e dell\u2019impiego delle risorse nel S.S.R.; Il Comitato, entro 60 giorni dall\u2019insediamento, approva o aggiorna il regolamento per il proprio funzionamento, nonch\u00e9 per la disciplina della decadenza, dimissioni ed eventuale previsione di gettoni di presenza e rimborso spese. Di seguito i componenti:<\/p>\n<table width=\"587\">\n<tbody>\n<tr>\n<td width=\"184\">Livio Simioni<\/td>\n<td width=\"393\">Medico dipendente dell\u2019Azienda<\/td>\n<\/tr>\n<tr>\n<td width=\"184\">Petros Giovanis<\/td>\n<td width=\"393\">Medico dipendente dell\u2019Azienda<\/td>\n<\/tr>\n<tr>\n<td width=\"184\">Lorenzo Bernardi<\/td>\n<td width=\"393\">Medico dipendente dell\u2019Azienda<\/td>\n<\/tr>\n<tr>\n<td width=\"184\">Davide Mazzon<\/td>\n<td width=\"393\">Bioeticista (dipendente dell\u2019Azienda)<\/td>\n<\/tr>\n<tr>\n<td width=\"184\">Claudio Bianchin<\/td>\n<td width=\"393\">Risk Manager\/Medico Legale (dipendente dell\u2019Azienda)<\/td>\n<\/tr>\n<tr>\n<td width=\"184\">Francesca De Biasi<\/td>\n<td width=\"393\">Psicologa ambulatoriale dell\u2019Azienda<\/td>\n<\/tr>\n<tr>\n<td width=\"184\">Fabio Bortot<\/td>\n<td width=\"393\">Medico di assistenza primaria dell\u2019Azienda<\/td>\n<\/tr>\n<tr>\n<td width=\"184\">Paola Bonato<\/td>\n<td width=\"393\">Pediatra di libera scelta dell\u2019Azienda<\/td>\n<\/tr>\n<tr>\n<td width=\"184\">Michela Casagrande<\/td>\n<td width=\"393\">Operatore delle professioni sanitarie dell\u2019Azienda<\/td>\n<\/tr>\n<tr>\n<td width=\"184\">Alessandra Turrin<\/td>\n<td width=\"393\">Operatore delle professioni sanitarie dell\u2019Azienda<\/td>\n<\/tr>\n<tr>\n<td width=\"184\">Lucia Da Rin Fioretto<\/td>\n<td width=\"393\">Operatore delle professioni sanitarie dell\u2019Azienda<\/td>\n<\/tr>\n<tr>\n<td width=\"184\">Lucia Busatta<\/td>\n<td width=\"393\">Giurista\/Esperta materie giuridiche (esterna)<\/td>\n<\/tr>\n<tr>\n<td width=\"184\">Paolo Colleselli<\/td>\n<td width=\"393\">Rappresentante Associazioni di Volontariato (esterno)<\/td>\n<\/tr>\n<tr>\n<td width=\"184\">Francesca Salvadori<\/td>\n<td width=\"393\">Assistente sociale (dipendente dell\u2019Azienda)<\/td>\n<\/tr>\n<tr>\n<td width=\"184\">Valentina Bertelle<\/td>\n<td width=\"393\">Assistente sociale (esterna)<\/td>\n<\/tr>\n<\/tbody>\n<\/table>\n<p>&nbsp;<\/p>\n<hr \/>\n<p>&nbsp;<\/p>\n<blockquote>\n<h3>STELLA NON SOLO LA CASA ACQUISTATA MA ANCHE RISTRUTTURATA NEL RICORDO DI PAPA LUCIANI<\/h3>\n<\/blockquote>\n<p><strong><span style=\"font-family: Arial, sans-serif;\"><span style=\"font-size: small;\"><a href=\"https:\/\/www.radiopiu.net\/wordpress\/stella-non-solo-la-casa-la-acquistata-ma-anche-ristrutturata-nel\/monsignor-beniamino-stella\/\" rel=\"attachment wp-att-229126\"><img loading=\"lazy\" decoding=\"async\" class=\" wp-image-229126 alignleft\" src=\"https:\/\/www.radiopiu.net\/wordpress\/wp-content\/uploads\/2021\/08\/Monsignor-Beniamino-Stella-300x300.jpg\" alt=\"\" width=\"188\" height=\"188\" srcset=\"https:\/\/www.radiopiu.net\/wordpress\/wp-content\/uploads\/2021\/08\/Monsignor-Beniamino-Stella-300x300.jpg 300w, https:\/\/www.radiopiu.net\/wordpress\/wp-content\/uploads\/2021\/08\/Monsignor-Beniamino-Stella-1024x1024.jpg 1024w, https:\/\/www.radiopiu.net\/wordpress\/wp-content\/uploads\/2021\/08\/Monsignor-Beniamino-Stella-150x150.jpg 150w, https:\/\/www.radiopiu.net\/wordpress\/wp-content\/uploads\/2021\/08\/Monsignor-Beniamino-Stella-768x768.jpg 768w, https:\/\/www.radiopiu.net\/wordpress\/wp-content\/uploads\/2021\/08\/Monsignor-Beniamino-Stella.jpg 1200w\" sizes=\"auto, (max-width: 188px) 100vw, 188px\" \/><\/a>CANALE D&#8217;AGORDO <\/span><\/span><\/strong><span style=\"font-family: Arial, sans-serif;\"><span style=\"font-size: small;\">Nessuno lo sapeva, nessuno delle centinaia di visitatori della <\/span><\/span><span style=\"font-family: Arial, sans-serif;\"><span style=\"font-size: small;\">casa natale di papa Luciani a Canale d&#8217;Agordo (Belluno) conosceva il nome del benefattore che nel 2019 acquist\u00f2 lo stabile in via Rividela 8 per donarlo alla diocesi di Vittorio Veneto (Treviso). Fu un passo decisivo per permettere ai fedeli di entrare nelle stanze dove nacque e visse i suoi primi anni Albino Luciani, futuro papa Giovanni Paolo I. <\/span><\/span><span style=\"font-family: Arial, sans-serif;\"><span style=\"font-size: small;\">Or<span style=\"color: #000000;\">a il \u201cmistero\u201d \u00e8 st<\/span><span style=\"color: #000000;\">ato svel<\/span>ato: si tratta del cardinale Beniamino Stella, nato a Pieve di Soligo (Treviso) e postulatore della Causa di Canonizzazione di Giovanni Paolo I. A dare la notizia \u00e8 stato l&#8217;arciprete di Pieve di Soligo, monsignor Giuseppe Nadal, al termine della Santa Messa in Duomo del 22 agosto in cui venivano celebrati gli 80 anni del porporato Stella, nato il 18 agosto 1941. M<\/span><\/span><span style=\"font-size: small; font-family: Arial, sans-serif;\">onsignor Nadal ha dichiarato: <em>\u00abIn questa circostanza vorrei rendere pubblico, d\u2019accordo con il vescovo Corrado, un altro motivo di riconoscenza che proprio la diocesi di Vittorio Veneto ha verso il Cardinale Stella: egli \u00e8 infatti quel <\/em><\/span><em>donatore anonimo che oltre due anni fa, con risorse proprie, ha permesso l\u2019acquisto della Casa di Papa Luciani a Canale d\u2019Agordo<span style=\"font-size: small; font-family: Arial, sans-serif;\">. A suo tempo aveva voluto tenere riservata questa sua decisione, ma ora ci sembra giusto rendere pubblico questo suo gesto di grande <a href=\"https:\/\/www.radiopiu.net\/wordpress\/stella-non-solo-la-casa-la-acquistata-ma-anche-ristrutturata-nel\/la-casa-natale-del-futuro-papa\/\" rel=\"attachment wp-att-229125\"><img loading=\"lazy\" decoding=\"async\" class=\"size-medium wp-image-229125 alignright\" src=\"https:\/\/www.radiopiu.net\/wordpress\/wp-content\/uploads\/2021\/08\/La-casa-natale-del-futuro-Papa-300x200.jpg\" alt=\"\" width=\"300\" height=\"200\" srcset=\"https:\/\/www.radiopiu.net\/wordpress\/wp-content\/uploads\/2021\/08\/La-casa-natale-del-futuro-Papa-300x200.jpg 300w, https:\/\/www.radiopiu.net\/wordpress\/wp-content\/uploads\/2021\/08\/La-casa-natale-del-futuro-Papa-1024x684.jpg 1024w, https:\/\/www.radiopiu.net\/wordpress\/wp-content\/uploads\/2021\/08\/La-casa-natale-del-futuro-Papa-768x513.jpg 768w, https:\/\/www.radiopiu.net\/wordpress\/wp-content\/uploads\/2021\/08\/La-casa-natale-del-futuro-Papa-1536x1025.jpg 1536w, https:\/\/www.radiopiu.net\/wordpress\/wp-content\/uploads\/2021\/08\/La-casa-natale-del-futuro-Papa-2048x1367.jpg 2048w\" sizes=\"auto, (max-width: 300px) 100vw, 300px\" \/><\/a>generosit\u00e0\u00bb. <\/span><\/em><span style=\"font-family: Arial, sans-serif;\"><span style=\"font-size: small;\">Ma il gesto generoso del cardinale Stella non si \u00e8 fermato all&#8217;acquisto della casa natale e alla sua donazione alla diocesi di Vittorio Veneto: grazie al suo contributo, infatti, \u00e8 stato possibile portare a termine i lavori di sistemazione della casa, in collaborazione con la Cei &#8211; Conferenza Episcopale Italiana), la diocesi di Venezia e quella di Vittorio Veneto. Beniamino Stella\u00a0 celebrer\u00e0, assieme a monsignor Renato Marangoni, vescovo della diocesi di Belluno-Feltre, la messa di gioved\u00ec 26 agosto, alle ore 16.30, in piazza papa Luciani a Canale d&#8217;Agordo (Belluno) in occasione dell&#8217;elezione di papa Giovanni Paolo I. <\/span><\/span><span style=\"font-family: Arial, sans-serif;\"><span style=\"font-size: small;\">La casa in via Rividella 8, dove a mezzogiorno di gioved\u00ec 17 ottobre 1912 nacque Albino Luciani, apr\u00ec <\/span><\/span><span style=\"font-family: Arial, sans-serif;\"><span style=\"font-size: small;\">alcune delle sue stanze al pubblico per la prima volta nell&#8217;agosto 2019<\/span><\/span><span style=\"font-family: Arial, sans-serif;\"><span style=\"font-size: small;\">, proprio con una visita del cardinale Beniamino Stella, Postulatore della Causa di Canonizzazione di papa Giovanni Paolo I: <a href=\"https:\/\/www.radiopiu.net\/wordpress\/stella-non-solo-la-casa-la-acquistata-ma-anche-ristrutturata-nel\/monsignor-beniamino-stella-con-papa-francesco\/\" rel=\"attachment wp-att-229127\"><img loading=\"lazy\" decoding=\"async\" class=\"size-medium wp-image-229127 alignleft\" src=\"https:\/\/www.radiopiu.net\/wordpress\/wp-content\/uploads\/2021\/08\/Monsignor-Beniamino-Stella-con-papa-Francesco-300x200.jpg\" alt=\"\" width=\"300\" height=\"200\" srcset=\"https:\/\/www.radiopiu.net\/wordpress\/wp-content\/uploads\/2021\/08\/Monsignor-Beniamino-Stella-con-papa-Francesco-300x200.jpg 300w, https:\/\/www.radiopiu.net\/wordpress\/wp-content\/uploads\/2021\/08\/Monsignor-Beniamino-Stella-con-papa-Francesco-1024x682.jpg 1024w, https:\/\/www.radiopiu.net\/wordpress\/wp-content\/uploads\/2021\/08\/Monsignor-Beniamino-Stella-con-papa-Francesco-768x512.jpg 768w, https:\/\/www.radiopiu.net\/wordpress\/wp-content\/uploads\/2021\/08\/Monsignor-Beniamino-Stella-con-papa-Francesco-1536x1024.jpg 1536w, https:\/\/www.radiopiu.net\/wordpress\/wp-content\/uploads\/2021\/08\/Monsignor-Beniamino-Stella-con-papa-Francesco-2048x1365.jpg 2048w\" sizes=\"auto, (max-width: 300px) 100vw, 300px\" \/><\/a>\u00abPer tutti fu una grande emozione poter entrare nelle stanze che videro nascere e crescere Albino Luciani fino all&#8217;ottobre 1923, quando entr\u00f2 nel seminario di Feltre\u00bb, ricorda <\/span><\/span><span style=\"font-family: Arial, sans-serif;\"><span style=\"font-size: small;\">Loris Serafini, direttore del vicino Musal \u2013 Museo Albino Luciani (<\/span><\/span><span style=\"color: #000080;\"><span lang=\"zxx\"><u><a class=\"ydp7c39dd11western\" href=\"http:\/\/www.musal.it\/\" target=\"_blank\" rel=\"nofollow noopener\"><span style=\"font-family: Arial, sans-serif;\"><span style=\"font-size: small;\">www.musal.it<\/span><\/span><\/a><\/u><\/span><\/span><span style=\"font-family: Arial, sans-serif;\"><span style=\"font-size: small;\">) gestito, come la casa natale, dalla Fondazione Papa Luciani Onlus di Canale d&#8217;Agordo (Belluno)<\/span><\/span><span style=\"font-family: Arial, sans-serif;\"><span style=\"font-size: small;\">. Dopo l&#8217;inaugurazione, furono centinaia i fedeli che accorsero a Canale d&#8217;Agordo per vedere di persona la <\/span><\/span><span style=\"font-family: Arial, sans-serif;\"><span style=\"font-size: small;\"><i>stua<\/i><\/span><\/span><span style=\"font-family: Arial, sans-serif;\"><span style=\"font-size: small;\">, il locale pi\u00f9 caldo della casa dove il piccolo Albino vide la luce e fu battezzato per imminente pericolo di vita dalla levatrice Maria Fiocco, o la stanza da letto dove Luciani, quando era vescovo di Vittorio Veneto (Treviso) riposava durante le visite al fratello. <\/span><\/span><span style=\"font-family: Arial, sans-serif;\"><span style=\"font-size: small;\">Dal 9 maggio del 2021 tutte le stanze sono aperte al pubblico: ora, quindi, i visitatori possono entrare anche nelle altre cinque stanze del secondo piano, immergendosi cos\u00ec completamente nella vita di Albino Luciani e della sua famiglia. <\/span><\/span><\/p>\n<p>&nbsp;<\/p>\n<p>&nbsp;<\/p>\n<hr \/>\n<blockquote>\n<h3><\/h3>\n<h3>L&#8217;ISOLA ECOLOGICA INTERRATA DI VIA MAZZINI<\/h3>\n<\/blockquote>\n<p><strong>CALALZO<\/strong> Via le campane della raccolta differenziata, in arrivo le isole ecologiche interrate: a Calalzo di Cadore nuovo sistema che permetter\u00e0 di migliorare il servizio. Ad annunciarlo \u00e8 il sindaco Luca De Carlo: <em>\u201cSi tratta di un esperimento che, se dar\u00e0 buoni risultati come crediamo, potr\u00e0 essere replicato anche in altre zone del paese&#8221;. <\/em>Il costo dell&#8217;intervento ammonta a 20mila euro, 15mila a carico dell&#8217;Unione Montana Centro Cadore e 5mila del Comune di Calalzo di Cadore.<\/p>\n<p>&nbsp;<\/p>\n<p>&nbsp;<\/p>\n<hr \/>\n<blockquote>\n<h3>IL CALENDARIO PER UN ACCESSO EQUO E GLOBALE AL VACCINO ANTI COVID<\/h3>\n<\/blockquote>\n<p><span style=\"font-family: Times New Roman, serif;\"><span style=\"font-size: x-large;\"><strong><a href=\"https:\/\/www.radiopiu.net\/wordpress\/il-calendario-per-un-accesso-equo-e-globale-al-vaccino-anti-covid\/grafica-2-per-cs\/\" rel=\"attachment wp-att-229091\"><img loading=\"lazy\" decoding=\"async\" class=\" wp-image-229091 alignleft\" src=\"https:\/\/www.radiopiu.net\/wordpress\/wp-content\/uploads\/2021\/08\/Grafica-2-per-CS-285x300.jpeg\" alt=\"\" width=\"198\" height=\"208\" srcset=\"https:\/\/www.radiopiu.net\/wordpress\/wp-content\/uploads\/2021\/08\/Grafica-2-per-CS-285x300.jpeg 285w, https:\/\/www.radiopiu.net\/wordpress\/wp-content\/uploads\/2021\/08\/Grafica-2-per-CS-768x808.jpeg 768w, https:\/\/www.radiopiu.net\/wordpress\/wp-content\/uploads\/2021\/08\/Grafica-2-per-CS.jpeg 800w\" sizes=\"auto, (max-width: 198px) 100vw, 198px\" \/><\/a>BELLUNO<\/strong> Il calendario della Polizia di Stato 2022 <\/span><\/span><span style=\"color: #000000;\"><span style=\"font-family: Times New Roman, serif;\"><span style=\"font-size: x-large;\">racconter\u00e0 l\u2019attivit\u00e0 operativa delle donne e degli uomini della Polizia di Stato al servizio della comunit\u00e0 in un modo diverso: le fotografie che accompagnano i mesi sono state infatti scattate da 12 poliziotti che hanno cos\u00ec coniugato passione professionale e sensibilit\u00e0 estetica. <\/span><\/span><\/span><span style=\"font-family: Times New Roman, serif;\"><span style=\"font-size: x-large;\">Anche quest\u2019anno la realizzazione del calendario della Polizia di Stato ha trovato la <\/span><\/span><span style=\"font-family: Times New Roman, serif;\"><span style=\"font-size: x-large;\"><i>partnership<\/i><\/span><\/span><span style=\"font-family: Times New Roman, serif;\"><span style=\"font-size: x-large;\"> di UNICEF. La vendita dell\u2019ultimo calendario <\/span><\/span><span style=\"font-family: Times New Roman, serif;\"><span style=\"font-size: x-large;\"><span lang=\"en-US\">ha permesso di devolvere<\/span><\/span><\/span><span style=\"font-family: Times New Roman, serif;\"><span style=\"font-size: x-large;\"> quasi \u20ac 200.000 <\/span><\/span><span style=\"font-family: Times New Roman, serif;\"><span style=\"font-size: x-large;\"><span lang=\"en-US\">al progetto<\/span><\/span><\/span> <span style=\"font-family: Times New Roman, serif;\"><span style=\"font-size: x-large;\">volto a fronteggiare le situazioni di disagio <a href=\"https:\/\/www.radiopiu.net\/wordpress\/il-calendario-per-un-accesso-equo-e-globale-al-vaccino-anti-covid\/grafica-1-per-cs\/\" rel=\"attachment wp-att-229090\"><img loading=\"lazy\" decoding=\"async\" class=\"size-medium wp-image-229090 alignright\" src=\"https:\/\/www.radiopiu.net\/wordpress\/wp-content\/uploads\/2021\/08\/Grafica-1-per-CS-300x240.jpg\" alt=\"\" width=\"300\" height=\"240\" srcset=\"https:\/\/www.radiopiu.net\/wordpress\/wp-content\/uploads\/2021\/08\/Grafica-1-per-CS-300x240.jpg 300w, https:\/\/www.radiopiu.net\/wordpress\/wp-content\/uploads\/2021\/08\/Grafica-1-per-CS-1024x819.jpg 1024w, https:\/\/www.radiopiu.net\/wordpress\/wp-content\/uploads\/2021\/08\/Grafica-1-per-CS-768x615.jpg 768w, https:\/\/www.radiopiu.net\/wordpress\/wp-content\/uploads\/2021\/08\/Grafica-1-per-CS-1536x1229.jpg 1536w, https:\/\/www.radiopiu.net\/wordpress\/wp-content\/uploads\/2021\/08\/Grafica-1-per-CS-2048x1639.jpg 2048w\" sizes=\"auto, (max-width: 300px) 100vw, 300px\" \/><\/a>minorile conseguenti all\u2019emergenza da COVID 19. <\/span><\/span><span style=\"font-family: Times New Roman, serif;\"><span style=\"font-size: x-large;\">Per il 2022 il ricavato della vendita sosterr\u00e0 il progetto \u201cCOVAX per un accesso equo e globale ai vaccini\u201d che consentir\u00e0 di estendere la campagna vaccinale ai bambini dei paesi pi\u00f9 poveri. Una quota, come di consueto, sar\u00e0 devoluta al Piano di assistenza \u201cMarco Valerio\u201d, riservato ai figli dei dipendenti della Polizia di Stato affetti da patologie croniche. <\/span><\/span><span style=\"font-family: Times New Roman, serif;\"><span style=\"font-size: x-large;\">Chiunque potr\u00e0 prenotare il calendario da parete (costo 8 euro) e il calendario da tavolo (costo 6 euro), entro e non oltre il prossimo 21 settembre,<\/span><\/span> <span style=\"font-family: Times New Roman, serif;\"><span style=\"font-size: x-large;\">facendo un <\/span><\/span><span style=\"font-family: Times New Roman, serif;\"><span style=\"font-size: x-large;\"><span lang=\"en-US\">versamento sul conto corrente postale nr. 745000, intestato a \u201c Comitato Italiano <\/span><\/span><\/span><span style=\"font-family: Times New Roman, serif;\"><span style=\"font-size: x-large;\">per l\u2019<\/span><\/span><span style=\"font-family: Times New Roman, serif;\"><span style=\"font-size: x-large;\"><span lang=\"en-US\">Unicef\u201d. Sul bollettino dovr\u00e0 essere indicata la causale <\/span><\/span><\/span><span style=\"font-family: Times New Roman, serif;\"><span style=\"font-size: x-large;\">\u201c<\/span><\/span><span style=\"font-family: Times New Roman, serif;\"><span style=\"font-size: x-large;\"><span lang=\"en-US\"><i>Calendario della Polizia di Stato 202<\/i><\/span><\/span><\/span><span style=\"font-family: Times New Roman, serif;\"><span style=\"font-size: x-large;\"><i>2<\/i><\/span><\/span><span style=\"font-family: Times New Roman, serif;\"><span style=\"font-size: x-large;\"><i>\u201d<\/i><\/span><\/span><span style=\"font-family: Times New Roman, serif;\"><span style=\"font-size: x-large;\">. Copia dell\u2019attestazione di versamento dovr\u00e0 poi essere presentata all\u2019Ufficio Relazioni con il Pubblico della Questura competente.<\/span><\/span><\/p>\n<p>&nbsp;<\/p>\n<p>&nbsp;<\/p>\n<hr \/>\n<p>&nbsp;<\/p>\n<p>&nbsp;<\/p>\n<blockquote>\n<h3>UN PROGETTO PER VALORIZZARE LE ZONE FLAGELLATE DA VAIA<\/h3>\n<\/blockquote>\n<p><a href=\"https:\/\/www.radiopiu.net\/wordpress\/giornale-radiopiu-24-agosto-2021-direttore-mirko-mezzacasa\/vaia-guardia-forestale\/\" rel=\"attachment wp-att-229130\"><img loading=\"lazy\" decoding=\"async\" class=\"size-medium wp-image-229130 alignleft\" src=\"https:\/\/www.radiopiu.net\/wordpress\/wp-content\/uploads\/2021\/08\/Vaia-guardia-forestale-300x169.jpg\" alt=\"\" width=\"300\" height=\"169\" srcset=\"https:\/\/www.radiopiu.net\/wordpress\/wp-content\/uploads\/2021\/08\/Vaia-guardia-forestale-300x169.jpg 300w, https:\/\/www.radiopiu.net\/wordpress\/wp-content\/uploads\/2021\/08\/Vaia-guardia-forestale-1024x576.jpg 1024w, https:\/\/www.radiopiu.net\/wordpress\/wp-content\/uploads\/2021\/08\/Vaia-guardia-forestale-768x432.jpg 768w, https:\/\/www.radiopiu.net\/wordpress\/wp-content\/uploads\/2021\/08\/Vaia-guardia-forestale-1536x864.jpg 1536w, https:\/\/www.radiopiu.net\/wordpress\/wp-content\/uploads\/2021\/08\/Vaia-guardia-forestale.jpg 1920w\" sizes=\"auto, (max-width: 300px) 100vw, 300px\" \/><\/a><strong>BELLUNO<\/strong> In queste settimane un team di antropologi \u00e8 al lavoro nei luoghi del Bellunese colpiti nel 2018 dalla tempesta Vaia, in particolare nel Feltrino, nell\u2019alto Agordino e in Comelico. Si tratta di un progetto di ricerca coordinato dal Museo etnografico di Seravella e del Parco Nazionale Dolomiti Bellunesi, finanziato nell&#8217;ambito dell&#8217;Accordo tra Presidenza del Consiglio dei Ministri e Regione del Veneto per la valorizzazione dei territori colpiti dall&#8217;Evento Vaia in memoria della Grande Guerra e cofinanziato dalla Provincia di Belluno. La ricerca si basa principalmente sulla raccolta di un numero significativo di interviste, in un\u2019ottica antropologica, a varie categorie di persone e sulla documentazione visiva di alcuni contesti toccati dalla devastazione della tempesta. Il titolo del progetto \u00e8 \u201cScappare, rimanere, andare, ritornare, resistere. Grande Guerra e Vaia: accadimenti del passato e del presente sollecitano riflessioni sull&#8217;abitare e vivere la montagna e sul suo significato pi\u00f9 profondo\u201d.\u00a0 Tutte le interviste raccolte andranno a costituire un\u2019apposita sezione dell\u2019archivio delle fonti orali del Museo mentre i risultati della ricerca e il filmato o meglio, i due filmati in via di realizzazione, saranno presentati al pubblico entro la fine di ottobre nella sala conferenze della villa di Seravella.<\/p>\n<p>&nbsp;<\/p>\n<p>&nbsp;<\/p>\n<hr \/>\n<p>&nbsp;<\/p>\n<blockquote>\n<h3>IMMENSO BLU PREMIATO AL SWISS MOUNTAIN FILM FESTIVAL. L\u2019ULTIMA FATICA DOCU-FILMICA DI MANRICO DELL\u2019AGNOLA RICEVE LA MENZIONE SPECIALE DELLA GIURIA<\/h3>\n<\/blockquote>\n<p><strong><a href=\"https:\/\/www.radiopiu.net\/wordpress\/immenso-blu-premiato-al-swiss-mountain-film-festival-lultima-fatica-docu-filmica-di-manrico-dellagnola-riceve-la-menzione-speciale-della-giuria\/premiazione-swissmountainfilmfestival-2021\/\" rel=\"attachment wp-att-229169\"><img loading=\"lazy\" decoding=\"async\" class=\"size-medium wp-image-229169 alignleft\" src=\"https:\/\/www.radiopiu.net\/wordpress\/wp-content\/uploads\/2021\/08\/premiazione-swissmountainfilmfestival-2021-287x300.jpg\" alt=\"\" width=\"287\" height=\"300\" srcset=\"https:\/\/www.radiopiu.net\/wordpress\/wp-content\/uploads\/2021\/08\/premiazione-swissmountainfilmfestival-2021-287x300.jpg 287w, https:\/\/www.radiopiu.net\/wordpress\/wp-content\/uploads\/2021\/08\/premiazione-swissmountainfilmfestival-2021-978x1024.jpg 978w, https:\/\/www.radiopiu.net\/wordpress\/wp-content\/uploads\/2021\/08\/premiazione-swissmountainfilmfestival-2021-768x804.jpg 768w, https:\/\/www.radiopiu.net\/wordpress\/wp-content\/uploads\/2021\/08\/premiazione-swissmountainfilmfestival-2021-1467x1536.jpg 1467w, https:\/\/www.radiopiu.net\/wordpress\/wp-content\/uploads\/2021\/08\/premiazione-swissmountainfilmfestival-2021-1956x2048.jpg 1956w\" sizes=\"auto, (max-width: 287px) 100vw, 287px\" \/><\/a>PONTRESINA (SVIZZERA) <\/strong>Dopo essere approdato al Sestriere Film Festival, \u201cImmenso blu\u201d si aggiudica un premio al Swiss Mountain Film Festival.\u00a0 Si \u00e8 svolta sabato 21 Agosto a Pontresina, Cantone dei Grigioni, la premiazione del film ultimo lavoro di Manrico Dell\u2019Agnola, un cortometraggio girato in Antartide nel 2020. Il film \u00e8 stato apprezzato dalla giuria, che ha conferito la prevista menzione speciale, non solo per la spettacolare fotografia e per le salite alpinistiche, ma per aver inoltre saputo contestualizzare la spedizione dando voce anche alla storia attraverso la testimonianza di Luigino Airoldi, dei Ragni di Lecco, che negli anni 70 aveva affrontato, con una piccola barca a vela e con intenzioni alpinistiche, la medesima traversata. Manrico, fotografo ed alpinista, da alcuni anni si \u00e8 fatto prendere dalla passione per la cinematografia. Dopo aver realizzato una serie di video relativi alle sue peregrinazioni nelle mecche dell\u2019alpinismo, si \u00e8 affermato come regista con il cortometraggio \u201cDonnafugata\u201d, che racconta la salita in libera di una delle vie pi\u00f9 apprezzate delle Dolomiti; un grande successo, anch\u2019esso riconosciuto e premiato in vari festival internazionali. Questa volta l\u2019opera racconta la storia di una spedizione, terminata in febbraio dello scorso anno, che ha visto i tre protagonisti, Gianluca Cavalli, Marcello Sanguineti e Manrico Dell\u2019Agnola, tutti accademici del C.A.I., attraversare lo Stretto di Drake a bordo di una barca a vela per esplorare, con intenzioni alpinistiche, alcune valli della Penisola Antartica. Un viaggio avventuroso, un\u2019esperienza inusuale e completa, in un ambiente selvaggio, popolato da una miriade di animali e dominato da enormi ghiacciai, dove i tre protagonisti hanno salito per primi alcune linee molto interessanti ed hanno svolto anche un\u2019azione di campionatura di neve per una ricerca del CNR sulla presenza di microplastiche. \u201c<em>Non avrei mai immaginato un viaggio del genere \u2013spiega Dell\u2019Agnola- l\u2019acqua non \u00e8 il mio elemento e odio il freddo, ma un\u2019occasione come questa non capita tutti i giorni, quindi sono partito e non me ne pento; un\u2019esperienza grandiosa ed esclusiva<\/em>.\u201d Il film chiuder\u00e0 la rassegna di \u201cOltre le Vette\u201d, e sar\u00e0 proiettato al Teatro Comunale di Belluno domenica 17 Ottobre; alla serata parteciper\u00e0 il musicista Marco Crivellaro e la cantante Enrica Bacchia entrambi autori della suggestiva colonna sonora.<\/p>\n<p><strong>LE IMMAGINI DAL FILM<\/strong><\/p>\n\n\t\t\t<style type='text\/css'>\n\t\t\t\t#gallery-2 {\n\t\t\t\t\tmargin: auto;\n\t\t\t\t}\n\t\t\t\t#gallery-2 .gallery-item {\n\t\t\t\t\tfloat: left;\n\t\t\t\t\tmargin-top: 10px;\n\t\t\t\t\ttext-align: center;\n\t\t\t\t\twidth: 33%;\n\t\t\t\t}\n\t\t\t\t#gallery-2 img {\n\t\t\t\t\tborder: 2px solid #cfcfcf;\n\t\t\t\t}\n\t\t\t\t#gallery-2 .gallery-caption {\n\t\t\t\t\tmargin-left: 0;\n\t\t\t\t}\n\t\t\t\t\/* see gallery_shortcode() in wp-includes\/media.php *\/\n\t\t\t<\/style>\n\t\t<div id='gallery-2' class='dt-gallery-container gallery galleryid-229044 gallery-columns-3 gallery-size-medium'><dl class='gallery-item'>\n\t\t\t\t<dt class='gallery-icon landscape'>\n\t\t\t\t\t<a class=\"rollover rollover-zoom dt-pswp-item\" title=\"immagini dal film (1)\" data-dt-img-description=\"\" data-large_image_width=\"500\" data-large_image_height=\"334\"href='https:\/\/www.radiopiu.net\/wordpress\/wp-content\/uploads\/2021\/08\/immagini-dal-film-1.jpg'><img loading=\"lazy\" decoding=\"async\" width=\"300\" height=\"200\" src=\"https:\/\/www.radiopiu.net\/wordpress\/wp-content\/uploads\/2021\/08\/immagini-dal-film-1-300x200.jpg\" class=\"attachment-medium size-medium\" alt=\"\" srcset=\"https:\/\/www.radiopiu.net\/wordpress\/wp-content\/uploads\/2021\/08\/immagini-dal-film-1-300x200.jpg 300w, https:\/\/www.radiopiu.net\/wordpress\/wp-content\/uploads\/2021\/08\/immagini-dal-film-1.jpg 500w\" sizes=\"auto, (max-width: 300px) 100vw, 300px\" \/><\/a>\n\t\t\t\t<\/dt><\/dl><dl class='gallery-item'>\n\t\t\t\t<dt class='gallery-icon landscape'>\n\t\t\t\t\t<a class=\"rollover rollover-zoom dt-pswp-item\" title=\"immagini dal film (2)\" data-dt-img-description=\"\" data-large_image_width=\"1000\" data-large_image_height=\"674\"href='https:\/\/www.radiopiu.net\/wordpress\/wp-content\/uploads\/2021\/08\/immagini-dal-film-2.jpg'><img loading=\"lazy\" decoding=\"async\" width=\"300\" height=\"202\" src=\"https:\/\/www.radiopiu.net\/wordpress\/wp-content\/uploads\/2021\/08\/immagini-dal-film-2-300x202.jpg\" class=\"attachment-medium size-medium\" alt=\"\" srcset=\"https:\/\/www.radiopiu.net\/wordpress\/wp-content\/uploads\/2021\/08\/immagini-dal-film-2-300x202.jpg 300w, https:\/\/www.radiopiu.net\/wordpress\/wp-content\/uploads\/2021\/08\/immagini-dal-film-2-768x518.jpg 768w, https:\/\/www.radiopiu.net\/wordpress\/wp-content\/uploads\/2021\/08\/immagini-dal-film-2.jpg 1000w\" sizes=\"auto, (max-width: 300px) 100vw, 300px\" \/><\/a>\n\t\t\t\t<\/dt><\/dl><dl class='gallery-item'>\n\t\t\t\t<dt class='gallery-icon landscape'>\n\t\t\t\t\t<a class=\"rollover rollover-zoom dt-pswp-item\" title=\"immagini dal film (3)\" data-dt-img-description=\"\" data-large_image_width=\"1000\" data-large_image_height=\"667\"href='https:\/\/www.radiopiu.net\/wordpress\/wp-content\/uploads\/2021\/08\/immagini-dal-film-3.jpg'><img loading=\"lazy\" decoding=\"async\" width=\"300\" height=\"200\" src=\"https:\/\/www.radiopiu.net\/wordpress\/wp-content\/uploads\/2021\/08\/immagini-dal-film-3-300x200.jpg\" class=\"attachment-medium size-medium\" alt=\"\" srcset=\"https:\/\/www.radiopiu.net\/wordpress\/wp-content\/uploads\/2021\/08\/immagini-dal-film-3-300x200.jpg 300w, https:\/\/www.radiopiu.net\/wordpress\/wp-content\/uploads\/2021\/08\/immagini-dal-film-3-768x512.jpg 768w, https:\/\/www.radiopiu.net\/wordpress\/wp-content\/uploads\/2021\/08\/immagini-dal-film-3.jpg 1000w\" sizes=\"auto, (max-width: 300px) 100vw, 300px\" \/><\/a>\n\t\t\t\t<\/dt><\/dl><br style=\"clear: both\" \/>\n\t\t\t<\/div>\n\n<p>&nbsp;<\/p>\n<hr \/>\n<p>&nbsp;<\/p>\n<blockquote>\n<h3>UN PO&#8217; PER GIOCO IL 29 AGOSTO A SANTA GIUSTINA<\/h3>\n<\/blockquote>\n<p><strong><a href=\"https:\/\/www.radiopiu.net\/wordpress\/un-po-per-gioco-il-29-agosto-a-santa-giustina\/231262211_103691038688651_1693337942980537310_n\/\" rel=\"attachment wp-att-228671\"><img loading=\"lazy\" decoding=\"async\" class=\"size-medium wp-image-228671 alignleft\" src=\"https:\/\/www.radiopiu.net\/wordpress\/wp-content\/uploads\/2021\/08\/231262211_103691038688651_1693337942980537310_n-300x210.jpg\" alt=\"\" width=\"300\" height=\"210\" srcset=\"https:\/\/www.radiopiu.net\/wordpress\/wp-content\/uploads\/2021\/08\/231262211_103691038688651_1693337942980537310_n-300x210.jpg 300w, https:\/\/www.radiopiu.net\/wordpress\/wp-content\/uploads\/2021\/08\/231262211_103691038688651_1693337942980537310_n-1024x717.jpg 1024w, https:\/\/www.radiopiu.net\/wordpress\/wp-content\/uploads\/2021\/08\/231262211_103691038688651_1693337942980537310_n-768x538.jpg 768w, https:\/\/www.radiopiu.net\/wordpress\/wp-content\/uploads\/2021\/08\/231262211_103691038688651_1693337942980537310_n.jpg 1440w\" sizes=\"auto, (max-width: 300px) 100vw, 300px\" \/><\/a> <\/strong><\/p>\n<p><strong>\u00a0<\/strong><\/p>\n<p><strong>\u00a0<\/strong><strong>SANTA GIUSTINA<\/strong> Per gli appassionati di costruzioni Lego, l&#8217;appuntamento \u00e8 per domenica 29 agosto a Santa Giustina con &#8220;Un P\u00f2 Per Gioco&#8221;. Dalle 10 alle 20 alle scuole elementari con animazioni per bambini e food truck, spettacoli teatrali e area ristoro. Accesso libero e gratuito con green pass.<\/p>\n<p><strong>PER IL PROGRAMMA DELLA GIORNATA <a href=\"https:\/\/www.radiopiu.net\/wordpress\/wp-content\/uploads\/2021\/08\/234894332_110705927987162_1810376199028722105_n.jpg\">CLICCA QUI<\/a><\/strong><\/p>\n<p>&nbsp;<\/p>\n<p>&nbsp;<\/p>\n<p>&nbsp;<\/p>\n<hr \/>\n<p>&nbsp;<\/p>\n<blockquote>\n<h3>VENERDI&#8217; LA PRESENTAZIONE DEL LUNARIO DEL POI<\/h3>\n<\/blockquote>\n<p><strong>VOLTAGO\u00a0 <\/strong><em>Luned\u00ec 16, giorno seguente ferragosto, il maltempo che ha flagellato un po&#8217; tutto il Nordest non ha risparmiato neppure l\u2019Agordino, tanto da obbligare gli organizzatori della presentazione del calendario 2022 &#8220;Loch del P\u00f3i \/ Luoghi del Poi&#8221;, a Voltago Agordino, a disallestire in fretta e furia quanto era gi\u00e0 stato preparato sulla piazza della chiesa. <\/em><em>L\u2019Union dei Ladin del paese non si d\u00e0, per\u00f2, per vinta, e rinvia la manifestazione a venerd\u00ec 27 agosto, sempre alle 21.00 e sempre sulla piazza della chiesa parrocchiale (in caso di pioggia l\u2019evento sar\u00e0 trasferito a domenica 29, presso la Casa della Giovent\u00f9 di Rivamonte). <\/em><em>\u201cImmagini, parole, musica ed emozioni in una sera d\u2019estate\u201d\u00a0<\/em>\u00e8 il titolo dato a questa serata.Proiezioni di immagini \u2013 d\u2019epoca e attuali \u2013 sulla parete della chiesa, visualizzeranno ci\u00f2 che due voci fuori campo narreranno e i brani live del quartetto strumentale \u201cBanda del Cion\u201d (fisarmonica, chitarra, flauto e mandolino) faranno da sottofondo musicale. Interverr\u00e0 anche il \u201cGruppo Folk del P\u00f3i\u201d.<\/p>\n<p>&nbsp;<\/p>\n<hr \/>\n<p>&nbsp;<\/p>\n<blockquote>\n<h3>SUL BROI DI AGORDO IL CINEMA ALL&#8217;APERTO, OGGI &#8220;CENA CON DELITTO&#8221;<\/h3>\n<\/blockquote>\n<p><strong><a href=\"https:\/\/www.radiopiu.net\/wordpress\/giornale-radiopiu-10-agosto-2021-direttore-mirko-mezzacasa\/photo_2021-08-09_12-19-00\/\" rel=\"attachment wp-att-226842\"><img loading=\"lazy\" decoding=\"async\" class=\"size-medium wp-image-226842 alignleft\" src=\"https:\/\/www.radiopiu.net\/wordpress\/wp-content\/uploads\/2021\/08\/photo_2021-08-09_12-19-00-300x169.jpg\" alt=\"\" width=\"300\" height=\"169\" srcset=\"https:\/\/www.radiopiu.net\/wordpress\/wp-content\/uploads\/2021\/08\/photo_2021-08-09_12-19-00-300x169.jpg 300w, https:\/\/www.radiopiu.net\/wordpress\/wp-content\/uploads\/2021\/08\/photo_2021-08-09_12-19-00-1024x576.jpg 1024w, https:\/\/www.radiopiu.net\/wordpress\/wp-content\/uploads\/2021\/08\/photo_2021-08-09_12-19-00-768x432.jpg 768w, https:\/\/www.radiopiu.net\/wordpress\/wp-content\/uploads\/2021\/08\/photo_2021-08-09_12-19-00.jpg 1280w\" sizes=\"auto, (max-width: 300px) 100vw, 300px\" \/><\/a>AGORDO<\/strong> Ad Agosto, Agordo ospiter\u00e0 una rassegna cinematografica inedita nel giardino \u201cBroi\u201d, in pieno centro. Per sei serate sar\u00e0 possibile godersi grandi titoli cinematografici in una cornice unica al centro della conca agordina. L\u2019evento, organizzato dal Comune di Agordo, grazie al fondamentale contributo della casa di produzione \u201cFiFilm productions\u201d di Caterina Francavilla, dell\u2019impresa edile \u201cConedil\u201d e dalla ditta \u201cCase Trasporti\u201d, ha l\u2019obiettivo di animare l\u2019estate agordina con una proposta innovativa per il territorio, riproponendo il format avviato la scorsa estate con le proiezioni nel giardino di Villa Crotta-De\u2019 Manzoni. Tutte le proiezioni inizieranno alle ore 21 e saranno ad ingresso gratuito, previa prenotazione obbligatoria fino ad esaurimento posti. Le prenotazioni si possono effettuare attraverso il sito <a href=\"http:\/\/agordo.eventbrite.com\">http:\/\/agordo.eventbrite.com<\/a> oppure rivolgendosi all\u2019Ufficio Turistico di Agordo in via XXVII Aprile, tramite mail all\u2019indirizzo ufficioturistico@agordo.net, oppure telefonando allo 0437 62105 o al 388 495 5756. In caso di maltempo, le proiezioni verranno rinviate al giorno successivo. In conformit\u00e0 con le disposizioni anti-contagio, l\u2019ingresso sar\u00e0 subordinato all\u2019esibizione del Green Pass certificante vaccinazione, guarigione da Covid-19 o l&#8217;esito negativo di un tampone (sono esenti i bambini fino ai 12 anni), al controllo della temperatura e all\u2019utilizzo della mascherina in situazioni di assembramento come all\u2019entrata o all\u2019uscita. Gli appuntamenti della rassegna saranno i seguenti: oggi: Monuments Men, di George Clooney; Gioved\u00ec 26 Agosto: La famosa invasione degli Orsi in Sicilia, di Lorenzo Mattotti; Sabato 28 Agosto: Vita di Pi, di Ang Lee<\/p>\n<p>&nbsp;<\/p>\n<p><em><span style=\"font-family: Times New Roman, serif;\"><span style=\"font-size: medium;\">L\u2019assessorato al Turismo del Comune di Agordo organizza gioved\u00ec 26 agosto 2021 alle ore 17.30 presso la sala Don Ferdinando Tamis un\u2019incontro dal titolo \u201cDino Buzzati, le montagne e gli orsi\u201d dedicato al grande scrittore, giornalista ed artista del panorama culturale del Novecento. <\/span><\/span><span style=\"font-size: medium; font-family: 'Times New Roman', serif;\">Questo evento \u00e8 stato programmato in preparazione alla proiezione serale che si terr\u00e0 sul Broi di Agordo del film di animazione \u201cLa famosa invasione degli orsi in Sicilia\u201d tratto dall\u2019omonimo romanzo. <\/span><span style=\"font-family: Times New Roman, serif;\"><span style=\"font-size: medium;\">All\u2019evento pomeridiano saranno presenti le pronipoti di Dino Buzzati: Valentina e Antonella Morassutti<\/span><\/span><span style=\"font-family: Times, serif;\"><span style=\"font-size: small;\"><span style=\"font-family: Times New Roman, serif;\"><span style=\"font-size: medium;\">.\u00a0<\/span><\/span><\/span><\/span><\/em><\/p>\n<p>&nbsp;<\/p>\n<hr \/>\n<p>&nbsp;<\/p>\n<blockquote>\n<h3>I NOS CROT, LE ESCURSIONI DEL GAMP DOLOMITI<\/h3>\n<\/blockquote>\n<p><strong>\u00a0<\/strong><strong>AGORDO <\/strong>escursioni geoturistiche che anche quest&#8217;anno il GAMP DOLOMITI (Gruppo Agordino Mineralogico Paleontologico) vuole riproporre ISCRIZIONI APERTE all&#8217;Ufficio Turistico di Agordo o contattando il numero 3884955756 Queste le escursioni: Gioved\u00ec 26 agosto Frassen\u00e9-Rifugio Scarpa<\/p>\n<div class=\"mkdf-post-text\">\n<div class=\"mkdf-post-text-inner\">\n<div class=\"mkdf-post-text-main\">\n<p>&nbsp;<\/p>\n<p>&nbsp;<\/p>\n<hr \/>\n<p>&nbsp;<\/p>\n<blockquote>\n<h3>COMPLESSO D&#8217;ARCHI DEL FRIULI E VENETO A CANALE D&#8217;AGORDO<\/h3>\n<\/blockquote>\n<p><strong>CANALE D&#8217;AGORDO<\/strong> <span style=\"font-family: Arial, sans-serif;\"><span style=\"font-size: small;\">Dopo il grande successo registrato lo scorso anno, torna a <\/span><\/span><span style=\"font-family: Arial, sans-serif;\"><span style=\"font-size: small;\">Canale d&#8217;Agordo<\/span><\/span><span style=\"font-family: Arial, sans-serif;\"><span style=\"font-size: small;\"> per la <\/span><\/span><span style=\"font-family: Arial, sans-serif;\"><span style=\"font-size: small;\">43\u00aa edizione dell&#8217;<\/span><\/span><span style=\"font-family: Arial, sans-serif;\"><span style=\"font-size: small;\"><i>Appuntamento estivo con papa Luciani<\/i><\/span><\/span> <span style=\"font-family: Arial, sans-serif;\"><span style=\"font-size: small;\">il <\/span><\/span><span style=\"font-family: Arial, sans-serif;\"><span style=\"font-size: small;\">C<\/span><\/span><span style=\"color: #000000;\"><span style=\"font-family: Arial, sans-serif;\"><span style=\"font-size: small;\"><span lang=\"it-IT\">omplesso d\u2019Archi del Friuli e del Veneto di Guido Freschi<\/span><\/span><\/span><\/span><span style=\"color: #000000;\"><span style=\"font-family: Arial, sans-serif;\"><span style=\"font-size: small;\"><span lang=\"it-IT\">, con la partecipazione all&#8217;organo di <\/span><\/span><\/span><\/span><span style=\"color: #000000;\"><span style=\"font-family: Arial, sans-serif;\"><span style=\"font-size: small;\"><span lang=\"it-IT\">Silvia Tessari<\/span><\/span><\/span><\/span><span style=\"color: #000000;\"><span style=\"font-family: Arial, sans-serif;\"><span style=\"font-size: small;\"><span lang=\"it-IT\">. L&#8217;atteso appuntamento \u00e8 per <\/span><\/span><\/span><\/span><span style=\"color: #000000;\"><span style=\"font-family: Arial, sans-serif;\"><span style=\"font-size: small;\"><span lang=\"it-IT\">oggi <\/span><\/span><\/span><\/span><span style=\"color: #000000;\"><span style=\"font-family: Arial, sans-serif;\"><span style=\"font-size: small;\"><span lang=\"it-IT\">alle <\/span><\/span><\/span><\/span><span style=\"color: #000000;\"><span style=\"font-family: Arial, sans-serif;\"><span style=\"font-size: small;\"><span lang=\"it-IT\">ore 21.00 <\/span><\/span><\/span><\/span><span style=\"color: #000000;\"><span style=\"font-family: Arial, sans-serif;\"><span style=\"font-size: small;\"><span lang=\"it-IT\">presso la <\/span><\/span><\/span><\/span><span style=\"color: #000000;\"><span style=\"font-family: Arial, sans-serif;\"><span style=\"font-size: small;\"><span lang=\"it-IT\">chiesa arcipretale di Canale d&#8217;Agordo. Per poter assistere al concerto si raccomanda la prenotazione presso la segreteria del Museo (<span style=\"color: #000080;\"><span lang=\"zxx\"><u><a href=\"mailto:info@fondazionepapaluciani.com\" target=\"_blank\" rel=\"nofollow noopener\">info@fondazionepapaluciani.com<\/a><\/u><\/span><\/span>, oppure whatsapp 377.9665237, oppure telefonando al numero 0437.1948001).<\/span><\/span><\/span><\/span><\/p>\n<p>&nbsp;<\/p>\n<p>&nbsp;<\/p>\n<hr \/>\n<p>&nbsp;<\/p>\n<blockquote>\n<h3>I PROSSIMI EVENTI DELLA FONDAZIONE PAPA LUCIANI<\/h3>\n<\/blockquote>\n<p><strong>CANALE D&#8217;AGORDO<\/strong> Gioved\u00ec e sabato due eventi promossi dalla Fondazione Papa Luciani. Santa Messa in occasione del 43\u00b0anniversario dell&#8217; elezione di papa Giovanni Paolo I, presieduta dal Cardinale Beniamino Stella. Gioved\u00ec alle ore 16:30 in piazza Papa Luciani. In caso di maltempo l&#8217;evento si svolger\u00e0 nella chiesa arcipretale di San Giovanni Battista. Sabato alle ore 17:30 presso la sala Lina Zand\u00f2 del Museo Albino Luciani Incontro dell&#8217;Associazione &#8220;Amici di Papa Luciani&#8221; a tema &#8220;le sorgenti spirituali di Giovanni Paolo I. La famiglia e i maestri di Albino Luciani&#8221; con l&#8217;intervento di Giorgia Menegolli e di Loris Serafini.<\/p>\n<p>&nbsp;<\/p>\n<p>&nbsp;<\/p>\n<hr \/>\n<p>&nbsp;<\/p>\n<blockquote>\n<h3>PAROLE, MUSICA E SCULTURA: MARIO RIGONI STERN IN VETTA AL COL MARGHERITA<\/h3>\n<\/blockquote>\n<p><a href=\"https:\/\/www.radiopiu.net\/wordpress\/giornale-radiopiu-20-agosto-2021-direttore-mirko-mezzacasa\/il-sergente-nella-neve_murer_lr\/\" rel=\"attachment wp-att-228445\"><img loading=\"lazy\" decoding=\"async\" class=\" wp-image-228445 alignleft\" src=\"https:\/\/www.radiopiu.net\/wordpress\/wp-content\/uploads\/2021\/08\/Il-Sergente-nella-neve_MURER_lr-300x240.jpg\" alt=\"\" width=\"199\" height=\"159\" srcset=\"https:\/\/www.radiopiu.net\/wordpress\/wp-content\/uploads\/2021\/08\/Il-Sergente-nella-neve_MURER_lr-300x240.jpg 300w, https:\/\/www.radiopiu.net\/wordpress\/wp-content\/uploads\/2021\/08\/Il-Sergente-nella-neve_MURER_lr-1024x818.jpg 1024w, https:\/\/www.radiopiu.net\/wordpress\/wp-content\/uploads\/2021\/08\/Il-Sergente-nella-neve_MURER_lr-768x614.jpg 768w, https:\/\/www.radiopiu.net\/wordpress\/wp-content\/uploads\/2021\/08\/Il-Sergente-nella-neve_MURER_lr-1536x1228.jpg 1536w, https:\/\/www.radiopiu.net\/wordpress\/wp-content\/uploads\/2021\/08\/Il-Sergente-nella-neve_MURER_lr.jpg 1619w\" sizes=\"auto, (max-width: 199px) 100vw, 199px\" \/><\/a><strong>SAN PELLEGRINO<\/strong> Domani, alle ore 11, sul Col Margherita va in scena &#8220;Ghe rivarem a baita?&#8221;, omaggio a Mario Rigoni Stern per ricordare il centenario della sua nascita.\u00a0 Alla lettura e commento dei brani dello scrittore a cura di Sara Luchetta, ricercatrice di Ca\u2019 Foscari, si accompagneranno le note del violinista agordino Ivan Zasso. Musica e parole consentiranno di esplorare le opere di colui che Primo Levi defin\u00ec &#8220;uno dei pi\u00f9 grandi scrittori italiani&#8221;.\u00a0 &#8220;Ghe rivarem a baita?&#8221; con le opere di Augusto Murer e i testi di Mario Rigoni Stern \u00e8 anche il nome dell\u2019esposizione en plein air visitabile sul Col Margherita fino al 12 settembre. La galleria, con ingresso gratuito accedendo al rifugio InAlto, comprende i ritratti dello scrittore dipinti su antiche porte in legno, opere di Franco Murer.<\/p>\n<p>&nbsp;<\/p>\n<hr \/>\n<p>&nbsp;<\/p>\n<blockquote>\n<h3>RIPERCUSSIONI ARMONICHE, 300 SPETTATORI SUL PALCO VAIA<\/h3>\n<p><strong><a href=\"https:\/\/www.radiopiu.net\/wordpress\/giornale-radiopiu-24-agosto-2021-direttore-mirko-mezzacasa\/concerto-jazz-palco-vaia-1\/\" rel=\"attachment wp-att-229148\"><img loading=\"lazy\" decoding=\"async\" class=\" wp-image-229148 alignleft\" src=\"https:\/\/www.radiopiu.net\/wordpress\/wp-content\/uploads\/2021\/08\/Concerto-Jazz-Palco-Vaia-1-300x225.jpeg\" alt=\"\" width=\"183\" height=\"137\" srcset=\"https:\/\/www.radiopiu.net\/wordpress\/wp-content\/uploads\/2021\/08\/Concerto-Jazz-Palco-Vaia-1-300x225.jpeg 300w, https:\/\/www.radiopiu.net\/wordpress\/wp-content\/uploads\/2021\/08\/Concerto-Jazz-Palco-Vaia-1-1024x768.jpeg 1024w, https:\/\/www.radiopiu.net\/wordpress\/wp-content\/uploads\/2021\/08\/Concerto-Jazz-Palco-Vaia-1-768x576.jpeg 768w, https:\/\/www.radiopiu.net\/wordpress\/wp-content\/uploads\/2021\/08\/Concerto-Jazz-Palco-Vaia-1-1536x1152.jpeg 1536w, https:\/\/www.radiopiu.net\/wordpress\/wp-content\/uploads\/2021\/08\/Concerto-Jazz-Palco-Vaia-1.jpeg 1600w\" sizes=\"auto, (max-width: 183px) 100vw, 183px\" \/><\/a>COMELICO<\/strong> Sono stati oltre trecento gli spettatori saliti sabato pomeriggio a Pi\u00e8 della Costa, in Val Visdende, per assistere allo straordinario concerto jazz del Trio Borzacchiello-Carnovale-Fioravanti che si \u00e8 esibito sul Palco Vaia, interamente realizzato con il legno ricavato dagli schianti della tempesta Vaia. Un grande successo quindi per il primo concerto ufficiale sul Palco Vaia, dopo l&#8217;inaugurazione ufficiale di sabato 7 agosto, a conferma della validit\u00e0 dell&#8217;intuizione del collettivo di professionisti Societ\u00e0 Cooperativa Lass\u00f9 e della Regola di Casada, proprietaria dell&#8217;area su cui sorge il Palco <em>\u00abLa domanda di cultura \u00e8 immensa, &#8211; sottolinea\u00a0 la presidente di Lass\u00f9 Daniela Zambelli &#8211; e la qualit\u00e0 e unicit\u00e0 del Palco e dello scenario che lo accoglie richiamano e richiameranno ancora contenuti e offerte sempre crescenti in qualit\u00e0 di spettacoli ed artisti; un tam tam musicale, culturale ed economico che si tradurr\u00e0 in economia e sviluppo per il Comelico e per il Cadore\u00bb.<\/em><\/p><\/blockquote>\n<p>&nbsp;<\/p>\n<p>&nbsp;<\/p>\n<hr \/>\n<p>&nbsp;<\/p>\n<blockquote>\n<h3>GRANDE SUCCESSO PER IL PRIMO APPUNTAMENTO DI ARMONIE 2021<\/h3>\n<\/blockquote>\n<p><strong>BELLUNO <\/strong>Grande successo sabato sera per la rappresentazione dell\u2019opera lirica \u201cCarmen\u201d di Bizet, nella splendida cornice del \u201cTeatro al Mut\u201d, l\u2019arena poco sopra la frazione di Sossai caratterizzata da gradinate con muri a secco, \u00a0racchiusa da quinte rocciose che donano all\u2019ambiente naturale particolare suggestione scenografica \u00a0e condizioni acustiche ideali. Gli \u00a0\u201cAmici del MUT\u201d coordinati\u00a0 da Silvano De Salvador, da anni mantengono vivo questo particolare esempio di archeologia rurale, portando avanti una minuziosa manutenzione dei sentieri e muretti a secco, quest\u2019anno, viste\u00a0 le esigenze delle nuove scenografie ed il maggior numero delle comparse \u00e8 stato aumentato lo spazio dedicato al palcoscenico assicurando cos\u00ec una perfetta dinamicit\u00e0 all\u2019evento. Lo spettacolo musicale, una selezione dell\u2019opera \u201cCarmen\u201d, fa parte della rassegna \u201cArmonie 2021\u201d, che anche quest\u2019anno, nonostante le problematiche legate alla pandemia, \u00e8 riuscito a proporre con tre eventi in cartellone, da qui alla fine di Agosto. Sotto la direzione artistica di Domenico Menini, tenore sossaiese\u00a0 di fama internazionale, che ha interpretato in maniera superba il personaggio di Don Jos\u00e8, si sono esibiti tra gli applausi e l\u2019entusiasmo del pubblico, il mezzo soprano Claudia Marchi, nel ruolo di Carmen, Anna Bordignon, nel ruolo di Micaela e Luca Grassi, nella parte di Escamillo. L\u2019accompagnamento musicale \u00e8 stato garantito dall\u2019ensamble di Alberto Boischio, pianista e direttore del gruppo, formato da due violini, viola e violoncello. Tutti artisti dal curriculum di levatura \u00a0internazionale. Grande soddisfazione da parte degli organizzatori per aver dato una brillante risposta alla grande aspettativa che si era creata nel Bellunese per quello che \u00e8 ormai diventato il tradizionale appuntamento con la \u201clirica silvestre\u201d, evento sostenuto da numerose attivit\u00e0 economiche (in particolar modo da Unifarco per il territorio) con la condivisione \u00a0della Fondazione teatri delle Dolomiti ed con il patrocinio \u00a0della Fondazione Dolomiti Unesco.<\/p>\n<p>&nbsp;<\/p>\n<hr \/>\n<p>&nbsp;<\/p>\n<blockquote>\n<h3>GLI EVENTI ESTIVI DI ARABBA FODOM TURISMO<\/h3>\n<\/blockquote>\n<a href=\"https:\/\/www.radiopiu.net\/wordpress\/wp-content\/uploads\/2021\/08\/Attivita\u0300-Eventi-Agosto-2.pdf\" class=\"pdfemb-viewer\" style=\"\" data-width=\"max\" data-height=\"max\" data-toolbar=\"top\" data-toolbar-fixed=\"on\">Attivita\u0300 &amp; Eventi Agosto 2<\/a>\n<p>&nbsp;<\/p>\n<hr \/>\n<p>&nbsp;<\/p>\n<h3 class=\"entry-title mkdf-post-title\">\u00a0Pink Size ai piedi delle Dolomiti<\/h3>\n<p><a href=\"https:\/\/www.radiopiu.net\/wordpress\/giornale-radiopiu-01-agosto-2021-direttore-mirko-mezzacasa\/11705683_10207451188865973_7894969160591772771_o-e1624806851469\/\" rel=\"attachment wp-att-225349\"><img loading=\"lazy\" decoding=\"async\" class=\"wp-image-225349 alignleft\" src=\"https:\/\/www.radiopiu.net\/wordpress\/wp-content\/uploads\/2021\/08\/11705683_10207451188865973_7894969160591772771_o-e1624806851469.jpg\" sizes=\"auto, (max-width: 256px) 100vw, 256px\" srcset=\"https:\/\/www.radiopiu.net\/wordpress\/wp-content\/uploads\/2021\/08\/11705683_10207451188865973_7894969160591772771_o-e1624806851469.jpg 1000w, https:\/\/www.radiopiu.net\/wordpress\/wp-content\/uploads\/2021\/08\/11705683_10207451188865973_7894969160591772771_o-e1624806851469-300x194.jpg 300w, https:\/\/www.radiopiu.net\/wordpress\/wp-content\/uploads\/2021\/08\/11705683_10207451188865973_7894969160591772771_o-e1624806851469-768x495.jpg 768w\" alt=\"\" width=\"256\" height=\"165\" \/><\/a><\/p>\n<div class=\"vc_row wpb_row vc_row-fluid vc_custom_1520853310750\">\n<div class=\"wpb_column vc_column_container vc_col-sm-12\">\n<div class=\"vc_column-inner\">\n<div class=\"wpb_wrapper\">\n<div class=\"wpb_text_column wpb_content_element \">\n<div class=\"wpb_wrapper\">\n<p><strong>Domenica alle ore 14<\/strong>\u00a0Canale d\u2019Agordo ospiter\u00e0 il 1\u00b0 concerto in Valle di Gar\u00e9s.\u00a0<strong>La location \u00e8 spettacolare e suggestiva<\/strong>, immersa nel verde, circondata delle Pale di San Martino e dalle cascate delle Comelle. In localit\u00e0 Pian de Giare, in fondo alla Valle di Gar\u00e8s, su di un grande prato, circondati dalle maestose Dolomiti, andr\u00e0 in scena uno spettacolo indimenticabile con l\u2019esibizione dei\u00a0<strong>Pink Size, Tribute band dei Pink Floyd. <\/strong>L\u2019accesso al concerto \u00e8 consentito <b>SOLAMENTE <\/b>a coloro che esibiscono il <b>GREEN PASS.\u00a0<\/b><\/p>\n<\/div>\n<\/div>\n<\/div>\n<\/div>\n<\/div>\n<\/div>\n<p>&nbsp;<\/p>\n<p>&nbsp;<\/p>\n<p>&nbsp;<\/p>\n<hr \/>\n<p>&nbsp;<\/p>\n<blockquote>\n<h3>CUGNISCION NOSTE VIJINANZE<\/h3>\n<\/blockquote>\n<p><strong>COLLE SANTA LUCIA<\/strong> Istitut Ladin Cesa De Jan assieme al comune di Livinallongo del Col Di Lana organizzano delle gite alla scoperta delle vicinie di Fodom. I prossimi appuntamenti: il 26 tocca a Larzonei, Corte e Contrin il 2 settembre e Pieve e Salesei il 9 settembre. Il costo delle visite \u00e8 di 15 euro per gli adulti e 7 per i bambini (pranzo non compreso). Si consiglia un abbigliamento da trekking. Info e prenotazioni al 3343346680<\/p>\n<p>&nbsp;<\/p>\n<p>&nbsp;<\/p>\n<hr \/>\n<p>&nbsp;<\/p>\n<blockquote>\n<h3>LA MOSTRA DI RENZO MIOLA A CANALE D\u2019AGORDO<\/h3>\n<\/blockquote>\n<p><strong>CANALE D\u2019AGORDO<\/strong>\u00a0 Fino\u00a0 al 31 agosto, presso la Casa delle Regole di Canale D\u2019Agordo, \u00e8 visitabile la mostra di pittura paesaggistica di Renzo Miola. La mostra seguira\u00e0 i seguenti orari: 10:30 \u2013 12:30, 16:30 \u2013 18:30 e 20 \u2013 22. L\u2019inaugurazione gioved\u00ec 12 agosto alle 17.<\/p>\n<p>&nbsp;<\/p>\n<p>&nbsp;<\/p>\n<hr \/>\n<p>&nbsp;<\/p>\n<blockquote>\n<h3>IL MUSEO ETNOGRAFICO DI TAIBON AGORDINO FINO AL 28 AGOSTO<\/h3>\n<\/blockquote>\n<p><strong>TAIBON<\/strong>\u00a0Sono aperte le porte del Museo Etnografico di Taibon Agordino \u201cCasa della Maria del Pacifico\u201d. Visitabile tutti i giorni dalle 10 alle 12 e dalle 16 alle 18 escluso il luned\u00ec mattina. Il Museo si trova vicino al municipio si Taibon in Via Pietro Nenni. Accesso con obbligo di mascherina e igienizzazione delle mani. Per informazioni 340 1495978<\/p>\n<p>&nbsp;<\/p>\n<p>&nbsp;<\/p>\n<hr \/>\n<p>&nbsp;<\/p>\n<blockquote>\n<h3>SABATO A FALCADE IL CONCERTO DI MARCO DAL FARRA<\/h3>\n<\/blockquote>\n<p><strong>FALCADE<\/strong> \u00c8 in programma per sabato prossimo sotto il tendone sulla Piana di Falcade il concerto di Marco Dal Farra. L&#8217;evento si svolger\u00e0 nel rispetto delle normative anti Covid-19 vigenti. Organizza la Pro Loco di Caviola. Per informazioni 0437 590116 o tramite mal a proloco.caviola@libero.it<\/p>\n<p>&nbsp;<\/p>\n<p>&nbsp;<\/p>\n<hr \/>\n<p>&nbsp;<\/p>\n<blockquote>\n<h3>ARMONIE 2021, IL 29 AGOSTO L&#8217;ULTIMO APPUNTAMENTO<\/h3>\n<\/blockquote>\n<p><strong>BELLUNO\u00a0<\/strong>Per la rassegna \u201cArmonie 2021\u201d il 29 agosto alle 16 l\u2019ultimo appuntamento con \u201cCanti e poesie di fine estate\u201d a Bolzano Bellunese. Concerti all\u2019aperto su prenotazione ed esibizione di green pass.<\/p>\n<p>&nbsp;<\/p>\n<p>&nbsp;<\/p>\n<hr \/>\n<p>&nbsp;<\/p>\n<blockquote>\n<h3>I 130 ANNI DEL CAI BELLUNO CON 3 APPUNTAMENTI DEL CORO<\/h3>\n<\/blockquote>\n<p><strong>BELLUNO<\/strong> Saranno 3 gli appuntamenti in programma nei prossimi giorni con il coro Cai di Belluno per celebrare i 130 anni dalla fondazione della sezione di Belluno. Il 29 agosto l&#8217;appuntamento \u00e8 al Rifugio Tissi con la Santa Messa cantata. Il 5 settembre il coro Cai sar\u00e0 al Rifugio Bianchet per una esibizione mentre l&#8217;11 settembre al Rifugio Settimo Alpini per la messa in ricordo dei caduti della montagna.<\/p>\n<p>&nbsp;<\/p>\n<hr \/>\n<p>&nbsp;<\/p>\n<blockquote>\n<h3>FESTA DEL PESCE A CUSIGHE IL 27, 28, 29 AGOSTO<\/h3>\n<\/blockquote>\n<p><strong>BELLUNO<\/strong> \u00a027, 28 e 29 agosto: Ritorna a Cusighe la tradizionale Festa del Pesce, organizzata dall\u2019Associazione Insieme si pu\u00f2. Come di consueto tutto il ricavato della manifestazione, giunta alla trentasettesima edizione, sar\u00e0 destinato ai progetti di solidariet\u00e0 promossi da Insieme si pu\u00f2. Ci sar\u00e0 la novit\u00e0 di un capannone pi\u00f9 grande al campo sportivo di Cusighe, dove accogliere al meglio le persone, e una collaborazione con il Gruppo Stand Up di Insieme si pu\u00f2. Il programma su \u00a0www.365giorni.org oppure seguire i canali social dell\u2019Associazione.<\/p>\n<p>&nbsp;<\/p>\n<p>&nbsp;<\/p>\n<hr \/>\n<p>&nbsp;<\/p>\n<blockquote>\n<h3>TRA FELTRO E FELTRE&#8230;LA COMMEDIA DI DANTE<\/h3>\n<\/blockquote>\n<p><strong>FELTRE<\/strong> Continuano gli appuntamento per celebrare i 700 anni dalla morte di Dante a Feltre. Tra Feltro e Feltre\u00a0 il nome degli appunatemnti feltrini dedicati al sommo poeta che far\u00e0 tappa ad Anz\u00f9 di Feltre al santuario dei santi Vittore e Corona il 29 agosto alle 18 per leggere il canto gregoriano della comed\u00eca. Organizzano Libro Parlato di Feltre e Il Fondaco Per Feltre. Per accedere obbligatorio il Green Pass.<\/p>\n<p>&nbsp;<\/p>\n<p>&nbsp;<\/p>\n<hr \/>\n<p>&nbsp;<\/p>\n<blockquote>\n<h3>DOMANI IL QUINTO APPUNTAMENTO DI &#8220;RITROVARSI IN SINISTRA PIAVE&#8221;<\/h3>\n<\/blockquote>\n<p><strong>LIMANA<\/strong> Il comune di Limana organizza per domani alle 20:30 presso il Quartiere Europa una rappresentazione teatral-musicale dal titolo <span style=\"color: #000000;\">LA QUARANTENA DEL VICINO (\u00e8 sempre pi\u00f9 verde). In piena quaranten quattro personaggi ci offrono i loro punti di vista sul periodo che stanno affrontando, abbiamo una maturanda, una single, un&#8217;artista e una donna che non sopporta pi\u00f9 il suo compagno con il quale \u00e8 costretta a trascorrere il lock down. <\/span>Ingresso gratuito con prenotazione al link <a class=\"oajrlxb2 g5ia77u1 qu0x051f esr5mh6w e9989ue4 r7d6kgcz rq0escxv nhd2j8a9 nc684nl6 p7hjln8o kvgmc6g5 cxmmr5t8 oygrvhab hcukyx3x jb3vyjys rz4wbd8a qt6c0cv9 a8nywdso i1ao9s8h esuyzwwr f1sip0of lzcic4wl py34i1dx gpro0wi8\" tabindex=\"0\" title=\"https:\/\/forms.gle\/hGwNeoCURQ3oBLd67?fbclid=IwAR10SB_7hp6IiajkioFs6IFG1dQ3vaHw8VDdBSKXehPuu7HjwG1WgHyVeQ8\" role=\"link\" href=\"https:\/\/forms.gle\/hGwNeoCURQ3oBLd67?fbclid=IwAR10SB_7hp6IiajkioFs6IFG1dQ3vaHw8VDdBSKXehPuu7HjwG1WgHyVeQ8\" target=\"_blank\" rel=\"nofollow noopener\">https:\/\/forms.gle\/hGwNeoCURQ3oBLd67 <\/a>Accesso con Green pass o tampone negativo eseguito 48 ore prima.<\/p>\n<p>&nbsp;<\/p>\n<p>&nbsp;<\/p>\n<hr \/>\n<p>&nbsp;<\/p>\n<blockquote>\n<h3>I NUOVI SOMMELIER: II Semestre 2021<\/h3>\n<\/blockquote>\n<p><strong>BELLUNO<\/strong>\u00a0 La Delegazione AIS (Associazione Italiana Sommelier) riapre la stagione autunnale con i nuovi corsi per diventare sommelier AIS. Mercoled\u00ec 1 settembre, presso il ristorante De Gusto Dolomiti, prender\u00e0 il via il primo livello.\u00a0 Per chi fosse gi\u00e0 introdotto nel mondo AIS, e avesse portato a termine il primo corso, l&#8217;appuntamento sar\u00e0 marted\u00ec 7 settembre presso l\u2019hotel ristorante La Casona per proseguire il percorso intrapreso. \u00a0Per i corsisti che hanno gi\u00e0 in tasca i primi due livelli le lezioni prenderanno il via gioved\u00ec 2 settembre al ristorante Nogherazza.\u00a0 Per ulteriori informazioni e iscrizioni \u00e8 possibile consultare il sito\u00a0www.aisveneto.it\u00a0.<\/p>\n<p>&nbsp;<\/p>\n<hr \/>\n<p>&nbsp;<\/p>\n<blockquote>\n<h3>L&#8217;INTERVENTO<\/h3>\n<p><em>Era il 17 luglio 2017 quando nasceva l&#8217;associazione Belluno Alpina e a distanza di quattro anni \u00e8 tempo dei primi bilanci. Luci ed ombre nel rendiconto finale del presidente Gimmy Dal Farra, che non possono non tenere conto anche di quanto affermato domenica in Nevegal dal segretario nazionale del Partito Democratico Enrico Letta\u00a0<\/em><\/p><\/blockquote>\n<p><strong>BELLUNO<\/strong> \u201cAbbiamo organizzato eventi pubblici, ci siamo confrontati e abbiamo coinvolto in progettazioni gli enti locali dai comuni alla Provincia alla Regione, abbiamo preparato e presentato il piano antispopolamento Ronce 2020, ci siamo impegnati insieme alle amministrazioni alla ricerca di finanziamenti. A livello locale abbiamo fatto molto, ma ora \u00e8 necessario che dai piani alti arrivino sostegno e risorse: noi non possiamo fare di pi\u00f9. Felici che anche Letta si sia reso conto che la montagna \u00e8 un valore su cui investire, ma bisogna passare dalle parole ai fatti\u201d. Le ombre arrivano soprattutto proprio dalla politica nazionale, che considera la montagna e i suoi abitanti di serie B: \u201cServono risorse per la viabilit\u00e0 e le infrastrutture: bisogna collegare le frazioni tra loro e tra loro e la citt\u00e0, aprire le strade per l&#8217;esbosco, realizzare una viabilit\u00e0 secondaria che permetta ai mezzi di raggiungere gli edifici ora abbandonati per la ristrutturazione, sistemare i sentieri per incentivare il turismo green. Abbiamo lavorato per far collaborare i comuni di Belluno, Limana, Ponte nelle Alpi e Borgo Valbelluna per far nascere un consorzio forestale per la gestione del patrimonio ambientale, ma serve il coinvolgimento dei nostri parlamentari per ottenere risorse. Bene che finalmente anche un leader nazionale come Letta abbia messo sul tavolo la possibilit\u00e0 di usare i fondi del Piano Nazionale di Ripresa e Resilienza per le terre alte, e speriamo vengano messi subito in campo fondi per risolvere realmente le questioni importanti: le infrastrutture, lo spopolamento, il dissesto idrogeologico, il recupero dei piccoli borghi rurali. Come Belluno Alpina abbiamo steso il progetto Ronce 2020 che si fonda proprio su questi temi: chiediamo di sostenerlo e finanziarlo, la provincia di Belluno e il suo comprensorio prealpino pu\u00f2 essere un grande laboratorio nazionale per affrontare i problemi della montagna\u201d. Dal Farra non dimentica poi i problemi ambientali post-Vaia (\u201c\u00e8 stato sottovalutato il problema delle foreste ancora a terra e del diffondersi del bostrico\u201d) e rilancia sul Giro d&#8217;Italia: \u201cIl prossimo anno cadono i 50 anni dalla scomparsa di Dino Buzzati e i 54 dalla scalata di Merckx sui tornanti di Ronce, passando per Stabie, Valmorel e arrivo in Nevegal. Sarebbe un&#8217;occasione di socialit\u00e0 e di promozione, ma servono urgentemente risorse per sistemare le strade: \u00e8 urgente intervenire ora, non possiamo perdere il Giro perch\u00e9 le strade non sono all&#8217;altezza. Basta con le promesse, avanti con atti concreti\u201d. Belluno Alpina ha gi\u00e0 pronta la lista degli interventi prioritari: \u201c730 mila euro per la viabilit\u00e0 principale tra Ronce e Nevegal, 630 mila per la silvopastorale di collegamento con Valmorel, 700 mila per l&#8217;adeguamento del collegamento a Pian delle Femene\u201d. Da qui l&#8217;appello agli enti locali e ai parlamentari bellunesi: \u201cIl progetto Ronce 2020, che contiene molti di questi interventi, \u00e8 in mano al tavolo antispopolamento che ha visto allargarsi il numero dei suoi partecipanti: sono stati fatti piccoli cantieri, ma ora servono cifre importanti, oltre al sostegno dell&#8217;Unione Montana che sconta la carenza di operai e in fase di riorganizzazione interna. Serve quindi l&#8217;interessamento dei parlamentari bellunesi, soprattutto quelli della maggioranza, perch\u00e8 aiutino nel portare risorse nelle Prealpi, questa montagna di mezzo dimenticata dai bandi e fondi romani: dopo il convegno di ieri, il primo a dover intervenire non pu\u00f2 che essere il deputato PD De Menech, che ci auguriamo faccia sue le parole e le intenzioni del suo segretario e le converta presto in azioni concrete. I residenti pi\u00f9 di cos\u00ec non possono fare, ora si attivino loro, perch\u00e8 il solo parlare di lotta allo spopolamento non \u00e8 sufficiente a salvare il territorio\u201d.<\/p>\n<p>&nbsp;<\/p>\n<hr \/>\n<p>&nbsp;<\/p>\n<blockquote>\n<h3>L&#8217;INTERVENTO 2<\/h3>\n<\/blockquote>\n<p><strong><a href=\"https:\/\/www.radiopiu.net\/wordpress\/belluno-la-citta-del-nulla-di-fatto-da-tiziano-alla-pallavolo\/972ec435-fa04-49e8-bf1e-048263cab367\/\" rel=\"attachment wp-att-226219\"><img loading=\"lazy\" decoding=\"async\" class=\"size-medium wp-image-226219 alignleft\" src=\"https:\/\/www.radiopiu.net\/wordpress\/wp-content\/uploads\/2021\/08\/972ec435-fa04-49e8-bf1e-048263cab367-300x200.jpg\" alt=\"\" width=\"300\" height=\"200\" srcset=\"https:\/\/www.radiopiu.net\/wordpress\/wp-content\/uploads\/2021\/08\/972ec435-fa04-49e8-bf1e-048263cab367-300x200.jpg 300w, https:\/\/www.radiopiu.net\/wordpress\/wp-content\/uploads\/2021\/08\/972ec435-fa04-49e8-bf1e-048263cab367-768x513.jpg 768w, https:\/\/www.radiopiu.net\/wordpress\/wp-content\/uploads\/2021\/08\/972ec435-fa04-49e8-bf1e-048263cab367.jpg 1024w\" sizes=\"auto, (max-width: 300px) 100vw, 300px\" \/><\/a>BELLUNO <\/strong>Per Dario Scopel, coordinatore in provincia di Forza Italia e consigliere provinciale, il Pd alll&#8217;Agor\u00e0 della montagna sul Nevegal ha proposto solo slogan e qualche spunto modesto<\/p>\n<p><strong>di Dario Scopel<\/strong><\/p>\n<p>\u201cPer usare uno slogan non molto originale, ma estremamente calzante, verrebbe da dire che\u2026la montagna ha partorito un topolino\u201d.<br \/>\nCos\u00ec, con una punta di ironia, il coordinatore provinciale di Forza Italia Dario Scopel commenta gli esiti dell\u2019Agora della Montagna promossa domenica dal Partito Democratico in occasione della Festa dell\u2019Unit\u00e0 a Pus, sul Nevegal.<br \/>\n\u201cDai tavoli di lavoro tematici, incalza Scopel, era lecito attendersi qualche idea pi\u00f9 brillante e concreta, vista anche l\u2019enfasi con cui era stato annunciato l\u2019appuntamento che ha visto tra i protagonisti il segretario nazionale del partito Enrico Letta. E invece qualche bella enunciazione di principio &#8211; come quella sulla necessit\u00e0 di puntare sui sostegni alle giovani coppie &#8211; e poco pi\u00f9.<br \/>\nIl coordinatore azzurro entra poi pi\u00f9 nello specifico.<br \/>\n\u201cE\u2019 evidente, e oramai tristemente sperimentato, che iniziative di sostegno spot, a vantaggio di questa o quell\u2019altra fascia sociale o categoria economica, lasciano il tempo che trovano, costituendo un propulsore di breve durata. A cosa serve un aiuto alla giovane coppia, se poi la stessa non trova sul territorio i servizi per garantire a se stessa e ai propri figli, tanto per fare gli esempi pi\u00f9 eclatanti, livelli adeguati di istruzione, salute e pratica sportiva o opportunit\u00e0 di lavoro in linea con le aspettative? Dobbiamo fornire servizi alle famiglie anche nelle aree periferiche e nelle terre alte, elementi che non incidono nel capitale infrastrutturale della provincia ma sulla qualit\u00e0 di vita delle persone.<br \/>\n\u00c8 necessario poi- continua Scopel -, mettere a sistema con una regia unica le molte risorse in arrivo per il territorio bellunese, dai fondi \u201cspeciali\u201d come quello per i Comuni di Confine o le Aree Interne, al PNRR e alle leggi ad hoc come potranno essere quelle legate alle Olimpiadi del 2026. E per farlo in maniera efficace, non basta un pur utile ufficio centralizzato della Provincia, come proposto dal PD, ma occorre dare deleghe e ruolo ad un soggetto intermedio, pi\u00f9 vicino alle peculiarit\u00e0 del territorio, come possono essere le Unioni Montane. Dotate di adeguati strumenti normativi e di organico (come finora non hanno avuto), queste potrebbero essere davvero un sostegno concreto non solo per i cittadini, ma anche per i Comuni del relativo comprensorio, vicine come sono alle realt\u00e0 di periferia nei vari territori della provincia.<br \/>\nIl coordinatore provinciale di Forza Italia rivolge infine un pensiero di natura politica al futuro dell\u2019ente Provincia: \u201cL\u2019 \u201desperimento\u201d Delrio \u2013 mi viene quasi da definire cos\u00ec la riforma che ha derubricato anche Palazzo Piloni a ente di secondo livello \u2013 ha mostrato e continua a mostrare tutti propri limiti. Per un territorio forte ed autorevole, chiamato a gestire tra l\u2019altro problematiche complesse come quelle legate al vivere in montagna, occorre una guida altrettanto forte e sicura: come ripetuto pi\u00f9 volte, la Provincia di Belluno torni ad essere elettiva, espressione diretta dei cittadini che devono sentirla \u201cpropria\u201d. Per vincere il Gran Premio dei prossimi anni, mi si consenta la similitudine, serve certo una macchina veloce e con il carburante adeguato, ma senza un pilota capace e abilitato a guidarla in piena autonomia ogni sforzo sar\u00e0 vano!\u201d, conclude Scopel.<\/p>\n<p><strong>ALLA RADIO DARIO SCOPEL<\/strong><\/p>\n<audio class=\"wp-audio-shortcode\" id=\"audio-229044-4\" preload=\"none\" style=\"width: 100%;\" controls=\"controls\"><source type=\"audio\/mpeg\" src=\"https:\/\/www.radiopiu.net\/wordpress\/wp-content\/uploads\/2021\/08\/DARIO-SCOPEL-INTERVENTO.mp3?_=4\" \/><a href=\"https:\/\/www.radiopiu.net\/wordpress\/wp-content\/uploads\/2021\/08\/DARIO-SCOPEL-INTERVENTO.mp3\">https:\/\/www.radiopiu.net\/wordpress\/wp-content\/uploads\/2021\/08\/DARIO-SCOPEL-INTERVENTO.mp3<\/a><\/audio>\n<p>&nbsp;<\/p>\n<hr \/>\n<p>&nbsp;<\/p>\n<p>&nbsp;<\/p>\n<blockquote>\n<h3>ANTONIO DAZZI ORIGINARIO DI FARRA D\u2019ALPAGO L\u2019\u201cUMILE PASTORELLO\u201d AMBASCIATORE A MALTA<\/h3>\n<\/blockquote>\n<p><strong>di RENATO BONA<\/strong><\/p>\n<p>Nel libro dei \u201cPersonaggi illustri dell\u2019Alpago e Ponte nelle Alpi\u201d non poteva certo mancare Antonio Dazzi. E infatti il maestro Mario De Nale, autore del volume (edito nell\u2019agosto 1978, in occasione del centenario di Placido Fabris, ad iniziativa del Centro sociale di educazione permanente di Tambre e dell\u2019Associazione Emigranti Bellunesi, con la tipografia Piave di Belluno) ne rievoca la figura oltre a pubblicare quella che era la foto ufficiale del primo ambasciatore d\u2019Italia a Malta, Dazzi appunto. De Nale ricorda che il nostro nacque da Domenico e Rosa De Vallier, il 13 giugno 1905 a Unterschlatt, in Svizzera, dove la famiglia era emigrata per ragioni di lavoro. E venne a mancare l\u20191 settembre 1980. I Dazzi erano rientrati al paese d\u2019origine, Farra d\u2019Alpago, quando Antonio aveva 11 anni e dopo aver frequentato per un mese le prime tre classi per perfezionare la lingua italiana dato che aveva gi\u00e0 frequentato la scuola svizzera di lingua straniera, fu iscritto alla quarta classe che super\u00f2 a pieni voti. L\u2019autore ipotizza quindi che \u201cle condizioni economiche della sua famiglia non dovevano essere delle pi\u00f9 felici se il ragazzo, fin dall\u2019et\u00e0 di 12 anni fu costretto a lavorare nelle mandrie del Cansiglio e a Spert alle dipendenze della famiglia Bino. Doveva tuttavia essere dotato di una intelligenza non comune se poi, da umile pastorello che era, pot\u00e9 intraprendere una brillante carriera\u201d. Avvenne infatti &#8211; \u00e8 ancora De Nale a richiamarlo &#8211; che, cedendo alle numerose insistenze dei maestri i quali a scuola ne avevano scoperto un grande amore per i libri, i genitori lo avviassero agli studi nel seminario di Feltre, da dove pass\u00f2 poi a quello di Belluno. In seguito, per poter andare avanti nello studio, essendo impossibilitata la famiglia, si procur\u00f2 i mezzi facendo l\u2019istitutore in vari collegi fino al conseguimento della laurea in giurisprudenza, ottenuta all\u2019Universit\u00e0 di Torino il 12 luglio 1932. Ancora la biografia di Antonio Dazzi: prestato il servizio militare come ufficiale di fanteria e visto che conosceva bene diverse lingue: francese, tedesco, inglese, spagnolo, russo e maltese, venne assunto come impiegato avventizio al Consolato italiano di Colonia sul Reno. Nel frattempo si un\u00ec in matrimonio con Attilia Elisabetta Albertoni, discendente dal nobile casato dei Malaspina, \u201cche gli fu compagna affettuosa e di grande bont\u00e0 e fedelt\u00e0, e suscitatrice di quei valori umani e cristiani che seppero procurargli la stima di quanti lo conoscevano, contribuendo cos\u00ec in modo determinante ad aprirgli la strada della carriera diplomatica\u201d. E gli dette due figli: Nino, docente di psicologia all\u2019Universit\u00e0 di Roma, redattore dell\u2019Enciclopedia Treccani e membro del Comitato nazionale della ricerche e Ludfovico Maria, funzionario dell\u2019Alitalia. Dopo un concorso dall\u2019esito felice entr\u00f2 alle dipendenze del ministero degli Esteri con incarichi a Parigi, Washington e Berna e occup\u00f2 il posto di console generale di Berlino dal settembre 1948 al febbraio 1963. Durante la guerra fu nel Comitato di liberazione nazionale per la provincia bellunese dove poi divenne prefetto. Eletto deputato nella seconda legislatura (1953-58) nelle liste della Democrazia cristiana, ebbe modo di occuparsi con grande impegno soprattutto di questioni migratorie e del lavoro. Numerosi gli incarichi cui fu chiamato: consigliere di amministrazione e consigliere generale della Cassa di risparmio, dell\u2019Istituto di Credito fondiario delle Venezie, presidente dell\u2019istituto minerario \u201cFollador\u201d di Agordo, presidente della societ\u00e0 Fratelli Da Ros di Vittorio Veneto, consigliere comunale e presidente di almeno una trentina di enti ed associazioni a carattere religioso, politico, culturale ed economico; ancora: delegato a molteplici congressi e alla stipulazione di trattati e convenzioni internazionali oltre che commissario d\u2019esame nei concorsi del ministero degli Esteri, interprete in incontri ufficiali di livello internazionale, amministratore della Sina, Societ\u00e0 di iniziative nazionali autostradali; autore del volume \u201cAccordi e convenzioni tra l\u2019Italia e la Germania in materia di emigrazione e sicurezza sociale\u201d. Per i suoi riconosciuti grandi meriti fu insignito di prestigiose onorificenze: grande ufficiale al merito della Repubblica italiana, Cavaliere magistrale del sovrano Ordine di Malta, Nobile protettore della Contrada dell\u2019Aquila di Siena, cavaliere di gran croce al merito della Repubblica italiana. Il sito: <span role=\"gridcell\"><a class=\"oajrlxb2 g5ia77u1 qu0x051f esr5mh6w e9989ue4 r7d6kgcz rq0escxv nhd2j8a9 nc684nl6 p7hjln8o kvgmc6g5 cxmmr5t8 oygrvhab hcukyx3x jb3vyjys rz4wbd8a qt6c0cv9 a8nywdso i1ao9s8h o570zoyu f1sip0of lzcic4wl pbevjfx6 gpro0wi8\" tabindex=\"0\" role=\"link\" href=\"https:\/\/l.facebook.com\/l.php?u=https%3A%2F%2Fbaldi.diplomacy.edu%2F%3Ffbclid%3DIwAR1brogK88-6xOj8kVDu5GWG_ElbGZNOPFWiPeUQ740YLNidCCFwt6GFMMA&amp;h=AT2GtXvL9nLVSiGZh-nl1NfRtmGffqt1dQEvewowbQHkBJZ7qikhmH2DjGUtOakHjjC_N-oShEs8i4m2bf39RmVJKQIWNZmVPfDndOgAALcoPvb_liicxfF7ixfcaFGKTpDOSw\" target=\"_blank\" rel=\"nofollow noopener\">https:\/\/baldi.diplomacy.edu\/<\/a><\/span> scrive che \u201cIl primo Ambasciatore d\u2019Italia a Malta, Antonio Dazzi, prest\u00f2 servizio per circa sei anni: dal 1 dicembre 1964 al 30 giugno 1970. Al termine della sua missione, furono in tanti a scrivere bene di lui sui giornali locali, lodando il suo impegno a rafforzare le relazioni italo-maltesi e a sostenere attivamente l\u2019amicizia tra i rispettivi governi. Il suo contributo fu importante nell\u2019instaurazione dei collegamenti marittimi e aerei tra Malta e l\u2019Italia e nella stesura dei quattro accordi di collaborazione firmati nel 1967. Nell\u2019estate del 1970, dopo la partenza di Dazzi, arriv\u00f2 a Malta l\u2019ambasciatore Guido Soro che prest\u00f2 servizio per un brevissimo periodo. L\u2019anno successivo, nel 1971, gli subentr\u00f2 Enrico Giglioli\u201d. Negli archivi dell\u2019Abm, Associazione bellunesi nel mondo, oggi presieduta da Oscar De Bona, consultando il periodico del sodalizio si pu\u00f2 leggere la cronaca di un incontro che Dazzi ebbe con i tanti amici di Farra d\u2019Alpago prima di rientrare a Malta dopo un periodo di vacanza nella terra dei genitori. Nell\u2019occasione Dazzi elogi\u00f2 l\u2019Associazione e rivolgendo al direttore mons. Virgilio Tiziani, ebbe parole di viva simpatia per il giornale \u201cche gli giunge puntualmente ogni mese, recandogli notizie spesso di prima mano e perci\u00f2 particolarmente gradite, di Farra d&#8217;Alpago, di Belluno e dell&#8217;intera provincia del Piave che \u00e8 e sar\u00e0 sempre nel cuore dell&#8217;ambasciatore Antonio Dazzi ovunque egli si trovi\u201d.<\/p>\n\n\t\t\t<style type='text\/css'>\n\t\t\t\t#gallery-3 {\n\t\t\t\t\tmargin: auto;\n\t\t\t\t}\n\t\t\t\t#gallery-3 .gallery-item {\n\t\t\t\t\tfloat: left;\n\t\t\t\t\tmargin-top: 10px;\n\t\t\t\t\ttext-align: center;\n\t\t\t\t\twidth: 33%;\n\t\t\t\t}\n\t\t\t\t#gallery-3 img {\n\t\t\t\t\tborder: 2px solid #cfcfcf;\n\t\t\t\t}\n\t\t\t\t#gallery-3 .gallery-caption {\n\t\t\t\t\tmargin-left: 0;\n\t\t\t\t}\n\t\t\t\t\/* see gallery_shortcode() in wp-includes\/media.php *\/\n\t\t\t<\/style>\n\t\t<div id='gallery-3' class='dt-gallery-container gallery galleryid-229044 gallery-columns-3 gallery-size-thumbnail'><dl class='gallery-item'>\n\t\t\t\t<dt class='gallery-icon portrait'>\n\t\t\t\t\t<a class=\"rollover\" href='https:\/\/www.radiopiu.net\/wordpress\/antonio-dazzi-originario-di-farra-dalpago-lumile-pastorello-ambasciatore-a-malta\/236118506_818908778819515_1308791687505177274_n\/'><img loading=\"lazy\" decoding=\"async\" width=\"150\" height=\"150\" src=\"https:\/\/www.radiopiu.net\/wordpress\/wp-content\/uploads\/2021\/08\/236118506_818908778819515_1308791687505177274_n-150x150.jpg\" class=\"attachment-thumbnail size-thumbnail\" alt=\"\" \/><\/a>\n\t\t\t\t<\/dt><\/dl><dl class='gallery-item'>\n\t\t\t\t<dt class='gallery-icon landscape'>\n\t\t\t\t\t<a class=\"rollover\" href='https:\/\/www.radiopiu.net\/wordpress\/antonio-dazzi-originario-di-farra-dalpago-lumile-pastorello-ambasciatore-a-malta\/238140111_895831191366813_6029306974168711271_n\/'><img loading=\"lazy\" decoding=\"async\" width=\"150\" height=\"150\" src=\"https:\/\/www.radiopiu.net\/wordpress\/wp-content\/uploads\/2021\/08\/238140111_895831191366813_6029306974168711271_n-150x150.jpg\" class=\"attachment-thumbnail size-thumbnail\" alt=\"\" \/><\/a>\n\t\t\t\t<\/dt><\/dl><dl class='gallery-item'>\n\t\t\t\t<dt class='gallery-icon landscape'>\n\t\t\t\t\t<a class=\"rollover\" href='https:\/\/www.radiopiu.net\/wordpress\/antonio-dazzi-originario-di-farra-dalpago-lumile-pastorello-ambasciatore-a-malta\/237088020_974949460019605_339183134389995313_n\/'><img loading=\"lazy\" decoding=\"async\" width=\"150\" height=\"150\" src=\"https:\/\/www.radiopiu.net\/wordpress\/wp-content\/uploads\/2021\/08\/237088020_974949460019605_339183134389995313_n-150x150.jpg\" class=\"attachment-thumbnail size-thumbnail\" alt=\"\" \/><\/a>\n\t\t\t\t<\/dt><\/dl><br style=\"clear: both\" \/><dl class='gallery-item'>\n\t\t\t\t<dt class='gallery-icon landscape'>\n\t\t\t\t\t<a class=\"rollover\" href='https:\/\/www.radiopiu.net\/wordpress\/antonio-dazzi-originario-di-farra-dalpago-lumile-pastorello-ambasciatore-a-malta\/236347228_2030502853772585_2504471939920979060_n\/'><img loading=\"lazy\" decoding=\"async\" width=\"150\" height=\"150\" src=\"https:\/\/www.radiopiu.net\/wordpress\/wp-content\/uploads\/2021\/08\/236347228_2030502853772585_2504471939920979060_n-150x150.jpg\" class=\"attachment-thumbnail size-thumbnail\" alt=\"\" \/><\/a>\n\t\t\t\t<\/dt><\/dl><dl class='gallery-item'>\n\t\t\t\t<dt class='gallery-icon landscape'>\n\t\t\t\t\t<a class=\"rollover\" href='https:\/\/www.radiopiu.net\/wordpress\/antonio-dazzi-originario-di-farra-dalpago-lumile-pastorello-ambasciatore-a-malta\/239630779_365636221722594_5707706105297466049_n\/'><img loading=\"lazy\" decoding=\"async\" width=\"150\" height=\"150\" src=\"https:\/\/www.radiopiu.net\/wordpress\/wp-content\/uploads\/2021\/08\/239630779_365636221722594_5707706105297466049_n-150x150.jpg\" class=\"attachment-thumbnail size-thumbnail\" alt=\"\" \/><\/a>\n\t\t\t\t<\/dt><\/dl><dl class='gallery-item'>\n\t\t\t\t<dt class='gallery-icon landscape'>\n\t\t\t\t\t<a class=\"rollover\" href='https:\/\/www.radiopiu.net\/wordpress\/antonio-dazzi-originario-di-farra-dalpago-lumile-pastorello-ambasciatore-a-malta\/238140111_381159283391658_7745704806878495038_n\/'><img loading=\"lazy\" decoding=\"async\" width=\"150\" height=\"150\" src=\"https:\/\/www.radiopiu.net\/wordpress\/wp-content\/uploads\/2021\/08\/238140111_381159283391658_7745704806878495038_n-150x150.jpg\" class=\"attachment-thumbnail size-thumbnail\" alt=\"\" \/><\/a>\n\t\t\t\t<\/dt><\/dl><br style=\"clear: both\" \/>\n\t\t\t<\/div>\n\n<p>&nbsp;<\/p>\n<p>NELLE FOTO (Wikipedia, Bellunesi nel mondo, riproduzione dal libro \u201cPersonaggi illustri dell\u2019Alpago e Ponte nelle Alpi\u201d): l\u2019ex ambasciatore di origini alpagote (di Farra) Antonio Dazzi, personaggio illustre e benemerito; immagini di Villa Bel Air sede dell\u2019ambasciata d\u2019Italia a Malta dove oper\u00f2 Dazzi; ecco il diplomatico di origini alpagote in occasione di un incontro a Malta con il ministro degli Esteri italiano, Amintore Fanfani; la frazione svizzera di Unterschlatt dove nacque Antonio Dazzi nel 1905; panoramica del Cansiglio dove il dodicenne Antonio lavor\u00f2 con le mandrie.<\/p>\n<p>&nbsp;<\/p>\n<hr \/>\n<div>\n<div class=\"page-title-head hgroup\">\n<div class=\"page-title-head hgroup\">\n<div class=\"page-title-head hgroup\">\n<div class=\"page-title-head hgroup\">\n<div class=\"b654a4as d2edcug0\">\n<div class=\"page-title-head hgroup\">\n<div class=\"page-title-head hgroup\">\n<div class=\"page-title-head hgroup\">\n<div class=\"page-title-head hgroup\">\n<div class=\"b654a4as d2edcug0\">\n<div class=\"page-title-head hgroup\">\n<div class=\"page-title-head hgroup\">\n<div class=\"page-title-head hgroup\">\n<div class=\"page-title-head hgroup\">\n<div class=\"page-title-head hgroup\">\n<div class=\"mkdf-post-text\">\n<div class=\"mkdf-post-text-inner\">\n<p><span style=\"color: #ff6600;\">\u00a0<span style=\"color: #000000;\"> \u00a0<\/span><\/span><\/p>\n<blockquote class=\"wp-embedded-content\" data-secret=\"lkzEfrupGt\"><p><a href=\"https:\/\/www.radiopiu.net\/wordpress\/album-dei-ricordi-26-settembre-2010-la-16-comuni-a-selva-di-cadore\/\">ALBUM DEI RICORDI . . . 26 SETTEMBRE 2010 &#8211; LA 16 COMUNI A SELVA DI CADORE<\/a><\/p><\/blockquote>\n<p><iframe loading=\"lazy\" class=\"wp-embedded-content\" sandbox=\"allow-scripts\" security=\"restricted\" style=\"position: absolute; clip: rect(1px, 1px, 1px, 1px);\" title=\"&#8220;ALBUM DEI RICORDI . . . 26 SETTEMBRE 2010 &#8211; LA 16 COMUNI A SELVA DI CADORE&#8221; &#8212; Radio Pi\u00f9\" src=\"https:\/\/www.radiopiu.net\/wordpress\/album-dei-ricordi-26-settembre-2010-la-16-comuni-a-selva-di-cadore\/embed\/#?secret=lkzEfrupGt\" data-secret=\"lkzEfrupGt\" width=\"600\" height=\"338\" frameborder=\"0\" marginwidth=\"0\" marginheight=\"0\" scrolling=\"no\"><\/iframe><\/p>\n<p>&nbsp;<\/p>\n<hr \/>\n<p>&nbsp;<\/p>\n<h1><span style=\"color: #ff0000;\">IERI ALLA RADIO<\/span><\/h1>\n<h2><strong><a href=\"https:\/\/www.radiopiu.net\/wordpress\/le-interviste-post-partita-dellamichevole-tra-alleghe-e-fassa\/alleghe-matteo-floridia\/\" rel=\"attachment wp-att-228974\"><img loading=\"lazy\" decoding=\"async\" class=\"size-medium wp-image-228974 alignleft\" src=\"https:\/\/www.radiopiu.net\/wordpress\/wp-content\/uploads\/2021\/08\/alleghe-matteo-floridia-300x234.jpg\" alt=\"\" width=\"300\" height=\"234\" srcset=\"https:\/\/www.radiopiu.net\/wordpress\/wp-content\/uploads\/2021\/08\/alleghe-matteo-floridia-300x234.jpg 300w, https:\/\/www.radiopiu.net\/wordpress\/wp-content\/uploads\/2021\/08\/alleghe-matteo-floridia-768x600.jpg 768w, https:\/\/www.radiopiu.net\/wordpress\/wp-content\/uploads\/2021\/08\/alleghe-matteo-floridia.jpg 1000w\" sizes=\"auto, (max-width: 300px) 100vw, 300px\" \/><\/a><span style=\"color: #0000ff;\">LE INTERVISTE POST PARTITA DELL&#8217;AMICHEVOLE TRA ALLEGHE E FASSA<\/span><\/strong><\/h2>\n<p><strong>ALLEGHE<\/strong><\/p>\n<p>di Marco Gaz<\/p>\n<p><em>(foto: Matteo Floridia)<\/em><\/p>\n<audio class=\"wp-audio-shortcode\" id=\"audio-229044-5\" preload=\"none\" style=\"width: 100%;\" controls=\"controls\"><source type=\"audio\/mpeg\" src=\"https:\/\/www.radiopiu.net\/wordpress\/wp-content\/uploads\/2021\/08\/SPECIALE-ALLEGHE-HOCKEY-INTERVISTE-POST-AMICHEVOLE.mp3?_=5\" \/><a href=\"https:\/\/www.radiopiu.net\/wordpress\/wp-content\/uploads\/2021\/08\/SPECIALE-ALLEGHE-HOCKEY-INTERVISTE-POST-AMICHEVOLE.mp3\">https:\/\/www.radiopiu.net\/wordpress\/wp-content\/uploads\/2021\/08\/SPECIALE-ALLEGHE-HOCKEY-INTERVISTE-POST-AMICHEVOLE.mp3<\/a><\/audio>\n<p>&nbsp;<\/p>\n<hr \/>\n<p>&nbsp;<\/p>\n<h2><span style=\"color: #ff0000;\">IERI ALLA RADIO\u00a0<\/span><br \/>\n<a href=\"https:\/\/www.radiopiu.net\/wordpress\/giornale-radiopiu-21-agosto-2021-direttore-mirko-mezzacasa\/th-176\/\" rel=\"attachment wp-att-228788\"><img loading=\"lazy\" decoding=\"async\" class=\"wp-image-228788 alignleft\" src=\"https:\/\/www.radiopiu.net\/wordpress\/wp-content\/uploads\/2021\/08\/th-4.jpg\" alt=\"\" width=\"127\" height=\"169\" \/><\/a>VA PIAN MA RIVA &#8230; il ritorno nel ricordo di Alan Scussel<\/h2>\n<p>ospiti in studio GABRIELE RIVA DEI LADIN DEL POI, VIKI RIVA E SIMONE MERLIN DEL CALCIO VOLTAGO<\/p>\n<audio class=\"wp-audio-shortcode\" id=\"audio-229044-6\" preload=\"none\" style=\"width: 100%;\" controls=\"controls\"><source type=\"audio\/mpeg\" src=\"https:\/\/www.radiopiu.net\/wordpress\/wp-content\/uploads\/2021\/08\/gara-voltago-23-agosto.mp3?_=6\" \/><a href=\"https:\/\/www.radiopiu.net\/wordpress\/wp-content\/uploads\/2021\/08\/gara-voltago-23-agosto.mp3\">https:\/\/www.radiopiu.net\/wordpress\/wp-content\/uploads\/2021\/08\/gara-voltago-23-agosto.mp3<\/a><\/audio>\n<p>&nbsp;<\/p>\n<p>&nbsp;<\/p>\n<p>&nbsp;<\/p>\n<hr \/>\n<h2><span style=\"color: #ff6600;\">\u00a0<\/span><\/h2>\n<h2><span style=\"color: #ff6600;\">I PROFESSIONISTI DEL POLIAMBULATORIO AGORDINO RISPONDONO\u00a0<\/span><\/h2>\n<blockquote class=\"wp-embedded-content\" data-secret=\"rZY0HM8tW4\"><p><a href=\"https:\/\/www.radiopiu.net\/wordpress\/i-professionisti-del-poliambulatorio-agordino-rispondono\/\">I PROFESSIONISTI DEL POLIAMBULATORIO AGORDINO RISPONDONO<\/a><\/p><\/blockquote>\n<p><iframe loading=\"lazy\" class=\"wp-embedded-content\" sandbox=\"allow-scripts\" security=\"restricted\" style=\"position: absolute; clip: rect(1px, 1px, 1px, 1px);\" title=\"&#8220;I PROFESSIONISTI DEL POLIAMBULATORIO AGORDINO RISPONDONO&#8221; &#8212; Radio Pi\u00f9\" src=\"https:\/\/www.radiopiu.net\/wordpress\/i-professionisti-del-poliambulatorio-agordino-rispondono\/embed\/#?secret=rZY0HM8tW4\" data-secret=\"rZY0HM8tW4\" width=\"600\" height=\"338\" frameborder=\"0\" marginwidth=\"0\" marginheight=\"0\" scrolling=\"no\"><\/iframe><\/p>\n<p>&nbsp;<\/p>\n<p>&nbsp;<\/p>\n<hr \/>\n<p>&nbsp;<\/p>\n<blockquote class=\"wp-embedded-content\" data-secret=\"rsf2a0D4Dy\"><p><a href=\"https:\/\/www.radiopiu.net\/wordpress\/i-misteri-di-alleghe-di-sergio-saviane-alla-radio-con-lattore-roberto-faoro-il-podcast\/\">&#8220;I MISTERI DI ALLEGHE DI SERGIO SAVIANE&#8221; ALLA RADIO CON L&#8217;ATTORE ROBERTO FAORO &#8211; IL PODCAST<\/a><\/p><\/blockquote>\n<p><iframe loading=\"lazy\" class=\"wp-embedded-content\" sandbox=\"allow-scripts\" security=\"restricted\" style=\"position: absolute; clip: rect(1px, 1px, 1px, 1px);\" title=\"&#8220;&#8220;I MISTERI DI ALLEGHE DI SERGIO SAVIANE&#8221; ALLA RADIO CON L&#8217;ATTORE ROBERTO FAORO &#8211; IL PODCAST&#8221; &#8212; Radio Pi\u00f9\" src=\"https:\/\/www.radiopiu.net\/wordpress\/i-misteri-di-alleghe-di-sergio-saviane-alla-radio-con-lattore-roberto-faoro-il-podcast\/embed\/#?secret=rsf2a0D4Dy\" data-secret=\"rsf2a0D4Dy\" width=\"600\" height=\"338\" frameborder=\"0\" marginwidth=\"0\" marginheight=\"0\" scrolling=\"no\"><\/iframe><\/p>\n<h2><\/h2>\n<p>&nbsp;<\/p>\n<blockquote class=\"wp-embedded-content\" data-secret=\"AoCLy0TQSo\"><p><a href=\"https:\/\/www.radiopiu.net\/wordpress\/plastic-free-per-un-mondo-senza-plastica\/\">PLASTIC FREE per un mondo senza plastica<\/a><\/p><\/blockquote>\n<p><iframe loading=\"lazy\" class=\"wp-embedded-content\" sandbox=\"allow-scripts\" security=\"restricted\" style=\"position: absolute; clip: rect(1px, 1px, 1px, 1px);\" title=\"&#8220;PLASTIC FREE per un mondo senza plastica&#8221; &#8212; Radio Pi\u00f9\" src=\"https:\/\/www.radiopiu.net\/wordpress\/plastic-free-per-un-mondo-senza-plastica\/embed\/#?secret=AoCLy0TQSo\" data-secret=\"AoCLy0TQSo\" width=\"600\" height=\"338\" frameborder=\"0\" marginwidth=\"0\" marginheight=\"0\" scrolling=\"no\"><\/iframe><\/p>\n<p>&nbsp;<\/p>\n<hr \/>\n<p>&nbsp;<\/p>\n<blockquote class=\"wp-embedded-content\" data-secret=\"ltPxUcSjzl\"><p><a href=\"https:\/\/www.radiopiu.net\/wordpress\/da-ieri-alla-radio-in-palinsesto-loris-e-maurizio-con-la-grande-musica\/\">IL BLUES ALLA RADIO &#8230; COME NON L&#8217;AVETE MAI SENTITO PRIMA<\/a><\/p><\/blockquote>\n<p><iframe loading=\"lazy\" class=\"wp-embedded-content\" sandbox=\"allow-scripts\" security=\"restricted\" style=\"position: absolute; clip: rect(1px, 1px, 1px, 1px);\" title=\"&#8220;IL BLUES ALLA RADIO &#8230; COME NON L&#8217;AVETE MAI SENTITO PRIMA&#8221; &#8212; Radio Pi\u00f9\" src=\"https:\/\/www.radiopiu.net\/wordpress\/da-ieri-alla-radio-in-palinsesto-loris-e-maurizio-con-la-grande-musica\/embed\/#?secret=ltPxUcSjzl\" data-secret=\"ltPxUcSjzl\" width=\"600\" height=\"338\" frameborder=\"0\" marginwidth=\"0\" marginheight=\"0\" scrolling=\"no\"><\/iframe><\/p>\n<p>&nbsp;<\/p>\n<div>\n<div class=\"mkdf-post-text\">\n<div class=\"mkdf-post-text-inner\">\n<div class=\"mkdf-post-text-main\">\n<div class=\"mkdf-post-text\">\n<div class=\"mkdf-post-text-inner\">\n<div class=\"mkdf-post-text-main\">\n<div class=\"mkdf-post-text\">\n<div class=\"mkdf-post-text-inner\">\n<div class=\"mkdf-post-text-main\">\n<div class=\"page-title-head hgroup\">\n<div class=\"page-title-head hgroup\">\n<div class=\"page-title-breadcrumbs\">\n<div class=\"mkdf-post-text\">\n<div class=\"mkdf-post-text-inner\">\n<div class=\"mkdf-post-text-main\">\n<div class=\"mkdf-post-text\">\n<div class=\"mkdf-post-text-inner\">\n<div class=\"mkdf-post-text-main\">\n<div class=\"page-title-head hgroup\">\n<div class=\"page-title-head hgroup\">\n<div class=\"mkdf-post-text\">\n<div class=\"mkdf-post-text-inner\">\n<div class=\"mkdf-post-text-main\">\n<div class=\"mkdf-post-text\">\n<div class=\"mkdf-post-text-inner\">\n<div class=\"mkdf-post-text-main\">\n<div class=\"page-title-head hgroup\">\n<div class=\"page-title-head hgroup\">\n<div class=\"page-title-head hgroup\">\n<div class=\"page-title-head hgroup\">\n<div class=\"b654a4as d2edcug0\">\n<div class=\"page-title-head hgroup\">\n<div class=\"page-title-head hgroup\">\n<div class=\"mkdf-post-text\">\n<div class=\"mkdf-post-text-inner\">\n<div class=\"mkdf-post-text-main\">\n<div class=\"mkdf-post-text\">\n<div class=\"mkdf-post-text-inner\">\n<div class=\"mkdf-post-text-main\">\n<div class=\"mkdf-post-text\">\n<div class=\"mkdf-post-text-inner\">\n<div class=\"mkdf-post-text-main\">\n<div class=\"page-title-head hgroup\">\n<div class=\"page-title-head hgroup\">\n<div class=\"mkdf-post-text\">\n<div class=\"mkdf-post-text-inner\">\n<div class=\"mkdf-post-text-main\">\n<div class=\"mkdf-post-text\">\n<div class=\"mkdf-post-text-inner\">\n<div class=\"mkdf-post-text-main\">\n<div class=\"page-title-head hgroup\">\n<div class=\"page-title-head hgroup\">\n<div class=\"page-title-head hgroup\">\n<div class=\"page-title-head hgroup\">\n<div class=\"b654a4as d2edcug0\">\n<div class=\"page-title-head hgroup\">\n<div class=\"page-title-head hgroup\">\n<div class=\"page-title-head hgroup\">\n<div class=\"page-title-head hgroup\">\n<div class=\"b654a4as d2edcug0\">\n<div>\n<div class=\"mkdf-post-text\">\n<div class=\"mkdf-post-text-inner\">\n<div class=\"mkdf-post-text-main\">\n<div class=\"mkdf-post-text\">\n<div class=\"mkdf-post-text-inner\">\n<div class=\"mkdf-post-text-main\">\n<div class=\"mkdf-post-text\">\n<div class=\"mkdf-post-text-inner\">\n<div class=\"mkdf-post-text-main\">\n<div class=\"page-title-head hgroup\">\n<div class=\"page-title-head hgroup\">\n<div class=\"page-title-breadcrumbs\">\n<div class=\"mkdf-post-text\">\n<div class=\"mkdf-post-text-inner\">\n<div class=\"mkdf-post-text-main\">\n<div class=\"mkdf-post-text\">\n<div class=\"mkdf-post-text-inner\">\n<div class=\"mkdf-post-text-main\">\n<div class=\"page-title-head hgroup\">\n<div class=\"page-title-head hgroup\">\n<div class=\"mkdf-post-text\">\n<div class=\"mkdf-post-text-inner\">\n<div class=\"mkdf-post-text-main\">\n<p>&nbsp;<\/p>\n<hr \/>\n<div class=\"mkdf-post-text\">\n<div class=\"mkdf-post-text-inner\">\n<div class=\"mkdf-post-text-main\">\n<div class=\"page-title-head hgroup\">\n<div class=\"page-title-head hgroup\">\n<div class=\"page-title-head hgroup\">\n<div class=\"page-title-head hgroup\">\n<div class=\"b654a4as d2edcug0\">\n<p>&nbsp;<\/p>\n<h2>LA RACCOLTA COMPLETA<\/h2>\n<blockquote class=\"wp-embedded-content\" data-secret=\"pN7JaFZsNz\"><p><a href=\"https:\/\/www.radiopiu.net\/wordpress\/solidarieta-veneto\/\">Solidariet\u00e0 Veneto<\/a><\/p><\/blockquote>\n<p><iframe loading=\"lazy\" class=\"wp-embedded-content\" sandbox=\"allow-scripts\" security=\"restricted\" style=\"position: absolute; clip: rect(1px, 1px, 1px, 1px);\" title=\"&#8220;Solidariet\u00e0 Veneto&#8221; &#8212; Radio Pi\u00f9\" src=\"https:\/\/www.radiopiu.net\/wordpress\/solidarieta-veneto\/embed\/#?secret=pN7JaFZsNz\" data-secret=\"pN7JaFZsNz\" width=\"600\" height=\"338\" frameborder=\"0\" marginwidth=\"0\" marginheight=\"0\" scrolling=\"no\"><\/iframe><\/p>\n<blockquote>\n<h2><\/h2>\n<\/blockquote>\n<p>&nbsp;<\/p>\n<hr \/>\n<p>&nbsp;<\/p>\n<div>\n<div class=\"b654a4as d2edcug0\">\n<div class=\"rq0escxv hkbzh7o3 jwdofwj8 n8tt0mok r8blr3vg hyh9befq\">\n<p><a class=\"dt-pswp-item\" href=\"https:\/\/www.radiopiu.net\/wordpress\/wp-content\/uploads\/2020\/10\/pp.jpg\" data-dt-img-description=\"\" data-large_image_width=\"640\" data-large_image_height=\"640\"><img loading=\"lazy\" decoding=\"async\" class=\"wp-image-163678 alignleft\" src=\"https:\/\/www.radiopiu.net\/wordpress\/wp-content\/uploads\/2020\/10\/pp-300x300.jpg\" alt=\"\" width=\"106\" height=\"106\" srcset=\"https:\/\/www.radiopiu.net\/wordpress\/wp-content\/uploads\/2020\/10\/pp-300x300.jpg 300w, https:\/\/www.radiopiu.net\/wordpress\/wp-content\/uploads\/2020\/10\/pp-150x150.jpg 150w, https:\/\/www.radiopiu.net\/wordpress\/wp-content\/uploads\/2020\/10\/pp-125x125.jpg 125w, https:\/\/www.radiopiu.net\/wordpress\/wp-content\/uploads\/2020\/10\/pp-200x200.jpg 200w, https:\/\/www.radiopiu.net\/wordpress\/wp-content\/uploads\/2020\/10\/pp-80x80.jpg 80w, https:\/\/www.radiopiu.net\/wordpress\/wp-content\/uploads\/2020\/10\/pp-480x480.jpg 480w, https:\/\/www.radiopiu.net\/wordpress\/wp-content\/uploads\/2020\/10\/pp.jpg 640w\" sizes=\"auto, (max-width: 106px) 100vw, 106px\" \/><\/a><\/p>\n<\/div>\n<\/div>\n<\/div>\n<div>\n<div class=\"page-title-head hgroup\">\n<div class=\"page-title-head hgroup\">\n<div class=\"b654a4as d2edcug0\">\n<div class=\"j83agx80 btwxx1t3 lhclo0ds hop8lmos nkwizq5d scwd0bx6 roh60bw9\">\n<div class=\"rq0escxv hkbzh7o3 jwdofwj8 n8tt0mok r8blr3vg hyh9befq\">\n<div class=\"do00u71z l9j0dhe7 k4urcfbm\">\n<h2><span style=\"color: #000080;\">DON CESARE, IL PENSIERO DEL GIORNO. ALLA RADIO ALLE 7 DEL MATTINO E ALLE 19.30 DELLA SERA.\u00a0\u00a0<\/span><\/h2>\n<\/div>\n<\/div>\n<\/div>\n<div><\/div>\n<div><\/div>\n<div><\/div>\n<\/div>\n<\/div>\n<div class=\"page-title-head hgroup\">\n<audio class=\"wp-audio-shortcode\" id=\"audio-229044-7\" preload=\"none\" style=\"width: 100%;\" controls=\"controls\"><source type=\"audio\/mpeg\" src=\"https:\/\/www.radiopiu.net\/wordpress\/wp-content\/uploads\/2021\/08\/cesare-16.mp3?_=7\" \/><a href=\"https:\/\/www.radiopiu.net\/wordpress\/wp-content\/uploads\/2021\/08\/cesare-16.mp3\">https:\/\/www.radiopiu.net\/wordpress\/wp-content\/uploads\/2021\/08\/cesare-16.mp3<\/a><\/audio>\n<p>&nbsp;<\/p>\n<p>&nbsp;<\/p>\n<hr \/>\n<p class=\"b654a4as d2edcug0\"><span style=\"color: #ff6600;\">\u00a0 \u00a0<\/span><\/p>\n<h2><span style=\"color: #ff6600;\">GIROVAGANDO ALLA RADIO, PUNTATA 13<\/span><\/h2>\n<p><strong><a href=\"https:\/\/www.radiopiu.net\/wordpress\/girovagando-alla-radio-puntata-13\/c99bbc43-3663-483a-b382-fcecfa9e6f88\/\" rel=\"attachment wp-att-228878\"><img loading=\"lazy\" decoding=\"async\" class=\"size-medium wp-image-228878 alignleft\" src=\"https:\/\/www.radiopiu.net\/wordpress\/wp-content\/uploads\/2021\/08\/c99bbc43-3663-483a-b382-fcecfa9e6f88-300x225.jpg\" alt=\"\" width=\"300\" height=\"225\" srcset=\"https:\/\/www.radiopiu.net\/wordpress\/wp-content\/uploads\/2021\/08\/c99bbc43-3663-483a-b382-fcecfa9e6f88-300x225.jpg 300w, https:\/\/www.radiopiu.net\/wordpress\/wp-content\/uploads\/2021\/08\/c99bbc43-3663-483a-b382-fcecfa9e6f88-1024x768.jpg 1024w, https:\/\/www.radiopiu.net\/wordpress\/wp-content\/uploads\/2021\/08\/c99bbc43-3663-483a-b382-fcecfa9e6f88-768x576.jpg 768w, https:\/\/www.radiopiu.net\/wordpress\/wp-content\/uploads\/2021\/08\/c99bbc43-3663-483a-b382-fcecfa9e6f88-1536x1152.jpg 1536w, https:\/\/www.radiopiu.net\/wordpress\/wp-content\/uploads\/2021\/08\/c99bbc43-3663-483a-b382-fcecfa9e6f88.jpg 1600w\" sizes=\"auto, (max-width: 300px) 100vw, 300px\" \/><\/a>Collaborazione Thomas Soppera<\/strong><\/p>\n<p>&nbsp;<\/p>\n<p><strong>PUNTATA DEL 23 AGOSTO 2021<\/strong><\/p>\n<audio class=\"wp-audio-shortcode\" id=\"audio-229044-8\" preload=\"none\" style=\"width: 100%;\" controls=\"controls\"><source type=\"audio\/mpeg\" src=\"https:\/\/www.radiopiu.net\/wordpress\/wp-content\/uploads\/2021\/08\/GIROVAGANDO-13.mp3?_=8\" \/><a href=\"https:\/\/www.radiopiu.net\/wordpress\/wp-content\/uploads\/2021\/08\/GIROVAGANDO-13.mp3\">https:\/\/www.radiopiu.net\/wordpress\/wp-content\/uploads\/2021\/08\/GIROVAGANDO-13.mp3<\/a><\/audio>\n<p>&nbsp;<\/p>\n<blockquote class=\"wp-embedded-content\" data-secret=\"mo8i43B5mi\"><p><a href=\"https:\/\/www.radiopiu.net\/wordpress\/girovagando-in-e-bike-tra-le-dolomiti\/\">GIROVAGANDO IN E BIKE TRA LE DOLOMITI<\/a><\/p><\/blockquote>\n<p><iframe loading=\"lazy\" class=\"wp-embedded-content\" sandbox=\"allow-scripts\" security=\"restricted\" style=\"position: absolute; clip: rect(1px, 1px, 1px, 1px);\" title=\"&#8220;GIROVAGANDO IN E BIKE TRA LE DOLOMITI&#8221; &#8212; Radio Pi\u00f9\" src=\"https:\/\/www.radiopiu.net\/wordpress\/girovagando-in-e-bike-tra-le-dolomiti\/embed\/#?secret=mo8i43B5mi\" data-secret=\"mo8i43B5mi\" width=\"600\" height=\"338\" frameborder=\"0\" marginwidth=\"0\" marginheight=\"0\" scrolling=\"no\"><\/iframe><\/p>\n<p>\u200b<\/p>\n<p>\u200b<\/p>\n<hr \/>\n<\/div>\n<\/div>\n<\/div>\n<\/div>\n<\/div>\n<\/div>\n<\/div>\n<\/div>\n<\/div>\n<\/div>\n<\/div>\n<\/div>\n<\/div>\n<\/div>\n<\/div>\n<\/div>\n<\/div>\n<\/div>\n<\/div>\n<\/div>\n<\/div>\n<\/div>\n<\/div>\n<div class=\"mkdf-post-text\">\n<div class=\"mkdf-post-text-inner\">\n<div class=\"mkdf-post-text-main\">\n<div class=\"mkdf-post-text\">\n<div class=\"mkdf-post-text-inner\">\n<div class=\"mkdf-post-text-main\">\n<div>\n<div class=\"page-title-head hgroup\">\n<div class=\"page-title-head hgroup\">\n<div class=\"page-title-head hgroup\">\n<div class=\"page-title-head hgroup\">\n<div class=\"b654a4as d2edcug0\">\n<div class=\"page-title-head hgroup\">\n<div class=\"page-title-head hgroup\">\n<p>&nbsp;<\/p>\n<\/div>\n<\/div>\n<\/div>\n<\/div>\n<\/div>\n<\/div>\n<\/div>\n<\/div>\n<\/div>\n<\/div>\n<\/div>\n<\/div>\n<\/div>\n<\/div>\n<\/div>\n<\/div>\n<\/div>\n<\/div>\n<\/div>\n<\/div>\n<\/div>\n<\/div>\n<\/div>\n<\/div>\n<\/div>\n<\/div>\n<blockquote>\n<h3><\/h3>\n<h3>COLLAGE&#8230; DI LORIS SCUSSEL dal lunedi al venerdi alle 16 e alle 23 su RADIO PIU<\/h3>\n<p><strong>PUNTATA DEL 23 AGOSTO, 416<\/strong><\/p>\n<audio class=\"wp-audio-shortcode\" id=\"audio-229044-9\" preload=\"none\" style=\"width: 100%;\" controls=\"controls\"><source type=\"audio\/mpeg\" src=\"https:\/\/www.radiopiu.net\/wordpress\/wp-content\/uploads\/2021\/08\/COLU.mp3?_=9\" \/><a href=\"https:\/\/www.radiopiu.net\/wordpress\/wp-content\/uploads\/2021\/08\/COLU.mp3\">https:\/\/www.radiopiu.net\/wordpress\/wp-content\/uploads\/2021\/08\/COLU.mp3<\/a><\/audio><\/blockquote>\n<div>\n<p><img loading=\"lazy\" decoding=\"async\" class=\"alignleft\" src=\"https:\/\/www.radiopiu.net\/wordpress\/wp-content\/uploads\/2021\/05\/Schermata-2021-05-23-alle-11.50.11.png\" width=\"186\" height=\"131\" \/><\/p>\n<div>\n<p>Il programma \u00e8 andato in onda da dicembre 2013 fino a luglio 2019, comprese le repliche, in due serie per 350 puntate complessive con 1.890 brani trasmessi. L\u2019obiettivo del programma: riproporre agli ascoltatori pi\u00f9 grandicelli le canzoni che ascoltavano nel passato e nello stesso tempo farle conoscere anche ai pi\u00f9 giovani.<\/p>\n<\/div>\n<\/div>\n<div>\n<p><b>\u00a0\u00a0<\/b><\/p>\n<p>&nbsp;<\/p>\n<p>&nbsp;<\/p>\n<p>&nbsp;<\/p>\n<\/div>\n<\/div>\n<\/div>\n<\/div>\n<\/div>\n<\/div>\n<\/div>\n<\/div>\n<\/div>\n<\/div>\n<\/div>\n<\/div>\n<\/div>\n<\/div>\n<\/div>\n<\/div>\n<\/div>\n<\/div>\n<\/div>\n<\/div>\n<\/div>\n<\/div>\n<\/div>\n<\/div>\n<\/div>\n<\/div>\n<\/div>\n<\/div>\n<\/div>\n<\/div>\n<\/div>\n<\/div>\n<\/div>\n<\/div>\n<\/div>\n<\/div>\n<\/div>\n<\/div>\n<\/div>\n<\/div>\n<\/div>\n<\/div>\n<\/div>\n<\/div>\n<\/div>\n<\/div>\n<\/div>\n<\/div>\n<\/div>\n<\/div>\n<\/div>\n<\/div>\n<\/div>\n<\/div>\n<\/div>\n<\/div>\n<\/div>\n<\/div>\n<\/div>\n<\/div>\n<\/div>\n<\/div>\n<div>\n<hr \/>\n<p>&nbsp;<\/p>\n<div>\n<div class=\"b654a4as d2edcug0\">\n<div class=\"rq0escxv hkbzh7o3 jwdofwj8 n8tt0mok r8blr3vg hyh9befq\">\n<div class=\"b654a4as d2edcug0\">\n<div class=\"b654a4as d2edcug0\">\n<div>\n<div class=\"b654a4as d2edcug0\">\n<div class=\"rq0escxv hkbzh7o3 jwdofwj8 n8tt0mok r8blr3vg hyh9befq\">\n<div class=\"b654a4as d2edcug0\">\n<h2><\/h2>\n<div class=\"b654a4as d2edcug0\">\n<h2><span style=\"color: #008000;\">ERBE E PIANTE CURATIVE&#8230;IL\u00a0 PROGRAMMA DI PAOLA LANCIATO\u00a0\u00a0<\/span><\/h2>\n<blockquote class=\"wp-embedded-content\" data-secret=\"3n1rRESnmd\"><p><a href=\"https:\/\/www.radiopiu.net\/wordpress\/erbavoglio\/\">L&#8217;ERBA VOGLIO DEL GIARDINO DEL RE&#8230; Erbe, fiori e Piante di e con Paola Lanciato<\/a><\/p><\/blockquote>\n<p><iframe loading=\"lazy\" class=\"wp-embedded-content\" sandbox=\"allow-scripts\" security=\"restricted\" style=\"position: absolute; clip: rect(1px, 1px, 1px, 1px);\" title=\"&#8220;L&#8217;ERBA VOGLIO DEL GIARDINO DEL RE&#8230; Erbe, fiori e Piante di e con Paola Lanciato&#8221; &#8212; Radio Pi\u00f9\" src=\"https:\/\/www.radiopiu.net\/wordpress\/erbavoglio\/embed\/#?secret=3n1rRESnmd\" data-secret=\"3n1rRESnmd\" width=\"600\" height=\"338\" frameborder=\"0\" marginwidth=\"0\" marginheight=\"0\" scrolling=\"no\"><\/iframe><\/p>\n<\/div>\n<p>&nbsp;<\/p>\n<\/div>\n<\/div>\n<\/div>\n<\/div>\n<p>&nbsp;<\/p>\n<\/div>\n<\/div>\n<\/div>\n<\/div>\n<\/div>\n<p>&nbsp;<\/p>\n<hr \/>\n<p>&nbsp;<\/p>\n<div>\n<h2><span style=\"color: #ff0000;\"><strong>IN VIVO VERSO 2020-21 ESTATE, RIASCOLTIAMOLI&#8230; DAL CASSETTO DEI RICORDI DI RADIO PIU&#8217;&#8230; LE PRIME\u00a0 SEI STAGIONI\u00a0 \u00a0\u00a0<\/strong><\/span><\/h2>\n<blockquote>\n<h3>riascoltiamole MURER di ENZO CHENET<\/h3>\n<\/blockquote>\n<p>AUDIO<\/p>\n<audio class=\"wp-audio-shortcode\" id=\"audio-229044-10\" preload=\"none\" style=\"width: 100%;\" controls=\"controls\"><source type=\"audio\/mpeg\" src=\"https:\/\/www.radiopiu.net\/wordpress\/wp-content\/uploads\/2021\/08\/EZIO-CHENET-5-MURER.mp3?_=10\" \/><a href=\"https:\/\/www.radiopiu.net\/wordpress\/wp-content\/uploads\/2021\/08\/EZIO-CHENET-5-MURER.mp3\">https:\/\/www.radiopiu.net\/wordpress\/wp-content\/uploads\/2021\/08\/EZIO-CHENET-5-MURER.mp3<\/a><\/audio>\n<div class=\"page-title-head hgroup\">\n<div class=\"page-title-head hgroup\">\n<div class=\"page-title-head hgroup\">\n<div class=\"page-title-head hgroup\">\n<div class=\"page-title-head hgroup\">\n<div class=\"page-title-head hgroup\">\n<blockquote><p><strong>LA RACCOLTA COMPLETA\u00a0<\/strong><\/p><\/blockquote>\n<blockquote class=\"wp-embedded-content\" data-secret=\"IH3W5jjxBw\"><p><a href=\"https:\/\/www.radiopiu.net\/wordpress\/in-vivo-verso\/\">In Vivo Verso<\/a><\/p><\/blockquote>\n<p><iframe loading=\"lazy\" class=\"wp-embedded-content\" sandbox=\"allow-scripts\" security=\"restricted\" style=\"position: absolute; clip: rect(1px, 1px, 1px, 1px);\" title=\"&#8220;In Vivo Verso&#8221; &#8212; Radio Pi\u00f9\" src=\"https:\/\/www.radiopiu.net\/wordpress\/in-vivo-verso\/embed\/#?secret=IH3W5jjxBw\" data-secret=\"IH3W5jjxBw\" width=\"600\" height=\"338\" frameborder=\"0\" marginwidth=\"0\" marginheight=\"0\" scrolling=\"no\"><\/iframe><\/p>\n<\/div>\n<\/div>\n<\/div>\n<\/div>\n<\/div>\n<\/div>\n<p>&nbsp;<\/p>\n<hr \/>\n<\/div>\n<blockquote>\n<blockquote>\n<h2><\/h2>\n<\/blockquote>\n<\/blockquote>\n<div>\n<div class=\"b654a4as d2edcug0\">\n<div class=\"rq0escxv hkbzh7o3 jwdofwj8 n8tt0mok r8blr3vg hyh9befq\">\n<blockquote>\n<h2><span style=\"color: #ff0000;\"><em>ZAINO ALLA RADIO&#8230;ESTATE DI PAOLA LANCIATO\u00a0<\/em><\/span><\/h2>\n<p><strong>LA RACCOLTA COMPLETA\u00a0<\/strong><\/p><\/blockquote>\n<blockquote class=\"wp-embedded-content\" data-secret=\"pk3qWMmQXm\"><p><a href=\"https:\/\/www.radiopiu.net\/wordpress\/zaino-femminile-lanciato\/\">Zaino da viaggio al femminile<\/a><\/p><\/blockquote>\n<p><iframe loading=\"lazy\" class=\"wp-embedded-content\" sandbox=\"allow-scripts\" security=\"restricted\" style=\"position: absolute; clip: rect(1px, 1px, 1px, 1px);\" title=\"&#8220;Zaino da viaggio al femminile&#8221; &#8212; Radio Pi\u00f9\" src=\"https:\/\/www.radiopiu.net\/wordpress\/zaino-femminile-lanciato\/embed\/#?secret=pk3qWMmQXm\" data-secret=\"pk3qWMmQXm\" width=\"600\" height=\"338\" frameborder=\"0\" marginwidth=\"0\" marginheight=\"0\" scrolling=\"no\"><\/iframe><\/p>\n<p>&nbsp;<\/p>\n<\/div>\n<\/div>\n<\/div>\n<hr \/>\n<div><\/div>\n<div>\n<div class=\"page-title-head hgroup\">\n<div class=\"page-title-head hgroup\">\n<div class=\"page-title-head hgroup\">\n<div class=\"page-title-head hgroup\">\n<div class=\"page-title-head hgroup\">\n<div>\n<div class=\"b654a4as d2edcug0\">\u00a0 \u00a0 \u00a0<strong style=\"color: #800080;\">LA RASSEGNA STAMPA DA L&#8217;AMICO DEL POPOLO\u00a0<\/strong><\/div>\n<\/div>\n<\/div>\n<\/div>\n<\/div>\n<\/div>\n<\/div>\n<\/div>\n<div>\n<div class=\"page-title-head hgroup\">\n<div class=\"page-title-head hgroup\">\n<div class=\"page-title-head hgroup\">\n<div class=\"page-title-head hgroup\">\n<div class=\"b654a4as d2edcug0\">\n<div class=\"page-title-head hgroup\">\n<div class=\"page-title-head hgroup\">\n<div class=\"page-title-head hgroup\">\n<div class=\"page-title-head hgroup\">\n<div class=\"b654a4as d2edcug0\">\n<div>\n<h3 class=\"kvgmc6g5 cxmmr5t8 oygrvhab hcukyx3x c1et5uql\"><span style=\"color: #0000ff;\"> INFORMAZIONE il canale su TELEGRAM informazione di prima mano e in tempo reale. iscriviti ed aiutaci a farlo conoscere\u00a0\u00a0<\/span><\/h3>\n<blockquote class=\"wp-embedded-content\" data-secret=\"fJ00hneuOr\"><p><a href=\"https:\/\/www.radiopiu.net\/wordpress\/rassegna-stampa-di-gianni-santomaso\/\">Rassegna stampa da l&#8217;amico del popolo &#8211; di Gianni Santomaso<\/a><\/p><\/blockquote>\n<p><iframe loading=\"lazy\" class=\"wp-embedded-content\" sandbox=\"allow-scripts\" security=\"restricted\" style=\"position: absolute; clip: rect(1px, 1px, 1px, 1px);\" title=\"&#8220;Rassegna stampa da l&#8217;amico del popolo &#8211; di Gianni Santomaso&#8221; &#8212; Radio Pi\u00f9\" src=\"https:\/\/www.radiopiu.net\/wordpress\/rassegna-stampa-di-gianni-santomaso\/embed\/#?secret=fJ00hneuOr\" data-secret=\"fJ00hneuOr\" width=\"600\" height=\"338\" frameborder=\"0\" marginwidth=\"0\" marginheight=\"0\" scrolling=\"no\"><\/iframe><\/p>\n<p>&nbsp;<\/p>\n<hr \/>\n<p>&nbsp;<\/p>\n<p>&nbsp;<\/p>\n<\/div>\n<div dir=\"auto\">\n<blockquote class=\"wp-embedded-content\" data-secret=\"nbM6fvTQan\"><p><a href=\"https:\/\/www.radiopiu.net\/wordpress\/saluteesocieta\/\">Salute e Societ\u00e0<\/a><\/p><\/blockquote>\n<p><iframe loading=\"lazy\" class=\"wp-embedded-content\" sandbox=\"allow-scripts\" security=\"restricted\" style=\"position: absolute; clip: rect(1px, 1px, 1px, 1px);\" title=\"&#8220;Salute e Societ\u00e0&#8221; &#8212; Radio Pi\u00f9\" src=\"https:\/\/www.radiopiu.net\/wordpress\/saluteesocieta\/embed\/#?secret=nbM6fvTQan\" data-secret=\"nbM6fvTQan\" width=\"600\" height=\"338\" frameborder=\"0\" marginwidth=\"0\" marginheight=\"0\" scrolling=\"no\"><\/iframe><\/p>\n<\/div>\n<div dir=\"auto\">\n<h1><\/h1>\n<\/div>\n<div>\n<div class=\"page-title-head hgroup\">\n<div class=\"page-title-head hgroup\">\n<div class=\"page-title-head hgroup\">\n<div>\n<div class=\"b654a4as d2edcug0\">\n<div class=\"rq0escxv hkbzh7o3 jwdofwj8 n8tt0mok r8blr3vg hyh9befq\">\n<hr \/>\n<\/div>\n<\/div>\n<\/div>\n<div>\n<div class=\"page-title-head hgroup\">\n<div class=\"page-title-head hgroup\">\n<div class=\"b654a4as d2edcug0\">\n<p>&nbsp;<\/p>\n<blockquote>\n<h3><img loading=\"lazy\" decoding=\"async\" class=\"alignleft\" src=\"https:\/\/www.radiopiu.net\/wordpress\/wp-content\/uploads\/2021\/06\/fresh-flower-leaves-saffron-white-background-place-your-text-use-saffron-spice-cooking-cosmetology_347372-394.jpeg\" width=\"141\" height=\"94\" \/>L&#8217;ALMANACCO LADINO CON L&#8217;ISTITUT CESA DE JAN QUINDICINALE APPUNTAMENTO. LA DOMENICA ALLE 9 IL LUNEDI ALLE 8.35 IL MARTEDI ALLE 12.35 IL MERCOLEDI ALLE 18.35. SECONDA STAGIONE.<strong style=\"font-size: 14px;\">\u00a0<\/strong><\/h3>\n<\/blockquote>\n<p><strong>\u00a0<\/strong><strong>\u00a0RACCOLTA COMPLETA\u00a0<\/strong><\/p>\n<blockquote class=\"wp-embedded-content\" data-secret=\"KpG8uXqi4X\"><p><a href=\"https:\/\/www.radiopiu.net\/wordpress\/almanacco-ladino\/\">Almanacco Ladino<\/a><\/p><\/blockquote>\n<p><iframe loading=\"lazy\" class=\"wp-embedded-content\" sandbox=\"allow-scripts\" security=\"restricted\" style=\"position: absolute; clip: rect(1px, 1px, 1px, 1px);\" title=\"&#8220;Almanacco Ladino&#8221; &#8212; Radio Pi\u00f9\" src=\"https:\/\/www.radiopiu.net\/wordpress\/almanacco-ladino\/embed\/#?secret=KpG8uXqi4X\" data-secret=\"KpG8uXqi4X\" width=\"600\" height=\"338\" frameborder=\"0\" marginwidth=\"0\" marginheight=\"0\" scrolling=\"no\"><\/iframe><\/p>\n<\/div>\n<div>\n<p>&nbsp;<\/p>\n<hr \/>\n<h2><span style=\"color: #808000;\">DUE MINUTI UN LIBRO\u00a0 TUTTI I GIORNI ALLA RADIO ALLE 9.30 E ALLE 18. QUINTA STAGIONE\u00a0\u00a0<\/span><\/h2>\n<blockquote class=\"wp-embedded-content\" data-secret=\"2uRw70IcrF\"><p><a href=\"https:\/\/www.radiopiu.net\/wordpress\/cuori-stupidi\/\">CUORI STUPIDI<\/a><\/p><\/blockquote>\n<p><iframe loading=\"lazy\" class=\"wp-embedded-content\" sandbox=\"allow-scripts\" security=\"restricted\" style=\"position: absolute; clip: rect(1px, 1px, 1px, 1px);\" title=\"&#8220;CUORI STUPIDI&#8221; &#8212; Radio Pi\u00f9\" src=\"https:\/\/www.radiopiu.net\/wordpress\/cuori-stupidi\/embed\/#?secret=2uRw70IcrF\" data-secret=\"2uRw70IcrF\" width=\"600\" height=\"338\" frameborder=\"0\" marginwidth=\"0\" marginheight=\"0\" scrolling=\"no\"><\/iframe><\/p>\n<p><strong>LA RACCOLTA COMPLETA\u00a0\u00a0<\/strong><\/p>\n<\/div>\n<div>\n<blockquote class=\"wp-embedded-content\" data-secret=\"ENzjwipn9x\"><p><a href=\"https:\/\/www.radiopiu.net\/wordpress\/due-minuti-un-libro\/\">Due minuti un libro<\/a><\/p><\/blockquote>\n<p><iframe loading=\"lazy\" class=\"wp-embedded-content\" sandbox=\"allow-scripts\" security=\"restricted\" style=\"position: absolute; clip: rect(1px, 1px, 1px, 1px);\" title=\"&#8220;Due minuti un libro&#8221; &#8212; Radio Pi\u00f9\" src=\"https:\/\/www.radiopiu.net\/wordpress\/due-minuti-un-libro\/embed\/#?secret=ENzjwipn9x\" data-secret=\"ENzjwipn9x\" width=\"600\" height=\"338\" frameborder=\"0\" marginwidth=\"0\" marginheight=\"0\" scrolling=\"no\"><\/iframe><\/p>\n<p>&nbsp;<\/p>\n<hr \/>\n<p>\u200b<\/p>\n<div>\n<h2><span style=\"color: #33cccc;\">I RACCONTI DI PAOLO SOPPELSA il lunedi alle 9.30 e 18.30<\/span><\/h2>\n<p><strong>CIAO FALCO<\/strong><\/p>\n<p><em><strong>AUDIO<\/strong><\/em><\/p>\n<audio class=\"wp-audio-shortcode\" id=\"audio-229044-11\" preload=\"none\" style=\"width: 100%;\" controls=\"controls\"><source type=\"audio\/mpeg\" src=\"https:\/\/www.radiopiu.net\/wordpress\/wp-content\/uploads\/2021\/08\/PAOLO-SOPPELSA-CIAO-FALCO.mp3?_=11\" \/><a href=\"https:\/\/www.radiopiu.net\/wordpress\/wp-content\/uploads\/2021\/08\/PAOLO-SOPPELSA-CIAO-FALCO.mp3\">https:\/\/www.radiopiu.net\/wordpress\/wp-content\/uploads\/2021\/08\/PAOLO-SOPPELSA-CIAO-FALCO.mp3<\/a><\/audio>\n<p>&nbsp;<\/p>\n<p><a href=\"https:\/\/www.radiopiu.net\/wordpress\/giornale-radiopiu-22-agosto-2021-direttore-mirko-mezzacasa\/097d19ca-b30c-41b3-ad1c-1a9a8326b343\/\" rel=\"attachment wp-att-228938\"><img loading=\"lazy\" decoding=\"async\" class=\"size-medium wp-image-228938 alignleft\" src=\"https:\/\/www.radiopiu.net\/wordpress\/wp-content\/uploads\/2021\/08\/097d19ca-b30c-41b3-ad1c-1a9a8326b343-300x225.jpg\" alt=\"\" width=\"300\" height=\"225\" srcset=\"https:\/\/www.radiopiu.net\/wordpress\/wp-content\/uploads\/2021\/08\/097d19ca-b30c-41b3-ad1c-1a9a8326b343-300x225.jpg 300w, https:\/\/www.radiopiu.net\/wordpress\/wp-content\/uploads\/2021\/08\/097d19ca-b30c-41b3-ad1c-1a9a8326b343-1024x768.jpg 1024w, https:\/\/www.radiopiu.net\/wordpress\/wp-content\/uploads\/2021\/08\/097d19ca-b30c-41b3-ad1c-1a9a8326b343-768x576.jpg 768w, https:\/\/www.radiopiu.net\/wordpress\/wp-content\/uploads\/2021\/08\/097d19ca-b30c-41b3-ad1c-1a9a8326b343.jpg 1080w\" sizes=\"auto, (max-width: 300px) 100vw, 300px\" \/><\/a>Il 22 agosto 2009 era un sabato. Mi trovavo a Cencenighe e dopo pranzo partii alla volta di Belluno. Le ferie estive stavano per terminare e ci si mise pure il cielo, che sopra Agordo era nero tempesta, a rendere il tutto ancor pi\u00f9 malinconico. Inizi\u00f2 a piovere e alle quindici in punto, all&#8217;uscita della galleria dei Castei trovai un potente nubifragio. Qualcuno accost\u00f2 a bordo strada, altri, come me, proseguirono con prudenza. La pioggia insistette torrenziale accompagnandomi fino al capoluogo. Lungo la via scendeva un fiume d&#8217;acqua e dovetti attendere oltre un quarto d&#8217;ora prima di poter scendere dall&#8217;auto. Poi, come sempre accade, il cielo si apr\u00ec e ritorn\u00f2 l&#8217;estate. A quel tempo si viveva nell&#8217;era semi-analogica: il telefonino non era ancora smartphone e serviva per telefonare e spedire SMS. I pi\u00f9 evoluti riuscivano a scattare qualche foto sgranata e le notizie le dovevi ascoltare alla radio, al telegiornale oppure leggere il giorno successivo sul giornale cartaceo. Alle diciannove in punto si comp\u00ec il rito in voga a quei tempi: accensione della TV, canale 13. Breve sigla del TG di Antenna 3 e poi una foto: rimasi impietrito di fronte a quella immagine successivamente passata alla storia. Un elicottero bianco e rosso sdraiato su di un fianco, poggiato sul fango ancora fradicio di Rio Gere. Falco era caduto. Queste furono le parole che apparvero in sovraimpressione. Incredulo mi sedetti sul divano. Non poteva essere accaduto, eppure c&#8217;erano quell&#8217;immagine terribile e la voce commossa della conduttrice a raccontare quell&#8217;incubo che ora era tragica realt\u00e0. Furono minuti interminabili, un telegiornale impossibile portato a termine con coraggiosa professionalit\u00e0. Quattro vittime ed un simbolo caduto. Mi venne in mente quella prima volta che vidi in azione l&#8217;elicottero del SUEM: un recupero sul chilometrico spigolo nord dell&#8217;Agner. E poi l&#8217;ultima volta che lo vidi in volo, ovvero il giorno prima. Ero sdraiato a prendere il sole sotto il ponte di corde di Peron quando pass\u00f2 a bomba in direzione Belluno. Da casa potevo ascoltare ogni suo atterraggio e decollo, ed era una presenza amica. Pensai a quegli uomini che ora erano divenuti angeli. Gli &#8220;Angeli della Montagna&#8221;: cos\u00ec titolarono i giornali il giorno dopo. Ed \u00e8 un titolo che ancora commuove. Tre giorni dopo ci furono i solenni funerali nel Duomo di Belluno. Arrivai in piazza poco dopo le 17, ad esequie appena iniziate. Lutto cittadino: e Belluno stava vivendo un pomeriggio irreale. Niente traffico, serrande dei negozi abbassate e un pesante silenzio. Il Duomo stipato come forse non lo si era mai visto, la piazza pure. Note d&#8217;organo diffuse dagli altoparlanti collocati all&#8217;esterno della chiesa, le parole commosse del celebrante, i sospiri della tanta gente. Al termine della celebrazione un rombo sempre pi\u00f9 marcato proveniente dal cielo: fu nel momento in cui i quattro feretri portati a spalla uscirono dalla Cattedrale che comparve l&#8217;elicottero giallo del SUEM di Treviso. Il fratello di Falco si ferm\u00f2 sulla verticale di palazzo Piloni: immobile a mezz&#8217;aria rendeva omaggio ai caduti. Furono minuti toccanti; in quei momenti vidi scendere lacrime sincere dagli occhi di tante persone. Poi l&#8217;elicottero giallo ripart\u00ec verso Treviso ed i quattro carri funebri lasciarono lentamente la piazza passando fra due ali di folla silenziosa. Mentre il sole iniziava ad avviarsi verso il tramonto la gente lasci\u00f2 piazza Duomo: poche parole sottovoce, sguardi tristi e l&#8217;aria di fine agosto che spirava fra le case del centro. Pian piano inizi\u00f2 il calare di una tiepida sera di quasi fine estate e terminarono cos\u00ec quei giorni amari che divennero memoria collettiva che il tempo non potr\u00e0 mai cancellare. Non vi abbiamo dimenticato, non vi dimenticheremo mai. Ciao ragazzi, ciao Falco.<\/p>\n<p>&nbsp;<\/p>\n<blockquote class=\"wp-embedded-content\" data-secret=\"oEenM2mQDK\"><p><a href=\"https:\/\/www.radiopiu.net\/wordpress\/i-racconti-di-paolo-soppelsa\/\">I racconti di Paolo Soppelsa<\/a><\/p><\/blockquote>\n<p><iframe loading=\"lazy\" class=\"wp-embedded-content\" sandbox=\"allow-scripts\" security=\"restricted\" style=\"position: absolute; clip: rect(1px, 1px, 1px, 1px);\" title=\"&#8220;I racconti di Paolo Soppelsa&#8221; &#8212; Radio Pi\u00f9\" src=\"https:\/\/www.radiopiu.net\/wordpress\/i-racconti-di-paolo-soppelsa\/embed\/#?secret=oEenM2mQDK\" data-secret=\"oEenM2mQDK\" width=\"600\" height=\"338\" frameborder=\"0\" marginwidth=\"0\" marginheight=\"0\" scrolling=\"no\"><\/iframe><\/p>\n<p>&nbsp;<\/p>\n<\/div>\n<\/div>\n<hr \/>\n<p>&nbsp;<\/p>\n<div class=\"mkdf-post-text\">\n<div class=\"mkdf-post-text-inner\">\n<div class=\"mkdf-post-text-main\">\n<div class=\"mkdf-post-text\">\n<div class=\"mkdf-post-text-inner\">\n<div class=\"mkdf-post-text-main\">\n<div class=\"mkdf-post-text\">\n<div class=\"mkdf-post-text-inner\">\n<div class=\"mkdf-post-text-main\">\n<div class=\"page-title-head hgroup\">\n<div class=\"page-title-head hgroup\">\n<div class=\"mkdf-post-text\">\n<div class=\"mkdf-post-text-inner\">\n<div class=\"mkdf-post-text-main\">\n<div class=\"mkdf-post-text\">\n<div class=\"mkdf-post-text-inner\">\n<div class=\"mkdf-post-text-main\">\n<div>\n<div class=\"page-title-head hgroup\">\n<div class=\"page-title-head hgroup\">\n<div class=\"page-title-head hgroup\">\n<div class=\"page-title-head hgroup\">\n<div class=\"b654a4as d2edcug0\">\n<div class=\"page-title-head hgroup\">\n<div class=\"page-title-head hgroup\">\n<div class=\"page-title-head hgroup\">\n<div class=\"page-title-head hgroup\">\n<div class=\"b654a4as d2edcug0\">\n<div>\n<div>\n<div>\n<div>\n<div class=\"page-title-head hgroup\">\n<div class=\"page-title-head hgroup\">\n<div class=\"page-title-head hgroup\">\n<div class=\"page-title-head hgroup\">\n<div class=\"b654a4as d2edcug0\">\n<div class=\"page-title-head hgroup\">\n<div class=\"page-title-head hgroup\">\n<div class=\"page-title-head hgroup\">\n<div class=\"page-title-head hgroup\">\n<div class=\"b654a4as d2edcug0\">\n<div>\n<div class=\"page-title-head hgroup\">\n<div class=\"page-title-head hgroup\">\n<div class=\"page-title-head hgroup\">\n<div>\n<div class=\"page-title-head hgroup\">\n<div class=\"page-title-head hgroup\">\n<div class=\"page-title-head hgroup\">\n<p>&nbsp;<\/p>\n<p><a href=\"https:\/\/www.radiopiu.net\/wordpress\/giornale-radiopiu-26-settembre-2018-direttore-mirko-mezzacasa\/viabilita-2\/\" rel=\"attachment wp-att-61954\"><img loading=\"lazy\" decoding=\"async\" class=\"wp-image-61954 size-full aligncenter\" src=\"https:\/\/www.radiopiu.net\/wordpress\/wp-content\/uploads\/2018\/09\/viabilita.jpeg\" alt=\"\" width=\"800\" height=\"100\" srcset=\"https:\/\/www.radiopiu.net\/wordpress\/wp-content\/uploads\/2018\/09\/viabilita.jpeg 800w, https:\/\/www.radiopiu.net\/wordpress\/wp-content\/uploads\/2018\/09\/viabilita-300x38.jpeg 300w, https:\/\/www.radiopiu.net\/wordpress\/wp-content\/uploads\/2018\/09\/viabilita-768x96.jpeg 768w\" sizes=\"auto, (max-width: 800px) 100vw, 800px\" \/><\/a><\/p>\n<blockquote><p><a href=\"https:\/\/www.radiopiu.net\/wordpress\/giornale-radiopiu-09-agosto-2018-direttore-mirko-mezzacasa\/viabilia\/\" rel=\"attachment wp-att-57053\"><img loading=\"lazy\" decoding=\"async\" class=\" wp-image-57053 alignleft\" src=\"https:\/\/www.radiopiu.net\/wordpress\/wp-content\/uploads\/2018\/08\/VIABILIA-300x180.jpeg\" alt=\"\" width=\"220\" height=\"132\" srcset=\"https:\/\/www.radiopiu.net\/wordpress\/wp-content\/uploads\/2018\/08\/VIABILIA-300x180.jpeg 300w, https:\/\/www.radiopiu.net\/wordpress\/wp-content\/uploads\/2018\/08\/VIABILIA-768x461.jpeg 768w, https:\/\/www.radiopiu.net\/wordpress\/wp-content\/uploads\/2018\/08\/VIABILIA-1024x614.jpeg 1024w, https:\/\/www.radiopiu.net\/wordpress\/wp-content\/uploads\/2018\/08\/VIABILIA.jpeg 1280w\" sizes=\"auto, (max-width: 220px) 100vw, 220px\" \/><\/a><\/p><\/blockquote>\n<\/div>\n<\/div>\n<\/div>\n<\/div>\n<\/div>\n<\/div>\n<\/div>\n<\/div>\n<div>\n<div>\n<div class=\"page-title-head hgroup\">\n<div class=\"page-title-head hgroup\">\n<div class=\"page-title-head hgroup\">\n<div class=\"page-title-head hgroup\">\n<div class=\"page-title-head hgroup\">\n<div class=\"page-title-head hgroup\">\n<blockquote><p>La viabilit\u00e0 con gli ultimi aggiornamenti<\/p><\/blockquote>\n<\/div>\n<\/div>\n<\/div>\n<\/div>\n<\/div>\n<\/div>\n<\/div>\n<div><\/div>\n<div><\/div>\n<div>\n<div><\/div>\n<\/div>\n<\/div>\n<\/div>\n<\/div>\n<\/div>\n<\/div>\n<\/div>\n<\/div>\n<\/div>\n<\/div>\n<\/div>\n<\/div>\n<\/div>\n<div>\n<div class=\"page-title-head hgroup\">\n<div class=\"page-title-head hgroup\">\n<div class=\"page-title-head hgroup\">\n<div class=\"page-title-head hgroup\">\n<div class=\"b654a4as d2edcug0\">\n<div>\n<div class=\"page-title-head hgroup\" style=\"text-align: left;\">\n<div class=\"page-title-head hgroup\"><\/div>\n<\/div>\n<\/div>\n<\/div>\n<\/div>\n<\/div>\n<\/div>\n<\/div>\n<\/div>\n<\/div>\n<\/div>\n<\/div>\n<div>\n<div>\n<div class=\"page-title-head hgroup\">\n<div class=\"page-title-head hgroup\">\n<div class=\"page-title-head hgroup\">\n<div class=\"page-title-head hgroup\">\n<div class=\"b654a4as d2edcug0\">\n<div class=\"page-title-head hgroup\">\n<div class=\"page-title-head hgroup\">\n<div class=\"page-title-head hgroup\">\n<div class=\"page-title-head hgroup\">\n<div class=\"b654a4as d2edcug0\">\n<div>\n<div class=\"page-title-head hgroup\">\n<div class=\"page-title-head hgroup\">\n<div class=\"page-title-head hgroup\">\n<div class=\"page-title-head hgroup\">\n<div class=\"page-title-head hgroup\">\n<div>\n<div>\n<audio class=\"wp-audio-shortcode\" id=\"audio-229044-12\" preload=\"none\" style=\"width: 100%;\" controls=\"controls\"><source type=\"audio\/mpeg\" src=\"https:\/\/www.radiopiu.net\/wordpress\/wp-content\/uploads\/2021\/08\/VIABILITA-6.mp3?_=12\" \/><a href=\"https:\/\/www.radiopiu.net\/wordpress\/wp-content\/uploads\/2021\/08\/VIABILITA-6.mp3\">https:\/\/www.radiopiu.net\/wordpress\/wp-content\/uploads\/2021\/08\/VIABILITA-6.mp3<\/a><\/audio>\n<\/div>\n<div><\/div>\n<div><\/div>\n<\/div>\n<\/div>\n<\/div>\n<\/div>\n<\/div>\n<\/div>\n<\/div>\n<\/div>\n<\/div>\n<\/div>\n<\/div>\n<\/div>\n<\/div>\n<\/div>\n<\/div>\n<\/div>\n<\/div>\n<\/div>\n<div>\n<div>\n<div class=\"page-title-head hgroup\">\n<hr \/>\n<p>&nbsp;<\/p>\n<\/div>\n<\/div>\n<\/div>\n<\/div>\n<\/div>\n<\/div>\n<\/div>\n<\/div>\n<\/div>\n<\/div>\n<\/div>\n<\/div>\n<\/div>\n<\/div>\n<\/div>\n<div>\n<div class=\"page-title-head hgroup\">\n<div class=\"page-title-head hgroup\">\n<div>\n<div class=\"page-title-head hgroup\">\n<div class=\"page-title-head hgroup\">\n<div class=\"b654a4as d2edcug0\">\n<div>\n<div class=\"page-title-head hgroup\" style=\"text-align: left;\">\n<div class=\"page-title-head hgroup\">\n<div dir=\"auto\">\n<p><a class=\"dt-pswp-item pspw-wrap-ready\" href=\"https:\/\/i0.wp.com\/www.radiopiu.net\/wordpress\/wp-content\/uploads\/2018\/09\/WhatsApp-Image-2018-09-20-at-16.04.06.jpeg?ssl=1\" data-dt-img-description=\"\" data-large_image_width=\"800\" data-large_image_height=\"100\"><img loading=\"lazy\" decoding=\"async\" class=\"aligncenter wp-image-61378 size-full jetpack-lazy-image jetpack-lazy-image--handled\" src=\"https:\/\/i0.wp.com\/www.radiopiu.net\/wordpress\/wp-content\/uploads\/2018\/09\/WhatsApp-Image-2018-09-20-at-16.04.06.jpeg?resize=800%2C100&amp;ssl=1\" sizes=\"auto, (max-width: 800px) 100vw, 800px\" srcset=\"https:\/\/i0.wp.com\/www.radiopiu.net\/wordpress\/wp-content\/uploads\/2018\/09\/WhatsApp-Image-2018-09-20-at-16.04.06.jpeg?w=800&amp;ssl=1 800w, https:\/\/i0.wp.com\/www.radiopiu.net\/wordpress\/wp-content\/uploads\/2018\/09\/WhatsApp-Image-2018-09-20-at-16.04.06.jpeg?resize=300%2C38&amp;ssl=1 300w, https:\/\/i0.wp.com\/www.radiopiu.net\/wordpress\/wp-content\/uploads\/2018\/09\/WhatsApp-Image-2018-09-20-at-16.04.06.jpeg?resize=768%2C96&amp;ssl=1 768w\" alt=\"\" width=\"800\" height=\"100\" data-lazy-loaded=\"1\" \/><\/a><\/p>\n<\/div>\n<\/div>\n<\/div>\n<\/div>\n<\/div>\n<\/div>\n<\/div>\n<\/div>\n<\/div>\n<\/div>\n<\/div>\n<\/div>\n<\/div>\n<\/div>\n<\/div>\n<\/div>\n<\/div>\n<\/div>\n<\/div>\n<\/div>\n<\/div>\n<\/div>\n<\/div>\n<\/div>\n<\/div>\n<\/div>\n<\/div>\n<\/div>\n<p>&nbsp;<\/p>\n<div id=\"dolomitimeteo_div_testi\"><center><b>Martedi 24<\/b><\/center><b>Tempo atteso: <\/b>Al mattino in prevalenza soleggiato, salvo qualche stratocumulo mattutino a ridosso di alcuni rilevi e nascenti cumuli entro la tarda mattinata. Al pomeriggio riduzione del soleggiamento per attivit\u00e0 cumuliforme irregolare, spesso modesta o contenuta, solo localmente moderata ed eventualmente associata a qualche locale fenomeno. Il cielo torner\u00e0 a rasserenarsi verso sera. Atmosfera assai fresca in alta quota, mentre il maggiore soleggiamento avr\u00e0 effetti benefici sui valori diurni nelle valli pi\u00f9 assolate.<br \/>\n<b>Precipitazioni: <\/b>Al mattino assenti (0%). Nel pomeriggio probabilit\u00e0 medio-bassa (20-40%) di qualche rovescio sulle Prealpi, eventualmente temporalesco in caso di prolungato soleggiamento al mattino. Sulle Dolomiti rischio di piovaschi assai pi\u00f9 basso (10-20%) e qualora precipitasse, qualche fiocco di neve cadrebbe oltre i 2900-3000 m.<br \/>\n<b>Temperature: <\/b>In generale calo, eccetto rialzo delle massime nelle valli pi\u00f9 assolate. Sono previste punte di 26\/27\u00b0C nei fondovalle prealpini e di 20\/24\u00b0C a 1000\/1200 m. Su Prealpi a 1500 m min 9\u00b0C, max 14\u00b0C; a 2000 m min 7\u00b0C, max 11\u00b0C. Su Dolomiti a 2000 m min 6\u00b0C, max 11\u00b0C; a 3000 m min -1\u00b0C, max 1\u00b0C.<br \/>\n<b>Venti: <\/b>Nelle valli deboli per brezze, a tratti e localmente moderati nei settori consuetamente pi\u00f9 ventilati; in quota in prevalenza deboli dai quadranti settentrionali, salvo temporanei rinforzi erratici sulle cime, a 5-10 km\/h a 2000 m e 10-15 km\/h a 3000 m.<\/p>\n<hr \/>\n<p><center><b>Mercoledi 25<\/b><\/center><b>Tempo atteso: <\/b>Al mattino qualche passeggera nube media stratiforme in un contesto in prevalenza soleggiato, ad eccezione della sporadica presenza di stratocumuli a ridosso di alcuni rilievi. Al pomeriggio attivit\u00e0 cumuliforme spesso modesta, solo localmente moderata, specie sulle Prealpi, dove qualche fenomeno non sar\u00e0 da escludere. A fine giornata il cielo torner\u00e0 a rasserenarsi. Contesto termico ancora fresco.<br \/>\n<b>Precipitazioni: <\/b>Assenti ovunque al mattino (0%). Al pomeriggio ancora piuttosto bassa sulle Dolomiti (10%), mentre qualche piovasco o rovescio non sar\u00e0 da escludere sulle Prealpi (30\/40%), in eventuale estensione alle Dolomiti pi\u00f9 meridionali. Come per marted\u00ec il rischio temporali non sar\u00e0 da escludere su alcuni settori prealpini.<br \/>\n<b>Temperature: <\/b>Minime in ulteriore lieve calo rispetto a marted\u00ec, mentre le massime saranno in leggero rialzo, su valori di 3\/4\u00b0C inferiori alla norma. Su Prealpi a 1500 m min 8\u00b0C, max 15\u00b0C; a 2000 m min 6\u00b0C, max 12\u00b0C. Su Dolomiti a 2000 m min 5\u00b0C, max 13\u00b0C; a 3000 m min -2\u00b0C, max 2\u00b0C.<br \/>\n<b>Venti: <\/b>Nelle valli deboli, o moderati a regime di brezza, a tratti e localmente moderati nei settori consuetamente pi\u00f9 ventilati; in quota deboli da nord, a 5-10 km\/h a 2000 m e 10-15 km\/h a 3000 m.<\/p>\n<hr \/>\n<p><center><b>Giovedi 26<\/b><\/center>Tempo in prevalenza soleggiato con cielo sereno al mattino, salvo stratocumuli mattutini in prossimit\u00e0 delle vette, in rapido diradamento, e modesta attivit\u00e0 cumuliforme nel pomeriggio, localmente moderata sulle Prealpi. Non escluso un breve peggioramento serale a partire dalle Dolomiti, in successiva estensione alle Prealpi. Temperature in rialzo, eccetto eventuale ulteriore calo delle minime nelle valli. Venti a regime di brezza nelle valli; deboli\/moderati da nord-ovest in quota.<\/p>\n<hr \/>\n<p><center><b>Venerdi 27<\/b><\/center>Tempo ancora ben soleggiato, specie al mattino, mentre al pomeriggio la nuvolosit\u00e0 cumuliforme sar\u00e0 pi\u00f9 presente e di maggiore sviluppo con insidia rovesci e occasionali temporali, specie nel tardo pomeriggio\/sera. I fenomeni saranno sparsi e su alcuni settori mom piover\u00e0 affatto. Temperature massime in calo. Venti moderati tesi da nord-ovest in quota, deboli\/moderati a regime di brezza nelle valli. Previsore: R.L.Th.<\/p>\n<\/div>\n<p>&nbsp;<\/p>\n<div class=\"mkdf-post-text\">\n<div class=\"mkdf-post-text-inner\">\n<hr \/>\n<p>&nbsp;<\/p>\n<p><img loading=\"lazy\" decoding=\"async\" class=\"wp-image-60761 size-full aligncenter\" src=\"https:\/\/www.radiopiu.net\/wordpress\/wp-content\/uploads\/2018\/09\/sport.jpg\" alt=\"\" width=\"800\" height=\"100\" srcset=\"https:\/\/www.radiopiu.net\/wordpress\/wp-content\/uploads\/2018\/09\/sport.jpg 800w, https:\/\/www.radiopiu.net\/wordpress\/wp-content\/uploads\/2018\/09\/sport-300x38.jpg 300w, https:\/\/www.radiopiu.net\/wordpress\/wp-content\/uploads\/2018\/09\/sport-768x96.jpg 768w\" sizes=\"auto, (max-width: 800px) 100vw, 800px\" \/><\/p>\n<p>&nbsp;<\/p>\n<p>&nbsp;<\/p>\n<blockquote>\n<h3>BENTORNATE BOMBERINE&#8230;. UN PO&#8217; FALCADINE<\/h3>\n<p><strong>FALCADE\u00a0<\/strong> Sar\u00e0 il settimo ritiro pre stagionale sotto al Focobon per le ragazze padovane del calcio a cinque. \u00a0Dal 26 al 29 agosto la squadra alloggia all&#8217;hotel Arnica. Domenica\u00a0 alle 11 al campo sportivo di via Trieste,\u00a0 partita bionde\u00a0 contro more:\u00a0 Anna Cazzagon, Giorgia Pegoraro, Sabrina Carretta, Alice Scapin, Giulia Gradara, Margherita Zanon, Anna Stoppa Giorgia Schiavo, Anna Gobbato, Sara Rizzo, Silvia Voltan, Cristina Zaccagnino, Vincenza Opportuno, Alessia Magagna, Francesca Alfonsi .\u00a0 Il via al campionato TuttocampoCup \u00e8 fissato per il primo ottobre.<\/p><\/blockquote>\n\n\t\t\t<style type='text\/css'>\n\t\t\t\t#gallery-4 {\n\t\t\t\t\tmargin: auto;\n\t\t\t\t}\n\t\t\t\t#gallery-4 .gallery-item {\n\t\t\t\t\tfloat: left;\n\t\t\t\t\tmargin-top: 10px;\n\t\t\t\t\ttext-align: center;\n\t\t\t\t\twidth: 50%;\n\t\t\t\t}\n\t\t\t\t#gallery-4 img {\n\t\t\t\t\tborder: 2px solid #cfcfcf;\n\t\t\t\t}\n\t\t\t\t#gallery-4 .gallery-caption {\n\t\t\t\t\tmargin-left: 0;\n\t\t\t\t}\n\t\t\t\t\/* see gallery_shortcode() in wp-includes\/media.php *\/\n\t\t\t<\/style>\n\t\t<div id='gallery-4' class='dt-gallery-container gallery galleryid-229044 gallery-columns-2 gallery-size-medium'><dl class='gallery-item'>\n\t\t\t\t<dt class='gallery-icon landscape'>\n\t\t\t\t\t<a class=\"rollover\" href='https:\/\/www.radiopiu.net\/wordpress\/giornale-radiopiu-24-agosto-2021-direttore-mirko-mezzacasa\/227711867_23848067677500256_6161116947631987945_n\/'><img loading=\"lazy\" decoding=\"async\" width=\"300\" height=\"295\" src=\"https:\/\/www.radiopiu.net\/wordpress\/wp-content\/uploads\/2021\/08\/227711867_23848067677500256_6161116947631987945_n-300x295.jpg\" class=\"attachment-medium size-medium\" alt=\"\" srcset=\"https:\/\/www.radiopiu.net\/wordpress\/wp-content\/uploads\/2021\/08\/227711867_23848067677500256_6161116947631987945_n-300x295.jpg 300w, https:\/\/www.radiopiu.net\/wordpress\/wp-content\/uploads\/2021\/08\/227711867_23848067677500256_6161116947631987945_n.jpg 526w\" sizes=\"auto, (max-width: 300px) 100vw, 300px\" \/><\/a>\n\t\t\t\t<\/dt><\/dl><dl class='gallery-item'>\n\t\t\t\t<dt class='gallery-icon landscape'>\n\t\t\t\t\t<a class=\"rollover\" href='https:\/\/www.radiopiu.net\/wordpress\/giornale-radiopiu-24-agosto-2021-direttore-mirko-mezzacasa\/232207737_1603060223231178_5745297356725462433_n\/'><img loading=\"lazy\" decoding=\"async\" width=\"300\" height=\"200\" src=\"https:\/\/www.radiopiu.net\/wordpress\/wp-content\/uploads\/2021\/08\/232207737_1603060223231178_5745297356725462433_n-300x200.jpg\" class=\"attachment-medium size-medium\" alt=\"\" srcset=\"https:\/\/www.radiopiu.net\/wordpress\/wp-content\/uploads\/2021\/08\/232207737_1603060223231178_5745297356725462433_n-300x200.jpg 300w, https:\/\/www.radiopiu.net\/wordpress\/wp-content\/uploads\/2021\/08\/232207737_1603060223231178_5745297356725462433_n-768x512.jpg 768w, https:\/\/www.radiopiu.net\/wordpress\/wp-content\/uploads\/2021\/08\/232207737_1603060223231178_5745297356725462433_n.jpg 851w\" sizes=\"auto, (max-width: 300px) 100vw, 300px\" \/><\/a>\n\t\t\t\t<\/dt><\/dl><br style=\"clear: both\" \/>\n\t\t\t<\/div>\n\n<p>&nbsp;<\/p>\n<blockquote>\n<h3>TERZA POSIZIONE PER MAESTRI-CAGNATI-FILOSI ALLA STAFFETTA TRE RIFUGI<\/h3>\n<\/blockquote>\n<p><strong>FORNI AVOLTRI (UD)<\/strong> Si \u00e8 svolta nel fine settimana a Forni Avoltri in provincia di Udine la 58\u00aa edizione della Staffetta Tre Rifugi organizzata da l&#8217;Unione Sportiva Collina. Si tratta di una gara a livello internazionale skytrail, corsa in montagna, dove il tracciato viene diviso in tre frazioni. Tra coloro che hanno parteciapto all&#8217;evento anche Lorenzo Cagnati che assieme a Cesare Maestri e Marco Filosi hanno chiuso la gara al terzo posto assoluto. <a href=\"https:\/\/www.radiopiu.net\/wordpress\/wp-content\/uploads\/2021\/08\/CLASSIFICA-TRE-RIFUGI.pdf\">CLICCA QUI PER LA CLASSIFICA GENERALE<\/a><\/p>\n<p><strong>AI MICROFONI DI RADIO PIU&#8217; LORENZO CAGNATI<\/strong><\/p>\n<audio class=\"wp-audio-shortcode\" id=\"audio-229044-13\" preload=\"none\" style=\"width: 100%;\" controls=\"controls\"><source type=\"audio\/mpeg\" src=\"https:\/\/www.radiopiu.net\/wordpress\/wp-content\/uploads\/2021\/08\/LORENZO-CAGNATI-TRE-RIFUGI.mp3?_=13\" \/><a href=\"https:\/\/www.radiopiu.net\/wordpress\/wp-content\/uploads\/2021\/08\/LORENZO-CAGNATI-TRE-RIFUGI.mp3\">https:\/\/www.radiopiu.net\/wordpress\/wp-content\/uploads\/2021\/08\/LORENZO-CAGNATI-TRE-RIFUGI.mp3<\/a><\/audio>\n<p>&nbsp;<\/p>\n\n\t\t\t<style type='text\/css'>\n\t\t\t\t#gallery-5 {\n\t\t\t\t\tmargin: auto;\n\t\t\t\t}\n\t\t\t\t#gallery-5 .gallery-item {\n\t\t\t\t\tfloat: left;\n\t\t\t\t\tmargin-top: 10px;\n\t\t\t\t\ttext-align: center;\n\t\t\t\t\twidth: 50%;\n\t\t\t\t}\n\t\t\t\t#gallery-5 img {\n\t\t\t\t\tborder: 2px solid #cfcfcf;\n\t\t\t\t}\n\t\t\t\t#gallery-5 .gallery-caption {\n\t\t\t\t\tmargin-left: 0;\n\t\t\t\t}\n\t\t\t\t\/* see gallery_shortcode() in wp-includes\/media.php *\/\n\t\t\t<\/style>\n\t\t<div id='gallery-5' class='dt-gallery-container gallery galleryid-229044 gallery-columns-2 gallery-size-medium'><dl class='gallery-item'>\n\t\t\t\t<dt class='gallery-icon portrait'>\n\t\t\t\t\t<a class=\"rollover rollover-zoom dt-pswp-item\" title=\"526ce146-5266-492d-a5c8-173df5c2b0f5\" data-dt-img-description=\"\" data-large_image_width=\"826\" data-large_image_height=\"1102\"href='https:\/\/www.radiopiu.net\/wordpress\/wp-content\/uploads\/2021\/08\/526ce146-5266-492d-a5c8-173df5c2b0f5.jpg'><img loading=\"lazy\" decoding=\"async\" width=\"225\" height=\"300\" src=\"https:\/\/www.radiopiu.net\/wordpress\/wp-content\/uploads\/2021\/08\/526ce146-5266-492d-a5c8-173df5c2b0f5-225x300.jpg\" class=\"attachment-medium size-medium\" alt=\"\" srcset=\"https:\/\/www.radiopiu.net\/wordpress\/wp-content\/uploads\/2021\/08\/526ce146-5266-492d-a5c8-173df5c2b0f5-225x300.jpg 225w, https:\/\/www.radiopiu.net\/wordpress\/wp-content\/uploads\/2021\/08\/526ce146-5266-492d-a5c8-173df5c2b0f5-768x1025.jpg 768w, https:\/\/www.radiopiu.net\/wordpress\/wp-content\/uploads\/2021\/08\/526ce146-5266-492d-a5c8-173df5c2b0f5.jpg 826w\" sizes=\"auto, (max-width: 225px) 100vw, 225px\" \/><\/a>\n\t\t\t\t<\/dt><\/dl><dl class='gallery-item'>\n\t\t\t\t<dt class='gallery-icon portrait'>\n\t\t\t\t\t<a class=\"rollover rollover-zoom dt-pswp-item\" title=\"f0b38df2-457f-42af-9e4f-5c4d02c953f6\" data-dt-img-description=\"\" data-large_image_width=\"826\" data-large_image_height=\"1102\"href='https:\/\/www.radiopiu.net\/wordpress\/wp-content\/uploads\/2021\/08\/f0b38df2-457f-42af-9e4f-5c4d02c953f6.jpg'><img loading=\"lazy\" decoding=\"async\" width=\"225\" height=\"300\" src=\"https:\/\/www.radiopiu.net\/wordpress\/wp-content\/uploads\/2021\/08\/f0b38df2-457f-42af-9e4f-5c4d02c953f6-225x300.jpg\" class=\"attachment-medium size-medium\" alt=\"\" srcset=\"https:\/\/www.radiopiu.net\/wordpress\/wp-content\/uploads\/2021\/08\/f0b38df2-457f-42af-9e4f-5c4d02c953f6-225x300.jpg 225w, https:\/\/www.radiopiu.net\/wordpress\/wp-content\/uploads\/2021\/08\/f0b38df2-457f-42af-9e4f-5c4d02c953f6-768x1025.jpg 768w, https:\/\/www.radiopiu.net\/wordpress\/wp-content\/uploads\/2021\/08\/f0b38df2-457f-42af-9e4f-5c4d02c953f6.jpg 826w\" sizes=\"auto, (max-width: 225px) 100vw, 225px\" \/><\/a>\n\t\t\t\t<\/dt><\/dl><br style=\"clear: both\" \/>\n\t\t\t<\/div>\n\n<p>&nbsp;<\/p>\n<p><strong>IL CAMBIO TRA CAGNATI E FILOSI<\/strong><\/p>\n<div style=\"width: 848px;\" class=\"wp-video\"><video class=\"wp-video-shortcode\" id=\"video-229044-1\" width=\"848\" height=\"480\" preload=\"metadata\" controls=\"controls\"><source type=\"video\/mp4\" src=\"https:\/\/www.radiopiu.net\/wordpress\/wp-content\/uploads\/2021\/08\/WhatsApp-Video-2021-08-23-at-16.29.55.mp4?_=1\" \/><a href=\"https:\/\/www.radiopiu.net\/wordpress\/wp-content\/uploads\/2021\/08\/WhatsApp-Video-2021-08-23-at-16.29.55.mp4\">https:\/\/www.radiopiu.net\/wordpress\/wp-content\/uploads\/2021\/08\/WhatsApp-Video-2021-08-23-at-16.29.55.mp4<\/a><\/video><\/div>\n<p>&nbsp;<\/p>\n<hr \/>\n<p>&nbsp;<\/p>\n<blockquote>\n<h3 class=\"p1\">DUATHLON: TRE BELLUNESI NELLA TOP TEN<\/h3>\n<\/blockquote>\n<p class=\"p2\"><span class=\"s1\"><b>BELLUNO<\/b> Al Lonaba Cross Duathlon protagonisti i bellunesi: Federico Arseni, Luca Iannetti e Pietro Ciotti, tutti appartenenti alla categoria Youth A (2006-07). Valida come ultima tappa della Coppa Veneto giovani, la manifestazione si \u00e8 svolta sabato scorso ad Asiago.\u00a0 Entrando nel dettaglio, la prima frazione prevedeva la corsa campestre di 2 chilometri, seguita dai 6 in mountain bike e, in conclusione, un\u2019altra corsa campestre di mille metri. Salite dure, seguite da discese ripide, hanno caratterizzato il tracciato, mentre in sella non sono mancati diversi passaggi tecnici.\u00a0 In questo contesto particolarmente selettivo, arricchito da una cinquantina di atleti legati alle principali societ\u00e0 venete, la Sportivamente Belluno ha avuto il merito di agguantare uno splendido quarto posto con Arseni, un sesto con Iannetti e un decimo con Ciotti. Insomma, un terzetto da top ten. Inizia ora il riposo, a fine settembre via agli allenamenti.<\/span><\/p>\n<div>\n\n\t\t\t<style type='text\/css'>\n\t\t\t\t#gallery-6 {\n\t\t\t\t\tmargin: auto;\n\t\t\t\t}\n\t\t\t\t#gallery-6 .gallery-item {\n\t\t\t\t\tfloat: left;\n\t\t\t\t\tmargin-top: 10px;\n\t\t\t\t\ttext-align: center;\n\t\t\t\t\twidth: 50%;\n\t\t\t\t}\n\t\t\t\t#gallery-6 img {\n\t\t\t\t\tborder: 2px solid #cfcfcf;\n\t\t\t\t}\n\t\t\t\t#gallery-6 .gallery-caption {\n\t\t\t\t\tmargin-left: 0;\n\t\t\t\t}\n\t\t\t\t\/* see gallery_shortcode() in wp-includes\/media.php *\/\n\t\t\t<\/style>\n\t\t<div id='gallery-6' class='dt-gallery-container gallery galleryid-229044 gallery-columns-2 gallery-size-medium'><dl class='gallery-item'>\n\t\t\t\t<dt class='gallery-icon portrait'>\n\t\t\t\t\t<a class=\"rollover rollover-zoom dt-pswp-item\" title=\"Duathlon_1\" data-dt-img-description=\"\" data-large_image_width=\"1224\" data-large_image_height=\"1416\"href='https:\/\/www.radiopiu.net\/wordpress\/wp-content\/uploads\/2021\/08\/Duathlon_1.jpg'><img loading=\"lazy\" decoding=\"async\" width=\"259\" height=\"300\" src=\"https:\/\/www.radiopiu.net\/wordpress\/wp-content\/uploads\/2021\/08\/Duathlon_1-259x300.jpg\" class=\"attachment-medium size-medium\" alt=\"\" srcset=\"https:\/\/www.radiopiu.net\/wordpress\/wp-content\/uploads\/2021\/08\/Duathlon_1-259x300.jpg 259w, https:\/\/www.radiopiu.net\/wordpress\/wp-content\/uploads\/2021\/08\/Duathlon_1-885x1024.jpg 885w, https:\/\/www.radiopiu.net\/wordpress\/wp-content\/uploads\/2021\/08\/Duathlon_1-768x888.jpg 768w, https:\/\/www.radiopiu.net\/wordpress\/wp-content\/uploads\/2021\/08\/Duathlon_1.jpg 1224w\" sizes=\"auto, (max-width: 259px) 100vw, 259px\" \/><\/a>\n\t\t\t\t<\/dt><\/dl><dl class='gallery-item'>\n\t\t\t\t<dt class='gallery-icon landscape'>\n\t\t\t\t\t<a class=\"rollover rollover-zoom dt-pswp-item\" title=\"Duathlon_2\" data-dt-img-description=\"\" data-large_image_width=\"2202\" data-large_image_height=\"1448\"href='https:\/\/www.radiopiu.net\/wordpress\/wp-content\/uploads\/2021\/08\/Duathlon_2.jpg'><img loading=\"lazy\" decoding=\"async\" width=\"300\" height=\"197\" src=\"https:\/\/www.radiopiu.net\/wordpress\/wp-content\/uploads\/2021\/08\/Duathlon_2-300x197.jpg\" class=\"attachment-medium size-medium\" alt=\"\" srcset=\"https:\/\/www.radiopiu.net\/wordpress\/wp-content\/uploads\/2021\/08\/Duathlon_2-300x197.jpg 300w, https:\/\/www.radiopiu.net\/wordpress\/wp-content\/uploads\/2021\/08\/Duathlon_2-1024x673.jpg 1024w, https:\/\/www.radiopiu.net\/wordpress\/wp-content\/uploads\/2021\/08\/Duathlon_2-768x505.jpg 768w, https:\/\/www.radiopiu.net\/wordpress\/wp-content\/uploads\/2021\/08\/Duathlon_2-1536x1010.jpg 1536w, https:\/\/www.radiopiu.net\/wordpress\/wp-content\/uploads\/2021\/08\/Duathlon_2-2048x1347.jpg 2048w\" sizes=\"auto, (max-width: 300px) 100vw, 300px\" \/><\/a>\n\t\t\t\t<\/dt><\/dl><br style=\"clear: both\" \/>\n\t\t\t<\/div>\n\n<p>&nbsp;<\/p>\n<hr \/>\n<p>&nbsp;<\/p>\n<blockquote>\n<h3>LA NAZIONALE UNDER 18 DI HOCKEY SU GHIACCIO A BUDAPEST<\/h3>\n<\/blockquote>\n<p><strong><a href=\"https:\/\/www.radiopiu.net\/wordpress\/giornale-radiopiu-24-agosto-2021-direttore-mirko-mezzacasa\/7a23270e-a6d2-459f-a975-199c9a49ffb3\/\" rel=\"attachment wp-att-229179\"><img loading=\"lazy\" decoding=\"async\" class=\"size-medium wp-image-229179 alignleft\" src=\"https:\/\/www.radiopiu.net\/wordpress\/wp-content\/uploads\/2021\/08\/7a23270e-a6d2-459f-a975-199c9a49ffb3-300x225.jpg\" alt=\"\" width=\"300\" height=\"225\" srcset=\"https:\/\/www.radiopiu.net\/wordpress\/wp-content\/uploads\/2021\/08\/7a23270e-a6d2-459f-a975-199c9a49ffb3-300x225.jpg 300w, https:\/\/www.radiopiu.net\/wordpress\/wp-content\/uploads\/2021\/08\/7a23270e-a6d2-459f-a975-199c9a49ffb3-1024x769.jpg 1024w, https:\/\/www.radiopiu.net\/wordpress\/wp-content\/uploads\/2021\/08\/7a23270e-a6d2-459f-a975-199c9a49ffb3-768x576.jpg 768w, https:\/\/www.radiopiu.net\/wordpress\/wp-content\/uploads\/2021\/08\/7a23270e-a6d2-459f-a975-199c9a49ffb3.jpg 1199w\" sizes=\"auto, (max-width: 300px) 100vw, 300px\" \/><\/a>EGNA <\/strong>Riparte l\u2019attivit\u00e0 delle nazionali giovanili di hockey su ghiaccio. Dopo il camp atletico di Formia e quello on ice di Egna, la nazionale Under 18 \u00e8 attesa dalla prima trasferta degli ultimi anni, caratterizzati dal lungo stop per il Covid-19. Per la squadra, affidata ai coach Dino Grossi e Giovanni Marchetti, che potranno contare sul supporto di Andrea Ambrosi, \u00e8 in programma un triplo test a Budapest. Gli avversari saranno la Slovacchia (26 agosto ore 15.30), l\u2019Ungheria (27 agosto ore 19) e la Polonia (28 agosto ore 10.30). Questo l\u2019elenco dei giocatori convocati. <strong>Portieri<\/strong>: Edoardo Berti (Losanna \u2013 SUI), Philipp Oberhammer (Val Pusteria). <strong>Difensori<\/strong>: Nicol\u00f2 Fanelli (Aosta), Niklas Gasser (Appiano), Enrico Larcher (Cortina), Jonas Schmid (Egna), Tommaso Solaro (Valpellice), David Tauferer (Ritten Sport). <strong>Attaccanti<\/strong>: Matthias Castlunger (Bolzano Academy), Alex Egger (Ora), Damiano Flessati (Trento), Alessandro Frescura (Cortina), Nathan Garau (Aosta), Davide Girardi (Egna), Tobias Graf (Ritten Sport), Ben Linder (Gherdeina), Matteo Longhini (Asiago), Joey Oberrauch (Landshut \u2013 GER), Emanuele Piotto (Valpellice), Thomas Pisetta (Egna), Nicol\u00f2 Remolato (Egna). <strong>Riserve a casa<\/strong>: Matthias Nardin (portiere \u2013 Alleghe), Davide Dimai (difensore \u2013 Val Pusteria), Pietro Gasperetti (attaccante \u2013 Trento), Alessandro Masotti (attaccante \u2013 Trento). <strong>Coaching staff<\/strong>: Dino Grossi, Giovanni Marchetti, Andrea Ambrosi <strong>Team staff<\/strong>: Kurt Suen (Team leader), Emilio Cariota (fisioterapista), Luciano Fraschia (attrezzista)<\/p>\n<p>&nbsp;<\/p>\n<hr \/>\n<p>&nbsp;<\/p>\n<blockquote>\n<h3>PESCA: IL 31\u00ba TROFEO D&#8217;ISEP AD AGORDO<\/h3>\n<\/blockquote>\n<p><strong><a href=\"https:\/\/www.radiopiu.net\/wordpress\/pesca-il-31o-trofeo-disep-ad-agordo\/c63fa76a-bd41-452f-8097-0a0252b9c33e\/\" rel=\"attachment wp-att-229235\"><img loading=\"lazy\" decoding=\"async\" class=\"size-medium wp-image-229235 alignleft\" src=\"https:\/\/www.radiopiu.net\/wordpress\/wp-content\/uploads\/2021\/08\/c63fa76a-bd41-452f-8097-0a0252b9c33e-300x225.jpg\" alt=\"\" width=\"300\" height=\"225\" srcset=\"https:\/\/www.radiopiu.net\/wordpress\/wp-content\/uploads\/2021\/08\/c63fa76a-bd41-452f-8097-0a0252b9c33e-300x225.jpg 300w, https:\/\/www.radiopiu.net\/wordpress\/wp-content\/uploads\/2021\/08\/c63fa76a-bd41-452f-8097-0a0252b9c33e-1024x768.jpg 1024w, https:\/\/www.radiopiu.net\/wordpress\/wp-content\/uploads\/2021\/08\/c63fa76a-bd41-452f-8097-0a0252b9c33e-768x576.jpg 768w, https:\/\/www.radiopiu.net\/wordpress\/wp-content\/uploads\/2021\/08\/c63fa76a-bd41-452f-8097-0a0252b9c33e-1536x1152.jpg 1536w, https:\/\/www.radiopiu.net\/wordpress\/wp-content\/uploads\/2021\/08\/c63fa76a-bd41-452f-8097-0a0252b9c33e.jpg 2048w\" sizes=\"auto, (max-width: 300px) 100vw, 300px\" \/><\/a>di Gianni Santomaso<\/strong><\/p>\n<p><strong>AGORDO<\/strong> Due domeniche fa si \u00e8 svolta al laghetto di Polane la gara di pesca alla trota &#8220;31\u00b0 Trofeo D&#8217;Isep&#8221; riservata ai pierini organizzata dalla societ\u00e0 di pesca sportiva Aps Cencenighe del Bacino di pesca n\u00b0 5, presieduto da Enrico D&#8217;Isep. \u00c8 stata una bella giornata sia per i giovani pescatori che per quanti, volontari e collaboratori, si sono dati da fare per lo sfalcio della zona e per la pulizia del lago dalle alghe.<\/p>\n<audio class=\"wp-audio-shortcode\" id=\"audio-229044-14\" preload=\"none\" style=\"width: 100%;\" controls=\"controls\"><source type=\"audio\/mpeg\" src=\"https:\/\/www.radiopiu.net\/wordpress\/wp-content\/uploads\/2021\/08\/GIANNI-GARA-PESCA.mp3?_=14\" \/><a href=\"https:\/\/www.radiopiu.net\/wordpress\/wp-content\/uploads\/2021\/08\/GIANNI-GARA-PESCA.mp3\">https:\/\/www.radiopiu.net\/wordpress\/wp-content\/uploads\/2021\/08\/GIANNI-GARA-PESCA.mp3<\/a><\/audio>\n<p>&nbsp;<\/p>\n<\/div>\n<\/div>\n<\/div>\n<\/div>\n<\/div>\n<\/div>\n<\/div>\n<\/div>\n<\/div>\n<\/div>\n<\/div>\n<\/div>\n<\/div>\n<\/div>\n<\/div>\n<\/div>\n<\/div>\n<\/div>\n<\/div>\n<\/div>\n<\/div>\n<\/div>\n<\/div>\n<\/div>\n<\/div>\n<\/div>\n<\/div>\n<\/div>\n<\/div>\n<\/div>\n<\/div>\n<\/div>\n<\/div>\n<\/div>\n<\/div>\n<\/div>\n<\/div>\n<\/div>\n<\/div>\n<\/div>\n<\/div>\n<\/div>\n<\/div>\n<\/div>","protected":false},"excerpt":{"rendered":"<p>COMPRIAMO UNA MACCHINA ATTREZZATA PER RICCARDO SOSPIROLO\u00a0Radio Pi\u00f9 appoggia l\u2019iniziativa di\u00a0 Agostino Tegner il pap\u00e0 di Riccardo, poche parole le sue ma piene di significato\u00a0\u201cIo e mia moglie stiamo invecchiando e non riusciamo pi\u00f9\u00a0a trasportare come si deve il nostro ragazzo, che necessita di una macchina attrezzata con un piano ribassato con pedana\u201d. Per questo&hellip;<\/p>\n","protected":false},"author":4,"featured_media":229107,"comment_status":"closed","ping_status":"open","sticky":false,"template":"","format":"standard","meta":{"_monsterinsights_skip_tracking":false,"_monsterinsights_sitenote_active":false,"_monsterinsights_sitenote_note":"","_monsterinsights_sitenote_category":0,"footnotes":""},"categories":[1,51,86,49],"tags":[],"class_list":["post-229044","post","type-post","status-publish","format-standard","has-post-thumbnail","hentry","category-senza-categoria","category-evidenza-top","category-gr","category-news-18","category-1","category-51","category-86","category-49","description-off"],"img_url":"https:\/\/www.radiopiu.net\/wordpress\/wp-content\/uploads\/2021\/08\/dfc7267c-c242-4eec-878a-5e86ad084b16.jpg","_links":{"self":[{"href":"https:\/\/www.radiopiu.net\/wordpress\/wp-json\/wp\/v2\/posts\/229044","targetHints":{"allow":["GET"]}}],"collection":[{"href":"https:\/\/www.radiopiu.net\/wordpress\/wp-json\/wp\/v2\/posts"}],"about":[{"href":"https:\/\/www.radiopiu.net\/wordpress\/wp-json\/wp\/v2\/types\/post"}],"author":[{"embeddable":true,"href":"https:\/\/www.radiopiu.net\/wordpress\/wp-json\/wp\/v2\/users\/4"}],"replies":[{"embeddable":true,"href":"https:\/\/www.radiopiu.net\/wordpress\/wp-json\/wp\/v2\/comments?post=229044"}],"version-history":[{"count":0,"href":"https:\/\/www.radiopiu.net\/wordpress\/wp-json\/wp\/v2\/posts\/229044\/revisions"}],"wp:featuredmedia":[{"embeddable":true,"href":"https:\/\/www.radiopiu.net\/wordpress\/wp-json\/wp\/v2\/media\/229107"}],"wp:attachment":[{"href":"https:\/\/www.radiopiu.net\/wordpress\/wp-json\/wp\/v2\/media?parent=229044"}],"wp:term":[{"taxonomy":"category","embeddable":true,"href":"https:\/\/www.radiopiu.net\/wordpress\/wp-json\/wp\/v2\/categories?post=229044"},{"taxonomy":"post_tag","embeddable":true,"href":"https:\/\/www.radiopiu.net\/wordpress\/wp-json\/wp\/v2\/tags?post=229044"}],"curies":[{"name":"wp","href":"https:\/\/api.w.org\/{rel}","templated":true}]}}