{"id":229089,"date":"2021-08-23T11:02:58","date_gmt":"2021-08-23T09:02:58","guid":{"rendered":"https:\/\/www.radiopiu.net\/wordpress\/?p=229089"},"modified":"2021-08-23T11:03:53","modified_gmt":"2021-08-23T09:03:53","slug":"il-calendario-per-un-accesso-equo-e-globale-al-vaccino-anti-covid","status":"publish","type":"post","link":"https:\/\/www.radiopiu.net\/wordpress\/il-calendario-per-un-accesso-equo-e-globale-al-vaccino-anti-covid\/","title":{"rendered":"IL CALENDARIO PER UN ACCESSO EQUO E  GLOBALE AL VACCINO ANTI COVID"},"content":{"rendered":"<p align=\"JUSTIFY\"><span style=\"font-family: Times New Roman, serif;\"><span style=\"font-size: x-large;\"><strong><a href=\"https:\/\/www.radiopiu.net\/wordpress\/il-calendario-per-un-accesso-equo-e-globale-al-vaccino-anti-covid\/grafica-2-per-cs\/\" rel=\"attachment wp-att-229091\"><img loading=\"lazy\" decoding=\"async\" class=\" wp-image-229091 alignleft\" src=\"https:\/\/www.radiopiu.net\/wordpress\/wp-content\/uploads\/2021\/08\/Grafica-2-per-CS-285x300.jpeg\" alt=\"\" width=\"198\" height=\"208\" srcset=\"https:\/\/www.radiopiu.net\/wordpress\/wp-content\/uploads\/2021\/08\/Grafica-2-per-CS-285x300.jpeg 285w, https:\/\/www.radiopiu.net\/wordpress\/wp-content\/uploads\/2021\/08\/Grafica-2-per-CS-768x808.jpeg 768w, https:\/\/www.radiopiu.net\/wordpress\/wp-content\/uploads\/2021\/08\/Grafica-2-per-CS.jpeg 800w\" sizes=\"auto, (max-width: 198px) 100vw, 198px\" \/><\/a>BELLUNO<\/strong> Il calendario della Polizia di Stato 2022 <\/span><\/span><span style=\"color: #000000;\"><span style=\"font-family: Times New Roman, serif;\"><span style=\"font-size: x-large;\">racconter\u00e0 l\u2019attivit\u00e0 operativa delle donne e degli uomini della Polizia di Stato al servizio della comunit\u00e0 in un modo diverso: le fotografie che accompagnano i mesi sono state infatti scattate da 12 poliziotti che hanno cos\u00ec coniugato passione professionale e sensibilit\u00e0 estetica. <\/span><\/span><\/span><span style=\"font-family: Times New Roman, serif;\"><span style=\"font-size: x-large;\">Anche quest\u2019anno la realizzazione del calendario della Polizia di Stato ha trovato la <\/span><\/span><span style=\"font-family: Times New Roman, serif;\"><span style=\"font-size: x-large;\"><i>partnership<\/i><\/span><\/span><span style=\"font-family: Times New Roman, serif;\"><span style=\"font-size: x-large;\"> di UNICEF. La vendita dell\u2019ultimo calendario <\/span><\/span><span style=\"font-family: Times New Roman, serif;\"><span style=\"font-size: x-large;\"><span lang=\"en-US\">ha permesso di devolvere<\/span><\/span><\/span><span style=\"font-family: Times New Roman, serif;\"><span style=\"font-size: x-large;\"> quasi \u20ac 200.000 <\/span><\/span><span style=\"font-family: Times New Roman, serif;\"><span style=\"font-size: x-large;\"><span lang=\"en-US\">al progetto<\/span><\/span><\/span> <span style=\"font-family: Times New Roman, serif;\"><span style=\"font-size: x-large;\">volto a fronteggiare le situazioni di disagio minorile conseguenti all\u2019emergenza da COVID 19. <\/span><\/span><span style=\"font-family: Times New Roman, serif;\"><span style=\"font-size: x-large;\">Per il 2022 il ricavato della vendita sosterr\u00e0 il progetto \u201cCOVAX per un accesso equo e globale ai vaccini\u201d che consentir\u00e0 di estendere la campagna vaccinale ai bambini dei paesi pi\u00f9 poveri. Una quota, come di consueto, sar\u00e0 devoluta al Piano di assistenza \u201cMarco Valerio\u201d, riservato ai figli dei dipendenti della Polizia di Stato affetti da patologie croniche. <\/span><\/span><span style=\"font-family: Times New Roman, serif;\"><span style=\"font-size: x-large;\">Chiunque potr\u00e0 prenotare il calendario da parete (costo 8 euro) e il calendario da tavolo (costo 6 euro), entro e non oltre il prossimo 21 settembre,<\/span><\/span> <span style=\"font-family: Times New Roman, serif;\"><span style=\"font-size: x-large;\">facendo un <\/span><\/span><span style=\"font-family: Times New Roman, serif;\"><span style=\"font-size: x-large;\"><span lang=\"en-US\">versamento sul conto corrente postale nr. 745000, intestato a \u201c Comitato Italiano <\/span><\/span><\/span><span style=\"font-family: Times New Roman, serif;\"><span style=\"font-size: x-large;\">per l\u2019<\/span><\/span><span style=\"font-family: Times New Roman, serif;\"><span style=\"font-size: x-large;\"><span lang=\"en-US\">Unicef\u201d. Sul bollettino dovr\u00e0 essere indicata la causale <\/span><\/span><\/span><span style=\"font-family: Times New Roman, serif;\"><span style=\"font-size: x-large;\">\u201c<\/span><\/span><span style=\"font-family: Times New Roman, serif;\"><span style=\"font-size: x-large;\"><span lang=\"en-US\"><i>Calendario della Polizia di Stato 202<\/i><\/span><\/span><\/span><span style=\"font-family: Times New Roman, serif;\"><span style=\"font-size: x-large;\"><i>2<\/i><\/span><\/span><span style=\"font-family: Times New Roman, serif;\"><span style=\"font-size: x-large;\"><i>\u201d<\/i><\/span><\/span><span style=\"font-family: Times New Roman, serif;\"><span style=\"font-size: x-large;\">. Copia dell\u2019attestazione di versamento dovr\u00e0 poi essere presentata all\u2019Ufficio Relazioni con il Pubblico della Questura competente.<\/span><\/span><\/p>\n","protected":false},"excerpt":{"rendered":"<p>BELLUNO Il calendario della Polizia di Stato 2022 racconter\u00e0 l\u2019attivit\u00e0 operativa delle donne e degli uomini della Polizia di Stato al servizio della comunit\u00e0 in un modo diverso: le fotografie che accompagnano i mesi sono state infatti scattate da 12 poliziotti che hanno cos\u00ec coniugato passione professionale e sensibilit\u00e0 estetica. Anche quest\u2019anno la realizzazione del&hellip;<\/p>\n","protected":false},"author":4,"featured_media":229090,"comment_status":"closed","ping_status":"open","sticky":false,"template":"","format":"standard","meta":{"_monsterinsights_skip_tracking":false,"_monsterinsights_sitenote_active":false,"_monsterinsights_sitenote_note":"","_monsterinsights_sitenote_category":0,"footnotes":""},"categories":[104,49],"tags":[],"class_list":["post-229089","post","type-post","status-publish","format-standard","has-post-thumbnail","hentry","category-evidenza_3","category-news-18","category-104","category-49","description-off"],"img_url":"https:\/\/www.radiopiu.net\/wordpress\/wp-content\/uploads\/2021\/08\/Grafica-1-per-CS.jpg","_links":{"self":[{"href":"https:\/\/www.radiopiu.net\/wordpress\/wp-json\/wp\/v2\/posts\/229089","targetHints":{"allow":["GET"]}}],"collection":[{"href":"https:\/\/www.radiopiu.net\/wordpress\/wp-json\/wp\/v2\/posts"}],"about":[{"href":"https:\/\/www.radiopiu.net\/wordpress\/wp-json\/wp\/v2\/types\/post"}],"author":[{"embeddable":true,"href":"https:\/\/www.radiopiu.net\/wordpress\/wp-json\/wp\/v2\/users\/4"}],"replies":[{"embeddable":true,"href":"https:\/\/www.radiopiu.net\/wordpress\/wp-json\/wp\/v2\/comments?post=229089"}],"version-history":[{"count":0,"href":"https:\/\/www.radiopiu.net\/wordpress\/wp-json\/wp\/v2\/posts\/229089\/revisions"}],"wp:featuredmedia":[{"embeddable":true,"href":"https:\/\/www.radiopiu.net\/wordpress\/wp-json\/wp\/v2\/media\/229090"}],"wp:attachment":[{"href":"https:\/\/www.radiopiu.net\/wordpress\/wp-json\/wp\/v2\/media?parent=229089"}],"wp:term":[{"taxonomy":"category","embeddable":true,"href":"https:\/\/www.radiopiu.net\/wordpress\/wp-json\/wp\/v2\/categories?post=229089"},{"taxonomy":"post_tag","embeddable":true,"href":"https:\/\/www.radiopiu.net\/wordpress\/wp-json\/wp\/v2\/tags?post=229089"}],"curies":[{"name":"wp","href":"https:\/\/api.w.org\/{rel}","templated":true}]}}