{"id":229111,"date":"2021-08-23T12:35:41","date_gmt":"2021-08-23T10:35:41","guid":{"rendered":"https:\/\/www.radiopiu.net\/wordpress\/?p=229111"},"modified":"2021-08-23T13:39:13","modified_gmt":"2021-08-23T11:39:13","slug":"alla-conferenza-stampa-il-dottor-paolo-rosi-coordinatore-terapie-intensive","status":"publish","type":"post","link":"https:\/\/www.radiopiu.net\/wordpress\/alla-conferenza-stampa-il-dottor-paolo-rosi-coordinatore-terapie-intensive\/","title":{"rendered":"TERAPIE INTENSIVE, ROSI &#8220;SE TUTTI FOSSERO VACCINATI CI SAREBBERO 7 PAZIENTI INTUBATI, NON 50&#8221;"},"content":{"rendered":"<p><strong>VENEZIA<\/strong> Punto stampa da Marghera, situazione covid 19. DIRETTA.<\/p>\n<p>&nbsp;<\/p>\n<p><span style=\"color: #ff0000;\"><strong>IL BOLLETTINO NUOVO AGGIORNAMENTO<\/strong><span style=\"color: #000000;\"> POSITIVI DAL 21 FEBBRAIO 449794 (+331), POSITIVI ATTUALI 12839\u00a0 POSITIVI NELLE ULTIME 24 ORE 331 TAMPONI 10.331 INCIDENZA\u00a0 3,20%\u00a0 DECEDUTI 11666 (0) RICOVERATI 269 (-1) IN AREA NON CRITICA 216 (-1) TERAPIA INTENSIVA\u00a0 52 () ALTRI PAZIENTI IN TERAPIA INTENSIVA\u00a0 349\u00a0 DIMESSI 22743 (+13) DECESSI 11666 (0)<\/span><\/span><\/p>\n<p>&nbsp;<\/p>\n<blockquote>\n<h3>LEGGI LA CONFERENZA STAMPA DI LUCA ZAIA<\/h3>\n<p><em>In Veneto\u00a0 quasi l&#8217;80% di vaccinati. E&#8217; mancata completamente una campagna di informazione sulle vaccinazioni e prolificano le fake news.\u00a0<\/em><\/p><\/blockquote>\n<p><strong>SITUAZIONE<\/strong> Non siamo messi male, tra le Regioni con i dati migliori per quanto riguarda l&#8217;epidemia, il Veneto con Lombardia ed Emilia \u00e8 catalogato a rischio basso. E&#8217; un virus strano, colpisce alcune regioni non altre mentre in giro per l&#8217;Europa sta mettendo in difficolt\u00e0 diverse realt\u00e0. La quinta ondata a Barcellona mette in evidenza un comunit\u00e0 che richiedere il copri fuoco per una gestione della pandemia. <strong>VACCINI<\/strong> Dai 12 ai 25 anni e oltre i 60 anni non serve la prenotazione per ricevere il vaccino. Tutti gli altri devono prenotarsi. <strong>TERZA DOSE<\/strong> L&#8217;Oms dice che prima di parlare di terza dose bisogna pensare ai Paesi che non ne hanno ricevuto neanche una. E&#8217; fondamentale che tutto il mondo possa avere accesso ai vaccini. <strong>SCUOLA<\/strong> L&#8217;esperienza delle scuole-sentinella del Veneto verr\u00e0 adottata a livello nazionale. Abbiamo acquistato 1 milione di test salivari per le scuole. Obiettivo scuola in presenza. <strong>ARRIVANO GLI AFGHANI<\/strong> Non siamo stati allertati, abbiamo una situazione in questo momento difficile perche&#8217; con il turismo la popolazione raddoppia. Guardiamo con attenzione a questa povera gente e al loro dramma. La ritirata degli americani non \u00e8 stata una buona cosa. <strong>DOMANI IN GIUNTA TENNIS E BOB A CORTINA<\/strong> Ho sentito l&#8217;assessore Elena Donazzan domani mi spiegher\u00e0 la storia nata dalla sua disponibilit\u00e0 ad entrare nel tennis club di Cortina. So che il tennis \u00e8 di propriet\u00e0 del Comune che non lo vuole chiudere. Cercheremo di capire in base alle progettualit\u00e0 del Bob come muoverci.<\/p>\n<blockquote>\n<h3>IL DOTTOR PAOLO ROSI e le terapie intensive. Nessun turista ricoverato in terapia intensiva.<\/h3>\n<p><em>50 persone ricoverate \u00e8 la soglia limite, oltre scatta la seconda fase dell&#8217;emergenza, \u00e8 un momento delicato. Se continua come negli ultimi 15 giorni superiamo il livello di allarme, se va come negli ultimi due giorni, restiamo al di sotto.\u00a0 Dei 52 ricoverati nelle terapie, 32 sono\u00a0 gravi, 3\u00a0 in condizioni molto critiche (due a Mestre e uno a Vicenza). E&#8217; cambiata la fascia di et\u00e0 dei ricoveri: prima il 70% aveva oltre 70 anni. Il 58% ha meno di 50 anni.\u00a0 Il 7% ha avuto le due dosi di vaccino<\/em>.<\/p>\n<p>&nbsp;<\/p><\/blockquote>\n<p>Numero dei positivi attuali: abbiamo avuto due giorni in cui le dimissioni hanno superato gli ingressi, siamo in riduzione. Siamo attorno ai 50 ricoverati in terapia intensiva (3 in condizioni critiche), limite tra fase di gestione ordinaria ed emergenziale con l&#8217;attivazione dei posti letto in attesa pronti per accogliere pazienti ovviamente con il personale da riorganizzare. E&#8217; un momento delicato, se continua come negli ultimi 15 giorni superiamo la soglia, se come negli ultimi 2 giorni rimaniamo sotto il livello di allarme.\u00a0 <strong>COSA E&#8217; CAMBIATO?\u00a0<\/strong> Le fasce di et\u00e0 nei ricoveri. Gi\u00e0 lo scorso anno il 70% aveva pi\u00f9 di 70 anni, oggi il 58% ha meno di 60 anni. Il 27% di persone sotto i 50 e 31% tra 30 e 50. Questo \u00e8 strettamente collegato alla vaccinazione. Dei 257 pazienti 18 avevano completato il ciclo vaccinale. Percentuali 78% non \u00e8 vaccinato 14% prima dose 7% entrambi le dosi. percentuali per 100mila abitanti:\u00a0 3 pazienti non vaccinati, 1,2 dopo la prima dose , 0,17 vaccinazione completa. Se oggi fossero tutti vaccinati avremo 7 pazienti oggi in terapia intensiva, non 50. <strong>DECEDUTI<\/strong> <strong>. A Verona ricoverato un 21enne in ospedale in condizioni drammatiche, rientrava da Barcellona \u00e8 stato salvato.\u00a0 <\/strong>A inizio anno il 40% moriva in terapia intensiva, oggi il dato scende a 27%, per la riduzione dell&#8217;et\u00e0 non che siano cambiate le cure, non esiste il farmaco che sconfigge il virus. Avendo ridotto l&#8217;et\u00e0 dei ricoverati si \u00e8 ridotta anche la mortalit\u00e0. I deceduti vaccinati e non vaccinati: 57 deceduti dal primo di maggio, solo 3 avevano completato il ciclo vaccinale non gli altri 54. Et\u00e0 deceduti un quarto settant&#8217;anni ma anche 6 deceduti con meno di 60 anni e 2 con meno di 50 anni <strong>NON LI VOLETE CURARE A CASA<\/strong>\u00a0 Al 118 abbiamo lottato con i pazienti perch\u00e9 rimanessero a casa per le cure, era evidente che non potevamo portali tutti in ospedale. Siamo stati la prima Regione che ha strutturato un sistema per lasciare a casa i pazienti che non avevano necessit\u00e0 di andare in ospedale. I protocolli per le\u00a0 cure domiciliari ci sono sempre stati, anche per le dimissioni dal Pronto Soccorso. \u00a0Le Cure domiciliari quindi\u00a0 non \u00e8 vero che non ci siano state. Abbiamo ricoverato quelli che avevano una saturazione per cui non riuscivano respirare a casa, sotto il 92%. <strong>FARMACI<\/strong>\u00a0 i medici possono ordinare tutti i farmaci secondo quanto prevede il prontuario farmaceutico, ma se usano i farmaci in modo diverso se ne assumono la responsabilit\u00e0.<\/p>\n<p>&nbsp;<\/p>\n<p><a href=\"https:\/\/www.facebook.com\/zaiaufficiale\/videos\/218540733442918\">https:\/\/www.facebook.com\/zaiaufficiale\/videos\/218540733442918<\/a><\/p>\n<p>&nbsp;<\/p>\n<blockquote>\n<h3 style=\"text-align: left;\">GRAFICI E\u00a0 NUMERI DELLE TERAPIE INTENSIVE 6 PAGINE<\/h3>\n<\/blockquote>\n<p>&nbsp;<\/p>\n<a href=\"https:\/\/www.radiopiu.net\/wordpress\/wp-content\/uploads\/2021\/08\/TI-22-AGOSTO-21.pdf\" class=\"pdfemb-viewer\" style=\"\" data-width=\"max\" data-height=\"max\" data-toolbar=\"top\" data-toolbar-fixed=\"on\">TI 22 AGOSTO 21<\/a>\n","protected":false},"excerpt":{"rendered":"<p>VENEZIA Punto stampa da Marghera, situazione covid 19. DIRETTA. &nbsp; IL BOLLETTINO NUOVO AGGIORNAMENTO POSITIVI DAL 21 FEBBRAIO 449794 (+331), POSITIVI ATTUALI 12839\u00a0 POSITIVI NELLE ULTIME 24 ORE 331 TAMPONI 10.331 INCIDENZA\u00a0 3,20%\u00a0 DECEDUTI 11666 (0) RICOVERATI 269 (-1) IN AREA NON CRITICA 216 (-1) TERAPIA INTENSIVA\u00a0 52 () ALTRI PAZIENTI IN TERAPIA INTENSIVA\u00a0 349\u00a0&hellip;<\/p>\n","protected":false},"author":4,"featured_media":229113,"comment_status":"closed","ping_status":"open","sticky":false,"template":"","format":"standard","meta":{"_monsterinsights_skip_tracking":false,"_monsterinsights_sitenote_active":false,"_monsterinsights_sitenote_note":"","_monsterinsights_sitenote_category":0,"footnotes":""},"categories":[51,49],"tags":[],"class_list":["post-229111","post","type-post","status-publish","format-standard","has-post-thumbnail","hentry","category-evidenza-top","category-news-18","category-51","category-49","description-off"],"img_url":"https:\/\/www.radiopiu.net\/wordpress\/wp-content\/uploads\/2021\/08\/fba58d51-4326-4449-ac99-c1ab36448a4e.jpg","_links":{"self":[{"href":"https:\/\/www.radiopiu.net\/wordpress\/wp-json\/wp\/v2\/posts\/229111","targetHints":{"allow":["GET"]}}],"collection":[{"href":"https:\/\/www.radiopiu.net\/wordpress\/wp-json\/wp\/v2\/posts"}],"about":[{"href":"https:\/\/www.radiopiu.net\/wordpress\/wp-json\/wp\/v2\/types\/post"}],"author":[{"embeddable":true,"href":"https:\/\/www.radiopiu.net\/wordpress\/wp-json\/wp\/v2\/users\/4"}],"replies":[{"embeddable":true,"href":"https:\/\/www.radiopiu.net\/wordpress\/wp-json\/wp\/v2\/comments?post=229111"}],"version-history":[{"count":0,"href":"https:\/\/www.radiopiu.net\/wordpress\/wp-json\/wp\/v2\/posts\/229111\/revisions"}],"wp:featuredmedia":[{"embeddable":true,"href":"https:\/\/www.radiopiu.net\/wordpress\/wp-json\/wp\/v2\/media\/229113"}],"wp:attachment":[{"href":"https:\/\/www.radiopiu.net\/wordpress\/wp-json\/wp\/v2\/media?parent=229111"}],"wp:term":[{"taxonomy":"category","embeddable":true,"href":"https:\/\/www.radiopiu.net\/wordpress\/wp-json\/wp\/v2\/categories?post=229111"},{"taxonomy":"post_tag","embeddable":true,"href":"https:\/\/www.radiopiu.net\/wordpress\/wp-json\/wp\/v2\/tags?post=229111"}],"curies":[{"name":"wp","href":"https:\/\/api.w.org\/{rel}","templated":true}]}}