{"id":229152,"date":"2021-08-23T23:59:43","date_gmt":"2021-08-23T21:59:43","guid":{"rendered":"https:\/\/www.radiopiu.net\/wordpress\/?p=229152"},"modified":"2021-08-23T15:01:46","modified_gmt":"2021-08-23T13:01:46","slug":"antonio-dazzi-originario-di-farra-dalpago-lumile-pastorello-ambasciatore-a-malta","status":"publish","type":"post","link":"https:\/\/www.radiopiu.net\/wordpress\/antonio-dazzi-originario-di-farra-dalpago-lumile-pastorello-ambasciatore-a-malta\/","title":{"rendered":"ANTONIO DAZZI ORIGINARIO DI FARRA D\u2019ALPAGO L\u2019\u201cUMILE PASTORELLO\u201d AMBASCIATORE A MALTA"},"content":{"rendered":"<p><strong>di RENATO BONA<\/strong><\/p>\n<p>Nel libro dei \u201cPersonaggi illustri dell\u2019Alpago e Ponte nelle Alpi\u201d non poteva certo mancare Antonio Dazzi. E infatti il maestro Mario De Nale, autore del volume (edito nell\u2019agosto 1978, in occasione del centenario di Placido Fabris, ad iniziativa del Centro sociale di educazione permanente di Tambre e dell\u2019Associazione Emigranti Bellunesi, con la tipografia Piave di Belluno) ne rievoca la figura oltre a pubblicare quella che era la foto ufficiale del primo ambasciatore d\u2019Italia a Malta, Dazzi appunto. De Nale ricorda che il nostro nacque da Domenico e Rosa De Vallier, il 13 giugno 1905 a Unterschlatt, in Svizzera, dove la famiglia era emigrata per ragioni di lavoro. E venne a mancare l\u20191 settembre 1980. I Dazzi erano rientrati al paese d\u2019origine, Farra d\u2019Alpago, quando Antonio aveva 11 anni e dopo aver frequentato per un mese le prime tre classi per perfezionare la lingua italiana dato che aveva gi\u00e0 frequentato la scuola svizzera di lingua straniera, fu iscritto alla quarta classe che super\u00f2 a pieni voti. L\u2019autore ipotizza quindi che \u201cle condizioni economiche della sua famiglia non dovevano essere delle pi\u00f9 felici se il ragazzo, fin dall\u2019et\u00e0 di 12 anni fu costretto a lavorare nelle mandrie del Cansiglio e a Spert alle dipendenze della famiglia Bino. Doveva tuttavia essere dotato di una intelligenza non comune se poi, da umile pastorello che era, pot\u00e9 intraprendere una brillante carriera\u201d. Avvenne infatti &#8211; \u00e8 ancora De Nale a richiamarlo &#8211; che, cedendo alle numerose insistenze dei maestri i quali a scuola ne avevano scoperto un grande amore per i libri, i genitori lo avviassero agli studi nel seminario di Feltre, da dove pass\u00f2 poi a quello di Belluno. In seguito, per poter andare avanti nello studio, essendo impossibilitata la famiglia, si procur\u00f2 i mezzi facendo l\u2019istitutore in vari collegi fino al conseguimento della laurea in giurisprudenza, ottenuta all\u2019Universit\u00e0 di Torino il 12 luglio 1932. Ancora la biografia di Antonio Dazzi: prestato il servizio militare come ufficiale di fanteria e visto che conosceva bene diverse lingue: francese, tedesco, inglese, spagnolo, russo e maltese, venne assunto come impiegato avventizio al Consolato italiano di Colonia sul Reno. Nel frattempo si un\u00ec in matrimonio con Attilia Elisabetta Albertoni, discendente dal nobile casato dei Malaspina, \u201cche gli fu compagna affettuosa e di grande bont\u00e0 e fedelt\u00e0, e suscitatrice di quei valori umani e cristiani che seppero procurargli la stima di quanti lo conoscevano, contribuendo cos\u00ec in modo determinante ad aprirgli la strada della carriera diplomatica\u201d. E gli dette due figli: Nino, docente di psicologia all\u2019Universit\u00e0 di Roma, redattore dell\u2019Enciclopedia Treccani e membro del Comitato nazionale della ricerche e Ludfovico Maria, funzionario dell\u2019Alitalia. Dopo un concorso dall\u2019esito felice entr\u00f2 alle dipendenze del ministero degli Esteri con incarichi a Parigi, Washington e Berna e occup\u00f2 il posto di console generale di Berlino dal settembre 1948 al febbraio 1963. Durante la guerra fu nel Comitato di liberazione nazionale per la provincia bellunese dove poi divenne prefetto. Eletto deputato nella seconda legislatura (1953-58) nelle liste della Democrazia cristiana, ebbe modo di occuparsi con grande impegno soprattutto di questioni migratorie e del lavoro. Numerosi gli incarichi cui fu chiamato: consigliere di amministrazione e consigliere generale della Cassa di risparmio, dell\u2019Istituto di Credito fondiario delle Venezie, presidente dell\u2019istituto minerario \u201cFollador\u201d di Agordo, presidente della societ\u00e0 Fratelli Da Ros di Vittorio Veneto, consigliere comunale e presidente di almeno una trentina di enti ed associazioni a carattere religioso, politico, culturale ed economico; ancora: delegato a molteplici congressi e alla stipulazione di trattati e convenzioni internazionali oltre che commissario d\u2019esame nei concorsi del ministero degli Esteri, interprete in incontri ufficiali di livello internazionale, amministratore della Sina, Societ\u00e0 di iniziative nazionali autostradali; autore del volume \u201cAccordi e convenzioni tra l\u2019Italia e la Germania in materia di emigrazione e sicurezza sociale\u201d. Per i suoi riconosciuti grandi meriti fu insignito di prestigiose onorificenze: grande ufficiale al merito della Repubblica italiana, Cavaliere magistrale del sovrano Ordine di Malta, Nobile protettore della Contrada dell\u2019Aquila di Siena, cavaliere di gran croce al merito della Repubblica italiana. Il sito: <span role=\"gridcell\"><a class=\"oajrlxb2 g5ia77u1 qu0x051f esr5mh6w e9989ue4 r7d6kgcz rq0escxv nhd2j8a9 nc684nl6 p7hjln8o kvgmc6g5 cxmmr5t8 oygrvhab hcukyx3x jb3vyjys rz4wbd8a qt6c0cv9 a8nywdso i1ao9s8h o570zoyu f1sip0of lzcic4wl pbevjfx6 gpro0wi8\" tabindex=\"0\" role=\"link\" href=\"https:\/\/l.facebook.com\/l.php?u=https%3A%2F%2Fbaldi.diplomacy.edu%2F%3Ffbclid%3DIwAR1brogK88-6xOj8kVDu5GWG_ElbGZNOPFWiPeUQ740YLNidCCFwt6GFMMA&amp;h=AT2GtXvL9nLVSiGZh-nl1NfRtmGffqt1dQEvewowbQHkBJZ7qikhmH2DjGUtOakHjjC_N-oShEs8i4m2bf39RmVJKQIWNZmVPfDndOgAALcoPvb_liicxfF7ixfcaFGKTpDOSw\" target=\"_blank\" rel=\"nofollow noopener\">https:\/\/baldi.diplomacy.edu\/<\/a><\/span> scrive che \u201cIl primo Ambasciatore d\u2019Italia a Malta, Antonio Dazzi, prest\u00f2 servizio per circa sei anni: dal 1 dicembre 1964 al 30 giugno 1970. Al termine della sua missione, furono in tanti a scrivere bene di lui sui giornali locali, lodando il suo impegno a rafforzare le relazioni italo-maltesi e a sostenere attivamente l\u2019amicizia tra i rispettivi governi. Il suo contributo fu importante nell\u2019instaurazione dei collegamenti marittimi e aerei tra Malta e l\u2019Italia e nella stesura dei quattro accordi di collaborazione firmati nel 1967. Nell\u2019estate del 1970, dopo la partenza di Dazzi, arriv\u00f2 a Malta l\u2019ambasciatore Guido Soro che prest\u00f2 servizio per un brevissimo periodo. L\u2019anno successivo, nel 1971, gli subentr\u00f2 Enrico Giglioli\u201d. Negli archivi dell\u2019Abm, Associazione bellunesi nel mondo, oggi presieduta da Oscar De Bona, consultando il periodico del sodalizio si pu\u00f2 leggere la cronaca di un incontro che Dazzi ebbe con i tanti amici di Farra d\u2019Alpago prima di rientrare a Malta dopo un periodo di vacanza nella terra dei genitori. Nell\u2019occasione Dazzi elogi\u00f2 l\u2019Associazione e rivolgendo al direttore mons. Virgilio Tiziani, ebbe parole di viva simpatia per il giornale \u201cche gli giunge puntualmente ogni mese, recandogli notizie spesso di prima mano e perci\u00f2 particolarmente gradite, di Farra d&#8217;Alpago, di Belluno e dell&#8217;intera provincia del Piave che \u00e8 e sar\u00e0 sempre nel cuore dell&#8217;ambasciatore Antonio Dazzi ovunque egli si trovi\u201d.<\/p>\n\n\t\t\t<style type='text\/css'>\n\t\t\t\t#gallery-1 {\n\t\t\t\t\tmargin: auto;\n\t\t\t\t}\n\t\t\t\t#gallery-1 .gallery-item {\n\t\t\t\t\tfloat: left;\n\t\t\t\t\tmargin-top: 10px;\n\t\t\t\t\ttext-align: center;\n\t\t\t\t\twidth: 33%;\n\t\t\t\t}\n\t\t\t\t#gallery-1 img {\n\t\t\t\t\tborder: 2px solid #cfcfcf;\n\t\t\t\t}\n\t\t\t\t#gallery-1 .gallery-caption {\n\t\t\t\t\tmargin-left: 0;\n\t\t\t\t}\n\t\t\t\t\/* see gallery_shortcode() in wp-includes\/media.php *\/\n\t\t\t<\/style>\n\t\t<div id='gallery-1' class='dt-gallery-container gallery galleryid-229152 gallery-columns-3 gallery-size-thumbnail'><dl class='gallery-item'>\n\t\t\t\t<dt class='gallery-icon portrait'>\n\t\t\t\t\t<a class=\"rollover\" href='https:\/\/www.radiopiu.net\/wordpress\/antonio-dazzi-originario-di-farra-dalpago-lumile-pastorello-ambasciatore-a-malta\/236118506_818908778819515_1308791687505177274_n\/'><img loading=\"lazy\" decoding=\"async\" width=\"150\" height=\"150\" src=\"https:\/\/www.radiopiu.net\/wordpress\/wp-content\/uploads\/2021\/08\/236118506_818908778819515_1308791687505177274_n-150x150.jpg\" class=\"attachment-thumbnail size-thumbnail\" alt=\"\" \/><\/a>\n\t\t\t\t<\/dt><\/dl><dl class='gallery-item'>\n\t\t\t\t<dt class='gallery-icon landscape'>\n\t\t\t\t\t<a class=\"rollover\" href='https:\/\/www.radiopiu.net\/wordpress\/antonio-dazzi-originario-di-farra-dalpago-lumile-pastorello-ambasciatore-a-malta\/238140111_895831191366813_6029306974168711271_n\/'><img loading=\"lazy\" decoding=\"async\" width=\"150\" height=\"150\" src=\"https:\/\/www.radiopiu.net\/wordpress\/wp-content\/uploads\/2021\/08\/238140111_895831191366813_6029306974168711271_n-150x150.jpg\" class=\"attachment-thumbnail size-thumbnail\" alt=\"\" \/><\/a>\n\t\t\t\t<\/dt><\/dl><dl class='gallery-item'>\n\t\t\t\t<dt class='gallery-icon landscape'>\n\t\t\t\t\t<a class=\"rollover\" href='https:\/\/www.radiopiu.net\/wordpress\/antonio-dazzi-originario-di-farra-dalpago-lumile-pastorello-ambasciatore-a-malta\/237088020_974949460019605_339183134389995313_n\/'><img loading=\"lazy\" decoding=\"async\" width=\"150\" height=\"150\" src=\"https:\/\/www.radiopiu.net\/wordpress\/wp-content\/uploads\/2021\/08\/237088020_974949460019605_339183134389995313_n-150x150.jpg\" class=\"attachment-thumbnail size-thumbnail\" alt=\"\" \/><\/a>\n\t\t\t\t<\/dt><\/dl><br style=\"clear: both\" \/><dl class='gallery-item'>\n\t\t\t\t<dt class='gallery-icon landscape'>\n\t\t\t\t\t<a class=\"rollover\" href='https:\/\/www.radiopiu.net\/wordpress\/antonio-dazzi-originario-di-farra-dalpago-lumile-pastorello-ambasciatore-a-malta\/236347228_2030502853772585_2504471939920979060_n\/'><img loading=\"lazy\" decoding=\"async\" width=\"150\" height=\"150\" src=\"https:\/\/www.radiopiu.net\/wordpress\/wp-content\/uploads\/2021\/08\/236347228_2030502853772585_2504471939920979060_n-150x150.jpg\" class=\"attachment-thumbnail size-thumbnail\" alt=\"\" \/><\/a>\n\t\t\t\t<\/dt><\/dl><dl class='gallery-item'>\n\t\t\t\t<dt class='gallery-icon landscape'>\n\t\t\t\t\t<a class=\"rollover\" href='https:\/\/www.radiopiu.net\/wordpress\/antonio-dazzi-originario-di-farra-dalpago-lumile-pastorello-ambasciatore-a-malta\/239630779_365636221722594_5707706105297466049_n\/'><img loading=\"lazy\" decoding=\"async\" width=\"150\" height=\"150\" src=\"https:\/\/www.radiopiu.net\/wordpress\/wp-content\/uploads\/2021\/08\/239630779_365636221722594_5707706105297466049_n-150x150.jpg\" class=\"attachment-thumbnail size-thumbnail\" alt=\"\" \/><\/a>\n\t\t\t\t<\/dt><\/dl><dl class='gallery-item'>\n\t\t\t\t<dt class='gallery-icon landscape'>\n\t\t\t\t\t<a class=\"rollover\" href='https:\/\/www.radiopiu.net\/wordpress\/antonio-dazzi-originario-di-farra-dalpago-lumile-pastorello-ambasciatore-a-malta\/238140111_381159283391658_7745704806878495038_n\/'><img loading=\"lazy\" decoding=\"async\" width=\"150\" height=\"150\" src=\"https:\/\/www.radiopiu.net\/wordpress\/wp-content\/uploads\/2021\/08\/238140111_381159283391658_7745704806878495038_n-150x150.jpg\" class=\"attachment-thumbnail size-thumbnail\" alt=\"\" \/><\/a>\n\t\t\t\t<\/dt><\/dl><br style=\"clear: both\" \/>\n\t\t\t<\/div>\n\n<p>&nbsp;<\/p>\n<p>NELLE FOTO (Wikipedia, Bellunesi nel mondo, riproduzione dal libro \u201cPersonaggi illustri dell\u2019Alpago e Ponte nelle Alpi\u201d): l\u2019ex ambasciatore di origini alpagote (di Farra) Antonio Dazzi, personaggio illustre e benemerito; immagini di Villa Bel Air sede dell\u2019ambasciata d\u2019Italia a Malta dove oper\u00f2 Dazzi; ecco il diplomatico di origini alpagote in occasione di un incontro a Malta con il ministro degli Esteri italiano, Amintore Fanfani; la frazione svizzera di Unterschlatt dove nacque Antonio Dazzi nel 1905; panoramica del Cansiglio dove il dodicenne Antonio lavor\u00f2 con le mandrie.<\/p>\n","protected":false},"excerpt":{"rendered":"<p>di RENATO BONA Nel libro dei \u201cPersonaggi illustri dell\u2019Alpago e Ponte nelle Alpi\u201d non poteva certo mancare Antonio Dazzi. E infatti il maestro Mario De Nale, autore del volume (edito nell\u2019agosto 1978, in occasione del centenario di Placido Fabris, ad iniziativa del Centro sociale di educazione permanente di Tambre e dell\u2019Associazione Emigranti Bellunesi, con la&hellip;<\/p>\n","protected":false},"author":4,"featured_media":229155,"comment_status":"closed","ping_status":"open","sticky":false,"template":"","format":"standard","meta":{"_monsterinsights_skip_tracking":false,"_monsterinsights_sitenote_active":false,"_monsterinsights_sitenote_note":"","_monsterinsights_sitenote_category":0,"footnotes":""},"categories":[104,49],"tags":[],"class_list":["post-229152","post","type-post","status-publish","format-standard","has-post-thumbnail","hentry","category-evidenza_3","category-news-18","category-104","category-49","description-off"],"img_url":"https:\/\/www.radiopiu.net\/wordpress\/wp-content\/uploads\/2021\/08\/239630779_365636221722594_5707706105297466049_n.jpg","_links":{"self":[{"href":"https:\/\/www.radiopiu.net\/wordpress\/wp-json\/wp\/v2\/posts\/229152","targetHints":{"allow":["GET"]}}],"collection":[{"href":"https:\/\/www.radiopiu.net\/wordpress\/wp-json\/wp\/v2\/posts"}],"about":[{"href":"https:\/\/www.radiopiu.net\/wordpress\/wp-json\/wp\/v2\/types\/post"}],"author":[{"embeddable":true,"href":"https:\/\/www.radiopiu.net\/wordpress\/wp-json\/wp\/v2\/users\/4"}],"replies":[{"embeddable":true,"href":"https:\/\/www.radiopiu.net\/wordpress\/wp-json\/wp\/v2\/comments?post=229152"}],"version-history":[{"count":0,"href":"https:\/\/www.radiopiu.net\/wordpress\/wp-json\/wp\/v2\/posts\/229152\/revisions"}],"wp:featuredmedia":[{"embeddable":true,"href":"https:\/\/www.radiopiu.net\/wordpress\/wp-json\/wp\/v2\/media\/229155"}],"wp:attachment":[{"href":"https:\/\/www.radiopiu.net\/wordpress\/wp-json\/wp\/v2\/media?parent=229152"}],"wp:term":[{"taxonomy":"category","embeddable":true,"href":"https:\/\/www.radiopiu.net\/wordpress\/wp-json\/wp\/v2\/categories?post=229152"},{"taxonomy":"post_tag","embeddable":true,"href":"https:\/\/www.radiopiu.net\/wordpress\/wp-json\/wp\/v2\/tags?post=229152"}],"curies":[{"name":"wp","href":"https:\/\/api.w.org\/{rel}","templated":true}]}}