{"id":229313,"date":"2021-08-24T11:13:31","date_gmt":"2021-08-24T09:13:31","guid":{"rendered":"https:\/\/www.radiopiu.net\/wordpress\/?p=229313"},"modified":"2021-08-25T06:07:22","modified_gmt":"2021-08-25T04:07:22","slug":"cantieri-fantasma-semafori-che-non-funzionano-bond-residenti-e-turisti-contano-i-danni","status":"publish","type":"post","link":"https:\/\/www.radiopiu.net\/wordpress\/cantieri-fantasma-semafori-che-non-funzionano-bond-residenti-e-turisti-contano-i-danni\/","title":{"rendered":"CANTIERI FANTASMA, SEMAFORI CHE NON FUNZIONANO. BOND &#8220;RESIDENTI E TURISTI CONTANO I DANNI&#8221;"},"content":{"rendered":"<p><strong><img loading=\"lazy\" decoding=\"async\" class=\"alignleft\" src=\"https:\/\/www.radiopiu.net\/wordpress\/wp-content\/uploads\/2021\/08\/Passo_Monte_Croce_Comelico_2-2.jpg\" width=\"360\" height=\"203\" \/>ROMA<\/strong> Le segnalazioni, i rimbrotti, sono continui. Da primavera inoltrata dal Cadore e dal Comelico non se ne pu\u00f2 pi\u00f9 di strade occupate dai cantieri che creano disagi al traffico. &#8220;Se l\u2019Alto Bellunese \u00e8 un luogo dimenticato &#8211; azzarda il Deputato Dario Bond &#8211;\u00a0 lo dicano chiaro e tondo. Ma cos\u00ec non pu\u00f2 andare avanti. La viabilit\u00e0 \u00e8 fondamentale per la montagna, per chi ci vive e lavora, e anche per il turismo&#8221;.\u00a0 Bond\u00a0 riconosce l&#8217;importante dei lavori\u00a0 ma anche l&#8217;organizzazione con criterio.<em> &#8220;Sulla Statale 52 Carnica &#8211; ad esempio &#8211;\u00a0 nel tratto dal Comelico alla Val Pusteria, c\u2019\u00e8 un cantiere fantasma che ogni giorno crea enormi difficolt\u00e0. I lavori sono cominciati a maggio, la carreggiata \u00e8 stata occupata per met\u00e0 ed \u00e8 stato posizionato un semaforo, ma negli ultimi tre mesi non si \u00e8 visto nessun operaio al lavoro.<\/em> Secondo Bond un altro problema sono i semafori nono coordinati con conseguente pericolo di incidenti.<em> &#8220;Tra poco comincia l\u2019inverno e quel cantiere sar\u00e0 costretto a rimanere fermo ancora a lungo. Non \u00e8 tollerabile. Per questo interrogher\u00f2 il ministro dei trasporti e chieder\u00f2 risposte ad Anas. Risposte che la montagna e i suoi abitanti esigono&#8221;.<\/em><\/p>\n<p>&nbsp;<\/p>\n<p>Ci permettiamo di segnalare a Dario Bond, dovesse per caso chiedere lumi a chi di competenza, un altro caso simile a quello descritto lungo la regionale 48 delle Dolomiti che da Pieve di Livinallongo porta ad Arabba, ce ne eravamo occupati poco tempo fa dopo un atto vandalico notturno all&#8217;impianto semaforico.<\/p>\n<p><strong>NOTIZIARIO RADIO_SITO_PIU&#8217;\u00a0 30 LUGLIO 2021<\/strong><\/p>\n<p>SEMAFORO DI NUOVO FUNZIONANTE DOPO I DANNEGGIAMENTI DELLA NOTTE<\/p>\n<p><strong><span style=\"color: #ff0000;\"><em>Esasperazione da cantiere<\/em><\/span><br \/>\nLIVINALLONGO<\/strong> Federica stamane di buon mattino pubblicava sulla chat<strong><span style=\"color: #0000ff;\"> VIABILITA&#8217; PROVINCIA DI BELLUNO (Telegram):<\/span><\/strong> <em>Prestare attenzione al ponte di Ruacei dove il semaforo per il senso unico non funziona<\/em>. In effetti il semaforo era spento, ieri sera funzionava regolarmente ma nella notte \u00e8 successo qualche cosa, molto probabilmente qualcuno non aveva di meglio da fare che danneggiare i cavi di collegamento tranciandoli di netto. Ma potrebbe trattarsi non di un semplice &#8220;dispetto&#8221; piuttosto di gente che non ne pu\u00f2 pi\u00f9 di vedere un cantiere aperto per lunghi periodi, sabato e domenica compresi senza maestranze al lavoro. Sarebbe interessante che qualcuno spiegasse perch\u00e9 queste lungaggini nei lavori, forse il ponte necessit\u00e0 di interventi pi\u00f9 importanti che garantiscano il transito anche di due mezzi pesanti contemporaneamente? Ovviamente \u00e8 solo un&#8217;ipotesi.\u00a0 Stamane l&#8217;intervento degli addetti ai lavori che hanno ripristinato l&#8217;impianto, necessario per regolare il senso unico alternato lungo il cantiere che prevede il transito a senso unico alternato su una sola corsia. Anzi, stamane l&#8217;intervento di Anas sulla strada di Veneto Strade dove una ditta ha in appalto i lavori.<\/p>\n\n\t\t\t<style type='text\/css'>\n\t\t\t\t#gallery-1 {\n\t\t\t\t\tmargin: auto;\n\t\t\t\t}\n\t\t\t\t#gallery-1 .gallery-item {\n\t\t\t\t\tfloat: left;\n\t\t\t\t\tmargin-top: 10px;\n\t\t\t\t\ttext-align: center;\n\t\t\t\t\twidth: 20%;\n\t\t\t\t}\n\t\t\t\t#gallery-1 img {\n\t\t\t\t\tborder: 2px solid #cfcfcf;\n\t\t\t\t}\n\t\t\t\t#gallery-1 .gallery-caption {\n\t\t\t\t\tmargin-left: 0;\n\t\t\t\t}\n\t\t\t\t\/* see gallery_shortcode() in wp-includes\/media.php *\/\n\t\t\t<\/style>\n\t\t<div id='gallery-1' class='dt-gallery-container gallery galleryid-229313 gallery-columns-5 gallery-size-thumbnail'><dl class='gallery-item'>\n\t\t\t\t<dt class='gallery-icon portrait'>\n\t\t\t\t\t<a class=\"rollover rollover-zoom dt-pswp-item\" title=\"5f3ad660-dd77-4f9d-9cb1-5ecca9ce77d0\" data-dt-img-description=\"\" data-large_image_width=\"1080\" data-large_image_height=\"1920\"href='https:\/\/www.radiopiu.net\/wordpress\/wp-content\/uploads\/2021\/07\/5f3ad660-dd77-4f9d-9cb1-5ecca9ce77d0.jpg'><img loading=\"lazy\" decoding=\"async\" width=\"150\" height=\"150\" src=\"https:\/\/www.radiopiu.net\/wordpress\/wp-content\/uploads\/2021\/07\/5f3ad660-dd77-4f9d-9cb1-5ecca9ce77d0-150x150.jpg\" class=\"attachment-thumbnail size-thumbnail\" alt=\"\" \/><\/a>\n\t\t\t\t<\/dt><\/dl><dl class='gallery-item'>\n\t\t\t\t<dt class='gallery-icon landscape'>\n\t\t\t\t\t<a class=\"rollover rollover-zoom dt-pswp-item\" title=\"5bd4109f-1ba3-46ae-8563-59c1f7d69d46\" data-dt-img-description=\"\" data-large_image_width=\"1920\" data-large_image_height=\"1080\"href='https:\/\/www.radiopiu.net\/wordpress\/wp-content\/uploads\/2021\/07\/5bd4109f-1ba3-46ae-8563-59c1f7d69d46.jpg'><img loading=\"lazy\" decoding=\"async\" width=\"150\" height=\"150\" src=\"https:\/\/www.radiopiu.net\/wordpress\/wp-content\/uploads\/2021\/07\/5bd4109f-1ba3-46ae-8563-59c1f7d69d46-150x150.jpg\" class=\"attachment-thumbnail size-thumbnail\" alt=\"\" \/><\/a>\n\t\t\t\t<\/dt><\/dl><dl class='gallery-item'>\n\t\t\t\t<dt class='gallery-icon portrait'>\n\t\t\t\t\t<a class=\"rollover rollover-zoom dt-pswp-item\" title=\"192bcfab-5383-47a3-8a11-4c9d29f1f7c7\" data-dt-img-description=\"\" data-large_image_width=\"1080\" data-large_image_height=\"1920\"href='https:\/\/www.radiopiu.net\/wordpress\/wp-content\/uploads\/2021\/07\/192bcfab-5383-47a3-8a11-4c9d29f1f7c7.jpg'><img loading=\"lazy\" decoding=\"async\" width=\"150\" height=\"150\" src=\"https:\/\/www.radiopiu.net\/wordpress\/wp-content\/uploads\/2021\/07\/192bcfab-5383-47a3-8a11-4c9d29f1f7c7-150x150.jpg\" class=\"attachment-thumbnail size-thumbnail\" alt=\"\" \/><\/a>\n\t\t\t\t<\/dt><\/dl><dl class='gallery-item'>\n\t\t\t\t<dt class='gallery-icon portrait'>\n\t\t\t\t\t<a class=\"rollover rollover-zoom dt-pswp-item\" title=\"d586281f-0c1a-46d2-990e-bad73e57ef23\" data-dt-img-description=\"\" data-large_image_width=\"899\" data-large_image_height=\"1599\"href='https:\/\/www.radiopiu.net\/wordpress\/wp-content\/uploads\/2021\/07\/d586281f-0c1a-46d2-990e-bad73e57ef23.jpg'><img loading=\"lazy\" decoding=\"async\" width=\"150\" height=\"150\" src=\"https:\/\/www.radiopiu.net\/wordpress\/wp-content\/uploads\/2021\/07\/d586281f-0c1a-46d2-990e-bad73e57ef23-150x150.jpg\" class=\"attachment-thumbnail size-thumbnail\" alt=\"\" \/><\/a>\n\t\t\t\t<\/dt><\/dl><dl class='gallery-item'>\n\t\t\t\t<dt class='gallery-icon landscape'>\n\t\t\t\t\t<a class=\"rollover rollover-zoom dt-pswp-item\" title=\"96d77237-9f3d-4c12-ba71-3891f5d83d14\" data-dt-img-description=\"\" data-large_image_width=\"1920\" data-large_image_height=\"1080\"href='https:\/\/www.radiopiu.net\/wordpress\/wp-content\/uploads\/2021\/07\/96d77237-9f3d-4c12-ba71-3891f5d83d14.jpg'><img loading=\"lazy\" decoding=\"async\" width=\"150\" height=\"150\" src=\"https:\/\/www.radiopiu.net\/wordpress\/wp-content\/uploads\/2021\/07\/96d77237-9f3d-4c12-ba71-3891f5d83d14-150x150.jpg\" class=\"attachment-thumbnail size-thumbnail\" alt=\"\" \/><\/a>\n\t\t\t\t<\/dt><\/dl><br style=\"clear: both\" \/>\n\t\t\t<\/div>\n\n<p>&nbsp;<\/p>\n<p>&nbsp;<\/p>\n<p>&nbsp;<\/p>\n","protected":false},"excerpt":{"rendered":"<p>ROMA Le segnalazioni, i rimbrotti, sono continui. Da primavera inoltrata dal Cadore e dal Comelico non se ne pu\u00f2 pi\u00f9 di strade occupate dai cantieri che creano disagi al traffico. &#8220;Se l\u2019Alto Bellunese \u00e8 un luogo dimenticato &#8211; azzarda il Deputato Dario Bond &#8211;\u00a0 lo dicano chiaro e tondo. Ma cos\u00ec non pu\u00f2 andare avanti.&hellip;<\/p>\n","protected":false},"author":4,"featured_media":229314,"comment_status":"closed","ping_status":"open","sticky":false,"template":"","format":"standard","meta":{"_monsterinsights_skip_tracking":false,"_monsterinsights_sitenote_active":false,"_monsterinsights_sitenote_note":"","_monsterinsights_sitenote_category":0,"footnotes":""},"categories":[104,49],"tags":[],"class_list":["post-229313","post","type-post","status-publish","format-standard","has-post-thumbnail","hentry","category-evidenza_3","category-news-18","category-104","category-49","description-off"],"img_url":"https:\/\/www.radiopiu.net\/wordpress\/wp-content\/uploads\/2021\/08\/Passo_Monte_Croce_Comelico_2-2.jpg","_links":{"self":[{"href":"https:\/\/www.radiopiu.net\/wordpress\/wp-json\/wp\/v2\/posts\/229313","targetHints":{"allow":["GET"]}}],"collection":[{"href":"https:\/\/www.radiopiu.net\/wordpress\/wp-json\/wp\/v2\/posts"}],"about":[{"href":"https:\/\/www.radiopiu.net\/wordpress\/wp-json\/wp\/v2\/types\/post"}],"author":[{"embeddable":true,"href":"https:\/\/www.radiopiu.net\/wordpress\/wp-json\/wp\/v2\/users\/4"}],"replies":[{"embeddable":true,"href":"https:\/\/www.radiopiu.net\/wordpress\/wp-json\/wp\/v2\/comments?post=229313"}],"version-history":[{"count":0,"href":"https:\/\/www.radiopiu.net\/wordpress\/wp-json\/wp\/v2\/posts\/229313\/revisions"}],"wp:featuredmedia":[{"embeddable":true,"href":"https:\/\/www.radiopiu.net\/wordpress\/wp-json\/wp\/v2\/media\/229314"}],"wp:attachment":[{"href":"https:\/\/www.radiopiu.net\/wordpress\/wp-json\/wp\/v2\/media?parent=229313"}],"wp:term":[{"taxonomy":"category","embeddable":true,"href":"https:\/\/www.radiopiu.net\/wordpress\/wp-json\/wp\/v2\/categories?post=229313"},{"taxonomy":"post_tag","embeddable":true,"href":"https:\/\/www.radiopiu.net\/wordpress\/wp-json\/wp\/v2\/tags?post=229313"}],"curies":[{"name":"wp","href":"https:\/\/api.w.org\/{rel}","templated":true}]}}