{"id":229341,"date":"2021-08-24T23:59:08","date_gmt":"2021-08-24T21:59:08","guid":{"rendered":"https:\/\/www.radiopiu.net\/wordpress\/?p=229341"},"modified":"2021-08-24T15:54:45","modified_gmt":"2021-08-24T13:54:45","slug":"anche-17-bellunesi-periti-nella-tragedia-del-30-agosto-1965-a-mattmark-svizzera","status":"publish","type":"post","link":"https:\/\/www.radiopiu.net\/wordpress\/anche-17-bellunesi-periti-nella-tragedia-del-30-agosto-1965-a-mattmark-svizzera\/","title":{"rendered":"ANCHE 17 BELLUNESI PERITI NELLA TRAGEDIA DEL 30 AGOSTO 1965 A MATTMARK (SVIZZERA)"},"content":{"rendered":"<p><strong>di RENATO BONA<\/strong><\/p>\n<p>Ricorre il cinquantaseiesimo anniversario della catastrofe di Mattmark, in Svizzera dove il 30 agosto del 1965 persero la vita 88 lavoratori, dei quali 56 erano italiani e fra questi ben 17 i bellunesi: Giancarlo Acquis &#8211; Belluno; Giovanni Baracco &#8211; Domegge di Cadore; Aldo Casal &#8211; Sospirolo, Fiorenzo Ciotti &#8211; Pieve di Cadore; Leo Coffen &#8211; Domegge di Cadore; Virginio Dal Borgo &#8211; Pieve d\u2019Alpago; Lino D\u2019Ambros &#8211; Seren del Grappa; Celestino Da Rech &#8211; Sedico; Silvio Da Rin &#8211; Domegge di Cadore; Arrigo De Michiel &#8211; Lorenzago; Igino Fedon &#8211; Domegge di Cadore; Mario Fiabane &#8211; Sedico; Pietro Lesana &#8211; Pieve di Cadore; Illio Pinazza &#8211; Domegge di Cadore; Rubelio Pinazza &#8211; Domegge di Cadore; Enzo Tabacchi &#8211; Pieve di Cadore; Giovanni Zasio &#8211; Sedico. A ricordo del doloroso evento l\u2019associazione Bellunesi nel mondo presieduta da Oscar De Bona, la Famiglia ex emigrati Monte Pizzocco, oltre ai Comuni di Cesiomaggiore, San Gregorio nelle Alpi, Santa Giustina, Sedico e Sospirolo hanno curato l\u2019organizzazione di una cerimonia commemorativa che si svolger\u00e0 domenica 29 a Mas di Sedico con questo programma: alle 11 ritrovo al parco \u201cVittime di Mattmark\u201d nella via Buzzati, interventi delle autorit\u00e0, ricordo delle vittime, benedizione e deposizione di una corona d\u2019alloro di fronte al monumento ai Caduti sul lavoro e in emigrazione. Non mancheranno i gonfaloni dei Comuni di Sedico e Sospirolo ed i gagliardetti delle \u201cfamiglie ex emigranti\u201d e degli ex alpini. Il nome Mattmark &#8211; come opportunamente scriveva qualche anno fa il pubblicista Roberto Bona (mio fratello &#8211; ndr.) per il Corriere delle Alpi &#8211; \u00e8 connesso ad una delle pi\u00f9 gravi tragedie in Svizzera e dell&#8217;emigrazione italiana in quel Paese: quella legata alla costruzione della diga a monte di Saas Almagell (di propriet\u00e0 della societ\u00e0 Mattmark AG \u00e8 una costruzione in terra alta 120 metri, con base di 373 metri; il coronamento, percorso da una strada, \u00e8 lungo 780 metri e largo 9; la diga ha un volume di 10 milioni e 500 mila metri cubi; il lago ha una capacit\u00e0 di 100 milioni di metri cubi d\u2019acqua, una superficie di 176 ettari; la quota massima dell\u2019opera si trova a 2.204 metri; il bacino accoglie le acque di fusione dei ghiacciai al nord delle Alpi ed \u00e8 di tipo stagionale: si riempie durante l\u2019estate; l\u2019acqua viene utilizzata nel periodo invernale, per la produzione di energia idroelettrica) dove il crollo di un ghiacciaio seppell\u00ec nel cantiere di lavoro per la costruzione della diga stessa ben 88 operai &#8211; che avevano finito il proprio turno e si erano tranquillamente recati a mensa. Nel ricordo di Agostino Sacchet \u201cun boato enorme, alle 17,13 di quel 30 agosto precedette una massa enorme di ghiaccio e sassi che rovinando sulla mensa la trasform\u00f2 nella tomba degli operai, dei quali non furono mai recuperati i corpi rimasti sotto cinquanta metri di ghiaccio\u201d. I lavori di costruzione della diga erano iniziati nel 1954 e furono terminati nel 1960. Poi ci furono interventi di impermeabilizzazione e di consolidamento dei terreni vicini, iniziati nel 1961 e terminati nel 1967, con una sospensione di un anno e mezzo. La diga si erge in fondo alla valle del torrente Saas, 550 metri pi\u00f9 in alto del paese di Sass Almagel. Per la sua posizione, \u00e8 visibile anche a molti chilometri di distanza. La struttura &#8211; era ancora Sacchet a precisarlo &#8211; \u00e8 fisicamente lontana dal bellunese ma molto vicina per alcuni eventi: la costruzione dello sbarramento venne affidata alla impresa Electro-Watt s.a. di Zurigo, che utilizzava anche operai bellunesi; le opere di consolidamento furono affidate alla Swissboring, societ\u00e0 svizzera di sondaggi e prospezioni, di Zurigo: molti degli operai erano Italiani, bellunesi in particolare. E poi c\u2019\u00e8 un collegamento con il Vajont. Nella primavera del 1964, qualche mese dopo la catastrofe del 9 ottobre 1963, Salisburgo ospita un convegno sulla meccanica delle rocce ed i partecipanti sono accompagnati in visita alla zona del Vajont dall\u2019ing. Italo Vielmo, tecnico della Consonda. Nell\u2019occasione, durante una pausa nella baracca dell\u2019azienda, nella localit\u00e0 Pascoli, venne chiesto al decano del gruppo, il glaciologo prof. Haefely dell\u2019universit\u00e0 di Zurigo, consulente dell\u2019Electro-Watt, proprietaria della diga di Mattmark, di pronunciare alcune parole di circostanza: \u201cDi fronte alla natura, ogni uomo deve sentirsi estremamente piccolo\u201d fu la sua affermazione. Il 30 agosto 1965 il ghiacciaio pensile dell\u2019Allalin, uno di quelli che Haefely doveva controllare, cade in blocco e distrugge le baracche degli operai, provocando gli 88 morti. Le baracche per i lavoratori erano state allestite proprio sotto un ghiacciaio pensile che non cadde a pezzi, come si pensava potesse fare, ma in unico blocco, proprio come era avvenuto per la frana del monte Toc sul Vajont\u2026 Mattmark suscita scalpore in tutta Europa. E\u2019 la pi\u00f9 grave catastrofe della storia svizzera dell\u2019edilizia. All\u2019inizio la tragedia viene ricondotta a evento naturale. I titoli dei giornali parlano infatti di \u201cforza della montagna\u201d e di \u201cdestino, morte e distruzione\u201d. Poco dopo per\u00f2 iniziano a farsi strada le prime riflessioni sull\u2019efficacia delle misure di sicurezza adottate. Nel documento \u201cVittime del lavoro\u201d l\u2019Unione sindacale svizzera (Uss) scrive: \u201cdovremo pur chiederci se sono state adottate tutte le misure necessarie\u201d. Il ghiacciaio di Allalin \u00e8 sempre stato noto per la sua instabilit\u00e0; eppure gli alloggi dei lavoratori sono stati costruiti proprio sotto il ghiacciaio, in una zona ad alto rischio. Il 17 settembre parte l\u2019inchiesta e vengono disposte le prime perizie. La committente, l\u2019Elektrowatt Ag, finisce sotto pressione. L\u2019ombra della responsabilit\u00e0 grava per\u00f2 anche sull\u2019Istituto nazionale svizzero dell\u2019assicurazione infortuni (Insai, oggi Suva) e sulle autorit\u00e0 vallesane competenti per il rilascio delle autorizzazioni. Poco dopo la tragedia la direzione dei lavori decide la continuazione della costruzione della diga anche nella zona a rischio. Le voci di critica si moltiplicano, soprattutto in Italia. Le cause della tragedia vengono identificate nelle lacune delle misure di sicurezza. I tempi dell\u2019inchiesta penale sono lunghissimi tanto che la prima udienza viene fissata solo sei anni e mezzo dopo la tragedia. Il 22 febbraio 1972 diciassette imputati tra cui direttori, ingegneri e funzionari Suva sono chiamati a rispondere delle loro azioni di fronte al Tribunale distrettuale di Visp. L\u2019accusa \u00e8 di omicidio colposo. La pena massima richiesta dal procuratore pubblico \u00e8 solo il pagamento di multe da mille a duemila franchi. Una settimana dopo il tribunale assolve tutti gli imputati: la catastrofe non era prevedibile. Nella motivazione i giudici spiegano che una valanga di ghiaccio rappresenta una possibilit\u00e0 troppo remota per essere presa ragionevolmente in considerazione. Forti ondate di critiche si levano in tutto il Paese e all\u2019estero. Il 18 marzo 1972 migliaia di migranti scendono in strada a Ginevra: chiedono giustizia per le vittime di Mattmark e denunciano il disprezzo per la vita dei lavoratori. Contro la sentenza viene presentato un ricorso al Tribunale cantonale di Sion. Alla fine del mese di settembre 1972 i tre giorni di udienza si concludono ancora una volta con l\u2019assoluzione di tutti gli imputati. E l\u2019obbligo per i familiari dei ricorrenti di pagare la met\u00e0 delle spese processuali, decisione che suscita forte indignazione. Nel Parlamento italiano le voci critiche vedono nella sentenza una conferma dei pregiudizi elvetici contro i migranti. Cgil, Cisl e Uil protestano uniti contro una sentenza che definiscono inaccettabile. Il Governo italiano si dichiara pronto a farsi carico delle spese processuali tramite il fondo del consolato per la tutela giuridica costituito presso l\u2019Ambasciata italiana a Berna. La giustizia vallesana non prende neanche in considerazione una remissione delle spese a favore delle famiglie delle vittime. In chiusura \u00e8 doveroso ricordare che Pieve d\u2019Alpago ricorda la tragedia con una piazzetta della frazione Quers, localit\u00e0 natale di Virginio Dal Borgo, uno degli operai pi\u00f9 anziani del cantiere e che Belluno, nel cinquantesimo, ha intitolato alle vittime di Mattmark il Parco di Mussoi.<\/p>\n<p>&nbsp;<\/p>\n\n\t\t\t<style type='text\/css'>\n\t\t\t\t#gallery-1 {\n\t\t\t\t\tmargin: auto;\n\t\t\t\t}\n\t\t\t\t#gallery-1 .gallery-item {\n\t\t\t\t\tfloat: left;\n\t\t\t\t\tmargin-top: 10px;\n\t\t\t\t\ttext-align: center;\n\t\t\t\t\twidth: 16%;\n\t\t\t\t}\n\t\t\t\t#gallery-1 img {\n\t\t\t\t\tborder: 2px solid #cfcfcf;\n\t\t\t\t}\n\t\t\t\t#gallery-1 .gallery-caption {\n\t\t\t\t\tmargin-left: 0;\n\t\t\t\t}\n\t\t\t\t\/* see gallery_shortcode() in wp-includes\/media.php *\/\n\t\t\t<\/style>\n\t\t<div id='gallery-1' class='dt-gallery-container gallery galleryid-229341 gallery-columns-6 gallery-size-thumbnail'><dl class='gallery-item'>\n\t\t\t\t<dt class='gallery-icon landscape'>\n\t\t\t\t\t<a class=\"rollover rollover-zoom dt-pswp-item\" title=\"239400224_235746648556475_6254647189841875353_n\" data-dt-img-description=\"\" data-large_image_width=\"314\" data-large_image_height=\"206\"href='https:\/\/www.radiopiu.net\/wordpress\/wp-content\/uploads\/2021\/08\/239400224_235746648556475_6254647189841875353_n.jpg'><img loading=\"lazy\" decoding=\"async\" width=\"150\" height=\"150\" src=\"https:\/\/www.radiopiu.net\/wordpress\/wp-content\/uploads\/2021\/08\/239400224_235746648556475_6254647189841875353_n-150x150.jpg\" class=\"attachment-thumbnail size-thumbnail\" alt=\"\" \/><\/a>\n\t\t\t\t<\/dt><\/dl><dl class='gallery-item'>\n\t\t\t\t<dt class='gallery-icon landscape'>\n\t\t\t\t\t<a class=\"rollover rollover-zoom dt-pswp-item\" title=\"238073825_590214742350283_9116071679915593416_n\" data-dt-img-description=\"\" data-large_image_width=\"235\" data-large_image_height=\"200\"href='https:\/\/www.radiopiu.net\/wordpress\/wp-content\/uploads\/2021\/08\/238073825_590214742350283_9116071679915593416_n.jpg'><img loading=\"lazy\" decoding=\"async\" width=\"150\" height=\"150\" src=\"https:\/\/www.radiopiu.net\/wordpress\/wp-content\/uploads\/2021\/08\/238073825_590214742350283_9116071679915593416_n-150x150.jpg\" class=\"attachment-thumbnail size-thumbnail\" alt=\"\" \/><\/a>\n\t\t\t\t<\/dt><\/dl><dl class='gallery-item'>\n\t\t\t\t<dt class='gallery-icon landscape'>\n\t\t\t\t\t<a class=\"rollover rollover-zoom dt-pswp-item\" title=\"238723837_1524091981276297_1588654408599123089_n\" data-dt-img-description=\"\" data-large_image_width=\"391\" data-large_image_height=\"206\"href='https:\/\/www.radiopiu.net\/wordpress\/wp-content\/uploads\/2021\/08\/238723837_1524091981276297_1588654408599123089_n.jpg'><img loading=\"lazy\" decoding=\"async\" width=\"150\" height=\"150\" src=\"https:\/\/www.radiopiu.net\/wordpress\/wp-content\/uploads\/2021\/08\/238723837_1524091981276297_1588654408599123089_n-150x150.jpg\" class=\"attachment-thumbnail size-thumbnail\" alt=\"\" \/><\/a>\n\t\t\t\t<\/dt><\/dl><dl class='gallery-item'>\n\t\t\t\t<dt class='gallery-icon landscape'>\n\t\t\t\t\t<a class=\"rollover rollover-zoom dt-pswp-item\" title=\"240408557_1691966651000463_898731349821229595_n\" data-dt-img-description=\"\" data-large_image_width=\"276\" data-large_image_height=\"206\"href='https:\/\/www.radiopiu.net\/wordpress\/wp-content\/uploads\/2021\/08\/240408557_1691966651000463_898731349821229595_n.jpg'><img loading=\"lazy\" decoding=\"async\" width=\"150\" height=\"150\" src=\"https:\/\/www.radiopiu.net\/wordpress\/wp-content\/uploads\/2021\/08\/240408557_1691966651000463_898731349821229595_n-150x150.jpg\" class=\"attachment-thumbnail size-thumbnail\" alt=\"\" \/><\/a>\n\t\t\t\t<\/dt><\/dl><dl class='gallery-item'>\n\t\t\t\t<dt class='gallery-icon landscape'>\n\t\t\t\t\t<a class=\"rollover rollover-zoom dt-pswp-item\" title=\"240447453_546143626623225_7728139375555552542_n\" data-dt-img-description=\"\" data-large_image_width=\"348\" data-large_image_height=\"206\"href='https:\/\/www.radiopiu.net\/wordpress\/wp-content\/uploads\/2021\/08\/240447453_546143626623225_7728139375555552542_n.jpg'><img loading=\"lazy\" decoding=\"async\" width=\"150\" height=\"150\" src=\"https:\/\/www.radiopiu.net\/wordpress\/wp-content\/uploads\/2021\/08\/240447453_546143626623225_7728139375555552542_n-150x150.jpg\" class=\"attachment-thumbnail size-thumbnail\" alt=\"\" \/><\/a>\n\t\t\t\t<\/dt><\/dl><dl class='gallery-item'>\n\t\t\t\t<dt class='gallery-icon landscape'>\n\t\t\t\t\t<a class=\"rollover rollover-zoom dt-pswp-item\" title=\"238428684_802556617060359_5347080709448473833_n\" data-dt-img-description=\"\" data-large_image_width=\"318\" data-large_image_height=\"206\"href='https:\/\/www.radiopiu.net\/wordpress\/wp-content\/uploads\/2021\/08\/238428684_802556617060359_5347080709448473833_n.jpg'><img loading=\"lazy\" decoding=\"async\" width=\"150\" height=\"150\" src=\"https:\/\/www.radiopiu.net\/wordpress\/wp-content\/uploads\/2021\/08\/238428684_802556617060359_5347080709448473833_n-150x150.jpg\" class=\"attachment-thumbnail size-thumbnail\" alt=\"\" \/><\/a>\n\t\t\t\t<\/dt><\/dl><br style=\"clear: both\" \/><dl class='gallery-item'>\n\t\t\t\t<dt class='gallery-icon landscape'>\n\t\t\t\t\t<a class=\"rollover rollover-zoom dt-pswp-item\" title=\"235392248_2822846904602644_2190640636993602157_n\" data-dt-img-description=\"\" data-large_image_width=\"296\" data-large_image_height=\"201\"href='https:\/\/www.radiopiu.net\/wordpress\/wp-content\/uploads\/2021\/08\/235392248_2822846904602644_2190640636993602157_n.jpg'><img loading=\"lazy\" decoding=\"async\" width=\"150\" height=\"150\" src=\"https:\/\/www.radiopiu.net\/wordpress\/wp-content\/uploads\/2021\/08\/235392248_2822846904602644_2190640636993602157_n-150x150.jpg\" class=\"attachment-thumbnail size-thumbnail\" alt=\"\" \/><\/a>\n\t\t\t\t<\/dt><\/dl><dl class='gallery-item'>\n\t\t\t\t<dt class='gallery-icon portrait'>\n\t\t\t\t\t<a class=\"rollover rollover-zoom dt-pswp-item\" title=\"238821939_889027791735584_21916629408321441_n\" data-dt-img-description=\"\" data-large_image_width=\"151\" data-large_image_height=\"206\"href='https:\/\/www.radiopiu.net\/wordpress\/wp-content\/uploads\/2021\/08\/238821939_889027791735584_21916629408321441_n.jpg'><img loading=\"lazy\" decoding=\"async\" width=\"150\" height=\"150\" src=\"https:\/\/www.radiopiu.net\/wordpress\/wp-content\/uploads\/2021\/08\/238821939_889027791735584_21916629408321441_n-150x150.jpg\" class=\"attachment-thumbnail size-thumbnail\" alt=\"\" \/><\/a>\n\t\t\t\t<\/dt><\/dl><dl class='gallery-item'>\n\t\t\t\t<dt class='gallery-icon landscape'>\n\t\t\t\t\t<a class=\"rollover rollover-zoom dt-pswp-item\" title=\"239066980_1807518229432643_977095119148839404_n\" data-dt-img-description=\"\" data-large_image_width=\"300\" data-large_image_height=\"168\"href='https:\/\/www.radiopiu.net\/wordpress\/wp-content\/uploads\/2021\/08\/239066980_1807518229432643_977095119148839404_n.jpg'><img loading=\"lazy\" decoding=\"async\" width=\"150\" height=\"150\" src=\"https:\/\/www.radiopiu.net\/wordpress\/wp-content\/uploads\/2021\/08\/239066980_1807518229432643_977095119148839404_n-150x150.jpg\" class=\"attachment-thumbnail size-thumbnail\" alt=\"\" \/><\/a>\n\t\t\t\t<\/dt><\/dl><dl class='gallery-item'>\n\t\t\t\t<dt class='gallery-icon landscape'>\n\t\t\t\t\t<a class=\"rollover rollover-zoom dt-pswp-item\" title=\"240380414_384365906660833_8313084899611314316_n\" data-dt-img-description=\"\" data-large_image_width=\"280\" data-large_image_height=\"187\"href='https:\/\/www.radiopiu.net\/wordpress\/wp-content\/uploads\/2021\/08\/240380414_384365906660833_8313084899611314316_n.gif'><img loading=\"lazy\" decoding=\"async\" width=\"150\" height=\"150\" src=\"https:\/\/www.radiopiu.net\/wordpress\/wp-content\/uploads\/2021\/08\/240380414_384365906660833_8313084899611314316_n-150x150.gif\" class=\"attachment-thumbnail size-thumbnail\" alt=\"\" \/><\/a>\n\t\t\t\t<\/dt><\/dl><dl class='gallery-item'>\n\t\t\t\t<dt class='gallery-icon landscape'>\n\t\t\t\t\t<a class=\"rollover rollover-zoom dt-pswp-item\" title=\"239224369_175542894663005_9118362941149114697_n\" data-dt-img-description=\"\" data-large_image_width=\"206\" data-large_image_height=\"206\"href='https:\/\/www.radiopiu.net\/wordpress\/wp-content\/uploads\/2021\/08\/239224369_175542894663005_9118362941149114697_n.jpg'><img loading=\"lazy\" decoding=\"async\" width=\"150\" height=\"150\" src=\"https:\/\/www.radiopiu.net\/wordpress\/wp-content\/uploads\/2021\/08\/239224369_175542894663005_9118362941149114697_n-150x150.jpg\" class=\"attachment-thumbnail size-thumbnail\" alt=\"\" srcset=\"https:\/\/www.radiopiu.net\/wordpress\/wp-content\/uploads\/2021\/08\/239224369_175542894663005_9118362941149114697_n-150x150.jpg 150w, https:\/\/www.radiopiu.net\/wordpress\/wp-content\/uploads\/2021\/08\/239224369_175542894663005_9118362941149114697_n.jpg 206w\" sizes=\"auto, (max-width: 150px) 100vw, 150px\" \/><\/a>\n\t\t\t\t<\/dt><\/dl><dl class='gallery-item'>\n\t\t\t\t<dt class='gallery-icon landscape'>\n\t\t\t\t\t<a class=\"rollover rollover-zoom dt-pswp-item\" title=\"239313890_522635949032976_6577846813236871279_n\" data-dt-img-description=\"\" data-large_image_width=\"235\" data-large_image_height=\"203\"href='https:\/\/www.radiopiu.net\/wordpress\/wp-content\/uploads\/2021\/08\/239313890_522635949032976_6577846813236871279_n.jpg'><img loading=\"lazy\" decoding=\"async\" width=\"150\" height=\"150\" src=\"https:\/\/www.radiopiu.net\/wordpress\/wp-content\/uploads\/2021\/08\/239313890_522635949032976_6577846813236871279_n-150x150.jpg\" class=\"attachment-thumbnail size-thumbnail\" alt=\"\" \/><\/a>\n\t\t\t\t<\/dt><\/dl><br style=\"clear: both\" \/><dl class='gallery-item'>\n\t\t\t\t<dt class='gallery-icon landscape'>\n\t\t\t\t\t<a class=\"rollover rollover-zoom dt-pswp-item\" title=\"240097806_4113254082135509_2101437433755876967_n\" data-dt-img-description=\"\" data-large_image_width=\"258\" data-large_image_height=\"206\"href='https:\/\/www.radiopiu.net\/wordpress\/wp-content\/uploads\/2021\/08\/240097806_4113254082135509_2101437433755876967_n.jpg'><img loading=\"lazy\" decoding=\"async\" width=\"150\" height=\"150\" src=\"https:\/\/www.radiopiu.net\/wordpress\/wp-content\/uploads\/2021\/08\/240097806_4113254082135509_2101437433755876967_n-150x150.jpg\" class=\"attachment-thumbnail size-thumbnail\" alt=\"\" \/><\/a>\n\t\t\t\t<\/dt><\/dl><dl class='gallery-item'>\n\t\t\t\t<dt class='gallery-icon landscape'>\n\t\t\t\t\t<a class=\"rollover rollover-zoom dt-pswp-item\" title=\"239186136_388279639366242_8347500336296535767_n\" data-dt-img-description=\"\" data-large_image_width=\"206\" data-large_image_height=\"206\"href='https:\/\/www.radiopiu.net\/wordpress\/wp-content\/uploads\/2021\/08\/239186136_388279639366242_8347500336296535767_n.jpg'><img loading=\"lazy\" decoding=\"async\" width=\"150\" height=\"150\" src=\"https:\/\/www.radiopiu.net\/wordpress\/wp-content\/uploads\/2021\/08\/239186136_388279639366242_8347500336296535767_n-150x150.jpg\" class=\"attachment-thumbnail size-thumbnail\" alt=\"\" srcset=\"https:\/\/www.radiopiu.net\/wordpress\/wp-content\/uploads\/2021\/08\/239186136_388279639366242_8347500336296535767_n-150x150.jpg 150w, https:\/\/www.radiopiu.net\/wordpress\/wp-content\/uploads\/2021\/08\/239186136_388279639366242_8347500336296535767_n.jpg 206w\" sizes=\"auto, (max-width: 150px) 100vw, 150px\" \/><\/a>\n\t\t\t\t<\/dt><\/dl><dl class='gallery-item'>\n\t\t\t\t<dt class='gallery-icon landscape'>\n\t\t\t\t\t<a class=\"rollover rollover-zoom dt-pswp-item\" title=\"239270371_579102489902082_7618372483867931627_n\" data-dt-img-description=\"\" data-large_image_width=\"259\" data-large_image_height=\"194\"href='https:\/\/www.radiopiu.net\/wordpress\/wp-content\/uploads\/2021\/08\/239270371_579102489902082_7618372483867931627_n.jpg'><img loading=\"lazy\" decoding=\"async\" width=\"150\" height=\"150\" src=\"https:\/\/www.radiopiu.net\/wordpress\/wp-content\/uploads\/2021\/08\/239270371_579102489902082_7618372483867931627_n-150x150.jpg\" class=\"attachment-thumbnail size-thumbnail\" alt=\"\" \/><\/a>\n\t\t\t\t<\/dt><\/dl><dl class='gallery-item'>\n\t\t\t\t<dt class='gallery-icon landscape'>\n\t\t\t\t\t<a class=\"rollover rollover-zoom dt-pswp-item\" title=\"239183480_384858853029687_1048748510577642157_n\" data-dt-img-description=\"\" data-large_image_width=\"220\" data-large_image_height=\"165\"href='https:\/\/www.radiopiu.net\/wordpress\/wp-content\/uploads\/2021\/08\/239183480_384858853029687_1048748510577642157_n.jpg'><img loading=\"lazy\" decoding=\"async\" width=\"150\" height=\"150\" src=\"https:\/\/www.radiopiu.net\/wordpress\/wp-content\/uploads\/2021\/08\/239183480_384858853029687_1048748510577642157_n-150x150.jpg\" class=\"attachment-thumbnail size-thumbnail\" alt=\"\" \/><\/a>\n\t\t\t\t<\/dt><\/dl><dl class='gallery-item'>\n\t\t\t\t<dt class='gallery-icon landscape'>\n\t\t\t\t\t<a class=\"rollover rollover-zoom dt-pswp-item\" title=\"235930346_558885252113004_1373969295518944874_n\" data-dt-img-description=\"\" data-large_image_width=\"235\" data-large_image_height=\"203\"href='https:\/\/www.radiopiu.net\/wordpress\/wp-content\/uploads\/2021\/08\/235930346_558885252113004_1373969295518944874_n.jpg'><img loading=\"lazy\" decoding=\"async\" width=\"150\" height=\"150\" src=\"https:\/\/www.radiopiu.net\/wordpress\/wp-content\/uploads\/2021\/08\/235930346_558885252113004_1373969295518944874_n-150x150.jpg\" class=\"attachment-thumbnail size-thumbnail\" alt=\"\" \/><\/a>\n\t\t\t\t<\/dt><\/dl><dl class='gallery-item'>\n\t\t\t\t<dt class='gallery-icon landscape'>\n\t\t\t\t\t<a class=\"rollover rollover-zoom dt-pswp-item\" title=\"239791249_365766355012317_1766676303036450297_n\" data-dt-img-description=\"\" data-large_image_width=\"258\" data-large_image_height=\"206\"href='https:\/\/www.radiopiu.net\/wordpress\/wp-content\/uploads\/2021\/08\/239791249_365766355012317_1766676303036450297_n.jpg'><img loading=\"lazy\" decoding=\"async\" width=\"150\" height=\"150\" src=\"https:\/\/www.radiopiu.net\/wordpress\/wp-content\/uploads\/2021\/08\/239791249_365766355012317_1766676303036450297_n-150x150.jpg\" class=\"attachment-thumbnail size-thumbnail\" alt=\"\" \/><\/a>\n\t\t\t\t<\/dt><\/dl><br style=\"clear: both\" \/>\n\t\t\t<\/div>\n\n<p>NELLE FOTO (archivio Giovanni De Don\u00e0; Bellunesi nel Mondo; Wikipedia; L\u2019Universaleditore; Photopress, fotografo Gassmann; Suva): il tristemente famoso ghiacciaio; la tragedia si \u00e8 consumata; il cantiere di Mattmark; ancora il teatro del disastro; l\u2019elenco delle vittime; il recupero di poche salme; operai bellunesi ai piedi del ghiacciaio; Renato Zulian e Livio Zanella davanti al cantiere il giorno 10: i pesanti mezzi meccanici verranno ridotti a scatolette dopo il tremendo impatto col ghiaccio; operai cadorini 15 giorni prima dell\u2019infausto evento: da sinistra Licinio Da Deppo di Domegge, Livio Zanella di Lozzo, Renato Zulian di Domegge; si salvarono tutti; una Croce sul luogo del tragico evento; cerimonie commemorative; la targa dell\u2019Abm; quella a Quers d\u2019Alpago; l\u2019intitolazione del Parco bellunese di Mussoi alle vittime di Mattmark; proteste per la mancata giustizia nei confronti dei parenti delle vittime.<\/p>\n","protected":false},"excerpt":{"rendered":"<p>di RENATO BONA Ricorre il cinquantaseiesimo anniversario della catastrofe di Mattmark, in Svizzera dove il 30 agosto del 1965 persero la vita 88 lavoratori, dei quali 56 erano italiani e fra questi ben 17 i bellunesi: Giancarlo Acquis &#8211; Belluno; Giovanni Baracco &#8211; Domegge di Cadore; Aldo Casal &#8211; Sospirolo, Fiorenzo Ciotti &#8211; Pieve di&hellip;<\/p>\n","protected":false},"author":4,"featured_media":229343,"comment_status":"closed","ping_status":"open","sticky":false,"template":"","format":"standard","meta":{"_monsterinsights_skip_tracking":false,"_monsterinsights_sitenote_active":false,"_monsterinsights_sitenote_note":"","_monsterinsights_sitenote_category":0,"footnotes":""},"categories":[104,49],"tags":[],"class_list":["post-229341","post","type-post","status-publish","format-standard","has-post-thumbnail","hentry","category-evidenza_3","category-news-18","category-104","category-49","description-off"],"img_url":"https:\/\/www.radiopiu.net\/wordpress\/wp-content\/uploads\/2021\/08\/238073825_590214742350283_9116071679915593416_n.jpg","_links":{"self":[{"href":"https:\/\/www.radiopiu.net\/wordpress\/wp-json\/wp\/v2\/posts\/229341","targetHints":{"allow":["GET"]}}],"collection":[{"href":"https:\/\/www.radiopiu.net\/wordpress\/wp-json\/wp\/v2\/posts"}],"about":[{"href":"https:\/\/www.radiopiu.net\/wordpress\/wp-json\/wp\/v2\/types\/post"}],"author":[{"embeddable":true,"href":"https:\/\/www.radiopiu.net\/wordpress\/wp-json\/wp\/v2\/users\/4"}],"replies":[{"embeddable":true,"href":"https:\/\/www.radiopiu.net\/wordpress\/wp-json\/wp\/v2\/comments?post=229341"}],"version-history":[{"count":0,"href":"https:\/\/www.radiopiu.net\/wordpress\/wp-json\/wp\/v2\/posts\/229341\/revisions"}],"wp:featuredmedia":[{"embeddable":true,"href":"https:\/\/www.radiopiu.net\/wordpress\/wp-json\/wp\/v2\/media\/229343"}],"wp:attachment":[{"href":"https:\/\/www.radiopiu.net\/wordpress\/wp-json\/wp\/v2\/media?parent=229341"}],"wp:term":[{"taxonomy":"category","embeddable":true,"href":"https:\/\/www.radiopiu.net\/wordpress\/wp-json\/wp\/v2\/categories?post=229341"},{"taxonomy":"post_tag","embeddable":true,"href":"https:\/\/www.radiopiu.net\/wordpress\/wp-json\/wp\/v2\/tags?post=229341"}],"curies":[{"name":"wp","href":"https:\/\/api.w.org\/{rel}","templated":true}]}}