{"id":229399,"date":"2021-08-24T19:54:19","date_gmt":"2021-08-24T17:54:19","guid":{"rendered":"https:\/\/www.radiopiu.net\/wordpress\/?p=229399"},"modified":"2021-08-24T19:55:21","modified_gmt":"2021-08-24T17:55:21","slug":"bloccato-su-pendio-ripido-e-roccioso-escursionista-portato-in-salvo-dal-soccorso-alpino","status":"publish","type":"post","link":"https:\/\/www.radiopiu.net\/wordpress\/bloccato-su-pendio-ripido-e-roccioso-escursionista-portato-in-salvo-dal-soccorso-alpino\/","title":{"rendered":"BLOCCATO SU UN PENDIO RIPIDO E ROCCIOSO, ESCURSIONISTA PORTATO IN SALVO DAL SOCCORSO ALPINO"},"content":{"rendered":"<p><strong>LONGARONE <\/strong>Nel percorrere la Monaco &#8211; Venezia, arrivato a Forcella Nerville, un escursionista israeliano di 24 anni ha iniziato a scendere seguendo un vecchio percorso puntinato sulla cartina, finch\u00e9 ha perso la traccia finendo su una lastra di roccia scivolosa. Si \u00e8 quindi liberato dello zaino pesante, lanciandolo di sotto e ha provato ad avanzare,\u00a0 bloccandosi per\u00f2, dopo essere scivolato, per non rischiare di cadere nel vuoto. Scattato l&#8217;allarme attorno alle 14, una squadra del Soccorso alpino di Longarone \u00e8 partita dalla Val Grave de San Marco a quota 800, con le coordinate che davano il ragazzo a 1.200. Mentre in realt\u00e0 era molto pi\u00f9 sopra, a 1.600 metri di altitudine. I tre soccorritori hanno prima ritrovato lo zaino e poco dopo hanno visto il giovane incrodato. Sul posto \u00e8 quindi stato sbarcato il tecnico di elisoccorso dell&#8217;elicottero del Suem di Pieve di Cadore, che si \u00e8 arrampicato sulla parete ed ha subito assicurato il ragazzo, per poi calarlo con l&#8217;aiuto dei soccorritori. L&#8217;escursionista \u00e8 stato poi imbarcato con un verricello di 30 metri e portato a Longarone. In una seconda rotazione l&#8217;elicottero ha recuperato anche la squadra.<\/p>\n\n\t\t\t<style type='text\/css'>\n\t\t\t\t#gallery-1 {\n\t\t\t\t\tmargin: auto;\n\t\t\t\t}\n\t\t\t\t#gallery-1 .gallery-item {\n\t\t\t\t\tfloat: left;\n\t\t\t\t\tmargin-top: 10px;\n\t\t\t\t\ttext-align: center;\n\t\t\t\t\twidth: 50%;\n\t\t\t\t}\n\t\t\t\t#gallery-1 img {\n\t\t\t\t\tborder: 2px solid #cfcfcf;\n\t\t\t\t}\n\t\t\t\t#gallery-1 .gallery-caption {\n\t\t\t\t\tmargin-left: 0;\n\t\t\t\t}\n\t\t\t\t\/* see gallery_shortcode() in wp-includes\/media.php *\/\n\t\t\t<\/style>\n\t\t<div id='gallery-1' class='dt-gallery-container gallery galleryid-229399 gallery-columns-2 gallery-size-medium'><dl class='gallery-item'>\n\t\t\t\t<dt class='gallery-icon portrait'>\n\t\t\t\t\t<a class=\"rollover rollover-zoom dt-pswp-item\" title=\"Point Blur_Aug242021_192834\" data-dt-img-description=\"\" data-large_image_width=\"1296\" data-large_image_height=\"1728\"href='https:\/\/www.radiopiu.net\/wordpress\/wp-content\/uploads\/2021\/08\/Point-Blur_Aug242021_192834.jpg'><img loading=\"lazy\" decoding=\"async\" width=\"225\" height=\"300\" src=\"https:\/\/www.radiopiu.net\/wordpress\/wp-content\/uploads\/2021\/08\/Point-Blur_Aug242021_192834-225x300.jpg\" class=\"attachment-medium size-medium\" alt=\"\" srcset=\"https:\/\/www.radiopiu.net\/wordpress\/wp-content\/uploads\/2021\/08\/Point-Blur_Aug242021_192834-225x300.jpg 225w, https:\/\/www.radiopiu.net\/wordpress\/wp-content\/uploads\/2021\/08\/Point-Blur_Aug242021_192834-768x1024.jpg 768w, https:\/\/www.radiopiu.net\/wordpress\/wp-content\/uploads\/2021\/08\/Point-Blur_Aug242021_192834-1152x1536.jpg 1152w, https:\/\/www.radiopiu.net\/wordpress\/wp-content\/uploads\/2021\/08\/Point-Blur_Aug242021_192834.jpg 1296w\" sizes=\"auto, (max-width: 225px) 100vw, 225px\" \/><\/a>\n\t\t\t\t<\/dt><\/dl><dl class='gallery-item'>\n\t\t\t\t<dt class='gallery-icon landscape'>\n\t\t\t\t\t<a class=\"rollover rollover-zoom dt-pswp-item\" title=\"salt_20210824_192719_819\" data-dt-img-description=\"\" data-large_image_width=\"2364\" data-large_image_height=\"1773\"href='https:\/\/www.radiopiu.net\/wordpress\/wp-content\/uploads\/2021\/08\/salt_20210824_192719_819.jpg'><img loading=\"lazy\" decoding=\"async\" width=\"300\" height=\"225\" src=\"https:\/\/www.radiopiu.net\/wordpress\/wp-content\/uploads\/2021\/08\/salt_20210824_192719_819-300x225.jpg\" class=\"attachment-medium size-medium\" alt=\"\" srcset=\"https:\/\/www.radiopiu.net\/wordpress\/wp-content\/uploads\/2021\/08\/salt_20210824_192719_819-300x225.jpg 300w, https:\/\/www.radiopiu.net\/wordpress\/wp-content\/uploads\/2021\/08\/salt_20210824_192719_819-1024x768.jpg 1024w, https:\/\/www.radiopiu.net\/wordpress\/wp-content\/uploads\/2021\/08\/salt_20210824_192719_819-768x576.jpg 768w, https:\/\/www.radiopiu.net\/wordpress\/wp-content\/uploads\/2021\/08\/salt_20210824_192719_819-1536x1152.jpg 1536w, https:\/\/www.radiopiu.net\/wordpress\/wp-content\/uploads\/2021\/08\/salt_20210824_192719_819-2048x1536.jpg 2048w\" sizes=\"auto, (max-width: 300px) 100vw, 300px\" \/><\/a>\n\t\t\t\t<\/dt><\/dl><br style=\"clear: both\" \/>\n\t\t\t<\/div>\n\n<p>&nbsp;<\/p>\n<p>&nbsp;<\/p>\n<p>&nbsp;<\/p>\n<p>&nbsp;<\/p>\n<p>*****<\/p>\n","protected":false},"excerpt":{"rendered":"<p>LONGARONE Nel percorrere la Monaco &#8211; Venezia, arrivato a Forcella Nerville, un escursionista israeliano di 24 anni ha iniziato a scendere seguendo un vecchio percorso puntinato sulla cartina, finch\u00e9 ha perso la traccia finendo su una lastra di roccia scivolosa. Si \u00e8 quindi liberato dello zaino pesante, lanciandolo di sotto e ha provato ad avanzare,\u00a0&hellip;<\/p>\n","protected":false},"author":4,"featured_media":229401,"comment_status":"closed","ping_status":"open","sticky":false,"template":"","format":"standard","meta":{"_monsterinsights_skip_tracking":false,"_monsterinsights_sitenote_active":false,"_monsterinsights_sitenote_note":"","_monsterinsights_sitenote_category":0,"footnotes":""},"categories":[51,49],"tags":[],"class_list":["post-229399","post","type-post","status-publish","format-standard","has-post-thumbnail","hentry","category-evidenza-top","category-news-18","category-51","category-49","description-off"],"img_url":"https:\/\/www.radiopiu.net\/wordpress\/wp-content\/uploads\/2021\/08\/salt_20210824_192719_819.jpg","_links":{"self":[{"href":"https:\/\/www.radiopiu.net\/wordpress\/wp-json\/wp\/v2\/posts\/229399","targetHints":{"allow":["GET"]}}],"collection":[{"href":"https:\/\/www.radiopiu.net\/wordpress\/wp-json\/wp\/v2\/posts"}],"about":[{"href":"https:\/\/www.radiopiu.net\/wordpress\/wp-json\/wp\/v2\/types\/post"}],"author":[{"embeddable":true,"href":"https:\/\/www.radiopiu.net\/wordpress\/wp-json\/wp\/v2\/users\/4"}],"replies":[{"embeddable":true,"href":"https:\/\/www.radiopiu.net\/wordpress\/wp-json\/wp\/v2\/comments?post=229399"}],"version-history":[{"count":0,"href":"https:\/\/www.radiopiu.net\/wordpress\/wp-json\/wp\/v2\/posts\/229399\/revisions"}],"wp:featuredmedia":[{"embeddable":true,"href":"https:\/\/www.radiopiu.net\/wordpress\/wp-json\/wp\/v2\/media\/229401"}],"wp:attachment":[{"href":"https:\/\/www.radiopiu.net\/wordpress\/wp-json\/wp\/v2\/media?parent=229399"}],"wp:term":[{"taxonomy":"category","embeddable":true,"href":"https:\/\/www.radiopiu.net\/wordpress\/wp-json\/wp\/v2\/categories?post=229399"},{"taxonomy":"post_tag","embeddable":true,"href":"https:\/\/www.radiopiu.net\/wordpress\/wp-json\/wp\/v2\/tags?post=229399"}],"curies":[{"name":"wp","href":"https:\/\/api.w.org\/{rel}","templated":true}]}}