{"id":229421,"date":"2021-08-25T05:48:47","date_gmt":"2021-08-25T03:48:47","guid":{"rendered":"https:\/\/www.radiopiu.net\/wordpress\/?p=229421"},"modified":"2021-08-25T06:05:04","modified_gmt":"2021-08-25T04:05:04","slug":"lunga-storia-triste-la-morte-del-cervo-parco-dove-sei-ci-sei","status":"publish","type":"post","link":"https:\/\/www.radiopiu.net\/wordpress\/lunga-storia-triste-la-morte-del-cervo-parco-dove-sei-ci-sei\/","title":{"rendered":"LUNGA STORIA TRISTE, LA MORTE DEL CERVO, PARCO DOVE SEI? CI SEI?"},"content":{"rendered":"<p>&nbsp;<\/p>\n<blockquote>\n<h2 dir=\"auto\"><\/h2>\n<\/blockquote>\n<div dir=\"auto\"><em><strong>di FABIO RUFUS BRISTOT, consigliere comunale di Belluno\u00a0<\/strong><\/em><\/p>\n<p><strong>BELLUNO\u00a0<\/strong> C\u2019\u00e8 un cervo bloccato in una forra da giorni (Soffia &#8211; Mis &#8211; Parco Nazionale Dolomiti Bellunesi), viene data la disponibilit\u00e0 al recupero da parte di alcuni forristi (anche di nazionalit\u00e0 straniera) con supporto veterinario e concorso di altri enti. Nessuna risposta. Il cervo muore di stenti dopo molti giorni. Alla faccia della biodiversit\u00e0. Certo selezione naturale qualche sapiente sar\u00e0 postato a dire, ma quante volte ci siamo mossi per dare una mano agli animali? Perch\u00e9 non \u00e8 stato possibile farlo anche oggi??<\/div>\n<p>&nbsp;<\/p>\n<p><a href=\"https:\/\/www.radiopiu.net\/wordpress\/giornale-radiopiu-25-agosto-2021-direttore-mirko-mezzacasa\/238649167_10224228062282303_5651881345183571791_n\/\" rel=\"attachment wp-att-229418\"><img loading=\"lazy\" decoding=\"async\" class=\"alignnone size-medium wp-image-229418\" src=\"https:\/\/www.radiopiu.net\/wordpress\/wp-content\/uploads\/2021\/08\/238649167_10224228062282303_5651881345183571791_n-224x300.jpg\" alt=\"\" width=\"224\" height=\"300\" srcset=\"https:\/\/www.radiopiu.net\/wordpress\/wp-content\/uploads\/2021\/08\/238649167_10224228062282303_5651881345183571791_n-224x300.jpg 224w, https:\/\/www.radiopiu.net\/wordpress\/wp-content\/uploads\/2021\/08\/238649167_10224228062282303_5651881345183571791_n.jpg 448w\" sizes=\"auto, (max-width: 224px) 100vw, 224px\" \/><\/a><a href=\"https:\/\/www.radiopiu.net\/wordpress\/giornale-radiopiu-25-agosto-2021-direttore-mirko-mezzacasa\/239294187_10224228062562310_2277356005712086190_n\/\" rel=\"attachment wp-att-229417\"><img loading=\"lazy\" decoding=\"async\" class=\"alignnone size-medium wp-image-229417\" src=\"https:\/\/www.radiopiu.net\/wordpress\/wp-content\/uploads\/2021\/08\/239294187_10224228062562310_2277356005712086190_n-225x300.jpg\" alt=\"\" width=\"225\" height=\"300\" srcset=\"https:\/\/www.radiopiu.net\/wordpress\/wp-content\/uploads\/2021\/08\/239294187_10224228062562310_2277356005712086190_n-225x300.jpg 225w, https:\/\/www.radiopiu.net\/wordpress\/wp-content\/uploads\/2021\/08\/239294187_10224228062562310_2277356005712086190_n.jpg 450w\" sizes=\"auto, (max-width: 225px) 100vw, 225px\" \/><\/a><\/p>\n","protected":false},"excerpt":{"rendered":"<p>&nbsp; di FABIO RUFUS BRISTOT, consigliere comunale di Belluno\u00a0 BELLUNO\u00a0 C\u2019\u00e8 un cervo bloccato in una forra da giorni (Soffia &#8211; Mis &#8211; Parco Nazionale Dolomiti Bellunesi), viene data la disponibilit\u00e0 al recupero da parte di alcuni forristi (anche di nazionalit\u00e0 straniera) con supporto veterinario e concorso di altri enti. Nessuna risposta. Il cervo muore&hellip;<\/p>\n","protected":false},"author":4,"featured_media":229417,"comment_status":"closed","ping_status":"open","sticky":false,"template":"","format":"standard","meta":{"_monsterinsights_skip_tracking":false,"_monsterinsights_sitenote_active":false,"_monsterinsights_sitenote_note":"","_monsterinsights_sitenote_category":0,"footnotes":""},"categories":[51,49],"tags":[],"class_list":["post-229421","post","type-post","status-publish","format-standard","has-post-thumbnail","hentry","category-evidenza-top","category-news-18","category-51","category-49","description-off"],"img_url":"https:\/\/www.radiopiu.net\/wordpress\/wp-content\/uploads\/2021\/08\/239294187_10224228062562310_2277356005712086190_n.jpg","_links":{"self":[{"href":"https:\/\/www.radiopiu.net\/wordpress\/wp-json\/wp\/v2\/posts\/229421","targetHints":{"allow":["GET"]}}],"collection":[{"href":"https:\/\/www.radiopiu.net\/wordpress\/wp-json\/wp\/v2\/posts"}],"about":[{"href":"https:\/\/www.radiopiu.net\/wordpress\/wp-json\/wp\/v2\/types\/post"}],"author":[{"embeddable":true,"href":"https:\/\/www.radiopiu.net\/wordpress\/wp-json\/wp\/v2\/users\/4"}],"replies":[{"embeddable":true,"href":"https:\/\/www.radiopiu.net\/wordpress\/wp-json\/wp\/v2\/comments?post=229421"}],"version-history":[{"count":0,"href":"https:\/\/www.radiopiu.net\/wordpress\/wp-json\/wp\/v2\/posts\/229421\/revisions"}],"wp:featuredmedia":[{"embeddable":true,"href":"https:\/\/www.radiopiu.net\/wordpress\/wp-json\/wp\/v2\/media\/229417"}],"wp:attachment":[{"href":"https:\/\/www.radiopiu.net\/wordpress\/wp-json\/wp\/v2\/media?parent=229421"}],"wp:term":[{"taxonomy":"category","embeddable":true,"href":"https:\/\/www.radiopiu.net\/wordpress\/wp-json\/wp\/v2\/categories?post=229421"},{"taxonomy":"post_tag","embeddable":true,"href":"https:\/\/www.radiopiu.net\/wordpress\/wp-json\/wp\/v2\/tags?post=229421"}],"curies":[{"name":"wp","href":"https:\/\/api.w.org\/{rel}","templated":true}]}}