{"id":229472,"date":"2021-08-26T05:38:14","date_gmt":"2021-08-26T03:38:14","guid":{"rendered":"https:\/\/www.radiopiu.net\/wordpress\/?p=229472"},"modified":"2021-08-26T05:56:05","modified_gmt":"2021-08-26T03:56:05","slug":"punto-covid-da-marghera-il-presidente-luca-zaia","status":"publish","type":"post","link":"https:\/\/www.radiopiu.net\/wordpress\/punto-covid-da-marghera-il-presidente-luca-zaia\/","title":{"rendered":"CINQUANTENNE NON VACCINATO MUORE NELLA NOTTE A ROVIGO, DALLA CONFERENZA STAMPA DI MARGHERA"},"content":{"rendered":"<p><strong>VENEZIA<\/strong> Punto stampa da Marghera, situazione covid 19. DIRETTA.<\/p>\n<p>&nbsp;<\/p>\n<p><span style=\"color: #ff0000;\"><strong>IL BOLLETTINO NUOVO AGGIORNAMENTO<\/strong><span style=\"color: #000000;\"> POSITIVI DAL 21 FEBBRAIO 451111 (+847), POSITIVI ATTUALI 12537\u00a0 POSITIVI NELLE ULTIME 24 ORE 847 TAMPONI 41.870\u00a0 INCIDENZA\u00a0 2,02%\u00a0 DECEDUTI 11666 (0) RICOVERATI 262 (-11) IN AREA NON CRITICA 212 (-6) TERAPIA INTENSIVA\u00a0 50 (-5) ALTRI PAZIENTI IN TERAPIA INTENSIVA\u00a0 349\u00a0 DIMESSI 22789 (+13) DECESSI 11673 (+5)<\/span><\/span><\/p>\n<p>&nbsp;<\/p>\n<blockquote>\n<h3>LEGGI LA CONFERENZA STAMPA DI LUCA ZAIA<\/h3>\n<p>L&#8217;ospite di oggi oltre al volto noto della dottoressa Francesca Russo il cardiologo Patrizio Sarto, direttore Medicina dello Sport dell&#8217;azienda Ulss 2 per 7 volte campione mondiale pattinaggio a rotelle. Non tifo per la terza dose ma servono indicazioni chiare e per tempo. Le vaccinazioni della\u00a0fascia\u00a012-19 anni\u00a0 al 52.8% con una dose,\u00a0 24,2% completate.<\/p><\/blockquote>\n<p>Questa notte a Rovigo \u00e8 morto un 54enne, non aveva alcuna malattia, nemmeno il vaccino. I centri vaccinali hanno disposizioni precise: vaccinare quanti lo richiedono.<\/p>\n<p><strong>TERZA DOSE<\/strong> Spero non vengano a dircelo a gennaio, ci dicano quando decresce il numero degli anticorpi, tra l&#8217;altro meno efficace negli anziani. Vorremmo una stagione di pace, tranquillit\u00e0 senza contare morti. <strong>UNA PARTITA DA CHIUDERE NELLA PRIMAVERA 2022<\/strong> Lo spero davvero come ha detto Fauci, che sia la fine del green pass, dei laureati su facebook che mettono in discussione i medici e la medicina, etc. <strong>PROFUGHI AFGHANI<\/strong> I sindaci sono gli unici autorizzati a parlare\u00a0 per il proprio territorio che ha dato non poco con gli immigrati che si sono integrati e hanno un progetto di vita in Veneto. Immigrati mentre altrove non sapevano nemmeno cos&#8217;era. Dalle notizie che abbiamo stanno arrivando dipendente delle ambasciate. Non so che evoluzione ci sar\u00e0.\u00a0 <strong>AUTONOMIA<\/strong> Stiamo preparando le osservazioni sulla base dei documenti che abbiamo in casa non un documento &#8220;Gelmini&#8221;, ma un documento del passato Governo e vogliamo mettere nero su bianco quali sono le correzioni affinch\u00e9 ci sia un punto di partenza. La trattativa riprender\u00e0, ci siamo dati appuntamento a dopo l&#8217;estate e dopo aver valutato la situazione covid. Incontrer\u00f2 il Ministro Gelmini e altri esponenti del Governo su questo e altri temi come il Pnrr altro problema che ci sta a cuore a vorremmo parlarne con il Governo.<\/p>\n<p><strong>DOTTORESSA FRANCESCA ROSSO<\/strong><\/p>\n<h3><a href=\"https:\/\/www.radiopiu.net\/wordpress\/punto-covid-da-marghera-il-presidente-luca-zaia\/c4fe87bb-fb14-44b7-a4d4-7a1994f4558e\/\" rel=\"attachment wp-att-229505\"><img loading=\"lazy\" decoding=\"async\" class=\" wp-image-229505 alignleft\" src=\"https:\/\/www.radiopiu.net\/wordpress\/wp-content\/uploads\/2021\/08\/c4fe87bb-fb14-44b7-a4d4-7a1994f4558e-300x225.jpg\" alt=\"\" width=\"268\" height=\"201\" srcset=\"https:\/\/www.radiopiu.net\/wordpress\/wp-content\/uploads\/2021\/08\/c4fe87bb-fb14-44b7-a4d4-7a1994f4558e-300x225.jpg 300w, https:\/\/www.radiopiu.net\/wordpress\/wp-content\/uploads\/2021\/08\/c4fe87bb-fb14-44b7-a4d4-7a1994f4558e-1024x768.jpg 1024w, https:\/\/www.radiopiu.net\/wordpress\/wp-content\/uploads\/2021\/08\/c4fe87bb-fb14-44b7-a4d4-7a1994f4558e-768x576.jpg 768w, https:\/\/www.radiopiu.net\/wordpress\/wp-content\/uploads\/2021\/08\/c4fe87bb-fb14-44b7-a4d4-7a1994f4558e-1536x1152.jpg 1536w, https:\/\/www.radiopiu.net\/wordpress\/wp-content\/uploads\/2021\/08\/c4fe87bb-fb14-44b7-a4d4-7a1994f4558e.jpg 2048w\" sizes=\"auto, (max-width: 268px) 100vw, 268px\" \/><\/a><\/h3>\n<p><em>6 milioni di dosi di vaccino somministrate, 15mila le reazioni avverse, 12%\u00a0 gravi.<\/em><\/p>\n<p>Il servizio di farmaco-sorveglianza a Verona con\u00a0 Canale Verde, vengono valutate le segnalazioni post vaccino (malesseri e dolori). In Veneto:15mila reazioni su 6 milioni di dosi, 1200 classificati come gravi. Meno gravi dolori al braccio, stanchezza, malesseri generali 4900 segnalazioni di febbre non alta. 4500 le segnalazioni di cefalea 3300 mialgia 1900 febbre, 180 casi di trombosi e poi casi dissenteria\u00a0 e poche reazioni di tipo allergico, nessuna nella fascia 12-19. \u00a0Le reazioni gravi sono quelle che necessitano di ricovero ospedaliero.<\/p>\n<h3>IL DOTTOR PATRIZIO SARTO<\/h3>\n<p>Questa pandemia ci insegna che quello che ci raccontiamo oggi potrebbe cambiare tra un mese. I ragazzi sono stati destabilizzati dal lockdown con sintomi depressivi, disturbi alimentari, aumento dei tentati suicidi. In base alle casistiche il virus pu\u00f2 colpire il cuore dall&#8217;1 al 3%,\u00a0 pu\u00f2 generare un&#8217;infiammazione del muscolo e aritmie. Ci sono poi moltissimi casi di infezione del cuore che passano in maniera asintomatica ed emerge solo con la prova sotto sforzo. <strong>La miocardite:\u00a0<\/strong>la vaccinazione pu\u00f2 determinarla,\u00a0 la seconda dose quella maggiormente responsabile, pi\u00f9 frequente nei maschi che nelle femmine. Si manifesta entro i 4 giorni. IL CONSIGLIO ridurre l&#8217;allentamento\u00a0 nei due tre giorni del vaccino. In caso di palpitazioni rivolgersi al proprio medico.<\/p>\n<p><a href=\"https:\/\/www.facebook.com\/zaiaufficiale\/videos\/160588092825511\">https:\/\/www.facebook.com\/zaiaufficiale\/videos\/160588092825511<\/a><\/p>\n<p>&nbsp;<\/p>\n","protected":false},"excerpt":{"rendered":"<p>VENEZIA Punto stampa da Marghera, situazione covid 19. DIRETTA. &nbsp; IL BOLLETTINO NUOVO AGGIORNAMENTO POSITIVI DAL 21 FEBBRAIO 451111 (+847), POSITIVI ATTUALI 12537\u00a0 POSITIVI NELLE ULTIME 24 ORE 847 TAMPONI 41.870\u00a0 INCIDENZA\u00a0 2,02%\u00a0 DECEDUTI 11666 (0) RICOVERATI 262 (-11) IN AREA NON CRITICA 212 (-6) TERAPIA INTENSIVA\u00a0 50 (-5) ALTRI PAZIENTI IN TERAPIA INTENSIVA\u00a0 349\u00a0&hellip;<\/p>\n","protected":false},"author":4,"featured_media":229505,"comment_status":"closed","ping_status":"open","sticky":false,"template":"","format":"standard","meta":{"_monsterinsights_skip_tracking":false,"_monsterinsights_sitenote_active":false,"_monsterinsights_sitenote_note":"","_monsterinsights_sitenote_category":0,"footnotes":""},"categories":[51,49],"tags":[],"class_list":["post-229472","post","type-post","status-publish","format-standard","has-post-thumbnail","hentry","category-evidenza-top","category-news-18","category-51","category-49","description-off"],"img_url":"https:\/\/www.radiopiu.net\/wordpress\/wp-content\/uploads\/2021\/08\/c4fe87bb-fb14-44b7-a4d4-7a1994f4558e.jpg","_links":{"self":[{"href":"https:\/\/www.radiopiu.net\/wordpress\/wp-json\/wp\/v2\/posts\/229472","targetHints":{"allow":["GET"]}}],"collection":[{"href":"https:\/\/www.radiopiu.net\/wordpress\/wp-json\/wp\/v2\/posts"}],"about":[{"href":"https:\/\/www.radiopiu.net\/wordpress\/wp-json\/wp\/v2\/types\/post"}],"author":[{"embeddable":true,"href":"https:\/\/www.radiopiu.net\/wordpress\/wp-json\/wp\/v2\/users\/4"}],"replies":[{"embeddable":true,"href":"https:\/\/www.radiopiu.net\/wordpress\/wp-json\/wp\/v2\/comments?post=229472"}],"version-history":[{"count":0,"href":"https:\/\/www.radiopiu.net\/wordpress\/wp-json\/wp\/v2\/posts\/229472\/revisions"}],"wp:featuredmedia":[{"embeddable":true,"href":"https:\/\/www.radiopiu.net\/wordpress\/wp-json\/wp\/v2\/media\/229505"}],"wp:attachment":[{"href":"https:\/\/www.radiopiu.net\/wordpress\/wp-json\/wp\/v2\/media?parent=229472"}],"wp:term":[{"taxonomy":"category","embeddable":true,"href":"https:\/\/www.radiopiu.net\/wordpress\/wp-json\/wp\/v2\/categories?post=229472"},{"taxonomy":"post_tag","embeddable":true,"href":"https:\/\/www.radiopiu.net\/wordpress\/wp-json\/wp\/v2\/tags?post=229472"}],"curies":[{"name":"wp","href":"https:\/\/api.w.org\/{rel}","templated":true}]}}