{"id":229619,"date":"2021-08-26T05:43:21","date_gmt":"2021-08-26T03:43:21","guid":{"rendered":"https:\/\/www.radiopiu.net\/wordpress\/?p=229619"},"modified":"2021-08-26T06:32:15","modified_gmt":"2021-08-26T04:32:15","slug":"in-tanti-per-lultimo-saluto-a-paolo-saviane-lemozione-del-collega-senatore-salvini-e-del-presidente-zaia","status":"publish","type":"post","link":"https:\/\/www.radiopiu.net\/wordpress\/in-tanti-per-lultimo-saluto-a-paolo-saviane-lemozione-del-collega-senatore-salvini-e-del-presidente-zaia\/","title":{"rendered":"IN TANTI PER L&#8217;ULTIMO SALUTO A PAOLO SAVIANE, L&#8217;EMOZIONE DEL COLLEGA SENATORE SALVINI E DEL PRESIDENTE ZAIA"},"content":{"rendered":"<p>&nbsp;<\/p>\n<h2><a href=\"https:\/\/www.radiopiu.net\/wordpress\/dalla-marmolada-e-dal-civetta-a-testa-in-giu\/5ad359df-aba2-421a-b6ef-0013e84b7c99\/\" rel=\"attachment wp-att-229668\"><img loading=\"lazy\" decoding=\"async\" class=\" wp-image-229668 alignleft\" src=\"https:\/\/www.radiopiu.net\/wordpress\/wp-content\/uploads\/2021\/08\/5ad359df-aba2-421a-b6ef-0013e84b7c99-300x169.jpg\" alt=\"\" width=\"264\" height=\"149\" srcset=\"https:\/\/www.radiopiu.net\/wordpress\/wp-content\/uploads\/2021\/08\/5ad359df-aba2-421a-b6ef-0013e84b7c99-300x169.jpg 300w, https:\/\/www.radiopiu.net\/wordpress\/wp-content\/uploads\/2021\/08\/5ad359df-aba2-421a-b6ef-0013e84b7c99-1024x576.jpg 1024w, https:\/\/www.radiopiu.net\/wordpress\/wp-content\/uploads\/2021\/08\/5ad359df-aba2-421a-b6ef-0013e84b7c99-768x432.jpg 768w, https:\/\/www.radiopiu.net\/wordpress\/wp-content\/uploads\/2021\/08\/5ad359df-aba2-421a-b6ef-0013e84b7c99-1536x864.jpg 1536w, https:\/\/www.radiopiu.net\/wordpress\/wp-content\/uploads\/2021\/08\/5ad359df-aba2-421a-b6ef-0013e84b7c99.jpg 2048w\" sizes=\"auto, (max-width: 264px) 100vw, 264px\" \/><\/a><\/h2>\n<p><strong>audio<\/strong><\/p>\n<p><strong>DI MORENO GIOLI<\/strong><\/p>\n<audio class=\"wp-audio-shortcode\" id=\"audio-229619-1\" preload=\"none\" style=\"width: 100%;\" controls=\"controls\"><source type=\"audio\/mpeg\" src=\"https:\/\/www.radiopiu.net\/wordpress\/wp-content\/uploads\/2021\/08\/moreno-funerali.mp3?_=1\" \/><a href=\"https:\/\/www.radiopiu.net\/wordpress\/wp-content\/uploads\/2021\/08\/moreno-funerali.mp3\">https:\/\/www.radiopiu.net\/wordpress\/wp-content\/uploads\/2021\/08\/moreno-funerali.mp3<\/a><\/audio>\n<p>&nbsp;<\/p>\n\n\t\t\t<style type='text\/css'>\n\t\t\t\t#gallery-1 {\n\t\t\t\t\tmargin: auto;\n\t\t\t\t}\n\t\t\t\t#gallery-1 .gallery-item {\n\t\t\t\t\tfloat: left;\n\t\t\t\t\tmargin-top: 10px;\n\t\t\t\t\ttext-align: center;\n\t\t\t\t\twidth: 50%;\n\t\t\t\t}\n\t\t\t\t#gallery-1 img {\n\t\t\t\t\tborder: 2px solid #cfcfcf;\n\t\t\t\t}\n\t\t\t\t#gallery-1 .gallery-caption {\n\t\t\t\t\tmargin-left: 0;\n\t\t\t\t}\n\t\t\t\t\/* see gallery_shortcode() in wp-includes\/media.php *\/\n\t\t\t<\/style>\n\t\t<div id='gallery-1' class='dt-gallery-container gallery galleryid-229619 gallery-columns-2 gallery-size-medium'><dl class='gallery-item'>\n\t\t\t\t<dt class='gallery-icon landscape'>\n\t\t\t\t\t<a class=\"rollover rollover-zoom dt-pswp-item\" title=\"78eadd36-3911-4d87-88bd-14c3c4b73d43\" data-dt-img-description=\"\" data-large_image_width=\"2048\" data-large_image_height=\"1152\"href='https:\/\/www.radiopiu.net\/wordpress\/wp-content\/uploads\/2021\/08\/78eadd36-3911-4d87-88bd-14c3c4b73d43.jpg'><img loading=\"lazy\" decoding=\"async\" width=\"300\" height=\"169\" src=\"https:\/\/www.radiopiu.net\/wordpress\/wp-content\/uploads\/2021\/08\/78eadd36-3911-4d87-88bd-14c3c4b73d43-300x169.jpg\" class=\"attachment-medium size-medium\" alt=\"\" srcset=\"https:\/\/www.radiopiu.net\/wordpress\/wp-content\/uploads\/2021\/08\/78eadd36-3911-4d87-88bd-14c3c4b73d43-300x169.jpg 300w, https:\/\/www.radiopiu.net\/wordpress\/wp-content\/uploads\/2021\/08\/78eadd36-3911-4d87-88bd-14c3c4b73d43-1024x576.jpg 1024w, https:\/\/www.radiopiu.net\/wordpress\/wp-content\/uploads\/2021\/08\/78eadd36-3911-4d87-88bd-14c3c4b73d43-768x432.jpg 768w, https:\/\/www.radiopiu.net\/wordpress\/wp-content\/uploads\/2021\/08\/78eadd36-3911-4d87-88bd-14c3c4b73d43-1536x864.jpg 1536w, https:\/\/www.radiopiu.net\/wordpress\/wp-content\/uploads\/2021\/08\/78eadd36-3911-4d87-88bd-14c3c4b73d43.jpg 2048w\" sizes=\"auto, (max-width: 300px) 100vw, 300px\" \/><\/a>\n\t\t\t\t<\/dt><\/dl><dl class='gallery-item'>\n\t\t\t\t<dt class='gallery-icon landscape'>\n\t\t\t\t\t<a class=\"rollover rollover-zoom dt-pswp-item\" title=\"9b333138-259d-4012-b87d-3a311ef8db7d\" data-dt-img-description=\"\" data-large_image_width=\"1600\" data-large_image_height=\"737\"href='https:\/\/www.radiopiu.net\/wordpress\/wp-content\/uploads\/2021\/08\/9b333138-259d-4012-b87d-3a311ef8db7d.jpg'><img loading=\"lazy\" decoding=\"async\" width=\"300\" height=\"138\" src=\"https:\/\/www.radiopiu.net\/wordpress\/wp-content\/uploads\/2021\/08\/9b333138-259d-4012-b87d-3a311ef8db7d-300x138.jpg\" class=\"attachment-medium size-medium\" alt=\"\" srcset=\"https:\/\/www.radiopiu.net\/wordpress\/wp-content\/uploads\/2021\/08\/9b333138-259d-4012-b87d-3a311ef8db7d-300x138.jpg 300w, https:\/\/www.radiopiu.net\/wordpress\/wp-content\/uploads\/2021\/08\/9b333138-259d-4012-b87d-3a311ef8db7d-1024x472.jpg 1024w, https:\/\/www.radiopiu.net\/wordpress\/wp-content\/uploads\/2021\/08\/9b333138-259d-4012-b87d-3a311ef8db7d-768x354.jpg 768w, https:\/\/www.radiopiu.net\/wordpress\/wp-content\/uploads\/2021\/08\/9b333138-259d-4012-b87d-3a311ef8db7d-1536x708.jpg 1536w, https:\/\/www.radiopiu.net\/wordpress\/wp-content\/uploads\/2021\/08\/9b333138-259d-4012-b87d-3a311ef8db7d.jpg 1600w\" sizes=\"auto, (max-width: 300px) 100vw, 300px\" \/><\/a>\n\t\t\t\t<\/dt><\/dl><br style=\"clear: both\" \/><dl class='gallery-item'>\n\t\t\t\t<dt class='gallery-icon landscape'>\n\t\t\t\t\t<a class=\"rollover rollover-zoom dt-pswp-item\" title=\"5a0263c6-1842-4cea-8f6c-60cfb989dc31\" data-dt-img-description=\"\" data-large_image_width=\"1600\" data-large_image_height=\"737\"href='https:\/\/www.radiopiu.net\/wordpress\/wp-content\/uploads\/2021\/08\/5a0263c6-1842-4cea-8f6c-60cfb989dc31.jpg'><img loading=\"lazy\" decoding=\"async\" width=\"300\" height=\"138\" src=\"https:\/\/www.radiopiu.net\/wordpress\/wp-content\/uploads\/2021\/08\/5a0263c6-1842-4cea-8f6c-60cfb989dc31-300x138.jpg\" class=\"attachment-medium size-medium\" alt=\"\" srcset=\"https:\/\/www.radiopiu.net\/wordpress\/wp-content\/uploads\/2021\/08\/5a0263c6-1842-4cea-8f6c-60cfb989dc31-300x138.jpg 300w, https:\/\/www.radiopiu.net\/wordpress\/wp-content\/uploads\/2021\/08\/5a0263c6-1842-4cea-8f6c-60cfb989dc31-1024x472.jpg 1024w, https:\/\/www.radiopiu.net\/wordpress\/wp-content\/uploads\/2021\/08\/5a0263c6-1842-4cea-8f6c-60cfb989dc31-768x354.jpg 768w, https:\/\/www.radiopiu.net\/wordpress\/wp-content\/uploads\/2021\/08\/5a0263c6-1842-4cea-8f6c-60cfb989dc31-1536x708.jpg 1536w, https:\/\/www.radiopiu.net\/wordpress\/wp-content\/uploads\/2021\/08\/5a0263c6-1842-4cea-8f6c-60cfb989dc31.jpg 1600w\" sizes=\"auto, (max-width: 300px) 100vw, 300px\" \/><\/a>\n\t\t\t\t<\/dt><\/dl><dl class='gallery-item'>\n\t\t\t\t<dt class='gallery-icon landscape'>\n\t\t\t\t\t<a class=\"rollover rollover-zoom dt-pswp-item\" title=\"182b344f-8c80-4b45-9654-84b4ac7a4c80\" data-dt-img-description=\"\" data-large_image_width=\"1600\" data-large_image_height=\"737\"href='https:\/\/www.radiopiu.net\/wordpress\/wp-content\/uploads\/2021\/08\/182b344f-8c80-4b45-9654-84b4ac7a4c80.jpg'><img loading=\"lazy\" decoding=\"async\" width=\"300\" height=\"138\" src=\"https:\/\/www.radiopiu.net\/wordpress\/wp-content\/uploads\/2021\/08\/182b344f-8c80-4b45-9654-84b4ac7a4c80-300x138.jpg\" class=\"attachment-medium size-medium\" alt=\"\" srcset=\"https:\/\/www.radiopiu.net\/wordpress\/wp-content\/uploads\/2021\/08\/182b344f-8c80-4b45-9654-84b4ac7a4c80-300x138.jpg 300w, https:\/\/www.radiopiu.net\/wordpress\/wp-content\/uploads\/2021\/08\/182b344f-8c80-4b45-9654-84b4ac7a4c80-1024x472.jpg 1024w, https:\/\/www.radiopiu.net\/wordpress\/wp-content\/uploads\/2021\/08\/182b344f-8c80-4b45-9654-84b4ac7a4c80-768x354.jpg 768w, https:\/\/www.radiopiu.net\/wordpress\/wp-content\/uploads\/2021\/08\/182b344f-8c80-4b45-9654-84b4ac7a4c80-1536x708.jpg 1536w, https:\/\/www.radiopiu.net\/wordpress\/wp-content\/uploads\/2021\/08\/182b344f-8c80-4b45-9654-84b4ac7a4c80.jpg 1600w\" sizes=\"auto, (max-width: 300px) 100vw, 300px\" \/><\/a>\n\t\t\t\t<\/dt><\/dl><br style=\"clear: both\" \/>\n\t\t\t<\/div>\n\n<p>&nbsp;<\/p>\n<blockquote>\n<h3>IERI I FUNERALI DI PAOLO SAVIANE, IL PENSIERO DI FRANCO GIDONI<\/h3>\n<\/blockquote>\n<p><strong><a href=\"https:\/\/www.radiopiu.net\/wordpress\/e-morto-il-senatore-paolo-saviane\/paolo_saviane\/\" rel=\"attachment wp-att-228679\"><img loading=\"lazy\" decoding=\"async\" class=\"size-medium wp-image-228679 alignleft\" src=\"https:\/\/www.radiopiu.net\/wordpress\/wp-content\/uploads\/2021\/08\/paolo_saviane-300x169.jpg\" alt=\"\" width=\"300\" height=\"169\" srcset=\"https:\/\/www.radiopiu.net\/wordpress\/wp-content\/uploads\/2021\/08\/paolo_saviane-300x169.jpg 300w, https:\/\/www.radiopiu.net\/wordpress\/wp-content\/uploads\/2021\/08\/paolo_saviane-1024x576.jpg 1024w, https:\/\/www.radiopiu.net\/wordpress\/wp-content\/uploads\/2021\/08\/paolo_saviane-768x432.jpg 768w, https:\/\/www.radiopiu.net\/wordpress\/wp-content\/uploads\/2021\/08\/paolo_saviane.jpg 1280w\" sizes=\"auto, (max-width: 300px) 100vw, 300px\" \/><\/a>BELLUNO<\/strong> Si sono svolti ieri i funerali del Senatore Paolo Saviane. \u201c<em>Paolo sapeva intessere rapporti che andavano al di l\u00e0 del condividere un partito e la cerimonia di ieri ne \u00e8 stata una dimostrazione\u201d. Il coordinatore provinciale della Lega Franco Gidoni commenta cos\u00ec la folla arrivata ieri pomeriggio a dare l&#8217;ultimo saluto al senatore bellunese Paolo Saviane. Tra la gente, tanti esponenti del partito a livello nazionale, il leader Matteo Salvini, i ministri Erika Stefani e Federico D&#8217;Inc\u00e0, il governatore Luca Zaia e molti altri. Una cerimonia semplice, senza bandiere di partito esattamente come avrebbe voluto Saviane, quella di ieri, e con tanti cittadini a testimonianza dell&#8217;affetto che il territorio nutriva per il senatore. \u201cLe autorit\u00e0 non erano presenti per dovere, ma proprio per un legame che avevano creato negli anni con Saviane \u2013 prosegue Gidoni \u2013 e dell&#8217;arrivo di Salvini fino all&#8217;ultimo non sapeva quasi nessuno. Un senatore si \u00e8 fatto 400 chilometri per essere presente, ci teneva perch\u00e8 condivideva con Paolo le battaglie a favore della montagna. Ci mancher\u00e0, tanto, ma i suoi progetti non andranno persi<\/em>\u201d. Per ricordarlo il partito far\u00e0 celebrare una messa in suo ricordo il prossimo 20 settembre, ad un mese dalla sua prematura scomparsa.<\/p>\n<p>&nbsp;<\/p>\n<p>***<\/p>\n","protected":false},"excerpt":{"rendered":"<p>&nbsp; audio DI MORENO GIOLI &nbsp; &nbsp; IERI I FUNERALI DI PAOLO SAVIANE, IL PENSIERO DI FRANCO GIDONI BELLUNO Si sono svolti ieri i funerali del Senatore Paolo Saviane. \u201cPaolo sapeva intessere rapporti che andavano al di l\u00e0 del condividere un partito e la cerimonia di ieri ne \u00e8 stata una dimostrazione\u201d. Il coordinatore provinciale&hellip;<\/p>\n","protected":false},"author":4,"featured_media":229624,"comment_status":"closed","ping_status":"open","sticky":false,"template":"","format":"standard","meta":{"_monsterinsights_skip_tracking":false,"_monsterinsights_sitenote_active":false,"_monsterinsights_sitenote_note":"","_monsterinsights_sitenote_category":0,"footnotes":""},"categories":[51,49],"tags":[],"class_list":["post-229619","post","type-post","status-publish","format-standard","has-post-thumbnail","hentry","category-evidenza-top","category-news-18","category-51","category-49","description-off"],"img_url":"https:\/\/www.radiopiu.net\/wordpress\/wp-content\/uploads\/2021\/08\/78eadd36-3911-4d87-88bd-14c3c4b73d43.jpg","_links":{"self":[{"href":"https:\/\/www.radiopiu.net\/wordpress\/wp-json\/wp\/v2\/posts\/229619","targetHints":{"allow":["GET"]}}],"collection":[{"href":"https:\/\/www.radiopiu.net\/wordpress\/wp-json\/wp\/v2\/posts"}],"about":[{"href":"https:\/\/www.radiopiu.net\/wordpress\/wp-json\/wp\/v2\/types\/post"}],"author":[{"embeddable":true,"href":"https:\/\/www.radiopiu.net\/wordpress\/wp-json\/wp\/v2\/users\/4"}],"replies":[{"embeddable":true,"href":"https:\/\/www.radiopiu.net\/wordpress\/wp-json\/wp\/v2\/comments?post=229619"}],"version-history":[{"count":0,"href":"https:\/\/www.radiopiu.net\/wordpress\/wp-json\/wp\/v2\/posts\/229619\/revisions"}],"wp:featuredmedia":[{"embeddable":true,"href":"https:\/\/www.radiopiu.net\/wordpress\/wp-json\/wp\/v2\/media\/229624"}],"wp:attachment":[{"href":"https:\/\/www.radiopiu.net\/wordpress\/wp-json\/wp\/v2\/media?parent=229619"}],"wp:term":[{"taxonomy":"category","embeddable":true,"href":"https:\/\/www.radiopiu.net\/wordpress\/wp-json\/wp\/v2\/categories?post=229619"},{"taxonomy":"post_tag","embeddable":true,"href":"https:\/\/www.radiopiu.net\/wordpress\/wp-json\/wp\/v2\/tags?post=229619"}],"curies":[{"name":"wp","href":"https:\/\/api.w.org\/{rel}","templated":true}]}}