{"id":229638,"date":"2021-08-26T05:42:34","date_gmt":"2021-08-26T03:42:34","guid":{"rendered":"https:\/\/www.radiopiu.net\/wordpress\/?p=229638"},"modified":"2021-08-26T08:21:57","modified_gmt":"2021-08-26T06:21:57","slug":"la-morte-del-cervo-la-difesa-del-parco","status":"publish","type":"post","link":"https:\/\/www.radiopiu.net\/wordpress\/la-morte-del-cervo-la-difesa-del-parco\/","title":{"rendered":"LA MORTE DEL CERVO, LA  VOCE DEL PARCO\u00a0"},"content":{"rendered":"<blockquote>\n<h2><strong style=\"font-size: 14px;\"><img loading=\"lazy\" decoding=\"async\" class=\"alignleft\" src=\"https:\/\/www.radiopiu.net\/wordpress\/wp-content\/uploads\/2021\/08\/238649167_10224228062282303_5651881345183571791_n.jpg\" width=\"230\" height=\"308\" \/>FELTRE<\/strong><span style=\"font-size: 14px; font-weight: normal;\"> L&#8217;Ente Parco si difende dopo le accuse del consigliere Fabio Rufus Bristot di non avere fatto nulla per salvare il cervo prigioniero nella forra in Valle del Mis. &#8220;Nessun divieto al salvataggio dell&#8217;animale, chi di competenza \u00e8 stato allertato&#8221; lo spiega il presidente Ennio Vigne. L&#8217;animale non sarebbe morto di stenti ma abbattuto come da suggerimento del veterinario poich\u00e9 aveva una lesione ad una gamba ed era debilitato dalla prigionia in forra.\u00a0\u00a0<\/span><\/h2>\n<p><em>&#8220;strumentale polemica\u00a0 sul divieto di praticare il torrentismo all&#8217;interno del Parco&#8221;<\/em><\/p>\n<p>L&#8217;ente Parco ha ricevuto da un privato la segnalazione, tramite e-mail, della presenza di un cervo in difficolt\u00e0 all&#8217;interno della Val Soffia,\u00a0 segnalazione \u00e8 stata immediatamente girata dall&#8217;ente al reparto carabinieri del Parco, che svolge istituzionalmente le attivit\u00e0 di sorveglianza nell&#8217;area protetta. L&#8217;intervento il 16 agosto, due giorni dopo la segnalazione sui social. Sono intervenuti sul posto, assieme ai carabinieri forestali, i vigili del fuoco di Belluno, gli agenti del corpo di polizia provinciale e un veterinario di Feltre dell&#8217;Ulss 1 Dolomiti.\u00a0 Nessun mancato intervento, nessun divieto di intervenire per salvare il cervo.<\/p><\/blockquote>\n<p>Franco De Bon, consigliere provinciale delegato a caccia e pesca: <em>&#8220;Serve aprire una riflessione sul tema del soccorso alla fauna selvatica, un tema di grande emotivit\u00e0 ma che investe anche parecchi aspetti giuridici. E paradossalmente, anche sembra brutto dirlo cos\u00ec, nei casi irrecuperabili l&#8217;eutanasia \u00e8 la soluzione migliore per evitare sofferenza all&#8217;animale&#8221;<\/em>.<\/p>\n\n\t\t\t<style type='text\/css'>\n\t\t\t\t#gallery-1 {\n\t\t\t\t\tmargin: auto;\n\t\t\t\t}\n\t\t\t\t#gallery-1 .gallery-item {\n\t\t\t\t\tfloat: left;\n\t\t\t\t\tmargin-top: 10px;\n\t\t\t\t\ttext-align: center;\n\t\t\t\t\twidth: 50%;\n\t\t\t\t}\n\t\t\t\t#gallery-1 img {\n\t\t\t\t\tborder: 2px solid #cfcfcf;\n\t\t\t\t}\n\t\t\t\t#gallery-1 .gallery-caption {\n\t\t\t\t\tmargin-left: 0;\n\t\t\t\t}\n\t\t\t\t\/* see gallery_shortcode() in wp-includes\/media.php *\/\n\t\t\t<\/style>\n\t\t<div id='gallery-1' class='dt-gallery-container gallery galleryid-229638 gallery-columns-2 gallery-size-medium'><dl class='gallery-item'>\n\t\t\t\t<dt class='gallery-icon portrait'>\n\t\t\t\t\t<a class=\"rollover\" href='https:\/\/www.radiopiu.net\/wordpress\/giornale-radiopiu-25-agosto-2021-direttore-mirko-mezzacasa\/238649167_10224228062282303_5651881345183571791_n-2\/'><img loading=\"lazy\" decoding=\"async\" width=\"224\" height=\"300\" src=\"https:\/\/www.radiopiu.net\/wordpress\/wp-content\/uploads\/2021\/08\/238649167_10224228062282303_5651881345183571791_n-1-224x300.jpg\" class=\"attachment-medium size-medium\" alt=\"\" srcset=\"https:\/\/www.radiopiu.net\/wordpress\/wp-content\/uploads\/2021\/08\/238649167_10224228062282303_5651881345183571791_n-1-224x300.jpg 224w, https:\/\/www.radiopiu.net\/wordpress\/wp-content\/uploads\/2021\/08\/238649167_10224228062282303_5651881345183571791_n-1.jpg 448w\" sizes=\"auto, (max-width: 224px) 100vw, 224px\" \/><\/a>\n\t\t\t\t<\/dt><\/dl><dl class='gallery-item'>\n\t\t\t\t<dt class='gallery-icon portrait'>\n\t\t\t\t\t<a class=\"rollover\" href='https:\/\/www.radiopiu.net\/wordpress\/giornale-radiopiu-25-agosto-2021-direttore-mirko-mezzacasa\/239294187_10224228062562310_2277356005712086190_n-2\/'><img loading=\"lazy\" decoding=\"async\" width=\"225\" height=\"300\" src=\"https:\/\/www.radiopiu.net\/wordpress\/wp-content\/uploads\/2021\/08\/239294187_10224228062562310_2277356005712086190_n-1-225x300.jpg\" class=\"attachment-medium size-medium\" alt=\"\" srcset=\"https:\/\/www.radiopiu.net\/wordpress\/wp-content\/uploads\/2021\/08\/239294187_10224228062562310_2277356005712086190_n-1-225x300.jpg 225w, https:\/\/www.radiopiu.net\/wordpress\/wp-content\/uploads\/2021\/08\/239294187_10224228062562310_2277356005712086190_n-1.jpg 450w\" sizes=\"auto, (max-width: 225px) 100vw, 225px\" \/><\/a>\n\t\t\t\t<\/dt><\/dl><br style=\"clear: both\" \/>\n\t\t\t<\/div>\n\n<p>&nbsp;<\/p>\n<p>&nbsp;<\/p>\n<p>&nbsp;<\/p>\n","protected":false},"excerpt":{"rendered":"<p>FELTRE L&#8217;Ente Parco si difende dopo le accuse del consigliere Fabio Rufus Bristot di non avere fatto nulla per salvare il cervo prigioniero nella forra in Valle del Mis. &#8220;Nessun divieto al salvataggio dell&#8217;animale, chi di competenza \u00e8 stato allertato&#8221; lo spiega il presidente Ennio Vigne. L&#8217;animale non sarebbe morto di stenti ma abbattuto come&hellip;<\/p>\n","protected":false},"author":4,"featured_media":229418,"comment_status":"closed","ping_status":"open","sticky":false,"template":"","format":"standard","meta":{"_monsterinsights_skip_tracking":false,"_monsterinsights_sitenote_active":false,"_monsterinsights_sitenote_note":"","_monsterinsights_sitenote_category":0,"footnotes":""},"categories":[104,49],"tags":[],"class_list":["post-229638","post","type-post","status-publish","format-standard","has-post-thumbnail","hentry","category-evidenza_3","category-news-18","category-104","category-49","description-off"],"img_url":"https:\/\/www.radiopiu.net\/wordpress\/wp-content\/uploads\/2021\/08\/238649167_10224228062282303_5651881345183571791_n.jpg","_links":{"self":[{"href":"https:\/\/www.radiopiu.net\/wordpress\/wp-json\/wp\/v2\/posts\/229638","targetHints":{"allow":["GET"]}}],"collection":[{"href":"https:\/\/www.radiopiu.net\/wordpress\/wp-json\/wp\/v2\/posts"}],"about":[{"href":"https:\/\/www.radiopiu.net\/wordpress\/wp-json\/wp\/v2\/types\/post"}],"author":[{"embeddable":true,"href":"https:\/\/www.radiopiu.net\/wordpress\/wp-json\/wp\/v2\/users\/4"}],"replies":[{"embeddable":true,"href":"https:\/\/www.radiopiu.net\/wordpress\/wp-json\/wp\/v2\/comments?post=229638"}],"version-history":[{"count":0,"href":"https:\/\/www.radiopiu.net\/wordpress\/wp-json\/wp\/v2\/posts\/229638\/revisions"}],"wp:featuredmedia":[{"embeddable":true,"href":"https:\/\/www.radiopiu.net\/wordpress\/wp-json\/wp\/v2\/media\/229418"}],"wp:attachment":[{"href":"https:\/\/www.radiopiu.net\/wordpress\/wp-json\/wp\/v2\/media?parent=229638"}],"wp:term":[{"taxonomy":"category","embeddable":true,"href":"https:\/\/www.radiopiu.net\/wordpress\/wp-json\/wp\/v2\/categories?post=229638"},{"taxonomy":"post_tag","embeddable":true,"href":"https:\/\/www.radiopiu.net\/wordpress\/wp-json\/wp\/v2\/tags?post=229638"}],"curies":[{"name":"wp","href":"https:\/\/api.w.org\/{rel}","templated":true}]}}