{"id":229751,"date":"2021-08-26T23:59:13","date_gmt":"2021-08-26T21:59:13","guid":{"rendered":"https:\/\/www.radiopiu.net\/wordpress\/?p=229751"},"modified":"2021-08-26T15:53:41","modified_gmt":"2021-08-26T13:53:41","slug":"giovedi-8-agosto-1912-linaugurazione-del-tratto-ferroviario-per-longarone","status":"publish","type":"post","link":"https:\/\/www.radiopiu.net\/wordpress\/giovedi-8-agosto-1912-linaugurazione-del-tratto-ferroviario-per-longarone\/","title":{"rendered":"GIOVEDI 8 AGOSTO 1912 L\u2019INAUGURAZIONE DEL TRATTO FERROVIARIO PER LONGARONE"},"content":{"rendered":"<p><strong>di RENATO BONA<\/strong><\/p>\n<p>Torniamo volentieri sulla storia della ferrovia in ambito provinciale, avendo per \u201cguida\u201d il pregevole volume \u201cBelluno. La crisi dei vagoni\u201d, opera di Marcello Rosina (il quale in apertura ricorda fra l\u2019altro che: \u201cLa pubblica attesa di una strada ferrata in provincia di Belluno risale al 1838 ed il primo a proporre quest\u2019idea fu don Natale Talamini\u201d. Corredato da belle immagini datate della collezione di Benito Pagnussat, il libro \u00e8 stato stampato nell\u2019agosto 1998 per i tipi della tipografia Tiziano di Pieve di Cadore. Lo facciamo dopo che il presidente della Provincia, Roberto Padrin, in vista della riunione del consiglio provinciale fissata per marted\u00ec a Valle di Cadore per fare il punto sul progetto del \u201cTreno delle Dolomiti\u201d ed il protocollo d\u2019intesa con la Regione e Rfi, ha dichiarato ad Irene Aliprandi de Il Corriere delle Alpi che \u201cper i bellunesi l\u2019obiettivo pi\u00f9 impellente \u00e8 quello di raggiungere Venezia e Padova con un collegamento il pi\u00f9 veloce possibile e quindi potenziando ulteriormente le linee, oltre al lavoro sull\u2019elettrificazione\u201d non trascurando, anzi, il collegamento a nord con una linea in grado di guardare all\u2019Europa. A poco meno di duecento anni dall\u2019accennata \u201cpubblica attesa\u201d, quella della ferrovia in generale resta dunque una questione al centro del dibattito pubblico, delle aspettative dei bellunesi, dell\u2019impegno degli amministratori. Oggi, per la parte storica, ci occupiamo della Belluno-Longarone, primo tratto della Belluno-Cadore, che venne inaugurata l\u20198 agosto 1912. Rosina esordisce in questo capitolo richiamando il fatto che: \u201cBelluno divenuto capolinea, mantenne il titolo per ben 27 anni e durante tutto questo tempo parve impossibile la congiunzione ferroviaria con il Cadore\u201d. Ma\u2026 \u201cUn Comitato si form\u00f2 nel 1904 e, non avendo voluto approfittare della \u2018legge Bertolini\u2019, dovette accettare le offerte dell\u2019impresa del colonnello Conti Vecchi, il quale fece costruire la linea (soltanto fino a Longarone) che venne inaugurata l\u20198 agosto 1912 (era di gioved\u00ec, giorno di san Domenico \u2013 ndr.). Ma la strada per il Cadore era stata aperta\u201d. E partiva dalla stazione di Belluno che a dire il vero \u00e8 severamente giudicata quando si legge: \u201cE\u2019 assolutamente inadeguata ai bisogni, di stile burocratico, \u00e8 rimpicciolita ancora da pensiline e tettoie e da un palazzo grandioso di stile moderno, fabbricatole accanto dai fratelli Coletti. E\u2019 a un solo piano, con una meschina casuccia a due piani nel centro, indegna di una citt\u00e0 capoluogo di provincia e capolinea, insufficiente al traffico\u2026\u201d. Meglio spostarsi a Ponte nelle Alpi dove \u201cprima della stazione si vede il castello Bortoluzzi, ricca villa in stile medioevale che maestosa ed elegante sovrasta il caseggiato di Ponte nelle Alpi (gi\u00e0 Capo di Ponte)\u201d. Le stazioni della nuova linea &#8211; viene ricordato &#8211; sono tutte di identico tipo svizzero, leggere ed eleganti, cos\u00ec pure i caselli sono sufficientemente comodi e capaci. Dalla stazione \u201csi gode la veduta panoramica della vallata fino a Belluno che emerge sullo sfondo luminoso\u201d. Detto che questa stazione serve anche &#8211; in attesa della progettata Vittorio Veneto-Ponte nelle Alpi &#8211; gli abitanti della \u201cindustre regione dell\u2019Alpago (5 comuni con oltre 7 mila abitanti) ricca di boschi, di splendidi panorami e allietata dal poetico lago di Santa Croce &#8211; si da spazio al tratto Fa\u00e8-Fortogna-Longarone: \u201c\u2026 La linea prosegue sempre sopra la nazionale e il Piave azzurro che scorre ancora in un largo letto di candida ghiaia. Dopo due gallerie attraversa il ponte metallico sul Ma\u00e8 e si vede l\u2019altro ponte in ferro della nazionale, che si trova in linea diagonale al di sotto. Quindi si prosegue per l\u2019altra e pi\u00f9 lunga galleria, che ti porta subito alla stazione di Longarone\u201d. Dopo una acuta descrizione della realt\u00e0 longaronese dell\u2019epoca nei vari aspetti, viene ricordato che \u201cLa stazione si trova proprio al di sotto del piazzale su cui si erge il busto del patriota Jacopo Tasso, che a longarone ebbe i natali, a Belluno per lunghi anni abit\u00f2, esercit\u00f2 la professione di avvocato e col\u00e0 fu arrestato dalla sbirraglia austriaca sotto l\u2019imputazione di procacciare difensori alla difesa di Venezia. Non valsero le preghiere della moglie, di influenti personaggi, di un venerando vescovo: la inesorabile aquila bicipite volle la sua vittima e Tasso fu fucilato a Treviso il 10 aprile 1849\u201d. Il capitolo &#8211; sempre con testo di Alessandro De Luca &#8211; comparso in \u201cAlmanacco Veneto &#8211; Supplemento de Il Gazzettino, anno III, 1914\u201d e proposto nel libro di Marcello Rosina, si conclude cos\u00ec: \u201cLa stazione di Longarone-Zoldo serve anche alla industriosa e pittoresca regione dello zoldano, emporio un giorno di miniere e fucine per la lavorazione di ferramenta, industria attualmente in decadenza. Sono per\u00f2 in fiore le industrie del legname e della pastorizia\u201d. Chiudiamo , citando da Il Gazzettino del 13 marzo 1911 passi della cronaca relativa all\u2019avvio dei lavori della Belluno-Cadore: \u201cIl sole, un bel sole preludio della primavera, ha rallegrato la giornata inaugurale dei lavori per la costruzione della tanto sospirata ferrovia del Cadore. La festa \u00e8 stata organizzata a Longarone dietro interessamento del pro-sindaco cav. uff. Ottorino Nobis ed il grazioso paese presenta l\u2019aspetto delle grandi occasioni. Bandiere sventolano da poggiuoli e da balconi e l\u2019animazione \u00e8 intensa. Alle 9,30 si forma il corteo composto di rappresentanze, di eminenti cittadini, di una folla, sono circa ottocento persone, le quali si avviano partendo dal municipio verso al ponte di ferro sul Ma\u00e8 &#8211; affluente del Piave &#8211; con alla testa la musica di Longarone che \u00e8 agli ordini del sig. Giovanni De Bona\u2026L\u00e0 dove avverr\u00e0 l\u2019imbocco della galleria sul Ma\u00e8 vengono sparate fra gli inni di gioia, tre mine, a breve interruzione l\u2019una dall\u2019altra. Poi il prosindaco pronuncia il discorso. E la cerimonia a Ma\u00e8 ha termine. Il corteo ritorna a Longarone dove il Comune ha voluto completare con luminarie e festeggiamenti la solenne giornata. Alle 8 di sera la banda del paese, al lume della fiaccolata, percorse le vie suonando allegra marce, seguita dalla popolazione plaudente\u2026 Fu in complesso una giornata solenne indimenticabile\u201d.<\/p>\n\n\t\t\t<style type='text\/css'>\n\t\t\t\t#gallery-1 {\n\t\t\t\t\tmargin: auto;\n\t\t\t\t}\n\t\t\t\t#gallery-1 .gallery-item {\n\t\t\t\t\tfloat: left;\n\t\t\t\t\tmargin-top: 10px;\n\t\t\t\t\ttext-align: center;\n\t\t\t\t\twidth: 12%;\n\t\t\t\t}\n\t\t\t\t#gallery-1 img {\n\t\t\t\t\tborder: 2px solid #cfcfcf;\n\t\t\t\t}\n\t\t\t\t#gallery-1 .gallery-caption {\n\t\t\t\t\tmargin-left: 0;\n\t\t\t\t}\n\t\t\t\t\/* see gallery_shortcode() in wp-includes\/media.php *\/\n\t\t\t<\/style>\n\t\t<div id='gallery-1' class='dt-gallery-container gallery galleryid-229751 gallery-columns-8 gallery-size-thumbnail'><dl class='gallery-item'>\n\t\t\t\t<dt class='gallery-icon portrait'>\n\t\t\t\t\t<a class=\"rollover rollover-zoom dt-pswp-item\" title=\"240654027_897447170847913_9135850499595066863_n\" data-dt-img-description=\"\" data-large_image_width=\"153\" data-large_image_height=\"247\"href='https:\/\/www.radiopiu.net\/wordpress\/wp-content\/uploads\/2021\/08\/240654027_897447170847913_9135850499595066863_n.jpg'><img loading=\"lazy\" decoding=\"async\" width=\"150\" height=\"150\" src=\"https:\/\/www.radiopiu.net\/wordpress\/wp-content\/uploads\/2021\/08\/240654027_897447170847913_9135850499595066863_n-150x150.jpg\" class=\"attachment-thumbnail size-thumbnail\" alt=\"\" \/><\/a>\n\t\t\t\t<\/dt><\/dl><dl class='gallery-item'>\n\t\t\t\t<dt class='gallery-icon landscape'>\n\t\t\t\t\t<a class=\"rollover rollover-zoom dt-pswp-item\" title=\"240788174_804207236916181_6351330456970679124_n\" data-dt-img-description=\"\" data-large_image_width=\"321\" data-large_image_height=\"206\"href='https:\/\/www.radiopiu.net\/wordpress\/wp-content\/uploads\/2021\/08\/240788174_804207236916181_6351330456970679124_n.jpg'><img loading=\"lazy\" decoding=\"async\" width=\"150\" height=\"150\" src=\"https:\/\/www.radiopiu.net\/wordpress\/wp-content\/uploads\/2021\/08\/240788174_804207236916181_6351330456970679124_n-150x150.jpg\" class=\"attachment-thumbnail size-thumbnail\" alt=\"\" \/><\/a>\n\t\t\t\t<\/dt><\/dl><dl class='gallery-item'>\n\t\t\t\t<dt class='gallery-icon landscape'>\n\t\t\t\t\t<a class=\"rollover rollover-zoom dt-pswp-item\" title=\"240785253_553843702431135_6821606435721564150_n\" data-dt-img-description=\"\" data-large_image_width=\"320\" data-large_image_height=\"206\"href='https:\/\/www.radiopiu.net\/wordpress\/wp-content\/uploads\/2021\/08\/240785253_553843702431135_6821606435721564150_n.jpg'><img loading=\"lazy\" decoding=\"async\" width=\"150\" height=\"150\" src=\"https:\/\/www.radiopiu.net\/wordpress\/wp-content\/uploads\/2021\/08\/240785253_553843702431135_6821606435721564150_n-150x150.jpg\" class=\"attachment-thumbnail size-thumbnail\" alt=\"\" \/><\/a>\n\t\t\t\t<\/dt><\/dl><dl class='gallery-item'>\n\t\t\t\t<dt class='gallery-icon landscape'>\n\t\t\t\t\t<a class=\"rollover rollover-zoom dt-pswp-item\" title=\"240771778_351399206718711_2027974838079217562_n\" data-dt-img-description=\"\" data-large_image_width=\"338\" data-large_image_height=\"206\"href='https:\/\/www.radiopiu.net\/wordpress\/wp-content\/uploads\/2021\/08\/240771778_351399206718711_2027974838079217562_n.jpg'><img loading=\"lazy\" decoding=\"async\" width=\"150\" height=\"150\" src=\"https:\/\/www.radiopiu.net\/wordpress\/wp-content\/uploads\/2021\/08\/240771778_351399206718711_2027974838079217562_n-150x150.jpg\" class=\"attachment-thumbnail size-thumbnail\" alt=\"\" \/><\/a>\n\t\t\t\t<\/dt><\/dl><dl class='gallery-item'>\n\t\t\t\t<dt class='gallery-icon landscape'>\n\t\t\t\t\t<a class=\"rollover rollover-zoom dt-pswp-item\" title=\"240730738_254453189859176_1586428856463398681_n\" data-dt-img-description=\"\" data-large_image_width=\"340\" data-large_image_height=\"206\"href='https:\/\/www.radiopiu.net\/wordpress\/wp-content\/uploads\/2021\/08\/240730738_254453189859176_1586428856463398681_n.jpg'><img loading=\"lazy\" decoding=\"async\" width=\"150\" height=\"150\" src=\"https:\/\/www.radiopiu.net\/wordpress\/wp-content\/uploads\/2021\/08\/240730738_254453189859176_1586428856463398681_n-150x150.jpg\" class=\"attachment-thumbnail size-thumbnail\" alt=\"\" \/><\/a>\n\t\t\t\t<\/dt><\/dl><dl class='gallery-item'>\n\t\t\t\t<dt class='gallery-icon landscape'>\n\t\t\t\t\t<a class=\"rollover rollover-zoom dt-pswp-item\" title=\"237079503_553759149104382_8419693344428857778_n\" data-dt-img-description=\"\" data-large_image_width=\"370\" data-large_image_height=\"201\"href='https:\/\/www.radiopiu.net\/wordpress\/wp-content\/uploads\/2021\/08\/237079503_553759149104382_8419693344428857778_n.jpg'><img loading=\"lazy\" decoding=\"async\" width=\"150\" height=\"150\" src=\"https:\/\/www.radiopiu.net\/wordpress\/wp-content\/uploads\/2021\/08\/237079503_553759149104382_8419693344428857778_n-150x150.jpg\" class=\"attachment-thumbnail size-thumbnail\" alt=\"\" \/><\/a>\n\t\t\t\t<\/dt><\/dl><dl class='gallery-item'>\n\t\t\t\t<dt class='gallery-icon landscape'>\n\t\t\t\t\t<a class=\"rollover rollover-zoom dt-pswp-item\" title=\"240129842_389339255889747_1237140614820073823_n\" data-dt-img-description=\"\" data-large_image_width=\"368\" data-large_image_height=\"206\"href='https:\/\/www.radiopiu.net\/wordpress\/wp-content\/uploads\/2021\/08\/240129842_389339255889747_1237140614820073823_n.jpg'><img loading=\"lazy\" decoding=\"async\" width=\"150\" height=\"150\" src=\"https:\/\/www.radiopiu.net\/wordpress\/wp-content\/uploads\/2021\/08\/240129842_389339255889747_1237140614820073823_n-150x150.jpg\" class=\"attachment-thumbnail size-thumbnail\" alt=\"\" \/><\/a>\n\t\t\t\t<\/dt><\/dl><dl class='gallery-item'>\n\t\t\t\t<dt class='gallery-icon portrait'>\n\t\t\t\t\t<a class=\"rollover rollover-zoom dt-pswp-item\" title=\"239439989_3053315491556759_8069470483894732930_n\" data-dt-img-description=\"\" data-large_image_width=\"154\" data-large_image_height=\"225\"href='https:\/\/www.radiopiu.net\/wordpress\/wp-content\/uploads\/2021\/08\/239439989_3053315491556759_8069470483894732930_n.jpg'><img loading=\"lazy\" decoding=\"async\" width=\"150\" height=\"150\" src=\"https:\/\/www.radiopiu.net\/wordpress\/wp-content\/uploads\/2021\/08\/239439989_3053315491556759_8069470483894732930_n-150x150.jpg\" class=\"attachment-thumbnail size-thumbnail\" alt=\"\" \/><\/a>\n\t\t\t\t<\/dt><\/dl><br style=\"clear: both\" \/><dl class='gallery-item'>\n\t\t\t\t<dt class='gallery-icon landscape'>\n\t\t\t\t\t<a class=\"rollover rollover-zoom dt-pswp-item\" title=\"239500422_535995531015420_1640424370222860844_n\" data-dt-img-description=\"\" data-large_image_width=\"336\" data-large_image_height=\"206\"href='https:\/\/www.radiopiu.net\/wordpress\/wp-content\/uploads\/2021\/08\/239500422_535995531015420_1640424370222860844_n.jpg'><img loading=\"lazy\" decoding=\"async\" width=\"150\" height=\"150\" src=\"https:\/\/www.radiopiu.net\/wordpress\/wp-content\/uploads\/2021\/08\/239500422_535995531015420_1640424370222860844_n-150x150.jpg\" class=\"attachment-thumbnail size-thumbnail\" alt=\"\" \/><\/a>\n\t\t\t\t<\/dt><\/dl><dl class='gallery-item'>\n\t\t\t\t<dt class='gallery-icon landscape'>\n\t\t\t\t\t<a class=\"rollover rollover-zoom dt-pswp-item\" title=\"239534465_378361520342905_1656532554664655585_n\" data-dt-img-description=\"\" data-large_image_width=\"370\" data-large_image_height=\"201\"href='https:\/\/www.radiopiu.net\/wordpress\/wp-content\/uploads\/2021\/08\/239534465_378361520342905_1656532554664655585_n.jpg'><img loading=\"lazy\" decoding=\"async\" width=\"150\" height=\"150\" src=\"https:\/\/www.radiopiu.net\/wordpress\/wp-content\/uploads\/2021\/08\/239534465_378361520342905_1656532554664655585_n-150x150.jpg\" class=\"attachment-thumbnail size-thumbnail\" alt=\"\" \/><\/a>\n\t\t\t\t<\/dt><\/dl><dl class='gallery-item'>\n\t\t\t\t<dt class='gallery-icon landscape'>\n\t\t\t\t\t<a class=\"rollover rollover-zoom dt-pswp-item\" title=\"239477095_273765167556006_5724061603166375687_n\" data-dt-img-description=\"\" data-large_image_width=\"320\" data-large_image_height=\"201\"href='https:\/\/www.radiopiu.net\/wordpress\/wp-content\/uploads\/2021\/08\/239477095_273765167556006_5724061603166375687_n.jpg'><img loading=\"lazy\" decoding=\"async\" width=\"150\" height=\"150\" src=\"https:\/\/www.radiopiu.net\/wordpress\/wp-content\/uploads\/2021\/08\/239477095_273765167556006_5724061603166375687_n-150x150.jpg\" class=\"attachment-thumbnail size-thumbnail\" alt=\"\" \/><\/a>\n\t\t\t\t<\/dt><\/dl><dl class='gallery-item'>\n\t\t\t\t<dt class='gallery-icon landscape'>\n\t\t\t\t\t<a class=\"rollover rollover-zoom dt-pswp-item\" title=\"240626742_587989792351745_4502718347985746724_n\" data-dt-img-description=\"\" data-large_image_width=\"320\" data-large_image_height=\"201\"href='https:\/\/www.radiopiu.net\/wordpress\/wp-content\/uploads\/2021\/08\/240626742_587989792351745_4502718347985746724_n.jpg'><img loading=\"lazy\" decoding=\"async\" width=\"150\" height=\"150\" src=\"https:\/\/www.radiopiu.net\/wordpress\/wp-content\/uploads\/2021\/08\/240626742_587989792351745_4502718347985746724_n-150x150.jpg\" class=\"attachment-thumbnail size-thumbnail\" alt=\"\" \/><\/a>\n\t\t\t\t<\/dt><\/dl><dl class='gallery-item'>\n\t\t\t\t<dt class='gallery-icon portrait'>\n\t\t\t\t\t<a class=\"rollover rollover-zoom dt-pswp-item\" title=\"236206074_910055246557934_3643966729827033258_n\" data-dt-img-description=\"\" data-large_image_width=\"158\" data-large_image_height=\"225\"href='https:\/\/www.radiopiu.net\/wordpress\/wp-content\/uploads\/2021\/08\/236206074_910055246557934_3643966729827033258_n.jpg'><img loading=\"lazy\" decoding=\"async\" width=\"150\" height=\"150\" src=\"https:\/\/www.radiopiu.net\/wordpress\/wp-content\/uploads\/2021\/08\/236206074_910055246557934_3643966729827033258_n-150x150.jpg\" class=\"attachment-thumbnail size-thumbnail\" alt=\"\" \/><\/a>\n\t\t\t\t<\/dt><\/dl><dl class='gallery-item'>\n\t\t\t\t<dt class='gallery-icon landscape'>\n\t\t\t\t\t<a class=\"rollover rollover-zoom dt-pswp-item\" title=\"239422571_549430029446533_118439662908570314_n\" data-dt-img-description=\"\" data-large_image_width=\"344\" data-large_image_height=\"206\"href='https:\/\/www.radiopiu.net\/wordpress\/wp-content\/uploads\/2021\/08\/239422571_549430029446533_118439662908570314_n.jpg'><img loading=\"lazy\" decoding=\"async\" width=\"150\" height=\"150\" src=\"https:\/\/www.radiopiu.net\/wordpress\/wp-content\/uploads\/2021\/08\/239422571_549430029446533_118439662908570314_n-150x150.jpg\" class=\"attachment-thumbnail size-thumbnail\" alt=\"\" \/><\/a>\n\t\t\t\t<\/dt><\/dl><dl class='gallery-item'>\n\t\t\t\t<dt class='gallery-icon portrait'>\n\t\t\t\t\t<a class=\"rollover rollover-zoom dt-pswp-item\" title=\"240665847_863673281254583_7634430105801355032_n\" data-dt-img-description=\"\" data-large_image_width=\"155\" data-large_image_height=\"240\"href='https:\/\/www.radiopiu.net\/wordpress\/wp-content\/uploads\/2021\/08\/240665847_863673281254583_7634430105801355032_n.jpg'><img loading=\"lazy\" decoding=\"async\" width=\"150\" height=\"150\" src=\"https:\/\/www.radiopiu.net\/wordpress\/wp-content\/uploads\/2021\/08\/240665847_863673281254583_7634430105801355032_n-150x150.jpg\" class=\"attachment-thumbnail size-thumbnail\" alt=\"\" \/><\/a>\n\t\t\t\t<\/dt><\/dl><dl class='gallery-item'>\n\t\t\t\t<dt class='gallery-icon landscape'>\n\t\t\t\t\t<a class=\"rollover rollover-zoom dt-pswp-item\" title=\"239539998_1015473402607193_2145318354324375115_n\" data-dt-img-description=\"\" data-large_image_width=\"331\" data-large_image_height=\"206\"href='https:\/\/www.radiopiu.net\/wordpress\/wp-content\/uploads\/2021\/08\/239539998_1015473402607193_2145318354324375115_n.jpg'><img loading=\"lazy\" decoding=\"async\" width=\"150\" height=\"150\" src=\"https:\/\/www.radiopiu.net\/wordpress\/wp-content\/uploads\/2021\/08\/239539998_1015473402607193_2145318354324375115_n-150x150.jpg\" class=\"attachment-thumbnail size-thumbnail\" alt=\"\" \/><\/a>\n\t\t\t\t<\/dt><\/dl><br style=\"clear: both\" \/>\n\t\t\t<\/div>\n\n<p>&nbsp;<\/p>\n<p>NELLE FOTO (riproduzioni dal libro \u201cBelluno. La crisi dei vagoni\u201d): due scorci della Stazione di Belluno; copertina dell\u2019opuscolo ricordo della ferrovia Belluno-Cadore con servizi di vari giornali; panoramica del grande viadotto sul torrente Ardo; e quello sul torrente Desedan; Stazione di Ponte nelle Alpi; immagine della Ponte nelle Alpi-Polpet; imbocchi di tunnel a Fortogna; la linea passa per la frazione Fortogna; la stazione di Fa\u00e8-Fortogna; la stazione Longarone-Zoldo; l\u2019arrivo del primo treno a Longarone; la gente in festa; prove di resistenza della travatura metallica sul Ponte Ma\u00e8; osservatori sul nuovo ponte.<\/p>\n","protected":false},"excerpt":{"rendered":"<p>di RENATO BONA Torniamo volentieri sulla storia della ferrovia in ambito provinciale, avendo per \u201cguida\u201d il pregevole volume \u201cBelluno. La crisi dei vagoni\u201d, opera di Marcello Rosina (il quale in apertura ricorda fra l\u2019altro che: \u201cLa pubblica attesa di una strada ferrata in provincia di Belluno risale al 1838 ed il primo a proporre quest\u2019idea&hellip;<\/p>\n","protected":false},"author":4,"featured_media":229727,"comment_status":"closed","ping_status":"open","sticky":false,"template":"","format":"standard","meta":{"_monsterinsights_skip_tracking":false,"_monsterinsights_sitenote_active":false,"_monsterinsights_sitenote_note":"","_monsterinsights_sitenote_category":0,"footnotes":""},"categories":[49],"tags":[],"class_list":["post-229751","post","type-post","status-publish","format-standard","has-post-thumbnail","hentry","category-news-18","category-49","description-off"],"img_url":"https:\/\/www.radiopiu.net\/wordpress\/wp-content\/uploads\/2021\/08\/239422571_549430029446533_118439662908570314_n.jpg","_links":{"self":[{"href":"https:\/\/www.radiopiu.net\/wordpress\/wp-json\/wp\/v2\/posts\/229751","targetHints":{"allow":["GET"]}}],"collection":[{"href":"https:\/\/www.radiopiu.net\/wordpress\/wp-json\/wp\/v2\/posts"}],"about":[{"href":"https:\/\/www.radiopiu.net\/wordpress\/wp-json\/wp\/v2\/types\/post"}],"author":[{"embeddable":true,"href":"https:\/\/www.radiopiu.net\/wordpress\/wp-json\/wp\/v2\/users\/4"}],"replies":[{"embeddable":true,"href":"https:\/\/www.radiopiu.net\/wordpress\/wp-json\/wp\/v2\/comments?post=229751"}],"version-history":[{"count":0,"href":"https:\/\/www.radiopiu.net\/wordpress\/wp-json\/wp\/v2\/posts\/229751\/revisions"}],"wp:featuredmedia":[{"embeddable":true,"href":"https:\/\/www.radiopiu.net\/wordpress\/wp-json\/wp\/v2\/media\/229727"}],"wp:attachment":[{"href":"https:\/\/www.radiopiu.net\/wordpress\/wp-json\/wp\/v2\/media?parent=229751"}],"wp:term":[{"taxonomy":"category","embeddable":true,"href":"https:\/\/www.radiopiu.net\/wordpress\/wp-json\/wp\/v2\/categories?post=229751"},{"taxonomy":"post_tag","embeddable":true,"href":"https:\/\/www.radiopiu.net\/wordpress\/wp-json\/wp\/v2\/tags?post=229751"}],"curies":[{"name":"wp","href":"https:\/\/api.w.org\/{rel}","templated":true}]}}