{"id":229813,"date":"2021-08-27T09:22:11","date_gmt":"2021-08-27T07:22:11","guid":{"rendered":"https:\/\/www.radiopiu.net\/wordpress\/?p=229813"},"modified":"2021-08-27T11:21:16","modified_gmt":"2021-08-27T09:21:16","slug":"aaaaaaaa","status":"publish","type":"post","link":"https:\/\/www.radiopiu.net\/wordpress\/aaaaaaaa\/","title":{"rendered":"SI CERCA FEDERICO, CHI AVESSE INFORMAZIONI CONTATTI I CARABINIERI"},"content":{"rendered":"<p><strong>VAL DI ZOLDO <\/strong>Continuano da ieri le ricerche di Federico Lugato, 39 anni, di Milano, l&#8217;escursionista partito in mattinata per un giro ad anello nel Gruppo del Tamer-San Sebastiano e non rientrato all&#8217;ora di pranzo come era previsto. Questa mattina l&#8217;elicottero dell&#8217;Air Service Center, convenzionato con il Soccorso alpino Dolomiti Bellunesi, ha portato in quota le squadre del Soccorso alpino della Val di Zoldo, lungo il percorso ad anello che da Pralongo sale a Colcerver e arriva al Bivacco Baita Angelini. Federico indossa pantaloni corti grigi o verdi, una felpa blu con sotto una t-shirt rossa o viola, chiunque lo avesse incontrato o avesse sue informazioni \u00e8 pregato di contattare i Carabinieri. Sul posto anche unit\u00e0 cinofile, droni e il Centro mobile di coordinamento del Soccorso alpino, il Sagf di Cortina e Auronzo con altre unit\u00e0 cinofile, i Vigili del fuoco.<\/p>\n\n\t\t\t<style type='text\/css'>\n\t\t\t\t#gallery-1 {\n\t\t\t\t\tmargin: auto;\n\t\t\t\t}\n\t\t\t\t#gallery-1 .gallery-item {\n\t\t\t\t\tfloat: left;\n\t\t\t\t\tmargin-top: 10px;\n\t\t\t\t\ttext-align: center;\n\t\t\t\t\twidth: 50%;\n\t\t\t\t}\n\t\t\t\t#gallery-1 img {\n\t\t\t\t\tborder: 2px solid #cfcfcf;\n\t\t\t\t}\n\t\t\t\t#gallery-1 .gallery-caption {\n\t\t\t\t\tmargin-left: 0;\n\t\t\t\t}\n\t\t\t\t\/* see gallery_shortcode() in wp-includes\/media.php *\/\n\t\t\t<\/style>\n\t\t<div id='gallery-1' class='dt-gallery-container gallery galleryid-229813 gallery-columns-2 gallery-size-medium'><dl class='gallery-item'>\n\t\t\t\t<dt class='gallery-icon portrait'>\n\t\t\t\t\t<a class=\"rollover rollover-zoom dt-pswp-item\" title=\"240796851_4223221301124536_8222424878890865087_n\" data-dt-img-description=\"\" data-large_image_width=\"450\" data-large_image_height=\"600\"href='https:\/\/www.radiopiu.net\/wordpress\/wp-content\/uploads\/2021\/08\/240796851_4223221301124536_8222424878890865087_n.jpg'><img loading=\"lazy\" decoding=\"async\" width=\"225\" height=\"300\" src=\"https:\/\/www.radiopiu.net\/wordpress\/wp-content\/uploads\/2021\/08\/240796851_4223221301124536_8222424878890865087_n-225x300.jpg\" class=\"attachment-medium size-medium\" alt=\"\" srcset=\"https:\/\/www.radiopiu.net\/wordpress\/wp-content\/uploads\/2021\/08\/240796851_4223221301124536_8222424878890865087_n-225x300.jpg 225w, https:\/\/www.radiopiu.net\/wordpress\/wp-content\/uploads\/2021\/08\/240796851_4223221301124536_8222424878890865087_n.jpg 450w\" sizes=\"auto, (max-width: 225px) 100vw, 225px\" \/><\/a>\n\t\t\t\t<\/dt><\/dl><dl class='gallery-item'>\n\t\t\t\t<dt class='gallery-icon portrait'>\n\t\t\t\t\t<a class=\"rollover rollover-zoom dt-pswp-item\" title=\"240834335_4223221514457848_6909203020823222909_n\" data-dt-img-description=\"\" data-large_image_width=\"503\" data-large_image_height=\"600\"href='https:\/\/www.radiopiu.net\/wordpress\/wp-content\/uploads\/2021\/08\/240834335_4223221514457848_6909203020823222909_n.jpg'><img loading=\"lazy\" decoding=\"async\" width=\"252\" height=\"300\" src=\"https:\/\/www.radiopiu.net\/wordpress\/wp-content\/uploads\/2021\/08\/240834335_4223221514457848_6909203020823222909_n-252x300.jpg\" class=\"attachment-medium size-medium\" alt=\"\" srcset=\"https:\/\/www.radiopiu.net\/wordpress\/wp-content\/uploads\/2021\/08\/240834335_4223221514457848_6909203020823222909_n-252x300.jpg 252w, https:\/\/www.radiopiu.net\/wordpress\/wp-content\/uploads\/2021\/08\/240834335_4223221514457848_6909203020823222909_n.jpg 503w\" sizes=\"auto, (max-width: 252px) 100vw, 252px\" \/><\/a>\n\t\t\t\t<\/dt><\/dl><br style=\"clear: both\" \/>\n\t\t\t<\/div>\n\n<p>&nbsp;<\/p>\n<p>&nbsp;<\/p>\n<p>&nbsp;<\/p>\n<p>*****<\/p>\n","protected":false},"excerpt":{"rendered":"<p>VAL DI ZOLDO Continuano da ieri le ricerche di Federico Lugato, 39 anni, di Milano, l&#8217;escursionista partito in mattinata per un giro ad anello nel Gruppo del Tamer-San Sebastiano e non rientrato all&#8217;ora di pranzo come era previsto. Questa mattina l&#8217;elicottero dell&#8217;Air Service Center, convenzionato con il Soccorso alpino Dolomiti Bellunesi, ha portato in quota&hellip;<\/p>\n","protected":false},"author":4,"featured_media":229871,"comment_status":"closed","ping_status":"open","sticky":false,"template":"","format":"standard","meta":{"_monsterinsights_skip_tracking":false,"_monsterinsights_sitenote_active":false,"_monsterinsights_sitenote_note":"","_monsterinsights_sitenote_category":0,"footnotes":""},"categories":[51,49],"tags":[],"class_list":["post-229813","post","type-post","status-publish","format-standard","has-post-thumbnail","hentry","category-evidenza-top","category-news-18","category-51","category-49","description-off"],"img_url":"https:\/\/www.radiopiu.net\/wordpress\/wp-content\/uploads\/2021\/08\/240796851_4223221301124536_8222424878890865087_n.jpg","_links":{"self":[{"href":"https:\/\/www.radiopiu.net\/wordpress\/wp-json\/wp\/v2\/posts\/229813","targetHints":{"allow":["GET"]}}],"collection":[{"href":"https:\/\/www.radiopiu.net\/wordpress\/wp-json\/wp\/v2\/posts"}],"about":[{"href":"https:\/\/www.radiopiu.net\/wordpress\/wp-json\/wp\/v2\/types\/post"}],"author":[{"embeddable":true,"href":"https:\/\/www.radiopiu.net\/wordpress\/wp-json\/wp\/v2\/users\/4"}],"replies":[{"embeddable":true,"href":"https:\/\/www.radiopiu.net\/wordpress\/wp-json\/wp\/v2\/comments?post=229813"}],"version-history":[{"count":0,"href":"https:\/\/www.radiopiu.net\/wordpress\/wp-json\/wp\/v2\/posts\/229813\/revisions"}],"wp:featuredmedia":[{"embeddable":true,"href":"https:\/\/www.radiopiu.net\/wordpress\/wp-json\/wp\/v2\/media\/229871"}],"wp:attachment":[{"href":"https:\/\/www.radiopiu.net\/wordpress\/wp-json\/wp\/v2\/media?parent=229813"}],"wp:term":[{"taxonomy":"category","embeddable":true,"href":"https:\/\/www.radiopiu.net\/wordpress\/wp-json\/wp\/v2\/categories?post=229813"},{"taxonomy":"post_tag","embeddable":true,"href":"https:\/\/www.radiopiu.net\/wordpress\/wp-json\/wp\/v2\/tags?post=229813"}],"curies":[{"name":"wp","href":"https:\/\/api.w.org\/{rel}","templated":true}]}}