{"id":229947,"date":"2021-08-27T23:59:57","date_gmt":"2021-08-27T21:59:57","guid":{"rendered":"https:\/\/www.radiopiu.net\/wordpress\/?p=229947"},"modified":"2021-08-27T22:46:42","modified_gmt":"2021-08-27T20:46:42","slug":"deciso-da-marangoni-alessandro-coletti-il-nuovo-parroco-a-valle-venas-e-cibiana","status":"publish","type":"post","link":"https:\/\/www.radiopiu.net\/wordpress\/deciso-da-marangoni-alessandro-coletti-il-nuovo-parroco-a-valle-venas-e-cibiana\/","title":{"rendered":"DECISO DA MARANGONI: ALESSANDRO COLETTI IL NUOVO PARROCO A VALLE, VENAS E CIBIANA"},"content":{"rendered":"<p><strong>di Renato Bona<\/strong><\/p>\n<p>Il vescovo della diocesi di Belluno-Feltre monsignor Renato Marangoni ha deciso una serie di movimenti in diverse parrocchie. Ultimo in ordine di tempo &#8211; come riporta il sito \u201cchiesabellunofeltre\u201d &#8211; quello di don Sandro Coletti a capo delle tre parrocchie della Valle del Boite: Valle di Cadore, Venas e Cibiana, rimaste senza parroco a seguito della scomparsa di don Giuseppe Bortolas. Il presule ha voluto incontrare il Consiglio pastorale delle quattro realt\u00e0 feltrine: Seren del Grappa, Rasai, Valle, Caupo illustrando la sua iniziativa e invitando a \u201ccomprenderne le ragioni\u201d. Don Coletti, 38 anni, cadorino, era stato ordinato in cattedrale nel capoluogo il 14 giugno 2014 assumendo quindi l\u2019incarico di vicario parrocchiale a Sedico, Bribano e Roe fino al novembre di tre anni fa quando divenne parroco delle quattro realt\u00e0 feltrine. Ottenuta la licenza in diritto canonico nel febbraio scorso, \u00e8 componente dell\u2019\u00c9quipe diocesana per la tutela dei minori e dal 2019 assistente ecclesiastico degli scout Agesci per la zona di Belluno. Viene sostituito da don Robert Soccal quale parroco \u201cin solido\u201d con don Giuseppe Bernardi. Soccal, 53 anni, era stato ordinato a Belluno il 5 giugno del 1993 ed \u00e8 stato vicario parrocchiale a Longarone,vice direttore del centro di spiritualit\u00e0 \u201cPapa Luciani\u201d di Col Cumano a Santa Giustina, assistente degli universitari, incaricato per la Pastorale giovanile e insegnante di religione. Vanta anche un breve periodo da missionario \u201cfidei donum\u201d a Gaya nel Niger. Altra novit\u00e0: la parrocchia di Tisoi guidata da don Graziano Della Caneva \u00e8 stata affidata da Marangoni a don Giorgio Soccol che continua ad occuparsi anche delle realt\u00e0 di Orzes dove \u00e8 parroco dal 1999, e di Bolzano Bellunese che guida dal 2011. Tutto questo &#8211; viene precisato &#8211; in vista di una collaborazione che comprender\u00e0 anche la parrocchia e la fraternit\u00e0 francescana di Mussoi. Nato a Taibon Agordino nel 1953, Soccol era stato ordinato in cattedrale a Belluno nel 1977: per diversi anni \u00e8 stato a capo della Caritas diocesana. Nuovo mandato di ministero anche per la Valle di Zoldo dove don Paolo Arnoldo ha passato il testimone a don Roberto De Nardin dopo che monsignor Marangoni aveva anche in questo caso incontrato il Consiglio pastorale parrocchiale unitario delle 8 parrocchie della vallata e di Zopp\u00e8 di Cadore a cui aveva annunciato la novit\u00e0 con Arnoldo che lascia l\u2019incarico assunto nel 2017, dato che a breve compir\u00e0 7 6 anni, ma resta come vicario parrocchiale nella valle dove \u00e8 nato. Le otto parrocchie sono dunque affidate a don De Nardin, classe 1987. Originario della parrocchia di la Valle Agordina aveva studiato teologia nel seminario bellunese ed in quello di Anagni e venne ordinato presbitero il 30 maggio 2015 a Belluno. Dal 2016 \u00e8 segretario vescovile nonch\u00e9 direttore dell\u2019Ufficio diocesano di pastorale dei giovani: dal 2019 insegna religione a Belluno. Nel 2019 ha conseguito a Padova la licenza in teologia, equivalente della laurea civile. Viene annunciato nel servizio curato da \u201cDF\u201d sul sito telematico che De Nardin, aiutato dai vicari parrocchiali, in alcuni giorni della settimana sar\u00e0 ancora a Belluno per l\u2019insegnamento e continuer\u00e0 a guidare anche l\u2019Ufficio diocesano di pastorale dei giovani. \u201cMovimenti\u201d anche nell\u2019Alto Agordino e a Livinallongo del Col di Lana. Alle dieci comunit\u00e0 parrocchiali era infatti pervenuta nelle settimane passate una lettera in cui monsignor Renato Marangoni illustrava la ristrutturazione del servizio pastorale, invitando i diocesani \u201cad andare oltre il naturale avvicendamento che interessa alcune parrocchie, scorgendo la nuova istanza a cui la Chiesa universale \u00e8 chiamata, la sinodalit\u00e0, istanza che qui da noi si concreta nell\u2019esigenza di collaborare, condividendo anche il servizio di parroco. Questo \u00e8 un cammino che interesser\u00e0 tutte le comunit\u00e0 della diocesi\u201d. Ecco le novit\u00e0: don Dario Fontana, raggiunti i 77 anni d\u2019et\u00e0, lascia la guida delle comunit\u00e0 di Pieve di Livinallongo e di Arabba a don Andrea Constantini, proveniente dalle parrocchie bellunesi di Cavarzano e di Sargnano; don Francesco Di Stefano, che ha gi\u00e0 annunciato la destinazione a un nuovo servizio diocesano, lascia la parrocchia di Alleghe; la partenza di padre Pietro Viscolani dell\u2019ordine dei francescani minori segna la fine del servizio dei frati nelle parrocchie di Caprile e di Santa Maria delle Grazie. In queste comunit\u00e0 subentrano don Franco Decima e don Dario Fontana, rispettivamente come parroco e come vicario parrocchiale, mentre don Franco mantiene la cura di Rocca Pietore; don Renato Tasso, gi\u00e0 parroco alla \u201cDon Bosco\u201d del capoluogo prosegue il servizio di amministratore parrocchiale di Colle Santa Lucia, Selva di Cadore e Pescul; cos\u00ec anche padre Romeo Simonetti continua il suo servizio a Laste.Una sottolineatura che si legge nel sito diocesano: \u201cLa collaborazione tra tutte queste parrocchie sar\u00e0 sostenuta, oltre che dal ministero dei presbiteri ricordati, dal servizio pastorale che gi\u00e0 prestano le Discepole del Vangelo presenti nella curazia di San Giovanni, presso Arabba\u201d. Concludiamo ricordando che \u00e8 stata festa grande per don Umberto Antoniol, approdato al prestigioso traguardo dei 50 anni di vita sacerdotale: da Zorzoi, domenica 22 agosto 1921, al Boscariz, oggi, passando per: San Donato di Lamon, Foen di Feltre, Lamon, Pez e Cesiomaggiore. La comunit\u00e0 del Boscariz di Feltre lo ha festeggiato durante la messa nella quale il sacerdote, visibilmente commosso, ha ricordato i genitori Silvestro e Teresa e ringraziato tutti coloro che lo hanno coadiuvato, rammaricandosi \u201cper aver purtroppo celebrato pi\u00f9 funerali che battesimi\u201d, ma compiacendosi perch\u00e9 \u201cil Signore ci ha donato una vita nuova che vale la pena di essere vissuta\u201d.<\/p>\n\n\t\t\t<style type='text\/css'>\n\t\t\t\t#gallery-1 {\n\t\t\t\t\tmargin: auto;\n\t\t\t\t}\n\t\t\t\t#gallery-1 .gallery-item {\n\t\t\t\t\tfloat: left;\n\t\t\t\t\tmargin-top: 10px;\n\t\t\t\t\ttext-align: center;\n\t\t\t\t\twidth: 14%;\n\t\t\t\t}\n\t\t\t\t#gallery-1 img {\n\t\t\t\t\tborder: 2px solid #cfcfcf;\n\t\t\t\t}\n\t\t\t\t#gallery-1 .gallery-caption {\n\t\t\t\t\tmargin-left: 0;\n\t\t\t\t}\n\t\t\t\t\/* see gallery_shortcode() in wp-includes\/media.php *\/\n\t\t\t<\/style>\n\t\t<div id='gallery-1' class='dt-gallery-container gallery galleryid-229947 gallery-columns-7 gallery-size-thumbnail'><dl class='gallery-item'>\n\t\t\t\t<dt class='gallery-icon landscape'>\n\t\t\t\t\t<a class=\"rollover rollover-zoom dt-pswp-item\" title=\"240789611_882420059049230_6815951136636018447_n\" data-dt-img-description=\"\" data-large_image_width=\"150\" data-large_image_height=\"150\"href='https:\/\/www.radiopiu.net\/wordpress\/wp-content\/uploads\/2021\/08\/240789611_882420059049230_6815951136636018447_n.jpg'><img loading=\"lazy\" decoding=\"async\" width=\"150\" height=\"150\" src=\"https:\/\/www.radiopiu.net\/wordpress\/wp-content\/uploads\/2021\/08\/240789611_882420059049230_6815951136636018447_n.jpg\" class=\"attachment-thumbnail size-thumbnail\" alt=\"\" \/><\/a>\n\t\t\t\t<\/dt><\/dl><dl class='gallery-item'>\n\t\t\t\t<dt class='gallery-icon landscape'>\n\t\t\t\t\t<a class=\"rollover rollover-zoom dt-pswp-item\" title=\"240567913_432138594809725_260769646126256791_n\" data-dt-img-description=\"\" data-large_image_width=\"150\" data-large_image_height=\"150\"href='https:\/\/www.radiopiu.net\/wordpress\/wp-content\/uploads\/2021\/08\/240567913_432138594809725_260769646126256791_n.jpg'><img loading=\"lazy\" decoding=\"async\" width=\"150\" height=\"150\" src=\"https:\/\/www.radiopiu.net\/wordpress\/wp-content\/uploads\/2021\/08\/240567913_432138594809725_260769646126256791_n.jpg\" class=\"attachment-thumbnail size-thumbnail\" alt=\"\" \/><\/a>\n\t\t\t\t<\/dt><\/dl><dl class='gallery-item'>\n\t\t\t\t<dt class='gallery-icon landscape'>\n\t\t\t\t\t<a class=\"rollover rollover-zoom dt-pswp-item\" title=\"240642911_361668505448694_4096028354605593528_n\" data-dt-img-description=\"\" data-large_image_width=\"150\" data-large_image_height=\"150\"href='https:\/\/www.radiopiu.net\/wordpress\/wp-content\/uploads\/2021\/08\/240642911_361668505448694_4096028354605593528_n.jpg'><img loading=\"lazy\" decoding=\"async\" width=\"150\" height=\"150\" src=\"https:\/\/www.radiopiu.net\/wordpress\/wp-content\/uploads\/2021\/08\/240642911_361668505448694_4096028354605593528_n.jpg\" class=\"attachment-thumbnail size-thumbnail\" alt=\"\" \/><\/a>\n\t\t\t\t<\/dt><\/dl><dl class='gallery-item'>\n\t\t\t\t<dt class='gallery-icon portrait'>\n\t\t\t\t\t<a class=\"rollover rollover-zoom dt-pswp-item\" title=\"239390482_701941190780068_7618575516850231354_n\" data-dt-img-description=\"\" data-large_image_width=\"136\" data-large_image_height=\"139\"href='https:\/\/www.radiopiu.net\/wordpress\/wp-content\/uploads\/2021\/08\/239390482_701941190780068_7618575516850231354_n.png'><img loading=\"lazy\" decoding=\"async\" width=\"136\" height=\"139\" src=\"https:\/\/www.radiopiu.net\/wordpress\/wp-content\/uploads\/2021\/08\/239390482_701941190780068_7618575516850231354_n.png\" class=\"attachment-thumbnail size-thumbnail\" alt=\"\" \/><\/a>\n\t\t\t\t<\/dt><\/dl><dl class='gallery-item'>\n\t\t\t\t<dt class='gallery-icon landscape'>\n\t\t\t\t\t<a class=\"rollover rollover-zoom dt-pswp-item\" title=\"240786416_594463904890247_3042769150483430919_n\" data-dt-img-description=\"\" data-large_image_width=\"137\" data-large_image_height=\"137\"href='https:\/\/www.radiopiu.net\/wordpress\/wp-content\/uploads\/2021\/08\/240786416_594463904890247_3042769150483430919_n.png'><img loading=\"lazy\" decoding=\"async\" width=\"137\" height=\"137\" src=\"https:\/\/www.radiopiu.net\/wordpress\/wp-content\/uploads\/2021\/08\/240786416_594463904890247_3042769150483430919_n.png\" class=\"attachment-thumbnail size-thumbnail\" alt=\"\" \/><\/a>\n\t\t\t\t<\/dt><\/dl><dl class='gallery-item'>\n\t\t\t\t<dt class='gallery-icon portrait'>\n\t\t\t\t\t<a class=\"rollover rollover-zoom dt-pswp-item\" title=\"240796021_378257873659829_213941763515611181_n\" data-dt-img-description=\"\" data-large_image_width=\"350\" data-large_image_height=\"403\"href='https:\/\/www.radiopiu.net\/wordpress\/wp-content\/uploads\/2021\/08\/240796021_378257873659829_213941763515611181_n.jpg'><img loading=\"lazy\" decoding=\"async\" width=\"150\" height=\"150\" src=\"https:\/\/www.radiopiu.net\/wordpress\/wp-content\/uploads\/2021\/08\/240796021_378257873659829_213941763515611181_n-150x150.jpg\" class=\"attachment-thumbnail size-thumbnail\" alt=\"\" \/><\/a>\n\t\t\t\t<\/dt><\/dl><dl class='gallery-item'>\n\t\t\t\t<dt class='gallery-icon portrait'>\n\t\t\t\t\t<a class=\"rollover rollover-zoom dt-pswp-item\" title=\"240677451_807186319973150_6504786758131213824_n\" data-dt-img-description=\"\" data-large_image_width=\"157\" data-large_image_height=\"164\"href='https:\/\/www.radiopiu.net\/wordpress\/wp-content\/uploads\/2021\/08\/240677451_807186319973150_6504786758131213824_n.jpg'><img loading=\"lazy\" decoding=\"async\" width=\"150\" height=\"150\" src=\"https:\/\/www.radiopiu.net\/wordpress\/wp-content\/uploads\/2021\/08\/240677451_807186319973150_6504786758131213824_n-150x150.jpg\" class=\"attachment-thumbnail size-thumbnail\" alt=\"\" \/><\/a>\n\t\t\t\t<\/dt><\/dl><br style=\"clear: both\" \/><dl class='gallery-item'>\n\t\t\t\t<dt class='gallery-icon landscape'>\n\t\t\t\t\t<a class=\"rollover rollover-zoom dt-pswp-item\" title=\"240809335_2676315909331321_6848967449708366413_n\" data-dt-img-description=\"\" data-large_image_width=\"607\" data-large_image_height=\"403\"href='https:\/\/www.radiopiu.net\/wordpress\/wp-content\/uploads\/2021\/08\/240809335_2676315909331321_6848967449708366413_n.jpg'><img loading=\"lazy\" decoding=\"async\" width=\"150\" height=\"150\" src=\"https:\/\/www.radiopiu.net\/wordpress\/wp-content\/uploads\/2021\/08\/240809335_2676315909331321_6848967449708366413_n-150x150.jpg\" class=\"attachment-thumbnail size-thumbnail\" alt=\"\" \/><\/a>\n\t\t\t\t<\/dt><\/dl><dl class='gallery-item'>\n\t\t\t\t<dt class='gallery-icon portrait'>\n\t\t\t\t\t<a class=\"rollover rollover-zoom dt-pswp-item\" title=\"240742902_986662038845960_7823352504558137627_n\" data-dt-img-description=\"\" data-large_image_width=\"365\" data-large_image_height=\"403\"href='https:\/\/www.radiopiu.net\/wordpress\/wp-content\/uploads\/2021\/08\/240742902_986662038845960_7823352504558137627_n.png'><img loading=\"lazy\" decoding=\"async\" width=\"150\" height=\"150\" src=\"https:\/\/www.radiopiu.net\/wordpress\/wp-content\/uploads\/2021\/08\/240742902_986662038845960_7823352504558137627_n-150x150.png\" class=\"attachment-thumbnail size-thumbnail\" alt=\"\" \/><\/a>\n\t\t\t\t<\/dt><\/dl><dl class='gallery-item'>\n\t\t\t\t<dt class='gallery-icon portrait'>\n\t\t\t\t\t<a class=\"rollover rollover-zoom dt-pswp-item\" title=\"240756998_210413927771915_8981920060280609257_n\" data-dt-img-description=\"\" data-large_image_width=\"301\" data-large_image_height=\"417\"href='https:\/\/www.radiopiu.net\/wordpress\/wp-content\/uploads\/2021\/08\/240756998_210413927771915_8981920060280609257_n.png'><img loading=\"lazy\" decoding=\"async\" width=\"150\" height=\"150\" src=\"https:\/\/www.radiopiu.net\/wordpress\/wp-content\/uploads\/2021\/08\/240756998_210413927771915_8981920060280609257_n-150x150.png\" class=\"attachment-thumbnail size-thumbnail\" alt=\"\" \/><\/a>\n\t\t\t\t<\/dt><\/dl><dl class='gallery-item'>\n\t\t\t\t<dt class='gallery-icon portrait'>\n\t\t\t\t\t<a class=\"rollover rollover-zoom dt-pswp-item\" title=\"240811800_277047017562521_4850200608751974896_n\" data-dt-img-description=\"\" data-large_image_width=\"269\" data-large_image_height=\"424\"href='https:\/\/www.radiopiu.net\/wordpress\/wp-content\/uploads\/2021\/08\/240811800_277047017562521_4850200608751974896_n.png'><img loading=\"lazy\" decoding=\"async\" width=\"150\" height=\"150\" src=\"https:\/\/www.radiopiu.net\/wordpress\/wp-content\/uploads\/2021\/08\/240811800_277047017562521_4850200608751974896_n-150x150.png\" class=\"attachment-thumbnail size-thumbnail\" alt=\"\" \/><\/a>\n\t\t\t\t<\/dt><\/dl><dl class='gallery-item'>\n\t\t\t\t<dt class='gallery-icon portrait'>\n\t\t\t\t\t<a class=\"rollover rollover-zoom dt-pswp-item\" title=\"240788944_207087354788118_6455645249873880346_n\" data-dt-img-description=\"\" data-large_image_width=\"253\" data-large_image_height=\"402\"href='https:\/\/www.radiopiu.net\/wordpress\/wp-content\/uploads\/2021\/08\/240788944_207087354788118_6455645249873880346_n.png'><img loading=\"lazy\" decoding=\"async\" width=\"150\" height=\"150\" src=\"https:\/\/www.radiopiu.net\/wordpress\/wp-content\/uploads\/2021\/08\/240788944_207087354788118_6455645249873880346_n-150x150.png\" class=\"attachment-thumbnail size-thumbnail\" alt=\"\" \/><\/a>\n\t\t\t\t<\/dt><\/dl><dl class='gallery-item'>\n\t\t\t\t<dt class='gallery-icon landscape'>\n\t\t\t\t\t<a class=\"rollover rollover-zoom dt-pswp-item\" title=\"236572081_1997617060385457_3645949217268519701_n\" data-dt-img-description=\"\" data-large_image_width=\"537\" data-large_image_height=\"403\"href='https:\/\/www.radiopiu.net\/wordpress\/wp-content\/uploads\/2021\/08\/236572081_1997617060385457_3645949217268519701_n.png'><img loading=\"lazy\" decoding=\"async\" width=\"150\" height=\"150\" src=\"https:\/\/www.radiopiu.net\/wordpress\/wp-content\/uploads\/2021\/08\/236572081_1997617060385457_3645949217268519701_n-150x150.png\" class=\"attachment-thumbnail size-thumbnail\" alt=\"\" \/><\/a>\n\t\t\t\t<\/dt><\/dl><dl class='gallery-item'>\n\t\t\t\t<dt class='gallery-icon landscape'>\n\t\t\t\t\t<a class=\"rollover rollover-zoom dt-pswp-item\" title=\"240802903_1970504909766080_2681757617354202632_n\" data-dt-img-description=\"\" data-large_image_width=\"559\" data-large_image_height=\"403\"href='https:\/\/www.radiopiu.net\/wordpress\/wp-content\/uploads\/2021\/08\/240802903_1970504909766080_2681757617354202632_n.png'><img loading=\"lazy\" decoding=\"async\" width=\"150\" height=\"150\" src=\"https:\/\/www.radiopiu.net\/wordpress\/wp-content\/uploads\/2021\/08\/240802903_1970504909766080_2681757617354202632_n-150x150.png\" class=\"attachment-thumbnail size-thumbnail\" alt=\"\" \/><\/a>\n\t\t\t\t<\/dt><\/dl><br style=\"clear: both\" \/>\n\t\t\t<\/div>\n\n<p>NELLE FOTO (sito \u201cchiesabellunofeltre\u201d, Telebelluno, Voci di Cortina): don Alessandro Coletti; don Robert Soccal; don Giorgio Soccol; don Paolo Arnoldo; don Roberto De Nardin; don Andrea Costantini; don Dario Fontana; don Umberto Antoniol in due momenti della festa del 50. di sacerdozio; chiesa di Tisoi; chiesa di Valle; chiesa di Seren; chiesa di Pieve di Livinallongo; chiesa in Zoldo.<\/p>\n","protected":false},"excerpt":{"rendered":"<p>di Renato Bona Il vescovo della diocesi di Belluno-Feltre monsignor Renato Marangoni ha deciso una serie di movimenti in diverse parrocchie. Ultimo in ordine di tempo &#8211; come riporta il sito \u201cchiesabellunofeltre\u201d &#8211; quello di don Sandro Coletti a capo delle tre parrocchie della Valle del Boite: Valle di Cadore, Venas e Cibiana, rimaste senza&hellip;<\/p>\n","protected":false},"author":4,"featured_media":229961,"comment_status":"closed","ping_status":"open","sticky":false,"template":"","format":"standard","meta":{"_monsterinsights_skip_tracking":false,"_monsterinsights_sitenote_active":false,"_monsterinsights_sitenote_note":"","_monsterinsights_sitenote_category":0,"footnotes":""},"categories":[49],"tags":[],"class_list":["post-229947","post","type-post","status-publish","format-standard","has-post-thumbnail","hentry","category-news-18","category-49","description-off"],"img_url":"https:\/\/www.radiopiu.net\/wordpress\/wp-content\/uploads\/2021\/08\/240802903_1970504909766080_2681757617354202632_n.png","_links":{"self":[{"href":"https:\/\/www.radiopiu.net\/wordpress\/wp-json\/wp\/v2\/posts\/229947","targetHints":{"allow":["GET"]}}],"collection":[{"href":"https:\/\/www.radiopiu.net\/wordpress\/wp-json\/wp\/v2\/posts"}],"about":[{"href":"https:\/\/www.radiopiu.net\/wordpress\/wp-json\/wp\/v2\/types\/post"}],"author":[{"embeddable":true,"href":"https:\/\/www.radiopiu.net\/wordpress\/wp-json\/wp\/v2\/users\/4"}],"replies":[{"embeddable":true,"href":"https:\/\/www.radiopiu.net\/wordpress\/wp-json\/wp\/v2\/comments?post=229947"}],"version-history":[{"count":0,"href":"https:\/\/www.radiopiu.net\/wordpress\/wp-json\/wp\/v2\/posts\/229947\/revisions"}],"wp:featuredmedia":[{"embeddable":true,"href":"https:\/\/www.radiopiu.net\/wordpress\/wp-json\/wp\/v2\/media\/229961"}],"wp:attachment":[{"href":"https:\/\/www.radiopiu.net\/wordpress\/wp-json\/wp\/v2\/media?parent=229947"}],"wp:term":[{"taxonomy":"category","embeddable":true,"href":"https:\/\/www.radiopiu.net\/wordpress\/wp-json\/wp\/v2\/categories?post=229947"},{"taxonomy":"post_tag","embeddable":true,"href":"https:\/\/www.radiopiu.net\/wordpress\/wp-json\/wp\/v2\/tags?post=229947"}],"curies":[{"name":"wp","href":"https:\/\/api.w.org\/{rel}","templated":true}]}}