{"id":229977,"date":"2021-08-28T10:39:49","date_gmt":"2021-08-28T08:39:49","guid":{"rendered":"https:\/\/www.radiopiu.net\/wordpress\/?p=229977"},"modified":"2021-08-28T10:39:49","modified_gmt":"2021-08-28T08:39:49","slug":"le-piccole-imprese-pagano-lenergia-il-doppio-e-il-gas-il-178-in-piu-delle-grandi-veneto-regione-piu-penalizzata","status":"publish","type":"post","link":"https:\/\/www.radiopiu.net\/wordpress\/le-piccole-imprese-pagano-lenergia-il-doppio-e-il-gas-il-178-in-piu-delle-grandi-veneto-regione-piu-penalizzata\/","title":{"rendered":"LE PICCOLE IMPRESE PAGANO L\u2019ENERGIA IL DOPPIO E IL GAS IL 178% IN PI\u00d9 DELLE GRANDI. VENETO REGIONE PIU\u2019 PENALIZZATA"},"content":{"rendered":"<p>Il nostro, purtroppo, non \u00e8 un Paese a misura di piccole imprese. A ribadirlo ancora una volta \u00e8 l\u2019Ufficio studi della CGIA. Anche in merito alle tariffe di luce e gas, l\u2019esito che emerge dal confronto con le grandi industrie \u00e8 impietoso. Per quanto concerne l\u2019energia elettrica, le nostre piccole aziende pagano mediamente 151,4 euro ogni 1.000 kWh consumati (Iva esclusa) contro i 77 euro ogni 1.000 kWh delle grandi, praticamente quasi il doppio (per la precisone il 96,6 per cento in pi\u00f9) (vedi Tab. 1). In riferimento al gas, invece, il <a class=\"dt-pswp-item\" href=\"https:\/\/www.radiopiu.net\/wordpress\/wp-content\/uploads\/2021\/08\/Schermata-2021-08-28-alle-10.35.34.png\" data-dt-img-description=\"\" data-large_image_width=\"1180\" data-large_image_height=\"500\"><img loading=\"lazy\" decoding=\"async\" class=\"alignleft size-medium wp-image-229981\" src=\"https:\/\/www.radiopiu.net\/wordpress\/wp-content\/uploads\/2021\/08\/Schermata-2021-08-28-alle-10.35.34-300x127.png\" alt=\"\" width=\"300\" height=\"127\" srcset=\"https:\/\/www.radiopiu.net\/wordpress\/wp-content\/uploads\/2021\/08\/Schermata-2021-08-28-alle-10.35.34-300x127.png 300w, https:\/\/www.radiopiu.net\/wordpress\/wp-content\/uploads\/2021\/08\/Schermata-2021-08-28-alle-10.35.34-1024x434.png 1024w, https:\/\/www.radiopiu.net\/wordpress\/wp-content\/uploads\/2021\/08\/Schermata-2021-08-28-alle-10.35.34-768x325.png 768w, https:\/\/www.radiopiu.net\/wordpress\/wp-content\/uploads\/2021\/08\/Schermata-2021-08-28-alle-10.35.34.png 1180w\" sizes=\"auto, (max-width: 300px) 100vw, 300px\" \/><\/a>divario \u00e8 ancor pi\u00f9 pesante. A fronte di un costo medio in capo alle piccole imprese di 59 euro ogni 1.000 kWh (Iva esclusa), alle grandi aziende viene applicata una tariffa media di 21,2 euro ogni 1.000 kWh. In buona sostanza, le prime pagano addirittura il 178 per cento in pi\u00f9 delle seconde (vedi Tab. 2). In nessun altro paese dell\u2019Area euro c\u2019\u00e8 un disallineamento delle tariffe energetiche cos\u00ec elevato tra queste due classi dimensionali. E il peso di tale disallineamento sul sistema produttivo nazionale risulta evidente se si considera che il 99,5 per cento circa delle aziende \u00e8 di piccola dimensione (meno di 50 addetti) e d\u00e0 lavoro, al netto del pubblico impiego, al 65 per cento degli italiani.<\/p>\n<p><img loading=\"lazy\" decoding=\"async\" class=\"alignleft size-medium wp-image-229980\" src=\"https:\/\/www.radiopiu.net\/wordpress\/wp-content\/uploads\/2021\/08\/Schermata-2021-08-28-alle-10.35.46-300x114.png\" alt=\"\" width=\"300\" height=\"114\" srcset=\"https:\/\/www.radiopiu.net\/wordpress\/wp-content\/uploads\/2021\/08\/Schermata-2021-08-28-alle-10.35.46-300x114.png 300w, https:\/\/www.radiopiu.net\/wordpress\/wp-content\/uploads\/2021\/08\/Schermata-2021-08-28-alle-10.35.46-1024x391.png 1024w, https:\/\/www.radiopiu.net\/wordpress\/wp-content\/uploads\/2021\/08\/Schermata-2021-08-28-alle-10.35.46-768x293.png 768w, https:\/\/www.radiopiu.net\/wordpress\/wp-content\/uploads\/2021\/08\/Schermata-2021-08-28-alle-10.35.46.png 1138w\" sizes=\"auto, (max-width: 300px) 100vw, 300px\" \/><\/p>\n<p><strong>Il Veneto \u00e8 tra le realt\u00e0 pi\u00f9 penalizzate<\/strong><br \/>\nL\u2019Ufficio studi della CGIA sottolinea che in un Paese di nani \u00e8 lo spilungone a rappresentare l\u2019eccezione. In Italia, invece, succede il contrario. Nonostante il 98 per cento delle nostre aziende abbia meno di 20 addetti, la legislazione \u00e8 calibrata solo sulle grandi imprese.<br \/>\nL\u2019energia, il fisco, il credito e la burocrazia dovrebbero agevolare la vita delle Pmi, invece sono la causa dell\u2019angoscia che tantissimi padroncini vivono ogni giorno. Tali criticit\u00e0 sono sentite soprattutto nel Veneto; sia perch\u00e9 siamo la regione che ha il pi\u00f9 alto numero di piccole imprese sia perch\u00e8 abbiamo un\u2019altissima vocazione all\u2019export. Quest\u2019ultima specificit\u00e0, infatti, obbliga il nostro sistema produttivo a misurarsi ogni giorno con concorrenti stranieri che queste difficolt\u00e0 non sanno nemmeno cosa siano. Anzi, per loro \u00e8 normale che il proprio sistema Paese, soprattutto nelle fasi di difficolt\u00e0 come queste, sia di appoggio e di sostegno alle aziende, cosa che, purtroppo, da noi non accade.<\/p>\n<p><strong>Bolletta elettrica pi\u00f9 leggera per le grandi, tanto a pa<\/strong><\/p>\n<p><strong>gare sono i piccoli<\/strong><br \/>\nIn merito alle tariffe dell\u2019energia elettrica, ad aver aumentato lo storico differenziale tra piccole e grandi imprese ha contribuito l\u2019entrata in vigore, dal primo gennaio 2018, della riforma degli energivori. L\u2019effetto prodotto da questa novit\u00e0 legislativa, che prevede un costo agevolato dell\u2019energia elettrica per le grandi industrie, di fatto ha azzerato a queste ultime la voce \u201cOneri e Imposte\u201d, ridistribuendola a carico di tutte le altre categorie di imprese escluse dalle agevolazioni. Per quanto concerne il gas, invece, il divario tariffario \u00e8 riconducibile al fatto che tutte le grandi imprese ricevono dai fornitori delle offerte personalizzate con un prezzo stabilito su misura e sulla base delle proprie necessit\u00e0. Pertanto, in sede di trattativa, il peso dei consumi \u00e8 determinante per \u201cstrappare\u201d al fornitore una tariffa molto vantaggiosa. Possibilit\u00e0 che, ovviamente, alle piccole imprese \u00e8 preclusa. Va altres\u00ec ricordato che nel mercato libero le offerte di prezzo possono interessare solo la componente energia; le altre voci di spesa &#8211; come le spese di trasporto, gli oneri di sistema, la gestione del contatore etc. &#8211; sono stabilite periodicamente dall\u2019Autorit\u00e0 per l\u2019Energia e sono uguali per tutti i fornitori.<\/p>\n<p><strong>Abbiamo le tariffe p<\/strong><\/p>\n<p><img loading=\"lazy\" decoding=\"async\" class=\"alignleft size-medium wp-image-229979\" src=\"https:\/\/www.radiopiu.net\/wordpress\/wp-content\/uploads\/2021\/08\/Schermata-2021-08-28-alle-10.36.10-256x300.png\" alt=\"\" width=\"256\" height=\"300\" srcset=\"https:\/\/www.radiopiu.net\/wordpress\/wp-content\/uploads\/2021\/08\/Schermata-2021-08-28-alle-10.36.10-256x300.png 256w, https:\/\/www.radiopiu.net\/wordpress\/wp-content\/uploads\/2021\/08\/Schermata-2021-08-28-alle-10.36.10-874x1024.png 874w, https:\/\/www.radiopiu.net\/wordpress\/wp-content\/uploads\/2021\/08\/Schermata-2021-08-28-alle-10.36.10-768x900.png 768w, https:\/\/www.radiopiu.net\/wordpress\/wp-content\/uploads\/2021\/08\/Schermata-2021-08-28-alle-10.36.10.png 1138w\" sizes=\"auto, (max-width: 256px) 100vw, 256px\" \/><\/p>\n<p><strong>i\u00f9 care d\u2019Europa, pesano le tasse<\/strong><br \/>\nFocalizzando l\u2019attenzione solo sulle piccole imprese, dal confronto con le omologhe realt\u00e0 produttive europee, emerge che in Italia i costi energetici sono tra i pi\u00f9 elevati. Tra tutti i paesi dell\u2019Area euro, infatti, solo in Germania il costo della bolletta della luce \u00e8 superiore al nostro del 16,7 per cento. Rispetto alla media europea, invece, i nostri piccoli imprenditori pagano mediamente il 12,1 per cento in pi\u00f9 (vedi Tab. 3). Quando analizziamo il costo del gas, invece, tra i Paesi dell\u2019Area euro le Pmi italiane sono al terzo posto (dopo Finlandia e Portogallo) per la tariffa pi\u00f9 elevata. Se, come abbiamo riportato pi\u00f9 sopra, quella mediamente applicata nel nostro Paese per ogni 1.000 kWh (Iva esclusa) consumati \u00e8 pari a 59 euro, registriamo una variazione di prezzo rispetto alla media dei paesi che utilizzano la moneta unica del +15,5 per cento (vedi Tab. 4). Assieme all\u2019andamento del costo della materia prima, la componente fiscale \u00e8 l\u2019altra voce che contribuisce in maniera determinante ad innalzare il costo delle tariffe. Per la bolletta elettrica, ad esempio, in Italia il 50 per cento del costo totale \u00e8 riconducibile a tasse e oneri: la media dell\u2019Area euro, invece, \u00e8 del 48 per cento. Per il gas, invece, se nel nostro Paese l\u2019incidenza percentuale della tassazione sul costo totale a carico delle piccole aziende \u00e8 del 36 per cento, nell\u2019Area euro si attesta attorno al 34 per cento.<\/p>\n<p><img loading=\"lazy\" decoding=\"async\" class=\"alignleft size-medium wp-image-229978\" src=\"https:\/\/www.radiopiu.net\/wordpress\/wp-content\/uploads\/2021\/08\/Schermata-2021-08-28-alle-10.36.23-300x300.png\" alt=\"\" width=\"300\" height=\"300\" srcset=\"https:\/\/www.radiopiu.net\/wordpress\/wp-content\/uploads\/2021\/08\/Schermata-2021-08-28-alle-10.36.23-300x300.png 300w, https:\/\/www.radiopiu.net\/wordpress\/wp-content\/uploads\/2021\/08\/Schermata-2021-08-28-alle-10.36.23-1022x1024.png 1022w, https:\/\/www.radiopiu.net\/wordpress\/wp-content\/uploads\/2021\/08\/Schermata-2021-08-28-alle-10.36.23-150x150.png 150w, https:\/\/www.radiopiu.net\/wordpress\/wp-content\/uploads\/2021\/08\/Schermata-2021-08-28-alle-10.36.23-768x769.png 768w, https:\/\/www.radiopiu.net\/wordpress\/wp-content\/uploads\/2021\/08\/Schermata-2021-08-28-alle-10.36.23.png 1138w\" sizes=\"auto, (max-width: 300px) 100vw, 300px\" \/><\/p>\n","protected":false},"excerpt":{"rendered":"<p>Il nostro, purtroppo, non \u00e8 un Paese a misura di piccole imprese. A ribadirlo ancora una volta \u00e8 l\u2019Ufficio studi della CGIA. Anche in merito alle tariffe di luce e gas, l\u2019esito che emerge dal confronto con le grandi industrie \u00e8 impietoso. Per quanto concerne l\u2019energia elettrica, le nostre piccole aziende pagano mediamente 151,4 euro&hellip;<\/p>\n","protected":false},"author":2,"featured_media":229982,"comment_status":"closed","ping_status":"open","sticky":false,"template":"","format":"standard","meta":{"_monsterinsights_skip_tracking":false,"_monsterinsights_sitenote_active":false,"_monsterinsights_sitenote_note":"","_monsterinsights_sitenote_category":0,"footnotes":""},"categories":[49],"tags":[],"class_list":["post-229977","post","type-post","status-publish","format-standard","has-post-thumbnail","hentry","category-news-18","category-49","description-off"],"img_url":"https:\/\/www.radiopiu.net\/wordpress\/wp-content\/uploads\/2021\/08\/energia.jpg","_links":{"self":[{"href":"https:\/\/www.radiopiu.net\/wordpress\/wp-json\/wp\/v2\/posts\/229977","targetHints":{"allow":["GET"]}}],"collection":[{"href":"https:\/\/www.radiopiu.net\/wordpress\/wp-json\/wp\/v2\/posts"}],"about":[{"href":"https:\/\/www.radiopiu.net\/wordpress\/wp-json\/wp\/v2\/types\/post"}],"author":[{"embeddable":true,"href":"https:\/\/www.radiopiu.net\/wordpress\/wp-json\/wp\/v2\/users\/2"}],"replies":[{"embeddable":true,"href":"https:\/\/www.radiopiu.net\/wordpress\/wp-json\/wp\/v2\/comments?post=229977"}],"version-history":[{"count":0,"href":"https:\/\/www.radiopiu.net\/wordpress\/wp-json\/wp\/v2\/posts\/229977\/revisions"}],"wp:featuredmedia":[{"embeddable":true,"href":"https:\/\/www.radiopiu.net\/wordpress\/wp-json\/wp\/v2\/media\/229982"}],"wp:attachment":[{"href":"https:\/\/www.radiopiu.net\/wordpress\/wp-json\/wp\/v2\/media?parent=229977"}],"wp:term":[{"taxonomy":"category","embeddable":true,"href":"https:\/\/www.radiopiu.net\/wordpress\/wp-json\/wp\/v2\/categories?post=229977"},{"taxonomy":"post_tag","embeddable":true,"href":"https:\/\/www.radiopiu.net\/wordpress\/wp-json\/wp\/v2\/tags?post=229977"}],"curies":[{"name":"wp","href":"https:\/\/api.w.org\/{rel}","templated":true}]}}