{"id":229993,"date":"2021-08-30T06:01:43","date_gmt":"2021-08-30T04:01:43","guid":{"rendered":"https:\/\/www.radiopiu.net\/wordpress\/?p=229993"},"modified":"2021-08-30T06:06:22","modified_gmt":"2021-08-30T04:06:22","slug":"giornale-radiopiu-30-agosto-2021-direttore-mirko-mezzacasa","status":"publish","type":"post","link":"https:\/\/www.radiopiu.net\/wordpress\/giornale-radiopiu-30-agosto-2021-direttore-mirko-mezzacasa\/","title":{"rendered":"GIORNALE RADIOPIU 30 AGOSTO 2021 DIRETTORE MIRKO MEZZACASA"},"content":{"rendered":"<blockquote>\n<h3>COMPRIAMO UNA MACCHINA ATTREZZATA PER RICCARDO<\/h3>\n<\/blockquote>\n<p><strong><a href=\"https:\/\/www.radiopiu.net\/wordpress\/compriamo-una-macchina-attrezzata-per-riccardo\/1626340291137881-img-20210714-wa0025\/\" rel=\"attachment wp-att-224370\"><img loading=\"lazy\" decoding=\"async\" class=\"size-medium wp-image-224370 alignleft\" src=\"https:\/\/www.radiopiu.net\/wordpress\/wp-content\/uploads\/2021\/07\/1626340291137881-IMG-20210714-WA0025-169x300.jpg\" sizes=\"auto, (max-width: 169px) 100vw, 169px\" srcset=\"https:\/\/www.radiopiu.net\/wordpress\/wp-content\/uploads\/2021\/07\/1626340291137881-IMG-20210714-WA0025-169x300.jpg 169w, https:\/\/www.radiopiu.net\/wordpress\/wp-content\/uploads\/2021\/07\/1626340291137881-IMG-20210714-WA0025-576x1024.jpg 576w, https:\/\/www.radiopiu.net\/wordpress\/wp-content\/uploads\/2021\/07\/1626340291137881-IMG-20210714-WA0025-768x1365.jpg 768w, https:\/\/www.radiopiu.net\/wordpress\/wp-content\/uploads\/2021\/07\/1626340291137881-IMG-20210714-WA0025.jpg 800w\" alt=\"\" width=\"169\" height=\"300\" \/><\/a>SOSPIROLO<\/strong>\u00a0Radio Pi\u00f9 appoggia l\u2019iniziativa di\u00a0 Agostino Tegner il pap\u00e0 di Riccardo, poche parole le sue ma piene di significato<em>\u00a0\u201cIo e mia moglie stiamo invecchiando e non riusciamo pi\u00f9\u00a0<img loading=\"lazy\" decoding=\"async\" class=\"alignright\" src=\"https:\/\/www.radiopiu.net\/wordpress\/wp-content\/uploads\/2021\/07\/1626451699105964-locandina-riccardo.jpg\" width=\"297\" height=\"167\" \/>a trasportare come si deve il nostro ragazzo, che necessita di una macchina attrezzata con un piano ribassato con pedana\u201d.<\/em><\/p>\n<p>Per questo ha avuto inizio la raccolta fondi che si prefigge lo scopo di raccogliere 35.000 euro entro fine agosto. Ad oggi sono stati versati i primi <span style=\"color: #ff0000;\">21.420<\/span>\u00a0euro, per farlo \u00e8 semplice\u00a0<strong><a href=\"https:\/\/www.eppela.com\/it\/projects\/31001-compriamo-una-macchina-attrezzata-per-riccardo\">clicca qui\u00a0<\/a><\/strong><\/p>\n<blockquote><p><em>Riccardo \u00e8 un simpatico ragazzino di 15 anni che vive sulle montagne di Sospirolo. Sempre sorridente e circondato dall\u2019affetto dei suoi cari, Riccardo \u00e8 per\u00f2 costretto a stare sulla sedia a rotelle a causa della distrofia muscolare di Duchenne, di cui \u00e8 affetto dalla nascita.\u00a0 I genitori, dopo anni di sacrifici, hanno deciso di acquistare un\u2019auto munita di pedana per poter trasportare il figlio in modo pi\u00f9 comodo, pratico e sicuro, soprattutto adesso che sta crescendo e il peso \u2013 per i due genitori che stanno diventando anziani \u2013 si fa sempre pi\u00f9 sentire.\u00a0<\/em><\/p><\/blockquote>\n<p>&nbsp;<\/p>\n<blockquote>\n<h1>I DATI PER IL BONIFICO<\/h1>\n<p><a class=\"dt-pswp-item\" href=\"https:\/\/www.radiopiu.net\/wordpress\/wp-content\/uploads\/2021\/08\/WhatsApp-Image-2021-08-26-at-10.39.59.jpeg\" data-dt-img-description=\"\" data-large_image_width=\"1096\" data-large_image_height=\"430\"><img loading=\"lazy\" decoding=\"async\" class=\"alignnone wp-image-229682 size-full\" src=\"https:\/\/www.radiopiu.net\/wordpress\/wp-content\/uploads\/2021\/08\/WhatsApp-Image-2021-08-26-at-10.39.59.jpeg\" alt=\"\" width=\"1096\" height=\"430\" \/><\/a><\/p><\/blockquote>\n<p>&nbsp;<\/p>\n<hr \/>\n<p>&nbsp;<\/p>\n<h2 style=\"text-align: center;\"><span style=\"color: #993300;\">FALCADE DA IL BENVENUTO ALLA UMANA REYER FEMMINILE<\/span><\/h2>\n<p><a href=\"https:\/\/www.radiopiu.net\/wordpress\/giornale-radiopiu-30-agosto-2021-direttore-mirko-mezzacasa\/b03c597d-fd81-468d-8bfd-24ef36a5a3ab\/\" rel=\"attachment wp-att-230163\"><img loading=\"lazy\" decoding=\"async\" class=\" wp-image-230163 aligncenter\" src=\"https:\/\/www.radiopiu.net\/wordpress\/wp-content\/uploads\/2021\/08\/b03c597d-fd81-468d-8bfd-24ef36a5a3ab-176x300.jpg\" alt=\"\" width=\"367\" height=\"626\" \/><\/a><\/p>\n<p>&nbsp;<\/p>\n<hr \/>\n<p>&nbsp;<\/p>\n<p><img loading=\"lazy\" decoding=\"async\" class=\"alignleft\" src=\"https:\/\/www.radiopiu.net\/wordpress\/wp-content\/uploads\/2018\/08\/ACQUA.jpeg\" width=\"204\" height=\"122\" \/>Gestione Servizi Pubblici informa che a LIVINALLONGO nelle localit\u00e0 AL FAURO, CREPAZ, RENAZ, RUAZ, PEZZEI, S.GIOVANNI e FOSSAL, l&#8217;acqua erogata dall&#8217;acquedotto non \u00e8 potabile e pu\u00f2 essere usata per scopi alimentari SOLO PREVIA bollitura.<\/p>\n<p>Gestione Servizi Pubblici informa che, per lavori alla rete idrica comunale, il giorno 30\/08\/2021 dalle 10 a fine lavori potrebbe mancare l&#8217;acqua a ROCCA PIETORE, nelle vie DAVARE, DAGAI, LASTE e SOPPERA.<\/p>\n<p>&nbsp;<\/p>\n<p>&nbsp;<\/p>\n<hr \/>\n<blockquote>\n<h3>DIGONERA, LUNEDI TRANSITO A SINGHIOZZO<\/h3>\n<\/blockquote>\n<p><span style=\"color: #ff0000;\">OGGI:<\/span>\u00a0 PROVINCIALE 563 DI SALESEI A DIGONERA DI ROCCA PIETORE: Interruzioni alla viabilita&#8217; della durata massima di 20 minuti, senso unico alternato nei periodi non interessati dalle interruzioni. Dalle 8 alle 12 e dalle 13.30 alle 19.<\/p>\n<p><span style=\"color: #ff0000;\">DA DOMANI<\/span> 48 DELLE DOLOMITI, BRENTA-PIEVE DI LIVINALLONGO FINO al 03 settembre dalle 8 alle 17 interruzioni alla viabilita&#8217;, durata massima 20 minuti, negli altri orari senso unico semaforico<\/p>\n<p>&nbsp;<\/p>\n<hr \/>\n<p>&nbsp;<\/p>\n<blockquote>\n<h3>INTERRUZIONI ENEL PROGRAMMATE PER LAVORI<\/h3>\n<\/blockquote>\n<p><span style=\"color: #ff0000;\">SAN TOMASO<\/span>: MARTEDI DALLE 8 ALLE 15, SONO INTERESSATE LE VIE Canacede e Ronch <em>per manutenzione linea bassa tensione<\/em><br \/>\n<span style=\"color: #ff0000;\">RIVAMONTE<\/span>: MARTEDI DALLE 8.30 ALLE 13.30 SONO INTERESSATE LE VIE Canop e Roma &#8211;<em> allaccio antenna wind al nuovo ripetitore<\/em><\/p>\n<p>&nbsp;<\/p>\n<hr \/>\n<p>&nbsp;<\/p>\n<blockquote>\n<h3>CON LA FINE DELLE VACANZE ESTIVE INIZIANO I CANTIERI SULLE STRADE DELLA PROVINCIA<\/h3>\n<\/blockquote>\n<p><strong>SR 48 DELLE DOLOMITI\u00a0<\/strong>fino al 31 ottobre, esclusi sabato e domenica, senso unico alternato regolato da semaforo per posa cavidotto<\/p>\n<p><strong>SR 203<\/strong>\u00a0<strong>AGORDINA<\/strong> in localit\u00e0 La Stanga senso unico alternato regolato da semaforo fino al al 3 settembre, esclusi sabato e domenica, perlavori di recupero tubazione e cavo non in servizio<\/p>\n<p><strong>SP 347 PASSO CEREDA E DURAN\u00a0<\/strong>in comune di Gosaldo fino al 30 settembre senso unico alternato regolato da semaforo per posa cavidotto<\/p>\n<p><strong>SP 346 PASSO SAN PELLEGRINO<\/strong> in localit\u00e0 La Mora di Canale D\u2019Agordo senso unico alternato regolato da semaforo fino al 15 ottobre per messa in sicurezza della strada<\/p>\n<p><strong>SP 251 VAL DI ZOLDO E CELLINA<\/strong> senso unico alternato regolato da semaforo in comune di Colle Santa Lucia fino al 1 ottobre per messa in sicurezza piano viabile<\/p>\n<p><strong>SP3 VALLE IMPERINA\u00a0<\/strong>fino al 10 settembre, esclusi sabato e domenica, senso unico alternato a Rivamonte per interramento linea elettrica<\/p>\n<p><strong>SP 19 DI LAMON<\/strong> fino al 27 agosto interdizione totale al traffico nell\u2019abitato di Lamon per sostituzione condotta idrica<\/p>\n<p>&nbsp;<\/p>\n<p>&nbsp;<\/p>\n<hr \/>\n<p>&nbsp;<\/p>\n<blockquote>\n<h3>DON FRANCESCO SILVESTRI CI HA LASCIATI. AVEVA 57 ANNI<\/h3>\n<\/blockquote>\n<p><a href=\"https:\/\/www.radiopiu.net\/wordpress\/don-francesco-silvestri-ci-ha-lasciati-aveva-57-anni\/users_docenti_25_documenti_foto_25-1536x1487\/\" rel=\"attachment wp-att-230075\"><img loading=\"lazy\" decoding=\"async\" class=\"alignleft wp-image-230075 size-medium\" src=\"https:\/\/www.radiopiu.net\/wordpress\/wp-content\/uploads\/2021\/08\/users_docenti_25_documenti_foto_25-1536x1487-1-300x290.jpg\" alt=\"\" width=\"300\" height=\"290\" srcset=\"https:\/\/www.radiopiu.net\/wordpress\/wp-content\/uploads\/2021\/08\/users_docenti_25_documenti_foto_25-1536x1487-1-300x290.jpg 300w, https:\/\/www.radiopiu.net\/wordpress\/wp-content\/uploads\/2021\/08\/users_docenti_25_documenti_foto_25-1536x1487-1-1024x991.jpg 1024w, https:\/\/www.radiopiu.net\/wordpress\/wp-content\/uploads\/2021\/08\/users_docenti_25_documenti_foto_25-1536x1487-1-768x744.jpg 768w, https:\/\/www.radiopiu.net\/wordpress\/wp-content\/uploads\/2021\/08\/users_docenti_25_documenti_foto_25-1536x1487-1.jpg 1536w\" sizes=\"auto, (max-width: 300px) 100vw, 300px\" \/><\/a><\/p>\n<p><em><strong>DAL SITO chiesabellunofeltre.it<\/strong><\/em><\/p>\n<p><strong>BELLUNO <\/strong>Ieri mattina si \u00e8 spento all\u2019hospice \u201cCasa Tua Due\u201d dell\u2019ospedale di Belluno, don Francesco Silvestri, di anni 57. Originario della parrocchia di Tai di Cadore, era nato a Pieve di Cadore il 10 giugno 1964, figlio di Mario e di Fulvia Cian. Dopo la maturit\u00e0 scientifica, nell\u2019autunno del 1983 entr\u00f2 nel Seminario della nostra diocesi. Completati gli studi teologici, venne ordinato presbitero nella chiesa di Pieve di Cadore il 10 giugno 1989. Il vescovo Ducoli lo invi\u00f2 subito a Roma a perfezionare la sua formazione, fino a conseguire la licenza in teologia morale e poi quella in psicologia, competenza per la quale consegu\u00ec anche l\u2019abilitazione all\u2019esercizio della professione di psicologo. Rientrato in diocesi, svolse per alcuni mesi il suo ministero a Santa Giustina, prima come vicedirettore del Centro Papa Luciani (1993-1994) e poi come vicario parrocchiale (1994-1997). Don Francesco svolse altri ministeri in diocesi, finch\u00e9 nel 2001 il vescovo Savio si adoper\u00f2 perch\u00e9 assumesse l\u2019incarico di assistente nazionale dell\u2019Azione Cattolica, incarico che dur\u00f2 fino al 2006. Tornato in diocesi, assunse la cura dei preti giovani e poi della formazione permanente dei presbiteri, incarico perdurato fino ad oggi. Fu soprattutto apprezzato insegnante di psicologia e morale nel nostro Seminario e in particolar modo presso l\u2019Istituto Superiore di Scienze Religiose, prima in quello di Belluno (di cui fu anche direttore), e poi presso quello di Treviso, fusi dal 2017 nell\u2019unico ISSR \u201cGiovanni Paolo I\u201d; ha insegnato anche presso l\u2019ISSR \u201cRomano Guardini\u201d di Trento. Nel contempo svolse il ministero di parroco di Perarolo fino al 2015; in seguito fu rettore della chiesa di San Rocco in Belluno e dal 2016 al 2019 pro-rettore del Seminario Gregoriano di Belluno. Dall\u2019autunno del 2019 era vicario parrocchiale di Agordo, La Valle Agordina e Taibon Agordino. Nel marzo 2020, proprio all\u2019inizio della pandemia, la sua salute richiese accertamenti che portarono a un impegnativo percorso di cure oncologiche. Per alcuni mesi si ritir\u00f2 nel monastero di Pennabilli e presso il santuario del Nevegal, continuando per quanto era possibile la docenza online. Il vescovo Renato, il vescovo emerito Giuseppe, l\u2019intero presbiterio, i diaconi e le tante persone, che hanno apprezzato e in questi mesi hanno pregato per don Francesco, ora si stringono alle sorelle e ai parenti tutti e con preghiera unanime chiedono al Signore Ges\u00f9 di accogliere questo suo servo presbitero nel suo abbraccio di amore, laddove ritrover\u00e0 i genitori e il fratello. La data dei funerali sar\u00e0 al pi\u00f9 presto comunicata.<\/p>\n<p><strong>IL RICORDO DI DON FABIANO DEL FAVERO<\/strong><\/p>\n<audio class=\"wp-audio-shortcode\" id=\"audio-229993-1\" preload=\"none\" style=\"width: 100%;\" controls=\"controls\"><source type=\"audio\/mpeg\" src=\"https:\/\/www.radiopiu.net\/wordpress\/wp-content\/uploads\/2021\/08\/DON-FABIANO-RICORDA-DON-FRANCESCO.mp3?_=1\" \/><a href=\"https:\/\/www.radiopiu.net\/wordpress\/wp-content\/uploads\/2021\/08\/DON-FABIANO-RICORDA-DON-FRANCESCO.mp3\">https:\/\/www.radiopiu.net\/wordpress\/wp-content\/uploads\/2021\/08\/DON-FABIANO-RICORDA-DON-FRANCESCO.mp3<\/a><\/audio>\n<p>&nbsp;<\/p>\n<p>&nbsp;<\/p>\n<hr \/>\n<p>&nbsp;<\/p>\n<blockquote>\n<h3>URTA IL MURETTO E METTE L&#8217;AUTO SUL FIANCO. ILLESA UNA FAMIGLIA DEL TREVIGIANO<\/h3>\n<\/blockquote>\n<p><strong>QUERO VAS<\/strong> Incidente ieri pomeriggio alle 16:15 a Quero Vas vicino al bivio Moschetta dove una Fiat 500 L ha urtato uno spigolo di un muretto per terminare la corsa su un fianco. L&#8217;auto che procedeva da Feltre verso Treviso aveva a bordo una famiglia di Moriago (TV), padre madre e due bambini. Tutti gli occupanti sono rimasti illesi, sul luogo i Carabinieri per i rilievi di legge.<\/p>\n\n\t\t\t<style type='text\/css'>\n\t\t\t\t#gallery-1 {\n\t\t\t\t\tmargin: auto;\n\t\t\t\t}\n\t\t\t\t#gallery-1 .gallery-item {\n\t\t\t\t\tfloat: left;\n\t\t\t\t\tmargin-top: 10px;\n\t\t\t\t\ttext-align: center;\n\t\t\t\t\twidth: 33%;\n\t\t\t\t}\n\t\t\t\t#gallery-1 img {\n\t\t\t\t\tborder: 2px solid #cfcfcf;\n\t\t\t\t}\n\t\t\t\t#gallery-1 .gallery-caption {\n\t\t\t\t\tmargin-left: 0;\n\t\t\t\t}\n\t\t\t\t\/* see gallery_shortcode() in wp-includes\/media.php *\/\n\t\t\t<\/style>\n\t\t<div id='gallery-1' class='dt-gallery-container gallery galleryid-229993 gallery-columns-3 gallery-size-medium'><dl class='gallery-item'>\n\t\t\t\t<dt class='gallery-icon portrait'>\n\t\t\t\t\t<a class=\"rollover rollover-zoom dt-pswp-item\" title=\"photo1630252690\" data-dt-img-description=\"\" data-large_image_width=\"606\" data-large_image_height=\"1280\"href='https:\/\/www.radiopiu.net\/wordpress\/wp-content\/uploads\/2021\/08\/photo1630252690.jpeg'><img loading=\"lazy\" decoding=\"async\" width=\"142\" height=\"300\" src=\"https:\/\/www.radiopiu.net\/wordpress\/wp-content\/uploads\/2021\/08\/photo1630252690-142x300.jpeg\" class=\"attachment-medium size-medium\" alt=\"\" srcset=\"https:\/\/www.radiopiu.net\/wordpress\/wp-content\/uploads\/2021\/08\/photo1630252690-142x300.jpeg 142w, https:\/\/www.radiopiu.net\/wordpress\/wp-content\/uploads\/2021\/08\/photo1630252690-485x1024.jpeg 485w, https:\/\/www.radiopiu.net\/wordpress\/wp-content\/uploads\/2021\/08\/photo1630252690.jpeg 606w\" sizes=\"auto, (max-width: 142px) 100vw, 142px\" \/><\/a>\n\t\t\t\t<\/dt><\/dl><dl class='gallery-item'>\n\t\t\t\t<dt class='gallery-icon portrait'>\n\t\t\t\t\t<a class=\"rollover rollover-zoom dt-pswp-item\" title=\"photo1630252672 (1)\" data-dt-img-description=\"\" data-large_image_width=\"606\" data-large_image_height=\"1280\"href='https:\/\/www.radiopiu.net\/wordpress\/wp-content\/uploads\/2021\/08\/photo1630252672-1.jpeg'><img loading=\"lazy\" decoding=\"async\" width=\"142\" height=\"300\" src=\"https:\/\/www.radiopiu.net\/wordpress\/wp-content\/uploads\/2021\/08\/photo1630252672-1-142x300.jpeg\" class=\"attachment-medium size-medium\" alt=\"\" srcset=\"https:\/\/www.radiopiu.net\/wordpress\/wp-content\/uploads\/2021\/08\/photo1630252672-1-142x300.jpeg 142w, https:\/\/www.radiopiu.net\/wordpress\/wp-content\/uploads\/2021\/08\/photo1630252672-1-485x1024.jpeg 485w, https:\/\/www.radiopiu.net\/wordpress\/wp-content\/uploads\/2021\/08\/photo1630252672-1.jpeg 606w\" sizes=\"auto, (max-width: 142px) 100vw, 142px\" \/><\/a>\n\t\t\t\t<\/dt><\/dl><dl class='gallery-item'>\n\t\t\t\t<dt class='gallery-icon portrait'>\n\t\t\t\t\t<a class=\"rollover rollover-zoom dt-pswp-item\" title=\"photo1630252672\" data-dt-img-description=\"\" data-large_image_width=\"606\" data-large_image_height=\"1280\"href='https:\/\/www.radiopiu.net\/wordpress\/wp-content\/uploads\/2021\/08\/photo1630252672.jpeg'><img loading=\"lazy\" decoding=\"async\" width=\"142\" height=\"300\" src=\"https:\/\/www.radiopiu.net\/wordpress\/wp-content\/uploads\/2021\/08\/photo1630252672-142x300.jpeg\" class=\"attachment-medium size-medium\" alt=\"\" srcset=\"https:\/\/www.radiopiu.net\/wordpress\/wp-content\/uploads\/2021\/08\/photo1630252672-142x300.jpeg 142w, https:\/\/www.radiopiu.net\/wordpress\/wp-content\/uploads\/2021\/08\/photo1630252672-485x1024.jpeg 485w, https:\/\/www.radiopiu.net\/wordpress\/wp-content\/uploads\/2021\/08\/photo1630252672.jpeg 606w\" sizes=\"auto, (max-width: 142px) 100vw, 142px\" \/><\/a>\n\t\t\t\t<\/dt><\/dl><br style=\"clear: both\" \/>\n\t\t\t<\/div>\n\n<p>&nbsp;<\/p>\n<hr \/>\n<p>&nbsp;<\/p>\n<blockquote>\n<h3>DUE INTERVENTI IN MONTAGNA PER IL SOCCORSO ALPINO<\/h3>\n<\/blockquote>\n<p><strong><a href=\"https:\/\/www.radiopiu.net\/wordpress\/torna-la-festa-del-volontariato-cadorino-sabato-1-settembre\/soccorsoalpino\/\" rel=\"attachment wp-att-59164\"><img loading=\"lazy\" decoding=\"async\" class=\" wp-image-59164 alignleft\" src=\"https:\/\/www.radiopiu.net\/wordpress\/wp-content\/uploads\/2018\/08\/soccorsoalpino-300x300.jpg\" alt=\"\" width=\"201\" height=\"201\" srcset=\"https:\/\/www.radiopiu.net\/wordpress\/wp-content\/uploads\/2018\/08\/soccorsoalpino-300x300.jpg 300w, https:\/\/www.radiopiu.net\/wordpress\/wp-content\/uploads\/2018\/08\/soccorsoalpino-150x150.jpg 150w, https:\/\/www.radiopiu.net\/wordpress\/wp-content\/uploads\/2018\/08\/soccorsoalpino-768x768.jpg 768w, https:\/\/www.radiopiu.net\/wordpress\/wp-content\/uploads\/2018\/08\/soccorsoalpino-1024x1024.jpg 1024w, https:\/\/www.radiopiu.net\/wordpress\/wp-content\/uploads\/2018\/08\/soccorsoalpino.jpg 1200w\" sizes=\"auto, (max-width: 201px) 100vw, 201px\" \/><\/a>TAMBRE <\/strong>Ieri mattina attorno alle 11.30 l&#8217;elicottero del Suem di Pieve di Cadore \u00e8 intervenuto nelle vicinanze di Malga Pradosan, dove, scendendo dal Rifugio Semenza, un escursionista aveva messo male la gamba, riportando un probabile trauma alla gamba, sul posto anche personale del Soccorso alpino dell&#8217;Alpago. M.B., 62 anni, di Chies d&#8217;Alpago (BL), \u00e8 stato recuperato con un verricello di qualche metro e accompagnato all&#8217;ospedale di Belluno.<\/p>\n<p><strong>FALCADE <\/strong>Verso le 13 una squadra del Soccorso alpino della Val Biois ha invece raggiunto in fuoristrada il Lago di Cavia, a Falcade, nelle cui vicinanze una escuraionista era stata colta da malore. Dopo avere caricato in jeep G.B., 47 anni, di Possagno (TV), i soccorritori la hanno trasportata al Passo Valles per affidarla all&#8217;ambulanza diretta all&#8217;ospedale di Agordo.<\/p>\n<p>&nbsp;<\/p>\n<p>&nbsp;<\/p>\n<hr \/>\n<p>&nbsp;<\/p>\n<blockquote>\n<h3>ALPINISTA PRECIPITA DALLA TORRE VENEZIA, MORTO UN VENTISETTENNE DI CESANO MADERNO<\/h3>\n<\/blockquote>\n<p><strong>TAIBON <\/strong>\u00c8 stato recuperato sabato mattina il corpo senza vita di un giovane alpinista lombardo precipitato venerd\u00ec sera, mentre con il compagno di cordata si preparava a scendere in doppia dalla Torre Venezia, in Civetta, dopo aver scalato la Via Ratti. Tratto in salvo anche l&#8217;amico rimasto da solo in cima tutta la notte. Attorno alle 22, la Centrale del Suem \u00e8 stata allertata da uno scalatore, che aveva visto cadere l&#8217;amico dalla cengia circolare in cima alla Torre Venezia, prima di iniziare le doppie. Allertato il Soccorso alpino di Agordo, una squadra ha raggiunto in jeep il Rifugio Vazzoler per poter essere trasportata in quota da uno degli elicotteri abilitati al volo notturno e provvedere al recupero del ragazzo, 23 anni di Milano, bloccato a 2.450 metri di quota. Per tenergli compagnia, aggiornarlo su quanto si stava facendo, rincuorarlo, un soccorritore lo ha costantemente contattato al cellulare ogni 15\/20 minuti. Concordato in prima battuta l&#8217;invio dell&#8217;elisoccorso trentino, non c&#8217;\u00e8 pi\u00f9 stata possibilita di un suo intervento perch\u00e9 impegnato in altre missioni. Verso le 23 \u00e8 arrivata l&#8217;eliambulanza dell&#8217;Aiut Alpin Dolomites di Bolzano che ha subito effettuato una ricognizione, constatando che la nebbia stazionava 20 metri sotto il punto dove si trovava l&#8217;alpinista. Sceso in piazzola, con il peggiormento del tempo l&#8217;elicottero si \u00e8 spostato ad Agordo, dove ha atteso un eventuale miglioramento fino alle due, quando, perdurando le condizioni negative, l&#8217;equipaggio \u00e8 rientrato. Alle 3 c&#8217;\u00e8 stato un piccolo miglioramento, anche in questo frangente per\u00f2 l&#8217;eliambulanza di Trento &#8211; prevista in avvicinamento in mezz&#8217;ora &#8211; non \u00e8 partita per repentini mutamenti meteo. Alle prime luci, \u00e8 atterrato a disposizione delle squadre l&#8217;elicottero dell&#8217;Air Service Center, convenzionato con il Soccorso alpino Dolomiti Bellunesi, che ha atteso si aprisse un varco tra le nuvole persistenti per decollare. Alle 6.25 due soccorritori sono stati imbarcati e l&#8217;elicottero \u00e8 salito all&#8217;altezza della cengia circolare, dove uno di loro \u00e8 sceso ed \u00e8 andato incontro al ragazzo, che stava bene sebbene fortemente scosso. Caricato a bordo, il ventitreenne \u00e8 stato portato fino al campo base ai Piani di Pelsa e da l\u00ec accompagnato al Rifugio Vazzoler per essere riscaldato e rifocillato. L&#8217;elicottero \u00e8 poi nuovamente volato verso la parete per cercare il ragazzo precipitato, G.D.C.B., 27 anni, di Cesano Maderno (MB). Scese ancora le nuvole, \u00e8 stata necessaria una nuova rotazione per individuare il corpo senza vita, finito 180 metri pi\u00f9 in basso in un canalino sotto l&#8217;arrivo delle doppie. Sbarcati 7 soccorritori, sono stati attrezzati gli ancoraggi per calarsi, ricomporre e imbarellare la salma. Il recupero \u00e8 poi avvenuto con l&#8217;elicottero del Suem di Pieve di Cadore, che ha provveduto a portare a valle anche i soccorritori. Dalle prime informazioni, usciti dalla Via Ratti ieri verso 21.30, sulla cengia circolare i due scalatori si sono spostati al piccolo canalino di 5-6 metri che porta alla partenza delle doppie. All&#8217;inizio di questo canalino c&#8217;era un chiodo con cordino, utilizzato da alcuni scaltori per scendere all&#8217;attacco delle doppie, che \u00e8 uscito dalla fessura, non appena il ragazzo ha caricato il peso dopo essersi agganciato, facendolo precipitare nel vuoto.<\/p>\n<p>&nbsp;<\/p>\n\n\t\t\t<style type='text\/css'>\n\t\t\t\t#gallery-2 {\n\t\t\t\t\tmargin: auto;\n\t\t\t\t}\n\t\t\t\t#gallery-2 .gallery-item {\n\t\t\t\t\tfloat: left;\n\t\t\t\t\tmargin-top: 10px;\n\t\t\t\t\ttext-align: center;\n\t\t\t\t\twidth: 33%;\n\t\t\t\t}\n\t\t\t\t#gallery-2 img {\n\t\t\t\t\tborder: 2px solid #cfcfcf;\n\t\t\t\t}\n\t\t\t\t#gallery-2 .gallery-caption {\n\t\t\t\t\tmargin-left: 0;\n\t\t\t\t}\n\t\t\t\t\/* see gallery_shortcode() in wp-includes\/media.php *\/\n\t\t\t<\/style>\n\t\t<div id='gallery-2' class='dt-gallery-container gallery galleryid-229993 gallery-columns-3 gallery-size-thumbnail'><dl class='gallery-item'>\n\t\t\t\t<dt class='gallery-icon portrait'>\n\t\t\t\t\t<a class=\"rollover rollover-zoom dt-pswp-item\" title=\"salt_20210828_110924_554\" data-dt-img-description=\"\" data-large_image_width=\"1773\" data-large_image_height=\"2364\"href='https:\/\/www.radiopiu.net\/wordpress\/wp-content\/uploads\/2021\/08\/salt_20210828_110924_554.jpg'><img loading=\"lazy\" decoding=\"async\" width=\"150\" height=\"150\" src=\"https:\/\/www.radiopiu.net\/wordpress\/wp-content\/uploads\/2021\/08\/salt_20210828_110924_554-150x150.jpg\" class=\"attachment-thumbnail size-thumbnail\" alt=\"\" \/><\/a>\n\t\t\t\t<\/dt><\/dl><dl class='gallery-item'>\n\t\t\t\t<dt class='gallery-icon landscape'>\n\t\t\t\t\t<a class=\"rollover rollover-zoom dt-pswp-item\" title=\"salt_20210828_110957_865\" data-dt-img-description=\"\" data-large_image_width=\"2364\" data-large_image_height=\"1773\"href='https:\/\/www.radiopiu.net\/wordpress\/wp-content\/uploads\/2021\/08\/salt_20210828_110957_865.jpg'><img loading=\"lazy\" decoding=\"async\" width=\"150\" height=\"150\" src=\"https:\/\/www.radiopiu.net\/wordpress\/wp-content\/uploads\/2021\/08\/salt_20210828_110957_865-150x150.jpg\" class=\"attachment-thumbnail size-thumbnail\" alt=\"\" \/><\/a>\n\t\t\t\t<\/dt><\/dl><dl class='gallery-item'>\n\t\t\t\t<dt class='gallery-icon portrait'>\n\t\t\t\t\t<a class=\"rollover rollover-zoom dt-pswp-item\" title=\"salt_20210828_111017_954\" data-dt-img-description=\"\" data-large_image_width=\"1773\" data-large_image_height=\"2364\"href='https:\/\/www.radiopiu.net\/wordpress\/wp-content\/uploads\/2021\/08\/salt_20210828_111017_954.jpg'><img loading=\"lazy\" decoding=\"async\" width=\"150\" height=\"150\" src=\"https:\/\/www.radiopiu.net\/wordpress\/wp-content\/uploads\/2021\/08\/salt_20210828_111017_954-150x150.jpg\" class=\"attachment-thumbnail size-thumbnail\" alt=\"\" \/><\/a>\n\t\t\t\t<\/dt><\/dl><br style=\"clear: both\" \/>\n\t\t\t<\/div>\n\n<p>&nbsp;<\/p>\n<hr \/>\n<p>&nbsp;<\/p>\n<blockquote>\n<h3>LE RICERCHE DI FEDERICO LUGATO CONTINUANO DOMANI<\/h3>\n<\/blockquote>\n<p><strong><a href=\"https:\/\/www.radiopiu.net\/wordpress\/sono-ancora-con-esito-negativo\/salt_20210828_184324_402\/\" rel=\"attachment wp-att-230037\"><img loading=\"lazy\" decoding=\"async\" class=\" wp-image-230037 alignleft\" src=\"https:\/\/www.radiopiu.net\/wordpress\/wp-content\/uploads\/2021\/08\/salt_20210828_184324_402-225x300.jpg\" alt=\"\" width=\"111\" height=\"148\" srcset=\"https:\/\/www.radiopiu.net\/wordpress\/wp-content\/uploads\/2021\/08\/salt_20210828_184324_402-225x300.jpg 225w, https:\/\/www.radiopiu.net\/wordpress\/wp-content\/uploads\/2021\/08\/salt_20210828_184324_402-768x1024.jpg 768w, https:\/\/www.radiopiu.net\/wordpress\/wp-content\/uploads\/2021\/08\/salt_20210828_184324_402-1152x1536.jpg 1152w, https:\/\/www.radiopiu.net\/wordpress\/wp-content\/uploads\/2021\/08\/salt_20210828_184324_402-1536x2048.jpg 1536w, https:\/\/www.radiopiu.net\/wordpress\/wp-content\/uploads\/2021\/08\/salt_20210828_184324_402.jpg 1773w\" sizes=\"auto, (max-width: 111px) 100vw, 111px\" \/><\/a>VAL DI ZOLDO<\/strong> Continueranno oggi le ricerche di Federico Lugato, il trentanovenne milanese di cui non si hanno pi\u00f9 notizie da gioved\u00ec, quando \u00e8 uscito di casa per un giro nel Gruppo Tamer &#8211; San Sebastiano. Anche oggi oltre cento persone, compresi numerosi amici dell&#8217;escursionista scomparso, si sono distribuite lungo il sentiero ad anello che l&#8217;uomo aveva intenzione di percorrere gioved\u00ec. Sono state ampliate le zone di indagine e l&#8217;elicottero dell&#8217;Air Service Center, convenzionato con il Soccorso alpino Dolomiti Bellunesi, ha a lungo sorvolato luoghi considerati primari. Dopo il posizionamento del cellulare segnalato dall&#8217;ultima cella agganciata, \u00e8 arrivata la tracciabilit\u00e0 dei dati precedenti, che indicherebbero la Val Pramper, dove oggi si concentreranno le ricerche.<\/p>\n<p>&nbsp;<\/p>\n<p>Sono proseguite pure con l\u2019impiego di circa 50 soccorritori coordinati dall\u2019unit\u00e0 di comando dei Vigili del Fuoco le ricerche in Valzoldana del 39enne veneziano, residente a Milano, di cui non si hanno notizie da gioved\u00ec scorso. L\u2019uomo non \u00e8 pi\u00f9 rientrato a casa dopo essere partito per fare un\u2019escursione. I Vigili del Fuoco presenti con squadre di personale permanente e volontari, nuclei cinofili dei comandi di Modena e Ferrara, hanno continuato la perlustrazione del territorio come d\u00e0 indicazioni degli specialisti TAS (topografia applicata al soccorso) che hanno reticolato tutte le zone di ricerca. Verificati dirupi e forre. L\u2019elicottero Drago 81 ha continuato le ricerche dall\u2019alto verificando nuove ipotesi, dopo l\u2019analisi delle celle telefoniche. Impegnati anche le squadre del Soccorso Alpino e della Guardia di Finanza.<\/p>\n\n\t\t\t<style type='text\/css'>\n\t\t\t\t#gallery-3 {\n\t\t\t\t\tmargin: auto;\n\t\t\t\t}\n\t\t\t\t#gallery-3 .gallery-item {\n\t\t\t\t\tfloat: left;\n\t\t\t\t\tmargin-top: 10px;\n\t\t\t\t\ttext-align: center;\n\t\t\t\t\twidth: 25%;\n\t\t\t\t}\n\t\t\t\t#gallery-3 img {\n\t\t\t\t\tborder: 2px solid #cfcfcf;\n\t\t\t\t}\n\t\t\t\t#gallery-3 .gallery-caption {\n\t\t\t\t\tmargin-left: 0;\n\t\t\t\t}\n\t\t\t\t\/* see gallery_shortcode() in wp-includes\/media.php *\/\n\t\t\t<\/style>\n\t\t<div id='gallery-3' class='dt-gallery-container gallery galleryid-229993 gallery-columns-4 gallery-size-thumbnail'><dl class='gallery-item'>\n\t\t\t\t<dt class='gallery-icon landscape'>\n\t\t\t\t\t<a class=\"rollover rollover-zoom dt-pswp-item\" title=\"7fac47cc-5eac-4bee-996d-87eb8c27a55e\" data-dt-img-description=\"\" data-large_image_width=\"720\" data-large_image_height=\"564\"href='https:\/\/www.radiopiu.net\/wordpress\/wp-content\/uploads\/2021\/08\/7fac47cc-5eac-4bee-996d-87eb8c27a55e.jpg'><img loading=\"lazy\" decoding=\"async\" width=\"150\" height=\"150\" src=\"https:\/\/www.radiopiu.net\/wordpress\/wp-content\/uploads\/2021\/08\/7fac47cc-5eac-4bee-996d-87eb8c27a55e-150x150.jpg\" class=\"attachment-thumbnail size-thumbnail\" alt=\"\" \/><\/a>\n\t\t\t\t<\/dt><\/dl><dl class='gallery-item'>\n\t\t\t\t<dt class='gallery-icon portrait'>\n\t\t\t\t\t<a class=\"rollover rollover-zoom dt-pswp-item\" title=\"f99a2fc6-a4bd-4994-91ca-9a86ce4559df\" data-dt-img-description=\"\" data-large_image_width=\"1196\" data-large_image_height=\"1488\"href='https:\/\/www.radiopiu.net\/wordpress\/wp-content\/uploads\/2021\/08\/f99a2fc6-a4bd-4994-91ca-9a86ce4559df.jpg'><img loading=\"lazy\" decoding=\"async\" width=\"150\" height=\"150\" src=\"https:\/\/www.radiopiu.net\/wordpress\/wp-content\/uploads\/2021\/08\/f99a2fc6-a4bd-4994-91ca-9a86ce4559df-150x150.jpg\" class=\"attachment-thumbnail size-thumbnail\" alt=\"\" \/><\/a>\n\t\t\t\t<\/dt><\/dl><dl class='gallery-item'>\n\t\t\t\t<dt class='gallery-icon portrait'>\n\t\t\t\t\t<a class=\"rollover rollover-zoom dt-pswp-item\" title=\"1a1483a7-8809-426e-8bec-41131562bac1\" data-dt-img-description=\"\" data-large_image_width=\"1196\" data-large_image_height=\"1472\"href='https:\/\/www.radiopiu.net\/wordpress\/wp-content\/uploads\/2021\/08\/1a1483a7-8809-426e-8bec-41131562bac1.jpg'><img loading=\"lazy\" decoding=\"async\" width=\"150\" height=\"150\" src=\"https:\/\/www.radiopiu.net\/wordpress\/wp-content\/uploads\/2021\/08\/1a1483a7-8809-426e-8bec-41131562bac1-150x150.jpg\" class=\"attachment-thumbnail size-thumbnail\" alt=\"\" \/><\/a>\n\t\t\t\t<\/dt><\/dl><dl class='gallery-item'>\n\t\t\t\t<dt class='gallery-icon landscape'>\n\t\t\t\t\t<a class=\"rollover rollover-zoom dt-pswp-item\" title=\"78f6147b-2628-4dde-91aa-5fd81735f76c\" data-dt-img-description=\"\" data-large_image_width=\"1568\" data-large_image_height=\"923\"href='https:\/\/www.radiopiu.net\/wordpress\/wp-content\/uploads\/2021\/08\/78f6147b-2628-4dde-91aa-5fd81735f76c.jpg'><img loading=\"lazy\" decoding=\"async\" width=\"150\" height=\"150\" src=\"https:\/\/www.radiopiu.net\/wordpress\/wp-content\/uploads\/2021\/08\/78f6147b-2628-4dde-91aa-5fd81735f76c-150x150.jpg\" class=\"attachment-thumbnail size-thumbnail\" alt=\"\" \/><\/a>\n\t\t\t\t<\/dt><\/dl><br style=\"clear: both\" \/>\n\t\t\t<\/div>\n\n<p>&nbsp;<\/p>\n<hr \/>\n<p>&nbsp;<\/p>\n<blockquote>\n<h3>RICERCHE DI FEDERICO LUGATO: ATTIVATI ANCHE I VOLONTARI ANA CON LE SQUADRE CINOFILE<\/h3>\n<\/blockquote>\n<p><strong>BELLUNO<\/strong> Continuano in Val di Zoldo le ricerche di Federico Lugato, l\u2019escursionista milanese di cui non si hanno pi\u00f9 notizie da gioved\u00ec. Nella giornata di sabato e ieri si sono uniti anche i volontari dell\u2019Ana Belluno, contattati dalla Provincia su richiesta della Prefettura per accelerare e ampliare il campo di ricerca. \u00ab<em>Si tratta di 65 persone, divise sulle due giornate, comprese le unit\u00e0 cinofile &#8211; spiega il consigliere provinciale delegato alla Protezione Civile -. I volontari stanno battendo diverse zone tra quelle segnalate come meta dell\u2019escursione, nell\u2019area del Gruppo Tamer-San Sebastiano. Gli sforzi sono tutti tesi a trovare pi\u00f9 rapidamente possibile qualche traccia che possa agevolare le ricerche<\/em>\u00bb. Le operazioni continueranno per tutta la giornata. Nel caso in cui dovessero essere protratte anche domani, la Provincia e Ana Belluno predisporranno ulteriori turni. \u00ab<em>Ringrazio i volontari per il grande impegno e la disponibilit\u00e0 che dimostrano sempre in queste occasioni &#8211; conclude il consigliere provinciale -. Purtroppo sono davvero tante le occasioni in cui ci rendiamo conto di quanto importanti siano per il nostro territorio e le nostre comunit\u00e0. Il grazie va anche a tutti coloro che in queste giornate difficili si sono resi disponibili nelle ricerche<\/em>\u00bb.<\/p>\n\n\t\t\t<style type='text\/css'>\n\t\t\t\t#gallery-4 {\n\t\t\t\t\tmargin: auto;\n\t\t\t\t}\n\t\t\t\t#gallery-4 .gallery-item {\n\t\t\t\t\tfloat: left;\n\t\t\t\t\tmargin-top: 10px;\n\t\t\t\t\ttext-align: center;\n\t\t\t\t\twidth: 50%;\n\t\t\t\t}\n\t\t\t\t#gallery-4 img {\n\t\t\t\t\tborder: 2px solid #cfcfcf;\n\t\t\t\t}\n\t\t\t\t#gallery-4 .gallery-caption {\n\t\t\t\t\tmargin-left: 0;\n\t\t\t\t}\n\t\t\t\t\/* see gallery_shortcode() in wp-includes\/media.php *\/\n\t\t\t<\/style>\n\t\t<div id='gallery-4' class='dt-gallery-container gallery galleryid-229993 gallery-columns-2 gallery-size-medium'><dl class='gallery-item'>\n\t\t\t\t<dt class='gallery-icon portrait'>\n\t\t\t\t\t<a class=\"rollover rollover-zoom dt-pswp-item\" title=\"PHOTO-2021-08-29-09-12-11\" data-dt-img-description=\"\" data-large_image_width=\"768\" data-large_image_height=\"1024\"href='https:\/\/www.radiopiu.net\/wordpress\/wp-content\/uploads\/2021\/08\/PHOTO-2021-08-29-09-12-11.jpg'><img loading=\"lazy\" decoding=\"async\" width=\"225\" height=\"300\" src=\"https:\/\/www.radiopiu.net\/wordpress\/wp-content\/uploads\/2021\/08\/PHOTO-2021-08-29-09-12-11-225x300.jpg\" class=\"attachment-medium size-medium\" alt=\"\" srcset=\"https:\/\/www.radiopiu.net\/wordpress\/wp-content\/uploads\/2021\/08\/PHOTO-2021-08-29-09-12-11-225x300.jpg 225w, https:\/\/www.radiopiu.net\/wordpress\/wp-content\/uploads\/2021\/08\/PHOTO-2021-08-29-09-12-11.jpg 768w\" sizes=\"auto, (max-width: 225px) 100vw, 225px\" \/><\/a>\n\t\t\t\t<\/dt><\/dl><dl class='gallery-item'>\n\t\t\t\t<dt class='gallery-icon portrait'>\n\t\t\t\t\t<a class=\"rollover rollover-zoom dt-pswp-item\" title=\"PHOTO-2021-08-29-09-12-11 2\" data-dt-img-description=\"\" data-large_image_width=\"768\" data-large_image_height=\"1024\"href='https:\/\/www.radiopiu.net\/wordpress\/wp-content\/uploads\/2021\/08\/PHOTO-2021-08-29-09-12-11-2.jpg'><img loading=\"lazy\" decoding=\"async\" width=\"225\" height=\"300\" src=\"https:\/\/www.radiopiu.net\/wordpress\/wp-content\/uploads\/2021\/08\/PHOTO-2021-08-29-09-12-11-2-225x300.jpg\" class=\"attachment-medium size-medium\" alt=\"\" srcset=\"https:\/\/www.radiopiu.net\/wordpress\/wp-content\/uploads\/2021\/08\/PHOTO-2021-08-29-09-12-11-2-225x300.jpg 225w, https:\/\/www.radiopiu.net\/wordpress\/wp-content\/uploads\/2021\/08\/PHOTO-2021-08-29-09-12-11-2.jpg 768w\" sizes=\"auto, (max-width: 225px) 100vw, 225px\" \/><\/a>\n\t\t\t\t<\/dt><\/dl><br style=\"clear: both\" \/>\n\t\t\t<\/div>\n\n<p>&nbsp;<\/p>\n<hr \/>\n<p>&nbsp;<\/p>\n<h3>IL MESSAGGIO DELLA MOGLIE DI FEDERICO<\/h3>\n<div style=\"width: 1200px;\" class=\"wp-video\"><video class=\"wp-video-shortcode\" id=\"video-229993-1\" width=\"1200\" height=\"675\" preload=\"metadata\" controls=\"controls\"><source type=\"video\/mp4\" src=\"https:\/\/www.radiopiu.net\/wordpress\/wp-content\/uploads\/2021\/08\/MESSAGGIO-MOGLIE-SCOMPARSO-ZOLDO.mp4?_=1\" \/><a href=\"https:\/\/www.radiopiu.net\/wordpress\/wp-content\/uploads\/2021\/08\/MESSAGGIO-MOGLIE-SCOMPARSO-ZOLDO.mp4\">https:\/\/www.radiopiu.net\/wordpress\/wp-content\/uploads\/2021\/08\/MESSAGGIO-MOGLIE-SCOMPARSO-ZOLDO.mp4<\/a><\/video><\/div>\n<p>&nbsp;<\/p>\n<hr \/>\n<p>&nbsp;<\/p>\n<blockquote class=\"wp-embedded-content\" data-secret=\"ypQULBGUWy\"><p><a href=\"https:\/\/www.radiopiu.net\/wordpress\/aggiornamentoago29\/\">CORONAVIRUS: AGGIORNAMENTO NAZIONALE 29 AGOSTO  2021<\/a><\/p><\/blockquote>\n<p><iframe loading=\"lazy\" class=\"wp-embedded-content\" sandbox=\"allow-scripts\" security=\"restricted\" style=\"position: absolute; clip: rect(1px, 1px, 1px, 1px);\" title=\"&#8220;CORONAVIRUS: AGGIORNAMENTO NAZIONALE 29 AGOSTO  2021&#8221; &#8212; Radio Pi\u00f9\" src=\"https:\/\/www.radiopiu.net\/wordpress\/aggiornamentoago29\/embed\/#?secret=ypQULBGUWy\" data-secret=\"ypQULBGUWy\" width=\"600\" height=\"338\" frameborder=\"0\" marginwidth=\"0\" marginheight=\"0\" scrolling=\"no\"><\/iframe><\/p>\n<p>&nbsp;<\/p>\n<blockquote class=\"wp-embedded-content\" data-secret=\"kxk1hx1mc1\"><p><a href=\"https:\/\/www.radiopiu.net\/wordpress\/registrate-513-nuove-positivita-in-veneto-calano-i-ricoveri-2-decessi\/\">REGISTRATE 513 NUOVE POSITIVITA&#8217; IN VENETO, CALANO I RICOVERI, 2 DECESSI<\/a><\/p><\/blockquote>\n<p><iframe loading=\"lazy\" class=\"wp-embedded-content\" sandbox=\"allow-scripts\" security=\"restricted\" style=\"position: absolute; clip: rect(1px, 1px, 1px, 1px);\" title=\"&#8220;REGISTRATE 513 NUOVE POSITIVITA&#8217; IN VENETO, CALANO I RICOVERI, 2 DECESSI&#8221; &#8212; Radio Pi\u00f9\" src=\"https:\/\/www.radiopiu.net\/wordpress\/registrate-513-nuove-positivita-in-veneto-calano-i-ricoveri-2-decessi\/embed\/#?secret=kxk1hx1mc1\" data-secret=\"kxk1hx1mc1\" width=\"600\" height=\"338\" frameborder=\"0\" marginwidth=\"0\" marginheight=\"0\" scrolling=\"no\"><\/iframe><\/p>\n<p>&nbsp;<\/p>\n<h3>I GRAFICI DI TIZIANO DE COL<\/h3>\n\n\t\t\t<style type='text\/css'>\n\t\t\t\t#gallery-5 {\n\t\t\t\t\tmargin: auto;\n\t\t\t\t}\n\t\t\t\t#gallery-5 .gallery-item {\n\t\t\t\t\tfloat: left;\n\t\t\t\t\tmargin-top: 10px;\n\t\t\t\t\ttext-align: center;\n\t\t\t\t\twidth: 20%;\n\t\t\t\t}\n\t\t\t\t#gallery-5 img {\n\t\t\t\t\tborder: 2px solid #cfcfcf;\n\t\t\t\t}\n\t\t\t\t#gallery-5 .gallery-caption {\n\t\t\t\t\tmargin-left: 0;\n\t\t\t\t}\n\t\t\t\t\/* see gallery_shortcode() in wp-includes\/media.php *\/\n\t\t\t<\/style>\n\t\t<div id='gallery-5' class='dt-gallery-container gallery galleryid-229993 gallery-columns-5 gallery-size-medium'><dl class='gallery-item'>\n\t\t\t\t<dt class='gallery-icon landscape'>\n\t\t\t\t\t<a class=\"rollover rollover-zoom dt-pswp-item\" title=\"de263e0f-7911-4549-950d-2383e5e7323e\" data-dt-img-description=\"\" data-large_image_width=\"586\" data-large_image_height=\"355\"href='https:\/\/www.radiopiu.net\/wordpress\/wp-content\/uploads\/2021\/08\/de263e0f-7911-4549-950d-2383e5e7323e.jpg'><img loading=\"lazy\" decoding=\"async\" width=\"300\" height=\"182\" src=\"https:\/\/www.radiopiu.net\/wordpress\/wp-content\/uploads\/2021\/08\/de263e0f-7911-4549-950d-2383e5e7323e-300x182.jpg\" class=\"attachment-medium size-medium\" alt=\"\" srcset=\"https:\/\/www.radiopiu.net\/wordpress\/wp-content\/uploads\/2021\/08\/de263e0f-7911-4549-950d-2383e5e7323e-300x182.jpg 300w, https:\/\/www.radiopiu.net\/wordpress\/wp-content\/uploads\/2021\/08\/de263e0f-7911-4549-950d-2383e5e7323e.jpg 586w\" sizes=\"auto, (max-width: 300px) 100vw, 300px\" \/><\/a>\n\t\t\t\t<\/dt><\/dl><dl class='gallery-item'>\n\t\t\t\t<dt class='gallery-icon landscape'>\n\t\t\t\t\t<a class=\"rollover rollover-zoom dt-pswp-item\" title=\"35072056-196b-490c-a393-c9b91b82d08a\" data-dt-img-description=\"\" data-large_image_width=\"606\" data-large_image_height=\"359\"href='https:\/\/www.radiopiu.net\/wordpress\/wp-content\/uploads\/2021\/08\/35072056-196b-490c-a393-c9b91b82d08a.jpg'><img loading=\"lazy\" decoding=\"async\" width=\"300\" height=\"178\" src=\"https:\/\/www.radiopiu.net\/wordpress\/wp-content\/uploads\/2021\/08\/35072056-196b-490c-a393-c9b91b82d08a-300x178.jpg\" class=\"attachment-medium size-medium\" alt=\"\" srcset=\"https:\/\/www.radiopiu.net\/wordpress\/wp-content\/uploads\/2021\/08\/35072056-196b-490c-a393-c9b91b82d08a-300x178.jpg 300w, https:\/\/www.radiopiu.net\/wordpress\/wp-content\/uploads\/2021\/08\/35072056-196b-490c-a393-c9b91b82d08a.jpg 606w\" sizes=\"auto, (max-width: 300px) 100vw, 300px\" \/><\/a>\n\t\t\t\t<\/dt><\/dl><dl class='gallery-item'>\n\t\t\t\t<dt class='gallery-icon landscape'>\n\t\t\t\t\t<a class=\"rollover rollover-zoom dt-pswp-item\" title=\"ecc6983a-44fb-47af-9567-e1e870f90a04\" data-dt-img-description=\"\" data-large_image_width=\"604\" data-large_image_height=\"354\"href='https:\/\/www.radiopiu.net\/wordpress\/wp-content\/uploads\/2021\/08\/ecc6983a-44fb-47af-9567-e1e870f90a04.jpg'><img loading=\"lazy\" decoding=\"async\" width=\"300\" height=\"176\" src=\"https:\/\/www.radiopiu.net\/wordpress\/wp-content\/uploads\/2021\/08\/ecc6983a-44fb-47af-9567-e1e870f90a04-300x176.jpg\" class=\"attachment-medium size-medium\" alt=\"\" srcset=\"https:\/\/www.radiopiu.net\/wordpress\/wp-content\/uploads\/2021\/08\/ecc6983a-44fb-47af-9567-e1e870f90a04-300x176.jpg 300w, https:\/\/www.radiopiu.net\/wordpress\/wp-content\/uploads\/2021\/08\/ecc6983a-44fb-47af-9567-e1e870f90a04.jpg 604w\" sizes=\"auto, (max-width: 300px) 100vw, 300px\" \/><\/a>\n\t\t\t\t<\/dt><\/dl><dl class='gallery-item'>\n\t\t\t\t<dt class='gallery-icon landscape'>\n\t\t\t\t\t<a class=\"rollover rollover-zoom dt-pswp-item\" title=\"64431040-2806-4745-b47d-59dc56931ed2\" data-dt-img-description=\"\" data-large_image_width=\"602\" data-large_image_height=\"355\"href='https:\/\/www.radiopiu.net\/wordpress\/wp-content\/uploads\/2021\/08\/64431040-2806-4745-b47d-59dc56931ed2.jpg'><img loading=\"lazy\" decoding=\"async\" width=\"300\" height=\"177\" src=\"https:\/\/www.radiopiu.net\/wordpress\/wp-content\/uploads\/2021\/08\/64431040-2806-4745-b47d-59dc56931ed2-300x177.jpg\" class=\"attachment-medium size-medium\" alt=\"\" srcset=\"https:\/\/www.radiopiu.net\/wordpress\/wp-content\/uploads\/2021\/08\/64431040-2806-4745-b47d-59dc56931ed2-300x177.jpg 300w, https:\/\/www.radiopiu.net\/wordpress\/wp-content\/uploads\/2021\/08\/64431040-2806-4745-b47d-59dc56931ed2.jpg 602w\" sizes=\"auto, (max-width: 300px) 100vw, 300px\" \/><\/a>\n\t\t\t\t<\/dt><\/dl><dl class='gallery-item'>\n\t\t\t\t<dt class='gallery-icon landscape'>\n\t\t\t\t\t<a class=\"rollover rollover-zoom dt-pswp-item\" title=\"4cdf3145-e99b-49c1-9d55-71db0f434b3e\" data-dt-img-description=\"\" data-large_image_width=\"602\" data-large_image_height=\"358\"href='https:\/\/www.radiopiu.net\/wordpress\/wp-content\/uploads\/2021\/08\/4cdf3145-e99b-49c1-9d55-71db0f434b3e.jpg'><img loading=\"lazy\" decoding=\"async\" width=\"300\" height=\"178\" src=\"https:\/\/www.radiopiu.net\/wordpress\/wp-content\/uploads\/2021\/08\/4cdf3145-e99b-49c1-9d55-71db0f434b3e-300x178.jpg\" class=\"attachment-medium size-medium\" alt=\"\" srcset=\"https:\/\/www.radiopiu.net\/wordpress\/wp-content\/uploads\/2021\/08\/4cdf3145-e99b-49c1-9d55-71db0f434b3e-300x178.jpg 300w, https:\/\/www.radiopiu.net\/wordpress\/wp-content\/uploads\/2021\/08\/4cdf3145-e99b-49c1-9d55-71db0f434b3e.jpg 602w\" sizes=\"auto, (max-width: 300px) 100vw, 300px\" \/><\/a>\n\t\t\t\t<\/dt><\/dl><br style=\"clear: both\" \/>\n\t\t\t<\/div>\n\n<p>&nbsp;<\/p>\n<p>&nbsp;<\/p>\n<hr \/>\n<p>&nbsp;<\/p>\n<blockquote>\n<h3>IL MESSAGGIO DI VICINANZA AL DOTTOR NICOLINI DALL&#8217;ORDINE DEI MEDICI-CHIRURGHI E ODONTOIATRI DI BELLUNO<\/h3>\n<\/blockquote>\n<p><strong>BELLUNO<\/strong> Lettera dell&#8217;Ordine dei Medici &#8211; Chirurghi e Odontoiatri della provincia di Belluno per appoggiare le dichiarazioni del dottor Nicolini nel video promosso dalla ULSS 1 Dolomiti per la vaccinazione dei pi\u00f9 giovani.<\/p>\n<blockquote><p><em>L&#8217;Ordine dei Medici e degli Odontoiatri della provincia di Belluno esprime la totale condivisione del videomessaggio pubblicato dal dr. Nicolini nel sito della ULSS 1-Dolomiti sulla utilit\u00e0 e sicurezza della vaccinazione contro il virus SARS-COV2 in et\u00e0 pediatrica sopra i 12 anni.\u00a0 Il nostro Collega \u00e8 un medico in prima fila nella lotta al COVID-19 nell&#8217;Ospedale di Belluno e da anni risulta punto di riferimento professionale e scientifico per le infezioni in et\u00e0 pediatrica in provincia. Esprimiamo altres\u00ec la nostra profonda indignazione per le volgarit\u00e0 e gli attacchi personali a lui rivolti\u00a0 in commenti pubblici e invitiamo la popolazione ad attenersi con piena fiducia a quanto suggerito dal dr. Nicolini circa la vaccinazione in et\u00e0 pediatrica. Siamo fermamente convinti che le affermazioni infondate da parte di persone male informate circa l&#8217;utilit\u00e0 e la sicurezza dei vaccini e le spregevoli posizioni di persone con presunte competenze in materia rappresentano un ostacolo da contrastare con la forza delle evidenze scientifiche e dei risultati della campagna vaccinale, affinch\u00e9 il maggior numero possibile di persone si vaccinino e migliaia e migliaia di vite continuino ad essere salvate<\/em><\/p><\/blockquote>\n<p>&nbsp;<\/p>\n<p><iframe loading=\"lazy\" title=\"#WpertuttiNOI - dott. Giangiacomo Nicolini\" width=\"1200\" height=\"900\" src=\"https:\/\/www.youtube.com\/embed\/oIyIt8-G4k8?feature=oembed\" frameborder=\"0\" allow=\"accelerometer; autoplay; clipboard-write; encrypted-media; gyroscope; picture-in-picture\" allowfullscreen><\/iframe><\/p>\n<p>&nbsp;<\/p>\n<hr \/>\n<p>&nbsp;<\/p>\n<blockquote>\n<h3 class=\"p1\"><span class=\"s1\">ATTACCHI A NICOLINI, D&#8217;INC\u00c0 &#8220;SOLIDALE COL PEDIATRA, ATTACCHI IGNOBILI&#8221;<\/span><\/h3>\n<\/blockquote>\n<p class=\"p1\"><span class=\"s1\"><strong><a href=\"https:\/\/www.radiopiu.net\/wordpress\/giornale-radiopiu-13-febbraio-2021-direttore-mirko-mezzacasa\/dinca-5\/\" rel=\"attachment wp-att-190918\"><img loading=\"lazy\" decoding=\"async\" class=\"size-medium wp-image-190918 alignleft\" src=\"https:\/\/www.radiopiu.net\/wordpress\/wp-content\/uploads\/2021\/02\/dinca-300x300.jpg\" alt=\"\" width=\"300\" height=\"300\" srcset=\"https:\/\/www.radiopiu.net\/wordpress\/wp-content\/uploads\/2021\/02\/dinca-300x300.jpg 300w, https:\/\/www.radiopiu.net\/wordpress\/wp-content\/uploads\/2021\/02\/dinca-1024x1024.jpg 1024w, https:\/\/www.radiopiu.net\/wordpress\/wp-content\/uploads\/2021\/02\/dinca-150x150.jpg 150w, https:\/\/www.radiopiu.net\/wordpress\/wp-content\/uploads\/2021\/02\/dinca-768x767.jpg 768w, https:\/\/www.radiopiu.net\/wordpress\/wp-content\/uploads\/2021\/02\/dinca.jpg 1080w\" sizes=\"auto, (max-width: 300px) 100vw, 300px\" \/><\/a>ROMA <\/strong>&#8220;<em>Voglio esprimere la mia piena solidariet\u00e0 a Giangiacomo Nicolini per i gravi attacchi ricevuti in seguito al suo messaggio a favore della vaccinazione contro il Covid: sono gesti gravi e intollerabili che nulla hanno a che fare con la libert\u00e0 di opinione. Conosco Nicolini, lo stimo come pediatra e come persona impegnata nella propria professione e nella lotta che in questo lungo e difficile periodo ha portato avanti nei confronti del Coronavirus: un nemico che dobbiamo combattere proprio grazie alla vaccinazione, la vera arma per sconfiggerlo e per ritornare alla normalit\u00e0 che tutti attendiamo dopo tante sofferenze e sacrifici. Siamo in un momento cruciale per quanto riguarda la vaccinazione, entro settembre dobbiamo raggiungere la soglia dell&#8217;80% della popolazione vaccinata perch\u00e9 solo cos\u00ec riusciremo a mettere in sicurezza i fragili e a continuare a vivere senza le restrizioni che ci hanno fortemente limitato nei mesi passati. Il mio appello, quindi, \u00e8 quello di vaccinarsi e soprattutto di fidarsi della scienza, evitando di dare ascolto a chi esprime idee e attacchi privi di fondamento. Il dottor Nicolini e tutto il personale medico e sanitario impegnato in questa battaglia non \u00e8 solo: le istituzioni continueranno a sostenere il loro lavoro. Bisogna ringraziare chi si batte per la vaccinazione e per salvarci dal virus anzich\u00e9 lanciare ignobili insulti<\/em>&#8220;. Lo dichiara in una nota Federico D\u2019Inc\u00e0, Ministro per i Rapporti con il Parlamento.<\/span><\/p>\n<p>&nbsp;<\/p>\n<p>&nbsp;<\/p>\n<hr \/>\n<p>&nbsp;<\/p>\n<blockquote>\n<h3>MONOCLONALI:\u00a0 ATTIVATO UN PERCORSO PER IL TRATTAMENTO PRECOCE<\/h3>\n<\/blockquote>\n<p><strong><a href=\"https:\/\/www.radiopiu.net\/wordpress\/monoclonali-pronti-per-la-somministrazione-in-ulss-1-dolomiti\/ulss-1-2\/\" rel=\"attachment wp-att-198838\"><img loading=\"lazy\" decoding=\"async\" class=\"size-medium wp-image-198838 alignleft\" src=\"https:\/\/www.radiopiu.net\/wordpress\/wp-content\/uploads\/2021\/03\/ULSS-1-300x158.jpg\" alt=\"\" width=\"300\" height=\"158\" srcset=\"https:\/\/www.radiopiu.net\/wordpress\/wp-content\/uploads\/2021\/03\/ULSS-1-300x158.jpg 300w, https:\/\/www.radiopiu.net\/wordpress\/wp-content\/uploads\/2021\/03\/ULSS-1-768x404.jpg 768w, https:\/\/www.radiopiu.net\/wordpress\/wp-content\/uploads\/2021\/03\/ULSS-1.jpg 776w\" sizes=\"auto, (max-width: 300px) 100vw, 300px\" \/><\/a>BELLUNO <\/strong>E\u2019 stato attivato un percorso per potenziare e facilitare il trattamento dei pazienti covid positivi con gli anticorpi monoclonali. Nell\u2019ambito del contenimento del contagio, il trattamento con anticorpi monoclonali ha dimostrato di ridurre il rischio di ospedalizzazione e la carica virale (e quindi il rischio di trasmissione), rivestendo un ruolo essenziale. I monoclonali sono anticorpi IgG1 che neutralizzano la proteina spike di SARS-CoV-2, impedendone il legame con il recettore ACE2, prevenendo cos\u00ec il successivo ingresso virale nelle cellule umane e di conseguenza la replicazione virale. In Ulss Dolomiti, la terapia contro il covid attraverso l\u2019uso dei monoclonali ha preso avvio gi\u00e0 in marzo, con risultati molto soddisfacenti. Ad oggi sono state somministrate dalla UOC di Malattie Infettive di Belluno oltre 50 dosi. Secondo le nuove indicazioni regionali, i monoclonali possono essere somministrati ai pazienti positivi sintomatici ad alto rischio. Fondamentale \u00e8 la tempestivit\u00e0 del trattamento. Per questo, gi\u00e0 nell\u2019attivit\u00e0 di contact tracing, il Dipartimento di Prevenzione fornir\u00e0 indicazioni circa il trattamento e i contatti delle Malattie Infettive di Belluno per la richiesta di somministrazione che sar\u00e0 valutata dal team del reparto. I contatti delle malattie infettive a cui richiedere la somministrazione dei monoclonali sono: malattieinfettive.monoclonali@aulss1.veneto.it La somministrazione avviene per via endovenosa della durata di circa un\u2019ora con una successiva ora di monitoraggio, visto che il farmaco ad oggi non ha ancora ricevuto la autorizzazione definitiva da EMA. Il paziente terminata la somministrazione ed il monitoraggio pu\u00f2 ritornare a domicilio per continuare l\u2019isolamento fino alla negativizzazione del tampone ed alla ripresa delle normali attivit\u00e0. \u00ab<em>I pazienti trattati ad oggi sono oltre 50. La fascia d\u2019et\u00e0 pi\u00f9 rappresentata \u00e8 quella tra i 70 e i 79 anni Dei pazienti trattati, solo una piccola minoranza ha avuto poi bisogno di ricovero, peraltro per sintomatologia lieve. I Mococlonali risultano molto pi\u00f9 efficaci purch\u00e9\u00a0vengano somministrati entro i primi 3-5 giorni<\/em> \u00bb, spiega Renzo Scaggiante direttore delle Malattie Infettive.<\/p>\n<p>&nbsp;<\/p>\n<p>&nbsp;<\/p>\n<hr \/>\n<p>&nbsp;<\/p>\n<blockquote>\n<h3>IL 56\u00b0 ANNIVERSARIO DELLA TRAGEDIA DI MATTMARK<\/h3>\n<\/blockquote>\n<p><strong>SEDICO<\/strong> \u00ab<em>C\u2019era fretta di completare questa diga. Qualcuno sapeva cosa stava succedendo. Dal mio paese, Sospirolo, eravamo in trenta. Tra di noi ha perso la vita Casal<\/em>\u00bb. \u00abHo fatto trent\u2019anni di lavoro in Svizzera, di questi sei a Mattmark a costruire quella maledetta diga. Tutte le vittime di questa tragedia erano miei amici. Un\u2019amicizia particolare quella che si costruisce nei cantieri. Per questo il dolore per la morte dei miei compagni \u00e8 ancora forte. Inoltre noi operai per l\u2019azienda non eravamo niente. Contava solo il guadagno\u00bb. \u00abMio padre Angelo Bressan ha lavorato a Mattmark all\u2019et\u00e0 di diciassette anni, assieme ad altri suoi due fratelli e a mio nonno. Fortunatamente tutti e quattro si sono salvati, perch\u00e9 in quel momento non erano presenti nel cantiere. Mio nonno per\u00f2 era ricoverato all\u2019ospedale di Berna per un controllo e, quando venne a sapere della tragedia &#8211; pensando che i suoi figli fossero feriti &#8211; gli venne una paralisi permanente. Aveva solo cinquantadue anni. Questa catastrofe ha segnato tutta la nostra famiglia. Dall\u2019inizio alla fine\u00bb. Sono le testimonianze portate rispettivamente da Lovat, Da Deppo e Bressan. Superstiti e parenti che hanno subito in prima persona l\u2019immane tragedia di Mattmark commemorata ieri mattina, nel 56\u00b0 anniversario, a Mas di Sedico.\u2028 \u2028Una commemorazione organizzata dall\u2019Associazione Bellunesi nel Mondo e dalla Famiglia ex emigranti \u201cMonte Pizzocco\u201d, con il patrocino dei Comuni di Cesiomaggiore, San Gregorio nelle Alpi, Santa Giustina, Sedico e Sospirolo.<\/p>\n\n\t\t\t<style type='text\/css'>\n\t\t\t\t#gallery-6 {\n\t\t\t\t\tmargin: auto;\n\t\t\t\t}\n\t\t\t\t#gallery-6 .gallery-item {\n\t\t\t\t\tfloat: left;\n\t\t\t\t\tmargin-top: 10px;\n\t\t\t\t\ttext-align: center;\n\t\t\t\t\twidth: 25%;\n\t\t\t\t}\n\t\t\t\t#gallery-6 img {\n\t\t\t\t\tborder: 2px solid #cfcfcf;\n\t\t\t\t}\n\t\t\t\t#gallery-6 .gallery-caption {\n\t\t\t\t\tmargin-left: 0;\n\t\t\t\t}\n\t\t\t\t\/* see gallery_shortcode() in wp-includes\/media.php *\/\n\t\t\t<\/style>\n\t\t<div id='gallery-6' class='dt-gallery-container gallery galleryid-229993 gallery-columns-4 gallery-size-medium'><dl class='gallery-item'>\n\t\t\t\t<dt class='gallery-icon landscape'>\n\t\t\t\t\t<a class=\"rollover rollover-zoom dt-pswp-item\" title=\"mattmark_autorita_presenti\" data-dt-img-description=\"\" data-large_image_width=\"1599\" data-large_image_height=\"899\"href='https:\/\/www.radiopiu.net\/wordpress\/wp-content\/uploads\/2021\/08\/mattmark_autorita_presenti.jpeg'><img loading=\"lazy\" decoding=\"async\" width=\"300\" height=\"169\" src=\"https:\/\/www.radiopiu.net\/wordpress\/wp-content\/uploads\/2021\/08\/mattmark_autorita_presenti-300x169.jpeg\" class=\"attachment-medium size-medium\" alt=\"\" srcset=\"https:\/\/www.radiopiu.net\/wordpress\/wp-content\/uploads\/2021\/08\/mattmark_autorita_presenti-300x169.jpeg 300w, https:\/\/www.radiopiu.net\/wordpress\/wp-content\/uploads\/2021\/08\/mattmark_autorita_presenti-1024x576.jpeg 1024w, https:\/\/www.radiopiu.net\/wordpress\/wp-content\/uploads\/2021\/08\/mattmark_autorita_presenti-768x432.jpeg 768w, https:\/\/www.radiopiu.net\/wordpress\/wp-content\/uploads\/2021\/08\/mattmark_autorita_presenti-1536x864.jpeg 1536w, https:\/\/www.radiopiu.net\/wordpress\/wp-content\/uploads\/2021\/08\/mattmark_autorita_presenti.jpeg 1599w\" sizes=\"auto, (max-width: 300px) 100vw, 300px\" \/><\/a>\n\t\t\t\t<\/dt><\/dl><dl class='gallery-item'>\n\t\t\t\t<dt class='gallery-icon landscape'>\n\t\t\t\t\t<a class=\"rollover rollover-zoom dt-pswp-item\" title=\"mattmark_intervento_bressan\" data-dt-img-description=\"\" data-large_image_width=\"1599\" data-large_image_height=\"899\"href='https:\/\/www.radiopiu.net\/wordpress\/wp-content\/uploads\/2021\/08\/mattmark_intervento_bressan.jpeg'><img loading=\"lazy\" decoding=\"async\" width=\"300\" height=\"169\" src=\"https:\/\/www.radiopiu.net\/wordpress\/wp-content\/uploads\/2021\/08\/mattmark_intervento_bressan-300x169.jpeg\" class=\"attachment-medium size-medium\" alt=\"\" srcset=\"https:\/\/www.radiopiu.net\/wordpress\/wp-content\/uploads\/2021\/08\/mattmark_intervento_bressan-300x169.jpeg 300w, https:\/\/www.radiopiu.net\/wordpress\/wp-content\/uploads\/2021\/08\/mattmark_intervento_bressan-1024x576.jpeg 1024w, https:\/\/www.radiopiu.net\/wordpress\/wp-content\/uploads\/2021\/08\/mattmark_intervento_bressan-768x432.jpeg 768w, https:\/\/www.radiopiu.net\/wordpress\/wp-content\/uploads\/2021\/08\/mattmark_intervento_bressan-1536x864.jpeg 1536w, https:\/\/www.radiopiu.net\/wordpress\/wp-content\/uploads\/2021\/08\/mattmark_intervento_bressan.jpeg 1599w\" sizes=\"auto, (max-width: 300px) 100vw, 300px\" \/><\/a>\n\t\t\t\t<\/dt><\/dl><dl class='gallery-item'>\n\t\t\t\t<dt class='gallery-icon landscape'>\n\t\t\t\t\t<a class=\"rollover rollover-zoom dt-pswp-item\" title=\"mattmark_intervento_deon_stefano\" data-dt-img-description=\"\" data-large_image_width=\"1599\" data-large_image_height=\"899\"href='https:\/\/www.radiopiu.net\/wordpress\/wp-content\/uploads\/2021\/08\/mattmark_intervento_deon_stefano.jpeg'><img loading=\"lazy\" decoding=\"async\" width=\"300\" height=\"169\" src=\"https:\/\/www.radiopiu.net\/wordpress\/wp-content\/uploads\/2021\/08\/mattmark_intervento_deon_stefano-300x169.jpeg\" class=\"attachment-medium size-medium\" alt=\"\" srcset=\"https:\/\/www.radiopiu.net\/wordpress\/wp-content\/uploads\/2021\/08\/mattmark_intervento_deon_stefano-300x169.jpeg 300w, https:\/\/www.radiopiu.net\/wordpress\/wp-content\/uploads\/2021\/08\/mattmark_intervento_deon_stefano-1024x576.jpeg 1024w, https:\/\/www.radiopiu.net\/wordpress\/wp-content\/uploads\/2021\/08\/mattmark_intervento_deon_stefano-768x432.jpeg 768w, https:\/\/www.radiopiu.net\/wordpress\/wp-content\/uploads\/2021\/08\/mattmark_intervento_deon_stefano-1536x864.jpeg 1536w, https:\/\/www.radiopiu.net\/wordpress\/wp-content\/uploads\/2021\/08\/mattmark_intervento_deon_stefano.jpeg 1599w\" sizes=\"auto, (max-width: 300px) 100vw, 300px\" \/><\/a>\n\t\t\t\t<\/dt><\/dl><dl class='gallery-item'>\n\t\t\t\t<dt class='gallery-icon landscape'>\n\t\t\t\t\t<a class=\"rollover rollover-zoom dt-pswp-item\" title=\"mattmark_intervento_gianni_da_deppo\" data-dt-img-description=\"\" data-large_image_width=\"1599\" data-large_image_height=\"899\"href='https:\/\/www.radiopiu.net\/wordpress\/wp-content\/uploads\/2021\/08\/mattmark_intervento_gianni_da_deppo.jpeg'><img loading=\"lazy\" decoding=\"async\" width=\"300\" height=\"169\" src=\"https:\/\/www.radiopiu.net\/wordpress\/wp-content\/uploads\/2021\/08\/mattmark_intervento_gianni_da_deppo-300x169.jpeg\" class=\"attachment-medium size-medium\" alt=\"\" srcset=\"https:\/\/www.radiopiu.net\/wordpress\/wp-content\/uploads\/2021\/08\/mattmark_intervento_gianni_da_deppo-300x169.jpeg 300w, https:\/\/www.radiopiu.net\/wordpress\/wp-content\/uploads\/2021\/08\/mattmark_intervento_gianni_da_deppo-1024x576.jpeg 1024w, https:\/\/www.radiopiu.net\/wordpress\/wp-content\/uploads\/2021\/08\/mattmark_intervento_gianni_da_deppo-768x432.jpeg 768w, https:\/\/www.radiopiu.net\/wordpress\/wp-content\/uploads\/2021\/08\/mattmark_intervento_gianni_da_deppo-1536x864.jpeg 1536w, https:\/\/www.radiopiu.net\/wordpress\/wp-content\/uploads\/2021\/08\/mattmark_intervento_gianni_da_deppo.jpeg 1599w\" sizes=\"auto, (max-width: 300px) 100vw, 300px\" \/><\/a>\n\t\t\t\t<\/dt><\/dl><br style=\"clear: both\" \/>\n\t\t\t<\/div>\n\n<p>&nbsp;<\/p>\n<p>&nbsp;<\/p>\n<hr \/>\n<p>&nbsp;<\/p>\n<blockquote>\n<h3>LA PRESENTAZIONE DEL LUNARIO DEL POI<\/h3>\n<\/blockquote>\n<p><strong>VOLTAGO<\/strong> Si \u00e8 svolta venerd\u00ec sera la serata dedicata alla presentazione del Lunario Del Poi. &#8220;<em>Immagini, parole, musica ed emozioni in una sera d\u2019estate\u201d\u00a0<\/em>\u00e8 il titolo dato a questa serata. Proiezioni di immagini \u2013 d\u2019epoca e attuali \u2013 sulla parete della chiesa, due voci fuori campo e i brani live del quartetto strumentale \u201cBanda del Cion\u201d (fisarmonica, chitarra, flauto e mandolino) hanno fatto da sottofondo musicale. Alla serata anche il \u201cGruppo Folk del P\u00f3i\u201d.<\/p>\n<p><strong>GABRIELE RIVA, CAPO BAL DEL GRUPPO FOLK LADIN DEL POI<\/strong><\/p>\n<audio class=\"wp-audio-shortcode\" id=\"audio-229993-2\" preload=\"none\" style=\"width: 100%;\" controls=\"controls\"><source type=\"audio\/mpeg\" src=\"https:\/\/www.radiopiu.net\/wordpress\/wp-content\/uploads\/2021\/08\/GABRIELE-RIVA-LUNARIO.mp3?_=2\" \/><a href=\"https:\/\/www.radiopiu.net\/wordpress\/wp-content\/uploads\/2021\/08\/GABRIELE-RIVA-LUNARIO.mp3\">https:\/\/www.radiopiu.net\/wordpress\/wp-content\/uploads\/2021\/08\/GABRIELE-RIVA-LUNARIO.mp3<\/a><\/audio>\n<p>&nbsp;<\/p>\n\n\t\t\t<style type='text\/css'>\n\t\t\t\t#gallery-7 {\n\t\t\t\t\tmargin: auto;\n\t\t\t\t}\n\t\t\t\t#gallery-7 .gallery-item {\n\t\t\t\t\tfloat: left;\n\t\t\t\t\tmargin-top: 10px;\n\t\t\t\t\ttext-align: center;\n\t\t\t\t\twidth: 33%;\n\t\t\t\t}\n\t\t\t\t#gallery-7 img {\n\t\t\t\t\tborder: 2px solid #cfcfcf;\n\t\t\t\t}\n\t\t\t\t#gallery-7 .gallery-caption {\n\t\t\t\t\tmargin-left: 0;\n\t\t\t\t}\n\t\t\t\t\/* see gallery_shortcode() in wp-includes\/media.php *\/\n\t\t\t<\/style>\n\t\t<div id='gallery-7' class='dt-gallery-container gallery galleryid-229993 gallery-columns-3 gallery-size-medium'><dl class='gallery-item'>\n\t\t\t\t<dt class='gallery-icon landscape'>\n\t\t\t\t\t<a class=\"rollover rollover-zoom dt-pswp-item\" title=\"ac2b4dff-9b6f-4a75-8e75-f93125c96378\" data-dt-img-description=\"\" data-large_image_width=\"2000\" data-large_image_height=\"934\"href='https:\/\/www.radiopiu.net\/wordpress\/wp-content\/uploads\/2021\/08\/ac2b4dff-9b6f-4a75-8e75-f93125c96378.jpg'><img loading=\"lazy\" decoding=\"async\" width=\"300\" height=\"140\" src=\"https:\/\/www.radiopiu.net\/wordpress\/wp-content\/uploads\/2021\/08\/ac2b4dff-9b6f-4a75-8e75-f93125c96378-300x140.jpg\" class=\"attachment-medium size-medium\" alt=\"\" srcset=\"https:\/\/www.radiopiu.net\/wordpress\/wp-content\/uploads\/2021\/08\/ac2b4dff-9b6f-4a75-8e75-f93125c96378-300x140.jpg 300w, https:\/\/www.radiopiu.net\/wordpress\/wp-content\/uploads\/2021\/08\/ac2b4dff-9b6f-4a75-8e75-f93125c96378-1024x478.jpg 1024w, https:\/\/www.radiopiu.net\/wordpress\/wp-content\/uploads\/2021\/08\/ac2b4dff-9b6f-4a75-8e75-f93125c96378-768x359.jpg 768w, https:\/\/www.radiopiu.net\/wordpress\/wp-content\/uploads\/2021\/08\/ac2b4dff-9b6f-4a75-8e75-f93125c96378-1536x717.jpg 1536w, https:\/\/www.radiopiu.net\/wordpress\/wp-content\/uploads\/2021\/08\/ac2b4dff-9b6f-4a75-8e75-f93125c96378.jpg 2000w\" sizes=\"auto, (max-width: 300px) 100vw, 300px\" \/><\/a>\n\t\t\t\t<\/dt><\/dl><dl class='gallery-item'>\n\t\t\t\t<dt class='gallery-icon landscape'>\n\t\t\t\t\t<a class=\"rollover rollover-zoom dt-pswp-item\" title=\"9a6251a9-4cd8-4069-8131-40d8d4bfd7da\" data-dt-img-description=\"\" data-large_image_width=\"1600\" data-large_image_height=\"747\"href='https:\/\/www.radiopiu.net\/wordpress\/wp-content\/uploads\/2021\/08\/9a6251a9-4cd8-4069-8131-40d8d4bfd7da.jpg'><img loading=\"lazy\" decoding=\"async\" width=\"300\" height=\"140\" src=\"https:\/\/www.radiopiu.net\/wordpress\/wp-content\/uploads\/2021\/08\/9a6251a9-4cd8-4069-8131-40d8d4bfd7da-300x140.jpg\" class=\"attachment-medium size-medium\" alt=\"\" srcset=\"https:\/\/www.radiopiu.net\/wordpress\/wp-content\/uploads\/2021\/08\/9a6251a9-4cd8-4069-8131-40d8d4bfd7da-300x140.jpg 300w, https:\/\/www.radiopiu.net\/wordpress\/wp-content\/uploads\/2021\/08\/9a6251a9-4cd8-4069-8131-40d8d4bfd7da-1024x478.jpg 1024w, https:\/\/www.radiopiu.net\/wordpress\/wp-content\/uploads\/2021\/08\/9a6251a9-4cd8-4069-8131-40d8d4bfd7da-768x359.jpg 768w, https:\/\/www.radiopiu.net\/wordpress\/wp-content\/uploads\/2021\/08\/9a6251a9-4cd8-4069-8131-40d8d4bfd7da-1536x717.jpg 1536w, https:\/\/www.radiopiu.net\/wordpress\/wp-content\/uploads\/2021\/08\/9a6251a9-4cd8-4069-8131-40d8d4bfd7da.jpg 1600w\" sizes=\"auto, (max-width: 300px) 100vw, 300px\" \/><\/a>\n\t\t\t\t<\/dt><\/dl><dl class='gallery-item'>\n\t\t\t\t<dt class='gallery-icon landscape'>\n\t\t\t\t\t<a class=\"rollover rollover-zoom dt-pswp-item\" title=\"5aba1da0-5c56-4775-97ea-abb7d628ae48\" data-dt-img-description=\"\" data-large_image_width=\"1600\" data-large_image_height=\"747\"href='https:\/\/www.radiopiu.net\/wordpress\/wp-content\/uploads\/2021\/08\/5aba1da0-5c56-4775-97ea-abb7d628ae48.jpg'><img loading=\"lazy\" decoding=\"async\" width=\"300\" height=\"140\" src=\"https:\/\/www.radiopiu.net\/wordpress\/wp-content\/uploads\/2021\/08\/5aba1da0-5c56-4775-97ea-abb7d628ae48-300x140.jpg\" class=\"attachment-medium size-medium\" alt=\"\" srcset=\"https:\/\/www.radiopiu.net\/wordpress\/wp-content\/uploads\/2021\/08\/5aba1da0-5c56-4775-97ea-abb7d628ae48-300x140.jpg 300w, https:\/\/www.radiopiu.net\/wordpress\/wp-content\/uploads\/2021\/08\/5aba1da0-5c56-4775-97ea-abb7d628ae48-1024x478.jpg 1024w, https:\/\/www.radiopiu.net\/wordpress\/wp-content\/uploads\/2021\/08\/5aba1da0-5c56-4775-97ea-abb7d628ae48-768x359.jpg 768w, https:\/\/www.radiopiu.net\/wordpress\/wp-content\/uploads\/2021\/08\/5aba1da0-5c56-4775-97ea-abb7d628ae48-1536x717.jpg 1536w, https:\/\/www.radiopiu.net\/wordpress\/wp-content\/uploads\/2021\/08\/5aba1da0-5c56-4775-97ea-abb7d628ae48.jpg 1600w\" sizes=\"auto, (max-width: 300px) 100vw, 300px\" \/><\/a>\n\t\t\t\t<\/dt><\/dl><br style=\"clear: both\" \/>\n\t\t\t<\/div>\n\n<p>&nbsp;<\/p>\n<p><strong>IL GRUPPO FOLK LADIN DEL POI CON I SUOI BALLI<\/strong><\/p>\n<div style=\"width: 1200px;\" class=\"wp-video\"><video class=\"wp-video-shortcode\" id=\"video-229993-2\" width=\"1200\" height=\"675\" preload=\"metadata\" controls=\"controls\"><source type=\"video\/mp4\" src=\"https:\/\/www.radiopiu.net\/wordpress\/wp-content\/uploads\/2021\/08\/LUNARIO-DEL-POI-2021.mp4?_=2\" \/><a href=\"https:\/\/www.radiopiu.net\/wordpress\/wp-content\/uploads\/2021\/08\/LUNARIO-DEL-POI-2021.mp4\">https:\/\/www.radiopiu.net\/wordpress\/wp-content\/uploads\/2021\/08\/LUNARIO-DEL-POI-2021.mp4<\/a><\/video><\/div>\n<p>&nbsp;<\/p>\n<hr \/>\n<p>&nbsp;<\/p>\n<blockquote>\n<h3>GIULIA FONTANIVE, 103 ANNI E IL SUO ORTO&#8230;L&#8217;ESPERIENZA PAGA E NEI PROSSIMI GIORNI IL RACCOLTO<\/h3>\n<\/blockquote>\n<p><strong><a href=\"https:\/\/www.radiopiu.net\/wordpress\/giulia-fontanive-103-anni-e-il-suo-orto-lesperienza-paga-e-nei-prossimi-giorni-il-raccolto\/300cf884-b2e2-4dc9-b6e1-0639f0615d23\/\" rel=\"attachment wp-att-230022\"><img loading=\"lazy\" decoding=\"async\" class=\"size-medium wp-image-230022 alignleft\" src=\"https:\/\/www.radiopiu.net\/wordpress\/wp-content\/uploads\/2021\/08\/300cf884-b2e2-4dc9-b6e1-0639f0615d23-169x300.jpg\" alt=\"\" width=\"169\" height=\"300\" srcset=\"https:\/\/www.radiopiu.net\/wordpress\/wp-content\/uploads\/2021\/08\/300cf884-b2e2-4dc9-b6e1-0639f0615d23-169x300.jpg 169w, https:\/\/www.radiopiu.net\/wordpress\/wp-content\/uploads\/2021\/08\/300cf884-b2e2-4dc9-b6e1-0639f0615d23-576x1024.jpg 576w, https:\/\/www.radiopiu.net\/wordpress\/wp-content\/uploads\/2021\/08\/300cf884-b2e2-4dc9-b6e1-0639f0615d23-768x1366.jpg 768w, https:\/\/www.radiopiu.net\/wordpress\/wp-content\/uploads\/2021\/08\/300cf884-b2e2-4dc9-b6e1-0639f0615d23-864x1536.jpg 864w, https:\/\/www.radiopiu.net\/wordpress\/wp-content\/uploads\/2021\/08\/300cf884-b2e2-4dc9-b6e1-0639f0615d23.jpg 899w\" sizes=\"auto, (max-width: 169px) 100vw, 169px\" \/><\/a> <\/strong><\/p>\n<p><strong>\u00a0<\/strong><\/p>\n<p><strong>\u00a0<\/strong><\/p>\n<p><strong>\u00a0<\/strong><strong>\u00a0<\/strong><\/p>\n<p><strong>CANALE D&#8217;AGORDO<\/strong> Nei mesi scorsi qualcuno sorrideva guardando l&#8217;orto gi\u00e0 seminato, ma la 103enne Giulia Fontanive aveva ragione e nei prossimi giorni potr\u00e0 consumare il raccolto prima degli altri.<\/p>\n<p><em>(foto: John Francis Della Pietra)<\/em><\/p>\n<p>&nbsp;<\/p>\n<p>&nbsp;<\/p>\n<p>&nbsp;<\/p>\n<p>&nbsp;<\/p>\n<p>&nbsp;<\/p>\n<p>&nbsp;<\/p>\n<h3><span style=\"color: #0000ff;\">DAL SITO DI RADIO PIU&#8217; GLI AUGURI A NONNA GIULIA<\/span><\/h3>\n<blockquote class=\"wp-embedded-content\" data-secret=\"aEqIvFGKE0\"><p><a href=\"https:\/\/www.radiopiu.net\/wordpress\/oggi-can-dagordo-in-festa-per-giulia-la-ragazza-del-1918\/\">OGGI CANALE D&#8217;AGORDO IN FESTA PER GIULIA LA RAGAZZA DEL  1918<\/a><\/p><\/blockquote>\n<p><iframe loading=\"lazy\" class=\"wp-embedded-content\" sandbox=\"allow-scripts\" security=\"restricted\" style=\"position: absolute; clip: rect(1px, 1px, 1px, 1px);\" title=\"&#8220;OGGI CANALE D&#8217;AGORDO IN FESTA PER GIULIA LA RAGAZZA DEL  1918&#8221; &#8212; Radio Pi\u00f9\" src=\"https:\/\/www.radiopiu.net\/wordpress\/oggi-can-dagordo-in-festa-per-giulia-la-ragazza-del-1918\/embed\/#?secret=aEqIvFGKE0\" data-secret=\"aEqIvFGKE0\" width=\"600\" height=\"338\" frameborder=\"0\" marginwidth=\"0\" marginheight=\"0\" scrolling=\"no\"><\/iframe><\/p>\n<p>&nbsp;<\/p>\n<hr \/>\n<p>&nbsp;<\/p>\n<blockquote>\n<h3>LE PICCOLE IMPRESE PAGANO L\u2019ENERGIA IL DOPPIO E IL GAS IL 178% IN PI\u00d9 DELLE GRANDI. VENETO REGIONE PIU\u2019 PENALIZZATA<\/h3>\n<\/blockquote>\n<p>Il nostro, purtroppo, non \u00e8 un Paese a misura di piccole imprese. A ribadirlo ancora una volta \u00e8 l\u2019Ufficio studi della CGIA. Anche in merito alle tariffe di luce e gas, l\u2019esito che emerge dal confronto con le grandi industrie \u00e8 impietoso. Per quanto concerne l\u2019energia elettrica, le nostre piccole aziende pagano mediamente 151,4 euro ogni 1.000 kWh consumati (Iva esclusa) contro i 77 euro ogni 1.000 kWh delle grandi, praticamente quasi il doppio (per la precisone il 96,6 per cento in pi\u00f9) (vedi Tab. 1). In riferimento al gas, invece, il <a class=\"dt-pswp-item\" href=\"https:\/\/www.radiopiu.net\/wordpress\/wp-content\/uploads\/2021\/08\/Schermata-2021-08-28-alle-10.35.34.png\" data-dt-img-description=\"\" data-large_image_width=\"1180\" data-large_image_height=\"500\"><img loading=\"lazy\" decoding=\"async\" class=\"alignleft size-medium wp-image-229981\" src=\"https:\/\/www.radiopiu.net\/wordpress\/wp-content\/uploads\/2021\/08\/Schermata-2021-08-28-alle-10.35.34-300x127.png\" alt=\"\" width=\"300\" height=\"127\" srcset=\"https:\/\/www.radiopiu.net\/wordpress\/wp-content\/uploads\/2021\/08\/Schermata-2021-08-28-alle-10.35.34-300x127.png 300w, https:\/\/www.radiopiu.net\/wordpress\/wp-content\/uploads\/2021\/08\/Schermata-2021-08-28-alle-10.35.34-1024x434.png 1024w, https:\/\/www.radiopiu.net\/wordpress\/wp-content\/uploads\/2021\/08\/Schermata-2021-08-28-alle-10.35.34-768x325.png 768w, https:\/\/www.radiopiu.net\/wordpress\/wp-content\/uploads\/2021\/08\/Schermata-2021-08-28-alle-10.35.34.png 1180w\" sizes=\"auto, (max-width: 300px) 100vw, 300px\" \/><\/a>divario \u00e8 ancor pi\u00f9 pesante. A fronte di un costo medio in capo alle piccole imprese di 59 euro ogni 1.000 kWh (Iva esclusa), alle grandi aziende viene applicata una tariffa media di 21,2 euro ogni 1.000 kWh. In buona sostanza, le prime pagano addirittura il 178 per cento in pi\u00f9 delle seconde (vedi Tab. 2). In nessun altro paese dell\u2019Area euro c\u2019\u00e8 un disallineamento delle tariffe energetiche cos\u00ec elevato tra queste due classi dimensionali. E il peso di tale disallineamento sul sistema produttivo nazionale risulta evidente se si considera che il 99,5 per cento circa delle aziende \u00e8 di piccola dimensione (meno di 50 addetti) e d\u00e0 lavoro, al netto del pubblico impiego, al 65 per cento degli italiani.<\/p>\n<p><img loading=\"lazy\" decoding=\"async\" class=\"alignleft size-medium wp-image-229980\" src=\"https:\/\/www.radiopiu.net\/wordpress\/wp-content\/uploads\/2021\/08\/Schermata-2021-08-28-alle-10.35.46-300x114.png\" alt=\"\" width=\"300\" height=\"114\" srcset=\"https:\/\/www.radiopiu.net\/wordpress\/wp-content\/uploads\/2021\/08\/Schermata-2021-08-28-alle-10.35.46-300x114.png 300w, https:\/\/www.radiopiu.net\/wordpress\/wp-content\/uploads\/2021\/08\/Schermata-2021-08-28-alle-10.35.46-1024x391.png 1024w, https:\/\/www.radiopiu.net\/wordpress\/wp-content\/uploads\/2021\/08\/Schermata-2021-08-28-alle-10.35.46-768x293.png 768w, https:\/\/www.radiopiu.net\/wordpress\/wp-content\/uploads\/2021\/08\/Schermata-2021-08-28-alle-10.35.46.png 1138w\" sizes=\"auto, (max-width: 300px) 100vw, 300px\" \/><\/p>\n<p><strong>Il Veneto \u00e8 tra le realt\u00e0 pi\u00f9 penalizzate<\/strong><br \/>\nL\u2019Ufficio studi della CGIA sottolinea che in un Paese di nani \u00e8 lo spilungone a rappresentare l\u2019eccezione. In Italia, invece, succede il contrario. Nonostante il 98 per cento delle nostre aziende abbia meno di 20 addetti, la legislazione \u00e8 calibrata solo sulle grandi imprese.<br \/>\nL\u2019energia, il fisco, il credito e la burocrazia dovrebbero agevolare la vita delle Pmi, invece sono la causa dell\u2019angoscia che tantissimi padroncini vivono ogni giorno. Tali criticit\u00e0 sono sentite soprattutto nel Veneto; sia perch\u00e9 siamo la regione che ha il pi\u00f9 alto numero di piccole imprese sia perch\u00e8 abbiamo un\u2019altissima vocazione all\u2019export. Quest\u2019ultima specificit\u00e0, infatti, obbliga il nostro sistema produttivo a misurarsi ogni giorno con concorrenti stranieri che queste difficolt\u00e0 non sanno nemmeno cosa siano. Anzi, per loro \u00e8 normale che il proprio sistema Paese, soprattutto nelle fasi di difficolt\u00e0 come queste, sia di appoggio e di sostegno alle aziende, cosa che, purtroppo, da noi non accade.<\/p>\n<p><strong>Bolletta elettrica pi\u00f9 leggera per le grandi, tanto a pa<\/strong><\/p>\n<p><strong>gare sono i piccoli<\/strong><br \/>\nIn merito alle tariffe dell\u2019energia elettrica, ad aver aumentato lo storico differenziale tra piccole e grandi imprese ha contribuito l\u2019entrata in vigore, dal primo gennaio 2018, della riforma degli energivori. L\u2019effetto prodotto da questa novit\u00e0 legislativa, che prevede un costo agevolato dell\u2019energia elettrica per le grandi industrie, di fatto ha azzerato a queste ultime la voce \u201cOneri e Imposte\u201d, ridistribuendola a carico di tutte le altre categorie di imprese escluse dalle agevolazioni. Per quanto concerne il gas, invece, il divario tariffario \u00e8 riconducibile al fatto che tutte le grandi imprese ricevono dai fornitori delle offerte personalizzate con un prezzo stabilito su misura e sulla base delle proprie necessit\u00e0. Pertanto, in sede di trattativa, il peso dei consumi \u00e8 determinante per \u201cstrappare\u201d al fornitore una tariffa molto vantaggiosa. Possibilit\u00e0 che, ovviamente, alle piccole imprese \u00e8 preclusa. Va altres\u00ec ricordato che nel mercato libero le offerte di prezzo possono interessare solo la componente energia; le altre voci di spesa &#8211; come le spese di trasporto, gli oneri di sistema, la gestione del contatore etc. &#8211; sono stabilite periodicamente dall\u2019Autorit\u00e0 per l\u2019Energia e sono uguali per tutti i fornitori.<\/p>\n<p><img loading=\"lazy\" decoding=\"async\" class=\"alignleft size-medium wp-image-229979\" src=\"https:\/\/www.radiopiu.net\/wordpress\/wp-content\/uploads\/2021\/08\/Schermata-2021-08-28-alle-10.36.10-256x300.png\" alt=\"\" width=\"256\" height=\"300\" srcset=\"https:\/\/www.radiopiu.net\/wordpress\/wp-content\/uploads\/2021\/08\/Schermata-2021-08-28-alle-10.36.10-256x300.png 256w, https:\/\/www.radiopiu.net\/wordpress\/wp-content\/uploads\/2021\/08\/Schermata-2021-08-28-alle-10.36.10-874x1024.png 874w, https:\/\/www.radiopiu.net\/wordpress\/wp-content\/uploads\/2021\/08\/Schermata-2021-08-28-alle-10.36.10-768x900.png 768w, https:\/\/www.radiopiu.net\/wordpress\/wp-content\/uploads\/2021\/08\/Schermata-2021-08-28-alle-10.36.10.png 1138w\" sizes=\"auto, (max-width: 256px) 100vw, 256px\" \/><\/p>\n<p><strong>Abbiamo le tariffe p<\/strong><strong>i\u00f9 care d\u2019Europa, pesano le tasse<\/strong><br \/>\nFocalizzando l\u2019attenzione solo sulle piccole imprese, dal confronto con le omologhe realt\u00e0 produttive europee, emerge che in Italia i costi energetici sono tra i pi\u00f9 elevati. Tra tutti i paesi dell\u2019Area euro, infatti, solo in Germania il costo della bolletta della luce \u00e8 superiore al nostro del 16,7 per cento. Rispetto alla media europea, invece, i nostri piccoli imprenditori pagano mediamente il 12,1 per cento in pi\u00f9 (vedi Tab. 3). Quando analizziamo il costo del gas, invece, tra i Paesi dell\u2019Area euro le Pmi italiane sono al terzo posto (dopo Finlandia e Portogallo) per la tariffa pi\u00f9 elevata. Se, come abbiamo riportato pi\u00f9 sopra, quella mediamente applicata nel nostro Paese per ogni 1.000 kWh (Iva esclusa) consumati \u00e8 pari a 59 euro, registriamo una variazione di prezzo rispetto alla media dei paesi che utilizzano la moneta unica del +15,5 per cento (vedi Tab. 4). Assieme all\u2019andamento del costo della materia prima, la componente fiscale \u00e8 l\u2019altra voce che contribuisce in maniera determinante ad innalzare il costo delle tariffe. Per la bolletta elettrica, ad esempio, in Italia il 50 per cento del costo totale \u00e8 riconducibile a tasse e oneri: la media dell\u2019Area euro, invece, \u00e8 del 48 per cento. Per il gas, invece, se nel nostro Paese l\u2019incidenza percentuale della tassazione sul costo totale a carico delle piccole aziende \u00e8 del 36 per cento, nell\u2019Area euro si attesta attorno al 34 per cento.<\/p>\n<p><img loading=\"lazy\" decoding=\"async\" class=\"size-medium wp-image-229978 alignnone\" src=\"https:\/\/www.radiopiu.net\/wordpress\/wp-content\/uploads\/2021\/08\/Schermata-2021-08-28-alle-10.36.23-300x300.png\" alt=\"\" width=\"300\" height=\"300\" srcset=\"https:\/\/www.radiopiu.net\/wordpress\/wp-content\/uploads\/2021\/08\/Schermata-2021-08-28-alle-10.36.23-300x300.png 300w, https:\/\/www.radiopiu.net\/wordpress\/wp-content\/uploads\/2021\/08\/Schermata-2021-08-28-alle-10.36.23-1022x1024.png 1022w, https:\/\/www.radiopiu.net\/wordpress\/wp-content\/uploads\/2021\/08\/Schermata-2021-08-28-alle-10.36.23-150x150.png 150w, https:\/\/www.radiopiu.net\/wordpress\/wp-content\/uploads\/2021\/08\/Schermata-2021-08-28-alle-10.36.23-768x769.png 768w, https:\/\/www.radiopiu.net\/wordpress\/wp-content\/uploads\/2021\/08\/Schermata-2021-08-28-alle-10.36.23.png 1138w\" sizes=\"auto, (max-width: 300px) 100vw, 300px\" \/><\/p>\n<p>&nbsp;<\/p>\n<p>&nbsp;<\/p>\n<p>&nbsp;<\/p>\n<hr \/>\n<p>&nbsp;<\/p>\n<blockquote>\n<h3>IL DECIMO ED ULTIMO ITINERARIO DI LE VILLE NEL PAESAGGIO PREALPINO DELLA PROVINCIA<\/h3>\n<\/blockquote>\n<p><strong>di Renato Bona<\/strong><\/p>\n<p>Decima e conclusiva tappa del \u201cviaggio\u201d che ha avuto quale meta \u201cLe ville nel paesaggio prealpino della Provincia di Belluno\u201d che \u00e8 poi il titolo del libro-guida voluto dall\u2019Amministrazione provinciale bellunese all\u2019epoca presieduta da Oscar De Bona con assessora ai Beni culturali Nicoletta Comar (entrambi hanno firmato la presentazione). Il libro, purtroppo introvabile (in proposito si sono levate pi\u00f9 voci affinch\u00e9 il presidente di Palazzo Piloni, oggi Roberto Padrin, gi\u00e0 sensibilizzato in proposito, faccia il possibile per garantire una ristampa) \u00e8 stato realizzato nel 1997 dalla Edizioni Charta Milano a cura di Paolo Conte con testi di Simonetta Chiovaro, su progetto grafico di Gabriele Nason, stampa di Leva spa di Sesto San Giovanni, referenze fotografiche del bellunese Mauro De Santi; in copertina immagine di villa Patt-De Manzoni di Sedico (foto di Mauro De Santi), retro di copertina con foto di Luciano Solero di Sappada: particolare di \u201cGiochi di putti\u201d, di Girolamo Pellegrini, palazzo Poli de Pol. E\u2019 quella intitolata: \u201cBelluno. L\u2019Oltrardo ed una lunga deviazione verso il Cadore\u201d che propone nella localit\u00e0 La Vignetta la Villa Morassutti; a San Lorenzo la Villa Campana; al Belvedere di Belluno la Villa Vescovile; a Sala di Cusighe la Villa Miari, la villa Rudio, la Villa Doglioni; a Cusighe la Villa Butta; a Sargnano la Villa Sargnano; a Fiammoi la Villa Persicini; a Safforze la Villa Fulcis Montalb\u00e0n; a San Pietro di Cadore il Palazzo Poli-de Pol e la Villa Poli-de Pol. Si parte da Viale Europa dove, dando le spalle alla stazione, sono ben visibili la collina conosciuta come La Vignetta e nella via san Lorenzo la facciata di VILLA MORASSUTTI, XIX-XX secolo. L\u2019ingresso \u00e8 laterale, segnalato da un cancello con decorazioni floreali. Vi giungono due viali paralleli, uno carrabile, bordato di carpini, l\u2019altro, pedonale. Altri elementi significativi: la meridiana, le scalette che salgono lateralmente, la ringhiera di ghisa. L\u2019ampio spazio davanti alla facciata \u00e8 sistemato con due terrazze di ghiaia; grandi le serre edificate sotto la monumentale scalinata. Nella stessa via, ecco VILLA CAMPANA di cui la Chiovaro scrive: \u201cCaso esemplare di piccola villa che contiene \u2018in miniatura\u2019 una combinazione molto equilibrata di elementi appartenenti alla villa veneta fusi con alcune soluzioni locali mutuate dalle case rurali\u201d. Manca, fatto insolito, la sala centrale. I corpi rustici sono addossati sul retro della costruzione e comprendono l\u2019antica \u201cbigatteria\u201d il locale destinato all\u2019allevamento dei bachi da seta\u201d. Viene ricordato che nel 1755 il conte Matteo Campana, come conferma una lapide sulla facciata, provvide alla ricostruzione della chiesa di san Lorenzo, affidandone il progetto all\u2019architetto bellunese Valentino Alpago Novello. Poco lontano, ecco la VILLA VESCOVILE AL BELVEDERE, inizio XVIII secolo, una delle poche della provincia di Belluno di cui si conosce il progettista: Alessandro Paolo Tremignon. Si tratta &#8211; ricorda Chiovaro &#8211; del \u201cpi\u00f9 grandioso esempio di residenza in campagna per il Bellunese nello scorcio del XVIII secolo\u201d: \u00e8 stata costruita tra il 1711-1714 come dimora estiva del vescovo di Belluno, Giovanni Francesco Bembo; conservava fino al chiudersi del secolo scorso un ricco ciclo di pitture di Sebastiano e Marco Ricci. Spostandoci nella via Cappellari e proseguendo verso Cavarzano a fine salita si punta su via Alpago per ammirare la grande VILLA GAGGIA LANTE, oggi adibita a casa di riposo per gli anziani. Si prosegue attraversando tutta Cavarzano per giungere a Cusighe e quindi a Sala dove vi sono VILLA SALA \u201ccon notevoli elementi decorativi in pietra che caratterizzano soprattutto il primo piano. Ci si sposta nella piazza e superata Pedeserva si sale in direzione di San Liberale e si intravede \u201cisolata al termine di un grande prato e sopra un terrazzamento, la pi\u00f9 recente costruzione signorile della zona: VILLA MIARI, fine XVIII secolo. La costruzione settecenttesca ha subito radicali rifacimenti mantenendo tuttavia inalterato il suo notevole valore ambientale. Tornando indietro si imbocca via Dassi per arrivare al piccolo spiazzo dominato dal cancello d\u2019ingresso di VILLA RUDIO, XVIII-XIX secolo i cui \u201celementi classici sono composti in modo coerente: al piano rialzato infatti le colonne e i capitelli sono di ordine toscano con sovrapposta una trabeazione sulla quale si appoggia un secondo loggiato con colonne che sorreggono il timpano avente un occhio circolare al centro\u201d. Arriviamo quindi nella via Santa Chiara per osservare VILLA DOGLIONI, XVIII secolo, costruzione piccola ma piuttosto alta con corpo principale affiancato da una sola ala rustica con un bel portico sostenuto da pilastri di pietra a bugne. Sotto grandi abeti che delimitano la propriet\u00e0 si scorge la piccola cappella, attribuita a Clemente Doglioni, architetto e artista locale della seconda met\u00e0 del Settecento. Ora si punta verso Sargnano e dopo la chiesa di Sant\u2019Aronne (con affresco di Paris Bordon) si apre il lungo viale d\u2019accesso a VILLA BUTTA, la pi\u00f9 importante della zona, del XVIII secolo, opera dell\u2019architetto Valentino Alpago Novello. Si imbocca quindi via Fiammoi e ai limiti dell\u2019abitato si trova VILLA PERSICINI, XVII-XVIII secolo dove al piano terra si apre un ampio porticato ed al primo piano un luminoso loggiato. Tornati sulla strada principale si prosegue per Safforze giungendo alla VILLA FULCIS-MONTALBAN, prima met\u00e0 del XVII secolo, la cui facciata del corpo principale si sviluppa su tre piani ed \u00e8 leggermente sporgente rispetto ai due corpi laterali pi\u00f9 bassi. Presenta un portico a cinque archi a tutto sesto che poggiano su doppie colonne di ordine toscano. Dal portico si accede all\u2019interno e si entra nel vasto salone centrale; i vari ambienti laterali, tutti affacciati sia a sud che a nord, sono collegati tra loro da doppie porte; le due sale estreme conservano i caminetti posti tra le finestre. A questo punto, a quanti prevedano di visitare il Cadore, Simonetta Chiovaro suggerisce un prolungamento del percorso verso il paese di San Pietro di Cadore dove si trovano \u201cdue gioielli\u201d: PALAZZO POLI-DE POL, XVII secolo, e l\u2019omonima VILLA POLI-DE POL, XVIII secolo. E quindi ricorda che: \u201cI nobili notai Poli erano gi\u00e0 proprietari di un sontuoso palazzo cinquecentesco localizzato nella borgata Mare e demolito all\u2019inizio del secolo. Il terreno in cui venne realizzato il nuovo edificio, tra il 1665 ed il 1667, era di propriet\u00e0 della famiglia de Pol, i cui membri appartenevano allo stesso ceppo dei Poli. Proprio i de Pol in seguito subentrarono ai Poli nella propriet\u00e0 degli immobili\u201d. Quanto alla Villa \u201clo schema planimetrico all\u2019interno \u00e8 simile a quello del palazzo, ma con una maggiore complessit\u00e0 dovuta alla presenza di due corpi laterali\u2026\u201d.<\/p>\n\n\t\t\t<style type='text\/css'>\n\t\t\t\t#gallery-8 {\n\t\t\t\t\tmargin: auto;\n\t\t\t\t}\n\t\t\t\t#gallery-8 .gallery-item {\n\t\t\t\t\tfloat: left;\n\t\t\t\t\tmargin-top: 10px;\n\t\t\t\t\ttext-align: center;\n\t\t\t\t\twidth: 16%;\n\t\t\t\t}\n\t\t\t\t#gallery-8 img {\n\t\t\t\t\tborder: 2px solid #cfcfcf;\n\t\t\t\t}\n\t\t\t\t#gallery-8 .gallery-caption {\n\t\t\t\t\tmargin-left: 0;\n\t\t\t\t}\n\t\t\t\t\/* see gallery_shortcode() in wp-includes\/media.php *\/\n\t\t\t<\/style>\n\t\t<div id='gallery-8' class='dt-gallery-container gallery galleryid-229993 gallery-columns-6 gallery-size-thumbnail'><dl class='gallery-item'>\n\t\t\t\t<dt class='gallery-icon landscape'>\n\t\t\t\t\t<a class=\"rollover rollover-zoom dt-pswp-item\" title=\"240848563_546326673150335_7472801310781745713_n\" data-dt-img-description=\"\" data-large_image_width=\"552\" data-large_image_height=\"402\"href='https:\/\/www.radiopiu.net\/wordpress\/wp-content\/uploads\/2021\/08\/240848563_546326673150335_7472801310781745713_n.jpg'><img loading=\"lazy\" decoding=\"async\" width=\"150\" height=\"150\" src=\"https:\/\/www.radiopiu.net\/wordpress\/wp-content\/uploads\/2021\/08\/240848563_546326673150335_7472801310781745713_n-150x150.jpg\" class=\"attachment-thumbnail size-thumbnail\" alt=\"\" \/><\/a>\n\t\t\t\t<\/dt><\/dl><dl class='gallery-item'>\n\t\t\t\t<dt class='gallery-icon portrait'>\n\t\t\t\t\t<a class=\"rollover rollover-zoom dt-pswp-item\" title=\"240844693_242457247777600_7059248895290474265_n\" data-dt-img-description=\"\" data-large_image_width=\"378\" data-large_image_height=\"403\"href='https:\/\/www.radiopiu.net\/wordpress\/wp-content\/uploads\/2021\/08\/240844693_242457247777600_7059248895290474265_n.jpg'><img loading=\"lazy\" decoding=\"async\" width=\"150\" height=\"150\" src=\"https:\/\/www.radiopiu.net\/wordpress\/wp-content\/uploads\/2021\/08\/240844693_242457247777600_7059248895290474265_n-150x150.jpg\" class=\"attachment-thumbnail size-thumbnail\" alt=\"\" \/><\/a>\n\t\t\t\t<\/dt><\/dl><dl class='gallery-item'>\n\t\t\t\t<dt class='gallery-icon landscape'>\n\t\t\t\t\t<a class=\"rollover rollover-zoom dt-pswp-item\" title=\"239871835_360818249026552_3125892969612853944_n\" data-dt-img-description=\"\" data-large_image_width=\"451\" data-large_image_height=\"403\"href='https:\/\/www.radiopiu.net\/wordpress\/wp-content\/uploads\/2021\/08\/239871835_360818249026552_3125892969612853944_n.jpg'><img loading=\"lazy\" decoding=\"async\" width=\"150\" height=\"150\" src=\"https:\/\/www.radiopiu.net\/wordpress\/wp-content\/uploads\/2021\/08\/239871835_360818249026552_3125892969612853944_n-150x150.jpg\" class=\"attachment-thumbnail size-thumbnail\" alt=\"\" \/><\/a>\n\t\t\t\t<\/dt><\/dl><dl class='gallery-item'>\n\t\t\t\t<dt class='gallery-icon landscape'>\n\t\t\t\t\t<a class=\"rollover rollover-zoom dt-pswp-item\" title=\"240893850_367368241761297_2287238362411899704_n\" data-dt-img-description=\"\" data-large_image_width=\"694\" data-large_image_height=\"403\"href='https:\/\/www.radiopiu.net\/wordpress\/wp-content\/uploads\/2021\/08\/240893850_367368241761297_2287238362411899704_n.jpg'><img loading=\"lazy\" decoding=\"async\" width=\"150\" height=\"150\" src=\"https:\/\/www.radiopiu.net\/wordpress\/wp-content\/uploads\/2021\/08\/240893850_367368241761297_2287238362411899704_n-150x150.jpg\" class=\"attachment-thumbnail size-thumbnail\" alt=\"\" \/><\/a>\n\t\t\t\t<\/dt><\/dl><dl class='gallery-item'>\n\t\t\t\t<dt class='gallery-icon landscape'>\n\t\t\t\t\t<a class=\"rollover rollover-zoom dt-pswp-item\" title=\"240670582_561095221748362_4593061420533414670_n\" data-dt-img-description=\"\" data-large_image_width=\"457\" data-large_image_height=\"403\"href='https:\/\/www.radiopiu.net\/wordpress\/wp-content\/uploads\/2021\/08\/240670582_561095221748362_4593061420533414670_n.jpg'><img loading=\"lazy\" decoding=\"async\" width=\"150\" height=\"150\" src=\"https:\/\/www.radiopiu.net\/wordpress\/wp-content\/uploads\/2021\/08\/240670582_561095221748362_4593061420533414670_n-150x150.jpg\" class=\"attachment-thumbnail size-thumbnail\" alt=\"\" \/><\/a>\n\t\t\t\t<\/dt><\/dl><dl class='gallery-item'>\n\t\t\t\t<dt class='gallery-icon landscape'>\n\t\t\t\t\t<a class=\"rollover rollover-zoom dt-pswp-item\" title=\"240798836_1967179760111681_7152991631275504080_n\" data-dt-img-description=\"\" data-large_image_width=\"787\" data-large_image_height=\"403\"href='https:\/\/www.radiopiu.net\/wordpress\/wp-content\/uploads\/2021\/08\/240798836_1967179760111681_7152991631275504080_n.jpg'><img loading=\"lazy\" decoding=\"async\" width=\"150\" height=\"150\" src=\"https:\/\/www.radiopiu.net\/wordpress\/wp-content\/uploads\/2021\/08\/240798836_1967179760111681_7152991631275504080_n-150x150.jpg\" class=\"attachment-thumbnail size-thumbnail\" alt=\"\" \/><\/a>\n\t\t\t\t<\/dt><\/dl><br style=\"clear: both\" \/><dl class='gallery-item'>\n\t\t\t\t<dt class='gallery-icon landscape'>\n\t\t\t\t\t<a class=\"rollover rollover-zoom dt-pswp-item\" title=\"240827485_874856276759669_4018493454203938930_n\" data-dt-img-description=\"\" data-large_image_width=\"558\" data-large_image_height=\"403\"href='https:\/\/www.radiopiu.net\/wordpress\/wp-content\/uploads\/2021\/08\/240827485_874856276759669_4018493454203938930_n.jpg'><img loading=\"lazy\" decoding=\"async\" width=\"150\" height=\"150\" src=\"https:\/\/www.radiopiu.net\/wordpress\/wp-content\/uploads\/2021\/08\/240827485_874856276759669_4018493454203938930_n-150x150.jpg\" class=\"attachment-thumbnail size-thumbnail\" alt=\"\" \/><\/a>\n\t\t\t\t<\/dt><\/dl><dl class='gallery-item'>\n\t\t\t\t<dt class='gallery-icon landscape'>\n\t\t\t\t\t<a class=\"rollover rollover-zoom dt-pswp-item\" title=\"239838260_2936451229937536_1347064791941286506_n\" data-dt-img-description=\"\" data-large_image_width=\"429\" data-large_image_height=\"403\"href='https:\/\/www.radiopiu.net\/wordpress\/wp-content\/uploads\/2021\/08\/239838260_2936451229937536_1347064791941286506_n.jpg'><img loading=\"lazy\" decoding=\"async\" width=\"150\" height=\"150\" src=\"https:\/\/www.radiopiu.net\/wordpress\/wp-content\/uploads\/2021\/08\/239838260_2936451229937536_1347064791941286506_n-150x150.jpg\" class=\"attachment-thumbnail size-thumbnail\" alt=\"\" \/><\/a>\n\t\t\t\t<\/dt><\/dl><dl class='gallery-item'>\n\t\t\t\t<dt class='gallery-icon landscape'>\n\t\t\t\t\t<a class=\"rollover rollover-zoom dt-pswp-item\" title=\"239843339_1998359693644337_4917216659349266180_n\" data-dt-img-description=\"\" data-large_image_width=\"526\" data-large_image_height=\"403\"href='https:\/\/www.radiopiu.net\/wordpress\/wp-content\/uploads\/2021\/08\/239843339_1998359693644337_4917216659349266180_n.jpg'><img loading=\"lazy\" decoding=\"async\" width=\"150\" height=\"150\" src=\"https:\/\/www.radiopiu.net\/wordpress\/wp-content\/uploads\/2021\/08\/239843339_1998359693644337_4917216659349266180_n-150x150.jpg\" class=\"attachment-thumbnail size-thumbnail\" alt=\"\" \/><\/a>\n\t\t\t\t<\/dt><\/dl><dl class='gallery-item'>\n\t\t\t\t<dt class='gallery-icon landscape'>\n\t\t\t\t\t<a class=\"rollover rollover-zoom dt-pswp-item\" title=\"240879755_579434243069746_5215597732184652577_n\" data-dt-img-description=\"\" data-large_image_width=\"465\" data-large_image_height=\"403\"href='https:\/\/www.radiopiu.net\/wordpress\/wp-content\/uploads\/2021\/08\/240879755_579434243069746_5215597732184652577_n.jpg'><img loading=\"lazy\" decoding=\"async\" width=\"150\" height=\"150\" src=\"https:\/\/www.radiopiu.net\/wordpress\/wp-content\/uploads\/2021\/08\/240879755_579434243069746_5215597732184652577_n-150x150.jpg\" class=\"attachment-thumbnail size-thumbnail\" alt=\"\" \/><\/a>\n\t\t\t\t<\/dt><\/dl><dl class='gallery-item'>\n\t\t\t\t<dt class='gallery-icon landscape'>\n\t\t\t\t\t<a class=\"rollover rollover-zoom dt-pswp-item\" title=\"240816000_519471959148555_2702615803285246612_n\" data-dt-img-description=\"\" data-large_image_width=\"705\" data-large_image_height=\"403\"href='https:\/\/www.radiopiu.net\/wordpress\/wp-content\/uploads\/2021\/08\/240816000_519471959148555_2702615803285246612_n.jpg'><img loading=\"lazy\" decoding=\"async\" width=\"150\" height=\"150\" src=\"https:\/\/www.radiopiu.net\/wordpress\/wp-content\/uploads\/2021\/08\/240816000_519471959148555_2702615803285246612_n-150x150.jpg\" class=\"attachment-thumbnail size-thumbnail\" alt=\"\" \/><\/a>\n\t\t\t\t<\/dt><\/dl><dl class='gallery-item'>\n\t\t\t\t<dt class='gallery-icon landscape'>\n\t\t\t\t\t<a class=\"rollover rollover-zoom dt-pswp-item\" title=\"239953696_849959928989372_8633895041059644937_n\" data-dt-img-description=\"\" data-large_image_width=\"467\" data-large_image_height=\"403\"href='https:\/\/www.radiopiu.net\/wordpress\/wp-content\/uploads\/2021\/08\/239953696_849959928989372_8633895041059644937_n.jpg'><img loading=\"lazy\" decoding=\"async\" width=\"150\" height=\"150\" src=\"https:\/\/www.radiopiu.net\/wordpress\/wp-content\/uploads\/2021\/08\/239953696_849959928989372_8633895041059644937_n-150x150.jpg\" class=\"attachment-thumbnail size-thumbnail\" alt=\"\" \/><\/a>\n\t\t\t\t<\/dt><\/dl><br style=\"clear: both\" \/><dl class='gallery-item'>\n\t\t\t\t<dt class='gallery-icon portrait'>\n\t\t\t\t\t<a class=\"rollover rollover-zoom dt-pswp-item\" title=\"240879964_277849420440186_1402532636761077860_n\" data-dt-img-description=\"\" data-large_image_width=\"320\" data-large_image_height=\"454\"href='https:\/\/www.radiopiu.net\/wordpress\/wp-content\/uploads\/2021\/08\/240879964_277849420440186_1402532636761077860_n.jpg'><img loading=\"lazy\" decoding=\"async\" width=\"150\" height=\"150\" src=\"https:\/\/www.radiopiu.net\/wordpress\/wp-content\/uploads\/2021\/08\/240879964_277849420440186_1402532636761077860_n-150x150.jpg\" class=\"attachment-thumbnail size-thumbnail\" alt=\"\" \/><\/a>\n\t\t\t\t<\/dt><\/dl><dl class='gallery-item'>\n\t\t\t\t<dt class='gallery-icon landscape'>\n\t\t\t\t\t<a class=\"rollover rollover-zoom dt-pswp-item\" title=\"240839470_2966337093628945_2597897760461448561_n\" data-dt-img-description=\"\" data-large_image_width=\"597\" data-large_image_height=\"403\"href='https:\/\/www.radiopiu.net\/wordpress\/wp-content\/uploads\/2021\/08\/240839470_2966337093628945_2597897760461448561_n.jpg'><img loading=\"lazy\" decoding=\"async\" width=\"150\" height=\"150\" src=\"https:\/\/www.radiopiu.net\/wordpress\/wp-content\/uploads\/2021\/08\/240839470_2966337093628945_2597897760461448561_n-150x150.jpg\" class=\"attachment-thumbnail size-thumbnail\" alt=\"\" \/><\/a>\n\t\t\t\t<\/dt><\/dl><dl class='gallery-item'>\n\t\t\t\t<dt class='gallery-icon landscape'>\n\t\t\t\t\t<a class=\"rollover rollover-zoom dt-pswp-item\" title=\"240823615_633457384287508_8142644868379325378_n\" data-dt-img-description=\"\" data-large_image_width=\"449\" data-large_image_height=\"403\"href='https:\/\/www.radiopiu.net\/wordpress\/wp-content\/uploads\/2021\/08\/240823615_633457384287508_8142644868379325378_n.jpg'><img loading=\"lazy\" decoding=\"async\" width=\"150\" height=\"150\" src=\"https:\/\/www.radiopiu.net\/wordpress\/wp-content\/uploads\/2021\/08\/240823615_633457384287508_8142644868379325378_n-150x150.jpg\" class=\"attachment-thumbnail size-thumbnail\" alt=\"\" \/><\/a>\n\t\t\t\t<\/dt><\/dl><dl class='gallery-item'>\n\t\t\t\t<dt class='gallery-icon portrait'>\n\t\t\t\t\t<a class=\"rollover rollover-zoom dt-pswp-item\" title=\"240936921_586929682679810_6172640620113194874_n\" data-dt-img-description=\"\" data-large_image_width=\"309\" data-large_image_height=\"403\"href='https:\/\/www.radiopiu.net\/wordpress\/wp-content\/uploads\/2021\/08\/240936921_586929682679810_6172640620113194874_n.jpg'><img loading=\"lazy\" decoding=\"async\" width=\"150\" height=\"150\" src=\"https:\/\/www.radiopiu.net\/wordpress\/wp-content\/uploads\/2021\/08\/240936921_586929682679810_6172640620113194874_n-150x150.jpg\" class=\"attachment-thumbnail size-thumbnail\" alt=\"\" \/><\/a>\n\t\t\t\t<\/dt><\/dl><dl class='gallery-item'>\n\t\t\t\t<dt class='gallery-icon landscape'>\n\t\t\t\t\t<a class=\"rollover rollover-zoom dt-pswp-item\" title=\"240785961_845852325932361_8800125544109733349_n\" data-dt-img-description=\"\" data-large_image_width=\"458\" data-large_image_height=\"403\"href='https:\/\/www.radiopiu.net\/wordpress\/wp-content\/uploads\/2021\/08\/240785961_845852325932361_8800125544109733349_n.jpg'><img loading=\"lazy\" decoding=\"async\" width=\"150\" height=\"150\" src=\"https:\/\/www.radiopiu.net\/wordpress\/wp-content\/uploads\/2021\/08\/240785961_845852325932361_8800125544109733349_n-150x150.jpg\" class=\"attachment-thumbnail size-thumbnail\" alt=\"\" \/><\/a>\n\t\t\t\t<\/dt><\/dl><dl class='gallery-item'>\n\t\t\t\t<dt class='gallery-icon landscape'>\n\t\t\t\t\t<a class=\"rollover rollover-zoom dt-pswp-item\" title=\"240871767_351347786717876_7094530883134915919_n\" data-dt-img-description=\"\" data-large_image_width=\"446\" data-large_image_height=\"403\"href='https:\/\/www.radiopiu.net\/wordpress\/wp-content\/uploads\/2021\/08\/240871767_351347786717876_7094530883134915919_n.jpg'><img loading=\"lazy\" decoding=\"async\" width=\"150\" height=\"150\" src=\"https:\/\/www.radiopiu.net\/wordpress\/wp-content\/uploads\/2021\/08\/240871767_351347786717876_7094530883134915919_n-150x150.jpg\" class=\"attachment-thumbnail size-thumbnail\" alt=\"\" \/><\/a>\n\t\t\t\t<\/dt><\/dl><br style=\"clear: both\" \/>\n\t\t\t<\/div>\n\n<p>NELLE FOTO (riproduzioni dal libro \u201cLe ville nel paesaggio prealpino della Provincia di Belluno\u201d): dal Viale Europa veduta del complesso di villa Morassutti; i terrazzamenti, le scalinate e la grande facciata sud; la facciata sud di villa Campana; la cappella adiacente; il complesso di villa Vescovile al Belvedere; scorcio del corpo principale della stessa costruzione; il soffitto in travetti lignei decorarti ed un particolare dell\u2019ingresso sud della \u201cVescovile\u201d; villa Sala con la facciata come appare oggi; facciata sud di villa Miari; doppio colonnato per villa Miari; facciata sud di villa Doglioni; dal cancello d\u2019ingresso, panoramica di villa Butta; la sala centrale al primo piano; veduta del complesso di villa Sargnano; la maestosa facciata sud di villa Fulcis-Montalban; dalla piazza di San Pietro di Cadore il palazzo Poli-de Pol; \u201cGiochi di putti\u201d di Girolamo Pellegrini all\u2019interno del Palazzo; la facciata principale di villa Poli-de Pol.<\/p>\n<p>&nbsp;<\/p>\n<p>&nbsp;<\/p>\n<hr \/>\n<p>&nbsp;<\/p>\n<blockquote>\n<h3>CUGNISCION NOSTE VIJINANZE<\/h3>\n<\/blockquote>\n<p><strong>COLLE SANTA LUCIA<\/strong> Istitut Ladin Cesa De Jan assieme al comune di Livinallongo del Col Di Lana organizzano delle gite alla scoperta delle vicinie di Fodom. I prossimi appuntamenti: Corte e Contrin il 2 settembre e Pieve e Salesei il 9 settembre. Il costo delle visite \u00e8 di 15 euro per gli adulti e 7 per i bambini (pranzo non compreso). Si consiglia un abbigliamento da trekking. Info e prenotazioni al 3343346680<\/p>\n<p>&nbsp;<\/p>\n<p>&nbsp;<\/p>\n<hr \/>\n<p>&nbsp;<\/p>\n<blockquote>\n<h3>LA MOSTRA DI RENZO MIOLA A CANALE D\u2019AGORDO<\/h3>\n<\/blockquote>\n<p><strong>CANALE D\u2019AGORDO<\/strong>\u00a0 Fino\u00a0 al 31 agosto, presso la Casa delle Regole di Canale D\u2019Agordo, \u00e8 visitabile la mostra di pittura paesaggistica di Renzo Miola. La mostra \u00e8 aperta alle 10:30\u00a0 alle 12:30, 16:30 \u2013 18:30 e 20 \u2013 22.<\/p>\n<p>&nbsp;<\/p>\n<hr \/>\n<p>&nbsp;<\/p>\n<blockquote>\n<h3>I 130 ANNI DEL CAI BELLUNO: GLI APPUNTAMENTI<\/h3>\n<\/blockquote>\n<p><strong>BELLUNO<\/strong> Saranno 3 gli appuntamenti in programma nei prossimi giorni con il coro Cai di Belluno per celebrare i 130 anni dalla fondazione della sezione di Belluno.\u00a0 Il 5 settembre il coro Cai sar\u00e0 al Rifugio Bianchet per una esibizione mentre l&#8217;11 settembre al Rifugio Settimo Alpini per la messa in ricordo dei caduti della montagna.<\/p>\n<p>&nbsp;<\/p>\n<p>&nbsp;<\/p>\n<hr \/>\n<p>&nbsp;<\/p>\n<blockquote>\n<h3>CAMMINATURALMENTE RITORNA CON 2 APPUNTAMENTI<\/h3>\n<\/blockquote>\n<p><strong>BELLUNO<\/strong> Saranno due gli appuntamenti in programma per Camminaturalmente 2021 alla scoperta di itinierari naturalistici e ambientali con Anacleto Boranga. Il 4 settembre I NOSTRI ALBERI RACCONTANO con un percorso nei giardini di Piazza dei Martiri e Parco Bologna. L&#8217;11 settembre sar\u00e0 la volta di IGNE E LE SUE STRADE LASTRICATE per scoprire chilometri di mulattiere che salgono il paese. Iscrizione obbligatoria a biblioteca@comune.belluno.it o al numero 0437 948093 entro le 12:30 del venerdi che precede la camminata. Dovranno essere rispettate le norme anticovid, massimo 15 persone per itinerario.<\/p>\n<p>&nbsp;<\/p>\n<p>&nbsp;<\/p>\n<hr \/>\n<p>&nbsp;<\/p>\n<blockquote>\n<h3>RITORNA LA CICLINVALLE\u00a0 AGORDO-COL DI PRA IN VALLE DI SAN LUCANO<\/h3>\n<\/blockquote>\n<p><strong>AGORDO<\/strong> 27^ edizione della CiclinValle pedalata di beneficienza pro Unicef. E&#8217; in programma domenica 12 settembre con partenza alle 10 dalla localit\u00e0 Valcozzena. Green pass o tampone negativo obbligatorio. In caso di maltempo la manifestazione sar\u00e0 annullata. Iscrizioni 10 euro sabato 11 in piscina ad Agordo dalle 16 alle 19, domenica in localit\u00e0 Valcozzena dalle 8.30 alle 9.30.<\/p>\n<p>&nbsp;<\/p>\n<hr \/>\n<p>&nbsp;<\/p>\n<h1><span style=\"color: #ff0000;\">IERI ALLA RADIO\u00a0<\/span><\/h1>\n<h2><span style=\"color: #ff6600;\"><a href=\"https:\/\/www.radiopiu.net\/wordpress\/laugurio-di-monsignor-giorgio-lise-agli-agordini\/don-giorgio-lise\/\" rel=\"attachment wp-att-177420\"><img loading=\"lazy\" decoding=\"async\" class=\"size-medium wp-image-177420 alignleft\" src=\"https:\/\/www.radiopiu.net\/wordpress\/wp-content\/uploads\/2020\/12\/DON-GIORGIO-LISE-300x169.jpg\" alt=\"\" width=\"300\" height=\"169\" srcset=\"https:\/\/www.radiopiu.net\/wordpress\/wp-content\/uploads\/2020\/12\/DON-GIORGIO-LISE-300x169.jpg 300w, https:\/\/www.radiopiu.net\/wordpress\/wp-content\/uploads\/2020\/12\/DON-GIORGIO-LISE-1024x577.jpg 1024w, https:\/\/www.radiopiu.net\/wordpress\/wp-content\/uploads\/2020\/12\/DON-GIORGIO-LISE-768x432.jpg 768w, https:\/\/www.radiopiu.net\/wordpress\/wp-content\/uploads\/2020\/12\/DON-GIORGIO-LISE-1536x865.jpg 1536w, https:\/\/www.radiopiu.net\/wordpress\/wp-content\/uploads\/2020\/12\/DON-GIORGIO-LISE.jpg 1600w\" sizes=\"auto, (max-width: 300px) 100vw, 300px\" \/><\/a> <\/span><\/h2>\n<h2><span style=\"color: #ff6600;\">\u00a0<\/span><\/h2>\n<h2><span style=\"color: #ff6600;\">\u00a0<\/span><\/h2>\n<h2><span style=\"color: #ff6600;\">DUE MINUTI PER TE&#8230;CON DON GIORGIO LISE<\/span><\/h2>\n<audio class=\"wp-audio-shortcode\" id=\"audio-229993-3\" preload=\"none\" style=\"width: 100%;\" controls=\"controls\"><source type=\"audio\/mpeg\" src=\"https:\/\/www.radiopiu.net\/wordpress\/wp-content\/uploads\/2021\/08\/DON-GIORGIO-1.mp3?_=3\" \/><a href=\"https:\/\/www.radiopiu.net\/wordpress\/wp-content\/uploads\/2021\/08\/DON-GIORGIO-1.mp3\">https:\/\/www.radiopiu.net\/wordpress\/wp-content\/uploads\/2021\/08\/DON-GIORGIO-1.mp3<\/a><\/audio>\n<p>&nbsp;<\/p>\n<hr \/>\n<p>&nbsp;<\/p>\n<p>&nbsp;<\/p>\n<p>&nbsp;<\/p>\n<p>&nbsp;<\/p>\n<blockquote class=\"wp-embedded-content\" data-secret=\"cHRbQrI7LN\"><p><a href=\"https:\/\/www.radiopiu.net\/wordpress\/i-misteri-di-alleghe-di-sergio-saviane-alla-radio-con-lattore-roberto-faoro-il-podcast\/\">&#8220;I MISTERI DI ALLEGHE DI SERGIO SAVIANE&#8221; ALLA RADIO CON L&#8217;ATTORE ROBERTO FAORO &#8211; IL PODCAST<\/a><\/p><\/blockquote>\n<p><iframe loading=\"lazy\" class=\"wp-embedded-content\" sandbox=\"allow-scripts\" security=\"restricted\" style=\"position: absolute; clip: rect(1px, 1px, 1px, 1px);\" title=\"&#8220;&#8220;I MISTERI DI ALLEGHE DI SERGIO SAVIANE&#8221; ALLA RADIO CON L&#8217;ATTORE ROBERTO FAORO &#8211; IL PODCAST&#8221; &#8212; Radio Pi\u00f9\" src=\"https:\/\/www.radiopiu.net\/wordpress\/i-misteri-di-alleghe-di-sergio-saviane-alla-radio-con-lattore-roberto-faoro-il-podcast\/embed\/#?secret=cHRbQrI7LN\" data-secret=\"cHRbQrI7LN\" width=\"600\" height=\"338\" frameborder=\"0\" marginwidth=\"0\" marginheight=\"0\" scrolling=\"no\"><\/iframe><\/p>\n<h2><\/h2>\n<hr \/>\n<p>&nbsp;<\/p>\n<blockquote class=\"wp-embedded-content\" data-secret=\"fRinOE0N3K\"><p><a href=\"https:\/\/www.radiopiu.net\/wordpress\/plastic-free-per-un-mondo-senza-plastica\/\">PLASTIC FREE per un mondo senza plastica<\/a><\/p><\/blockquote>\n<p><iframe loading=\"lazy\" class=\"wp-embedded-content\" sandbox=\"allow-scripts\" security=\"restricted\" style=\"position: absolute; clip: rect(1px, 1px, 1px, 1px);\" title=\"&#8220;PLASTIC FREE per un mondo senza plastica&#8221; &#8212; Radio Pi\u00f9\" src=\"https:\/\/www.radiopiu.net\/wordpress\/plastic-free-per-un-mondo-senza-plastica\/embed\/#?secret=fRinOE0N3K\" data-secret=\"fRinOE0N3K\" width=\"600\" height=\"338\" frameborder=\"0\" marginwidth=\"0\" marginheight=\"0\" scrolling=\"no\"><\/iframe><\/p>\n<p>&nbsp;<\/p>\n<hr \/>\n<p>&nbsp;<\/p>\n<blockquote class=\"wp-embedded-content\" data-secret=\"ozge8pKlll\"><p><a href=\"https:\/\/www.radiopiu.net\/wordpress\/da-ieri-alla-radio-in-palinsesto-loris-e-maurizio-con-la-grande-musica\/\">IL BLUES ALLA RADIO &#8230; COME NON L&#8217;AVETE MAI SENTITO PRIMA<\/a><\/p><\/blockquote>\n<p><iframe loading=\"lazy\" class=\"wp-embedded-content\" sandbox=\"allow-scripts\" security=\"restricted\" style=\"position: absolute; clip: rect(1px, 1px, 1px, 1px);\" title=\"&#8220;IL BLUES ALLA RADIO &#8230; COME NON L&#8217;AVETE MAI SENTITO PRIMA&#8221; &#8212; Radio Pi\u00f9\" src=\"https:\/\/www.radiopiu.net\/wordpress\/da-ieri-alla-radio-in-palinsesto-loris-e-maurizio-con-la-grande-musica\/embed\/#?secret=ozge8pKlll\" data-secret=\"ozge8pKlll\" width=\"600\" height=\"338\" frameborder=\"0\" marginwidth=\"0\" marginheight=\"0\" scrolling=\"no\"><\/iframe><\/p>\n<p>&nbsp;<\/p>\n<div>\n<div class=\"mkdf-post-text\">\n<div class=\"mkdf-post-text-inner\">\n<div class=\"mkdf-post-text-main\">\n<div class=\"mkdf-post-text\">\n<div class=\"mkdf-post-text-inner\">\n<div class=\"mkdf-post-text-main\">\n<div class=\"mkdf-post-text\">\n<div class=\"mkdf-post-text-inner\">\n<div class=\"mkdf-post-text-main\">\n<div class=\"page-title-head hgroup\">\n<div class=\"page-title-head hgroup\">\n<div class=\"page-title-breadcrumbs\">\n<div class=\"mkdf-post-text\">\n<div class=\"mkdf-post-text-inner\">\n<div class=\"mkdf-post-text-main\">\n<div class=\"mkdf-post-text\">\n<div class=\"mkdf-post-text-inner\">\n<div class=\"mkdf-post-text-main\">\n<div class=\"page-title-head hgroup\">\n<div class=\"page-title-head hgroup\">\n<div class=\"mkdf-post-text\">\n<div class=\"mkdf-post-text-inner\">\n<div class=\"mkdf-post-text-main\">\n<div class=\"mkdf-post-text\">\n<div class=\"mkdf-post-text-inner\">\n<div class=\"mkdf-post-text-main\">\n<div class=\"page-title-head hgroup\">\n<div class=\"page-title-head hgroup\">\n<div class=\"page-title-head hgroup\">\n<div class=\"page-title-head hgroup\">\n<div class=\"b654a4as d2edcug0\">\n<div class=\"page-title-head hgroup\">\n<div class=\"page-title-head hgroup\">\n<div class=\"mkdf-post-text\">\n<div class=\"mkdf-post-text-inner\">\n<div class=\"mkdf-post-text-main\">\n<div class=\"mkdf-post-text\">\n<div class=\"mkdf-post-text-inner\">\n<div class=\"mkdf-post-text-main\">\n<div class=\"mkdf-post-text\">\n<div class=\"mkdf-post-text-inner\">\n<div class=\"mkdf-post-text-main\">\n<div class=\"page-title-head hgroup\">\n<div class=\"page-title-head hgroup\">\n<div class=\"mkdf-post-text\">\n<div class=\"mkdf-post-text-inner\">\n<div class=\"mkdf-post-text-main\">\n<div class=\"mkdf-post-text\">\n<div class=\"mkdf-post-text-inner\">\n<div class=\"mkdf-post-text-main\">\n<div class=\"page-title-head hgroup\">\n<div class=\"page-title-head hgroup\">\n<div class=\"page-title-head hgroup\">\n<div class=\"page-title-head hgroup\">\n<div class=\"b654a4as d2edcug0\">\n<div class=\"page-title-head hgroup\">\n<div class=\"page-title-head hgroup\">\n<div class=\"page-title-head hgroup\">\n<div class=\"page-title-head hgroup\">\n<div class=\"b654a4as d2edcug0\">\n<div>\n<div class=\"mkdf-post-text\">\n<div class=\"mkdf-post-text-inner\">\n<div class=\"mkdf-post-text-main\">\n<div class=\"mkdf-post-text\">\n<div class=\"mkdf-post-text-inner\">\n<div class=\"mkdf-post-text-main\">\n<div class=\"mkdf-post-text\">\n<div class=\"mkdf-post-text-inner\">\n<div class=\"mkdf-post-text-main\">\n<div class=\"page-title-head hgroup\">\n<div class=\"page-title-head hgroup\">\n<div class=\"page-title-breadcrumbs\">\n<div class=\"mkdf-post-text\">\n<div class=\"mkdf-post-text-inner\">\n<div class=\"mkdf-post-text-main\">\n<div class=\"mkdf-post-text\">\n<div class=\"mkdf-post-text-inner\">\n<div class=\"mkdf-post-text-main\">\n<div class=\"page-title-head hgroup\">\n<div class=\"page-title-head hgroup\">\n<div class=\"mkdf-post-text\">\n<div class=\"mkdf-post-text-inner\">\n<div class=\"mkdf-post-text-main\">\n<p>&nbsp;<\/p>\n<hr \/>\n<div class=\"mkdf-post-text\">\n<div class=\"mkdf-post-text-inner\">\n<div class=\"mkdf-post-text-main\">\n<div class=\"page-title-head hgroup\">\n<div class=\"page-title-head hgroup\">\n<div class=\"page-title-head hgroup\">\n<div class=\"page-title-head hgroup\">\n<div class=\"b654a4as d2edcug0\">\n<p>&nbsp;<\/p>\n<h2>LA RACCOLTA COMPLETA<\/h2>\n<blockquote class=\"wp-embedded-content\" data-secret=\"hYZRo2pUlL\"><p><a href=\"https:\/\/www.radiopiu.net\/wordpress\/solidarieta-veneto\/\">Solidariet\u00e0 Veneto<\/a><\/p><\/blockquote>\n<p><iframe loading=\"lazy\" class=\"wp-embedded-content\" sandbox=\"allow-scripts\" security=\"restricted\" style=\"position: absolute; clip: rect(1px, 1px, 1px, 1px);\" title=\"&#8220;Solidariet\u00e0 Veneto&#8221; &#8212; Radio Pi\u00f9\" src=\"https:\/\/www.radiopiu.net\/wordpress\/solidarieta-veneto\/embed\/#?secret=hYZRo2pUlL\" data-secret=\"hYZRo2pUlL\" width=\"600\" height=\"338\" frameborder=\"0\" marginwidth=\"0\" marginheight=\"0\" scrolling=\"no\"><\/iframe><\/p>\n<blockquote>\n<h2><\/h2>\n<\/blockquote>\n<div>\n<div class=\"page-title-head hgroup\">\n<div class=\"page-title-head hgroup\">\n<div class=\"b654a4as d2edcug0\">\n<div><\/div>\n<\/div>\n<\/div>\n<div class=\"page-title-head hgroup\">\n<p>&nbsp;<\/p>\n<hr \/>\n<p class=\"b654a4as d2edcug0\"><span style=\"color: #ff6600;\">\u00a0 \u00a0<\/span><\/p>\n<h2><span style=\"color: #ff6600;\">GIROVAGANDO ALLA RADIO<\/span><\/h2>\n<p>&nbsp;<\/p>\n<blockquote class=\"wp-embedded-content\" data-secret=\"Ixi0SHM2rR\"><p><a href=\"https:\/\/www.radiopiu.net\/wordpress\/girovagando-in-e-bike-tra-le-dolomiti\/\">GIROVAGANDO IN E BIKE TRA LE DOLOMITI<\/a><\/p><\/blockquote>\n<p><iframe loading=\"lazy\" class=\"wp-embedded-content\" sandbox=\"allow-scripts\" security=\"restricted\" style=\"position: absolute; clip: rect(1px, 1px, 1px, 1px);\" title=\"&#8220;GIROVAGANDO IN E BIKE TRA LE DOLOMITI&#8221; &#8212; Radio Pi\u00f9\" src=\"https:\/\/www.radiopiu.net\/wordpress\/girovagando-in-e-bike-tra-le-dolomiti\/embed\/#?secret=Ixi0SHM2rR\" data-secret=\"Ixi0SHM2rR\" width=\"600\" height=\"338\" frameborder=\"0\" marginwidth=\"0\" marginheight=\"0\" scrolling=\"no\"><\/iframe><\/p>\n<p>\u200b<\/p>\n<p>\u200b<\/p>\n<hr \/>\n<\/div>\n<\/div>\n<\/div>\n<\/div>\n<\/div>\n<\/div>\n<\/div>\n<\/div>\n<\/div>\n<\/div>\n<\/div>\n<\/div>\n<\/div>\n<\/div>\n<\/div>\n<\/div>\n<\/div>\n<\/div>\n<\/div>\n<\/div>\n<\/div>\n<\/div>\n<\/div>\n<div class=\"mkdf-post-text\">\n<div class=\"mkdf-post-text-inner\">\n<div class=\"mkdf-post-text-main\">\n<div class=\"mkdf-post-text\">\n<div class=\"mkdf-post-text-inner\">\n<div class=\"mkdf-post-text-main\">\n<div>\n<div class=\"page-title-head hgroup\">\n<div class=\"page-title-head hgroup\">\n<div class=\"page-title-head hgroup\">\n<div class=\"page-title-head hgroup\">\n<div class=\"b654a4as d2edcug0\">\n<div class=\"page-title-head hgroup\">\n<div class=\"page-title-head hgroup\">\n<p>&nbsp;<\/p>\n<\/div>\n<\/div>\n<\/div>\n<\/div>\n<\/div>\n<\/div>\n<\/div>\n<\/div>\n<\/div>\n<\/div>\n<\/div>\n<\/div>\n<\/div>\n<\/div>\n<\/div>\n<\/div>\n<\/div>\n<\/div>\n<\/div>\n<\/div>\n<\/div>\n<\/div>\n<\/div>\n<\/div>\n<\/div>\n<\/div>\n<blockquote>\n<h3><\/h3>\n<h3>COLLAGE&#8230; DI LORIS SCUSSEL dal lunedi al venerdi alle 16 e alle 23 su RADIO PIU<\/h3>\n<p>&nbsp;<\/p><\/blockquote>\n<div>\n<p><img loading=\"lazy\" decoding=\"async\" class=\"alignleft\" src=\"https:\/\/www.radiopiu.net\/wordpress\/wp-content\/uploads\/2021\/05\/Schermata-2021-05-23-alle-11.50.11.png\" width=\"186\" height=\"131\" \/><\/p>\n<div>\n<p>Il programma \u00e8 andato in onda da dicembre 2013 fino a luglio 2019, comprese le repliche, in due serie per 350 puntate complessive con 1.890 brani trasmessi. L\u2019obiettivo del programma: riproporre agli ascoltatori pi\u00f9 grandicelli le canzoni che ascoltavano nel passato e nello stesso tempo farle conoscere anche ai pi\u00f9 giovani.<\/p>\n<\/div>\n<\/div>\n<div>\n<p><b>\u00a0\u00a0<\/b><\/p>\n<p>&nbsp;<\/p>\n<p>&nbsp;<\/p>\n<p>&nbsp;<\/p>\n<\/div>\n<\/div>\n<\/div>\n<\/div>\n<\/div>\n<\/div>\n<\/div>\n<\/div>\n<\/div>\n<\/div>\n<\/div>\n<\/div>\n<\/div>\n<\/div>\n<\/div>\n<\/div>\n<\/div>\n<\/div>\n<\/div>\n<\/div>\n<\/div>\n<\/div>\n<\/div>\n<\/div>\n<\/div>\n<\/div>\n<\/div>\n<\/div>\n<\/div>\n<\/div>\n<\/div>\n<\/div>\n<\/div>\n<\/div>\n<\/div>\n<\/div>\n<\/div>\n<\/div>\n<\/div>\n<\/div>\n<\/div>\n<\/div>\n<\/div>\n<\/div>\n<\/div>\n<\/div>\n<\/div>\n<\/div>\n<\/div>\n<\/div>\n<\/div>\n<\/div>\n<\/div>\n<\/div>\n<\/div>\n<\/div>\n<\/div>\n<\/div>\n<\/div>\n<\/div>\n<\/div>\n<\/div>\n<div>\n<div>\n<div class=\"b654a4as d2edcug0\">\n<div class=\"rq0escxv hkbzh7o3 jwdofwj8 n8tt0mok r8blr3vg hyh9befq\">\n<div class=\"b654a4as d2edcug0\">\n<div class=\"b654a4as d2edcug0\">\n<div>\n<div class=\"b654a4as d2edcug0\">\n<div class=\"rq0escxv hkbzh7o3 jwdofwj8 n8tt0mok r8blr3vg hyh9befq\">\n<div class=\"b654a4as d2edcug0\">\n<p>&nbsp;<\/p>\n<\/div>\n<\/div>\n<\/div>\n<\/div>\n<\/div>\n<\/div>\n<\/div>\n<\/div>\n<\/div>\n<hr \/>\n<p>&nbsp;<\/p>\n<div>\n<h2><span style=\"color: #ff0000;\"><strong>IN VIVO VERSO 2020-21 ESTATE, RIASCOLTIAMOLI&#8230; DAL CASSETTO DEI RICORDI DI RADIO PIU&#8217;&#8230; LE PRIME\u00a0 SEI STAGIONI\u00a0 \u00a0\u00a0<\/strong><\/span><\/h2>\n<div class=\"page-title-head hgroup\">\n<div class=\"page-title-head hgroup\">\n<div class=\"page-title-head hgroup\">\n<div class=\"page-title-head hgroup\">\n<div class=\"page-title-head hgroup\">\n<div class=\"page-title-head hgroup\">\n<p>&nbsp;<\/p>\n<blockquote class=\"wp-embedded-content\" data-secret=\"2FMscknXfp\"><p><a href=\"https:\/\/www.radiopiu.net\/wordpress\/in-vivo-verso\/\">In Vivo Verso<\/a><\/p><\/blockquote>\n<p><iframe loading=\"lazy\" class=\"wp-embedded-content\" sandbox=\"allow-scripts\" security=\"restricted\" style=\"position: absolute; clip: rect(1px, 1px, 1px, 1px);\" title=\"&#8220;In Vivo Verso&#8221; &#8212; Radio Pi\u00f9\" src=\"https:\/\/www.radiopiu.net\/wordpress\/in-vivo-verso\/embed\/#?secret=2FMscknXfp\" data-secret=\"2FMscknXfp\" width=\"600\" height=\"338\" frameborder=\"0\" marginwidth=\"0\" marginheight=\"0\" scrolling=\"no\"><\/iframe><\/p>\n<\/div>\n<\/div>\n<\/div>\n<\/div>\n<\/div>\n<\/div>\n<\/div>\n<hr \/>\n<div><\/div>\n<div>\n<div class=\"page-title-head hgroup\">\n<div class=\"page-title-head hgroup\">\n<div class=\"page-title-head hgroup\">\n<div class=\"page-title-head hgroup\">\n<div class=\"page-title-head hgroup\">\n<div>\n<div class=\"b654a4as d2edcug0\">\u00a0 \u00a0 \u00a0<strong style=\"color: #800080;\">LA RASSEGNA STAMPA DA L&#8217;AMICO DEL POPOLO\u00a0<\/strong><\/div>\n<\/div>\n<\/div>\n<\/div>\n<\/div>\n<\/div>\n<\/div>\n<\/div>\n<div>\n<div class=\"page-title-head hgroup\">\n<div class=\"page-title-head hgroup\">\n<div class=\"page-title-head hgroup\">\n<div class=\"page-title-head hgroup\">\n<div class=\"b654a4as d2edcug0\">\n<div class=\"page-title-head hgroup\">\n<div class=\"page-title-head hgroup\">\n<div class=\"page-title-head hgroup\">\n<div class=\"page-title-head hgroup\">\n<div class=\"b654a4as d2edcug0\">\n<div>\n<h3 class=\"kvgmc6g5 cxmmr5t8 oygrvhab hcukyx3x c1et5uql\"><span style=\"color: #0000ff;\"> INFORMAZIONE il canale su TELEGRAM informazione di prima mano e in tempo reale. iscriviti ed aiutaci a farlo conoscere\u00a0\u00a0<\/span><\/h3>\n<p><strong><a href=\"https:\/\/www.radiopiu.net\/wordpress\/la-rassegna-stampa-da-lamico-del-popolo-28-agosto-2021\/5585546b-6468-472b-8d84-00594a2dff53-2\/\" rel=\"attachment wp-att-229997\"><img loading=\"lazy\" decoding=\"async\" class=\"size-medium wp-image-229997 alignleft\" src=\"https:\/\/www.radiopiu.net\/wordpress\/wp-content\/uploads\/2021\/08\/5585546b-6468-472b-8d84-00594a2dff53-1-300x225.jpg\" alt=\"\" width=\"300\" height=\"225\" srcset=\"https:\/\/www.radiopiu.net\/wordpress\/wp-content\/uploads\/2021\/08\/5585546b-6468-472b-8d84-00594a2dff53-1-300x225.jpg 300w, https:\/\/www.radiopiu.net\/wordpress\/wp-content\/uploads\/2021\/08\/5585546b-6468-472b-8d84-00594a2dff53-1-1024x768.jpg 1024w, https:\/\/www.radiopiu.net\/wordpress\/wp-content\/uploads\/2021\/08\/5585546b-6468-472b-8d84-00594a2dff53-1-768x576.jpg 768w, https:\/\/www.radiopiu.net\/wordpress\/wp-content\/uploads\/2021\/08\/5585546b-6468-472b-8d84-00594a2dff53-1-1536x1152.jpg 1536w, https:\/\/www.radiopiu.net\/wordpress\/wp-content\/uploads\/2021\/08\/5585546b-6468-472b-8d84-00594a2dff53-1.jpg 2048w\" sizes=\"auto, (max-width: 300px) 100vw, 300px\" \/><\/a>di Gianni Santomaso<\/strong><\/p>\n<h4><em>L&#8217;Arte Povera Al Caff\u00e8 Garibaldi di Agordo<\/em><\/h4>\n<p>OSPITI: Freydis ed Erik Caldart<\/p>\n<audio class=\"wp-audio-shortcode\" id=\"audio-229993-4\" preload=\"none\" style=\"width: 100%;\" controls=\"controls\"><source type=\"audio\/mpeg\" src=\"https:\/\/www.radiopiu.net\/wordpress\/wp-content\/uploads\/2021\/08\/RASSEGNA-GIANNI-2.mp3?_=4\" \/><a href=\"https:\/\/www.radiopiu.net\/wordpress\/wp-content\/uploads\/2021\/08\/RASSEGNA-GIANNI-2.mp3\">https:\/\/www.radiopiu.net\/wordpress\/wp-content\/uploads\/2021\/08\/RASSEGNA-GIANNI-2.mp3<\/a><\/audio>\n<p>&nbsp;<\/p>\n<blockquote class=\"wp-embedded-content\" data-secret=\"fOSzOeqyhg\"><p><a href=\"https:\/\/www.radiopiu.net\/wordpress\/rassegna-stampa-di-gianni-santomaso\/\">Rassegna stampa da l&#8217;amico del popolo &#8211; di Gianni Santomaso<\/a><\/p><\/blockquote>\n<p><iframe loading=\"lazy\" class=\"wp-embedded-content\" sandbox=\"allow-scripts\" security=\"restricted\" style=\"position: absolute; clip: rect(1px, 1px, 1px, 1px);\" title=\"&#8220;Rassegna stampa da l&#8217;amico del popolo &#8211; di Gianni Santomaso&#8221; &#8212; Radio Pi\u00f9\" src=\"https:\/\/www.radiopiu.net\/wordpress\/rassegna-stampa-di-gianni-santomaso\/embed\/#?secret=fOSzOeqyhg\" data-secret=\"fOSzOeqyhg\" width=\"600\" height=\"338\" frameborder=\"0\" marginwidth=\"0\" marginheight=\"0\" scrolling=\"no\"><\/iframe><\/p>\n<p>&nbsp;<\/p>\n<hr \/>\n<p>&nbsp;<\/p>\n<p>&nbsp;<\/p>\n<\/div>\n<div dir=\"auto\">\n<blockquote class=\"wp-embedded-content\" data-secret=\"or6qWFiXi4\"><p><a href=\"https:\/\/www.radiopiu.net\/wordpress\/saluteesocieta\/\">Salute e Societ\u00e0<\/a><\/p><\/blockquote>\n<p><iframe loading=\"lazy\" class=\"wp-embedded-content\" sandbox=\"allow-scripts\" security=\"restricted\" style=\"position: absolute; clip: rect(1px, 1px, 1px, 1px);\" title=\"&#8220;Salute e Societ\u00e0&#8221; &#8212; Radio Pi\u00f9\" src=\"https:\/\/www.radiopiu.net\/wordpress\/saluteesocieta\/embed\/#?secret=or6qWFiXi4\" data-secret=\"or6qWFiXi4\" width=\"600\" height=\"338\" frameborder=\"0\" marginwidth=\"0\" marginheight=\"0\" scrolling=\"no\"><\/iframe><\/p>\n<\/div>\n<div dir=\"auto\">\n<h1><\/h1>\n<\/div>\n<div>\n<div class=\"page-title-head hgroup\">\n<div class=\"page-title-head hgroup\">\n<div class=\"page-title-head hgroup\">\n<div>\n<div class=\"b654a4as d2edcug0\">\n<div class=\"rq0escxv hkbzh7o3 jwdofwj8 n8tt0mok r8blr3vg hyh9befq\">\n<hr \/>\n<\/div>\n<\/div>\n<\/div>\n<div>\n<div class=\"page-title-head hgroup\">\n<div class=\"page-title-head hgroup\">\n<div class=\"b654a4as d2edcug0\">\n<p>&nbsp;<\/p>\n<blockquote>\n<h3><img loading=\"lazy\" decoding=\"async\" class=\"alignleft\" src=\"https:\/\/www.radiopiu.net\/wordpress\/wp-content\/uploads\/2021\/06\/fresh-flower-leaves-saffron-white-background-place-your-text-use-saffron-spice-cooking-cosmetology_347372-394.jpeg\" width=\"141\" height=\"94\" \/>L&#8217;ALMANACCO LADINO CON L&#8217;ISTITUT CESA DE JAN QUINDICINALE APPUNTAMENTO. LA DOMENICA ALLE 9 IL LUNEDI ALLE 8.35 IL MARTEDI ALLE 12.35 IL MERCOLEDI ALLE 18.35. SECONDA STAGIONE.<strong style=\"font-size: 14px;\">\u00a0<\/strong><\/h3>\n<\/blockquote>\n<p><strong>\u00a0<\/strong><strong>\u00a0RACCOLTA COMPLETA\u00a0<\/strong><\/p>\n<blockquote class=\"wp-embedded-content\" data-secret=\"M5jSLCZHGl\"><p><a href=\"https:\/\/www.radiopiu.net\/wordpress\/almanacco-ladino\/\">Almanacco Ladino<\/a><\/p><\/blockquote>\n<p><iframe loading=\"lazy\" class=\"wp-embedded-content\" sandbox=\"allow-scripts\" security=\"restricted\" style=\"position: absolute; clip: rect(1px, 1px, 1px, 1px);\" title=\"&#8220;Almanacco Ladino&#8221; &#8212; Radio Pi\u00f9\" src=\"https:\/\/www.radiopiu.net\/wordpress\/almanacco-ladino\/embed\/#?secret=M5jSLCZHGl\" data-secret=\"M5jSLCZHGl\" width=\"600\" height=\"338\" frameborder=\"0\" marginwidth=\"0\" marginheight=\"0\" scrolling=\"no\"><\/iframe><\/p>\n<\/div>\n<div>\n<p>&nbsp;<\/p>\n<hr \/>\n<h2><span style=\"color: #808000;\">DUE MINUTI UN LIBRO\u00a0 TUTTI I GIORNI ALLA RADIO ALLE 9.30 E ALLE 18. QUINTA STAGIONE\u00a0\u00a0<\/span><\/h2>\n<p>&nbsp;<\/p>\n<p><strong>LA RACCOLTA COMPLETA\u00a0\u00a0<\/strong><\/p>\n<\/div>\n<div>\n<blockquote class=\"wp-embedded-content\" data-secret=\"cTlb5ULOKY\"><p><a href=\"https:\/\/www.radiopiu.net\/wordpress\/due-minuti-un-libro\/\">Due minuti un libro<\/a><\/p><\/blockquote>\n<p><iframe loading=\"lazy\" class=\"wp-embedded-content\" sandbox=\"allow-scripts\" security=\"restricted\" style=\"position: absolute; clip: rect(1px, 1px, 1px, 1px);\" title=\"&#8220;Due minuti un libro&#8221; &#8212; Radio Pi\u00f9\" src=\"https:\/\/www.radiopiu.net\/wordpress\/due-minuti-un-libro\/embed\/#?secret=cTlb5ULOKY\" data-secret=\"cTlb5ULOKY\" width=\"600\" height=\"338\" frameborder=\"0\" marginwidth=\"0\" marginheight=\"0\" scrolling=\"no\"><\/iframe><\/p>\n<p>&nbsp;<\/p>\n<hr \/>\n<p>\u200b<\/p>\n<div>\n<h2><span style=\"color: #33cccc;\">I RACCONTI DI PAOLO SOPPELSA il lunedi alle 9.30 e 18.30<\/span><\/h2>\n<p>&nbsp;<\/p>\n<blockquote class=\"wp-embedded-content\" data-secret=\"op3lvAYb23\"><p><a href=\"https:\/\/www.radiopiu.net\/wordpress\/i-racconti-di-paolo-soppelsa\/\">I racconti di Paolo Soppelsa<\/a><\/p><\/blockquote>\n<p><iframe loading=\"lazy\" class=\"wp-embedded-content\" sandbox=\"allow-scripts\" security=\"restricted\" style=\"position: absolute; clip: rect(1px, 1px, 1px, 1px);\" title=\"&#8220;I racconti di Paolo Soppelsa&#8221; &#8212; Radio Pi\u00f9\" src=\"https:\/\/www.radiopiu.net\/wordpress\/i-racconti-di-paolo-soppelsa\/embed\/#?secret=op3lvAYb23\" data-secret=\"op3lvAYb23\" width=\"600\" height=\"338\" frameborder=\"0\" marginwidth=\"0\" marginheight=\"0\" scrolling=\"no\"><\/iframe><\/p>\n<p>&nbsp;<\/p>\n<\/div>\n<\/div>\n<hr \/>\n<p>&nbsp;<\/p>\n<div class=\"mkdf-post-text\">\n<div class=\"mkdf-post-text-inner\">\n<div class=\"mkdf-post-text-main\">\n<div class=\"mkdf-post-text\">\n<div class=\"mkdf-post-text-inner\">\n<div class=\"mkdf-post-text-main\">\n<div class=\"mkdf-post-text\">\n<div class=\"mkdf-post-text-inner\">\n<div class=\"mkdf-post-text-main\">\n<div class=\"page-title-head hgroup\">\n<div class=\"page-title-head hgroup\">\n<div class=\"mkdf-post-text\">\n<div class=\"mkdf-post-text-inner\">\n<div class=\"mkdf-post-text-main\">\n<div class=\"mkdf-post-text\">\n<div class=\"mkdf-post-text-inner\">\n<div class=\"mkdf-post-text-main\">\n<div>\n<div class=\"page-title-head hgroup\">\n<div class=\"page-title-head hgroup\">\n<div class=\"page-title-head hgroup\">\n<div class=\"page-title-head hgroup\">\n<div class=\"b654a4as d2edcug0\">\n<div class=\"page-title-head hgroup\">\n<div class=\"page-title-head hgroup\">\n<div class=\"page-title-head hgroup\">\n<div class=\"page-title-head hgroup\">\n<div class=\"b654a4as d2edcug0\">\n<div>\n<div>\n<div>\n<div>\n<div class=\"page-title-head hgroup\">\n<div class=\"page-title-head hgroup\">\n<div class=\"page-title-head hgroup\">\n<div class=\"page-title-head hgroup\">\n<div class=\"b654a4as d2edcug0\">\n<div class=\"page-title-head hgroup\">\n<div class=\"page-title-head hgroup\">\n<div class=\"page-title-head hgroup\">\n<div class=\"page-title-head hgroup\">\n<div class=\"b654a4as d2edcug0\">\n<div>\n<div class=\"page-title-head hgroup\">\n<div class=\"page-title-head hgroup\">\n<div class=\"page-title-head hgroup\">\n<div>\n<div class=\"page-title-head hgroup\">\n<div class=\"page-title-head hgroup\">\n<div class=\"page-title-head hgroup\">\n<p>&nbsp;<\/p>\n<p><a href=\"https:\/\/www.radiopiu.net\/wordpress\/giornale-radiopiu-26-settembre-2018-direttore-mirko-mezzacasa\/viabilita-2\/\" rel=\"attachment wp-att-61954\"><img loading=\"lazy\" decoding=\"async\" class=\"wp-image-61954 size-full aligncenter\" src=\"https:\/\/www.radiopiu.net\/wordpress\/wp-content\/uploads\/2018\/09\/viabilita.jpeg\" alt=\"\" width=\"800\" height=\"100\" srcset=\"https:\/\/www.radiopiu.net\/wordpress\/wp-content\/uploads\/2018\/09\/viabilita.jpeg 800w, https:\/\/www.radiopiu.net\/wordpress\/wp-content\/uploads\/2018\/09\/viabilita-300x38.jpeg 300w, https:\/\/www.radiopiu.net\/wordpress\/wp-content\/uploads\/2018\/09\/viabilita-768x96.jpeg 768w\" sizes=\"auto, (max-width: 800px) 100vw, 800px\" \/><\/a><\/p>\n<blockquote><p><a href=\"https:\/\/www.radiopiu.net\/wordpress\/giornale-radiopiu-09-agosto-2018-direttore-mirko-mezzacasa\/viabilia\/\" rel=\"attachment wp-att-57053\"><img loading=\"lazy\" decoding=\"async\" class=\" wp-image-57053 alignleft\" src=\"https:\/\/www.radiopiu.net\/wordpress\/wp-content\/uploads\/2018\/08\/VIABILIA-300x180.jpeg\" alt=\"\" width=\"220\" height=\"132\" srcset=\"https:\/\/www.radiopiu.net\/wordpress\/wp-content\/uploads\/2018\/08\/VIABILIA-300x180.jpeg 300w, https:\/\/www.radiopiu.net\/wordpress\/wp-content\/uploads\/2018\/08\/VIABILIA-768x461.jpeg 768w, https:\/\/www.radiopiu.net\/wordpress\/wp-content\/uploads\/2018\/08\/VIABILIA-1024x614.jpeg 1024w, https:\/\/www.radiopiu.net\/wordpress\/wp-content\/uploads\/2018\/08\/VIABILIA.jpeg 1280w\" sizes=\"auto, (max-width: 220px) 100vw, 220px\" \/><\/a><\/p><\/blockquote>\n<\/div>\n<\/div>\n<\/div>\n<\/div>\n<\/div>\n<\/div>\n<\/div>\n<\/div>\n<div>\n<div>\n<div class=\"page-title-head hgroup\">\n<div class=\"page-title-head hgroup\">\n<div class=\"page-title-head hgroup\">\n<div class=\"page-title-head hgroup\">\n<div class=\"page-title-head hgroup\">\n<div class=\"page-title-head hgroup\">\n<blockquote><p>La viabilit\u00e0 con gli ultimi aggiornamenti<\/p><\/blockquote>\n<\/div>\n<\/div>\n<\/div>\n<\/div>\n<\/div>\n<\/div>\n<\/div>\n<div><\/div>\n<div><\/div>\n<div>\n<div><\/div>\n<\/div>\n<\/div>\n<\/div>\n<\/div>\n<\/div>\n<\/div>\n<\/div>\n<\/div>\n<\/div>\n<\/div>\n<\/div>\n<\/div>\n<\/div>\n<div>\n<div class=\"page-title-head hgroup\">\n<div class=\"page-title-head hgroup\">\n<div class=\"page-title-head hgroup\">\n<div class=\"page-title-head hgroup\">\n<div class=\"b654a4as d2edcug0\">\n<div>\n<div class=\"page-title-head hgroup\" style=\"text-align: left;\">\n<div class=\"page-title-head hgroup\"><\/div>\n<\/div>\n<\/div>\n<\/div>\n<\/div>\n<\/div>\n<\/div>\n<\/div>\n<\/div>\n<\/div>\n<\/div>\n<\/div>\n<div>\n<div>\n<div class=\"page-title-head hgroup\">\n<div class=\"page-title-head hgroup\">\n<div class=\"page-title-head hgroup\">\n<div class=\"page-title-head hgroup\">\n<div class=\"b654a4as d2edcug0\">\n<div class=\"page-title-head hgroup\">\n<div class=\"page-title-head hgroup\">\n<div class=\"page-title-head hgroup\">\n<div class=\"page-title-head hgroup\">\n<div class=\"b654a4as d2edcug0\">\n<div>\n<div class=\"page-title-head hgroup\">\n<div class=\"page-title-head hgroup\">\n<div class=\"page-title-head hgroup\">\n<div class=\"page-title-head hgroup\">\n<div class=\"page-title-head hgroup\">\n<div>\n<div>\n<audio class=\"wp-audio-shortcode\" id=\"audio-229993-5\" preload=\"none\" style=\"width: 100%;\" controls=\"controls\"><source type=\"audio\/mpeg\" src=\"https:\/\/www.radiopiu.net\/wordpress\/wp-content\/uploads\/2021\/08\/VIABILITA-3.mp3?_=5\" \/><a href=\"https:\/\/www.radiopiu.net\/wordpress\/wp-content\/uploads\/2021\/08\/VIABILITA-3.mp3\">https:\/\/www.radiopiu.net\/wordpress\/wp-content\/uploads\/2021\/08\/VIABILITA-3.mp3<\/a><\/audio>\n<\/div>\n<div><\/div>\n<div><\/div>\n<div><\/div>\n<\/div>\n<\/div>\n<\/div>\n<\/div>\n<\/div>\n<\/div>\n<\/div>\n<\/div>\n<\/div>\n<\/div>\n<\/div>\n<\/div>\n<\/div>\n<\/div>\n<\/div>\n<\/div>\n<\/div>\n<\/div>\n<\/div>\n<\/div>\n<\/div>\n<\/div>\n<\/div>\n<\/div>\n<\/div>\n<\/div>\n<\/div>\n<\/div>\n<\/div>\n<\/div>\n<\/div>\n<\/div>\n<\/div>\n<\/div>\n<\/div>\n<\/div>\n<\/div>\n<\/div>\n<\/div>\n<\/div>\n<\/div>\n<\/div>\n<\/div>\n<\/div>\n<\/div>\n<\/div>\n<\/div>\n<\/div>\n<\/div>\n<\/div>\n<\/div>\n<\/div>\n<\/div>\n<\/div>\n<\/div>\n<\/div>\n<\/div>\n<\/div>\n<\/div>\n<\/div>\n<\/div>\n<\/div>\n<\/div>\n<\/div>\n<\/div>\n<\/div>\n<div>\n<div class=\"page-title-head hgroup\">\n<div class=\"page-title-head hgroup\">\n<div class=\"page-title-head hgroup\">\n<div class=\"page-title-head hgroup\">\n<div class=\"b654a4as d2edcug0\">\n<div class=\"page-title-head hgroup\">\n<div class=\"page-title-head hgroup\">\n<div class=\"page-title-head hgroup\">\n<div class=\"page-title-head hgroup\">\n<div class=\"b654a4as d2edcug0\">\n<div class=\"page-title-head hgroup\">\n<div class=\"page-title-head hgroup\">\n<div class=\"page-title-head hgroup\">\n<div class=\"page-title-head hgroup\">\n<div class=\"page-title-head hgroup\">\n<div class=\"mkdf-post-text\">\n<div class=\"mkdf-post-text-inner\">\n<div class=\"mkdf-post-text-main\">\n<div class=\"mkdf-post-text\">\n<div class=\"mkdf-post-text-inner\">\n<div class=\"mkdf-post-text-main\">\n<div class=\"mkdf-post-text\">\n<div class=\"mkdf-post-text-inner\">\n<div class=\"mkdf-post-text-main\">\n<div class=\"page-title-head hgroup\">\n<div class=\"page-title-head hgroup\">\n<div class=\"mkdf-post-text\">\n<div class=\"mkdf-post-text-inner\">\n<div class=\"mkdf-post-text-main\">\n<div class=\"mkdf-post-text\">\n<div class=\"mkdf-post-text-inner\">\n<div class=\"mkdf-post-text-main\">\n<div>\n<div class=\"page-title-head hgroup\">\n<div class=\"page-title-head hgroup\">\n<div class=\"page-title-head hgroup\">\n<div class=\"page-title-head hgroup\">\n<div class=\"b654a4as d2edcug0\">\n<div class=\"page-title-head hgroup\">\n<div class=\"page-title-head hgroup\">\n<div class=\"page-title-head hgroup\">\n<div class=\"page-title-head hgroup\">\n<div class=\"b654a4as d2edcug0\">\n<div>\n<div>\n<div>\n<div class=\"page-title-head hgroup\">\n<hr \/>\n<p>&nbsp;<\/p>\n<\/div>\n<\/div>\n<\/div>\n<\/div>\n<\/div>\n<\/div>\n<\/div>\n<\/div>\n<\/div>\n<\/div>\n<\/div>\n<\/div>\n<\/div>\n<\/div>\n<\/div>\n<div>\n<div class=\"page-title-head hgroup\">\n<div class=\"page-title-head hgroup\">\n<div>\n<div class=\"page-title-head hgroup\">\n<div class=\"page-title-head hgroup\">\n<div class=\"b654a4as d2edcug0\">\n<div>\n<div class=\"page-title-head hgroup\" style=\"text-align: left;\">\n<div class=\"page-title-head hgroup\">\n<div dir=\"auto\">\n<p><a class=\"dt-pswp-item pspw-wrap-ready\" href=\"https:\/\/i0.wp.com\/www.radiopiu.net\/wordpress\/wp-content\/uploads\/2018\/09\/WhatsApp-Image-2018-09-20-at-16.04.06.jpeg?ssl=1\" data-dt-img-description=\"\" data-large_image_width=\"800\" data-large_image_height=\"100\"><img loading=\"lazy\" decoding=\"async\" class=\"aligncenter wp-image-61378 size-full jetpack-lazy-image jetpack-lazy-image--handled\" src=\"https:\/\/i0.wp.com\/www.radiopiu.net\/wordpress\/wp-content\/uploads\/2018\/09\/WhatsApp-Image-2018-09-20-at-16.04.06.jpeg?resize=800%2C100&amp;ssl=1\" sizes=\"auto, (max-width: 800px) 100vw, 800px\" srcset=\"https:\/\/i0.wp.com\/www.radiopiu.net\/wordpress\/wp-content\/uploads\/2018\/09\/WhatsApp-Image-2018-09-20-at-16.04.06.jpeg?w=800&amp;ssl=1 800w, https:\/\/i0.wp.com\/www.radiopiu.net\/wordpress\/wp-content\/uploads\/2018\/09\/WhatsApp-Image-2018-09-20-at-16.04.06.jpeg?resize=300%2C38&amp;ssl=1 300w, https:\/\/i0.wp.com\/www.radiopiu.net\/wordpress\/wp-content\/uploads\/2018\/09\/WhatsApp-Image-2018-09-20-at-16.04.06.jpeg?resize=768%2C96&amp;ssl=1 768w\" alt=\"\" width=\"800\" height=\"100\" data-lazy-loaded=\"1\" \/><\/a><\/p>\n<\/div>\n<\/div>\n<\/div>\n<\/div>\n<\/div>\n<\/div>\n<\/div>\n<\/div>\n<\/div>\n<\/div>\n<\/div>\n<\/div>\n<\/div>\n<\/div>\n<\/div>\n<\/div>\n<\/div>\n<\/div>\n<\/div>\n<\/div>\n<\/div>\n<\/div>\n<\/div>\n<\/div>\n<\/div>\n<\/div>\n<\/div>\n<\/div>\n<p>&nbsp;<\/p>\n<div id=\"dolomitimeteo_div_testi\"><center><b>Lunedi 30<\/b><\/center><b>Tempo atteso: <\/b>Ancora una giornata fresca, in prevalenza soleggiata al mattino e variabile\/instabile nel pomeriggio e verso sera, quando sono probabili dei fenomeni, soprattutto fra il tardo pomeriggio e le prime ore della serata. Poi esaurimento dei fenomeni, ad iniziare dalle Dolomiti.<br \/>\n<b>Precipitazioni: <\/b>Al mattino assenti (0%), dal primo pomeriggio rischio di piovaschi o rovesci in aumento, fino a probabilit\u00e0 medio-alta fra il tardo pomeriggio e l&#8217;inizio della serata (50-70%). Non esclusi fenomeni temporaleschi, soprattutto sulle Prealpi bellunesi. Limite degli eventuali rovesci nevosi fra i 2500 e i 2600 m<br \/>\n<b>Temperature: <\/b>Minime in lieve aumento, massime senza grosse variazioni, su valori 2-3\u00b0C inferiori alla norma. Su Prealpi a 1500 m min 8\u00b0C, max 11\u00b0C; a 2000 m min 5\u00b0C, max 7\u00b0C. Su Dolomiti a 2000 m min 4\u00b0C, max 10\u00b0C; a 3000 m min -3\u00b0C, max 0\u00b0C.<br \/>\n<b>Venti: <\/b>Nelle valli deboli o moderati a regime di brezza, in quota deboli o moderati da nord-ovest, anche tesi sulle vette, specie nel verso sera, 10-25 km\/h a 2000 m, 25-35 km\/h a 3000 m.<\/p>\n<hr \/>\n<p><center><b>Martedi 31<\/b><\/center><b>Tempo atteso: <\/b>Dopo i possibili fenomeni notturni su Prealpi e Dolomiti meridionali, la mattinata sar\u00e0 soleggiata sulla fascia prealpina, salvo iniziali nubi basse in Valbelluna, mentre sulle Dolomiti il cielo tender\u00e0 ad annuvolarsi per arrivo di nubi medio\/alte da nord. Nel pomeriggio irregolarmente nuvoloso, con schiarite, ma con possibili fenomeni, che tenderanno ad esaurirsi per\u00f2 verso sera.<br \/>\n<b>Precipitazioni: <\/b>Nella notte possibile qualche rovescio su Dolomiti meridionali e Prealpi (20-40%). In mattinata precipitazioni assenti (0%). Nel pomeriggio possibili rovesci (60%), anche temporaleschi su Prealpi bellunesi e trevigiane.<br \/>\n<b>Temperature: <\/b>Senza variazioni di rilievo. Su Prealpi a 1500 m min 10\u00b0C, max 13\u00b0C; a 2000 m min 6\u00b0C, max 9\u00b0C. Su Dolomiti a 2000 m min 4\u00b0C, max 11\u00b0C; a 3000 m min -2\u00b0C, max 0\u00b0C.<br \/>\n<b>Venti: <\/b>Nelle valli deboli o moderati per brezze; in quota deboli o moderati da nord, a tratti tesi sulle cime, specie nel pomeriggio-sera, 10-20 km\/h a 2000 m, 25-35 km\/h a 3000 m.<\/p>\n<hr \/>\n<p><center><b>Mercoledi 1<\/b><\/center>Giornata splendida, con cielo in prevalenza sereno. Temperature in aumento le massime, su valori normali per il periodo. Venti in quota deboli o moderati da nord.<\/p>\n<hr \/>\n<p><center><b>Giovedi 2<\/b><\/center>Ancora tempo bello, con cielo da sereno a poco nuvoloso per la formazione di modesti cumuli a ridosso dei rilievi nelle ore pi\u00f9 calde. Unica insidia le nubi basse nella notte ed al primo mattino in qualche valle, in successivo dissolvimento. Temperature in ulteriore aumento in alta quota e nelle valli interessate dalle nubi basse notturne. Venti in quota in prevalenza deboli, di direzione variabile. Previsore: B.R.<\/p>\n<\/div>\n<p>&nbsp;<\/p>\n<p>&nbsp;<\/p>\n<div class=\"mkdf-post-text\">\n<div class=\"mkdf-post-text-inner\">\n<hr \/>\n<p>&nbsp;<\/p>\n<p><img loading=\"lazy\" decoding=\"async\" class=\"wp-image-60761 size-full aligncenter\" src=\"https:\/\/www.radiopiu.net\/wordpress\/wp-content\/uploads\/2018\/09\/sport.jpg\" alt=\"\" width=\"800\" height=\"100\" srcset=\"https:\/\/www.radiopiu.net\/wordpress\/wp-content\/uploads\/2018\/09\/sport.jpg 800w, https:\/\/www.radiopiu.net\/wordpress\/wp-content\/uploads\/2018\/09\/sport-300x38.jpg 300w, https:\/\/www.radiopiu.net\/wordpress\/wp-content\/uploads\/2018\/09\/sport-768x96.jpg 768w\" sizes=\"auto, (max-width: 800px) 100vw, 800px\" \/><\/p>\n<p>&nbsp;<\/p>\n<blockquote>\n<h3>QUALIFICAZIONE OLIMPICA: ITALIA KO ANCHE CON L&#8217;UNGHERIA<\/h3>\n<\/blockquote>\n<p class=\"null\"><a href=\"https:\/\/www.radiopiu.net\/wordpress\/giornale-radiopiu-30-agosto-2021-direttore-mirko-mezzacasa\/93d4c15c-4cdf-0c6b-93b2-3c692de2b379\/\" rel=\"attachment wp-att-230112\"><img loading=\"lazy\" decoding=\"async\" class=\" wp-image-230112 alignleft\" src=\"https:\/\/www.radiopiu.net\/wordpress\/wp-content\/uploads\/2021\/08\/93d4c15c-4cdf-0c6b-93b2-3c692de2b379-300x210.jpg\" alt=\"\" width=\"160\" height=\"112\" srcset=\"https:\/\/www.radiopiu.net\/wordpress\/wp-content\/uploads\/2021\/08\/93d4c15c-4cdf-0c6b-93b2-3c692de2b379-300x210.jpg 300w, https:\/\/www.radiopiu.net\/wordpress\/wp-content\/uploads\/2021\/08\/93d4c15c-4cdf-0c6b-93b2-3c692de2b379-1024x718.jpg 1024w, https:\/\/www.radiopiu.net\/wordpress\/wp-content\/uploads\/2021\/08\/93d4c15c-4cdf-0c6b-93b2-3c692de2b379-768x538.jpg 768w, https:\/\/www.radiopiu.net\/wordpress\/wp-content\/uploads\/2021\/08\/93d4c15c-4cdf-0c6b-93b2-3c692de2b379.jpg 1200w\" sizes=\"auto, (max-width: 160px) 100vw, 160px\" \/><\/a>Tre partite, tre sconfitte. Un gol segnato, dieci subiti. I numeri, purtroppo, parlano chiaro, e certificano la fine del sogno olimpico per la nazionale italiana di hockey su ghiaccio che cade anche nell\u2019ultimo match del torneo di qualificazione a Pechino 2022. Nonostante il predominio territoriale, gli azzurri si inchinano 2-1 ad un\u2019Ungheria semplicemente pi\u00f9 concreta sottoporta. Il ko lascia l\u2019amaro in bocca all\u2019Italia, che dopo essere andata in doppio svantaggio ha avuto la forza di rientrare in partita con un bel gol di Giovanni Morini, sfiorando il pareggio nel convulso finale.<\/p>\n<p>&nbsp;<\/p>\n<p>&nbsp;<\/p>\n<hr \/>\n<p>&nbsp;<\/p>\n<blockquote>\n<h3>TRE SCONFITTE PER LA NAZIONALE DI HOCKEY UNDER 18<\/h3>\n<\/blockquote>\n<p class=\"null\"><a href=\"https:\/\/www.radiopiu.net\/wordpress\/giornale-radiopiu-30-agosto-2021-direttore-mirko-mezzacasa\/d14f5b5d-baa5-9721-2da7-31fc711c1bd0\/\" rel=\"attachment wp-att-230032\"><img loading=\"lazy\" decoding=\"async\" class=\"size-medium wp-image-230032 alignleft\" src=\"https:\/\/www.radiopiu.net\/wordpress\/wp-content\/uploads\/2021\/08\/d14f5b5d-baa5-9721-2da7-31fc711c1bd0-300x200.jpg\" alt=\"\" width=\"300\" height=\"200\" srcset=\"https:\/\/www.radiopiu.net\/wordpress\/wp-content\/uploads\/2021\/08\/d14f5b5d-baa5-9721-2da7-31fc711c1bd0-300x200.jpg 300w, https:\/\/www.radiopiu.net\/wordpress\/wp-content\/uploads\/2021\/08\/d14f5b5d-baa5-9721-2da7-31fc711c1bd0-1024x683.jpg 1024w, https:\/\/www.radiopiu.net\/wordpress\/wp-content\/uploads\/2021\/08\/d14f5b5d-baa5-9721-2da7-31fc711c1bd0-768x512.jpg 768w, https:\/\/www.radiopiu.net\/wordpress\/wp-content\/uploads\/2021\/08\/d14f5b5d-baa5-9721-2da7-31fc711c1bd0-1536x1024.jpg 1536w, https:\/\/www.radiopiu.net\/wordpress\/wp-content\/uploads\/2021\/08\/d14f5b5d-baa5-9721-2da7-31fc711c1bd0.jpg 1920w\" sizes=\"auto, (max-width: 300px) 100vw, 300px\" \/><\/a>Termina con tre sconfitte su altrettante partite la tournee della nazionale under 18 di hockey su ghiaccio in Ungheria. Partiti dall\u2019Italia con una selezione particolarmente giovane e priva di alcuni dei suoi elementi di punta, gli azzurrini guidata in panchina da Giovanni Marchetti hanno incassato due nette sconfitte contro Slovacchia (9-2) e Ungheria (8-0) per poi concludere con un ultimo ko che lascia davvero l\u2019amaro in bocca. Sabato mattina, infatti, l\u2019Italia si \u00e8 arresa per 4-5 alla Polonia al termine di un match in equilibrio per tutti i 60 minuti, nel corso dei quali la nazionale si \u00e8 anche trovata due volte in vantaggio. Per la nazionale under 18 l\u2019appuntamento clou della stagione saranno i Mondiali di Prima Divisione gruppo B in programma dal 25 aprile al 1\u00b0 maggio 2022 ad Asiago. L\u2019Italia, in quell\u2019occasione, se la vedr\u00e0 con i pari et\u00e0 di Ucraina, Austria, Ungheria, Slovenia e Polonia.<\/p>\n<p>&nbsp;<\/p>\n<p>&nbsp;<\/p>\n<hr \/>\n<p>&nbsp;<\/p>\n<blockquote>\n<h3>NAZIONALE DI HOCKEY FEMMINILE: UNA VITTORIA E UNA SCONFITTA CONTRO L&#8217;OLANDA<\/h3>\n<\/blockquote>\n<p class=\"null\"><a href=\"https:\/\/www.radiopiu.net\/wordpress\/giornale-radiopiu-30-agosto-2021-direttore-mirko-mezzacasa\/f4417cf0-7cc4-bd72-ecca-da2c427fffe2\/\" rel=\"attachment wp-att-230164\"><img loading=\"lazy\" decoding=\"async\" class=\" wp-image-230164 alignleft\" src=\"https:\/\/www.radiopiu.net\/wordpress\/wp-content\/uploads\/2021\/08\/f4417cf0-7cc4-bd72-ecca-da2c427fffe2-300x169.jpg\" alt=\"\" width=\"233\" height=\"131\" srcset=\"https:\/\/www.radiopiu.net\/wordpress\/wp-content\/uploads\/2021\/08\/f4417cf0-7cc4-bd72-ecca-da2c427fffe2-300x169.jpg 300w, https:\/\/www.radiopiu.net\/wordpress\/wp-content\/uploads\/2021\/08\/f4417cf0-7cc4-bd72-ecca-da2c427fffe2-1024x576.jpg 1024w, https:\/\/www.radiopiu.net\/wordpress\/wp-content\/uploads\/2021\/08\/f4417cf0-7cc4-bd72-ecca-da2c427fffe2-768x432.jpg 768w, https:\/\/www.radiopiu.net\/wordpress\/wp-content\/uploads\/2021\/08\/f4417cf0-7cc4-bd72-ecca-da2c427fffe2.jpg 1400w\" sizes=\"auto, (max-width: 233px) 100vw, 233px\" \/><\/a>Si conclude con una sconfitta la trasferta della nazionale femminile di hockey su ghiaccio a Tillburg, in Olanda. Dopo essersi imposte 0-3 (reti di Gius, Roccella e Kaneppele) nel match disputato sabato, nel secondo scontro diretto le ragazze di coach Max Fedrizzi si sono arrese di misura alle padrone di casa. 3-2 il risultato finale, con la rete decisiva messa a segno nei minuti conclusivi in situazione di superiorit\u00e0 numerica. Poco prima, sul punteggio di parit\u00e0, era stata l\u2019Italia a fallire il colpo del ko non riuscendo a concretizzare tre power-play quasi consecutivi.<\/p>\n<p>&nbsp;<\/p>\n<p>&nbsp;<\/p>\n<hr \/>\n<p>&nbsp;<\/p>\n<blockquote>\n<h3>PRANDI E SIMENC VINCONO LA GRANFONDO DEL DRAGONE<\/h3>\n<\/blockquote>\n<p><strong><a href=\"https:\/\/www.radiopiu.net\/wordpress\/giornale-radiopiu-30-agosto-2021-direttore-mirko-mezzacasa\/andrea-prandi-vincitore-gf-dragone\/\" rel=\"attachment wp-att-230166\"><img loading=\"lazy\" decoding=\"async\" class=\"size-medium wp-image-230166 alignleft\" src=\"https:\/\/www.radiopiu.net\/wordpress\/wp-content\/uploads\/2021\/08\/Andrea-Prandi-vincitore-GF-Dragone-300x225.jpg\" alt=\"\" width=\"300\" height=\"225\" srcset=\"https:\/\/www.radiopiu.net\/wordpress\/wp-content\/uploads\/2021\/08\/Andrea-Prandi-vincitore-GF-Dragone-300x225.jpg 300w, https:\/\/www.radiopiu.net\/wordpress\/wp-content\/uploads\/2021\/08\/Andrea-Prandi-vincitore-GF-Dragone-1024x768.jpg 1024w, https:\/\/www.radiopiu.net\/wordpress\/wp-content\/uploads\/2021\/08\/Andrea-Prandi-vincitore-GF-Dragone-768x576.jpg 768w, https:\/\/www.radiopiu.net\/wordpress\/wp-content\/uploads\/2021\/08\/Andrea-Prandi-vincitore-GF-Dragone-1536x1152.jpg 1536w, https:\/\/www.radiopiu.net\/wordpress\/wp-content\/uploads\/2021\/08\/Andrea-Prandi-vincitore-GF-Dragone-2048x1536.jpg 2048w\" sizes=\"auto, (max-width: 300px) 100vw, 300px\" \/><\/a>BELLUNO <\/strong>Il Dragone di Belluno premia la grinta del lombardo\u00a0<strong>Andrea Prandi<\/strong>, il campione di corsa in montagna under 23 (Coppa del mondo di categoria) che dopo un testa a tesa con il friulano Andrea Chiminello (Spezzotto) ha tagliato il traguardo della Granfondo del Dragone in solitaria dopo 3h45\u201955\u201d alla media dei 31.34km\/h staccando l\u2019avversario di 1\u201902\u201d. Terzo assoluto un altro Andrea, il bellunese Mazzucco (BIemme Garda) che aveva salutato la testa del gruppo a met\u00e0 Valmorel. Gara in solitaria per <strong>Laura Simenc\u00a0<\/strong>(Team De Rosa), l\u2019extraterrestre slovena che ha dettato legge sulle avversarie fin dai primi km, creando un vantaggio in costante aumento. Ha attaccato l\u2019ultima salita della Valmorel con un distacco di 20\u2019 sulla seconda, Cinzia Maraldi (Faenza Team), alcuni problemi tecnici alla ruota l\u2019hanno costretta ad uno stop forzato sullo sterrato di Ronce, salvata dal provvidenziale intervento dell\u2019assistenza meccanica dell\u2019organizzazione, \u00e8 ripartita gestendo il vantaggio e chiudendo la gara dopo 4h17\u201910\u201d. Seconda Maraldi a 16\u201929\u201d e terza la bellunese Maria Cristina Moro che ha siglato cos\u00ec la doppietta sul podio per il team Biemme Garda.<\/p>\n<\/div>\n<\/div>\n<\/div>\n<\/div>\n<\/div>\n<\/div>\n<\/div>\n<\/div>\n<\/div>\n<\/div>\n<\/div>\n<\/div>\n<\/div>\n<\/div>\n<\/div>\n<\/div>\n<\/div>\n<\/div>\n","protected":false},"excerpt":{"rendered":"<p>COMPRIAMO UNA MACCHINA ATTREZZATA PER RICCARDO SOSPIROLO\u00a0Radio Pi\u00f9 appoggia l\u2019iniziativa di\u00a0 Agostino Tegner il pap\u00e0 di Riccardo, poche parole le sue ma piene di significato\u00a0\u201cIo e mia moglie stiamo invecchiando e non riusciamo pi\u00f9\u00a0a trasportare come si deve il nostro ragazzo, che necessita di una macchina attrezzata con un piano ribassato con pedana\u201d. Per questo&hellip;<\/p>\n","protected":false},"author":4,"featured_media":230120,"comment_status":"closed","ping_status":"open","sticky":false,"template":"","format":"standard","meta":{"_monsterinsights_skip_tracking":false,"_monsterinsights_sitenote_active":false,"_monsterinsights_sitenote_note":"","_monsterinsights_sitenote_category":0,"footnotes":""},"categories":[1,51,86,49],"tags":[],"class_list":["post-229993","post","type-post","status-publish","format-standard","has-post-thumbnail","hentry","category-senza-categoria","category-evidenza-top","category-gr","category-news-18","category-1","category-51","category-86","category-49","description-off"],"img_url":"https:\/\/www.radiopiu.net\/wordpress\/wp-content\/uploads\/2021\/08\/mattmark_intervento_deon_stefano.jpeg","_links":{"self":[{"href":"https:\/\/www.radiopiu.net\/wordpress\/wp-json\/wp\/v2\/posts\/229993","targetHints":{"allow":["GET"]}}],"collection":[{"href":"https:\/\/www.radiopiu.net\/wordpress\/wp-json\/wp\/v2\/posts"}],"about":[{"href":"https:\/\/www.radiopiu.net\/wordpress\/wp-json\/wp\/v2\/types\/post"}],"author":[{"embeddable":true,"href":"https:\/\/www.radiopiu.net\/wordpress\/wp-json\/wp\/v2\/users\/4"}],"replies":[{"embeddable":true,"href":"https:\/\/www.radiopiu.net\/wordpress\/wp-json\/wp\/v2\/comments?post=229993"}],"version-history":[{"count":0,"href":"https:\/\/www.radiopiu.net\/wordpress\/wp-json\/wp\/v2\/posts\/229993\/revisions"}],"wp:featuredmedia":[{"embeddable":true,"href":"https:\/\/www.radiopiu.net\/wordpress\/wp-json\/wp\/v2\/media\/230120"}],"wp:attachment":[{"href":"https:\/\/www.radiopiu.net\/wordpress\/wp-json\/wp\/v2\/media?parent=229993"}],"wp:term":[{"taxonomy":"category","embeddable":true,"href":"https:\/\/www.radiopiu.net\/wordpress\/wp-json\/wp\/v2\/categories?post=229993"},{"taxonomy":"post_tag","embeddable":true,"href":"https:\/\/www.radiopiu.net\/wordpress\/wp-json\/wp\/v2\/tags?post=229993"}],"curies":[{"name":"wp","href":"https:\/\/api.w.org\/{rel}","templated":true}]}}