{"id":230003,"date":"2021-08-28T14:10:09","date_gmt":"2021-08-28T12:10:09","guid":{"rendered":"https:\/\/www.radiopiu.net\/wordpress\/?p=230003"},"modified":"2021-08-28T14:10:09","modified_gmt":"2021-08-28T12:10:09","slug":"alpinista-precipita-dalla-torre-venezia-morto-un-ventisettenne-di-cesano-maderno","status":"publish","type":"post","link":"https:\/\/www.radiopiu.net\/wordpress\/alpinista-precipita-dalla-torre-venezia-morto-un-ventisettenne-di-cesano-maderno\/","title":{"rendered":"ALPINISTA PRECIPITA DALLA TORRE VENEZIA, MORTO UN VENTISETTENNE DI CESANO MADERNO"},"content":{"rendered":"<p><strong>TAIBON <\/strong>\u00c8 stato recuperato questa mattina il corpo senza vita di un giovane alpinista lombardo precipitato ieri sera, mentre con il compagno di cordata si preparava a scendere in doppia dalla Torre Venezia, in Civetta, dopo aver scalato la Via Ratti. Tratto in salvo anche l&#8217;amico rimasto da solo in cima tutta la notte. Ieri sera attorno alle 22, la Centrale del Suem \u00e8 stata allertata da uno scalatore, che aveva visto cadere l&#8217;amico dalla cengia circolare in cima alla Torre Venezia, prima di iniziare le doppie. Allertato il Soccorso alpino di Agordo, una squadra ha raggiunto in jeep il Rifugio Vazzoler per poter essere trasportata in quota da uno degli elicotteri abilitati al volo notturno e provvedere al recupero del ragazzo, 23 anni di Milano, bloccato a 2.450 metri di quota. Per tenergli compagnia, aggiornarlo su quanto si stava facendo, rincuorarlo, un soccorritore lo ha costantemente contattato al cellulare ogni 15\/20 minuti. Concordato in prima battuta l&#8217;invio dell&#8217;elisoccorso trentino, non c&#8217;\u00e8 pi\u00f9 stata possibilita di un suo intervento perch\u00e9 impegnato in altre missioni. Verso le 23 \u00e8 arrivata l&#8217;eliambulanza dell&#8217;Aiut Alpin Dolomites di Bolzano che ha subito effettuato una ricognizione, constatando che la nebbia stazionava 20 metri sotto il punto dove si trovava l&#8217;alpinista. Sceso in piazzola, con il peggiormento del tempo l&#8217;elicottero si \u00e8 spostato ad Agordo, dove ha atteso un eventuale miglioramento fino alle due, quando, perdurando le condizioni negative, l&#8217;equipaggio \u00e8 rientrato. Alle 3 c&#8217;\u00e8 stato un piccolo miglioramento, anche in questo frangente per\u00f2 l&#8217;eliambulanza di Trento &#8211; prevista in avvicinamento in mezz&#8217;ora &#8211; non \u00e8 partita per repentini mutamenti meteo. Alle prime luci, \u00e8 atterrato a disposizione delle squadre l&#8217;elicottero dell&#8217;Air Service Center, convenzionato con il Soccorso alpino Dolomiti Bellunesi, che ha atteso si aprisse un varco tra le nuvole persistenti per decollare. Alle 6.25 due soccorritori sono stati imbarcati e l&#8217;elicottero \u00e8 salito all&#8217;altezza della cengia circolare, dove uno di loro \u00e8 sceso ed \u00e8 andato incontro al ragazzo, che stava bene sebbene fortemente scosso. Caricato a bordo, il ventitreenne \u00e8 stato portato fino al campo base ai Piani di Pelsa e da l\u00ec accompagnato al Rifugio Vazzoler per essere riscaldato e rifocillato. L&#8217;elicottero \u00e8 poi nuovamente volato verso la parete per cercare il ragazzo precipitato, G.D.C.B., 27 anni, di Cesano Maderno (MB). Scese ancora le nuvole, \u00e8 stata necessaria una nuova rotazione per individuare il corpo senza vita, finito 180 metri pi\u00f9 in basso in un canalino sotto l&#8217;arrivo delle doppie. Sbarcati 7 soccorritori, sono stati attrezzati gli ancoraggi per calarsi, ricomporre e imbarellare la salma. Il recupero \u00e8 poi avvenuto con l&#8217;elicottero del Suem di Pieve di Cadore, che ha provveduto a portare a valle anche i soccorritori. Dalle prime informazioni, usciti dalla Via Ratti ieri verso 21.30, sulla cengia circolare i due scalatori si sono spostati al piccolo canalino di 5-6 metri che porta alla partenza delle doppie. All&#8217;inizio di questo canalino c&#8217;era un chiodo con cordino, utilizzato da alcuni scaltori per scendere all&#8217;attacco delle doppie, che \u00e8 uscito dalla fessura, non appena il ragazzo ha caricato il peso dopo essersi agganciato, facendolo precipitare nel vuoto.<\/p>\n<p>&nbsp;<\/p>\n\n\t\t\t<style type='text\/css'>\n\t\t\t\t#gallery-1 {\n\t\t\t\t\tmargin: auto;\n\t\t\t\t}\n\t\t\t\t#gallery-1 .gallery-item {\n\t\t\t\t\tfloat: left;\n\t\t\t\t\tmargin-top: 10px;\n\t\t\t\t\ttext-align: center;\n\t\t\t\t\twidth: 33%;\n\t\t\t\t}\n\t\t\t\t#gallery-1 img {\n\t\t\t\t\tborder: 2px solid #cfcfcf;\n\t\t\t\t}\n\t\t\t\t#gallery-1 .gallery-caption {\n\t\t\t\t\tmargin-left: 0;\n\t\t\t\t}\n\t\t\t\t\/* see gallery_shortcode() in wp-includes\/media.php *\/\n\t\t\t<\/style>\n\t\t<div id='gallery-1' class='dt-gallery-container gallery galleryid-230003 gallery-columns-3 gallery-size-thumbnail'><dl class='gallery-item'>\n\t\t\t\t<dt class='gallery-icon portrait'>\n\t\t\t\t\t<a class=\"rollover rollover-zoom dt-pswp-item\" title=\"salt_20210828_110924_554\" data-dt-img-description=\"\" data-large_image_width=\"1773\" data-large_image_height=\"2364\"href='https:\/\/www.radiopiu.net\/wordpress\/wp-content\/uploads\/2021\/08\/salt_20210828_110924_554.jpg'><img loading=\"lazy\" decoding=\"async\" width=\"150\" height=\"150\" src=\"https:\/\/www.radiopiu.net\/wordpress\/wp-content\/uploads\/2021\/08\/salt_20210828_110924_554-150x150.jpg\" class=\"attachment-thumbnail size-thumbnail\" alt=\"\" \/><\/a>\n\t\t\t\t<\/dt><\/dl><dl class='gallery-item'>\n\t\t\t\t<dt class='gallery-icon landscape'>\n\t\t\t\t\t<a class=\"rollover rollover-zoom dt-pswp-item\" title=\"salt_20210828_110957_865\" data-dt-img-description=\"\" data-large_image_width=\"2364\" data-large_image_height=\"1773\"href='https:\/\/www.radiopiu.net\/wordpress\/wp-content\/uploads\/2021\/08\/salt_20210828_110957_865.jpg'><img loading=\"lazy\" decoding=\"async\" width=\"150\" height=\"150\" src=\"https:\/\/www.radiopiu.net\/wordpress\/wp-content\/uploads\/2021\/08\/salt_20210828_110957_865-150x150.jpg\" class=\"attachment-thumbnail size-thumbnail\" alt=\"\" \/><\/a>\n\t\t\t\t<\/dt><\/dl><dl class='gallery-item'>\n\t\t\t\t<dt class='gallery-icon portrait'>\n\t\t\t\t\t<a class=\"rollover rollover-zoom dt-pswp-item\" title=\"salt_20210828_111017_954\" data-dt-img-description=\"\" data-large_image_width=\"1773\" data-large_image_height=\"2364\"href='https:\/\/www.radiopiu.net\/wordpress\/wp-content\/uploads\/2021\/08\/salt_20210828_111017_954.jpg'><img loading=\"lazy\" decoding=\"async\" width=\"150\" height=\"150\" src=\"https:\/\/www.radiopiu.net\/wordpress\/wp-content\/uploads\/2021\/08\/salt_20210828_111017_954-150x150.jpg\" class=\"attachment-thumbnail size-thumbnail\" alt=\"\" \/><\/a>\n\t\t\t\t<\/dt><\/dl><br style=\"clear: both\" \/>\n\t\t\t<\/div>\n\n<p>&nbsp;<\/p>\n<p>&nbsp;<\/p>\n<p>&nbsp;<\/p>\n<p>*****<\/p>\n","protected":false},"excerpt":{"rendered":"<p>TAIBON \u00c8 stato recuperato questa mattina il corpo senza vita di un giovane alpinista lombardo precipitato ieri sera, mentre con il compagno di cordata si preparava a scendere in doppia dalla Torre Venezia, in Civetta, dopo aver scalato la Via Ratti. Tratto in salvo anche l&#8217;amico rimasto da solo in cima tutta la notte. Ieri&hellip;<\/p>\n","protected":false},"author":4,"featured_media":230004,"comment_status":"closed","ping_status":"open","sticky":false,"template":"","format":"standard","meta":{"_monsterinsights_skip_tracking":false,"_monsterinsights_sitenote_active":false,"_monsterinsights_sitenote_note":"","_monsterinsights_sitenote_category":0,"footnotes":""},"categories":[51,49],"tags":[],"class_list":["post-230003","post","type-post","status-publish","format-standard","has-post-thumbnail","hentry","category-evidenza-top","category-news-18","category-51","category-49","description-off"],"img_url":"https:\/\/www.radiopiu.net\/wordpress\/wp-content\/uploads\/2021\/08\/salt_20210828_110924_554.jpg","_links":{"self":[{"href":"https:\/\/www.radiopiu.net\/wordpress\/wp-json\/wp\/v2\/posts\/230003","targetHints":{"allow":["GET"]}}],"collection":[{"href":"https:\/\/www.radiopiu.net\/wordpress\/wp-json\/wp\/v2\/posts"}],"about":[{"href":"https:\/\/www.radiopiu.net\/wordpress\/wp-json\/wp\/v2\/types\/post"}],"author":[{"embeddable":true,"href":"https:\/\/www.radiopiu.net\/wordpress\/wp-json\/wp\/v2\/users\/4"}],"replies":[{"embeddable":true,"href":"https:\/\/www.radiopiu.net\/wordpress\/wp-json\/wp\/v2\/comments?post=230003"}],"version-history":[{"count":0,"href":"https:\/\/www.radiopiu.net\/wordpress\/wp-json\/wp\/v2\/posts\/230003\/revisions"}],"wp:featuredmedia":[{"embeddable":true,"href":"https:\/\/www.radiopiu.net\/wordpress\/wp-json\/wp\/v2\/media\/230004"}],"wp:attachment":[{"href":"https:\/\/www.radiopiu.net\/wordpress\/wp-json\/wp\/v2\/media?parent=230003"}],"wp:term":[{"taxonomy":"category","embeddable":true,"href":"https:\/\/www.radiopiu.net\/wordpress\/wp-json\/wp\/v2\/categories?post=230003"},{"taxonomy":"post_tag","embeddable":true,"href":"https:\/\/www.radiopiu.net\/wordpress\/wp-json\/wp\/v2\/tags?post=230003"}],"curies":[{"name":"wp","href":"https:\/\/api.w.org\/{rel}","templated":true}]}}