{"id":230017,"date":"2021-08-28T15:06:46","date_gmt":"2021-08-28T13:06:46","guid":{"rendered":"https:\/\/www.radiopiu.net\/wordpress\/?p=230017"},"modified":"2021-08-28T15:06:48","modified_gmt":"2021-08-28T13:06:48","slug":"infortunio-sulla-ferrata-degli-alleghesi","status":"publish","type":"post","link":"https:\/\/www.radiopiu.net\/wordpress\/infortunio-sulla-ferrata-degli-alleghesi\/","title":{"rendered":"INFORTUNIO SULLA FERRATA DEGLI ALLEGHESI"},"content":{"rendered":"<p><strong><a href=\"https:\/\/www.radiopiu.net\/wordpress\/infortunio-sulla-ferrata-degli-alleghesi\/salt_20210828_142453_403\/\" rel=\"attachment wp-att-230018\"><img loading=\"lazy\" decoding=\"async\" class=\" wp-image-230018 alignleft\" src=\"https:\/\/www.radiopiu.net\/wordpress\/wp-content\/uploads\/2021\/08\/salt_20210828_142453_403-225x300.jpg\" alt=\"\" width=\"142\" height=\"190\" srcset=\"https:\/\/www.radiopiu.net\/wordpress\/wp-content\/uploads\/2021\/08\/salt_20210828_142453_403-225x300.jpg 225w, https:\/\/www.radiopiu.net\/wordpress\/wp-content\/uploads\/2021\/08\/salt_20210828_142453_403-768x1024.jpg 768w, https:\/\/www.radiopiu.net\/wordpress\/wp-content\/uploads\/2021\/08\/salt_20210828_142453_403-1152x1536.jpg 1152w, https:\/\/www.radiopiu.net\/wordpress\/wp-content\/uploads\/2021\/08\/salt_20210828_142453_403.jpg 1280w\" sizes=\"auto, (max-width: 142px) 100vw, 142px\" \/><\/a>VAL DI ZOLDO<\/strong> Alle 10.30 circa la Centrale del Suem \u00e8 stata allertata, per un escursionista infortunatosi lungo la salita della Ferrata degli Alleghesi, sul Civetta. Poich\u00e9, contattati il Rifugio Torrani e Coldai per avere informazioni sulla visibilit\u00e0, \u00e8 emerso che le nuvole basse avrebbero impedito l&#8217;avvicinamento dell&#8217;elicottero del Suem di Pieve di Cadore, \u00e8 stata verificata la possibilit\u00e0 di entrare da nord. Cos\u00ec, dopo aver imbarcato due tecnici del Soccorso alpino della Val di Zoldo dal campo base delle ricerche in corso a Forno di Zoldo, l&#8217;eliambulanza \u00e8 riuscita a sbarcarli in quota. I due soccorritori sono scesi lungo l&#8217;itinerario attrezzato per 200 metri e hanno raggiunto l&#8217;infortunato, 28 anni, austriaco, che era con una compagna e aveva riportato un probabile trauma al ginocchio. Appena le nubi si sono spostate l&#8217;elicottero si \u00e8 avvicinato, ha recuperato il ragazzo con un verricello di 30 metri e lo ha trasportato all&#8217;ospedale di Agordo. I soccorritori hanno proseguito la discesa riaccompagnando a valle la ragazza.<\/p>\n<p>&nbsp;<\/p>\n<p>&nbsp;<\/p>\n<p>&nbsp;<\/p>\n<p>&nbsp;<\/p>\n<p>****<\/p>\n","protected":false},"excerpt":{"rendered":"<p>VAL DI ZOLDO Alle 10.30 circa la Centrale del Suem \u00e8 stata allertata, per un escursionista infortunatosi lungo la salita della Ferrata degli Alleghesi, sul Civetta. Poich\u00e9, contattati il Rifugio Torrani e Coldai per avere informazioni sulla visibilit\u00e0, \u00e8 emerso che le nuvole basse avrebbero impedito l&#8217;avvicinamento dell&#8217;elicottero del Suem di Pieve di Cadore, \u00e8&hellip;<\/p>\n","protected":false},"author":4,"featured_media":230018,"comment_status":"closed","ping_status":"open","sticky":false,"template":"","format":"standard","meta":{"_monsterinsights_skip_tracking":false,"_monsterinsights_sitenote_active":false,"_monsterinsights_sitenote_note":"","_monsterinsights_sitenote_category":0,"footnotes":""},"categories":[51,49],"tags":[],"class_list":["post-230017","post","type-post","status-publish","format-standard","has-post-thumbnail","hentry","category-evidenza-top","category-news-18","category-51","category-49","description-off"],"img_url":"https:\/\/www.radiopiu.net\/wordpress\/wp-content\/uploads\/2021\/08\/salt_20210828_142453_403.jpg","_links":{"self":[{"href":"https:\/\/www.radiopiu.net\/wordpress\/wp-json\/wp\/v2\/posts\/230017","targetHints":{"allow":["GET"]}}],"collection":[{"href":"https:\/\/www.radiopiu.net\/wordpress\/wp-json\/wp\/v2\/posts"}],"about":[{"href":"https:\/\/www.radiopiu.net\/wordpress\/wp-json\/wp\/v2\/types\/post"}],"author":[{"embeddable":true,"href":"https:\/\/www.radiopiu.net\/wordpress\/wp-json\/wp\/v2\/users\/4"}],"replies":[{"embeddable":true,"href":"https:\/\/www.radiopiu.net\/wordpress\/wp-json\/wp\/v2\/comments?post=230017"}],"version-history":[{"count":0,"href":"https:\/\/www.radiopiu.net\/wordpress\/wp-json\/wp\/v2\/posts\/230017\/revisions"}],"wp:featuredmedia":[{"embeddable":true,"href":"https:\/\/www.radiopiu.net\/wordpress\/wp-json\/wp\/v2\/media\/230018"}],"wp:attachment":[{"href":"https:\/\/www.radiopiu.net\/wordpress\/wp-json\/wp\/v2\/media?parent=230017"}],"wp:term":[{"taxonomy":"category","embeddable":true,"href":"https:\/\/www.radiopiu.net\/wordpress\/wp-json\/wp\/v2\/categories?post=230017"},{"taxonomy":"post_tag","embeddable":true,"href":"https:\/\/www.radiopiu.net\/wordpress\/wp-json\/wp\/v2\/tags?post=230017"}],"curies":[{"name":"wp","href":"https:\/\/api.w.org\/{rel}","templated":true}]}}