{"id":230172,"date":"2021-08-29T20:59:40","date_gmt":"2021-08-29T18:59:40","guid":{"rendered":"https:\/\/www.radiopiu.net\/wordpress\/?p=230172"},"modified":"2021-08-30T06:07:28","modified_gmt":"2021-08-30T04:07:28","slug":"le-ricerche-di-federico-lugato-continuano-domani","status":"publish","type":"post","link":"https:\/\/www.radiopiu.net\/wordpress\/le-ricerche-di-federico-lugato-continuano-domani\/","title":{"rendered":"LE RICERCHE DI FEDERICO LUGATO CONTINUANO OGGI"},"content":{"rendered":"<p><strong><a href=\"https:\/\/www.radiopiu.net\/wordpress\/sono-ancora-con-esito-negativo\/salt_20210828_184324_402\/\" rel=\"attachment wp-att-230037\"><img loading=\"lazy\" decoding=\"async\" class=\" wp-image-230037 alignleft\" src=\"https:\/\/www.radiopiu.net\/wordpress\/wp-content\/uploads\/2021\/08\/salt_20210828_184324_402-225x300.jpg\" alt=\"\" width=\"111\" height=\"148\" srcset=\"https:\/\/www.radiopiu.net\/wordpress\/wp-content\/uploads\/2021\/08\/salt_20210828_184324_402-225x300.jpg 225w, https:\/\/www.radiopiu.net\/wordpress\/wp-content\/uploads\/2021\/08\/salt_20210828_184324_402-768x1024.jpg 768w, https:\/\/www.radiopiu.net\/wordpress\/wp-content\/uploads\/2021\/08\/salt_20210828_184324_402-1152x1536.jpg 1152w, https:\/\/www.radiopiu.net\/wordpress\/wp-content\/uploads\/2021\/08\/salt_20210828_184324_402-1536x2048.jpg 1536w, https:\/\/www.radiopiu.net\/wordpress\/wp-content\/uploads\/2021\/08\/salt_20210828_184324_402.jpg 1773w\" sizes=\"auto, (max-width: 111px) 100vw, 111px\" \/><\/a>VAL DI ZOLDO<\/strong> Continueranno domani le ricerche di Federico Lugato, il trentanovenne milanese di cui non si hanno pi\u00f9 notizie da gioved\u00ec, quando \u00e8 uscito di casa per un giro nel Gruppo Tamer &#8211; San Sebastiano. Anche oggi oltre cento persone, compresi numerosi amici dell&#8217;escursionista scomparso, si sono distribuite lungo il sentiero ad anello che l&#8217;uomo aveva intenzione di percorrere gioved\u00ec. Sono state ampliate le zone di indagine e l&#8217;elicottero dell&#8217;Air Service Center, convenzionato con il Soccorso alpino Dolomiti Bellunesi, ha a lungo sorvolato luoghi considerati primari. Oggi &#8211; dopo il posizionamento del cellulare segnalato dall&#8217;ultima cella agganciata, \u00e8 arrivata la tracciabilit\u00e0 dei dati precedenti, che indicherebbero la Val Pramper, dove domani si concentreranno le ricerche.<\/p>\n<p>&nbsp;<\/p>\n<p>Sono proseguite pure oggi con l\u2019impiego di circa 50 soccorritori coordinati dall\u2019unit\u00e0 di comando dei Vigili del Fuoco le ricerche in Valzoldana del 39enne veneziano, residente a Milano, di cui non si hanno notizie da gioved\u00ec scorso. L\u2019uomo non \u00e8 pi\u00f9 rientrato a casa dopo essere partito per fare un\u2019escursione. Oggi i Vigili del Fuoco presenti con squadre di personale permanente e volontari, nuclei cinofili dei comandi di Modena e Ferrara, hanno continuato la perlustrazione del territorio come d\u00e0 indicazioni degli specialisti TAS (topografia applicata al soccorso) che hanno reticolato tutte le zone di ricerca. Verificati dirupi e forre. L\u2019elicottero Drago 81 ha continuato le ricerche dall\u2019alto verificando nuove ipotesi, dopo l\u2019analisi delle celle telefoniche. Impegnati anche le squadre del Soccorso Alpino e della Guardia di Finanza.<\/p>\n\n\t\t\t<style type='text\/css'>\n\t\t\t\t#gallery-1 {\n\t\t\t\t\tmargin: auto;\n\t\t\t\t}\n\t\t\t\t#gallery-1 .gallery-item {\n\t\t\t\t\tfloat: left;\n\t\t\t\t\tmargin-top: 10px;\n\t\t\t\t\ttext-align: center;\n\t\t\t\t\twidth: 25%;\n\t\t\t\t}\n\t\t\t\t#gallery-1 img {\n\t\t\t\t\tborder: 2px solid #cfcfcf;\n\t\t\t\t}\n\t\t\t\t#gallery-1 .gallery-caption {\n\t\t\t\t\tmargin-left: 0;\n\t\t\t\t}\n\t\t\t\t\/* see gallery_shortcode() in wp-includes\/media.php *\/\n\t\t\t<\/style>\n\t\t<div id='gallery-1' class='dt-gallery-container gallery galleryid-230172 gallery-columns-4 gallery-size-thumbnail'><dl class='gallery-item'>\n\t\t\t\t<dt class='gallery-icon landscape'>\n\t\t\t\t\t<a class=\"rollover rollover-zoom dt-pswp-item\" title=\"7fac47cc-5eac-4bee-996d-87eb8c27a55e\" data-dt-img-description=\"\" data-large_image_width=\"720\" data-large_image_height=\"564\"href='https:\/\/www.radiopiu.net\/wordpress\/wp-content\/uploads\/2021\/08\/7fac47cc-5eac-4bee-996d-87eb8c27a55e.jpg'><img loading=\"lazy\" decoding=\"async\" width=\"150\" height=\"150\" src=\"https:\/\/www.radiopiu.net\/wordpress\/wp-content\/uploads\/2021\/08\/7fac47cc-5eac-4bee-996d-87eb8c27a55e-150x150.jpg\" class=\"attachment-thumbnail size-thumbnail\" alt=\"\" \/><\/a>\n\t\t\t\t<\/dt><\/dl><dl class='gallery-item'>\n\t\t\t\t<dt class='gallery-icon portrait'>\n\t\t\t\t\t<a class=\"rollover rollover-zoom dt-pswp-item\" title=\"f99a2fc6-a4bd-4994-91ca-9a86ce4559df\" data-dt-img-description=\"\" data-large_image_width=\"1196\" data-large_image_height=\"1488\"href='https:\/\/www.radiopiu.net\/wordpress\/wp-content\/uploads\/2021\/08\/f99a2fc6-a4bd-4994-91ca-9a86ce4559df.jpg'><img loading=\"lazy\" decoding=\"async\" width=\"150\" height=\"150\" src=\"https:\/\/www.radiopiu.net\/wordpress\/wp-content\/uploads\/2021\/08\/f99a2fc6-a4bd-4994-91ca-9a86ce4559df-150x150.jpg\" class=\"attachment-thumbnail size-thumbnail\" alt=\"\" \/><\/a>\n\t\t\t\t<\/dt><\/dl><dl class='gallery-item'>\n\t\t\t\t<dt class='gallery-icon portrait'>\n\t\t\t\t\t<a class=\"rollover rollover-zoom dt-pswp-item\" title=\"1a1483a7-8809-426e-8bec-41131562bac1\" data-dt-img-description=\"\" data-large_image_width=\"1196\" data-large_image_height=\"1472\"href='https:\/\/www.radiopiu.net\/wordpress\/wp-content\/uploads\/2021\/08\/1a1483a7-8809-426e-8bec-41131562bac1.jpg'><img loading=\"lazy\" decoding=\"async\" width=\"150\" height=\"150\" src=\"https:\/\/www.radiopiu.net\/wordpress\/wp-content\/uploads\/2021\/08\/1a1483a7-8809-426e-8bec-41131562bac1-150x150.jpg\" class=\"attachment-thumbnail size-thumbnail\" alt=\"\" \/><\/a>\n\t\t\t\t<\/dt><\/dl><dl class='gallery-item'>\n\t\t\t\t<dt class='gallery-icon landscape'>\n\t\t\t\t\t<a class=\"rollover rollover-zoom dt-pswp-item\" title=\"78f6147b-2628-4dde-91aa-5fd81735f76c\" data-dt-img-description=\"\" data-large_image_width=\"1568\" data-large_image_height=\"923\"href='https:\/\/www.radiopiu.net\/wordpress\/wp-content\/uploads\/2021\/08\/78f6147b-2628-4dde-91aa-5fd81735f76c.jpg'><img loading=\"lazy\" decoding=\"async\" width=\"150\" height=\"150\" src=\"https:\/\/www.radiopiu.net\/wordpress\/wp-content\/uploads\/2021\/08\/78f6147b-2628-4dde-91aa-5fd81735f76c-150x150.jpg\" class=\"attachment-thumbnail size-thumbnail\" alt=\"\" \/><\/a>\n\t\t\t\t<\/dt><\/dl><br style=\"clear: both\" \/>\n\t\t\t<\/div>\n\n<p>&nbsp;<\/p>\n<p>&nbsp;<\/p>\n<p>&nbsp;<\/p>\n<p>*****<\/p>\n","protected":false},"excerpt":{"rendered":"<p>VAL DI ZOLDO Continueranno domani le ricerche di Federico Lugato, il trentanovenne milanese di cui non si hanno pi\u00f9 notizie da gioved\u00ec, quando \u00e8 uscito di casa per un giro nel Gruppo Tamer &#8211; San Sebastiano. Anche oggi oltre cento persone, compresi numerosi amici dell&#8217;escursionista scomparso, si sono distribuite lungo il sentiero ad anello che&hellip;<\/p>\n","protected":false},"author":4,"featured_media":230037,"comment_status":"closed","ping_status":"open","sticky":false,"template":"","format":"standard","meta":{"_monsterinsights_skip_tracking":false,"_monsterinsights_sitenote_active":false,"_monsterinsights_sitenote_note":"","_monsterinsights_sitenote_category":0,"footnotes":""},"categories":[51,86],"tags":[],"class_list":["post-230172","post","type-post","status-publish","format-standard","has-post-thumbnail","hentry","category-evidenza-top","category-gr","category-51","category-86","description-off"],"img_url":"https:\/\/www.radiopiu.net\/wordpress\/wp-content\/uploads\/2021\/08\/salt_20210828_184324_402.jpg","_links":{"self":[{"href":"https:\/\/www.radiopiu.net\/wordpress\/wp-json\/wp\/v2\/posts\/230172","targetHints":{"allow":["GET"]}}],"collection":[{"href":"https:\/\/www.radiopiu.net\/wordpress\/wp-json\/wp\/v2\/posts"}],"about":[{"href":"https:\/\/www.radiopiu.net\/wordpress\/wp-json\/wp\/v2\/types\/post"}],"author":[{"embeddable":true,"href":"https:\/\/www.radiopiu.net\/wordpress\/wp-json\/wp\/v2\/users\/4"}],"replies":[{"embeddable":true,"href":"https:\/\/www.radiopiu.net\/wordpress\/wp-json\/wp\/v2\/comments?post=230172"}],"version-history":[{"count":0,"href":"https:\/\/www.radiopiu.net\/wordpress\/wp-json\/wp\/v2\/posts\/230172\/revisions"}],"wp:featuredmedia":[{"embeddable":true,"href":"https:\/\/www.radiopiu.net\/wordpress\/wp-json\/wp\/v2\/media\/230037"}],"wp:attachment":[{"href":"https:\/\/www.radiopiu.net\/wordpress\/wp-json\/wp\/v2\/media?parent=230172"}],"wp:term":[{"taxonomy":"category","embeddable":true,"href":"https:\/\/www.radiopiu.net\/wordpress\/wp-json\/wp\/v2\/categories?post=230172"},{"taxonomy":"post_tag","embeddable":true,"href":"https:\/\/www.radiopiu.net\/wordpress\/wp-json\/wp\/v2\/tags?post=230172"}],"curies":[{"name":"wp","href":"https:\/\/api.w.org\/{rel}","templated":true}]}}