{"id":230312,"date":"2021-08-30T19:39:48","date_gmt":"2021-08-30T17:39:48","guid":{"rendered":"https:\/\/www.radiopiu.net\/wordpress\/?p=230312"},"modified":"2021-08-30T19:39:48","modified_gmt":"2021-08-30T17:39:48","slug":"continuano-le-ricerche-di-federico-lugato","status":"publish","type":"post","link":"https:\/\/www.radiopiu.net\/wordpress\/continuano-le-ricerche-di-federico-lugato\/","title":{"rendered":"CONTINUANO LE RICERCHE DI FEDERICO LUGATO"},"content":{"rendered":"<p><strong><a href=\"https:\/\/www.radiopiu.net\/wordpress\/attivato-il-piano-provinciale-per-la-ricerca-di-persone-scomparse-si-cerca-federico-lugato\/unknown-17\/\" rel=\"attachment wp-att-229914\"><img loading=\"lazy\" decoding=\"async\" class=\"size-medium wp-image-229914 alignleft\" src=\"https:\/\/www.radiopiu.net\/wordpress\/wp-content\/uploads\/2021\/08\/Unknown-4-225x300.jpeg\" alt=\"\" width=\"225\" height=\"300\" srcset=\"https:\/\/www.radiopiu.net\/wordpress\/wp-content\/uploads\/2021\/08\/Unknown-4-225x300.jpeg 225w, https:\/\/www.radiopiu.net\/wordpress\/wp-content\/uploads\/2021\/08\/Unknown-4.jpeg 576w\" sizes=\"auto, (max-width: 225px) 100vw, 225px\" \/><\/a>BELLUNO <\/strong>Nel corso della giornata odierna, in Prefettura, si \u00e8 tenuta una riunione della \u201c Unit\u00e0 di ricerca\u201d istituita secondo le previsioni del locale Piano provinciale per la ricerca delle persone scomparse, con lo scopo di esaminare congiuntamente le attivit\u00e0 poste in essere dai vari attori istituzionali coinvolti al fine di individuare una strategia operativa e di coordinamento ancor pi\u00f9 mirata e condivisa, volta al rintraccio del sig. Federico LUGATO, allontanatosi per un\u2019escursione in Val di Zoldo nella giornata del 26 agosto scorso e del quale non si hanno pi\u00f9 notizie. All\u2019incontro, coordinato dal Viceprefetto Aggiunto dr.ssa Rossella Caruso, erano presenti il Sindaco del Comune di Val di Zoldo, i rappresentanti della Questura, del Comando Provinciale dei Carabinieri, della Guardia di Finanza, dei Vigili del Fuoco, del Servizio Sanitario di Urgenza ed Emergenza Medica \u201c SUEM\u201d, del Sistema Locale di Protezione Civile e del Soccorso Alpino \u2013 CNSAS 2^ Zona delegazione Dolomiti Bellunesi. Nel corso della riunione \u2013 a cui \u00e8 intervenuto anche il Prefetto Mariano Savastano &#8211; \u00a0\u00e8 stata posta in essere un\u2019approfondita analisi dei dati e delle azioni finora intraprese, che hanno visto il supporto di decine di uomini e mezzi dei Vigili del Fuoco, del CNSAS, della Guardia di Finanza, dell\u2019Arma dei Carabinieri e dei volontari di protezione civile, che hanno battuto i sentieri presenti in zona, anche con l\u2019ausilio di cani molecolari ed unit\u00e0 cinofile, ed effettuate ricerche aree con l\u2019impiego di elicotteri e droni. Il coordinamento delle operazioni di ricerca sul campo, in relazione alle particolari condizioni orografiche dell\u2019area di ricerca, particolarmente impervia, \u00e8 stato affidato al responsabile del Soccorso Alpino, Alex Barattin, \u00a0in stretta sinergia con il Comando provinciale dei Vigili del Fuoco, rappresentato oggi dal P.I. Franco Magrin. Il consesso ha deciso \u00a0che le ricerche proseguiranno, perlomeno per un\u2019altra settimana, e riguarderanno anche zone finora non battute in un raggio di azione pi\u00f9 ampio rispetto al quale si \u00e8 operato, in particolare quelle aree che risultano comprese nel perimentro dal quale provengono i dati delle celle telefoniche agganciate dal cellulare del giovane Federico nel giorno in cui \u00e8 scomparso. Un importante supporto verr\u00e0 fornito dai volontari di protezione civile che anche da altre province stanno offrendo la disponibilit\u00e0 a concorrere nelle ricerche. I volontari saranno opportunamente suddivisi in squadre che, adeguatamente equipaggiate e fornite di cartine topografiche, sotto la direzione del Soccorso Alpino e dei Vigili del Fuoco, parteciperanno fattivamente alle ricerche. E\u2019 stata manifestata dal dr. Trill\u00f2 del SUEM 118, unitamente ai servizi soci assistenziali dell\u2019Azienda ULSS competente, la piena disponibilit\u00e0 a fornire \u2013 ove ritenuto necessario &#8211; \u00a0un supporto psicologico ai familiari del signor Lugato.<\/p>\n<p>&nbsp;<\/p>\n<p>&nbsp;<\/p>\n<p>&nbsp;<\/p>\n<p>*****<\/p>\n","protected":false},"excerpt":{"rendered":"<p>BELLUNO Nel corso della giornata odierna, in Prefettura, si \u00e8 tenuta una riunione della \u201c Unit\u00e0 di ricerca\u201d istituita secondo le previsioni del locale Piano provinciale per la ricerca delle persone scomparse, con lo scopo di esaminare congiuntamente le attivit\u00e0 poste in essere dai vari attori istituzionali coinvolti al fine di individuare una strategia operativa&hellip;<\/p>\n","protected":false},"author":4,"featured_media":229914,"comment_status":"closed","ping_status":"open","sticky":false,"template":"","format":"standard","meta":{"_monsterinsights_skip_tracking":false,"_monsterinsights_sitenote_active":false,"_monsterinsights_sitenote_note":"","_monsterinsights_sitenote_category":0,"footnotes":""},"categories":[51,49],"tags":[],"class_list":["post-230312","post","type-post","status-publish","format-standard","has-post-thumbnail","hentry","category-evidenza-top","category-news-18","category-51","category-49","description-off"],"img_url":"https:\/\/www.radiopiu.net\/wordpress\/wp-content\/uploads\/2021\/08\/Unknown-4.jpeg","_links":{"self":[{"href":"https:\/\/www.radiopiu.net\/wordpress\/wp-json\/wp\/v2\/posts\/230312","targetHints":{"allow":["GET"]}}],"collection":[{"href":"https:\/\/www.radiopiu.net\/wordpress\/wp-json\/wp\/v2\/posts"}],"about":[{"href":"https:\/\/www.radiopiu.net\/wordpress\/wp-json\/wp\/v2\/types\/post"}],"author":[{"embeddable":true,"href":"https:\/\/www.radiopiu.net\/wordpress\/wp-json\/wp\/v2\/users\/4"}],"replies":[{"embeddable":true,"href":"https:\/\/www.radiopiu.net\/wordpress\/wp-json\/wp\/v2\/comments?post=230312"}],"version-history":[{"count":0,"href":"https:\/\/www.radiopiu.net\/wordpress\/wp-json\/wp\/v2\/posts\/230312\/revisions"}],"wp:featuredmedia":[{"embeddable":true,"href":"https:\/\/www.radiopiu.net\/wordpress\/wp-json\/wp\/v2\/media\/229914"}],"wp:attachment":[{"href":"https:\/\/www.radiopiu.net\/wordpress\/wp-json\/wp\/v2\/media?parent=230312"}],"wp:term":[{"taxonomy":"category","embeddable":true,"href":"https:\/\/www.radiopiu.net\/wordpress\/wp-json\/wp\/v2\/categories?post=230312"},{"taxonomy":"post_tag","embeddable":true,"href":"https:\/\/www.radiopiu.net\/wordpress\/wp-json\/wp\/v2\/tags?post=230312"}],"curies":[{"name":"wp","href":"https:\/\/api.w.org\/{rel}","templated":true}]}}